{"id":329347,"date":"2025-04-28T13:47:13","date_gmt":"2025-04-28T09:47:13","guid":{"rendered":"https:\/\/www.meydan.tv\/?p=329347"},"modified":"2025-04-28T13:47:15","modified_gmt":"2025-04-28T09:47:15","slug":"qazaxin-qizilhacili-k%c9%99ndind%c9%99-mina-partlayib","status":"publish","type":"post","link":"https:\/\/www.meydan.tv\/az\/article\/qazaxin-qizilhacili-k%c9%99ndind%c9%99-mina-partlayib\/","title":{"rendered":"Qazax\u0131n Q\u0131z\u0131lhac\u0131l\u0131 k\u0259ndind\u0259 mina partlay\u0131b"},"content":{"rendered":"\n<p><\/p>\n\n\n\n<p><strong><em>Hadis\u0259 n\u0259tic\u0259sind\u0259 40 ya\u015fl\u0131 Elnur Pa\u015fayev b\u0259d\u0259nin m\u00fcxt\u0259lif nahiy\u0259l\u0259rind\u0259 x\u0259sar\u0259t al\u0131b<\/em><\/strong><\/p>\n\n\n\n<p>Aprelin 28-d\u0259 Qazax rayonunun Q\u0131z\u0131lhac\u0131l\u0131 k\u0259ndi \u0259razisind\u0259 mina hadis\u0259sinin ba\u0219 verdiyi bildirilir.<\/p>\n\n\n\n<p>Az\u0259rbaycan Respublikas\u0131n\u0131n Minat\u0259mizl\u0259m\u0259 Agentliyinin (ANAMA) m\u0259lumat\u0131na g\u00f6r\u0259, agentliyin \u0259m\u0259kda\u015f\u0131 Elnur Oruc o\u011flu Pa\u015fayev xidm\u0259ti v\u0259zif\u0259sini yerin\u0259 yetir\u0259rk\u0259n piyada \u0259leyhin\u0259 minaya d\u00fc\u015f\u00fcb.<\/p>\n\n\n\n<p>Hadis\u0259 n\u0259tic\u0259sind\u0259 40 ya\u015fl\u0131 Elnur Pa\u015fayev b\u0259d\u0259nin m\u00fcxt\u0259lif nahiy\u0259l\u0259rind\u0259 y\u00fcng\u00fcl x\u0259sar\u0259tl\u0259r al\u0131b.<\/p>\n\n\n\n<p>O, rayon m\u0259rk\u0259zi x\u0259st\u0259xanas\u0131na t\u0259xliy\u0259 edilib. V\u0259ziyy\u0259tinin q\u0259na\u0259tb\u0259x\u015f oldu\u011fu, h\u0259yati t\u0259hl\u00fck\u0259sinin olmad\u0131\u011f\u0131 bildirilir.<\/p>\n\n\n\n<p>Qazax\u0131n 30 il Erm\u0259nitan\u0131n n\u0259zar\u0259tind\u0259 olan Ba\u011fan\u0131s Ayr\u0131m, A\u015fa\u011f\u0131 \u018fskipara, Xeyr\u0131ml\u0131 v\u0259 Q\u0131z\u0131lhac\u0131l\u0131 k\u0259ndl\u0259ri 2024-c\u00fc il may\u0131n 24-d\u0259 Az\u0259rbaycana qaytar\u0131l\u0131b.<\/p>\n\n\n\n<p>Bu raz\u0131la\u015fma Az\u0259rbaycan-Erm\u0259nistan s\u0259rh\u0259dinin delimitasiyas\u0131 \u00fczr\u0259 komissiyan\u0131n 2024-c\u00fc il 19 apreld\u0259 \u0259ld\u0259 olunmu\u015f raz\u0131la\u015fma \u0259sas\u0131nda h\u0259yata ke\u00e7irilib.<\/p>\n\n\n\n<p>Delimitasiya i\u015fl\u0259ri n\u0259tic\u0259sind\u0259 12,7 km uzunlu\u011funda s\u0259rh\u0259d x\u0259tti m\u00fc\u0259yy\u0259n edilib v\u0259 Qazax rayonunun 4 k\u0259ndinin &#8211; Ba\u011fan\u0131s Ayr\u0131m, A\u015fa\u011f\u0131 \u018fskipara, Xeyr\u0131ml\u0131 v\u0259 Q\u0131z\u0131lhac\u0131l\u0131n\u0131n \u0259razil\u0259rinin (6,5 kv. kilometr) Az\u0259rbaycana qaytar\u0131lmas\u0131 t\u0259min edilib.<\/p>\n\n\n\n<p>H\u0259min k\u0259ndl\u0259rin \u0259razil\u0259ri Az\u0259rbaycan Respublikas\u0131 D\u00f6vl\u0259t S\u0259rh\u0259d Xidm\u0259ti t\u0259r\u0259find\u0259n n\u0259zar\u0259t\u0259 g\u00f6t\u00fcr\u00fcl\u00fcb.<\/p>\n","protected":false},"excerpt":{"rendered":"<p>Hadis\u0259 n\u0259tic\u0259sind\u0259 40 ya\u015fl\u0131 Elnur Pa\u015fayev b\u0259d\u0259nin m\u00fcxt\u0259lif nahiy\u0259l\u0259rind\u0259 x\u0259sar\u0259t &#8230; <\/p>\n<p class=\"read-more-container\"><a title=\"Qazax\u0131n Q\u0131z\u0131lhac\u0131l\u0131 k\u0259ndind\u0259 mina partlay\u0131b\" class=\"read-more button\" href=\"https:\/\/www.meydan.tv\/az\/article\/qazaxin-qizilhacili-k%c9%99ndind%c9%99-mina-partlayib\/#more-329347\" aria-label=\"Read more about Qazax\u0131n Q\u0131z\u0131lhac\u0131l\u0131 k\u0259ndind\u0259 mina partlay\u0131b\">Davam\u0131<\/a><\/p>\n","protected":false},"author":21,"featured_media":262364,"comment_status":"closed","ping_status":"closed","sticky":false,"template":"","format":"standard","meta":{"_acf_changed":false,"_sitemap_exclude":false,"_sitemap_priority":"","_sitemap_frequency":"","footnotes":""},"categories":[62,56],"tags":[],"class_list":["post-329347","post","type-post","status-publish","format-standard","has-post-thumbnail","hentry","category-sosial","category-xeberler","infinite-scroll-item","generate-columns","tablet-grid-50","mobile-grid-100","grid-parent","grid-33","no-featured-image-padding"],"acf":[],"yoast_head":"<!-- This site is optimized with the Yoast SEO plugin v27.4 - https:\/\/yoast.com\/product\/yoast-seo-wordpress\/ -->\n<title>Qazax\u0131n Q\u0131z\u0131lhac\u0131l\u0131 k\u0259ndind\u0259 mina partlay\u0131b - MEYDAN.TV<\/title>\n<meta name=\"robots\" content=\"index, follow, max-snippet:-1, max-image-preview:large, max-video-preview:-1\" \/>\n<link rel=\"canonical\" href=\"https:\/\/www.meydan.tv\/az\/article\/qazaxin-qizilhacili-k%c9%99ndind%c9%99-mina-partlayib\/\" \/>\n<meta property=\"og:locale\" content=\"az_AZ\" \/>\n<meta property=\"og:type\" content=\"article\" \/>\n<meta property=\"og:title\" content=\"Qazax\u0131n Q\u0131z\u0131lhac\u0131l\u0131 k\u0259ndind\u0259 mina partlay\u0131b - MEYDAN.TV\" \/>\n<meta property=\"og:description\" content=\"Hadis\u0259 n\u0259tic\u0259sind\u0259 40 ya\u015fl\u0131 Elnur Pa\u015fayev b\u0259d\u0259nin m\u00fcxt\u0259lif nahiy\u0259l\u0259rind\u0259 x\u0259sar\u0259t ... Davam\u0131\" \/>\n<meta property=\"og:url\" content=\"https:\/\/www.meydan.tv\/az\/article\/qazaxin-qizilhacili-k%c9%99ndind%c9%99-mina-partlayib\/\" \/>\n<meta property=\"og:site_name\" content=\"MEYDAN.TV\" \/>\n<meta property=\"article:published_time\" content=\"2025-04-28T09:47:13+00:00\" \/>\n<meta property=\"article:modified_time\" content=\"2025-04-28T09:47:15+00:00\" \/>\n<meta property=\"og:image\" content=\"https:\/\/www.meydan.tv\/wp-content\/uploads\/166991958848551388_1000x669.jpeg\" \/>\n\t<meta property=\"og:image:width\" content=\"1200\" \/>\n\t<meta property=\"og:image:height\" content=\"577\" \/>\n\t<meta property=\"og:image:type\" content=\"image\/jpeg\" \/>\n<meta name=\"author\" content=\"mahmud\" \/>\n<meta name=\"twitter:card\" content=\"summary_large_image\" \/>\n<script type=\"application\/ld+json\" class=\"yoast-schema-graph\">{\"@context\":\"https:\\\/\\\/schema.org\",\"@graph\":[{\"@type\":\"Article\",\"@id\":\"https:\\\/\\\/www.meydan.tv\\\/az\\\/article\\\/qazaxin-qizilhacili-k%c9%99ndind%c9%99-mina-partlayib\\\/#article\",\"isPartOf\":{\"@id\":\"https:\\\/\\\/www.meydan.tv\\\/az\\\/article\\\/qazaxin-qizilhacili-k%c9%99ndind%c9%99-mina-partlayib\\\/\"},\"author\":{\"name\":\"mahmud\",\"@id\":\"https:\\\/\\\/www.meydan.tv\\\/az\\\/#\\\/schema\\\/person\\\/09863e516102a829e72bedcf3f84c6b0\"},\"headline\":\"Qazax\u0131n Q\u0131z\u0131lhac\u0131l\u0131 k\u0259ndind\u0259 mina partlay\u0131b\",\"datePublished\":\"2025-04-28T09:47:13+00:00\",\"dateModified\":\"2025-04-28T09:47:15+00:00\",\"mainEntityOfPage\":{\"@id\":\"https:\\\/\\\/www.meydan.tv\\\/az\\\/article\\\/qazaxin-qizilhacili-k%c9%99ndind%c9%99-mina-partlayib\\\/\"},\"wordCount\":294,\"publisher\":{\"@id\":\"https:\\\/\\\/www.meydan.tv\\\/az\\\/#organization\"},\"image\":{\"@id\":\"https:\\\/\\\/www.meydan.tv\\\/az\\\/article\\\/qazaxin-qizilhacili-k%c9%99ndind%c9%99-mina-partlayib\\\/#primaryimage\"},\"thumbnailUrl\":\"https:\\\/\\\/www.meydan.tv\\\/wp-content\\\/uploads\\\/166991958848551388_1000x669.jpeg\",\"articleSection\":[\"Sosial\",\"X\u0259b\u0259rl\u0259r\"],\"inLanguage\":\"az\"},{\"@type\":\"WebPage\",\"@id\":\"https:\\\/\\\/www.meydan.tv\\\/az\\\/article\\\/qazaxin-qizilhacili-k%c9%99ndind%c9%99-mina-partlayib\\\/\",\"url\":\"https:\\\/\\\/www.meydan.tv\\\/az\\\/article\\\/qazaxin-qizilhacili-k%c9%99ndind%c9%99-mina-partlayib\\\/\",\"name\":\"Qazax\u0131n Q\u0131z\u0131lhac\u0131l\u0131 k\u0259ndind\u0259 mina partlay\u0131b - MEYDAN.TV\",\"isPartOf\":{\"@id\":\"https:\\\/\\\/www.meydan.tv\\\/az\\\/#website\"},\"primaryImageOfPage\":{\"@id\":\"https:\\\/\\\/www.meydan.tv\\\/az\\\/article\\\/qazaxin-qizilhacili-k%c9%99ndind%c9%99-mina-partlayib\\\/#primaryimage\"},\"image\":{\"@id\":\"https:\\\/\\\/www.meydan.tv\\\/az\\\/article\\\/qazaxin-qizilhacili-k%c9%99ndind%c9%99-mina-partlayib\\\/#primaryimage\"},\"thumbnailUrl\":\"https:\\\/\\\/www.meydan.tv\\\/wp-content\\\/uploads\\\/166991958848551388_1000x669.jpeg\",\"datePublished\":\"2025-04-28T09:47:13+00:00\",\"dateModified\":\"2025-04-28T09:47:15+00:00\",\"breadcrumb\":{\"@id\":\"https:\\\/\\\/www.meydan.tv\\\/az\\\/article\\\/qazaxin-qizilhacili-k%c9%99ndind%c9%99-mina-partlayib\\\/#breadcrumb\"},\"inLanguage\":\"az\",\"potentialAction\":[{\"@type\":\"ReadAction\",\"target\":[\"https:\\\/\\\/www.meydan.tv\\\/az\\\/article\\\/qazaxin-qizilhacili-k%c9%99ndind%c9%99-mina-partlayib\\\/\"]}]},{\"@type\":\"ImageObject\",\"inLanguage\":\"az\",\"@id\":\"https:\\\/\\\/www.meydan.tv\\\/az\\\/article\\\/qazaxin-qizilhacili-k%c9%99ndind%c9%99-mina-partlayib\\\/#primaryimage\",\"url\":\"https:\\\/\\\/www.meydan.tv\\\/wp-content\\\/uploads\\\/166991958848551388_1000x669.jpeg\",\"contentUrl\":\"https:\\\/\\\/www.meydan.tv\\\/wp-content\\\/uploads\\\/166991958848551388_1000x669.jpeg\",\"width\":1200,\"height\":577,\"caption\":\"Mina. Foto: ANAMA\"},{\"@type\":\"BreadcrumbList\",\"@id\":\"https:\\\/\\\/www.meydan.tv\\\/az\\\/article\\\/qazaxin-qizilhacili-k%c9%99ndind%c9%99-mina-partlayib\\\/#breadcrumb\",\"itemListElement\":[{\"@type\":\"ListItem\",\"position\":1,\"name\":\"Ana s\u0259hif\u0259\",\"item\":\"https:\\\/\\\/www.meydan.tv\\\/az\\\/\"},{\"@type\":\"ListItem\",\"position\":2,\"name\":\"Sosial\",\"item\":\"https:\\\/\\\/www.meydan.tv\\\/az\\\/section\\\/sosial\\\/\"},{\"@type\":\"ListItem\",\"position\":3,\"name\":\"Qazax\u0131n Q\u0131z\u0131lhac\u0131l\u0131 k\u0259ndind\u0259 mina partlay\u0131b\"}]},{\"@type\":\"WebSite\",\"@id\":\"https:\\\/\\\/www.meydan.tv\\\/az\\\/#website\",\"url\":\"https:\\\/\\\/www.meydan.tv\\\/az\\\/\",\"name\":\"MEYDAN.TV\",\"description\":\"Meydan TV Az\u0259rbaycan\u0131n media m\u0259kan\u0131ndak\u0131 alternativ s\u0259sidir\",\"publisher\":{\"@id\":\"https:\\\/\\\/www.meydan.tv\\\/az\\\/#organization\"},\"potentialAction\":[{\"@type\":\"SearchAction\",\"target\":{\"@type\":\"EntryPoint\",\"urlTemplate\":\"https:\\\/\\\/www.meydan.tv\\\/az\\\/?s={search_term_string}\"},\"query-input\":{\"@type\":\"PropertyValueSpecification\",\"valueRequired\":true,\"valueName\":\"search_term_string\"}}],\"inLanguage\":\"az\"},{\"@type\":\"Organization\",\"@id\":\"https:\\\/\\\/www.meydan.tv\\\/az\\\/#organization\",\"name\":\"Meydan TV\",\"url\":\"https:\\\/\\\/www.meydan.tv\\\/az\\\/\",\"logo\":{\"@type\":\"ImageObject\",\"inLanguage\":\"az\",\"@id\":\"https:\\\/\\\/www.meydan.tv\\\/az\\\/#\\\/schema\\\/logo\\\/image\\\/\",\"url\":\"https:\\\/\\\/www.meydan.tv\\\/wp-content\\\/uploads\\\/2021\\\/07\\\/meydan-logo.svg\",\"contentUrl\":\"https:\\\/\\\/www.meydan.tv\\\/wp-content\\\/uploads\\\/2021\\\/07\\\/meydan-logo.svg\",\"width\":195,\"height\":46,\"caption\":\"Meydan TV\"},\"image\":{\"@id\":\"https:\\\/\\\/www.meydan.tv\\\/az\\\/#\\\/schema\\\/logo\\\/image\\\/\"}},{\"@type\":\"Person\",\"@id\":\"https:\\\/\\\/www.meydan.tv\\\/az\\\/#\\\/schema\\\/person\\\/09863e516102a829e72bedcf3f84c6b0\",\"name\":\"mahmud\"}]}<\/script>\n<!-- \/ Yoast SEO plugin. -->","yoast_head_json":{"title":"Qazax\u0131n Q\u0131z\u0131lhac\u0131l\u0131 k\u0259ndind\u0259 mina partlay\u0131b - MEYDAN.TV","robots":{"index":"index","follow":"follow","max-snippet":"max-snippet:-1","max-image-preview":"max-image-preview:large","max-video-preview":"max-video-preview:-1"},"canonical":"https:\/\/www.meydan.tv\/az\/article\/qazaxin-qizilhacili-k%c9%99ndind%c9%99-mina-partlayib\/","og_locale":"az_AZ","og_type":"article","og_title":"Qazax\u0131n Q\u0131z\u0131lhac\u0131l\u0131 k\u0259ndind\u0259 mina partlay\u0131b - MEYDAN.TV","og_description":"Hadis\u0259 n\u0259tic\u0259sind\u0259 40 ya\u015fl\u0131 Elnur Pa\u015fayev b\u0259d\u0259nin m\u00fcxt\u0259lif nahiy\u0259l\u0259rind\u0259 x\u0259sar\u0259t ... Davam\u0131","og_url":"https:\/\/www.meydan.tv\/az\/article\/qazaxin-qizilhacili-k%c9%99ndind%c9%99-mina-partlayib\/","og_site_name":"MEYDAN.TV","article_published_time":"2025-04-28T09:47:13+00:00","article_modified_time":"2025-04-28T09:47:15+00:00","og_image":[{"width":1200,"height":577,"url":"https:\/\/www.meydan.tv\/wp-content\/uploads\/166991958848551388_1000x669.jpeg","type":"image\/jpeg"}],"author":"mahmud","twitter_card":"summary_large_image","schema":{"@context":"https:\/\/schema.org","@graph":[{"@type":"Article","@id":"https:\/\/www.meydan.tv\/az\/article\/qazaxin-qizilhacili-k%c9%99ndind%c9%99-mina-partlayib\/#article","isPartOf":{"@id":"https:\/\/www.meydan.tv\/az\/article\/qazaxin-qizilhacili-k%c9%99ndind%c9%99-mina-partlayib\/"},"author":{"name":"mahmud","@id":"https:\/\/www.meydan.tv\/az\/#\/schema\/person\/09863e516102a829e72bedcf3f84c6b0"},"headline":"Qazax\u0131n Q\u0131z\u0131lhac\u0131l\u0131 k\u0259ndind\u0259 mina partlay\u0131b","datePublished":"2025-04-28T09:47:13+00:00","dateModified":"2025-04-28T09:47:15+00:00","mainEntityOfPage":{"@id":"https:\/\/www.meydan.tv\/az\/article\/qazaxin-qizilhacili-k%c9%99ndind%c9%99-mina-partlayib\/"},"wordCount":294,"publisher":{"@id":"https:\/\/www.meydan.tv\/az\/#organization"},"image":{"@id":"https:\/\/www.meydan.tv\/az\/article\/qazaxin-qizilhacili-k%c9%99ndind%c9%99-mina-partlayib\/#primaryimage"},"thumbnailUrl":"https:\/\/www.meydan.tv\/wp-content\/uploads\/166991958848551388_1000x669.jpeg","articleSection":["Sosial","X\u0259b\u0259rl\u0259r"],"inLanguage":"az"},{"@type":"WebPage","@id":"https:\/\/www.meydan.tv\/az\/article\/qazaxin-qizilhacili-k%c9%99ndind%c9%99-mina-partlayib\/","url":"https:\/\/www.meydan.tv\/az\/article\/qazaxin-qizilhacili-k%c9%99ndind%c9%99-mina-partlayib\/","name":"Qazax\u0131n Q\u0131z\u0131lhac\u0131l\u0131 k\u0259ndind\u0259 mina partlay\u0131b - MEYDAN.TV","isPartOf":{"@id":"https:\/\/www.meydan.tv\/az\/#website"},"primaryImageOfPage":{"@id":"https:\/\/www.meydan.tv\/az\/article\/qazaxin-qizilhacili-k%c9%99ndind%c9%99-mina-partlayib\/#primaryimage"},"image":{"@id":"https:\/\/www.meydan.tv\/az\/article\/qazaxin-qizilhacili-k%c9%99ndind%c9%99-mina-partlayib\/#primaryimage"},"thumbnailUrl":"https:\/\/www.meydan.tv\/wp-content\/uploads\/166991958848551388_1000x669.jpeg","datePublished":"2025-04-28T09:47:13+00:00","dateModified":"2025-04-28T09:47:15+00:00","breadcrumb":{"@id":"https:\/\/www.meydan.tv\/az\/article\/qazaxin-qizilhacili-k%c9%99ndind%c9%99-mina-partlayib\/#breadcrumb"},"inLanguage":"az","potentialAction":[{"@type":"ReadAction","target":["https:\/\/www.meydan.tv\/az\/article\/qazaxin-qizilhacili-k%c9%99ndind%c9%99-mina-partlayib\/"]}]},{"@type":"ImageObject","inLanguage":"az","@id":"https:\/\/www.meydan.tv\/az\/article\/qazaxin-qizilhacili-k%c9%99ndind%c9%99-mina-partlayib\/#primaryimage","url":"https:\/\/www.meydan.tv\/wp-content\/uploads\/166991958848551388_1000x669.jpeg","contentUrl":"https:\/\/www.meydan.tv\/wp-content\/uploads\/166991958848551388_1000x669.jpeg","width":1200,"height":577,"caption":"Mina. Foto: ANAMA"},{"@type":"BreadcrumbList","@id":"https:\/\/www.meydan.tv\/az\/article\/qazaxin-qizilhacili-k%c9%99ndind%c9%99-mina-partlayib\/#breadcrumb","itemListElement":[{"@type":"ListItem","position":1,"name":"Ana s\u0259hif\u0259","item":"https:\/\/www.meydan.tv\/az\/"},{"@type":"ListItem","position":2,"name":"Sosial","item":"https:\/\/www.meydan.tv\/az\/section\/sosial\/"},{"@type":"ListItem","position":3,"name":"Qazax\u0131n Q\u0131z\u0131lhac\u0131l\u0131 k\u0259ndind\u0259 mina partlay\u0131b"}]},{"@type":"WebSite","@id":"https:\/\/www.meydan.tv\/az\/#website","url":"https:\/\/www.meydan.tv\/az\/","name":"MEYDAN.TV","description":"Meydan TV Az\u0259rbaycan\u0131n media m\u0259kan\u0131ndak\u0131 alternativ s\u0259sidir","publisher":{"@id":"https:\/\/www.meydan.tv\/az\/#organization"},"potentialAction":[{"@type":"SearchAction","target":{"@type":"EntryPoint","urlTemplate":"https:\/\/www.meydan.tv\/az\/?s={search_term_string}"},"query-input":{"@type":"PropertyValueSpecification","valueRequired":true,"valueName":"search_term_string"}}],"inLanguage":"az"},{"@type":"Organization","@id":"https:\/\/www.meydan.tv\/az\/#organization","name":"Meydan TV","url":"https:\/\/www.meydan.tv\/az\/","logo":{"@type":"ImageObject","inLanguage":"az","@id":"https:\/\/www.meydan.tv\/az\/#\/schema\/logo\/image\/","url":"https:\/\/www.meydan.tv\/wp-content\/uploads\/2021\/07\/meydan-logo.svg","contentUrl":"https:\/\/www.meydan.tv\/wp-content\/uploads\/2021\/07\/meydan-logo.svg","width":195,"height":46,"caption":"Meydan TV"},"image":{"@id":"https:\/\/www.meydan.tv\/az\/#\/schema\/logo\/image\/"}},{"@type":"Person","@id":"https:\/\/www.meydan.tv\/az\/#\/schema\/person\/09863e516102a829e72bedcf3f84c6b0","name":"mahmud"}]}},"_links":{"self":[{"href":"https:\/\/www.meydan.tv\/az\/wp-json\/wp\/v2\/posts\/329347","targetHints":{"allow":["GET"]}}],"collection":[{"href":"https:\/\/www.meydan.tv\/az\/wp-json\/wp\/v2\/posts"}],"about":[{"href":"https:\/\/www.meydan.tv\/az\/wp-json\/wp\/v2\/types\/post"}],"author":[{"embeddable":true,"href":"https:\/\/www.meydan.tv\/az\/wp-json\/wp\/v2\/users\/21"}],"replies":[{"embeddable":true,"href":"https:\/\/www.meydan.tv\/az\/wp-json\/wp\/v2\/comments?post=329347"}],"version-history":[{"count":1,"href":"https:\/\/www.meydan.tv\/az\/wp-json\/wp\/v2\/posts\/329347\/revisions"}],"predecessor-version":[{"id":329348,"href":"https:\/\/www.meydan.tv\/az\/wp-json\/wp\/v2\/posts\/329347\/revisions\/329348"}],"wp:featuredmedia":[{"embeddable":true,"href":"https:\/\/www.meydan.tv\/az\/wp-json\/wp\/v2\/media\/262364"}],"wp:attachment":[{"href":"https:\/\/www.meydan.tv\/az\/wp-json\/wp\/v2\/media?parent=329347"}],"wp:term":[{"taxonomy":"category","embeddable":true,"href":"https:\/\/www.meydan.tv\/az\/wp-json\/wp\/v2\/categories?post=329347"},{"taxonomy":"post_tag","embeddable":true,"href":"https:\/\/www.meydan.tv\/az\/wp-json\/wp\/v2\/tags?post=329347"}],"curies":[{"name":"wp","href":"https:\/\/api.w.org\/{rel}","templated":true}]}}