{"id":329337,"date":"2025-04-27T00:16:39","date_gmt":"2025-04-26T20:16:39","guid":{"rendered":"https:\/\/www.meydan.tv\/?p=329337"},"modified":"2025-04-27T00:16:42","modified_gmt":"2025-04-26T20:16:42","slug":"kreml-kursk-yenid%c9%99n-rusiyanin-n%c9%99zar%c9%99tin%c9%99-kecib","status":"publish","type":"post","link":"https:\/\/www.meydan.tv\/az\/article\/kreml-kursk-yenid%c9%99n-rusiyanin-n%c9%99zar%c9%99tin%c9%99-kecib\/","title":{"rendered":"Kreml: Kursk yenid\u0259n Rusiyan\u0131n n\u0259zar\u0259tin\u0259 ke\u00e7ib"},"content":{"rendered":"\n<p><em>D\u00f6y\u00fc\u015fl\u0259rd\u0259 \u015eimali Koreya h\u0259rb\u00e7il\u0259rinin d\u0259 i\u015ftirak etdiyi bildirilir<\/em><br><br>Ukrayna Silahl\u0131 Q\u00fcvv\u0259l\u0259rinin Kursk vilay\u0259tind\u0259n \u00e7\u0131xar\u0131ld\u0131\u011f\u0131 bildirilir.<br>Rusiya m\u0259tbuat\u0131 yaz\u0131r ki, bu bar\u0259d\u0259 Silahl\u0131 Q\u00fcvv\u0259l\u0259rin Ba\u015f Q\u0259rargah r\u0259isi Valeri Gerasimov Prezident Vladimir Putin\u0259 m\u0259ruz\u0259 <a href=\"https:\/\/meduza.io\/news\/2025\/04\/26\/glava-genshtaba-rf-ob-yavil-o-zavershenii-operatsii-po-osvobozhdeniyu-kurskoy-oblasti\">edib<\/a>.<br><br>Gerasimovun s\u00f6zl\u0259rin\u0259 g\u00f6r\u0259, aprelin 26-da Rusiya H\u0259rbi Q\u00fcvv\u0259l\u0259ri Kursk vilay\u0259tind\u0259ki sonuncu ya\u015fay\u0131\u015f m\u0259nt\u0259q\u0259sini \u2013 Qornal k\u0259ndini Ukrayna b\u00f6lm\u0259l\u0259rind\u0259n azad edib.<br><\/p>\n\n\n\n<p>Ba\u015f Q\u0259rargah r\u0259isi bildirib ki, haz\u0131rda Rusiya h\u0259rb\u00e7il\u0259ri Ukraynan\u0131n Sum\u0131 vilay\u0259tind\u0259 \u201ct\u0259hl\u00fck\u0259sizlik zonas\u0131\u201d yarad\u0131r.<br><br>Gerasimov h\u0259m\u00e7inin Kursk vilay\u0259tind\u0259 rus h\u0259rb\u00e7il\u0259ri il\u0259 \u201c\u00e7iyin-\u00e7iyin\u0259\u201d h\u0259r\u0259k\u0259t ed\u0259n v\u0259 \u201cm\u0259tan\u0259t v\u0259 q\u0259hr\u0259manl\u0131q n\u00fcmayi\u015f etdir\u0259n\u201d \u015eimali Koreya h\u0259rb\u00e7il\u0259rin\u0259 t\u0259\u015f\u0259kk\u00fcr edib.<br>Ukrayna Silahl\u0131 Q\u00fcvv\u0259l\u0259ri 2024-c\u00fc ilin avqustunda Kursk vilay\u0259tin\u0259 n\u0259zar\u0259ti \u0259l\u0259 ke\u00e7irib.<br><\/p>\n\n\n\n<p>Yeddi ay sonra, 2025-ci ilin mart\u0131nda rus qo\u015funlar\u0131 \u0259ks h\u00fccuma ke\u00e7ib v\u0259 regionun s\u0259rh\u0259dyan\u0131 rayonlar\u0131n\u0131 dem\u0259k olar ki, tamamil\u0259 azad edib.<br><\/p>\n\n\n\n<p>Bildirilir ki, siyasi n\u00f6qteyi-n\u0259z\u0259rd\u0259n Kursk vilay\u0259tinin i\u015f\u011fal\u0131 Ukraynaya he\u00e7 bir \u00fcst\u00fcnl\u00fck verm\u0259yib. Prezident Volodimir Zelenski d\u0259f\u0259l\u0259rl\u0259 bildirib ki, regionun bir hiss\u0259sini i\u015f\u011fal etm\u0259kd\u0259 m\u0259qs\u0259d onun sonradan Ukrayna \u0259razisi il\u0259 m\u00fcbadil\u0259 edilm\u0259si m\u0259qs\u0259di da\u015f\u0131y\u0131b.<br><\/p>\n\n\n\n<p>\u015eimali Koreya v\u0259 Rusiyan\u0131n d\u00f6vl\u0259t ba\u015f\u00e7\u0131lar\u0131 2024-c\u00fc ilin iyununda \u201cH\u0259rt\u0259r\u0259fli Strateji T\u0259r\u0259fda\u015fl\u0131q M\u00fcqavil\u0259si\u201d imzalay\u0131blar. <br><\/p>\n\n\n\n<p>Raz\u0131la\u015fma h\u0259min il dekabr\u0131n 4-d\u0259 q\u00fcvv\u0259y\u0259 minib.<br><\/p>\n\n\n\n<p>\u0130ki \u00f6lk\u0259 aras\u0131nda h\u0259rbi \u0259m\u0259kda\u015fl\u0131\u011fa dair raz\u0131la\u015fma Pxenyan\u0131n Ukraynadak\u0131 m\u00fcnaqi\u015f\u0259d\u0259 i\u015ftirak\u0131n\u0131n artd\u0131\u011f\u0131, 10 mind\u0259n \u00e7ox \u015eimali Koreya \u0259sg\u0259rinin Ukraynaya qar\u015f\u0131 d\u00f6y\u00fc\u015fm\u0259k \u00fc\u00e7\u00fcn g\u00f6nd\u0259rildiyi bir vaxta t\u0259sad\u00fcf edib.<br><\/p>\n\n\n\n<p>Rusiya 2022-ci il fevral\u0131n 24-d\u0259n Ukraynaya qar\u015f\u0131 m\u00fcbarib\u0259y\u0259 ba\u015flay\u0131b.<\/p>\n","protected":false},"excerpt":{"rendered":"<p>D\u00f6y\u00fc\u015fl\u0259rd\u0259 \u015eimali Koreya h\u0259rb\u00e7il\u0259rinin d\u0259 i\u015ftirak etdiyi bildirilir Ukrayna Silahl\u0131 &#8230; <\/p>\n<p class=\"read-more-container\"><a title=\"Kreml: Kursk yenid\u0259n Rusiyan\u0131n n\u0259zar\u0259tin\u0259 ke\u00e7ib\" class=\"read-more button\" href=\"https:\/\/www.meydan.tv\/az\/article\/kreml-kursk-yenid%c9%99n-rusiyanin-n%c9%99zar%c9%99tin%c9%99-kecib\/#more-329337\" aria-label=\"Read more about Kreml: Kursk yenid\u0259n Rusiyan\u0131n n\u0259zar\u0259tin\u0259 ke\u00e7ib\">Davam\u0131<\/a><\/p>\n","protected":false},"author":12,"featured_media":247845,"comment_status":"closed","ping_status":"closed","sticky":false,"template":"","format":"standard","meta":{"_acf_changed":false,"_sitemap_exclude":false,"_sitemap_priority":"","_sitemap_frequency":"","footnotes":""},"categories":[64,56],"tags":[],"class_list":["post-329337","post","type-post","status-publish","format-standard","has-post-thumbnail","hentry","category-dunya","category-xeberler","infinite-scroll-item","generate-columns","tablet-grid-50","mobile-grid-100","grid-parent","grid-33","no-featured-image-padding"],"acf":[],"yoast_head":"<!-- This site is optimized with the Yoast SEO plugin v27.5 - https:\/\/yoast.com\/product\/yoast-seo-wordpress\/ -->\n<title>Kreml: Kursk yenid\u0259n Rusiyan\u0131n n\u0259zar\u0259tin\u0259 ke\u00e7ib - MEYDAN.TV<\/title>\n<meta name=\"robots\" content=\"index, follow, max-snippet:-1, max-image-preview:large, max-video-preview:-1\" \/>\n<link rel=\"canonical\" href=\"https:\/\/www.meydan.tv\/az\/article\/kreml-kursk-yenid%c9%99n-rusiyanin-n%c9%99zar%c9%99tin%c9%99-kecib\/\" \/>\n<meta property=\"og:locale\" content=\"az_AZ\" \/>\n<meta property=\"og:type\" content=\"article\" \/>\n<meta property=\"og:title\" content=\"Kreml: Kursk yenid\u0259n Rusiyan\u0131n n\u0259zar\u0259tin\u0259 ke\u00e7ib - MEYDAN.TV\" \/>\n<meta property=\"og:description\" content=\"D\u00f6y\u00fc\u015fl\u0259rd\u0259 \u015eimali Koreya h\u0259rb\u00e7il\u0259rinin d\u0259 i\u015ftirak etdiyi bildirilir Ukrayna Silahl\u0131 ... Davam\u0131\" \/>\n<meta property=\"og:url\" content=\"https:\/\/www.meydan.tv\/az\/article\/kreml-kursk-yenid%c9%99n-rusiyanin-n%c9%99zar%c9%99tin%c9%99-kecib\/\" \/>\n<meta property=\"og:site_name\" content=\"MEYDAN.TV\" \/>\n<meta property=\"article:published_time\" content=\"2025-04-26T20:16:39+00:00\" \/>\n<meta property=\"article:modified_time\" content=\"2025-04-26T20:16:42+00:00\" \/>\n<meta property=\"og:image\" content=\"https:\/\/www.meydan.tv\/wp-content\/uploads\/hglhmoy4mvm75iikr2dkqp5tpu.jpg\" \/>\n\t<meta property=\"og:image:width\" content=\"1200\" \/>\n\t<meta property=\"og:image:height\" content=\"800\" \/>\n\t<meta property=\"og:image:type\" content=\"image\/jpeg\" \/>\n<meta name=\"author\" content=\"aleks\" \/>\n<meta name=\"twitter:card\" content=\"summary_large_image\" \/>\n<script type=\"application\/ld+json\" class=\"yoast-schema-graph\">{\"@context\":\"https:\\\/\\\/schema.org\",\"@graph\":[{\"@type\":\"Article\",\"@id\":\"https:\\\/\\\/www.meydan.tv\\\/az\\\/article\\\/kreml-kursk-yenid%c9%99n-rusiyanin-n%c9%99zar%c9%99tin%c9%99-kecib\\\/#article\",\"isPartOf\":{\"@id\":\"https:\\\/\\\/www.meydan.tv\\\/az\\\/article\\\/kreml-kursk-yenid%c9%99n-rusiyanin-n%c9%99zar%c9%99tin%c9%99-kecib\\\/\"},\"author\":{\"name\":\"aleks\",\"@id\":\"https:\\\/\\\/www.meydan.tv\\\/az\\\/#\\\/schema\\\/person\\\/476e9360e593fa131d5d71d51866f8da\"},\"headline\":\"Kreml: Kursk yenid\u0259n Rusiyan\u0131n n\u0259zar\u0259tin\u0259 ke\u00e7ib\",\"datePublished\":\"2025-04-26T20:16:39+00:00\",\"dateModified\":\"2025-04-26T20:16:42+00:00\",\"mainEntityOfPage\":{\"@id\":\"https:\\\/\\\/www.meydan.tv\\\/az\\\/article\\\/kreml-kursk-yenid%c9%99n-rusiyanin-n%c9%99zar%c9%99tin%c9%99-kecib\\\/\"},\"wordCount\":380,\"publisher\":{\"@id\":\"https:\\\/\\\/www.meydan.tv\\\/az\\\/#organization\"},\"image\":{\"@id\":\"https:\\\/\\\/www.meydan.tv\\\/az\\\/article\\\/kreml-kursk-yenid%c9%99n-rusiyanin-n%c9%99zar%c9%99tin%c9%99-kecib\\\/#primaryimage\"},\"thumbnailUrl\":\"https:\\\/\\\/www.meydan.tv\\\/wp-content\\\/uploads\\\/hglhmoy4mvm75iikr2dkqp5tpu.jpg\",\"articleSection\":[\"D\u00fcnya\",\"X\u0259b\u0259rl\u0259r\"],\"inLanguage\":\"az\"},{\"@type\":\"WebPage\",\"@id\":\"https:\\\/\\\/www.meydan.tv\\\/az\\\/article\\\/kreml-kursk-yenid%c9%99n-rusiyanin-n%c9%99zar%c9%99tin%c9%99-kecib\\\/\",\"url\":\"https:\\\/\\\/www.meydan.tv\\\/az\\\/article\\\/kreml-kursk-yenid%c9%99n-rusiyanin-n%c9%99zar%c9%99tin%c9%99-kecib\\\/\",\"name\":\"Kreml: Kursk yenid\u0259n Rusiyan\u0131n n\u0259zar\u0259tin\u0259 ke\u00e7ib - MEYDAN.TV\",\"isPartOf\":{\"@id\":\"https:\\\/\\\/www.meydan.tv\\\/az\\\/#website\"},\"primaryImageOfPage\":{\"@id\":\"https:\\\/\\\/www.meydan.tv\\\/az\\\/article\\\/kreml-kursk-yenid%c9%99n-rusiyanin-n%c9%99zar%c9%99tin%c9%99-kecib\\\/#primaryimage\"},\"image\":{\"@id\":\"https:\\\/\\\/www.meydan.tv\\\/az\\\/article\\\/kreml-kursk-yenid%c9%99n-rusiyanin-n%c9%99zar%c9%99tin%c9%99-kecib\\\/#primaryimage\"},\"thumbnailUrl\":\"https:\\\/\\\/www.meydan.tv\\\/wp-content\\\/uploads\\\/hglhmoy4mvm75iikr2dkqp5tpu.jpg\",\"datePublished\":\"2025-04-26T20:16:39+00:00\",\"dateModified\":\"2025-04-26T20:16:42+00:00\",\"breadcrumb\":{\"@id\":\"https:\\\/\\\/www.meydan.tv\\\/az\\\/article\\\/kreml-kursk-yenid%c9%99n-rusiyanin-n%c9%99zar%c9%99tin%c9%99-kecib\\\/#breadcrumb\"},\"inLanguage\":\"az\",\"potentialAction\":[{\"@type\":\"ReadAction\",\"target\":[\"https:\\\/\\\/www.meydan.tv\\\/az\\\/article\\\/kreml-kursk-yenid%c9%99n-rusiyanin-n%c9%99zar%c9%99tin%c9%99-kecib\\\/\"]}]},{\"@type\":\"ImageObject\",\"inLanguage\":\"az\",\"@id\":\"https:\\\/\\\/www.meydan.tv\\\/az\\\/article\\\/kreml-kursk-yenid%c9%99n-rusiyanin-n%c9%99zar%c9%99tin%c9%99-kecib\\\/#primaryimage\",\"url\":\"https:\\\/\\\/www.meydan.tv\\\/wp-content\\\/uploads\\\/hglhmoy4mvm75iikr2dkqp5tpu.jpg\",\"contentUrl\":\"https:\\\/\\\/www.meydan.tv\\\/wp-content\\\/uploads\\\/hglhmoy4mvm75iikr2dkqp5tpu.jpg\",\"width\":1200,\"height\":800,\"caption\":\"Ukrayna, Donetsk. M\u0259nb\u0259: Reuters\"},{\"@type\":\"BreadcrumbList\",\"@id\":\"https:\\\/\\\/www.meydan.tv\\\/az\\\/article\\\/kreml-kursk-yenid%c9%99n-rusiyanin-n%c9%99zar%c9%99tin%c9%99-kecib\\\/#breadcrumb\",\"itemListElement\":[{\"@type\":\"ListItem\",\"position\":1,\"name\":\"Ana s\u0259hif\u0259\",\"item\":\"https:\\\/\\\/www.meydan.tv\\\/az\\\/\"},{\"@type\":\"ListItem\",\"position\":2,\"name\":\"X\u0259b\u0259rl\u0259r\",\"item\":\"https:\\\/\\\/www.meydan.tv\\\/az\\\/section\\\/xeberler\\\/\"},{\"@type\":\"ListItem\",\"position\":3,\"name\":\"Kreml: Kursk yenid\u0259n Rusiyan\u0131n n\u0259zar\u0259tin\u0259 ke\u00e7ib\"}]},{\"@type\":\"WebSite\",\"@id\":\"https:\\\/\\\/www.meydan.tv\\\/az\\\/#website\",\"url\":\"https:\\\/\\\/www.meydan.tv\\\/az\\\/\",\"name\":\"MEYDAN.TV\",\"description\":\"Meydan TV Az\u0259rbaycan\u0131n media m\u0259kan\u0131ndak\u0131 alternativ s\u0259sidir\",\"publisher\":{\"@id\":\"https:\\\/\\\/www.meydan.tv\\\/az\\\/#organization\"},\"potentialAction\":[{\"@type\":\"SearchAction\",\"target\":{\"@type\":\"EntryPoint\",\"urlTemplate\":\"https:\\\/\\\/www.meydan.tv\\\/az\\\/?s={search_term_string}\"},\"query-input\":{\"@type\":\"PropertyValueSpecification\",\"valueRequired\":true,\"valueName\":\"search_term_string\"}}],\"inLanguage\":\"az\"},{\"@type\":\"Organization\",\"@id\":\"https:\\\/\\\/www.meydan.tv\\\/az\\\/#organization\",\"name\":\"Meydan TV\",\"url\":\"https:\\\/\\\/www.meydan.tv\\\/az\\\/\",\"logo\":{\"@type\":\"ImageObject\",\"inLanguage\":\"az\",\"@id\":\"https:\\\/\\\/www.meydan.tv\\\/az\\\/#\\\/schema\\\/logo\\\/image\\\/\",\"url\":\"https:\\\/\\\/www.meydan.tv\\\/wp-content\\\/uploads\\\/2021\\\/07\\\/meydan-logo.svg\",\"contentUrl\":\"https:\\\/\\\/www.meydan.tv\\\/wp-content\\\/uploads\\\/2021\\\/07\\\/meydan-logo.svg\",\"width\":195,\"height\":46,\"caption\":\"Meydan TV\"},\"image\":{\"@id\":\"https:\\\/\\\/www.meydan.tv\\\/az\\\/#\\\/schema\\\/logo\\\/image\\\/\"}},{\"@type\":\"Person\",\"@id\":\"https:\\\/\\\/www.meydan.tv\\\/az\\\/#\\\/schema\\\/person\\\/476e9360e593fa131d5d71d51866f8da\",\"name\":\"aleks\"}]}<\/script>\n<!-- \/ Yoast SEO plugin. -->","yoast_head_json":{"title":"Kreml: Kursk yenid\u0259n Rusiyan\u0131n n\u0259zar\u0259tin\u0259 ke\u00e7ib - MEYDAN.TV","robots":{"index":"index","follow":"follow","max-snippet":"max-snippet:-1","max-image-preview":"max-image-preview:large","max-video-preview":"max-video-preview:-1"},"canonical":"https:\/\/www.meydan.tv\/az\/article\/kreml-kursk-yenid%c9%99n-rusiyanin-n%c9%99zar%c9%99tin%c9%99-kecib\/","og_locale":"az_AZ","og_type":"article","og_title":"Kreml: Kursk yenid\u0259n Rusiyan\u0131n n\u0259zar\u0259tin\u0259 ke\u00e7ib - MEYDAN.TV","og_description":"D\u00f6y\u00fc\u015fl\u0259rd\u0259 \u015eimali Koreya h\u0259rb\u00e7il\u0259rinin d\u0259 i\u015ftirak etdiyi bildirilir Ukrayna Silahl\u0131 ... Davam\u0131","og_url":"https:\/\/www.meydan.tv\/az\/article\/kreml-kursk-yenid%c9%99n-rusiyanin-n%c9%99zar%c9%99tin%c9%99-kecib\/","og_site_name":"MEYDAN.TV","article_published_time":"2025-04-26T20:16:39+00:00","article_modified_time":"2025-04-26T20:16:42+00:00","og_image":[{"width":1200,"height":800,"url":"https:\/\/www.meydan.tv\/wp-content\/uploads\/hglhmoy4mvm75iikr2dkqp5tpu.jpg","type":"image\/jpeg"}],"author":"aleks","twitter_card":"summary_large_image","schema":{"@context":"https:\/\/schema.org","@graph":[{"@type":"Article","@id":"https:\/\/www.meydan.tv\/az\/article\/kreml-kursk-yenid%c9%99n-rusiyanin-n%c9%99zar%c9%99tin%c9%99-kecib\/#article","isPartOf":{"@id":"https:\/\/www.meydan.tv\/az\/article\/kreml-kursk-yenid%c9%99n-rusiyanin-n%c9%99zar%c9%99tin%c9%99-kecib\/"},"author":{"name":"aleks","@id":"https:\/\/www.meydan.tv\/az\/#\/schema\/person\/476e9360e593fa131d5d71d51866f8da"},"headline":"Kreml: Kursk yenid\u0259n Rusiyan\u0131n n\u0259zar\u0259tin\u0259 ke\u00e7ib","datePublished":"2025-04-26T20:16:39+00:00","dateModified":"2025-04-26T20:16:42+00:00","mainEntityOfPage":{"@id":"https:\/\/www.meydan.tv\/az\/article\/kreml-kursk-yenid%c9%99n-rusiyanin-n%c9%99zar%c9%99tin%c9%99-kecib\/"},"wordCount":380,"publisher":{"@id":"https:\/\/www.meydan.tv\/az\/#organization"},"image":{"@id":"https:\/\/www.meydan.tv\/az\/article\/kreml-kursk-yenid%c9%99n-rusiyanin-n%c9%99zar%c9%99tin%c9%99-kecib\/#primaryimage"},"thumbnailUrl":"https:\/\/www.meydan.tv\/wp-content\/uploads\/hglhmoy4mvm75iikr2dkqp5tpu.jpg","articleSection":["D\u00fcnya","X\u0259b\u0259rl\u0259r"],"inLanguage":"az"},{"@type":"WebPage","@id":"https:\/\/www.meydan.tv\/az\/article\/kreml-kursk-yenid%c9%99n-rusiyanin-n%c9%99zar%c9%99tin%c9%99-kecib\/","url":"https:\/\/www.meydan.tv\/az\/article\/kreml-kursk-yenid%c9%99n-rusiyanin-n%c9%99zar%c9%99tin%c9%99-kecib\/","name":"Kreml: Kursk yenid\u0259n Rusiyan\u0131n n\u0259zar\u0259tin\u0259 ke\u00e7ib - MEYDAN.TV","isPartOf":{"@id":"https:\/\/www.meydan.tv\/az\/#website"},"primaryImageOfPage":{"@id":"https:\/\/www.meydan.tv\/az\/article\/kreml-kursk-yenid%c9%99n-rusiyanin-n%c9%99zar%c9%99tin%c9%99-kecib\/#primaryimage"},"image":{"@id":"https:\/\/www.meydan.tv\/az\/article\/kreml-kursk-yenid%c9%99n-rusiyanin-n%c9%99zar%c9%99tin%c9%99-kecib\/#primaryimage"},"thumbnailUrl":"https:\/\/www.meydan.tv\/wp-content\/uploads\/hglhmoy4mvm75iikr2dkqp5tpu.jpg","datePublished":"2025-04-26T20:16:39+00:00","dateModified":"2025-04-26T20:16:42+00:00","breadcrumb":{"@id":"https:\/\/www.meydan.tv\/az\/article\/kreml-kursk-yenid%c9%99n-rusiyanin-n%c9%99zar%c9%99tin%c9%99-kecib\/#breadcrumb"},"inLanguage":"az","potentialAction":[{"@type":"ReadAction","target":["https:\/\/www.meydan.tv\/az\/article\/kreml-kursk-yenid%c9%99n-rusiyanin-n%c9%99zar%c9%99tin%c9%99-kecib\/"]}]},{"@type":"ImageObject","inLanguage":"az","@id":"https:\/\/www.meydan.tv\/az\/article\/kreml-kursk-yenid%c9%99n-rusiyanin-n%c9%99zar%c9%99tin%c9%99-kecib\/#primaryimage","url":"https:\/\/www.meydan.tv\/wp-content\/uploads\/hglhmoy4mvm75iikr2dkqp5tpu.jpg","contentUrl":"https:\/\/www.meydan.tv\/wp-content\/uploads\/hglhmoy4mvm75iikr2dkqp5tpu.jpg","width":1200,"height":800,"caption":"Ukrayna, Donetsk. M\u0259nb\u0259: Reuters"},{"@type":"BreadcrumbList","@id":"https:\/\/www.meydan.tv\/az\/article\/kreml-kursk-yenid%c9%99n-rusiyanin-n%c9%99zar%c9%99tin%c9%99-kecib\/#breadcrumb","itemListElement":[{"@type":"ListItem","position":1,"name":"Ana s\u0259hif\u0259","item":"https:\/\/www.meydan.tv\/az\/"},{"@type":"ListItem","position":2,"name":"X\u0259b\u0259rl\u0259r","item":"https:\/\/www.meydan.tv\/az\/section\/xeberler\/"},{"@type":"ListItem","position":3,"name":"Kreml: Kursk yenid\u0259n Rusiyan\u0131n n\u0259zar\u0259tin\u0259 ke\u00e7ib"}]},{"@type":"WebSite","@id":"https:\/\/www.meydan.tv\/az\/#website","url":"https:\/\/www.meydan.tv\/az\/","name":"MEYDAN.TV","description":"Meydan TV Az\u0259rbaycan\u0131n media m\u0259kan\u0131ndak\u0131 alternativ s\u0259sidir","publisher":{"@id":"https:\/\/www.meydan.tv\/az\/#organization"},"potentialAction":[{"@type":"SearchAction","target":{"@type":"EntryPoint","urlTemplate":"https:\/\/www.meydan.tv\/az\/?s={search_term_string}"},"query-input":{"@type":"PropertyValueSpecification","valueRequired":true,"valueName":"search_term_string"}}],"inLanguage":"az"},{"@type":"Organization","@id":"https:\/\/www.meydan.tv\/az\/#organization","name":"Meydan TV","url":"https:\/\/www.meydan.tv\/az\/","logo":{"@type":"ImageObject","inLanguage":"az","@id":"https:\/\/www.meydan.tv\/az\/#\/schema\/logo\/image\/","url":"https:\/\/www.meydan.tv\/wp-content\/uploads\/2021\/07\/meydan-logo.svg","contentUrl":"https:\/\/www.meydan.tv\/wp-content\/uploads\/2021\/07\/meydan-logo.svg","width":195,"height":46,"caption":"Meydan TV"},"image":{"@id":"https:\/\/www.meydan.tv\/az\/#\/schema\/logo\/image\/"}},{"@type":"Person","@id":"https:\/\/www.meydan.tv\/az\/#\/schema\/person\/476e9360e593fa131d5d71d51866f8da","name":"aleks"}]}},"_links":{"self":[{"href":"https:\/\/www.meydan.tv\/az\/wp-json\/wp\/v2\/posts\/329337","targetHints":{"allow":["GET"]}}],"collection":[{"href":"https:\/\/www.meydan.tv\/az\/wp-json\/wp\/v2\/posts"}],"about":[{"href":"https:\/\/www.meydan.tv\/az\/wp-json\/wp\/v2\/types\/post"}],"author":[{"embeddable":true,"href":"https:\/\/www.meydan.tv\/az\/wp-json\/wp\/v2\/users\/12"}],"replies":[{"embeddable":true,"href":"https:\/\/www.meydan.tv\/az\/wp-json\/wp\/v2\/comments?post=329337"}],"version-history":[{"count":1,"href":"https:\/\/www.meydan.tv\/az\/wp-json\/wp\/v2\/posts\/329337\/revisions"}],"predecessor-version":[{"id":329338,"href":"https:\/\/www.meydan.tv\/az\/wp-json\/wp\/v2\/posts\/329337\/revisions\/329338"}],"wp:featuredmedia":[{"embeddable":true,"href":"https:\/\/www.meydan.tv\/az\/wp-json\/wp\/v2\/media\/247845"}],"wp:attachment":[{"href":"https:\/\/www.meydan.tv\/az\/wp-json\/wp\/v2\/media?parent=329337"}],"wp:term":[{"taxonomy":"category","embeddable":true,"href":"https:\/\/www.meydan.tv\/az\/wp-json\/wp\/v2\/categories?post=329337"},{"taxonomy":"post_tag","embeddable":true,"href":"https:\/\/www.meydan.tv\/az\/wp-json\/wp\/v2\/tags?post=329337"}],"curies":[{"name":"wp","href":"https:\/\/api.w.org\/{rel}","templated":true}]}}