{"id":329313,"date":"2025-04-25T18:57:29","date_gmt":"2025-04-25T14:57:29","guid":{"rendered":"https:\/\/www.meydan.tv\/?p=329313"},"modified":"2025-04-25T20:52:19","modified_gmt":"2025-04-25T16:52:19","slug":"eli-zeynalin-karser%c9%99-salindigi-ehtimal-edilir","status":"publish","type":"post","link":"https:\/\/www.meydan.tv\/az\/article\/eli-zeynalin-karser%c9%99-salindigi-ehtimal-edilir\/","title":{"rendered":"\u018fli Zeynal\u0131n \u201ckarser\u201d\u0259 sal\u0131nd\u0131\u011f\u0131 ehtimal edilir"},"content":{"rendered":"\n<p><\/p>\n\n\n\n<p><strong><em>Akif Qurbanovun is\u0259 ail\u0259sin\u0259 z\u0259ng etm\u0259sin\u0259 m\u0259hdudiyy\u0259t qoyulub<\/em><\/strong><\/p>\n\n\n\n<p>\u201cToplum TV i\u015fi\u201d \u00fczr\u0259 h\u0259bsd\u0259 olan, Demokratik T\u0259\u015f\u0259bb\u00fcsl\u0259r \u0130nstitutunun \u0259m\u0259kda\u015f\u0131 \u018fli Zeynal\u0131n c\u0259rim\u0259 t\u0259cridxanas\u0131na (karser) sal\u0131nd\u0131\u011f\u0131 ehtimal edilir.<\/p>\n\n\n\n<p>Yax\u0131nlar\u0131n\u0131n m\u0259lumat\u0131na g\u00f6r\u0259 o, aprelin 25-d\u0259 t\u0259cridxanada z\u0259ng g\u00fcn\u00fc oldu\u011fu \u00fc\u00e7\u00fcn ail\u0259si il\u0259 \u0259laq\u0259 saxlamal\u0131 imi\u015f. Lakin z\u0259ng etm\u0259yib.<\/p>\n\n\n\n<p>Yax\u0131nlar\u0131 \u018fli Zeynal\u0131n \u00f6t\u0259n g\u00fcnk\u00fc m\u0259hk\u0259m\u0259 prosesind\u0259ki \u00e7\u0131x\u0131\u015f\u0131ndan sonra \u201ckarser\u201d\u0259 sal\u0131nd\u0131\u011f\u0131ndan \u015f\u00fcbh\u0259l\u0259nir.<\/p>\n\n\n\n<p>\u00d6t\u0259n g\u00fcnk\u00fc m\u0259hk\u0259m\u0259 prosesind\u0259 \u018fli Zeynal d\u00f6vl\u0259t ittiham\u00e7\u0131s\u0131 Rauf Mal\u0131\u015fova etiraz edib. O bildirib ki, prokuror Rauf Mal\u0131\u015fov \u201cAbzasMedia i\u015fi\u201d \u00fczr\u0259 m\u0259hk\u0259m\u0259d\u0259 d\u0259 ittiham\u0131 m\u00fcdafi\u0259 edir v\u0259 jurnalistl\u0259rl\u0259 pis r\u0259ftar g\u00f6st\u0259rir. O, yeni prokurorun t\u0259yin edilm\u0259sini t\u0259l\u0259b edib v\u0259 bunu \u201ci\u015fl\u0259nmi\u015f d\u00f6vl\u0259t ittiham\u00e7\u0131s\u0131\u201d ist\u0259m\u0259dikl\u0259ril\u0259 <a href=\"https:\/\/www.meydan.tv\/az\/article\/toplum-tv-isi-azad-medianin-tabutuna-vurulan-mismarin-s%c9%99si-butun-dunyani-buruyub\/\" target=\"_blank\" rel=\"noreferrer noopener\">\u0259laq\u0259l\u0259ndirib<\/a>.<\/p>\n\n\n\n<p>\u201cToplum TV i\u015fi\u201d \u00fczr\u0259 h\u0259bsd\u0259 olan, Demokratik T\u0259\u015f\u0259bb\u00fcsl\u0259r \u0130nstitutunun r\u0259hb\u0259ri v\u0259 III Respublika Platformas\u0131n\u0131n spikeri Akif Qurbanovun da ail\u0259sin\u0259 z\u0259ng etm\u0259sin\u0259 m\u0259hdudiyy\u0259t qoyulub.<\/p>\n\n\n\n<p>Bunu Toplum TV-y\u0259 onun yax\u0131nlar\u0131 deyib.<\/p>\n\n\n\n<p>Yax\u0131nlar\u0131 bildirir ki, bu g\u00fcn Qurbanovun onlara z\u0259ng g\u00fcn\u00fc idi, amma buna icaz\u0259 verilm\u0259yib.<\/p>\n\n\n\n<p>Bu m\u0259hdudiyy\u0259tin s\u0259b\u0259bi kimi onun v\u0259 dig\u0259r t\u0259qsirl\u0259ndiril\u0259n \u015f\u0259xsl\u0259rin aprelin 24-d\u0259 \u201cToplum TV i\u015fi\u201d \u00fczr\u0259 ba\u015f tutan m\u0259hk\u0259m\u0259 prosesind\u0259ki s\u0259rt \u00e7\u0131x\u0131\u015f etm\u0259l\u0259ri ehtimal olunur.<\/p>\n\n\n\n<p>Prosesd\u0259 t\u0259qsirl\u0259ndiril\u0259nl\u0259r prezident \u0130lham \u018fliyevin \u015fahid kimi dindirilm\u0259sini v\u0259 Ba\u015f prokurorun ittihamlar\u0131 s\u00fcbut etm\u0259sini ist\u0259mi\u015fdil\u0259r.<\/p>\n\n\n\n<p>2024-c\u00fc il mart\u0131n 6-da h\u00fcquq-m\u00fchafiz\u0259 orqanlar\u0131 \u201cToplum TV\u201d, \u201cDemokratik T\u0259\u015f\u0259bb\u00fcsl\u0259r \u0130nstitutu\u201d, h\u0259m\u00e7inin \u201cIII Respublika Platformas\u0131\u201cn\u0131n ofisl\u0259rind\u0259, bir ne\u00e7\u0259 \u0259m\u0259kda\u015f\u0131n evind\u0259 axtar\u0131\u015f apar\u0131b.<\/p>\n\n\n\n<p>\u201cToplum TV\u201dnin \u0259m\u0259kda\u015flar\u0131 F\u0259rid \u0130smay\u0131lova, Elmir Abbasova, M\u00fc\u015ffiq Cabbara v\u0259 \u0130D\u0130-nin r\u0259hb\u0259ri, h\u0259m\u00e7inin ResPlatforman\u0131n spikeri Akif Qurbanova, el\u0259c\u0259 d\u0259 \u018fli Zeynala, Ramil Babayev\u0259, \u0130lkin \u018fmrahova qa\u00e7aqmal\u00e7\u0131l\u0131q ittiham\u0131 il\u0259 cinay\u0259t i\u015fi a\u00e7\u0131l\u0131b v\u0259 bar\u0259l\u0259rind\u0259 h\u0259bs q\u0259timkan t\u0259dbiri se\u00e7ilib.<\/p>\n\n\n\n<p>2024-c\u00fc ilin mart\u0131n 8-d\u0259 \u201cIII Respublika Platformas\u0131\u201cn\u0131n qurucu hey\u0259t \u00fczv\u00fc Ruslan \u0130zz\u0259tli v\u0259 \u201cToplum TV\u201d-nin h\u0259mt\u0259sis\u00e7isi \u018fl\u0259sg\u0259r M\u0259mm\u0259dli d\u0259 h\u0259min ittiham \u00fczr\u0259 h\u0259bs olunublar.<\/p>\n\n\n\n<p>Bu cinay\u0259t i\u015fi \u00fczr\u0259 \u00fcmumilikd\u0259 9 n\u0259f\u0259r cinay\u0259t m\u0259suliyy\u0259tin\u0259 c\u0259lb olunub.<\/p>\n\n\n\n<p>Onlardan 7 n\u0259f\u0259r haqq\u0131nda h\u0259bs q\u0259timkan t\u0259dbiri se\u00e7ilib, ikisinin is\u0259 (F\u0259rid \u0130smay\u0131lov v\u0259 Elmir Abbasov) istintaq d\u00f6vr\u00fcnd\u0259 azadl\u0131qda qalmas\u0131na q\u0259rar verilib.<\/p>\n\n\n\n<p>Onlara qar\u015f\u0131 Cinay\u0259t M\u0259c\u0259ll\u0259sinin 206.3.2 (qa\u00e7aqmal\u00e7\u0131l\u0131q \u2013 qabaqcadan \u0259lbir olan bir qrup \u015f\u0259xs t\u0259r\u0259find\u0259n t\u00f6r\u0259dildikd\u0259) madd\u0259sil\u0259 ittiham ir\u0259li s\u00fcr\u00fcl\u00fcb.<\/p>\n\n\n\n<p>Onlar hesab edir ki, siyasi sifari\u015fl\u0259 h\u0259bs olunublar, m\u0259qs\u0259d d\u0259 \u00f6lk\u0259d\u0259 m\u00fcst\u0259qil median\u0131, azad s\u0259sl\u0259ri susdurmaqd\u0131r.<\/p>\n\n\n\n<p>2025-ci il yanvar\u0131n 17-d\u0259 \u201cToplum TV i\u015fi\u201d \u00fczr\u0259 istintaq yekunla\u015f\u0131b.<\/p>\n\n\n\n<p>Bu i\u015f \u00fczr\u0259 ittiham a\u011f\u0131rla\u015fd\u0131r\u0131l\u0131b, t\u0259qsirl\u0259ndiril\u0259n \u015f\u0259xsl\u0259r\u0259 qar\u015f\u0131 Cinay\u0259t M\u0259c\u0259ll\u0259sinin 162-1.1 (\u018fm\u0259k m\u00fcqavil\u0259si olmadan i\u015f\u0259 c\u0259lb etm\u0259), 192.3.2 (Qanunsuz sahibkarl\u0131q, x\u00fcsusil\u0259 k\u00fclli miqdarda g\u0259lir \u0259ld\u0259 etm\u0259kl\u0259 t\u00f6r\u0259dildikd\u0259), 193-1.3.1 (Cinay\u0259t yolu il\u0259 \u0259ld\u0259 edilmi\u015f pul v\u0259saitini leqalla\u015fd\u0131rma, m\u00fct\u0259\u015f\u0259kkil d\u0259st\u0259 v\u0259 ya cinay\u0259tkar birlik (cinay\u0259tkar t\u0259\u015fkilat) t\u0259r\u0259find\u0259n t\u00f6r\u0259dildikd\u0259), 193-1.3.2 (Eyni \u0259m\u0259ll\u0259r, xeyli miqdarda t\u00f6r\u0259dildikd\u0259), 206.4 (Qa\u00e7aqmal\u00e7\u0131l\u0131q, m\u00fct\u0259\u015f\u0259kkil qrup t\u0259r\u0259find\u0259n t\u00f6r\u0259dildikd\u0259), 213.2.1 (Vergil\u0259ri \u00f6d\u0259m\u0259kd\u0259n yay\u0131nma, m\u00fct\u0259\u015f\u0259kkil qrup t\u0259r\u0259find\u0259n t\u00f6r\u0259dildikd\u0259) madd\u0259l\u0259ri il\u0259 yeni ittihamlar ir\u0259li s\u00fcr\u00fcl\u00fcb.<\/p>\n\n\n\n<p>\u201cToplum TV i\u015fi\u201d il\u0259 ba\u011fl\u0131 m\u0259hk\u0259m\u0259nin q\u0259rar\u0131 il\u0259 polis n\u0259zar\u0259tin\u0259 verilmi\u015f jurnalist F\u0259rid \u0130smay\u0131lov h\u0259min g\u00fcn \u2013 yanvar\u0131n 17-d\u0259 h\u0259bs edilib.<\/p>\n\n\n\n<p>2025-ci il fevral\u0131n 5-d\u0259 jurnalist \u015eahnaz B\u0259yl\u0259rq\u0131z\u0131 (H\u00fcseynova) \u201cToplum TV i\u015fi\u201dnd\u0259ki ittihamlar \u00fczr\u0259 \u015f\u00fcbh\u0259li \u015f\u0259xs qismind\u0259 saxlan\u0131l\u0131b. Fevral\u0131n 6-da X\u0259tai Rayon M\u0259hk\u0259m\u0259sinin q\u0259rar\u0131 il\u0259 jurnalist bar\u0259sind\u0259 3 ay 15 g\u00fcn m\u00fcdd\u0259tin\u0259 h\u0259bs q\u0259timkan t\u0259dbiri se\u00e7ilib. Fevral\u0131n 26-da X\u0259tai Rayon M\u0259hk\u0259m\u0259sinin q\u0259rar\u0131 il\u0259 jurnalistin h\u0259bsi ev dustaql\u0131\u011f\u0131 il\u0259 \u0259v\u0259z edilib.<\/p>\n\n\n\n<p>T\u0259zyiql\u0259rin artmas\u0131 \u201cToplum TV\u201d-nin \u00f6lk\u0259d\u0259 f\u0259aliyy\u0259t g\u00f6st\u0259rm\u0259sini m\u00fcmk\u00fcns\u00fcz etdiyind\u0259n, media qurumu fevral ay\u0131ndan sonrak\u0131 f\u0259aliyy\u0259tini \u00f6lk\u0259 xaricind\u0259 ya\u015fayan jurnalistl\u0259r vasit\u0259sil\u0259 h\u0259yata ke\u00e7irm\u0259y\u0259 q\u0259rar verib.<\/p>\n\n\n\n<p>2023-c\u00fc ilin noyabr\u0131ndan bu yana \u00f6lk\u0259d\u0259 30-a yax\u0131n jurnalist h\u0259bs olunub.<\/p>\n\n\n\n<p>Onlara qar\u015f\u0131 qa\u00e7aqmal\u00e7\u0131l\u0131q ittiham\u0131 ir\u0259li s\u00fcr\u00fcl\u00fcb.<\/p>\n\n\n\n<p>H\u0259bs olunanlar\u0131n \u0259ks\u0259riyy\u0259ti \u201cMeydan TV\u201d, \u201cAbzasMedia\u201d, \u201cToplum TV\u201d \u0259m\u0259kda\u015flar\u0131d\u0131r.<\/p>\n\n\n\n<p>Jurnalistl\u0259r \u00f6zl\u0259rini t\u0259qsirli bilmir, d\u00f6vl\u0259t ba\u015f\u00e7\u0131s\u0131 v\u0259 dig\u0259r m\u0259murlar\u0131n korrupsiya \u0259m\u0259ll\u0259ri, dig\u0259r qanunsuzluqlar haqda ara\u015fd\u0131rmalar\u0131na g\u00f6r\u0259 c\u0259zaland\u0131r\u0131ld\u0131qlar\u0131n\u0131 bildirirl\u0259r.<\/p>\n","protected":false},"excerpt":{"rendered":"<p>X\u0259b\u0259r yenil\u0259nib<\/p>\n","protected":false},"author":21,"featured_media":300793,"comment_status":"closed","ping_status":"closed","sticky":false,"template":"","format":"standard","meta":{"_acf_changed":false,"_sitemap_exclude":false,"_sitemap_priority":"","_sitemap_frequency":"","footnotes":""},"categories":[59,79,56],"tags":[],"class_list":["post-329313","post","type-post","status-publish","format-standard","has-post-thumbnail","hentry","category-siyaset","category-featured","category-xeberler","infinite-scroll-item","generate-columns","tablet-grid-50","mobile-grid-100","grid-parent","grid-33","no-featured-image-padding"],"acf":[],"yoast_head":"<!-- This site is optimized with the Yoast SEO plugin v27.5 - https:\/\/yoast.com\/product\/yoast-seo-wordpress\/ -->\n<title>\u018fli Zeynal\u0131n \u201ckarser\u201d\u0259 sal\u0131nd\u0131\u011f\u0131 ehtimal edilir - MEYDAN.TV<\/title>\n<meta name=\"robots\" content=\"index, follow, max-snippet:-1, max-image-preview:large, max-video-preview:-1\" \/>\n<link rel=\"canonical\" href=\"https:\/\/www.meydan.tv\/az\/article\/eli-zeynalin-karser%c9%99-salindigi-ehtimal-edilir\/\" \/>\n<meta property=\"og:locale\" content=\"az_AZ\" \/>\n<meta property=\"og:type\" content=\"article\" \/>\n<meta property=\"og:title\" content=\"\u018fli Zeynal\u0131n \u201ckarser\u201d\u0259 sal\u0131nd\u0131\u011f\u0131 ehtimal edilir - MEYDAN.TV\" \/>\n<meta property=\"og:description\" content=\"X\u0259b\u0259r yenil\u0259nib\" \/>\n<meta property=\"og:url\" content=\"https:\/\/www.meydan.tv\/az\/article\/eli-zeynalin-karser%c9%99-salindigi-ehtimal-edilir\/\" \/>\n<meta property=\"og:site_name\" content=\"MEYDAN.TV\" \/>\n<meta property=\"article:published_time\" content=\"2025-04-25T14:57:29+00:00\" \/>\n<meta property=\"article:modified_time\" content=\"2025-04-25T16:52:19+00:00\" \/>\n<meta property=\"og:image\" content=\"https:\/\/www.meydan.tv\/wp-content\/uploads\/img_1021_720.jpg\" \/>\n\t<meta property=\"og:image:width\" content=\"720\" \/>\n\t<meta property=\"og:image:height\" content=\"405\" \/>\n\t<meta property=\"og:image:type\" content=\"image\/jpeg\" \/>\n<meta name=\"author\" content=\"mahmud\" \/>\n<meta name=\"twitter:card\" content=\"summary_large_image\" \/>\n<script type=\"application\/ld+json\" class=\"yoast-schema-graph\">{\"@context\":\"https:\\\/\\\/schema.org\",\"@graph\":[{\"@type\":\"Article\",\"@id\":\"https:\\\/\\\/www.meydan.tv\\\/az\\\/article\\\/eli-zeynalin-karser%c9%99-salindigi-ehtimal-edilir\\\/#article\",\"isPartOf\":{\"@id\":\"https:\\\/\\\/www.meydan.tv\\\/az\\\/article\\\/eli-zeynalin-karser%c9%99-salindigi-ehtimal-edilir\\\/\"},\"author\":{\"name\":\"mahmud\",\"@id\":\"https:\\\/\\\/www.meydan.tv\\\/az\\\/#\\\/schema\\\/person\\\/09863e516102a829e72bedcf3f84c6b0\"},\"headline\":\"\u018fli Zeynal\u0131n \u201ckarser\u201d\u0259 sal\u0131nd\u0131\u011f\u0131 ehtimal edilir\",\"datePublished\":\"2025-04-25T14:57:29+00:00\",\"dateModified\":\"2025-04-25T16:52:19+00:00\",\"mainEntityOfPage\":{\"@id\":\"https:\\\/\\\/www.meydan.tv\\\/az\\\/article\\\/eli-zeynalin-karser%c9%99-salindigi-ehtimal-edilir\\\/\"},\"wordCount\":960,\"publisher\":{\"@id\":\"https:\\\/\\\/www.meydan.tv\\\/az\\\/#organization\"},\"image\":{\"@id\":\"https:\\\/\\\/www.meydan.tv\\\/az\\\/article\\\/eli-zeynalin-karser%c9%99-salindigi-ehtimal-edilir\\\/#primaryimage\"},\"thumbnailUrl\":\"https:\\\/\\\/www.meydan.tv\\\/wp-content\\\/uploads\\\/img_1021_720.jpg\",\"articleSection\":[\"Siyas\u0259t\",\"T\u00f6vsiy\u0259\",\"X\u0259b\u0259rl\u0259r\"],\"inLanguage\":\"az\"},{\"@type\":\"WebPage\",\"@id\":\"https:\\\/\\\/www.meydan.tv\\\/az\\\/article\\\/eli-zeynalin-karser%c9%99-salindigi-ehtimal-edilir\\\/\",\"url\":\"https:\\\/\\\/www.meydan.tv\\\/az\\\/article\\\/eli-zeynalin-karser%c9%99-salindigi-ehtimal-edilir\\\/\",\"name\":\"\u018fli Zeynal\u0131n \u201ckarser\u201d\u0259 sal\u0131nd\u0131\u011f\u0131 ehtimal edilir - MEYDAN.TV\",\"isPartOf\":{\"@id\":\"https:\\\/\\\/www.meydan.tv\\\/az\\\/#website\"},\"primaryImageOfPage\":{\"@id\":\"https:\\\/\\\/www.meydan.tv\\\/az\\\/article\\\/eli-zeynalin-karser%c9%99-salindigi-ehtimal-edilir\\\/#primaryimage\"},\"image\":{\"@id\":\"https:\\\/\\\/www.meydan.tv\\\/az\\\/article\\\/eli-zeynalin-karser%c9%99-salindigi-ehtimal-edilir\\\/#primaryimage\"},\"thumbnailUrl\":\"https:\\\/\\\/www.meydan.tv\\\/wp-content\\\/uploads\\\/img_1021_720.jpg\",\"datePublished\":\"2025-04-25T14:57:29+00:00\",\"dateModified\":\"2025-04-25T16:52:19+00:00\",\"breadcrumb\":{\"@id\":\"https:\\\/\\\/www.meydan.tv\\\/az\\\/article\\\/eli-zeynalin-karser%c9%99-salindigi-ehtimal-edilir\\\/#breadcrumb\"},\"inLanguage\":\"az\",\"potentialAction\":[{\"@type\":\"ReadAction\",\"target\":[\"https:\\\/\\\/www.meydan.tv\\\/az\\\/article\\\/eli-zeynalin-karser%c9%99-salindigi-ehtimal-edilir\\\/\"]}]},{\"@type\":\"ImageObject\",\"inLanguage\":\"az\",\"@id\":\"https:\\\/\\\/www.meydan.tv\\\/az\\\/article\\\/eli-zeynalin-karser%c9%99-salindigi-ehtimal-edilir\\\/#primaryimage\",\"url\":\"https:\\\/\\\/www.meydan.tv\\\/wp-content\\\/uploads\\\/img_1021_720.jpg\",\"contentUrl\":\"https:\\\/\\\/www.meydan.tv\\\/wp-content\\\/uploads\\\/img_1021_720.jpg\",\"width\":720,\"height\":405,\"caption\":\"\u018fli Zeynal. \u0130ll\u00fcstrasiya: Meydan TV\"},{\"@type\":\"BreadcrumbList\",\"@id\":\"https:\\\/\\\/www.meydan.tv\\\/az\\\/article\\\/eli-zeynalin-karser%c9%99-salindigi-ehtimal-edilir\\\/#breadcrumb\",\"itemListElement\":[{\"@type\":\"ListItem\",\"position\":1,\"name\":\"Ana s\u0259hif\u0259\",\"item\":\"https:\\\/\\\/www.meydan.tv\\\/az\\\/\"},{\"@type\":\"ListItem\",\"position\":2,\"name\":\"Siyas\u0259t\",\"item\":\"https:\\\/\\\/www.meydan.tv\\\/az\\\/section\\\/siyaset\\\/\"},{\"@type\":\"ListItem\",\"position\":3,\"name\":\"\u018fli Zeynal\u0131n \u201ckarser\u201d\u0259 sal\u0131nd\u0131\u011f\u0131 ehtimal edilir\"}]},{\"@type\":\"WebSite\",\"@id\":\"https:\\\/\\\/www.meydan.tv\\\/az\\\/#website\",\"url\":\"https:\\\/\\\/www.meydan.tv\\\/az\\\/\",\"name\":\"MEYDAN.TV\",\"description\":\"Meydan TV Az\u0259rbaycan\u0131n media m\u0259kan\u0131ndak\u0131 alternativ s\u0259sidir\",\"publisher\":{\"@id\":\"https:\\\/\\\/www.meydan.tv\\\/az\\\/#organization\"},\"potentialAction\":[{\"@type\":\"SearchAction\",\"target\":{\"@type\":\"EntryPoint\",\"urlTemplate\":\"https:\\\/\\\/www.meydan.tv\\\/az\\\/?s={search_term_string}\"},\"query-input\":{\"@type\":\"PropertyValueSpecification\",\"valueRequired\":true,\"valueName\":\"search_term_string\"}}],\"inLanguage\":\"az\"},{\"@type\":\"Organization\",\"@id\":\"https:\\\/\\\/www.meydan.tv\\\/az\\\/#organization\",\"name\":\"Meydan TV\",\"url\":\"https:\\\/\\\/www.meydan.tv\\\/az\\\/\",\"logo\":{\"@type\":\"ImageObject\",\"inLanguage\":\"az\",\"@id\":\"https:\\\/\\\/www.meydan.tv\\\/az\\\/#\\\/schema\\\/logo\\\/image\\\/\",\"url\":\"https:\\\/\\\/www.meydan.tv\\\/wp-content\\\/uploads\\\/2021\\\/07\\\/meydan-logo.svg\",\"contentUrl\":\"https:\\\/\\\/www.meydan.tv\\\/wp-content\\\/uploads\\\/2021\\\/07\\\/meydan-logo.svg\",\"width\":195,\"height\":46,\"caption\":\"Meydan TV\"},\"image\":{\"@id\":\"https:\\\/\\\/www.meydan.tv\\\/az\\\/#\\\/schema\\\/logo\\\/image\\\/\"}},{\"@type\":\"Person\",\"@id\":\"https:\\\/\\\/www.meydan.tv\\\/az\\\/#\\\/schema\\\/person\\\/09863e516102a829e72bedcf3f84c6b0\",\"name\":\"mahmud\"}]}<\/script>\n<!-- \/ Yoast SEO plugin. -->","yoast_head_json":{"title":"\u018fli Zeynal\u0131n \u201ckarser\u201d\u0259 sal\u0131nd\u0131\u011f\u0131 ehtimal edilir - MEYDAN.TV","robots":{"index":"index","follow":"follow","max-snippet":"max-snippet:-1","max-image-preview":"max-image-preview:large","max-video-preview":"max-video-preview:-1"},"canonical":"https:\/\/www.meydan.tv\/az\/article\/eli-zeynalin-karser%c9%99-salindigi-ehtimal-edilir\/","og_locale":"az_AZ","og_type":"article","og_title":"\u018fli Zeynal\u0131n \u201ckarser\u201d\u0259 sal\u0131nd\u0131\u011f\u0131 ehtimal edilir - MEYDAN.TV","og_description":"X\u0259b\u0259r yenil\u0259nib","og_url":"https:\/\/www.meydan.tv\/az\/article\/eli-zeynalin-karser%c9%99-salindigi-ehtimal-edilir\/","og_site_name":"MEYDAN.TV","article_published_time":"2025-04-25T14:57:29+00:00","article_modified_time":"2025-04-25T16:52:19+00:00","og_image":[{"width":720,"height":405,"url":"https:\/\/www.meydan.tv\/wp-content\/uploads\/img_1021_720.jpg","type":"image\/jpeg"}],"author":"mahmud","twitter_card":"summary_large_image","schema":{"@context":"https:\/\/schema.org","@graph":[{"@type":"Article","@id":"https:\/\/www.meydan.tv\/az\/article\/eli-zeynalin-karser%c9%99-salindigi-ehtimal-edilir\/#article","isPartOf":{"@id":"https:\/\/www.meydan.tv\/az\/article\/eli-zeynalin-karser%c9%99-salindigi-ehtimal-edilir\/"},"author":{"name":"mahmud","@id":"https:\/\/www.meydan.tv\/az\/#\/schema\/person\/09863e516102a829e72bedcf3f84c6b0"},"headline":"\u018fli Zeynal\u0131n \u201ckarser\u201d\u0259 sal\u0131nd\u0131\u011f\u0131 ehtimal edilir","datePublished":"2025-04-25T14:57:29+00:00","dateModified":"2025-04-25T16:52:19+00:00","mainEntityOfPage":{"@id":"https:\/\/www.meydan.tv\/az\/article\/eli-zeynalin-karser%c9%99-salindigi-ehtimal-edilir\/"},"wordCount":960,"publisher":{"@id":"https:\/\/www.meydan.tv\/az\/#organization"},"image":{"@id":"https:\/\/www.meydan.tv\/az\/article\/eli-zeynalin-karser%c9%99-salindigi-ehtimal-edilir\/#primaryimage"},"thumbnailUrl":"https:\/\/www.meydan.tv\/wp-content\/uploads\/img_1021_720.jpg","articleSection":["Siyas\u0259t","T\u00f6vsiy\u0259","X\u0259b\u0259rl\u0259r"],"inLanguage":"az"},{"@type":"WebPage","@id":"https:\/\/www.meydan.tv\/az\/article\/eli-zeynalin-karser%c9%99-salindigi-ehtimal-edilir\/","url":"https:\/\/www.meydan.tv\/az\/article\/eli-zeynalin-karser%c9%99-salindigi-ehtimal-edilir\/","name":"\u018fli Zeynal\u0131n \u201ckarser\u201d\u0259 sal\u0131nd\u0131\u011f\u0131 ehtimal edilir - MEYDAN.TV","isPartOf":{"@id":"https:\/\/www.meydan.tv\/az\/#website"},"primaryImageOfPage":{"@id":"https:\/\/www.meydan.tv\/az\/article\/eli-zeynalin-karser%c9%99-salindigi-ehtimal-edilir\/#primaryimage"},"image":{"@id":"https:\/\/www.meydan.tv\/az\/article\/eli-zeynalin-karser%c9%99-salindigi-ehtimal-edilir\/#primaryimage"},"thumbnailUrl":"https:\/\/www.meydan.tv\/wp-content\/uploads\/img_1021_720.jpg","datePublished":"2025-04-25T14:57:29+00:00","dateModified":"2025-04-25T16:52:19+00:00","breadcrumb":{"@id":"https:\/\/www.meydan.tv\/az\/article\/eli-zeynalin-karser%c9%99-salindigi-ehtimal-edilir\/#breadcrumb"},"inLanguage":"az","potentialAction":[{"@type":"ReadAction","target":["https:\/\/www.meydan.tv\/az\/article\/eli-zeynalin-karser%c9%99-salindigi-ehtimal-edilir\/"]}]},{"@type":"ImageObject","inLanguage":"az","@id":"https:\/\/www.meydan.tv\/az\/article\/eli-zeynalin-karser%c9%99-salindigi-ehtimal-edilir\/#primaryimage","url":"https:\/\/www.meydan.tv\/wp-content\/uploads\/img_1021_720.jpg","contentUrl":"https:\/\/www.meydan.tv\/wp-content\/uploads\/img_1021_720.jpg","width":720,"height":405,"caption":"\u018fli Zeynal. \u0130ll\u00fcstrasiya: Meydan TV"},{"@type":"BreadcrumbList","@id":"https:\/\/www.meydan.tv\/az\/article\/eli-zeynalin-karser%c9%99-salindigi-ehtimal-edilir\/#breadcrumb","itemListElement":[{"@type":"ListItem","position":1,"name":"Ana s\u0259hif\u0259","item":"https:\/\/www.meydan.tv\/az\/"},{"@type":"ListItem","position":2,"name":"Siyas\u0259t","item":"https:\/\/www.meydan.tv\/az\/section\/siyaset\/"},{"@type":"ListItem","position":3,"name":"\u018fli Zeynal\u0131n \u201ckarser\u201d\u0259 sal\u0131nd\u0131\u011f\u0131 ehtimal edilir"}]},{"@type":"WebSite","@id":"https:\/\/www.meydan.tv\/az\/#website","url":"https:\/\/www.meydan.tv\/az\/","name":"MEYDAN.TV","description":"Meydan TV Az\u0259rbaycan\u0131n media m\u0259kan\u0131ndak\u0131 alternativ s\u0259sidir","publisher":{"@id":"https:\/\/www.meydan.tv\/az\/#organization"},"potentialAction":[{"@type":"SearchAction","target":{"@type":"EntryPoint","urlTemplate":"https:\/\/www.meydan.tv\/az\/?s={search_term_string}"},"query-input":{"@type":"PropertyValueSpecification","valueRequired":true,"valueName":"search_term_string"}}],"inLanguage":"az"},{"@type":"Organization","@id":"https:\/\/www.meydan.tv\/az\/#organization","name":"Meydan TV","url":"https:\/\/www.meydan.tv\/az\/","logo":{"@type":"ImageObject","inLanguage":"az","@id":"https:\/\/www.meydan.tv\/az\/#\/schema\/logo\/image\/","url":"https:\/\/www.meydan.tv\/wp-content\/uploads\/2021\/07\/meydan-logo.svg","contentUrl":"https:\/\/www.meydan.tv\/wp-content\/uploads\/2021\/07\/meydan-logo.svg","width":195,"height":46,"caption":"Meydan TV"},"image":{"@id":"https:\/\/www.meydan.tv\/az\/#\/schema\/logo\/image\/"}},{"@type":"Person","@id":"https:\/\/www.meydan.tv\/az\/#\/schema\/person\/09863e516102a829e72bedcf3f84c6b0","name":"mahmud"}]}},"_links":{"self":[{"href":"https:\/\/www.meydan.tv\/az\/wp-json\/wp\/v2\/posts\/329313","targetHints":{"allow":["GET"]}}],"collection":[{"href":"https:\/\/www.meydan.tv\/az\/wp-json\/wp\/v2\/posts"}],"about":[{"href":"https:\/\/www.meydan.tv\/az\/wp-json\/wp\/v2\/types\/post"}],"author":[{"embeddable":true,"href":"https:\/\/www.meydan.tv\/az\/wp-json\/wp\/v2\/users\/21"}],"replies":[{"embeddable":true,"href":"https:\/\/www.meydan.tv\/az\/wp-json\/wp\/v2\/comments?post=329313"}],"version-history":[{"count":3,"href":"https:\/\/www.meydan.tv\/az\/wp-json\/wp\/v2\/posts\/329313\/revisions"}],"predecessor-version":[{"id":329321,"href":"https:\/\/www.meydan.tv\/az\/wp-json\/wp\/v2\/posts\/329313\/revisions\/329321"}],"wp:featuredmedia":[{"embeddable":true,"href":"https:\/\/www.meydan.tv\/az\/wp-json\/wp\/v2\/media\/300793"}],"wp:attachment":[{"href":"https:\/\/www.meydan.tv\/az\/wp-json\/wp\/v2\/media?parent=329313"}],"wp:term":[{"taxonomy":"category","embeddable":true,"href":"https:\/\/www.meydan.tv\/az\/wp-json\/wp\/v2\/categories?post=329313"},{"taxonomy":"post_tag","embeddable":true,"href":"https:\/\/www.meydan.tv\/az\/wp-json\/wp\/v2\/tags?post=329313"}],"curies":[{"name":"wp","href":"https:\/\/api.w.org\/{rel}","templated":true}]}}