{"id":329265,"date":"2025-04-25T17:06:58","date_gmt":"2025-04-25T13:06:58","guid":{"rendered":"https:\/\/www.meydan.tv\/?p=329265"},"modified":"2025-04-25T17:07:01","modified_gmt":"2025-04-25T13:07:01","slug":"ev%c9%99z-zeynalli-x%c9%99st%c9%99liy%c9%99-gor%c9%99-h%c9%99bsd%c9%99n-azad-edilib","status":"publish","type":"post","link":"https:\/\/www.meydan.tv\/az\/article\/ev%c9%99z-zeynalli-x%c9%99st%c9%99liy%c9%99-gor%c9%99-h%c9%99bsd%c9%99n-azad-edilib\/","title":{"rendered":"\u018fv\u0259z Zeynall\u0131 x\u0259st\u0259liy\u0259 g\u00f6r\u0259 h\u0259bsd\u0259n azad edilib"},"content":{"rendered":"\n<p><\/p>\n\n\n\n<p><strong><em>M\u0259hk\u0259m\u0259 x\u0259st\u0259liyi il\u0259 ba\u011fl\u0131 onu c\u0259zadan azad edib<\/em><\/strong><\/p>\n\n\n\n<p>\u201cXural\u201d internet televiziyas\u0131n\u0131n r\u0259hb\u0259ri \u018fv\u0259z Zeynall\u0131 vaxt\u0131ndan \u0259vv\u0259l azadl\u0131\u011fa burax\u0131l\u0131b.<\/p>\n\n\n\n<p>Nizami rayon M\u0259hk\u0259m\u0259sind\u0259 hakim Nigar Q\u0259dirlinin s\u0259drliyi il\u0259 ke\u00e7iril\u0259n prosesd\u0259 bu bar\u0259d\u0259 q\u0259rar elan olunub.<\/p>\n\n\n\n<p>M\u0259hk\u0259m\u0259 x\u0259st\u0259liyi il\u0259 ba\u011fl\u0131 onu c\u0259zadan azad edib.<\/p>\n\n\n\n<p>Bu bar\u0259d\u0259 onun h\u0259yat yolda\u015f\u0131 M\u0259lah\u0259t Zeynall\u0131 <a href=\"https:\/\/www.facebook.com\/melahetqisuri.zeynalli\/posts\/pfbid0ZuEX7cpif5YBQ9g37YxP1MyjaQoTgyBkojxUBLRdY9Ud7vebSuYwjwRj6CSGfgBMl\">m\u0259lumat yay\u0131b<\/a>. <\/p>\n\n\n\n<p>\u018fv\u0259z Zeynall\u0131 m\u0259hk\u0259m\u0259y\u0259 onlayn qo\u015fulub. Onun c\u0259za\u00e7\u0259km\u0259 m\u00fc\u0259ssis\u0259sind\u0259n bu g\u00fcn burax\u0131laca\u011f\u0131 bildirilir.<\/p>\n\n\n\n<p>\u00d6t\u0259n g\u00fcn d\u0259 \u018fv\u0259z Zeynall\u0131n\u0131n x\u0259st\u0259liyi il\u0259 ba\u011fl\u0131 c\u0259zas\u0131n\u0131n qalan hiss\u0259sind\u0259n azad olunmas\u0131 il\u0259 ba\u011fl\u0131 m\u0259hk\u0259m\u0259y\u0259 edil\u0259n m\u00fcraci\u0259t\u0259 bax\u0131lm\u0131\u015fd\u0131.<\/p>\n\n\n\n<p>M\u0259hk\u0259m\u0259 \u018fv\u0259z Zeynall\u0131n\u0131n x\u0259st\u0259liyinin t\u0259sdiqi \u00fc\u00e7\u00fcn i\u015fin tibbi \u015f\u0259had\u0259tl\u0259ndirilm\u0259y\u0259 g\u00f6nd\u0259rilm\u0259si bar\u0259d\u0259 q\u0259rar vermi\u015fdi. Q\u0259rara \u0259sas\u0259n, \u018f. Zeynall\u0131 x\u0259st\u0259liyi il\u0259 ba\u011fl\u0131 tibbi komissiyadan ke\u00e7irilm\u0259li idi. Tibbi \u015f\u0259had\u0259tl\u0259ndirilm\u0259nin apar\u0131lmas\u0131 \u018fdliyy\u0259 Nazirliyi Tibb Ba\u015f \u0130dar\u0259sin\u0259 tap\u015f\u0131r\u0131lm\u0131\u015fd\u0131. \u015e\u0259had\u0259tl\u0259ndirilm\u0259 1 ay \u0259rzind\u0259 h\u0259yata ke\u00e7iril\u0259c\u0259kdi.<\/p>\n\n\n\n<p>\u00d6t\u0259n g\u00fcn proses qeyri-m\u00fc\u0259yy\u0259n vaxta t\u0259xir\u0259 sal\u0131nm\u0131\u015fd\u0131.<\/p>\n\n\n\n<p>\u018fv\u0259z Zeynall\u0131 2022-ci il sentyabr\u0131n 9-dan h\u0259bsd\u0259dir. O, k\u00fclli miqdarda r\u00fc\u015fv\u0259t alma, d\u0259l\u0259duzluq, v\u0259zif\u0259li \u015f\u0259xsin q\u0259rar\u0131na qanunsuz t\u0259sir g\u00f6st\u0259rm\u0259 kimi \u0259m\u0259ll\u0259rd\u0259 ittiham olunur. Lakin jurnalist \u00f6z\u00fcn\u00fc t\u0259qsirli bilmir.<\/p>\n\n\n\n<p>2024-c\u00fc il fevral\u0131n 26-da Bak\u0131 A\u011f\u0131r Cinay\u0259tl\u0259r M\u0259hk\u0259m\u0259sind\u0259 \u00e7\u0131xar\u0131lan h\u00f6km\u0259 \u0259sas\u0259n, \u018fv\u0259z Zeynall\u0131 9 il azadl\u0131qdan m\u0259hrum edilib. Dekabr\u0131n 18-d\u0259 Ali M\u0259hk\u0259m\u0259d\u0259 onun kassasiya \u015fikay\u0259tin\u0259 bax\u0131l\u0131b v\u0259 h\u0259bs m\u00fcdd\u0259ti 2 ay azald\u0131l\u0131b.<\/p>\n\n\n\n<p>Bir m\u00fcdd\u0259t \u0259vv\u0259l \u018fv\u0259z Zeynall\u0131da x\u0259r\u00e7\u0259ng x\u0259st\u0259liyi a\u015fkar olunub. H\u0259kiml\u0259rin r\u0259yin\u0259 \u0259sas\u0259n, d\u00f6rd\u00fcnc\u00fc d\u0259r\u0259c\u0259li onkoloji x\u0259st\u0259 olan Zeynall\u0131n\u0131n m\u00fcalic\u0259si h\u0259bsxana \u015f\u0259raitind\u0259 m\u00fcmk\u00fcn deyil.<\/p>\n","protected":false},"excerpt":{"rendered":"<p>M\u0259hk\u0259m\u0259 x\u0259st\u0259liyi il\u0259 ba\u011fl\u0131 onu c\u0259zadan azad edib \u201cXural\u201d internet &#8230; <\/p>\n<p class=\"read-more-container\"><a title=\"\u018fv\u0259z Zeynall\u0131 x\u0259st\u0259liy\u0259 g\u00f6r\u0259 h\u0259bsd\u0259n azad edilib\" class=\"read-more button\" href=\"https:\/\/www.meydan.tv\/az\/article\/ev%c9%99z-zeynalli-x%c9%99st%c9%99liy%c9%99-gor%c9%99-h%c9%99bsd%c9%99n-azad-edilib\/#more-329265\" aria-label=\"Read more about \u018fv\u0259z Zeynall\u0131 x\u0259st\u0259liy\u0259 g\u00f6r\u0259 h\u0259bsd\u0259n azad edilib\">Davam\u0131<\/a><\/p>\n","protected":false},"author":21,"featured_media":296310,"comment_status":"closed","ping_status":"closed","sticky":false,"template":"","format":"standard","meta":{"_acf_changed":false,"_sitemap_exclude":false,"_sitemap_priority":"","_sitemap_frequency":"","footnotes":""},"categories":[59,79,56],"tags":[],"class_list":["post-329265","post","type-post","status-publish","format-standard","has-post-thumbnail","hentry","category-siyaset","category-featured","category-xeberler","infinite-scroll-item","generate-columns","tablet-grid-50","mobile-grid-100","grid-parent","grid-33","no-featured-image-padding"],"acf":[],"yoast_head":"<!-- This site is optimized with the Yoast SEO plugin v27.5 - https:\/\/yoast.com\/product\/yoast-seo-wordpress\/ -->\n<title>\u018fv\u0259z Zeynall\u0131 x\u0259st\u0259liy\u0259 g\u00f6r\u0259 h\u0259bsd\u0259n azad edilib - MEYDAN.TV<\/title>\n<meta name=\"robots\" content=\"index, follow, max-snippet:-1, max-image-preview:large, max-video-preview:-1\" \/>\n<link rel=\"canonical\" href=\"https:\/\/www.meydan.tv\/az\/article\/ev%c9%99z-zeynalli-x%c9%99st%c9%99liy%c9%99-gor%c9%99-h%c9%99bsd%c9%99n-azad-edilib\/\" \/>\n<meta property=\"og:locale\" content=\"az_AZ\" \/>\n<meta property=\"og:type\" content=\"article\" \/>\n<meta property=\"og:title\" content=\"\u018fv\u0259z Zeynall\u0131 x\u0259st\u0259liy\u0259 g\u00f6r\u0259 h\u0259bsd\u0259n azad edilib - MEYDAN.TV\" \/>\n<meta property=\"og:description\" content=\"M\u0259hk\u0259m\u0259 x\u0259st\u0259liyi il\u0259 ba\u011fl\u0131 onu c\u0259zadan azad edib \u201cXural\u201d internet ... Davam\u0131\" \/>\n<meta property=\"og:url\" content=\"https:\/\/www.meydan.tv\/az\/article\/ev%c9%99z-zeynalli-x%c9%99st%c9%99liy%c9%99-gor%c9%99-h%c9%99bsd%c9%99n-azad-edilib\/\" \/>\n<meta property=\"og:site_name\" content=\"MEYDAN.TV\" \/>\n<meta property=\"article:published_time\" content=\"2025-04-25T13:06:58+00:00\" \/>\n<meta property=\"article:modified_time\" content=\"2025-04-25T13:07:01+00:00\" \/>\n<meta property=\"og:image\" content=\"https:\/\/www.meydan.tv\/wp-content\/uploads\/photo-2024-01-26-15-49-09.jpg\" \/>\n\t<meta property=\"og:image:width\" content=\"1200\" \/>\n\t<meta property=\"og:image:height\" content=\"900\" \/>\n\t<meta property=\"og:image:type\" content=\"image\/jpeg\" \/>\n<meta name=\"author\" content=\"mahmud\" \/>\n<meta name=\"twitter:card\" content=\"summary_large_image\" \/>\n<script type=\"application\/ld+json\" class=\"yoast-schema-graph\">{\"@context\":\"https:\\\/\\\/schema.org\",\"@graph\":[{\"@type\":\"Article\",\"@id\":\"https:\\\/\\\/www.meydan.tv\\\/az\\\/article\\\/ev%c9%99z-zeynalli-x%c9%99st%c9%99liy%c9%99-gor%c9%99-h%c9%99bsd%c9%99n-azad-edilib\\\/#article\",\"isPartOf\":{\"@id\":\"https:\\\/\\\/www.meydan.tv\\\/az\\\/article\\\/ev%c9%99z-zeynalli-x%c9%99st%c9%99liy%c9%99-gor%c9%99-h%c9%99bsd%c9%99n-azad-edilib\\\/\"},\"author\":{\"name\":\"mahmud\",\"@id\":\"https:\\\/\\\/www.meydan.tv\\\/az\\\/#\\\/schema\\\/person\\\/09863e516102a829e72bedcf3f84c6b0\"},\"headline\":\"\u018fv\u0259z Zeynall\u0131 x\u0259st\u0259liy\u0259 g\u00f6r\u0259 h\u0259bsd\u0259n azad edilib\",\"datePublished\":\"2025-04-25T13:06:58+00:00\",\"dateModified\":\"2025-04-25T13:07:01+00:00\",\"mainEntityOfPage\":{\"@id\":\"https:\\\/\\\/www.meydan.tv\\\/az\\\/article\\\/ev%c9%99z-zeynalli-x%c9%99st%c9%99liy%c9%99-gor%c9%99-h%c9%99bsd%c9%99n-azad-edilib\\\/\"},\"wordCount\":408,\"publisher\":{\"@id\":\"https:\\\/\\\/www.meydan.tv\\\/az\\\/#organization\"},\"image\":{\"@id\":\"https:\\\/\\\/www.meydan.tv\\\/az\\\/article\\\/ev%c9%99z-zeynalli-x%c9%99st%c9%99liy%c9%99-gor%c9%99-h%c9%99bsd%c9%99n-azad-edilib\\\/#primaryimage\"},\"thumbnailUrl\":\"https:\\\/\\\/www.meydan.tv\\\/wp-content\\\/uploads\\\/photo-2024-01-26-15-49-09.jpg\",\"articleSection\":[\"Siyas\u0259t\",\"T\u00f6vsiy\u0259\",\"X\u0259b\u0259rl\u0259r\"],\"inLanguage\":\"az\"},{\"@type\":\"WebPage\",\"@id\":\"https:\\\/\\\/www.meydan.tv\\\/az\\\/article\\\/ev%c9%99z-zeynalli-x%c9%99st%c9%99liy%c9%99-gor%c9%99-h%c9%99bsd%c9%99n-azad-edilib\\\/\",\"url\":\"https:\\\/\\\/www.meydan.tv\\\/az\\\/article\\\/ev%c9%99z-zeynalli-x%c9%99st%c9%99liy%c9%99-gor%c9%99-h%c9%99bsd%c9%99n-azad-edilib\\\/\",\"name\":\"\u018fv\u0259z Zeynall\u0131 x\u0259st\u0259liy\u0259 g\u00f6r\u0259 h\u0259bsd\u0259n azad edilib - MEYDAN.TV\",\"isPartOf\":{\"@id\":\"https:\\\/\\\/www.meydan.tv\\\/az\\\/#website\"},\"primaryImageOfPage\":{\"@id\":\"https:\\\/\\\/www.meydan.tv\\\/az\\\/article\\\/ev%c9%99z-zeynalli-x%c9%99st%c9%99liy%c9%99-gor%c9%99-h%c9%99bsd%c9%99n-azad-edilib\\\/#primaryimage\"},\"image\":{\"@id\":\"https:\\\/\\\/www.meydan.tv\\\/az\\\/article\\\/ev%c9%99z-zeynalli-x%c9%99st%c9%99liy%c9%99-gor%c9%99-h%c9%99bsd%c9%99n-azad-edilib\\\/#primaryimage\"},\"thumbnailUrl\":\"https:\\\/\\\/www.meydan.tv\\\/wp-content\\\/uploads\\\/photo-2024-01-26-15-49-09.jpg\",\"datePublished\":\"2025-04-25T13:06:58+00:00\",\"dateModified\":\"2025-04-25T13:07:01+00:00\",\"breadcrumb\":{\"@id\":\"https:\\\/\\\/www.meydan.tv\\\/az\\\/article\\\/ev%c9%99z-zeynalli-x%c9%99st%c9%99liy%c9%99-gor%c9%99-h%c9%99bsd%c9%99n-azad-edilib\\\/#breadcrumb\"},\"inLanguage\":\"az\",\"potentialAction\":[{\"@type\":\"ReadAction\",\"target\":[\"https:\\\/\\\/www.meydan.tv\\\/az\\\/article\\\/ev%c9%99z-zeynalli-x%c9%99st%c9%99liy%c9%99-gor%c9%99-h%c9%99bsd%c9%99n-azad-edilib\\\/\"]}]},{\"@type\":\"ImageObject\",\"inLanguage\":\"az\",\"@id\":\"https:\\\/\\\/www.meydan.tv\\\/az\\\/article\\\/ev%c9%99z-zeynalli-x%c9%99st%c9%99liy%c9%99-gor%c9%99-h%c9%99bsd%c9%99n-azad-edilib\\\/#primaryimage\",\"url\":\"https:\\\/\\\/www.meydan.tv\\\/wp-content\\\/uploads\\\/photo-2024-01-26-15-49-09.jpg\",\"contentUrl\":\"https:\\\/\\\/www.meydan.tv\\\/wp-content\\\/uploads\\\/photo-2024-01-26-15-49-09.jpg\",\"width\":1200,\"height\":900,\"caption\":\"\u018fv\u0259z Zeynall\u0131. Foto: Meydan TV\"},{\"@type\":\"BreadcrumbList\",\"@id\":\"https:\\\/\\\/www.meydan.tv\\\/az\\\/article\\\/ev%c9%99z-zeynalli-x%c9%99st%c9%99liy%c9%99-gor%c9%99-h%c9%99bsd%c9%99n-azad-edilib\\\/#breadcrumb\",\"itemListElement\":[{\"@type\":\"ListItem\",\"position\":1,\"name\":\"Ana s\u0259hif\u0259\",\"item\":\"https:\\\/\\\/www.meydan.tv\\\/az\\\/\"},{\"@type\":\"ListItem\",\"position\":2,\"name\":\"Siyas\u0259t\",\"item\":\"https:\\\/\\\/www.meydan.tv\\\/az\\\/section\\\/siyaset\\\/\"},{\"@type\":\"ListItem\",\"position\":3,\"name\":\"\u018fv\u0259z Zeynall\u0131 x\u0259st\u0259liy\u0259 g\u00f6r\u0259 h\u0259bsd\u0259n azad edilib\"}]},{\"@type\":\"WebSite\",\"@id\":\"https:\\\/\\\/www.meydan.tv\\\/az\\\/#website\",\"url\":\"https:\\\/\\\/www.meydan.tv\\\/az\\\/\",\"name\":\"MEYDAN.TV\",\"description\":\"Meydan TV Az\u0259rbaycan\u0131n media m\u0259kan\u0131ndak\u0131 alternativ s\u0259sidir\",\"publisher\":{\"@id\":\"https:\\\/\\\/www.meydan.tv\\\/az\\\/#organization\"},\"potentialAction\":[{\"@type\":\"SearchAction\",\"target\":{\"@type\":\"EntryPoint\",\"urlTemplate\":\"https:\\\/\\\/www.meydan.tv\\\/az\\\/?s={search_term_string}\"},\"query-input\":{\"@type\":\"PropertyValueSpecification\",\"valueRequired\":true,\"valueName\":\"search_term_string\"}}],\"inLanguage\":\"az\"},{\"@type\":\"Organization\",\"@id\":\"https:\\\/\\\/www.meydan.tv\\\/az\\\/#organization\",\"name\":\"Meydan TV\",\"url\":\"https:\\\/\\\/www.meydan.tv\\\/az\\\/\",\"logo\":{\"@type\":\"ImageObject\",\"inLanguage\":\"az\",\"@id\":\"https:\\\/\\\/www.meydan.tv\\\/az\\\/#\\\/schema\\\/logo\\\/image\\\/\",\"url\":\"https:\\\/\\\/www.meydan.tv\\\/wp-content\\\/uploads\\\/2021\\\/07\\\/meydan-logo.svg\",\"contentUrl\":\"https:\\\/\\\/www.meydan.tv\\\/wp-content\\\/uploads\\\/2021\\\/07\\\/meydan-logo.svg\",\"width\":195,\"height\":46,\"caption\":\"Meydan TV\"},\"image\":{\"@id\":\"https:\\\/\\\/www.meydan.tv\\\/az\\\/#\\\/schema\\\/logo\\\/image\\\/\"}},{\"@type\":\"Person\",\"@id\":\"https:\\\/\\\/www.meydan.tv\\\/az\\\/#\\\/schema\\\/person\\\/09863e516102a829e72bedcf3f84c6b0\",\"name\":\"mahmud\"}]}<\/script>\n<!-- \/ Yoast SEO plugin. -->","yoast_head_json":{"title":"\u018fv\u0259z Zeynall\u0131 x\u0259st\u0259liy\u0259 g\u00f6r\u0259 h\u0259bsd\u0259n azad edilib - MEYDAN.TV","robots":{"index":"index","follow":"follow","max-snippet":"max-snippet:-1","max-image-preview":"max-image-preview:large","max-video-preview":"max-video-preview:-1"},"canonical":"https:\/\/www.meydan.tv\/az\/article\/ev%c9%99z-zeynalli-x%c9%99st%c9%99liy%c9%99-gor%c9%99-h%c9%99bsd%c9%99n-azad-edilib\/","og_locale":"az_AZ","og_type":"article","og_title":"\u018fv\u0259z Zeynall\u0131 x\u0259st\u0259liy\u0259 g\u00f6r\u0259 h\u0259bsd\u0259n azad edilib - MEYDAN.TV","og_description":"M\u0259hk\u0259m\u0259 x\u0259st\u0259liyi il\u0259 ba\u011fl\u0131 onu c\u0259zadan azad edib \u201cXural\u201d internet ... Davam\u0131","og_url":"https:\/\/www.meydan.tv\/az\/article\/ev%c9%99z-zeynalli-x%c9%99st%c9%99liy%c9%99-gor%c9%99-h%c9%99bsd%c9%99n-azad-edilib\/","og_site_name":"MEYDAN.TV","article_published_time":"2025-04-25T13:06:58+00:00","article_modified_time":"2025-04-25T13:07:01+00:00","og_image":[{"width":1200,"height":900,"url":"https:\/\/www.meydan.tv\/wp-content\/uploads\/photo-2024-01-26-15-49-09.jpg","type":"image\/jpeg"}],"author":"mahmud","twitter_card":"summary_large_image","schema":{"@context":"https:\/\/schema.org","@graph":[{"@type":"Article","@id":"https:\/\/www.meydan.tv\/az\/article\/ev%c9%99z-zeynalli-x%c9%99st%c9%99liy%c9%99-gor%c9%99-h%c9%99bsd%c9%99n-azad-edilib\/#article","isPartOf":{"@id":"https:\/\/www.meydan.tv\/az\/article\/ev%c9%99z-zeynalli-x%c9%99st%c9%99liy%c9%99-gor%c9%99-h%c9%99bsd%c9%99n-azad-edilib\/"},"author":{"name":"mahmud","@id":"https:\/\/www.meydan.tv\/az\/#\/schema\/person\/09863e516102a829e72bedcf3f84c6b0"},"headline":"\u018fv\u0259z Zeynall\u0131 x\u0259st\u0259liy\u0259 g\u00f6r\u0259 h\u0259bsd\u0259n azad edilib","datePublished":"2025-04-25T13:06:58+00:00","dateModified":"2025-04-25T13:07:01+00:00","mainEntityOfPage":{"@id":"https:\/\/www.meydan.tv\/az\/article\/ev%c9%99z-zeynalli-x%c9%99st%c9%99liy%c9%99-gor%c9%99-h%c9%99bsd%c9%99n-azad-edilib\/"},"wordCount":408,"publisher":{"@id":"https:\/\/www.meydan.tv\/az\/#organization"},"image":{"@id":"https:\/\/www.meydan.tv\/az\/article\/ev%c9%99z-zeynalli-x%c9%99st%c9%99liy%c9%99-gor%c9%99-h%c9%99bsd%c9%99n-azad-edilib\/#primaryimage"},"thumbnailUrl":"https:\/\/www.meydan.tv\/wp-content\/uploads\/photo-2024-01-26-15-49-09.jpg","articleSection":["Siyas\u0259t","T\u00f6vsiy\u0259","X\u0259b\u0259rl\u0259r"],"inLanguage":"az"},{"@type":"WebPage","@id":"https:\/\/www.meydan.tv\/az\/article\/ev%c9%99z-zeynalli-x%c9%99st%c9%99liy%c9%99-gor%c9%99-h%c9%99bsd%c9%99n-azad-edilib\/","url":"https:\/\/www.meydan.tv\/az\/article\/ev%c9%99z-zeynalli-x%c9%99st%c9%99liy%c9%99-gor%c9%99-h%c9%99bsd%c9%99n-azad-edilib\/","name":"\u018fv\u0259z Zeynall\u0131 x\u0259st\u0259liy\u0259 g\u00f6r\u0259 h\u0259bsd\u0259n azad edilib - MEYDAN.TV","isPartOf":{"@id":"https:\/\/www.meydan.tv\/az\/#website"},"primaryImageOfPage":{"@id":"https:\/\/www.meydan.tv\/az\/article\/ev%c9%99z-zeynalli-x%c9%99st%c9%99liy%c9%99-gor%c9%99-h%c9%99bsd%c9%99n-azad-edilib\/#primaryimage"},"image":{"@id":"https:\/\/www.meydan.tv\/az\/article\/ev%c9%99z-zeynalli-x%c9%99st%c9%99liy%c9%99-gor%c9%99-h%c9%99bsd%c9%99n-azad-edilib\/#primaryimage"},"thumbnailUrl":"https:\/\/www.meydan.tv\/wp-content\/uploads\/photo-2024-01-26-15-49-09.jpg","datePublished":"2025-04-25T13:06:58+00:00","dateModified":"2025-04-25T13:07:01+00:00","breadcrumb":{"@id":"https:\/\/www.meydan.tv\/az\/article\/ev%c9%99z-zeynalli-x%c9%99st%c9%99liy%c9%99-gor%c9%99-h%c9%99bsd%c9%99n-azad-edilib\/#breadcrumb"},"inLanguage":"az","potentialAction":[{"@type":"ReadAction","target":["https:\/\/www.meydan.tv\/az\/article\/ev%c9%99z-zeynalli-x%c9%99st%c9%99liy%c9%99-gor%c9%99-h%c9%99bsd%c9%99n-azad-edilib\/"]}]},{"@type":"ImageObject","inLanguage":"az","@id":"https:\/\/www.meydan.tv\/az\/article\/ev%c9%99z-zeynalli-x%c9%99st%c9%99liy%c9%99-gor%c9%99-h%c9%99bsd%c9%99n-azad-edilib\/#primaryimage","url":"https:\/\/www.meydan.tv\/wp-content\/uploads\/photo-2024-01-26-15-49-09.jpg","contentUrl":"https:\/\/www.meydan.tv\/wp-content\/uploads\/photo-2024-01-26-15-49-09.jpg","width":1200,"height":900,"caption":"\u018fv\u0259z Zeynall\u0131. Foto: Meydan TV"},{"@type":"BreadcrumbList","@id":"https:\/\/www.meydan.tv\/az\/article\/ev%c9%99z-zeynalli-x%c9%99st%c9%99liy%c9%99-gor%c9%99-h%c9%99bsd%c9%99n-azad-edilib\/#breadcrumb","itemListElement":[{"@type":"ListItem","position":1,"name":"Ana s\u0259hif\u0259","item":"https:\/\/www.meydan.tv\/az\/"},{"@type":"ListItem","position":2,"name":"Siyas\u0259t","item":"https:\/\/www.meydan.tv\/az\/section\/siyaset\/"},{"@type":"ListItem","position":3,"name":"\u018fv\u0259z Zeynall\u0131 x\u0259st\u0259liy\u0259 g\u00f6r\u0259 h\u0259bsd\u0259n azad edilib"}]},{"@type":"WebSite","@id":"https:\/\/www.meydan.tv\/az\/#website","url":"https:\/\/www.meydan.tv\/az\/","name":"MEYDAN.TV","description":"Meydan TV Az\u0259rbaycan\u0131n media m\u0259kan\u0131ndak\u0131 alternativ s\u0259sidir","publisher":{"@id":"https:\/\/www.meydan.tv\/az\/#organization"},"potentialAction":[{"@type":"SearchAction","target":{"@type":"EntryPoint","urlTemplate":"https:\/\/www.meydan.tv\/az\/?s={search_term_string}"},"query-input":{"@type":"PropertyValueSpecification","valueRequired":true,"valueName":"search_term_string"}}],"inLanguage":"az"},{"@type":"Organization","@id":"https:\/\/www.meydan.tv\/az\/#organization","name":"Meydan TV","url":"https:\/\/www.meydan.tv\/az\/","logo":{"@type":"ImageObject","inLanguage":"az","@id":"https:\/\/www.meydan.tv\/az\/#\/schema\/logo\/image\/","url":"https:\/\/www.meydan.tv\/wp-content\/uploads\/2021\/07\/meydan-logo.svg","contentUrl":"https:\/\/www.meydan.tv\/wp-content\/uploads\/2021\/07\/meydan-logo.svg","width":195,"height":46,"caption":"Meydan TV"},"image":{"@id":"https:\/\/www.meydan.tv\/az\/#\/schema\/logo\/image\/"}},{"@type":"Person","@id":"https:\/\/www.meydan.tv\/az\/#\/schema\/person\/09863e516102a829e72bedcf3f84c6b0","name":"mahmud"}]}},"_links":{"self":[{"href":"https:\/\/www.meydan.tv\/az\/wp-json\/wp\/v2\/posts\/329265","targetHints":{"allow":["GET"]}}],"collection":[{"href":"https:\/\/www.meydan.tv\/az\/wp-json\/wp\/v2\/posts"}],"about":[{"href":"https:\/\/www.meydan.tv\/az\/wp-json\/wp\/v2\/types\/post"}],"author":[{"embeddable":true,"href":"https:\/\/www.meydan.tv\/az\/wp-json\/wp\/v2\/users\/21"}],"replies":[{"embeddable":true,"href":"https:\/\/www.meydan.tv\/az\/wp-json\/wp\/v2\/comments?post=329265"}],"version-history":[{"count":2,"href":"https:\/\/www.meydan.tv\/az\/wp-json\/wp\/v2\/posts\/329265\/revisions"}],"predecessor-version":[{"id":329267,"href":"https:\/\/www.meydan.tv\/az\/wp-json\/wp\/v2\/posts\/329265\/revisions\/329267"}],"wp:featuredmedia":[{"embeddable":true,"href":"https:\/\/www.meydan.tv\/az\/wp-json\/wp\/v2\/media\/296310"}],"wp:attachment":[{"href":"https:\/\/www.meydan.tv\/az\/wp-json\/wp\/v2\/media?parent=329265"}],"wp:term":[{"taxonomy":"category","embeddable":true,"href":"https:\/\/www.meydan.tv\/az\/wp-json\/wp\/v2\/categories?post=329265"},{"taxonomy":"post_tag","embeddable":true,"href":"https:\/\/www.meydan.tv\/az\/wp-json\/wp\/v2\/tags?post=329265"}],"curies":[{"name":"wp","href":"https:\/\/api.w.org\/{rel}","templated":true}]}}