{"id":329263,"date":"2025-04-25T17:00:05","date_gmt":"2025-04-25T13:00:05","guid":{"rendered":"https:\/\/www.meydan.tv\/?p=329263"},"modified":"2025-04-25T17:00:09","modified_gmt":"2025-04-25T13:00:09","slug":"norvec-helsinki-komit%c9%99si-tofiq-yaqublunu-azadliga-buraxmaga-cagirib","status":"publish","type":"post","link":"https:\/\/www.meydan.tv\/az\/article\/norvec-helsinki-komit%c9%99si-tofiq-yaqublunu-azadliga-buraxmaga-cagirib\/","title":{"rendered":"Norve\u00e7 Helsinki Komit\u0259si Tofiq Yaqublunu azadl\u0131\u011fa buraxma\u011fa \u00e7a\u011f\u0131r\u0131b"},"content":{"rendered":"\n<p><\/p>\n\n\n\n<p><strong><em>\u201cOnun sa\u011flaml\u0131\u011f\u0131 t\u0259hl\u00fck\u0259 alt\u0131ndad\u0131r\u201d<\/em><\/strong><strong><\/strong><\/p>\n\n\n\n<p>Beyn\u0259lxalq \u0130nsan Haqlar\u0131 T\u0259\u015fkilat\u0131 Norve\u00e7 Helsinki Komit\u0259si Az\u0259rbaycan h\u00f6kum\u0259tini h\u0259bsd\u0259 acl\u0131q aksiyas\u0131 ke\u00e7ir\u0259n Tofiq Yaqublunu d\u0259rhal azadl\u0131\u011fa buraxma\u011fa <a href=\"https:\/\/www.facebook.com\/photo?fbid=1092315956259096&amp;set=a.363156999174999\">\u00e7a\u011f\u0131r\u0131b<\/a>.<\/p>\n\n\n\n<p>B\u0259yanatda bildirilib ki, M\u00fcsavat Partiyas\u0131n\u0131n v\u0259 Milli \u015euran\u0131n \u00fczv\u00fc Tofiq Yaqublunun s\u0259hh\u0259ti, ya\u015f\u0131 v\u0259 onillikl\u0259r boyu f\u0259aliyy\u0259tinin qeyri-zorak\u0131 xarakterini n\u0259z\u0259r\u0259 alaraq, onun azad olunmas\u0131 h\u0259m \u0259h\u0259miyy\u0259tli humanitar jest olar, h\u0259m d\u0259 m\u00fcmk\u00fcn faci\u0259ni \u00f6nl\u0259y\u0259 bil\u0259r.<\/p>\n\n\n\n<p><em>\u201cAcl\u0131q aksiyas\u0131ndak\u0131 h\u0259r g\u00fcn onu geri d\u00f6n\u00fc\u015f\u00fc olmayan sa\u011flaml\u0131q probleml\u0259rin\u0259 bir add\u0131m da yax\u0131nla\u015fd\u0131r\u0131r \u2013 onun sa\u011flaml\u0131\u011f\u0131 t\u0259hl\u00fck\u0259 alt\u0131ndad\u0131r\u201d,<\/em> &#8211; komit\u0259nin b\u0259yanat\u0131nda deyilir.<\/p>\n\n\n\n<p>Bu g\u00fcn, aprelin 25-d\u0259 Avropa \u015euras\u0131 Parlament Assambleyas\u0131n\u0131n (A\u015ePA) Almaniyadan olan deputat\u0131 Frank \u015evabe d\u0259 Tofiq Yaqubluya azadl\u0131q <a href=\"https:\/\/storage.googleapis.com\/qurium\/www.meydan.tv\/az-article-frank-svabe-tofiq-yaqubluya-azadliq-t%c9%99l%c9%99b-edib.html\">t\u0259l\u0259b edib.<\/a><\/p>\n\n\n\n<p><em>\u201cTofiq Yaqublu Az\u0259rbaycanda daha da artan \u00f6zba\u015f\u0131nal\u0131\u011f\u0131n x\u00fcsusil\u0259 ac\u0131nacaql\u0131 n\u00fcmun\u0259sidir. O, haqs\u0131z yer\u0259 h\u0259bs edilib.&nbsp; H\u0259yat\u0131 t\u0259hl\u00fck\u0259d\u0259dir. O, d\u0259rhal azad edilm\u0259lidir\u201d,<\/em> \u2013 \u015evabe bildirib.<\/p>\n\n\n\n<p>Tofiq Yaqublu 2023-c\u00fc il dekabr\u0131n 14-d\u0259 h\u0259bs edilib.<\/p>\n\n\n\n<p>Ona qar\u015f\u0131 Cinay\u0259t M\u0259c\u0259ll\u0259sinin 178.3.2-ci (d\u0259l\u0259duzluq \u2013 k\u00fclli miqdarda ziyan vurmaqla t\u00f6r\u0259dildikd\u0259), 320-ci (r\u0259smi s\u0259n\u0259dl\u0259ri, d\u00f6vl\u0259t t\u0259ltifl\u0259rini, m\u00f6h\u00fcrl\u0259ri, \u015ftamplar\u0131, blanklar\u0131 saxtala\u015fd\u0131rma, qanunsuz haz\u0131rlama, satma v\u0259 ya saxta s\u0259n\u0259dl\u0259rd\u0259n istifad\u0259 etm\u0259), 320.1-ci (h\u00fcquq ver\u0259n v\u0259 ya v\u0259zif\u0259d\u0259n azad ed\u0259n v\u0259siq\u0259ni v\u0259 ya dig\u0259r r\u0259smi s\u0259n\u0259di istifad\u0259 etm\u0259k m\u0259qs\u0259di il\u0259 saxtala\u015fd\u0131rma v\u0259 ya qanunsuz haz\u0131rlama, yaxud bu c\u00fcr s\u0259n\u0259di satma, habel\u0259 eyni m\u0259qs\u0259dl\u0259 Az\u0259rbaycan Respublikas\u0131n\u0131n saxta d\u00f6vl\u0259t t\u0259ltifini, \u015ftamp\u0131, m\u00f6h\u00fcr\u00fc, blank\u0131 haz\u0131rlama v\u0259 ya satma) v\u0259 320.2-ci (bu M\u0259c\u0259ll\u0259nin 320.1-ci madd\u0259sind\u0259 g\u00f6st\u0259rilmi\u015f bil\u0259-bil\u0259 saxta s\u0259n\u0259dl\u0259rd\u0259n istifad\u0259 etm\u0259) madd\u0259l\u0259ri il\u0259 ittiham ir\u0259li s\u00fcr\u00fcl\u00fcb.<\/p>\n\n\n\n<p>2025-ci il mart\u0131n 10-da Bak\u0131 A\u011f\u0131r Cinay\u0259tl\u0259r M\u0259hk\u0259m\u0259si Tofiq Yaqublunu 9 il azadl\u0131qdan m\u0259hrum edib. O, q\u0259rara etiraz olaraq aprelin 1-d\u0259n acl\u0131q elan edir.<\/p>\n","protected":false},"excerpt":{"rendered":"<p>\u201cOnun sa\u011flaml\u0131\u011f\u0131 t\u0259hl\u00fck\u0259 alt\u0131ndad\u0131r\u201d Beyn\u0259lxalq \u0130nsan Haqlar\u0131 T\u0259\u015fkilat\u0131 Norve\u00e7 Helsinki &#8230; <\/p>\n<p class=\"read-more-container\"><a title=\"Norve\u00e7 Helsinki Komit\u0259si Tofiq Yaqublunu azadl\u0131\u011fa buraxma\u011fa \u00e7a\u011f\u0131r\u0131b\" class=\"read-more button\" href=\"https:\/\/www.meydan.tv\/az\/article\/norvec-helsinki-komit%c9%99si-tofiq-yaqublunu-azadliga-buraxmaga-cagirib\/#more-329263\" aria-label=\"Read more about Norve\u00e7 Helsinki Komit\u0259si Tofiq Yaqublunu azadl\u0131\u011fa buraxma\u011fa \u00e7a\u011f\u0131r\u0131b\">Davam\u0131<\/a><\/p>\n","protected":false},"author":21,"featured_media":329209,"comment_status":"closed","ping_status":"closed","sticky":false,"template":"","format":"standard","meta":{"_acf_changed":false,"_sitemap_exclude":false,"_sitemap_priority":"","_sitemap_frequency":"","footnotes":""},"categories":[59,79,56],"tags":[],"class_list":["post-329263","post","type-post","status-publish","format-standard","has-post-thumbnail","hentry","category-siyaset","category-featured","category-xeberler","infinite-scroll-item","generate-columns","tablet-grid-50","mobile-grid-100","grid-parent","grid-33","no-featured-image-padding"],"acf":[],"yoast_head":"<!-- This site is optimized with the Yoast SEO plugin v27.5 - https:\/\/yoast.com\/product\/yoast-seo-wordpress\/ -->\n<title>Norve\u00e7 Helsinki Komit\u0259si Tofiq Yaqublunu azadl\u0131\u011fa buraxma\u011fa \u00e7a\u011f\u0131r\u0131b - MEYDAN.TV<\/title>\n<meta name=\"robots\" content=\"index, follow, max-snippet:-1, max-image-preview:large, max-video-preview:-1\" \/>\n<link rel=\"canonical\" href=\"https:\/\/www.meydan.tv\/az\/article\/norvec-helsinki-komit%c9%99si-tofiq-yaqublunu-azadliga-buraxmaga-cagirib\/\" \/>\n<meta property=\"og:locale\" content=\"az_AZ\" \/>\n<meta property=\"og:type\" content=\"article\" \/>\n<meta property=\"og:title\" content=\"Norve\u00e7 Helsinki Komit\u0259si Tofiq Yaqublunu azadl\u0131\u011fa buraxma\u011fa \u00e7a\u011f\u0131r\u0131b - MEYDAN.TV\" \/>\n<meta property=\"og:description\" content=\"\u201cOnun sa\u011flaml\u0131\u011f\u0131 t\u0259hl\u00fck\u0259 alt\u0131ndad\u0131r\u201d Beyn\u0259lxalq \u0130nsan Haqlar\u0131 T\u0259\u015fkilat\u0131 Norve\u00e7 Helsinki ... Davam\u0131\" \/>\n<meta property=\"og:url\" content=\"https:\/\/www.meydan.tv\/az\/article\/norvec-helsinki-komit%c9%99si-tofiq-yaqublunu-azadliga-buraxmaga-cagirib\/\" \/>\n<meta property=\"og:site_name\" content=\"MEYDAN.TV\" \/>\n<meta property=\"article:published_time\" content=\"2025-04-25T13:00:05+00:00\" \/>\n<meta property=\"article:modified_time\" content=\"2025-04-25T13:00:09+00:00\" \/>\n<meta property=\"og:image\" content=\"https:\/\/www.meydan.tv\/wp-content\/uploads\/6757.png\" \/>\n\t<meta property=\"og:image:width\" content=\"1179\" \/>\n\t<meta property=\"og:image:height\" content=\"576\" \/>\n\t<meta property=\"og:image:type\" content=\"image\/png\" \/>\n<meta name=\"author\" content=\"mahmud\" \/>\n<meta name=\"twitter:card\" content=\"summary_large_image\" \/>\n<script type=\"application\/ld+json\" class=\"yoast-schema-graph\">{\"@context\":\"https:\\\/\\\/schema.org\",\"@graph\":[{\"@type\":\"Article\",\"@id\":\"https:\\\/\\\/www.meydan.tv\\\/az\\\/article\\\/norvec-helsinki-komit%c9%99si-tofiq-yaqublunu-azadliga-buraxmaga-cagirib\\\/#article\",\"isPartOf\":{\"@id\":\"https:\\\/\\\/www.meydan.tv\\\/az\\\/article\\\/norvec-helsinki-komit%c9%99si-tofiq-yaqublunu-azadliga-buraxmaga-cagirib\\\/\"},\"author\":{\"name\":\"mahmud\",\"@id\":\"https:\\\/\\\/www.meydan.tv\\\/az\\\/#\\\/schema\\\/person\\\/09863e516102a829e72bedcf3f84c6b0\"},\"headline\":\"Norve\u00e7 Helsinki Komit\u0259si Tofiq Yaqublunu azadl\u0131\u011fa buraxma\u011fa \u00e7a\u011f\u0131r\u0131b\",\"datePublished\":\"2025-04-25T13:00:05+00:00\",\"dateModified\":\"2025-04-25T13:00:09+00:00\",\"mainEntityOfPage\":{\"@id\":\"https:\\\/\\\/www.meydan.tv\\\/az\\\/article\\\/norvec-helsinki-komit%c9%99si-tofiq-yaqublunu-azadliga-buraxmaga-cagirib\\\/\"},\"wordCount\":432,\"publisher\":{\"@id\":\"https:\\\/\\\/www.meydan.tv\\\/az\\\/#organization\"},\"image\":{\"@id\":\"https:\\\/\\\/www.meydan.tv\\\/az\\\/article\\\/norvec-helsinki-komit%c9%99si-tofiq-yaqublunu-azadliga-buraxmaga-cagirib\\\/#primaryimage\"},\"thumbnailUrl\":\"https:\\\/\\\/www.meydan.tv\\\/wp-content\\\/uploads\\\/6757.png\",\"articleSection\":[\"Siyas\u0259t\",\"T\u00f6vsiy\u0259\",\"X\u0259b\u0259rl\u0259r\"],\"inLanguage\":\"az\"},{\"@type\":\"WebPage\",\"@id\":\"https:\\\/\\\/www.meydan.tv\\\/az\\\/article\\\/norvec-helsinki-komit%c9%99si-tofiq-yaqublunu-azadliga-buraxmaga-cagirib\\\/\",\"url\":\"https:\\\/\\\/www.meydan.tv\\\/az\\\/article\\\/norvec-helsinki-komit%c9%99si-tofiq-yaqublunu-azadliga-buraxmaga-cagirib\\\/\",\"name\":\"Norve\u00e7 Helsinki Komit\u0259si Tofiq Yaqublunu azadl\u0131\u011fa buraxma\u011fa \u00e7a\u011f\u0131r\u0131b - MEYDAN.TV\",\"isPartOf\":{\"@id\":\"https:\\\/\\\/www.meydan.tv\\\/az\\\/#website\"},\"primaryImageOfPage\":{\"@id\":\"https:\\\/\\\/www.meydan.tv\\\/az\\\/article\\\/norvec-helsinki-komit%c9%99si-tofiq-yaqublunu-azadliga-buraxmaga-cagirib\\\/#primaryimage\"},\"image\":{\"@id\":\"https:\\\/\\\/www.meydan.tv\\\/az\\\/article\\\/norvec-helsinki-komit%c9%99si-tofiq-yaqublunu-azadliga-buraxmaga-cagirib\\\/#primaryimage\"},\"thumbnailUrl\":\"https:\\\/\\\/www.meydan.tv\\\/wp-content\\\/uploads\\\/6757.png\",\"datePublished\":\"2025-04-25T13:00:05+00:00\",\"dateModified\":\"2025-04-25T13:00:09+00:00\",\"breadcrumb\":{\"@id\":\"https:\\\/\\\/www.meydan.tv\\\/az\\\/article\\\/norvec-helsinki-komit%c9%99si-tofiq-yaqublunu-azadliga-buraxmaga-cagirib\\\/#breadcrumb\"},\"inLanguage\":\"az\",\"potentialAction\":[{\"@type\":\"ReadAction\",\"target\":[\"https:\\\/\\\/www.meydan.tv\\\/az\\\/article\\\/norvec-helsinki-komit%c9%99si-tofiq-yaqublunu-azadliga-buraxmaga-cagirib\\\/\"]}]},{\"@type\":\"ImageObject\",\"inLanguage\":\"az\",\"@id\":\"https:\\\/\\\/www.meydan.tv\\\/az\\\/article\\\/norvec-helsinki-komit%c9%99si-tofiq-yaqublunu-azadliga-buraxmaga-cagirib\\\/#primaryimage\",\"url\":\"https:\\\/\\\/www.meydan.tv\\\/wp-content\\\/uploads\\\/6757.png\",\"contentUrl\":\"https:\\\/\\\/www.meydan.tv\\\/wp-content\\\/uploads\\\/6757.png\",\"width\":1179,\"height\":576,\"caption\":\"Tofiq Yaqublu - Foto: Facebook \u015f\u0259xsi arxivind\u0259n\"},{\"@type\":\"BreadcrumbList\",\"@id\":\"https:\\\/\\\/www.meydan.tv\\\/az\\\/article\\\/norvec-helsinki-komit%c9%99si-tofiq-yaqublunu-azadliga-buraxmaga-cagirib\\\/#breadcrumb\",\"itemListElement\":[{\"@type\":\"ListItem\",\"position\":1,\"name\":\"Ana s\u0259hif\u0259\",\"item\":\"https:\\\/\\\/www.meydan.tv\\\/az\\\/\"},{\"@type\":\"ListItem\",\"position\":2,\"name\":\"Siyas\u0259t\",\"item\":\"https:\\\/\\\/www.meydan.tv\\\/az\\\/section\\\/siyaset\\\/\"},{\"@type\":\"ListItem\",\"position\":3,\"name\":\"Norve\u00e7 Helsinki Komit\u0259si Tofiq Yaqublunu azadl\u0131\u011fa buraxma\u011fa \u00e7a\u011f\u0131r\u0131b\"}]},{\"@type\":\"WebSite\",\"@id\":\"https:\\\/\\\/www.meydan.tv\\\/az\\\/#website\",\"url\":\"https:\\\/\\\/www.meydan.tv\\\/az\\\/\",\"name\":\"MEYDAN.TV\",\"description\":\"Meydan TV Az\u0259rbaycan\u0131n media m\u0259kan\u0131ndak\u0131 alternativ s\u0259sidir\",\"publisher\":{\"@id\":\"https:\\\/\\\/www.meydan.tv\\\/az\\\/#organization\"},\"potentialAction\":[{\"@type\":\"SearchAction\",\"target\":{\"@type\":\"EntryPoint\",\"urlTemplate\":\"https:\\\/\\\/www.meydan.tv\\\/az\\\/?s={search_term_string}\"},\"query-input\":{\"@type\":\"PropertyValueSpecification\",\"valueRequired\":true,\"valueName\":\"search_term_string\"}}],\"inLanguage\":\"az\"},{\"@type\":\"Organization\",\"@id\":\"https:\\\/\\\/www.meydan.tv\\\/az\\\/#organization\",\"name\":\"Meydan TV\",\"url\":\"https:\\\/\\\/www.meydan.tv\\\/az\\\/\",\"logo\":{\"@type\":\"ImageObject\",\"inLanguage\":\"az\",\"@id\":\"https:\\\/\\\/www.meydan.tv\\\/az\\\/#\\\/schema\\\/logo\\\/image\\\/\",\"url\":\"https:\\\/\\\/www.meydan.tv\\\/wp-content\\\/uploads\\\/2021\\\/07\\\/meydan-logo.svg\",\"contentUrl\":\"https:\\\/\\\/www.meydan.tv\\\/wp-content\\\/uploads\\\/2021\\\/07\\\/meydan-logo.svg\",\"width\":195,\"height\":46,\"caption\":\"Meydan TV\"},\"image\":{\"@id\":\"https:\\\/\\\/www.meydan.tv\\\/az\\\/#\\\/schema\\\/logo\\\/image\\\/\"}},{\"@type\":\"Person\",\"@id\":\"https:\\\/\\\/www.meydan.tv\\\/az\\\/#\\\/schema\\\/person\\\/09863e516102a829e72bedcf3f84c6b0\",\"name\":\"mahmud\"}]}<\/script>\n<!-- \/ Yoast SEO plugin. -->","yoast_head_json":{"title":"Norve\u00e7 Helsinki Komit\u0259si Tofiq Yaqublunu azadl\u0131\u011fa buraxma\u011fa \u00e7a\u011f\u0131r\u0131b - MEYDAN.TV","robots":{"index":"index","follow":"follow","max-snippet":"max-snippet:-1","max-image-preview":"max-image-preview:large","max-video-preview":"max-video-preview:-1"},"canonical":"https:\/\/www.meydan.tv\/az\/article\/norvec-helsinki-komit%c9%99si-tofiq-yaqublunu-azadliga-buraxmaga-cagirib\/","og_locale":"az_AZ","og_type":"article","og_title":"Norve\u00e7 Helsinki Komit\u0259si Tofiq Yaqublunu azadl\u0131\u011fa buraxma\u011fa \u00e7a\u011f\u0131r\u0131b - MEYDAN.TV","og_description":"\u201cOnun sa\u011flaml\u0131\u011f\u0131 t\u0259hl\u00fck\u0259 alt\u0131ndad\u0131r\u201d Beyn\u0259lxalq \u0130nsan Haqlar\u0131 T\u0259\u015fkilat\u0131 Norve\u00e7 Helsinki ... Davam\u0131","og_url":"https:\/\/www.meydan.tv\/az\/article\/norvec-helsinki-komit%c9%99si-tofiq-yaqublunu-azadliga-buraxmaga-cagirib\/","og_site_name":"MEYDAN.TV","article_published_time":"2025-04-25T13:00:05+00:00","article_modified_time":"2025-04-25T13:00:09+00:00","og_image":[{"width":1179,"height":576,"url":"https:\/\/www.meydan.tv\/wp-content\/uploads\/6757.png","type":"image\/png"}],"author":"mahmud","twitter_card":"summary_large_image","schema":{"@context":"https:\/\/schema.org","@graph":[{"@type":"Article","@id":"https:\/\/www.meydan.tv\/az\/article\/norvec-helsinki-komit%c9%99si-tofiq-yaqublunu-azadliga-buraxmaga-cagirib\/#article","isPartOf":{"@id":"https:\/\/www.meydan.tv\/az\/article\/norvec-helsinki-komit%c9%99si-tofiq-yaqublunu-azadliga-buraxmaga-cagirib\/"},"author":{"name":"mahmud","@id":"https:\/\/www.meydan.tv\/az\/#\/schema\/person\/09863e516102a829e72bedcf3f84c6b0"},"headline":"Norve\u00e7 Helsinki Komit\u0259si Tofiq Yaqublunu azadl\u0131\u011fa buraxma\u011fa \u00e7a\u011f\u0131r\u0131b","datePublished":"2025-04-25T13:00:05+00:00","dateModified":"2025-04-25T13:00:09+00:00","mainEntityOfPage":{"@id":"https:\/\/www.meydan.tv\/az\/article\/norvec-helsinki-komit%c9%99si-tofiq-yaqublunu-azadliga-buraxmaga-cagirib\/"},"wordCount":432,"publisher":{"@id":"https:\/\/www.meydan.tv\/az\/#organization"},"image":{"@id":"https:\/\/www.meydan.tv\/az\/article\/norvec-helsinki-komit%c9%99si-tofiq-yaqublunu-azadliga-buraxmaga-cagirib\/#primaryimage"},"thumbnailUrl":"https:\/\/www.meydan.tv\/wp-content\/uploads\/6757.png","articleSection":["Siyas\u0259t","T\u00f6vsiy\u0259","X\u0259b\u0259rl\u0259r"],"inLanguage":"az"},{"@type":"WebPage","@id":"https:\/\/www.meydan.tv\/az\/article\/norvec-helsinki-komit%c9%99si-tofiq-yaqublunu-azadliga-buraxmaga-cagirib\/","url":"https:\/\/www.meydan.tv\/az\/article\/norvec-helsinki-komit%c9%99si-tofiq-yaqublunu-azadliga-buraxmaga-cagirib\/","name":"Norve\u00e7 Helsinki Komit\u0259si Tofiq Yaqublunu azadl\u0131\u011fa buraxma\u011fa \u00e7a\u011f\u0131r\u0131b - MEYDAN.TV","isPartOf":{"@id":"https:\/\/www.meydan.tv\/az\/#website"},"primaryImageOfPage":{"@id":"https:\/\/www.meydan.tv\/az\/article\/norvec-helsinki-komit%c9%99si-tofiq-yaqublunu-azadliga-buraxmaga-cagirib\/#primaryimage"},"image":{"@id":"https:\/\/www.meydan.tv\/az\/article\/norvec-helsinki-komit%c9%99si-tofiq-yaqublunu-azadliga-buraxmaga-cagirib\/#primaryimage"},"thumbnailUrl":"https:\/\/www.meydan.tv\/wp-content\/uploads\/6757.png","datePublished":"2025-04-25T13:00:05+00:00","dateModified":"2025-04-25T13:00:09+00:00","breadcrumb":{"@id":"https:\/\/www.meydan.tv\/az\/article\/norvec-helsinki-komit%c9%99si-tofiq-yaqublunu-azadliga-buraxmaga-cagirib\/#breadcrumb"},"inLanguage":"az","potentialAction":[{"@type":"ReadAction","target":["https:\/\/www.meydan.tv\/az\/article\/norvec-helsinki-komit%c9%99si-tofiq-yaqublunu-azadliga-buraxmaga-cagirib\/"]}]},{"@type":"ImageObject","inLanguage":"az","@id":"https:\/\/www.meydan.tv\/az\/article\/norvec-helsinki-komit%c9%99si-tofiq-yaqublunu-azadliga-buraxmaga-cagirib\/#primaryimage","url":"https:\/\/www.meydan.tv\/wp-content\/uploads\/6757.png","contentUrl":"https:\/\/www.meydan.tv\/wp-content\/uploads\/6757.png","width":1179,"height":576,"caption":"Tofiq Yaqublu - Foto: Facebook \u015f\u0259xsi arxivind\u0259n"},{"@type":"BreadcrumbList","@id":"https:\/\/www.meydan.tv\/az\/article\/norvec-helsinki-komit%c9%99si-tofiq-yaqublunu-azadliga-buraxmaga-cagirib\/#breadcrumb","itemListElement":[{"@type":"ListItem","position":1,"name":"Ana s\u0259hif\u0259","item":"https:\/\/www.meydan.tv\/az\/"},{"@type":"ListItem","position":2,"name":"Siyas\u0259t","item":"https:\/\/www.meydan.tv\/az\/section\/siyaset\/"},{"@type":"ListItem","position":3,"name":"Norve\u00e7 Helsinki Komit\u0259si Tofiq Yaqublunu azadl\u0131\u011fa buraxma\u011fa \u00e7a\u011f\u0131r\u0131b"}]},{"@type":"WebSite","@id":"https:\/\/www.meydan.tv\/az\/#website","url":"https:\/\/www.meydan.tv\/az\/","name":"MEYDAN.TV","description":"Meydan TV Az\u0259rbaycan\u0131n media m\u0259kan\u0131ndak\u0131 alternativ s\u0259sidir","publisher":{"@id":"https:\/\/www.meydan.tv\/az\/#organization"},"potentialAction":[{"@type":"SearchAction","target":{"@type":"EntryPoint","urlTemplate":"https:\/\/www.meydan.tv\/az\/?s={search_term_string}"},"query-input":{"@type":"PropertyValueSpecification","valueRequired":true,"valueName":"search_term_string"}}],"inLanguage":"az"},{"@type":"Organization","@id":"https:\/\/www.meydan.tv\/az\/#organization","name":"Meydan TV","url":"https:\/\/www.meydan.tv\/az\/","logo":{"@type":"ImageObject","inLanguage":"az","@id":"https:\/\/www.meydan.tv\/az\/#\/schema\/logo\/image\/","url":"https:\/\/www.meydan.tv\/wp-content\/uploads\/2021\/07\/meydan-logo.svg","contentUrl":"https:\/\/www.meydan.tv\/wp-content\/uploads\/2021\/07\/meydan-logo.svg","width":195,"height":46,"caption":"Meydan TV"},"image":{"@id":"https:\/\/www.meydan.tv\/az\/#\/schema\/logo\/image\/"}},{"@type":"Person","@id":"https:\/\/www.meydan.tv\/az\/#\/schema\/person\/09863e516102a829e72bedcf3f84c6b0","name":"mahmud"}]}},"_links":{"self":[{"href":"https:\/\/www.meydan.tv\/az\/wp-json\/wp\/v2\/posts\/329263","targetHints":{"allow":["GET"]}}],"collection":[{"href":"https:\/\/www.meydan.tv\/az\/wp-json\/wp\/v2\/posts"}],"about":[{"href":"https:\/\/www.meydan.tv\/az\/wp-json\/wp\/v2\/types\/post"}],"author":[{"embeddable":true,"href":"https:\/\/www.meydan.tv\/az\/wp-json\/wp\/v2\/users\/21"}],"replies":[{"embeddable":true,"href":"https:\/\/www.meydan.tv\/az\/wp-json\/wp\/v2\/comments?post=329263"}],"version-history":[{"count":1,"href":"https:\/\/www.meydan.tv\/az\/wp-json\/wp\/v2\/posts\/329263\/revisions"}],"predecessor-version":[{"id":329264,"href":"https:\/\/www.meydan.tv\/az\/wp-json\/wp\/v2\/posts\/329263\/revisions\/329264"}],"wp:featuredmedia":[{"embeddable":true,"href":"https:\/\/www.meydan.tv\/az\/wp-json\/wp\/v2\/media\/329209"}],"wp:attachment":[{"href":"https:\/\/www.meydan.tv\/az\/wp-json\/wp\/v2\/media?parent=329263"}],"wp:term":[{"taxonomy":"category","embeddable":true,"href":"https:\/\/www.meydan.tv\/az\/wp-json\/wp\/v2\/categories?post=329263"},{"taxonomy":"post_tag","embeddable":true,"href":"https:\/\/www.meydan.tv\/az\/wp-json\/wp\/v2\/tags?post=329263"}],"curies":[{"name":"wp","href":"https:\/\/api.w.org\/{rel}","templated":true}]}}