{"id":329223,"date":"2025-04-24T17:19:27","date_gmt":"2025-04-24T13:19:27","guid":{"rendered":"https:\/\/www.meydan.tv\/?p=329223"},"modified":"2025-04-25T18:38:55","modified_gmt":"2025-04-25T14:38:55","slug":"toplum-tv-isi-azad-medianin-tabutuna-vurulan-mismarin-s%c9%99si-butun-dunyani-buruyub","status":"publish","type":"post","link":"https:\/\/www.meydan.tv\/az\/article\/toplum-tv-isi-azad-medianin-tabutuna-vurulan-mismarin-s%c9%99si-butun-dunyani-buruyub\/","title":{"rendered":"\u201cToplum TV i\u015fi\u201d: &#8220;Azad median\u0131n tabutuna vurulan mismar\u0131n s\u0259si b\u00fct\u00fcn d\u00fcnyan\u0131 b\u00fcr\u00fcy\u00fcb&#8221;"},"content":{"rendered":"\n<figure class=\"wp-block-embed is-type-video is-provider-youtube wp-block-embed-youtube wp-embed-aspect-16-9 wp-has-aspect-ratio\"><div class=\"wp-block-embed__wrapper\">\n<iframe title=\"Toplum TV i\u015fi: Hakim \u0130lham \u018fliyevi m\u0259hk\u0259m\u0259y\u0259 g\u0259tirm\u0259kd\u0259n imtina etdi\" width=\"1200\" height=\"675\" data-src=\"https:\/\/www.youtube.com\/embed\/KaHltmWDLMY?feature=oembed\" frameborder=\"0\" allow=\"accelerometer; autoplay; clipboard-write; encrypted-media; gyroscope; picture-in-picture; web-share\" referrerpolicy=\"strict-origin-when-cross-origin\" allowfullscreen src=\"data:image\/svg+xml;base64,PHN2ZyB3aWR0aD0iMSIgaGVpZ2h0PSIxIiB4bWxucz0iaHR0cDovL3d3dy53My5vcmcvMjAwMC9zdmciPjwvc3ZnPg==\" class=\"lazyload\" data-load-mode=\"1\"><\/iframe>\n<\/div><\/figure>\n\n\n\n<p><strong><em>\u201cPrezident \u0130lham \u018fliyev bizi \u201cqa\u00e7aqmal\u00e7\u0131\u201d adland\u0131raraq t\u0259qsizsizlik prezumpsiyas\u0131n\u0131 pozub\u201d<\/em><\/strong><\/p>\n\n\n\n<p>Bu g\u00fcn, aprelin 24-d\u0259 \u201cToplum TV i\u015fi\u201d \u00fczr\u0259 m\u0259hk\u0259m\u0259 prosesi ke\u00e7irilib.<\/p>\n\n\n\n<p>Bak\u0131 A\u011f\u0131r Cinay\u0259tl\u0259r M\u0259hk\u0259m\u0259sind\u0259 hakim Az\u0259r Ta\u011f\u0131yevin s\u0259drliyi il\u0259 ke\u00e7\u0259n prosesd\u0259 t\u0259qsirl\u0259ndiril\u0259n \u015f\u0259xsl\u0259r cinay\u0259t i\u015fin\u0259 xitam verilm\u0259si, bu olmayaca\u011f\u0131 t\u0259qdird\u0259 is\u0259 ev dustaql\u0131\u011f\u0131na burax\u0131lmalar\u0131 haqda v\u0259sat\u0259t veribl\u0259r.<\/p>\n\n\n\n<p>Eyni v\u0259sat\u0259tl\u0259 ba\u011fl\u0131 \u201cToplum TV\u201d-nin h\u0259mt\u0259sis\u00e7isi \u018fl\u0259sg\u0259r M\u0259mm\u0259dli d\u0259 \u00e7\u0131x\u0131\u015f edib. M\u0259mm\u0259dli ittihamlar\u0131 q\u0259bul etm\u0259diyini, yekunda b\u0259ra\u0259t alaca\u011f\u0131na \u00fcmid etdiyini<a href=\"https:\/\/www.facebook.com\/photo\/?fbid=2949252131922170&amp;set=a.107353349445410\" target=\"_blank\" rel=\"noreferrer noopener\"> bildirib<\/a>:<\/p>\n\n\n\n<p><em>\u201cM\u0259n\u0259 qanunsuz sahibkarl\u0131q, qa\u00e7aqmal\u00e7\u0131l\u0131q v\u0259 dig\u0259r ittihamlar verilib. Amma m\u0259n sad\u0259c\u0259, m\u00fc\u0259llim i\u015fl\u0259mi\u015f\u0259m. Bir d\u0259n\u0259 avtomobilim var, onun da \u00fcst\u00fcn\u0259 h\u0259bs qoyulub. V\u0259kill\u0259riml\u0259 tam raz\u0131yam. H\u0259r g\u00fcn t\u0259cridxanada televizora bax\u0131ram. T\u0259\u0259ss\u00fcf edir\u0259m, \u015f\u0259klimi qoyub yaz\u0131rlar ki, qa\u00e7aqmal\u00e7\u0131d\u0131r\u201d.<\/em><\/p>\n\n\n\n<p>Prosesd\u0259 \u00e7\u0131x\u0131\u015f ed\u0259n Demokratik T\u0259\u015f\u0259bb\u00fcsl\u0259r \u0130nstitutunun direktoru v\u0259 III Respublika Platformas\u0131n\u0131n spikeri Akif Qurbanov bildirib ki, onlar\u0131n qa\u00e7aqmal\u00e7\u0131l\u0131q etm\u0259l\u0259ril\u0259 ba\u011fl\u0131 konkret m\u0259hk\u0259m\u0259 h\u00f6km\u00fc olmasa da, h\u00f6kum\u0259t\u0259 yax\u0131n m\u0259tbuat v\u0259 \u015f\u0259xs\u0259n Prezident \u0130lham \u018fliyev onlar\u0131 \u201cqa\u00e7aqmal\u00e7\u0131\u201d adland\u0131r\u0131b. Bel\u0259likl\u0259 d\u0259 bu i\u015f \u00fczr\u0259 h\u0259bs edil\u0259nl\u0259rin t\u0259qsirsizlik prezumpsiyas\u0131n\u0131 <a href=\"https:\/\/www.meydan.tv\/az\/article\/ilham-eliyev-azerbaycan-mediasi-xaricden-hetta-1-faiz-bele-maliyyelese-bilmez\/\" target=\"_blank\" rel=\"noreferrer noopener\">pozub<\/a>.<\/p>\n\n\n\n<p>M\u0259s\u0259l\u0259y\u0259 m\u00fcnasib\u0259t bildir\u0259n hakim Az\u0259r Ta\u011f\u0131yev d\u0259 Akif Qurbanovun haql\u0131 oldu\u011funu bildirib, \u201chaqq\u0131n\u0131zda h\u00f6km yoxdur, he\u00e7 kim siz\u0259 \u201cqa\u00e7aqmal\u00e7\u0131\u201d dem\u0259m\u0259lidir\u201d, &#8211; deyib.<\/p>\n\n\n\n<p>Akif Qurbanov bildirib ki, onlar\u0131n bu h\u0259bsi Prezident \u0130lham \u018fliyev v\u0259 \u0259traf\u0131n\u0131n ittihamlar\u0131ndan sonra ba\u015f tutub. T\u0259qsirl\u0259ndiril\u0259n Ruslan \u0130zz\u0259tli is\u0259 Prezident \u0130lham \u018fliyevin m\u0259hk\u0259m\u0259d\u0259 \u015fahid kimi dindirilm\u0259sini t\u0259l\u0259b edib.<\/p>\n\n\n\n<p>Ruslan \u0130zz\u0259tlinin v\u0259kili bildirib ki, m\u00fcv\u0259kkili mart\u0131n 8-d\u0259 h\u0259bs olunsa da, onunla ba\u011fl\u0131 2023-\u00fcn noyabr\u0131nda \u201cAbzasMedia i\u015fi\u201d \u00fczr\u0259 cinay\u0259t i\u015find\u0259 tutulma q\u0259rar\u0131 verilibmi\u015f. Bu texniki s\u0259hv olub v\u0259 i\u015fin nec\u0259 qurama oldu\u011funu g\u00f6st\u0259rib.<\/p>\n\n\n\n<p>Prosesd\u0259 d\u00f6vl\u0259t ittiham\u00e7\u0131s\u0131 Rauf Mal\u0131\u015fova etiraz edilib. \u0130\u015f \u00fczr\u0259 h\u0259bs olunan \u018fli Zeynal bildirib ki, prokuror Rauf Mal\u0131\u015fov \u201cAbzasMedia i\u015fi\u201d \u00fczr\u0259 m\u0259hk\u0259m\u0259d\u0259 d\u0259 ittiham\u0131 m\u00fcdafi\u0259 edir v\u0259 jurnalistl\u0259rl\u0259 pis r\u0259ftar g\u00f6st\u0259rir. O, yeni prokurorun t\u0259yin edilm\u0259sini t\u0259l\u0259b edib v\u0259 bunu \u201ci\u015fl\u0259nmi\u015f d\u00f6vl\u0259t ittiham\u00e7\u0131s\u0131\u201d ist\u0259m\u0259dikl\u0259ril\u0259 \u0259laq\u0259l\u0259ndirib.<\/p>\n\n\n\n<p>\u201cAzad median\u0131n tabutuna vurulan mismar\u0131n s\u0259si b\u00fct\u00fcn d\u00fcnyan\u0131 b\u00fcr\u00fcy\u00fcb\u201d, &#8211; bu s\u00f6zl\u0259ri m\u0259hk\u0259m\u0259d\u0259 \u201cToplum TV i\u015fi\u201d \u00fczr\u0259 t\u0259qsirl\u0259ndiril\u0259n jurnalist Mu\u015ffiq Cabbar deyib.<\/p>\n\n\n\n<p>Prosesd\u0259 z\u0259r\u0259r\u00e7\u0259k\u0259n qismind\u0259 \u0130qtisadiyyat Nazirliyi yan\u0131nda Vergiy\u0259 N\u0259zar\u0259t Xidm\u0259tinin n\u00fcmay\u0259nd\u0259si Ramil Abbasov elan olunub.<\/p>\n\n\n\n<p>Az\u0259r Ta\u011f\u0131yevin s\u0259drlik etdiyi hakiml\u0259r hey\u0259ti h\u0259l\u0259 ki, v\u0259sat\u0259tl\u0259rin he\u00e7 biri il\u0259 ba\u011fl\u0131 q\u0259rar elan etm\u0259yib.<\/p>\n\n\n\n<p>\u0130\u015f \u00fczr\u0259 n\u00f6vb\u0259ti m\u0259hk\u0259m\u0259 prosesi 5 may saat 10:15-\u0259 t\u0259yin olunub.<\/p>\n\n\n\n<p>2024-c\u00fc il mart\u0131n 6-da h\u00fcquq-m\u00fchafiz\u0259 orqanlar\u0131 \u201cToplum TV\u201d, \u201cDemokratik T\u0259\u015f\u0259bb\u00fcsl\u0259r \u0130nstitutu\u201d, h\u0259m\u00e7inin \u201cIII Respublika Platformas\u0131\u201cn\u0131n ofisl\u0259rind\u0259, bir ne\u00e7\u0259 \u0259m\u0259kda\u015f\u0131n evind\u0259 axtar\u0131\u015f apar\u0131b.<\/p>\n\n\n\n<p>\u201cToplum TV\u201dnin \u0259m\u0259kda\u015flar\u0131 F\u0259rid \u0130smay\u0131lova, Elmir Abbasova, M\u00fc\u015ffiq Cabbara v\u0259 \u0130D\u0130-nin r\u0259hb\u0259ri, h\u0259m\u00e7inin ResPlatforman\u0131n spikeri Akif Qurbanova, el\u0259c\u0259 d\u0259 \u018fli Zeynala, Ramil Babayev\u0259, \u0130lkin \u018fmrahova qa\u00e7aqmal\u00e7\u0131l\u0131q ittiham\u0131 il\u0259 cinay\u0259t i\u015fi a\u00e7\u0131l\u0131b v\u0259 bar\u0259l\u0259rind\u0259 h\u0259bs q\u0259timkan t\u0259dbiri se\u00e7ilib.<\/p>\n\n\n\n<p>2024-c\u00fc ilin mart\u0131n 8-d\u0259 \u201cIII Respublika Platformas\u0131\u201cn\u0131n qurucu hey\u0259t \u00fczv\u00fc Ruslan \u0130zz\u0259tli v\u0259 \u201cToplum TV\u201d-nin h\u0259mt\u0259sis\u00e7isi \u018fl\u0259sg\u0259r M\u0259mm\u0259dli d\u0259 h\u0259min ittiham \u00fczr\u0259 h\u0259bs olunublar.<\/p>\n\n\n\n<p>Bu cinay\u0259t i\u015fi \u00fczr\u0259 \u00fcmumilikd\u0259 9 n\u0259f\u0259r cinay\u0259t m\u0259suliyy\u0259tin\u0259 c\u0259lb olunub.<\/p>\n\n\n\n<p>Onlardan 7 n\u0259f\u0259r haqq\u0131nda h\u0259bs q\u0259timkan t\u0259dbiri se\u00e7ilib, ikisinin is\u0259 (F\u0259rid \u0130smay\u0131lov v\u0259 Elmir Abbasov) istintaq d\u00f6vr\u00fcnd\u0259 azadl\u0131qda qalmas\u0131na q\u0259rar verilib.<\/p>\n\n\n\n<p>Onlara qar\u015f\u0131 Cinay\u0259t M\u0259c\u0259ll\u0259sinin 206.3.2 (qa\u00e7aqmal\u00e7\u0131l\u0131q \u2013 qabaqcadan \u0259lbir olan bir qrup \u015f\u0259xs t\u0259r\u0259find\u0259n t\u00f6r\u0259dildikd\u0259) madd\u0259sil\u0259 ittiham ir\u0259li s\u00fcr\u00fcl\u00fcb.<\/p>\n\n\n\n<p>Onlar hesab edir ki, siyasi sifari\u015fl\u0259 h\u0259bs olunublar, m\u0259qs\u0259d d\u0259 \u00f6lk\u0259d\u0259 m\u00fcst\u0259qil median\u0131, azad s\u0259sl\u0259ri susdurmaqd\u0131r.<\/p>\n\n\n\n<p>2025-ci il yanvar\u0131n 17-d\u0259 \u201cToplum TV i\u015fi\u201d \u00fczr\u0259 istintaq yekunla\u015f\u0131b.<\/p>\n\n\n\n<p>Bu i\u015f \u00fczr\u0259 ittiham a\u011f\u0131rla\u015fd\u0131r\u0131l\u0131b, t\u0259qsirl\u0259ndiril\u0259n \u015f\u0259xsl\u0259r\u0259 qar\u015f\u0131 Cinay\u0259t M\u0259c\u0259ll\u0259sinin 162-1.1 (\u018fm\u0259k m\u00fcqavil\u0259si olmadan i\u015f\u0259 c\u0259lb etm\u0259), 192.3.2 (Qanunsuz sahibkarl\u0131q, x\u00fcsusil\u0259 k\u00fclli miqdarda g\u0259lir \u0259ld\u0259 etm\u0259kl\u0259 t\u00f6r\u0259dildikd\u0259), 193-1.3.1 (Cinay\u0259t yolu il\u0259 \u0259ld\u0259 edilmi\u015f pul v\u0259saitini leqalla\u015fd\u0131rma, m\u00fct\u0259\u015f\u0259kkil d\u0259st\u0259 v\u0259 ya cinay\u0259tkar birlik (cinay\u0259tkar t\u0259\u015fkilat) t\u0259r\u0259find\u0259n t\u00f6r\u0259dildikd\u0259), 193-1.3.2 (Eyni \u0259m\u0259ll\u0259r, xeyli miqdarda t\u00f6r\u0259dildikd\u0259), 206.4 (Qa\u00e7aqmal\u00e7\u0131l\u0131q, m\u00fct\u0259\u015f\u0259kkil qrup t\u0259r\u0259find\u0259n t\u00f6r\u0259dildikd\u0259), 213.2.1 (Vergil\u0259ri \u00f6d\u0259m\u0259kd\u0259n yay\u0131nma, m\u00fct\u0259\u015f\u0259kkil qrup t\u0259r\u0259find\u0259n t\u00f6r\u0259dildikd\u0259) madd\u0259l\u0259ri il\u0259 yeni ittihamlar ir\u0259li s\u00fcr\u00fcl\u00fcb.<\/p>\n\n\n\n<p>\u201cToplum TV i\u015fi\u201d il\u0259 ba\u011fl\u0131 m\u0259hk\u0259m\u0259nin q\u0259rar\u0131 il\u0259 polis n\u0259zar\u0259tin\u0259 verilmi\u015f jurnalist F\u0259rid \u0130smay\u0131lov h\u0259min g\u00fcn \u2013 yanvar\u0131n 17-d\u0259 h\u0259bs edilib.<\/p>\n\n\n\n<p>2025-ci il fevral\u0131n 5-d\u0259 jurnalist \u015eahnaz B\u0259yl\u0259rq\u0131z\u0131 (H\u00fcseynova) \u201cToplum TV i\u015fi\u201dnd\u0259ki ittihamlar \u00fczr\u0259 \u015f\u00fcbh\u0259li \u015f\u0259xs qismind\u0259 saxlan\u0131l\u0131b. Fevral\u0131n 6-da X\u0259tai Rayon M\u0259hk\u0259m\u0259sinin q\u0259rar\u0131 il\u0259 jurnalist bar\u0259sind\u0259 3 ay 15 g\u00fcn m\u00fcdd\u0259tin\u0259 h\u0259bs q\u0259timkan t\u0259dbiri se\u00e7ilib. Fevral\u0131n 26-da X\u0259tai Rayon M\u0259hk\u0259m\u0259sinin q\u0259rar\u0131 il\u0259 jurnalistin h\u0259bsi ev dustaql\u0131\u011f\u0131 il\u0259 \u0259v\u0259z edilib.<\/p>\n\n\n\n<p>T\u0259zyiql\u0259rin artmas\u0131 \u201cToplum TV\u201d-nin \u00f6lk\u0259d\u0259 f\u0259aliyy\u0259t g\u00f6st\u0259rm\u0259sini m\u00fcmk\u00fcns\u00fcz etdiyind\u0259n, media qurumu fevral ay\u0131ndan sonrak\u0131 f\u0259aliyy\u0259tini \u00f6lk\u0259 xaricind\u0259 ya\u015fayan jurnalistl\u0259r vasit\u0259sil\u0259 h\u0259yata ke\u00e7irm\u0259y\u0259 q\u0259rar verib.<\/p>\n\n\n\n<p>2023-c\u00fc ilin noyabr\u0131ndan bu yana \u00f6lk\u0259d\u0259 30-a yax\u0131n jurnalist h\u0259bs olunub.<\/p>\n\n\n\n<p>Onlara qar\u015f\u0131 qa\u00e7aqmal\u00e7\u0131l\u0131q ittiham\u0131 ir\u0259li s\u00fcr\u00fcl\u00fcb.<\/p>\n\n\n\n<p>H\u0259bs olunanlar\u0131n \u0259ks\u0259riyy\u0259ti \u201cMeydan TV\u201d, \u201cAbzasMedia\u201d, \u201cToplum TV\u201d \u0259m\u0259kda\u015flar\u0131d\u0131r.<\/p>\n\n\n\n<p>Jurnalistl\u0259r \u00f6zl\u0259rini t\u0259qsirli bilmir, d\u00f6vl\u0259t ba\u015f\u00e7\u0131s\u0131 v\u0259 dig\u0259r m\u0259murlar\u0131n korrupsiya \u0259m\u0259ll\u0259ri, dig\u0259r qanunsuzluqlar haqda ara\u015fd\u0131rmalar\u0131na g\u00f6r\u0259 c\u0259zaland\u0131r\u0131ld\u0131qlar\u0131n\u0131 bildirirl\u0259r.<\/p>\n\n\n\n<p><\/p>\n\n\n\n<p><\/p>\n","protected":false},"excerpt":{"rendered":"<p>\u201cPrezident \u0130lham \u018fliyev bizi \u201cqa\u00e7aqmal\u00e7\u0131\u201d adland\u0131raraq t\u0259qsizsizlik prezumpsiyas\u0131n\u0131 pozub\u201d Bu &#8230; <\/p>\n<p class=\"read-more-container\"><a title=\"\u201cToplum TV i\u015fi\u201d: &#8220;Azad median\u0131n tabutuna vurulan mismar\u0131n s\u0259si b\u00fct\u00fcn d\u00fcnyan\u0131 b\u00fcr\u00fcy\u00fcb&#8221;\" class=\"read-more button\" href=\"https:\/\/www.meydan.tv\/az\/article\/toplum-tv-isi-azad-medianin-tabutuna-vurulan-mismarin-s%c9%99si-butun-dunyani-buruyub\/#more-329223\" aria-label=\"Read more about \u201cToplum TV i\u015fi\u201d: &#8220;Azad median\u0131n tabutuna vurulan mismar\u0131n s\u0259si b\u00fct\u00fcn d\u00fcnyan\u0131 b\u00fcr\u00fcy\u00fcb&#8221;\">Davam\u0131<\/a><\/p>\n","protected":false},"author":21,"featured_media":328289,"comment_status":"closed","ping_status":"closed","sticky":false,"template":"","format":"standard","meta":{"_acf_changed":false,"_sitemap_exclude":false,"_sitemap_priority":"","_sitemap_frequency":"","footnotes":""},"categories":[59,79,63,56],"tags":[],"class_list":["post-329223","post","type-post","status-publish","format-standard","has-post-thumbnail","hentry","category-siyaset","category-featured","category-video-2","category-xeberler","infinite-scroll-item","generate-columns","tablet-grid-50","mobile-grid-100","grid-parent","grid-33","no-featured-image-padding"],"acf":[],"yoast_head":"<!-- This site is optimized with the Yoast SEO plugin v27.4 - https:\/\/yoast.com\/product\/yoast-seo-wordpress\/ -->\n<title>\u201cToplum TV i\u015fi\u201d: &quot;Azad median\u0131n tabutuna vurulan mismar\u0131n s\u0259si b\u00fct\u00fcn d\u00fcnyan\u0131 b\u00fcr\u00fcy\u00fcb&quot; - MEYDAN.TV<\/title>\n<meta name=\"robots\" content=\"index, follow, max-snippet:-1, max-image-preview:large, max-video-preview:-1\" \/>\n<link rel=\"canonical\" href=\"https:\/\/www.meydan.tv\/az\/article\/toplum-tv-isi-azad-medianin-tabutuna-vurulan-mismarin-s%c9%99si-butun-dunyani-buruyub\/\" \/>\n<meta property=\"og:locale\" content=\"az_AZ\" \/>\n<meta property=\"og:type\" content=\"article\" \/>\n<meta property=\"og:title\" content=\"\u201cToplum TV i\u015fi\u201d: &quot;Azad median\u0131n tabutuna vurulan mismar\u0131n s\u0259si b\u00fct\u00fcn d\u00fcnyan\u0131 b\u00fcr\u00fcy\u00fcb&quot; - MEYDAN.TV\" \/>\n<meta property=\"og:description\" content=\"\u201cPrezident \u0130lham \u018fliyev bizi \u201cqa\u00e7aqmal\u00e7\u0131\u201d adland\u0131raraq t\u0259qsizsizlik prezumpsiyas\u0131n\u0131 pozub\u201d Bu ... Davam\u0131\" \/>\n<meta property=\"og:url\" content=\"https:\/\/www.meydan.tv\/az\/article\/toplum-tv-isi-azad-medianin-tabutuna-vurulan-mismarin-s%c9%99si-butun-dunyani-buruyub\/\" \/>\n<meta property=\"og:site_name\" content=\"MEYDAN.TV\" \/>\n<meta property=\"article:published_time\" content=\"2025-04-24T13:19:27+00:00\" \/>\n<meta property=\"article:modified_time\" content=\"2025-04-25T14:38:55+00:00\" \/>\n<meta property=\"og:image\" content=\"https:\/\/www.meydan.tv\/wp-content\/uploads\/untitled-1-2.png\" \/>\n\t<meta property=\"og:image:width\" content=\"2560\" \/>\n\t<meta property=\"og:image:height\" content=\"1440\" \/>\n\t<meta property=\"og:image:type\" content=\"image\/png\" \/>\n<meta name=\"author\" content=\"mahmud\" \/>\n<meta name=\"twitter:card\" content=\"summary_large_image\" \/>\n<script type=\"application\/ld+json\" class=\"yoast-schema-graph\">{\"@context\":\"https:\\\/\\\/schema.org\",\"@graph\":[{\"@type\":\"Article\",\"@id\":\"https:\\\/\\\/www.meydan.tv\\\/az\\\/article\\\/toplum-tv-isi-azad-medianin-tabutuna-vurulan-mismarin-s%c9%99si-butun-dunyani-buruyub\\\/#article\",\"isPartOf\":{\"@id\":\"https:\\\/\\\/www.meydan.tv\\\/az\\\/article\\\/toplum-tv-isi-azad-medianin-tabutuna-vurulan-mismarin-s%c9%99si-butun-dunyani-buruyub\\\/\"},\"author\":{\"name\":\"mahmud\",\"@id\":\"https:\\\/\\\/www.meydan.tv\\\/az\\\/#\\\/schema\\\/person\\\/09863e516102a829e72bedcf3f84c6b0\"},\"headline\":\"\u201cToplum TV i\u015fi\u201d: &#8220;Azad median\u0131n tabutuna vurulan mismar\u0131n s\u0259si b\u00fct\u00fcn d\u00fcnyan\u0131 b\u00fcr\u00fcy\u00fcb&#8221;\",\"datePublished\":\"2025-04-24T13:19:27+00:00\",\"dateModified\":\"2025-04-25T14:38:55+00:00\",\"mainEntityOfPage\":{\"@id\":\"https:\\\/\\\/www.meydan.tv\\\/az\\\/article\\\/toplum-tv-isi-azad-medianin-tabutuna-vurulan-mismarin-s%c9%99si-butun-dunyani-buruyub\\\/\"},\"wordCount\":1253,\"publisher\":{\"@id\":\"https:\\\/\\\/www.meydan.tv\\\/az\\\/#organization\"},\"image\":{\"@id\":\"https:\\\/\\\/www.meydan.tv\\\/az\\\/article\\\/toplum-tv-isi-azad-medianin-tabutuna-vurulan-mismarin-s%c9%99si-butun-dunyani-buruyub\\\/#primaryimage\"},\"thumbnailUrl\":\"https:\\\/\\\/www.meydan.tv\\\/wp-content\\\/uploads\\\/untitled-1-2.png\",\"articleSection\":[\"Siyas\u0259t\",\"T\u00f6vsiy\u0259\",\"Video\",\"X\u0259b\u0259rl\u0259r\"],\"inLanguage\":\"az\"},{\"@type\":\"WebPage\",\"@id\":\"https:\\\/\\\/www.meydan.tv\\\/az\\\/article\\\/toplum-tv-isi-azad-medianin-tabutuna-vurulan-mismarin-s%c9%99si-butun-dunyani-buruyub\\\/\",\"url\":\"https:\\\/\\\/www.meydan.tv\\\/az\\\/article\\\/toplum-tv-isi-azad-medianin-tabutuna-vurulan-mismarin-s%c9%99si-butun-dunyani-buruyub\\\/\",\"name\":\"\u201cToplum TV i\u015fi\u201d: \\\"Azad median\u0131n tabutuna vurulan mismar\u0131n s\u0259si b\u00fct\u00fcn d\u00fcnyan\u0131 b\u00fcr\u00fcy\u00fcb\\\" - MEYDAN.TV\",\"isPartOf\":{\"@id\":\"https:\\\/\\\/www.meydan.tv\\\/az\\\/#website\"},\"primaryImageOfPage\":{\"@id\":\"https:\\\/\\\/www.meydan.tv\\\/az\\\/article\\\/toplum-tv-isi-azad-medianin-tabutuna-vurulan-mismarin-s%c9%99si-butun-dunyani-buruyub\\\/#primaryimage\"},\"image\":{\"@id\":\"https:\\\/\\\/www.meydan.tv\\\/az\\\/article\\\/toplum-tv-isi-azad-medianin-tabutuna-vurulan-mismarin-s%c9%99si-butun-dunyani-buruyub\\\/#primaryimage\"},\"thumbnailUrl\":\"https:\\\/\\\/www.meydan.tv\\\/wp-content\\\/uploads\\\/untitled-1-2.png\",\"datePublished\":\"2025-04-24T13:19:27+00:00\",\"dateModified\":\"2025-04-25T14:38:55+00:00\",\"breadcrumb\":{\"@id\":\"https:\\\/\\\/www.meydan.tv\\\/az\\\/article\\\/toplum-tv-isi-azad-medianin-tabutuna-vurulan-mismarin-s%c9%99si-butun-dunyani-buruyub\\\/#breadcrumb\"},\"inLanguage\":\"az\",\"potentialAction\":[{\"@type\":\"ReadAction\",\"target\":[\"https:\\\/\\\/www.meydan.tv\\\/az\\\/article\\\/toplum-tv-isi-azad-medianin-tabutuna-vurulan-mismarin-s%c9%99si-butun-dunyani-buruyub\\\/\"]}]},{\"@type\":\"ImageObject\",\"inLanguage\":\"az\",\"@id\":\"https:\\\/\\\/www.meydan.tv\\\/az\\\/article\\\/toplum-tv-isi-azad-medianin-tabutuna-vurulan-mismarin-s%c9%99si-butun-dunyani-buruyub\\\/#primaryimage\",\"url\":\"https:\\\/\\\/www.meydan.tv\\\/wp-content\\\/uploads\\\/untitled-1-2.png\",\"contentUrl\":\"https:\\\/\\\/www.meydan.tv\\\/wp-content\\\/uploads\\\/untitled-1-2.png\",\"width\":2560,\"height\":1440,\"caption\":\"\\\"Toplum TV i\u015fi\\\" \u00fczr\u0259 h\u0259bs olunanlar. Foto: Meydan TV\"},{\"@type\":\"BreadcrumbList\",\"@id\":\"https:\\\/\\\/www.meydan.tv\\\/az\\\/article\\\/toplum-tv-isi-azad-medianin-tabutuna-vurulan-mismarin-s%c9%99si-butun-dunyani-buruyub\\\/#breadcrumb\",\"itemListElement\":[{\"@type\":\"ListItem\",\"position\":1,\"name\":\"Ana s\u0259hif\u0259\",\"item\":\"https:\\\/\\\/www.meydan.tv\\\/az\\\/\"},{\"@type\":\"ListItem\",\"position\":2,\"name\":\"Siyas\u0259t\",\"item\":\"https:\\\/\\\/www.meydan.tv\\\/az\\\/section\\\/siyaset\\\/\"},{\"@type\":\"ListItem\",\"position\":3,\"name\":\"\u201cToplum TV i\u015fi\u201d: &#8220;Azad median\u0131n tabutuna vurulan mismar\u0131n s\u0259si b\u00fct\u00fcn d\u00fcnyan\u0131 b\u00fcr\u00fcy\u00fcb&#8221;\"}]},{\"@type\":\"WebSite\",\"@id\":\"https:\\\/\\\/www.meydan.tv\\\/az\\\/#website\",\"url\":\"https:\\\/\\\/www.meydan.tv\\\/az\\\/\",\"name\":\"MEYDAN.TV\",\"description\":\"Meydan TV Az\u0259rbaycan\u0131n media m\u0259kan\u0131ndak\u0131 alternativ s\u0259sidir\",\"publisher\":{\"@id\":\"https:\\\/\\\/www.meydan.tv\\\/az\\\/#organization\"},\"potentialAction\":[{\"@type\":\"SearchAction\",\"target\":{\"@type\":\"EntryPoint\",\"urlTemplate\":\"https:\\\/\\\/www.meydan.tv\\\/az\\\/?s={search_term_string}\"},\"query-input\":{\"@type\":\"PropertyValueSpecification\",\"valueRequired\":true,\"valueName\":\"search_term_string\"}}],\"inLanguage\":\"az\"},{\"@type\":\"Organization\",\"@id\":\"https:\\\/\\\/www.meydan.tv\\\/az\\\/#organization\",\"name\":\"Meydan TV\",\"url\":\"https:\\\/\\\/www.meydan.tv\\\/az\\\/\",\"logo\":{\"@type\":\"ImageObject\",\"inLanguage\":\"az\",\"@id\":\"https:\\\/\\\/www.meydan.tv\\\/az\\\/#\\\/schema\\\/logo\\\/image\\\/\",\"url\":\"https:\\\/\\\/www.meydan.tv\\\/wp-content\\\/uploads\\\/2021\\\/07\\\/meydan-logo.svg\",\"contentUrl\":\"https:\\\/\\\/www.meydan.tv\\\/wp-content\\\/uploads\\\/2021\\\/07\\\/meydan-logo.svg\",\"width\":195,\"height\":46,\"caption\":\"Meydan TV\"},\"image\":{\"@id\":\"https:\\\/\\\/www.meydan.tv\\\/az\\\/#\\\/schema\\\/logo\\\/image\\\/\"}},{\"@type\":\"Person\",\"@id\":\"https:\\\/\\\/www.meydan.tv\\\/az\\\/#\\\/schema\\\/person\\\/09863e516102a829e72bedcf3f84c6b0\",\"name\":\"mahmud\"}]}<\/script>\n<!-- \/ Yoast SEO plugin. -->","yoast_head_json":{"title":"\u201cToplum TV i\u015fi\u201d: \"Azad median\u0131n tabutuna vurulan mismar\u0131n s\u0259si b\u00fct\u00fcn d\u00fcnyan\u0131 b\u00fcr\u00fcy\u00fcb\" - MEYDAN.TV","robots":{"index":"index","follow":"follow","max-snippet":"max-snippet:-1","max-image-preview":"max-image-preview:large","max-video-preview":"max-video-preview:-1"},"canonical":"https:\/\/www.meydan.tv\/az\/article\/toplum-tv-isi-azad-medianin-tabutuna-vurulan-mismarin-s%c9%99si-butun-dunyani-buruyub\/","og_locale":"az_AZ","og_type":"article","og_title":"\u201cToplum TV i\u015fi\u201d: \"Azad median\u0131n tabutuna vurulan mismar\u0131n s\u0259si b\u00fct\u00fcn d\u00fcnyan\u0131 b\u00fcr\u00fcy\u00fcb\" - MEYDAN.TV","og_description":"\u201cPrezident \u0130lham \u018fliyev bizi \u201cqa\u00e7aqmal\u00e7\u0131\u201d adland\u0131raraq t\u0259qsizsizlik prezumpsiyas\u0131n\u0131 pozub\u201d Bu ... Davam\u0131","og_url":"https:\/\/www.meydan.tv\/az\/article\/toplum-tv-isi-azad-medianin-tabutuna-vurulan-mismarin-s%c9%99si-butun-dunyani-buruyub\/","og_site_name":"MEYDAN.TV","article_published_time":"2025-04-24T13:19:27+00:00","article_modified_time":"2025-04-25T14:38:55+00:00","og_image":[{"width":2560,"height":1440,"url":"https:\/\/www.meydan.tv\/wp-content\/uploads\/untitled-1-2.png","type":"image\/png"}],"author":"mahmud","twitter_card":"summary_large_image","schema":{"@context":"https:\/\/schema.org","@graph":[{"@type":"Article","@id":"https:\/\/www.meydan.tv\/az\/article\/toplum-tv-isi-azad-medianin-tabutuna-vurulan-mismarin-s%c9%99si-butun-dunyani-buruyub\/#article","isPartOf":{"@id":"https:\/\/www.meydan.tv\/az\/article\/toplum-tv-isi-azad-medianin-tabutuna-vurulan-mismarin-s%c9%99si-butun-dunyani-buruyub\/"},"author":{"name":"mahmud","@id":"https:\/\/www.meydan.tv\/az\/#\/schema\/person\/09863e516102a829e72bedcf3f84c6b0"},"headline":"\u201cToplum TV i\u015fi\u201d: &#8220;Azad median\u0131n tabutuna vurulan mismar\u0131n s\u0259si b\u00fct\u00fcn d\u00fcnyan\u0131 b\u00fcr\u00fcy\u00fcb&#8221;","datePublished":"2025-04-24T13:19:27+00:00","dateModified":"2025-04-25T14:38:55+00:00","mainEntityOfPage":{"@id":"https:\/\/www.meydan.tv\/az\/article\/toplum-tv-isi-azad-medianin-tabutuna-vurulan-mismarin-s%c9%99si-butun-dunyani-buruyub\/"},"wordCount":1253,"publisher":{"@id":"https:\/\/www.meydan.tv\/az\/#organization"},"image":{"@id":"https:\/\/www.meydan.tv\/az\/article\/toplum-tv-isi-azad-medianin-tabutuna-vurulan-mismarin-s%c9%99si-butun-dunyani-buruyub\/#primaryimage"},"thumbnailUrl":"https:\/\/www.meydan.tv\/wp-content\/uploads\/untitled-1-2.png","articleSection":["Siyas\u0259t","T\u00f6vsiy\u0259","Video","X\u0259b\u0259rl\u0259r"],"inLanguage":"az"},{"@type":"WebPage","@id":"https:\/\/www.meydan.tv\/az\/article\/toplum-tv-isi-azad-medianin-tabutuna-vurulan-mismarin-s%c9%99si-butun-dunyani-buruyub\/","url":"https:\/\/www.meydan.tv\/az\/article\/toplum-tv-isi-azad-medianin-tabutuna-vurulan-mismarin-s%c9%99si-butun-dunyani-buruyub\/","name":"\u201cToplum TV i\u015fi\u201d: \"Azad median\u0131n tabutuna vurulan mismar\u0131n s\u0259si b\u00fct\u00fcn d\u00fcnyan\u0131 b\u00fcr\u00fcy\u00fcb\" - MEYDAN.TV","isPartOf":{"@id":"https:\/\/www.meydan.tv\/az\/#website"},"primaryImageOfPage":{"@id":"https:\/\/www.meydan.tv\/az\/article\/toplum-tv-isi-azad-medianin-tabutuna-vurulan-mismarin-s%c9%99si-butun-dunyani-buruyub\/#primaryimage"},"image":{"@id":"https:\/\/www.meydan.tv\/az\/article\/toplum-tv-isi-azad-medianin-tabutuna-vurulan-mismarin-s%c9%99si-butun-dunyani-buruyub\/#primaryimage"},"thumbnailUrl":"https:\/\/www.meydan.tv\/wp-content\/uploads\/untitled-1-2.png","datePublished":"2025-04-24T13:19:27+00:00","dateModified":"2025-04-25T14:38:55+00:00","breadcrumb":{"@id":"https:\/\/www.meydan.tv\/az\/article\/toplum-tv-isi-azad-medianin-tabutuna-vurulan-mismarin-s%c9%99si-butun-dunyani-buruyub\/#breadcrumb"},"inLanguage":"az","potentialAction":[{"@type":"ReadAction","target":["https:\/\/www.meydan.tv\/az\/article\/toplum-tv-isi-azad-medianin-tabutuna-vurulan-mismarin-s%c9%99si-butun-dunyani-buruyub\/"]}]},{"@type":"ImageObject","inLanguage":"az","@id":"https:\/\/www.meydan.tv\/az\/article\/toplum-tv-isi-azad-medianin-tabutuna-vurulan-mismarin-s%c9%99si-butun-dunyani-buruyub\/#primaryimage","url":"https:\/\/www.meydan.tv\/wp-content\/uploads\/untitled-1-2.png","contentUrl":"https:\/\/www.meydan.tv\/wp-content\/uploads\/untitled-1-2.png","width":2560,"height":1440,"caption":"\"Toplum TV i\u015fi\" \u00fczr\u0259 h\u0259bs olunanlar. Foto: Meydan TV"},{"@type":"BreadcrumbList","@id":"https:\/\/www.meydan.tv\/az\/article\/toplum-tv-isi-azad-medianin-tabutuna-vurulan-mismarin-s%c9%99si-butun-dunyani-buruyub\/#breadcrumb","itemListElement":[{"@type":"ListItem","position":1,"name":"Ana s\u0259hif\u0259","item":"https:\/\/www.meydan.tv\/az\/"},{"@type":"ListItem","position":2,"name":"Siyas\u0259t","item":"https:\/\/www.meydan.tv\/az\/section\/siyaset\/"},{"@type":"ListItem","position":3,"name":"\u201cToplum TV i\u015fi\u201d: &#8220;Azad median\u0131n tabutuna vurulan mismar\u0131n s\u0259si b\u00fct\u00fcn d\u00fcnyan\u0131 b\u00fcr\u00fcy\u00fcb&#8221;"}]},{"@type":"WebSite","@id":"https:\/\/www.meydan.tv\/az\/#website","url":"https:\/\/www.meydan.tv\/az\/","name":"MEYDAN.TV","description":"Meydan TV Az\u0259rbaycan\u0131n media m\u0259kan\u0131ndak\u0131 alternativ s\u0259sidir","publisher":{"@id":"https:\/\/www.meydan.tv\/az\/#organization"},"potentialAction":[{"@type":"SearchAction","target":{"@type":"EntryPoint","urlTemplate":"https:\/\/www.meydan.tv\/az\/?s={search_term_string}"},"query-input":{"@type":"PropertyValueSpecification","valueRequired":true,"valueName":"search_term_string"}}],"inLanguage":"az"},{"@type":"Organization","@id":"https:\/\/www.meydan.tv\/az\/#organization","name":"Meydan TV","url":"https:\/\/www.meydan.tv\/az\/","logo":{"@type":"ImageObject","inLanguage":"az","@id":"https:\/\/www.meydan.tv\/az\/#\/schema\/logo\/image\/","url":"https:\/\/www.meydan.tv\/wp-content\/uploads\/2021\/07\/meydan-logo.svg","contentUrl":"https:\/\/www.meydan.tv\/wp-content\/uploads\/2021\/07\/meydan-logo.svg","width":195,"height":46,"caption":"Meydan TV"},"image":{"@id":"https:\/\/www.meydan.tv\/az\/#\/schema\/logo\/image\/"}},{"@type":"Person","@id":"https:\/\/www.meydan.tv\/az\/#\/schema\/person\/09863e516102a829e72bedcf3f84c6b0","name":"mahmud"}]}},"_links":{"self":[{"href":"https:\/\/www.meydan.tv\/az\/wp-json\/wp\/v2\/posts\/329223","targetHints":{"allow":["GET"]}}],"collection":[{"href":"https:\/\/www.meydan.tv\/az\/wp-json\/wp\/v2\/posts"}],"about":[{"href":"https:\/\/www.meydan.tv\/az\/wp-json\/wp\/v2\/types\/post"}],"author":[{"embeddable":true,"href":"https:\/\/www.meydan.tv\/az\/wp-json\/wp\/v2\/users\/21"}],"replies":[{"embeddable":true,"href":"https:\/\/www.meydan.tv\/az\/wp-json\/wp\/v2\/comments?post=329223"}],"version-history":[{"count":3,"href":"https:\/\/www.meydan.tv\/az\/wp-json\/wp\/v2\/posts\/329223\/revisions"}],"predecessor-version":[{"id":329312,"href":"https:\/\/www.meydan.tv\/az\/wp-json\/wp\/v2\/posts\/329223\/revisions\/329312"}],"wp:featuredmedia":[{"embeddable":true,"href":"https:\/\/www.meydan.tv\/az\/wp-json\/wp\/v2\/media\/328289"}],"wp:attachment":[{"href":"https:\/\/www.meydan.tv\/az\/wp-json\/wp\/v2\/media?parent=329223"}],"wp:term":[{"taxonomy":"category","embeddable":true,"href":"https:\/\/www.meydan.tv\/az\/wp-json\/wp\/v2\/categories?post=329223"},{"taxonomy":"post_tag","embeddable":true,"href":"https:\/\/www.meydan.tv\/az\/wp-json\/wp\/v2\/tags?post=329223"}],"curies":[{"name":"wp","href":"https:\/\/api.w.org\/{rel}","templated":true}]}}