{"id":329155,"date":"2025-04-23T17:16:00","date_gmt":"2025-04-23T13:16:00","guid":{"rendered":"https:\/\/www.meydan.tv\/?p=329155"},"modified":"2025-04-23T18:35:34","modified_gmt":"2025-04-23T14:35:34","slug":"az%c9%99rbaycanda-istilik-t%c9%99chizati-ucun-tarifl%c9%99r-artirila-bil%c9%99r","status":"publish","type":"post","link":"https:\/\/www.meydan.tv\/az\/article\/az%c9%99rbaycanda-istilik-t%c9%99chizati-ucun-tarifl%c9%99r-artirila-bil%c9%99r\/","title":{"rendered":"Az\u0259rbaycanda istilik t\u0259chizat\u0131 \u00fc\u00e7\u00fcn tarifl\u0259r art\u0131r\u0131la bil\u0259r"},"content":{"rendered":"\n<p><\/p>\n\n\n\n<p><strong><em>\u0130lham Mirz\u0259liyev deyib ki, haz\u0131rda \u201cAz\u0259ristilikt\u0259chizat\u201d subsidiya il\u0259 f\u0259aliyy\u0259t g\u00f6st\u0259rir<\/em><\/strong><\/p>\n\n\n\n<p>Bu g\u00fcn Milli M\u0259clisin T\u0259bii ehtiyatlar, energetika v\u0259 ekologiya komit\u0259sinin iclas\u0131nda &#8211; \u201c\u0130stilik t\u0259chizat\u0131 haqq\u0131nda\u201d qanun layih\u0259si m\u00fczakir\u0259y\u0259 \u00e7\u0131xar\u0131l\u0131b. <\/p>\n\n\n\n<p>M\u00fczakir\u0259l\u0259rd\u0259 i\u015ftirak ed\u0259n \u201cAz\u0259ristilikt\u0259chizat\u201d ASC-nin s\u0259dr \u0259v\u0259zi \u0130lham Mirz\u0259liyev deyib ki, Az\u0259rbaycanda istilik t\u0259chizat\u0131 \u00fc\u00e7\u00fcn tarifl\u0259r a\u015fa\u011f\u0131d\u0131r. O, haz\u0131rda \u201cAz\u0259ristilikt\u0259chizat\u201d\u0131n subsidiya il\u0259 f\u0259aliyy\u0259t g\u00f6st\u0259rdiyini qeyd edib:<\/p>\n\n\n\n<p><em>\u201cBuna g\u00f6r\u0259 d\u0259 ist\u0259nil\u0259n istilik t\u0259chizat\u0131 obyektinin \u201cAz\u0259ristilikt\u0259chizat\u201d\u0131n balans\u0131na verilm\u0259si \u00fc\u00e7\u00fcn h\u0259m \u0259lav\u0259 x\u0259rc \u00e7\u0259kilm\u0259si, h\u0259m d\u0259 \u0259lav\u0259 subsidiya \u00f6d\u0259nilm\u0259si t\u0259l\u0259b olunur. Subsidiyan\u0131n m\u0259rh\u0259l\u0259li \u015f\u0259kild\u0259 azald\u0131lmas\u0131 istiqam\u0259tind\u0259 add\u0131mlar at\u0131l\u0131r. 2023-c\u00fc ild\u0259 Nazirl\u0259r Kabinetinin t\u0259sdiq etdiyi q\u0259rarla ya\u015fay\u0131\u015f sah\u0259si \u00fcmumi sah\u0259 il\u0259 \u0259v\u0259zl\u0259nib. Bu, g\u0259lirl\u0259ri m\u00fc\u0259yy\u0259n q\u0259d\u0259r art\u0131rma\u011fa imkan verib, bizim ild\u0259 t\u0259xmin\u0259n 2 milyon manat \u0259lav\u0259 g\u0259lir \u0259ld\u0259 etm\u0259yimiz\u0259 s\u0259b\u0259b olub. 2025-ci il yanvar\u0131n 1-d\u0259n tarifl\u0259r h\u0259r kv.m. \u00fc\u00e7\u00fcn 30 q\u0259pik civar\u0131nda m\u0259yy\u0259n edilib. Bu da g\u0259lirl\u0259rin iki d\u0259f\u0259 artmas\u0131 dem\u0259kdir\u201d.<\/em><\/p>\n\n\n\n<p>\u0130lham Mirz\u0259liyev \u00a0h\u0259m\u00e7inin bildirib ki, Az\u0259rbaycanda m\u0259nzill\u0259rd\u0259 istilik sisteml\u0259rinin say\u011facla\u015fd\u0131r\u0131lmas\u0131 texniki c\u0259h\u0259td\u0259n m\u00fcmk\u00fcn deyil.<\/p>\n\n\n\n<p><em>\u201cBunun \u00fc\u00e7\u00fcn b\u00fct\u00fcn m\u0259nzill\u0259rin otaqlar\u0131ndak\u0131 batareyalar\u0131n \u00fcz\u0259rin\u0259 x\u00fcsusi qur\u011fular &#8211; dat\u00e7ikl\u0259r yerl\u0259\u015fdirilm\u0259lidir. Bu is\u0259 kifay\u0259t q\u0259d\u0259r bahal\u0131d\u0131r. Bunun h\u0259yata ke\u00e7irilm\u0259si Az\u0259rbaycan reall\u0131\u011f\u0131nda m\u00fcmk\u00fcn deyil\u201d<\/em>.<\/p>\n\n\n\n<p><em>\u201cBuna g\u00f6r\u0259 d\u0259 biz binaya veril\u0259n enerji s\u0259rfiyat\u0131n\u0131 d\u0259qiql\u0259\u015fdirm\u0259k \u00fc\u00e7\u00fcn m\u0259nzill\u0259r\u0259 deyil, binaya say\u011fac qoyulmas\u0131n\u0131 t\u0259klif etdik. Bununla binaya veril\u0259n enerjinin miqdar\u0131 m\u0259nzill\u0259rin say\u0131na uy\u011fun olaraq b\u00f6l\u00fcn\u0259c\u0259k v\u0259 onun h\u0259cmi m\u00fc\u0259yy\u0259n edil\u0259c\u0259k\u201d<\/em>, &#8211; dey\u0259 s\u0259dr \u0259v\u0259zi bildirib.<\/p>\n\n\n\n<p>\u0130lham Mirz\u0259liyev h\u0259m\u00e7inin deyib ki, Az\u0259rbaycan\u0131n ya\u015fay\u0131\u015f fondu t\u0259xmin\u0259n 230 milyon kvadratmetr t\u0259\u015fkil edir ki, bunun da t\u0259xmin\u0259n 90 %-i, y\u0259ni 204 milyon kvadratmetri istilikl\u0259 t\u0259min olunur.<\/p>\n\n\n\n<p>Bu il yanvar\u0131n 2-d\u0259n Tarif \u015euras\u0131n\u0131n&nbsp; q\u0259rar\u0131 il\u0259 &nbsp;\u201cAz\u0259ristilikt\u0259chizat\u201d ASC t\u0259r\u0259find\u0259n \u0259hali istehlak\u00e7\u0131 qrupuna g\u00f6st\u0259ril\u0259n istilik xidm\u0259tinin tarifi 1 Qkal \u00fc\u00e7\u00fcn \u018fDV daxil olmaqla 14,60 manat, say\u011fac qura\u015fd\u0131r\u0131lmad\u0131\u011f\u0131 halda is\u0259 ayl\u0131q 1 m2 \u00fc\u00e7\u00fcn \u018fDV daxil olmaqla 0,30 manat <a href=\"https:\/\/tariff.gov.az\/post\/azeristiliktechizat-asc-terefinden-gosterilen-xidmetin-tarifinin-tenzimlenmesi-barede\" target=\"_blank\" rel=\"noreferrer noopener\">t\u0259yin edilib.<\/a> <\/p>\n","protected":false},"excerpt":{"rendered":"<p>\u0130lham Mirz\u0259liyev deyib ki, haz\u0131rda \u201cAz\u0259ristilikt\u0259chizat\u201d subsidiya il\u0259 f\u0259aliyy\u0259t g\u00f6st\u0259rir &#8230; <\/p>\n<p class=\"read-more-container\"><a title=\"Az\u0259rbaycanda istilik t\u0259chizat\u0131 \u00fc\u00e7\u00fcn tarifl\u0259r art\u0131r\u0131la bil\u0259r\" class=\"read-more button\" href=\"https:\/\/www.meydan.tv\/az\/article\/az%c9%99rbaycanda-istilik-t%c9%99chizati-ucun-tarifl%c9%99r-artirila-bil%c9%99r\/#more-329155\" aria-label=\"Read more about Az\u0259rbaycanda istilik t\u0259chizat\u0131 \u00fc\u00e7\u00fcn tarifl\u0259r art\u0131r\u0131la bil\u0259r\">Davam\u0131<\/a><\/p>\n","protected":false},"author":21,"featured_media":295374,"comment_status":"closed","ping_status":"closed","sticky":false,"template":"","format":"standard","meta":{"_acf_changed":false,"_sitemap_exclude":false,"_sitemap_priority":"","_sitemap_frequency":"","footnotes":""},"categories":[62,79,56],"tags":[],"class_list":["post-329155","post","type-post","status-publish","format-standard","has-post-thumbnail","hentry","category-sosial","category-featured","category-xeberler","infinite-scroll-item","generate-columns","tablet-grid-50","mobile-grid-100","grid-parent","grid-33","no-featured-image-padding"],"acf":[],"yoast_head":"<!-- This site is optimized with the Yoast SEO plugin v27.4 - https:\/\/yoast.com\/product\/yoast-seo-wordpress\/ -->\n<title>Az\u0259rbaycanda istilik t\u0259chizat\u0131 \u00fc\u00e7\u00fcn tarifl\u0259r art\u0131r\u0131la bil\u0259r - MEYDAN.TV<\/title>\n<meta name=\"robots\" content=\"index, follow, max-snippet:-1, max-image-preview:large, max-video-preview:-1\" \/>\n<link rel=\"canonical\" href=\"https:\/\/www.meydan.tv\/az\/article\/az%c9%99rbaycanda-istilik-t%c9%99chizati-ucun-tarifl%c9%99r-artirila-bil%c9%99r\/\" \/>\n<meta property=\"og:locale\" content=\"az_AZ\" \/>\n<meta property=\"og:type\" content=\"article\" \/>\n<meta property=\"og:title\" content=\"Az\u0259rbaycanda istilik t\u0259chizat\u0131 \u00fc\u00e7\u00fcn tarifl\u0259r art\u0131r\u0131la bil\u0259r - MEYDAN.TV\" \/>\n<meta property=\"og:description\" content=\"\u0130lham Mirz\u0259liyev deyib ki, haz\u0131rda \u201cAz\u0259ristilikt\u0259chizat\u201d subsidiya il\u0259 f\u0259aliyy\u0259t g\u00f6st\u0259rir ... Davam\u0131\" \/>\n<meta property=\"og:url\" content=\"https:\/\/www.meydan.tv\/az\/article\/az%c9%99rbaycanda-istilik-t%c9%99chizati-ucun-tarifl%c9%99r-artirila-bil%c9%99r\/\" \/>\n<meta property=\"og:site_name\" content=\"MEYDAN.TV\" \/>\n<meta property=\"article:published_time\" content=\"2025-04-23T13:16:00+00:00\" \/>\n<meta property=\"article:modified_time\" content=\"2025-04-23T14:35:34+00:00\" \/>\n<meta property=\"og:image\" content=\"https:\/\/www.meydan.tv\/wp-content\/uploads\/1510392651_70420_src.jpg\" \/>\n\t<meta property=\"og:image:width\" content=\"1200\" \/>\n\t<meta property=\"og:image:height\" content=\"797\" \/>\n\t<meta property=\"og:image:type\" content=\"image\/jpeg\" \/>\n<meta name=\"author\" content=\"mahmud\" \/>\n<meta name=\"twitter:card\" content=\"summary_large_image\" \/>\n<script type=\"application\/ld+json\" class=\"yoast-schema-graph\">{\"@context\":\"https:\\\/\\\/schema.org\",\"@graph\":[{\"@type\":\"Article\",\"@id\":\"https:\\\/\\\/www.meydan.tv\\\/az\\\/article\\\/az%c9%99rbaycanda-istilik-t%c9%99chizati-ucun-tarifl%c9%99r-artirila-bil%c9%99r\\\/#article\",\"isPartOf\":{\"@id\":\"https:\\\/\\\/www.meydan.tv\\\/az\\\/article\\\/az%c9%99rbaycanda-istilik-t%c9%99chizati-ucun-tarifl%c9%99r-artirila-bil%c9%99r\\\/\"},\"author\":{\"name\":\"mahmud\",\"@id\":\"https:\\\/\\\/www.meydan.tv\\\/az\\\/#\\\/schema\\\/person\\\/09863e516102a829e72bedcf3f84c6b0\"},\"headline\":\"Az\u0259rbaycanda istilik t\u0259chizat\u0131 \u00fc\u00e7\u00fcn tarifl\u0259r art\u0131r\u0131la bil\u0259r\",\"datePublished\":\"2025-04-23T13:16:00+00:00\",\"dateModified\":\"2025-04-23T14:35:34+00:00\",\"mainEntityOfPage\":{\"@id\":\"https:\\\/\\\/www.meydan.tv\\\/az\\\/article\\\/az%c9%99rbaycanda-istilik-t%c9%99chizati-ucun-tarifl%c9%99r-artirila-bil%c9%99r\\\/\"},\"wordCount\":491,\"publisher\":{\"@id\":\"https:\\\/\\\/www.meydan.tv\\\/az\\\/#organization\"},\"image\":{\"@id\":\"https:\\\/\\\/www.meydan.tv\\\/az\\\/article\\\/az%c9%99rbaycanda-istilik-t%c9%99chizati-ucun-tarifl%c9%99r-artirila-bil%c9%99r\\\/#primaryimage\"},\"thumbnailUrl\":\"https:\\\/\\\/www.meydan.tv\\\/wp-content\\\/uploads\\\/1510392651_70420_src.jpg\",\"articleSection\":[\"Sosial\",\"T\u00f6vsiy\u0259\",\"X\u0259b\u0259rl\u0259r\"],\"inLanguage\":\"az\"},{\"@type\":\"WebPage\",\"@id\":\"https:\\\/\\\/www.meydan.tv\\\/az\\\/article\\\/az%c9%99rbaycanda-istilik-t%c9%99chizati-ucun-tarifl%c9%99r-artirila-bil%c9%99r\\\/\",\"url\":\"https:\\\/\\\/www.meydan.tv\\\/az\\\/article\\\/az%c9%99rbaycanda-istilik-t%c9%99chizati-ucun-tarifl%c9%99r-artirila-bil%c9%99r\\\/\",\"name\":\"Az\u0259rbaycanda istilik t\u0259chizat\u0131 \u00fc\u00e7\u00fcn tarifl\u0259r art\u0131r\u0131la bil\u0259r - MEYDAN.TV\",\"isPartOf\":{\"@id\":\"https:\\\/\\\/www.meydan.tv\\\/az\\\/#website\"},\"primaryImageOfPage\":{\"@id\":\"https:\\\/\\\/www.meydan.tv\\\/az\\\/article\\\/az%c9%99rbaycanda-istilik-t%c9%99chizati-ucun-tarifl%c9%99r-artirila-bil%c9%99r\\\/#primaryimage\"},\"image\":{\"@id\":\"https:\\\/\\\/www.meydan.tv\\\/az\\\/article\\\/az%c9%99rbaycanda-istilik-t%c9%99chizati-ucun-tarifl%c9%99r-artirila-bil%c9%99r\\\/#primaryimage\"},\"thumbnailUrl\":\"https:\\\/\\\/www.meydan.tv\\\/wp-content\\\/uploads\\\/1510392651_70420_src.jpg\",\"datePublished\":\"2025-04-23T13:16:00+00:00\",\"dateModified\":\"2025-04-23T14:35:34+00:00\",\"breadcrumb\":{\"@id\":\"https:\\\/\\\/www.meydan.tv\\\/az\\\/article\\\/az%c9%99rbaycanda-istilik-t%c9%99chizati-ucun-tarifl%c9%99r-artirila-bil%c9%99r\\\/#breadcrumb\"},\"inLanguage\":\"az\",\"potentialAction\":[{\"@type\":\"ReadAction\",\"target\":[\"https:\\\/\\\/www.meydan.tv\\\/az\\\/article\\\/az%c9%99rbaycanda-istilik-t%c9%99chizati-ucun-tarifl%c9%99r-artirila-bil%c9%99r\\\/\"]}]},{\"@type\":\"ImageObject\",\"inLanguage\":\"az\",\"@id\":\"https:\\\/\\\/www.meydan.tv\\\/az\\\/article\\\/az%c9%99rbaycanda-istilik-t%c9%99chizati-ucun-tarifl%c9%99r-artirila-bil%c9%99r\\\/#primaryimage\",\"url\":\"https:\\\/\\\/www.meydan.tv\\\/wp-content\\\/uploads\\\/1510392651_70420_src.jpg\",\"contentUrl\":\"https:\\\/\\\/www.meydan.tv\\\/wp-content\\\/uploads\\\/1510392651_70420_src.jpg\",\"width\":1200,\"height\":797,\"caption\":\"M\u0259kt\u0259bl\u0259rd\u0259 istilik sistemi. Foto: \\\"Aztehsil\\\"\"},{\"@type\":\"BreadcrumbList\",\"@id\":\"https:\\\/\\\/www.meydan.tv\\\/az\\\/article\\\/az%c9%99rbaycanda-istilik-t%c9%99chizati-ucun-tarifl%c9%99r-artirila-bil%c9%99r\\\/#breadcrumb\",\"itemListElement\":[{\"@type\":\"ListItem\",\"position\":1,\"name\":\"Ana s\u0259hif\u0259\",\"item\":\"https:\\\/\\\/www.meydan.tv\\\/az\\\/\"},{\"@type\":\"ListItem\",\"position\":2,\"name\":\"Sosial\",\"item\":\"https:\\\/\\\/www.meydan.tv\\\/az\\\/section\\\/sosial\\\/\"},{\"@type\":\"ListItem\",\"position\":3,\"name\":\"Az\u0259rbaycanda istilik t\u0259chizat\u0131 \u00fc\u00e7\u00fcn tarifl\u0259r art\u0131r\u0131la bil\u0259r\"}]},{\"@type\":\"WebSite\",\"@id\":\"https:\\\/\\\/www.meydan.tv\\\/az\\\/#website\",\"url\":\"https:\\\/\\\/www.meydan.tv\\\/az\\\/\",\"name\":\"MEYDAN.TV\",\"description\":\"Meydan TV Az\u0259rbaycan\u0131n media m\u0259kan\u0131ndak\u0131 alternativ s\u0259sidir\",\"publisher\":{\"@id\":\"https:\\\/\\\/www.meydan.tv\\\/az\\\/#organization\"},\"potentialAction\":[{\"@type\":\"SearchAction\",\"target\":{\"@type\":\"EntryPoint\",\"urlTemplate\":\"https:\\\/\\\/www.meydan.tv\\\/az\\\/?s={search_term_string}\"},\"query-input\":{\"@type\":\"PropertyValueSpecification\",\"valueRequired\":true,\"valueName\":\"search_term_string\"}}],\"inLanguage\":\"az\"},{\"@type\":\"Organization\",\"@id\":\"https:\\\/\\\/www.meydan.tv\\\/az\\\/#organization\",\"name\":\"Meydan TV\",\"url\":\"https:\\\/\\\/www.meydan.tv\\\/az\\\/\",\"logo\":{\"@type\":\"ImageObject\",\"inLanguage\":\"az\",\"@id\":\"https:\\\/\\\/www.meydan.tv\\\/az\\\/#\\\/schema\\\/logo\\\/image\\\/\",\"url\":\"https:\\\/\\\/www.meydan.tv\\\/wp-content\\\/uploads\\\/2021\\\/07\\\/meydan-logo.svg\",\"contentUrl\":\"https:\\\/\\\/www.meydan.tv\\\/wp-content\\\/uploads\\\/2021\\\/07\\\/meydan-logo.svg\",\"width\":195,\"height\":46,\"caption\":\"Meydan TV\"},\"image\":{\"@id\":\"https:\\\/\\\/www.meydan.tv\\\/az\\\/#\\\/schema\\\/logo\\\/image\\\/\"}},{\"@type\":\"Person\",\"@id\":\"https:\\\/\\\/www.meydan.tv\\\/az\\\/#\\\/schema\\\/person\\\/09863e516102a829e72bedcf3f84c6b0\",\"name\":\"mahmud\"}]}<\/script>\n<!-- \/ Yoast SEO plugin. -->","yoast_head_json":{"title":"Az\u0259rbaycanda istilik t\u0259chizat\u0131 \u00fc\u00e7\u00fcn tarifl\u0259r art\u0131r\u0131la bil\u0259r - MEYDAN.TV","robots":{"index":"index","follow":"follow","max-snippet":"max-snippet:-1","max-image-preview":"max-image-preview:large","max-video-preview":"max-video-preview:-1"},"canonical":"https:\/\/www.meydan.tv\/az\/article\/az%c9%99rbaycanda-istilik-t%c9%99chizati-ucun-tarifl%c9%99r-artirila-bil%c9%99r\/","og_locale":"az_AZ","og_type":"article","og_title":"Az\u0259rbaycanda istilik t\u0259chizat\u0131 \u00fc\u00e7\u00fcn tarifl\u0259r art\u0131r\u0131la bil\u0259r - MEYDAN.TV","og_description":"\u0130lham Mirz\u0259liyev deyib ki, haz\u0131rda \u201cAz\u0259ristilikt\u0259chizat\u201d subsidiya il\u0259 f\u0259aliyy\u0259t g\u00f6st\u0259rir ... Davam\u0131","og_url":"https:\/\/www.meydan.tv\/az\/article\/az%c9%99rbaycanda-istilik-t%c9%99chizati-ucun-tarifl%c9%99r-artirila-bil%c9%99r\/","og_site_name":"MEYDAN.TV","article_published_time":"2025-04-23T13:16:00+00:00","article_modified_time":"2025-04-23T14:35:34+00:00","og_image":[{"width":1200,"height":797,"url":"https:\/\/www.meydan.tv\/wp-content\/uploads\/1510392651_70420_src.jpg","type":"image\/jpeg"}],"author":"mahmud","twitter_card":"summary_large_image","schema":{"@context":"https:\/\/schema.org","@graph":[{"@type":"Article","@id":"https:\/\/www.meydan.tv\/az\/article\/az%c9%99rbaycanda-istilik-t%c9%99chizati-ucun-tarifl%c9%99r-artirila-bil%c9%99r\/#article","isPartOf":{"@id":"https:\/\/www.meydan.tv\/az\/article\/az%c9%99rbaycanda-istilik-t%c9%99chizati-ucun-tarifl%c9%99r-artirila-bil%c9%99r\/"},"author":{"name":"mahmud","@id":"https:\/\/www.meydan.tv\/az\/#\/schema\/person\/09863e516102a829e72bedcf3f84c6b0"},"headline":"Az\u0259rbaycanda istilik t\u0259chizat\u0131 \u00fc\u00e7\u00fcn tarifl\u0259r art\u0131r\u0131la bil\u0259r","datePublished":"2025-04-23T13:16:00+00:00","dateModified":"2025-04-23T14:35:34+00:00","mainEntityOfPage":{"@id":"https:\/\/www.meydan.tv\/az\/article\/az%c9%99rbaycanda-istilik-t%c9%99chizati-ucun-tarifl%c9%99r-artirila-bil%c9%99r\/"},"wordCount":491,"publisher":{"@id":"https:\/\/www.meydan.tv\/az\/#organization"},"image":{"@id":"https:\/\/www.meydan.tv\/az\/article\/az%c9%99rbaycanda-istilik-t%c9%99chizati-ucun-tarifl%c9%99r-artirila-bil%c9%99r\/#primaryimage"},"thumbnailUrl":"https:\/\/www.meydan.tv\/wp-content\/uploads\/1510392651_70420_src.jpg","articleSection":["Sosial","T\u00f6vsiy\u0259","X\u0259b\u0259rl\u0259r"],"inLanguage":"az"},{"@type":"WebPage","@id":"https:\/\/www.meydan.tv\/az\/article\/az%c9%99rbaycanda-istilik-t%c9%99chizati-ucun-tarifl%c9%99r-artirila-bil%c9%99r\/","url":"https:\/\/www.meydan.tv\/az\/article\/az%c9%99rbaycanda-istilik-t%c9%99chizati-ucun-tarifl%c9%99r-artirila-bil%c9%99r\/","name":"Az\u0259rbaycanda istilik t\u0259chizat\u0131 \u00fc\u00e7\u00fcn tarifl\u0259r art\u0131r\u0131la bil\u0259r - MEYDAN.TV","isPartOf":{"@id":"https:\/\/www.meydan.tv\/az\/#website"},"primaryImageOfPage":{"@id":"https:\/\/www.meydan.tv\/az\/article\/az%c9%99rbaycanda-istilik-t%c9%99chizati-ucun-tarifl%c9%99r-artirila-bil%c9%99r\/#primaryimage"},"image":{"@id":"https:\/\/www.meydan.tv\/az\/article\/az%c9%99rbaycanda-istilik-t%c9%99chizati-ucun-tarifl%c9%99r-artirila-bil%c9%99r\/#primaryimage"},"thumbnailUrl":"https:\/\/www.meydan.tv\/wp-content\/uploads\/1510392651_70420_src.jpg","datePublished":"2025-04-23T13:16:00+00:00","dateModified":"2025-04-23T14:35:34+00:00","breadcrumb":{"@id":"https:\/\/www.meydan.tv\/az\/article\/az%c9%99rbaycanda-istilik-t%c9%99chizati-ucun-tarifl%c9%99r-artirila-bil%c9%99r\/#breadcrumb"},"inLanguage":"az","potentialAction":[{"@type":"ReadAction","target":["https:\/\/www.meydan.tv\/az\/article\/az%c9%99rbaycanda-istilik-t%c9%99chizati-ucun-tarifl%c9%99r-artirila-bil%c9%99r\/"]}]},{"@type":"ImageObject","inLanguage":"az","@id":"https:\/\/www.meydan.tv\/az\/article\/az%c9%99rbaycanda-istilik-t%c9%99chizati-ucun-tarifl%c9%99r-artirila-bil%c9%99r\/#primaryimage","url":"https:\/\/www.meydan.tv\/wp-content\/uploads\/1510392651_70420_src.jpg","contentUrl":"https:\/\/www.meydan.tv\/wp-content\/uploads\/1510392651_70420_src.jpg","width":1200,"height":797,"caption":"M\u0259kt\u0259bl\u0259rd\u0259 istilik sistemi. Foto: \"Aztehsil\""},{"@type":"BreadcrumbList","@id":"https:\/\/www.meydan.tv\/az\/article\/az%c9%99rbaycanda-istilik-t%c9%99chizati-ucun-tarifl%c9%99r-artirila-bil%c9%99r\/#breadcrumb","itemListElement":[{"@type":"ListItem","position":1,"name":"Ana s\u0259hif\u0259","item":"https:\/\/www.meydan.tv\/az\/"},{"@type":"ListItem","position":2,"name":"Sosial","item":"https:\/\/www.meydan.tv\/az\/section\/sosial\/"},{"@type":"ListItem","position":3,"name":"Az\u0259rbaycanda istilik t\u0259chizat\u0131 \u00fc\u00e7\u00fcn tarifl\u0259r art\u0131r\u0131la bil\u0259r"}]},{"@type":"WebSite","@id":"https:\/\/www.meydan.tv\/az\/#website","url":"https:\/\/www.meydan.tv\/az\/","name":"MEYDAN.TV","description":"Meydan TV Az\u0259rbaycan\u0131n media m\u0259kan\u0131ndak\u0131 alternativ s\u0259sidir","publisher":{"@id":"https:\/\/www.meydan.tv\/az\/#organization"},"potentialAction":[{"@type":"SearchAction","target":{"@type":"EntryPoint","urlTemplate":"https:\/\/www.meydan.tv\/az\/?s={search_term_string}"},"query-input":{"@type":"PropertyValueSpecification","valueRequired":true,"valueName":"search_term_string"}}],"inLanguage":"az"},{"@type":"Organization","@id":"https:\/\/www.meydan.tv\/az\/#organization","name":"Meydan TV","url":"https:\/\/www.meydan.tv\/az\/","logo":{"@type":"ImageObject","inLanguage":"az","@id":"https:\/\/www.meydan.tv\/az\/#\/schema\/logo\/image\/","url":"https:\/\/www.meydan.tv\/wp-content\/uploads\/2021\/07\/meydan-logo.svg","contentUrl":"https:\/\/www.meydan.tv\/wp-content\/uploads\/2021\/07\/meydan-logo.svg","width":195,"height":46,"caption":"Meydan TV"},"image":{"@id":"https:\/\/www.meydan.tv\/az\/#\/schema\/logo\/image\/"}},{"@type":"Person","@id":"https:\/\/www.meydan.tv\/az\/#\/schema\/person\/09863e516102a829e72bedcf3f84c6b0","name":"mahmud"}]}},"_links":{"self":[{"href":"https:\/\/www.meydan.tv\/az\/wp-json\/wp\/v2\/posts\/329155","targetHints":{"allow":["GET"]}}],"collection":[{"href":"https:\/\/www.meydan.tv\/az\/wp-json\/wp\/v2\/posts"}],"about":[{"href":"https:\/\/www.meydan.tv\/az\/wp-json\/wp\/v2\/types\/post"}],"author":[{"embeddable":true,"href":"https:\/\/www.meydan.tv\/az\/wp-json\/wp\/v2\/users\/21"}],"replies":[{"embeddable":true,"href":"https:\/\/www.meydan.tv\/az\/wp-json\/wp\/v2\/comments?post=329155"}],"version-history":[{"count":4,"href":"https:\/\/www.meydan.tv\/az\/wp-json\/wp\/v2\/posts\/329155\/revisions"}],"predecessor-version":[{"id":329174,"href":"https:\/\/www.meydan.tv\/az\/wp-json\/wp\/v2\/posts\/329155\/revisions\/329174"}],"wp:featuredmedia":[{"embeddable":true,"href":"https:\/\/www.meydan.tv\/az\/wp-json\/wp\/v2\/media\/295374"}],"wp:attachment":[{"href":"https:\/\/www.meydan.tv\/az\/wp-json\/wp\/v2\/media?parent=329155"}],"wp:term":[{"taxonomy":"category","embeddable":true,"href":"https:\/\/www.meydan.tv\/az\/wp-json\/wp\/v2\/categories?post=329155"},{"taxonomy":"post_tag","embeddable":true,"href":"https:\/\/www.meydan.tv\/az\/wp-json\/wp\/v2\/tags?post=329155"}],"curies":[{"name":"wp","href":"https:\/\/api.w.org\/{rel}","templated":true}]}}