{"id":329086,"date":"2025-04-22T17:16:06","date_gmt":"2025-04-22T13:16:06","guid":{"rendered":"https:\/\/www.meydan.tv\/?p=329086"},"modified":"2025-04-22T17:16:15","modified_gmt":"2025-04-22T13:16:15","slug":"ilham-eliyevin-sulh-sazisini-yubatmaqda-m%c9%99qs%c9%99di-n%c9%99dir","status":"publish","type":"post","link":"https:\/\/www.meydan.tv\/az\/article\/ilham-eliyevin-sulh-sazisini-yubatmaqda-m%c9%99qs%c9%99di-n%c9%99dir\/","title":{"rendered":"\u0130lham \u018fliyevin s\u00fclh sazi\u015fini yubatmaqda m\u0259qs\u0259di n\u0259dir?"},"content":{"rendered":"\n<figure class=\"wp-block-embed is-type-video is-provider-youtube wp-block-embed-youtube wp-embed-aspect-16-9 wp-has-aspect-ratio\"><div class=\"wp-block-embed__wrapper\">\n<iframe title=\"\u0130lham \u018fliyevin s\u00fclh sazi\u015fini yubatmaqda m\u0259qs\u0259di n\u0259dir?\" width=\"1200\" height=\"675\" data-src=\"https:\/\/www.youtube.com\/embed\/GvFkECt5DBA?feature=oembed\" frameborder=\"0\" allow=\"accelerometer; autoplay; clipboard-write; encrypted-media; gyroscope; picture-in-picture; web-share\" referrerpolicy=\"strict-origin-when-cross-origin\" allowfullscreen src=\"data:image\/svg+xml;base64,PHN2ZyB3aWR0aD0iMSIgaGVpZ2h0PSIxIiB4bWxucz0iaHR0cDovL3d3dy53My5vcmcvMjAwMC9zdmciPjwvc3ZnPg==\" class=\"lazyload\" data-load-mode=\"1\"><\/iframe>\n<\/div><\/figure>\n\n\n\n<p>Erm\u0259nistanla s\u00fclh sazi\u015finin n\u0259 vaxt imzalanaca\u011f\u0131 sual\u0131na \u0130lham \u018fliyev cavab verdi ki, b\u00fct\u00fcn b\u0259ndl\u0259r raz\u0131la\u015fd\u0131r\u0131lsa da, Az\u0259rbaycan\u0131n \u0259sas iki \u015f\u0259rti yerin\u0259 yetirilm\u0259s\u0259, s\u00fclh sazi\u015fi olmayacaq. <\/p>\n\n\n\n<p>Onlardan biri AT\u018fT-in Minsk qrupunun l\u0259\u011fvi, dig\u0259ri is\u0259 Erm\u0259nistan Konstitusiyas\u0131nda Az\u0259rbaycana qar\u015f\u0131 \u0259razi iddialar\u0131n\u0131n aradan qald\u0131r\u0131lmas\u0131d\u0131r. B\u0259s onsuz da he\u00e7 bir f\u0259aliyy\u0259ti olmayan Minsk qrupu n\u0259 \u00fc\u00e7\u00fcn s\u00fclh sazi\u015fin\u0259 \u0259sas mane\u0259 kimi g\u00f6st\u0259rilir? <\/p>\n","protected":false},"excerpt":{"rendered":"<p>Erm\u0259nistanla s\u00fclh sazi\u015finin n\u0259 vaxt imzalanaca\u011f\u0131 sual\u0131na \u0130lham \u018fliyev cavab &#8230; <\/p>\n<p class=\"read-more-container\"><a title=\"\u0130lham \u018fliyevin s\u00fclh sazi\u015fini yubatmaqda m\u0259qs\u0259di n\u0259dir?\" class=\"read-more button\" href=\"https:\/\/www.meydan.tv\/az\/article\/ilham-eliyevin-sulh-sazisini-yubatmaqda-m%c9%99qs%c9%99di-n%c9%99dir\/#more-329086\" aria-label=\"Read more about \u0130lham \u018fliyevin s\u00fclh sazi\u015fini yubatmaqda m\u0259qs\u0259di n\u0259dir?\">Davam\u0131<\/a><\/p>\n","protected":false},"author":12,"featured_media":318632,"comment_status":"closed","ping_status":"closed","sticky":false,"template":"","format":"standard","meta":{"_acf_changed":false,"_sitemap_exclude":false,"_sitemap_priority":"","_sitemap_frequency":"","footnotes":""},"categories":[59,63,56],"tags":[],"class_list":["post-329086","post","type-post","status-publish","format-standard","has-post-thumbnail","hentry","category-siyaset","category-video-2","category-xeberler","infinite-scroll-item","generate-columns","tablet-grid-50","mobile-grid-100","grid-parent","grid-33","no-featured-image-padding"],"acf":[],"yoast_head":"<!-- This site is optimized with the Yoast SEO plugin v27.4 - https:\/\/yoast.com\/product\/yoast-seo-wordpress\/ -->\n<title>\u0130lham \u018fliyevin s\u00fclh sazi\u015fini yubatmaqda m\u0259qs\u0259di n\u0259dir? - MEYDAN.TV<\/title>\n<meta name=\"robots\" content=\"index, follow, max-snippet:-1, max-image-preview:large, max-video-preview:-1\" \/>\n<link rel=\"canonical\" href=\"https:\/\/www.meydan.tv\/az\/article\/ilham-eliyevin-sulh-sazisini-yubatmaqda-m%c9%99qs%c9%99di-n%c9%99dir\/\" \/>\n<meta property=\"og:locale\" content=\"az_AZ\" \/>\n<meta property=\"og:type\" content=\"article\" \/>\n<meta property=\"og:title\" content=\"\u0130lham \u018fliyevin s\u00fclh sazi\u015fini yubatmaqda m\u0259qs\u0259di n\u0259dir? - MEYDAN.TV\" \/>\n<meta property=\"og:description\" content=\"Erm\u0259nistanla s\u00fclh sazi\u015finin n\u0259 vaxt imzalanaca\u011f\u0131 sual\u0131na \u0130lham \u018fliyev cavab ... Davam\u0131\" \/>\n<meta property=\"og:url\" content=\"https:\/\/www.meydan.tv\/az\/article\/ilham-eliyevin-sulh-sazisini-yubatmaqda-m%c9%99qs%c9%99di-n%c9%99dir\/\" \/>\n<meta property=\"og:site_name\" content=\"MEYDAN.TV\" \/>\n<meta property=\"article:published_time\" content=\"2025-04-22T13:16:06+00:00\" \/>\n<meta property=\"article:modified_time\" content=\"2025-04-22T13:16:15+00:00\" \/>\n<meta property=\"og:image\" content=\"https:\/\/www.meydan.tv\/wp-content\/uploads\/2024-10-24t100805z_1900992358_mt1anadl000bhb2jn_rtrmadp_3_anadolu-e1729777977513.jpg\" \/>\n\t<meta property=\"og:image:width\" content=\"1900\" \/>\n\t<meta property=\"og:image:height\" content=\"924\" \/>\n\t<meta property=\"og:image:type\" content=\"image\/jpeg\" \/>\n<meta name=\"author\" content=\"aleks\" \/>\n<meta name=\"twitter:card\" content=\"summary_large_image\" \/>\n<script type=\"application\/ld+json\" class=\"yoast-schema-graph\">{\"@context\":\"https:\\\/\\\/schema.org\",\"@graph\":[{\"@type\":\"Article\",\"@id\":\"https:\\\/\\\/www.meydan.tv\\\/az\\\/article\\\/ilham-eliyevin-sulh-sazisini-yubatmaqda-m%c9%99qs%c9%99di-n%c9%99dir\\\/#article\",\"isPartOf\":{\"@id\":\"https:\\\/\\\/www.meydan.tv\\\/az\\\/article\\\/ilham-eliyevin-sulh-sazisini-yubatmaqda-m%c9%99qs%c9%99di-n%c9%99dir\\\/\"},\"author\":{\"name\":\"aleks\",\"@id\":\"https:\\\/\\\/www.meydan.tv\\\/az\\\/#\\\/schema\\\/person\\\/476e9360e593fa131d5d71d51866f8da\"},\"headline\":\"\u0130lham \u018fliyevin s\u00fclh sazi\u015fini yubatmaqda m\u0259qs\u0259di n\u0259dir?\",\"datePublished\":\"2025-04-22T13:16:06+00:00\",\"dateModified\":\"2025-04-22T13:16:15+00:00\",\"mainEntityOfPage\":{\"@id\":\"https:\\\/\\\/www.meydan.tv\\\/az\\\/article\\\/ilham-eliyevin-sulh-sazisini-yubatmaqda-m%c9%99qs%c9%99di-n%c9%99dir\\\/\"},\"wordCount\":113,\"publisher\":{\"@id\":\"https:\\\/\\\/www.meydan.tv\\\/az\\\/#organization\"},\"image\":{\"@id\":\"https:\\\/\\\/www.meydan.tv\\\/az\\\/article\\\/ilham-eliyevin-sulh-sazisini-yubatmaqda-m%c9%99qs%c9%99di-n%c9%99dir\\\/#primaryimage\"},\"thumbnailUrl\":\"https:\\\/\\\/www.meydan.tv\\\/wp-content\\\/uploads\\\/2024-10-24t100805z_1900992358_mt1anadl000bhb2jn_rtrmadp_3_anadolu-e1729777977513.jpg\",\"articleSection\":[\"Siyas\u0259t\",\"Video\",\"X\u0259b\u0259rl\u0259r\"],\"inLanguage\":\"az\"},{\"@type\":\"WebPage\",\"@id\":\"https:\\\/\\\/www.meydan.tv\\\/az\\\/article\\\/ilham-eliyevin-sulh-sazisini-yubatmaqda-m%c9%99qs%c9%99di-n%c9%99dir\\\/\",\"url\":\"https:\\\/\\\/www.meydan.tv\\\/az\\\/article\\\/ilham-eliyevin-sulh-sazisini-yubatmaqda-m%c9%99qs%c9%99di-n%c9%99dir\\\/\",\"name\":\"\u0130lham \u018fliyevin s\u00fclh sazi\u015fini yubatmaqda m\u0259qs\u0259di n\u0259dir? - MEYDAN.TV\",\"isPartOf\":{\"@id\":\"https:\\\/\\\/www.meydan.tv\\\/az\\\/#website\"},\"primaryImageOfPage\":{\"@id\":\"https:\\\/\\\/www.meydan.tv\\\/az\\\/article\\\/ilham-eliyevin-sulh-sazisini-yubatmaqda-m%c9%99qs%c9%99di-n%c9%99dir\\\/#primaryimage\"},\"image\":{\"@id\":\"https:\\\/\\\/www.meydan.tv\\\/az\\\/article\\\/ilham-eliyevin-sulh-sazisini-yubatmaqda-m%c9%99qs%c9%99di-n%c9%99dir\\\/#primaryimage\"},\"thumbnailUrl\":\"https:\\\/\\\/www.meydan.tv\\\/wp-content\\\/uploads\\\/2024-10-24t100805z_1900992358_mt1anadl000bhb2jn_rtrmadp_3_anadolu-e1729777977513.jpg\",\"datePublished\":\"2025-04-22T13:16:06+00:00\",\"dateModified\":\"2025-04-22T13:16:15+00:00\",\"breadcrumb\":{\"@id\":\"https:\\\/\\\/www.meydan.tv\\\/az\\\/article\\\/ilham-eliyevin-sulh-sazisini-yubatmaqda-m%c9%99qs%c9%99di-n%c9%99dir\\\/#breadcrumb\"},\"inLanguage\":\"az\",\"potentialAction\":[{\"@type\":\"ReadAction\",\"target\":[\"https:\\\/\\\/www.meydan.tv\\\/az\\\/article\\\/ilham-eliyevin-sulh-sazisini-yubatmaqda-m%c9%99qs%c9%99di-n%c9%99dir\\\/\"]}]},{\"@type\":\"ImageObject\",\"inLanguage\":\"az\",\"@id\":\"https:\\\/\\\/www.meydan.tv\\\/az\\\/article\\\/ilham-eliyevin-sulh-sazisini-yubatmaqda-m%c9%99qs%c9%99di-n%c9%99dir\\\/#primaryimage\",\"url\":\"https:\\\/\\\/www.meydan.tv\\\/wp-content\\\/uploads\\\/2024-10-24t100805z_1900992358_mt1anadl000bhb2jn_rtrmadp_3_anadolu-e1729777977513.jpg\",\"contentUrl\":\"https:\\\/\\\/www.meydan.tv\\\/wp-content\\\/uploads\\\/2024-10-24t100805z_1900992358_mt1anadl000bhb2jn_rtrmadp_3_anadolu-e1729777977513.jpg\",\"width\":1900,\"height\":924,\"caption\":\"Nikol Pa\u015finyan v\u0259 \u0130lham \u018fliyev. Foto: Anadolu via Reuters Connect\"},{\"@type\":\"BreadcrumbList\",\"@id\":\"https:\\\/\\\/www.meydan.tv\\\/az\\\/article\\\/ilham-eliyevin-sulh-sazisini-yubatmaqda-m%c9%99qs%c9%99di-n%c9%99dir\\\/#breadcrumb\",\"itemListElement\":[{\"@type\":\"ListItem\",\"position\":1,\"name\":\"Ana s\u0259hif\u0259\",\"item\":\"https:\\\/\\\/www.meydan.tv\\\/az\\\/\"},{\"@type\":\"ListItem\",\"position\":2,\"name\":\"X\u0259b\u0259rl\u0259r\",\"item\":\"https:\\\/\\\/www.meydan.tv\\\/az\\\/section\\\/xeberler\\\/\"},{\"@type\":\"ListItem\",\"position\":3,\"name\":\"\u0130lham \u018fliyevin s\u00fclh sazi\u015fini yubatmaqda m\u0259qs\u0259di n\u0259dir?\"}]},{\"@type\":\"WebSite\",\"@id\":\"https:\\\/\\\/www.meydan.tv\\\/az\\\/#website\",\"url\":\"https:\\\/\\\/www.meydan.tv\\\/az\\\/\",\"name\":\"MEYDAN.TV\",\"description\":\"Meydan TV Az\u0259rbaycan\u0131n media m\u0259kan\u0131ndak\u0131 alternativ s\u0259sidir\",\"publisher\":{\"@id\":\"https:\\\/\\\/www.meydan.tv\\\/az\\\/#organization\"},\"potentialAction\":[{\"@type\":\"SearchAction\",\"target\":{\"@type\":\"EntryPoint\",\"urlTemplate\":\"https:\\\/\\\/www.meydan.tv\\\/az\\\/?s={search_term_string}\"},\"query-input\":{\"@type\":\"PropertyValueSpecification\",\"valueRequired\":true,\"valueName\":\"search_term_string\"}}],\"inLanguage\":\"az\"},{\"@type\":\"Organization\",\"@id\":\"https:\\\/\\\/www.meydan.tv\\\/az\\\/#organization\",\"name\":\"Meydan TV\",\"url\":\"https:\\\/\\\/www.meydan.tv\\\/az\\\/\",\"logo\":{\"@type\":\"ImageObject\",\"inLanguage\":\"az\",\"@id\":\"https:\\\/\\\/www.meydan.tv\\\/az\\\/#\\\/schema\\\/logo\\\/image\\\/\",\"url\":\"https:\\\/\\\/www.meydan.tv\\\/wp-content\\\/uploads\\\/2021\\\/07\\\/meydan-logo.svg\",\"contentUrl\":\"https:\\\/\\\/www.meydan.tv\\\/wp-content\\\/uploads\\\/2021\\\/07\\\/meydan-logo.svg\",\"width\":195,\"height\":46,\"caption\":\"Meydan TV\"},\"image\":{\"@id\":\"https:\\\/\\\/www.meydan.tv\\\/az\\\/#\\\/schema\\\/logo\\\/image\\\/\"}},{\"@type\":\"Person\",\"@id\":\"https:\\\/\\\/www.meydan.tv\\\/az\\\/#\\\/schema\\\/person\\\/476e9360e593fa131d5d71d51866f8da\",\"name\":\"aleks\"}]}<\/script>\n<!-- \/ Yoast SEO plugin. -->","yoast_head_json":{"title":"\u0130lham \u018fliyevin s\u00fclh sazi\u015fini yubatmaqda m\u0259qs\u0259di n\u0259dir? - MEYDAN.TV","robots":{"index":"index","follow":"follow","max-snippet":"max-snippet:-1","max-image-preview":"max-image-preview:large","max-video-preview":"max-video-preview:-1"},"canonical":"https:\/\/www.meydan.tv\/az\/article\/ilham-eliyevin-sulh-sazisini-yubatmaqda-m%c9%99qs%c9%99di-n%c9%99dir\/","og_locale":"az_AZ","og_type":"article","og_title":"\u0130lham \u018fliyevin s\u00fclh sazi\u015fini yubatmaqda m\u0259qs\u0259di n\u0259dir? - MEYDAN.TV","og_description":"Erm\u0259nistanla s\u00fclh sazi\u015finin n\u0259 vaxt imzalanaca\u011f\u0131 sual\u0131na \u0130lham \u018fliyev cavab ... Davam\u0131","og_url":"https:\/\/www.meydan.tv\/az\/article\/ilham-eliyevin-sulh-sazisini-yubatmaqda-m%c9%99qs%c9%99di-n%c9%99dir\/","og_site_name":"MEYDAN.TV","article_published_time":"2025-04-22T13:16:06+00:00","article_modified_time":"2025-04-22T13:16:15+00:00","og_image":[{"width":1900,"height":924,"url":"https:\/\/www.meydan.tv\/wp-content\/uploads\/2024-10-24t100805z_1900992358_mt1anadl000bhb2jn_rtrmadp_3_anadolu-e1729777977513.jpg","type":"image\/jpeg"}],"author":"aleks","twitter_card":"summary_large_image","schema":{"@context":"https:\/\/schema.org","@graph":[{"@type":"Article","@id":"https:\/\/www.meydan.tv\/az\/article\/ilham-eliyevin-sulh-sazisini-yubatmaqda-m%c9%99qs%c9%99di-n%c9%99dir\/#article","isPartOf":{"@id":"https:\/\/www.meydan.tv\/az\/article\/ilham-eliyevin-sulh-sazisini-yubatmaqda-m%c9%99qs%c9%99di-n%c9%99dir\/"},"author":{"name":"aleks","@id":"https:\/\/www.meydan.tv\/az\/#\/schema\/person\/476e9360e593fa131d5d71d51866f8da"},"headline":"\u0130lham \u018fliyevin s\u00fclh sazi\u015fini yubatmaqda m\u0259qs\u0259di n\u0259dir?","datePublished":"2025-04-22T13:16:06+00:00","dateModified":"2025-04-22T13:16:15+00:00","mainEntityOfPage":{"@id":"https:\/\/www.meydan.tv\/az\/article\/ilham-eliyevin-sulh-sazisini-yubatmaqda-m%c9%99qs%c9%99di-n%c9%99dir\/"},"wordCount":113,"publisher":{"@id":"https:\/\/www.meydan.tv\/az\/#organization"},"image":{"@id":"https:\/\/www.meydan.tv\/az\/article\/ilham-eliyevin-sulh-sazisini-yubatmaqda-m%c9%99qs%c9%99di-n%c9%99dir\/#primaryimage"},"thumbnailUrl":"https:\/\/www.meydan.tv\/wp-content\/uploads\/2024-10-24t100805z_1900992358_mt1anadl000bhb2jn_rtrmadp_3_anadolu-e1729777977513.jpg","articleSection":["Siyas\u0259t","Video","X\u0259b\u0259rl\u0259r"],"inLanguage":"az"},{"@type":"WebPage","@id":"https:\/\/www.meydan.tv\/az\/article\/ilham-eliyevin-sulh-sazisini-yubatmaqda-m%c9%99qs%c9%99di-n%c9%99dir\/","url":"https:\/\/www.meydan.tv\/az\/article\/ilham-eliyevin-sulh-sazisini-yubatmaqda-m%c9%99qs%c9%99di-n%c9%99dir\/","name":"\u0130lham \u018fliyevin s\u00fclh sazi\u015fini yubatmaqda m\u0259qs\u0259di n\u0259dir? - MEYDAN.TV","isPartOf":{"@id":"https:\/\/www.meydan.tv\/az\/#website"},"primaryImageOfPage":{"@id":"https:\/\/www.meydan.tv\/az\/article\/ilham-eliyevin-sulh-sazisini-yubatmaqda-m%c9%99qs%c9%99di-n%c9%99dir\/#primaryimage"},"image":{"@id":"https:\/\/www.meydan.tv\/az\/article\/ilham-eliyevin-sulh-sazisini-yubatmaqda-m%c9%99qs%c9%99di-n%c9%99dir\/#primaryimage"},"thumbnailUrl":"https:\/\/www.meydan.tv\/wp-content\/uploads\/2024-10-24t100805z_1900992358_mt1anadl000bhb2jn_rtrmadp_3_anadolu-e1729777977513.jpg","datePublished":"2025-04-22T13:16:06+00:00","dateModified":"2025-04-22T13:16:15+00:00","breadcrumb":{"@id":"https:\/\/www.meydan.tv\/az\/article\/ilham-eliyevin-sulh-sazisini-yubatmaqda-m%c9%99qs%c9%99di-n%c9%99dir\/#breadcrumb"},"inLanguage":"az","potentialAction":[{"@type":"ReadAction","target":["https:\/\/www.meydan.tv\/az\/article\/ilham-eliyevin-sulh-sazisini-yubatmaqda-m%c9%99qs%c9%99di-n%c9%99dir\/"]}]},{"@type":"ImageObject","inLanguage":"az","@id":"https:\/\/www.meydan.tv\/az\/article\/ilham-eliyevin-sulh-sazisini-yubatmaqda-m%c9%99qs%c9%99di-n%c9%99dir\/#primaryimage","url":"https:\/\/www.meydan.tv\/wp-content\/uploads\/2024-10-24t100805z_1900992358_mt1anadl000bhb2jn_rtrmadp_3_anadolu-e1729777977513.jpg","contentUrl":"https:\/\/www.meydan.tv\/wp-content\/uploads\/2024-10-24t100805z_1900992358_mt1anadl000bhb2jn_rtrmadp_3_anadolu-e1729777977513.jpg","width":1900,"height":924,"caption":"Nikol Pa\u015finyan v\u0259 \u0130lham \u018fliyev. Foto: Anadolu via Reuters Connect"},{"@type":"BreadcrumbList","@id":"https:\/\/www.meydan.tv\/az\/article\/ilham-eliyevin-sulh-sazisini-yubatmaqda-m%c9%99qs%c9%99di-n%c9%99dir\/#breadcrumb","itemListElement":[{"@type":"ListItem","position":1,"name":"Ana s\u0259hif\u0259","item":"https:\/\/www.meydan.tv\/az\/"},{"@type":"ListItem","position":2,"name":"X\u0259b\u0259rl\u0259r","item":"https:\/\/www.meydan.tv\/az\/section\/xeberler\/"},{"@type":"ListItem","position":3,"name":"\u0130lham \u018fliyevin s\u00fclh sazi\u015fini yubatmaqda m\u0259qs\u0259di n\u0259dir?"}]},{"@type":"WebSite","@id":"https:\/\/www.meydan.tv\/az\/#website","url":"https:\/\/www.meydan.tv\/az\/","name":"MEYDAN.TV","description":"Meydan TV Az\u0259rbaycan\u0131n media m\u0259kan\u0131ndak\u0131 alternativ s\u0259sidir","publisher":{"@id":"https:\/\/www.meydan.tv\/az\/#organization"},"potentialAction":[{"@type":"SearchAction","target":{"@type":"EntryPoint","urlTemplate":"https:\/\/www.meydan.tv\/az\/?s={search_term_string}"},"query-input":{"@type":"PropertyValueSpecification","valueRequired":true,"valueName":"search_term_string"}}],"inLanguage":"az"},{"@type":"Organization","@id":"https:\/\/www.meydan.tv\/az\/#organization","name":"Meydan TV","url":"https:\/\/www.meydan.tv\/az\/","logo":{"@type":"ImageObject","inLanguage":"az","@id":"https:\/\/www.meydan.tv\/az\/#\/schema\/logo\/image\/","url":"https:\/\/www.meydan.tv\/wp-content\/uploads\/2021\/07\/meydan-logo.svg","contentUrl":"https:\/\/www.meydan.tv\/wp-content\/uploads\/2021\/07\/meydan-logo.svg","width":195,"height":46,"caption":"Meydan TV"},"image":{"@id":"https:\/\/www.meydan.tv\/az\/#\/schema\/logo\/image\/"}},{"@type":"Person","@id":"https:\/\/www.meydan.tv\/az\/#\/schema\/person\/476e9360e593fa131d5d71d51866f8da","name":"aleks"}]}},"_links":{"self":[{"href":"https:\/\/www.meydan.tv\/az\/wp-json\/wp\/v2\/posts\/329086","targetHints":{"allow":["GET"]}}],"collection":[{"href":"https:\/\/www.meydan.tv\/az\/wp-json\/wp\/v2\/posts"}],"about":[{"href":"https:\/\/www.meydan.tv\/az\/wp-json\/wp\/v2\/types\/post"}],"author":[{"embeddable":true,"href":"https:\/\/www.meydan.tv\/az\/wp-json\/wp\/v2\/users\/12"}],"replies":[{"embeddable":true,"href":"https:\/\/www.meydan.tv\/az\/wp-json\/wp\/v2\/comments?post=329086"}],"version-history":[{"count":1,"href":"https:\/\/www.meydan.tv\/az\/wp-json\/wp\/v2\/posts\/329086\/revisions"}],"predecessor-version":[{"id":329088,"href":"https:\/\/www.meydan.tv\/az\/wp-json\/wp\/v2\/posts\/329086\/revisions\/329088"}],"wp:featuredmedia":[{"embeddable":true,"href":"https:\/\/www.meydan.tv\/az\/wp-json\/wp\/v2\/media\/318632"}],"wp:attachment":[{"href":"https:\/\/www.meydan.tv\/az\/wp-json\/wp\/v2\/media?parent=329086"}],"wp:term":[{"taxonomy":"category","embeddable":true,"href":"https:\/\/www.meydan.tv\/az\/wp-json\/wp\/v2\/categories?post=329086"},{"taxonomy":"post_tag","embeddable":true,"href":"https:\/\/www.meydan.tv\/az\/wp-json\/wp\/v2\/tags?post=329086"}],"curies":[{"name":"wp","href":"https:\/\/api.w.org\/{rel}","templated":true}]}}