{"id":329075,"date":"2025-04-22T16:41:32","date_gmt":"2025-04-22T12:41:32","guid":{"rendered":"https:\/\/www.meydan.tv\/?p=329075"},"modified":"2025-04-22T16:41:36","modified_gmt":"2025-04-22T12:41:36","slug":"avropa-m%c9%99hk%c9%99m%c9%99si-az%c9%99rbaycan-hokum%c9%99tinin%c9%99-qarsi-iki-q%c9%99rar-q%c9%99bul-edib","status":"publish","type":"post","link":"https:\/\/www.meydan.tv\/az\/article\/avropa-m%c9%99hk%c9%99m%c9%99si-az%c9%99rbaycan-hokum%c9%99tinin%c9%99-qarsi-iki-q%c9%99rar-q%c9%99bul-edib\/","title":{"rendered":"Avropa M\u0259hk\u0259m\u0259si Az\u0259rbaycan h\u00f6kum\u0259tin\u0259 qar\u015f\u0131 iki q\u0259rar q\u0259bul edib"},"content":{"rendered":"\n<p><\/p>\n\n\n\n<p><strong><em>Amma bu d\u0259f\u0259 kompensasiya k\u0259silm\u0259yib<\/em><\/strong><\/p>\n\n\n\n<p>Avropa \u0130nsan H\u00fcquqlar\u0131 M\u0259hk\u0259m\u0259si (A\u0130HM) m\u00fclkiyy\u0259t h\u00fcququnun pozuntusuna g\u00f6r\u0259 Az\u0259rbaycan h\u00f6kum\u0259tin\u0259 qar\u015f\u0131 iki q\u0259rar <a href=\"https:\/\/hudoc.echr.coe.int\/eng#{%22itemid%22:[%22001-242761%22]}\" target=\"_blank\" rel=\"noreferrer noopener\">q\u0259bul edib.<\/a><\/p>\n\n\n\n<p>\u201c\u018fliyev Az\u0259rbaycana qar\u015f\u0131\u201d m\u0259hk\u0259m\u0259 i\u015find\u0259 \u0259riz\u0259\u00e7i G\u0259d\u0259b\u0259y \u015f\u0259h\u0259rind\u0259ki ma\u011fazas\u0131n\u0131n G\u0259d\u0259b\u0259y \u0130cra hakimiyy\u0259ti t\u0259r\u0259find\u0259n s\u00f6k\u00fcm\u0259sin\u0259 g\u00f6r\u0259 \u015fikay\u0259t verib.<\/p>\n\n\n\n<p>O qeyd edib ki, qanunsuz s\u00f6k\u00fcl\u0259n ma\u011fazas\u0131na t\u0259zminat almay\u0131b. Ona ma\u011fazan\u0131n \u0259v\u0259zin\u0259 yar\u0131m\u00e7\u0131q bina t\u0259klif edilib, o is\u0259 bundan imtina edib.<\/p>\n\n\n\n<p>Yerli m\u0259hk\u0259m\u0259l\u0259r \u0259riz\u0259\u00e7inin iddias\u0131n\u0131 r\u0259dd edibl\u0259r v\u0259 g\u0259ldikl\u0259ri n\u0259tic\u0259ni bel\u0259 \u0259sasland\u0131r\u0131blar ki, s\u00f6k\u00fcnt\u00fc qanuni olub &#8211; \u0130cra hakimiyy\u0259tinin s\u0259r\u0259ncam\u0131na \u0259saslan\u0131b (S\u0259r\u0259ncam \u0259riz\u0259\u00e7inin ma\u011fazas\u0131 da daxil olmaqla, bir s\u0131ra obyektl\u0259rin yax\u0131nl\u0131qda tikil\u0259n ticar\u0259t m\u0259rk\u0259zin\u0259 k\u00f6\u00e7\u00fcr\u00fclm\u0259si il\u0259 ba\u011fl\u0131 olub).<\/p>\n\n\n\n<p>Eyni zamanda \u0259riz\u0259\u00e7iy\u0259 s\u00f6k\u00fcl\u0259n obyektin \u0259v\u0259zin\u0259 yeni tikilmi\u015f ticar\u0259t m\u0259rk\u0259zind\u0259 obyekt ayr\u0131l\u0131b.<\/p>\n\n\n\n<p>\u018friz\u0259\u00e7i is\u0259 iddia edirdi ki, t\u0259klif edil\u0259n obyekt ki\u00e7ik, yar\u0131m\u00e7\u0131q binada oldu\u011funa, y\u00fcks\u0259k g\u0259rginlikli elektrik x\u0259ttinin alt\u0131nda yerl\u0259\u015fdiyin\u0259 v\u0259 s\u0259n\u0259dl\u0259rinin olmamas\u0131na g\u00f6r\u0259 ondan imtina edib. Bildirdiyin\u0259 g\u00f6r\u0259, h\u0259min obyektin t\u0259miri \u00fc\u00e7\u00fcn d\u0259 ona pul t\u0259klif edilm\u0259yib.<\/p>\n\n\n\n<p>H\u00f6k\u00fcm\u0259t kommunikasiya zaman\u0131 qeyd edib ki, \u0259riz\u0259\u00e7iy\u0259 s\u00f6k\u00fcl\u0259n ma\u011fazaya g\u00f6r\u0259 obyekt t\u0259klif edilib.<\/p>\n\n\n\n<p>A\u0130HM qeyd edib ki, icra hakimiyy\u0259ti bel\u0259 s\u0259r\u0259ncam verm\u0259kl\u0259 daxili qanunvericiliy\u0259 g\u00f6r\u0259, m\u00fclkiyy\u0259td\u0259n m\u0259hrum edilm\u0259 \u00fc\u00e7\u00fcn qanuni s\u0259lahiyy\u0259t\u0259 malik deyil. Eyni zamanda \u0259riz\u0259\u00e7iy\u0259 yeni obyektin t\u0259klif edilm\u0259si d\u0259 qanuni olmay\u0131b, \u00e7\u00fcnki bunun \u00fc\u00e7\u00fcn \u0259riz\u0259\u00e7inin raz\u0131l\u0131\u011f\u0131 olmal\u0131yd\u0131. \u018friz\u0259\u00e7i is\u0259 pul kompensasiyas\u0131 t\u0259l\u0259b edib. Yerli m\u0259hk\u0259m\u0259l\u0259r n\u0259y\u0259 g\u00f6r\u0259 ona pul kompensasiyas\u0131n\u0131n \u0259v\u0259zin\u0259 obyektin verilm\u0259sini se\u00e7m\u0259sini \u0259sasland\u0131ra bilm\u0259yibl\u0259r.<\/p>\n\n\n\n<p>Buna g\u00f6r\u0259 d\u0259 \u0259riz\u0259\u00e7inin m\u00fclkiyy\u0259tind\u0259n m\u0259hrum edilm\u0259si qanunla n\u0259z\u0259rd\u0259 tutulmu\u015f \u015f\u0259rtl\u0259r\u0259 uy\u011fun olmay\u0131b, lakin kompensasiya m\u0259s\u0259l\u0259rinin h\u0259lli \u00fc\u00e7\u00fcn t\u0259r\u0259fl\u0259rin h\u0259l\u0259 haz\u0131r olmad\u0131\u011f\u0131n\u0131 \u0259sas g\u00f6t\u00fcr\u00fcb bu m\u0259s\u0259l\u0259ni t\u0259xir\u0259 sal\u0131b.<\/p>\n\n\n\n<p>Dig\u0259r q\u0259rar olan \u201cSad\u0131qov Az\u0259rbaycana qar\u015f\u0131\u201d olan i\u015fd\u0259 \u0259riz\u0259\u00e7i 1955-ci ild\u0259 tikilmi\u015f v\u0259 ona m\u0259xsus olan binan\u0131n T\u0259rt\u0259r rayon \u0130cra Hakimiyy\u0259ti t\u0259r\u0259find\u0259n s\u00f6k\u00fclm\u0259sind\u0259n \u015fikay\u0259t verib. Bildirib ki, ona t\u0259yin edil\u0259n 16808 manat kompensasiya adekvat olmay\u0131b.<\/p>\n\n\n\n<p>A\u0130HM qeyd edib ki, yerli m\u0259hk\u0259m\u0259l\u0259r t\u0259qdim edil\u0259n kompensasiya m\u0259bl\u0259\u011fi il\u0259 adekvat \u0259sasland\u0131rma aparmay\u0131blar.<\/p>\n\n\n\n<p>D\u0259ymi\u015f z\u0259r\u0259rl\u0259 ba\u011fl\u0131 \u0259riz\u0259\u00e7i kommunikasiya m\u0259rh\u0259l\u0259sind\u0259 \u00f6z t\u0259l\u0259bl\u0259rini ir\u0259li s\u00fcrm\u0259diyind\u0259n, m\u0259hk\u0259m\u0259 h\u0259r hans\u0131 kompensasiya \u00f6d\u0259nilm\u0259sini m\u00fc\u0259yy\u0259n etm\u0259yib.<\/p>\n\n\n\n<p>A\u0130HM ba\u015fqa q\u0259rarlar\u0131nda da bu m\u0259s\u0259l\u0259y\u0259 d\u0259f\u0259l\u0259rl\u0259 toxunub v\u0259 qeyd edib ki, m\u0259hk\u0259m\u0259y\u0259 yaz\u0131lan \u015fikay\u0259td\u0259 kompensasiya t\u0259l\u0259bi g\u00f6st\u0259rils\u0259 d\u0259, kommunikasiya zaman\u0131 bu t\u0259l\u0259b ir\u0259li s\u00fcr\u00fclm\u0259zs\u0259, m\u0259hk\u0259m\u0259 kompensasiya t\u0259yinind\u0259n imtina edir.<\/p>\n\n\n\n<p>Az\u0259rbaycan h\u00f6kum\u0259ti 2024-c\u00fc ilin fevral\u0131ndan A\u0130HM q\u0259rarlar\u0131ndan ir\u0259li g\u0259l\u0259n c\u0259rim\u0259l\u0259ri \u00f6d\u0259mir.<\/p>\n\n\n\n<p>Preizdent \u0130lham \u018fliyev 2025-ci il aprelin 9-da bildirib ki, Az\u0259rbaycan Avropa M\u0259hk\u0259m\u0259sinin \u00e7\u0131xard\u0131\u011f\u0131 q\u0259rarlar\u0131 tan\u0131mayacaq.<\/p>\n\n\n\n<p>\u018fliyev bunu Az\u0259rbaycan\u0131n n\u00fcmay\u0259nd\u0259 hey\u0259tinin \u00f6t\u0259n il Avropa \u015euras\u0131 Parlamentl\u0259r Assambleyas\u0131ndan (A\u015ePA) k\u0259narla\u015fd\u0131r\u0131lmas\u0131 il\u0259 \u0259laq\u0259l\u0259ndirib.<\/p>\n\n\n\n<p>\u201cBiz s\u0259sverm\u0259 h\u00fcququndan m\u0259hrum olunmu\u015fuq. O hakiml\u0259r\u0259 s\u0259s verm\u0259mi\u015fik, kim olduqlar\u0131n\u0131 bilmirik\u201d, &#8211; \u018fliyev deyib.<\/p>\n\n\n\n<p>A\u015ePA \u00f6t\u0259n il yanvar\u0131n 24-d\u0259 Az\u0259rbaycan\u0131n Avropa \u015euras\u0131na \u00fczvl\u00fckd\u0259n ir\u0259li g\u0259l\u0259n \u0259sas \u00f6hd\u0259likl\u0259rini yerin\u0259 yetirm\u0259m\u0259sini \u0259sas g\u0259tir\u0259r\u0259k az\u0259rbaycanl\u0131 deputatlar\u0131n etimadnam\u0259l\u0259rini t\u0259sdiql\u0259m\u0259yib.<\/p>\n\n\n\n<p>Dig\u0259r \u0259saslar Az\u0259rbaycanda insan h\u00fcquqlar\u0131n\u0131n pisl\u0259\u015f\u0259n v\u0259ziyy\u0259ti, jurnalistl\u0259rin h\u0259bsi, n\u00f6vb\u0259d\u0259nk\u0259nar prezident se\u00e7kisini m\u00fc\u015fahid\u0259 etm\u0259k \u00fc\u00e7\u00fcn quruma d\u0259v\u0259t g\u00f6nd\u0259rilm\u0259m\u0259si, habel\u0259 Qaraba\u011fda h\u0259rbi \u0259m\u0259liyyatlar g\u00f6st\u0259rilib.<\/p>\n\n\n\n<p>Assambleyada s\u0259sverm\u0259d\u0259n \u0259vv\u0259l qurumda i\u015ftirak\u0131n\u0131 \u201cqeyri-m\u00fc\u0259yy\u0259n m\u00fcdd\u0259t\u0259\u201d dayand\u0131rd\u0131\u011f\u0131n\u0131 b\u0259yan ed\u0259n Az\u0259rbaycan\u0131n n\u00fcmay\u0259nd\u0259 hey\u0259ti ba\u015f ver\u0259nl\u0259rin bu \u00f6lk\u0259nin \u0259razi b\u00fct\u00f6vl\u00fcy\u00fcn\u00fc b\u0259rpa etm\u0259sin\u0259 g\u00f6r\u0259 apar\u0131lan q\u0259r\u0259zli kampaniyan\u0131n bir hiss\u0259si oldu\u011funu qeyd edib.<\/p>\n\n\n\n<p>2025-ci ilin yanvar\u0131nda is\u0259 Az\u0259rbaycan A\u015ePA-ya n\u00fcmay\u0259nd\u0259 hey\u0259ti g\u00f6nd\u0259rm\u0259yib.<\/p>\n","protected":false},"excerpt":{"rendered":"<p>Amma bu d\u0259f\u0259 kompensasiya k\u0259silm\u0259yib Avropa \u0130nsan H\u00fcquqlar\u0131 M\u0259hk\u0259m\u0259si (A\u0130HM) &#8230; <\/p>\n<p class=\"read-more-container\"><a title=\"Avropa M\u0259hk\u0259m\u0259si Az\u0259rbaycan h\u00f6kum\u0259tin\u0259 qar\u015f\u0131 iki q\u0259rar q\u0259bul edib\" class=\"read-more button\" href=\"https:\/\/www.meydan.tv\/az\/article\/avropa-m%c9%99hk%c9%99m%c9%99si-az%c9%99rbaycan-hokum%c9%99tinin%c9%99-qarsi-iki-q%c9%99rar-q%c9%99bul-edib\/#more-329075\" aria-label=\"Read more about Avropa M\u0259hk\u0259m\u0259si Az\u0259rbaycan h\u00f6kum\u0259tin\u0259 qar\u015f\u0131 iki q\u0259rar q\u0259bul edib\">Davam\u0131<\/a><\/p>\n","protected":false},"author":21,"featured_media":227177,"comment_status":"closed","ping_status":"closed","sticky":false,"template":"","format":"standard","meta":{"_acf_changed":false,"_sitemap_exclude":false,"_sitemap_priority":"","_sitemap_frequency":"","footnotes":""},"categories":[59,56],"tags":[],"class_list":["post-329075","post","type-post","status-publish","format-standard","has-post-thumbnail","hentry","category-siyaset","category-xeberler","infinite-scroll-item","generate-columns","tablet-grid-50","mobile-grid-100","grid-parent","grid-33","no-featured-image-padding"],"acf":[],"yoast_head":"<!-- This site is optimized with the Yoast SEO plugin v27.4 - https:\/\/yoast.com\/product\/yoast-seo-wordpress\/ -->\n<title>Avropa M\u0259hk\u0259m\u0259si Az\u0259rbaycan h\u00f6kum\u0259tin\u0259 qar\u015f\u0131 iki q\u0259rar q\u0259bul edib - MEYDAN.TV<\/title>\n<meta name=\"robots\" content=\"index, follow, max-snippet:-1, max-image-preview:large, max-video-preview:-1\" \/>\n<link rel=\"canonical\" href=\"https:\/\/www.meydan.tv\/az\/article\/avropa-m%c9%99hk%c9%99m%c9%99si-az%c9%99rbaycan-hokum%c9%99tinin%c9%99-qarsi-iki-q%c9%99rar-q%c9%99bul-edib\/\" \/>\n<meta property=\"og:locale\" content=\"az_AZ\" \/>\n<meta property=\"og:type\" content=\"article\" \/>\n<meta property=\"og:title\" content=\"Avropa M\u0259hk\u0259m\u0259si Az\u0259rbaycan h\u00f6kum\u0259tin\u0259 qar\u015f\u0131 iki q\u0259rar q\u0259bul edib - MEYDAN.TV\" \/>\n<meta property=\"og:description\" content=\"Amma bu d\u0259f\u0259 kompensasiya k\u0259silm\u0259yib Avropa \u0130nsan H\u00fcquqlar\u0131 M\u0259hk\u0259m\u0259si (A\u0130HM) ... Davam\u0131\" \/>\n<meta property=\"og:url\" content=\"https:\/\/www.meydan.tv\/az\/article\/avropa-m%c9%99hk%c9%99m%c9%99si-az%c9%99rbaycan-hokum%c9%99tinin%c9%99-qarsi-iki-q%c9%99rar-q%c9%99bul-edib\/\" \/>\n<meta property=\"og:site_name\" content=\"MEYDAN.TV\" \/>\n<meta property=\"article:published_time\" content=\"2025-04-22T12:41:32+00:00\" \/>\n<meta property=\"article:modified_time\" content=\"2025-04-22T12:41:36+00:00\" \/>\n<meta property=\"og:image\" content=\"https:\/\/www.meydan.tv\/wp-content\/uploads\/shutterstock_261407981.jpg\" \/>\n\t<meta property=\"og:image:width\" content=\"1200\" \/>\n\t<meta property=\"og:image:height\" content=\"798\" \/>\n\t<meta property=\"og:image:type\" content=\"image\/jpeg\" \/>\n<meta name=\"author\" content=\"mahmud\" \/>\n<meta name=\"twitter:card\" content=\"summary_large_image\" \/>\n<script type=\"application\/ld+json\" class=\"yoast-schema-graph\">{\"@context\":\"https:\\\/\\\/schema.org\",\"@graph\":[{\"@type\":\"Article\",\"@id\":\"https:\\\/\\\/www.meydan.tv\\\/az\\\/article\\\/avropa-m%c9%99hk%c9%99m%c9%99si-az%c9%99rbaycan-hokum%c9%99tinin%c9%99-qarsi-iki-q%c9%99rar-q%c9%99bul-edib\\\/#article\",\"isPartOf\":{\"@id\":\"https:\\\/\\\/www.meydan.tv\\\/az\\\/article\\\/avropa-m%c9%99hk%c9%99m%c9%99si-az%c9%99rbaycan-hokum%c9%99tinin%c9%99-qarsi-iki-q%c9%99rar-q%c9%99bul-edib\\\/\"},\"author\":{\"name\":\"mahmud\",\"@id\":\"https:\\\/\\\/www.meydan.tv\\\/az\\\/#\\\/schema\\\/person\\\/09863e516102a829e72bedcf3f84c6b0\"},\"headline\":\"Avropa M\u0259hk\u0259m\u0259si Az\u0259rbaycan h\u00f6kum\u0259tin\u0259 qar\u015f\u0131 iki q\u0259rar q\u0259bul edib\",\"datePublished\":\"2025-04-22T12:41:32+00:00\",\"dateModified\":\"2025-04-22T12:41:36+00:00\",\"mainEntityOfPage\":{\"@id\":\"https:\\\/\\\/www.meydan.tv\\\/az\\\/article\\\/avropa-m%c9%99hk%c9%99m%c9%99si-az%c9%99rbaycan-hokum%c9%99tinin%c9%99-qarsi-iki-q%c9%99rar-q%c9%99bul-edib\\\/\"},\"wordCount\":919,\"publisher\":{\"@id\":\"https:\\\/\\\/www.meydan.tv\\\/az\\\/#organization\"},\"image\":{\"@id\":\"https:\\\/\\\/www.meydan.tv\\\/az\\\/article\\\/avropa-m%c9%99hk%c9%99m%c9%99si-az%c9%99rbaycan-hokum%c9%99tinin%c9%99-qarsi-iki-q%c9%99rar-q%c9%99bul-edib\\\/#primaryimage\"},\"thumbnailUrl\":\"https:\\\/\\\/www.meydan.tv\\\/wp-content\\\/uploads\\\/shutterstock_261407981.jpg\",\"articleSection\":[\"Siyas\u0259t\",\"X\u0259b\u0259rl\u0259r\"],\"inLanguage\":\"az\"},{\"@type\":\"WebPage\",\"@id\":\"https:\\\/\\\/www.meydan.tv\\\/az\\\/article\\\/avropa-m%c9%99hk%c9%99m%c9%99si-az%c9%99rbaycan-hokum%c9%99tinin%c9%99-qarsi-iki-q%c9%99rar-q%c9%99bul-edib\\\/\",\"url\":\"https:\\\/\\\/www.meydan.tv\\\/az\\\/article\\\/avropa-m%c9%99hk%c9%99m%c9%99si-az%c9%99rbaycan-hokum%c9%99tinin%c9%99-qarsi-iki-q%c9%99rar-q%c9%99bul-edib\\\/\",\"name\":\"Avropa M\u0259hk\u0259m\u0259si Az\u0259rbaycan h\u00f6kum\u0259tin\u0259 qar\u015f\u0131 iki q\u0259rar q\u0259bul edib - MEYDAN.TV\",\"isPartOf\":{\"@id\":\"https:\\\/\\\/www.meydan.tv\\\/az\\\/#website\"},\"primaryImageOfPage\":{\"@id\":\"https:\\\/\\\/www.meydan.tv\\\/az\\\/article\\\/avropa-m%c9%99hk%c9%99m%c9%99si-az%c9%99rbaycan-hokum%c9%99tinin%c9%99-qarsi-iki-q%c9%99rar-q%c9%99bul-edib\\\/#primaryimage\"},\"image\":{\"@id\":\"https:\\\/\\\/www.meydan.tv\\\/az\\\/article\\\/avropa-m%c9%99hk%c9%99m%c9%99si-az%c9%99rbaycan-hokum%c9%99tinin%c9%99-qarsi-iki-q%c9%99rar-q%c9%99bul-edib\\\/#primaryimage\"},\"thumbnailUrl\":\"https:\\\/\\\/www.meydan.tv\\\/wp-content\\\/uploads\\\/shutterstock_261407981.jpg\",\"datePublished\":\"2025-04-22T12:41:32+00:00\",\"dateModified\":\"2025-04-22T12:41:36+00:00\",\"breadcrumb\":{\"@id\":\"https:\\\/\\\/www.meydan.tv\\\/az\\\/article\\\/avropa-m%c9%99hk%c9%99m%c9%99si-az%c9%99rbaycan-hokum%c9%99tinin%c9%99-qarsi-iki-q%c9%99rar-q%c9%99bul-edib\\\/#breadcrumb\"},\"inLanguage\":\"az\",\"potentialAction\":[{\"@type\":\"ReadAction\",\"target\":[\"https:\\\/\\\/www.meydan.tv\\\/az\\\/article\\\/avropa-m%c9%99hk%c9%99m%c9%99si-az%c9%99rbaycan-hokum%c9%99tinin%c9%99-qarsi-iki-q%c9%99rar-q%c9%99bul-edib\\\/\"]}]},{\"@type\":\"ImageObject\",\"inLanguage\":\"az\",\"@id\":\"https:\\\/\\\/www.meydan.tv\\\/az\\\/article\\\/avropa-m%c9%99hk%c9%99m%c9%99si-az%c9%99rbaycan-hokum%c9%99tinin%c9%99-qarsi-iki-q%c9%99rar-q%c9%99bul-edib\\\/#primaryimage\",\"url\":\"https:\\\/\\\/www.meydan.tv\\\/wp-content\\\/uploads\\\/shutterstock_261407981.jpg\",\"contentUrl\":\"https:\\\/\\\/www.meydan.tv\\\/wp-content\\\/uploads\\\/shutterstock_261407981.jpg\",\"width\":1200,\"height\":798,\"caption\":\"Avropa M\u0259hk\u0259m\u0259si, Foto: By symbiot\\\/Shutterstock\"},{\"@type\":\"BreadcrumbList\",\"@id\":\"https:\\\/\\\/www.meydan.tv\\\/az\\\/article\\\/avropa-m%c9%99hk%c9%99m%c9%99si-az%c9%99rbaycan-hokum%c9%99tinin%c9%99-qarsi-iki-q%c9%99rar-q%c9%99bul-edib\\\/#breadcrumb\",\"itemListElement\":[{\"@type\":\"ListItem\",\"position\":1,\"name\":\"Ana s\u0259hif\u0259\",\"item\":\"https:\\\/\\\/www.meydan.tv\\\/az\\\/\"},{\"@type\":\"ListItem\",\"position\":2,\"name\":\"Siyas\u0259t\",\"item\":\"https:\\\/\\\/www.meydan.tv\\\/az\\\/section\\\/siyaset\\\/\"},{\"@type\":\"ListItem\",\"position\":3,\"name\":\"Avropa M\u0259hk\u0259m\u0259si Az\u0259rbaycan h\u00f6kum\u0259tin\u0259 qar\u015f\u0131 iki q\u0259rar q\u0259bul edib\"}]},{\"@type\":\"WebSite\",\"@id\":\"https:\\\/\\\/www.meydan.tv\\\/az\\\/#website\",\"url\":\"https:\\\/\\\/www.meydan.tv\\\/az\\\/\",\"name\":\"MEYDAN.TV\",\"description\":\"Meydan TV Az\u0259rbaycan\u0131n media m\u0259kan\u0131ndak\u0131 alternativ s\u0259sidir\",\"publisher\":{\"@id\":\"https:\\\/\\\/www.meydan.tv\\\/az\\\/#organization\"},\"potentialAction\":[{\"@type\":\"SearchAction\",\"target\":{\"@type\":\"EntryPoint\",\"urlTemplate\":\"https:\\\/\\\/www.meydan.tv\\\/az\\\/?s={search_term_string}\"},\"query-input\":{\"@type\":\"PropertyValueSpecification\",\"valueRequired\":true,\"valueName\":\"search_term_string\"}}],\"inLanguage\":\"az\"},{\"@type\":\"Organization\",\"@id\":\"https:\\\/\\\/www.meydan.tv\\\/az\\\/#organization\",\"name\":\"Meydan TV\",\"url\":\"https:\\\/\\\/www.meydan.tv\\\/az\\\/\",\"logo\":{\"@type\":\"ImageObject\",\"inLanguage\":\"az\",\"@id\":\"https:\\\/\\\/www.meydan.tv\\\/az\\\/#\\\/schema\\\/logo\\\/image\\\/\",\"url\":\"https:\\\/\\\/www.meydan.tv\\\/wp-content\\\/uploads\\\/2021\\\/07\\\/meydan-logo.svg\",\"contentUrl\":\"https:\\\/\\\/www.meydan.tv\\\/wp-content\\\/uploads\\\/2021\\\/07\\\/meydan-logo.svg\",\"width\":195,\"height\":46,\"caption\":\"Meydan TV\"},\"image\":{\"@id\":\"https:\\\/\\\/www.meydan.tv\\\/az\\\/#\\\/schema\\\/logo\\\/image\\\/\"}},{\"@type\":\"Person\",\"@id\":\"https:\\\/\\\/www.meydan.tv\\\/az\\\/#\\\/schema\\\/person\\\/09863e516102a829e72bedcf3f84c6b0\",\"name\":\"mahmud\"}]}<\/script>\n<!-- \/ Yoast SEO plugin. -->","yoast_head_json":{"title":"Avropa M\u0259hk\u0259m\u0259si Az\u0259rbaycan h\u00f6kum\u0259tin\u0259 qar\u015f\u0131 iki q\u0259rar q\u0259bul edib - MEYDAN.TV","robots":{"index":"index","follow":"follow","max-snippet":"max-snippet:-1","max-image-preview":"max-image-preview:large","max-video-preview":"max-video-preview:-1"},"canonical":"https:\/\/www.meydan.tv\/az\/article\/avropa-m%c9%99hk%c9%99m%c9%99si-az%c9%99rbaycan-hokum%c9%99tinin%c9%99-qarsi-iki-q%c9%99rar-q%c9%99bul-edib\/","og_locale":"az_AZ","og_type":"article","og_title":"Avropa M\u0259hk\u0259m\u0259si Az\u0259rbaycan h\u00f6kum\u0259tin\u0259 qar\u015f\u0131 iki q\u0259rar q\u0259bul edib - MEYDAN.TV","og_description":"Amma bu d\u0259f\u0259 kompensasiya k\u0259silm\u0259yib Avropa \u0130nsan H\u00fcquqlar\u0131 M\u0259hk\u0259m\u0259si (A\u0130HM) ... Davam\u0131","og_url":"https:\/\/www.meydan.tv\/az\/article\/avropa-m%c9%99hk%c9%99m%c9%99si-az%c9%99rbaycan-hokum%c9%99tinin%c9%99-qarsi-iki-q%c9%99rar-q%c9%99bul-edib\/","og_site_name":"MEYDAN.TV","article_published_time":"2025-04-22T12:41:32+00:00","article_modified_time":"2025-04-22T12:41:36+00:00","og_image":[{"width":1200,"height":798,"url":"https:\/\/www.meydan.tv\/wp-content\/uploads\/shutterstock_261407981.jpg","type":"image\/jpeg"}],"author":"mahmud","twitter_card":"summary_large_image","schema":{"@context":"https:\/\/schema.org","@graph":[{"@type":"Article","@id":"https:\/\/www.meydan.tv\/az\/article\/avropa-m%c9%99hk%c9%99m%c9%99si-az%c9%99rbaycan-hokum%c9%99tinin%c9%99-qarsi-iki-q%c9%99rar-q%c9%99bul-edib\/#article","isPartOf":{"@id":"https:\/\/www.meydan.tv\/az\/article\/avropa-m%c9%99hk%c9%99m%c9%99si-az%c9%99rbaycan-hokum%c9%99tinin%c9%99-qarsi-iki-q%c9%99rar-q%c9%99bul-edib\/"},"author":{"name":"mahmud","@id":"https:\/\/www.meydan.tv\/az\/#\/schema\/person\/09863e516102a829e72bedcf3f84c6b0"},"headline":"Avropa M\u0259hk\u0259m\u0259si Az\u0259rbaycan h\u00f6kum\u0259tin\u0259 qar\u015f\u0131 iki q\u0259rar q\u0259bul edib","datePublished":"2025-04-22T12:41:32+00:00","dateModified":"2025-04-22T12:41:36+00:00","mainEntityOfPage":{"@id":"https:\/\/www.meydan.tv\/az\/article\/avropa-m%c9%99hk%c9%99m%c9%99si-az%c9%99rbaycan-hokum%c9%99tinin%c9%99-qarsi-iki-q%c9%99rar-q%c9%99bul-edib\/"},"wordCount":919,"publisher":{"@id":"https:\/\/www.meydan.tv\/az\/#organization"},"image":{"@id":"https:\/\/www.meydan.tv\/az\/article\/avropa-m%c9%99hk%c9%99m%c9%99si-az%c9%99rbaycan-hokum%c9%99tinin%c9%99-qarsi-iki-q%c9%99rar-q%c9%99bul-edib\/#primaryimage"},"thumbnailUrl":"https:\/\/www.meydan.tv\/wp-content\/uploads\/shutterstock_261407981.jpg","articleSection":["Siyas\u0259t","X\u0259b\u0259rl\u0259r"],"inLanguage":"az"},{"@type":"WebPage","@id":"https:\/\/www.meydan.tv\/az\/article\/avropa-m%c9%99hk%c9%99m%c9%99si-az%c9%99rbaycan-hokum%c9%99tinin%c9%99-qarsi-iki-q%c9%99rar-q%c9%99bul-edib\/","url":"https:\/\/www.meydan.tv\/az\/article\/avropa-m%c9%99hk%c9%99m%c9%99si-az%c9%99rbaycan-hokum%c9%99tinin%c9%99-qarsi-iki-q%c9%99rar-q%c9%99bul-edib\/","name":"Avropa M\u0259hk\u0259m\u0259si Az\u0259rbaycan h\u00f6kum\u0259tin\u0259 qar\u015f\u0131 iki q\u0259rar q\u0259bul edib - MEYDAN.TV","isPartOf":{"@id":"https:\/\/www.meydan.tv\/az\/#website"},"primaryImageOfPage":{"@id":"https:\/\/www.meydan.tv\/az\/article\/avropa-m%c9%99hk%c9%99m%c9%99si-az%c9%99rbaycan-hokum%c9%99tinin%c9%99-qarsi-iki-q%c9%99rar-q%c9%99bul-edib\/#primaryimage"},"image":{"@id":"https:\/\/www.meydan.tv\/az\/article\/avropa-m%c9%99hk%c9%99m%c9%99si-az%c9%99rbaycan-hokum%c9%99tinin%c9%99-qarsi-iki-q%c9%99rar-q%c9%99bul-edib\/#primaryimage"},"thumbnailUrl":"https:\/\/www.meydan.tv\/wp-content\/uploads\/shutterstock_261407981.jpg","datePublished":"2025-04-22T12:41:32+00:00","dateModified":"2025-04-22T12:41:36+00:00","breadcrumb":{"@id":"https:\/\/www.meydan.tv\/az\/article\/avropa-m%c9%99hk%c9%99m%c9%99si-az%c9%99rbaycan-hokum%c9%99tinin%c9%99-qarsi-iki-q%c9%99rar-q%c9%99bul-edib\/#breadcrumb"},"inLanguage":"az","potentialAction":[{"@type":"ReadAction","target":["https:\/\/www.meydan.tv\/az\/article\/avropa-m%c9%99hk%c9%99m%c9%99si-az%c9%99rbaycan-hokum%c9%99tinin%c9%99-qarsi-iki-q%c9%99rar-q%c9%99bul-edib\/"]}]},{"@type":"ImageObject","inLanguage":"az","@id":"https:\/\/www.meydan.tv\/az\/article\/avropa-m%c9%99hk%c9%99m%c9%99si-az%c9%99rbaycan-hokum%c9%99tinin%c9%99-qarsi-iki-q%c9%99rar-q%c9%99bul-edib\/#primaryimage","url":"https:\/\/www.meydan.tv\/wp-content\/uploads\/shutterstock_261407981.jpg","contentUrl":"https:\/\/www.meydan.tv\/wp-content\/uploads\/shutterstock_261407981.jpg","width":1200,"height":798,"caption":"Avropa M\u0259hk\u0259m\u0259si, Foto: By symbiot\/Shutterstock"},{"@type":"BreadcrumbList","@id":"https:\/\/www.meydan.tv\/az\/article\/avropa-m%c9%99hk%c9%99m%c9%99si-az%c9%99rbaycan-hokum%c9%99tinin%c9%99-qarsi-iki-q%c9%99rar-q%c9%99bul-edib\/#breadcrumb","itemListElement":[{"@type":"ListItem","position":1,"name":"Ana s\u0259hif\u0259","item":"https:\/\/www.meydan.tv\/az\/"},{"@type":"ListItem","position":2,"name":"Siyas\u0259t","item":"https:\/\/www.meydan.tv\/az\/section\/siyaset\/"},{"@type":"ListItem","position":3,"name":"Avropa M\u0259hk\u0259m\u0259si Az\u0259rbaycan h\u00f6kum\u0259tin\u0259 qar\u015f\u0131 iki q\u0259rar q\u0259bul edib"}]},{"@type":"WebSite","@id":"https:\/\/www.meydan.tv\/az\/#website","url":"https:\/\/www.meydan.tv\/az\/","name":"MEYDAN.TV","description":"Meydan TV Az\u0259rbaycan\u0131n media m\u0259kan\u0131ndak\u0131 alternativ s\u0259sidir","publisher":{"@id":"https:\/\/www.meydan.tv\/az\/#organization"},"potentialAction":[{"@type":"SearchAction","target":{"@type":"EntryPoint","urlTemplate":"https:\/\/www.meydan.tv\/az\/?s={search_term_string}"},"query-input":{"@type":"PropertyValueSpecification","valueRequired":true,"valueName":"search_term_string"}}],"inLanguage":"az"},{"@type":"Organization","@id":"https:\/\/www.meydan.tv\/az\/#organization","name":"Meydan TV","url":"https:\/\/www.meydan.tv\/az\/","logo":{"@type":"ImageObject","inLanguage":"az","@id":"https:\/\/www.meydan.tv\/az\/#\/schema\/logo\/image\/","url":"https:\/\/www.meydan.tv\/wp-content\/uploads\/2021\/07\/meydan-logo.svg","contentUrl":"https:\/\/www.meydan.tv\/wp-content\/uploads\/2021\/07\/meydan-logo.svg","width":195,"height":46,"caption":"Meydan TV"},"image":{"@id":"https:\/\/www.meydan.tv\/az\/#\/schema\/logo\/image\/"}},{"@type":"Person","@id":"https:\/\/www.meydan.tv\/az\/#\/schema\/person\/09863e516102a829e72bedcf3f84c6b0","name":"mahmud"}]}},"_links":{"self":[{"href":"https:\/\/www.meydan.tv\/az\/wp-json\/wp\/v2\/posts\/329075","targetHints":{"allow":["GET"]}}],"collection":[{"href":"https:\/\/www.meydan.tv\/az\/wp-json\/wp\/v2\/posts"}],"about":[{"href":"https:\/\/www.meydan.tv\/az\/wp-json\/wp\/v2\/types\/post"}],"author":[{"embeddable":true,"href":"https:\/\/www.meydan.tv\/az\/wp-json\/wp\/v2\/users\/21"}],"replies":[{"embeddable":true,"href":"https:\/\/www.meydan.tv\/az\/wp-json\/wp\/v2\/comments?post=329075"}],"version-history":[{"count":3,"href":"https:\/\/www.meydan.tv\/az\/wp-json\/wp\/v2\/posts\/329075\/revisions"}],"predecessor-version":[{"id":329079,"href":"https:\/\/www.meydan.tv\/az\/wp-json\/wp\/v2\/posts\/329075\/revisions\/329079"}],"wp:featuredmedia":[{"embeddable":true,"href":"https:\/\/www.meydan.tv\/az\/wp-json\/wp\/v2\/media\/227177"}],"wp:attachment":[{"href":"https:\/\/www.meydan.tv\/az\/wp-json\/wp\/v2\/media?parent=329075"}],"wp:term":[{"taxonomy":"category","embeddable":true,"href":"https:\/\/www.meydan.tv\/az\/wp-json\/wp\/v2\/categories?post=329075"},{"taxonomy":"post_tag","embeddable":true,"href":"https:\/\/www.meydan.tv\/az\/wp-json\/wp\/v2\/tags?post=329075"}],"curies":[{"name":"wp","href":"https:\/\/api.w.org\/{rel}","templated":true}]}}