{"id":329072,"date":"2025-04-22T15:58:05","date_gmt":"2025-04-22T11:58:05","guid":{"rendered":"https:\/\/www.meydan.tv\/?p=329072"},"modified":"2025-04-22T15:58:08","modified_gmt":"2025-04-22T11:58:08","slug":"eliyevin-abs-mutt%c9%99fiqliyi-il%c9%99-bagli-dedikl%c9%99ri-onun-arzularidir-realliqlari-yox","status":"publish","type":"post","link":"https:\/\/www.meydan.tv\/az\/article\/eliyevin-abs-mutt%c9%99fiqliyi-il%c9%99-bagli-dedikl%c9%99ri-onun-arzularidir-realliqlari-yox\/","title":{"rendered":"&#8220;\u018fliyevin AB\u015e m\u00fctt\u0259fiqliyi il\u0259 ba\u011fl\u0131 dedikl\u0259ri onun arzular\u0131d\u0131r, reall\u0131qlar\u0131 yox&#8221;"},"content":{"rendered":"\n<figure class=\"wp-block-embed is-type-video is-provider-youtube wp-block-embed-youtube wp-embed-aspect-16-9 wp-has-aspect-ratio\"><div class=\"wp-block-embed__wrapper\">\n<iframe title=\"&quot;\u018fliyevin AB\u015e m\u00fctt\u0259fiqliyi il\u0259 ba\u011fl\u0131 dedikl\u0259ri onun arzular\u0131d\u0131r, reall\u0131qlar\u0131 yox&quot;\" width=\"1200\" height=\"675\" data-src=\"https:\/\/www.youtube.com\/embed\/3VoSYr13hB0?feature=oembed\" frameborder=\"0\" allow=\"accelerometer; autoplay; clipboard-write; encrypted-media; gyroscope; picture-in-picture; web-share\" referrerpolicy=\"strict-origin-when-cross-origin\" allowfullscreen src=\"data:image\/svg+xml;base64,PHN2ZyB3aWR0aD0iMSIgaGVpZ2h0PSIxIiB4bWxucz0iaHR0cDovL3d3dy53My5vcmcvMjAwMC9zdmciPjwvc3ZnPg==\" class=\"lazyload\" data-load-mode=\"1\"><\/iframe>\n<\/div><\/figure>\n\n\n\n<p>\u0130lham \u018fliyev deyib ki, Erm\u0259nistan hakimiyy\u0259ti AB\u015e-d\u0259 demokratlar\u0131n hakimiyy\u0259td\u0259n getm\u0259si v\u0259 Tramp\u0131n prezident se\u00e7ilm\u0259sind\u0259n m\u0259yus olublar. <\/p>\n\n\n\n<p>\u201cErm\u0259nistanda \u00fcmid edirdil\u0259r ki, AB\u015e-da se\u00e7kil\u0259rd\u0259n sonra demokratlar\u0131n hakimiyy\u0259ti davam ed\u0259c\u0259k. Ancaq Tramp\u0131n prezident se\u00e7ilm\u0259si onlar\u0131 ciddi \u015f\u0259kild\u0259 m\u0259yus etdi\u201d. <\/p>\n\n\n\n<p>Meydan TV-y\u0259 dan\u0131\u015fan \u015f\u0259rh\u00e7il\u0259r is\u0259 hesab edir ki, AB\u015e-\u0131n yeni adminstrasiyas\u0131 Erm\u0259nistan\u0131n \u00fcmumi siyas\u0259tin\u0259 t\u0259sir etm\u0259y\u0259c\u0259k: &#8220;\u0130lham \u018fliyev mesaj verir ki, Tramp hakimiyy\u0259ti il\u0259 \u00e7ox yax\u0131nd\u0131r. Amma h\u0259l\u0259 ki, iki h\u00f6kum\u0259tin yax\u0131nla\u015fmas\u0131 il\u0259 ba\u011fl\u0131 r\u0259smi he\u00e7n\u0259 g\u00f6z\u0259 d\u0259ymir. \u018fliyevin dedikl\u0259ri sad\u0259c\u0259 onun arzular\u0131d\u0131r, reall\u0131qlar\u0131 yox&#8221;.<a href=\"https:\/\/www.youtube.com\/@MeydanTelevision\"><\/a><\/p>\n","protected":false},"excerpt":{"rendered":"<p>\u0130lham \u018fliyev deyib ki, Erm\u0259nistan hakimiyy\u0259ti AB\u015e-d\u0259 demokratlar\u0131n hakimiyy\u0259td\u0259n getm\u0259si &#8230; <\/p>\n<p class=\"read-more-container\"><a title=\"&#8220;\u018fliyevin AB\u015e m\u00fctt\u0259fiqliyi il\u0259 ba\u011fl\u0131 dedikl\u0259ri onun arzular\u0131d\u0131r, reall\u0131qlar\u0131 yox&#8221;\" class=\"read-more button\" href=\"https:\/\/www.meydan.tv\/az\/article\/eliyevin-abs-mutt%c9%99fiqliyi-il%c9%99-bagli-dedikl%c9%99ri-onun-arzularidir-realliqlari-yox\/#more-329072\" aria-label=\"Read more about &#8220;\u018fliyevin AB\u015e m\u00fctt\u0259fiqliyi il\u0259 ba\u011fl\u0131 dedikl\u0259ri onun arzular\u0131d\u0131r, reall\u0131qlar\u0131 yox&#8221;\">Davam\u0131<\/a><\/p>\n","protected":false},"author":12,"featured_media":102870,"comment_status":"closed","ping_status":"closed","sticky":false,"template":"","format":"standard","meta":{"_acf_changed":false,"_sitemap_exclude":false,"_sitemap_priority":"","_sitemap_frequency":"","footnotes":""},"categories":[59,63],"tags":[],"class_list":["post-329072","post","type-post","status-publish","format-standard","has-post-thumbnail","hentry","category-siyaset","category-video-2","infinite-scroll-item","generate-columns","tablet-grid-50","mobile-grid-100","grid-parent","grid-33","no-featured-image-padding"],"acf":[],"yoast_head":"<!-- This site is optimized with the Yoast SEO plugin v27.4 - https:\/\/yoast.com\/product\/yoast-seo-wordpress\/ -->\n<title>&quot;\u018fliyevin AB\u015e m\u00fctt\u0259fiqliyi il\u0259 ba\u011fl\u0131 dedikl\u0259ri onun arzular\u0131d\u0131r, reall\u0131qlar\u0131 yox&quot; - MEYDAN.TV<\/title>\n<meta name=\"robots\" content=\"index, follow, max-snippet:-1, max-image-preview:large, max-video-preview:-1\" \/>\n<link rel=\"canonical\" href=\"https:\/\/www.meydan.tv\/az\/article\/eliyevin-abs-mutt%c9%99fiqliyi-il%c9%99-bagli-dedikl%c9%99ri-onun-arzularidir-realliqlari-yox\/\" \/>\n<meta property=\"og:locale\" content=\"az_AZ\" \/>\n<meta property=\"og:type\" content=\"article\" \/>\n<meta property=\"og:title\" content=\"&quot;\u018fliyevin AB\u015e m\u00fctt\u0259fiqliyi il\u0259 ba\u011fl\u0131 dedikl\u0259ri onun arzular\u0131d\u0131r, reall\u0131qlar\u0131 yox&quot; - MEYDAN.TV\" \/>\n<meta property=\"og:description\" content=\"\u0130lham \u018fliyev deyib ki, Erm\u0259nistan hakimiyy\u0259ti AB\u015e-d\u0259 demokratlar\u0131n hakimiyy\u0259td\u0259n getm\u0259si ... Davam\u0131\" \/>\n<meta property=\"og:url\" content=\"https:\/\/www.meydan.tv\/az\/article\/eliyevin-abs-mutt%c9%99fiqliyi-il%c9%99-bagli-dedikl%c9%99ri-onun-arzularidir-realliqlari-yox\/\" \/>\n<meta property=\"og:site_name\" content=\"MEYDAN.TV\" \/>\n<meta property=\"article:published_time\" content=\"2025-04-22T11:58:05+00:00\" \/>\n<meta property=\"article:modified_time\" content=\"2025-04-22T11:58:08+00:00\" \/>\n<meta property=\"og:image\" content=\"https:\/\/www.meydan.tv\/wp-content\/uploads\/40798.jpg\" \/>\n\t<meta property=\"og:image:width\" content=\"850\" \/>\n\t<meta property=\"og:image:height\" content=\"450\" \/>\n\t<meta property=\"og:image:type\" content=\"image\/jpeg\" \/>\n<meta name=\"author\" content=\"aleks\" \/>\n<meta name=\"twitter:card\" content=\"summary_large_image\" \/>\n<script type=\"application\/ld+json\" class=\"yoast-schema-graph\">{\"@context\":\"https:\\\/\\\/schema.org\",\"@graph\":[{\"@type\":\"Article\",\"@id\":\"https:\\\/\\\/www.meydan.tv\\\/az\\\/article\\\/eliyevin-abs-mutt%c9%99fiqliyi-il%c9%99-bagli-dedikl%c9%99ri-onun-arzularidir-realliqlari-yox\\\/#article\",\"isPartOf\":{\"@id\":\"https:\\\/\\\/www.meydan.tv\\\/az\\\/article\\\/eliyevin-abs-mutt%c9%99fiqliyi-il%c9%99-bagli-dedikl%c9%99ri-onun-arzularidir-realliqlari-yox\\\/\"},\"author\":{\"name\":\"aleks\",\"@id\":\"https:\\\/\\\/www.meydan.tv\\\/az\\\/#\\\/schema\\\/person\\\/476e9360e593fa131d5d71d51866f8da\"},\"headline\":\"&#8220;\u018fliyevin AB\u015e m\u00fctt\u0259fiqliyi il\u0259 ba\u011fl\u0131 dedikl\u0259ri onun arzular\u0131d\u0131r, reall\u0131qlar\u0131 yox&#8221;\",\"datePublished\":\"2025-04-22T11:58:05+00:00\",\"dateModified\":\"2025-04-22T11:58:08+00:00\",\"mainEntityOfPage\":{\"@id\":\"https:\\\/\\\/www.meydan.tv\\\/az\\\/article\\\/eliyevin-abs-mutt%c9%99fiqliyi-il%c9%99-bagli-dedikl%c9%99ri-onun-arzularidir-realliqlari-yox\\\/\"},\"wordCount\":162,\"publisher\":{\"@id\":\"https:\\\/\\\/www.meydan.tv\\\/az\\\/#organization\"},\"image\":{\"@id\":\"https:\\\/\\\/www.meydan.tv\\\/az\\\/article\\\/eliyevin-abs-mutt%c9%99fiqliyi-il%c9%99-bagli-dedikl%c9%99ri-onun-arzularidir-realliqlari-yox\\\/#primaryimage\"},\"thumbnailUrl\":\"https:\\\/\\\/www.meydan.tv\\\/wp-content\\\/uploads\\\/40798.jpg\",\"articleSection\":[\"Siyas\u0259t\",\"Video\"],\"inLanguage\":\"az\"},{\"@type\":\"WebPage\",\"@id\":\"https:\\\/\\\/www.meydan.tv\\\/az\\\/article\\\/eliyevin-abs-mutt%c9%99fiqliyi-il%c9%99-bagli-dedikl%c9%99ri-onun-arzularidir-realliqlari-yox\\\/\",\"url\":\"https:\\\/\\\/www.meydan.tv\\\/az\\\/article\\\/eliyevin-abs-mutt%c9%99fiqliyi-il%c9%99-bagli-dedikl%c9%99ri-onun-arzularidir-realliqlari-yox\\\/\",\"name\":\"\\\"\u018fliyevin AB\u015e m\u00fctt\u0259fiqliyi il\u0259 ba\u011fl\u0131 dedikl\u0259ri onun arzular\u0131d\u0131r, reall\u0131qlar\u0131 yox\\\" - MEYDAN.TV\",\"isPartOf\":{\"@id\":\"https:\\\/\\\/www.meydan.tv\\\/az\\\/#website\"},\"primaryImageOfPage\":{\"@id\":\"https:\\\/\\\/www.meydan.tv\\\/az\\\/article\\\/eliyevin-abs-mutt%c9%99fiqliyi-il%c9%99-bagli-dedikl%c9%99ri-onun-arzularidir-realliqlari-yox\\\/#primaryimage\"},\"image\":{\"@id\":\"https:\\\/\\\/www.meydan.tv\\\/az\\\/article\\\/eliyevin-abs-mutt%c9%99fiqliyi-il%c9%99-bagli-dedikl%c9%99ri-onun-arzularidir-realliqlari-yox\\\/#primaryimage\"},\"thumbnailUrl\":\"https:\\\/\\\/www.meydan.tv\\\/wp-content\\\/uploads\\\/40798.jpg\",\"datePublished\":\"2025-04-22T11:58:05+00:00\",\"dateModified\":\"2025-04-22T11:58:08+00:00\",\"breadcrumb\":{\"@id\":\"https:\\\/\\\/www.meydan.tv\\\/az\\\/article\\\/eliyevin-abs-mutt%c9%99fiqliyi-il%c9%99-bagli-dedikl%c9%99ri-onun-arzularidir-realliqlari-yox\\\/#breadcrumb\"},\"inLanguage\":\"az\",\"potentialAction\":[{\"@type\":\"ReadAction\",\"target\":[\"https:\\\/\\\/www.meydan.tv\\\/az\\\/article\\\/eliyevin-abs-mutt%c9%99fiqliyi-il%c9%99-bagli-dedikl%c9%99ri-onun-arzularidir-realliqlari-yox\\\/\"]}]},{\"@type\":\"ImageObject\",\"inLanguage\":\"az\",\"@id\":\"https:\\\/\\\/www.meydan.tv\\\/az\\\/article\\\/eliyevin-abs-mutt%c9%99fiqliyi-il%c9%99-bagli-dedikl%c9%99ri-onun-arzularidir-realliqlari-yox\\\/#primaryimage\",\"url\":\"https:\\\/\\\/www.meydan.tv\\\/wp-content\\\/uploads\\\/40798.jpg\",\"contentUrl\":\"https:\\\/\\\/www.meydan.tv\\\/wp-content\\\/uploads\\\/40798.jpg\",\"width\":850,\"height\":450,\"caption\":\"Source:\"},{\"@type\":\"BreadcrumbList\",\"@id\":\"https:\\\/\\\/www.meydan.tv\\\/az\\\/article\\\/eliyevin-abs-mutt%c9%99fiqliyi-il%c9%99-bagli-dedikl%c9%99ri-onun-arzularidir-realliqlari-yox\\\/#breadcrumb\",\"itemListElement\":[{\"@type\":\"ListItem\",\"position\":1,\"name\":\"Ana s\u0259hif\u0259\",\"item\":\"https:\\\/\\\/www.meydan.tv\\\/az\\\/\"},{\"@type\":\"ListItem\",\"position\":2,\"name\":\"Video\",\"item\":\"https:\\\/\\\/www.meydan.tv\\\/az\\\/section\\\/video-2\\\/\"},{\"@type\":\"ListItem\",\"position\":3,\"name\":\"&#8220;\u018fliyevin AB\u015e m\u00fctt\u0259fiqliyi il\u0259 ba\u011fl\u0131 dedikl\u0259ri onun arzular\u0131d\u0131r, reall\u0131qlar\u0131 yox&#8221;\"}]},{\"@type\":\"WebSite\",\"@id\":\"https:\\\/\\\/www.meydan.tv\\\/az\\\/#website\",\"url\":\"https:\\\/\\\/www.meydan.tv\\\/az\\\/\",\"name\":\"MEYDAN.TV\",\"description\":\"Meydan TV Az\u0259rbaycan\u0131n media m\u0259kan\u0131ndak\u0131 alternativ s\u0259sidir\",\"publisher\":{\"@id\":\"https:\\\/\\\/www.meydan.tv\\\/az\\\/#organization\"},\"potentialAction\":[{\"@type\":\"SearchAction\",\"target\":{\"@type\":\"EntryPoint\",\"urlTemplate\":\"https:\\\/\\\/www.meydan.tv\\\/az\\\/?s={search_term_string}\"},\"query-input\":{\"@type\":\"PropertyValueSpecification\",\"valueRequired\":true,\"valueName\":\"search_term_string\"}}],\"inLanguage\":\"az\"},{\"@type\":\"Organization\",\"@id\":\"https:\\\/\\\/www.meydan.tv\\\/az\\\/#organization\",\"name\":\"Meydan TV\",\"url\":\"https:\\\/\\\/www.meydan.tv\\\/az\\\/\",\"logo\":{\"@type\":\"ImageObject\",\"inLanguage\":\"az\",\"@id\":\"https:\\\/\\\/www.meydan.tv\\\/az\\\/#\\\/schema\\\/logo\\\/image\\\/\",\"url\":\"https:\\\/\\\/www.meydan.tv\\\/wp-content\\\/uploads\\\/2021\\\/07\\\/meydan-logo.svg\",\"contentUrl\":\"https:\\\/\\\/www.meydan.tv\\\/wp-content\\\/uploads\\\/2021\\\/07\\\/meydan-logo.svg\",\"width\":195,\"height\":46,\"caption\":\"Meydan TV\"},\"image\":{\"@id\":\"https:\\\/\\\/www.meydan.tv\\\/az\\\/#\\\/schema\\\/logo\\\/image\\\/\"}},{\"@type\":\"Person\",\"@id\":\"https:\\\/\\\/www.meydan.tv\\\/az\\\/#\\\/schema\\\/person\\\/476e9360e593fa131d5d71d51866f8da\",\"name\":\"aleks\"}]}<\/script>\n<!-- \/ Yoast SEO plugin. -->","yoast_head_json":{"title":"\"\u018fliyevin AB\u015e m\u00fctt\u0259fiqliyi il\u0259 ba\u011fl\u0131 dedikl\u0259ri onun arzular\u0131d\u0131r, reall\u0131qlar\u0131 yox\" - MEYDAN.TV","robots":{"index":"index","follow":"follow","max-snippet":"max-snippet:-1","max-image-preview":"max-image-preview:large","max-video-preview":"max-video-preview:-1"},"canonical":"https:\/\/www.meydan.tv\/az\/article\/eliyevin-abs-mutt%c9%99fiqliyi-il%c9%99-bagli-dedikl%c9%99ri-onun-arzularidir-realliqlari-yox\/","og_locale":"az_AZ","og_type":"article","og_title":"\"\u018fliyevin AB\u015e m\u00fctt\u0259fiqliyi il\u0259 ba\u011fl\u0131 dedikl\u0259ri onun arzular\u0131d\u0131r, reall\u0131qlar\u0131 yox\" - MEYDAN.TV","og_description":"\u0130lham \u018fliyev deyib ki, Erm\u0259nistan hakimiyy\u0259ti AB\u015e-d\u0259 demokratlar\u0131n hakimiyy\u0259td\u0259n getm\u0259si ... Davam\u0131","og_url":"https:\/\/www.meydan.tv\/az\/article\/eliyevin-abs-mutt%c9%99fiqliyi-il%c9%99-bagli-dedikl%c9%99ri-onun-arzularidir-realliqlari-yox\/","og_site_name":"MEYDAN.TV","article_published_time":"2025-04-22T11:58:05+00:00","article_modified_time":"2025-04-22T11:58:08+00:00","og_image":[{"width":850,"height":450,"url":"https:\/\/www.meydan.tv\/wp-content\/uploads\/40798.jpg","type":"image\/jpeg"}],"author":"aleks","twitter_card":"summary_large_image","schema":{"@context":"https:\/\/schema.org","@graph":[{"@type":"Article","@id":"https:\/\/www.meydan.tv\/az\/article\/eliyevin-abs-mutt%c9%99fiqliyi-il%c9%99-bagli-dedikl%c9%99ri-onun-arzularidir-realliqlari-yox\/#article","isPartOf":{"@id":"https:\/\/www.meydan.tv\/az\/article\/eliyevin-abs-mutt%c9%99fiqliyi-il%c9%99-bagli-dedikl%c9%99ri-onun-arzularidir-realliqlari-yox\/"},"author":{"name":"aleks","@id":"https:\/\/www.meydan.tv\/az\/#\/schema\/person\/476e9360e593fa131d5d71d51866f8da"},"headline":"&#8220;\u018fliyevin AB\u015e m\u00fctt\u0259fiqliyi il\u0259 ba\u011fl\u0131 dedikl\u0259ri onun arzular\u0131d\u0131r, reall\u0131qlar\u0131 yox&#8221;","datePublished":"2025-04-22T11:58:05+00:00","dateModified":"2025-04-22T11:58:08+00:00","mainEntityOfPage":{"@id":"https:\/\/www.meydan.tv\/az\/article\/eliyevin-abs-mutt%c9%99fiqliyi-il%c9%99-bagli-dedikl%c9%99ri-onun-arzularidir-realliqlari-yox\/"},"wordCount":162,"publisher":{"@id":"https:\/\/www.meydan.tv\/az\/#organization"},"image":{"@id":"https:\/\/www.meydan.tv\/az\/article\/eliyevin-abs-mutt%c9%99fiqliyi-il%c9%99-bagli-dedikl%c9%99ri-onun-arzularidir-realliqlari-yox\/#primaryimage"},"thumbnailUrl":"https:\/\/www.meydan.tv\/wp-content\/uploads\/40798.jpg","articleSection":["Siyas\u0259t","Video"],"inLanguage":"az"},{"@type":"WebPage","@id":"https:\/\/www.meydan.tv\/az\/article\/eliyevin-abs-mutt%c9%99fiqliyi-il%c9%99-bagli-dedikl%c9%99ri-onun-arzularidir-realliqlari-yox\/","url":"https:\/\/www.meydan.tv\/az\/article\/eliyevin-abs-mutt%c9%99fiqliyi-il%c9%99-bagli-dedikl%c9%99ri-onun-arzularidir-realliqlari-yox\/","name":"\"\u018fliyevin AB\u015e m\u00fctt\u0259fiqliyi il\u0259 ba\u011fl\u0131 dedikl\u0259ri onun arzular\u0131d\u0131r, reall\u0131qlar\u0131 yox\" - MEYDAN.TV","isPartOf":{"@id":"https:\/\/www.meydan.tv\/az\/#website"},"primaryImageOfPage":{"@id":"https:\/\/www.meydan.tv\/az\/article\/eliyevin-abs-mutt%c9%99fiqliyi-il%c9%99-bagli-dedikl%c9%99ri-onun-arzularidir-realliqlari-yox\/#primaryimage"},"image":{"@id":"https:\/\/www.meydan.tv\/az\/article\/eliyevin-abs-mutt%c9%99fiqliyi-il%c9%99-bagli-dedikl%c9%99ri-onun-arzularidir-realliqlari-yox\/#primaryimage"},"thumbnailUrl":"https:\/\/www.meydan.tv\/wp-content\/uploads\/40798.jpg","datePublished":"2025-04-22T11:58:05+00:00","dateModified":"2025-04-22T11:58:08+00:00","breadcrumb":{"@id":"https:\/\/www.meydan.tv\/az\/article\/eliyevin-abs-mutt%c9%99fiqliyi-il%c9%99-bagli-dedikl%c9%99ri-onun-arzularidir-realliqlari-yox\/#breadcrumb"},"inLanguage":"az","potentialAction":[{"@type":"ReadAction","target":["https:\/\/www.meydan.tv\/az\/article\/eliyevin-abs-mutt%c9%99fiqliyi-il%c9%99-bagli-dedikl%c9%99ri-onun-arzularidir-realliqlari-yox\/"]}]},{"@type":"ImageObject","inLanguage":"az","@id":"https:\/\/www.meydan.tv\/az\/article\/eliyevin-abs-mutt%c9%99fiqliyi-il%c9%99-bagli-dedikl%c9%99ri-onun-arzularidir-realliqlari-yox\/#primaryimage","url":"https:\/\/www.meydan.tv\/wp-content\/uploads\/40798.jpg","contentUrl":"https:\/\/www.meydan.tv\/wp-content\/uploads\/40798.jpg","width":850,"height":450,"caption":"Source:"},{"@type":"BreadcrumbList","@id":"https:\/\/www.meydan.tv\/az\/article\/eliyevin-abs-mutt%c9%99fiqliyi-il%c9%99-bagli-dedikl%c9%99ri-onun-arzularidir-realliqlari-yox\/#breadcrumb","itemListElement":[{"@type":"ListItem","position":1,"name":"Ana s\u0259hif\u0259","item":"https:\/\/www.meydan.tv\/az\/"},{"@type":"ListItem","position":2,"name":"Video","item":"https:\/\/www.meydan.tv\/az\/section\/video-2\/"},{"@type":"ListItem","position":3,"name":"&#8220;\u018fliyevin AB\u015e m\u00fctt\u0259fiqliyi il\u0259 ba\u011fl\u0131 dedikl\u0259ri onun arzular\u0131d\u0131r, reall\u0131qlar\u0131 yox&#8221;"}]},{"@type":"WebSite","@id":"https:\/\/www.meydan.tv\/az\/#website","url":"https:\/\/www.meydan.tv\/az\/","name":"MEYDAN.TV","description":"Meydan TV Az\u0259rbaycan\u0131n media m\u0259kan\u0131ndak\u0131 alternativ s\u0259sidir","publisher":{"@id":"https:\/\/www.meydan.tv\/az\/#organization"},"potentialAction":[{"@type":"SearchAction","target":{"@type":"EntryPoint","urlTemplate":"https:\/\/www.meydan.tv\/az\/?s={search_term_string}"},"query-input":{"@type":"PropertyValueSpecification","valueRequired":true,"valueName":"search_term_string"}}],"inLanguage":"az"},{"@type":"Organization","@id":"https:\/\/www.meydan.tv\/az\/#organization","name":"Meydan TV","url":"https:\/\/www.meydan.tv\/az\/","logo":{"@type":"ImageObject","inLanguage":"az","@id":"https:\/\/www.meydan.tv\/az\/#\/schema\/logo\/image\/","url":"https:\/\/www.meydan.tv\/wp-content\/uploads\/2021\/07\/meydan-logo.svg","contentUrl":"https:\/\/www.meydan.tv\/wp-content\/uploads\/2021\/07\/meydan-logo.svg","width":195,"height":46,"caption":"Meydan TV"},"image":{"@id":"https:\/\/www.meydan.tv\/az\/#\/schema\/logo\/image\/"}},{"@type":"Person","@id":"https:\/\/www.meydan.tv\/az\/#\/schema\/person\/476e9360e593fa131d5d71d51866f8da","name":"aleks"}]}},"_links":{"self":[{"href":"https:\/\/www.meydan.tv\/az\/wp-json\/wp\/v2\/posts\/329072","targetHints":{"allow":["GET"]}}],"collection":[{"href":"https:\/\/www.meydan.tv\/az\/wp-json\/wp\/v2\/posts"}],"about":[{"href":"https:\/\/www.meydan.tv\/az\/wp-json\/wp\/v2\/types\/post"}],"author":[{"embeddable":true,"href":"https:\/\/www.meydan.tv\/az\/wp-json\/wp\/v2\/users\/12"}],"replies":[{"embeddable":true,"href":"https:\/\/www.meydan.tv\/az\/wp-json\/wp\/v2\/comments?post=329072"}],"version-history":[{"count":1,"href":"https:\/\/www.meydan.tv\/az\/wp-json\/wp\/v2\/posts\/329072\/revisions"}],"predecessor-version":[{"id":329073,"href":"https:\/\/www.meydan.tv\/az\/wp-json\/wp\/v2\/posts\/329072\/revisions\/329073"}],"wp:featuredmedia":[{"embeddable":true,"href":"https:\/\/www.meydan.tv\/az\/wp-json\/wp\/v2\/media\/102870"}],"wp:attachment":[{"href":"https:\/\/www.meydan.tv\/az\/wp-json\/wp\/v2\/media?parent=329072"}],"wp:term":[{"taxonomy":"category","embeddable":true,"href":"https:\/\/www.meydan.tv\/az\/wp-json\/wp\/v2\/categories?post=329072"},{"taxonomy":"post_tag","embeddable":true,"href":"https:\/\/www.meydan.tv\/az\/wp-json\/wp\/v2\/tags?post=329072"}],"curies":[{"name":"wp","href":"https:\/\/api.w.org\/{rel}","templated":true}]}}