{"id":329070,"date":"2025-04-22T15:46:45","date_gmt":"2025-04-22T11:46:45","guid":{"rendered":"https:\/\/www.meydan.tv\/?p=329070"},"modified":"2025-04-22T15:47:22","modified_gmt":"2025-04-22T11:47:22","slug":"esg%c9%99rin-olumun%c9%99-gor%c9%99-komandir-v%c9%99-tibbi-xidm%c9%99t-r%c9%99isi-azadliqdan-m%c9%99hrum-edilib","status":"publish","type":"post","link":"https:\/\/www.meydan.tv\/az\/article\/esg%c9%99rin-olumun%c9%99-gor%c9%99-komandir-v%c9%99-tibbi-xidm%c9%99t-r%c9%99isi-azadliqdan-m%c9%99hrum-edilib\/","title":{"rendered":"\u018fsg\u0259rin \u00f6l\u00fcm\u00fcn\u0259 g\u00f6r\u0259 komandir v\u0259 tibbi xidm\u0259t r\u0259isi azadl\u0131qdan m\u0259hrum edilib"},"content":{"rendered":"\n<p><\/p>\n\n\n\n<p><strong><em>Onlar \u0259sg\u0259rin \u00f6l\u00fcm\u00fc il\u0259 ba\u011fl\u0131 v\u0259zif\u0259 s\u0259lahiyy\u0259tl\u0259rini a\u015fmaqda t\u0259qsirli bilinib<\/em><\/strong><\/p>\n\n\n\n<p>2024-c\u00fc il iyunun 9-da itkin d\u00fc\u015fm\u00fc\u015f, 2 g\u00fcn sonra n\u0259\u015fi tap\u0131lan \u0259sg\u0259r Ceyhun H\u00fcseynovun komandiri v\u0259 tibbi xidm\u0259t r\u0259isi azadl\u0131qdan m\u0259hrum edilibl\u0259r. Onlar \u0259sg\u0259rin \u00f6l\u00fcm\u00fc il\u0259 ba\u011fl\u0131 v\u0259zif\u0259 s\u0259lahiyy\u0259tl\u0259rini a\u015fmaqda t\u0259qsirli bilinib.<\/p>\n\n\n\n<p>Nax\u00e7\u0131van H\u0259rbi M\u0259hk\u0259m\u0259sind\u0259 hakim \u0130lham \u0130brahimovun s\u0259drliyi il\u0259 ke\u00e7iril\u0259n prosesd\u0259 \u0259sg\u0259rin \u00f6l\u00fcm\u00fcnd\u0259 ittiham olunan h\u0259rbi hiss\u0259 komandiri, polkovnik Samir H\u0259ziyev v\u0259 h\u0259rbi hiss\u0259nin Tibb Xidm\u0259ti r\u0259isi Ayd\u0131n Quliyev\u0259 h\u00f6km oxunub.<\/p>\n\n\n\n<p>H\u00f6km\u0259 \u0259sas\u0259n, Samir H\u0259ziyev 4 il, Ayd\u0131n Quliyev is\u0259 3 il azadl\u0131qdan m\u0259hrum edilib. Ayd\u0131n Quliyev m\u0259hk\u0259m\u0259 zal\u0131nda h\u0259bs edilib.<\/p>\n\n\n\n<p>H\u00f6kmd\u0259n \u0259vv\u0259l v\u0259kill\u0259r Orxan Zeynalov v\u0259 K\u0259ram\u0259t \u018fliyev m\u00fcdafi\u0259 \u00e7\u0131x\u0131\u015flar\u0131nda, m\u00fctt\u0259himl\u0259r son s\u00f6zl\u0259rind\u0259 b\u0259ra\u0259t ist\u0259yibl\u0259r.<\/p>\n\n\n\n<p>\u0130stintaq materiallar\u0131na \u0259sas\u0259n, tibbi ekspertl\u0259rin r\u0259yind\u0259 Ceyhun H\u00fcseynovun \u00f6z\u00fcn\u00fc xidm\u0259ti silah\u0131 il\u0259 \u00f6ld\u00fcrd\u00fcy\u00fc <a href=\"https:\/\/qafqazinfo.az\/news\/detail\/ceyhun-intihar-edibmis-468287\" target=\"_blank\" rel=\"noreferrer noopener\">yaz\u0131l\u0131b.<\/a><\/p>\n\n\n\n<p>Bununla ba\u011fl\u0131 yekun r\u0259y d\u0259 m\u0259hk\u0259m\u0259y\u0259 t\u0259qdim edilib. Tibbi s\u0259n\u0259dd\u0259 qeyd olunub ki, \u0259sg\u0259r s\u0259h\u0259r saat 05:30 rad\u0259l\u0259rind\u0259 ba\u015f nahiy\u0259sin\u0259 avtomat silahla at\u0259\u015f a\u00e7\u0131b, ald\u0131\u011f\u0131 x\u0259sar\u0259tl\u0259rd\u0259n h\u0259yat\u0131n\u0131 itirib.<\/p>\n\n\n\n<p>M\u00fchakim\u0259 edil\u0259n komandir, polkovnik Samir H\u0259ziyev v\u0259 tibb xidm\u0259ti r\u0259isi Ayd\u0131n Quliyev m\u0259hk\u0259m\u0259d\u0259 \u00f6zl\u0259rini t\u0259qsirli bilm\u0259yibl\u0259r. Komandir \u0259sg\u0259rin \u00f6z\u00fcn\u00fc \u00f6ld\u00fcrm\u0259sin\u0259 d\u0259 \u015f\u00fcbh\u0259 il\u0259 yana\u015f\u0131b, onun d\u00fc\u015fm\u0259n t\u0259r\u0259find\u0259n vurula bil\u0259c\u0259yini deyib.<\/p>\n\n\n\n<p>Onlara verilmi\u015f ittihamda bildirilib ki, hadis\u0259 ba\u015f verm\u0259zd\u0259n \u0259vv\u0259lki g\u00fcnl\u0259rd\u0259 \u0259sg\u0259rin psixoloji v\u0259ziyy\u0259ti normal olmay\u0131b. \u018fvv\u0259lki h\u0259kim r\u0259yl\u0259ri d\u0259 bunu t\u0259sdiq edib. Lakin komandir yen\u0259 d\u0259 onu d\u00fc\u015fm\u0259n m\u00f6vqeyin\u0259 posta g\u00f6nd\u0259rib, tibb xidm\u0259ti r\u0259isi d\u0259 Ceyhunun psixi v\u0259ziyy\u0259ti il\u0259 ba\u011fl\u0131 h\u0259r hans\u0131 m\u0259ruz\u0259 etm\u0259yib. Bu h\u0259r\u0259k\u0259tl\u0259ri il\u0259 onlar v\u0259zif\u0259 s\u0259lahiyy\u0259tl\u0259rini a\u015f\u0131blar.<\/p>\n\n\n\n<p>Az\u0259rbaycan Ordusunun h\u0259rbi qulluq\u00e7usu \u0259sg\u0259r H\u00fcseynov Ceyhun Tofiq o\u011flu 2024-c\u00fc il iyunun 9-da Nax\u00e7\u0131van Muxtar Respublikas\u0131 (MR) S\u0259d\u0259r\u0259k rayonunun G\u00fcnn\u00fct ya\u015fay\u0131\u015f m\u0259nt\u0259q\u0259si istiqam\u0259tind\u0259 nam\u0259lum \u015f\u0259raitd\u0259 <a href=\"https:\/\/storage.googleapis.com\/qurium\/www.meydan.tv\/az-article-mudafie-nazirliyi-itkin-dusen-esgerin-nesinin-tapildigini-deyir.html\">itkin d\u00fc\u015f\u00fcb.<\/a><\/p>\n\n\n\n<p>\u0130yunun 1-d\u0259 G\u00fcnn\u00fct ya\u015fay\u0131\u015f m\u0259nt\u0259q\u0259si istiqam\u0259tind\u0259 onun n\u0259\u015fi a\u015fkar edilib. Onun q\u0259tl\u0259 yetirilm\u0259si il\u0259 ba\u011fl\u0131 Respublika H\u0259rbi Prokurorlu\u011funda Cinay\u0259t M\u0259c\u0259ll\u0259sinin 120.2.12-ci (milli, irqi, dini \u0259dav\u0259t v\u0259 ya d\u00fc\u015fm\u0259n\u00e7ilik niyy\u0259ti il\u0259 adam \u00f6ld\u00fcrm\u0259) madd\u0259si il\u0259 cinay\u0259t i\u015fi ba\u015flan\u0131b.&nbsp;<\/p>\n\n\n\n<p>1999-cu il t\u0259v\u0259ll\u00fcdl\u00fc Ceyhun H\u00fcseynov 2016-c\u0131 ild\u0259 Akademik Z\u0259rif\u0259 \u018fliyeva ad\u0131na liseyi q\u0131z\u0131l medalla bitirib. H\u0259min il 627 balla&nbsp;<a href=\"https:\/\/qafqazinfo.az\/news\/detail\/nesi-tapilan-ceyhun-627-bal-toplayibmis-fotolar-438721\" target=\"_blank\" rel=\"noreferrer noopener\">ADA Universiteti<\/a>nin Beyn\u0259lxalq m\u00fcnasib\u0259tl\u0259r ixtisas\u0131na daxil olan Ceyhun daha sonra Yaponiyada m\u00fcbadil\u0259 proqram\u0131 \u00e7\u0259r\u00e7iv\u0259sind\u0259 t\u0259hsil alaraq y\u00fcks\u0259k g\u00f6st\u0259rici il\u0259 m\u0259zun olub. Magistr d\u0259r\u0259c\u0259sini T\u0259l-\u018fvivd\u0259 alan Ceyhun v\u0259t\u0259n\u0259 qay\u0131td\u0131qdan sonra h\u0259rbi xidm\u0259t\u0259 yollan\u0131b.<\/p>\n","protected":false},"excerpt":{"rendered":"<p>Onlar \u0259sg\u0259rin \u00f6l\u00fcm\u00fc il\u0259 ba\u011fl\u0131 v\u0259zif\u0259 s\u0259lahiyy\u0259tl\u0259rini a\u015fmaqda t\u0259qsirli bilinib &#8230; <\/p>\n<p class=\"read-more-container\"><a title=\"\u018fsg\u0259rin \u00f6l\u00fcm\u00fcn\u0259 g\u00f6r\u0259 komandir v\u0259 tibbi xidm\u0259t r\u0259isi azadl\u0131qdan m\u0259hrum edilib\" class=\"read-more button\" href=\"https:\/\/www.meydan.tv\/az\/article\/esg%c9%99rin-olumun%c9%99-gor%c9%99-komandir-v%c9%99-tibbi-xidm%c9%99t-r%c9%99isi-azadliqdan-m%c9%99hrum-edilib\/#more-329070\" aria-label=\"Read more about \u018fsg\u0259rin \u00f6l\u00fcm\u00fcn\u0259 g\u00f6r\u0259 komandir v\u0259 tibbi xidm\u0259t r\u0259isi azadl\u0131qdan m\u0259hrum edilib\">Davam\u0131<\/a><\/p>\n","protected":false},"author":21,"featured_media":211098,"comment_status":"closed","ping_status":"closed","sticky":false,"template":"","format":"standard","meta":{"_acf_changed":false,"_sitemap_exclude":false,"_sitemap_priority":"","_sitemap_frequency":"","footnotes":""},"categories":[62,79,56],"tags":[],"class_list":["post-329070","post","type-post","status-publish","format-standard","has-post-thumbnail","hentry","category-sosial","category-featured","category-xeberler","infinite-scroll-item","generate-columns","tablet-grid-50","mobile-grid-100","grid-parent","grid-33","no-featured-image-padding"],"acf":[],"yoast_head":"<!-- This site is optimized with the Yoast SEO plugin v27.4 - https:\/\/yoast.com\/product\/yoast-seo-wordpress\/ -->\n<title>\u018fsg\u0259rin \u00f6l\u00fcm\u00fcn\u0259 g\u00f6r\u0259 komandir v\u0259 tibbi xidm\u0259t r\u0259isi azadl\u0131qdan m\u0259hrum edilib - MEYDAN.TV<\/title>\n<meta name=\"robots\" content=\"index, follow, max-snippet:-1, max-image-preview:large, max-video-preview:-1\" \/>\n<link rel=\"canonical\" href=\"https:\/\/www.meydan.tv\/az\/article\/esg%c9%99rin-olumun%c9%99-gor%c9%99-komandir-v%c9%99-tibbi-xidm%c9%99t-r%c9%99isi-azadliqdan-m%c9%99hrum-edilib\/\" \/>\n<meta property=\"og:locale\" content=\"az_AZ\" \/>\n<meta property=\"og:type\" content=\"article\" \/>\n<meta property=\"og:title\" content=\"\u018fsg\u0259rin \u00f6l\u00fcm\u00fcn\u0259 g\u00f6r\u0259 komandir v\u0259 tibbi xidm\u0259t r\u0259isi azadl\u0131qdan m\u0259hrum edilib - MEYDAN.TV\" \/>\n<meta property=\"og:description\" content=\"Onlar \u0259sg\u0259rin \u00f6l\u00fcm\u00fc il\u0259 ba\u011fl\u0131 v\u0259zif\u0259 s\u0259lahiyy\u0259tl\u0259rini a\u015fmaqda t\u0259qsirli bilinib ... Davam\u0131\" \/>\n<meta property=\"og:url\" content=\"https:\/\/www.meydan.tv\/az\/article\/esg%c9%99rin-olumun%c9%99-gor%c9%99-komandir-v%c9%99-tibbi-xidm%c9%99t-r%c9%99isi-azadliqdan-m%c9%99hrum-edilib\/\" \/>\n<meta property=\"og:site_name\" content=\"MEYDAN.TV\" \/>\n<meta property=\"article:published_time\" content=\"2025-04-22T11:46:45+00:00\" \/>\n<meta property=\"article:modified_time\" content=\"2025-04-22T11:47:22+00:00\" \/>\n<meta property=\"og:image\" content=\"https:\/\/www.meydan.tv\/wp-content\/uploads\/image_from_ios_10_t6fgcxo-scaled-e1664353406977.jpg\" \/>\n\t<meta property=\"og:image:width\" content=\"2560\" \/>\n\t<meta property=\"og:image:height\" content=\"1523\" \/>\n\t<meta property=\"og:image:type\" content=\"image\/jpeg\" \/>\n<meta name=\"author\" content=\"mahmud\" \/>\n<meta name=\"twitter:card\" content=\"summary_large_image\" \/>\n<script type=\"application\/ld+json\" class=\"yoast-schema-graph\">{\"@context\":\"https:\\\/\\\/schema.org\",\"@graph\":[{\"@type\":\"Article\",\"@id\":\"https:\\\/\\\/www.meydan.tv\\\/az\\\/article\\\/esg%c9%99rin-olumun%c9%99-gor%c9%99-komandir-v%c9%99-tibbi-xidm%c9%99t-r%c9%99isi-azadliqdan-m%c9%99hrum-edilib\\\/#article\",\"isPartOf\":{\"@id\":\"https:\\\/\\\/www.meydan.tv\\\/az\\\/article\\\/esg%c9%99rin-olumun%c9%99-gor%c9%99-komandir-v%c9%99-tibbi-xidm%c9%99t-r%c9%99isi-azadliqdan-m%c9%99hrum-edilib\\\/\"},\"author\":{\"name\":\"mahmud\",\"@id\":\"https:\\\/\\\/www.meydan.tv\\\/az\\\/#\\\/schema\\\/person\\\/09863e516102a829e72bedcf3f84c6b0\"},\"headline\":\"\u018fsg\u0259rin \u00f6l\u00fcm\u00fcn\u0259 g\u00f6r\u0259 komandir v\u0259 tibbi xidm\u0259t r\u0259isi azadl\u0131qdan m\u0259hrum edilib\",\"datePublished\":\"2025-04-22T11:46:45+00:00\",\"dateModified\":\"2025-04-22T11:47:22+00:00\",\"mainEntityOfPage\":{\"@id\":\"https:\\\/\\\/www.meydan.tv\\\/az\\\/article\\\/esg%c9%99rin-olumun%c9%99-gor%c9%99-komandir-v%c9%99-tibbi-xidm%c9%99t-r%c9%99isi-azadliqdan-m%c9%99hrum-edilib\\\/\"},\"wordCount\":615,\"publisher\":{\"@id\":\"https:\\\/\\\/www.meydan.tv\\\/az\\\/#organization\"},\"image\":{\"@id\":\"https:\\\/\\\/www.meydan.tv\\\/az\\\/article\\\/esg%c9%99rin-olumun%c9%99-gor%c9%99-komandir-v%c9%99-tibbi-xidm%c9%99t-r%c9%99isi-azadliqdan-m%c9%99hrum-edilib\\\/#primaryimage\"},\"thumbnailUrl\":\"https:\\\/\\\/www.meydan.tv\\\/wp-content\\\/uploads\\\/image_from_ios_10_t6fgcxo-scaled-e1664353406977.jpg\",\"articleSection\":[\"Sosial\",\"T\u00f6vsiy\u0259\",\"X\u0259b\u0259rl\u0259r\"],\"inLanguage\":\"az\"},{\"@type\":\"WebPage\",\"@id\":\"https:\\\/\\\/www.meydan.tv\\\/az\\\/article\\\/esg%c9%99rin-olumun%c9%99-gor%c9%99-komandir-v%c9%99-tibbi-xidm%c9%99t-r%c9%99isi-azadliqdan-m%c9%99hrum-edilib\\\/\",\"url\":\"https:\\\/\\\/www.meydan.tv\\\/az\\\/article\\\/esg%c9%99rin-olumun%c9%99-gor%c9%99-komandir-v%c9%99-tibbi-xidm%c9%99t-r%c9%99isi-azadliqdan-m%c9%99hrum-edilib\\\/\",\"name\":\"\u018fsg\u0259rin \u00f6l\u00fcm\u00fcn\u0259 g\u00f6r\u0259 komandir v\u0259 tibbi xidm\u0259t r\u0259isi azadl\u0131qdan m\u0259hrum edilib - MEYDAN.TV\",\"isPartOf\":{\"@id\":\"https:\\\/\\\/www.meydan.tv\\\/az\\\/#website\"},\"primaryImageOfPage\":{\"@id\":\"https:\\\/\\\/www.meydan.tv\\\/az\\\/article\\\/esg%c9%99rin-olumun%c9%99-gor%c9%99-komandir-v%c9%99-tibbi-xidm%c9%99t-r%c9%99isi-azadliqdan-m%c9%99hrum-edilib\\\/#primaryimage\"},\"image\":{\"@id\":\"https:\\\/\\\/www.meydan.tv\\\/az\\\/article\\\/esg%c9%99rin-olumun%c9%99-gor%c9%99-komandir-v%c9%99-tibbi-xidm%c9%99t-r%c9%99isi-azadliqdan-m%c9%99hrum-edilib\\\/#primaryimage\"},\"thumbnailUrl\":\"https:\\\/\\\/www.meydan.tv\\\/wp-content\\\/uploads\\\/image_from_ios_10_t6fgcxo-scaled-e1664353406977.jpg\",\"datePublished\":\"2025-04-22T11:46:45+00:00\",\"dateModified\":\"2025-04-22T11:47:22+00:00\",\"breadcrumb\":{\"@id\":\"https:\\\/\\\/www.meydan.tv\\\/az\\\/article\\\/esg%c9%99rin-olumun%c9%99-gor%c9%99-komandir-v%c9%99-tibbi-xidm%c9%99t-r%c9%99isi-azadliqdan-m%c9%99hrum-edilib\\\/#breadcrumb\"},\"inLanguage\":\"az\",\"potentialAction\":[{\"@type\":\"ReadAction\",\"target\":[\"https:\\\/\\\/www.meydan.tv\\\/az\\\/article\\\/esg%c9%99rin-olumun%c9%99-gor%c9%99-komandir-v%c9%99-tibbi-xidm%c9%99t-r%c9%99isi-azadliqdan-m%c9%99hrum-edilib\\\/\"]}]},{\"@type\":\"ImageObject\",\"inLanguage\":\"az\",\"@id\":\"https:\\\/\\\/www.meydan.tv\\\/az\\\/article\\\/esg%c9%99rin-olumun%c9%99-gor%c9%99-komandir-v%c9%99-tibbi-xidm%c9%99t-r%c9%99isi-azadliqdan-m%c9%99hrum-edilib\\\/#primaryimage\",\"url\":\"https:\\\/\\\/www.meydan.tv\\\/wp-content\\\/uploads\\\/image_from_ios_10_t6fgcxo-scaled-e1664353406977.jpg\",\"contentUrl\":\"https:\\\/\\\/www.meydan.tv\\\/wp-content\\\/uploads\\\/image_from_ios_10_t6fgcxo-scaled-e1664353406977.jpg\",\"width\":2560,\"height\":1523,\"caption\":\"\u0130ll\u00fcstrasiya: Meydan TV\"},{\"@type\":\"BreadcrumbList\",\"@id\":\"https:\\\/\\\/www.meydan.tv\\\/az\\\/article\\\/esg%c9%99rin-olumun%c9%99-gor%c9%99-komandir-v%c9%99-tibbi-xidm%c9%99t-r%c9%99isi-azadliqdan-m%c9%99hrum-edilib\\\/#breadcrumb\",\"itemListElement\":[{\"@type\":\"ListItem\",\"position\":1,\"name\":\"Ana s\u0259hif\u0259\",\"item\":\"https:\\\/\\\/www.meydan.tv\\\/az\\\/\"},{\"@type\":\"ListItem\",\"position\":2,\"name\":\"Sosial\",\"item\":\"https:\\\/\\\/www.meydan.tv\\\/az\\\/section\\\/sosial\\\/\"},{\"@type\":\"ListItem\",\"position\":3,\"name\":\"\u018fsg\u0259rin \u00f6l\u00fcm\u00fcn\u0259 g\u00f6r\u0259 komandir v\u0259 tibbi xidm\u0259t r\u0259isi azadl\u0131qdan m\u0259hrum edilib\"}]},{\"@type\":\"WebSite\",\"@id\":\"https:\\\/\\\/www.meydan.tv\\\/az\\\/#website\",\"url\":\"https:\\\/\\\/www.meydan.tv\\\/az\\\/\",\"name\":\"MEYDAN.TV\",\"description\":\"Meydan TV Az\u0259rbaycan\u0131n media m\u0259kan\u0131ndak\u0131 alternativ s\u0259sidir\",\"publisher\":{\"@id\":\"https:\\\/\\\/www.meydan.tv\\\/az\\\/#organization\"},\"potentialAction\":[{\"@type\":\"SearchAction\",\"target\":{\"@type\":\"EntryPoint\",\"urlTemplate\":\"https:\\\/\\\/www.meydan.tv\\\/az\\\/?s={search_term_string}\"},\"query-input\":{\"@type\":\"PropertyValueSpecification\",\"valueRequired\":true,\"valueName\":\"search_term_string\"}}],\"inLanguage\":\"az\"},{\"@type\":\"Organization\",\"@id\":\"https:\\\/\\\/www.meydan.tv\\\/az\\\/#organization\",\"name\":\"Meydan TV\",\"url\":\"https:\\\/\\\/www.meydan.tv\\\/az\\\/\",\"logo\":{\"@type\":\"ImageObject\",\"inLanguage\":\"az\",\"@id\":\"https:\\\/\\\/www.meydan.tv\\\/az\\\/#\\\/schema\\\/logo\\\/image\\\/\",\"url\":\"https:\\\/\\\/www.meydan.tv\\\/wp-content\\\/uploads\\\/2021\\\/07\\\/meydan-logo.svg\",\"contentUrl\":\"https:\\\/\\\/www.meydan.tv\\\/wp-content\\\/uploads\\\/2021\\\/07\\\/meydan-logo.svg\",\"width\":195,\"height\":46,\"caption\":\"Meydan TV\"},\"image\":{\"@id\":\"https:\\\/\\\/www.meydan.tv\\\/az\\\/#\\\/schema\\\/logo\\\/image\\\/\"}},{\"@type\":\"Person\",\"@id\":\"https:\\\/\\\/www.meydan.tv\\\/az\\\/#\\\/schema\\\/person\\\/09863e516102a829e72bedcf3f84c6b0\",\"name\":\"mahmud\"}]}<\/script>\n<!-- \/ Yoast SEO plugin. -->","yoast_head_json":{"title":"\u018fsg\u0259rin \u00f6l\u00fcm\u00fcn\u0259 g\u00f6r\u0259 komandir v\u0259 tibbi xidm\u0259t r\u0259isi azadl\u0131qdan m\u0259hrum edilib - MEYDAN.TV","robots":{"index":"index","follow":"follow","max-snippet":"max-snippet:-1","max-image-preview":"max-image-preview:large","max-video-preview":"max-video-preview:-1"},"canonical":"https:\/\/www.meydan.tv\/az\/article\/esg%c9%99rin-olumun%c9%99-gor%c9%99-komandir-v%c9%99-tibbi-xidm%c9%99t-r%c9%99isi-azadliqdan-m%c9%99hrum-edilib\/","og_locale":"az_AZ","og_type":"article","og_title":"\u018fsg\u0259rin \u00f6l\u00fcm\u00fcn\u0259 g\u00f6r\u0259 komandir v\u0259 tibbi xidm\u0259t r\u0259isi azadl\u0131qdan m\u0259hrum edilib - MEYDAN.TV","og_description":"Onlar \u0259sg\u0259rin \u00f6l\u00fcm\u00fc il\u0259 ba\u011fl\u0131 v\u0259zif\u0259 s\u0259lahiyy\u0259tl\u0259rini a\u015fmaqda t\u0259qsirli bilinib ... Davam\u0131","og_url":"https:\/\/www.meydan.tv\/az\/article\/esg%c9%99rin-olumun%c9%99-gor%c9%99-komandir-v%c9%99-tibbi-xidm%c9%99t-r%c9%99isi-azadliqdan-m%c9%99hrum-edilib\/","og_site_name":"MEYDAN.TV","article_published_time":"2025-04-22T11:46:45+00:00","article_modified_time":"2025-04-22T11:47:22+00:00","og_image":[{"width":2560,"height":1523,"url":"https:\/\/www.meydan.tv\/wp-content\/uploads\/image_from_ios_10_t6fgcxo-scaled-e1664353406977.jpg","type":"image\/jpeg"}],"author":"mahmud","twitter_card":"summary_large_image","schema":{"@context":"https:\/\/schema.org","@graph":[{"@type":"Article","@id":"https:\/\/www.meydan.tv\/az\/article\/esg%c9%99rin-olumun%c9%99-gor%c9%99-komandir-v%c9%99-tibbi-xidm%c9%99t-r%c9%99isi-azadliqdan-m%c9%99hrum-edilib\/#article","isPartOf":{"@id":"https:\/\/www.meydan.tv\/az\/article\/esg%c9%99rin-olumun%c9%99-gor%c9%99-komandir-v%c9%99-tibbi-xidm%c9%99t-r%c9%99isi-azadliqdan-m%c9%99hrum-edilib\/"},"author":{"name":"mahmud","@id":"https:\/\/www.meydan.tv\/az\/#\/schema\/person\/09863e516102a829e72bedcf3f84c6b0"},"headline":"\u018fsg\u0259rin \u00f6l\u00fcm\u00fcn\u0259 g\u00f6r\u0259 komandir v\u0259 tibbi xidm\u0259t r\u0259isi azadl\u0131qdan m\u0259hrum edilib","datePublished":"2025-04-22T11:46:45+00:00","dateModified":"2025-04-22T11:47:22+00:00","mainEntityOfPage":{"@id":"https:\/\/www.meydan.tv\/az\/article\/esg%c9%99rin-olumun%c9%99-gor%c9%99-komandir-v%c9%99-tibbi-xidm%c9%99t-r%c9%99isi-azadliqdan-m%c9%99hrum-edilib\/"},"wordCount":615,"publisher":{"@id":"https:\/\/www.meydan.tv\/az\/#organization"},"image":{"@id":"https:\/\/www.meydan.tv\/az\/article\/esg%c9%99rin-olumun%c9%99-gor%c9%99-komandir-v%c9%99-tibbi-xidm%c9%99t-r%c9%99isi-azadliqdan-m%c9%99hrum-edilib\/#primaryimage"},"thumbnailUrl":"https:\/\/www.meydan.tv\/wp-content\/uploads\/image_from_ios_10_t6fgcxo-scaled-e1664353406977.jpg","articleSection":["Sosial","T\u00f6vsiy\u0259","X\u0259b\u0259rl\u0259r"],"inLanguage":"az"},{"@type":"WebPage","@id":"https:\/\/www.meydan.tv\/az\/article\/esg%c9%99rin-olumun%c9%99-gor%c9%99-komandir-v%c9%99-tibbi-xidm%c9%99t-r%c9%99isi-azadliqdan-m%c9%99hrum-edilib\/","url":"https:\/\/www.meydan.tv\/az\/article\/esg%c9%99rin-olumun%c9%99-gor%c9%99-komandir-v%c9%99-tibbi-xidm%c9%99t-r%c9%99isi-azadliqdan-m%c9%99hrum-edilib\/","name":"\u018fsg\u0259rin \u00f6l\u00fcm\u00fcn\u0259 g\u00f6r\u0259 komandir v\u0259 tibbi xidm\u0259t r\u0259isi azadl\u0131qdan m\u0259hrum edilib - MEYDAN.TV","isPartOf":{"@id":"https:\/\/www.meydan.tv\/az\/#website"},"primaryImageOfPage":{"@id":"https:\/\/www.meydan.tv\/az\/article\/esg%c9%99rin-olumun%c9%99-gor%c9%99-komandir-v%c9%99-tibbi-xidm%c9%99t-r%c9%99isi-azadliqdan-m%c9%99hrum-edilib\/#primaryimage"},"image":{"@id":"https:\/\/www.meydan.tv\/az\/article\/esg%c9%99rin-olumun%c9%99-gor%c9%99-komandir-v%c9%99-tibbi-xidm%c9%99t-r%c9%99isi-azadliqdan-m%c9%99hrum-edilib\/#primaryimage"},"thumbnailUrl":"https:\/\/www.meydan.tv\/wp-content\/uploads\/image_from_ios_10_t6fgcxo-scaled-e1664353406977.jpg","datePublished":"2025-04-22T11:46:45+00:00","dateModified":"2025-04-22T11:47:22+00:00","breadcrumb":{"@id":"https:\/\/www.meydan.tv\/az\/article\/esg%c9%99rin-olumun%c9%99-gor%c9%99-komandir-v%c9%99-tibbi-xidm%c9%99t-r%c9%99isi-azadliqdan-m%c9%99hrum-edilib\/#breadcrumb"},"inLanguage":"az","potentialAction":[{"@type":"ReadAction","target":["https:\/\/www.meydan.tv\/az\/article\/esg%c9%99rin-olumun%c9%99-gor%c9%99-komandir-v%c9%99-tibbi-xidm%c9%99t-r%c9%99isi-azadliqdan-m%c9%99hrum-edilib\/"]}]},{"@type":"ImageObject","inLanguage":"az","@id":"https:\/\/www.meydan.tv\/az\/article\/esg%c9%99rin-olumun%c9%99-gor%c9%99-komandir-v%c9%99-tibbi-xidm%c9%99t-r%c9%99isi-azadliqdan-m%c9%99hrum-edilib\/#primaryimage","url":"https:\/\/www.meydan.tv\/wp-content\/uploads\/image_from_ios_10_t6fgcxo-scaled-e1664353406977.jpg","contentUrl":"https:\/\/www.meydan.tv\/wp-content\/uploads\/image_from_ios_10_t6fgcxo-scaled-e1664353406977.jpg","width":2560,"height":1523,"caption":"\u0130ll\u00fcstrasiya: Meydan TV"},{"@type":"BreadcrumbList","@id":"https:\/\/www.meydan.tv\/az\/article\/esg%c9%99rin-olumun%c9%99-gor%c9%99-komandir-v%c9%99-tibbi-xidm%c9%99t-r%c9%99isi-azadliqdan-m%c9%99hrum-edilib\/#breadcrumb","itemListElement":[{"@type":"ListItem","position":1,"name":"Ana s\u0259hif\u0259","item":"https:\/\/www.meydan.tv\/az\/"},{"@type":"ListItem","position":2,"name":"Sosial","item":"https:\/\/www.meydan.tv\/az\/section\/sosial\/"},{"@type":"ListItem","position":3,"name":"\u018fsg\u0259rin \u00f6l\u00fcm\u00fcn\u0259 g\u00f6r\u0259 komandir v\u0259 tibbi xidm\u0259t r\u0259isi azadl\u0131qdan m\u0259hrum edilib"}]},{"@type":"WebSite","@id":"https:\/\/www.meydan.tv\/az\/#website","url":"https:\/\/www.meydan.tv\/az\/","name":"MEYDAN.TV","description":"Meydan TV Az\u0259rbaycan\u0131n media m\u0259kan\u0131ndak\u0131 alternativ s\u0259sidir","publisher":{"@id":"https:\/\/www.meydan.tv\/az\/#organization"},"potentialAction":[{"@type":"SearchAction","target":{"@type":"EntryPoint","urlTemplate":"https:\/\/www.meydan.tv\/az\/?s={search_term_string}"},"query-input":{"@type":"PropertyValueSpecification","valueRequired":true,"valueName":"search_term_string"}}],"inLanguage":"az"},{"@type":"Organization","@id":"https:\/\/www.meydan.tv\/az\/#organization","name":"Meydan TV","url":"https:\/\/www.meydan.tv\/az\/","logo":{"@type":"ImageObject","inLanguage":"az","@id":"https:\/\/www.meydan.tv\/az\/#\/schema\/logo\/image\/","url":"https:\/\/www.meydan.tv\/wp-content\/uploads\/2021\/07\/meydan-logo.svg","contentUrl":"https:\/\/www.meydan.tv\/wp-content\/uploads\/2021\/07\/meydan-logo.svg","width":195,"height":46,"caption":"Meydan TV"},"image":{"@id":"https:\/\/www.meydan.tv\/az\/#\/schema\/logo\/image\/"}},{"@type":"Person","@id":"https:\/\/www.meydan.tv\/az\/#\/schema\/person\/09863e516102a829e72bedcf3f84c6b0","name":"mahmud"}]}},"_links":{"self":[{"href":"https:\/\/www.meydan.tv\/az\/wp-json\/wp\/v2\/posts\/329070","targetHints":{"allow":["GET"]}}],"collection":[{"href":"https:\/\/www.meydan.tv\/az\/wp-json\/wp\/v2\/posts"}],"about":[{"href":"https:\/\/www.meydan.tv\/az\/wp-json\/wp\/v2\/types\/post"}],"author":[{"embeddable":true,"href":"https:\/\/www.meydan.tv\/az\/wp-json\/wp\/v2\/users\/21"}],"replies":[{"embeddable":true,"href":"https:\/\/www.meydan.tv\/az\/wp-json\/wp\/v2\/comments?post=329070"}],"version-history":[{"count":1,"href":"https:\/\/www.meydan.tv\/az\/wp-json\/wp\/v2\/posts\/329070\/revisions"}],"predecessor-version":[{"id":329071,"href":"https:\/\/www.meydan.tv\/az\/wp-json\/wp\/v2\/posts\/329070\/revisions\/329071"}],"wp:featuredmedia":[{"embeddable":true,"href":"https:\/\/www.meydan.tv\/az\/wp-json\/wp\/v2\/media\/211098"}],"wp:attachment":[{"href":"https:\/\/www.meydan.tv\/az\/wp-json\/wp\/v2\/media?parent=329070"}],"wp:term":[{"taxonomy":"category","embeddable":true,"href":"https:\/\/www.meydan.tv\/az\/wp-json\/wp\/v2\/categories?post=329070"},{"taxonomy":"post_tag","embeddable":true,"href":"https:\/\/www.meydan.tv\/az\/wp-json\/wp\/v2\/tags?post=329070"}],"curies":[{"name":"wp","href":"https:\/\/api.w.org\/{rel}","templated":true}]}}