{"id":329068,"date":"2025-04-22T15:16:18","date_gmt":"2025-04-22T11:16:18","guid":{"rendered":"https:\/\/www.meydan.tv\/?p=329068"},"modified":"2025-04-22T15:16:21","modified_gmt":"2025-04-22T11:16:21","slug":"az%c9%99rbaycana-g%c9%99l%c9%99nl%c9%99rin-v%c9%99-ged%c9%99nl%c9%99rin-sayi-azalib","status":"publish","type":"post","link":"https:\/\/www.meydan.tv\/az\/article\/az%c9%99rbaycana-g%c9%99l%c9%99nl%c9%99rin-v%c9%99-ged%c9%99nl%c9%99rin-sayi-azalib\/","title":{"rendered":"Az\u0259rbaycana g\u0259l\u0259nl\u0259rin v\u0259 ged\u0259nl\u0259rin say\u0131 azal\u0131b"},"content":{"rendered":"\n<p><\/p>\n\n\n\n<p><strong><em>Azalma \u0259sas\u0259n avropal\u0131 v\u0259 \u0259r\u0259b turistl\u0259rin say\u0131nda \u00f6z\u00fcn\u00fc g\u00f6st\u0259rir<\/em><\/strong><em><\/em><\/p>\n\n\n\n<p>Az\u0259rbaycana g\u0259l\u0259n turistl\u0259rin say\u0131 azal\u0131b.<\/p>\n\n\n\n<p>D\u00f6vl\u0259t Statistika Komit\u0259sinin yayd\u0131\u011f\u0131 m\u0259lumatda bel\u0259 <a href=\"https:\/\/www.stat.gov.az\/news\/index.php?lang=az&amp;id=6254\" target=\"_blank\" rel=\"noreferrer noopener\">deyilir<\/a>.<strong> <\/strong><\/p>\n\n\n\n<p>M\u0259lumatda bildirilir ki, D\u00f6vl\u0259t S\u0259rh\u0259d Xidm\u0259tinin m\u0259lumat\u0131na \u0259sas\u0259n, 2025-ci ilin yanvar-mart aylar\u0131nda Az\u0259rbaycan Respublikas\u0131na d\u00fcnyan\u0131n 167 \u00f6lk\u0259sind\u0259n 508,1 min v\u0259 ya \u0259vv\u0259lki ilin m\u00fcvafiq d\u00f6vr\u00fc il\u0259 m\u00fcqayis\u0259d\u0259 1,1 faiz az \u0259cn\u0259bi v\u0259 v\u0259t\u0259nda\u015fl\u0131\u011f\u0131 olmayan \u015f\u0259xs g\u0259lib.<\/p>\n\n\n\n<p>G\u0259l\u0259nl\u0259rin 24,7 faizi Rusiya Federasiyas\u0131, 18,3 faizi T\u00fcrkiy\u0259, 10,8 faizi Hindistan, 9,8 faizi \u0130ran, 5,0 faizi G\u00fcrc\u00fcstan, 3,6 faizi Qazax\u0131stan, 2,7 faizi Pakistan, h\u0259r birind\u0259n 2,1 faiz olmaqla Birl\u0259\u015fmi\u015f \u018fr\u0259b \u018fmirlikl\u0259ri v\u0259 S\u0259udiyy\u0259 \u018fr\u0259bistan\u0131, 1,8 faizi \u00d6zb\u0259kistan, 1,7 faizi \u00c7in, h\u0259r birind\u0259n 1,5 faiz olmaqla T\u00fcrkm\u0259nistan, Ukrayna v\u0259 \u0130srail, 1,2 faizi K\u00fcveyt, 1,0 faizi Belarus, 10,7 faizi dig\u0259r \u00f6lk\u0259l\u0259rin v\u0259t\u0259nda\u015flar\u0131 olub.<\/p>\n\n\n\n<p>\u00d6t\u0259n ilin eyni d\u00f6vr\u00fc il\u0259 m\u00fcqayis\u0259d\u0259 \u0130sraild\u0259n g\u0259l\u0259nl\u0259rin say\u0131 4 d\u0259f\u0259, Tacikistandan &#8211; 2 d\u0259f\u0259, \u00c7ind\u0259n &#8211; 1,8 d\u0259f\u0259, \u0130ordaniyadan &#8211; 1,6 d\u0259f\u0259, \u0130spaniyadan &#8211; 1,6 d\u0259f\u0259, Hindistandan &#8211; 47,6 faiz, Q\u0131r\u011f\u0131z\u0131standan &#8211; 32,6 faiz, Yaponiyadan &#8211; 26,5 faiz, Misird\u0259n &#8211; 25,0 faiz, AB\u015e-dan &#8211; 17,3 faiz, Kanadadan &#8211; 15,2 faiz, Niderlanddan &#8211; 12,2 faiz, Pakistandan &#8211; 11,5 faiz art\u0131b.&nbsp;&nbsp;&nbsp;&nbsp;&nbsp;&nbsp;&nbsp;&nbsp;&nbsp;&nbsp;&nbsp;&nbsp;&nbsp;&nbsp;&nbsp;&nbsp;&nbsp;&nbsp;&nbsp;&nbsp;&nbsp;&nbsp;&nbsp;&nbsp;&nbsp;&nbsp;&nbsp;&nbsp;&nbsp;&nbsp;&nbsp;&nbsp;&nbsp;&nbsp;&nbsp;&nbsp;&nbsp;&nbsp;&nbsp;&nbsp;&nbsp;&nbsp;&nbsp;&nbsp;&nbsp;&nbsp;&nbsp;&nbsp;&nbsp;&nbsp;&nbsp;&nbsp;&nbsp;&nbsp;&nbsp;&nbsp;<\/p>\n\n\n\n<p>2024-c\u00fc ilin yanvar-mart aylar\u0131 il\u0259 m\u00fcqayis\u0259d\u0259 Avropa \u0130ttifaq\u0131na \u00fczv \u00f6lk\u0259l\u0259rd\u0259n g\u0259l\u0259nl\u0259rin say\u0131 7,8 faiz azalaraq 17,1 min n\u0259f\u0259r, k\u00f6rf\u0259z \u00f6lk\u0259l\u0259rind\u0259n g\u0259l\u0259nl\u0259rin say\u0131 9,3 faiz azalaraq 82,9 min n\u0259f\u0259r, MDB \u00f6lk\u0259l\u0259rind\u0259n g\u0259l\u0259nl\u0259rin say\u0131 10,7 faiz azalaraq 170,6 min n\u0259f\u0259r olmu\u015f, dig\u0259r \u00f6lk\u0259l\u0259rd\u0259n g\u0259l\u0259nl\u0259rin say\u0131 is\u0259 11,8 faiz artaraq 237,5 min n\u0259f\u0259r t\u0259\u015fkil edib.<\/p>\n\n\n\n<p>\u00d6lk\u0259miz\u0259 g\u0259l\u0259n \u0259cn\u0259bil\u0259r v\u0259 v\u0259t\u0259nda\u015fl\u0131\u011f\u0131 olmayan \u015f\u0259xsl\u0259rin 69,9 faizi hava, 28,4 faizi d\u0259mir yolu v\u0259 avtomobil, 1,7 faizi is\u0259 d\u0259niz n\u0259qliyyat\u0131ndan istifad\u0259 edib.&nbsp;&nbsp;&nbsp;&nbsp;&nbsp;&nbsp;&nbsp;&nbsp;&nbsp;&nbsp;&nbsp;&nbsp;&nbsp;&nbsp;&nbsp;&nbsp;&nbsp;&nbsp;&nbsp;&nbsp;&nbsp;&nbsp;&nbsp;&nbsp;&nbsp;&nbsp;&nbsp;&nbsp;&nbsp;&nbsp;&nbsp;&nbsp;&nbsp;&nbsp;&nbsp;&nbsp;&nbsp;&nbsp;&nbsp;&nbsp;&nbsp;&nbsp;&nbsp;&nbsp;&nbsp;&nbsp;&nbsp;&nbsp;&nbsp;&nbsp;&nbsp;&nbsp;&nbsp;&nbsp;&nbsp;&nbsp;&nbsp;&nbsp;&nbsp;&nbsp;&nbsp;&nbsp;&nbsp;&nbsp;&nbsp;&nbsp;&nbsp;&nbsp;&nbsp;&nbsp;&nbsp;&nbsp;&nbsp;&nbsp;&nbsp;&nbsp;&nbsp;&nbsp;&nbsp;&nbsp;&nbsp;&nbsp;&nbsp;&nbsp;&nbsp;&nbsp;&nbsp;&nbsp;&nbsp;&nbsp;&nbsp;&nbsp;&nbsp;&nbsp;&nbsp;&nbsp;&nbsp;&nbsp;&nbsp;&nbsp;&nbsp;&nbsp;&nbsp;&nbsp;&nbsp;&nbsp;&nbsp;&nbsp;&nbsp;&nbsp;&nbsp;&nbsp;&nbsp;&nbsp;&nbsp;&nbsp;&nbsp;&nbsp;&nbsp;&nbsp;&nbsp;&nbsp;&nbsp;<\/p>\n\n\n\n<p>Xarici \u00f6lk\u0259l\u0259r\u0259 ged\u0259n Az\u0259rbaycan v\u0259t\u0259nda\u015flar\u0131n\u0131n say\u0131 da azal\u0131b.<\/p>\n\n\n\n<p>2024-c\u00fc ilin yanvar-mart aylar\u0131 il\u0259 m\u00fcqayis\u0259d\u0259 xarici \u00f6lk\u0259l\u0259r\u0259 ged\u0259n Az\u0259rbaycan Respublikas\u0131 v\u0259t\u0259nda\u015flar\u0131n\u0131n \u00fcmumi say\u0131 0,7 faiz azalaraq 468,9 min n\u0259f\u0259r olub. \u0130rana ged\u0259n Az\u0259rbaycan Respublikas\u0131 v\u0259t\u0259nda\u015flar\u0131n\u0131n say\u0131 24,1 faiz, G\u00fcrc\u00fcstana ged\u0259nl\u0259rin say\u0131 16,4 faiz art\u0131b, T\u00fcrkiy\u0259y\u0259 ged\u0259nl\u0259rin say\u0131 5,4 faiz, Rusiya Federasiyas\u0131na ged\u0259nl\u0259rin say\u0131 is\u0259&nbsp; 25,3 faiz azal\u0131b. Az\u0259rbaycan Respublikas\u0131 v\u0259t\u0259nda\u015flar\u0131n\u0131n 36,5 faizi T\u00fcrkiy\u0259y\u0259, 15,7 faizi Rusiya Federasiyas\u0131na, 11,0 faizi G\u00fcrc\u00fcstana, 10,7 faizi \u0130rana, 26,1 faizi dig\u0259r \u00f6lk\u0259l\u0259r\u0259 s\u0259f\u0259r edib.<\/p>\n\n\n\n<p>2025-ci ilin yanvar-mart aylar\u0131nda xarici \u00f6lk\u0259l\u0259r\u0259 s\u0259f\u0259r ed\u0259n Az\u0259rbaycan Respublikas\u0131 v\u0259t\u0259nda\u015flar\u0131n\u0131n 68,2 faizi hava, 29,7 faizi d\u0259mir yolu v\u0259 avtomobil, 2,1 faizi is\u0259 d\u0259niz n\u0259qliyyat\u0131ndan istifad\u0259 edib.<\/p>\n\n\n\n<p>2020-ci il mart\u0131n \u0259vv\u0259lind\u0259n Az\u0259rbaycanda x\u00fcsusi karantin rejimi elan edilib v\u0259 h\u0259min vaxtdan quru s\u0259rh\u0259dl\u0259r qapad\u0131l\u0131b.&nbsp;<\/p>\n\n\n\n<p>Sonradan d\u0259f\u0259l\u0259rl\u0259 karantin rejiminin vaxt\u0131 uzad\u0131l\u0131b v\u0259 quru s\u0259rh\u0259dl\u0259r a\u00e7\u0131lmay\u0131b.<\/p>\n","protected":false},"excerpt":{"rendered":"<p>Azalma \u0259sas\u0259n avropal\u0131 v\u0259 \u0259r\u0259b turistl\u0259rin say\u0131nda \u00f6z\u00fcn\u00fc g\u00f6st\u0259rir Az\u0259rbaycana &#8230; <\/p>\n<p class=\"read-more-container\"><a title=\"Az\u0259rbaycana g\u0259l\u0259nl\u0259rin v\u0259 ged\u0259nl\u0259rin say\u0131 azal\u0131b\" class=\"read-more button\" href=\"https:\/\/www.meydan.tv\/az\/article\/az%c9%99rbaycana-g%c9%99l%c9%99nl%c9%99rin-v%c9%99-ged%c9%99nl%c9%99rin-sayi-azalib\/#more-329068\" aria-label=\"Read more about Az\u0259rbaycana g\u0259l\u0259nl\u0259rin v\u0259 ged\u0259nl\u0259rin say\u0131 azal\u0131b\">Davam\u0131<\/a><\/p>\n","protected":false},"author":21,"featured_media":122374,"comment_status":"closed","ping_status":"closed","sticky":false,"template":"","format":"standard","meta":{"_acf_changed":false,"_sitemap_exclude":false,"_sitemap_priority":"","_sitemap_frequency":"","footnotes":""},"categories":[62,56],"tags":[],"class_list":["post-329068","post","type-post","status-publish","format-standard","has-post-thumbnail","hentry","category-sosial","category-xeberler","infinite-scroll-item","generate-columns","tablet-grid-50","mobile-grid-100","grid-parent","grid-33","no-featured-image-padding"],"acf":[],"yoast_head":"<!-- This site is optimized with the Yoast SEO plugin v27.4 - https:\/\/yoast.com\/product\/yoast-seo-wordpress\/ -->\n<title>Az\u0259rbaycana g\u0259l\u0259nl\u0259rin v\u0259 ged\u0259nl\u0259rin say\u0131 azal\u0131b - MEYDAN.TV<\/title>\n<meta name=\"robots\" content=\"index, follow, max-snippet:-1, max-image-preview:large, max-video-preview:-1\" \/>\n<link rel=\"canonical\" href=\"https:\/\/www.meydan.tv\/az\/article\/az%c9%99rbaycana-g%c9%99l%c9%99nl%c9%99rin-v%c9%99-ged%c9%99nl%c9%99rin-sayi-azalib\/\" \/>\n<meta property=\"og:locale\" content=\"az_AZ\" \/>\n<meta property=\"og:type\" content=\"article\" \/>\n<meta property=\"og:title\" content=\"Az\u0259rbaycana g\u0259l\u0259nl\u0259rin v\u0259 ged\u0259nl\u0259rin say\u0131 azal\u0131b - MEYDAN.TV\" \/>\n<meta property=\"og:description\" content=\"Azalma \u0259sas\u0259n avropal\u0131 v\u0259 \u0259r\u0259b turistl\u0259rin say\u0131nda \u00f6z\u00fcn\u00fc g\u00f6st\u0259rir Az\u0259rbaycana ... Davam\u0131\" \/>\n<meta property=\"og:url\" content=\"https:\/\/www.meydan.tv\/az\/article\/az%c9%99rbaycana-g%c9%99l%c9%99nl%c9%99rin-v%c9%99-ged%c9%99nl%c9%99rin-sayi-azalib\/\" \/>\n<meta property=\"og:site_name\" content=\"MEYDAN.TV\" \/>\n<meta property=\"article:published_time\" content=\"2025-04-22T11:16:18+00:00\" \/>\n<meta property=\"article:modified_time\" content=\"2025-04-22T11:16:21+00:00\" \/>\n<meta property=\"og:image\" content=\"https:\/\/www.meydan.tv\/wp-content\/uploads\/turist.jpg\" \/>\n\t<meta property=\"og:image:width\" content=\"907\" \/>\n\t<meta property=\"og:image:height\" content=\"580\" \/>\n\t<meta property=\"og:image:type\" content=\"image\/jpeg\" \/>\n<meta name=\"author\" content=\"mahmud\" \/>\n<meta name=\"twitter:card\" content=\"summary_large_image\" \/>\n<script type=\"application\/ld+json\" class=\"yoast-schema-graph\">{\"@context\":\"https:\\\/\\\/schema.org\",\"@graph\":[{\"@type\":\"Article\",\"@id\":\"https:\\\/\\\/www.meydan.tv\\\/az\\\/article\\\/az%c9%99rbaycana-g%c9%99l%c9%99nl%c9%99rin-v%c9%99-ged%c9%99nl%c9%99rin-sayi-azalib\\\/#article\",\"isPartOf\":{\"@id\":\"https:\\\/\\\/www.meydan.tv\\\/az\\\/article\\\/az%c9%99rbaycana-g%c9%99l%c9%99nl%c9%99rin-v%c9%99-ged%c9%99nl%c9%99rin-sayi-azalib\\\/\"},\"author\":{\"name\":\"mahmud\",\"@id\":\"https:\\\/\\\/www.meydan.tv\\\/az\\\/#\\\/schema\\\/person\\\/09863e516102a829e72bedcf3f84c6b0\"},\"headline\":\"Az\u0259rbaycana g\u0259l\u0259nl\u0259rin v\u0259 ged\u0259nl\u0259rin say\u0131 azal\u0131b\",\"datePublished\":\"2025-04-22T11:16:18+00:00\",\"dateModified\":\"2025-04-22T11:16:21+00:00\",\"mainEntityOfPage\":{\"@id\":\"https:\\\/\\\/www.meydan.tv\\\/az\\\/article\\\/az%c9%99rbaycana-g%c9%99l%c9%99nl%c9%99rin-v%c9%99-ged%c9%99nl%c9%99rin-sayi-azalib\\\/\"},\"wordCount\":759,\"publisher\":{\"@id\":\"https:\\\/\\\/www.meydan.tv\\\/az\\\/#organization\"},\"image\":{\"@id\":\"https:\\\/\\\/www.meydan.tv\\\/az\\\/article\\\/az%c9%99rbaycana-g%c9%99l%c9%99nl%c9%99rin-v%c9%99-ged%c9%99nl%c9%99rin-sayi-azalib\\\/#primaryimage\"},\"thumbnailUrl\":\"https:\\\/\\\/www.meydan.tv\\\/wp-content\\\/uploads\\\/turist.jpg\",\"articleSection\":[\"Sosial\",\"X\u0259b\u0259rl\u0259r\"],\"inLanguage\":\"az\"},{\"@type\":\"WebPage\",\"@id\":\"https:\\\/\\\/www.meydan.tv\\\/az\\\/article\\\/az%c9%99rbaycana-g%c9%99l%c9%99nl%c9%99rin-v%c9%99-ged%c9%99nl%c9%99rin-sayi-azalib\\\/\",\"url\":\"https:\\\/\\\/www.meydan.tv\\\/az\\\/article\\\/az%c9%99rbaycana-g%c9%99l%c9%99nl%c9%99rin-v%c9%99-ged%c9%99nl%c9%99rin-sayi-azalib\\\/\",\"name\":\"Az\u0259rbaycana g\u0259l\u0259nl\u0259rin v\u0259 ged\u0259nl\u0259rin say\u0131 azal\u0131b - MEYDAN.TV\",\"isPartOf\":{\"@id\":\"https:\\\/\\\/www.meydan.tv\\\/az\\\/#website\"},\"primaryImageOfPage\":{\"@id\":\"https:\\\/\\\/www.meydan.tv\\\/az\\\/article\\\/az%c9%99rbaycana-g%c9%99l%c9%99nl%c9%99rin-v%c9%99-ged%c9%99nl%c9%99rin-sayi-azalib\\\/#primaryimage\"},\"image\":{\"@id\":\"https:\\\/\\\/www.meydan.tv\\\/az\\\/article\\\/az%c9%99rbaycana-g%c9%99l%c9%99nl%c9%99rin-v%c9%99-ged%c9%99nl%c9%99rin-sayi-azalib\\\/#primaryimage\"},\"thumbnailUrl\":\"https:\\\/\\\/www.meydan.tv\\\/wp-content\\\/uploads\\\/turist.jpg\",\"datePublished\":\"2025-04-22T11:16:18+00:00\",\"dateModified\":\"2025-04-22T11:16:21+00:00\",\"breadcrumb\":{\"@id\":\"https:\\\/\\\/www.meydan.tv\\\/az\\\/article\\\/az%c9%99rbaycana-g%c9%99l%c9%99nl%c9%99rin-v%c9%99-ged%c9%99nl%c9%99rin-sayi-azalib\\\/#breadcrumb\"},\"inLanguage\":\"az\",\"potentialAction\":[{\"@type\":\"ReadAction\",\"target\":[\"https:\\\/\\\/www.meydan.tv\\\/az\\\/article\\\/az%c9%99rbaycana-g%c9%99l%c9%99nl%c9%99rin-v%c9%99-ged%c9%99nl%c9%99rin-sayi-azalib\\\/\"]}]},{\"@type\":\"ImageObject\",\"inLanguage\":\"az\",\"@id\":\"https:\\\/\\\/www.meydan.tv\\\/az\\\/article\\\/az%c9%99rbaycana-g%c9%99l%c9%99nl%c9%99rin-v%c9%99-ged%c9%99nl%c9%99rin-sayi-azalib\\\/#primaryimage\",\"url\":\"https:\\\/\\\/www.meydan.tv\\\/wp-content\\\/uploads\\\/turist.jpg\",\"contentUrl\":\"https:\\\/\\\/www.meydan.tv\\\/wp-content\\\/uploads\\\/turist.jpg\",\"width\":907,\"height\":580,\"caption\":\"\u0422\u0443\u0440\u0438\u0441\u0442\u044b\"},{\"@type\":\"BreadcrumbList\",\"@id\":\"https:\\\/\\\/www.meydan.tv\\\/az\\\/article\\\/az%c9%99rbaycana-g%c9%99l%c9%99nl%c9%99rin-v%c9%99-ged%c9%99nl%c9%99rin-sayi-azalib\\\/#breadcrumb\",\"itemListElement\":[{\"@type\":\"ListItem\",\"position\":1,\"name\":\"Ana s\u0259hif\u0259\",\"item\":\"https:\\\/\\\/www.meydan.tv\\\/az\\\/\"},{\"@type\":\"ListItem\",\"position\":2,\"name\":\"Sosial\",\"item\":\"https:\\\/\\\/www.meydan.tv\\\/az\\\/section\\\/sosial\\\/\"},{\"@type\":\"ListItem\",\"position\":3,\"name\":\"Az\u0259rbaycana g\u0259l\u0259nl\u0259rin v\u0259 ged\u0259nl\u0259rin say\u0131 azal\u0131b\"}]},{\"@type\":\"WebSite\",\"@id\":\"https:\\\/\\\/www.meydan.tv\\\/az\\\/#website\",\"url\":\"https:\\\/\\\/www.meydan.tv\\\/az\\\/\",\"name\":\"MEYDAN.TV\",\"description\":\"Meydan TV Az\u0259rbaycan\u0131n media m\u0259kan\u0131ndak\u0131 alternativ s\u0259sidir\",\"publisher\":{\"@id\":\"https:\\\/\\\/www.meydan.tv\\\/az\\\/#organization\"},\"potentialAction\":[{\"@type\":\"SearchAction\",\"target\":{\"@type\":\"EntryPoint\",\"urlTemplate\":\"https:\\\/\\\/www.meydan.tv\\\/az\\\/?s={search_term_string}\"},\"query-input\":{\"@type\":\"PropertyValueSpecification\",\"valueRequired\":true,\"valueName\":\"search_term_string\"}}],\"inLanguage\":\"az\"},{\"@type\":\"Organization\",\"@id\":\"https:\\\/\\\/www.meydan.tv\\\/az\\\/#organization\",\"name\":\"Meydan TV\",\"url\":\"https:\\\/\\\/www.meydan.tv\\\/az\\\/\",\"logo\":{\"@type\":\"ImageObject\",\"inLanguage\":\"az\",\"@id\":\"https:\\\/\\\/www.meydan.tv\\\/az\\\/#\\\/schema\\\/logo\\\/image\\\/\",\"url\":\"https:\\\/\\\/www.meydan.tv\\\/wp-content\\\/uploads\\\/2021\\\/07\\\/meydan-logo.svg\",\"contentUrl\":\"https:\\\/\\\/www.meydan.tv\\\/wp-content\\\/uploads\\\/2021\\\/07\\\/meydan-logo.svg\",\"width\":195,\"height\":46,\"caption\":\"Meydan TV\"},\"image\":{\"@id\":\"https:\\\/\\\/www.meydan.tv\\\/az\\\/#\\\/schema\\\/logo\\\/image\\\/\"}},{\"@type\":\"Person\",\"@id\":\"https:\\\/\\\/www.meydan.tv\\\/az\\\/#\\\/schema\\\/person\\\/09863e516102a829e72bedcf3f84c6b0\",\"name\":\"mahmud\"}]}<\/script>\n<!-- \/ Yoast SEO plugin. -->","yoast_head_json":{"title":"Az\u0259rbaycana g\u0259l\u0259nl\u0259rin v\u0259 ged\u0259nl\u0259rin say\u0131 azal\u0131b - MEYDAN.TV","robots":{"index":"index","follow":"follow","max-snippet":"max-snippet:-1","max-image-preview":"max-image-preview:large","max-video-preview":"max-video-preview:-1"},"canonical":"https:\/\/www.meydan.tv\/az\/article\/az%c9%99rbaycana-g%c9%99l%c9%99nl%c9%99rin-v%c9%99-ged%c9%99nl%c9%99rin-sayi-azalib\/","og_locale":"az_AZ","og_type":"article","og_title":"Az\u0259rbaycana g\u0259l\u0259nl\u0259rin v\u0259 ged\u0259nl\u0259rin say\u0131 azal\u0131b - MEYDAN.TV","og_description":"Azalma \u0259sas\u0259n avropal\u0131 v\u0259 \u0259r\u0259b turistl\u0259rin say\u0131nda \u00f6z\u00fcn\u00fc g\u00f6st\u0259rir Az\u0259rbaycana ... Davam\u0131","og_url":"https:\/\/www.meydan.tv\/az\/article\/az%c9%99rbaycana-g%c9%99l%c9%99nl%c9%99rin-v%c9%99-ged%c9%99nl%c9%99rin-sayi-azalib\/","og_site_name":"MEYDAN.TV","article_published_time":"2025-04-22T11:16:18+00:00","article_modified_time":"2025-04-22T11:16:21+00:00","og_image":[{"width":907,"height":580,"url":"https:\/\/www.meydan.tv\/wp-content\/uploads\/turist.jpg","type":"image\/jpeg"}],"author":"mahmud","twitter_card":"summary_large_image","schema":{"@context":"https:\/\/schema.org","@graph":[{"@type":"Article","@id":"https:\/\/www.meydan.tv\/az\/article\/az%c9%99rbaycana-g%c9%99l%c9%99nl%c9%99rin-v%c9%99-ged%c9%99nl%c9%99rin-sayi-azalib\/#article","isPartOf":{"@id":"https:\/\/www.meydan.tv\/az\/article\/az%c9%99rbaycana-g%c9%99l%c9%99nl%c9%99rin-v%c9%99-ged%c9%99nl%c9%99rin-sayi-azalib\/"},"author":{"name":"mahmud","@id":"https:\/\/www.meydan.tv\/az\/#\/schema\/person\/09863e516102a829e72bedcf3f84c6b0"},"headline":"Az\u0259rbaycana g\u0259l\u0259nl\u0259rin v\u0259 ged\u0259nl\u0259rin say\u0131 azal\u0131b","datePublished":"2025-04-22T11:16:18+00:00","dateModified":"2025-04-22T11:16:21+00:00","mainEntityOfPage":{"@id":"https:\/\/www.meydan.tv\/az\/article\/az%c9%99rbaycana-g%c9%99l%c9%99nl%c9%99rin-v%c9%99-ged%c9%99nl%c9%99rin-sayi-azalib\/"},"wordCount":759,"publisher":{"@id":"https:\/\/www.meydan.tv\/az\/#organization"},"image":{"@id":"https:\/\/www.meydan.tv\/az\/article\/az%c9%99rbaycana-g%c9%99l%c9%99nl%c9%99rin-v%c9%99-ged%c9%99nl%c9%99rin-sayi-azalib\/#primaryimage"},"thumbnailUrl":"https:\/\/www.meydan.tv\/wp-content\/uploads\/turist.jpg","articleSection":["Sosial","X\u0259b\u0259rl\u0259r"],"inLanguage":"az"},{"@type":"WebPage","@id":"https:\/\/www.meydan.tv\/az\/article\/az%c9%99rbaycana-g%c9%99l%c9%99nl%c9%99rin-v%c9%99-ged%c9%99nl%c9%99rin-sayi-azalib\/","url":"https:\/\/www.meydan.tv\/az\/article\/az%c9%99rbaycana-g%c9%99l%c9%99nl%c9%99rin-v%c9%99-ged%c9%99nl%c9%99rin-sayi-azalib\/","name":"Az\u0259rbaycana g\u0259l\u0259nl\u0259rin v\u0259 ged\u0259nl\u0259rin say\u0131 azal\u0131b - MEYDAN.TV","isPartOf":{"@id":"https:\/\/www.meydan.tv\/az\/#website"},"primaryImageOfPage":{"@id":"https:\/\/www.meydan.tv\/az\/article\/az%c9%99rbaycana-g%c9%99l%c9%99nl%c9%99rin-v%c9%99-ged%c9%99nl%c9%99rin-sayi-azalib\/#primaryimage"},"image":{"@id":"https:\/\/www.meydan.tv\/az\/article\/az%c9%99rbaycana-g%c9%99l%c9%99nl%c9%99rin-v%c9%99-ged%c9%99nl%c9%99rin-sayi-azalib\/#primaryimage"},"thumbnailUrl":"https:\/\/www.meydan.tv\/wp-content\/uploads\/turist.jpg","datePublished":"2025-04-22T11:16:18+00:00","dateModified":"2025-04-22T11:16:21+00:00","breadcrumb":{"@id":"https:\/\/www.meydan.tv\/az\/article\/az%c9%99rbaycana-g%c9%99l%c9%99nl%c9%99rin-v%c9%99-ged%c9%99nl%c9%99rin-sayi-azalib\/#breadcrumb"},"inLanguage":"az","potentialAction":[{"@type":"ReadAction","target":["https:\/\/www.meydan.tv\/az\/article\/az%c9%99rbaycana-g%c9%99l%c9%99nl%c9%99rin-v%c9%99-ged%c9%99nl%c9%99rin-sayi-azalib\/"]}]},{"@type":"ImageObject","inLanguage":"az","@id":"https:\/\/www.meydan.tv\/az\/article\/az%c9%99rbaycana-g%c9%99l%c9%99nl%c9%99rin-v%c9%99-ged%c9%99nl%c9%99rin-sayi-azalib\/#primaryimage","url":"https:\/\/www.meydan.tv\/wp-content\/uploads\/turist.jpg","contentUrl":"https:\/\/www.meydan.tv\/wp-content\/uploads\/turist.jpg","width":907,"height":580,"caption":"\u0422\u0443\u0440\u0438\u0441\u0442\u044b"},{"@type":"BreadcrumbList","@id":"https:\/\/www.meydan.tv\/az\/article\/az%c9%99rbaycana-g%c9%99l%c9%99nl%c9%99rin-v%c9%99-ged%c9%99nl%c9%99rin-sayi-azalib\/#breadcrumb","itemListElement":[{"@type":"ListItem","position":1,"name":"Ana s\u0259hif\u0259","item":"https:\/\/www.meydan.tv\/az\/"},{"@type":"ListItem","position":2,"name":"Sosial","item":"https:\/\/www.meydan.tv\/az\/section\/sosial\/"},{"@type":"ListItem","position":3,"name":"Az\u0259rbaycana g\u0259l\u0259nl\u0259rin v\u0259 ged\u0259nl\u0259rin say\u0131 azal\u0131b"}]},{"@type":"WebSite","@id":"https:\/\/www.meydan.tv\/az\/#website","url":"https:\/\/www.meydan.tv\/az\/","name":"MEYDAN.TV","description":"Meydan TV Az\u0259rbaycan\u0131n media m\u0259kan\u0131ndak\u0131 alternativ s\u0259sidir","publisher":{"@id":"https:\/\/www.meydan.tv\/az\/#organization"},"potentialAction":[{"@type":"SearchAction","target":{"@type":"EntryPoint","urlTemplate":"https:\/\/www.meydan.tv\/az\/?s={search_term_string}"},"query-input":{"@type":"PropertyValueSpecification","valueRequired":true,"valueName":"search_term_string"}}],"inLanguage":"az"},{"@type":"Organization","@id":"https:\/\/www.meydan.tv\/az\/#organization","name":"Meydan TV","url":"https:\/\/www.meydan.tv\/az\/","logo":{"@type":"ImageObject","inLanguage":"az","@id":"https:\/\/www.meydan.tv\/az\/#\/schema\/logo\/image\/","url":"https:\/\/www.meydan.tv\/wp-content\/uploads\/2021\/07\/meydan-logo.svg","contentUrl":"https:\/\/www.meydan.tv\/wp-content\/uploads\/2021\/07\/meydan-logo.svg","width":195,"height":46,"caption":"Meydan TV"},"image":{"@id":"https:\/\/www.meydan.tv\/az\/#\/schema\/logo\/image\/"}},{"@type":"Person","@id":"https:\/\/www.meydan.tv\/az\/#\/schema\/person\/09863e516102a829e72bedcf3f84c6b0","name":"mahmud"}]}},"_links":{"self":[{"href":"https:\/\/www.meydan.tv\/az\/wp-json\/wp\/v2\/posts\/329068","targetHints":{"allow":["GET"]}}],"collection":[{"href":"https:\/\/www.meydan.tv\/az\/wp-json\/wp\/v2\/posts"}],"about":[{"href":"https:\/\/www.meydan.tv\/az\/wp-json\/wp\/v2\/types\/post"}],"author":[{"embeddable":true,"href":"https:\/\/www.meydan.tv\/az\/wp-json\/wp\/v2\/users\/21"}],"replies":[{"embeddable":true,"href":"https:\/\/www.meydan.tv\/az\/wp-json\/wp\/v2\/comments?post=329068"}],"version-history":[{"count":1,"href":"https:\/\/www.meydan.tv\/az\/wp-json\/wp\/v2\/posts\/329068\/revisions"}],"predecessor-version":[{"id":329069,"href":"https:\/\/www.meydan.tv\/az\/wp-json\/wp\/v2\/posts\/329068\/revisions\/329069"}],"wp:featuredmedia":[{"embeddable":true,"href":"https:\/\/www.meydan.tv\/az\/wp-json\/wp\/v2\/media\/122374"}],"wp:attachment":[{"href":"https:\/\/www.meydan.tv\/az\/wp-json\/wp\/v2\/media?parent=329068"}],"wp:term":[{"taxonomy":"category","embeddable":true,"href":"https:\/\/www.meydan.tv\/az\/wp-json\/wp\/v2\/categories?post=329068"},{"taxonomy":"post_tag","embeddable":true,"href":"https:\/\/www.meydan.tv\/az\/wp-json\/wp\/v2\/tags?post=329068"}],"curies":[{"name":"wp","href":"https:\/\/api.w.org\/{rel}","templated":true}]}}