{"id":329052,"date":"2025-04-22T12:25:27","date_gmt":"2025-04-22T08:25:27","guid":{"rendered":"https:\/\/www.meydan.tv\/?p=329052"},"modified":"2025-04-22T12:25:31","modified_gmt":"2025-04-22T08:25:31","slug":"az%c9%99rbaycan-s%c9%99firliyinin-%c9%99m%c9%99kdasinin-s%c9%99rxos-halda-q%c9%99za-tor%c9%99tdiyi-bildirilir","status":"publish","type":"post","link":"https:\/\/www.meydan.tv\/az\/article\/az%c9%99rbaycan-s%c9%99firliyinin-%c9%99m%c9%99kdasinin-s%c9%99rxos-halda-q%c9%99za-tor%c9%99tdiyi-bildirilir\/","title":{"rendered":"Az\u0259rbaycan s\u0259firliyinin \u0259m\u0259kda\u015f\u0131n\u0131n s\u0259rxo\u015f halda q\u0259za t\u00f6r\u0259tdiyi bildirilir"},"content":{"rendered":"\n<p><\/p>\n\n\n\n<p><strong><em>Avtomobili idar\u0259 etdiyini iddia ed\u0259n \u015f\u0259xs diplomatik toxunulmazl\u0131\u011f\u0131n\u0131 \u0259sas g\u0259tir\u0259r\u0259k spirt testind\u0259n ke\u00e7m\u0259kd\u0259n boyun qa\u00e7\u0131r\u0131b<\/em><\/strong><\/p>\n\n\n\n<p>Az\u0259rbaycan\u0131n Litvadak\u0131 s\u0259firliyinin \u0259m\u0259kda\u015flar\u0131n\u0131n q\u0259za t\u00f6r\u0259tdiyi bildirilir.<\/p>\n\n\n\n<p>Litva medias\u0131 Az\u0259rbaycan s\u0259firliyin\u0259 m\u0259xsus avtomobilin Viln\u00fcs \u015f\u0259h\u0259rinin m\u0259rk\u0259zind\u0259 t\u00f6r\u0259tdiyi q\u0259zan\u0131n detallar\u0131 il\u0259 ba\u011fl\u0131 <a href=\"https:\/\/www.tv3.lt\/naujiena\/lietuva\/aiskeja-naujos-detales-apie-azerbaidzano-ambasados-automobilio-avarija-girti-diplomatai-prase-nekviesti-policijos-n1413942\">m\u0259lumat<\/a> yay\u0131b. <\/p>\n\n\n\n<p>M\u0259lumata g\u00f6r\u0259, Az\u0259rbaycan s\u0259firliyin\u0259 m\u0259xsus avtomobil Viln\u00fcs \u015f\u0259h\u0259rinin m\u0259rk\u0259zind\u0259 q\u0259za t\u00f6r\u0259dib. S\u00fcr\u00fcc\u00fcn\u00fcn s\u0259rxo\u015f oldu\u011fu m\u00fc\u0259yy\u0259n edilib.<\/p>\n\n\n\n<p>Bildirilir ki, s\u0259firliyin avtomobili i\u015f\u0131qforun q\u0131rm\u0131z\u0131 i\u015f\u0131\u011f\u0131nda k\u0259si\u015fm\u0259y\u0259 daxil olaraq \u201cVW Polo\u201d markal\u0131 ma\u015f\u0131nla toqqu\u015fub. Onun s\u00fcr\u00fcc\u00fcs\u00fc qeyd edib ki, s\u0259firlik \u0259m\u0259kda\u015flar\u0131 ondan polis\u0259 z\u0259ng etm\u0259m\u0259yini xahi\u015f edibl\u0259r, lakin o buna \u0259h\u0259miyy\u0259t verm\u0259yib v\u0259 polis\u0259 q\u0259za bar\u0259d\u0259 m\u0259lumat verib.<\/p>\n\n\n\n<p>\u015eahidl\u0259rin s\u00f6zl\u0259rin\u0259 g\u00f6r\u0259, diplomatik avtomobild\u0259 biri qad\u0131n olmaqla 4 n\u0259f\u0259r olub.<\/p>\n\n\n\n<p>\u00d6z\u00fcn\u00fc s\u0259firliyin s\u00fcr\u00fcc\u00fcs\u00fc kimi t\u0259qdim ed\u0259n \u015f\u0259xsin qan\u0131nda alkoltest zaman\u0131 1.4 promille spirt \u00e7\u0131xd\u0131\u011f\u0131 qeyd edilib.<\/p>\n\n\n\n<p>Litva qanunlar\u0131na g\u00f6r\u0259, q\u0259za a\u011f\u0131r n\u0259tic\u0259l\u0259r\u0259 s\u0259b\u0259b olmay\u0131bsa, s\u00fcr\u00fcc\u00fc bu halda inzibati m\u0259suliyy\u0259t\u0259 c\u0259lb olunur.<\/p>\n\n\n\n<p>Bunun ard\u0131nca is\u0259 h\u0259min \u015f\u0259xsl\u0259rd\u0259n dig\u0259ri avtomobili \u00f6z\u00fcn\u00fcn idar\u0259 etdiyini iddia edib.<\/p>\n\n\n\n<p>Qeyd edilib ki, o, diplomatik toxunulmazl\u0131\u011f\u0131n\u0131 \u0259sas g\u0259tir\u0259r\u0259k spirt testind\u0259n ke\u00e7m\u0259kd\u0259n boyun qa\u00e7\u0131r\u0131b.<\/p>\n\n\n\n<p>Litva polisinin m\u0259lumat\u0131na g\u00f6r\u0259, \u00f6t\u0259n g\u00fcn saat 21:20 rad\u0259l\u0259rind\u0259 Viln\u00fcs \u015f\u0259h\u0259rinin m\u0259rk\u0259zind\u0259 \u201cVolkswagen Golf\u201d v\u0259 \u201cVolkswagen Passat\u201d markal\u0131 avtomobill\u0259rin toqqu\u015fmas\u0131 bar\u0259d\u0259 m\u0259lumat daxil olub. Polis deyir ki, q\u0259zan\u0131 Az\u0259rbaycan s\u0259firliyin\u0259 m\u0259xsus \u201cVolkswagen Passat\u201d markal\u0131 avtomobil t\u00f6r\u0259dib.<\/p>\n\n\n\n<p>S\u0259firliyin avtomobilind\u0259 olan 4 n\u0259f\u0259rin ham\u0131s\u0131 s\u0259rxo\u015f olub. Polis q\u0259zan\u0131 t\u00f6r\u0259d\u0259n s\u00fcr\u00fcc\u00fcn\u00fcn qan\u0131nda 1,4 promil spirt oldu\u011funu deyib.<\/p>\n\n\n\n<p>Az\u0259rbaycan Xarici \u0130\u015fl\u0259r Nazirliyi v\u0259 Litvadak\u0131 s\u0259firlik hadis\u0259yl\u0259 ba\u011fl\u0131 h\u0259l\u0259lik he\u00e7 bir a\u00e7\u0131qlama verm\u0259yib.<\/p>\n","protected":false},"excerpt":{"rendered":"<p>Avtomobili idar\u0259 etdiyini iddia ed\u0259n \u015f\u0259xs diplomatik toxunulmazl\u0131\u011f\u0131n\u0131 \u0259sas g\u0259tir\u0259r\u0259k &#8230; <\/p>\n<p class=\"read-more-container\"><a title=\"Az\u0259rbaycan s\u0259firliyinin \u0259m\u0259kda\u015f\u0131n\u0131n s\u0259rxo\u015f halda q\u0259za t\u00f6r\u0259tdiyi bildirilir\" class=\"read-more button\" href=\"https:\/\/www.meydan.tv\/az\/article\/az%c9%99rbaycan-s%c9%99firliyinin-%c9%99m%c9%99kdasinin-s%c9%99rxos-halda-q%c9%99za-tor%c9%99tdiyi-bildirilir\/#more-329052\" aria-label=\"Read more about Az\u0259rbaycan s\u0259firliyinin \u0259m\u0259kda\u015f\u0131n\u0131n s\u0259rxo\u015f halda q\u0259za t\u00f6r\u0259tdiyi bildirilir\">Davam\u0131<\/a><\/p>\n","protected":false},"author":21,"featured_media":329054,"comment_status":"closed","ping_status":"closed","sticky":false,"template":"","format":"standard","meta":{"_acf_changed":false,"_sitemap_exclude":false,"_sitemap_priority":"","_sitemap_frequency":"","footnotes":""},"categories":[62,56],"tags":[],"class_list":["post-329052","post","type-post","status-publish","format-standard","has-post-thumbnail","hentry","category-sosial","category-xeberler","infinite-scroll-item","generate-columns","tablet-grid-50","mobile-grid-100","grid-parent","grid-33","no-featured-image-padding"],"acf":[],"yoast_head":"<!-- This site is optimized with the Yoast SEO plugin v27.4 - https:\/\/yoast.com\/product\/yoast-seo-wordpress\/ -->\n<title>Az\u0259rbaycan s\u0259firliyinin \u0259m\u0259kda\u015f\u0131n\u0131n s\u0259rxo\u015f halda q\u0259za t\u00f6r\u0259tdiyi bildirilir - MEYDAN.TV<\/title>\n<meta name=\"robots\" content=\"index, follow, max-snippet:-1, max-image-preview:large, max-video-preview:-1\" \/>\n<link rel=\"canonical\" href=\"https:\/\/www.meydan.tv\/az\/article\/az%c9%99rbaycan-s%c9%99firliyinin-%c9%99m%c9%99kdasinin-s%c9%99rxos-halda-q%c9%99za-tor%c9%99tdiyi-bildirilir\/\" \/>\n<meta property=\"og:locale\" content=\"az_AZ\" \/>\n<meta property=\"og:type\" content=\"article\" \/>\n<meta property=\"og:title\" content=\"Az\u0259rbaycan s\u0259firliyinin \u0259m\u0259kda\u015f\u0131n\u0131n s\u0259rxo\u015f halda q\u0259za t\u00f6r\u0259tdiyi bildirilir - MEYDAN.TV\" \/>\n<meta property=\"og:description\" content=\"Avtomobili idar\u0259 etdiyini iddia ed\u0259n \u015f\u0259xs diplomatik toxunulmazl\u0131\u011f\u0131n\u0131 \u0259sas g\u0259tir\u0259r\u0259k ... Davam\u0131\" \/>\n<meta property=\"og:url\" content=\"https:\/\/www.meydan.tv\/az\/article\/az%c9%99rbaycan-s%c9%99firliyinin-%c9%99m%c9%99kdasinin-s%c9%99rxos-halda-q%c9%99za-tor%c9%99tdiyi-bildirilir\/\" \/>\n<meta property=\"og:site_name\" content=\"MEYDAN.TV\" \/>\n<meta property=\"article:published_time\" content=\"2025-04-22T08:25:27+00:00\" \/>\n<meta property=\"article:modified_time\" content=\"2025-04-22T08:25:31+00:00\" \/>\n<meta property=\"og:image\" content=\"https:\/\/www.meydan.tv\/wp-content\/uploads\/459fa457833a25984b87acc424b9e948.jpg\" \/>\n\t<meta property=\"og:image:width\" content=\"1200\" \/>\n\t<meta property=\"og:image:height\" content=\"800\" \/>\n\t<meta property=\"og:image:type\" content=\"image\/jpeg\" \/>\n<meta name=\"author\" content=\"mahmud\" \/>\n<meta name=\"twitter:card\" content=\"summary_large_image\" \/>\n<script type=\"application\/ld+json\" class=\"yoast-schema-graph\">{\"@context\":\"https:\\\/\\\/schema.org\",\"@graph\":[{\"@type\":\"Article\",\"@id\":\"https:\\\/\\\/www.meydan.tv\\\/az\\\/article\\\/az%c9%99rbaycan-s%c9%99firliyinin-%c9%99m%c9%99kdasinin-s%c9%99rxos-halda-q%c9%99za-tor%c9%99tdiyi-bildirilir\\\/#article\",\"isPartOf\":{\"@id\":\"https:\\\/\\\/www.meydan.tv\\\/az\\\/article\\\/az%c9%99rbaycan-s%c9%99firliyinin-%c9%99m%c9%99kdasinin-s%c9%99rxos-halda-q%c9%99za-tor%c9%99tdiyi-bildirilir\\\/\"},\"author\":{\"name\":\"mahmud\",\"@id\":\"https:\\\/\\\/www.meydan.tv\\\/az\\\/#\\\/schema\\\/person\\\/09863e516102a829e72bedcf3f84c6b0\"},\"headline\":\"Az\u0259rbaycan s\u0259firliyinin \u0259m\u0259kda\u015f\u0131n\u0131n s\u0259rxo\u015f halda q\u0259za t\u00f6r\u0259tdiyi bildirilir\",\"datePublished\":\"2025-04-22T08:25:27+00:00\",\"dateModified\":\"2025-04-22T08:25:31+00:00\",\"mainEntityOfPage\":{\"@id\":\"https:\\\/\\\/www.meydan.tv\\\/az\\\/article\\\/az%c9%99rbaycan-s%c9%99firliyinin-%c9%99m%c9%99kdasinin-s%c9%99rxos-halda-q%c9%99za-tor%c9%99tdiyi-bildirilir\\\/\"},\"wordCount\":413,\"publisher\":{\"@id\":\"https:\\\/\\\/www.meydan.tv\\\/az\\\/#organization\"},\"image\":{\"@id\":\"https:\\\/\\\/www.meydan.tv\\\/az\\\/article\\\/az%c9%99rbaycan-s%c9%99firliyinin-%c9%99m%c9%99kdasinin-s%c9%99rxos-halda-q%c9%99za-tor%c9%99tdiyi-bildirilir\\\/#primaryimage\"},\"thumbnailUrl\":\"https:\\\/\\\/www.meydan.tv\\\/wp-content\\\/uploads\\\/459fa457833a25984b87acc424b9e948.jpg\",\"articleSection\":[\"Sosial\",\"X\u0259b\u0259rl\u0259r\"],\"inLanguage\":\"az\"},{\"@type\":\"WebPage\",\"@id\":\"https:\\\/\\\/www.meydan.tv\\\/az\\\/article\\\/az%c9%99rbaycan-s%c9%99firliyinin-%c9%99m%c9%99kdasinin-s%c9%99rxos-halda-q%c9%99za-tor%c9%99tdiyi-bildirilir\\\/\",\"url\":\"https:\\\/\\\/www.meydan.tv\\\/az\\\/article\\\/az%c9%99rbaycan-s%c9%99firliyinin-%c9%99m%c9%99kdasinin-s%c9%99rxos-halda-q%c9%99za-tor%c9%99tdiyi-bildirilir\\\/\",\"name\":\"Az\u0259rbaycan s\u0259firliyinin \u0259m\u0259kda\u015f\u0131n\u0131n s\u0259rxo\u015f halda q\u0259za t\u00f6r\u0259tdiyi bildirilir - MEYDAN.TV\",\"isPartOf\":{\"@id\":\"https:\\\/\\\/www.meydan.tv\\\/az\\\/#website\"},\"primaryImageOfPage\":{\"@id\":\"https:\\\/\\\/www.meydan.tv\\\/az\\\/article\\\/az%c9%99rbaycan-s%c9%99firliyinin-%c9%99m%c9%99kdasinin-s%c9%99rxos-halda-q%c9%99za-tor%c9%99tdiyi-bildirilir\\\/#primaryimage\"},\"image\":{\"@id\":\"https:\\\/\\\/www.meydan.tv\\\/az\\\/article\\\/az%c9%99rbaycan-s%c9%99firliyinin-%c9%99m%c9%99kdasinin-s%c9%99rxos-halda-q%c9%99za-tor%c9%99tdiyi-bildirilir\\\/#primaryimage\"},\"thumbnailUrl\":\"https:\\\/\\\/www.meydan.tv\\\/wp-content\\\/uploads\\\/459fa457833a25984b87acc424b9e948.jpg\",\"datePublished\":\"2025-04-22T08:25:27+00:00\",\"dateModified\":\"2025-04-22T08:25:31+00:00\",\"breadcrumb\":{\"@id\":\"https:\\\/\\\/www.meydan.tv\\\/az\\\/article\\\/az%c9%99rbaycan-s%c9%99firliyinin-%c9%99m%c9%99kdasinin-s%c9%99rxos-halda-q%c9%99za-tor%c9%99tdiyi-bildirilir\\\/#breadcrumb\"},\"inLanguage\":\"az\",\"potentialAction\":[{\"@type\":\"ReadAction\",\"target\":[\"https:\\\/\\\/www.meydan.tv\\\/az\\\/article\\\/az%c9%99rbaycan-s%c9%99firliyinin-%c9%99m%c9%99kdasinin-s%c9%99rxos-halda-q%c9%99za-tor%c9%99tdiyi-bildirilir\\\/\"]}]},{\"@type\":\"ImageObject\",\"inLanguage\":\"az\",\"@id\":\"https:\\\/\\\/www.meydan.tv\\\/az\\\/article\\\/az%c9%99rbaycan-s%c9%99firliyinin-%c9%99m%c9%99kdasinin-s%c9%99rxos-halda-q%c9%99za-tor%c9%99tdiyi-bildirilir\\\/#primaryimage\",\"url\":\"https:\\\/\\\/www.meydan.tv\\\/wp-content\\\/uploads\\\/459fa457833a25984b87acc424b9e948.jpg\",\"contentUrl\":\"https:\\\/\\\/www.meydan.tv\\\/wp-content\\\/uploads\\\/459fa457833a25984b87acc424b9e948.jpg\",\"width\":1200,\"height\":800,\"caption\":\"Foto: Litva medias\u0131\"},{\"@type\":\"BreadcrumbList\",\"@id\":\"https:\\\/\\\/www.meydan.tv\\\/az\\\/article\\\/az%c9%99rbaycan-s%c9%99firliyinin-%c9%99m%c9%99kdasinin-s%c9%99rxos-halda-q%c9%99za-tor%c9%99tdiyi-bildirilir\\\/#breadcrumb\",\"itemListElement\":[{\"@type\":\"ListItem\",\"position\":1,\"name\":\"Ana s\u0259hif\u0259\",\"item\":\"https:\\\/\\\/www.meydan.tv\\\/az\\\/\"},{\"@type\":\"ListItem\",\"position\":2,\"name\":\"Sosial\",\"item\":\"https:\\\/\\\/www.meydan.tv\\\/az\\\/section\\\/sosial\\\/\"},{\"@type\":\"ListItem\",\"position\":3,\"name\":\"Az\u0259rbaycan s\u0259firliyinin \u0259m\u0259kda\u015f\u0131n\u0131n s\u0259rxo\u015f halda q\u0259za t\u00f6r\u0259tdiyi bildirilir\"}]},{\"@type\":\"WebSite\",\"@id\":\"https:\\\/\\\/www.meydan.tv\\\/az\\\/#website\",\"url\":\"https:\\\/\\\/www.meydan.tv\\\/az\\\/\",\"name\":\"MEYDAN.TV\",\"description\":\"Meydan TV Az\u0259rbaycan\u0131n media m\u0259kan\u0131ndak\u0131 alternativ s\u0259sidir\",\"publisher\":{\"@id\":\"https:\\\/\\\/www.meydan.tv\\\/az\\\/#organization\"},\"potentialAction\":[{\"@type\":\"SearchAction\",\"target\":{\"@type\":\"EntryPoint\",\"urlTemplate\":\"https:\\\/\\\/www.meydan.tv\\\/az\\\/?s={search_term_string}\"},\"query-input\":{\"@type\":\"PropertyValueSpecification\",\"valueRequired\":true,\"valueName\":\"search_term_string\"}}],\"inLanguage\":\"az\"},{\"@type\":\"Organization\",\"@id\":\"https:\\\/\\\/www.meydan.tv\\\/az\\\/#organization\",\"name\":\"Meydan TV\",\"url\":\"https:\\\/\\\/www.meydan.tv\\\/az\\\/\",\"logo\":{\"@type\":\"ImageObject\",\"inLanguage\":\"az\",\"@id\":\"https:\\\/\\\/www.meydan.tv\\\/az\\\/#\\\/schema\\\/logo\\\/image\\\/\",\"url\":\"https:\\\/\\\/www.meydan.tv\\\/wp-content\\\/uploads\\\/2021\\\/07\\\/meydan-logo.svg\",\"contentUrl\":\"https:\\\/\\\/www.meydan.tv\\\/wp-content\\\/uploads\\\/2021\\\/07\\\/meydan-logo.svg\",\"width\":195,\"height\":46,\"caption\":\"Meydan TV\"},\"image\":{\"@id\":\"https:\\\/\\\/www.meydan.tv\\\/az\\\/#\\\/schema\\\/logo\\\/image\\\/\"}},{\"@type\":\"Person\",\"@id\":\"https:\\\/\\\/www.meydan.tv\\\/az\\\/#\\\/schema\\\/person\\\/09863e516102a829e72bedcf3f84c6b0\",\"name\":\"mahmud\"}]}<\/script>\n<!-- \/ Yoast SEO plugin. -->","yoast_head_json":{"title":"Az\u0259rbaycan s\u0259firliyinin \u0259m\u0259kda\u015f\u0131n\u0131n s\u0259rxo\u015f halda q\u0259za t\u00f6r\u0259tdiyi bildirilir - MEYDAN.TV","robots":{"index":"index","follow":"follow","max-snippet":"max-snippet:-1","max-image-preview":"max-image-preview:large","max-video-preview":"max-video-preview:-1"},"canonical":"https:\/\/www.meydan.tv\/az\/article\/az%c9%99rbaycan-s%c9%99firliyinin-%c9%99m%c9%99kdasinin-s%c9%99rxos-halda-q%c9%99za-tor%c9%99tdiyi-bildirilir\/","og_locale":"az_AZ","og_type":"article","og_title":"Az\u0259rbaycan s\u0259firliyinin \u0259m\u0259kda\u015f\u0131n\u0131n s\u0259rxo\u015f halda q\u0259za t\u00f6r\u0259tdiyi bildirilir - MEYDAN.TV","og_description":"Avtomobili idar\u0259 etdiyini iddia ed\u0259n \u015f\u0259xs diplomatik toxunulmazl\u0131\u011f\u0131n\u0131 \u0259sas g\u0259tir\u0259r\u0259k ... Davam\u0131","og_url":"https:\/\/www.meydan.tv\/az\/article\/az%c9%99rbaycan-s%c9%99firliyinin-%c9%99m%c9%99kdasinin-s%c9%99rxos-halda-q%c9%99za-tor%c9%99tdiyi-bildirilir\/","og_site_name":"MEYDAN.TV","article_published_time":"2025-04-22T08:25:27+00:00","article_modified_time":"2025-04-22T08:25:31+00:00","og_image":[{"width":1200,"height":800,"url":"https:\/\/www.meydan.tv\/wp-content\/uploads\/459fa457833a25984b87acc424b9e948.jpg","type":"image\/jpeg"}],"author":"mahmud","twitter_card":"summary_large_image","schema":{"@context":"https:\/\/schema.org","@graph":[{"@type":"Article","@id":"https:\/\/www.meydan.tv\/az\/article\/az%c9%99rbaycan-s%c9%99firliyinin-%c9%99m%c9%99kdasinin-s%c9%99rxos-halda-q%c9%99za-tor%c9%99tdiyi-bildirilir\/#article","isPartOf":{"@id":"https:\/\/www.meydan.tv\/az\/article\/az%c9%99rbaycan-s%c9%99firliyinin-%c9%99m%c9%99kdasinin-s%c9%99rxos-halda-q%c9%99za-tor%c9%99tdiyi-bildirilir\/"},"author":{"name":"mahmud","@id":"https:\/\/www.meydan.tv\/az\/#\/schema\/person\/09863e516102a829e72bedcf3f84c6b0"},"headline":"Az\u0259rbaycan s\u0259firliyinin \u0259m\u0259kda\u015f\u0131n\u0131n s\u0259rxo\u015f halda q\u0259za t\u00f6r\u0259tdiyi bildirilir","datePublished":"2025-04-22T08:25:27+00:00","dateModified":"2025-04-22T08:25:31+00:00","mainEntityOfPage":{"@id":"https:\/\/www.meydan.tv\/az\/article\/az%c9%99rbaycan-s%c9%99firliyinin-%c9%99m%c9%99kdasinin-s%c9%99rxos-halda-q%c9%99za-tor%c9%99tdiyi-bildirilir\/"},"wordCount":413,"publisher":{"@id":"https:\/\/www.meydan.tv\/az\/#organization"},"image":{"@id":"https:\/\/www.meydan.tv\/az\/article\/az%c9%99rbaycan-s%c9%99firliyinin-%c9%99m%c9%99kdasinin-s%c9%99rxos-halda-q%c9%99za-tor%c9%99tdiyi-bildirilir\/#primaryimage"},"thumbnailUrl":"https:\/\/www.meydan.tv\/wp-content\/uploads\/459fa457833a25984b87acc424b9e948.jpg","articleSection":["Sosial","X\u0259b\u0259rl\u0259r"],"inLanguage":"az"},{"@type":"WebPage","@id":"https:\/\/www.meydan.tv\/az\/article\/az%c9%99rbaycan-s%c9%99firliyinin-%c9%99m%c9%99kdasinin-s%c9%99rxos-halda-q%c9%99za-tor%c9%99tdiyi-bildirilir\/","url":"https:\/\/www.meydan.tv\/az\/article\/az%c9%99rbaycan-s%c9%99firliyinin-%c9%99m%c9%99kdasinin-s%c9%99rxos-halda-q%c9%99za-tor%c9%99tdiyi-bildirilir\/","name":"Az\u0259rbaycan s\u0259firliyinin \u0259m\u0259kda\u015f\u0131n\u0131n s\u0259rxo\u015f halda q\u0259za t\u00f6r\u0259tdiyi bildirilir - MEYDAN.TV","isPartOf":{"@id":"https:\/\/www.meydan.tv\/az\/#website"},"primaryImageOfPage":{"@id":"https:\/\/www.meydan.tv\/az\/article\/az%c9%99rbaycan-s%c9%99firliyinin-%c9%99m%c9%99kdasinin-s%c9%99rxos-halda-q%c9%99za-tor%c9%99tdiyi-bildirilir\/#primaryimage"},"image":{"@id":"https:\/\/www.meydan.tv\/az\/article\/az%c9%99rbaycan-s%c9%99firliyinin-%c9%99m%c9%99kdasinin-s%c9%99rxos-halda-q%c9%99za-tor%c9%99tdiyi-bildirilir\/#primaryimage"},"thumbnailUrl":"https:\/\/www.meydan.tv\/wp-content\/uploads\/459fa457833a25984b87acc424b9e948.jpg","datePublished":"2025-04-22T08:25:27+00:00","dateModified":"2025-04-22T08:25:31+00:00","breadcrumb":{"@id":"https:\/\/www.meydan.tv\/az\/article\/az%c9%99rbaycan-s%c9%99firliyinin-%c9%99m%c9%99kdasinin-s%c9%99rxos-halda-q%c9%99za-tor%c9%99tdiyi-bildirilir\/#breadcrumb"},"inLanguage":"az","potentialAction":[{"@type":"ReadAction","target":["https:\/\/www.meydan.tv\/az\/article\/az%c9%99rbaycan-s%c9%99firliyinin-%c9%99m%c9%99kdasinin-s%c9%99rxos-halda-q%c9%99za-tor%c9%99tdiyi-bildirilir\/"]}]},{"@type":"ImageObject","inLanguage":"az","@id":"https:\/\/www.meydan.tv\/az\/article\/az%c9%99rbaycan-s%c9%99firliyinin-%c9%99m%c9%99kdasinin-s%c9%99rxos-halda-q%c9%99za-tor%c9%99tdiyi-bildirilir\/#primaryimage","url":"https:\/\/www.meydan.tv\/wp-content\/uploads\/459fa457833a25984b87acc424b9e948.jpg","contentUrl":"https:\/\/www.meydan.tv\/wp-content\/uploads\/459fa457833a25984b87acc424b9e948.jpg","width":1200,"height":800,"caption":"Foto: Litva medias\u0131"},{"@type":"BreadcrumbList","@id":"https:\/\/www.meydan.tv\/az\/article\/az%c9%99rbaycan-s%c9%99firliyinin-%c9%99m%c9%99kdasinin-s%c9%99rxos-halda-q%c9%99za-tor%c9%99tdiyi-bildirilir\/#breadcrumb","itemListElement":[{"@type":"ListItem","position":1,"name":"Ana s\u0259hif\u0259","item":"https:\/\/www.meydan.tv\/az\/"},{"@type":"ListItem","position":2,"name":"Sosial","item":"https:\/\/www.meydan.tv\/az\/section\/sosial\/"},{"@type":"ListItem","position":3,"name":"Az\u0259rbaycan s\u0259firliyinin \u0259m\u0259kda\u015f\u0131n\u0131n s\u0259rxo\u015f halda q\u0259za t\u00f6r\u0259tdiyi bildirilir"}]},{"@type":"WebSite","@id":"https:\/\/www.meydan.tv\/az\/#website","url":"https:\/\/www.meydan.tv\/az\/","name":"MEYDAN.TV","description":"Meydan TV Az\u0259rbaycan\u0131n media m\u0259kan\u0131ndak\u0131 alternativ s\u0259sidir","publisher":{"@id":"https:\/\/www.meydan.tv\/az\/#organization"},"potentialAction":[{"@type":"SearchAction","target":{"@type":"EntryPoint","urlTemplate":"https:\/\/www.meydan.tv\/az\/?s={search_term_string}"},"query-input":{"@type":"PropertyValueSpecification","valueRequired":true,"valueName":"search_term_string"}}],"inLanguage":"az"},{"@type":"Organization","@id":"https:\/\/www.meydan.tv\/az\/#organization","name":"Meydan TV","url":"https:\/\/www.meydan.tv\/az\/","logo":{"@type":"ImageObject","inLanguage":"az","@id":"https:\/\/www.meydan.tv\/az\/#\/schema\/logo\/image\/","url":"https:\/\/www.meydan.tv\/wp-content\/uploads\/2021\/07\/meydan-logo.svg","contentUrl":"https:\/\/www.meydan.tv\/wp-content\/uploads\/2021\/07\/meydan-logo.svg","width":195,"height":46,"caption":"Meydan TV"},"image":{"@id":"https:\/\/www.meydan.tv\/az\/#\/schema\/logo\/image\/"}},{"@type":"Person","@id":"https:\/\/www.meydan.tv\/az\/#\/schema\/person\/09863e516102a829e72bedcf3f84c6b0","name":"mahmud"}]}},"_links":{"self":[{"href":"https:\/\/www.meydan.tv\/az\/wp-json\/wp\/v2\/posts\/329052","targetHints":{"allow":["GET"]}}],"collection":[{"href":"https:\/\/www.meydan.tv\/az\/wp-json\/wp\/v2\/posts"}],"about":[{"href":"https:\/\/www.meydan.tv\/az\/wp-json\/wp\/v2\/types\/post"}],"author":[{"embeddable":true,"href":"https:\/\/www.meydan.tv\/az\/wp-json\/wp\/v2\/users\/21"}],"replies":[{"embeddable":true,"href":"https:\/\/www.meydan.tv\/az\/wp-json\/wp\/v2\/comments?post=329052"}],"version-history":[{"count":1,"href":"https:\/\/www.meydan.tv\/az\/wp-json\/wp\/v2\/posts\/329052\/revisions"}],"predecessor-version":[{"id":329057,"href":"https:\/\/www.meydan.tv\/az\/wp-json\/wp\/v2\/posts\/329052\/revisions\/329057"}],"wp:featuredmedia":[{"embeddable":true,"href":"https:\/\/www.meydan.tv\/az\/wp-json\/wp\/v2\/media\/329054"}],"wp:attachment":[{"href":"https:\/\/www.meydan.tv\/az\/wp-json\/wp\/v2\/media?parent=329052"}],"wp:term":[{"taxonomy":"category","embeddable":true,"href":"https:\/\/www.meydan.tv\/az\/wp-json\/wp\/v2\/categories?post=329052"},{"taxonomy":"post_tag","embeddable":true,"href":"https:\/\/www.meydan.tv\/az\/wp-json\/wp\/v2\/tags?post=329052"}],"curies":[{"name":"wp","href":"https:\/\/api.w.org\/{rel}","templated":true}]}}