{"id":329042,"date":"2025-04-21T20:19:00","date_gmt":"2025-04-21T16:19:00","guid":{"rendered":"https:\/\/www.meydan.tv\/?p=329042"},"modified":"2025-04-21T20:19:04","modified_gmt":"2025-04-21T16:19:04","slug":"hokum%c9%99t-avropa-insan-haqlari-m%c9%99hk%c9%99m%c9%99sinin-q%c9%99rarlarini-etibarsiz-saya-bil%c9%99rmi","status":"publish","type":"post","link":"https:\/\/www.meydan.tv\/az\/article\/hokum%c9%99t-avropa-insan-haqlari-m%c9%99hk%c9%99m%c9%99sinin-q%c9%99rarlarini-etibarsiz-saya-bil%c9%99rmi\/","title":{"rendered":"H\u00f6kum\u0259t Avropa \u0130nsan Haqlar\u0131 M\u0259hk\u0259m\u0259sinin q\u0259rarlar\u0131n\u0131 etibars\u0131z saya bil\u0259rmi?"},"content":{"rendered":"\n<figure class=\"wp-block-embed is-type-video is-provider-youtube wp-block-embed-youtube wp-embed-aspect-16-9 wp-has-aspect-ratio\"><div class=\"wp-block-embed__wrapper\">\n<iframe title=\"H\u00f6kum\u0259t Avropa \u0130nsan Haqlar\u0131 M\u0259hk\u0259m\u0259sinin q\u0259rarlar\u0131n\u0131 etibars\u0131z saya bil\u0259rmi?\" width=\"1200\" height=\"675\" data-src=\"https:\/\/www.youtube.com\/embed\/3c3GimBSxtQ?feature=oembed\" frameborder=\"0\" allow=\"accelerometer; autoplay; clipboard-write; encrypted-media; gyroscope; picture-in-picture; web-share\" referrerpolicy=\"strict-origin-when-cross-origin\" allowfullscreen src=\"data:image\/svg+xml;base64,PHN2ZyB3aWR0aD0iMSIgaGVpZ2h0PSIxIiB4bWxucz0iaHR0cDovL3d3dy53My5vcmcvMjAwMC9zdmciPjwvc3ZnPg==\" class=\"lazyload\" data-load-mode=\"1\"><\/iframe>\n<\/div><\/figure>\n\n\n\n<p>\u0130lham \u018fliyev dedi ki, Az\u0259rbaycan Avropa \u0130nsan Haqlar\u0131 M\u0259hk\u0259m\u0259sinin q\u0259rarlar\u0131n\u0131 etibars\u0131z sayacaq. T\u0259kc\u0259 2024-c\u00fc ild\u0259 Az\u0259rbaycandan bu m\u0259hk\u0259m\u0259y\u0259 600 \u015fikay\u0259t g\u00f6nd\u0259rilib. <\/p>\n\n\n\n<p>H\u00fcquq\u015f\u00fcnas deyir ki, \u0130lham \u018fliyevin dedikl\u0259ri \u0259sass\u0131zd\u0131r: <\/p>\n\n\n\n<p>&#8220;H\u0259tta Az\u0259rbaycan Avropa \u015euras\u0131ndan v\u0259 Avropa \u0130nsan H\u00fcquqlar\u0131 Konvensiyas\u0131ndan \u00e7\u0131xsa bel\u0259, \u00e7\u0131xd\u0131qdan 6 ay sonrak\u0131 m\u00fcdd\u0259td\u0259 d\u0259 A\u0130HM-nin \u00e7\u0131xard\u0131\u011f\u0131 q\u0259rarlar\u0131 icra etm\u0259lidir&#8221;.<a href=\"https:\/\/www.youtube.com\/@MeydanTelevision\"><\/a><\/p>\n","protected":false},"excerpt":{"rendered":"<p>\u0130lham \u018fliyev dedi ki, Az\u0259rbaycan Avropa \u0130nsan Haqlar\u0131 M\u0259hk\u0259m\u0259sinin q\u0259rarlar\u0131n\u0131 &#8230; <\/p>\n<p class=\"read-more-container\"><a title=\"H\u00f6kum\u0259t Avropa \u0130nsan Haqlar\u0131 M\u0259hk\u0259m\u0259sinin q\u0259rarlar\u0131n\u0131 etibars\u0131z saya bil\u0259rmi?\" class=\"read-more button\" href=\"https:\/\/www.meydan.tv\/az\/article\/hokum%c9%99t-avropa-insan-haqlari-m%c9%99hk%c9%99m%c9%99sinin-q%c9%99rarlarini-etibarsiz-saya-bil%c9%99rmi\/#more-329042\" aria-label=\"Read more about H\u00f6kum\u0259t Avropa \u0130nsan Haqlar\u0131 M\u0259hk\u0259m\u0259sinin q\u0259rarlar\u0131n\u0131 etibars\u0131z saya bil\u0259rmi?\">Davam\u0131<\/a><\/p>\n","protected":false},"author":12,"featured_media":227177,"comment_status":"closed","ping_status":"closed","sticky":false,"template":"","format":"standard","meta":{"_acf_changed":false,"_sitemap_exclude":false,"_sitemap_priority":"","_sitemap_frequency":"","footnotes":""},"categories":[63,56],"tags":[],"class_list":["post-329042","post","type-post","status-publish","format-standard","has-post-thumbnail","hentry","category-video-2","category-xeberler","infinite-scroll-item","generate-columns","tablet-grid-50","mobile-grid-100","grid-parent","grid-33","no-featured-image-padding"],"acf":[],"yoast_head":"<!-- This site is optimized with the Yoast SEO plugin v27.4 - https:\/\/yoast.com\/product\/yoast-seo-wordpress\/ -->\n<title>H\u00f6kum\u0259t Avropa \u0130nsan Haqlar\u0131 M\u0259hk\u0259m\u0259sinin q\u0259rarlar\u0131n\u0131 etibars\u0131z saya bil\u0259rmi? - MEYDAN.TV<\/title>\n<meta name=\"robots\" content=\"index, follow, max-snippet:-1, max-image-preview:large, max-video-preview:-1\" \/>\n<link rel=\"canonical\" href=\"https:\/\/www.meydan.tv\/az\/article\/hokum%c9%99t-avropa-insan-haqlari-m%c9%99hk%c9%99m%c9%99sinin-q%c9%99rarlarini-etibarsiz-saya-bil%c9%99rmi\/\" \/>\n<meta property=\"og:locale\" content=\"az_AZ\" \/>\n<meta property=\"og:type\" content=\"article\" \/>\n<meta property=\"og:title\" content=\"H\u00f6kum\u0259t Avropa \u0130nsan Haqlar\u0131 M\u0259hk\u0259m\u0259sinin q\u0259rarlar\u0131n\u0131 etibars\u0131z saya bil\u0259rmi? - MEYDAN.TV\" \/>\n<meta property=\"og:description\" content=\"\u0130lham \u018fliyev dedi ki, Az\u0259rbaycan Avropa \u0130nsan Haqlar\u0131 M\u0259hk\u0259m\u0259sinin q\u0259rarlar\u0131n\u0131 ... Davam\u0131\" \/>\n<meta property=\"og:url\" content=\"https:\/\/www.meydan.tv\/az\/article\/hokum%c9%99t-avropa-insan-haqlari-m%c9%99hk%c9%99m%c9%99sinin-q%c9%99rarlarini-etibarsiz-saya-bil%c9%99rmi\/\" \/>\n<meta property=\"og:site_name\" content=\"MEYDAN.TV\" \/>\n<meta property=\"article:published_time\" content=\"2025-04-21T16:19:00+00:00\" \/>\n<meta property=\"article:modified_time\" content=\"2025-04-21T16:19:04+00:00\" \/>\n<meta property=\"og:image\" content=\"https:\/\/www.meydan.tv\/wp-content\/uploads\/shutterstock_261407981.jpg\" \/>\n\t<meta property=\"og:image:width\" content=\"1200\" \/>\n\t<meta property=\"og:image:height\" content=\"798\" \/>\n\t<meta property=\"og:image:type\" content=\"image\/jpeg\" \/>\n<meta name=\"author\" content=\"aleks\" \/>\n<meta name=\"twitter:card\" content=\"summary_large_image\" \/>\n<script type=\"application\/ld+json\" class=\"yoast-schema-graph\">{\"@context\":\"https:\\\/\\\/schema.org\",\"@graph\":[{\"@type\":\"Article\",\"@id\":\"https:\\\/\\\/www.meydan.tv\\\/az\\\/article\\\/hokum%c9%99t-avropa-insan-haqlari-m%c9%99hk%c9%99m%c9%99sinin-q%c9%99rarlarini-etibarsiz-saya-bil%c9%99rmi\\\/#article\",\"isPartOf\":{\"@id\":\"https:\\\/\\\/www.meydan.tv\\\/az\\\/article\\\/hokum%c9%99t-avropa-insan-haqlari-m%c9%99hk%c9%99m%c9%99sinin-q%c9%99rarlarini-etibarsiz-saya-bil%c9%99rmi\\\/\"},\"author\":{\"name\":\"aleks\",\"@id\":\"https:\\\/\\\/www.meydan.tv\\\/az\\\/#\\\/schema\\\/person\\\/476e9360e593fa131d5d71d51866f8da\"},\"headline\":\"H\u00f6kum\u0259t Avropa \u0130nsan Haqlar\u0131 M\u0259hk\u0259m\u0259sinin q\u0259rarlar\u0131n\u0131 etibars\u0131z saya bil\u0259rmi?\",\"datePublished\":\"2025-04-21T16:19:00+00:00\",\"dateModified\":\"2025-04-21T16:19:04+00:00\",\"mainEntityOfPage\":{\"@id\":\"https:\\\/\\\/www.meydan.tv\\\/az\\\/article\\\/hokum%c9%99t-avropa-insan-haqlari-m%c9%99hk%c9%99m%c9%99sinin-q%c9%99rarlarini-etibarsiz-saya-bil%c9%99rmi\\\/\"},\"wordCount\":107,\"publisher\":{\"@id\":\"https:\\\/\\\/www.meydan.tv\\\/az\\\/#organization\"},\"image\":{\"@id\":\"https:\\\/\\\/www.meydan.tv\\\/az\\\/article\\\/hokum%c9%99t-avropa-insan-haqlari-m%c9%99hk%c9%99m%c9%99sinin-q%c9%99rarlarini-etibarsiz-saya-bil%c9%99rmi\\\/#primaryimage\"},\"thumbnailUrl\":\"https:\\\/\\\/www.meydan.tv\\\/wp-content\\\/uploads\\\/shutterstock_261407981.jpg\",\"articleSection\":[\"Video\",\"X\u0259b\u0259rl\u0259r\"],\"inLanguage\":\"az\"},{\"@type\":\"WebPage\",\"@id\":\"https:\\\/\\\/www.meydan.tv\\\/az\\\/article\\\/hokum%c9%99t-avropa-insan-haqlari-m%c9%99hk%c9%99m%c9%99sinin-q%c9%99rarlarini-etibarsiz-saya-bil%c9%99rmi\\\/\",\"url\":\"https:\\\/\\\/www.meydan.tv\\\/az\\\/article\\\/hokum%c9%99t-avropa-insan-haqlari-m%c9%99hk%c9%99m%c9%99sinin-q%c9%99rarlarini-etibarsiz-saya-bil%c9%99rmi\\\/\",\"name\":\"H\u00f6kum\u0259t Avropa \u0130nsan Haqlar\u0131 M\u0259hk\u0259m\u0259sinin q\u0259rarlar\u0131n\u0131 etibars\u0131z saya bil\u0259rmi? - MEYDAN.TV\",\"isPartOf\":{\"@id\":\"https:\\\/\\\/www.meydan.tv\\\/az\\\/#website\"},\"primaryImageOfPage\":{\"@id\":\"https:\\\/\\\/www.meydan.tv\\\/az\\\/article\\\/hokum%c9%99t-avropa-insan-haqlari-m%c9%99hk%c9%99m%c9%99sinin-q%c9%99rarlarini-etibarsiz-saya-bil%c9%99rmi\\\/#primaryimage\"},\"image\":{\"@id\":\"https:\\\/\\\/www.meydan.tv\\\/az\\\/article\\\/hokum%c9%99t-avropa-insan-haqlari-m%c9%99hk%c9%99m%c9%99sinin-q%c9%99rarlarini-etibarsiz-saya-bil%c9%99rmi\\\/#primaryimage\"},\"thumbnailUrl\":\"https:\\\/\\\/www.meydan.tv\\\/wp-content\\\/uploads\\\/shutterstock_261407981.jpg\",\"datePublished\":\"2025-04-21T16:19:00+00:00\",\"dateModified\":\"2025-04-21T16:19:04+00:00\",\"breadcrumb\":{\"@id\":\"https:\\\/\\\/www.meydan.tv\\\/az\\\/article\\\/hokum%c9%99t-avropa-insan-haqlari-m%c9%99hk%c9%99m%c9%99sinin-q%c9%99rarlarini-etibarsiz-saya-bil%c9%99rmi\\\/#breadcrumb\"},\"inLanguage\":\"az\",\"potentialAction\":[{\"@type\":\"ReadAction\",\"target\":[\"https:\\\/\\\/www.meydan.tv\\\/az\\\/article\\\/hokum%c9%99t-avropa-insan-haqlari-m%c9%99hk%c9%99m%c9%99sinin-q%c9%99rarlarini-etibarsiz-saya-bil%c9%99rmi\\\/\"]}]},{\"@type\":\"ImageObject\",\"inLanguage\":\"az\",\"@id\":\"https:\\\/\\\/www.meydan.tv\\\/az\\\/article\\\/hokum%c9%99t-avropa-insan-haqlari-m%c9%99hk%c9%99m%c9%99sinin-q%c9%99rarlarini-etibarsiz-saya-bil%c9%99rmi\\\/#primaryimage\",\"url\":\"https:\\\/\\\/www.meydan.tv\\\/wp-content\\\/uploads\\\/shutterstock_261407981.jpg\",\"contentUrl\":\"https:\\\/\\\/www.meydan.tv\\\/wp-content\\\/uploads\\\/shutterstock_261407981.jpg\",\"width\":1200,\"height\":798,\"caption\":\"Avropa M\u0259hk\u0259m\u0259si, Foto: By symbiot\\\/Shutterstock\"},{\"@type\":\"BreadcrumbList\",\"@id\":\"https:\\\/\\\/www.meydan.tv\\\/az\\\/article\\\/hokum%c9%99t-avropa-insan-haqlari-m%c9%99hk%c9%99m%c9%99sinin-q%c9%99rarlarini-etibarsiz-saya-bil%c9%99rmi\\\/#breadcrumb\",\"itemListElement\":[{\"@type\":\"ListItem\",\"position\":1,\"name\":\"Ana s\u0259hif\u0259\",\"item\":\"https:\\\/\\\/www.meydan.tv\\\/az\\\/\"},{\"@type\":\"ListItem\",\"position\":2,\"name\":\"Video\",\"item\":\"https:\\\/\\\/www.meydan.tv\\\/az\\\/section\\\/video-2\\\/\"},{\"@type\":\"ListItem\",\"position\":3,\"name\":\"H\u00f6kum\u0259t Avropa \u0130nsan Haqlar\u0131 M\u0259hk\u0259m\u0259sinin q\u0259rarlar\u0131n\u0131 etibars\u0131z saya bil\u0259rmi?\"}]},{\"@type\":\"WebSite\",\"@id\":\"https:\\\/\\\/www.meydan.tv\\\/az\\\/#website\",\"url\":\"https:\\\/\\\/www.meydan.tv\\\/az\\\/\",\"name\":\"MEYDAN.TV\",\"description\":\"Meydan TV Az\u0259rbaycan\u0131n media m\u0259kan\u0131ndak\u0131 alternativ s\u0259sidir\",\"publisher\":{\"@id\":\"https:\\\/\\\/www.meydan.tv\\\/az\\\/#organization\"},\"potentialAction\":[{\"@type\":\"SearchAction\",\"target\":{\"@type\":\"EntryPoint\",\"urlTemplate\":\"https:\\\/\\\/www.meydan.tv\\\/az\\\/?s={search_term_string}\"},\"query-input\":{\"@type\":\"PropertyValueSpecification\",\"valueRequired\":true,\"valueName\":\"search_term_string\"}}],\"inLanguage\":\"az\"},{\"@type\":\"Organization\",\"@id\":\"https:\\\/\\\/www.meydan.tv\\\/az\\\/#organization\",\"name\":\"Meydan TV\",\"url\":\"https:\\\/\\\/www.meydan.tv\\\/az\\\/\",\"logo\":{\"@type\":\"ImageObject\",\"inLanguage\":\"az\",\"@id\":\"https:\\\/\\\/www.meydan.tv\\\/az\\\/#\\\/schema\\\/logo\\\/image\\\/\",\"url\":\"https:\\\/\\\/www.meydan.tv\\\/wp-content\\\/uploads\\\/2021\\\/07\\\/meydan-logo.svg\",\"contentUrl\":\"https:\\\/\\\/www.meydan.tv\\\/wp-content\\\/uploads\\\/2021\\\/07\\\/meydan-logo.svg\",\"width\":195,\"height\":46,\"caption\":\"Meydan TV\"},\"image\":{\"@id\":\"https:\\\/\\\/www.meydan.tv\\\/az\\\/#\\\/schema\\\/logo\\\/image\\\/\"}},{\"@type\":\"Person\",\"@id\":\"https:\\\/\\\/www.meydan.tv\\\/az\\\/#\\\/schema\\\/person\\\/476e9360e593fa131d5d71d51866f8da\",\"name\":\"aleks\"}]}<\/script>\n<!-- \/ Yoast SEO plugin. -->","yoast_head_json":{"title":"H\u00f6kum\u0259t Avropa \u0130nsan Haqlar\u0131 M\u0259hk\u0259m\u0259sinin q\u0259rarlar\u0131n\u0131 etibars\u0131z saya bil\u0259rmi? - MEYDAN.TV","robots":{"index":"index","follow":"follow","max-snippet":"max-snippet:-1","max-image-preview":"max-image-preview:large","max-video-preview":"max-video-preview:-1"},"canonical":"https:\/\/www.meydan.tv\/az\/article\/hokum%c9%99t-avropa-insan-haqlari-m%c9%99hk%c9%99m%c9%99sinin-q%c9%99rarlarini-etibarsiz-saya-bil%c9%99rmi\/","og_locale":"az_AZ","og_type":"article","og_title":"H\u00f6kum\u0259t Avropa \u0130nsan Haqlar\u0131 M\u0259hk\u0259m\u0259sinin q\u0259rarlar\u0131n\u0131 etibars\u0131z saya bil\u0259rmi? - MEYDAN.TV","og_description":"\u0130lham \u018fliyev dedi ki, Az\u0259rbaycan Avropa \u0130nsan Haqlar\u0131 M\u0259hk\u0259m\u0259sinin q\u0259rarlar\u0131n\u0131 ... Davam\u0131","og_url":"https:\/\/www.meydan.tv\/az\/article\/hokum%c9%99t-avropa-insan-haqlari-m%c9%99hk%c9%99m%c9%99sinin-q%c9%99rarlarini-etibarsiz-saya-bil%c9%99rmi\/","og_site_name":"MEYDAN.TV","article_published_time":"2025-04-21T16:19:00+00:00","article_modified_time":"2025-04-21T16:19:04+00:00","og_image":[{"width":1200,"height":798,"url":"https:\/\/www.meydan.tv\/wp-content\/uploads\/shutterstock_261407981.jpg","type":"image\/jpeg"}],"author":"aleks","twitter_card":"summary_large_image","schema":{"@context":"https:\/\/schema.org","@graph":[{"@type":"Article","@id":"https:\/\/www.meydan.tv\/az\/article\/hokum%c9%99t-avropa-insan-haqlari-m%c9%99hk%c9%99m%c9%99sinin-q%c9%99rarlarini-etibarsiz-saya-bil%c9%99rmi\/#article","isPartOf":{"@id":"https:\/\/www.meydan.tv\/az\/article\/hokum%c9%99t-avropa-insan-haqlari-m%c9%99hk%c9%99m%c9%99sinin-q%c9%99rarlarini-etibarsiz-saya-bil%c9%99rmi\/"},"author":{"name":"aleks","@id":"https:\/\/www.meydan.tv\/az\/#\/schema\/person\/476e9360e593fa131d5d71d51866f8da"},"headline":"H\u00f6kum\u0259t Avropa \u0130nsan Haqlar\u0131 M\u0259hk\u0259m\u0259sinin q\u0259rarlar\u0131n\u0131 etibars\u0131z saya bil\u0259rmi?","datePublished":"2025-04-21T16:19:00+00:00","dateModified":"2025-04-21T16:19:04+00:00","mainEntityOfPage":{"@id":"https:\/\/www.meydan.tv\/az\/article\/hokum%c9%99t-avropa-insan-haqlari-m%c9%99hk%c9%99m%c9%99sinin-q%c9%99rarlarini-etibarsiz-saya-bil%c9%99rmi\/"},"wordCount":107,"publisher":{"@id":"https:\/\/www.meydan.tv\/az\/#organization"},"image":{"@id":"https:\/\/www.meydan.tv\/az\/article\/hokum%c9%99t-avropa-insan-haqlari-m%c9%99hk%c9%99m%c9%99sinin-q%c9%99rarlarini-etibarsiz-saya-bil%c9%99rmi\/#primaryimage"},"thumbnailUrl":"https:\/\/www.meydan.tv\/wp-content\/uploads\/shutterstock_261407981.jpg","articleSection":["Video","X\u0259b\u0259rl\u0259r"],"inLanguage":"az"},{"@type":"WebPage","@id":"https:\/\/www.meydan.tv\/az\/article\/hokum%c9%99t-avropa-insan-haqlari-m%c9%99hk%c9%99m%c9%99sinin-q%c9%99rarlarini-etibarsiz-saya-bil%c9%99rmi\/","url":"https:\/\/www.meydan.tv\/az\/article\/hokum%c9%99t-avropa-insan-haqlari-m%c9%99hk%c9%99m%c9%99sinin-q%c9%99rarlarini-etibarsiz-saya-bil%c9%99rmi\/","name":"H\u00f6kum\u0259t Avropa \u0130nsan Haqlar\u0131 M\u0259hk\u0259m\u0259sinin q\u0259rarlar\u0131n\u0131 etibars\u0131z saya bil\u0259rmi? - MEYDAN.TV","isPartOf":{"@id":"https:\/\/www.meydan.tv\/az\/#website"},"primaryImageOfPage":{"@id":"https:\/\/www.meydan.tv\/az\/article\/hokum%c9%99t-avropa-insan-haqlari-m%c9%99hk%c9%99m%c9%99sinin-q%c9%99rarlarini-etibarsiz-saya-bil%c9%99rmi\/#primaryimage"},"image":{"@id":"https:\/\/www.meydan.tv\/az\/article\/hokum%c9%99t-avropa-insan-haqlari-m%c9%99hk%c9%99m%c9%99sinin-q%c9%99rarlarini-etibarsiz-saya-bil%c9%99rmi\/#primaryimage"},"thumbnailUrl":"https:\/\/www.meydan.tv\/wp-content\/uploads\/shutterstock_261407981.jpg","datePublished":"2025-04-21T16:19:00+00:00","dateModified":"2025-04-21T16:19:04+00:00","breadcrumb":{"@id":"https:\/\/www.meydan.tv\/az\/article\/hokum%c9%99t-avropa-insan-haqlari-m%c9%99hk%c9%99m%c9%99sinin-q%c9%99rarlarini-etibarsiz-saya-bil%c9%99rmi\/#breadcrumb"},"inLanguage":"az","potentialAction":[{"@type":"ReadAction","target":["https:\/\/www.meydan.tv\/az\/article\/hokum%c9%99t-avropa-insan-haqlari-m%c9%99hk%c9%99m%c9%99sinin-q%c9%99rarlarini-etibarsiz-saya-bil%c9%99rmi\/"]}]},{"@type":"ImageObject","inLanguage":"az","@id":"https:\/\/www.meydan.tv\/az\/article\/hokum%c9%99t-avropa-insan-haqlari-m%c9%99hk%c9%99m%c9%99sinin-q%c9%99rarlarini-etibarsiz-saya-bil%c9%99rmi\/#primaryimage","url":"https:\/\/www.meydan.tv\/wp-content\/uploads\/shutterstock_261407981.jpg","contentUrl":"https:\/\/www.meydan.tv\/wp-content\/uploads\/shutterstock_261407981.jpg","width":1200,"height":798,"caption":"Avropa M\u0259hk\u0259m\u0259si, Foto: By symbiot\/Shutterstock"},{"@type":"BreadcrumbList","@id":"https:\/\/www.meydan.tv\/az\/article\/hokum%c9%99t-avropa-insan-haqlari-m%c9%99hk%c9%99m%c9%99sinin-q%c9%99rarlarini-etibarsiz-saya-bil%c9%99rmi\/#breadcrumb","itemListElement":[{"@type":"ListItem","position":1,"name":"Ana s\u0259hif\u0259","item":"https:\/\/www.meydan.tv\/az\/"},{"@type":"ListItem","position":2,"name":"Video","item":"https:\/\/www.meydan.tv\/az\/section\/video-2\/"},{"@type":"ListItem","position":3,"name":"H\u00f6kum\u0259t Avropa \u0130nsan Haqlar\u0131 M\u0259hk\u0259m\u0259sinin q\u0259rarlar\u0131n\u0131 etibars\u0131z saya bil\u0259rmi?"}]},{"@type":"WebSite","@id":"https:\/\/www.meydan.tv\/az\/#website","url":"https:\/\/www.meydan.tv\/az\/","name":"MEYDAN.TV","description":"Meydan TV Az\u0259rbaycan\u0131n media m\u0259kan\u0131ndak\u0131 alternativ s\u0259sidir","publisher":{"@id":"https:\/\/www.meydan.tv\/az\/#organization"},"potentialAction":[{"@type":"SearchAction","target":{"@type":"EntryPoint","urlTemplate":"https:\/\/www.meydan.tv\/az\/?s={search_term_string}"},"query-input":{"@type":"PropertyValueSpecification","valueRequired":true,"valueName":"search_term_string"}}],"inLanguage":"az"},{"@type":"Organization","@id":"https:\/\/www.meydan.tv\/az\/#organization","name":"Meydan TV","url":"https:\/\/www.meydan.tv\/az\/","logo":{"@type":"ImageObject","inLanguage":"az","@id":"https:\/\/www.meydan.tv\/az\/#\/schema\/logo\/image\/","url":"https:\/\/www.meydan.tv\/wp-content\/uploads\/2021\/07\/meydan-logo.svg","contentUrl":"https:\/\/www.meydan.tv\/wp-content\/uploads\/2021\/07\/meydan-logo.svg","width":195,"height":46,"caption":"Meydan TV"},"image":{"@id":"https:\/\/www.meydan.tv\/az\/#\/schema\/logo\/image\/"}},{"@type":"Person","@id":"https:\/\/www.meydan.tv\/az\/#\/schema\/person\/476e9360e593fa131d5d71d51866f8da","name":"aleks"}]}},"_links":{"self":[{"href":"https:\/\/www.meydan.tv\/az\/wp-json\/wp\/v2\/posts\/329042","targetHints":{"allow":["GET"]}}],"collection":[{"href":"https:\/\/www.meydan.tv\/az\/wp-json\/wp\/v2\/posts"}],"about":[{"href":"https:\/\/www.meydan.tv\/az\/wp-json\/wp\/v2\/types\/post"}],"author":[{"embeddable":true,"href":"https:\/\/www.meydan.tv\/az\/wp-json\/wp\/v2\/users\/12"}],"replies":[{"embeddable":true,"href":"https:\/\/www.meydan.tv\/az\/wp-json\/wp\/v2\/comments?post=329042"}],"version-history":[{"count":1,"href":"https:\/\/www.meydan.tv\/az\/wp-json\/wp\/v2\/posts\/329042\/revisions"}],"predecessor-version":[{"id":329043,"href":"https:\/\/www.meydan.tv\/az\/wp-json\/wp\/v2\/posts\/329042\/revisions\/329043"}],"wp:featuredmedia":[{"embeddable":true,"href":"https:\/\/www.meydan.tv\/az\/wp-json\/wp\/v2\/media\/227177"}],"wp:attachment":[{"href":"https:\/\/www.meydan.tv\/az\/wp-json\/wp\/v2\/media?parent=329042"}],"wp:term":[{"taxonomy":"category","embeddable":true,"href":"https:\/\/www.meydan.tv\/az\/wp-json\/wp\/v2\/categories?post=329042"},{"taxonomy":"post_tag","embeddable":true,"href":"https:\/\/www.meydan.tv\/az\/wp-json\/wp\/v2\/tags?post=329042"}],"curies":[{"name":"wp","href":"https:\/\/api.w.org\/{rel}","templated":true}]}}