{"id":329040,"date":"2025-04-21T20:17:16","date_gmt":"2025-04-21T16:17:16","guid":{"rendered":"https:\/\/www.meydan.tv\/?p=329040"},"modified":"2025-04-21T20:17:18","modified_gmt":"2025-04-21T16:17:18","slug":"siyas%c9%99tci-tofiq-yaqublu-kimdir","status":"publish","type":"post","link":"https:\/\/www.meydan.tv\/az\/article\/siyas%c9%99tci-tofiq-yaqublu-kimdir\/","title":{"rendered":"Siyas\u0259t\u00e7i Tofiq Yaqublu kimdir?"},"content":{"rendered":"\n<figure class=\"wp-block-embed is-type-video is-provider-youtube wp-block-embed-youtube wp-embed-aspect-16-9 wp-has-aspect-ratio\"><div class=\"wp-block-embed__wrapper\">\n<iframe title=\"Siyas\u0259t\u00e7i Tofiq Yaqublu kimdir?\" width=\"1200\" height=\"675\" data-src=\"https:\/\/www.youtube.com\/embed\/nudyELACHPI?feature=oembed\" frameborder=\"0\" allow=\"accelerometer; autoplay; clipboard-write; encrypted-media; gyroscope; picture-in-picture; web-share\" referrerpolicy=\"strict-origin-when-cross-origin\" allowfullscreen src=\"data:image\/svg+xml;base64,PHN2ZyB3aWR0aD0iMSIgaGVpZ2h0PSIxIiB4bWxucz0iaHR0cDovL3d3dy53My5vcmcvMjAwMC9zdmciPjwvc3ZnPg==\" class=\"lazyload\" data-load-mode=\"1\"><\/iframe>\n<\/div><\/figure>\n\n\n\n<p>Az\u0259rbaycanda siyasi repressiyalar\u0131n \u0259n a\u011f\u0131r q\u0259bzinin Tofiq Yaqubluya k\u0259sildiyini iddia etm\u0259k \u00fc\u00e7\u00fcn \u00e7ox uza\u011fa getm\u0259y\u0259 ehtiyac yoxdur. Yenid\u0259n \u00f6l\u00fcm acl\u0131\u011f\u0131na ba\u015flayan Yaqublu fasil\u0259l\u0259rl\u0259 4 ild\u0259n \u00e7ox h\u0259bs h\u0259yat\u0131 ya\u015fay\u0131b. Onun saxlanma, izl\u0259nm\u0259, zorak\u0131l\u0131\u011fa m\u0259ruz qalma x\u0259b\u0259rl\u0259ri d\u0259 daima media man\u015fetl\u0259rind\u0259 \u00f6z\u00fcn\u0259 yer edib.<\/p>\n\n\n\n<p>\u0130ndi \u00f6l\u00fcm acl\u0131\u011f\u0131n\u0131n g\u00fcnl\u0259rinin say\u0131ld\u0131\u011f\u0131 bir vaxtda retrospektiv bir bax\u0131\u015fla Tofiq Yaqublunun siyasi karyeras\u0131na n\u0259z\u0259r salaq.&nbsp;<\/p>\n\n\n\n<p>Tofiq Yaqublu 1961-ci ild\u0259 G\u00fcrc\u00fcstan\u0131n Boln\u0131si rayonunda anadan olub, ictimai-siyasi prosesl\u0259r\u0259 Milli Azadl\u0131q H\u0259r\u0259kat\u0131 il\u0259 qo\u015fulub. 1989-1992-ci ill\u0259rd\u0259 xalq c\u0259bh\u0259sinin \u00fczv\u00fc olan Yaqublu 1992-ci ild\u0259 k\u00f6n\u00fcll\u00fc olaraq Birinci Qaraba\u011f m\u00fcharib\u0259sin\u0259 yollan\u0131b. 1998-ci ild\u0259n m\u00fcxt\u0259lif q\u0259zetl\u0259rd\u0259 k\u00f6\u015f\u0259 yaz\u0131lar\u0131 yaz\u0131b.&nbsp;<\/p>\n\n\n\n<p>El\u0259 ilk h\u0259bsi d\u0259 h\u0259min il\u0259 t\u0259sad\u00fcf etdi. Tofiq Yaqublu h\u0259min ilin prezident se\u00e7kil\u0259rind\u0259n \u0259vv\u0259l, 12 sentyabr 1998-ci ild\u0259 F\u0259vvar\u0259l\u0259r meydan\u0131nda ba\u015f tutan m\u00fcxalif\u0259tin mitinqind\u0259 h\u0259bs edilib, 2 il m\u00fcdd\u0259tin\u0259 \u015f\u0259rti azadl\u0131qdan m\u0259hrumetm\u0259 c\u0259zas\u0131 alm\u0131\u015fd\u0131.<\/p>\n\n\n\n<p>2012-ci il may\u0131n 24-d\u0259 is\u0259 Tofiq Yaqublu q\u0131zlar\u0131 N\u0259rgiz v\u0259 Nigarla birg\u0259 polisl\u0259r t\u0259r\u0259find\u0259n saxlan\u0131ld\u0131.<\/p>\n\n\n\n<p>Hakimiyy\u0259tinin 2013 \u0130smay\u0131ll\u0131 hadis\u0259l\u0259rin\u0259 q\u0259z\u0259bi d\u0259 Yaqublu v\u0259 dig\u0259r siyasil\u0259r\u0259 s\u0131\u00e7rad\u0131. O, bu hadis\u0259l\u0259rinin t\u0259\u015fkilat\u00e7\u0131lar\u0131ndan biri, f\u0259al\u0131 kimi&nbsp; h\u0259bs edildi, 5 il m\u00fcdd\u0259tin\u0259 azadl\u0131qdan m\u0259hrum edildi. H\u0259bsd\u0259 oldu\u011fu m\u00fcdd\u0259td\u0259 q\u0131z\u0131 N\u0259rgiz Yaqublu h\u0259yat\u0131n\u0131 d\u0259yi\u015fdi, Yaqublu \u00f6z\u00fc is\u0259 2016-c\u0131 ild\u0259 \u0259fv s\u0259r\u0259ncam\u0131 il\u0259 azadl\u0131\u011fa burax\u0131ld\u0131.&nbsp;<\/p>\n\n\n\n<p>2020-ci ilin mart\u0131nda Tofiq Yaqublu xuliqanl\u0131qda ittiham edildi, 4 il, 3 ay m\u00fcdd\u0259tin\u0259 azadl\u0131qdan m\u0259hrum edildi. Tofiq Yaqublu v\u0259 ail\u0259si h\u0259m d\u0259 ittihamlar\u0131 s\u0259rt \u015f\u0259kild\u0259 if\u015fa etm\u0259l\u0259ri v\u0259 h\u00fcquqlar\u0131 sona q\u0259d\u0259r m\u00fcdafi\u0259 etm\u0259l\u0259ri il\u0259 tan\u0131n\u0131rlar. M\u0259lum cinay\u0259t i\u015fi d\u0259 Yaqublunun dig\u0259r q\u0131z\u0131, ictimai f\u0259al Nigar H\u0259zi say\u0259sind\u0259 if\u015fa edils\u0259 d\u0259, m\u0259hk\u0259m\u0259 q\u0259rarlar\u0131 d\u0259yi\u015fm\u0259di. Bel\u0259likl\u0259, Yaqublu son kart\u0131n\u0131 oynama\u011fa q\u0259rar verdi v\u0259 sentyabr\u0131n 2-d\u0259n \u00f6l\u00fcm acl\u0131\u011f\u0131na ba\u015flad\u0131. Q\u0259rar\u0131n 16-c\u0131 g\u00fcn\u00fcnd\u0259 hakimiyy\u0259t geri add\u0131m atmal\u0131 oldu v\u0259 Yaqublu azadl\u0131\u011fa burax\u0131ld\u0131.&nbsp;<\/p>\n\n\n\n<p>Tofiq Yaqublu 2021-ci ilin dekabr\u0131n 1-d\u0259 Bak\u0131da F\u0259vvar\u0259l\u0259r meydan\u0131nda aksiya zaman\u0131 polisl\u0259r t\u0259r\u0259find\u0259n saxlan\u0131ld\u0131. H\u0259min g\u00fcn ax\u015fam saatlar\u0131nda \u018fl\u0259t q\u0259s\u0259b\u0259sind\u0259 tap\u0131ld\u0131 v\u0259 \u00fcz\u00fcnd\u0259 a\u011f\u0131r z\u0259d\u0259l\u0259r g\u00f6r\u00fcld\u00fc. Yaqublunun israrla \u015fikay\u0259t etm\u0259sin\u0259 baxmayaraq, prokurorluq onun \u00f6z-\u00f6z\u00fcn\u00fc d\u00f6yd\u00fcy\u00fcn\u00fc elan etdi.<\/p>\n\n\n\n<p>Amma Tofiq Yaqublu hakimiyy\u0259tin \u0259sas t\u0259nqid\u00e7il\u0259rin biri olaraq qal\u0131rd\u0131 v\u0259 2023-c\u00fc ild\u0259n ba\u015flayan repressiya dal\u011fas\u0131 ondan da yan \u00f6tm\u0259di. H\u0259min ilin dekabr\u0131ndan h\u0259bs edil\u0259n Yaqublu bu d\u0259f\u0259 d\u0259l\u0259duzluqda ittiham edildi. Yen\u0259 b\u00fct\u00fcn ittihamlar ail\u0259 \u00fczvl\u0259ri, v\u0259kill\u0259ri t\u0259r\u0259find\u0259n ictimaiyy\u0259t qar\u015f\u0131s\u0131nda if\u015fa edildi, \u0259v\u0259zind\u0259 istintaq m\u0259hk\u0259m\u0259y\u0259 s\u00fcbutlar t\u0259qdim etm\u0259kd\u0259 aciz qald\u0131. Amma m\u0259hk\u0259m\u0259 2025-ci il mart\u0131n 10-da Tofiq Yaqublunu 9 il azadl\u0131qdan m\u0259hrum etdi. Yaqublu buna etiraz olaraq n\u00f6vb\u0259ti d\u0259f\u0259 \u00f6l\u00fcm acl\u0131\u011f\u0131na ba\u015flad\u0131\u011f\u0131n\u0131 b\u0259yan etdi. <\/p>\n\n\n\n<p>Bu, Tofiq Yaqublunun \u201cazadl\u0131\u011f\u0131 \u00fc\u00e7\u00fcn can\u0131n\u0131 verm\u0259si\u201d kimi romantikl\u0259\u015fdiril\u0259 d\u0259 bil\u0259r, amma reall\u0131q odur ki, Az\u0259rbaycanda insan haqlar\u0131, ifad\u0259 v\u0259 m\u0259hk\u0259m\u0259 azadl\u0131\u011f\u0131 kimi n\u00fcanslar \u00f6l\u00fcm n\u00f6qt\u0259sin\u0259 \u00e7at\u0131b\u2026<\/p>\n","protected":false},"excerpt":{"rendered":"<p>Az\u0259rbaycanda siyasi repressiyalar\u0131n \u0259n a\u011f\u0131r q\u0259bzinin Tofiq Yaqubluya k\u0259sildiyini iddia &#8230; <\/p>\n<p class=\"read-more-container\"><a title=\"Siyas\u0259t\u00e7i Tofiq Yaqublu kimdir?\" class=\"read-more button\" href=\"https:\/\/www.meydan.tv\/az\/article\/siyas%c9%99tci-tofiq-yaqublu-kimdir\/#more-329040\" aria-label=\"Read more about Siyas\u0259t\u00e7i Tofiq Yaqublu kimdir?\">Davam\u0131<\/a><\/p>\n","protected":false},"author":12,"featured_media":147488,"comment_status":"closed","ping_status":"closed","sticky":false,"template":"","format":"standard","meta":{"_acf_changed":false,"_sitemap_exclude":false,"_sitemap_priority":"","_sitemap_frequency":"","footnotes":""},"categories":[59,79,63,56],"tags":[],"class_list":["post-329040","post","type-post","status-publish","format-standard","has-post-thumbnail","hentry","category-siyaset","category-featured","category-video-2","category-xeberler","infinite-scroll-item","generate-columns","tablet-grid-50","mobile-grid-100","grid-parent","grid-33","no-featured-image-padding"],"acf":[],"yoast_head":"<!-- This site is optimized with the Yoast SEO plugin v27.4 - https:\/\/yoast.com\/product\/yoast-seo-wordpress\/ -->\n<title>Siyas\u0259t\u00e7i Tofiq Yaqublu kimdir? - MEYDAN.TV<\/title>\n<meta name=\"robots\" content=\"index, follow, max-snippet:-1, max-image-preview:large, max-video-preview:-1\" \/>\n<link rel=\"canonical\" href=\"https:\/\/www.meydan.tv\/az\/article\/siyas%c9%99tci-tofiq-yaqublu-kimdir\/\" \/>\n<meta property=\"og:locale\" content=\"az_AZ\" \/>\n<meta property=\"og:type\" content=\"article\" \/>\n<meta property=\"og:title\" content=\"Siyas\u0259t\u00e7i Tofiq Yaqublu kimdir? - MEYDAN.TV\" \/>\n<meta property=\"og:description\" content=\"Az\u0259rbaycanda siyasi repressiyalar\u0131n \u0259n a\u011f\u0131r q\u0259bzinin Tofiq Yaqubluya k\u0259sildiyini iddia ... Davam\u0131\" \/>\n<meta property=\"og:url\" content=\"https:\/\/www.meydan.tv\/az\/article\/siyas%c9%99tci-tofiq-yaqublu-kimdir\/\" \/>\n<meta property=\"og:site_name\" content=\"MEYDAN.TV\" \/>\n<meta property=\"article:published_time\" content=\"2025-04-21T16:17:16+00:00\" \/>\n<meta property=\"article:modified_time\" content=\"2025-04-21T16:17:18+00:00\" \/>\n<meta property=\"og:image\" content=\"https:\/\/www.meydan.tv\/wp-content\/uploads\/copy_of_untitled9_jtprsnf.png\" \/>\n\t<meta property=\"og:image:width\" content=\"1000\" \/>\n\t<meta property=\"og:image:height\" content=\"555\" \/>\n\t<meta property=\"og:image:type\" content=\"image\/png\" \/>\n<meta name=\"author\" content=\"aleks\" \/>\n<meta name=\"twitter:card\" content=\"summary_large_image\" \/>\n<script type=\"application\/ld+json\" class=\"yoast-schema-graph\">{\"@context\":\"https:\\\/\\\/schema.org\",\"@graph\":[{\"@type\":\"Article\",\"@id\":\"https:\\\/\\\/www.meydan.tv\\\/az\\\/article\\\/siyas%c9%99tci-tofiq-yaqublu-kimdir\\\/#article\",\"isPartOf\":{\"@id\":\"https:\\\/\\\/www.meydan.tv\\\/az\\\/article\\\/siyas%c9%99tci-tofiq-yaqublu-kimdir\\\/\"},\"author\":{\"name\":\"aleks\",\"@id\":\"https:\\\/\\\/www.meydan.tv\\\/az\\\/#\\\/schema\\\/person\\\/476e9360e593fa131d5d71d51866f8da\"},\"headline\":\"Siyas\u0259t\u00e7i Tofiq Yaqublu kimdir?\",\"datePublished\":\"2025-04-21T16:17:16+00:00\",\"dateModified\":\"2025-04-21T16:17:18+00:00\",\"mainEntityOfPage\":{\"@id\":\"https:\\\/\\\/www.meydan.tv\\\/az\\\/article\\\/siyas%c9%99tci-tofiq-yaqublu-kimdir\\\/\"},\"wordCount\":688,\"publisher\":{\"@id\":\"https:\\\/\\\/www.meydan.tv\\\/az\\\/#organization\"},\"image\":{\"@id\":\"https:\\\/\\\/www.meydan.tv\\\/az\\\/article\\\/siyas%c9%99tci-tofiq-yaqublu-kimdir\\\/#primaryimage\"},\"thumbnailUrl\":\"https:\\\/\\\/www.meydan.tv\\\/wp-content\\\/uploads\\\/copy_of_untitled9_jtprsnf.png\",\"articleSection\":[\"Siyas\u0259t\",\"T\u00f6vsiy\u0259\",\"Video\",\"X\u0259b\u0259rl\u0259r\"],\"inLanguage\":\"az\"},{\"@type\":\"WebPage\",\"@id\":\"https:\\\/\\\/www.meydan.tv\\\/az\\\/article\\\/siyas%c9%99tci-tofiq-yaqublu-kimdir\\\/\",\"url\":\"https:\\\/\\\/www.meydan.tv\\\/az\\\/article\\\/siyas%c9%99tci-tofiq-yaqublu-kimdir\\\/\",\"name\":\"Siyas\u0259t\u00e7i Tofiq Yaqublu kimdir? - MEYDAN.TV\",\"isPartOf\":{\"@id\":\"https:\\\/\\\/www.meydan.tv\\\/az\\\/#website\"},\"primaryImageOfPage\":{\"@id\":\"https:\\\/\\\/www.meydan.tv\\\/az\\\/article\\\/siyas%c9%99tci-tofiq-yaqublu-kimdir\\\/#primaryimage\"},\"image\":{\"@id\":\"https:\\\/\\\/www.meydan.tv\\\/az\\\/article\\\/siyas%c9%99tci-tofiq-yaqublu-kimdir\\\/#primaryimage\"},\"thumbnailUrl\":\"https:\\\/\\\/www.meydan.tv\\\/wp-content\\\/uploads\\\/copy_of_untitled9_jtprsnf.png\",\"datePublished\":\"2025-04-21T16:17:16+00:00\",\"dateModified\":\"2025-04-21T16:17:18+00:00\",\"breadcrumb\":{\"@id\":\"https:\\\/\\\/www.meydan.tv\\\/az\\\/article\\\/siyas%c9%99tci-tofiq-yaqublu-kimdir\\\/#breadcrumb\"},\"inLanguage\":\"az\",\"potentialAction\":[{\"@type\":\"ReadAction\",\"target\":[\"https:\\\/\\\/www.meydan.tv\\\/az\\\/article\\\/siyas%c9%99tci-tofiq-yaqublu-kimdir\\\/\"]}]},{\"@type\":\"ImageObject\",\"inLanguage\":\"az\",\"@id\":\"https:\\\/\\\/www.meydan.tv\\\/az\\\/article\\\/siyas%c9%99tci-tofiq-yaqublu-kimdir\\\/#primaryimage\",\"url\":\"https:\\\/\\\/www.meydan.tv\\\/wp-content\\\/uploads\\\/copy_of_untitled9_jtprsnf.png\",\"contentUrl\":\"https:\\\/\\\/www.meydan.tv\\\/wp-content\\\/uploads\\\/copy_of_untitled9_jtprsnf.png\",\"width\":1000,\"height\":555,\"caption\":\"Source: Facebook\"},{\"@type\":\"BreadcrumbList\",\"@id\":\"https:\\\/\\\/www.meydan.tv\\\/az\\\/article\\\/siyas%c9%99tci-tofiq-yaqublu-kimdir\\\/#breadcrumb\",\"itemListElement\":[{\"@type\":\"ListItem\",\"position\":1,\"name\":\"Ana s\u0259hif\u0259\",\"item\":\"https:\\\/\\\/www.meydan.tv\\\/az\\\/\"},{\"@type\":\"ListItem\",\"position\":2,\"name\":\"X\u0259b\u0259rl\u0259r\",\"item\":\"https:\\\/\\\/www.meydan.tv\\\/az\\\/section\\\/xeberler\\\/\"},{\"@type\":\"ListItem\",\"position\":3,\"name\":\"Siyas\u0259t\u00e7i Tofiq Yaqublu kimdir?\"}]},{\"@type\":\"WebSite\",\"@id\":\"https:\\\/\\\/www.meydan.tv\\\/az\\\/#website\",\"url\":\"https:\\\/\\\/www.meydan.tv\\\/az\\\/\",\"name\":\"MEYDAN.TV\",\"description\":\"Meydan TV Az\u0259rbaycan\u0131n media m\u0259kan\u0131ndak\u0131 alternativ s\u0259sidir\",\"publisher\":{\"@id\":\"https:\\\/\\\/www.meydan.tv\\\/az\\\/#organization\"},\"potentialAction\":[{\"@type\":\"SearchAction\",\"target\":{\"@type\":\"EntryPoint\",\"urlTemplate\":\"https:\\\/\\\/www.meydan.tv\\\/az\\\/?s={search_term_string}\"},\"query-input\":{\"@type\":\"PropertyValueSpecification\",\"valueRequired\":true,\"valueName\":\"search_term_string\"}}],\"inLanguage\":\"az\"},{\"@type\":\"Organization\",\"@id\":\"https:\\\/\\\/www.meydan.tv\\\/az\\\/#organization\",\"name\":\"Meydan TV\",\"url\":\"https:\\\/\\\/www.meydan.tv\\\/az\\\/\",\"logo\":{\"@type\":\"ImageObject\",\"inLanguage\":\"az\",\"@id\":\"https:\\\/\\\/www.meydan.tv\\\/az\\\/#\\\/schema\\\/logo\\\/image\\\/\",\"url\":\"https:\\\/\\\/www.meydan.tv\\\/wp-content\\\/uploads\\\/2021\\\/07\\\/meydan-logo.svg\",\"contentUrl\":\"https:\\\/\\\/www.meydan.tv\\\/wp-content\\\/uploads\\\/2021\\\/07\\\/meydan-logo.svg\",\"width\":195,\"height\":46,\"caption\":\"Meydan TV\"},\"image\":{\"@id\":\"https:\\\/\\\/www.meydan.tv\\\/az\\\/#\\\/schema\\\/logo\\\/image\\\/\"}},{\"@type\":\"Person\",\"@id\":\"https:\\\/\\\/www.meydan.tv\\\/az\\\/#\\\/schema\\\/person\\\/476e9360e593fa131d5d71d51866f8da\",\"name\":\"aleks\"}]}<\/script>\n<!-- \/ Yoast SEO plugin. -->","yoast_head_json":{"title":"Siyas\u0259t\u00e7i Tofiq Yaqublu kimdir? - MEYDAN.TV","robots":{"index":"index","follow":"follow","max-snippet":"max-snippet:-1","max-image-preview":"max-image-preview:large","max-video-preview":"max-video-preview:-1"},"canonical":"https:\/\/www.meydan.tv\/az\/article\/siyas%c9%99tci-tofiq-yaqublu-kimdir\/","og_locale":"az_AZ","og_type":"article","og_title":"Siyas\u0259t\u00e7i Tofiq Yaqublu kimdir? - MEYDAN.TV","og_description":"Az\u0259rbaycanda siyasi repressiyalar\u0131n \u0259n a\u011f\u0131r q\u0259bzinin Tofiq Yaqubluya k\u0259sildiyini iddia ... Davam\u0131","og_url":"https:\/\/www.meydan.tv\/az\/article\/siyas%c9%99tci-tofiq-yaqublu-kimdir\/","og_site_name":"MEYDAN.TV","article_published_time":"2025-04-21T16:17:16+00:00","article_modified_time":"2025-04-21T16:17:18+00:00","og_image":[{"width":1000,"height":555,"url":"https:\/\/www.meydan.tv\/wp-content\/uploads\/copy_of_untitled9_jtprsnf.png","type":"image\/png"}],"author":"aleks","twitter_card":"summary_large_image","schema":{"@context":"https:\/\/schema.org","@graph":[{"@type":"Article","@id":"https:\/\/www.meydan.tv\/az\/article\/siyas%c9%99tci-tofiq-yaqublu-kimdir\/#article","isPartOf":{"@id":"https:\/\/www.meydan.tv\/az\/article\/siyas%c9%99tci-tofiq-yaqublu-kimdir\/"},"author":{"name":"aleks","@id":"https:\/\/www.meydan.tv\/az\/#\/schema\/person\/476e9360e593fa131d5d71d51866f8da"},"headline":"Siyas\u0259t\u00e7i Tofiq Yaqublu kimdir?","datePublished":"2025-04-21T16:17:16+00:00","dateModified":"2025-04-21T16:17:18+00:00","mainEntityOfPage":{"@id":"https:\/\/www.meydan.tv\/az\/article\/siyas%c9%99tci-tofiq-yaqublu-kimdir\/"},"wordCount":688,"publisher":{"@id":"https:\/\/www.meydan.tv\/az\/#organization"},"image":{"@id":"https:\/\/www.meydan.tv\/az\/article\/siyas%c9%99tci-tofiq-yaqublu-kimdir\/#primaryimage"},"thumbnailUrl":"https:\/\/www.meydan.tv\/wp-content\/uploads\/copy_of_untitled9_jtprsnf.png","articleSection":["Siyas\u0259t","T\u00f6vsiy\u0259","Video","X\u0259b\u0259rl\u0259r"],"inLanguage":"az"},{"@type":"WebPage","@id":"https:\/\/www.meydan.tv\/az\/article\/siyas%c9%99tci-tofiq-yaqublu-kimdir\/","url":"https:\/\/www.meydan.tv\/az\/article\/siyas%c9%99tci-tofiq-yaqublu-kimdir\/","name":"Siyas\u0259t\u00e7i Tofiq Yaqublu kimdir? - MEYDAN.TV","isPartOf":{"@id":"https:\/\/www.meydan.tv\/az\/#website"},"primaryImageOfPage":{"@id":"https:\/\/www.meydan.tv\/az\/article\/siyas%c9%99tci-tofiq-yaqublu-kimdir\/#primaryimage"},"image":{"@id":"https:\/\/www.meydan.tv\/az\/article\/siyas%c9%99tci-tofiq-yaqublu-kimdir\/#primaryimage"},"thumbnailUrl":"https:\/\/www.meydan.tv\/wp-content\/uploads\/copy_of_untitled9_jtprsnf.png","datePublished":"2025-04-21T16:17:16+00:00","dateModified":"2025-04-21T16:17:18+00:00","breadcrumb":{"@id":"https:\/\/www.meydan.tv\/az\/article\/siyas%c9%99tci-tofiq-yaqublu-kimdir\/#breadcrumb"},"inLanguage":"az","potentialAction":[{"@type":"ReadAction","target":["https:\/\/www.meydan.tv\/az\/article\/siyas%c9%99tci-tofiq-yaqublu-kimdir\/"]}]},{"@type":"ImageObject","inLanguage":"az","@id":"https:\/\/www.meydan.tv\/az\/article\/siyas%c9%99tci-tofiq-yaqublu-kimdir\/#primaryimage","url":"https:\/\/www.meydan.tv\/wp-content\/uploads\/copy_of_untitled9_jtprsnf.png","contentUrl":"https:\/\/www.meydan.tv\/wp-content\/uploads\/copy_of_untitled9_jtprsnf.png","width":1000,"height":555,"caption":"Source: Facebook"},{"@type":"BreadcrumbList","@id":"https:\/\/www.meydan.tv\/az\/article\/siyas%c9%99tci-tofiq-yaqublu-kimdir\/#breadcrumb","itemListElement":[{"@type":"ListItem","position":1,"name":"Ana s\u0259hif\u0259","item":"https:\/\/www.meydan.tv\/az\/"},{"@type":"ListItem","position":2,"name":"X\u0259b\u0259rl\u0259r","item":"https:\/\/www.meydan.tv\/az\/section\/xeberler\/"},{"@type":"ListItem","position":3,"name":"Siyas\u0259t\u00e7i Tofiq Yaqublu kimdir?"}]},{"@type":"WebSite","@id":"https:\/\/www.meydan.tv\/az\/#website","url":"https:\/\/www.meydan.tv\/az\/","name":"MEYDAN.TV","description":"Meydan TV Az\u0259rbaycan\u0131n media m\u0259kan\u0131ndak\u0131 alternativ s\u0259sidir","publisher":{"@id":"https:\/\/www.meydan.tv\/az\/#organization"},"potentialAction":[{"@type":"SearchAction","target":{"@type":"EntryPoint","urlTemplate":"https:\/\/www.meydan.tv\/az\/?s={search_term_string}"},"query-input":{"@type":"PropertyValueSpecification","valueRequired":true,"valueName":"search_term_string"}}],"inLanguage":"az"},{"@type":"Organization","@id":"https:\/\/www.meydan.tv\/az\/#organization","name":"Meydan TV","url":"https:\/\/www.meydan.tv\/az\/","logo":{"@type":"ImageObject","inLanguage":"az","@id":"https:\/\/www.meydan.tv\/az\/#\/schema\/logo\/image\/","url":"https:\/\/www.meydan.tv\/wp-content\/uploads\/2021\/07\/meydan-logo.svg","contentUrl":"https:\/\/www.meydan.tv\/wp-content\/uploads\/2021\/07\/meydan-logo.svg","width":195,"height":46,"caption":"Meydan TV"},"image":{"@id":"https:\/\/www.meydan.tv\/az\/#\/schema\/logo\/image\/"}},{"@type":"Person","@id":"https:\/\/www.meydan.tv\/az\/#\/schema\/person\/476e9360e593fa131d5d71d51866f8da","name":"aleks"}]}},"_links":{"self":[{"href":"https:\/\/www.meydan.tv\/az\/wp-json\/wp\/v2\/posts\/329040","targetHints":{"allow":["GET"]}}],"collection":[{"href":"https:\/\/www.meydan.tv\/az\/wp-json\/wp\/v2\/posts"}],"about":[{"href":"https:\/\/www.meydan.tv\/az\/wp-json\/wp\/v2\/types\/post"}],"author":[{"embeddable":true,"href":"https:\/\/www.meydan.tv\/az\/wp-json\/wp\/v2\/users\/12"}],"replies":[{"embeddable":true,"href":"https:\/\/www.meydan.tv\/az\/wp-json\/wp\/v2\/comments?post=329040"}],"version-history":[{"count":1,"href":"https:\/\/www.meydan.tv\/az\/wp-json\/wp\/v2\/posts\/329040\/revisions"}],"predecessor-version":[{"id":329041,"href":"https:\/\/www.meydan.tv\/az\/wp-json\/wp\/v2\/posts\/329040\/revisions\/329041"}],"wp:featuredmedia":[{"embeddable":true,"href":"https:\/\/www.meydan.tv\/az\/wp-json\/wp\/v2\/media\/147488"}],"wp:attachment":[{"href":"https:\/\/www.meydan.tv\/az\/wp-json\/wp\/v2\/media?parent=329040"}],"wp:term":[{"taxonomy":"category","embeddable":true,"href":"https:\/\/www.meydan.tv\/az\/wp-json\/wp\/v2\/categories?post=329040"},{"taxonomy":"post_tag","embeddable":true,"href":"https:\/\/www.meydan.tv\/az\/wp-json\/wp\/v2\/tags?post=329040"}],"curies":[{"name":"wp","href":"https:\/\/api.w.org\/{rel}","templated":true}]}}