{"id":329038,"date":"2025-04-21T20:14:57","date_gmt":"2025-04-21T16:14:57","guid":{"rendered":"https:\/\/www.meydan.tv\/?p=329038"},"modified":"2025-04-21T20:14:59","modified_gmt":"2025-04-21T16:14:59","slug":"h%c9%99bsd%c9%99-olan-jurnalist-aysel-umudova-kimdir","status":"publish","type":"post","link":"https:\/\/www.meydan.tv\/az\/article\/h%c9%99bsd%c9%99-olan-jurnalist-aysel-umudova-kimdir\/","title":{"rendered":"H\u0259bsd\u0259 olan jurnalist Aysel Umudova kimdir?"},"content":{"rendered":"\n<figure class=\"wp-block-embed is-type-video is-provider-youtube wp-block-embed-youtube wp-embed-aspect-16-9 wp-has-aspect-ratio\"><div class=\"wp-block-embed__wrapper\">\n<iframe title=\"H\u0259bsd\u0259 olan jurnalist Aysel Umudova kimdir?\" width=\"1200\" height=\"675\" data-src=\"https:\/\/www.youtube.com\/embed\/lkx38wXODAA?feature=oembed\" frameborder=\"0\" allow=\"accelerometer; autoplay; clipboard-write; encrypted-media; gyroscope; picture-in-picture; web-share\" referrerpolicy=\"strict-origin-when-cross-origin\" allowfullscreen src=\"data:image\/svg+xml;base64,PHN2ZyB3aWR0aD0iMSIgaGVpZ2h0PSIxIiB4bWxucz0iaHR0cDovL3d3dy53My5vcmcvMjAwMC9zdmciPjwvc3ZnPg==\" class=\"lazyload\" data-load-mode=\"1\"><\/iframe>\n<\/div><\/figure>\n\n\n\n<p>Art\u0131q 5-ci ay tamamland\u0131 ki, Meydan TV-nin jurnalisti Aysel Umudovan\u0131n pi\u015fiyi Mia h\u0259r g\u00fcn onun yolunu g\u00f6zl\u0259yir. Pi\u015fikl\u0259r\u0259 bunu izah etm\u0259k \u00e7\u0259tin ola bil\u0259r, amma Umudovan\u0131n niy\u0259 h\u0259bs edildiyini Az\u0259rbaycanda h\u0259r insan yax\u015f\u0131 anlay\u0131r. B\u0259s Aysel Umudova kimdir?<\/p>\n\n\n\n<p>Umudova Aysel 1 avqust 1992-ci ild\u0259 Bak\u0131da anadan olub. 1998-ci ild\u0259n Atat\u00fcrk liseyind\u0259 orta t\u0259hsil al\u0131b. Aysel daha sonra ali t\u0259hsilini d\u0259 el\u0259 T\u00fcrkiy\u0259nin Atat\u00fcrk universitetind\u0259 al\u0131rd\u0131.&nbsp;<\/p>\n\n\n\n<p>Umudova 2014-c\u00fc ild\u0259 Bak\u0131 Jurnalistika M\u0259kt\u0259bind\u0259 kurs ke\u00e7ib, n\u00f6vb\u0259ti il Meydan TV-d\u0259 f\u0259aliyy\u0259t\u0259 ba\u015flay\u0131b.&nbsp;<\/p>\n\n\n\n<p>Aysel h\u0259bsin\u0259 q\u0259d\u0259r d\u0259f\u0259l\u0259rl\u0259 aksiyalar\u0131, se\u00e7ki saxtakarl\u0131\u011f\u0131n\u0131, y\u00fcr\u00fc\u015fl\u0259ri i\u015f\u0131qland\u0131rark\u0259n polisl\u0259rin zorak\u0131l\u0131\u011f\u0131na m\u0259ruz qal\u0131b. 2020-ci ilin iyun ay\u0131nda Yasamal hadis\u0259l\u0259rin\u0259 etiraz ed\u0259n sol\u00e7u-aktivist Qiyas \u0130brahimin t\u0259kn\u0259f\u0259rlik aksiyas\u0131 zaman\u0131 da kamera arxas\u0131nda Aysel Umudova idi.&nbsp;<\/p>\n\n\n\n<p>O, 2020-ci ilin iyul ay\u0131nda Milli M\u0259clis qar\u015f\u0131s\u0131ndak\u0131 etirazlar\u0131 i\u015f\u0131qland\u0131ran azsayl\u0131 jurnalistl\u0259rd\u0259n biri idi. O da aksiya zaman\u0131 zorak\u0131l\u0131\u011fa m\u0259ruz qalm\u0131\u015fd\u0131.&nbsp;<\/p>\n\n\n\n<p>Umudova qa\u00e7q\u0131n yataqxanalar\u0131ndan, susuz, yolsuz, i\u015f\u0131qs\u0131z k\u0259ndl\u0259rd\u0259n v\u0259 q\u0259s\u0259b\u0259l\u0259rd\u0259n d\u0259 reportajlar haz\u0131rlay\u0131b t\u0259qdim edirdi.&nbsp;<\/p>\n\n\n\n<p>O, qad\u0131n haqlar\u0131 f\u0259allar\u0131ndan da biri idi, jurnalist kimi d\u0259 zorak\u0131l\u0131\u011fa m\u0259ruz qalm\u0131\u015f qad\u0131nlar\u0131n s\u0259sin\u0259 \u00e7evrilirdi.&nbsp;<\/p>\n\n\n\n<p>Bu b\u0259ndl\u0259ri yazd\u0131qca anlamaq olur ki, Aysel Umudova Az\u0259rbaycanda \u201ch\u0259bsd\u0259 olmaq \u00fc\u00e7\u00fcn b\u00fct\u00fcn \u015f\u0259rtl\u0259ri\u201d art\u0131qlamas\u0131 il\u0259 yerin\u0259 yetirib\u2026<\/p>\n","protected":false},"excerpt":{"rendered":"<p>Art\u0131q 5-ci ay tamamland\u0131 ki, Meydan TV-nin jurnalisti Aysel Umudovan\u0131n &#8230; <\/p>\n<p class=\"read-more-container\"><a title=\"H\u0259bsd\u0259 olan jurnalist Aysel Umudova kimdir?\" class=\"read-more button\" href=\"https:\/\/www.meydan.tv\/az\/article\/h%c9%99bsd%c9%99-olan-jurnalist-aysel-umudova-kimdir\/#more-329038\" aria-label=\"Read more about H\u0259bsd\u0259 olan jurnalist Aysel Umudova kimdir?\">Davam\u0131<\/a><\/p>\n","protected":false},"author":12,"featured_media":327784,"comment_status":"closed","ping_status":"closed","sticky":false,"template":"","format":"standard","meta":{"_acf_changed":false,"_sitemap_exclude":false,"_sitemap_priority":"","_sitemap_frequency":"","footnotes":""},"categories":[139,79,63,56],"tags":[],"class_list":["post-329038","post","type-post","status-publish","format-standard","has-post-thumbnail","hentry","category-meydan-tv-isi","category-featured","category-video-2","category-xeberler","infinite-scroll-item","generate-columns","tablet-grid-50","mobile-grid-100","grid-parent","grid-33","no-featured-image-padding"],"acf":[],"yoast_head":"<!-- This site is optimized with the Yoast SEO plugin v27.4 - https:\/\/yoast.com\/product\/yoast-seo-wordpress\/ -->\n<title>H\u0259bsd\u0259 olan jurnalist Aysel Umudova kimdir? - MEYDAN.TV<\/title>\n<meta name=\"robots\" content=\"index, follow, max-snippet:-1, max-image-preview:large, max-video-preview:-1\" \/>\n<link rel=\"canonical\" href=\"https:\/\/www.meydan.tv\/az\/article\/h%c9%99bsd%c9%99-olan-jurnalist-aysel-umudova-kimdir\/\" \/>\n<meta property=\"og:locale\" content=\"az_AZ\" \/>\n<meta property=\"og:type\" content=\"article\" \/>\n<meta property=\"og:title\" content=\"H\u0259bsd\u0259 olan jurnalist Aysel Umudova kimdir? - MEYDAN.TV\" \/>\n<meta property=\"og:description\" content=\"Art\u0131q 5-ci ay tamamland\u0131 ki, Meydan TV-nin jurnalisti Aysel Umudovan\u0131n ... Davam\u0131\" \/>\n<meta property=\"og:url\" content=\"https:\/\/www.meydan.tv\/az\/article\/h%c9%99bsd%c9%99-olan-jurnalist-aysel-umudova-kimdir\/\" \/>\n<meta property=\"og:site_name\" content=\"MEYDAN.TV\" \/>\n<meta property=\"article:published_time\" content=\"2025-04-21T16:14:57+00:00\" \/>\n<meta property=\"article:modified_time\" content=\"2025-04-21T16:14:59+00:00\" \/>\n<meta property=\"og:image\" content=\"https:\/\/www.meydan.tv\/wp-content\/uploads\/file-1-4-e1742202911944.jpg\" \/>\n\t<meta property=\"og:image:width\" content=\"1020\" \/>\n\t<meta property=\"og:image:height\" content=\"616\" \/>\n\t<meta property=\"og:image:type\" content=\"image\/jpeg\" \/>\n<meta name=\"author\" content=\"aleks\" \/>\n<meta name=\"twitter:card\" content=\"summary_large_image\" \/>\n<script type=\"application\/ld+json\" class=\"yoast-schema-graph\">{\"@context\":\"https:\\\/\\\/schema.org\",\"@graph\":[{\"@type\":\"Article\",\"@id\":\"https:\\\/\\\/www.meydan.tv\\\/az\\\/article\\\/h%c9%99bsd%c9%99-olan-jurnalist-aysel-umudova-kimdir\\\/#article\",\"isPartOf\":{\"@id\":\"https:\\\/\\\/www.meydan.tv\\\/az\\\/article\\\/h%c9%99bsd%c9%99-olan-jurnalist-aysel-umudova-kimdir\\\/\"},\"author\":{\"name\":\"aleks\",\"@id\":\"https:\\\/\\\/www.meydan.tv\\\/az\\\/#\\\/schema\\\/person\\\/476e9360e593fa131d5d71d51866f8da\"},\"headline\":\"H\u0259bsd\u0259 olan jurnalist Aysel Umudova kimdir?\",\"datePublished\":\"2025-04-21T16:14:57+00:00\",\"dateModified\":\"2025-04-21T16:14:59+00:00\",\"mainEntityOfPage\":{\"@id\":\"https:\\\/\\\/www.meydan.tv\\\/az\\\/article\\\/h%c9%99bsd%c9%99-olan-jurnalist-aysel-umudova-kimdir\\\/\"},\"wordCount\":309,\"publisher\":{\"@id\":\"https:\\\/\\\/www.meydan.tv\\\/az\\\/#organization\"},\"image\":{\"@id\":\"https:\\\/\\\/www.meydan.tv\\\/az\\\/article\\\/h%c9%99bsd%c9%99-olan-jurnalist-aysel-umudova-kimdir\\\/#primaryimage\"},\"thumbnailUrl\":\"https:\\\/\\\/www.meydan.tv\\\/wp-content\\\/uploads\\\/file-1-4-e1758385620931.jpg\",\"articleSection\":[\"Meydan TV i\u015fi\",\"T\u00f6vsiy\u0259\",\"Video\",\"X\u0259b\u0259rl\u0259r\"],\"inLanguage\":\"az\"},{\"@type\":\"WebPage\",\"@id\":\"https:\\\/\\\/www.meydan.tv\\\/az\\\/article\\\/h%c9%99bsd%c9%99-olan-jurnalist-aysel-umudova-kimdir\\\/\",\"url\":\"https:\\\/\\\/www.meydan.tv\\\/az\\\/article\\\/h%c9%99bsd%c9%99-olan-jurnalist-aysel-umudova-kimdir\\\/\",\"name\":\"H\u0259bsd\u0259 olan jurnalist Aysel Umudova kimdir? - MEYDAN.TV\",\"isPartOf\":{\"@id\":\"https:\\\/\\\/www.meydan.tv\\\/az\\\/#website\"},\"primaryImageOfPage\":{\"@id\":\"https:\\\/\\\/www.meydan.tv\\\/az\\\/article\\\/h%c9%99bsd%c9%99-olan-jurnalist-aysel-umudova-kimdir\\\/#primaryimage\"},\"image\":{\"@id\":\"https:\\\/\\\/www.meydan.tv\\\/az\\\/article\\\/h%c9%99bsd%c9%99-olan-jurnalist-aysel-umudova-kimdir\\\/#primaryimage\"},\"thumbnailUrl\":\"https:\\\/\\\/www.meydan.tv\\\/wp-content\\\/uploads\\\/file-1-4-e1758385620931.jpg\",\"datePublished\":\"2025-04-21T16:14:57+00:00\",\"dateModified\":\"2025-04-21T16:14:59+00:00\",\"breadcrumb\":{\"@id\":\"https:\\\/\\\/www.meydan.tv\\\/az\\\/article\\\/h%c9%99bsd%c9%99-olan-jurnalist-aysel-umudova-kimdir\\\/#breadcrumb\"},\"inLanguage\":\"az\",\"potentialAction\":[{\"@type\":\"ReadAction\",\"target\":[\"https:\\\/\\\/www.meydan.tv\\\/az\\\/article\\\/h%c9%99bsd%c9%99-olan-jurnalist-aysel-umudova-kimdir\\\/\"]}]},{\"@type\":\"ImageObject\",\"inLanguage\":\"az\",\"@id\":\"https:\\\/\\\/www.meydan.tv\\\/az\\\/article\\\/h%c9%99bsd%c9%99-olan-jurnalist-aysel-umudova-kimdir\\\/#primaryimage\",\"url\":\"https:\\\/\\\/www.meydan.tv\\\/wp-content\\\/uploads\\\/file-1-4-e1758385620931.jpg\",\"contentUrl\":\"https:\\\/\\\/www.meydan.tv\\\/wp-content\\\/uploads\\\/file-1-4-e1758385620931.jpg\",\"width\":1020,\"height\":505,\"caption\":\"Aysel Umudova. \u0130ll\u00fcstrasiya: Meydan TV\"},{\"@type\":\"BreadcrumbList\",\"@id\":\"https:\\\/\\\/www.meydan.tv\\\/az\\\/article\\\/h%c9%99bsd%c9%99-olan-jurnalist-aysel-umudova-kimdir\\\/#breadcrumb\",\"itemListElement\":[{\"@type\":\"ListItem\",\"position\":1,\"name\":\"Ana s\u0259hif\u0259\",\"item\":\"https:\\\/\\\/www.meydan.tv\\\/az\\\/\"},{\"@type\":\"ListItem\",\"position\":2,\"name\":\"Video\",\"item\":\"https:\\\/\\\/www.meydan.tv\\\/az\\\/section\\\/video-2\\\/\"},{\"@type\":\"ListItem\",\"position\":3,\"name\":\"H\u0259bsd\u0259 olan jurnalist Aysel Umudova kimdir?\"}]},{\"@type\":\"WebSite\",\"@id\":\"https:\\\/\\\/www.meydan.tv\\\/az\\\/#website\",\"url\":\"https:\\\/\\\/www.meydan.tv\\\/az\\\/\",\"name\":\"MEYDAN.TV\",\"description\":\"Meydan TV Az\u0259rbaycan\u0131n media m\u0259kan\u0131ndak\u0131 alternativ s\u0259sidir\",\"publisher\":{\"@id\":\"https:\\\/\\\/www.meydan.tv\\\/az\\\/#organization\"},\"potentialAction\":[{\"@type\":\"SearchAction\",\"target\":{\"@type\":\"EntryPoint\",\"urlTemplate\":\"https:\\\/\\\/www.meydan.tv\\\/az\\\/?s={search_term_string}\"},\"query-input\":{\"@type\":\"PropertyValueSpecification\",\"valueRequired\":true,\"valueName\":\"search_term_string\"}}],\"inLanguage\":\"az\"},{\"@type\":\"Organization\",\"@id\":\"https:\\\/\\\/www.meydan.tv\\\/az\\\/#organization\",\"name\":\"Meydan TV\",\"url\":\"https:\\\/\\\/www.meydan.tv\\\/az\\\/\",\"logo\":{\"@type\":\"ImageObject\",\"inLanguage\":\"az\",\"@id\":\"https:\\\/\\\/www.meydan.tv\\\/az\\\/#\\\/schema\\\/logo\\\/image\\\/\",\"url\":\"https:\\\/\\\/www.meydan.tv\\\/wp-content\\\/uploads\\\/2021\\\/07\\\/meydan-logo.svg\",\"contentUrl\":\"https:\\\/\\\/www.meydan.tv\\\/wp-content\\\/uploads\\\/2021\\\/07\\\/meydan-logo.svg\",\"width\":195,\"height\":46,\"caption\":\"Meydan TV\"},\"image\":{\"@id\":\"https:\\\/\\\/www.meydan.tv\\\/az\\\/#\\\/schema\\\/logo\\\/image\\\/\"}},{\"@type\":\"Person\",\"@id\":\"https:\\\/\\\/www.meydan.tv\\\/az\\\/#\\\/schema\\\/person\\\/476e9360e593fa131d5d71d51866f8da\",\"name\":\"aleks\"}]}<\/script>\n<!-- \/ Yoast SEO plugin. -->","yoast_head_json":{"title":"H\u0259bsd\u0259 olan jurnalist Aysel Umudova kimdir? - MEYDAN.TV","robots":{"index":"index","follow":"follow","max-snippet":"max-snippet:-1","max-image-preview":"max-image-preview:large","max-video-preview":"max-video-preview:-1"},"canonical":"https:\/\/www.meydan.tv\/az\/article\/h%c9%99bsd%c9%99-olan-jurnalist-aysel-umudova-kimdir\/","og_locale":"az_AZ","og_type":"article","og_title":"H\u0259bsd\u0259 olan jurnalist Aysel Umudova kimdir? - MEYDAN.TV","og_description":"Art\u0131q 5-ci ay tamamland\u0131 ki, Meydan TV-nin jurnalisti Aysel Umudovan\u0131n ... Davam\u0131","og_url":"https:\/\/www.meydan.tv\/az\/article\/h%c9%99bsd%c9%99-olan-jurnalist-aysel-umudova-kimdir\/","og_site_name":"MEYDAN.TV","article_published_time":"2025-04-21T16:14:57+00:00","article_modified_time":"2025-04-21T16:14:59+00:00","og_image":[{"width":1020,"height":616,"url":"https:\/\/www.meydan.tv\/wp-content\/uploads\/file-1-4-e1742202911944.jpg","type":"image\/jpeg"}],"author":"aleks","twitter_card":"summary_large_image","schema":{"@context":"https:\/\/schema.org","@graph":[{"@type":"Article","@id":"https:\/\/www.meydan.tv\/az\/article\/h%c9%99bsd%c9%99-olan-jurnalist-aysel-umudova-kimdir\/#article","isPartOf":{"@id":"https:\/\/www.meydan.tv\/az\/article\/h%c9%99bsd%c9%99-olan-jurnalist-aysel-umudova-kimdir\/"},"author":{"name":"aleks","@id":"https:\/\/www.meydan.tv\/az\/#\/schema\/person\/476e9360e593fa131d5d71d51866f8da"},"headline":"H\u0259bsd\u0259 olan jurnalist Aysel Umudova kimdir?","datePublished":"2025-04-21T16:14:57+00:00","dateModified":"2025-04-21T16:14:59+00:00","mainEntityOfPage":{"@id":"https:\/\/www.meydan.tv\/az\/article\/h%c9%99bsd%c9%99-olan-jurnalist-aysel-umudova-kimdir\/"},"wordCount":309,"publisher":{"@id":"https:\/\/www.meydan.tv\/az\/#organization"},"image":{"@id":"https:\/\/www.meydan.tv\/az\/article\/h%c9%99bsd%c9%99-olan-jurnalist-aysel-umudova-kimdir\/#primaryimage"},"thumbnailUrl":"https:\/\/www.meydan.tv\/wp-content\/uploads\/file-1-4-e1758385620931.jpg","articleSection":["Meydan TV i\u015fi","T\u00f6vsiy\u0259","Video","X\u0259b\u0259rl\u0259r"],"inLanguage":"az"},{"@type":"WebPage","@id":"https:\/\/www.meydan.tv\/az\/article\/h%c9%99bsd%c9%99-olan-jurnalist-aysel-umudova-kimdir\/","url":"https:\/\/www.meydan.tv\/az\/article\/h%c9%99bsd%c9%99-olan-jurnalist-aysel-umudova-kimdir\/","name":"H\u0259bsd\u0259 olan jurnalist Aysel Umudova kimdir? - MEYDAN.TV","isPartOf":{"@id":"https:\/\/www.meydan.tv\/az\/#website"},"primaryImageOfPage":{"@id":"https:\/\/www.meydan.tv\/az\/article\/h%c9%99bsd%c9%99-olan-jurnalist-aysel-umudova-kimdir\/#primaryimage"},"image":{"@id":"https:\/\/www.meydan.tv\/az\/article\/h%c9%99bsd%c9%99-olan-jurnalist-aysel-umudova-kimdir\/#primaryimage"},"thumbnailUrl":"https:\/\/www.meydan.tv\/wp-content\/uploads\/file-1-4-e1758385620931.jpg","datePublished":"2025-04-21T16:14:57+00:00","dateModified":"2025-04-21T16:14:59+00:00","breadcrumb":{"@id":"https:\/\/www.meydan.tv\/az\/article\/h%c9%99bsd%c9%99-olan-jurnalist-aysel-umudova-kimdir\/#breadcrumb"},"inLanguage":"az","potentialAction":[{"@type":"ReadAction","target":["https:\/\/www.meydan.tv\/az\/article\/h%c9%99bsd%c9%99-olan-jurnalist-aysel-umudova-kimdir\/"]}]},{"@type":"ImageObject","inLanguage":"az","@id":"https:\/\/www.meydan.tv\/az\/article\/h%c9%99bsd%c9%99-olan-jurnalist-aysel-umudova-kimdir\/#primaryimage","url":"https:\/\/www.meydan.tv\/wp-content\/uploads\/file-1-4-e1758385620931.jpg","contentUrl":"https:\/\/www.meydan.tv\/wp-content\/uploads\/file-1-4-e1758385620931.jpg","width":1020,"height":505,"caption":"Aysel Umudova. \u0130ll\u00fcstrasiya: Meydan TV"},{"@type":"BreadcrumbList","@id":"https:\/\/www.meydan.tv\/az\/article\/h%c9%99bsd%c9%99-olan-jurnalist-aysel-umudova-kimdir\/#breadcrumb","itemListElement":[{"@type":"ListItem","position":1,"name":"Ana s\u0259hif\u0259","item":"https:\/\/www.meydan.tv\/az\/"},{"@type":"ListItem","position":2,"name":"Video","item":"https:\/\/www.meydan.tv\/az\/section\/video-2\/"},{"@type":"ListItem","position":3,"name":"H\u0259bsd\u0259 olan jurnalist Aysel Umudova kimdir?"}]},{"@type":"WebSite","@id":"https:\/\/www.meydan.tv\/az\/#website","url":"https:\/\/www.meydan.tv\/az\/","name":"MEYDAN.TV","description":"Meydan TV Az\u0259rbaycan\u0131n media m\u0259kan\u0131ndak\u0131 alternativ s\u0259sidir","publisher":{"@id":"https:\/\/www.meydan.tv\/az\/#organization"},"potentialAction":[{"@type":"SearchAction","target":{"@type":"EntryPoint","urlTemplate":"https:\/\/www.meydan.tv\/az\/?s={search_term_string}"},"query-input":{"@type":"PropertyValueSpecification","valueRequired":true,"valueName":"search_term_string"}}],"inLanguage":"az"},{"@type":"Organization","@id":"https:\/\/www.meydan.tv\/az\/#organization","name":"Meydan TV","url":"https:\/\/www.meydan.tv\/az\/","logo":{"@type":"ImageObject","inLanguage":"az","@id":"https:\/\/www.meydan.tv\/az\/#\/schema\/logo\/image\/","url":"https:\/\/www.meydan.tv\/wp-content\/uploads\/2021\/07\/meydan-logo.svg","contentUrl":"https:\/\/www.meydan.tv\/wp-content\/uploads\/2021\/07\/meydan-logo.svg","width":195,"height":46,"caption":"Meydan TV"},"image":{"@id":"https:\/\/www.meydan.tv\/az\/#\/schema\/logo\/image\/"}},{"@type":"Person","@id":"https:\/\/www.meydan.tv\/az\/#\/schema\/person\/476e9360e593fa131d5d71d51866f8da","name":"aleks"}]}},"_links":{"self":[{"href":"https:\/\/www.meydan.tv\/az\/wp-json\/wp\/v2\/posts\/329038","targetHints":{"allow":["GET"]}}],"collection":[{"href":"https:\/\/www.meydan.tv\/az\/wp-json\/wp\/v2\/posts"}],"about":[{"href":"https:\/\/www.meydan.tv\/az\/wp-json\/wp\/v2\/types\/post"}],"author":[{"embeddable":true,"href":"https:\/\/www.meydan.tv\/az\/wp-json\/wp\/v2\/users\/12"}],"replies":[{"embeddable":true,"href":"https:\/\/www.meydan.tv\/az\/wp-json\/wp\/v2\/comments?post=329038"}],"version-history":[{"count":1,"href":"https:\/\/www.meydan.tv\/az\/wp-json\/wp\/v2\/posts\/329038\/revisions"}],"predecessor-version":[{"id":329039,"href":"https:\/\/www.meydan.tv\/az\/wp-json\/wp\/v2\/posts\/329038\/revisions\/329039"}],"wp:featuredmedia":[{"embeddable":true,"href":"https:\/\/www.meydan.tv\/az\/wp-json\/wp\/v2\/media\/327784"}],"wp:attachment":[{"href":"https:\/\/www.meydan.tv\/az\/wp-json\/wp\/v2\/media?parent=329038"}],"wp:term":[{"taxonomy":"category","embeddable":true,"href":"https:\/\/www.meydan.tv\/az\/wp-json\/wp\/v2\/categories?post=329038"},{"taxonomy":"post_tag","embeddable":true,"href":"https:\/\/www.meydan.tv\/az\/wp-json\/wp\/v2\/tags?post=329038"}],"curies":[{"name":"wp","href":"https:\/\/api.w.org\/{rel}","templated":true}]}}