{"id":329029,"date":"2025-04-21T18:05:51","date_gmt":"2025-04-21T14:05:51","guid":{"rendered":"https:\/\/www.meydan.tv\/?p=329029"},"modified":"2025-04-21T18:05:54","modified_gmt":"2025-04-21T14:05:54","slug":"sumqayitda-fabrikd%c9%99-19-n%c9%99f%c9%99rin-z%c9%99h%c9%99rl%c9%99nib","status":"publish","type":"post","link":"https:\/\/www.meydan.tv\/az\/article\/sumqayitda-fabrikd%c9%99-19-n%c9%99f%c9%99rin-z%c9%99h%c9%99rl%c9%99nib\/","title":{"rendered":"Sumqay\u0131tda fabrikd\u0259 19 n\u0259f\u0259rin z\u0259h\u0259rl\u0259ndiyi deyilir"},"content":{"rendered":"\n<p><\/p>\n\n\n\n<p><strong><em>Haz\u0131rda 14 n\u0259f\u0259rin m\u00fcalic\u0259si davam etdirilir<\/em><\/strong><\/p>\n\n\n\n<p>Sumqay\u0131tda fabrikd\u0259 k\u00fctl\u0259vi z\u0259h\u0259rl\u0259nm\u0259 olub. Hadis\u0259nin tekstil fabrikind\u0259 ba\u015f verdiyi <a href=\"https:\/\/apa.az\/hadise\/sumqayitda-fabrikde-19-nefer-zeherlenib-896935\" target=\"_blank\" rel=\"noreferrer noopener\">bildirilir<\/a>.<\/p>\n\n\n\n<p>T\u018fB\u0130B-d\u0259n veril\u0259n m\u0259lumata g\u00f6r\u0259, bu g\u00fcn saat 16:05 rad\u0259l\u0259rind\u0259n ba\u015flayaraq Sumqay\u0131t Tibb M\u0259rk\u0259zinin n\u0259zdind\u0259 olan 1 n\u00f6mr\u0259li \u015e\u0259h\u0259r X\u0259st\u0259xanas\u0131n\u0131n \u0130nfeksion x\u0259st\u0259likl\u0259r \u015f\u00f6b\u0259sin\u0259 16-s\u0131 qad\u0131n, 3-\u00fc ki\u015fi olmaqla, \u00fcmumilikd\u0259 19 n\u0259f\u0259r hospitalizasiya olunub.<\/p>\n\n\n\n<p>D\u0259qiql\u0259\u015fdirilm\u0259mi\u015f bakterial qida z\u0259h\u0259rl\u0259nm\u0259si diaqnozu il\u0259 onlar\u0131n h\u0259r birin\u0259 z\u0259ruri tibbi yard\u0131mlar\u0131n g\u00f6st\u0259rildiyi bildirilir. Haz\u0131rda 14 n\u0259f\u0259rin m\u00fcalic\u0259si davam etdirilir.<\/p>\n\n\n\n<p>V\u0259ziyy\u0259tl\u0259ri q\u0259na\u0259tb\u0259x\u015f olan 5 n\u0259f\u0259r is\u0259 ambulator m\u00fcalic\u0259 \u00fc\u00e7\u00fcn ev\u0259 burax\u0131l\u0131b.<\/p>\n","protected":false},"excerpt":{"rendered":"<p>Haz\u0131rda 14 n\u0259f\u0259rin m\u00fcalic\u0259si davam etdirilir Sumqay\u0131tda fabrikd\u0259 k\u00fctl\u0259vi z\u0259h\u0259rl\u0259nm\u0259 &#8230; <\/p>\n<p class=\"read-more-container\"><a title=\"Sumqay\u0131tda fabrikd\u0259 19 n\u0259f\u0259rin z\u0259h\u0259rl\u0259ndiyi deyilir\" class=\"read-more button\" href=\"https:\/\/www.meydan.tv\/az\/article\/sumqayitda-fabrikd%c9%99-19-n%c9%99f%c9%99rin-z%c9%99h%c9%99rl%c9%99nib\/#more-329029\" aria-label=\"Read more about Sumqay\u0131tda fabrikd\u0259 19 n\u0259f\u0259rin z\u0259h\u0259rl\u0259ndiyi deyilir\">Davam\u0131<\/a><\/p>\n","protected":false},"author":21,"featured_media":312802,"comment_status":"closed","ping_status":"closed","sticky":false,"template":"","format":"standard","meta":{"_acf_changed":false,"_sitemap_exclude":false,"_sitemap_priority":"","_sitemap_frequency":"","footnotes":""},"categories":[62,56],"tags":[],"class_list":["post-329029","post","type-post","status-publish","format-standard","has-post-thumbnail","hentry","category-sosial","category-xeberler","infinite-scroll-item","generate-columns","tablet-grid-50","mobile-grid-100","grid-parent","grid-33","no-featured-image-padding"],"acf":[],"yoast_head":"<!-- This site is optimized with the Yoast SEO plugin v27.4 - https:\/\/yoast.com\/product\/yoast-seo-wordpress\/ -->\n<title>Sumqay\u0131tda fabrikd\u0259 19 n\u0259f\u0259rin z\u0259h\u0259rl\u0259ndiyi deyilir - MEYDAN.TV<\/title>\n<meta name=\"robots\" content=\"index, follow, max-snippet:-1, max-image-preview:large, max-video-preview:-1\" \/>\n<link rel=\"canonical\" href=\"https:\/\/www.meydan.tv\/az\/article\/sumqayitda-fabrikd%c9%99-19-n%c9%99f%c9%99rin-z%c9%99h%c9%99rl%c9%99nib\/\" \/>\n<meta property=\"og:locale\" content=\"az_AZ\" \/>\n<meta property=\"og:type\" content=\"article\" \/>\n<meta property=\"og:title\" content=\"Sumqay\u0131tda fabrikd\u0259 19 n\u0259f\u0259rin z\u0259h\u0259rl\u0259ndiyi deyilir - MEYDAN.TV\" \/>\n<meta property=\"og:description\" content=\"Haz\u0131rda 14 n\u0259f\u0259rin m\u00fcalic\u0259si davam etdirilir Sumqay\u0131tda fabrikd\u0259 k\u00fctl\u0259vi z\u0259h\u0259rl\u0259nm\u0259 ... Davam\u0131\" \/>\n<meta property=\"og:url\" content=\"https:\/\/www.meydan.tv\/az\/article\/sumqayitda-fabrikd%c9%99-19-n%c9%99f%c9%99rin-z%c9%99h%c9%99rl%c9%99nib\/\" \/>\n<meta property=\"og:site_name\" content=\"MEYDAN.TV\" \/>\n<meta property=\"article:published_time\" content=\"2025-04-21T14:05:51+00:00\" \/>\n<meta property=\"article:modified_time\" content=\"2025-04-21T14:05:54+00:00\" \/>\n<meta property=\"og:image\" content=\"https:\/\/www.meydan.tv\/wp-content\/uploads\/15650688533820028290_1200x630.jpg\" \/>\n\t<meta property=\"og:image:width\" content=\"1200\" \/>\n\t<meta property=\"og:image:height\" content=\"819\" \/>\n\t<meta property=\"og:image:type\" content=\"image\/jpeg\" \/>\n<meta name=\"author\" content=\"mahmud\" \/>\n<meta name=\"twitter:card\" content=\"summary_large_image\" \/>\n<script type=\"application\/ld+json\" class=\"yoast-schema-graph\">{\"@context\":\"https:\\\/\\\/schema.org\",\"@graph\":[{\"@type\":\"Article\",\"@id\":\"https:\\\/\\\/www.meydan.tv\\\/az\\\/article\\\/sumqayitda-fabrikd%c9%99-19-n%c9%99f%c9%99rin-z%c9%99h%c9%99rl%c9%99nib\\\/#article\",\"isPartOf\":{\"@id\":\"https:\\\/\\\/www.meydan.tv\\\/az\\\/article\\\/sumqayitda-fabrikd%c9%99-19-n%c9%99f%c9%99rin-z%c9%99h%c9%99rl%c9%99nib\\\/\"},\"author\":{\"name\":\"mahmud\",\"@id\":\"https:\\\/\\\/www.meydan.tv\\\/az\\\/#\\\/schema\\\/person\\\/09863e516102a829e72bedcf3f84c6b0\"},\"headline\":\"Sumqay\u0131tda fabrikd\u0259 19 n\u0259f\u0259rin z\u0259h\u0259rl\u0259ndiyi deyilir\",\"datePublished\":\"2025-04-21T14:05:51+00:00\",\"dateModified\":\"2025-04-21T14:05:54+00:00\",\"mainEntityOfPage\":{\"@id\":\"https:\\\/\\\/www.meydan.tv\\\/az\\\/article\\\/sumqayitda-fabrikd%c9%99-19-n%c9%99f%c9%99rin-z%c9%99h%c9%99rl%c9%99nib\\\/\"},\"wordCount\":157,\"publisher\":{\"@id\":\"https:\\\/\\\/www.meydan.tv\\\/az\\\/#organization\"},\"image\":{\"@id\":\"https:\\\/\\\/www.meydan.tv\\\/az\\\/article\\\/sumqayitda-fabrikd%c9%99-19-n%c9%99f%c9%99rin-z%c9%99h%c9%99rl%c9%99nib\\\/#primaryimage\"},\"thumbnailUrl\":\"https:\\\/\\\/www.meydan.tv\\\/wp-content\\\/uploads\\\/15650688533820028290_1200x630.jpg\",\"articleSection\":[\"Sosial\",\"X\u0259b\u0259rl\u0259r\"],\"inLanguage\":\"az\"},{\"@type\":\"WebPage\",\"@id\":\"https:\\\/\\\/www.meydan.tv\\\/az\\\/article\\\/sumqayitda-fabrikd%c9%99-19-n%c9%99f%c9%99rin-z%c9%99h%c9%99rl%c9%99nib\\\/\",\"url\":\"https:\\\/\\\/www.meydan.tv\\\/az\\\/article\\\/sumqayitda-fabrikd%c9%99-19-n%c9%99f%c9%99rin-z%c9%99h%c9%99rl%c9%99nib\\\/\",\"name\":\"Sumqay\u0131tda fabrikd\u0259 19 n\u0259f\u0259rin z\u0259h\u0259rl\u0259ndiyi deyilir - MEYDAN.TV\",\"isPartOf\":{\"@id\":\"https:\\\/\\\/www.meydan.tv\\\/az\\\/#website\"},\"primaryImageOfPage\":{\"@id\":\"https:\\\/\\\/www.meydan.tv\\\/az\\\/article\\\/sumqayitda-fabrikd%c9%99-19-n%c9%99f%c9%99rin-z%c9%99h%c9%99rl%c9%99nib\\\/#primaryimage\"},\"image\":{\"@id\":\"https:\\\/\\\/www.meydan.tv\\\/az\\\/article\\\/sumqayitda-fabrikd%c9%99-19-n%c9%99f%c9%99rin-z%c9%99h%c9%99rl%c9%99nib\\\/#primaryimage\"},\"thumbnailUrl\":\"https:\\\/\\\/www.meydan.tv\\\/wp-content\\\/uploads\\\/15650688533820028290_1200x630.jpg\",\"datePublished\":\"2025-04-21T14:05:51+00:00\",\"dateModified\":\"2025-04-21T14:05:54+00:00\",\"breadcrumb\":{\"@id\":\"https:\\\/\\\/www.meydan.tv\\\/az\\\/article\\\/sumqayitda-fabrikd%c9%99-19-n%c9%99f%c9%99rin-z%c9%99h%c9%99rl%c9%99nib\\\/#breadcrumb\"},\"inLanguage\":\"az\",\"potentialAction\":[{\"@type\":\"ReadAction\",\"target\":[\"https:\\\/\\\/www.meydan.tv\\\/az\\\/article\\\/sumqayitda-fabrikd%c9%99-19-n%c9%99f%c9%99rin-z%c9%99h%c9%99rl%c9%99nib\\\/\"]}]},{\"@type\":\"ImageObject\",\"inLanguage\":\"az\",\"@id\":\"https:\\\/\\\/www.meydan.tv\\\/az\\\/article\\\/sumqayitda-fabrikd%c9%99-19-n%c9%99f%c9%99rin-z%c9%99h%c9%99rl%c9%99nib\\\/#primaryimage\",\"url\":\"https:\\\/\\\/www.meydan.tv\\\/wp-content\\\/uploads\\\/15650688533820028290_1200x630.jpg\",\"contentUrl\":\"https:\\\/\\\/www.meydan.tv\\\/wp-content\\\/uploads\\\/15650688533820028290_1200x630.jpg\",\"width\":1200,\"height\":819,\"caption\":\"Z\u0259h\u0259rl\u0259nm\u0259, \u015f\u0259rti \u015f\u0259kil. Foto: Az\u0259rtac\"},{\"@type\":\"BreadcrumbList\",\"@id\":\"https:\\\/\\\/www.meydan.tv\\\/az\\\/article\\\/sumqayitda-fabrikd%c9%99-19-n%c9%99f%c9%99rin-z%c9%99h%c9%99rl%c9%99nib\\\/#breadcrumb\",\"itemListElement\":[{\"@type\":\"ListItem\",\"position\":1,\"name\":\"Ana s\u0259hif\u0259\",\"item\":\"https:\\\/\\\/www.meydan.tv\\\/az\\\/\"},{\"@type\":\"ListItem\",\"position\":2,\"name\":\"Sosial\",\"item\":\"https:\\\/\\\/www.meydan.tv\\\/az\\\/section\\\/sosial\\\/\"},{\"@type\":\"ListItem\",\"position\":3,\"name\":\"Sumqay\u0131tda fabrikd\u0259 19 n\u0259f\u0259rin z\u0259h\u0259rl\u0259ndiyi deyilir\"}]},{\"@type\":\"WebSite\",\"@id\":\"https:\\\/\\\/www.meydan.tv\\\/az\\\/#website\",\"url\":\"https:\\\/\\\/www.meydan.tv\\\/az\\\/\",\"name\":\"MEYDAN.TV\",\"description\":\"Meydan TV Az\u0259rbaycan\u0131n media m\u0259kan\u0131ndak\u0131 alternativ s\u0259sidir\",\"publisher\":{\"@id\":\"https:\\\/\\\/www.meydan.tv\\\/az\\\/#organization\"},\"potentialAction\":[{\"@type\":\"SearchAction\",\"target\":{\"@type\":\"EntryPoint\",\"urlTemplate\":\"https:\\\/\\\/www.meydan.tv\\\/az\\\/?s={search_term_string}\"},\"query-input\":{\"@type\":\"PropertyValueSpecification\",\"valueRequired\":true,\"valueName\":\"search_term_string\"}}],\"inLanguage\":\"az\"},{\"@type\":\"Organization\",\"@id\":\"https:\\\/\\\/www.meydan.tv\\\/az\\\/#organization\",\"name\":\"Meydan TV\",\"url\":\"https:\\\/\\\/www.meydan.tv\\\/az\\\/\",\"logo\":{\"@type\":\"ImageObject\",\"inLanguage\":\"az\",\"@id\":\"https:\\\/\\\/www.meydan.tv\\\/az\\\/#\\\/schema\\\/logo\\\/image\\\/\",\"url\":\"https:\\\/\\\/www.meydan.tv\\\/wp-content\\\/uploads\\\/2021\\\/07\\\/meydan-logo.svg\",\"contentUrl\":\"https:\\\/\\\/www.meydan.tv\\\/wp-content\\\/uploads\\\/2021\\\/07\\\/meydan-logo.svg\",\"width\":195,\"height\":46,\"caption\":\"Meydan TV\"},\"image\":{\"@id\":\"https:\\\/\\\/www.meydan.tv\\\/az\\\/#\\\/schema\\\/logo\\\/image\\\/\"}},{\"@type\":\"Person\",\"@id\":\"https:\\\/\\\/www.meydan.tv\\\/az\\\/#\\\/schema\\\/person\\\/09863e516102a829e72bedcf3f84c6b0\",\"name\":\"mahmud\"}]}<\/script>\n<!-- \/ Yoast SEO plugin. -->","yoast_head_json":{"title":"Sumqay\u0131tda fabrikd\u0259 19 n\u0259f\u0259rin z\u0259h\u0259rl\u0259ndiyi deyilir - MEYDAN.TV","robots":{"index":"index","follow":"follow","max-snippet":"max-snippet:-1","max-image-preview":"max-image-preview:large","max-video-preview":"max-video-preview:-1"},"canonical":"https:\/\/www.meydan.tv\/az\/article\/sumqayitda-fabrikd%c9%99-19-n%c9%99f%c9%99rin-z%c9%99h%c9%99rl%c9%99nib\/","og_locale":"az_AZ","og_type":"article","og_title":"Sumqay\u0131tda fabrikd\u0259 19 n\u0259f\u0259rin z\u0259h\u0259rl\u0259ndiyi deyilir - MEYDAN.TV","og_description":"Haz\u0131rda 14 n\u0259f\u0259rin m\u00fcalic\u0259si davam etdirilir Sumqay\u0131tda fabrikd\u0259 k\u00fctl\u0259vi z\u0259h\u0259rl\u0259nm\u0259 ... Davam\u0131","og_url":"https:\/\/www.meydan.tv\/az\/article\/sumqayitda-fabrikd%c9%99-19-n%c9%99f%c9%99rin-z%c9%99h%c9%99rl%c9%99nib\/","og_site_name":"MEYDAN.TV","article_published_time":"2025-04-21T14:05:51+00:00","article_modified_time":"2025-04-21T14:05:54+00:00","og_image":[{"width":1200,"height":819,"url":"https:\/\/www.meydan.tv\/wp-content\/uploads\/15650688533820028290_1200x630.jpg","type":"image\/jpeg"}],"author":"mahmud","twitter_card":"summary_large_image","schema":{"@context":"https:\/\/schema.org","@graph":[{"@type":"Article","@id":"https:\/\/www.meydan.tv\/az\/article\/sumqayitda-fabrikd%c9%99-19-n%c9%99f%c9%99rin-z%c9%99h%c9%99rl%c9%99nib\/#article","isPartOf":{"@id":"https:\/\/www.meydan.tv\/az\/article\/sumqayitda-fabrikd%c9%99-19-n%c9%99f%c9%99rin-z%c9%99h%c9%99rl%c9%99nib\/"},"author":{"name":"mahmud","@id":"https:\/\/www.meydan.tv\/az\/#\/schema\/person\/09863e516102a829e72bedcf3f84c6b0"},"headline":"Sumqay\u0131tda fabrikd\u0259 19 n\u0259f\u0259rin z\u0259h\u0259rl\u0259ndiyi deyilir","datePublished":"2025-04-21T14:05:51+00:00","dateModified":"2025-04-21T14:05:54+00:00","mainEntityOfPage":{"@id":"https:\/\/www.meydan.tv\/az\/article\/sumqayitda-fabrikd%c9%99-19-n%c9%99f%c9%99rin-z%c9%99h%c9%99rl%c9%99nib\/"},"wordCount":157,"publisher":{"@id":"https:\/\/www.meydan.tv\/az\/#organization"},"image":{"@id":"https:\/\/www.meydan.tv\/az\/article\/sumqayitda-fabrikd%c9%99-19-n%c9%99f%c9%99rin-z%c9%99h%c9%99rl%c9%99nib\/#primaryimage"},"thumbnailUrl":"https:\/\/www.meydan.tv\/wp-content\/uploads\/15650688533820028290_1200x630.jpg","articleSection":["Sosial","X\u0259b\u0259rl\u0259r"],"inLanguage":"az"},{"@type":"WebPage","@id":"https:\/\/www.meydan.tv\/az\/article\/sumqayitda-fabrikd%c9%99-19-n%c9%99f%c9%99rin-z%c9%99h%c9%99rl%c9%99nib\/","url":"https:\/\/www.meydan.tv\/az\/article\/sumqayitda-fabrikd%c9%99-19-n%c9%99f%c9%99rin-z%c9%99h%c9%99rl%c9%99nib\/","name":"Sumqay\u0131tda fabrikd\u0259 19 n\u0259f\u0259rin z\u0259h\u0259rl\u0259ndiyi deyilir - MEYDAN.TV","isPartOf":{"@id":"https:\/\/www.meydan.tv\/az\/#website"},"primaryImageOfPage":{"@id":"https:\/\/www.meydan.tv\/az\/article\/sumqayitda-fabrikd%c9%99-19-n%c9%99f%c9%99rin-z%c9%99h%c9%99rl%c9%99nib\/#primaryimage"},"image":{"@id":"https:\/\/www.meydan.tv\/az\/article\/sumqayitda-fabrikd%c9%99-19-n%c9%99f%c9%99rin-z%c9%99h%c9%99rl%c9%99nib\/#primaryimage"},"thumbnailUrl":"https:\/\/www.meydan.tv\/wp-content\/uploads\/15650688533820028290_1200x630.jpg","datePublished":"2025-04-21T14:05:51+00:00","dateModified":"2025-04-21T14:05:54+00:00","breadcrumb":{"@id":"https:\/\/www.meydan.tv\/az\/article\/sumqayitda-fabrikd%c9%99-19-n%c9%99f%c9%99rin-z%c9%99h%c9%99rl%c9%99nib\/#breadcrumb"},"inLanguage":"az","potentialAction":[{"@type":"ReadAction","target":["https:\/\/www.meydan.tv\/az\/article\/sumqayitda-fabrikd%c9%99-19-n%c9%99f%c9%99rin-z%c9%99h%c9%99rl%c9%99nib\/"]}]},{"@type":"ImageObject","inLanguage":"az","@id":"https:\/\/www.meydan.tv\/az\/article\/sumqayitda-fabrikd%c9%99-19-n%c9%99f%c9%99rin-z%c9%99h%c9%99rl%c9%99nib\/#primaryimage","url":"https:\/\/www.meydan.tv\/wp-content\/uploads\/15650688533820028290_1200x630.jpg","contentUrl":"https:\/\/www.meydan.tv\/wp-content\/uploads\/15650688533820028290_1200x630.jpg","width":1200,"height":819,"caption":"Z\u0259h\u0259rl\u0259nm\u0259, \u015f\u0259rti \u015f\u0259kil. Foto: Az\u0259rtac"},{"@type":"BreadcrumbList","@id":"https:\/\/www.meydan.tv\/az\/article\/sumqayitda-fabrikd%c9%99-19-n%c9%99f%c9%99rin-z%c9%99h%c9%99rl%c9%99nib\/#breadcrumb","itemListElement":[{"@type":"ListItem","position":1,"name":"Ana s\u0259hif\u0259","item":"https:\/\/www.meydan.tv\/az\/"},{"@type":"ListItem","position":2,"name":"Sosial","item":"https:\/\/www.meydan.tv\/az\/section\/sosial\/"},{"@type":"ListItem","position":3,"name":"Sumqay\u0131tda fabrikd\u0259 19 n\u0259f\u0259rin z\u0259h\u0259rl\u0259ndiyi deyilir"}]},{"@type":"WebSite","@id":"https:\/\/www.meydan.tv\/az\/#website","url":"https:\/\/www.meydan.tv\/az\/","name":"MEYDAN.TV","description":"Meydan TV Az\u0259rbaycan\u0131n media m\u0259kan\u0131ndak\u0131 alternativ s\u0259sidir","publisher":{"@id":"https:\/\/www.meydan.tv\/az\/#organization"},"potentialAction":[{"@type":"SearchAction","target":{"@type":"EntryPoint","urlTemplate":"https:\/\/www.meydan.tv\/az\/?s={search_term_string}"},"query-input":{"@type":"PropertyValueSpecification","valueRequired":true,"valueName":"search_term_string"}}],"inLanguage":"az"},{"@type":"Organization","@id":"https:\/\/www.meydan.tv\/az\/#organization","name":"Meydan TV","url":"https:\/\/www.meydan.tv\/az\/","logo":{"@type":"ImageObject","inLanguage":"az","@id":"https:\/\/www.meydan.tv\/az\/#\/schema\/logo\/image\/","url":"https:\/\/www.meydan.tv\/wp-content\/uploads\/2021\/07\/meydan-logo.svg","contentUrl":"https:\/\/www.meydan.tv\/wp-content\/uploads\/2021\/07\/meydan-logo.svg","width":195,"height":46,"caption":"Meydan TV"},"image":{"@id":"https:\/\/www.meydan.tv\/az\/#\/schema\/logo\/image\/"}},{"@type":"Person","@id":"https:\/\/www.meydan.tv\/az\/#\/schema\/person\/09863e516102a829e72bedcf3f84c6b0","name":"mahmud"}]}},"_links":{"self":[{"href":"https:\/\/www.meydan.tv\/az\/wp-json\/wp\/v2\/posts\/329029","targetHints":{"allow":["GET"]}}],"collection":[{"href":"https:\/\/www.meydan.tv\/az\/wp-json\/wp\/v2\/posts"}],"about":[{"href":"https:\/\/www.meydan.tv\/az\/wp-json\/wp\/v2\/types\/post"}],"author":[{"embeddable":true,"href":"https:\/\/www.meydan.tv\/az\/wp-json\/wp\/v2\/users\/21"}],"replies":[{"embeddable":true,"href":"https:\/\/www.meydan.tv\/az\/wp-json\/wp\/v2\/comments?post=329029"}],"version-history":[{"count":3,"href":"https:\/\/www.meydan.tv\/az\/wp-json\/wp\/v2\/posts\/329029\/revisions"}],"predecessor-version":[{"id":329032,"href":"https:\/\/www.meydan.tv\/az\/wp-json\/wp\/v2\/posts\/329029\/revisions\/329032"}],"wp:featuredmedia":[{"embeddable":true,"href":"https:\/\/www.meydan.tv\/az\/wp-json\/wp\/v2\/media\/312802"}],"wp:attachment":[{"href":"https:\/\/www.meydan.tv\/az\/wp-json\/wp\/v2\/media?parent=329029"}],"wp:term":[{"taxonomy":"category","embeddable":true,"href":"https:\/\/www.meydan.tv\/az\/wp-json\/wp\/v2\/categories?post=329029"},{"taxonomy":"post_tag","embeddable":true,"href":"https:\/\/www.meydan.tv\/az\/wp-json\/wp\/v2\/tags?post=329029"}],"curies":[{"name":"wp","href":"https:\/\/api.w.org\/{rel}","templated":true}]}}