{"id":329011,"date":"2025-04-21T13:20:04","date_gmt":"2025-04-21T09:20:04","guid":{"rendered":"https:\/\/www.meydan.tv\/?p=329011"},"modified":"2025-04-21T13:20:07","modified_gmt":"2025-04-21T09:20:07","slug":"bakida-anbar-yanib","status":"publish","type":"post","link":"https:\/\/www.meydan.tv\/az\/article\/bakida-anbar-yanib\/","title":{"rendered":"Bak\u0131da anbar yan\u0131b"},"content":{"rendered":"\n<p><\/p>\n\n\n\n<p><strong><em>14 yan\u011f\u0131ns\u00f6nd\u00fcr\u0259n texnikas\u0131 v\u0259 61 \u015f\u0259xsi hey\u0259ti hadis\u0259 yerin\u0259 c\u0259lb olunub<\/em><\/strong><\/p>\n\n\n\n<p>Bu g\u00fcn s\u0259h\u0259r Bak\u0131n\u0131n N\u0259simi rayonu, Nizami k\u00fc\u00e7\u0259sind\u0259 anbarlardan birind\u0259 yan\u011f\u0131n ba\u015f verib.<\/p>\n\n\n\n<p>F\u00f6vq\u0259lad\u0259 Hallar Nazirliyind\u0259n veril\u0259n <a href=\"https:\/\/fhn.gov.az\/az\/melumatlar\/fhn-metbuat-xidmetinin-melumati-ead267fd\" target=\"_blank\" rel=\"noreferrer noopener\">m\u0259lumata <\/a>g\u00f6r\u0259, Yan\u011f\u0131ndan M\u00fchafiz\u0259 Xidm\u0259tinin\u00a0yan\u011f\u0131ndan m\u00fchafiz\u0259 b\u00f6lm\u0259l\u0259ri \u00e7a\u011f\u0131r\u0131\u015f \u00fczr\u0259 c\u0259lb olunublar.\u00a0\u00a0\u018fraziy\u0259 6-a yax\u0131n yan\u011f\u0131ns\u00f6nd\u00fcr\u0259n texnikas\u0131 c\u0259lb olunub.<\/p>\n\n\n\n<p>\u0130lkin m\u0259lumata g\u00f6r\u0259, anbarda m\u00fcxt\u0259lif t\u0259yinatl\u0131 mallar saxlan\u0131l\u0131r. Yan\u011f\u0131n\u0131n \u015fidd\u0259tl\u0259nm\u0259sin\u0259 s\u0259b\u0259b alova h\u0259ssas komp\u00fcter avadanl\u0131qlar\u0131n\u0131n yanmas\u0131d\u0131r. Ehtimala g\u00f6r\u0259, yan\u011f\u0131n\u0131n ba\u015f verm\u0259sin\u0259 s\u0259b\u0259b kimi q\u0131saqapanma g\u00f6st\u0259rilir.&nbsp;Yan\u011f\u0131n getdikc\u0259 \u015fidd\u0259tl\u0259nib.<\/p>\n\n\n\n<p>Hadis\u0259 il\u0259 ba\u011fl\u0131 q\u0259rargah yarad\u0131l\u0131b. Daha sonra yan\u011f\u0131n\u0131n qar\u015f\u0131s\u0131n\u0131 almaq \u00fc\u00e7\u00fcn ba\u015f ver\u0259n \u0259raziy\u0259 \u0259lav\u0259 texnika v\u0259 \u015f\u0259xsi hey\u0259t c\u0259lb olunub. FHN-in D\u00f6vl\u0259t Yan\u011f\u0131ndan M\u00fchafiz\u0259 v\u0259 X\u00fcsusi Riskli Xilasetm\u0259 xidm\u0259tl\u0259rinin 14 yan\u011f\u0131ns\u00f6nd\u00fcr\u0259n texnikas\u0131 v\u0259 61 \u015f\u0259xsi hey\u0259ti hadis\u0259 yerin\u0259 g\u0259lib.<\/p>\n\n\n\n<p>Yan\u011f\u0131n s\u0259b\u0259bind\u0259n K\u00f6vk\u0259b S\u0259f\u0259r\u0259liyeva k\u00fc\u00e7\u0259sind\u0259n Nizami v\u0259 Yusif S\u0259f\u0259rov k\u00fc\u00e7\u0259l\u0259ri istiqam\u0259tind\u0259 n\u0259qliyyat vasit\u0259l\u0259rinin h\u0259r\u0259k\u0259tin\u0259 m\u0259hdudiyy\u0259t t\u0259tbiq edilib.<\/p>\n\n\n\n<p>Bu bar\u0259d\u0259 Daxili \u0130\u015fl\u0259r Nazirliyi N\u0259qliyyat\u0131 \u0130ntellektual \u0130dar\u0259etm\u0259 M\u0259rk\u0259zi m\u0259lumat yay\u0131b.<\/p>\n\n\n\n<p>Bak\u0131 vaxt\u0131 il\u0259 saat 12:30 rad\u0259l\u0259rind\u0259 yan\u011f\u0131n\u0131n qar\u015f\u0131s\u0131 al\u0131n\u0131b. Yan\u011f\u0131n\u0131n tam s\u00f6nd\u00fcr\u00fclm\u0259si istiqam\u0259tind\u0259 i\u015fl\u0259r davam edir.<\/p>\n\n\n\n<p>H\u0259l\u0259lik itki v\u0259 d\u0259ymi\u015f ziyanla ba\u011fl\u0131 m\u0259lumat verilm\u0259yib.<\/p>\n","protected":false},"excerpt":{"rendered":"<p>14 yan\u011f\u0131ns\u00f6nd\u00fcr\u0259n texnikas\u0131 v\u0259 61 \u015f\u0259xsi hey\u0259ti hadis\u0259 yerin\u0259 c\u0259lb &#8230; <\/p>\n<p class=\"read-more-container\"><a title=\"Bak\u0131da anbar yan\u0131b\" class=\"read-more button\" href=\"https:\/\/www.meydan.tv\/az\/article\/bakida-anbar-yanib\/#more-329011\" aria-label=\"Read more about Bak\u0131da anbar yan\u0131b\">Davam\u0131<\/a><\/p>\n","protected":false},"author":21,"featured_media":329012,"comment_status":"closed","ping_status":"closed","sticky":false,"template":"","format":"standard","meta":{"_acf_changed":false,"_sitemap_exclude":false,"_sitemap_priority":"","_sitemap_frequency":"","footnotes":""},"categories":[62,56],"tags":[],"class_list":["post-329011","post","type-post","status-publish","format-standard","has-post-thumbnail","hentry","category-sosial","category-xeberler","infinite-scroll-item","generate-columns","tablet-grid-50","mobile-grid-100","grid-parent","grid-33","no-featured-image-padding"],"acf":[],"yoast_head":"<!-- This site is optimized with the Yoast SEO plugin v27.4 - https:\/\/yoast.com\/product\/yoast-seo-wordpress\/ -->\n<title>Bak\u0131da anbar yan\u0131b - MEYDAN.TV<\/title>\n<meta name=\"robots\" content=\"index, follow, max-snippet:-1, max-image-preview:large, max-video-preview:-1\" \/>\n<link rel=\"canonical\" href=\"https:\/\/www.meydan.tv\/az\/article\/bakida-anbar-yanib\/\" \/>\n<meta property=\"og:locale\" content=\"az_AZ\" \/>\n<meta property=\"og:type\" content=\"article\" \/>\n<meta property=\"og:title\" content=\"Bak\u0131da anbar yan\u0131b - MEYDAN.TV\" \/>\n<meta property=\"og:description\" content=\"14 yan\u011f\u0131ns\u00f6nd\u00fcr\u0259n texnikas\u0131 v\u0259 61 \u015f\u0259xsi hey\u0259ti hadis\u0259 yerin\u0259 c\u0259lb ... Davam\u0131\" \/>\n<meta property=\"og:url\" content=\"https:\/\/www.meydan.tv\/az\/article\/bakida-anbar-yanib\/\" \/>\n<meta property=\"og:site_name\" content=\"MEYDAN.TV\" \/>\n<meta property=\"article:published_time\" content=\"2025-04-21T09:20:04+00:00\" \/>\n<meta property=\"article:modified_time\" content=\"2025-04-21T09:20:07+00:00\" \/>\n<meta property=\"og:image\" content=\"https:\/\/www.meydan.tv\/wp-content\/uploads\/whatsapp-image-2025-04-21-at-123304-1.jpg\" \/>\n\t<meta property=\"og:image:width\" content=\"844\" \/>\n\t<meta property=\"og:image:height\" content=\"471\" \/>\n\t<meta property=\"og:image:type\" content=\"image\/jpeg\" \/>\n<meta name=\"author\" content=\"mahmud\" \/>\n<meta name=\"twitter:card\" content=\"summary_large_image\" \/>\n<script type=\"application\/ld+json\" class=\"yoast-schema-graph\">{\"@context\":\"https:\\\/\\\/schema.org\",\"@graph\":[{\"@type\":\"Article\",\"@id\":\"https:\\\/\\\/www.meydan.tv\\\/az\\\/article\\\/bakida-anbar-yanib\\\/#article\",\"isPartOf\":{\"@id\":\"https:\\\/\\\/www.meydan.tv\\\/az\\\/article\\\/bakida-anbar-yanib\\\/\"},\"author\":{\"name\":\"mahmud\",\"@id\":\"https:\\\/\\\/www.meydan.tv\\\/az\\\/#\\\/schema\\\/person\\\/09863e516102a829e72bedcf3f84c6b0\"},\"headline\":\"Bak\u0131da anbar yan\u0131b\",\"datePublished\":\"2025-04-21T09:20:04+00:00\",\"dateModified\":\"2025-04-21T09:20:07+00:00\",\"mainEntityOfPage\":{\"@id\":\"https:\\\/\\\/www.meydan.tv\\\/az\\\/article\\\/bakida-anbar-yanib\\\/\"},\"wordCount\":316,\"publisher\":{\"@id\":\"https:\\\/\\\/www.meydan.tv\\\/az\\\/#organization\"},\"image\":{\"@id\":\"https:\\\/\\\/www.meydan.tv\\\/az\\\/article\\\/bakida-anbar-yanib\\\/#primaryimage\"},\"thumbnailUrl\":\"https:\\\/\\\/www.meydan.tv\\\/wp-content\\\/uploads\\\/whatsapp-image-2025-04-21-at-123304-1.jpg\",\"articleSection\":[\"Sosial\",\"X\u0259b\u0259rl\u0259r\"],\"inLanguage\":\"az\"},{\"@type\":\"WebPage\",\"@id\":\"https:\\\/\\\/www.meydan.tv\\\/az\\\/article\\\/bakida-anbar-yanib\\\/\",\"url\":\"https:\\\/\\\/www.meydan.tv\\\/az\\\/article\\\/bakida-anbar-yanib\\\/\",\"name\":\"Bak\u0131da anbar yan\u0131b - MEYDAN.TV\",\"isPartOf\":{\"@id\":\"https:\\\/\\\/www.meydan.tv\\\/az\\\/#website\"},\"primaryImageOfPage\":{\"@id\":\"https:\\\/\\\/www.meydan.tv\\\/az\\\/article\\\/bakida-anbar-yanib\\\/#primaryimage\"},\"image\":{\"@id\":\"https:\\\/\\\/www.meydan.tv\\\/az\\\/article\\\/bakida-anbar-yanib\\\/#primaryimage\"},\"thumbnailUrl\":\"https:\\\/\\\/www.meydan.tv\\\/wp-content\\\/uploads\\\/whatsapp-image-2025-04-21-at-123304-1.jpg\",\"datePublished\":\"2025-04-21T09:20:04+00:00\",\"dateModified\":\"2025-04-21T09:20:07+00:00\",\"breadcrumb\":{\"@id\":\"https:\\\/\\\/www.meydan.tv\\\/az\\\/article\\\/bakida-anbar-yanib\\\/#breadcrumb\"},\"inLanguage\":\"az\",\"potentialAction\":[{\"@type\":\"ReadAction\",\"target\":[\"https:\\\/\\\/www.meydan.tv\\\/az\\\/article\\\/bakida-anbar-yanib\\\/\"]}]},{\"@type\":\"ImageObject\",\"inLanguage\":\"az\",\"@id\":\"https:\\\/\\\/www.meydan.tv\\\/az\\\/article\\\/bakida-anbar-yanib\\\/#primaryimage\",\"url\":\"https:\\\/\\\/www.meydan.tv\\\/wp-content\\\/uploads\\\/whatsapp-image-2025-04-21-at-123304-1.jpg\",\"contentUrl\":\"https:\\\/\\\/www.meydan.tv\\\/wp-content\\\/uploads\\\/whatsapp-image-2025-04-21-at-123304-1.jpg\",\"width\":844,\"height\":471,\"caption\":\"Foto: FHN\"},{\"@type\":\"BreadcrumbList\",\"@id\":\"https:\\\/\\\/www.meydan.tv\\\/az\\\/article\\\/bakida-anbar-yanib\\\/#breadcrumb\",\"itemListElement\":[{\"@type\":\"ListItem\",\"position\":1,\"name\":\"Ana s\u0259hif\u0259\",\"item\":\"https:\\\/\\\/www.meydan.tv\\\/az\\\/\"},{\"@type\":\"ListItem\",\"position\":2,\"name\":\"Sosial\",\"item\":\"https:\\\/\\\/www.meydan.tv\\\/az\\\/section\\\/sosial\\\/\"},{\"@type\":\"ListItem\",\"position\":3,\"name\":\"Bak\u0131da anbar yan\u0131b\"}]},{\"@type\":\"WebSite\",\"@id\":\"https:\\\/\\\/www.meydan.tv\\\/az\\\/#website\",\"url\":\"https:\\\/\\\/www.meydan.tv\\\/az\\\/\",\"name\":\"MEYDAN.TV\",\"description\":\"Meydan TV Az\u0259rbaycan\u0131n media m\u0259kan\u0131ndak\u0131 alternativ s\u0259sidir\",\"publisher\":{\"@id\":\"https:\\\/\\\/www.meydan.tv\\\/az\\\/#organization\"},\"potentialAction\":[{\"@type\":\"SearchAction\",\"target\":{\"@type\":\"EntryPoint\",\"urlTemplate\":\"https:\\\/\\\/www.meydan.tv\\\/az\\\/?s={search_term_string}\"},\"query-input\":{\"@type\":\"PropertyValueSpecification\",\"valueRequired\":true,\"valueName\":\"search_term_string\"}}],\"inLanguage\":\"az\"},{\"@type\":\"Organization\",\"@id\":\"https:\\\/\\\/www.meydan.tv\\\/az\\\/#organization\",\"name\":\"Meydan TV\",\"url\":\"https:\\\/\\\/www.meydan.tv\\\/az\\\/\",\"logo\":{\"@type\":\"ImageObject\",\"inLanguage\":\"az\",\"@id\":\"https:\\\/\\\/www.meydan.tv\\\/az\\\/#\\\/schema\\\/logo\\\/image\\\/\",\"url\":\"https:\\\/\\\/www.meydan.tv\\\/wp-content\\\/uploads\\\/2021\\\/07\\\/meydan-logo.svg\",\"contentUrl\":\"https:\\\/\\\/www.meydan.tv\\\/wp-content\\\/uploads\\\/2021\\\/07\\\/meydan-logo.svg\",\"width\":195,\"height\":46,\"caption\":\"Meydan TV\"},\"image\":{\"@id\":\"https:\\\/\\\/www.meydan.tv\\\/az\\\/#\\\/schema\\\/logo\\\/image\\\/\"}},{\"@type\":\"Person\",\"@id\":\"https:\\\/\\\/www.meydan.tv\\\/az\\\/#\\\/schema\\\/person\\\/09863e516102a829e72bedcf3f84c6b0\",\"name\":\"mahmud\"}]}<\/script>\n<!-- \/ Yoast SEO plugin. -->","yoast_head_json":{"title":"Bak\u0131da anbar yan\u0131b - MEYDAN.TV","robots":{"index":"index","follow":"follow","max-snippet":"max-snippet:-1","max-image-preview":"max-image-preview:large","max-video-preview":"max-video-preview:-1"},"canonical":"https:\/\/www.meydan.tv\/az\/article\/bakida-anbar-yanib\/","og_locale":"az_AZ","og_type":"article","og_title":"Bak\u0131da anbar yan\u0131b - MEYDAN.TV","og_description":"14 yan\u011f\u0131ns\u00f6nd\u00fcr\u0259n texnikas\u0131 v\u0259 61 \u015f\u0259xsi hey\u0259ti hadis\u0259 yerin\u0259 c\u0259lb ... Davam\u0131","og_url":"https:\/\/www.meydan.tv\/az\/article\/bakida-anbar-yanib\/","og_site_name":"MEYDAN.TV","article_published_time":"2025-04-21T09:20:04+00:00","article_modified_time":"2025-04-21T09:20:07+00:00","og_image":[{"width":844,"height":471,"url":"https:\/\/www.meydan.tv\/wp-content\/uploads\/whatsapp-image-2025-04-21-at-123304-1.jpg","type":"image\/jpeg"}],"author":"mahmud","twitter_card":"summary_large_image","schema":{"@context":"https:\/\/schema.org","@graph":[{"@type":"Article","@id":"https:\/\/www.meydan.tv\/az\/article\/bakida-anbar-yanib\/#article","isPartOf":{"@id":"https:\/\/www.meydan.tv\/az\/article\/bakida-anbar-yanib\/"},"author":{"name":"mahmud","@id":"https:\/\/www.meydan.tv\/az\/#\/schema\/person\/09863e516102a829e72bedcf3f84c6b0"},"headline":"Bak\u0131da anbar yan\u0131b","datePublished":"2025-04-21T09:20:04+00:00","dateModified":"2025-04-21T09:20:07+00:00","mainEntityOfPage":{"@id":"https:\/\/www.meydan.tv\/az\/article\/bakida-anbar-yanib\/"},"wordCount":316,"publisher":{"@id":"https:\/\/www.meydan.tv\/az\/#organization"},"image":{"@id":"https:\/\/www.meydan.tv\/az\/article\/bakida-anbar-yanib\/#primaryimage"},"thumbnailUrl":"https:\/\/www.meydan.tv\/wp-content\/uploads\/whatsapp-image-2025-04-21-at-123304-1.jpg","articleSection":["Sosial","X\u0259b\u0259rl\u0259r"],"inLanguage":"az"},{"@type":"WebPage","@id":"https:\/\/www.meydan.tv\/az\/article\/bakida-anbar-yanib\/","url":"https:\/\/www.meydan.tv\/az\/article\/bakida-anbar-yanib\/","name":"Bak\u0131da anbar yan\u0131b - MEYDAN.TV","isPartOf":{"@id":"https:\/\/www.meydan.tv\/az\/#website"},"primaryImageOfPage":{"@id":"https:\/\/www.meydan.tv\/az\/article\/bakida-anbar-yanib\/#primaryimage"},"image":{"@id":"https:\/\/www.meydan.tv\/az\/article\/bakida-anbar-yanib\/#primaryimage"},"thumbnailUrl":"https:\/\/www.meydan.tv\/wp-content\/uploads\/whatsapp-image-2025-04-21-at-123304-1.jpg","datePublished":"2025-04-21T09:20:04+00:00","dateModified":"2025-04-21T09:20:07+00:00","breadcrumb":{"@id":"https:\/\/www.meydan.tv\/az\/article\/bakida-anbar-yanib\/#breadcrumb"},"inLanguage":"az","potentialAction":[{"@type":"ReadAction","target":["https:\/\/www.meydan.tv\/az\/article\/bakida-anbar-yanib\/"]}]},{"@type":"ImageObject","inLanguage":"az","@id":"https:\/\/www.meydan.tv\/az\/article\/bakida-anbar-yanib\/#primaryimage","url":"https:\/\/www.meydan.tv\/wp-content\/uploads\/whatsapp-image-2025-04-21-at-123304-1.jpg","contentUrl":"https:\/\/www.meydan.tv\/wp-content\/uploads\/whatsapp-image-2025-04-21-at-123304-1.jpg","width":844,"height":471,"caption":"Foto: FHN"},{"@type":"BreadcrumbList","@id":"https:\/\/www.meydan.tv\/az\/article\/bakida-anbar-yanib\/#breadcrumb","itemListElement":[{"@type":"ListItem","position":1,"name":"Ana s\u0259hif\u0259","item":"https:\/\/www.meydan.tv\/az\/"},{"@type":"ListItem","position":2,"name":"Sosial","item":"https:\/\/www.meydan.tv\/az\/section\/sosial\/"},{"@type":"ListItem","position":3,"name":"Bak\u0131da anbar yan\u0131b"}]},{"@type":"WebSite","@id":"https:\/\/www.meydan.tv\/az\/#website","url":"https:\/\/www.meydan.tv\/az\/","name":"MEYDAN.TV","description":"Meydan TV Az\u0259rbaycan\u0131n media m\u0259kan\u0131ndak\u0131 alternativ s\u0259sidir","publisher":{"@id":"https:\/\/www.meydan.tv\/az\/#organization"},"potentialAction":[{"@type":"SearchAction","target":{"@type":"EntryPoint","urlTemplate":"https:\/\/www.meydan.tv\/az\/?s={search_term_string}"},"query-input":{"@type":"PropertyValueSpecification","valueRequired":true,"valueName":"search_term_string"}}],"inLanguage":"az"},{"@type":"Organization","@id":"https:\/\/www.meydan.tv\/az\/#organization","name":"Meydan TV","url":"https:\/\/www.meydan.tv\/az\/","logo":{"@type":"ImageObject","inLanguage":"az","@id":"https:\/\/www.meydan.tv\/az\/#\/schema\/logo\/image\/","url":"https:\/\/www.meydan.tv\/wp-content\/uploads\/2021\/07\/meydan-logo.svg","contentUrl":"https:\/\/www.meydan.tv\/wp-content\/uploads\/2021\/07\/meydan-logo.svg","width":195,"height":46,"caption":"Meydan TV"},"image":{"@id":"https:\/\/www.meydan.tv\/az\/#\/schema\/logo\/image\/"}},{"@type":"Person","@id":"https:\/\/www.meydan.tv\/az\/#\/schema\/person\/09863e516102a829e72bedcf3f84c6b0","name":"mahmud"}]}},"_links":{"self":[{"href":"https:\/\/www.meydan.tv\/az\/wp-json\/wp\/v2\/posts\/329011","targetHints":{"allow":["GET"]}}],"collection":[{"href":"https:\/\/www.meydan.tv\/az\/wp-json\/wp\/v2\/posts"}],"about":[{"href":"https:\/\/www.meydan.tv\/az\/wp-json\/wp\/v2\/types\/post"}],"author":[{"embeddable":true,"href":"https:\/\/www.meydan.tv\/az\/wp-json\/wp\/v2\/users\/21"}],"replies":[{"embeddable":true,"href":"https:\/\/www.meydan.tv\/az\/wp-json\/wp\/v2\/comments?post=329011"}],"version-history":[{"count":1,"href":"https:\/\/www.meydan.tv\/az\/wp-json\/wp\/v2\/posts\/329011\/revisions"}],"predecessor-version":[{"id":329015,"href":"https:\/\/www.meydan.tv\/az\/wp-json\/wp\/v2\/posts\/329011\/revisions\/329015"}],"wp:featuredmedia":[{"embeddable":true,"href":"https:\/\/www.meydan.tv\/az\/wp-json\/wp\/v2\/media\/329012"}],"wp:attachment":[{"href":"https:\/\/www.meydan.tv\/az\/wp-json\/wp\/v2\/media?parent=329011"}],"wp:term":[{"taxonomy":"category","embeddable":true,"href":"https:\/\/www.meydan.tv\/az\/wp-json\/wp\/v2\/categories?post=329011"},{"taxonomy":"post_tag","embeddable":true,"href":"https:\/\/www.meydan.tv\/az\/wp-json\/wp\/v2\/tags?post=329011"}],"curies":[{"name":"wp","href":"https:\/\/api.w.org\/{rel}","templated":true}]}}