{"id":328960,"date":"2025-04-17T16:38:45","date_gmt":"2025-04-17T12:38:45","guid":{"rendered":"https:\/\/www.meydan.tv\/?p=328960"},"modified":"2025-04-17T16:38:47","modified_gmt":"2025-04-17T12:38:47","slug":"tofiq-yaqublu-gorm%c9%99-qabiliyy%c9%99tini-itirir","status":"publish","type":"post","link":"https:\/\/www.meydan.tv\/az\/article\/tofiq-yaqublu-gorm%c9%99-qabiliyy%c9%99tini-itirir\/","title":{"rendered":"Tofiq Yaqublu g\u00f6rm\u0259 qabiliyy\u0259tini itirir"},"content":{"rendered":"\n<p><\/p>\n\n\n\n<p><strong><em>\u201c\u018fdal\u0259tin\u0259 nail olmaq \u00fc\u00e7\u00fcn fiziki m\u0259hv olmas\u0131n\u0131 bel\u0259 g\u00f6z \u00f6n\u00fcn\u0259 al\u0131r\u201d<\/em><\/strong><strong><\/strong><\/p>\n\n\n\n<p>H\u0259bsd\u0259 olan v\u0259 17 g\u00fcnd\u00fcr acl\u0131q aksiyas\u0131 ke\u00e7ir\u0259n M\u00fcsavat Partiyas\u0131n\u0131n v\u0259 Milli \u015euran\u0131n \u00fczv\u00fc Tofiq Yaqublu g\u00f6rm\u0259 qabiliyy\u0259tini itirir.<\/p>\n\n\n\n<p>Bunu v\u0259kil Aqil Lay\u0131c aprelin 17-d\u0259 Yaqublu il\u0259 g\u00f6r\u00fc\u015fd\u0259n sonra \u201cFacebook\u201d hesab\u0131nda <a href=\"https:\/\/www.facebook.com\/Aqil.Layic\/posts\/pfbid0eRmdbFApDrduvJsaBJprdxF7Msj1QjSAdfuyktccsW2GhJDrS65VTzS445V49FWyl?rdid=F3EJr64ZC5fBT2KX#\" target=\"_blank\" rel=\"noreferrer noopener\">yaz\u0131b<\/a>. <\/p>\n\n\n\n<p>V\u0259kil bildirib ki, Tofiq Yaqublu fiziki d\u0259st\u0259k olmadan v\u0259 elektromobil olmadan h\u0259r\u0259k\u0259t ed\u0259 bilmir.<\/p>\n\n\n\n<p><em>\u201cTofiq Yaqublu il\u0259 g\u00f6r\u00fc\u015fd\u00fcm. Art\u0131q dem\u0259k olar ki, yeriy\u0259 bilmir. Fiziki d\u0259st\u0259k olmazsa h\u0259r\u0259k\u0259t etm\u0259kd\u0259 \u00e7\u0259tinlik \u00e7\u0259kir. M\u0259hz h\u0259min d\u0259st\u0259kl\u0259 v\u0259 elektro ma\u015f\u0131nla g\u00f6r\u00fc\u015f\u0259 g\u0259tirilmi\u015fdi. G\u00f6rm\u0259 qabiliyy\u0259tini bel\u0259 itirir\u201d.<\/em><\/p>\n\n\n\n<p>Aqil Layic qeyd edib ki, Tofiq Yaqublu \u00e7\u0259tinlikl\u0259 bildirib ki, fiziki m\u0259hvin\u0259 do\u011fru aparan acl\u0131q, \u0259ksin\u0259 onu psixoloji olaraq g\u00fccl\u00fc edir.<\/p>\n\n\n\n<p><em>\u201c\u018fdal\u0259tin\u0259 nail olmaq \u00fc\u00e7\u00fcn fiziki m\u0259hv olmas\u0131n\u0131 bel\u0259 g\u00f6z \u00f6n\u00fcn\u0259 al\u0131r\u201d.<\/em><\/p>\n\n\n\n<p>V\u0259kil qeyd edib ki, siyas\u0259t\u00e7i dan\u0131\u015fmaqda \u00e7\u0259tinlik \u00e7\u0259kdiyi \u00fc\u00e7\u00fcn g\u00f6r\u00fc\u015f uzun s\u00fcrm\u0259yib.<\/p>\n\n\n\n<p>Tofiq Yaqublu 2023-c\u00fc il dekabr\u0131n 14-d\u0259 h\u0259bs edilib. Ona qar\u015f\u0131 Cinay\u0259t M\u0259c\u0259ll\u0259sinin 178.3.2-ci (d\u0259l\u0259duzluq \u2013 k\u00fclli miqdarda ziyan vurmaqla t\u00f6r\u0259dildikd\u0259), 320-ci (r\u0259smi s\u0259n\u0259dl\u0259ri, d\u00f6vl\u0259t t\u0259ltifl\u0259rini, m\u00f6h\u00fcrl\u0259ri, \u015ftamplar\u0131, blanklar\u0131 saxtala\u015fd\u0131rma, qanunsuz haz\u0131rlama, satma v\u0259 ya saxta s\u0259n\u0259dl\u0259rd\u0259n istifad\u0259 etm\u0259), 320.1-ci (h\u00fcquq ver\u0259n v\u0259 ya v\u0259zif\u0259d\u0259n azad ed\u0259n v\u0259siq\u0259ni v\u0259 ya dig\u0259r r\u0259smi s\u0259n\u0259di istifad\u0259 etm\u0259k m\u0259qs\u0259di il\u0259 saxtala\u015fd\u0131rma v\u0259 ya qanunsuz haz\u0131rlama, yaxud bu c\u00fcr s\u0259n\u0259di satma, habel\u0259 eyni m\u0259qs\u0259dl\u0259 Az\u0259rbaycan Respublikas\u0131n\u0131n saxta d\u00f6vl\u0259t t\u0259ltifini, \u015ftamp\u0131, m\u00f6h\u00fcr\u00fc, blank\u0131 haz\u0131rlama v\u0259 ya satma) v\u0259 320.2-ci (bu M\u0259c\u0259ll\u0259nin 320.1-ci madd\u0259sind\u0259 g\u00f6st\u0259rilmi\u015f bil\u0259-bil\u0259 saxta s\u0259n\u0259dl\u0259rd\u0259n istifad\u0259 etm\u0259) madd\u0259l\u0259ri il\u0259 ittiham ir\u0259li s\u00fcr\u00fcl\u00fcb.<\/p>\n\n\n\n<p>\u0130ttihama g\u00f6r\u0259, El\u015f\u0259n H\u00fcseynov adl\u0131 \u015f\u0259xsin Almaniyaya gedib, orada v\u0259t\u0259nda\u015fl\u0131q almas\u0131 \u00fc\u00e7\u00fcn Elnur M\u0259mm\u0259dov vasit\u0259sil\u0259 Tofiq Yaqubluya 25 min avro v\u0259 10 min manat pul verilib.<\/p>\n\n\n\n<p>Tofiq Yaqublu is\u0259 bu ittiham\u0131n saxta oldu\u011funu he\u00e7 kimd\u0259n bir manat da pul almad\u0131\u011f\u0131n\u0131 bildirir.<\/p>\n\n\n\n<p>Siyas\u0259t\u00e7i El\u015f\u0259n H\u00fcseynov v\u0259 ya Elnur M\u0259mm\u0259dovla bu haqda bel\u0259 bir s\u00f6hb\u0259tinin olmad\u0131\u011f\u0131n\u0131 deyir.<\/p>\n\n\n\n<p>Onlar\u0131n t\u0259xribat m\u0259qs\u0259dil\u0259 bu i\u015f\u0259 c\u0259lb edildiyini bildirir.<\/p>\n\n\n\n<p>Tofiq Yaqublu siyasi f\u0259aliyy\u0259ti d\u00f6vr\u00fcnd\u0259 bir ne\u00e7\u0259 d\u0259f\u0259 inzibati v\u0259 uzunm\u00fcdd\u0259tli h\u0259bsd\u0259 olub.<\/p>\n\n\n\n<p>O, 2013-c\u00fc ild\u0259 \u0130smay\u0131ll\u0131da etirazlar\u0131n t\u0259\u015fkilind\u0259 ittiham olunaraq h\u0259bs edilib. 5 il azadl\u0131qdan m\u0259hrum edil\u0259n siyas\u0259t\u00e7i 2017-ci ild\u0259 \u0259fv s\u0259r\u0259ncam\u0131yla azadl\u0131\u011fa burax\u0131l\u0131b. O, daha sonra 2020-ci il mart\u0131n 22-d\u0259 xuliqanl\u0131q ittiham\u0131yla h\u0259bs olunub. \u0130ddia olunurdu ki, o, \u201c8-ci kilometr bazar\u0131\u201dn\u0131n yan\u0131nda avtomobil q\u0259zas\u0131 t\u00f6r\u0259dib, daha sonra dig\u0259r avtomobilin s\u00fcr\u00fcc\u00fcs\u00fcn\u00fc v\u0259 onun h\u0259yat yolda\u015f\u0131n\u0131 t\u0259hqir edib, onlara x\u0259sar\u0259t yetirib. Bu d\u0259f\u0259 Nizami rayon M\u0259hk\u0259m\u0259sinin h\u00f6km\u00fcyl\u0259 4 il 3 ay azadl\u0131qdan m\u0259hrum edilib.<\/p>\n\n\n\n<p>H\u00f6kmd\u0259n d\u0259rhal sonra \u2013 2 sentyabr 2020-ci ild\u0259 m\u0259hk\u0259m\u0259 \u0259dal\u0259tsizliyin\u0259 etiraz olaraq acl\u0131\u011fa ba\u015flad\u0131\u011f\u0131n\u0131 b\u0259yan ed\u0259n Tofiq Yaqublu bu aksiyan\u0131 17 g\u00fcn davam etdirib. Onun v\u0259ziyy\u0259ti pisl\u0259\u015fdiyin\u0259 g\u00f6r\u0259 istintaq t\u0259cridxanas\u0131ndan klinikaya k\u00f6\u00e7\u00fcr\u00fcl\u00fcb. Sentyabr\u0131n 18-d\u0259 Bak\u0131 Apelyasiya M\u0259hk\u0259m\u0259sinin q\u0259rar\u0131yla o, ev dustaql\u0131\u011f\u0131na burax\u0131l\u0131b. 2021-ci il iyulun 15-d\u0259 Bak\u0131 Apelyasiya M\u0259hk\u0259m\u0259si 4 il 3 ayl\u0131q h\u0259bs h\u00f6km\u00fcn\u00fc \u015f\u0259rti c\u0259za il\u0259 \u0259v\u0259zl\u0259yib.<\/p>\n\n\n\n<p>2025-ci il mart\u0131n 10-da Bak\u0131 A\u011f\u0131r Cinay\u0259tl\u0259r M\u0259hk\u0259m\u0259si Tofiq Yaqublunu 9 il azadl\u0131qdan m\u0259hrum edib.<\/p>\n\n\n\n<p>Q\u0259rar etiraz olaraq Tofiq Yaqublu aprelin 1-d\u0259n acl\u0131q elan edib.<\/p>\n\n\n\n<p>Bu, Tofiq Yaqublunun h\u0259bsd\u0259 ilk acl\u0131q aksiyas\u0131 deyil. O, 2020-ci il mart\u0131n 22-d\u0259 d\u0259 tutulmu\u015fdu. Tofiq Yaqublu Cinay\u0259t M\u0259c\u0259ll\u0259sinin 221.3 (silah qismind\u0259 istifad\u0259 olunan \u0259\u015fyalar t\u0259tbiq etm\u0259kl\u0259 xuliqanl\u0131q etm\u0259) madd\u0259si il\u0259 ittiham olunaraq 4 il 3 ay azadl\u0131qdan m\u0259hrum edilmi\u015fdi. Siyas\u0259t\u00e7i h\u0259bsini siyasi sayaraq acl\u0131q aksiyas\u0131na ba\u015flam\u0131\u015f, g\u00fcnl\u0259r sonra x\u0259st\u0259xanaya yerl\u0259\u015fdirilmi\u015fdi. Apelyasiya M\u0259hk\u0259m\u0259sinin h\u0259bs q\u0259timkan t\u0259dbirinin ev dustaql\u0131\u011f\u0131 il\u0259 \u0259v\u0259zl\u0259nm\u0259si il\u0259 ba\u011fl\u0131 q\u0259rardan sonra acl\u0131q aksiyas\u0131n\u0131 dayand\u0131rm\u0131\u015fd\u0131. Bir il sonra onun ev dustaql\u0131\u011f\u0131 da l\u0259\u011fv edilmi\u015fdi.<\/p>\n\n\n\n<p>Tofiq Yaqublu daha \u00f6nc\u0259 d\u0259 \u2013 2013-c\u00fc ild\u0259 \u0130smay\u0131ll\u0131da k\u00fctl\u0259vi i\u011fti\u015fa\u015flar\u0131n t\u0259\u015fkilind\u0259 g\u00fcnahland\u0131r\u0131laraq 5 il h\u0259bs edilmi\u015fdi. Amma 2016-c\u0131 ild\u0259 Prezidentin s\u0259r\u0259ncam\u0131 il\u0259 \u0259fv olunmu\u015fdu. Siyasi f\u0259al b\u00fct\u00fcn ittihamlar\u0131 r\u0259dd edib, \u015f\u0259xs\u0259n Prezident \u0130lham \u018fliyevin sifari\u015fi il\u0259 c\u0259zaland\u0131r\u0131ld\u0131\u011f\u0131n\u0131 bildirib.<\/p>\n\n\n\n<p>Bir s\u0131ra yerli v\u0259 beyn\u0259lxalq insan haqlar\u0131 t\u0259\u015fkilat\u0131 onun ad\u0131n\u0131 siyasi m\u0259hbus siyah\u0131lar\u0131na daxil edib.<\/p>\n\n\n\n<p>Az\u0259rbaycan r\u0259smil\u0259ri is\u0259 \u00f6lk\u0259d\u0259 siyasi m\u0259hbuslar\u0131n olmas\u0131 fikrini q\u0259bul etmirl\u0259r. Onlar deyirl\u0259r ki, siyasi m\u0259hbus siyah\u0131lar\u0131nda yer alan \u015f\u0259xsl\u0259r s\u0131rf t\u00f6r\u0259tdikl\u0259ri \u0259m\u0259l\u0259 g\u00f6r\u0259 m\u00fchakim\u0259 edilibl\u0259r.<\/p>\n","protected":false},"excerpt":{"rendered":"<p>\u201c\u018fdal\u0259tin\u0259 nail olmaq \u00fc\u00e7\u00fcn fiziki m\u0259hv olmas\u0131n\u0131 bel\u0259 g\u00f6z \u00f6n\u00fcn\u0259 &#8230; <\/p>\n<p class=\"read-more-container\"><a title=\"Tofiq Yaqublu g\u00f6rm\u0259 qabiliyy\u0259tini itirir\" class=\"read-more button\" href=\"https:\/\/www.meydan.tv\/az\/article\/tofiq-yaqublu-gorm%c9%99-qabiliyy%c9%99tini-itirir\/#more-328960\" aria-label=\"Read more about Tofiq Yaqublu g\u00f6rm\u0259 qabiliyy\u0259tini itirir\">Davam\u0131<\/a><\/p>\n","protected":false},"author":21,"featured_media":328769,"comment_status":"closed","ping_status":"closed","sticky":false,"template":"","format":"standard","meta":{"_acf_changed":false,"_sitemap_exclude":false,"_sitemap_priority":"","_sitemap_frequency":"","footnotes":""},"categories":[59,79,56],"tags":[],"class_list":["post-328960","post","type-post","status-publish","format-standard","has-post-thumbnail","hentry","category-siyaset","category-featured","category-xeberler","infinite-scroll-item","generate-columns","tablet-grid-50","mobile-grid-100","grid-parent","grid-33","no-featured-image-padding"],"acf":[],"yoast_head":"<!-- This site is optimized with the Yoast SEO plugin v27.5 - https:\/\/yoast.com\/product\/yoast-seo-wordpress\/ -->\n<title>Tofiq Yaqublu g\u00f6rm\u0259 qabiliyy\u0259tini itirir - MEYDAN.TV<\/title>\n<meta name=\"robots\" content=\"index, follow, max-snippet:-1, max-image-preview:large, max-video-preview:-1\" \/>\n<link rel=\"canonical\" href=\"https:\/\/www.meydan.tv\/az\/article\/tofiq-yaqublu-gorm%c9%99-qabiliyy%c9%99tini-itirir\/\" \/>\n<meta property=\"og:locale\" content=\"az_AZ\" \/>\n<meta property=\"og:type\" content=\"article\" \/>\n<meta property=\"og:title\" content=\"Tofiq Yaqublu g\u00f6rm\u0259 qabiliyy\u0259tini itirir - MEYDAN.TV\" \/>\n<meta property=\"og:description\" content=\"\u201c\u018fdal\u0259tin\u0259 nail olmaq \u00fc\u00e7\u00fcn fiziki m\u0259hv olmas\u0131n\u0131 bel\u0259 g\u00f6z \u00f6n\u00fcn\u0259 ... Davam\u0131\" \/>\n<meta property=\"og:url\" content=\"https:\/\/www.meydan.tv\/az\/article\/tofiq-yaqublu-gorm%c9%99-qabiliyy%c9%99tini-itirir\/\" \/>\n<meta property=\"og:site_name\" content=\"MEYDAN.TV\" \/>\n<meta property=\"article:published_time\" content=\"2025-04-17T12:38:45+00:00\" \/>\n<meta property=\"article:modified_time\" content=\"2025-04-17T12:38:47+00:00\" \/>\n<meta property=\"og:image\" content=\"https:\/\/www.meydan.tv\/wp-content\/uploads\/img_9510-e1674401110384-1-1.jpg\" \/>\n\t<meta property=\"og:image:width\" content=\"1200\" \/>\n\t<meta property=\"og:image:height\" content=\"564\" \/>\n\t<meta property=\"og:image:type\" content=\"image\/jpeg\" \/>\n<meta name=\"author\" content=\"mahmud\" \/>\n<meta name=\"twitter:card\" content=\"summary_large_image\" \/>\n<script type=\"application\/ld+json\" class=\"yoast-schema-graph\">{\"@context\":\"https:\\\/\\\/schema.org\",\"@graph\":[{\"@type\":\"Article\",\"@id\":\"https:\\\/\\\/www.meydan.tv\\\/az\\\/article\\\/tofiq-yaqublu-gorm%c9%99-qabiliyy%c9%99tini-itirir\\\/#article\",\"isPartOf\":{\"@id\":\"https:\\\/\\\/www.meydan.tv\\\/az\\\/article\\\/tofiq-yaqublu-gorm%c9%99-qabiliyy%c9%99tini-itirir\\\/\"},\"author\":{\"name\":\"mahmud\",\"@id\":\"https:\\\/\\\/www.meydan.tv\\\/az\\\/#\\\/schema\\\/person\\\/09863e516102a829e72bedcf3f84c6b0\"},\"headline\":\"Tofiq Yaqublu g\u00f6rm\u0259 qabiliyy\u0259tini itirir\",\"datePublished\":\"2025-04-17T12:38:45+00:00\",\"dateModified\":\"2025-04-17T12:38:47+00:00\",\"mainEntityOfPage\":{\"@id\":\"https:\\\/\\\/www.meydan.tv\\\/az\\\/article\\\/tofiq-yaqublu-gorm%c9%99-qabiliyy%c9%99tini-itirir\\\/\"},\"wordCount\":981,\"publisher\":{\"@id\":\"https:\\\/\\\/www.meydan.tv\\\/az\\\/#organization\"},\"image\":{\"@id\":\"https:\\\/\\\/www.meydan.tv\\\/az\\\/article\\\/tofiq-yaqublu-gorm%c9%99-qabiliyy%c9%99tini-itirir\\\/#primaryimage\"},\"thumbnailUrl\":\"https:\\\/\\\/www.meydan.tv\\\/wp-content\\\/uploads\\\/img_9510-e1674401110384-1-1.jpg\",\"articleSection\":[\"Siyas\u0259t\",\"T\u00f6vsiy\u0259\",\"X\u0259b\u0259rl\u0259r\"],\"inLanguage\":\"az\"},{\"@type\":\"WebPage\",\"@id\":\"https:\\\/\\\/www.meydan.tv\\\/az\\\/article\\\/tofiq-yaqublu-gorm%c9%99-qabiliyy%c9%99tini-itirir\\\/\",\"url\":\"https:\\\/\\\/www.meydan.tv\\\/az\\\/article\\\/tofiq-yaqublu-gorm%c9%99-qabiliyy%c9%99tini-itirir\\\/\",\"name\":\"Tofiq Yaqublu g\u00f6rm\u0259 qabiliyy\u0259tini itirir - MEYDAN.TV\",\"isPartOf\":{\"@id\":\"https:\\\/\\\/www.meydan.tv\\\/az\\\/#website\"},\"primaryImageOfPage\":{\"@id\":\"https:\\\/\\\/www.meydan.tv\\\/az\\\/article\\\/tofiq-yaqublu-gorm%c9%99-qabiliyy%c9%99tini-itirir\\\/#primaryimage\"},\"image\":{\"@id\":\"https:\\\/\\\/www.meydan.tv\\\/az\\\/article\\\/tofiq-yaqublu-gorm%c9%99-qabiliyy%c9%99tini-itirir\\\/#primaryimage\"},\"thumbnailUrl\":\"https:\\\/\\\/www.meydan.tv\\\/wp-content\\\/uploads\\\/img_9510-e1674401110384-1-1.jpg\",\"datePublished\":\"2025-04-17T12:38:45+00:00\",\"dateModified\":\"2025-04-17T12:38:47+00:00\",\"breadcrumb\":{\"@id\":\"https:\\\/\\\/www.meydan.tv\\\/az\\\/article\\\/tofiq-yaqublu-gorm%c9%99-qabiliyy%c9%99tini-itirir\\\/#breadcrumb\"},\"inLanguage\":\"az\",\"potentialAction\":[{\"@type\":\"ReadAction\",\"target\":[\"https:\\\/\\\/www.meydan.tv\\\/az\\\/article\\\/tofiq-yaqublu-gorm%c9%99-qabiliyy%c9%99tini-itirir\\\/\"]}]},{\"@type\":\"ImageObject\",\"inLanguage\":\"az\",\"@id\":\"https:\\\/\\\/www.meydan.tv\\\/az\\\/article\\\/tofiq-yaqublu-gorm%c9%99-qabiliyy%c9%99tini-itirir\\\/#primaryimage\",\"url\":\"https:\\\/\\\/www.meydan.tv\\\/wp-content\\\/uploads\\\/img_9510-e1674401110384-1-1.jpg\",\"contentUrl\":\"https:\\\/\\\/www.meydan.tv\\\/wp-content\\\/uploads\\\/img_9510-e1674401110384-1-1.jpg\",\"width\":1200,\"height\":564,\"caption\":\"\u0418\u043b\u043b\u044e\u0441\u0442\u0440\u0430\u0446\u0438\u044f \u041c\u0435\u0439\u0434\u0430\u043d \u0422\u0412\"},{\"@type\":\"BreadcrumbList\",\"@id\":\"https:\\\/\\\/www.meydan.tv\\\/az\\\/article\\\/tofiq-yaqublu-gorm%c9%99-qabiliyy%c9%99tini-itirir\\\/#breadcrumb\",\"itemListElement\":[{\"@type\":\"ListItem\",\"position\":1,\"name\":\"Ana s\u0259hif\u0259\",\"item\":\"https:\\\/\\\/www.meydan.tv\\\/az\\\/\"},{\"@type\":\"ListItem\",\"position\":2,\"name\":\"Siyas\u0259t\",\"item\":\"https:\\\/\\\/www.meydan.tv\\\/az\\\/section\\\/siyaset\\\/\"},{\"@type\":\"ListItem\",\"position\":3,\"name\":\"Tofiq Yaqublu g\u00f6rm\u0259 qabiliyy\u0259tini itirir\"}]},{\"@type\":\"WebSite\",\"@id\":\"https:\\\/\\\/www.meydan.tv\\\/az\\\/#website\",\"url\":\"https:\\\/\\\/www.meydan.tv\\\/az\\\/\",\"name\":\"MEYDAN.TV\",\"description\":\"Meydan TV Az\u0259rbaycan\u0131n media m\u0259kan\u0131ndak\u0131 alternativ s\u0259sidir\",\"publisher\":{\"@id\":\"https:\\\/\\\/www.meydan.tv\\\/az\\\/#organization\"},\"potentialAction\":[{\"@type\":\"SearchAction\",\"target\":{\"@type\":\"EntryPoint\",\"urlTemplate\":\"https:\\\/\\\/www.meydan.tv\\\/az\\\/?s={search_term_string}\"},\"query-input\":{\"@type\":\"PropertyValueSpecification\",\"valueRequired\":true,\"valueName\":\"search_term_string\"}}],\"inLanguage\":\"az\"},{\"@type\":\"Organization\",\"@id\":\"https:\\\/\\\/www.meydan.tv\\\/az\\\/#organization\",\"name\":\"Meydan TV\",\"url\":\"https:\\\/\\\/www.meydan.tv\\\/az\\\/\",\"logo\":{\"@type\":\"ImageObject\",\"inLanguage\":\"az\",\"@id\":\"https:\\\/\\\/www.meydan.tv\\\/az\\\/#\\\/schema\\\/logo\\\/image\\\/\",\"url\":\"https:\\\/\\\/www.meydan.tv\\\/wp-content\\\/uploads\\\/2021\\\/07\\\/meydan-logo.svg\",\"contentUrl\":\"https:\\\/\\\/www.meydan.tv\\\/wp-content\\\/uploads\\\/2021\\\/07\\\/meydan-logo.svg\",\"width\":195,\"height\":46,\"caption\":\"Meydan TV\"},\"image\":{\"@id\":\"https:\\\/\\\/www.meydan.tv\\\/az\\\/#\\\/schema\\\/logo\\\/image\\\/\"}},{\"@type\":\"Person\",\"@id\":\"https:\\\/\\\/www.meydan.tv\\\/az\\\/#\\\/schema\\\/person\\\/09863e516102a829e72bedcf3f84c6b0\",\"name\":\"mahmud\"}]}<\/script>\n<!-- \/ Yoast SEO plugin. -->","yoast_head_json":{"title":"Tofiq Yaqublu g\u00f6rm\u0259 qabiliyy\u0259tini itirir - MEYDAN.TV","robots":{"index":"index","follow":"follow","max-snippet":"max-snippet:-1","max-image-preview":"max-image-preview:large","max-video-preview":"max-video-preview:-1"},"canonical":"https:\/\/www.meydan.tv\/az\/article\/tofiq-yaqublu-gorm%c9%99-qabiliyy%c9%99tini-itirir\/","og_locale":"az_AZ","og_type":"article","og_title":"Tofiq Yaqublu g\u00f6rm\u0259 qabiliyy\u0259tini itirir - MEYDAN.TV","og_description":"\u201c\u018fdal\u0259tin\u0259 nail olmaq \u00fc\u00e7\u00fcn fiziki m\u0259hv olmas\u0131n\u0131 bel\u0259 g\u00f6z \u00f6n\u00fcn\u0259 ... Davam\u0131","og_url":"https:\/\/www.meydan.tv\/az\/article\/tofiq-yaqublu-gorm%c9%99-qabiliyy%c9%99tini-itirir\/","og_site_name":"MEYDAN.TV","article_published_time":"2025-04-17T12:38:45+00:00","article_modified_time":"2025-04-17T12:38:47+00:00","og_image":[{"width":1200,"height":564,"url":"https:\/\/www.meydan.tv\/wp-content\/uploads\/img_9510-e1674401110384-1-1.jpg","type":"image\/jpeg"}],"author":"mahmud","twitter_card":"summary_large_image","schema":{"@context":"https:\/\/schema.org","@graph":[{"@type":"Article","@id":"https:\/\/www.meydan.tv\/az\/article\/tofiq-yaqublu-gorm%c9%99-qabiliyy%c9%99tini-itirir\/#article","isPartOf":{"@id":"https:\/\/www.meydan.tv\/az\/article\/tofiq-yaqublu-gorm%c9%99-qabiliyy%c9%99tini-itirir\/"},"author":{"name":"mahmud","@id":"https:\/\/www.meydan.tv\/az\/#\/schema\/person\/09863e516102a829e72bedcf3f84c6b0"},"headline":"Tofiq Yaqublu g\u00f6rm\u0259 qabiliyy\u0259tini itirir","datePublished":"2025-04-17T12:38:45+00:00","dateModified":"2025-04-17T12:38:47+00:00","mainEntityOfPage":{"@id":"https:\/\/www.meydan.tv\/az\/article\/tofiq-yaqublu-gorm%c9%99-qabiliyy%c9%99tini-itirir\/"},"wordCount":981,"publisher":{"@id":"https:\/\/www.meydan.tv\/az\/#organization"},"image":{"@id":"https:\/\/www.meydan.tv\/az\/article\/tofiq-yaqublu-gorm%c9%99-qabiliyy%c9%99tini-itirir\/#primaryimage"},"thumbnailUrl":"https:\/\/www.meydan.tv\/wp-content\/uploads\/img_9510-e1674401110384-1-1.jpg","articleSection":["Siyas\u0259t","T\u00f6vsiy\u0259","X\u0259b\u0259rl\u0259r"],"inLanguage":"az"},{"@type":"WebPage","@id":"https:\/\/www.meydan.tv\/az\/article\/tofiq-yaqublu-gorm%c9%99-qabiliyy%c9%99tini-itirir\/","url":"https:\/\/www.meydan.tv\/az\/article\/tofiq-yaqublu-gorm%c9%99-qabiliyy%c9%99tini-itirir\/","name":"Tofiq Yaqublu g\u00f6rm\u0259 qabiliyy\u0259tini itirir - MEYDAN.TV","isPartOf":{"@id":"https:\/\/www.meydan.tv\/az\/#website"},"primaryImageOfPage":{"@id":"https:\/\/www.meydan.tv\/az\/article\/tofiq-yaqublu-gorm%c9%99-qabiliyy%c9%99tini-itirir\/#primaryimage"},"image":{"@id":"https:\/\/www.meydan.tv\/az\/article\/tofiq-yaqublu-gorm%c9%99-qabiliyy%c9%99tini-itirir\/#primaryimage"},"thumbnailUrl":"https:\/\/www.meydan.tv\/wp-content\/uploads\/img_9510-e1674401110384-1-1.jpg","datePublished":"2025-04-17T12:38:45+00:00","dateModified":"2025-04-17T12:38:47+00:00","breadcrumb":{"@id":"https:\/\/www.meydan.tv\/az\/article\/tofiq-yaqublu-gorm%c9%99-qabiliyy%c9%99tini-itirir\/#breadcrumb"},"inLanguage":"az","potentialAction":[{"@type":"ReadAction","target":["https:\/\/www.meydan.tv\/az\/article\/tofiq-yaqublu-gorm%c9%99-qabiliyy%c9%99tini-itirir\/"]}]},{"@type":"ImageObject","inLanguage":"az","@id":"https:\/\/www.meydan.tv\/az\/article\/tofiq-yaqublu-gorm%c9%99-qabiliyy%c9%99tini-itirir\/#primaryimage","url":"https:\/\/www.meydan.tv\/wp-content\/uploads\/img_9510-e1674401110384-1-1.jpg","contentUrl":"https:\/\/www.meydan.tv\/wp-content\/uploads\/img_9510-e1674401110384-1-1.jpg","width":1200,"height":564,"caption":"\u0418\u043b\u043b\u044e\u0441\u0442\u0440\u0430\u0446\u0438\u044f \u041c\u0435\u0439\u0434\u0430\u043d \u0422\u0412"},{"@type":"BreadcrumbList","@id":"https:\/\/www.meydan.tv\/az\/article\/tofiq-yaqublu-gorm%c9%99-qabiliyy%c9%99tini-itirir\/#breadcrumb","itemListElement":[{"@type":"ListItem","position":1,"name":"Ana s\u0259hif\u0259","item":"https:\/\/www.meydan.tv\/az\/"},{"@type":"ListItem","position":2,"name":"Siyas\u0259t","item":"https:\/\/www.meydan.tv\/az\/section\/siyaset\/"},{"@type":"ListItem","position":3,"name":"Tofiq Yaqublu g\u00f6rm\u0259 qabiliyy\u0259tini itirir"}]},{"@type":"WebSite","@id":"https:\/\/www.meydan.tv\/az\/#website","url":"https:\/\/www.meydan.tv\/az\/","name":"MEYDAN.TV","description":"Meydan TV Az\u0259rbaycan\u0131n media m\u0259kan\u0131ndak\u0131 alternativ s\u0259sidir","publisher":{"@id":"https:\/\/www.meydan.tv\/az\/#organization"},"potentialAction":[{"@type":"SearchAction","target":{"@type":"EntryPoint","urlTemplate":"https:\/\/www.meydan.tv\/az\/?s={search_term_string}"},"query-input":{"@type":"PropertyValueSpecification","valueRequired":true,"valueName":"search_term_string"}}],"inLanguage":"az"},{"@type":"Organization","@id":"https:\/\/www.meydan.tv\/az\/#organization","name":"Meydan TV","url":"https:\/\/www.meydan.tv\/az\/","logo":{"@type":"ImageObject","inLanguage":"az","@id":"https:\/\/www.meydan.tv\/az\/#\/schema\/logo\/image\/","url":"https:\/\/www.meydan.tv\/wp-content\/uploads\/2021\/07\/meydan-logo.svg","contentUrl":"https:\/\/www.meydan.tv\/wp-content\/uploads\/2021\/07\/meydan-logo.svg","width":195,"height":46,"caption":"Meydan TV"},"image":{"@id":"https:\/\/www.meydan.tv\/az\/#\/schema\/logo\/image\/"}},{"@type":"Person","@id":"https:\/\/www.meydan.tv\/az\/#\/schema\/person\/09863e516102a829e72bedcf3f84c6b0","name":"mahmud"}]}},"_links":{"self":[{"href":"https:\/\/www.meydan.tv\/az\/wp-json\/wp\/v2\/posts\/328960","targetHints":{"allow":["GET"]}}],"collection":[{"href":"https:\/\/www.meydan.tv\/az\/wp-json\/wp\/v2\/posts"}],"about":[{"href":"https:\/\/www.meydan.tv\/az\/wp-json\/wp\/v2\/types\/post"}],"author":[{"embeddable":true,"href":"https:\/\/www.meydan.tv\/az\/wp-json\/wp\/v2\/users\/21"}],"replies":[{"embeddable":true,"href":"https:\/\/www.meydan.tv\/az\/wp-json\/wp\/v2\/comments?post=328960"}],"version-history":[{"count":3,"href":"https:\/\/www.meydan.tv\/az\/wp-json\/wp\/v2\/posts\/328960\/revisions"}],"predecessor-version":[{"id":328963,"href":"https:\/\/www.meydan.tv\/az\/wp-json\/wp\/v2\/posts\/328960\/revisions\/328963"}],"wp:featuredmedia":[{"embeddable":true,"href":"https:\/\/www.meydan.tv\/az\/wp-json\/wp\/v2\/media\/328769"}],"wp:attachment":[{"href":"https:\/\/www.meydan.tv\/az\/wp-json\/wp\/v2\/media?parent=328960"}],"wp:term":[{"taxonomy":"category","embeddable":true,"href":"https:\/\/www.meydan.tv\/az\/wp-json\/wp\/v2\/categories?post=328960"},{"taxonomy":"post_tag","embeddable":true,"href":"https:\/\/www.meydan.tv\/az\/wp-json\/wp\/v2\/tags?post=328960"}],"curies":[{"name":"wp","href":"https:\/\/api.w.org\/{rel}","templated":true}]}}