{"id":328946,"date":"2025-04-17T13:41:53","date_gmt":"2025-04-17T09:41:53","guid":{"rendered":"https:\/\/www.meydan.tv\/?p=328946"},"modified":"2025-04-17T14:01:29","modified_gmt":"2025-04-17T10:01:29","slug":"sabrancayda-iki-n%c9%99f%c9%99r-batib","status":"publish","type":"post","link":"https:\/\/www.meydan.tv\/az\/article\/sabrancayda-iki-n%c9%99f%c9%99r-batib\/","title":{"rendered":"\u015eabran\u00e7ayda iki n\u0259f\u0259r bat\u0131b"},"content":{"rendered":"\n<p><\/p>\n\n\n\n<p><strong><em>H\u0259r iki \u015f\u0259xs i\u015f\u0259 ged\u0259n zaman sel\u0259 d\u00fc\u015f\u00fcb<\/em><\/strong><\/p>\n\n\n\n<p>Aprelin 16-s\u0131 \u015eabran\u00e7ay \u00e7ay\u0131n\u0131n \u015eabran rayonu X\u0259lf\u0259l\u0259r k\u0259ndind\u0259n ke\u00e7\u0259n hiss\u0259sind\u0259 iki n\u0259f\u0259rin batd\u0131\u011f\u0131 bildirilir.<\/p>\n\n\n\n<p>F\u00f6vq\u0259lad\u0259 Hallar Nazirliyinin (FHN) m\u0259lumat\u0131na g\u00f6r\u0259, h\u0259min \u015f\u0259xsl\u0259rin meyitl\u0259rinin \u00e7ay\u0131n sahilind\u0259n g\u00f6t\u00fcr\u00fclm\u0259sin\u0259 k\u00f6m\u0259klik g\u00f6st\u0259rilm\u0259si \u00fc\u00e7\u00fcn nazirliy\u0259 m\u00fcraci\u0259t daxil olub:<\/p>\n\n\n\n<p><em>\u201cM\u00fcraci\u0259tl\u0259 \u0259laq\u0259dar FHN-nin dal\u011f\u0131c-xilasedicil\u0259ri hadis\u0259 yerin\u0259 c\u0259lb olunublar. H\u0259yata ke\u00e7iril\u0259n t\u0259dbirl\u0259r n\u0259tic\u0259sind\u0259 iki n\u0259f\u0259rin meyiti g\u00f6t\u00fcr\u00fcl\u0259r\u0259k aidiyy\u0259ti \u00fczr\u0259 t\u0259hvil verilib\u201d.<\/em><\/p>\n\n\n\n<p>Yerli saytlar\u0131n m\u0259lumat\u0131nda onlar\u0131n \u201cSiy\u0259z\u0259n Oil\u201d neft \u015firk\u0259tinin \u0259m\u0259kda\u015flar\u0131 oldu\u011fu bildirilir. \u0130lkin m\u0259lumata g\u00f6r\u0259, h\u0259r iki \u015f\u0259xs i\u015f\u0259 ged\u0259n zaman sel\u0259 d\u00fc\u015f\u00fcb.<\/p>\n\n\n\n<p>Onlar 59 ya\u015fl\u0131 \u015eirvan \u015f\u0259h\u0259r sakini M\u0259mm\u0259dov Nurm\u0259mm\u0259d Q\u0259hr\u0259man o\u011flu v\u0259 63 ya\u015fl\u0131 Salyan rayon sakini Na\u011f\u0131yev Etibar Hafiz o\u011fludur.<\/p>\n\n\n\n<p>Faktla ba\u011fl\u0131 \u015eabran rayon Prokurorlu\u011funda ara\u015fd\u0131rma apar\u0131l\u0131r.<\/p>\n\n\n\n<p>M\u0259lumatlara h\u0259lak olan \u015f\u0259xsl\u0259rin yax\u0131nlar\u0131ndan v\u0259 ba\u015fqa aidiyy\u0259ti r\u0259smi qurumlardan m\u00fcnasib\u0259t almaq m\u00fcmk\u00fcn olmay\u0131b.<\/p>\n","protected":false},"excerpt":{"rendered":"<p>H\u0259r iki \u015f\u0259xs i\u015f\u0259 ged\u0259n zaman sel\u0259 d\u00fc\u015f\u00fcb Aprelin 16-s\u0131 &#8230; <\/p>\n<p class=\"read-more-container\"><a title=\"\u015eabran\u00e7ayda iki n\u0259f\u0259r bat\u0131b\" class=\"read-more button\" href=\"https:\/\/www.meydan.tv\/az\/article\/sabrancayda-iki-n%c9%99f%c9%99r-batib\/#more-328946\" aria-label=\"Read more about \u015eabran\u00e7ayda iki n\u0259f\u0259r bat\u0131b\">Davam\u0131<\/a><\/p>\n","protected":false},"author":21,"featured_media":328951,"comment_status":"closed","ping_status":"closed","sticky":false,"template":"","format":"standard","meta":{"_acf_changed":false,"_sitemap_exclude":false,"_sitemap_priority":"","_sitemap_frequency":"","footnotes":""},"categories":[62,56],"tags":[],"class_list":["post-328946","post","type-post","status-publish","format-standard","has-post-thumbnail","hentry","category-sosial","category-xeberler","infinite-scroll-item","generate-columns","tablet-grid-50","mobile-grid-100","grid-parent","grid-33","no-featured-image-padding"],"acf":[],"yoast_head":"<!-- This site is optimized with the Yoast SEO plugin v27.4 - https:\/\/yoast.com\/product\/yoast-seo-wordpress\/ -->\n<title>\u015eabran\u00e7ayda iki n\u0259f\u0259r bat\u0131b - MEYDAN.TV<\/title>\n<meta name=\"robots\" content=\"index, follow, max-snippet:-1, max-image-preview:large, max-video-preview:-1\" \/>\n<link rel=\"canonical\" href=\"https:\/\/www.meydan.tv\/az\/article\/sabrancayda-iki-n%c9%99f%c9%99r-batib\/\" \/>\n<meta property=\"og:locale\" content=\"az_AZ\" \/>\n<meta property=\"og:type\" content=\"article\" \/>\n<meta property=\"og:title\" content=\"\u015eabran\u00e7ayda iki n\u0259f\u0259r bat\u0131b - MEYDAN.TV\" \/>\n<meta property=\"og:description\" content=\"H\u0259r iki \u015f\u0259xs i\u015f\u0259 ged\u0259n zaman sel\u0259 d\u00fc\u015f\u00fcb Aprelin 16-s\u0131 ... Davam\u0131\" \/>\n<meta property=\"og:url\" content=\"https:\/\/www.meydan.tv\/az\/article\/sabrancayda-iki-n%c9%99f%c9%99r-batib\/\" \/>\n<meta property=\"og:site_name\" content=\"MEYDAN.TV\" \/>\n<meta property=\"article:published_time\" content=\"2025-04-17T09:41:53+00:00\" \/>\n<meta property=\"article:modified_time\" content=\"2025-04-17T10:01:29+00:00\" \/>\n<meta property=\"og:image\" content=\"https:\/\/www.meydan.tv\/wp-content\/uploads\/image_720-1-1.png\" \/>\n\t<meta property=\"og:image:width\" content=\"720\" \/>\n\t<meta property=\"og:image:height\" content=\"449\" \/>\n\t<meta property=\"og:image:type\" content=\"image\/png\" \/>\n<meta name=\"author\" content=\"mahmud\" \/>\n<meta name=\"twitter:card\" content=\"summary_large_image\" \/>\n<script type=\"application\/ld+json\" class=\"yoast-schema-graph\">{\"@context\":\"https:\\\/\\\/schema.org\",\"@graph\":[{\"@type\":\"Article\",\"@id\":\"https:\\\/\\\/www.meydan.tv\\\/az\\\/article\\\/sabrancayda-iki-n%c9%99f%c9%99r-batib\\\/#article\",\"isPartOf\":{\"@id\":\"https:\\\/\\\/www.meydan.tv\\\/az\\\/article\\\/sabrancayda-iki-n%c9%99f%c9%99r-batib\\\/\"},\"author\":{\"name\":\"mahmud\",\"@id\":\"https:\\\/\\\/www.meydan.tv\\\/az\\\/#\\\/schema\\\/person\\\/09863e516102a829e72bedcf3f84c6b0\"},\"headline\":\"\u015eabran\u00e7ayda iki n\u0259f\u0259r bat\u0131b\",\"datePublished\":\"2025-04-17T09:41:53+00:00\",\"dateModified\":\"2025-04-17T10:01:29+00:00\",\"mainEntityOfPage\":{\"@id\":\"https:\\\/\\\/www.meydan.tv\\\/az\\\/article\\\/sabrancayda-iki-n%c9%99f%c9%99r-batib\\\/\"},\"wordCount\":234,\"publisher\":{\"@id\":\"https:\\\/\\\/www.meydan.tv\\\/az\\\/#organization\"},\"image\":{\"@id\":\"https:\\\/\\\/www.meydan.tv\\\/az\\\/article\\\/sabrancayda-iki-n%c9%99f%c9%99r-batib\\\/#primaryimage\"},\"thumbnailUrl\":\"https:\\\/\\\/www.meydan.tv\\\/wp-content\\\/uploads\\\/image_720-1-1.png\",\"articleSection\":[\"Sosial\",\"X\u0259b\u0259rl\u0259r\"],\"inLanguage\":\"az\"},{\"@type\":\"WebPage\",\"@id\":\"https:\\\/\\\/www.meydan.tv\\\/az\\\/article\\\/sabrancayda-iki-n%c9%99f%c9%99r-batib\\\/\",\"url\":\"https:\\\/\\\/www.meydan.tv\\\/az\\\/article\\\/sabrancayda-iki-n%c9%99f%c9%99r-batib\\\/\",\"name\":\"\u015eabran\u00e7ayda iki n\u0259f\u0259r bat\u0131b - MEYDAN.TV\",\"isPartOf\":{\"@id\":\"https:\\\/\\\/www.meydan.tv\\\/az\\\/#website\"},\"primaryImageOfPage\":{\"@id\":\"https:\\\/\\\/www.meydan.tv\\\/az\\\/article\\\/sabrancayda-iki-n%c9%99f%c9%99r-batib\\\/#primaryimage\"},\"image\":{\"@id\":\"https:\\\/\\\/www.meydan.tv\\\/az\\\/article\\\/sabrancayda-iki-n%c9%99f%c9%99r-batib\\\/#primaryimage\"},\"thumbnailUrl\":\"https:\\\/\\\/www.meydan.tv\\\/wp-content\\\/uploads\\\/image_720-1-1.png\",\"datePublished\":\"2025-04-17T09:41:53+00:00\",\"dateModified\":\"2025-04-17T10:01:29+00:00\",\"breadcrumb\":{\"@id\":\"https:\\\/\\\/www.meydan.tv\\\/az\\\/article\\\/sabrancayda-iki-n%c9%99f%c9%99r-batib\\\/#breadcrumb\"},\"inLanguage\":\"az\",\"potentialAction\":[{\"@type\":\"ReadAction\",\"target\":[\"https:\\\/\\\/www.meydan.tv\\\/az\\\/article\\\/sabrancayda-iki-n%c9%99f%c9%99r-batib\\\/\"]}]},{\"@type\":\"ImageObject\",\"inLanguage\":\"az\",\"@id\":\"https:\\\/\\\/www.meydan.tv\\\/az\\\/article\\\/sabrancayda-iki-n%c9%99f%c9%99r-batib\\\/#primaryimage\",\"url\":\"https:\\\/\\\/www.meydan.tv\\\/wp-content\\\/uploads\\\/image_720-1-1.png\",\"contentUrl\":\"https:\\\/\\\/www.meydan.tv\\\/wp-content\\\/uploads\\\/image_720-1-1.png\",\"width\":720,\"height\":449,\"caption\":\"Foto: Az\u0259rtac\"},{\"@type\":\"BreadcrumbList\",\"@id\":\"https:\\\/\\\/www.meydan.tv\\\/az\\\/article\\\/sabrancayda-iki-n%c9%99f%c9%99r-batib\\\/#breadcrumb\",\"itemListElement\":[{\"@type\":\"ListItem\",\"position\":1,\"name\":\"Ana s\u0259hif\u0259\",\"item\":\"https:\\\/\\\/www.meydan.tv\\\/az\\\/\"},{\"@type\":\"ListItem\",\"position\":2,\"name\":\"Sosial\",\"item\":\"https:\\\/\\\/www.meydan.tv\\\/az\\\/section\\\/sosial\\\/\"},{\"@type\":\"ListItem\",\"position\":3,\"name\":\"\u015eabran\u00e7ayda iki n\u0259f\u0259r bat\u0131b\"}]},{\"@type\":\"WebSite\",\"@id\":\"https:\\\/\\\/www.meydan.tv\\\/az\\\/#website\",\"url\":\"https:\\\/\\\/www.meydan.tv\\\/az\\\/\",\"name\":\"MEYDAN.TV\",\"description\":\"Meydan TV Az\u0259rbaycan\u0131n media m\u0259kan\u0131ndak\u0131 alternativ s\u0259sidir\",\"publisher\":{\"@id\":\"https:\\\/\\\/www.meydan.tv\\\/az\\\/#organization\"},\"potentialAction\":[{\"@type\":\"SearchAction\",\"target\":{\"@type\":\"EntryPoint\",\"urlTemplate\":\"https:\\\/\\\/www.meydan.tv\\\/az\\\/?s={search_term_string}\"},\"query-input\":{\"@type\":\"PropertyValueSpecification\",\"valueRequired\":true,\"valueName\":\"search_term_string\"}}],\"inLanguage\":\"az\"},{\"@type\":\"Organization\",\"@id\":\"https:\\\/\\\/www.meydan.tv\\\/az\\\/#organization\",\"name\":\"Meydan TV\",\"url\":\"https:\\\/\\\/www.meydan.tv\\\/az\\\/\",\"logo\":{\"@type\":\"ImageObject\",\"inLanguage\":\"az\",\"@id\":\"https:\\\/\\\/www.meydan.tv\\\/az\\\/#\\\/schema\\\/logo\\\/image\\\/\",\"url\":\"https:\\\/\\\/www.meydan.tv\\\/wp-content\\\/uploads\\\/2021\\\/07\\\/meydan-logo.svg\",\"contentUrl\":\"https:\\\/\\\/www.meydan.tv\\\/wp-content\\\/uploads\\\/2021\\\/07\\\/meydan-logo.svg\",\"width\":195,\"height\":46,\"caption\":\"Meydan TV\"},\"image\":{\"@id\":\"https:\\\/\\\/www.meydan.tv\\\/az\\\/#\\\/schema\\\/logo\\\/image\\\/\"}},{\"@type\":\"Person\",\"@id\":\"https:\\\/\\\/www.meydan.tv\\\/az\\\/#\\\/schema\\\/person\\\/09863e516102a829e72bedcf3f84c6b0\",\"name\":\"mahmud\"}]}<\/script>\n<!-- \/ Yoast SEO plugin. -->","yoast_head_json":{"title":"\u015eabran\u00e7ayda iki n\u0259f\u0259r bat\u0131b - MEYDAN.TV","robots":{"index":"index","follow":"follow","max-snippet":"max-snippet:-1","max-image-preview":"max-image-preview:large","max-video-preview":"max-video-preview:-1"},"canonical":"https:\/\/www.meydan.tv\/az\/article\/sabrancayda-iki-n%c9%99f%c9%99r-batib\/","og_locale":"az_AZ","og_type":"article","og_title":"\u015eabran\u00e7ayda iki n\u0259f\u0259r bat\u0131b - MEYDAN.TV","og_description":"H\u0259r iki \u015f\u0259xs i\u015f\u0259 ged\u0259n zaman sel\u0259 d\u00fc\u015f\u00fcb Aprelin 16-s\u0131 ... Davam\u0131","og_url":"https:\/\/www.meydan.tv\/az\/article\/sabrancayda-iki-n%c9%99f%c9%99r-batib\/","og_site_name":"MEYDAN.TV","article_published_time":"2025-04-17T09:41:53+00:00","article_modified_time":"2025-04-17T10:01:29+00:00","og_image":[{"width":720,"height":449,"url":"https:\/\/www.meydan.tv\/wp-content\/uploads\/image_720-1-1.png","type":"image\/png"}],"author":"mahmud","twitter_card":"summary_large_image","schema":{"@context":"https:\/\/schema.org","@graph":[{"@type":"Article","@id":"https:\/\/www.meydan.tv\/az\/article\/sabrancayda-iki-n%c9%99f%c9%99r-batib\/#article","isPartOf":{"@id":"https:\/\/www.meydan.tv\/az\/article\/sabrancayda-iki-n%c9%99f%c9%99r-batib\/"},"author":{"name":"mahmud","@id":"https:\/\/www.meydan.tv\/az\/#\/schema\/person\/09863e516102a829e72bedcf3f84c6b0"},"headline":"\u015eabran\u00e7ayda iki n\u0259f\u0259r bat\u0131b","datePublished":"2025-04-17T09:41:53+00:00","dateModified":"2025-04-17T10:01:29+00:00","mainEntityOfPage":{"@id":"https:\/\/www.meydan.tv\/az\/article\/sabrancayda-iki-n%c9%99f%c9%99r-batib\/"},"wordCount":234,"publisher":{"@id":"https:\/\/www.meydan.tv\/az\/#organization"},"image":{"@id":"https:\/\/www.meydan.tv\/az\/article\/sabrancayda-iki-n%c9%99f%c9%99r-batib\/#primaryimage"},"thumbnailUrl":"https:\/\/www.meydan.tv\/wp-content\/uploads\/image_720-1-1.png","articleSection":["Sosial","X\u0259b\u0259rl\u0259r"],"inLanguage":"az"},{"@type":"WebPage","@id":"https:\/\/www.meydan.tv\/az\/article\/sabrancayda-iki-n%c9%99f%c9%99r-batib\/","url":"https:\/\/www.meydan.tv\/az\/article\/sabrancayda-iki-n%c9%99f%c9%99r-batib\/","name":"\u015eabran\u00e7ayda iki n\u0259f\u0259r bat\u0131b - MEYDAN.TV","isPartOf":{"@id":"https:\/\/www.meydan.tv\/az\/#website"},"primaryImageOfPage":{"@id":"https:\/\/www.meydan.tv\/az\/article\/sabrancayda-iki-n%c9%99f%c9%99r-batib\/#primaryimage"},"image":{"@id":"https:\/\/www.meydan.tv\/az\/article\/sabrancayda-iki-n%c9%99f%c9%99r-batib\/#primaryimage"},"thumbnailUrl":"https:\/\/www.meydan.tv\/wp-content\/uploads\/image_720-1-1.png","datePublished":"2025-04-17T09:41:53+00:00","dateModified":"2025-04-17T10:01:29+00:00","breadcrumb":{"@id":"https:\/\/www.meydan.tv\/az\/article\/sabrancayda-iki-n%c9%99f%c9%99r-batib\/#breadcrumb"},"inLanguage":"az","potentialAction":[{"@type":"ReadAction","target":["https:\/\/www.meydan.tv\/az\/article\/sabrancayda-iki-n%c9%99f%c9%99r-batib\/"]}]},{"@type":"ImageObject","inLanguage":"az","@id":"https:\/\/www.meydan.tv\/az\/article\/sabrancayda-iki-n%c9%99f%c9%99r-batib\/#primaryimage","url":"https:\/\/www.meydan.tv\/wp-content\/uploads\/image_720-1-1.png","contentUrl":"https:\/\/www.meydan.tv\/wp-content\/uploads\/image_720-1-1.png","width":720,"height":449,"caption":"Foto: Az\u0259rtac"},{"@type":"BreadcrumbList","@id":"https:\/\/www.meydan.tv\/az\/article\/sabrancayda-iki-n%c9%99f%c9%99r-batib\/#breadcrumb","itemListElement":[{"@type":"ListItem","position":1,"name":"Ana s\u0259hif\u0259","item":"https:\/\/www.meydan.tv\/az\/"},{"@type":"ListItem","position":2,"name":"Sosial","item":"https:\/\/www.meydan.tv\/az\/section\/sosial\/"},{"@type":"ListItem","position":3,"name":"\u015eabran\u00e7ayda iki n\u0259f\u0259r bat\u0131b"}]},{"@type":"WebSite","@id":"https:\/\/www.meydan.tv\/az\/#website","url":"https:\/\/www.meydan.tv\/az\/","name":"MEYDAN.TV","description":"Meydan TV Az\u0259rbaycan\u0131n media m\u0259kan\u0131ndak\u0131 alternativ s\u0259sidir","publisher":{"@id":"https:\/\/www.meydan.tv\/az\/#organization"},"potentialAction":[{"@type":"SearchAction","target":{"@type":"EntryPoint","urlTemplate":"https:\/\/www.meydan.tv\/az\/?s={search_term_string}"},"query-input":{"@type":"PropertyValueSpecification","valueRequired":true,"valueName":"search_term_string"}}],"inLanguage":"az"},{"@type":"Organization","@id":"https:\/\/www.meydan.tv\/az\/#organization","name":"Meydan TV","url":"https:\/\/www.meydan.tv\/az\/","logo":{"@type":"ImageObject","inLanguage":"az","@id":"https:\/\/www.meydan.tv\/az\/#\/schema\/logo\/image\/","url":"https:\/\/www.meydan.tv\/wp-content\/uploads\/2021\/07\/meydan-logo.svg","contentUrl":"https:\/\/www.meydan.tv\/wp-content\/uploads\/2021\/07\/meydan-logo.svg","width":195,"height":46,"caption":"Meydan TV"},"image":{"@id":"https:\/\/www.meydan.tv\/az\/#\/schema\/logo\/image\/"}},{"@type":"Person","@id":"https:\/\/www.meydan.tv\/az\/#\/schema\/person\/09863e516102a829e72bedcf3f84c6b0","name":"mahmud"}]}},"_links":{"self":[{"href":"https:\/\/www.meydan.tv\/az\/wp-json\/wp\/v2\/posts\/328946","targetHints":{"allow":["GET"]}}],"collection":[{"href":"https:\/\/www.meydan.tv\/az\/wp-json\/wp\/v2\/posts"}],"about":[{"href":"https:\/\/www.meydan.tv\/az\/wp-json\/wp\/v2\/types\/post"}],"author":[{"embeddable":true,"href":"https:\/\/www.meydan.tv\/az\/wp-json\/wp\/v2\/users\/21"}],"replies":[{"embeddable":true,"href":"https:\/\/www.meydan.tv\/az\/wp-json\/wp\/v2\/comments?post=328946"}],"version-history":[{"count":1,"href":"https:\/\/www.meydan.tv\/az\/wp-json\/wp\/v2\/posts\/328946\/revisions"}],"predecessor-version":[{"id":328950,"href":"https:\/\/www.meydan.tv\/az\/wp-json\/wp\/v2\/posts\/328946\/revisions\/328950"}],"wp:featuredmedia":[{"embeddable":true,"href":"https:\/\/www.meydan.tv\/az\/wp-json\/wp\/v2\/media\/328951"}],"wp:attachment":[{"href":"https:\/\/www.meydan.tv\/az\/wp-json\/wp\/v2\/media?parent=328946"}],"wp:term":[{"taxonomy":"category","embeddable":true,"href":"https:\/\/www.meydan.tv\/az\/wp-json\/wp\/v2\/categories?post=328946"},{"taxonomy":"post_tag","embeddable":true,"href":"https:\/\/www.meydan.tv\/az\/wp-json\/wp\/v2\/tags?post=328946"}],"curies":[{"name":"wp","href":"https:\/\/api.w.org\/{rel}","templated":true}]}}