{"id":328940,"date":"2025-04-17T13:16:04","date_gmt":"2025-04-17T09:16:04","guid":{"rendered":"https:\/\/www.meydan.tv\/?p=328940"},"modified":"2025-04-17T13:16:06","modified_gmt":"2025-04-17T09:16:06","slug":"mirsahin-agayevin-qardasi-h%c9%99bs-olunub","status":"publish","type":"post","link":"https:\/\/www.meydan.tv\/az\/article\/mirsahin-agayevin-qardasi-h%c9%99bs-olunub\/","title":{"rendered":"Mir\u015fahin A\u011fayevin qarda\u015f\u0131 h\u0259bs olunub"},"content":{"rendered":"\n<p><\/p>\n\n\n\n<p><strong><em>O, d\u0259l\u0259duzluqda ittiham olunur<\/em><\/strong><strong><em><\/em><\/strong><\/p>\n\n\n\n<p>\u201cReal TV\u201dnin r\u0259hb\u0259ri Mir\u015fahin A\u011fayevin qarda\u015f\u0131 Mir\u0259ddin A\u011fayev h\u0259bs olunub.<\/p>\n\n\n\n<p>O, d\u0259l\u0259duzluqda ittiham olunur.<\/p>\n\n\n\n<p>Qohumlar\u0131n\u0131n Meydan TV-y\u0259 bildirdiyin\u0259 g\u00f6r\u0259, Mir\u0259ddin A\u011fayev martda atas\u0131n\u0131n yas m\u0259clisinin gedi\u015find\u0259 (\u00fc\u00e7 m\u0259rasimi g\u00fcn\u00fc) tutulub.<\/p>\n\n\n\n<p><em>\u201cM\u0259hk\u0259m\u0259si gedirdi, amma azadl\u0131qda idi\u201d,<\/em> &#8211; yax\u0131nlar\u0131 bildirib.<\/p>\n\n\n\n<p>Mir\u0259ddin A\u011fayev \u0259vv\u0259ll\u0259r \u0259lillik d\u0259r\u0259c\u0259sin\u0259 g\u00f6r\u0259 pensiya alm\u0131\u015f \u015f\u0259xsl\u0259r \u00fc\u00e7\u00fcn \u0259lillik d\u0259r\u0259c\u0259sini b\u0259rpa etdirm\u0259k ad\u0131 il\u0259 d\u0259l\u0259duzluqluqda ittiham olunur:<\/p>\n\n\n\n<p><em>\u201cPul ald\u0131\u011f\u0131 adamlardan biri d\u0259 \u00f6z qohumudur. Dediyin\u0259 g\u00f6r\u0259, pullar\u0131 x\u0259st\u0259liyin\u0259 g\u00f6r\u0259 m\u00fcalic\u0259sin\u0259 x\u0259rcl\u0259yib\u201d.<\/em><\/p>\n\n\n\n<p>1961-ci il t\u0259v\u0259ll\u00fcdl\u00fc Mir\u0259ddin A\u011fayev ixtisasca h\u0259kimdir. O, vaxtil\u0259 Salyan rayon Gigiyena v\u0259 Epidemiologiya M\u0259rk\u0259zind\u0259 direktor i\u015fl\u0259yib, Yard\u0131ml\u0131 rayon x\u0259st\u0259xanas\u0131n\u0131n ba\u015f h\u0259kimi olub. Bu, onun haqq\u0131nda d\u0259l\u0259duzluqla ba\u011fl\u0131 ilk cinay\u0259t i\u015fi deyil. \u018fvv\u0259ll\u0259r d\u0259 d\u0259f\u0259l\u0259rl\u0259 d\u0259l\u0259duzlu\u011fa g\u00f6r\u0259 m\u0259hkum edilib. H\u0259min i\u015fl\u0259rd\u0259 Mir\u015fahin A\u011fayevin d\u0259 ad\u0131 hallan\u0131b:<\/p>\n\n\n\n<p><em>\u201cMir\u0259ddin A\u011fayev K\u00fcrd\u0259xan\u0131da \u2013 Bak\u0131 \u0130stintaq T\u0259cridxanas\u0131n\u0131n tibbi-sanitar hiss\u0259sind\u0259 saxlan\u0131l\u0131r. M\u0259hk\u0259m\u0259si bir ne\u00e7\u0259 g\u00fcn \u0259vv\u0259l ba\u015fa \u00e7at\u0131b, 2 il azadl\u0131qdan m\u0259hrum edilib\u201d<\/em><em>, <\/em>&#8211; yax\u0131nlar\u0131 bel\u0259 deyib.<\/p>\n","protected":false},"excerpt":{"rendered":"<p>O, d\u0259l\u0259duzluqda ittiham olunur \u201cReal TV\u201dnin r\u0259hb\u0259ri Mir\u015fahin A\u011fayevin qarda\u015f\u0131 &#8230; <\/p>\n<p class=\"read-more-container\"><a title=\"Mir\u015fahin A\u011fayevin qarda\u015f\u0131 h\u0259bs olunub\" class=\"read-more button\" href=\"https:\/\/www.meydan.tv\/az\/article\/mirsahin-agayevin-qardasi-h%c9%99bs-olunub\/#more-328940\" aria-label=\"Read more about Mir\u015fahin A\u011fayevin qarda\u015f\u0131 h\u0259bs olunub\">Davam\u0131<\/a><\/p>\n","protected":false},"author":21,"featured_media":327874,"comment_status":"closed","ping_status":"closed","sticky":false,"template":"","format":"standard","meta":{"_acf_changed":false,"_sitemap_exclude":false,"_sitemap_priority":"","_sitemap_frequency":"","footnotes":""},"categories":[62,79,56],"tags":[],"class_list":["post-328940","post","type-post","status-publish","format-standard","has-post-thumbnail","hentry","category-sosial","category-featured","category-xeberler","infinite-scroll-item","generate-columns","tablet-grid-50","mobile-grid-100","grid-parent","grid-33","no-featured-image-padding"],"acf":[],"yoast_head":"<!-- This site is optimized with the Yoast SEO plugin v27.4 - https:\/\/yoast.com\/product\/yoast-seo-wordpress\/ -->\n<title>Mir\u015fahin A\u011fayevin qarda\u015f\u0131 h\u0259bs olunub - MEYDAN.TV<\/title>\n<meta name=\"robots\" content=\"index, follow, max-snippet:-1, max-image-preview:large, max-video-preview:-1\" \/>\n<link rel=\"canonical\" href=\"https:\/\/www.meydan.tv\/az\/article\/mirsahin-agayevin-qardasi-h%c9%99bs-olunub\/\" \/>\n<meta property=\"og:locale\" content=\"az_AZ\" \/>\n<meta property=\"og:type\" content=\"article\" \/>\n<meta property=\"og:title\" content=\"Mir\u015fahin A\u011fayevin qarda\u015f\u0131 h\u0259bs olunub - MEYDAN.TV\" \/>\n<meta property=\"og:description\" content=\"O, d\u0259l\u0259duzluqda ittiham olunur \u201cReal TV\u201dnin r\u0259hb\u0259ri Mir\u015fahin A\u011fayevin qarda\u015f\u0131 ... Davam\u0131\" \/>\n<meta property=\"og:url\" content=\"https:\/\/www.meydan.tv\/az\/article\/mirsahin-agayevin-qardasi-h%c9%99bs-olunub\/\" \/>\n<meta property=\"og:site_name\" content=\"MEYDAN.TV\" \/>\n<meta property=\"article:published_time\" content=\"2025-04-17T09:16:04+00:00\" \/>\n<meta property=\"article:modified_time\" content=\"2025-04-17T09:16:06+00:00\" \/>\n<meta property=\"og:image\" content=\"https:\/\/www.meydan.tv\/wp-content\/uploads\/0432-1.png\" \/>\n\t<meta property=\"og:image:width\" content=\"1179\" \/>\n\t<meta property=\"og:image:height\" content=\"576\" \/>\n\t<meta property=\"og:image:type\" content=\"image\/png\" \/>\n<meta name=\"author\" content=\"mahmud\" \/>\n<meta name=\"twitter:card\" content=\"summary_large_image\" \/>\n<script type=\"application\/ld+json\" class=\"yoast-schema-graph\">{\"@context\":\"https:\\\/\\\/schema.org\",\"@graph\":[{\"@type\":\"Article\",\"@id\":\"https:\\\/\\\/www.meydan.tv\\\/az\\\/article\\\/mirsahin-agayevin-qardasi-h%c9%99bs-olunub\\\/#article\",\"isPartOf\":{\"@id\":\"https:\\\/\\\/www.meydan.tv\\\/az\\\/article\\\/mirsahin-agayevin-qardasi-h%c9%99bs-olunub\\\/\"},\"author\":{\"name\":\"mahmud\",\"@id\":\"https:\\\/\\\/www.meydan.tv\\\/az\\\/#\\\/schema\\\/person\\\/09863e516102a829e72bedcf3f84c6b0\"},\"headline\":\"Mir\u015fahin A\u011fayevin qarda\u015f\u0131 h\u0259bs olunub\",\"datePublished\":\"2025-04-17T09:16:04+00:00\",\"dateModified\":\"2025-04-17T09:16:06+00:00\",\"mainEntityOfPage\":{\"@id\":\"https:\\\/\\\/www.meydan.tv\\\/az\\\/article\\\/mirsahin-agayevin-qardasi-h%c9%99bs-olunub\\\/\"},\"wordCount\":263,\"publisher\":{\"@id\":\"https:\\\/\\\/www.meydan.tv\\\/az\\\/#organization\"},\"image\":{\"@id\":\"https:\\\/\\\/www.meydan.tv\\\/az\\\/article\\\/mirsahin-agayevin-qardasi-h%c9%99bs-olunub\\\/#primaryimage\"},\"thumbnailUrl\":\"https:\\\/\\\/www.meydan.tv\\\/wp-content\\\/uploads\\\/0432-1.png\",\"articleSection\":[\"Sosial\",\"T\u00f6vsiy\u0259\",\"X\u0259b\u0259rl\u0259r\"],\"inLanguage\":\"az\"},{\"@type\":\"WebPage\",\"@id\":\"https:\\\/\\\/www.meydan.tv\\\/az\\\/article\\\/mirsahin-agayevin-qardasi-h%c9%99bs-olunub\\\/\",\"url\":\"https:\\\/\\\/www.meydan.tv\\\/az\\\/article\\\/mirsahin-agayevin-qardasi-h%c9%99bs-olunub\\\/\",\"name\":\"Mir\u015fahin A\u011fayevin qarda\u015f\u0131 h\u0259bs olunub - MEYDAN.TV\",\"isPartOf\":{\"@id\":\"https:\\\/\\\/www.meydan.tv\\\/az\\\/#website\"},\"primaryImageOfPage\":{\"@id\":\"https:\\\/\\\/www.meydan.tv\\\/az\\\/article\\\/mirsahin-agayevin-qardasi-h%c9%99bs-olunub\\\/#primaryimage\"},\"image\":{\"@id\":\"https:\\\/\\\/www.meydan.tv\\\/az\\\/article\\\/mirsahin-agayevin-qardasi-h%c9%99bs-olunub\\\/#primaryimage\"},\"thumbnailUrl\":\"https:\\\/\\\/www.meydan.tv\\\/wp-content\\\/uploads\\\/0432-1.png\",\"datePublished\":\"2025-04-17T09:16:04+00:00\",\"dateModified\":\"2025-04-17T09:16:06+00:00\",\"breadcrumb\":{\"@id\":\"https:\\\/\\\/www.meydan.tv\\\/az\\\/article\\\/mirsahin-agayevin-qardasi-h%c9%99bs-olunub\\\/#breadcrumb\"},\"inLanguage\":\"az\",\"potentialAction\":[{\"@type\":\"ReadAction\",\"target\":[\"https:\\\/\\\/www.meydan.tv\\\/az\\\/article\\\/mirsahin-agayevin-qardasi-h%c9%99bs-olunub\\\/\"]}]},{\"@type\":\"ImageObject\",\"inLanguage\":\"az\",\"@id\":\"https:\\\/\\\/www.meydan.tv\\\/az\\\/article\\\/mirsahin-agayevin-qardasi-h%c9%99bs-olunub\\\/#primaryimage\",\"url\":\"https:\\\/\\\/www.meydan.tv\\\/wp-content\\\/uploads\\\/0432-1.png\",\"contentUrl\":\"https:\\\/\\\/www.meydan.tv\\\/wp-content\\\/uploads\\\/0432-1.png\",\"width\":1179,\"height\":576,\"caption\":\"Foto: Leonardo AI\"},{\"@type\":\"BreadcrumbList\",\"@id\":\"https:\\\/\\\/www.meydan.tv\\\/az\\\/article\\\/mirsahin-agayevin-qardasi-h%c9%99bs-olunub\\\/#breadcrumb\",\"itemListElement\":[{\"@type\":\"ListItem\",\"position\":1,\"name\":\"Ana s\u0259hif\u0259\",\"item\":\"https:\\\/\\\/www.meydan.tv\\\/az\\\/\"},{\"@type\":\"ListItem\",\"position\":2,\"name\":\"Sosial\",\"item\":\"https:\\\/\\\/www.meydan.tv\\\/az\\\/section\\\/sosial\\\/\"},{\"@type\":\"ListItem\",\"position\":3,\"name\":\"Mir\u015fahin A\u011fayevin qarda\u015f\u0131 h\u0259bs olunub\"}]},{\"@type\":\"WebSite\",\"@id\":\"https:\\\/\\\/www.meydan.tv\\\/az\\\/#website\",\"url\":\"https:\\\/\\\/www.meydan.tv\\\/az\\\/\",\"name\":\"MEYDAN.TV\",\"description\":\"Meydan TV Az\u0259rbaycan\u0131n media m\u0259kan\u0131ndak\u0131 alternativ s\u0259sidir\",\"publisher\":{\"@id\":\"https:\\\/\\\/www.meydan.tv\\\/az\\\/#organization\"},\"potentialAction\":[{\"@type\":\"SearchAction\",\"target\":{\"@type\":\"EntryPoint\",\"urlTemplate\":\"https:\\\/\\\/www.meydan.tv\\\/az\\\/?s={search_term_string}\"},\"query-input\":{\"@type\":\"PropertyValueSpecification\",\"valueRequired\":true,\"valueName\":\"search_term_string\"}}],\"inLanguage\":\"az\"},{\"@type\":\"Organization\",\"@id\":\"https:\\\/\\\/www.meydan.tv\\\/az\\\/#organization\",\"name\":\"Meydan TV\",\"url\":\"https:\\\/\\\/www.meydan.tv\\\/az\\\/\",\"logo\":{\"@type\":\"ImageObject\",\"inLanguage\":\"az\",\"@id\":\"https:\\\/\\\/www.meydan.tv\\\/az\\\/#\\\/schema\\\/logo\\\/image\\\/\",\"url\":\"https:\\\/\\\/www.meydan.tv\\\/wp-content\\\/uploads\\\/2021\\\/07\\\/meydan-logo.svg\",\"contentUrl\":\"https:\\\/\\\/www.meydan.tv\\\/wp-content\\\/uploads\\\/2021\\\/07\\\/meydan-logo.svg\",\"width\":195,\"height\":46,\"caption\":\"Meydan TV\"},\"image\":{\"@id\":\"https:\\\/\\\/www.meydan.tv\\\/az\\\/#\\\/schema\\\/logo\\\/image\\\/\"}},{\"@type\":\"Person\",\"@id\":\"https:\\\/\\\/www.meydan.tv\\\/az\\\/#\\\/schema\\\/person\\\/09863e516102a829e72bedcf3f84c6b0\",\"name\":\"mahmud\"}]}<\/script>\n<!-- \/ Yoast SEO plugin. -->","yoast_head_json":{"title":"Mir\u015fahin A\u011fayevin qarda\u015f\u0131 h\u0259bs olunub - MEYDAN.TV","robots":{"index":"index","follow":"follow","max-snippet":"max-snippet:-1","max-image-preview":"max-image-preview:large","max-video-preview":"max-video-preview:-1"},"canonical":"https:\/\/www.meydan.tv\/az\/article\/mirsahin-agayevin-qardasi-h%c9%99bs-olunub\/","og_locale":"az_AZ","og_type":"article","og_title":"Mir\u015fahin A\u011fayevin qarda\u015f\u0131 h\u0259bs olunub - MEYDAN.TV","og_description":"O, d\u0259l\u0259duzluqda ittiham olunur \u201cReal TV\u201dnin r\u0259hb\u0259ri Mir\u015fahin A\u011fayevin qarda\u015f\u0131 ... Davam\u0131","og_url":"https:\/\/www.meydan.tv\/az\/article\/mirsahin-agayevin-qardasi-h%c9%99bs-olunub\/","og_site_name":"MEYDAN.TV","article_published_time":"2025-04-17T09:16:04+00:00","article_modified_time":"2025-04-17T09:16:06+00:00","og_image":[{"width":1179,"height":576,"url":"https:\/\/www.meydan.tv\/wp-content\/uploads\/0432-1.png","type":"image\/png"}],"author":"mahmud","twitter_card":"summary_large_image","schema":{"@context":"https:\/\/schema.org","@graph":[{"@type":"Article","@id":"https:\/\/www.meydan.tv\/az\/article\/mirsahin-agayevin-qardasi-h%c9%99bs-olunub\/#article","isPartOf":{"@id":"https:\/\/www.meydan.tv\/az\/article\/mirsahin-agayevin-qardasi-h%c9%99bs-olunub\/"},"author":{"name":"mahmud","@id":"https:\/\/www.meydan.tv\/az\/#\/schema\/person\/09863e516102a829e72bedcf3f84c6b0"},"headline":"Mir\u015fahin A\u011fayevin qarda\u015f\u0131 h\u0259bs olunub","datePublished":"2025-04-17T09:16:04+00:00","dateModified":"2025-04-17T09:16:06+00:00","mainEntityOfPage":{"@id":"https:\/\/www.meydan.tv\/az\/article\/mirsahin-agayevin-qardasi-h%c9%99bs-olunub\/"},"wordCount":263,"publisher":{"@id":"https:\/\/www.meydan.tv\/az\/#organization"},"image":{"@id":"https:\/\/www.meydan.tv\/az\/article\/mirsahin-agayevin-qardasi-h%c9%99bs-olunub\/#primaryimage"},"thumbnailUrl":"https:\/\/www.meydan.tv\/wp-content\/uploads\/0432-1.png","articleSection":["Sosial","T\u00f6vsiy\u0259","X\u0259b\u0259rl\u0259r"],"inLanguage":"az"},{"@type":"WebPage","@id":"https:\/\/www.meydan.tv\/az\/article\/mirsahin-agayevin-qardasi-h%c9%99bs-olunub\/","url":"https:\/\/www.meydan.tv\/az\/article\/mirsahin-agayevin-qardasi-h%c9%99bs-olunub\/","name":"Mir\u015fahin A\u011fayevin qarda\u015f\u0131 h\u0259bs olunub - MEYDAN.TV","isPartOf":{"@id":"https:\/\/www.meydan.tv\/az\/#website"},"primaryImageOfPage":{"@id":"https:\/\/www.meydan.tv\/az\/article\/mirsahin-agayevin-qardasi-h%c9%99bs-olunub\/#primaryimage"},"image":{"@id":"https:\/\/www.meydan.tv\/az\/article\/mirsahin-agayevin-qardasi-h%c9%99bs-olunub\/#primaryimage"},"thumbnailUrl":"https:\/\/www.meydan.tv\/wp-content\/uploads\/0432-1.png","datePublished":"2025-04-17T09:16:04+00:00","dateModified":"2025-04-17T09:16:06+00:00","breadcrumb":{"@id":"https:\/\/www.meydan.tv\/az\/article\/mirsahin-agayevin-qardasi-h%c9%99bs-olunub\/#breadcrumb"},"inLanguage":"az","potentialAction":[{"@type":"ReadAction","target":["https:\/\/www.meydan.tv\/az\/article\/mirsahin-agayevin-qardasi-h%c9%99bs-olunub\/"]}]},{"@type":"ImageObject","inLanguage":"az","@id":"https:\/\/www.meydan.tv\/az\/article\/mirsahin-agayevin-qardasi-h%c9%99bs-olunub\/#primaryimage","url":"https:\/\/www.meydan.tv\/wp-content\/uploads\/0432-1.png","contentUrl":"https:\/\/www.meydan.tv\/wp-content\/uploads\/0432-1.png","width":1179,"height":576,"caption":"Foto: Leonardo AI"},{"@type":"BreadcrumbList","@id":"https:\/\/www.meydan.tv\/az\/article\/mirsahin-agayevin-qardasi-h%c9%99bs-olunub\/#breadcrumb","itemListElement":[{"@type":"ListItem","position":1,"name":"Ana s\u0259hif\u0259","item":"https:\/\/www.meydan.tv\/az\/"},{"@type":"ListItem","position":2,"name":"Sosial","item":"https:\/\/www.meydan.tv\/az\/section\/sosial\/"},{"@type":"ListItem","position":3,"name":"Mir\u015fahin A\u011fayevin qarda\u015f\u0131 h\u0259bs olunub"}]},{"@type":"WebSite","@id":"https:\/\/www.meydan.tv\/az\/#website","url":"https:\/\/www.meydan.tv\/az\/","name":"MEYDAN.TV","description":"Meydan TV Az\u0259rbaycan\u0131n media m\u0259kan\u0131ndak\u0131 alternativ s\u0259sidir","publisher":{"@id":"https:\/\/www.meydan.tv\/az\/#organization"},"potentialAction":[{"@type":"SearchAction","target":{"@type":"EntryPoint","urlTemplate":"https:\/\/www.meydan.tv\/az\/?s={search_term_string}"},"query-input":{"@type":"PropertyValueSpecification","valueRequired":true,"valueName":"search_term_string"}}],"inLanguage":"az"},{"@type":"Organization","@id":"https:\/\/www.meydan.tv\/az\/#organization","name":"Meydan TV","url":"https:\/\/www.meydan.tv\/az\/","logo":{"@type":"ImageObject","inLanguage":"az","@id":"https:\/\/www.meydan.tv\/az\/#\/schema\/logo\/image\/","url":"https:\/\/www.meydan.tv\/wp-content\/uploads\/2021\/07\/meydan-logo.svg","contentUrl":"https:\/\/www.meydan.tv\/wp-content\/uploads\/2021\/07\/meydan-logo.svg","width":195,"height":46,"caption":"Meydan TV"},"image":{"@id":"https:\/\/www.meydan.tv\/az\/#\/schema\/logo\/image\/"}},{"@type":"Person","@id":"https:\/\/www.meydan.tv\/az\/#\/schema\/person\/09863e516102a829e72bedcf3f84c6b0","name":"mahmud"}]}},"_links":{"self":[{"href":"https:\/\/www.meydan.tv\/az\/wp-json\/wp\/v2\/posts\/328940","targetHints":{"allow":["GET"]}}],"collection":[{"href":"https:\/\/www.meydan.tv\/az\/wp-json\/wp\/v2\/posts"}],"about":[{"href":"https:\/\/www.meydan.tv\/az\/wp-json\/wp\/v2\/types\/post"}],"author":[{"embeddable":true,"href":"https:\/\/www.meydan.tv\/az\/wp-json\/wp\/v2\/users\/21"}],"replies":[{"embeddable":true,"href":"https:\/\/www.meydan.tv\/az\/wp-json\/wp\/v2\/comments?post=328940"}],"version-history":[{"count":1,"href":"https:\/\/www.meydan.tv\/az\/wp-json\/wp\/v2\/posts\/328940\/revisions"}],"predecessor-version":[{"id":328941,"href":"https:\/\/www.meydan.tv\/az\/wp-json\/wp\/v2\/posts\/328940\/revisions\/328941"}],"wp:featuredmedia":[{"embeddable":true,"href":"https:\/\/www.meydan.tv\/az\/wp-json\/wp\/v2\/media\/327874"}],"wp:attachment":[{"href":"https:\/\/www.meydan.tv\/az\/wp-json\/wp\/v2\/media?parent=328940"}],"wp:term":[{"taxonomy":"category","embeddable":true,"href":"https:\/\/www.meydan.tv\/az\/wp-json\/wp\/v2\/categories?post=328940"},{"taxonomy":"post_tag","embeddable":true,"href":"https:\/\/www.meydan.tv\/az\/wp-json\/wp\/v2\/tags?post=328940"}],"curies":[{"name":"wp","href":"https:\/\/api.w.org\/{rel}","templated":true}]}}