{"id":328896,"date":"2025-04-16T13:21:11","date_gmt":"2025-04-16T09:21:11","guid":{"rendered":"https:\/\/www.meydan.tv\/?p=328896"},"modified":"2025-04-16T13:21:14","modified_gmt":"2025-04-16T09:21:14","slug":"bakini-yen%c9%99-su-basib","status":"publish","type":"post","link":"https:\/\/www.meydan.tv\/az\/article\/bakini-yen%c9%99-su-basib\/","title":{"rendered":"Bak\u0131n\u0131 yen\u0259 su bas\u0131b"},"content":{"rendered":"\n<p><\/p>\n\n\n\n<p><strong><em>10-u u\u015faq olmaqla, \u00fcmumilikd\u0259 31 n\u0259f\u0259r v\u0259t\u0259nda\u015f t\u0259xliy\u0259 olunub<\/em><\/strong><\/p>\n\n\n\n<p>Aprelin 15-d\u0259n etibar\u0259n Az\u0259rbaycana ya\u011fan ya\u011f\u0131\u015flar n\u0259tic\u0259sind\u0259 Bak\u0131, G\u0259nc\u0259, Sumqay\u0131t \u015f\u0259h\u0259rl\u0259ri v\u0259 Ab\u015feron rayonu \u00fczr\u0259 m\u00fcxt\u0259lif istiqam\u0259tl\u0259rd\u0259 \u0259razil\u0259ri su bas\u0131b.<\/p>\n\n\n\n<p>Bir ne\u00e7\u0259 saat davam ed\u0259n ya\u011f\u0131\u015f n\u0259tic\u0259sind\u0259 Bak\u0131da bir s\u0131ra yollarda h\u0259r\u0259k\u0259t \u00e7\u0259tinl\u0259\u015fib.<\/p>\n\n\n\n<figure class=\"wp-block-image size-full\"><img decoding=\"async\" width=\"1170\" height=\"649\" data-src=\"https:\/\/www.meydan.tv\/wp-content\/uploads\/img-20250416-wa0026.jpg\" alt=\"\" class=\"wp-image-328897 lazyload\" src=\"data:image\/svg+xml;base64,PHN2ZyB3aWR0aD0iMSIgaGVpZ2h0PSIxIiB4bWxucz0iaHR0cDovL3d3dy53My5vcmcvMjAwMC9zdmciPjwvc3ZnPg==\" style=\"--smush-placeholder-width: 1170px; --smush-placeholder-aspect-ratio: 1170\/649;\" \/><figcaption class=\"wp-element-caption\">Foto: FHN<\/figcaption><\/figure>\n\n\n\n<p>Gec\u0259d\u0259n ya\u011fan ya\u011f\u0131\u015fdan sonra N\u0259rimanov rayonu Heyd\u0259r \u018fliyev prospekti, Ba\u011f\u0131rov k\u00f6rp\u00fcs\u00fcn\u00fcn \u0259razisind\u0259 h\u0259r\u0259k\u0259t \u00e7\u0259tinl\u0259\u015fib. B\u0259zi yollarda is\u0259 suyun s\u0259viyy\u0259sinin \u00e7ox olmas\u0131 h\u0259tta s\u0259rni\u015fin avtobuslar\u0131n\u0131n salonuna daxil olub.<\/p>\n\n\n\n<p>F\u00f6vq\u0259lad\u0259 Hallar Nazirliyind\u0259n (FHN) <a href=\"https:\/\/fhn.gov.az\/az\/melumatlar\/fhn-metbuat-xidmetinin-melumati-video-foto-169b70ad\" target=\"_blank\" rel=\"noreferrer noopener\">bildirilib <\/a>ki, haz\u0131rda \u00f6lk\u0259 \u0259razisind\u0259 m\u00fc\u015fahid\u0259 olunan ya\u011f\u0131nt\u0131l\u0131 v\u0259 k\u00fcl\u0259kli hava \u015f\u0259raiti il\u0259 \u0259laq\u0259dar yaranan f\u0259sadlar\u0131n aradan qald\u0131r\u0131lmas\u0131 istiqam\u0259tind\u0259 \u0259m\u0259liyyat davam etdirilir.<\/p>\n\n\n\n<p>Son m\u0259lumata g\u00f6r\u0259, 10-u u\u015faq olmaqla, \u00fcmumilikd\u0259 31 n\u0259f\u0259r v\u0259t\u0259nda\u015f t\u0259xliy\u0259 olunub.<\/p>\n\n\n\n<figure class=\"wp-block-image size-full\"><img decoding=\"async\" width=\"1170\" height=\"621\" data-src=\"https:\/\/www.meydan.tv\/wp-content\/uploads\/img-20250416-wa0010.jpg\" alt=\"\" class=\"wp-image-328900 lazyload\" src=\"data:image\/svg+xml;base64,PHN2ZyB3aWR0aD0iMSIgaGVpZ2h0PSIxIiB4bWxucz0iaHR0cDovL3d3dy53My5vcmcvMjAwMC9zdmciPjwvc3ZnPg==\" style=\"--smush-placeholder-width: 1170px; --smush-placeholder-aspect-ratio: 1170\/621;\" \/><figcaption class=\"wp-element-caption\">Foto: FHN<\/figcaption><\/figure>\n\n\n\n<p>Haz\u0131rda Bak\u0131, G\u0259nc\u0259, Sumqay\u0131t \u015f\u0259h\u0259rl\u0259ri v\u0259 Ab\u015feron rayonu \u00fczr\u0259 m\u00fcxt\u0259lif istiqam\u0259tl\u0259rd\u0259 su basm\u0131\u015f \u0259razil\u0259rd\u0259n suyun \u00e7\u0259kil\u0259r\u0259k k\u0259narla\u015fd\u0131r\u0131lmas\u0131, k\u00f6m\u0259y\u0259 ehtiyac\u0131 olan v\u0259t\u0259nda\u015flar\u0131n t\u0259xliy\u0259si v\u0259 dig\u0259r z\u0259ruri t\u0259hl\u00fck\u0259sizlik t\u0259dbirl\u0259rinin g\u00f6r\u00fclm\u0259si fasil\u0259siz olaraq davam etdirilir.<\/p>\n\n\n\n<p>Bundan \u0259lav\u0259, g\u00fccl\u00fc k\u00fcl\u0259yin t\u0259sirind\u0259n Bak\u0131 \u015f\u0259h\u0259ri, N\u0259simi rayonunda yerl\u0259\u015f\u0259n \u00e7oxm\u0259rt\u0259b\u0259li ya\u015fay\u0131\u015f binas\u0131nda m\u0259nzilin eyvan\u0131n\u0131n hiss\u0259l\u0259rinin qoparaq as\u0131l\u0131 v\u0259ziyy\u0259td\u0259 qalmas\u0131 n\u0259tic\u0259sind\u0259 v\u0259t\u0259nda\u015flar \u00fc\u00e7\u00fcn yaranm\u0131\u015f t\u0259hl\u00fck\u0259li v\u0259ziyy\u0259t Nazirliyin xilasedicil\u0259ri t\u0259r\u0259find\u0259n operativ olaraq aradan qald\u0131r\u0131l\u0131b.<\/p>\n\n\n\n<figure class=\"wp-block-image size-full\"><img decoding=\"async\" width=\"940\" height=\"508\" data-src=\"https:\/\/www.meydan.tv\/wp-content\/uploads\/img-20250416-wa0015.jpg\" alt=\"\" class=\"wp-image-328903 lazyload\" src=\"data:image\/svg+xml;base64,PHN2ZyB3aWR0aD0iMSIgaGVpZ2h0PSIxIiB4bWxucz0iaHR0cDovL3d3dy53My5vcmcvMjAwMC9zdmciPjwvc3ZnPg==\" style=\"--smush-placeholder-width: 940px; --smush-placeholder-aspect-ratio: 940\/508;\" \/><figcaption class=\"wp-element-caption\">Foto: FHN<\/figcaption><\/figure>\n\n\n\n<p>Son ill\u0259r Bak\u0131ya ya\u011fan g\u00fccl\u00fc ya\u011f\u0131\u015f, bir qayda olaraq, f\u0259sadlar t\u00f6r\u0259dir. H\u0259tta \u00f6t\u0259n il oktyabr\u0131n 21-22-si paytaxtda ya\u011f\u0131\u015f bir s\u0131ra probleml\u0259rl\u0259 yana\u015f\u0131, insan faci\u0259sin\u0259 d\u0259 yol a\u00e7\u0131b. Sabun\u00e7u rayonu \u0259razisind\u0259 subasmaya m\u0259ruz qalm\u0131\u015f tuneld\u0259 iki \u015f\u0259xs h\u0259yat\u0131n\u0131 itirmi\u015fdi. Halbuki, \u00f6lk\u0259d\u0259 su v\u0259 kanalizasiya probleml\u0259rin\u0259 milyardlarla v\u0259sait x\u0259rcl\u0259ndiyi deyilir.<\/p>\n\n\n\n<p>Bak\u0131 \u015f\u0259h\u0259rinin 2040-c\u0131 il\u0259d\u0259k inki\u015faf\u0131na dair Ba\u015f plan\u0131nda da g\u00f6st\u0259rilir ki, 2020-2040-c\u0131 ill\u0259rd\u0259 paytaxt\u0131n su v\u0259 kanalizasiya sisteml\u0259rinin qurulmas\u0131na 9.2 milyard manat v\u0259sait t\u0259l\u0259b olunur. Onlardan 487.9 milyon manat\u0131 s\u0131rf ya\u011f\u0131\u015f kanalizasiya x\u0259tl\u0259rinin \u00e7\u0259kilm\u0259sin\u0259 laz\u0131md\u0131r. B\u0259zi ekspertl\u0259r deyir ki, \u015f\u0259h\u0259rd\u0259 subasmalar\u0131n \u0259sas s\u0259b\u0259bi adi kanalizasiya x\u0259tl\u0259rinin ya\u011f\u0131\u015f kanalizasiya x\u0259tind\u0259n ayr\u0131 olmamas\u0131d\u0131r. \u00dcst\u0259lik, onlar bu sah\u0259d\u0259 ciddi korrupsiya hallar\u0131na da yol verildiyini g\u00fcman edirl\u0259r.<\/p>\n","protected":false},"excerpt":{"rendered":"<p>10-u u\u015faq olmaqla, \u00fcmumilikd\u0259 31 n\u0259f\u0259r v\u0259t\u0259nda\u015f t\u0259xliy\u0259 olunub Aprelin &#8230; <\/p>\n<p class=\"read-more-container\"><a title=\"Bak\u0131n\u0131 yen\u0259 su bas\u0131b\" class=\"read-more button\" href=\"https:\/\/www.meydan.tv\/az\/article\/bakini-yen%c9%99-su-basib\/#more-328896\" aria-label=\"Read more about Bak\u0131n\u0131 yen\u0259 su bas\u0131b\">Davam\u0131<\/a><\/p>\n","protected":false},"author":21,"featured_media":328906,"comment_status":"closed","ping_status":"closed","sticky":false,"template":"","format":"standard","meta":{"_acf_changed":false,"_sitemap_exclude":false,"_sitemap_priority":"","_sitemap_frequency":"","footnotes":""},"categories":[62,79,56],"tags":[],"class_list":["post-328896","post","type-post","status-publish","format-standard","has-post-thumbnail","hentry","category-sosial","category-featured","category-xeberler","infinite-scroll-item","generate-columns","tablet-grid-50","mobile-grid-100","grid-parent","grid-33","no-featured-image-padding"],"acf":[],"yoast_head":"<!-- This site is optimized with the Yoast SEO plugin v27.4 - https:\/\/yoast.com\/product\/yoast-seo-wordpress\/ -->\n<title>Bak\u0131n\u0131 yen\u0259 su bas\u0131b - MEYDAN.TV<\/title>\n<meta name=\"robots\" content=\"index, follow, max-snippet:-1, max-image-preview:large, max-video-preview:-1\" \/>\n<link rel=\"canonical\" href=\"https:\/\/www.meydan.tv\/az\/article\/bakini-yen%c9%99-su-basib\/\" \/>\n<meta property=\"og:locale\" content=\"az_AZ\" \/>\n<meta property=\"og:type\" content=\"article\" \/>\n<meta property=\"og:title\" content=\"Bak\u0131n\u0131 yen\u0259 su bas\u0131b - MEYDAN.TV\" \/>\n<meta property=\"og:description\" content=\"10-u u\u015faq olmaqla, \u00fcmumilikd\u0259 31 n\u0259f\u0259r v\u0259t\u0259nda\u015f t\u0259xliy\u0259 olunub Aprelin ... Davam\u0131\" \/>\n<meta property=\"og:url\" content=\"https:\/\/www.meydan.tv\/az\/article\/bakini-yen%c9%99-su-basib\/\" \/>\n<meta property=\"og:site_name\" content=\"MEYDAN.TV\" \/>\n<meta property=\"article:published_time\" content=\"2025-04-16T09:21:11+00:00\" \/>\n<meta property=\"article:modified_time\" content=\"2025-04-16T09:21:14+00:00\" \/>\n<meta property=\"og:image\" content=\"https:\/\/www.meydan.tv\/wp-content\/uploads\/img-20250416-wa0016.jpg\" \/>\n\t<meta property=\"og:image:width\" content=\"1170\" \/>\n\t<meta property=\"og:image:height\" content=\"655\" \/>\n\t<meta property=\"og:image:type\" content=\"image\/jpeg\" \/>\n<meta name=\"author\" content=\"mahmud\" \/>\n<meta name=\"twitter:card\" content=\"summary_large_image\" \/>\n<script type=\"application\/ld+json\" class=\"yoast-schema-graph\">{\"@context\":\"https:\\\/\\\/schema.org\",\"@graph\":[{\"@type\":\"Article\",\"@id\":\"https:\\\/\\\/www.meydan.tv\\\/az\\\/article\\\/bakini-yen%c9%99-su-basib\\\/#article\",\"isPartOf\":{\"@id\":\"https:\\\/\\\/www.meydan.tv\\\/az\\\/article\\\/bakini-yen%c9%99-su-basib\\\/\"},\"author\":{\"name\":\"mahmud\",\"@id\":\"https:\\\/\\\/www.meydan.tv\\\/az\\\/#\\\/schema\\\/person\\\/09863e516102a829e72bedcf3f84c6b0\"},\"headline\":\"Bak\u0131n\u0131 yen\u0259 su bas\u0131b\",\"datePublished\":\"2025-04-16T09:21:11+00:00\",\"dateModified\":\"2025-04-16T09:21:14+00:00\",\"mainEntityOfPage\":{\"@id\":\"https:\\\/\\\/www.meydan.tv\\\/az\\\/article\\\/bakini-yen%c9%99-su-basib\\\/\"},\"wordCount\":510,\"publisher\":{\"@id\":\"https:\\\/\\\/www.meydan.tv\\\/az\\\/#organization\"},\"image\":{\"@id\":\"https:\\\/\\\/www.meydan.tv\\\/az\\\/article\\\/bakini-yen%c9%99-su-basib\\\/#primaryimage\"},\"thumbnailUrl\":\"https:\\\/\\\/www.meydan.tv\\\/wp-content\\\/uploads\\\/img-20250416-wa0016.jpg\",\"articleSection\":[\"Sosial\",\"T\u00f6vsiy\u0259\",\"X\u0259b\u0259rl\u0259r\"],\"inLanguage\":\"az\"},{\"@type\":\"WebPage\",\"@id\":\"https:\\\/\\\/www.meydan.tv\\\/az\\\/article\\\/bakini-yen%c9%99-su-basib\\\/\",\"url\":\"https:\\\/\\\/www.meydan.tv\\\/az\\\/article\\\/bakini-yen%c9%99-su-basib\\\/\",\"name\":\"Bak\u0131n\u0131 yen\u0259 su bas\u0131b - MEYDAN.TV\",\"isPartOf\":{\"@id\":\"https:\\\/\\\/www.meydan.tv\\\/az\\\/#website\"},\"primaryImageOfPage\":{\"@id\":\"https:\\\/\\\/www.meydan.tv\\\/az\\\/article\\\/bakini-yen%c9%99-su-basib\\\/#primaryimage\"},\"image\":{\"@id\":\"https:\\\/\\\/www.meydan.tv\\\/az\\\/article\\\/bakini-yen%c9%99-su-basib\\\/#primaryimage\"},\"thumbnailUrl\":\"https:\\\/\\\/www.meydan.tv\\\/wp-content\\\/uploads\\\/img-20250416-wa0016.jpg\",\"datePublished\":\"2025-04-16T09:21:11+00:00\",\"dateModified\":\"2025-04-16T09:21:14+00:00\",\"breadcrumb\":{\"@id\":\"https:\\\/\\\/www.meydan.tv\\\/az\\\/article\\\/bakini-yen%c9%99-su-basib\\\/#breadcrumb\"},\"inLanguage\":\"az\",\"potentialAction\":[{\"@type\":\"ReadAction\",\"target\":[\"https:\\\/\\\/www.meydan.tv\\\/az\\\/article\\\/bakini-yen%c9%99-su-basib\\\/\"]}]},{\"@type\":\"ImageObject\",\"inLanguage\":\"az\",\"@id\":\"https:\\\/\\\/www.meydan.tv\\\/az\\\/article\\\/bakini-yen%c9%99-su-basib\\\/#primaryimage\",\"url\":\"https:\\\/\\\/www.meydan.tv\\\/wp-content\\\/uploads\\\/img-20250416-wa0016.jpg\",\"contentUrl\":\"https:\\\/\\\/www.meydan.tv\\\/wp-content\\\/uploads\\\/img-20250416-wa0016.jpg\",\"width\":1170,\"height\":655,\"caption\":\"Foto: FHN\"},{\"@type\":\"BreadcrumbList\",\"@id\":\"https:\\\/\\\/www.meydan.tv\\\/az\\\/article\\\/bakini-yen%c9%99-su-basib\\\/#breadcrumb\",\"itemListElement\":[{\"@type\":\"ListItem\",\"position\":1,\"name\":\"Ana s\u0259hif\u0259\",\"item\":\"https:\\\/\\\/www.meydan.tv\\\/az\\\/\"},{\"@type\":\"ListItem\",\"position\":2,\"name\":\"Sosial\",\"item\":\"https:\\\/\\\/www.meydan.tv\\\/az\\\/section\\\/sosial\\\/\"},{\"@type\":\"ListItem\",\"position\":3,\"name\":\"Bak\u0131n\u0131 yen\u0259 su bas\u0131b\"}]},{\"@type\":\"WebSite\",\"@id\":\"https:\\\/\\\/www.meydan.tv\\\/az\\\/#website\",\"url\":\"https:\\\/\\\/www.meydan.tv\\\/az\\\/\",\"name\":\"MEYDAN.TV\",\"description\":\"Meydan TV Az\u0259rbaycan\u0131n media m\u0259kan\u0131ndak\u0131 alternativ s\u0259sidir\",\"publisher\":{\"@id\":\"https:\\\/\\\/www.meydan.tv\\\/az\\\/#organization\"},\"potentialAction\":[{\"@type\":\"SearchAction\",\"target\":{\"@type\":\"EntryPoint\",\"urlTemplate\":\"https:\\\/\\\/www.meydan.tv\\\/az\\\/?s={search_term_string}\"},\"query-input\":{\"@type\":\"PropertyValueSpecification\",\"valueRequired\":true,\"valueName\":\"search_term_string\"}}],\"inLanguage\":\"az\"},{\"@type\":\"Organization\",\"@id\":\"https:\\\/\\\/www.meydan.tv\\\/az\\\/#organization\",\"name\":\"Meydan TV\",\"url\":\"https:\\\/\\\/www.meydan.tv\\\/az\\\/\",\"logo\":{\"@type\":\"ImageObject\",\"inLanguage\":\"az\",\"@id\":\"https:\\\/\\\/www.meydan.tv\\\/az\\\/#\\\/schema\\\/logo\\\/image\\\/\",\"url\":\"https:\\\/\\\/www.meydan.tv\\\/wp-content\\\/uploads\\\/2021\\\/07\\\/meydan-logo.svg\",\"contentUrl\":\"https:\\\/\\\/www.meydan.tv\\\/wp-content\\\/uploads\\\/2021\\\/07\\\/meydan-logo.svg\",\"width\":195,\"height\":46,\"caption\":\"Meydan TV\"},\"image\":{\"@id\":\"https:\\\/\\\/www.meydan.tv\\\/az\\\/#\\\/schema\\\/logo\\\/image\\\/\"}},{\"@type\":\"Person\",\"@id\":\"https:\\\/\\\/www.meydan.tv\\\/az\\\/#\\\/schema\\\/person\\\/09863e516102a829e72bedcf3f84c6b0\",\"name\":\"mahmud\"}]}<\/script>\n<!-- \/ Yoast SEO plugin. -->","yoast_head_json":{"title":"Bak\u0131n\u0131 yen\u0259 su bas\u0131b - MEYDAN.TV","robots":{"index":"index","follow":"follow","max-snippet":"max-snippet:-1","max-image-preview":"max-image-preview:large","max-video-preview":"max-video-preview:-1"},"canonical":"https:\/\/www.meydan.tv\/az\/article\/bakini-yen%c9%99-su-basib\/","og_locale":"az_AZ","og_type":"article","og_title":"Bak\u0131n\u0131 yen\u0259 su bas\u0131b - MEYDAN.TV","og_description":"10-u u\u015faq olmaqla, \u00fcmumilikd\u0259 31 n\u0259f\u0259r v\u0259t\u0259nda\u015f t\u0259xliy\u0259 olunub Aprelin ... Davam\u0131","og_url":"https:\/\/www.meydan.tv\/az\/article\/bakini-yen%c9%99-su-basib\/","og_site_name":"MEYDAN.TV","article_published_time":"2025-04-16T09:21:11+00:00","article_modified_time":"2025-04-16T09:21:14+00:00","og_image":[{"width":1170,"height":655,"url":"https:\/\/www.meydan.tv\/wp-content\/uploads\/img-20250416-wa0016.jpg","type":"image\/jpeg"}],"author":"mahmud","twitter_card":"summary_large_image","schema":{"@context":"https:\/\/schema.org","@graph":[{"@type":"Article","@id":"https:\/\/www.meydan.tv\/az\/article\/bakini-yen%c9%99-su-basib\/#article","isPartOf":{"@id":"https:\/\/www.meydan.tv\/az\/article\/bakini-yen%c9%99-su-basib\/"},"author":{"name":"mahmud","@id":"https:\/\/www.meydan.tv\/az\/#\/schema\/person\/09863e516102a829e72bedcf3f84c6b0"},"headline":"Bak\u0131n\u0131 yen\u0259 su bas\u0131b","datePublished":"2025-04-16T09:21:11+00:00","dateModified":"2025-04-16T09:21:14+00:00","mainEntityOfPage":{"@id":"https:\/\/www.meydan.tv\/az\/article\/bakini-yen%c9%99-su-basib\/"},"wordCount":510,"publisher":{"@id":"https:\/\/www.meydan.tv\/az\/#organization"},"image":{"@id":"https:\/\/www.meydan.tv\/az\/article\/bakini-yen%c9%99-su-basib\/#primaryimage"},"thumbnailUrl":"https:\/\/www.meydan.tv\/wp-content\/uploads\/img-20250416-wa0016.jpg","articleSection":["Sosial","T\u00f6vsiy\u0259","X\u0259b\u0259rl\u0259r"],"inLanguage":"az"},{"@type":"WebPage","@id":"https:\/\/www.meydan.tv\/az\/article\/bakini-yen%c9%99-su-basib\/","url":"https:\/\/www.meydan.tv\/az\/article\/bakini-yen%c9%99-su-basib\/","name":"Bak\u0131n\u0131 yen\u0259 su bas\u0131b - MEYDAN.TV","isPartOf":{"@id":"https:\/\/www.meydan.tv\/az\/#website"},"primaryImageOfPage":{"@id":"https:\/\/www.meydan.tv\/az\/article\/bakini-yen%c9%99-su-basib\/#primaryimage"},"image":{"@id":"https:\/\/www.meydan.tv\/az\/article\/bakini-yen%c9%99-su-basib\/#primaryimage"},"thumbnailUrl":"https:\/\/www.meydan.tv\/wp-content\/uploads\/img-20250416-wa0016.jpg","datePublished":"2025-04-16T09:21:11+00:00","dateModified":"2025-04-16T09:21:14+00:00","breadcrumb":{"@id":"https:\/\/www.meydan.tv\/az\/article\/bakini-yen%c9%99-su-basib\/#breadcrumb"},"inLanguage":"az","potentialAction":[{"@type":"ReadAction","target":["https:\/\/www.meydan.tv\/az\/article\/bakini-yen%c9%99-su-basib\/"]}]},{"@type":"ImageObject","inLanguage":"az","@id":"https:\/\/www.meydan.tv\/az\/article\/bakini-yen%c9%99-su-basib\/#primaryimage","url":"https:\/\/www.meydan.tv\/wp-content\/uploads\/img-20250416-wa0016.jpg","contentUrl":"https:\/\/www.meydan.tv\/wp-content\/uploads\/img-20250416-wa0016.jpg","width":1170,"height":655,"caption":"Foto: FHN"},{"@type":"BreadcrumbList","@id":"https:\/\/www.meydan.tv\/az\/article\/bakini-yen%c9%99-su-basib\/#breadcrumb","itemListElement":[{"@type":"ListItem","position":1,"name":"Ana s\u0259hif\u0259","item":"https:\/\/www.meydan.tv\/az\/"},{"@type":"ListItem","position":2,"name":"Sosial","item":"https:\/\/www.meydan.tv\/az\/section\/sosial\/"},{"@type":"ListItem","position":3,"name":"Bak\u0131n\u0131 yen\u0259 su bas\u0131b"}]},{"@type":"WebSite","@id":"https:\/\/www.meydan.tv\/az\/#website","url":"https:\/\/www.meydan.tv\/az\/","name":"MEYDAN.TV","description":"Meydan TV Az\u0259rbaycan\u0131n media m\u0259kan\u0131ndak\u0131 alternativ s\u0259sidir","publisher":{"@id":"https:\/\/www.meydan.tv\/az\/#organization"},"potentialAction":[{"@type":"SearchAction","target":{"@type":"EntryPoint","urlTemplate":"https:\/\/www.meydan.tv\/az\/?s={search_term_string}"},"query-input":{"@type":"PropertyValueSpecification","valueRequired":true,"valueName":"search_term_string"}}],"inLanguage":"az"},{"@type":"Organization","@id":"https:\/\/www.meydan.tv\/az\/#organization","name":"Meydan TV","url":"https:\/\/www.meydan.tv\/az\/","logo":{"@type":"ImageObject","inLanguage":"az","@id":"https:\/\/www.meydan.tv\/az\/#\/schema\/logo\/image\/","url":"https:\/\/www.meydan.tv\/wp-content\/uploads\/2021\/07\/meydan-logo.svg","contentUrl":"https:\/\/www.meydan.tv\/wp-content\/uploads\/2021\/07\/meydan-logo.svg","width":195,"height":46,"caption":"Meydan TV"},"image":{"@id":"https:\/\/www.meydan.tv\/az\/#\/schema\/logo\/image\/"}},{"@type":"Person","@id":"https:\/\/www.meydan.tv\/az\/#\/schema\/person\/09863e516102a829e72bedcf3f84c6b0","name":"mahmud"}]}},"_links":{"self":[{"href":"https:\/\/www.meydan.tv\/az\/wp-json\/wp\/v2\/posts\/328896","targetHints":{"allow":["GET"]}}],"collection":[{"href":"https:\/\/www.meydan.tv\/az\/wp-json\/wp\/v2\/posts"}],"about":[{"href":"https:\/\/www.meydan.tv\/az\/wp-json\/wp\/v2\/types\/post"}],"author":[{"embeddable":true,"href":"https:\/\/www.meydan.tv\/az\/wp-json\/wp\/v2\/users\/21"}],"replies":[{"embeddable":true,"href":"https:\/\/www.meydan.tv\/az\/wp-json\/wp\/v2\/comments?post=328896"}],"version-history":[{"count":1,"href":"https:\/\/www.meydan.tv\/az\/wp-json\/wp\/v2\/posts\/328896\/revisions"}],"predecessor-version":[{"id":328909,"href":"https:\/\/www.meydan.tv\/az\/wp-json\/wp\/v2\/posts\/328896\/revisions\/328909"}],"wp:featuredmedia":[{"embeddable":true,"href":"https:\/\/www.meydan.tv\/az\/wp-json\/wp\/v2\/media\/328906"}],"wp:attachment":[{"href":"https:\/\/www.meydan.tv\/az\/wp-json\/wp\/v2\/media?parent=328896"}],"wp:term":[{"taxonomy":"category","embeddable":true,"href":"https:\/\/www.meydan.tv\/az\/wp-json\/wp\/v2\/categories?post=328896"},{"taxonomy":"post_tag","embeddable":true,"href":"https:\/\/www.meydan.tv\/az\/wp-json\/wp\/v2\/tags?post=328896"}],"curies":[{"name":"wp","href":"https:\/\/api.w.org\/{rel}","templated":true}]}}