{"id":328872,"date":"2025-04-15T15:35:07","date_gmt":"2025-04-15T11:35:07","guid":{"rendered":"https:\/\/www.meydan.tv\/?p=328872"},"modified":"2025-04-19T14:19:38","modified_gmt":"2025-04-19T10:19:38","slug":"tofiq-yaqublu-artiq-geri-sayim-baslayib","status":"publish","type":"post","link":"https:\/\/www.meydan.tv\/az\/article\/tofiq-yaqublu-artiq-geri-sayim-baslayib\/","title":{"rendered":"Tofiq Yaqublu: \u201cArt\u0131q geri say\u0131m ba\u015flay\u0131b\u201d"},"content":{"rendered":"\n<p><\/p>\n\n\n\n<p><strong><em>\u201cH\u0259bsxanada bir insan haqlar\u0131, azadl\u0131\u011f\u0131 u\u011frunda \u00f6l\u00fcm\u0259 gedir, ancaq qurumun c\u0131nq\u0131r\u0131 bel\u0259 \u00e7\u0131xm\u0131r\u201d<\/em><\/strong><\/p>\n\n\n\n<p>V\u0259kil Nem\u0259t K\u0259rimli h\u0259bsd\u0259 olan M\u00fcsavat Partiyas\u0131n\u0131n v\u0259 Milli \u015euran\u0131n \u00fczv\u00fc Tofiq Yaqublu il\u0259 <a href=\"https:\/\/www.facebook.com\/nigar.yaqublu.3\/videos\/1009104611186209\/\" target=\"_blank\" rel=\"noreferrer noopener\">g\u00f6r\u00fc\u015f\u00fcb.<\/a><\/p>\n\n\n\n<p>Tofiq Yaqublu bu g\u00fcn acl\u0131q aksiyas\u0131n\u0131n 15-ci g\u00fcn\u00fcnd\u0259dir.<\/p>\n\n\n\n<p>Nem\u0259t K\u0259rimli bildirib ki, 15 g\u00fcnd\u00fcr acl\u0131q etm\u0259sin\u0259 baxmayaraq t\u0259cridxanada Tofiq Yaqublunun masas\u0131 \u00fcz\u0259rin\u0259 g\u00fcnd\u0259 3 d\u0259f\u0259 yem\u0259k qoyulur.<\/p>\n\n\n\n<p><em>\u201cBu g\u00fcn Bak\u0131 istintaq t\u0259cridxanas\u0131nda Tofiq b\u0259yl\u0259 g\u00f6r\u00fc\u015fd\u00fcm. Tofiq b\u0259y g\u00f6r\u00fc\u015f\u0259 \u00e7ox \u00e7\u0259tinlikl\u0259 yeriy\u0259r\u0259k g\u0259ldi. \u00d6z\u00fcn\u00fcn dediyi kimi geriy\u0259 say\u0131m ba\u015flay\u0131b. \u00c7\u0259kisi 85 kq-a d\u00fc\u015f\u00fcb. N\u0259bzi 95-d\u0259n 57-\u0259 d\u00fc\u015f\u00fcb. Saturasiyas\u0131 normald\u0131r. Qan t\u0259zyiqi 120\/80-dir. Sif\u0259tind\u0259n yor\u011funlu\u011fu, \u0259ziyy\u0259t \u00e7\u0259kdiyi bilinir. \u00d6d kis\u0259si olmad\u0131\u011f\u0131 \u00fc\u00e7\u00fcn m\u0259d\u0259- ba\u011f\u0131rsaq sistemind\u0259n \u015fikay\u0259tl\u0259nir. H\u0259r g\u00fcn onun masas\u0131n\u0131n \u00fcst\u00fcn\u0259 g\u00fcnd\u0259 3 d\u0259f\u0259 yem\u0259k qoyulur. Baxmayaraq ki, b\u00fct\u00fcn ictimaiyy\u0259t bilir ki, o acl\u0131q etm\u0259kd\u0259 israrl\u0131d\u0131r\u201d.<\/em><\/p>\n\n\n\n<p>V\u0259kili bildirib ki, art\u0131q acl\u0131q onun s\u0259hh\u0259tind\u0259 f\u0259sadlar verm\u0259y\u0259 ba\u015flay\u0131b.<\/p>\n\n\n\n<p><em>\u201cG\u00f6zl\u0259rind\u0259 z\u0259if g\u00f6rm\u0259 ba\u015flay\u0131b. Yadda\u015f\u0131 z\u0259ifl\u0259yib\u201d.<\/em><\/p>\n\n\n\n<p>Tofiq Yaqublunun q\u0131z\u0131 Nigar H\u0259zi is\u0259 \u201cFacebook\u201dda <a href=\"https:\/\/www.facebook.com\/nigar.yaqublu.3\/posts\/pfbid0t32iotryq7FcsdCWuZaVAebPbYPozuEWBYeEEYdwdAiZZJR5XWhA1iFYWDj72roBl\" target=\"_blank\" rel=\"noreferrer noopener\">bildirib<\/a> ki, h\u0259kim m\u00fcayin\u0259si \u00fc\u00e7\u00fcn etdikl\u0259ri m\u00fcraci\u0259t\u0259 h\u0259l\u0259 d\u0259 cavab verilm\u0259yib.<\/p>\n\n\n\n<p><em>\u201cH\u0259l\u0259 d\u0259 Tofiq Yaqublunu m\u00fcayin\u0259 etm\u0259si \u00fc\u00e7\u00fcn h\u0259kim Adil Qeybulla t\u0259cridxanaya burax\u0131lm\u0131r. H\u0259l\u0259 d\u0259 Az\u0259rbaycan Respublikas\u0131 \u018fdliyy\u0259 Nazirliyi Penitensiar xidm\u0259ti v\u0259kil Nem\u0259t K\u0259rimlinin h\u0259kiml\u0259 ba\u011fl\u0131 m\u00fcraci\u0259tin\u0259 cavab verm\u0259yib. Az\u0259rbaycan Respublikas\u0131n\u0131n \u0130nsan H\u00fcquqlar\u0131 \u00fczr\u0259 M\u00fcv\u0259kkili &#8211; Ombudsman\u0131 S\u0259bin\u0259 \u018fliyevadan da bir s\u0259s \u00e7\u0131xm\u0131r. H\u0259bsxanada bir insan haqlar\u0131, azadl\u0131\u011f\u0131 u\u011frunda \u00f6l\u00fcm\u0259 gedir, ancaq qurumun c\u0131nq\u0131r\u0131 bel\u0259 \u00e7\u0131xm\u0131r\u201d<\/em>, &#8211; Nigar H\u0259zi bel\u0259 yaz\u0131b.<\/p>\n\n\n\n<p>Tofiq Yaqublu 2023-c\u00fc il dekabr\u0131n 14-d\u0259 h\u0259bs edilib. Ona qar\u015f\u0131 Cinay\u0259t M\u0259c\u0259ll\u0259sinin 178.3.2-ci (d\u0259l\u0259duzluq \u2013 k\u00fclli miqdarda ziyan vurmaqla t\u00f6r\u0259dildikd\u0259), 320-ci (r\u0259smi s\u0259n\u0259dl\u0259ri, d\u00f6vl\u0259t t\u0259ltifl\u0259rini, m\u00f6h\u00fcrl\u0259ri, \u015ftamplar\u0131, blanklar\u0131 saxtala\u015fd\u0131rma, qanunsuz haz\u0131rlama, satma v\u0259 ya saxta s\u0259n\u0259dl\u0259rd\u0259n istifad\u0259 etm\u0259), 320.1-ci (h\u00fcquq ver\u0259n v\u0259 ya v\u0259zif\u0259d\u0259n azad ed\u0259n v\u0259siq\u0259ni v\u0259 ya dig\u0259r r\u0259smi s\u0259n\u0259di istifad\u0259 etm\u0259k m\u0259qs\u0259di il\u0259 saxtala\u015fd\u0131rma v\u0259 ya qanunsuz haz\u0131rlama, yaxud bu c\u00fcr s\u0259n\u0259di satma, habel\u0259 eyni m\u0259qs\u0259dl\u0259 Az\u0259rbaycan Respublikas\u0131n\u0131n saxta d\u00f6vl\u0259t t\u0259ltifini, \u015ftamp\u0131, m\u00f6h\u00fcr\u00fc, blank\u0131 haz\u0131rlama v\u0259 ya satma) v\u0259 320.2-ci (bu M\u0259c\u0259ll\u0259nin 320.1-ci madd\u0259sind\u0259 g\u00f6st\u0259rilmi\u015f bil\u0259-bil\u0259 saxta s\u0259n\u0259dl\u0259rd\u0259n istifad\u0259 etm\u0259) madd\u0259l\u0259ri il\u0259 ittiham ir\u0259li s\u00fcr\u00fcl\u00fcb.<\/p>\n\n\n\n<p>\u0130ttihama g\u00f6r\u0259, El\u015f\u0259n H\u00fcseynov adl\u0131 \u015f\u0259xsin Almaniyaya gedib, orada v\u0259t\u0259nda\u015fl\u0131q almas\u0131 \u00fc\u00e7\u00fcn Elnur M\u0259mm\u0259dov vasit\u0259sil\u0259 Tofiq Yaqubluya 25 min avro v\u0259 10 min manat pul verilib.<\/p>\n\n\n\n<p>Tofiq Yaqublu is\u0259 bu ittiham\u0131n saxta oldu\u011funu he\u00e7 kimd\u0259n bir manat da pul almad\u0131\u011f\u0131n\u0131 bildirir.<\/p>\n\n\n\n<p>Siyas\u0259t\u00e7i El\u015f\u0259n H\u00fcseynov v\u0259 ya Elnur M\u0259mm\u0259dovla bu haqda bel\u0259 bir s\u00f6hb\u0259tinin olmad\u0131\u011f\u0131n\u0131 deyir.<\/p>\n\n\n\n<p>Onlar\u0131n t\u0259xribat m\u0259qs\u0259dil\u0259 bu i\u015f\u0259 c\u0259lb edildiyini bildirir.<\/p>\n\n\n\n<p>Tofiq Yaqublu siyasi f\u0259aliyy\u0259ti d\u00f6vr\u00fcnd\u0259 bir ne\u00e7\u0259 d\u0259f\u0259 inzibati v\u0259 uzunm\u00fcdd\u0259tli h\u0259bsd\u0259 olub.<\/p>\n\n\n\n<p>O, 2013-c\u00fc ild\u0259 \u0130smay\u0131ll\u0131da etirazlar\u0131n t\u0259\u015fkilind\u0259 ittiham olunaraq h\u0259bs edilib. 5 il azadl\u0131qdan m\u0259hrum edil\u0259n siyas\u0259t\u00e7i 2017-ci ild\u0259 \u0259fv s\u0259r\u0259ncam\u0131yla azadl\u0131\u011fa burax\u0131l\u0131b. O, daha sonra 2020-ci il mart\u0131n 22-d\u0259 xuliqanl\u0131q ittiham\u0131yla h\u0259bs olunub. \u0130ddia olunurdu ki, o, \u201c8-ci kilometr bazar\u0131\u201dn\u0131n yan\u0131nda avtomobil q\u0259zas\u0131 t\u00f6r\u0259dib, daha sonra dig\u0259r avtomobilin s\u00fcr\u00fcc\u00fcs\u00fcn\u00fc v\u0259 onun h\u0259yat yolda\u015f\u0131n\u0131 t\u0259hqir edib, onlara x\u0259sar\u0259t yetirib. Bu d\u0259f\u0259 Nizami rayon M\u0259hk\u0259m\u0259sinin h\u00f6km\u00fcyl\u0259 4 il 3 ay azadl\u0131qdan m\u0259hrum edilib.<\/p>\n\n\n\n<p>H\u00f6kmd\u0259n d\u0259rhal sonra \u2013 2 sentyabr 2020-ci ild\u0259 m\u0259hk\u0259m\u0259 \u0259dal\u0259tsizliyin\u0259 etiraz olaraq acl\u0131\u011fa ba\u015flad\u0131\u011f\u0131n\u0131 b\u0259yan ed\u0259n Tofiq Yaqublu bu aksiyan\u0131 17 g\u00fcn davam etdirib. Onun v\u0259ziyy\u0259ti pisl\u0259\u015fdiyin\u0259 g\u00f6r\u0259 istintaq t\u0259cridxanas\u0131ndan klinikaya k\u00f6\u00e7\u00fcr\u00fcl\u00fcb. Sentyabr\u0131n 18-d\u0259 Bak\u0131 Apelyasiya M\u0259hk\u0259m\u0259sinin q\u0259rar\u0131yla o, ev dustaql\u0131\u011f\u0131na burax\u0131l\u0131b. 2021-ci il iyulun 15-d\u0259 Bak\u0131 Apelyasiya M\u0259hk\u0259m\u0259si 4 il 3 ayl\u0131q h\u0259bs h\u00f6km\u00fcn\u00fc \u015f\u0259rti c\u0259za il\u0259 \u0259v\u0259zl\u0259yib.<\/p>\n\n\n\n<p>2025-ci il mart\u0131n 10-da Bak\u0131 A\u011f\u0131r Cinay\u0259tl\u0259r M\u0259hk\u0259m\u0259si Tofiq Yaqublunu 9 il azadl\u0131qdan m\u0259hrum edib.<\/p>\n","protected":false},"excerpt":{"rendered":"<p>\u201cH\u0259bsxanada bir insan haqlar\u0131, azadl\u0131\u011f\u0131 u\u011frunda \u00f6l\u00fcm\u0259 gedir, ancaq qurumun &#8230; <\/p>\n<p class=\"read-more-container\"><a title=\"Tofiq Yaqublu: \u201cArt\u0131q geri say\u0131m ba\u015flay\u0131b\u201d\" class=\"read-more button\" href=\"https:\/\/www.meydan.tv\/az\/article\/tofiq-yaqublu-artiq-geri-sayim-baslayib\/#more-328872\" aria-label=\"Read more about Tofiq Yaqublu: \u201cArt\u0131q geri say\u0131m ba\u015flay\u0131b\u201d\">Davam\u0131<\/a><\/p>\n","protected":false},"author":21,"featured_media":328388,"comment_status":"closed","ping_status":"closed","sticky":false,"template":"","format":"standard","meta":{"_acf_changed":false,"_sitemap_exclude":false,"_sitemap_priority":"","_sitemap_frequency":"","footnotes":""},"categories":[59,79,56],"tags":[],"class_list":["post-328872","post","type-post","status-publish","format-standard","has-post-thumbnail","hentry","category-siyaset","category-featured","category-xeberler","infinite-scroll-item","generate-columns","tablet-grid-50","mobile-grid-100","grid-parent","grid-33","no-featured-image-padding"],"acf":[],"yoast_head":"<!-- This site is optimized with the Yoast SEO plugin v27.5 - https:\/\/yoast.com\/product\/yoast-seo-wordpress\/ -->\n<title>Tofiq Yaqublu: \u201cArt\u0131q geri say\u0131m ba\u015flay\u0131b\u201d - MEYDAN.TV<\/title>\n<meta name=\"robots\" content=\"index, follow, max-snippet:-1, max-image-preview:large, max-video-preview:-1\" \/>\n<link rel=\"canonical\" href=\"https:\/\/www.meydan.tv\/az\/article\/tofiq-yaqublu-artiq-geri-sayim-baslayib\/\" \/>\n<meta property=\"og:locale\" content=\"az_AZ\" \/>\n<meta property=\"og:type\" content=\"article\" \/>\n<meta property=\"og:title\" content=\"Tofiq Yaqublu: \u201cArt\u0131q geri say\u0131m ba\u015flay\u0131b\u201d - MEYDAN.TV\" \/>\n<meta property=\"og:description\" content=\"\u201cH\u0259bsxanada bir insan haqlar\u0131, azadl\u0131\u011f\u0131 u\u011frunda \u00f6l\u00fcm\u0259 gedir, ancaq qurumun ... Davam\u0131\" \/>\n<meta property=\"og:url\" content=\"https:\/\/www.meydan.tv\/az\/article\/tofiq-yaqublu-artiq-geri-sayim-baslayib\/\" \/>\n<meta property=\"og:site_name\" content=\"MEYDAN.TV\" \/>\n<meta property=\"article:published_time\" content=\"2025-04-15T11:35:07+00:00\" \/>\n<meta property=\"article:modified_time\" content=\"2025-04-19T10:19:38+00:00\" \/>\n<meta property=\"og:image\" content=\"https:\/\/www.meydan.tv\/wp-content\/uploads\/0644.png\" \/>\n\t<meta property=\"og:image:width\" content=\"1179\" \/>\n\t<meta property=\"og:image:height\" content=\"576\" \/>\n\t<meta property=\"og:image:type\" content=\"image\/png\" \/>\n<meta name=\"author\" content=\"mahmud\" \/>\n<meta name=\"twitter:card\" content=\"summary_large_image\" \/>\n<script type=\"application\/ld+json\" class=\"yoast-schema-graph\">{\"@context\":\"https:\\\/\\\/schema.org\",\"@graph\":[{\"@type\":\"Article\",\"@id\":\"https:\\\/\\\/www.meydan.tv\\\/az\\\/article\\\/tofiq-yaqublu-artiq-geri-sayim-baslayib\\\/#article\",\"isPartOf\":{\"@id\":\"https:\\\/\\\/www.meydan.tv\\\/az\\\/article\\\/tofiq-yaqublu-artiq-geri-sayim-baslayib\\\/\"},\"author\":{\"name\":\"mahmud\",\"@id\":\"https:\\\/\\\/www.meydan.tv\\\/az\\\/#\\\/schema\\\/person\\\/09863e516102a829e72bedcf3f84c6b0\"},\"headline\":\"Tofiq Yaqublu: \u201cArt\u0131q geri say\u0131m ba\u015flay\u0131b\u201d\",\"datePublished\":\"2025-04-15T11:35:07+00:00\",\"dateModified\":\"2025-04-19T10:19:38+00:00\",\"mainEntityOfPage\":{\"@id\":\"https:\\\/\\\/www.meydan.tv\\\/az\\\/article\\\/tofiq-yaqublu-artiq-geri-sayim-baslayib\\\/\"},\"wordCount\":883,\"publisher\":{\"@id\":\"https:\\\/\\\/www.meydan.tv\\\/az\\\/#organization\"},\"image\":{\"@id\":\"https:\\\/\\\/www.meydan.tv\\\/az\\\/article\\\/tofiq-yaqublu-artiq-geri-sayim-baslayib\\\/#primaryimage\"},\"thumbnailUrl\":\"https:\\\/\\\/www.meydan.tv\\\/wp-content\\\/uploads\\\/0644.png\",\"articleSection\":[\"Siyas\u0259t\",\"T\u00f6vsiy\u0259\",\"X\u0259b\u0259rl\u0259r\"],\"inLanguage\":\"az\"},{\"@type\":\"WebPage\",\"@id\":\"https:\\\/\\\/www.meydan.tv\\\/az\\\/article\\\/tofiq-yaqublu-artiq-geri-sayim-baslayib\\\/\",\"url\":\"https:\\\/\\\/www.meydan.tv\\\/az\\\/article\\\/tofiq-yaqublu-artiq-geri-sayim-baslayib\\\/\",\"name\":\"Tofiq Yaqublu: \u201cArt\u0131q geri say\u0131m ba\u015flay\u0131b\u201d - MEYDAN.TV\",\"isPartOf\":{\"@id\":\"https:\\\/\\\/www.meydan.tv\\\/az\\\/#website\"},\"primaryImageOfPage\":{\"@id\":\"https:\\\/\\\/www.meydan.tv\\\/az\\\/article\\\/tofiq-yaqublu-artiq-geri-sayim-baslayib\\\/#primaryimage\"},\"image\":{\"@id\":\"https:\\\/\\\/www.meydan.tv\\\/az\\\/article\\\/tofiq-yaqublu-artiq-geri-sayim-baslayib\\\/#primaryimage\"},\"thumbnailUrl\":\"https:\\\/\\\/www.meydan.tv\\\/wp-content\\\/uploads\\\/0644.png\",\"datePublished\":\"2025-04-15T11:35:07+00:00\",\"dateModified\":\"2025-04-19T10:19:38+00:00\",\"breadcrumb\":{\"@id\":\"https:\\\/\\\/www.meydan.tv\\\/az\\\/article\\\/tofiq-yaqublu-artiq-geri-sayim-baslayib\\\/#breadcrumb\"},\"inLanguage\":\"az\",\"potentialAction\":[{\"@type\":\"ReadAction\",\"target\":[\"https:\\\/\\\/www.meydan.tv\\\/az\\\/article\\\/tofiq-yaqublu-artiq-geri-sayim-baslayib\\\/\"]}]},{\"@type\":\"ImageObject\",\"inLanguage\":\"az\",\"@id\":\"https:\\\/\\\/www.meydan.tv\\\/az\\\/article\\\/tofiq-yaqublu-artiq-geri-sayim-baslayib\\\/#primaryimage\",\"url\":\"https:\\\/\\\/www.meydan.tv\\\/wp-content\\\/uploads\\\/0644.png\",\"contentUrl\":\"https:\\\/\\\/www.meydan.tv\\\/wp-content\\\/uploads\\\/0644.png\",\"width\":1179,\"height\":576,\"caption\":\"Tofiq Yaqublu. Foto: Meydan TV\"},{\"@type\":\"BreadcrumbList\",\"@id\":\"https:\\\/\\\/www.meydan.tv\\\/az\\\/article\\\/tofiq-yaqublu-artiq-geri-sayim-baslayib\\\/#breadcrumb\",\"itemListElement\":[{\"@type\":\"ListItem\",\"position\":1,\"name\":\"Ana s\u0259hif\u0259\",\"item\":\"https:\\\/\\\/www.meydan.tv\\\/az\\\/\"},{\"@type\":\"ListItem\",\"position\":2,\"name\":\"Siyas\u0259t\",\"item\":\"https:\\\/\\\/www.meydan.tv\\\/az\\\/section\\\/siyaset\\\/\"},{\"@type\":\"ListItem\",\"position\":3,\"name\":\"Tofiq Yaqublu: \u201cArt\u0131q geri say\u0131m ba\u015flay\u0131b\u201d\"}]},{\"@type\":\"WebSite\",\"@id\":\"https:\\\/\\\/www.meydan.tv\\\/az\\\/#website\",\"url\":\"https:\\\/\\\/www.meydan.tv\\\/az\\\/\",\"name\":\"MEYDAN.TV\",\"description\":\"Meydan TV Az\u0259rbaycan\u0131n media m\u0259kan\u0131ndak\u0131 alternativ s\u0259sidir\",\"publisher\":{\"@id\":\"https:\\\/\\\/www.meydan.tv\\\/az\\\/#organization\"},\"potentialAction\":[{\"@type\":\"SearchAction\",\"target\":{\"@type\":\"EntryPoint\",\"urlTemplate\":\"https:\\\/\\\/www.meydan.tv\\\/az\\\/?s={search_term_string}\"},\"query-input\":{\"@type\":\"PropertyValueSpecification\",\"valueRequired\":true,\"valueName\":\"search_term_string\"}}],\"inLanguage\":\"az\"},{\"@type\":\"Organization\",\"@id\":\"https:\\\/\\\/www.meydan.tv\\\/az\\\/#organization\",\"name\":\"Meydan TV\",\"url\":\"https:\\\/\\\/www.meydan.tv\\\/az\\\/\",\"logo\":{\"@type\":\"ImageObject\",\"inLanguage\":\"az\",\"@id\":\"https:\\\/\\\/www.meydan.tv\\\/az\\\/#\\\/schema\\\/logo\\\/image\\\/\",\"url\":\"https:\\\/\\\/www.meydan.tv\\\/wp-content\\\/uploads\\\/2021\\\/07\\\/meydan-logo.svg\",\"contentUrl\":\"https:\\\/\\\/www.meydan.tv\\\/wp-content\\\/uploads\\\/2021\\\/07\\\/meydan-logo.svg\",\"width\":195,\"height\":46,\"caption\":\"Meydan TV\"},\"image\":{\"@id\":\"https:\\\/\\\/www.meydan.tv\\\/az\\\/#\\\/schema\\\/logo\\\/image\\\/\"}},{\"@type\":\"Person\",\"@id\":\"https:\\\/\\\/www.meydan.tv\\\/az\\\/#\\\/schema\\\/person\\\/09863e516102a829e72bedcf3f84c6b0\",\"name\":\"mahmud\"}]}<\/script>\n<!-- \/ Yoast SEO plugin. -->","yoast_head_json":{"title":"Tofiq Yaqublu: \u201cArt\u0131q geri say\u0131m ba\u015flay\u0131b\u201d - MEYDAN.TV","robots":{"index":"index","follow":"follow","max-snippet":"max-snippet:-1","max-image-preview":"max-image-preview:large","max-video-preview":"max-video-preview:-1"},"canonical":"https:\/\/www.meydan.tv\/az\/article\/tofiq-yaqublu-artiq-geri-sayim-baslayib\/","og_locale":"az_AZ","og_type":"article","og_title":"Tofiq Yaqublu: \u201cArt\u0131q geri say\u0131m ba\u015flay\u0131b\u201d - MEYDAN.TV","og_description":"\u201cH\u0259bsxanada bir insan haqlar\u0131, azadl\u0131\u011f\u0131 u\u011frunda \u00f6l\u00fcm\u0259 gedir, ancaq qurumun ... Davam\u0131","og_url":"https:\/\/www.meydan.tv\/az\/article\/tofiq-yaqublu-artiq-geri-sayim-baslayib\/","og_site_name":"MEYDAN.TV","article_published_time":"2025-04-15T11:35:07+00:00","article_modified_time":"2025-04-19T10:19:38+00:00","og_image":[{"width":1179,"height":576,"url":"https:\/\/www.meydan.tv\/wp-content\/uploads\/0644.png","type":"image\/png"}],"author":"mahmud","twitter_card":"summary_large_image","schema":{"@context":"https:\/\/schema.org","@graph":[{"@type":"Article","@id":"https:\/\/www.meydan.tv\/az\/article\/tofiq-yaqublu-artiq-geri-sayim-baslayib\/#article","isPartOf":{"@id":"https:\/\/www.meydan.tv\/az\/article\/tofiq-yaqublu-artiq-geri-sayim-baslayib\/"},"author":{"name":"mahmud","@id":"https:\/\/www.meydan.tv\/az\/#\/schema\/person\/09863e516102a829e72bedcf3f84c6b0"},"headline":"Tofiq Yaqublu: \u201cArt\u0131q geri say\u0131m ba\u015flay\u0131b\u201d","datePublished":"2025-04-15T11:35:07+00:00","dateModified":"2025-04-19T10:19:38+00:00","mainEntityOfPage":{"@id":"https:\/\/www.meydan.tv\/az\/article\/tofiq-yaqublu-artiq-geri-sayim-baslayib\/"},"wordCount":883,"publisher":{"@id":"https:\/\/www.meydan.tv\/az\/#organization"},"image":{"@id":"https:\/\/www.meydan.tv\/az\/article\/tofiq-yaqublu-artiq-geri-sayim-baslayib\/#primaryimage"},"thumbnailUrl":"https:\/\/www.meydan.tv\/wp-content\/uploads\/0644.png","articleSection":["Siyas\u0259t","T\u00f6vsiy\u0259","X\u0259b\u0259rl\u0259r"],"inLanguage":"az"},{"@type":"WebPage","@id":"https:\/\/www.meydan.tv\/az\/article\/tofiq-yaqublu-artiq-geri-sayim-baslayib\/","url":"https:\/\/www.meydan.tv\/az\/article\/tofiq-yaqublu-artiq-geri-sayim-baslayib\/","name":"Tofiq Yaqublu: \u201cArt\u0131q geri say\u0131m ba\u015flay\u0131b\u201d - MEYDAN.TV","isPartOf":{"@id":"https:\/\/www.meydan.tv\/az\/#website"},"primaryImageOfPage":{"@id":"https:\/\/www.meydan.tv\/az\/article\/tofiq-yaqublu-artiq-geri-sayim-baslayib\/#primaryimage"},"image":{"@id":"https:\/\/www.meydan.tv\/az\/article\/tofiq-yaqublu-artiq-geri-sayim-baslayib\/#primaryimage"},"thumbnailUrl":"https:\/\/www.meydan.tv\/wp-content\/uploads\/0644.png","datePublished":"2025-04-15T11:35:07+00:00","dateModified":"2025-04-19T10:19:38+00:00","breadcrumb":{"@id":"https:\/\/www.meydan.tv\/az\/article\/tofiq-yaqublu-artiq-geri-sayim-baslayib\/#breadcrumb"},"inLanguage":"az","potentialAction":[{"@type":"ReadAction","target":["https:\/\/www.meydan.tv\/az\/article\/tofiq-yaqublu-artiq-geri-sayim-baslayib\/"]}]},{"@type":"ImageObject","inLanguage":"az","@id":"https:\/\/www.meydan.tv\/az\/article\/tofiq-yaqublu-artiq-geri-sayim-baslayib\/#primaryimage","url":"https:\/\/www.meydan.tv\/wp-content\/uploads\/0644.png","contentUrl":"https:\/\/www.meydan.tv\/wp-content\/uploads\/0644.png","width":1179,"height":576,"caption":"Tofiq Yaqublu. Foto: Meydan TV"},{"@type":"BreadcrumbList","@id":"https:\/\/www.meydan.tv\/az\/article\/tofiq-yaqublu-artiq-geri-sayim-baslayib\/#breadcrumb","itemListElement":[{"@type":"ListItem","position":1,"name":"Ana s\u0259hif\u0259","item":"https:\/\/www.meydan.tv\/az\/"},{"@type":"ListItem","position":2,"name":"Siyas\u0259t","item":"https:\/\/www.meydan.tv\/az\/section\/siyaset\/"},{"@type":"ListItem","position":3,"name":"Tofiq Yaqublu: \u201cArt\u0131q geri say\u0131m ba\u015flay\u0131b\u201d"}]},{"@type":"WebSite","@id":"https:\/\/www.meydan.tv\/az\/#website","url":"https:\/\/www.meydan.tv\/az\/","name":"MEYDAN.TV","description":"Meydan TV Az\u0259rbaycan\u0131n media m\u0259kan\u0131ndak\u0131 alternativ s\u0259sidir","publisher":{"@id":"https:\/\/www.meydan.tv\/az\/#organization"},"potentialAction":[{"@type":"SearchAction","target":{"@type":"EntryPoint","urlTemplate":"https:\/\/www.meydan.tv\/az\/?s={search_term_string}"},"query-input":{"@type":"PropertyValueSpecification","valueRequired":true,"valueName":"search_term_string"}}],"inLanguage":"az"},{"@type":"Organization","@id":"https:\/\/www.meydan.tv\/az\/#organization","name":"Meydan TV","url":"https:\/\/www.meydan.tv\/az\/","logo":{"@type":"ImageObject","inLanguage":"az","@id":"https:\/\/www.meydan.tv\/az\/#\/schema\/logo\/image\/","url":"https:\/\/www.meydan.tv\/wp-content\/uploads\/2021\/07\/meydan-logo.svg","contentUrl":"https:\/\/www.meydan.tv\/wp-content\/uploads\/2021\/07\/meydan-logo.svg","width":195,"height":46,"caption":"Meydan TV"},"image":{"@id":"https:\/\/www.meydan.tv\/az\/#\/schema\/logo\/image\/"}},{"@type":"Person","@id":"https:\/\/www.meydan.tv\/az\/#\/schema\/person\/09863e516102a829e72bedcf3f84c6b0","name":"mahmud"}]}},"_links":{"self":[{"href":"https:\/\/www.meydan.tv\/az\/wp-json\/wp\/v2\/posts\/328872","targetHints":{"allow":["GET"]}}],"collection":[{"href":"https:\/\/www.meydan.tv\/az\/wp-json\/wp\/v2\/posts"}],"about":[{"href":"https:\/\/www.meydan.tv\/az\/wp-json\/wp\/v2\/types\/post"}],"author":[{"embeddable":true,"href":"https:\/\/www.meydan.tv\/az\/wp-json\/wp\/v2\/users\/21"}],"replies":[{"embeddable":true,"href":"https:\/\/www.meydan.tv\/az\/wp-json\/wp\/v2\/comments?post=328872"}],"version-history":[{"count":2,"href":"https:\/\/www.meydan.tv\/az\/wp-json\/wp\/v2\/posts\/328872\/revisions"}],"predecessor-version":[{"id":328874,"href":"https:\/\/www.meydan.tv\/az\/wp-json\/wp\/v2\/posts\/328872\/revisions\/328874"}],"wp:featuredmedia":[{"embeddable":true,"href":"https:\/\/www.meydan.tv\/az\/wp-json\/wp\/v2\/media\/328388"}],"wp:attachment":[{"href":"https:\/\/www.meydan.tv\/az\/wp-json\/wp\/v2\/media?parent=328872"}],"wp:term":[{"taxonomy":"category","embeddable":true,"href":"https:\/\/www.meydan.tv\/az\/wp-json\/wp\/v2\/categories?post=328872"},{"taxonomy":"post_tag","embeddable":true,"href":"https:\/\/www.meydan.tv\/az\/wp-json\/wp\/v2\/tags?post=328872"}],"curies":[{"name":"wp","href":"https:\/\/api.w.org\/{rel}","templated":true}]}}