{"id":328829,"date":"2025-04-15T14:20:07","date_gmt":"2025-04-15T10:20:07","guid":{"rendered":"https:\/\/www.meydan.tv\/?p=328829"},"modified":"2025-04-15T14:20:10","modified_gmt":"2025-04-15T10:20:10","slug":"ictimai-f%c9%99al-ozunu-iqtisadiyyat-nazirliyinin-binasi-onund%c9%99-yandirmaq-ist%c9%99yib","status":"publish","type":"post","link":"https:\/\/www.meydan.tv\/az\/article\/ictimai-f%c9%99al-ozunu-iqtisadiyyat-nazirliyinin-binasi-onund%c9%99-yandirmaq-ist%c9%99yib\/","title":{"rendered":"\u0130ctimai f\u0259al \u00f6z\u00fcn\u00fc \u0130qtisadiyyat Nazirliyinin binas\u0131 \u00f6n\u00fcnd\u0259 yand\u0131rmaq ist\u0259yib"},"content":{"rendered":"\n<p><\/p>\n\n\n\n<p><strong><em>R\u0259biyy\u0259 M\u0259mm\u0259dova q\u0259bul edilib dinl\u0259nilm\u0259si \u00fc\u00e7\u00fcn bel\u0259 bir add\u0131m atmaq q\u0259rar\u0131na g\u0259lib<\/em><\/strong><\/p>\n\n\n\n<p>\u0130ctimai f\u0259al, \u201cSapla\u201d tiki\u015f sexinin qurucusu R\u0259biyy\u0259 M\u0259mm\u0259dova \u00f6z\u00fcn\u00fc \u0130qtisadiyyat Nazirliyinin binas\u0131 \u00f6n\u00fcnd\u0259 yand\u0131rmaq <a href=\"https:\/\/www.facebook.com\/share\/v\/1ENRhTFCBS\/\" target=\"_blank\" rel=\"noreferrer noopener\">ist\u0259yib<\/a>.<\/p>\n\n\n\n<p>Buna s\u0259b\u0259b onun sahibkarl\u0131q krediti \u00fc\u00e7\u00fcn m\u00fcraci\u0259tin\u0259 m\u0259nfi cavab verilm\u0259sidir. O, bildirir ki, d\u0259f\u0259l\u0259rl\u0259 m\u00fcraci\u0259t ets\u0259 d\u0259, aidiyy\u0259ti qurumlar onun m\u00fcraci\u0259tin\u0259 baxm\u0131rlar. R\u0259biyy\u0259 M\u0259mm\u0259dova q\u0259bul edilib dinl\u0259nilm\u0259si \u00fc\u00e7\u00fcn bel\u0259 bir add\u0131m atmaq q\u0259rar\u0131na g\u0259lib.<\/p>\n\n\n\n<p>\u00c7oxsayl\u0131 israr\u0131ndan sonra g\u00f6r\u00fc\u015f t\u0259l\u0259bi yerin\u0259 yetiril\u0259n R\u0259biyy\u0259 M\u0259mm\u0259dova \u0130qtisadiyyat Nazirliyinin aparat r\u0259hb\u0259ri Ayaz \u018fliyev t\u0259r\u0259find\u0259n q\u0259bul edilib.<\/p>\n\n\n\n<p>Bu bar\u0259d\u0259 o, sosial \u015f\u0259b\u0259k\u0259d\u0259 <a href=\"https:\/\/www.facebook.com\/photo?fbid=2291182507944919&amp;set=a.134651756931349\" target=\"_blank\" rel=\"noreferrer noopener\">yaz\u0131b.<\/a><\/p>\n\n\n\n<p><em>\u201cXo\u015f qar\u015f\u0131land\u0131m, Ayaz m\u00fc\u0259llim, sonuna q\u0259d\u0259r m\u0259ni dinl\u0259di. 30 d\u0259qiq\u0259y\u0259 yax\u0131n q\u0259bulunda oldum. Dedi ki, m\u0259s\u0259l\u0259 il\u0259 \u00f6z\u00fc m\u0259\u015f\u011ful olacaq, 10 g\u00fcn \u0259rzind\u0259 d\u0259 cavab veril\u0259c\u0259k. Ayaz m\u00fc\u0259llimin s\u0259mimi q\u0259buluna xo\u015f niyy\u0259tli, problemin h\u0259lli y\u00f6n\u00fcml\u00fc oldu\u011funu m\u0259n\u0259 hiss etdirdiyin\u0259 g\u00f6r\u0259, \u0130qtisadiyyat Nazirliyind\u0259n gedir\u0259m. S\u0259brl\u0259 10 g\u00fcn g\u00f6zl\u0259y\u0259c\u0259y\u0259m. A\u00e7\u0131\u011f\u0131 bu g\u00fcn \u00fcmidimin \u00f6ld\u00fcy\u00fc g\u00fcnd\u00fcr\u201d,<\/em> &#8211; R\u0259biyy\u0259 M\u0259mm\u0259dova bildirib.<\/p>\n\n\n\n<p>R\u0259biyy\u0259 M\u0259mm\u0259dova 2025-ci ilin fevral\u0131nda sahibkarl\u0131q krediti il\u0259 ba\u011fl\u0131 Sahibkarl\u0131\u011f\u0131n \u0130nki\u015faf\u0131 Fonduna (S\u0130F) m\u00fcraci\u0259t edib. R\u0259biyy\u0259 M\u0259mm\u0259dovan\u0131n s\u00f6zl\u0259rin\u0259 g\u00f6r\u0259, S\u0130F onun fevralda etdiyi\u00a0 m\u00fcraci\u0259t\u0259 2 ay sonra, aprelin 8-d\u0259 imtina cavab\u0131 verib. S\u0259b\u0259b kimi is\u0259 s\u0259n\u0259dd\u0259 yanl\u0131\u015fl\u0131q oldu\u011fu bildirilib. \u201cSapla\u201d tiki\u015f sexinin qurucusu qeyd edib ki, s\u0259n\u0259dl\u0259r toplanark\u0259n qaydas\u0131nda olmas\u0131na x\u00fcsusi diqq\u0259t <a href=\"https:\/\/storage.googleapis.com\/qurium\/www.meydan.tv\/az-article-gender-aktivisti-t%c9%99kadamliq-oturaq-etiraz-aksiyasi-kecirir.html\" target=\"_blank\" rel=\"noreferrer noopener\">yetirilib.<\/a><\/p>\n\n\n\n<p>\u0130mtina cavab\u0131 alandan bir g\u00fcn sonra, aprelin 9-dan ba\u015flayaraq o, S\u0130F v\u0259 \u0130qtisadiyyat Nazirliyinin \u00f6n\u00fcnd\u0259 oturaq aksiya ke\u00e7irm\u0259y\u0259 ba\u015flay\u0131b.<\/p>\n\n\n\n<p>Aprelin 11-d\u0259 o, \u201cFacebook\u201d profilind\u0259 polis b\u00f6lm\u0259sin\u0259 apar\u0131laraq orada d\u00f6y\u00fcld\u00fcy\u00fcn\u00fc <a href=\"https:\/\/www.facebook.com\/photo?fbid=2287369138326256&amp;set=a.134651756931349\">yaz\u0131b.<\/a><\/p>\n\n\n\n<p>Ard\u0131nca is\u0259 s\u0259rb\u0259st burax\u0131ld\u0131\u011f\u0131n\u0131 bildirib.<\/p>\n\n\n\n<p>M\u0259s\u0259l\u0259 il\u0259 \u0259laq\u0259dar \u0130qtisadiyyat Nazirliyi v\u0259 Sahibkarl\u0131\u011f\u0131n \u0130nki\u015faf\u0131 Fondundan m\u00fcnasib\u0259t \u00f6yr\u0259nm\u0259k m\u00fcmk\u00fcn olmay\u0131b.<\/p>\n\n\n\n<p>\u201cSapla\u201d 2022-ci ild\u0259 t\u0259sis olunub. M\u0259qs\u0259di m\u0259i\u015f\u0259t zorak\u0131l\u0131\u011f\u0131na m\u0259ruz qalanlara t\u0259hl\u00fck\u0259siz i\u015f m\u00fchiti t\u0259klif etm\u0259kdir.<\/p>\n","protected":false},"excerpt":{"rendered":"<p>R\u0259biyy\u0259 M\u0259mm\u0259dova q\u0259bul edilib dinl\u0259nilm\u0259si \u00fc\u00e7\u00fcn bel\u0259 bir add\u0131m atmaq &#8230; <\/p>\n<p class=\"read-more-container\"><a title=\"\u0130ctimai f\u0259al \u00f6z\u00fcn\u00fc \u0130qtisadiyyat Nazirliyinin binas\u0131 \u00f6n\u00fcnd\u0259 yand\u0131rmaq ist\u0259yib\" class=\"read-more button\" href=\"https:\/\/www.meydan.tv\/az\/article\/ictimai-f%c9%99al-ozunu-iqtisadiyyat-nazirliyinin-binasi-onund%c9%99-yandirmaq-ist%c9%99yib\/#more-328829\" aria-label=\"Read more about \u0130ctimai f\u0259al \u00f6z\u00fcn\u00fc \u0130qtisadiyyat Nazirliyinin binas\u0131 \u00f6n\u00fcnd\u0259 yand\u0131rmaq ist\u0259yib\">Davam\u0131<\/a><\/p>\n","protected":false},"author":21,"featured_media":248909,"comment_status":"closed","ping_status":"closed","sticky":false,"template":"","format":"standard","meta":{"_acf_changed":false,"_sitemap_exclude":false,"_sitemap_priority":"","_sitemap_frequency":"","footnotes":""},"categories":[62,56],"tags":[],"class_list":["post-328829","post","type-post","status-publish","format-standard","has-post-thumbnail","hentry","category-sosial","category-xeberler","infinite-scroll-item","generate-columns","tablet-grid-50","mobile-grid-100","grid-parent","grid-33","no-featured-image-padding"],"acf":[],"yoast_head":"<!-- This site is optimized with the Yoast SEO plugin v27.4 - https:\/\/yoast.com\/product\/yoast-seo-wordpress\/ -->\n<title>\u0130ctimai f\u0259al \u00f6z\u00fcn\u00fc \u0130qtisadiyyat Nazirliyinin binas\u0131 \u00f6n\u00fcnd\u0259 yand\u0131rmaq ist\u0259yib - MEYDAN.TV<\/title>\n<meta name=\"robots\" content=\"index, follow, max-snippet:-1, max-image-preview:large, max-video-preview:-1\" \/>\n<link rel=\"canonical\" href=\"https:\/\/www.meydan.tv\/az\/article\/ictimai-f%c9%99al-ozunu-iqtisadiyyat-nazirliyinin-binasi-onund%c9%99-yandirmaq-ist%c9%99yib\/\" \/>\n<meta property=\"og:locale\" content=\"az_AZ\" \/>\n<meta property=\"og:type\" content=\"article\" \/>\n<meta property=\"og:title\" content=\"\u0130ctimai f\u0259al \u00f6z\u00fcn\u00fc \u0130qtisadiyyat Nazirliyinin binas\u0131 \u00f6n\u00fcnd\u0259 yand\u0131rmaq ist\u0259yib - MEYDAN.TV\" \/>\n<meta property=\"og:description\" content=\"R\u0259biyy\u0259 M\u0259mm\u0259dova q\u0259bul edilib dinl\u0259nilm\u0259si \u00fc\u00e7\u00fcn bel\u0259 bir add\u0131m atmaq ... Davam\u0131\" \/>\n<meta property=\"og:url\" content=\"https:\/\/www.meydan.tv\/az\/article\/ictimai-f%c9%99al-ozunu-iqtisadiyyat-nazirliyinin-binasi-onund%c9%99-yandirmaq-ist%c9%99yib\/\" \/>\n<meta property=\"og:site_name\" content=\"MEYDAN.TV\" \/>\n<meta property=\"article:published_time\" content=\"2025-04-15T10:20:07+00:00\" \/>\n<meta property=\"article:modified_time\" content=\"2025-04-15T10:20:10+00:00\" \/>\n<meta property=\"og:image\" content=\"https:\/\/www.meydan.tv\/wp-content\/uploads\/aziz9399-scaled.jpg\" \/>\n\t<meta property=\"og:image:width\" content=\"2560\" \/>\n\t<meta property=\"og:image:height\" content=\"1707\" \/>\n\t<meta property=\"og:image:type\" content=\"image\/jpeg\" \/>\n<meta name=\"author\" content=\"mahmud\" \/>\n<meta name=\"twitter:card\" content=\"summary_large_image\" \/>\n<script type=\"application\/ld+json\" class=\"yoast-schema-graph\">{\"@context\":\"https:\\\/\\\/schema.org\",\"@graph\":[{\"@type\":\"Article\",\"@id\":\"https:\\\/\\\/www.meydan.tv\\\/az\\\/article\\\/ictimai-f%c9%99al-ozunu-iqtisadiyyat-nazirliyinin-binasi-onund%c9%99-yandirmaq-ist%c9%99yib\\\/#article\",\"isPartOf\":{\"@id\":\"https:\\\/\\\/www.meydan.tv\\\/az\\\/article\\\/ictimai-f%c9%99al-ozunu-iqtisadiyyat-nazirliyinin-binasi-onund%c9%99-yandirmaq-ist%c9%99yib\\\/\"},\"author\":{\"name\":\"mahmud\",\"@id\":\"https:\\\/\\\/www.meydan.tv\\\/az\\\/#\\\/schema\\\/person\\\/09863e516102a829e72bedcf3f84c6b0\"},\"headline\":\"\u0130ctimai f\u0259al \u00f6z\u00fcn\u00fc \u0130qtisadiyyat Nazirliyinin binas\u0131 \u00f6n\u00fcnd\u0259 yand\u0131rmaq ist\u0259yib\",\"datePublished\":\"2025-04-15T10:20:07+00:00\",\"dateModified\":\"2025-04-15T10:20:10+00:00\",\"mainEntityOfPage\":{\"@id\":\"https:\\\/\\\/www.meydan.tv\\\/az\\\/article\\\/ictimai-f%c9%99al-ozunu-iqtisadiyyat-nazirliyinin-binasi-onund%c9%99-yandirmaq-ist%c9%99yib\\\/\"},\"wordCount\":456,\"publisher\":{\"@id\":\"https:\\\/\\\/www.meydan.tv\\\/az\\\/#organization\"},\"image\":{\"@id\":\"https:\\\/\\\/www.meydan.tv\\\/az\\\/article\\\/ictimai-f%c9%99al-ozunu-iqtisadiyyat-nazirliyinin-binasi-onund%c9%99-yandirmaq-ist%c9%99yib\\\/#primaryimage\"},\"thumbnailUrl\":\"https:\\\/\\\/www.meydan.tv\\\/wp-content\\\/uploads\\\/aziz9399-scaled.jpg\",\"articleSection\":[\"Sosial\",\"X\u0259b\u0259rl\u0259r\"],\"inLanguage\":\"az\"},{\"@type\":\"WebPage\",\"@id\":\"https:\\\/\\\/www.meydan.tv\\\/az\\\/article\\\/ictimai-f%c9%99al-ozunu-iqtisadiyyat-nazirliyinin-binasi-onund%c9%99-yandirmaq-ist%c9%99yib\\\/\",\"url\":\"https:\\\/\\\/www.meydan.tv\\\/az\\\/article\\\/ictimai-f%c9%99al-ozunu-iqtisadiyyat-nazirliyinin-binasi-onund%c9%99-yandirmaq-ist%c9%99yib\\\/\",\"name\":\"\u0130ctimai f\u0259al \u00f6z\u00fcn\u00fc \u0130qtisadiyyat Nazirliyinin binas\u0131 \u00f6n\u00fcnd\u0259 yand\u0131rmaq ist\u0259yib - MEYDAN.TV\",\"isPartOf\":{\"@id\":\"https:\\\/\\\/www.meydan.tv\\\/az\\\/#website\"},\"primaryImageOfPage\":{\"@id\":\"https:\\\/\\\/www.meydan.tv\\\/az\\\/article\\\/ictimai-f%c9%99al-ozunu-iqtisadiyyat-nazirliyinin-binasi-onund%c9%99-yandirmaq-ist%c9%99yib\\\/#primaryimage\"},\"image\":{\"@id\":\"https:\\\/\\\/www.meydan.tv\\\/az\\\/article\\\/ictimai-f%c9%99al-ozunu-iqtisadiyyat-nazirliyinin-binasi-onund%c9%99-yandirmaq-ist%c9%99yib\\\/#primaryimage\"},\"thumbnailUrl\":\"https:\\\/\\\/www.meydan.tv\\\/wp-content\\\/uploads\\\/aziz9399-scaled.jpg\",\"datePublished\":\"2025-04-15T10:20:07+00:00\",\"dateModified\":\"2025-04-15T10:20:10+00:00\",\"breadcrumb\":{\"@id\":\"https:\\\/\\\/www.meydan.tv\\\/az\\\/article\\\/ictimai-f%c9%99al-ozunu-iqtisadiyyat-nazirliyinin-binasi-onund%c9%99-yandirmaq-ist%c9%99yib\\\/#breadcrumb\"},\"inLanguage\":\"az\",\"potentialAction\":[{\"@type\":\"ReadAction\",\"target\":[\"https:\\\/\\\/www.meydan.tv\\\/az\\\/article\\\/ictimai-f%c9%99al-ozunu-iqtisadiyyat-nazirliyinin-binasi-onund%c9%99-yandirmaq-ist%c9%99yib\\\/\"]}]},{\"@type\":\"ImageObject\",\"inLanguage\":\"az\",\"@id\":\"https:\\\/\\\/www.meydan.tv\\\/az\\\/article\\\/ictimai-f%c9%99al-ozunu-iqtisadiyyat-nazirliyinin-binasi-onund%c9%99-yandirmaq-ist%c9%99yib\\\/#primaryimage\",\"url\":\"https:\\\/\\\/www.meydan.tv\\\/wp-content\\\/uploads\\\/aziz9399-scaled.jpg\",\"contentUrl\":\"https:\\\/\\\/www.meydan.tv\\\/wp-content\\\/uploads\\\/aziz9399-scaled.jpg\",\"width\":2560,\"height\":1707,\"caption\":\"R\u0259biyy\u0259 M\u0259mm\u0259dova. Foto: Meydan TV\"},{\"@type\":\"BreadcrumbList\",\"@id\":\"https:\\\/\\\/www.meydan.tv\\\/az\\\/article\\\/ictimai-f%c9%99al-ozunu-iqtisadiyyat-nazirliyinin-binasi-onund%c9%99-yandirmaq-ist%c9%99yib\\\/#breadcrumb\",\"itemListElement\":[{\"@type\":\"ListItem\",\"position\":1,\"name\":\"Ana s\u0259hif\u0259\",\"item\":\"https:\\\/\\\/www.meydan.tv\\\/az\\\/\"},{\"@type\":\"ListItem\",\"position\":2,\"name\":\"Sosial\",\"item\":\"https:\\\/\\\/www.meydan.tv\\\/az\\\/section\\\/sosial\\\/\"},{\"@type\":\"ListItem\",\"position\":3,\"name\":\"\u0130ctimai f\u0259al \u00f6z\u00fcn\u00fc \u0130qtisadiyyat Nazirliyinin binas\u0131 \u00f6n\u00fcnd\u0259 yand\u0131rmaq ist\u0259yib\"}]},{\"@type\":\"WebSite\",\"@id\":\"https:\\\/\\\/www.meydan.tv\\\/az\\\/#website\",\"url\":\"https:\\\/\\\/www.meydan.tv\\\/az\\\/\",\"name\":\"MEYDAN.TV\",\"description\":\"Meydan TV Az\u0259rbaycan\u0131n media m\u0259kan\u0131ndak\u0131 alternativ s\u0259sidir\",\"publisher\":{\"@id\":\"https:\\\/\\\/www.meydan.tv\\\/az\\\/#organization\"},\"potentialAction\":[{\"@type\":\"SearchAction\",\"target\":{\"@type\":\"EntryPoint\",\"urlTemplate\":\"https:\\\/\\\/www.meydan.tv\\\/az\\\/?s={search_term_string}\"},\"query-input\":{\"@type\":\"PropertyValueSpecification\",\"valueRequired\":true,\"valueName\":\"search_term_string\"}}],\"inLanguage\":\"az\"},{\"@type\":\"Organization\",\"@id\":\"https:\\\/\\\/www.meydan.tv\\\/az\\\/#organization\",\"name\":\"Meydan TV\",\"url\":\"https:\\\/\\\/www.meydan.tv\\\/az\\\/\",\"logo\":{\"@type\":\"ImageObject\",\"inLanguage\":\"az\",\"@id\":\"https:\\\/\\\/www.meydan.tv\\\/az\\\/#\\\/schema\\\/logo\\\/image\\\/\",\"url\":\"https:\\\/\\\/www.meydan.tv\\\/wp-content\\\/uploads\\\/2021\\\/07\\\/meydan-logo.svg\",\"contentUrl\":\"https:\\\/\\\/www.meydan.tv\\\/wp-content\\\/uploads\\\/2021\\\/07\\\/meydan-logo.svg\",\"width\":195,\"height\":46,\"caption\":\"Meydan TV\"},\"image\":{\"@id\":\"https:\\\/\\\/www.meydan.tv\\\/az\\\/#\\\/schema\\\/logo\\\/image\\\/\"}},{\"@type\":\"Person\",\"@id\":\"https:\\\/\\\/www.meydan.tv\\\/az\\\/#\\\/schema\\\/person\\\/09863e516102a829e72bedcf3f84c6b0\",\"name\":\"mahmud\"}]}<\/script>\n<!-- \/ Yoast SEO plugin. -->","yoast_head_json":{"title":"\u0130ctimai f\u0259al \u00f6z\u00fcn\u00fc \u0130qtisadiyyat Nazirliyinin binas\u0131 \u00f6n\u00fcnd\u0259 yand\u0131rmaq ist\u0259yib - MEYDAN.TV","robots":{"index":"index","follow":"follow","max-snippet":"max-snippet:-1","max-image-preview":"max-image-preview:large","max-video-preview":"max-video-preview:-1"},"canonical":"https:\/\/www.meydan.tv\/az\/article\/ictimai-f%c9%99al-ozunu-iqtisadiyyat-nazirliyinin-binasi-onund%c9%99-yandirmaq-ist%c9%99yib\/","og_locale":"az_AZ","og_type":"article","og_title":"\u0130ctimai f\u0259al \u00f6z\u00fcn\u00fc \u0130qtisadiyyat Nazirliyinin binas\u0131 \u00f6n\u00fcnd\u0259 yand\u0131rmaq ist\u0259yib - MEYDAN.TV","og_description":"R\u0259biyy\u0259 M\u0259mm\u0259dova q\u0259bul edilib dinl\u0259nilm\u0259si \u00fc\u00e7\u00fcn bel\u0259 bir add\u0131m atmaq ... Davam\u0131","og_url":"https:\/\/www.meydan.tv\/az\/article\/ictimai-f%c9%99al-ozunu-iqtisadiyyat-nazirliyinin-binasi-onund%c9%99-yandirmaq-ist%c9%99yib\/","og_site_name":"MEYDAN.TV","article_published_time":"2025-04-15T10:20:07+00:00","article_modified_time":"2025-04-15T10:20:10+00:00","og_image":[{"width":2560,"height":1707,"url":"https:\/\/www.meydan.tv\/wp-content\/uploads\/aziz9399-scaled.jpg","type":"image\/jpeg"}],"author":"mahmud","twitter_card":"summary_large_image","schema":{"@context":"https:\/\/schema.org","@graph":[{"@type":"Article","@id":"https:\/\/www.meydan.tv\/az\/article\/ictimai-f%c9%99al-ozunu-iqtisadiyyat-nazirliyinin-binasi-onund%c9%99-yandirmaq-ist%c9%99yib\/#article","isPartOf":{"@id":"https:\/\/www.meydan.tv\/az\/article\/ictimai-f%c9%99al-ozunu-iqtisadiyyat-nazirliyinin-binasi-onund%c9%99-yandirmaq-ist%c9%99yib\/"},"author":{"name":"mahmud","@id":"https:\/\/www.meydan.tv\/az\/#\/schema\/person\/09863e516102a829e72bedcf3f84c6b0"},"headline":"\u0130ctimai f\u0259al \u00f6z\u00fcn\u00fc \u0130qtisadiyyat Nazirliyinin binas\u0131 \u00f6n\u00fcnd\u0259 yand\u0131rmaq ist\u0259yib","datePublished":"2025-04-15T10:20:07+00:00","dateModified":"2025-04-15T10:20:10+00:00","mainEntityOfPage":{"@id":"https:\/\/www.meydan.tv\/az\/article\/ictimai-f%c9%99al-ozunu-iqtisadiyyat-nazirliyinin-binasi-onund%c9%99-yandirmaq-ist%c9%99yib\/"},"wordCount":456,"publisher":{"@id":"https:\/\/www.meydan.tv\/az\/#organization"},"image":{"@id":"https:\/\/www.meydan.tv\/az\/article\/ictimai-f%c9%99al-ozunu-iqtisadiyyat-nazirliyinin-binasi-onund%c9%99-yandirmaq-ist%c9%99yib\/#primaryimage"},"thumbnailUrl":"https:\/\/www.meydan.tv\/wp-content\/uploads\/aziz9399-scaled.jpg","articleSection":["Sosial","X\u0259b\u0259rl\u0259r"],"inLanguage":"az"},{"@type":"WebPage","@id":"https:\/\/www.meydan.tv\/az\/article\/ictimai-f%c9%99al-ozunu-iqtisadiyyat-nazirliyinin-binasi-onund%c9%99-yandirmaq-ist%c9%99yib\/","url":"https:\/\/www.meydan.tv\/az\/article\/ictimai-f%c9%99al-ozunu-iqtisadiyyat-nazirliyinin-binasi-onund%c9%99-yandirmaq-ist%c9%99yib\/","name":"\u0130ctimai f\u0259al \u00f6z\u00fcn\u00fc \u0130qtisadiyyat Nazirliyinin binas\u0131 \u00f6n\u00fcnd\u0259 yand\u0131rmaq ist\u0259yib - MEYDAN.TV","isPartOf":{"@id":"https:\/\/www.meydan.tv\/az\/#website"},"primaryImageOfPage":{"@id":"https:\/\/www.meydan.tv\/az\/article\/ictimai-f%c9%99al-ozunu-iqtisadiyyat-nazirliyinin-binasi-onund%c9%99-yandirmaq-ist%c9%99yib\/#primaryimage"},"image":{"@id":"https:\/\/www.meydan.tv\/az\/article\/ictimai-f%c9%99al-ozunu-iqtisadiyyat-nazirliyinin-binasi-onund%c9%99-yandirmaq-ist%c9%99yib\/#primaryimage"},"thumbnailUrl":"https:\/\/www.meydan.tv\/wp-content\/uploads\/aziz9399-scaled.jpg","datePublished":"2025-04-15T10:20:07+00:00","dateModified":"2025-04-15T10:20:10+00:00","breadcrumb":{"@id":"https:\/\/www.meydan.tv\/az\/article\/ictimai-f%c9%99al-ozunu-iqtisadiyyat-nazirliyinin-binasi-onund%c9%99-yandirmaq-ist%c9%99yib\/#breadcrumb"},"inLanguage":"az","potentialAction":[{"@type":"ReadAction","target":["https:\/\/www.meydan.tv\/az\/article\/ictimai-f%c9%99al-ozunu-iqtisadiyyat-nazirliyinin-binasi-onund%c9%99-yandirmaq-ist%c9%99yib\/"]}]},{"@type":"ImageObject","inLanguage":"az","@id":"https:\/\/www.meydan.tv\/az\/article\/ictimai-f%c9%99al-ozunu-iqtisadiyyat-nazirliyinin-binasi-onund%c9%99-yandirmaq-ist%c9%99yib\/#primaryimage","url":"https:\/\/www.meydan.tv\/wp-content\/uploads\/aziz9399-scaled.jpg","contentUrl":"https:\/\/www.meydan.tv\/wp-content\/uploads\/aziz9399-scaled.jpg","width":2560,"height":1707,"caption":"R\u0259biyy\u0259 M\u0259mm\u0259dova. Foto: Meydan TV"},{"@type":"BreadcrumbList","@id":"https:\/\/www.meydan.tv\/az\/article\/ictimai-f%c9%99al-ozunu-iqtisadiyyat-nazirliyinin-binasi-onund%c9%99-yandirmaq-ist%c9%99yib\/#breadcrumb","itemListElement":[{"@type":"ListItem","position":1,"name":"Ana s\u0259hif\u0259","item":"https:\/\/www.meydan.tv\/az\/"},{"@type":"ListItem","position":2,"name":"Sosial","item":"https:\/\/www.meydan.tv\/az\/section\/sosial\/"},{"@type":"ListItem","position":3,"name":"\u0130ctimai f\u0259al \u00f6z\u00fcn\u00fc \u0130qtisadiyyat Nazirliyinin binas\u0131 \u00f6n\u00fcnd\u0259 yand\u0131rmaq ist\u0259yib"}]},{"@type":"WebSite","@id":"https:\/\/www.meydan.tv\/az\/#website","url":"https:\/\/www.meydan.tv\/az\/","name":"MEYDAN.TV","description":"Meydan TV Az\u0259rbaycan\u0131n media m\u0259kan\u0131ndak\u0131 alternativ s\u0259sidir","publisher":{"@id":"https:\/\/www.meydan.tv\/az\/#organization"},"potentialAction":[{"@type":"SearchAction","target":{"@type":"EntryPoint","urlTemplate":"https:\/\/www.meydan.tv\/az\/?s={search_term_string}"},"query-input":{"@type":"PropertyValueSpecification","valueRequired":true,"valueName":"search_term_string"}}],"inLanguage":"az"},{"@type":"Organization","@id":"https:\/\/www.meydan.tv\/az\/#organization","name":"Meydan TV","url":"https:\/\/www.meydan.tv\/az\/","logo":{"@type":"ImageObject","inLanguage":"az","@id":"https:\/\/www.meydan.tv\/az\/#\/schema\/logo\/image\/","url":"https:\/\/www.meydan.tv\/wp-content\/uploads\/2021\/07\/meydan-logo.svg","contentUrl":"https:\/\/www.meydan.tv\/wp-content\/uploads\/2021\/07\/meydan-logo.svg","width":195,"height":46,"caption":"Meydan TV"},"image":{"@id":"https:\/\/www.meydan.tv\/az\/#\/schema\/logo\/image\/"}},{"@type":"Person","@id":"https:\/\/www.meydan.tv\/az\/#\/schema\/person\/09863e516102a829e72bedcf3f84c6b0","name":"mahmud"}]}},"_links":{"self":[{"href":"https:\/\/www.meydan.tv\/az\/wp-json\/wp\/v2\/posts\/328829","targetHints":{"allow":["GET"]}}],"collection":[{"href":"https:\/\/www.meydan.tv\/az\/wp-json\/wp\/v2\/posts"}],"about":[{"href":"https:\/\/www.meydan.tv\/az\/wp-json\/wp\/v2\/types\/post"}],"author":[{"embeddable":true,"href":"https:\/\/www.meydan.tv\/az\/wp-json\/wp\/v2\/users\/21"}],"replies":[{"embeddable":true,"href":"https:\/\/www.meydan.tv\/az\/wp-json\/wp\/v2\/comments?post=328829"}],"version-history":[{"count":1,"href":"https:\/\/www.meydan.tv\/az\/wp-json\/wp\/v2\/posts\/328829\/revisions"}],"predecessor-version":[{"id":328830,"href":"https:\/\/www.meydan.tv\/az\/wp-json\/wp\/v2\/posts\/328829\/revisions\/328830"}],"wp:featuredmedia":[{"embeddable":true,"href":"https:\/\/www.meydan.tv\/az\/wp-json\/wp\/v2\/media\/248909"}],"wp:attachment":[{"href":"https:\/\/www.meydan.tv\/az\/wp-json\/wp\/v2\/media?parent=328829"}],"wp:term":[{"taxonomy":"category","embeddable":true,"href":"https:\/\/www.meydan.tv\/az\/wp-json\/wp\/v2\/categories?post=328829"},{"taxonomy":"post_tag","embeddable":true,"href":"https:\/\/www.meydan.tv\/az\/wp-json\/wp\/v2\/tags?post=328829"}],"curies":[{"name":"wp","href":"https:\/\/api.w.org\/{rel}","templated":true}]}}