{"id":328814,"date":"2025-04-14T17:19:22","date_gmt":"2025-04-14T13:19:22","guid":{"rendered":"https:\/\/www.meydan.tv\/?p=328814"},"modified":"2025-04-14T17:19:26","modified_gmt":"2025-04-14T13:19:26","slug":"afi%c9%99ddin-m%c9%99mm%c9%99dov-m%c9%99hbuslarin-media-v%c9%99-informasiyaya-cixisi-m%c9%99hdudlasdirilir","status":"publish","type":"post","link":"https:\/\/www.meydan.tv\/az\/article\/afi%c9%99ddin-m%c9%99mm%c9%99dov-m%c9%99hbuslarin-media-v%c9%99-informasiyaya-cixisi-m%c9%99hdudlasdirilir\/","title":{"rendered":"Afi\u0259ddin M\u0259mm\u0259dov: \u201cM\u0259hbuslar\u0131n media v\u0259 informasiyaya \u00e7\u0131x\u0131\u015f\u0131 m\u0259hdudla\u015fd\u0131r\u0131l\u0131r\u201d"},"content":{"rendered":"\n<p><\/p>\n\n\n\n<p><strong><em>O, m\u0259hbuslar\u0131n informasiya h\u00fcquqlar\u0131n\u0131 t\u0259min etm\u0259k \u00fc\u00e7\u00fcn qanunvericilikd\u0259 d\u0259yi\u015fiklik t\u0259klif edir<\/em><\/strong><\/p>\n\n\n\n<p>\u0130\u015f\u00e7i Masas\u0131 H\u0259mkarlar \u0130ttifaqlar\u0131 Konfederasiyas\u0131n\u0131n s\u0259dri Afi\u0259ddin M\u0259mm\u0259dov h\u0259bsxanadan yazd\u0131\u011f\u0131 m\u0259ktubunda <a href=\"https:\/\/jam-news.net\/az\/az%c9%99rbaycan-h%c9%99bsxanalarinda-m%c9%99hbuslarin-media-v%c9%99-informasiya-huquqlarinin-pozulmasi-h%c9%99bsxanadan-m%c9%99ktub\/\" target=\"_blank\" rel=\"noreferrer noopener\">bildirir <\/a>ki, Daxili \u0130\u015fl\u0259r Nazirliyinin (D\u0130N) saxlanma yerl\u0259rind\u0259 v\u0259 \u018fdliyy\u0259 Nazirliyinin penitensiar m\u00fc\u0259ssis\u0259l\u0259rind\u0259 m\u0259hbuslar\u0131n media v\u0259 informasiyaya \u00e7\u0131x\u0131\u015f\u0131 m\u0259hdudla\u015fd\u0131r\u0131l\u0131r, senzura t\u0259tbiq olunur v\u0259 qanunlar pozulur.<\/p>\n\n\n\n<p>Afi\u0259ddin M\u0259mm\u0259dov yaz\u0131r ki, D\u0130N-in n\u0259zdind\u0259 olan inzibati qaydada h\u0259bs olunan \u015f\u0259xsl\u0259rin saxlan\u0131ld\u0131\u011f\u0131 t\u0259cridxanada baxma\u011fa icaz\u0259 veril\u0259n yegan\u0259 kanal \u201cX\u0259z\u0259r TV\u201d-dir.<\/p>\n\n\n\n<p><em>\u201cNiy\u0259 d\u00f6vl\u0259t kanal\u0131 olan \u201cAZTV\u201d v\u0259 ya \u201c\u0130ctimai TV\u201d yox, m\u0259hz \u201cX\u0259z\u0259r TV\u201d? Kameralardak\u0131 televiziyalar\u0131n idar\u0259si m\u00fc\u0259ssis\u0259 t\u0259r\u0259find\u0259n \u00fcmumil\u0259\u015fdirilmi\u015f sistem vasit\u0259si il\u0259 h\u0259yata ke\u00e7irilib. Y\u0259ni, baxaca\u011f\u0131m\u0131z kanal\u0131 da, saat aral\u0131\u011f\u0131n\u0131 da m\u00fc\u0259ssis\u0259nin n\u00f6vb\u0259t\u00e7i hiss\u0259si t\u0259yin edir. Kanal\u0131n d\u0259yi\u015fdirilm\u0259si t\u0259l\u0259b edildikd\u0259 is\u0259 \u201cb\u00fct\u00fcn m\u0259hbuslar \u201cX\u0259z\u0259r TV\u201d-y\u0259 baxmaq ist\u0259yir\u201d cavab\u0131 il\u0259 r\u0259dd edilir\u201d.<\/em><\/p>\n\n\n\n<p>O deyir ki, \u00f6z kameras\u0131ndak\u0131 m\u0259hbuslardan istisna dig\u0259r m\u0259hbuslarla kommunikasiyada olmaq m\u00fcmk\u00fcn olmad\u0131\u011f\u0131 \u00fc\u00e7\u00fcn bu cavab\u0131n n\u0259 q\u0259d\u0259r real oldu\u011funu dem\u0259k m\u00fcmk\u00fcn deyil.<\/p>\n\n\n\n<p>Konfederasiya s\u0259dri deyir ki, \u018fdliyy\u0259 Nazirliyinin h\u0259bsxanalar\u0131nda v\u0259ziyy\u0259t f\u0259rqli, lakin h\u0259l\u0259 d\u0259 problemlidir.<\/p>\n\n\n\n<p><em>\u201c1 sayl\u0131 Bak\u0131 \u0130stintaq T\u0259cridxanas\u0131nda m\u0259hbuslar ayl\u0131q 10 manat \u00f6d\u0259y\u0259r\u0259k \u201cATV+\u201d \u015f\u0259b\u0259k\u0259sin\u0259 qo\u015fulub xarici kanallara baxa bilirl\u0259r. Amma 3 sayl\u0131 \u201cUmbak\u0131\u201d Penitensiar Kompleksind\u0259 bu imkan yoxdur. Kompleksin qapal\u0131 rejimli hiss\u0259sind\u0259 televiziya \u00fcmumiyy\u0259tl\u0259 t\u0259min edilmir. \u0130stintaq t\u0259cridxanas\u0131 hiss\u0259sind\u0259 is\u0259 yerli kanallarla yana\u015f\u0131, Az\u0259rbaycanda yay\u0131m h\u00fcququ olmayan \u0130ran v\u0259 G\u00fcrc\u00fcstan kanallar\u0131 antenalar vasit\u0259sil\u0259 g\u00f6st\u0259rilir. Bu kanallar\u0131n m\u0259hbuslara niy\u0259 izl\u0259dildiyi b\u0259lli deyil\u201d.<\/em><\/p>\n\n\n\n<p>Afi\u0259ddin M\u0259mm\u0259dov deyir ki, Audioviual \u015euran\u0131n q\u0259rar\u0131na \u0259sas\u0259n, erotik yay\u0131mlar\u0131n istehsal\u0131, da\u015f\u0131nmas\u0131 v\u0259 yay\u0131m\u0131 qada\u011fand\u0131r. Lakin, h\u0259m \u201cATV+\u201d \u015f\u0259b\u0259k\u0259sind\u0259 olan rus kanallar\u0131nda, h\u0259m d\u0259 g\u00fcrc\u00fc kanallar\u0131nda erotik g\u00f6r\u00fcnt\u00fcl\u0259r senzuras\u0131z yay\u0131mlan\u0131r.<\/p>\n\n\n\n<p>Afi\u0259ddin M\u0259mm\u0259dov h\u0259m\u00e7inin yaz\u0131r ki, m\u0259hbuslar\u0131n q\u0259zet v\u0259 jurnal \u0259ld\u0259 etm\u0259k imkanlar\u0131 da m\u0259hduddur.<\/p>\n\n\n\n<p><em>\u201cTeleviziyalar oldu\u011fu \u00fc\u00e7\u00fcn q\u0259zet v\u0259 jurnallar d\u00f6vl\u0259t t\u0259r\u0259find\u0259n t\u0259min olunmur. Daxili \u0130\u015fl\u0259r Nazirliyinin m\u00fc\u0259ssis\u0259l\u0259rind\u0259 q\u0259zet v\u0259 jurnallara \u00fcmumiyy\u0259t\u0259 \u00e7\u0131x\u0131\u015f imkan\u0131 yoxdur. Penitensiar m\u00fc\u0259ssis\u0259l\u0259rind\u0259 is\u0259 b\u0259zi krossvord olan q\u0259zetl\u0259r sat\u0131l\u0131r\u201d.<\/em><\/p>\n\n\n\n<p>Afi\u0259ddin M\u0259mm\u0259dov h\u0259bsxanalarda m\u0259hbuslar\u0131n informasiya h\u00fcquqlar\u0131n\u0131 t\u0259min etm\u0259k \u00fc\u00e7\u00fcn qanunvericilikd\u0259 d\u0259yi\u015fiklik t\u0259klif edir. O, G\u00fcrc\u00fcstan v\u0259 b\u0259zi Q\u0259rb \u00f6lk\u0259l\u0259rind\u0259ki kimi m\u0259hbuslara internet\u0259 \u00e7\u0131x\u0131\u015f imkan\u0131 verilm\u0259sini, b\u00fct\u00fcn q\u0259zet v\u0259 jurnallar\u0131n sat\u0131lmas\u0131n\u0131 ist\u0259yir. Bu, m\u0259hbuslar\u0131n psixoloji v\u0259ziyy\u0259tini yax\u015f\u0131la\u015fd\u0131rar, onlar\u0131n c\u0259miyy\u0259td\u0259n t\u0259crid olunmas\u0131n\u0131 azaldar v\u0259 yenid\u0259n inteqrasiyalar\u0131n\u0131 asanla\u015fd\u0131rar.<\/p>\n\n\n\n<p>Afi\u0259ddin M\u0259mm\u0259dov az\u0259rbaycanl\u0131 ictimai f\u0259ald\u0131r v\u0259 \u0130\u015f\u00e7i Masas\u0131 H\u0259mkarlar \u0130ttifaqlar\u0131 Konfederasiyas\u0131n\u0131n s\u0259dri kimi tan\u0131n\u0131r. Bu t\u0259\u015fkilat 2022-ci il mart\u0131n 1-d\u0259 yarad\u0131l\u0131b v\u0259 Az\u0259rbaycanda i\u015f\u00e7il\u0259rin h\u00fcquqlar\u0131n\u0131 m\u00fcdafi\u0259 etm\u0259k m\u0259qs\u0259di da\u015f\u0131y\u0131r.<\/p>\n\n\n\n<p>Afi\u0259ddin M\u0259mm\u0259dov i\u015f\u00e7il\u0259rin \u0259m\u0259k h\u00fcquqlar\u0131n\u0131n qorunmas\u0131 il\u0259 ba\u011fl\u0131 etiraz aksiyalar\u0131nda f\u0259al i\u015ftirak edib. O, f\u0259aliyy\u0259tin\u0259 g\u00f6r\u0259, bir ne\u00e7\u0259 d\u0259f\u0259 inzibati h\u0259bsl\u0259rl\u0259 \u00fczl\u0259\u015fib. Bu h\u0259bsl\u0259r x\u0131rda xuliqanl\u0131q v\u0259 polisin qanuni t\u0259l\u0259bin\u0259 tabe olmama ittihamlar\u0131 il\u0259 \u0259sasland\u0131r\u0131l\u0131b.<\/p>\n\n\n\n<p>2023-c\u00fc il sentyabr\u0131n 20-d\u0259 is\u0259 Afi\u0259ddin M\u0259mm\u0259dov cinay\u0259t i\u015fi il\u0259 h\u0259bs olunub v\u0259 ona qar\u015f\u0131 Cinay\u0259t M\u0259c\u0259ll\u0259sinin 126.2.4 (xuliqanl\u0131q niyy\u0259ti il\u0259 q\u0259sd\u0259n sa\u011flaml\u0131\u011fa a\u011f\u0131r z\u0259r\u0259r vurma), 221.3 (silahla xuliqanl\u0131q) v\u0259 228.4 (qanunsuz silah saxlama) madd\u0259l\u0259ri il\u0259 ittiham ir\u0259li s\u00fcr\u00fcl\u00fcb. Yanvar\u0131n 14-d\u0259 ona 8 il h\u0259bs c\u0259zas\u0131 verilib.<\/p>\n","protected":false},"excerpt":{"rendered":"<p>O, m\u0259hbuslar\u0131n informasiya h\u00fcquqlar\u0131n\u0131 t\u0259min etm\u0259k \u00fc\u00e7\u00fcn qanunvericilikd\u0259 d\u0259yi\u015fiklik t\u0259klif &#8230; <\/p>\n<p class=\"read-more-container\"><a title=\"Afi\u0259ddin M\u0259mm\u0259dov: \u201cM\u0259hbuslar\u0131n media v\u0259 informasiyaya \u00e7\u0131x\u0131\u015f\u0131 m\u0259hdudla\u015fd\u0131r\u0131l\u0131r\u201d\" class=\"read-more button\" href=\"https:\/\/www.meydan.tv\/az\/article\/afi%c9%99ddin-m%c9%99mm%c9%99dov-m%c9%99hbuslarin-media-v%c9%99-informasiyaya-cixisi-m%c9%99hdudlasdirilir\/#more-328814\" aria-label=\"Read more about Afi\u0259ddin M\u0259mm\u0259dov: \u201cM\u0259hbuslar\u0131n media v\u0259 informasiyaya \u00e7\u0131x\u0131\u015f\u0131 m\u0259hdudla\u015fd\u0131r\u0131l\u0131r\u201d\">Davam\u0131<\/a><\/p>\n","protected":false},"author":21,"featured_media":281596,"comment_status":"closed","ping_status":"closed","sticky":false,"template":"","format":"standard","meta":{"_acf_changed":false,"_sitemap_exclude":false,"_sitemap_priority":"","_sitemap_frequency":"","footnotes":""},"categories":[59,56],"tags":[],"class_list":["post-328814","post","type-post","status-publish","format-standard","has-post-thumbnail","hentry","category-siyaset","category-xeberler","infinite-scroll-item","generate-columns","tablet-grid-50","mobile-grid-100","grid-parent","grid-33","no-featured-image-padding"],"acf":[],"yoast_head":"<!-- This site is optimized with the Yoast SEO plugin v27.5 - https:\/\/yoast.com\/product\/yoast-seo-wordpress\/ -->\n<title>Afi\u0259ddin M\u0259mm\u0259dov: \u201cM\u0259hbuslar\u0131n media v\u0259 informasiyaya \u00e7\u0131x\u0131\u015f\u0131 m\u0259hdudla\u015fd\u0131r\u0131l\u0131r\u201d - MEYDAN.TV<\/title>\n<meta name=\"robots\" content=\"index, follow, max-snippet:-1, max-image-preview:large, max-video-preview:-1\" \/>\n<link rel=\"canonical\" href=\"https:\/\/www.meydan.tv\/az\/article\/afi%c9%99ddin-m%c9%99mm%c9%99dov-m%c9%99hbuslarin-media-v%c9%99-informasiyaya-cixisi-m%c9%99hdudlasdirilir\/\" \/>\n<meta property=\"og:locale\" content=\"az_AZ\" \/>\n<meta property=\"og:type\" content=\"article\" \/>\n<meta property=\"og:title\" content=\"Afi\u0259ddin M\u0259mm\u0259dov: \u201cM\u0259hbuslar\u0131n media v\u0259 informasiyaya \u00e7\u0131x\u0131\u015f\u0131 m\u0259hdudla\u015fd\u0131r\u0131l\u0131r\u201d - MEYDAN.TV\" \/>\n<meta property=\"og:description\" content=\"O, m\u0259hbuslar\u0131n informasiya h\u00fcquqlar\u0131n\u0131 t\u0259min etm\u0259k \u00fc\u00e7\u00fcn qanunvericilikd\u0259 d\u0259yi\u015fiklik t\u0259klif ... Davam\u0131\" \/>\n<meta property=\"og:url\" content=\"https:\/\/www.meydan.tv\/az\/article\/afi%c9%99ddin-m%c9%99mm%c9%99dov-m%c9%99hbuslarin-media-v%c9%99-informasiyaya-cixisi-m%c9%99hdudlasdirilir\/\" \/>\n<meta property=\"og:site_name\" content=\"MEYDAN.TV\" \/>\n<meta property=\"article:published_time\" content=\"2025-04-14T13:19:22+00:00\" \/>\n<meta property=\"article:modified_time\" content=\"2025-04-14T13:19:26+00:00\" \/>\n<meta property=\"og:image\" content=\"https:\/\/www.meydan.tv\/wp-content\/uploads\/nrl04188-scaled-e1700071259949.jpg\" \/>\n\t<meta property=\"og:image:width\" content=\"2560\" \/>\n\t<meta property=\"og:image:height\" content=\"1425\" \/>\n\t<meta property=\"og:image:type\" content=\"image\/jpeg\" \/>\n<meta name=\"author\" content=\"mahmud\" \/>\n<meta name=\"twitter:card\" content=\"summary_large_image\" \/>\n<script type=\"application\/ld+json\" class=\"yoast-schema-graph\">{\"@context\":\"https:\\\/\\\/schema.org\",\"@graph\":[{\"@type\":\"Article\",\"@id\":\"https:\\\/\\\/www.meydan.tv\\\/az\\\/article\\\/afi%c9%99ddin-m%c9%99mm%c9%99dov-m%c9%99hbuslarin-media-v%c9%99-informasiyaya-cixisi-m%c9%99hdudlasdirilir\\\/#article\",\"isPartOf\":{\"@id\":\"https:\\\/\\\/www.meydan.tv\\\/az\\\/article\\\/afi%c9%99ddin-m%c9%99mm%c9%99dov-m%c9%99hbuslarin-media-v%c9%99-informasiyaya-cixisi-m%c9%99hdudlasdirilir\\\/\"},\"author\":{\"name\":\"mahmud\",\"@id\":\"https:\\\/\\\/www.meydan.tv\\\/az\\\/#\\\/schema\\\/person\\\/09863e516102a829e72bedcf3f84c6b0\"},\"headline\":\"Afi\u0259ddin M\u0259mm\u0259dov: \u201cM\u0259hbuslar\u0131n media v\u0259 informasiyaya \u00e7\u0131x\u0131\u015f\u0131 m\u0259hdudla\u015fd\u0131r\u0131l\u0131r\u201d\",\"datePublished\":\"2025-04-14T13:19:22+00:00\",\"dateModified\":\"2025-04-14T13:19:26+00:00\",\"mainEntityOfPage\":{\"@id\":\"https:\\\/\\\/www.meydan.tv\\\/az\\\/article\\\/afi%c9%99ddin-m%c9%99mm%c9%99dov-m%c9%99hbuslarin-media-v%c9%99-informasiyaya-cixisi-m%c9%99hdudlasdirilir\\\/\"},\"wordCount\":781,\"publisher\":{\"@id\":\"https:\\\/\\\/www.meydan.tv\\\/az\\\/#organization\"},\"image\":{\"@id\":\"https:\\\/\\\/www.meydan.tv\\\/az\\\/article\\\/afi%c9%99ddin-m%c9%99mm%c9%99dov-m%c9%99hbuslarin-media-v%c9%99-informasiyaya-cixisi-m%c9%99hdudlasdirilir\\\/#primaryimage\"},\"thumbnailUrl\":\"https:\\\/\\\/www.meydan.tv\\\/wp-content\\\/uploads\\\/nrl04188-scaled-e1700071259949.jpg\",\"articleSection\":[\"Siyas\u0259t\",\"X\u0259b\u0259rl\u0259r\"],\"inLanguage\":\"az\"},{\"@type\":\"WebPage\",\"@id\":\"https:\\\/\\\/www.meydan.tv\\\/az\\\/article\\\/afi%c9%99ddin-m%c9%99mm%c9%99dov-m%c9%99hbuslarin-media-v%c9%99-informasiyaya-cixisi-m%c9%99hdudlasdirilir\\\/\",\"url\":\"https:\\\/\\\/www.meydan.tv\\\/az\\\/article\\\/afi%c9%99ddin-m%c9%99mm%c9%99dov-m%c9%99hbuslarin-media-v%c9%99-informasiyaya-cixisi-m%c9%99hdudlasdirilir\\\/\",\"name\":\"Afi\u0259ddin M\u0259mm\u0259dov: \u201cM\u0259hbuslar\u0131n media v\u0259 informasiyaya \u00e7\u0131x\u0131\u015f\u0131 m\u0259hdudla\u015fd\u0131r\u0131l\u0131r\u201d - MEYDAN.TV\",\"isPartOf\":{\"@id\":\"https:\\\/\\\/www.meydan.tv\\\/az\\\/#website\"},\"primaryImageOfPage\":{\"@id\":\"https:\\\/\\\/www.meydan.tv\\\/az\\\/article\\\/afi%c9%99ddin-m%c9%99mm%c9%99dov-m%c9%99hbuslarin-media-v%c9%99-informasiyaya-cixisi-m%c9%99hdudlasdirilir\\\/#primaryimage\"},\"image\":{\"@id\":\"https:\\\/\\\/www.meydan.tv\\\/az\\\/article\\\/afi%c9%99ddin-m%c9%99mm%c9%99dov-m%c9%99hbuslarin-media-v%c9%99-informasiyaya-cixisi-m%c9%99hdudlasdirilir\\\/#primaryimage\"},\"thumbnailUrl\":\"https:\\\/\\\/www.meydan.tv\\\/wp-content\\\/uploads\\\/nrl04188-scaled-e1700071259949.jpg\",\"datePublished\":\"2025-04-14T13:19:22+00:00\",\"dateModified\":\"2025-04-14T13:19:26+00:00\",\"breadcrumb\":{\"@id\":\"https:\\\/\\\/www.meydan.tv\\\/az\\\/article\\\/afi%c9%99ddin-m%c9%99mm%c9%99dov-m%c9%99hbuslarin-media-v%c9%99-informasiyaya-cixisi-m%c9%99hdudlasdirilir\\\/#breadcrumb\"},\"inLanguage\":\"az\",\"potentialAction\":[{\"@type\":\"ReadAction\",\"target\":[\"https:\\\/\\\/www.meydan.tv\\\/az\\\/article\\\/afi%c9%99ddin-m%c9%99mm%c9%99dov-m%c9%99hbuslarin-media-v%c9%99-informasiyaya-cixisi-m%c9%99hdudlasdirilir\\\/\"]}]},{\"@type\":\"ImageObject\",\"inLanguage\":\"az\",\"@id\":\"https:\\\/\\\/www.meydan.tv\\\/az\\\/article\\\/afi%c9%99ddin-m%c9%99mm%c9%99dov-m%c9%99hbuslarin-media-v%c9%99-informasiyaya-cixisi-m%c9%99hdudlasdirilir\\\/#primaryimage\",\"url\":\"https:\\\/\\\/www.meydan.tv\\\/wp-content\\\/uploads\\\/nrl04188-scaled-e1700071259949.jpg\",\"contentUrl\":\"https:\\\/\\\/www.meydan.tv\\\/wp-content\\\/uploads\\\/nrl04188-scaled-e1700071259949.jpg\",\"width\":2560,\"height\":1425,\"caption\":\"Afi\u0259ddin M\u0259mm\u0259dov. Foto: Meydan TV\"},{\"@type\":\"BreadcrumbList\",\"@id\":\"https:\\\/\\\/www.meydan.tv\\\/az\\\/article\\\/afi%c9%99ddin-m%c9%99mm%c9%99dov-m%c9%99hbuslarin-media-v%c9%99-informasiyaya-cixisi-m%c9%99hdudlasdirilir\\\/#breadcrumb\",\"itemListElement\":[{\"@type\":\"ListItem\",\"position\":1,\"name\":\"Ana s\u0259hif\u0259\",\"item\":\"https:\\\/\\\/www.meydan.tv\\\/az\\\/\"},{\"@type\":\"ListItem\",\"position\":2,\"name\":\"Siyas\u0259t\",\"item\":\"https:\\\/\\\/www.meydan.tv\\\/az\\\/section\\\/siyaset\\\/\"},{\"@type\":\"ListItem\",\"position\":3,\"name\":\"Afi\u0259ddin M\u0259mm\u0259dov: \u201cM\u0259hbuslar\u0131n media v\u0259 informasiyaya \u00e7\u0131x\u0131\u015f\u0131 m\u0259hdudla\u015fd\u0131r\u0131l\u0131r\u201d\"}]},{\"@type\":\"WebSite\",\"@id\":\"https:\\\/\\\/www.meydan.tv\\\/az\\\/#website\",\"url\":\"https:\\\/\\\/www.meydan.tv\\\/az\\\/\",\"name\":\"MEYDAN.TV\",\"description\":\"Meydan TV Az\u0259rbaycan\u0131n media m\u0259kan\u0131ndak\u0131 alternativ s\u0259sidir\",\"publisher\":{\"@id\":\"https:\\\/\\\/www.meydan.tv\\\/az\\\/#organization\"},\"potentialAction\":[{\"@type\":\"SearchAction\",\"target\":{\"@type\":\"EntryPoint\",\"urlTemplate\":\"https:\\\/\\\/www.meydan.tv\\\/az\\\/?s={search_term_string}\"},\"query-input\":{\"@type\":\"PropertyValueSpecification\",\"valueRequired\":true,\"valueName\":\"search_term_string\"}}],\"inLanguage\":\"az\"},{\"@type\":\"Organization\",\"@id\":\"https:\\\/\\\/www.meydan.tv\\\/az\\\/#organization\",\"name\":\"Meydan TV\",\"url\":\"https:\\\/\\\/www.meydan.tv\\\/az\\\/\",\"logo\":{\"@type\":\"ImageObject\",\"inLanguage\":\"az\",\"@id\":\"https:\\\/\\\/www.meydan.tv\\\/az\\\/#\\\/schema\\\/logo\\\/image\\\/\",\"url\":\"https:\\\/\\\/www.meydan.tv\\\/wp-content\\\/uploads\\\/2021\\\/07\\\/meydan-logo.svg\",\"contentUrl\":\"https:\\\/\\\/www.meydan.tv\\\/wp-content\\\/uploads\\\/2021\\\/07\\\/meydan-logo.svg\",\"width\":195,\"height\":46,\"caption\":\"Meydan TV\"},\"image\":{\"@id\":\"https:\\\/\\\/www.meydan.tv\\\/az\\\/#\\\/schema\\\/logo\\\/image\\\/\"}},{\"@type\":\"Person\",\"@id\":\"https:\\\/\\\/www.meydan.tv\\\/az\\\/#\\\/schema\\\/person\\\/09863e516102a829e72bedcf3f84c6b0\",\"name\":\"mahmud\"}]}<\/script>\n<!-- \/ Yoast SEO plugin. -->","yoast_head_json":{"title":"Afi\u0259ddin M\u0259mm\u0259dov: \u201cM\u0259hbuslar\u0131n media v\u0259 informasiyaya \u00e7\u0131x\u0131\u015f\u0131 m\u0259hdudla\u015fd\u0131r\u0131l\u0131r\u201d - MEYDAN.TV","robots":{"index":"index","follow":"follow","max-snippet":"max-snippet:-1","max-image-preview":"max-image-preview:large","max-video-preview":"max-video-preview:-1"},"canonical":"https:\/\/www.meydan.tv\/az\/article\/afi%c9%99ddin-m%c9%99mm%c9%99dov-m%c9%99hbuslarin-media-v%c9%99-informasiyaya-cixisi-m%c9%99hdudlasdirilir\/","og_locale":"az_AZ","og_type":"article","og_title":"Afi\u0259ddin M\u0259mm\u0259dov: \u201cM\u0259hbuslar\u0131n media v\u0259 informasiyaya \u00e7\u0131x\u0131\u015f\u0131 m\u0259hdudla\u015fd\u0131r\u0131l\u0131r\u201d - MEYDAN.TV","og_description":"O, m\u0259hbuslar\u0131n informasiya h\u00fcquqlar\u0131n\u0131 t\u0259min etm\u0259k \u00fc\u00e7\u00fcn qanunvericilikd\u0259 d\u0259yi\u015fiklik t\u0259klif ... Davam\u0131","og_url":"https:\/\/www.meydan.tv\/az\/article\/afi%c9%99ddin-m%c9%99mm%c9%99dov-m%c9%99hbuslarin-media-v%c9%99-informasiyaya-cixisi-m%c9%99hdudlasdirilir\/","og_site_name":"MEYDAN.TV","article_published_time":"2025-04-14T13:19:22+00:00","article_modified_time":"2025-04-14T13:19:26+00:00","og_image":[{"width":2560,"height":1425,"url":"https:\/\/www.meydan.tv\/wp-content\/uploads\/nrl04188-scaled-e1700071259949.jpg","type":"image\/jpeg"}],"author":"mahmud","twitter_card":"summary_large_image","schema":{"@context":"https:\/\/schema.org","@graph":[{"@type":"Article","@id":"https:\/\/www.meydan.tv\/az\/article\/afi%c9%99ddin-m%c9%99mm%c9%99dov-m%c9%99hbuslarin-media-v%c9%99-informasiyaya-cixisi-m%c9%99hdudlasdirilir\/#article","isPartOf":{"@id":"https:\/\/www.meydan.tv\/az\/article\/afi%c9%99ddin-m%c9%99mm%c9%99dov-m%c9%99hbuslarin-media-v%c9%99-informasiyaya-cixisi-m%c9%99hdudlasdirilir\/"},"author":{"name":"mahmud","@id":"https:\/\/www.meydan.tv\/az\/#\/schema\/person\/09863e516102a829e72bedcf3f84c6b0"},"headline":"Afi\u0259ddin M\u0259mm\u0259dov: \u201cM\u0259hbuslar\u0131n media v\u0259 informasiyaya \u00e7\u0131x\u0131\u015f\u0131 m\u0259hdudla\u015fd\u0131r\u0131l\u0131r\u201d","datePublished":"2025-04-14T13:19:22+00:00","dateModified":"2025-04-14T13:19:26+00:00","mainEntityOfPage":{"@id":"https:\/\/www.meydan.tv\/az\/article\/afi%c9%99ddin-m%c9%99mm%c9%99dov-m%c9%99hbuslarin-media-v%c9%99-informasiyaya-cixisi-m%c9%99hdudlasdirilir\/"},"wordCount":781,"publisher":{"@id":"https:\/\/www.meydan.tv\/az\/#organization"},"image":{"@id":"https:\/\/www.meydan.tv\/az\/article\/afi%c9%99ddin-m%c9%99mm%c9%99dov-m%c9%99hbuslarin-media-v%c9%99-informasiyaya-cixisi-m%c9%99hdudlasdirilir\/#primaryimage"},"thumbnailUrl":"https:\/\/www.meydan.tv\/wp-content\/uploads\/nrl04188-scaled-e1700071259949.jpg","articleSection":["Siyas\u0259t","X\u0259b\u0259rl\u0259r"],"inLanguage":"az"},{"@type":"WebPage","@id":"https:\/\/www.meydan.tv\/az\/article\/afi%c9%99ddin-m%c9%99mm%c9%99dov-m%c9%99hbuslarin-media-v%c9%99-informasiyaya-cixisi-m%c9%99hdudlasdirilir\/","url":"https:\/\/www.meydan.tv\/az\/article\/afi%c9%99ddin-m%c9%99mm%c9%99dov-m%c9%99hbuslarin-media-v%c9%99-informasiyaya-cixisi-m%c9%99hdudlasdirilir\/","name":"Afi\u0259ddin M\u0259mm\u0259dov: \u201cM\u0259hbuslar\u0131n media v\u0259 informasiyaya \u00e7\u0131x\u0131\u015f\u0131 m\u0259hdudla\u015fd\u0131r\u0131l\u0131r\u201d - MEYDAN.TV","isPartOf":{"@id":"https:\/\/www.meydan.tv\/az\/#website"},"primaryImageOfPage":{"@id":"https:\/\/www.meydan.tv\/az\/article\/afi%c9%99ddin-m%c9%99mm%c9%99dov-m%c9%99hbuslarin-media-v%c9%99-informasiyaya-cixisi-m%c9%99hdudlasdirilir\/#primaryimage"},"image":{"@id":"https:\/\/www.meydan.tv\/az\/article\/afi%c9%99ddin-m%c9%99mm%c9%99dov-m%c9%99hbuslarin-media-v%c9%99-informasiyaya-cixisi-m%c9%99hdudlasdirilir\/#primaryimage"},"thumbnailUrl":"https:\/\/www.meydan.tv\/wp-content\/uploads\/nrl04188-scaled-e1700071259949.jpg","datePublished":"2025-04-14T13:19:22+00:00","dateModified":"2025-04-14T13:19:26+00:00","breadcrumb":{"@id":"https:\/\/www.meydan.tv\/az\/article\/afi%c9%99ddin-m%c9%99mm%c9%99dov-m%c9%99hbuslarin-media-v%c9%99-informasiyaya-cixisi-m%c9%99hdudlasdirilir\/#breadcrumb"},"inLanguage":"az","potentialAction":[{"@type":"ReadAction","target":["https:\/\/www.meydan.tv\/az\/article\/afi%c9%99ddin-m%c9%99mm%c9%99dov-m%c9%99hbuslarin-media-v%c9%99-informasiyaya-cixisi-m%c9%99hdudlasdirilir\/"]}]},{"@type":"ImageObject","inLanguage":"az","@id":"https:\/\/www.meydan.tv\/az\/article\/afi%c9%99ddin-m%c9%99mm%c9%99dov-m%c9%99hbuslarin-media-v%c9%99-informasiyaya-cixisi-m%c9%99hdudlasdirilir\/#primaryimage","url":"https:\/\/www.meydan.tv\/wp-content\/uploads\/nrl04188-scaled-e1700071259949.jpg","contentUrl":"https:\/\/www.meydan.tv\/wp-content\/uploads\/nrl04188-scaled-e1700071259949.jpg","width":2560,"height":1425,"caption":"Afi\u0259ddin M\u0259mm\u0259dov. Foto: Meydan TV"},{"@type":"BreadcrumbList","@id":"https:\/\/www.meydan.tv\/az\/article\/afi%c9%99ddin-m%c9%99mm%c9%99dov-m%c9%99hbuslarin-media-v%c9%99-informasiyaya-cixisi-m%c9%99hdudlasdirilir\/#breadcrumb","itemListElement":[{"@type":"ListItem","position":1,"name":"Ana s\u0259hif\u0259","item":"https:\/\/www.meydan.tv\/az\/"},{"@type":"ListItem","position":2,"name":"Siyas\u0259t","item":"https:\/\/www.meydan.tv\/az\/section\/siyaset\/"},{"@type":"ListItem","position":3,"name":"Afi\u0259ddin M\u0259mm\u0259dov: \u201cM\u0259hbuslar\u0131n media v\u0259 informasiyaya \u00e7\u0131x\u0131\u015f\u0131 m\u0259hdudla\u015fd\u0131r\u0131l\u0131r\u201d"}]},{"@type":"WebSite","@id":"https:\/\/www.meydan.tv\/az\/#website","url":"https:\/\/www.meydan.tv\/az\/","name":"MEYDAN.TV","description":"Meydan TV Az\u0259rbaycan\u0131n media m\u0259kan\u0131ndak\u0131 alternativ s\u0259sidir","publisher":{"@id":"https:\/\/www.meydan.tv\/az\/#organization"},"potentialAction":[{"@type":"SearchAction","target":{"@type":"EntryPoint","urlTemplate":"https:\/\/www.meydan.tv\/az\/?s={search_term_string}"},"query-input":{"@type":"PropertyValueSpecification","valueRequired":true,"valueName":"search_term_string"}}],"inLanguage":"az"},{"@type":"Organization","@id":"https:\/\/www.meydan.tv\/az\/#organization","name":"Meydan TV","url":"https:\/\/www.meydan.tv\/az\/","logo":{"@type":"ImageObject","inLanguage":"az","@id":"https:\/\/www.meydan.tv\/az\/#\/schema\/logo\/image\/","url":"https:\/\/www.meydan.tv\/wp-content\/uploads\/2021\/07\/meydan-logo.svg","contentUrl":"https:\/\/www.meydan.tv\/wp-content\/uploads\/2021\/07\/meydan-logo.svg","width":195,"height":46,"caption":"Meydan TV"},"image":{"@id":"https:\/\/www.meydan.tv\/az\/#\/schema\/logo\/image\/"}},{"@type":"Person","@id":"https:\/\/www.meydan.tv\/az\/#\/schema\/person\/09863e516102a829e72bedcf3f84c6b0","name":"mahmud"}]}},"_links":{"self":[{"href":"https:\/\/www.meydan.tv\/az\/wp-json\/wp\/v2\/posts\/328814","targetHints":{"allow":["GET"]}}],"collection":[{"href":"https:\/\/www.meydan.tv\/az\/wp-json\/wp\/v2\/posts"}],"about":[{"href":"https:\/\/www.meydan.tv\/az\/wp-json\/wp\/v2\/types\/post"}],"author":[{"embeddable":true,"href":"https:\/\/www.meydan.tv\/az\/wp-json\/wp\/v2\/users\/21"}],"replies":[{"embeddable":true,"href":"https:\/\/www.meydan.tv\/az\/wp-json\/wp\/v2\/comments?post=328814"}],"version-history":[{"count":1,"href":"https:\/\/www.meydan.tv\/az\/wp-json\/wp\/v2\/posts\/328814\/revisions"}],"predecessor-version":[{"id":328815,"href":"https:\/\/www.meydan.tv\/az\/wp-json\/wp\/v2\/posts\/328814\/revisions\/328815"}],"wp:featuredmedia":[{"embeddable":true,"href":"https:\/\/www.meydan.tv\/az\/wp-json\/wp\/v2\/media\/281596"}],"wp:attachment":[{"href":"https:\/\/www.meydan.tv\/az\/wp-json\/wp\/v2\/media?parent=328814"}],"wp:term":[{"taxonomy":"category","embeddable":true,"href":"https:\/\/www.meydan.tv\/az\/wp-json\/wp\/v2\/categories?post=328814"},{"taxonomy":"post_tag","embeddable":true,"href":"https:\/\/www.meydan.tv\/az\/wp-json\/wp\/v2\/tags?post=328814"}],"curies":[{"name":"wp","href":"https:\/\/api.w.org\/{rel}","templated":true}]}}