{"id":328804,"date":"2025-04-14T15:23:41","date_gmt":"2025-04-14T11:23:41","guid":{"rendered":"https:\/\/www.meydan.tv\/?p=328804"},"modified":"2025-04-14T15:23:43","modified_gmt":"2025-04-14T11:23:43","slug":"rusiyada-yoxa-cixan-etnik-t%c9%99dqiqatcinin-dtx-t%c9%99cridxanasinda-saxlanildigi-bildirilir","status":"publish","type":"post","link":"https:\/\/www.meydan.tv\/az\/article\/rusiyada-yoxa-cixan-etnik-t%c9%99dqiqatcinin-dtx-t%c9%99cridxanasinda-saxlanildigi-bildirilir\/","title":{"rendered":"Rusiyada yoxa \u00e7\u0131xan etnik t\u0259dqiqat\u00e7\u0131n\u0131n DTX t\u0259cridxanas\u0131nda saxlan\u0131ld\u0131\u011f\u0131 bildirilir"},"content":{"rendered":"\n<p><\/p>\n\n\n\n<p><strong><em>Rusiya v\u0259t\u0259nda\u015f\u0131 olan tarix\u00e7i mart\u0131n 26-da Yekaterinburq \u015f\u0259h\u0259rind\u0259ki evind\u0259n \u00e7\u0131x\u0131b v\u0259 onunla \u0259laq\u0259 k\u0259silib<\/em><\/strong><\/p>\n\n\n\n<p>Rusiyada ya\u015fayan tal\u0131\u015f tarix\u00e7i Z\u0259hir\u0259ddin \u0130brahimovun yoxa \u00e7\u0131xd\u0131\u011f\u0131, daha sonra is\u0259 Bak\u0131da D\u00f6vl\u0259t T\u0259hl\u00fck\u0259sizlik Xidm\u0259tinin (DTX) t\u0259cridxanas\u0131nda saxlan\u0131ld\u0131\u011f\u0131 bildirilir.<\/p>\n\n\n\n<p>Bu bar\u0259d\u0259 Meydan TV-y\u0259 onun yax\u0131nlar\u0131 m\u0259lumat verib.<\/p>\n\n\n\n<p>Rusiyan\u0131n Yekaterinburq \u015f\u0259h\u0259rind\u0259 ya\u015fayan, Kirovqradskaya k\u00fc\u00e7\u0259si 71a \u00fcnvan\u0131nda qeydiyyatda olan, 1954-c\u00fc il t\u0259v\u0259ll\u00fcdl\u00fc, tarix\u00e7i alim, Rusiya v\u0259t\u0259nda\u015f\u0131 Z\u0259hir\u0259ddin \u0130brahimovun bu il mart\u0131n 26-da evd\u0259n i\u015f\u0259 getm\u0259k m\u0259qs\u0259dil\u0259 \u00e7\u0131xd\u0131\u011f\u0131 v\u0259 h\u0259min vaxtdan etibar\u0259n onunla \u0259laq\u0259nin k\u0259sildiyi bildirilir.<\/p>\n\n\n\n<p>Yax\u0131nlar\u0131n\u0131n s\u00f6zl\u0259rin\u0259 g\u00f6r\u0259, Z\u0259hir\u0259ddin \u0130brahimov 1995-ci ild\u0259n Rusiyada ya\u015fay\u0131r v\u0259 f\u0259aliyy\u0259t g\u00f6st\u0259rir. O, 2002-ci ild\u0259n Az\u0259rbaycan v\u0259t\u0259nda\u015fl\u0131\u011f\u0131ndan imtina ed\u0259r\u0259k Rusiya v\u0259t\u0259nda\u015fl\u0131\u011f\u0131n\u0131 q\u0259bul edib.<\/p>\n\n\n\n<p>\u018fsl\u0259n tal\u0131\u015f olan Z\u0259hir\u0259ddin \u0130brahimov ill\u0259rdir tal\u0131\u015f dili, m\u0259d\u0259niyy\u0259ti v\u0259 ad\u0259t-\u0259n\u0259n\u0259l\u0259rinin t\u0259bli\u011fi il\u0259 m\u0259\u015f\u011ful olub.<\/p>\n\n\n\n<p>Z\u0259hir\u0259ddin \u0130brahimov \u00f6z \u00e7\u0131x\u0131\u015flar\u0131nda v\u0259 yaz\u0131lar\u0131nda Az\u0259rbaycan\u0131n milli azl\u0131qlara, x\u00fcsusil\u0259 tal\u0131\u015flara qar\u015f\u0131 apard\u0131\u011f\u0131 siyas\u0259ti k\u0259skin t\u0259nqid edirdi. O, h\u0259m\u00e7inin Rusiya \u0259razisind\u0259 f\u0259aliyy\u0259t g\u00f6st\u0259r\u0259n Az\u0259rbaycan diaspor t\u0259\u015fkilatlar\u0131n\u0131n davran\u0131\u015flar\u0131n\u0131 da d\u0259f\u0259l\u0259rl\u0259 t\u0259nqid etmi\u015fdi.<\/p>\n\n\n\n<p>Yax\u0131nlar\u0131 Z\u0259hir\u0259ddin \u0130brahimovun yoxa \u00e7\u0131xmas\u0131n\u0131n ictimai f\u0259aliyy\u0259ti il\u0259 birba\u015fa \u0259laq\u0259li oldu\u011funu d\u00fc\u015f\u00fcn\u00fcrl\u0259r. Hadis\u0259d\u0259n d\u0259rhal sonra Rusiya h\u00fcquq-m\u00fchafiz\u0259 orqanlar\u0131na m\u0259lumat verils\u0259 d\u0259, bu g\u00fcn\u0259 q\u0259d\u0259r he\u00e7 bir r\u0259smi a\u00e7\u0131qlama verilm\u0259yib.<\/p>\n\n\n\n<p>2025-ci il aprelin 1-d\u0259 Z\u0259hir\u0259ddin \u0130brahimovun Az\u0259rbaycanda \u2013 D\u00f6vl\u0259t T\u0259hl\u00fck\u0259sizliyi Xidm\u0259tinin (DTX) istintaq t\u0259cridxanas\u0131nda saxlan\u0131ld\u0131\u011f\u0131 bar\u0259d\u0259 m\u0259lumat onun Az\u0259rbaycandak\u0131 ail\u0259 \u00fczvl\u0259rin\u0259 \u00e7atd\u0131r\u0131l\u0131b.<\/p>\n\n\n\n<p>DTX-dan m\u0259s\u0259l\u0259 il\u0259 \u0259laq\u0259dar h\u0259l\u0259lik a\u00e7\u0131qlama verm\u0259yib.<\/p>\n","protected":false},"excerpt":{"rendered":"<p>Rusiya v\u0259t\u0259nda\u015f\u0131 olan tarix\u00e7i mart\u0131n 26-da Yekaterinburq \u015f\u0259h\u0259rind\u0259ki evind\u0259n \u00e7\u0131x\u0131b &#8230; <\/p>\n<p class=\"read-more-container\"><a title=\"Rusiyada yoxa \u00e7\u0131xan etnik t\u0259dqiqat\u00e7\u0131n\u0131n DTX t\u0259cridxanas\u0131nda saxlan\u0131ld\u0131\u011f\u0131 bildirilir\" class=\"read-more button\" href=\"https:\/\/www.meydan.tv\/az\/article\/rusiyada-yoxa-cixan-etnik-t%c9%99dqiqatcinin-dtx-t%c9%99cridxanasinda-saxlanildigi-bildirilir\/#more-328804\" aria-label=\"Read more about Rusiyada yoxa \u00e7\u0131xan etnik t\u0259dqiqat\u00e7\u0131n\u0131n DTX t\u0259cridxanas\u0131nda saxlan\u0131ld\u0131\u011f\u0131 bildirilir\">Davam\u0131<\/a><\/p>\n","protected":false},"author":21,"featured_media":328810,"comment_status":"closed","ping_status":"closed","sticky":false,"template":"","format":"standard","meta":{"_acf_changed":false,"_sitemap_exclude":false,"_sitemap_priority":"","_sitemap_frequency":"","footnotes":""},"categories":[59,56],"tags":[],"class_list":["post-328804","post","type-post","status-publish","format-standard","has-post-thumbnail","hentry","category-siyaset","category-xeberler","infinite-scroll-item","generate-columns","tablet-grid-50","mobile-grid-100","grid-parent","grid-33","no-featured-image-padding"],"acf":[],"yoast_head":"<!-- This site is optimized with the Yoast SEO plugin v27.5 - https:\/\/yoast.com\/product\/yoast-seo-wordpress\/ -->\n<title>Rusiyada yoxa \u00e7\u0131xan etnik t\u0259dqiqat\u00e7\u0131n\u0131n DTX t\u0259cridxanas\u0131nda saxlan\u0131ld\u0131\u011f\u0131 bildirilir - MEYDAN.TV<\/title>\n<meta name=\"robots\" content=\"index, follow, max-snippet:-1, max-image-preview:large, max-video-preview:-1\" \/>\n<link rel=\"canonical\" href=\"https:\/\/www.meydan.tv\/az\/article\/rusiyada-yoxa-cixan-etnik-t%c9%99dqiqatcinin-dtx-t%c9%99cridxanasinda-saxlanildigi-bildirilir\/\" \/>\n<meta property=\"og:locale\" content=\"az_AZ\" \/>\n<meta property=\"og:type\" content=\"article\" \/>\n<meta property=\"og:title\" content=\"Rusiyada yoxa \u00e7\u0131xan etnik t\u0259dqiqat\u00e7\u0131n\u0131n DTX t\u0259cridxanas\u0131nda saxlan\u0131ld\u0131\u011f\u0131 bildirilir - MEYDAN.TV\" \/>\n<meta property=\"og:description\" content=\"Rusiya v\u0259t\u0259nda\u015f\u0131 olan tarix\u00e7i mart\u0131n 26-da Yekaterinburq \u015f\u0259h\u0259rind\u0259ki evind\u0259n \u00e7\u0131x\u0131b ... Davam\u0131\" \/>\n<meta property=\"og:url\" content=\"https:\/\/www.meydan.tv\/az\/article\/rusiyada-yoxa-cixan-etnik-t%c9%99dqiqatcinin-dtx-t%c9%99cridxanasinda-saxlanildigi-bildirilir\/\" \/>\n<meta property=\"og:site_name\" content=\"MEYDAN.TV\" \/>\n<meta property=\"article:published_time\" content=\"2025-04-14T11:23:41+00:00\" \/>\n<meta property=\"article:modified_time\" content=\"2025-04-14T11:23:43+00:00\" \/>\n<meta property=\"og:image\" content=\"https:\/\/www.meydan.tv\/wp-content\/uploads\/0565-1.png\" \/>\n\t<meta property=\"og:image:width\" content=\"1179\" \/>\n\t<meta property=\"og:image:height\" content=\"576\" \/>\n\t<meta property=\"og:image:type\" content=\"image\/png\" \/>\n<meta name=\"author\" content=\"mahmud\" \/>\n<meta name=\"twitter:card\" content=\"summary_large_image\" \/>\n<script type=\"application\/ld+json\" class=\"yoast-schema-graph\">{\"@context\":\"https:\\\/\\\/schema.org\",\"@graph\":[{\"@type\":\"Article\",\"@id\":\"https:\\\/\\\/www.meydan.tv\\\/az\\\/article\\\/rusiyada-yoxa-cixan-etnik-t%c9%99dqiqatcinin-dtx-t%c9%99cridxanasinda-saxlanildigi-bildirilir\\\/#article\",\"isPartOf\":{\"@id\":\"https:\\\/\\\/www.meydan.tv\\\/az\\\/article\\\/rusiyada-yoxa-cixan-etnik-t%c9%99dqiqatcinin-dtx-t%c9%99cridxanasinda-saxlanildigi-bildirilir\\\/\"},\"author\":{\"name\":\"mahmud\",\"@id\":\"https:\\\/\\\/www.meydan.tv\\\/az\\\/#\\\/schema\\\/person\\\/09863e516102a829e72bedcf3f84c6b0\"},\"headline\":\"Rusiyada yoxa \u00e7\u0131xan etnik t\u0259dqiqat\u00e7\u0131n\u0131n DTX t\u0259cridxanas\u0131nda saxlan\u0131ld\u0131\u011f\u0131 bildirilir\",\"datePublished\":\"2025-04-14T11:23:41+00:00\",\"dateModified\":\"2025-04-14T11:23:43+00:00\",\"mainEntityOfPage\":{\"@id\":\"https:\\\/\\\/www.meydan.tv\\\/az\\\/article\\\/rusiyada-yoxa-cixan-etnik-t%c9%99dqiqatcinin-dtx-t%c9%99cridxanasinda-saxlanildigi-bildirilir\\\/\"},\"wordCount\":393,\"publisher\":{\"@id\":\"https:\\\/\\\/www.meydan.tv\\\/az\\\/#organization\"},\"image\":{\"@id\":\"https:\\\/\\\/www.meydan.tv\\\/az\\\/article\\\/rusiyada-yoxa-cixan-etnik-t%c9%99dqiqatcinin-dtx-t%c9%99cridxanasinda-saxlanildigi-bildirilir\\\/#primaryimage\"},\"thumbnailUrl\":\"https:\\\/\\\/www.meydan.tv\\\/wp-content\\\/uploads\\\/0565-1.png\",\"articleSection\":[\"Siyas\u0259t\",\"X\u0259b\u0259rl\u0259r\"],\"inLanguage\":\"az\"},{\"@type\":\"WebPage\",\"@id\":\"https:\\\/\\\/www.meydan.tv\\\/az\\\/article\\\/rusiyada-yoxa-cixan-etnik-t%c9%99dqiqatcinin-dtx-t%c9%99cridxanasinda-saxlanildigi-bildirilir\\\/\",\"url\":\"https:\\\/\\\/www.meydan.tv\\\/az\\\/article\\\/rusiyada-yoxa-cixan-etnik-t%c9%99dqiqatcinin-dtx-t%c9%99cridxanasinda-saxlanildigi-bildirilir\\\/\",\"name\":\"Rusiyada yoxa \u00e7\u0131xan etnik t\u0259dqiqat\u00e7\u0131n\u0131n DTX t\u0259cridxanas\u0131nda saxlan\u0131ld\u0131\u011f\u0131 bildirilir - MEYDAN.TV\",\"isPartOf\":{\"@id\":\"https:\\\/\\\/www.meydan.tv\\\/az\\\/#website\"},\"primaryImageOfPage\":{\"@id\":\"https:\\\/\\\/www.meydan.tv\\\/az\\\/article\\\/rusiyada-yoxa-cixan-etnik-t%c9%99dqiqatcinin-dtx-t%c9%99cridxanasinda-saxlanildigi-bildirilir\\\/#primaryimage\"},\"image\":{\"@id\":\"https:\\\/\\\/www.meydan.tv\\\/az\\\/article\\\/rusiyada-yoxa-cixan-etnik-t%c9%99dqiqatcinin-dtx-t%c9%99cridxanasinda-saxlanildigi-bildirilir\\\/#primaryimage\"},\"thumbnailUrl\":\"https:\\\/\\\/www.meydan.tv\\\/wp-content\\\/uploads\\\/0565-1.png\",\"datePublished\":\"2025-04-14T11:23:41+00:00\",\"dateModified\":\"2025-04-14T11:23:43+00:00\",\"breadcrumb\":{\"@id\":\"https:\\\/\\\/www.meydan.tv\\\/az\\\/article\\\/rusiyada-yoxa-cixan-etnik-t%c9%99dqiqatcinin-dtx-t%c9%99cridxanasinda-saxlanildigi-bildirilir\\\/#breadcrumb\"},\"inLanguage\":\"az\",\"potentialAction\":[{\"@type\":\"ReadAction\",\"target\":[\"https:\\\/\\\/www.meydan.tv\\\/az\\\/article\\\/rusiyada-yoxa-cixan-etnik-t%c9%99dqiqatcinin-dtx-t%c9%99cridxanasinda-saxlanildigi-bildirilir\\\/\"]}]},{\"@type\":\"ImageObject\",\"inLanguage\":\"az\",\"@id\":\"https:\\\/\\\/www.meydan.tv\\\/az\\\/article\\\/rusiyada-yoxa-cixan-etnik-t%c9%99dqiqatcinin-dtx-t%c9%99cridxanasinda-saxlanildigi-bildirilir\\\/#primaryimage\",\"url\":\"https:\\\/\\\/www.meydan.tv\\\/wp-content\\\/uploads\\\/0565-1.png\",\"contentUrl\":\"https:\\\/\\\/www.meydan.tv\\\/wp-content\\\/uploads\\\/0565-1.png\",\"width\":1179,\"height\":576,\"caption\":\"Z\u0259hir\u0259ddin \u0130brahimov. Foto: \\\"Tolish Media\\\"-n\u0131n Facebook s\u0259hif\u0259si\"},{\"@type\":\"BreadcrumbList\",\"@id\":\"https:\\\/\\\/www.meydan.tv\\\/az\\\/article\\\/rusiyada-yoxa-cixan-etnik-t%c9%99dqiqatcinin-dtx-t%c9%99cridxanasinda-saxlanildigi-bildirilir\\\/#breadcrumb\",\"itemListElement\":[{\"@type\":\"ListItem\",\"position\":1,\"name\":\"Ana s\u0259hif\u0259\",\"item\":\"https:\\\/\\\/www.meydan.tv\\\/az\\\/\"},{\"@type\":\"ListItem\",\"position\":2,\"name\":\"Siyas\u0259t\",\"item\":\"https:\\\/\\\/www.meydan.tv\\\/az\\\/section\\\/siyaset\\\/\"},{\"@type\":\"ListItem\",\"position\":3,\"name\":\"Rusiyada yoxa \u00e7\u0131xan etnik t\u0259dqiqat\u00e7\u0131n\u0131n DTX t\u0259cridxanas\u0131nda saxlan\u0131ld\u0131\u011f\u0131 bildirilir\"}]},{\"@type\":\"WebSite\",\"@id\":\"https:\\\/\\\/www.meydan.tv\\\/az\\\/#website\",\"url\":\"https:\\\/\\\/www.meydan.tv\\\/az\\\/\",\"name\":\"MEYDAN.TV\",\"description\":\"Meydan TV Az\u0259rbaycan\u0131n media m\u0259kan\u0131ndak\u0131 alternativ s\u0259sidir\",\"publisher\":{\"@id\":\"https:\\\/\\\/www.meydan.tv\\\/az\\\/#organization\"},\"potentialAction\":[{\"@type\":\"SearchAction\",\"target\":{\"@type\":\"EntryPoint\",\"urlTemplate\":\"https:\\\/\\\/www.meydan.tv\\\/az\\\/?s={search_term_string}\"},\"query-input\":{\"@type\":\"PropertyValueSpecification\",\"valueRequired\":true,\"valueName\":\"search_term_string\"}}],\"inLanguage\":\"az\"},{\"@type\":\"Organization\",\"@id\":\"https:\\\/\\\/www.meydan.tv\\\/az\\\/#organization\",\"name\":\"Meydan TV\",\"url\":\"https:\\\/\\\/www.meydan.tv\\\/az\\\/\",\"logo\":{\"@type\":\"ImageObject\",\"inLanguage\":\"az\",\"@id\":\"https:\\\/\\\/www.meydan.tv\\\/az\\\/#\\\/schema\\\/logo\\\/image\\\/\",\"url\":\"https:\\\/\\\/www.meydan.tv\\\/wp-content\\\/uploads\\\/2021\\\/07\\\/meydan-logo.svg\",\"contentUrl\":\"https:\\\/\\\/www.meydan.tv\\\/wp-content\\\/uploads\\\/2021\\\/07\\\/meydan-logo.svg\",\"width\":195,\"height\":46,\"caption\":\"Meydan TV\"},\"image\":{\"@id\":\"https:\\\/\\\/www.meydan.tv\\\/az\\\/#\\\/schema\\\/logo\\\/image\\\/\"}},{\"@type\":\"Person\",\"@id\":\"https:\\\/\\\/www.meydan.tv\\\/az\\\/#\\\/schema\\\/person\\\/09863e516102a829e72bedcf3f84c6b0\",\"name\":\"mahmud\"}]}<\/script>\n<!-- \/ Yoast SEO plugin. -->","yoast_head_json":{"title":"Rusiyada yoxa \u00e7\u0131xan etnik t\u0259dqiqat\u00e7\u0131n\u0131n DTX t\u0259cridxanas\u0131nda saxlan\u0131ld\u0131\u011f\u0131 bildirilir - MEYDAN.TV","robots":{"index":"index","follow":"follow","max-snippet":"max-snippet:-1","max-image-preview":"max-image-preview:large","max-video-preview":"max-video-preview:-1"},"canonical":"https:\/\/www.meydan.tv\/az\/article\/rusiyada-yoxa-cixan-etnik-t%c9%99dqiqatcinin-dtx-t%c9%99cridxanasinda-saxlanildigi-bildirilir\/","og_locale":"az_AZ","og_type":"article","og_title":"Rusiyada yoxa \u00e7\u0131xan etnik t\u0259dqiqat\u00e7\u0131n\u0131n DTX t\u0259cridxanas\u0131nda saxlan\u0131ld\u0131\u011f\u0131 bildirilir - MEYDAN.TV","og_description":"Rusiya v\u0259t\u0259nda\u015f\u0131 olan tarix\u00e7i mart\u0131n 26-da Yekaterinburq \u015f\u0259h\u0259rind\u0259ki evind\u0259n \u00e7\u0131x\u0131b ... Davam\u0131","og_url":"https:\/\/www.meydan.tv\/az\/article\/rusiyada-yoxa-cixan-etnik-t%c9%99dqiqatcinin-dtx-t%c9%99cridxanasinda-saxlanildigi-bildirilir\/","og_site_name":"MEYDAN.TV","article_published_time":"2025-04-14T11:23:41+00:00","article_modified_time":"2025-04-14T11:23:43+00:00","og_image":[{"width":1179,"height":576,"url":"https:\/\/www.meydan.tv\/wp-content\/uploads\/0565-1.png","type":"image\/png"}],"author":"mahmud","twitter_card":"summary_large_image","schema":{"@context":"https:\/\/schema.org","@graph":[{"@type":"Article","@id":"https:\/\/www.meydan.tv\/az\/article\/rusiyada-yoxa-cixan-etnik-t%c9%99dqiqatcinin-dtx-t%c9%99cridxanasinda-saxlanildigi-bildirilir\/#article","isPartOf":{"@id":"https:\/\/www.meydan.tv\/az\/article\/rusiyada-yoxa-cixan-etnik-t%c9%99dqiqatcinin-dtx-t%c9%99cridxanasinda-saxlanildigi-bildirilir\/"},"author":{"name":"mahmud","@id":"https:\/\/www.meydan.tv\/az\/#\/schema\/person\/09863e516102a829e72bedcf3f84c6b0"},"headline":"Rusiyada yoxa \u00e7\u0131xan etnik t\u0259dqiqat\u00e7\u0131n\u0131n DTX t\u0259cridxanas\u0131nda saxlan\u0131ld\u0131\u011f\u0131 bildirilir","datePublished":"2025-04-14T11:23:41+00:00","dateModified":"2025-04-14T11:23:43+00:00","mainEntityOfPage":{"@id":"https:\/\/www.meydan.tv\/az\/article\/rusiyada-yoxa-cixan-etnik-t%c9%99dqiqatcinin-dtx-t%c9%99cridxanasinda-saxlanildigi-bildirilir\/"},"wordCount":393,"publisher":{"@id":"https:\/\/www.meydan.tv\/az\/#organization"},"image":{"@id":"https:\/\/www.meydan.tv\/az\/article\/rusiyada-yoxa-cixan-etnik-t%c9%99dqiqatcinin-dtx-t%c9%99cridxanasinda-saxlanildigi-bildirilir\/#primaryimage"},"thumbnailUrl":"https:\/\/www.meydan.tv\/wp-content\/uploads\/0565-1.png","articleSection":["Siyas\u0259t","X\u0259b\u0259rl\u0259r"],"inLanguage":"az"},{"@type":"WebPage","@id":"https:\/\/www.meydan.tv\/az\/article\/rusiyada-yoxa-cixan-etnik-t%c9%99dqiqatcinin-dtx-t%c9%99cridxanasinda-saxlanildigi-bildirilir\/","url":"https:\/\/www.meydan.tv\/az\/article\/rusiyada-yoxa-cixan-etnik-t%c9%99dqiqatcinin-dtx-t%c9%99cridxanasinda-saxlanildigi-bildirilir\/","name":"Rusiyada yoxa \u00e7\u0131xan etnik t\u0259dqiqat\u00e7\u0131n\u0131n DTX t\u0259cridxanas\u0131nda saxlan\u0131ld\u0131\u011f\u0131 bildirilir - MEYDAN.TV","isPartOf":{"@id":"https:\/\/www.meydan.tv\/az\/#website"},"primaryImageOfPage":{"@id":"https:\/\/www.meydan.tv\/az\/article\/rusiyada-yoxa-cixan-etnik-t%c9%99dqiqatcinin-dtx-t%c9%99cridxanasinda-saxlanildigi-bildirilir\/#primaryimage"},"image":{"@id":"https:\/\/www.meydan.tv\/az\/article\/rusiyada-yoxa-cixan-etnik-t%c9%99dqiqatcinin-dtx-t%c9%99cridxanasinda-saxlanildigi-bildirilir\/#primaryimage"},"thumbnailUrl":"https:\/\/www.meydan.tv\/wp-content\/uploads\/0565-1.png","datePublished":"2025-04-14T11:23:41+00:00","dateModified":"2025-04-14T11:23:43+00:00","breadcrumb":{"@id":"https:\/\/www.meydan.tv\/az\/article\/rusiyada-yoxa-cixan-etnik-t%c9%99dqiqatcinin-dtx-t%c9%99cridxanasinda-saxlanildigi-bildirilir\/#breadcrumb"},"inLanguage":"az","potentialAction":[{"@type":"ReadAction","target":["https:\/\/www.meydan.tv\/az\/article\/rusiyada-yoxa-cixan-etnik-t%c9%99dqiqatcinin-dtx-t%c9%99cridxanasinda-saxlanildigi-bildirilir\/"]}]},{"@type":"ImageObject","inLanguage":"az","@id":"https:\/\/www.meydan.tv\/az\/article\/rusiyada-yoxa-cixan-etnik-t%c9%99dqiqatcinin-dtx-t%c9%99cridxanasinda-saxlanildigi-bildirilir\/#primaryimage","url":"https:\/\/www.meydan.tv\/wp-content\/uploads\/0565-1.png","contentUrl":"https:\/\/www.meydan.tv\/wp-content\/uploads\/0565-1.png","width":1179,"height":576,"caption":"Z\u0259hir\u0259ddin \u0130brahimov. Foto: \"Tolish Media\"-n\u0131n Facebook s\u0259hif\u0259si"},{"@type":"BreadcrumbList","@id":"https:\/\/www.meydan.tv\/az\/article\/rusiyada-yoxa-cixan-etnik-t%c9%99dqiqatcinin-dtx-t%c9%99cridxanasinda-saxlanildigi-bildirilir\/#breadcrumb","itemListElement":[{"@type":"ListItem","position":1,"name":"Ana s\u0259hif\u0259","item":"https:\/\/www.meydan.tv\/az\/"},{"@type":"ListItem","position":2,"name":"Siyas\u0259t","item":"https:\/\/www.meydan.tv\/az\/section\/siyaset\/"},{"@type":"ListItem","position":3,"name":"Rusiyada yoxa \u00e7\u0131xan etnik t\u0259dqiqat\u00e7\u0131n\u0131n DTX t\u0259cridxanas\u0131nda saxlan\u0131ld\u0131\u011f\u0131 bildirilir"}]},{"@type":"WebSite","@id":"https:\/\/www.meydan.tv\/az\/#website","url":"https:\/\/www.meydan.tv\/az\/","name":"MEYDAN.TV","description":"Meydan TV Az\u0259rbaycan\u0131n media m\u0259kan\u0131ndak\u0131 alternativ s\u0259sidir","publisher":{"@id":"https:\/\/www.meydan.tv\/az\/#organization"},"potentialAction":[{"@type":"SearchAction","target":{"@type":"EntryPoint","urlTemplate":"https:\/\/www.meydan.tv\/az\/?s={search_term_string}"},"query-input":{"@type":"PropertyValueSpecification","valueRequired":true,"valueName":"search_term_string"}}],"inLanguage":"az"},{"@type":"Organization","@id":"https:\/\/www.meydan.tv\/az\/#organization","name":"Meydan TV","url":"https:\/\/www.meydan.tv\/az\/","logo":{"@type":"ImageObject","inLanguage":"az","@id":"https:\/\/www.meydan.tv\/az\/#\/schema\/logo\/image\/","url":"https:\/\/www.meydan.tv\/wp-content\/uploads\/2021\/07\/meydan-logo.svg","contentUrl":"https:\/\/www.meydan.tv\/wp-content\/uploads\/2021\/07\/meydan-logo.svg","width":195,"height":46,"caption":"Meydan TV"},"image":{"@id":"https:\/\/www.meydan.tv\/az\/#\/schema\/logo\/image\/"}},{"@type":"Person","@id":"https:\/\/www.meydan.tv\/az\/#\/schema\/person\/09863e516102a829e72bedcf3f84c6b0","name":"mahmud"}]}},"_links":{"self":[{"href":"https:\/\/www.meydan.tv\/az\/wp-json\/wp\/v2\/posts\/328804","targetHints":{"allow":["GET"]}}],"collection":[{"href":"https:\/\/www.meydan.tv\/az\/wp-json\/wp\/v2\/posts"}],"about":[{"href":"https:\/\/www.meydan.tv\/az\/wp-json\/wp\/v2\/types\/post"}],"author":[{"embeddable":true,"href":"https:\/\/www.meydan.tv\/az\/wp-json\/wp\/v2\/users\/21"}],"replies":[{"embeddable":true,"href":"https:\/\/www.meydan.tv\/az\/wp-json\/wp\/v2\/comments?post=328804"}],"version-history":[{"count":3,"href":"https:\/\/www.meydan.tv\/az\/wp-json\/wp\/v2\/posts\/328804\/revisions"}],"predecessor-version":[{"id":328813,"href":"https:\/\/www.meydan.tv\/az\/wp-json\/wp\/v2\/posts\/328804\/revisions\/328813"}],"wp:featuredmedia":[{"embeddable":true,"href":"https:\/\/www.meydan.tv\/az\/wp-json\/wp\/v2\/media\/328810"}],"wp:attachment":[{"href":"https:\/\/www.meydan.tv\/az\/wp-json\/wp\/v2\/media?parent=328804"}],"wp:term":[{"taxonomy":"category","embeddable":true,"href":"https:\/\/www.meydan.tv\/az\/wp-json\/wp\/v2\/categories?post=328804"},{"taxonomy":"post_tag","embeddable":true,"href":"https:\/\/www.meydan.tv\/az\/wp-json\/wp\/v2\/tags?post=328804"}],"curies":[{"name":"wp","href":"https:\/\/api.w.org\/{rel}","templated":true}]}}