{"id":328713,"date":"2025-04-11T15:55:32","date_gmt":"2025-04-11T11:55:32","guid":{"rendered":"https:\/\/www.meydan.tv\/?p=328713"},"modified":"2025-04-11T17:04:54","modified_gmt":"2025-04-11T13:04:54","slug":"axtarisda-olan-gurcustan-v%c9%99t%c9%99ndasi-polsadan-az%c9%99rbaycana-ekstradisiya-edilib","status":"publish","type":"post","link":"https:\/\/www.meydan.tv\/az\/article\/axtarisda-olan-gurcustan-v%c9%99t%c9%99ndasi-polsadan-az%c9%99rbaycana-ekstradisiya-edilib\/","title":{"rendered":"Axtar\u0131\u015fda olan G\u00fcrc\u00fcstan v\u0259t\u0259nda\u015f\u0131 Pol\u015fadan Az\u0259rbaycana ekstradisiya edilib"},"content":{"rendered":"\n<p><strong><em>\u00dclp\u0259t A\u011facanov q\u0259sd\u0259n adam \u00f6ld\u00fcrm\u0259d\u0259 ittiham edilir<\/em><\/strong><\/p>\n\n\n\n<p>Ba\u015f Prokurorlu\u011fun v\u0259sat\u0259tin\u0259 \u0259sas\u0259n Pol\u015fa Respublikas\u0131n\u0131n Lodz rayon m\u0259hk\u0259m\u0259si G\u00fcrc\u00fcstan v\u0259t\u0259nda\u015f\u0131 A\u011facanov \u00dclp\u0259t Fizuli o\u011flunu Az\u0259rbaycana ekstradisiya edib.<\/p>\n\n\n\n<p>Bu bar\u0259d\u0259 m\u0259lumat\u0131 Ba\u015f Prokurorlu\u011fun m\u0259tbuat xidm\u0259ti<a href=\"https:\/\/genprosecutor.gov.az\/az\/post\/8486\" target=\"_blank\" rel=\"noreferrer noopener\"> yay\u0131b<\/a>.<\/p>\n\n\n\n<p>Qurumdan bildirilib ki, \u00dc.A\u011facanov 03 aprel 2025-ci il tarixd\u0259 \u018fdliyy\u0259 Nazirliyinin Penitensiar Xidm\u0259tinin x\u00fcsusi konvoyunun m\u00fc\u015fayi\u0259ti il\u0259 Pol\u015fa Respublikas\u0131ndan Az\u0259rbaycana g\u0259tirilib:<\/p>\n\n\n\n<p><em>&#8221;\u00dclp\u0259t A\u011facanovun qabaqcadan \u0259lbir olan bir qrup \u015f\u0259xs hal\u0131nda q\u0259sd\u0259n adam \u00f6ld\u00fcrm\u0259 cinay\u0259t \u0259m\u0259lini t\u00f6r\u0259tm\u0259sin\u0259 \u0259sasl\u0131 \u015f\u00fcbh\u0259l\u0259r m\u00fc\u0259yy\u0259n edildiyind\u0259n, bar\u0259sind\u0259 t\u0259qsirl\u0259ndiril\u0259n \u015f\u0259xs qismind\u0259 c\u0259lb etm\u0259 haqq\u0131nda q\u0259rar q\u0259bul edilm\u0259kl\u0259 istintaqdan qa\u00e7\u0131b gizl\u0259ndiyin\u0259 g\u00f6r\u0259 beyn\u0259lxalq axtar\u0131\u015fa verilib. \u015e\u0259xs 2024-c\u00fc ilin oktyabr ay\u0131nda Pol\u015fan\u0131n Kutno \u015f\u0259h\u0259rind\u0259 m\u00fc\u0259yy\u0259n edil\u0259r\u0259k h\u0259bs\u0259 al\u0131n\u0131b&#8221;<\/em>.<\/p>\n\n\n\n<p>\u00d6t\u0259n il xarici \u00f6lk\u0259l\u0259rd\u0259n 45 \u015f\u0259xs Az\u0259rbaycana ekstradisiya olunub. Bu, Nazirl\u0259r Kabinetinin 2023-c\u00fc il \u00fczr\u0259 f\u0259aliyy\u0259ti haqq\u0131nda hesabat\u0131nda \u0259ks olunub. Ke\u00e7\u0259n il Rusiyadan 24, Moldovadan 2, G\u00fcrc\u00fcstandan 5, Ukraynadan 5, Pol\u015fadan 2, Belarusdan 4, Almaniyadan 1, B\u00f6y\u00fck Britaniyadan 1 v\u0259 Livandan 1 \u015f\u0259xs olmaqla, \u00fcmumilikd\u0259 45 \u015f\u0259xsin Az\u0259rbaycana ekstradisiya olunmas\u0131n\u0131n t\u0259min edildiyi<a href=\"https:\/\/report.az\/daxili-siyaset\/oten-il-xarici-olkelerden-azerbaycana-ekstradisiya-olunan-sexslerin-sayi-aciqlanib\" target=\"_blank\" rel=\"noreferrer noopener\"> bildirilir.<\/a><\/p>\n\n\n\n<p>Son aylar Az\u0259rbaycan hakimiyy\u0259ti xaricd\u0259ki m\u00fcxalifl\u0259r haqq\u0131nda da ekstradisiya q\u0259rarlar\u0131n\u0131n olaca\u011f\u0131n\u0131 bildirir. H\u0259m\u00e7inin Az\u0259rbaycan h\u00f6kum\u0259ti Avropa \u00f6lk\u0259l\u0259rinin r\u0259smi qurumlar\u0131na blogerl\u0259rl\u0259 ba\u011fl\u0131 cinay\u0259t i\u015fl\u0259ri g\u00f6nd\u0259rdiyini bildirib. Onlar son aylar Ba\u015f Prokurorlu\u011fa ifad\u0259 verm\u0259y\u0259 \u00e7a\u011f\u0131r\u0131l\u0131rlar.<\/p>\n","protected":false},"excerpt":{"rendered":"<p>\u00dclp\u0259t A\u011facanov q\u0259sd\u0259n adam \u00f6ld\u00fcrm\u0259d\u0259 ittiham edilir Ba\u015f Prokurorlu\u011fun v\u0259sat\u0259tin\u0259 &#8230; <\/p>\n<p class=\"read-more-container\"><a title=\"Axtar\u0131\u015fda olan G\u00fcrc\u00fcstan v\u0259t\u0259nda\u015f\u0131 Pol\u015fadan Az\u0259rbaycana ekstradisiya edilib\" class=\"read-more button\" href=\"https:\/\/www.meydan.tv\/az\/article\/axtarisda-olan-gurcustan-v%c9%99t%c9%99ndasi-polsadan-az%c9%99rbaycana-ekstradisiya-edilib\/#more-328713\" aria-label=\"Read more about Axtar\u0131\u015fda olan G\u00fcrc\u00fcstan v\u0259t\u0259nda\u015f\u0131 Pol\u015fadan Az\u0259rbaycana ekstradisiya edilib\">Davam\u0131<\/a><\/p>\n","protected":false},"author":21,"featured_media":257656,"comment_status":"closed","ping_status":"closed","sticky":false,"template":"","format":"standard","meta":{"_acf_changed":false,"_sitemap_exclude":false,"_sitemap_priority":"","_sitemap_frequency":"","footnotes":""},"categories":[59,56],"tags":[],"class_list":["post-328713","post","type-post","status-publish","format-standard","has-post-thumbnail","hentry","category-siyaset","category-xeberler","infinite-scroll-item","generate-columns","tablet-grid-50","mobile-grid-100","grid-parent","grid-33","no-featured-image-padding"],"acf":[],"yoast_head":"<!-- This site is optimized with the Yoast SEO plugin v27.5 - https:\/\/yoast.com\/product\/yoast-seo-wordpress\/ -->\n<title>Axtar\u0131\u015fda olan G\u00fcrc\u00fcstan v\u0259t\u0259nda\u015f\u0131 Pol\u015fadan Az\u0259rbaycana ekstradisiya edilib - MEYDAN.TV<\/title>\n<meta name=\"robots\" content=\"index, follow, max-snippet:-1, max-image-preview:large, max-video-preview:-1\" \/>\n<link rel=\"canonical\" href=\"https:\/\/www.meydan.tv\/az\/article\/axtarisda-olan-gurcustan-v%c9%99t%c9%99ndasi-polsadan-az%c9%99rbaycana-ekstradisiya-edilib\/\" \/>\n<meta property=\"og:locale\" content=\"az_AZ\" \/>\n<meta property=\"og:type\" content=\"article\" \/>\n<meta property=\"og:title\" content=\"Axtar\u0131\u015fda olan G\u00fcrc\u00fcstan v\u0259t\u0259nda\u015f\u0131 Pol\u015fadan Az\u0259rbaycana ekstradisiya edilib - MEYDAN.TV\" \/>\n<meta property=\"og:description\" content=\"\u00dclp\u0259t A\u011facanov q\u0259sd\u0259n adam \u00f6ld\u00fcrm\u0259d\u0259 ittiham edilir Ba\u015f Prokurorlu\u011fun v\u0259sat\u0259tin\u0259 ... Davam\u0131\" \/>\n<meta property=\"og:url\" content=\"https:\/\/www.meydan.tv\/az\/article\/axtarisda-olan-gurcustan-v%c9%99t%c9%99ndasi-polsadan-az%c9%99rbaycana-ekstradisiya-edilib\/\" \/>\n<meta property=\"og:site_name\" content=\"MEYDAN.TV\" \/>\n<meta property=\"article:published_time\" content=\"2025-04-11T11:55:32+00:00\" \/>\n<meta property=\"article:modified_time\" content=\"2025-04-11T13:04:54+00:00\" \/>\n<meta property=\"og:image\" content=\"https:\/\/www.meydan.tv\/wp-content\/uploads\/untitled_artwork_1-2.jpg\" \/>\n\t<meta property=\"og:image:width\" content=\"1200\" \/>\n\t<meta property=\"og:image:height\" content=\"675\" \/>\n\t<meta property=\"og:image:type\" content=\"image\/jpeg\" \/>\n<meta name=\"author\" content=\"mahmud\" \/>\n<meta name=\"twitter:card\" content=\"summary_large_image\" \/>\n<script type=\"application\/ld+json\" class=\"yoast-schema-graph\">{\"@context\":\"https:\\\/\\\/schema.org\",\"@graph\":[{\"@type\":\"Article\",\"@id\":\"https:\\\/\\\/www.meydan.tv\\\/az\\\/article\\\/axtarisda-olan-gurcustan-v%c9%99t%c9%99ndasi-polsadan-az%c9%99rbaycana-ekstradisiya-edilib\\\/#article\",\"isPartOf\":{\"@id\":\"https:\\\/\\\/www.meydan.tv\\\/az\\\/article\\\/axtarisda-olan-gurcustan-v%c9%99t%c9%99ndasi-polsadan-az%c9%99rbaycana-ekstradisiya-edilib\\\/\"},\"author\":{\"name\":\"mahmud\",\"@id\":\"https:\\\/\\\/www.meydan.tv\\\/az\\\/#\\\/schema\\\/person\\\/09863e516102a829e72bedcf3f84c6b0\"},\"headline\":\"Axtar\u0131\u015fda olan G\u00fcrc\u00fcstan v\u0259t\u0259nda\u015f\u0131 Pol\u015fadan Az\u0259rbaycana ekstradisiya edilib\",\"datePublished\":\"2025-04-11T11:55:32+00:00\",\"dateModified\":\"2025-04-11T13:04:54+00:00\",\"mainEntityOfPage\":{\"@id\":\"https:\\\/\\\/www.meydan.tv\\\/az\\\/article\\\/axtarisda-olan-gurcustan-v%c9%99t%c9%99ndasi-polsadan-az%c9%99rbaycana-ekstradisiya-edilib\\\/\"},\"wordCount\":322,\"publisher\":{\"@id\":\"https:\\\/\\\/www.meydan.tv\\\/az\\\/#organization\"},\"image\":{\"@id\":\"https:\\\/\\\/www.meydan.tv\\\/az\\\/article\\\/axtarisda-olan-gurcustan-v%c9%99t%c9%99ndasi-polsadan-az%c9%99rbaycana-ekstradisiya-edilib\\\/#primaryimage\"},\"thumbnailUrl\":\"https:\\\/\\\/www.meydan.tv\\\/wp-content\\\/uploads\\\/untitled_artwork_1-2.jpg\",\"articleSection\":[\"Siyas\u0259t\",\"X\u0259b\u0259rl\u0259r\"],\"inLanguage\":\"az\"},{\"@type\":\"WebPage\",\"@id\":\"https:\\\/\\\/www.meydan.tv\\\/az\\\/article\\\/axtarisda-olan-gurcustan-v%c9%99t%c9%99ndasi-polsadan-az%c9%99rbaycana-ekstradisiya-edilib\\\/\",\"url\":\"https:\\\/\\\/www.meydan.tv\\\/az\\\/article\\\/axtarisda-olan-gurcustan-v%c9%99t%c9%99ndasi-polsadan-az%c9%99rbaycana-ekstradisiya-edilib\\\/\",\"name\":\"Axtar\u0131\u015fda olan G\u00fcrc\u00fcstan v\u0259t\u0259nda\u015f\u0131 Pol\u015fadan Az\u0259rbaycana ekstradisiya edilib - MEYDAN.TV\",\"isPartOf\":{\"@id\":\"https:\\\/\\\/www.meydan.tv\\\/az\\\/#website\"},\"primaryImageOfPage\":{\"@id\":\"https:\\\/\\\/www.meydan.tv\\\/az\\\/article\\\/axtarisda-olan-gurcustan-v%c9%99t%c9%99ndasi-polsadan-az%c9%99rbaycana-ekstradisiya-edilib\\\/#primaryimage\"},\"image\":{\"@id\":\"https:\\\/\\\/www.meydan.tv\\\/az\\\/article\\\/axtarisda-olan-gurcustan-v%c9%99t%c9%99ndasi-polsadan-az%c9%99rbaycana-ekstradisiya-edilib\\\/#primaryimage\"},\"thumbnailUrl\":\"https:\\\/\\\/www.meydan.tv\\\/wp-content\\\/uploads\\\/untitled_artwork_1-2.jpg\",\"datePublished\":\"2025-04-11T11:55:32+00:00\",\"dateModified\":\"2025-04-11T13:04:54+00:00\",\"breadcrumb\":{\"@id\":\"https:\\\/\\\/www.meydan.tv\\\/az\\\/article\\\/axtarisda-olan-gurcustan-v%c9%99t%c9%99ndasi-polsadan-az%c9%99rbaycana-ekstradisiya-edilib\\\/#breadcrumb\"},\"inLanguage\":\"az\",\"potentialAction\":[{\"@type\":\"ReadAction\",\"target\":[\"https:\\\/\\\/www.meydan.tv\\\/az\\\/article\\\/axtarisda-olan-gurcustan-v%c9%99t%c9%99ndasi-polsadan-az%c9%99rbaycana-ekstradisiya-edilib\\\/\"]}]},{\"@type\":\"ImageObject\",\"inLanguage\":\"az\",\"@id\":\"https:\\\/\\\/www.meydan.tv\\\/az\\\/article\\\/axtarisda-olan-gurcustan-v%c9%99t%c9%99ndasi-polsadan-az%c9%99rbaycana-ekstradisiya-edilib\\\/#primaryimage\",\"url\":\"https:\\\/\\\/www.meydan.tv\\\/wp-content\\\/uploads\\\/untitled_artwork_1-2.jpg\",\"contentUrl\":\"https:\\\/\\\/www.meydan.tv\\\/wp-content\\\/uploads\\\/untitled_artwork_1-2.jpg\",\"width\":1200,\"height\":675,\"caption\":\"\u0130ll\u00fcstrasiya: Meydan TV\"},{\"@type\":\"BreadcrumbList\",\"@id\":\"https:\\\/\\\/www.meydan.tv\\\/az\\\/article\\\/axtarisda-olan-gurcustan-v%c9%99t%c9%99ndasi-polsadan-az%c9%99rbaycana-ekstradisiya-edilib\\\/#breadcrumb\",\"itemListElement\":[{\"@type\":\"ListItem\",\"position\":1,\"name\":\"Ana s\u0259hif\u0259\",\"item\":\"https:\\\/\\\/www.meydan.tv\\\/az\\\/\"},{\"@type\":\"ListItem\",\"position\":2,\"name\":\"Siyas\u0259t\",\"item\":\"https:\\\/\\\/www.meydan.tv\\\/az\\\/section\\\/siyaset\\\/\"},{\"@type\":\"ListItem\",\"position\":3,\"name\":\"Axtar\u0131\u015fda olan G\u00fcrc\u00fcstan v\u0259t\u0259nda\u015f\u0131 Pol\u015fadan Az\u0259rbaycana ekstradisiya edilib\"}]},{\"@type\":\"WebSite\",\"@id\":\"https:\\\/\\\/www.meydan.tv\\\/az\\\/#website\",\"url\":\"https:\\\/\\\/www.meydan.tv\\\/az\\\/\",\"name\":\"MEYDAN.TV\",\"description\":\"Meydan TV Az\u0259rbaycan\u0131n media m\u0259kan\u0131ndak\u0131 alternativ s\u0259sidir\",\"publisher\":{\"@id\":\"https:\\\/\\\/www.meydan.tv\\\/az\\\/#organization\"},\"potentialAction\":[{\"@type\":\"SearchAction\",\"target\":{\"@type\":\"EntryPoint\",\"urlTemplate\":\"https:\\\/\\\/www.meydan.tv\\\/az\\\/?s={search_term_string}\"},\"query-input\":{\"@type\":\"PropertyValueSpecification\",\"valueRequired\":true,\"valueName\":\"search_term_string\"}}],\"inLanguage\":\"az\"},{\"@type\":\"Organization\",\"@id\":\"https:\\\/\\\/www.meydan.tv\\\/az\\\/#organization\",\"name\":\"Meydan TV\",\"url\":\"https:\\\/\\\/www.meydan.tv\\\/az\\\/\",\"logo\":{\"@type\":\"ImageObject\",\"inLanguage\":\"az\",\"@id\":\"https:\\\/\\\/www.meydan.tv\\\/az\\\/#\\\/schema\\\/logo\\\/image\\\/\",\"url\":\"https:\\\/\\\/www.meydan.tv\\\/wp-content\\\/uploads\\\/2021\\\/07\\\/meydan-logo.svg\",\"contentUrl\":\"https:\\\/\\\/www.meydan.tv\\\/wp-content\\\/uploads\\\/2021\\\/07\\\/meydan-logo.svg\",\"width\":195,\"height\":46,\"caption\":\"Meydan TV\"},\"image\":{\"@id\":\"https:\\\/\\\/www.meydan.tv\\\/az\\\/#\\\/schema\\\/logo\\\/image\\\/\"}},{\"@type\":\"Person\",\"@id\":\"https:\\\/\\\/www.meydan.tv\\\/az\\\/#\\\/schema\\\/person\\\/09863e516102a829e72bedcf3f84c6b0\",\"name\":\"mahmud\"}]}<\/script>\n<!-- \/ Yoast SEO plugin. -->","yoast_head_json":{"title":"Axtar\u0131\u015fda olan G\u00fcrc\u00fcstan v\u0259t\u0259nda\u015f\u0131 Pol\u015fadan Az\u0259rbaycana ekstradisiya edilib - MEYDAN.TV","robots":{"index":"index","follow":"follow","max-snippet":"max-snippet:-1","max-image-preview":"max-image-preview:large","max-video-preview":"max-video-preview:-1"},"canonical":"https:\/\/www.meydan.tv\/az\/article\/axtarisda-olan-gurcustan-v%c9%99t%c9%99ndasi-polsadan-az%c9%99rbaycana-ekstradisiya-edilib\/","og_locale":"az_AZ","og_type":"article","og_title":"Axtar\u0131\u015fda olan G\u00fcrc\u00fcstan v\u0259t\u0259nda\u015f\u0131 Pol\u015fadan Az\u0259rbaycana ekstradisiya edilib - MEYDAN.TV","og_description":"\u00dclp\u0259t A\u011facanov q\u0259sd\u0259n adam \u00f6ld\u00fcrm\u0259d\u0259 ittiham edilir Ba\u015f Prokurorlu\u011fun v\u0259sat\u0259tin\u0259 ... Davam\u0131","og_url":"https:\/\/www.meydan.tv\/az\/article\/axtarisda-olan-gurcustan-v%c9%99t%c9%99ndasi-polsadan-az%c9%99rbaycana-ekstradisiya-edilib\/","og_site_name":"MEYDAN.TV","article_published_time":"2025-04-11T11:55:32+00:00","article_modified_time":"2025-04-11T13:04:54+00:00","og_image":[{"width":1200,"height":675,"url":"https:\/\/www.meydan.tv\/wp-content\/uploads\/untitled_artwork_1-2.jpg","type":"image\/jpeg"}],"author":"mahmud","twitter_card":"summary_large_image","schema":{"@context":"https:\/\/schema.org","@graph":[{"@type":"Article","@id":"https:\/\/www.meydan.tv\/az\/article\/axtarisda-olan-gurcustan-v%c9%99t%c9%99ndasi-polsadan-az%c9%99rbaycana-ekstradisiya-edilib\/#article","isPartOf":{"@id":"https:\/\/www.meydan.tv\/az\/article\/axtarisda-olan-gurcustan-v%c9%99t%c9%99ndasi-polsadan-az%c9%99rbaycana-ekstradisiya-edilib\/"},"author":{"name":"mahmud","@id":"https:\/\/www.meydan.tv\/az\/#\/schema\/person\/09863e516102a829e72bedcf3f84c6b0"},"headline":"Axtar\u0131\u015fda olan G\u00fcrc\u00fcstan v\u0259t\u0259nda\u015f\u0131 Pol\u015fadan Az\u0259rbaycana ekstradisiya edilib","datePublished":"2025-04-11T11:55:32+00:00","dateModified":"2025-04-11T13:04:54+00:00","mainEntityOfPage":{"@id":"https:\/\/www.meydan.tv\/az\/article\/axtarisda-olan-gurcustan-v%c9%99t%c9%99ndasi-polsadan-az%c9%99rbaycana-ekstradisiya-edilib\/"},"wordCount":322,"publisher":{"@id":"https:\/\/www.meydan.tv\/az\/#organization"},"image":{"@id":"https:\/\/www.meydan.tv\/az\/article\/axtarisda-olan-gurcustan-v%c9%99t%c9%99ndasi-polsadan-az%c9%99rbaycana-ekstradisiya-edilib\/#primaryimage"},"thumbnailUrl":"https:\/\/www.meydan.tv\/wp-content\/uploads\/untitled_artwork_1-2.jpg","articleSection":["Siyas\u0259t","X\u0259b\u0259rl\u0259r"],"inLanguage":"az"},{"@type":"WebPage","@id":"https:\/\/www.meydan.tv\/az\/article\/axtarisda-olan-gurcustan-v%c9%99t%c9%99ndasi-polsadan-az%c9%99rbaycana-ekstradisiya-edilib\/","url":"https:\/\/www.meydan.tv\/az\/article\/axtarisda-olan-gurcustan-v%c9%99t%c9%99ndasi-polsadan-az%c9%99rbaycana-ekstradisiya-edilib\/","name":"Axtar\u0131\u015fda olan G\u00fcrc\u00fcstan v\u0259t\u0259nda\u015f\u0131 Pol\u015fadan Az\u0259rbaycana ekstradisiya edilib - MEYDAN.TV","isPartOf":{"@id":"https:\/\/www.meydan.tv\/az\/#website"},"primaryImageOfPage":{"@id":"https:\/\/www.meydan.tv\/az\/article\/axtarisda-olan-gurcustan-v%c9%99t%c9%99ndasi-polsadan-az%c9%99rbaycana-ekstradisiya-edilib\/#primaryimage"},"image":{"@id":"https:\/\/www.meydan.tv\/az\/article\/axtarisda-olan-gurcustan-v%c9%99t%c9%99ndasi-polsadan-az%c9%99rbaycana-ekstradisiya-edilib\/#primaryimage"},"thumbnailUrl":"https:\/\/www.meydan.tv\/wp-content\/uploads\/untitled_artwork_1-2.jpg","datePublished":"2025-04-11T11:55:32+00:00","dateModified":"2025-04-11T13:04:54+00:00","breadcrumb":{"@id":"https:\/\/www.meydan.tv\/az\/article\/axtarisda-olan-gurcustan-v%c9%99t%c9%99ndasi-polsadan-az%c9%99rbaycana-ekstradisiya-edilib\/#breadcrumb"},"inLanguage":"az","potentialAction":[{"@type":"ReadAction","target":["https:\/\/www.meydan.tv\/az\/article\/axtarisda-olan-gurcustan-v%c9%99t%c9%99ndasi-polsadan-az%c9%99rbaycana-ekstradisiya-edilib\/"]}]},{"@type":"ImageObject","inLanguage":"az","@id":"https:\/\/www.meydan.tv\/az\/article\/axtarisda-olan-gurcustan-v%c9%99t%c9%99ndasi-polsadan-az%c9%99rbaycana-ekstradisiya-edilib\/#primaryimage","url":"https:\/\/www.meydan.tv\/wp-content\/uploads\/untitled_artwork_1-2.jpg","contentUrl":"https:\/\/www.meydan.tv\/wp-content\/uploads\/untitled_artwork_1-2.jpg","width":1200,"height":675,"caption":"\u0130ll\u00fcstrasiya: Meydan TV"},{"@type":"BreadcrumbList","@id":"https:\/\/www.meydan.tv\/az\/article\/axtarisda-olan-gurcustan-v%c9%99t%c9%99ndasi-polsadan-az%c9%99rbaycana-ekstradisiya-edilib\/#breadcrumb","itemListElement":[{"@type":"ListItem","position":1,"name":"Ana s\u0259hif\u0259","item":"https:\/\/www.meydan.tv\/az\/"},{"@type":"ListItem","position":2,"name":"Siyas\u0259t","item":"https:\/\/www.meydan.tv\/az\/section\/siyaset\/"},{"@type":"ListItem","position":3,"name":"Axtar\u0131\u015fda olan G\u00fcrc\u00fcstan v\u0259t\u0259nda\u015f\u0131 Pol\u015fadan Az\u0259rbaycana ekstradisiya edilib"}]},{"@type":"WebSite","@id":"https:\/\/www.meydan.tv\/az\/#website","url":"https:\/\/www.meydan.tv\/az\/","name":"MEYDAN.TV","description":"Meydan TV Az\u0259rbaycan\u0131n media m\u0259kan\u0131ndak\u0131 alternativ s\u0259sidir","publisher":{"@id":"https:\/\/www.meydan.tv\/az\/#organization"},"potentialAction":[{"@type":"SearchAction","target":{"@type":"EntryPoint","urlTemplate":"https:\/\/www.meydan.tv\/az\/?s={search_term_string}"},"query-input":{"@type":"PropertyValueSpecification","valueRequired":true,"valueName":"search_term_string"}}],"inLanguage":"az"},{"@type":"Organization","@id":"https:\/\/www.meydan.tv\/az\/#organization","name":"Meydan TV","url":"https:\/\/www.meydan.tv\/az\/","logo":{"@type":"ImageObject","inLanguage":"az","@id":"https:\/\/www.meydan.tv\/az\/#\/schema\/logo\/image\/","url":"https:\/\/www.meydan.tv\/wp-content\/uploads\/2021\/07\/meydan-logo.svg","contentUrl":"https:\/\/www.meydan.tv\/wp-content\/uploads\/2021\/07\/meydan-logo.svg","width":195,"height":46,"caption":"Meydan TV"},"image":{"@id":"https:\/\/www.meydan.tv\/az\/#\/schema\/logo\/image\/"}},{"@type":"Person","@id":"https:\/\/www.meydan.tv\/az\/#\/schema\/person\/09863e516102a829e72bedcf3f84c6b0","name":"mahmud"}]}},"_links":{"self":[{"href":"https:\/\/www.meydan.tv\/az\/wp-json\/wp\/v2\/posts\/328713","targetHints":{"allow":["GET"]}}],"collection":[{"href":"https:\/\/www.meydan.tv\/az\/wp-json\/wp\/v2\/posts"}],"about":[{"href":"https:\/\/www.meydan.tv\/az\/wp-json\/wp\/v2\/types\/post"}],"author":[{"embeddable":true,"href":"https:\/\/www.meydan.tv\/az\/wp-json\/wp\/v2\/users\/21"}],"replies":[{"embeddable":true,"href":"https:\/\/www.meydan.tv\/az\/wp-json\/wp\/v2\/comments?post=328713"}],"version-history":[{"count":3,"href":"https:\/\/www.meydan.tv\/az\/wp-json\/wp\/v2\/posts\/328713\/revisions"}],"predecessor-version":[{"id":328726,"href":"https:\/\/www.meydan.tv\/az\/wp-json\/wp\/v2\/posts\/328713\/revisions\/328726"}],"wp:featuredmedia":[{"embeddable":true,"href":"https:\/\/www.meydan.tv\/az\/wp-json\/wp\/v2\/media\/257656"}],"wp:attachment":[{"href":"https:\/\/www.meydan.tv\/az\/wp-json\/wp\/v2\/media?parent=328713"}],"wp:term":[{"taxonomy":"category","embeddable":true,"href":"https:\/\/www.meydan.tv\/az\/wp-json\/wp\/v2\/categories?post=328713"},{"taxonomy":"post_tag","embeddable":true,"href":"https:\/\/www.meydan.tv\/az\/wp-json\/wp\/v2\/tags?post=328713"}],"curies":[{"name":"wp","href":"https:\/\/api.w.org\/{rel}","templated":true}]}}