{"id":328663,"date":"2025-04-09T17:30:46","date_gmt":"2025-04-09T13:30:46","guid":{"rendered":"https:\/\/www.meydan.tv\/?p=328663"},"modified":"2025-04-09T17:55:53","modified_gmt":"2025-04-09T13:55:53","slug":"gender-aktivisti-t%c9%99kadamliq-oturaq-etiraz-aksiyasi-kecirir","status":"publish","type":"post","link":"https:\/\/www.meydan.tv\/az\/article\/gender-aktivisti-t%c9%99kadamliq-oturaq-etiraz-aksiyasi-kecirir\/","title":{"rendered":"Sosial sahibkarl\u0131qla m\u0259\u015f\u011ful olan\u00a0aktivist oturaq etiraz aksiyas\u0131 ke\u00e7irir"},"content":{"rendered":"\n<p><\/p>\n\n\n\n<p><strong><em>\u201cPolis binaya daxil olub, dedi ki, 15 min n\u0259dir, v\u0259t\u0259nda\u015f\u0131 buna g\u00f6r\u0259 incidirsiniz?\u201d<\/em><\/strong><\/p>\n\n\n\n<p>\u201cSapla\u201d tiki\u015f sexinin qurucusu, gender aktivisti R\u0259biyy\u0259 M\u0259mm\u0259dova Sahibkarl\u0131\u011f\u0131n \u0130nki\u015faf\u0131 Fondunun (S\u0130F) qar\u015f\u0131s\u0131nda t\u0259kadaml\u0131q oturaq etiraz aksiyas\u0131 ke\u00e7irir.<\/p>\n\n\n\n<p>R\u0259biyy\u0259 M\u0259mm\u0259dova Meydan TV-y\u0259 bildirib ki, etiraz\u0131n\u0131n s\u0259b\u0259bi, S\u0130F-in onun 15 min manat kredit m\u00fcraci\u0259tin\u0259 imtina cavab\u0131 verm\u0259sidir.<\/p>\n\n\n\n<p><em>\u201cQ\u0259rara g\u0259lmi\u015fdik ki, \u201cSapla\u201dn\u0131 Bak\u0131da ba\u011flay\u0131b, G\u0259nc\u0259d\u0259 yaradaq. D\u00fc\u015f\u00fcn\u00fcrd\u00fck ki, b\u00fct\u00fcn resurslar Bak\u0131da toplan\u0131b. G\u0259nc\u0259d\u0259 a\u00e7saq, region qad\u0131nlar\u0131na daha yax\u015f\u0131 d\u0259st\u0259k ver\u0259rik. S\u0130F-\u0259 m\u00fcraci\u0259t ed\u0259nd\u0259, \u0259m\u0259kda\u015flar bildirdil\u0259r ki, icar\u0259 m\u00fcqavil\u0259si Bak\u0131da ba\u011flan\u0131bsa, G\u0259nc\u0259y\u0259 pul ay\u0131ra bilm\u0259zl\u0259r. Onlar layih\u0259ni d\u0259yi\u015fm\u0259yimizi ist\u0259dil\u0259r. Biz d\u0259 layih\u0259ni d\u0259yi\u015fib, Bak\u0131 \u00fc\u00e7\u00fcn haz\u0131rlad\u0131q. Layih\u0259ni d\u0259 bank \u0259m\u0259kda\u015f\u0131 haz\u0131rlay\u0131b. O, Bak\u0131dak\u0131 kuratorlarla dan\u0131\u015f\u0131qlar apar\u0131b, s\u0259n\u0259dl\u0259rin do\u011frulu\u011funu t\u0259sdiql\u0259dikd\u0259n sonra ax\u0131r\u0131nc\u0131 varianta Bak\u0131 yaz\u0131b. \u201cBank of Baku\u201d layih\u0259ni t\u0259sdiql\u0259dikd\u0259n, pul ay\u0131rma\u011fa haz\u0131r olduqlar\u0131n\u0131 bildirdikd\u0259n sonra S\u0130F-\u0259 t\u0259qdim etmi\u015fik\u201d,<\/em> &#8211; R\u0259biyy\u0259 M\u0259mm\u0259dova deyir.<\/p>\n\n\n\n<p>Onun s\u00f6zl\u0259rin\u0259 g\u00f6r\u0259, S\u0130F onlar\u0131n fevralda etdikl\u0259ri m\u00fcraci\u0259tin\u0259 2 ay sonra, aprelin 8-d\u0259 imtina cavab\u0131 veribl\u0259r. S\u0259b\u0259b kimi is\u0259 s\u0259n\u0259d\u0259 Bak\u0131 deyil, G\u0259nc\u0259 yaz\u0131ld\u0131\u011f\u0131 bildirilib.<\/p>\n\n\n\n<p><em>\u201cYalandan deyirl\u0259r ki, siz s\u0259n\u0259d\u0259 G\u0259nc\u0259 yazd\u0131\u011f\u0131n\u0131z \u00fc\u00e7\u00fcn imtina vermi\u015fik. \u0130mtina ka\u011f\u0131z\u0131n\u0131 ist\u0259yir\u0259m vermirl\u0259r. Deyirl\u0259r ki, banka g\u00f6nd\u0259rmi\u015fik, oradan g\u00f6t\u00fcr\u00fcn. Deyir\u0259m ki, G\u0259nc\u0259 yazd\u0131\u011f\u0131m\u0131z s\u0259n\u0259di g\u0259tirin birg\u0259 baxaq. B\u0259lk\u0259 hans\u0131sa yerd\u0259 texniki s\u0259hv olub. H\u0259min s\u0259n\u0259di bel\u0259 m\u0259nim qar\u015f\u0131ma \u00e7\u0131xarm\u0131rlar\u201d.<\/em><\/p>\n\n\n\n<p><em>\u201cFevraldan bu yana s\u0259n\u0259dl\u0259rimiz S\u0130F-d\u0259dir. Baxmayaraq ki, d\u0259f\u0259l\u0259rl\u0259 bununla ba\u011fl\u0131 Prezident Adminstrasiyas\u0131na, \u0130qtisadiyyat Nazirliyin\u0259 m\u0259ktub yazm\u0131\u015fam. \u0130qtisadiyyat naziri Mikay\u0131l Cabbarovun ad\u0131na r\u0259smi m\u00fcraci\u0259tl\u0259r etmi\u015f\u0259m. S\u0130F-in r\u0259hb\u0259ri Osman Xan\u0259liyev\u0259 m\u0259ktub yaz\u0131b, bizim m\u00fc\u0259ssis\u0259y\u0259 d\u0259v\u0259t etmi\u015f\u0259m ki, buyurun, g\u0259lin, \u00f6z g\u00f6zl\u0259rinizl\u0259 g\u00f6r\u00fcn, biz n\u0259 i\u015fl\u0259 m\u0259\u015f\u011fuluq\u201d,<\/em> &#8211; R\u0259biyy\u0259 M\u0259mm\u0259dova bildirir.<\/p>\n\n\n\n<p>O, imtina cavab\u0131ndan sonra t\u0259krar \u0130qtisadiyyat Nazirliyin\u0259 m\u00fcraci\u0259t edib:<\/p>\n\n\n\n<p><em>\u201cNazirlik d\u0259 deyir ki, S\u0130F-\u0259 get. Halbuki bu m\u00fcdd\u0259t \u0259rzind\u0259 d\u0259f\u0259l\u0259rl\u0259 S\u0130F-in Partnyorlarla \u0130\u015f \u015e\u00f6b\u0259sinin r\u0259isi, \u0130dar\u0259 Hey\u0259tinin s\u0259dri il\u0259 g\u00f6r\u00fc\u015fm\u00fc\u015f\u0259m. \u0130ctimaiyy\u0259tl\u0259 \u0259laq\u0259l\u0259r \u015f\u00f6b\u0259sinin \u0259m\u0259kda\u015f\u0131 il\u0259 dan\u0131\u015fm\u0131\u015fam. Lakin he\u00e7 bir n\u0259tic\u0259si olmay\u0131b. Ona g\u00f6r\u0259 d\u0259 haz\u0131rda S\u0130F-in qar\u015f\u0131s\u0131nda oturub g\u00f6zl\u0259yir\u0259m ki, m\u0259ni q\u0259bul edib, m\u0259s\u0259l\u0259y\u0259 ayd\u0131nl\u0131q g\u0259tirsinl\u0259r\u201d.<\/em><\/p>\n\n\n\n<p>R\u0259biyy\u0259 M\u0259mm\u0259dova onu da \u0259lav\u0259 edib ki, S\u0130F-in binas\u0131 qar\u015f\u0131s\u0131nda olark\u0259n polis \u0259m\u0259kda\u015flar\u0131 v\u0259 Fondun <em>i\u015f\u00e7il\u0259ri ona \u0259razid\u0259n getm\u0259yi t\u00f6vsiy\u0259 edibl\u0259r:<\/em><\/p>\n\n\n\n<p><em>\u201c26, y<\/em><em>a da 29-cu polis b\u00f6lm\u0259sinin \u0259m\u0259kda\u015flar\u0131 g\u0259lmi\u015fdil\u0259r. H\u0259tta mayor r\u00fctb\u0259li olan biri S\u0130F-in binas\u0131na daxil olub, dedi ki, 15 min n\u0259dir, v\u0259t\u0259nda\u015f\u0131 buna g\u00f6r\u0259 incidirsiniz? M\u0259ni polis ma\u015f\u0131n\u0131na otuzdurdular, sonra hardansa z\u0259ng g\u0259ldi, buraxd\u0131lar\u201d.<\/em><em><\/em><\/p>\n\n\n\n<p>R\u0259biyy\u0259 M\u0259mm\u0259dovan\u0131n iddialar\u0131 il\u0259 ba\u011fl\u0131 Sahibkarl\u0131\u011f\u0131n \u0130nki\u015faf\u0131 Fondundan m\u00fcnasib\u0259t \u00f6yr\u0259nm\u0259k m\u00fcmk\u00fcn olmay\u0131b.<\/p>\n\n\n\n<p>\u201cSapla\u201d 2022-ci ild\u0259 t\u0259sis olunub. M\u0259qs\u0259di m\u0259i\u015f\u0259t zorak\u0131l\u0131\u011f\u0131na m\u0259ruz qalanlara t\u0259hl\u00fck\u0259siz i\u015f m\u00fchiti t\u0259klif etm\u0259kdir.<\/p>\n","protected":false},"excerpt":{"rendered":"<p>\u201cPolis binaya daxil olub, dedi ki, 15 min n\u0259dir, v\u0259t\u0259nda\u015f\u0131 &#8230; <\/p>\n<p class=\"read-more-container\"><a title=\"Sosial sahibkarl\u0131qla m\u0259\u015f\u011ful olan\u00a0aktivist oturaq etiraz aksiyas\u0131 ke\u00e7irir\" class=\"read-more button\" href=\"https:\/\/www.meydan.tv\/az\/article\/gender-aktivisti-t%c9%99kadamliq-oturaq-etiraz-aksiyasi-kecirir\/#more-328663\" aria-label=\"Read more about Sosial sahibkarl\u0131qla m\u0259\u015f\u011ful olan\u00a0aktivist oturaq etiraz aksiyas\u0131 ke\u00e7irir\">Davam\u0131<\/a><\/p>\n","protected":false},"author":21,"featured_media":328669,"comment_status":"closed","ping_status":"closed","sticky":false,"template":"","format":"standard","meta":{"_acf_changed":false,"_sitemap_exclude":false,"_sitemap_priority":"","_sitemap_frequency":"","footnotes":""},"categories":[62,79,56],"tags":[],"class_list":["post-328663","post","type-post","status-publish","format-standard","has-post-thumbnail","hentry","category-sosial","category-featured","category-xeberler","infinite-scroll-item","generate-columns","tablet-grid-50","mobile-grid-100","grid-parent","grid-33","no-featured-image-padding"],"acf":[],"yoast_head":"<!-- This site is optimized with the Yoast SEO plugin v27.4 - https:\/\/yoast.com\/product\/yoast-seo-wordpress\/ -->\n<title>Sosial sahibkarl\u0131qla m\u0259\u015f\u011ful olan\u00a0aktivist oturaq etiraz aksiyas\u0131 ke\u00e7irir - MEYDAN.TV<\/title>\n<meta name=\"robots\" content=\"index, follow, max-snippet:-1, max-image-preview:large, max-video-preview:-1\" \/>\n<link rel=\"canonical\" href=\"https:\/\/www.meydan.tv\/az\/article\/gender-aktivisti-t%c9%99kadamliq-oturaq-etiraz-aksiyasi-kecirir\/\" \/>\n<meta property=\"og:locale\" content=\"az_AZ\" \/>\n<meta property=\"og:type\" content=\"article\" \/>\n<meta property=\"og:title\" content=\"Sosial sahibkarl\u0131qla m\u0259\u015f\u011ful olan\u00a0aktivist oturaq etiraz aksiyas\u0131 ke\u00e7irir - MEYDAN.TV\" \/>\n<meta property=\"og:description\" content=\"\u201cPolis binaya daxil olub, dedi ki, 15 min n\u0259dir, v\u0259t\u0259nda\u015f\u0131 ... Davam\u0131\" \/>\n<meta property=\"og:url\" content=\"https:\/\/www.meydan.tv\/az\/article\/gender-aktivisti-t%c9%99kadamliq-oturaq-etiraz-aksiyasi-kecirir\/\" \/>\n<meta property=\"og:site_name\" content=\"MEYDAN.TV\" \/>\n<meta property=\"article:published_time\" content=\"2025-04-09T13:30:46+00:00\" \/>\n<meta property=\"article:modified_time\" content=\"2025-04-09T13:55:53+00:00\" \/>\n<meta property=\"og:image\" content=\"https:\/\/www.meydan.tv\/wp-content\/uploads\/4432.png\" \/>\n\t<meta property=\"og:image:width\" content=\"1179\" \/>\n\t<meta property=\"og:image:height\" content=\"576\" \/>\n\t<meta property=\"og:image:type\" content=\"image\/png\" \/>\n<meta name=\"author\" content=\"mahmud\" \/>\n<meta name=\"twitter:card\" content=\"summary_large_image\" \/>\n<script type=\"application\/ld+json\" class=\"yoast-schema-graph\">{\"@context\":\"https:\\\/\\\/schema.org\",\"@graph\":[{\"@type\":\"Article\",\"@id\":\"https:\\\/\\\/www.meydan.tv\\\/az\\\/article\\\/gender-aktivisti-t%c9%99kadamliq-oturaq-etiraz-aksiyasi-kecirir\\\/#article\",\"isPartOf\":{\"@id\":\"https:\\\/\\\/www.meydan.tv\\\/az\\\/article\\\/gender-aktivisti-t%c9%99kadamliq-oturaq-etiraz-aksiyasi-kecirir\\\/\"},\"author\":{\"name\":\"mahmud\",\"@id\":\"https:\\\/\\\/www.meydan.tv\\\/az\\\/#\\\/schema\\\/person\\\/09863e516102a829e72bedcf3f84c6b0\"},\"headline\":\"Sosial sahibkarl\u0131qla m\u0259\u015f\u011ful olan\u00a0aktivist oturaq etiraz aksiyas\u0131 ke\u00e7irir\",\"datePublished\":\"2025-04-09T13:30:46+00:00\",\"dateModified\":\"2025-04-09T13:55:53+00:00\",\"mainEntityOfPage\":{\"@id\":\"https:\\\/\\\/www.meydan.tv\\\/az\\\/article\\\/gender-aktivisti-t%c9%99kadamliq-oturaq-etiraz-aksiyasi-kecirir\\\/\"},\"wordCount\":702,\"publisher\":{\"@id\":\"https:\\\/\\\/www.meydan.tv\\\/az\\\/#organization\"},\"image\":{\"@id\":\"https:\\\/\\\/www.meydan.tv\\\/az\\\/article\\\/gender-aktivisti-t%c9%99kadamliq-oturaq-etiraz-aksiyasi-kecirir\\\/#primaryimage\"},\"thumbnailUrl\":\"https:\\\/\\\/www.meydan.tv\\\/wp-content\\\/uploads\\\/4432.png\",\"articleSection\":[\"Sosial\",\"T\u00f6vsiy\u0259\",\"X\u0259b\u0259rl\u0259r\"],\"inLanguage\":\"az\"},{\"@type\":\"WebPage\",\"@id\":\"https:\\\/\\\/www.meydan.tv\\\/az\\\/article\\\/gender-aktivisti-t%c9%99kadamliq-oturaq-etiraz-aksiyasi-kecirir\\\/\",\"url\":\"https:\\\/\\\/www.meydan.tv\\\/az\\\/article\\\/gender-aktivisti-t%c9%99kadamliq-oturaq-etiraz-aksiyasi-kecirir\\\/\",\"name\":\"Sosial sahibkarl\u0131qla m\u0259\u015f\u011ful olan\u00a0aktivist oturaq etiraz aksiyas\u0131 ke\u00e7irir - MEYDAN.TV\",\"isPartOf\":{\"@id\":\"https:\\\/\\\/www.meydan.tv\\\/az\\\/#website\"},\"primaryImageOfPage\":{\"@id\":\"https:\\\/\\\/www.meydan.tv\\\/az\\\/article\\\/gender-aktivisti-t%c9%99kadamliq-oturaq-etiraz-aksiyasi-kecirir\\\/#primaryimage\"},\"image\":{\"@id\":\"https:\\\/\\\/www.meydan.tv\\\/az\\\/article\\\/gender-aktivisti-t%c9%99kadamliq-oturaq-etiraz-aksiyasi-kecirir\\\/#primaryimage\"},\"thumbnailUrl\":\"https:\\\/\\\/www.meydan.tv\\\/wp-content\\\/uploads\\\/4432.png\",\"datePublished\":\"2025-04-09T13:30:46+00:00\",\"dateModified\":\"2025-04-09T13:55:53+00:00\",\"breadcrumb\":{\"@id\":\"https:\\\/\\\/www.meydan.tv\\\/az\\\/article\\\/gender-aktivisti-t%c9%99kadamliq-oturaq-etiraz-aksiyasi-kecirir\\\/#breadcrumb\"},\"inLanguage\":\"az\",\"potentialAction\":[{\"@type\":\"ReadAction\",\"target\":[\"https:\\\/\\\/www.meydan.tv\\\/az\\\/article\\\/gender-aktivisti-t%c9%99kadamliq-oturaq-etiraz-aksiyasi-kecirir\\\/\"]}]},{\"@type\":\"ImageObject\",\"inLanguage\":\"az\",\"@id\":\"https:\\\/\\\/www.meydan.tv\\\/az\\\/article\\\/gender-aktivisti-t%c9%99kadamliq-oturaq-etiraz-aksiyasi-kecirir\\\/#primaryimage\",\"url\":\"https:\\\/\\\/www.meydan.tv\\\/wp-content\\\/uploads\\\/4432.png\",\"contentUrl\":\"https:\\\/\\\/www.meydan.tv\\\/wp-content\\\/uploads\\\/4432.png\",\"width\":1179,\"height\":576,\"caption\":\"R\u0259biyy\u0259 M\u0259mm\u0259dova oturaq aksiya. Foto: Meydan TV\"},{\"@type\":\"BreadcrumbList\",\"@id\":\"https:\\\/\\\/www.meydan.tv\\\/az\\\/article\\\/gender-aktivisti-t%c9%99kadamliq-oturaq-etiraz-aksiyasi-kecirir\\\/#breadcrumb\",\"itemListElement\":[{\"@type\":\"ListItem\",\"position\":1,\"name\":\"Ana s\u0259hif\u0259\",\"item\":\"https:\\\/\\\/www.meydan.tv\\\/az\\\/\"},{\"@type\":\"ListItem\",\"position\":2,\"name\":\"Sosial\",\"item\":\"https:\\\/\\\/www.meydan.tv\\\/az\\\/section\\\/sosial\\\/\"},{\"@type\":\"ListItem\",\"position\":3,\"name\":\"Sosial sahibkarl\u0131qla m\u0259\u015f\u011ful olan\u00a0aktivist oturaq etiraz aksiyas\u0131 ke\u00e7irir\"}]},{\"@type\":\"WebSite\",\"@id\":\"https:\\\/\\\/www.meydan.tv\\\/az\\\/#website\",\"url\":\"https:\\\/\\\/www.meydan.tv\\\/az\\\/\",\"name\":\"MEYDAN.TV\",\"description\":\"Meydan TV Az\u0259rbaycan\u0131n media m\u0259kan\u0131ndak\u0131 alternativ s\u0259sidir\",\"publisher\":{\"@id\":\"https:\\\/\\\/www.meydan.tv\\\/az\\\/#organization\"},\"potentialAction\":[{\"@type\":\"SearchAction\",\"target\":{\"@type\":\"EntryPoint\",\"urlTemplate\":\"https:\\\/\\\/www.meydan.tv\\\/az\\\/?s={search_term_string}\"},\"query-input\":{\"@type\":\"PropertyValueSpecification\",\"valueRequired\":true,\"valueName\":\"search_term_string\"}}],\"inLanguage\":\"az\"},{\"@type\":\"Organization\",\"@id\":\"https:\\\/\\\/www.meydan.tv\\\/az\\\/#organization\",\"name\":\"Meydan TV\",\"url\":\"https:\\\/\\\/www.meydan.tv\\\/az\\\/\",\"logo\":{\"@type\":\"ImageObject\",\"inLanguage\":\"az\",\"@id\":\"https:\\\/\\\/www.meydan.tv\\\/az\\\/#\\\/schema\\\/logo\\\/image\\\/\",\"url\":\"https:\\\/\\\/www.meydan.tv\\\/wp-content\\\/uploads\\\/2021\\\/07\\\/meydan-logo.svg\",\"contentUrl\":\"https:\\\/\\\/www.meydan.tv\\\/wp-content\\\/uploads\\\/2021\\\/07\\\/meydan-logo.svg\",\"width\":195,\"height\":46,\"caption\":\"Meydan TV\"},\"image\":{\"@id\":\"https:\\\/\\\/www.meydan.tv\\\/az\\\/#\\\/schema\\\/logo\\\/image\\\/\"}},{\"@type\":\"Person\",\"@id\":\"https:\\\/\\\/www.meydan.tv\\\/az\\\/#\\\/schema\\\/person\\\/09863e516102a829e72bedcf3f84c6b0\",\"name\":\"mahmud\"}]}<\/script>\n<!-- \/ Yoast SEO plugin. -->","yoast_head_json":{"title":"Sosial sahibkarl\u0131qla m\u0259\u015f\u011ful olan\u00a0aktivist oturaq etiraz aksiyas\u0131 ke\u00e7irir - MEYDAN.TV","robots":{"index":"index","follow":"follow","max-snippet":"max-snippet:-1","max-image-preview":"max-image-preview:large","max-video-preview":"max-video-preview:-1"},"canonical":"https:\/\/www.meydan.tv\/az\/article\/gender-aktivisti-t%c9%99kadamliq-oturaq-etiraz-aksiyasi-kecirir\/","og_locale":"az_AZ","og_type":"article","og_title":"Sosial sahibkarl\u0131qla m\u0259\u015f\u011ful olan\u00a0aktivist oturaq etiraz aksiyas\u0131 ke\u00e7irir - MEYDAN.TV","og_description":"\u201cPolis binaya daxil olub, dedi ki, 15 min n\u0259dir, v\u0259t\u0259nda\u015f\u0131 ... Davam\u0131","og_url":"https:\/\/www.meydan.tv\/az\/article\/gender-aktivisti-t%c9%99kadamliq-oturaq-etiraz-aksiyasi-kecirir\/","og_site_name":"MEYDAN.TV","article_published_time":"2025-04-09T13:30:46+00:00","article_modified_time":"2025-04-09T13:55:53+00:00","og_image":[{"width":1179,"height":576,"url":"https:\/\/www.meydan.tv\/wp-content\/uploads\/4432.png","type":"image\/png"}],"author":"mahmud","twitter_card":"summary_large_image","schema":{"@context":"https:\/\/schema.org","@graph":[{"@type":"Article","@id":"https:\/\/www.meydan.tv\/az\/article\/gender-aktivisti-t%c9%99kadamliq-oturaq-etiraz-aksiyasi-kecirir\/#article","isPartOf":{"@id":"https:\/\/www.meydan.tv\/az\/article\/gender-aktivisti-t%c9%99kadamliq-oturaq-etiraz-aksiyasi-kecirir\/"},"author":{"name":"mahmud","@id":"https:\/\/www.meydan.tv\/az\/#\/schema\/person\/09863e516102a829e72bedcf3f84c6b0"},"headline":"Sosial sahibkarl\u0131qla m\u0259\u015f\u011ful olan\u00a0aktivist oturaq etiraz aksiyas\u0131 ke\u00e7irir","datePublished":"2025-04-09T13:30:46+00:00","dateModified":"2025-04-09T13:55:53+00:00","mainEntityOfPage":{"@id":"https:\/\/www.meydan.tv\/az\/article\/gender-aktivisti-t%c9%99kadamliq-oturaq-etiraz-aksiyasi-kecirir\/"},"wordCount":702,"publisher":{"@id":"https:\/\/www.meydan.tv\/az\/#organization"},"image":{"@id":"https:\/\/www.meydan.tv\/az\/article\/gender-aktivisti-t%c9%99kadamliq-oturaq-etiraz-aksiyasi-kecirir\/#primaryimage"},"thumbnailUrl":"https:\/\/www.meydan.tv\/wp-content\/uploads\/4432.png","articleSection":["Sosial","T\u00f6vsiy\u0259","X\u0259b\u0259rl\u0259r"],"inLanguage":"az"},{"@type":"WebPage","@id":"https:\/\/www.meydan.tv\/az\/article\/gender-aktivisti-t%c9%99kadamliq-oturaq-etiraz-aksiyasi-kecirir\/","url":"https:\/\/www.meydan.tv\/az\/article\/gender-aktivisti-t%c9%99kadamliq-oturaq-etiraz-aksiyasi-kecirir\/","name":"Sosial sahibkarl\u0131qla m\u0259\u015f\u011ful olan\u00a0aktivist oturaq etiraz aksiyas\u0131 ke\u00e7irir - MEYDAN.TV","isPartOf":{"@id":"https:\/\/www.meydan.tv\/az\/#website"},"primaryImageOfPage":{"@id":"https:\/\/www.meydan.tv\/az\/article\/gender-aktivisti-t%c9%99kadamliq-oturaq-etiraz-aksiyasi-kecirir\/#primaryimage"},"image":{"@id":"https:\/\/www.meydan.tv\/az\/article\/gender-aktivisti-t%c9%99kadamliq-oturaq-etiraz-aksiyasi-kecirir\/#primaryimage"},"thumbnailUrl":"https:\/\/www.meydan.tv\/wp-content\/uploads\/4432.png","datePublished":"2025-04-09T13:30:46+00:00","dateModified":"2025-04-09T13:55:53+00:00","breadcrumb":{"@id":"https:\/\/www.meydan.tv\/az\/article\/gender-aktivisti-t%c9%99kadamliq-oturaq-etiraz-aksiyasi-kecirir\/#breadcrumb"},"inLanguage":"az","potentialAction":[{"@type":"ReadAction","target":["https:\/\/www.meydan.tv\/az\/article\/gender-aktivisti-t%c9%99kadamliq-oturaq-etiraz-aksiyasi-kecirir\/"]}]},{"@type":"ImageObject","inLanguage":"az","@id":"https:\/\/www.meydan.tv\/az\/article\/gender-aktivisti-t%c9%99kadamliq-oturaq-etiraz-aksiyasi-kecirir\/#primaryimage","url":"https:\/\/www.meydan.tv\/wp-content\/uploads\/4432.png","contentUrl":"https:\/\/www.meydan.tv\/wp-content\/uploads\/4432.png","width":1179,"height":576,"caption":"R\u0259biyy\u0259 M\u0259mm\u0259dova oturaq aksiya. Foto: Meydan TV"},{"@type":"BreadcrumbList","@id":"https:\/\/www.meydan.tv\/az\/article\/gender-aktivisti-t%c9%99kadamliq-oturaq-etiraz-aksiyasi-kecirir\/#breadcrumb","itemListElement":[{"@type":"ListItem","position":1,"name":"Ana s\u0259hif\u0259","item":"https:\/\/www.meydan.tv\/az\/"},{"@type":"ListItem","position":2,"name":"Sosial","item":"https:\/\/www.meydan.tv\/az\/section\/sosial\/"},{"@type":"ListItem","position":3,"name":"Sosial sahibkarl\u0131qla m\u0259\u015f\u011ful olan\u00a0aktivist oturaq etiraz aksiyas\u0131 ke\u00e7irir"}]},{"@type":"WebSite","@id":"https:\/\/www.meydan.tv\/az\/#website","url":"https:\/\/www.meydan.tv\/az\/","name":"MEYDAN.TV","description":"Meydan TV Az\u0259rbaycan\u0131n media m\u0259kan\u0131ndak\u0131 alternativ s\u0259sidir","publisher":{"@id":"https:\/\/www.meydan.tv\/az\/#organization"},"potentialAction":[{"@type":"SearchAction","target":{"@type":"EntryPoint","urlTemplate":"https:\/\/www.meydan.tv\/az\/?s={search_term_string}"},"query-input":{"@type":"PropertyValueSpecification","valueRequired":true,"valueName":"search_term_string"}}],"inLanguage":"az"},{"@type":"Organization","@id":"https:\/\/www.meydan.tv\/az\/#organization","name":"Meydan TV","url":"https:\/\/www.meydan.tv\/az\/","logo":{"@type":"ImageObject","inLanguage":"az","@id":"https:\/\/www.meydan.tv\/az\/#\/schema\/logo\/image\/","url":"https:\/\/www.meydan.tv\/wp-content\/uploads\/2021\/07\/meydan-logo.svg","contentUrl":"https:\/\/www.meydan.tv\/wp-content\/uploads\/2021\/07\/meydan-logo.svg","width":195,"height":46,"caption":"Meydan TV"},"image":{"@id":"https:\/\/www.meydan.tv\/az\/#\/schema\/logo\/image\/"}},{"@type":"Person","@id":"https:\/\/www.meydan.tv\/az\/#\/schema\/person\/09863e516102a829e72bedcf3f84c6b0","name":"mahmud"}]}},"_links":{"self":[{"href":"https:\/\/www.meydan.tv\/az\/wp-json\/wp\/v2\/posts\/328663","targetHints":{"allow":["GET"]}}],"collection":[{"href":"https:\/\/www.meydan.tv\/az\/wp-json\/wp\/v2\/posts"}],"about":[{"href":"https:\/\/www.meydan.tv\/az\/wp-json\/wp\/v2\/types\/post"}],"author":[{"embeddable":true,"href":"https:\/\/www.meydan.tv\/az\/wp-json\/wp\/v2\/users\/21"}],"replies":[{"embeddable":true,"href":"https:\/\/www.meydan.tv\/az\/wp-json\/wp\/v2\/comments?post=328663"}],"version-history":[{"count":3,"href":"https:\/\/www.meydan.tv\/az\/wp-json\/wp\/v2\/posts\/328663\/revisions"}],"predecessor-version":[{"id":328679,"href":"https:\/\/www.meydan.tv\/az\/wp-json\/wp\/v2\/posts\/328663\/revisions\/328679"}],"wp:featuredmedia":[{"embeddable":true,"href":"https:\/\/www.meydan.tv\/az\/wp-json\/wp\/v2\/media\/328669"}],"wp:attachment":[{"href":"https:\/\/www.meydan.tv\/az\/wp-json\/wp\/v2\/media?parent=328663"}],"wp:term":[{"taxonomy":"category","embeddable":true,"href":"https:\/\/www.meydan.tv\/az\/wp-json\/wp\/v2\/categories?post=328663"},{"taxonomy":"post_tag","embeddable":true,"href":"https:\/\/www.meydan.tv\/az\/wp-json\/wp\/v2\/tags?post=328663"}],"curies":[{"name":"wp","href":"https:\/\/api.w.org\/{rel}","templated":true}]}}