{"id":328634,"date":"2025-04-09T16:18:13","date_gmt":"2025-04-09T12:18:13","guid":{"rendered":"https:\/\/www.meydan.tv\/?p=328634"},"modified":"2025-04-09T16:30:53","modified_gmt":"2025-04-09T12:30:53","slug":"yardimlida-8-ci-sinif-sagirdin%c9%99-qarsi-cinsi-zorakiliq-oldugu-deyilir","status":"publish","type":"post","link":"https:\/\/www.meydan.tv\/az\/article\/yardimlida-8-ci-sinif-sagirdin%c9%99-qarsi-cinsi-zorakiliq-oldugu-deyilir\/","title":{"rendered":"Yard\u0131ml\u0131da 8-ci sinif \u015fagirdin\u0259 qar\u015f\u0131 cinsi zorak\u0131l\u0131q oldu\u011fu deyilir"},"content":{"rendered":"\n<p><\/p>\n\n\n\n<p><strong><em>4 n\u0259f\u0259r h\u0259bs edilib, azya\u015fl\u0131n\u0131n anas\u0131na cinay\u0259t i\u015fi a\u00e7\u0131l\u0131b<\/em><\/strong><\/p>\n\n\n\n<p>Yard\u0131ml\u0131da m\u0259kt\u0259bliy\u0259 qar\u015f\u0131 cinsi zorak\u0131l\u0131q fakt\u0131n\u0131n qeyd\u0259 al\u0131nd\u0131\u011f\u0131 bildirilir.<\/p>\n\n\n\n<p>Bu bar\u0259d\u0259 Az\u0259rbaycan U\u015faqlar\u0131 Birliyinin s\u0259dri K\u0259mal\u0259 A\u011fazad\u0259 <a href=\"https:\/\/www.instagram.com\/p\/DIOJeRvsYXE\/\" target=\"_blank\" rel=\"noreferrer noopener\">m\u0259lumat yay\u0131b<\/a>.<\/p>\n\n\n\n<p>Onun s\u00f6zl\u0259rin\u0259 g\u00f6r\u0259, Yard\u0131ml\u0131 rayonunda 8-ci sinif \u015fagirdin\u0259 qar\u015f\u0131 cinsi zorak\u0131l\u0131q v\u0259 seks i\u015f\u00e7iliyin\u0259 c\u0259lb edilm\u0259 il\u0259 ba\u011fl\u0131 Daxili \u0130\u015fl\u0259r Nazirliyinin \u0259m\u0259kda\u015flar\u0131 t\u0259r\u0259find\u0259n d\u00f6rd n\u0259f\u0259r h\u0259bs edilib.<\/p>\n\n\n\n<p>H\u0259m\u00e7inin azya\u015fl\u0131n\u0131n anas\u0131na CM-nin 171-ci madd\u0259si il\u0259 (yetkinlik ya\u015f\u0131na \u00e7atmayanlar\u0131 fahi\u015f\u0259liy\u0259, pornoqrafiya tama\u015falar\u0131nda i\u015ftirak etm\u0259y\u0259 v\u0259 ya dig\u0259r\u00a0\u0259xlaqs\u0131z \u0259m\u0259ll\u0259r\u0259 c\u0259lb etm\u0259) cinay\u0259t i\u015fi a\u00e7\u0131l\u0131b. Dig\u0259r \u015f\u00fcbh\u0259li \u015f\u0259xsl\u0259rl\u0259 ba\u011fl\u0131 da istintaq i\u015fi apar\u0131l\u0131r.<\/p>\n\n\n\n<p><em>\u201cAzya\u015fl\u0131 reabilitasiyaya c\u0259lb edil\u0259c\u0259k, s\u0131\u011f\u0131naca\u011fa yerl\u0259\u015fdiril\u0259c\u0259k\u201d,<\/em> &#8211; K\u0259mal\u0259 A\u011fazad\u0259 deyib.<\/p>\n\n\n\n<p>Daxili \u0130\u015fl\u0259r Nazirliyinin m\u0259tbuat xidm\u0259tinin L\u0259nk\u0259ran regional qrupu fakt\u0131<a href=\"https:\/\/report.az\/hadise\/yardimlida-azyasliya-qarsi-cinsi-zorakiliq-ve-fahiseliye-celb-edilme-fakti-ile-bagli-4-nefer-hebs-edilib-anasi-da-cinayet-isi-acilib\/\" target=\"_blank\" rel=\"noreferrer noopener\"> t\u0259sdiql\u0259yib.<\/a><\/p>\n\n\n\n<p>Qeyd olunub ki, faktla ba\u011fl\u0131 ba\u015flan\u0131lan cinay\u0259t i\u015fi \u00fczr\u0259 istintaq h\u0259r\u0259k\u0259tl\u0259ri davam etdirilir. Hadis\u0259nin t\u0259f\u0259rr\u00fcatlar\u0131 a\u00e7\u0131qlanmay\u0131b.<\/p>\n\n\n\n<p>Ail\u0259, Qad\u0131n v\u0259 U\u015faq Probleml\u0259ri \u00fczr\u0259 D\u00f6vl\u0259t Komit\u0259sinin U\u015faq m\u0259s\u0259l\u0259l\u0259ri \u015f\u00f6b\u0259sinin \u0259m\u0259kda\u015f\u0131 \u015e\u0259bn\u0259m C\u0259f\u0259rova is\u0259 <a href=\"https:\/\/report.az\/hadise\/yardimlida-cinsi-zorakiliga-meruz-qalan-azyasli-qiza-ve-qardasina-qeyyum-teyin-edilib\/\" target=\"_blank\" rel=\"noreferrer noopener\">bildirib<\/a> ki, cinsi zorak\u0131l\u0131\u011fa m\u0259ruz qalan azya\u015fl\u0131 q\u0131za v\u0259 qarda\u015f\u0131na q\u0259yyum t\u0259yin edilib.<\/p>\n\n\n\n<p>O qeyd edib ki, h\u0259r iki azya\u015fl\u0131 Bak\u0131dak\u0131 s\u0131\u011f\u0131nacaqlardan birin\u0259 yerl\u0259\u015fdiril\u0259c\u0259k:<\/p>\n\n\n\n<p><em>\u201cHaz\u0131rda ba\u015f vermi\u015f hadis\u0259 il\u0259 ba\u011fl\u0131 istintaq t\u0259dbirl\u0259ri h\u0259yata ke\u00e7irilir. H\u0259r iki u\u015faq yetkinlik ya\u015f\u0131na \u00e7atmay\u0131b. Cinsi zorak\u0131l\u0131\u011fa m\u0259ruz qalan yaln\u0131z q\u0131z u\u015fa\u011f\u0131d\u0131r. Buna baxmayaraq, azya\u015fl\u0131 oldu\u011fundan h\u0259r iki u\u015fa\u011fa q\u0259yyum t\u0259yin edilib. Azya\u015fl\u0131n\u0131n anas\u0131 v\u0259 \u00f6gey atas\u0131 t\u0259qsirl\u0259ndiril\u0259n \u015f\u0259xsl\u0259r s\u0131ras\u0131ndad\u0131r. U\u015faqlar\u0131n bioloji atas\u0131 is\u0259 h\u0259yatda deyil\u201d.<\/em><\/p>\n","protected":false},"excerpt":{"rendered":"<p>4 n\u0259f\u0259r h\u0259bs edilib, azya\u015fl\u0131n\u0131n anas\u0131na cinay\u0259t i\u015fi a\u00e7\u0131l\u0131b Yard\u0131ml\u0131da &#8230; <\/p>\n<p class=\"read-more-container\"><a title=\"Yard\u0131ml\u0131da 8-ci sinif \u015fagirdin\u0259 qar\u015f\u0131 cinsi zorak\u0131l\u0131q oldu\u011fu deyilir\" class=\"read-more button\" href=\"https:\/\/www.meydan.tv\/az\/article\/yardimlida-8-ci-sinif-sagirdin%c9%99-qarsi-cinsi-zorakiliq-oldugu-deyilir\/#more-328634\" aria-label=\"Read more about Yard\u0131ml\u0131da 8-ci sinif \u015fagirdin\u0259 qar\u015f\u0131 cinsi zorak\u0131l\u0131q oldu\u011fu deyilir\">Davam\u0131<\/a><\/p>\n","protected":false},"author":21,"featured_media":255404,"comment_status":"closed","ping_status":"closed","sticky":false,"template":"","format":"standard","meta":{"_acf_changed":false,"_sitemap_exclude":false,"_sitemap_priority":"","_sitemap_frequency":"","footnotes":""},"categories":[62,79,56],"tags":[],"class_list":["post-328634","post","type-post","status-publish","format-standard","has-post-thumbnail","hentry","category-sosial","category-featured","category-xeberler","infinite-scroll-item","generate-columns","tablet-grid-50","mobile-grid-100","grid-parent","grid-33","no-featured-image-padding"],"acf":[],"yoast_head":"<!-- This site is optimized with the Yoast SEO plugin v27.4 - https:\/\/yoast.com\/product\/yoast-seo-wordpress\/ -->\n<title>Yard\u0131ml\u0131da 8-ci sinif \u015fagirdin\u0259 qar\u015f\u0131 cinsi zorak\u0131l\u0131q oldu\u011fu deyilir - MEYDAN.TV<\/title>\n<meta name=\"robots\" content=\"index, follow, max-snippet:-1, max-image-preview:large, max-video-preview:-1\" \/>\n<link rel=\"canonical\" href=\"https:\/\/www.meydan.tv\/az\/article\/yardimlida-8-ci-sinif-sagirdin%c9%99-qarsi-cinsi-zorakiliq-oldugu-deyilir\/\" \/>\n<meta property=\"og:locale\" content=\"az_AZ\" \/>\n<meta property=\"og:type\" content=\"article\" \/>\n<meta property=\"og:title\" content=\"Yard\u0131ml\u0131da 8-ci sinif \u015fagirdin\u0259 qar\u015f\u0131 cinsi zorak\u0131l\u0131q oldu\u011fu deyilir - MEYDAN.TV\" \/>\n<meta property=\"og:description\" content=\"4 n\u0259f\u0259r h\u0259bs edilib, azya\u015fl\u0131n\u0131n anas\u0131na cinay\u0259t i\u015fi a\u00e7\u0131l\u0131b Yard\u0131ml\u0131da ... Davam\u0131\" \/>\n<meta property=\"og:url\" content=\"https:\/\/www.meydan.tv\/az\/article\/yardimlida-8-ci-sinif-sagirdin%c9%99-qarsi-cinsi-zorakiliq-oldugu-deyilir\/\" \/>\n<meta property=\"og:site_name\" content=\"MEYDAN.TV\" \/>\n<meta property=\"article:published_time\" content=\"2025-04-09T12:18:13+00:00\" \/>\n<meta property=\"article:modified_time\" content=\"2025-04-09T12:30:53+00:00\" \/>\n<meta property=\"og:image\" content=\"https:\/\/www.meydan.tv\/wp-content\/uploads\/eaaaa287-0a2d-4e29-a805-0f0dd43df43c.jpeg\" \/>\n\t<meta property=\"og:image:width\" content=\"1200\" \/>\n\t<meta property=\"og:image:height\" content=\"675\" \/>\n\t<meta property=\"og:image:type\" content=\"image\/jpeg\" \/>\n<meta name=\"author\" content=\"mahmud\" \/>\n<meta name=\"twitter:card\" content=\"summary_large_image\" \/>\n<script type=\"application\/ld+json\" class=\"yoast-schema-graph\">{\"@context\":\"https:\\\/\\\/schema.org\",\"@graph\":[{\"@type\":\"Article\",\"@id\":\"https:\\\/\\\/www.meydan.tv\\\/az\\\/article\\\/yardimlida-8-ci-sinif-sagirdin%c9%99-qarsi-cinsi-zorakiliq-oldugu-deyilir\\\/#article\",\"isPartOf\":{\"@id\":\"https:\\\/\\\/www.meydan.tv\\\/az\\\/article\\\/yardimlida-8-ci-sinif-sagirdin%c9%99-qarsi-cinsi-zorakiliq-oldugu-deyilir\\\/\"},\"author\":{\"name\":\"mahmud\",\"@id\":\"https:\\\/\\\/www.meydan.tv\\\/az\\\/#\\\/schema\\\/person\\\/09863e516102a829e72bedcf3f84c6b0\"},\"headline\":\"Yard\u0131ml\u0131da 8-ci sinif \u015fagirdin\u0259 qar\u015f\u0131 cinsi zorak\u0131l\u0131q oldu\u011fu deyilir\",\"datePublished\":\"2025-04-09T12:18:13+00:00\",\"dateModified\":\"2025-04-09T12:30:53+00:00\",\"mainEntityOfPage\":{\"@id\":\"https:\\\/\\\/www.meydan.tv\\\/az\\\/article\\\/yardimlida-8-ci-sinif-sagirdin%c9%99-qarsi-cinsi-zorakiliq-oldugu-deyilir\\\/\"},\"wordCount\":401,\"publisher\":{\"@id\":\"https:\\\/\\\/www.meydan.tv\\\/az\\\/#organization\"},\"image\":{\"@id\":\"https:\\\/\\\/www.meydan.tv\\\/az\\\/article\\\/yardimlida-8-ci-sinif-sagirdin%c9%99-qarsi-cinsi-zorakiliq-oldugu-deyilir\\\/#primaryimage\"},\"thumbnailUrl\":\"https:\\\/\\\/www.meydan.tv\\\/wp-content\\\/uploads\\\/eaaaa287-0a2d-4e29-a805-0f0dd43df43c.jpeg\",\"articleSection\":[\"Sosial\",\"T\u00f6vsiy\u0259\",\"X\u0259b\u0259rl\u0259r\"],\"inLanguage\":\"az\"},{\"@type\":\"WebPage\",\"@id\":\"https:\\\/\\\/www.meydan.tv\\\/az\\\/article\\\/yardimlida-8-ci-sinif-sagirdin%c9%99-qarsi-cinsi-zorakiliq-oldugu-deyilir\\\/\",\"url\":\"https:\\\/\\\/www.meydan.tv\\\/az\\\/article\\\/yardimlida-8-ci-sinif-sagirdin%c9%99-qarsi-cinsi-zorakiliq-oldugu-deyilir\\\/\",\"name\":\"Yard\u0131ml\u0131da 8-ci sinif \u015fagirdin\u0259 qar\u015f\u0131 cinsi zorak\u0131l\u0131q oldu\u011fu deyilir - MEYDAN.TV\",\"isPartOf\":{\"@id\":\"https:\\\/\\\/www.meydan.tv\\\/az\\\/#website\"},\"primaryImageOfPage\":{\"@id\":\"https:\\\/\\\/www.meydan.tv\\\/az\\\/article\\\/yardimlida-8-ci-sinif-sagirdin%c9%99-qarsi-cinsi-zorakiliq-oldugu-deyilir\\\/#primaryimage\"},\"image\":{\"@id\":\"https:\\\/\\\/www.meydan.tv\\\/az\\\/article\\\/yardimlida-8-ci-sinif-sagirdin%c9%99-qarsi-cinsi-zorakiliq-oldugu-deyilir\\\/#primaryimage\"},\"thumbnailUrl\":\"https:\\\/\\\/www.meydan.tv\\\/wp-content\\\/uploads\\\/eaaaa287-0a2d-4e29-a805-0f0dd43df43c.jpeg\",\"datePublished\":\"2025-04-09T12:18:13+00:00\",\"dateModified\":\"2025-04-09T12:30:53+00:00\",\"breadcrumb\":{\"@id\":\"https:\\\/\\\/www.meydan.tv\\\/az\\\/article\\\/yardimlida-8-ci-sinif-sagirdin%c9%99-qarsi-cinsi-zorakiliq-oldugu-deyilir\\\/#breadcrumb\"},\"inLanguage\":\"az\",\"potentialAction\":[{\"@type\":\"ReadAction\",\"target\":[\"https:\\\/\\\/www.meydan.tv\\\/az\\\/article\\\/yardimlida-8-ci-sinif-sagirdin%c9%99-qarsi-cinsi-zorakiliq-oldugu-deyilir\\\/\"]}]},{\"@type\":\"ImageObject\",\"inLanguage\":\"az\",\"@id\":\"https:\\\/\\\/www.meydan.tv\\\/az\\\/article\\\/yardimlida-8-ci-sinif-sagirdin%c9%99-qarsi-cinsi-zorakiliq-oldugu-deyilir\\\/#primaryimage\",\"url\":\"https:\\\/\\\/www.meydan.tv\\\/wp-content\\\/uploads\\\/eaaaa287-0a2d-4e29-a805-0f0dd43df43c.jpeg\",\"contentUrl\":\"https:\\\/\\\/www.meydan.tv\\\/wp-content\\\/uploads\\\/eaaaa287-0a2d-4e29-a805-0f0dd43df43c.jpeg\",\"width\":1200,\"height\":675,\"caption\":\"\u0130ll\u00fcstrasiya: Meydan TV\"},{\"@type\":\"BreadcrumbList\",\"@id\":\"https:\\\/\\\/www.meydan.tv\\\/az\\\/article\\\/yardimlida-8-ci-sinif-sagirdin%c9%99-qarsi-cinsi-zorakiliq-oldugu-deyilir\\\/#breadcrumb\",\"itemListElement\":[{\"@type\":\"ListItem\",\"position\":1,\"name\":\"Ana s\u0259hif\u0259\",\"item\":\"https:\\\/\\\/www.meydan.tv\\\/az\\\/\"},{\"@type\":\"ListItem\",\"position\":2,\"name\":\"Sosial\",\"item\":\"https:\\\/\\\/www.meydan.tv\\\/az\\\/section\\\/sosial\\\/\"},{\"@type\":\"ListItem\",\"position\":3,\"name\":\"Yard\u0131ml\u0131da 8-ci sinif \u015fagirdin\u0259 qar\u015f\u0131 cinsi zorak\u0131l\u0131q oldu\u011fu deyilir\"}]},{\"@type\":\"WebSite\",\"@id\":\"https:\\\/\\\/www.meydan.tv\\\/az\\\/#website\",\"url\":\"https:\\\/\\\/www.meydan.tv\\\/az\\\/\",\"name\":\"MEYDAN.TV\",\"description\":\"Meydan TV Az\u0259rbaycan\u0131n media m\u0259kan\u0131ndak\u0131 alternativ s\u0259sidir\",\"publisher\":{\"@id\":\"https:\\\/\\\/www.meydan.tv\\\/az\\\/#organization\"},\"potentialAction\":[{\"@type\":\"SearchAction\",\"target\":{\"@type\":\"EntryPoint\",\"urlTemplate\":\"https:\\\/\\\/www.meydan.tv\\\/az\\\/?s={search_term_string}\"},\"query-input\":{\"@type\":\"PropertyValueSpecification\",\"valueRequired\":true,\"valueName\":\"search_term_string\"}}],\"inLanguage\":\"az\"},{\"@type\":\"Organization\",\"@id\":\"https:\\\/\\\/www.meydan.tv\\\/az\\\/#organization\",\"name\":\"Meydan TV\",\"url\":\"https:\\\/\\\/www.meydan.tv\\\/az\\\/\",\"logo\":{\"@type\":\"ImageObject\",\"inLanguage\":\"az\",\"@id\":\"https:\\\/\\\/www.meydan.tv\\\/az\\\/#\\\/schema\\\/logo\\\/image\\\/\",\"url\":\"https:\\\/\\\/www.meydan.tv\\\/wp-content\\\/uploads\\\/2021\\\/07\\\/meydan-logo.svg\",\"contentUrl\":\"https:\\\/\\\/www.meydan.tv\\\/wp-content\\\/uploads\\\/2021\\\/07\\\/meydan-logo.svg\",\"width\":195,\"height\":46,\"caption\":\"Meydan TV\"},\"image\":{\"@id\":\"https:\\\/\\\/www.meydan.tv\\\/az\\\/#\\\/schema\\\/logo\\\/image\\\/\"}},{\"@type\":\"Person\",\"@id\":\"https:\\\/\\\/www.meydan.tv\\\/az\\\/#\\\/schema\\\/person\\\/09863e516102a829e72bedcf3f84c6b0\",\"name\":\"mahmud\"}]}<\/script>\n<!-- \/ Yoast SEO plugin. -->","yoast_head_json":{"title":"Yard\u0131ml\u0131da 8-ci sinif \u015fagirdin\u0259 qar\u015f\u0131 cinsi zorak\u0131l\u0131q oldu\u011fu deyilir - MEYDAN.TV","robots":{"index":"index","follow":"follow","max-snippet":"max-snippet:-1","max-image-preview":"max-image-preview:large","max-video-preview":"max-video-preview:-1"},"canonical":"https:\/\/www.meydan.tv\/az\/article\/yardimlida-8-ci-sinif-sagirdin%c9%99-qarsi-cinsi-zorakiliq-oldugu-deyilir\/","og_locale":"az_AZ","og_type":"article","og_title":"Yard\u0131ml\u0131da 8-ci sinif \u015fagirdin\u0259 qar\u015f\u0131 cinsi zorak\u0131l\u0131q oldu\u011fu deyilir - MEYDAN.TV","og_description":"4 n\u0259f\u0259r h\u0259bs edilib, azya\u015fl\u0131n\u0131n anas\u0131na cinay\u0259t i\u015fi a\u00e7\u0131l\u0131b Yard\u0131ml\u0131da ... Davam\u0131","og_url":"https:\/\/www.meydan.tv\/az\/article\/yardimlida-8-ci-sinif-sagirdin%c9%99-qarsi-cinsi-zorakiliq-oldugu-deyilir\/","og_site_name":"MEYDAN.TV","article_published_time":"2025-04-09T12:18:13+00:00","article_modified_time":"2025-04-09T12:30:53+00:00","og_image":[{"width":1200,"height":675,"url":"https:\/\/www.meydan.tv\/wp-content\/uploads\/eaaaa287-0a2d-4e29-a805-0f0dd43df43c.jpeg","type":"image\/jpeg"}],"author":"mahmud","twitter_card":"summary_large_image","schema":{"@context":"https:\/\/schema.org","@graph":[{"@type":"Article","@id":"https:\/\/www.meydan.tv\/az\/article\/yardimlida-8-ci-sinif-sagirdin%c9%99-qarsi-cinsi-zorakiliq-oldugu-deyilir\/#article","isPartOf":{"@id":"https:\/\/www.meydan.tv\/az\/article\/yardimlida-8-ci-sinif-sagirdin%c9%99-qarsi-cinsi-zorakiliq-oldugu-deyilir\/"},"author":{"name":"mahmud","@id":"https:\/\/www.meydan.tv\/az\/#\/schema\/person\/09863e516102a829e72bedcf3f84c6b0"},"headline":"Yard\u0131ml\u0131da 8-ci sinif \u015fagirdin\u0259 qar\u015f\u0131 cinsi zorak\u0131l\u0131q oldu\u011fu deyilir","datePublished":"2025-04-09T12:18:13+00:00","dateModified":"2025-04-09T12:30:53+00:00","mainEntityOfPage":{"@id":"https:\/\/www.meydan.tv\/az\/article\/yardimlida-8-ci-sinif-sagirdin%c9%99-qarsi-cinsi-zorakiliq-oldugu-deyilir\/"},"wordCount":401,"publisher":{"@id":"https:\/\/www.meydan.tv\/az\/#organization"},"image":{"@id":"https:\/\/www.meydan.tv\/az\/article\/yardimlida-8-ci-sinif-sagirdin%c9%99-qarsi-cinsi-zorakiliq-oldugu-deyilir\/#primaryimage"},"thumbnailUrl":"https:\/\/www.meydan.tv\/wp-content\/uploads\/eaaaa287-0a2d-4e29-a805-0f0dd43df43c.jpeg","articleSection":["Sosial","T\u00f6vsiy\u0259","X\u0259b\u0259rl\u0259r"],"inLanguage":"az"},{"@type":"WebPage","@id":"https:\/\/www.meydan.tv\/az\/article\/yardimlida-8-ci-sinif-sagirdin%c9%99-qarsi-cinsi-zorakiliq-oldugu-deyilir\/","url":"https:\/\/www.meydan.tv\/az\/article\/yardimlida-8-ci-sinif-sagirdin%c9%99-qarsi-cinsi-zorakiliq-oldugu-deyilir\/","name":"Yard\u0131ml\u0131da 8-ci sinif \u015fagirdin\u0259 qar\u015f\u0131 cinsi zorak\u0131l\u0131q oldu\u011fu deyilir - MEYDAN.TV","isPartOf":{"@id":"https:\/\/www.meydan.tv\/az\/#website"},"primaryImageOfPage":{"@id":"https:\/\/www.meydan.tv\/az\/article\/yardimlida-8-ci-sinif-sagirdin%c9%99-qarsi-cinsi-zorakiliq-oldugu-deyilir\/#primaryimage"},"image":{"@id":"https:\/\/www.meydan.tv\/az\/article\/yardimlida-8-ci-sinif-sagirdin%c9%99-qarsi-cinsi-zorakiliq-oldugu-deyilir\/#primaryimage"},"thumbnailUrl":"https:\/\/www.meydan.tv\/wp-content\/uploads\/eaaaa287-0a2d-4e29-a805-0f0dd43df43c.jpeg","datePublished":"2025-04-09T12:18:13+00:00","dateModified":"2025-04-09T12:30:53+00:00","breadcrumb":{"@id":"https:\/\/www.meydan.tv\/az\/article\/yardimlida-8-ci-sinif-sagirdin%c9%99-qarsi-cinsi-zorakiliq-oldugu-deyilir\/#breadcrumb"},"inLanguage":"az","potentialAction":[{"@type":"ReadAction","target":["https:\/\/www.meydan.tv\/az\/article\/yardimlida-8-ci-sinif-sagirdin%c9%99-qarsi-cinsi-zorakiliq-oldugu-deyilir\/"]}]},{"@type":"ImageObject","inLanguage":"az","@id":"https:\/\/www.meydan.tv\/az\/article\/yardimlida-8-ci-sinif-sagirdin%c9%99-qarsi-cinsi-zorakiliq-oldugu-deyilir\/#primaryimage","url":"https:\/\/www.meydan.tv\/wp-content\/uploads\/eaaaa287-0a2d-4e29-a805-0f0dd43df43c.jpeg","contentUrl":"https:\/\/www.meydan.tv\/wp-content\/uploads\/eaaaa287-0a2d-4e29-a805-0f0dd43df43c.jpeg","width":1200,"height":675,"caption":"\u0130ll\u00fcstrasiya: Meydan TV"},{"@type":"BreadcrumbList","@id":"https:\/\/www.meydan.tv\/az\/article\/yardimlida-8-ci-sinif-sagirdin%c9%99-qarsi-cinsi-zorakiliq-oldugu-deyilir\/#breadcrumb","itemListElement":[{"@type":"ListItem","position":1,"name":"Ana s\u0259hif\u0259","item":"https:\/\/www.meydan.tv\/az\/"},{"@type":"ListItem","position":2,"name":"Sosial","item":"https:\/\/www.meydan.tv\/az\/section\/sosial\/"},{"@type":"ListItem","position":3,"name":"Yard\u0131ml\u0131da 8-ci sinif \u015fagirdin\u0259 qar\u015f\u0131 cinsi zorak\u0131l\u0131q oldu\u011fu deyilir"}]},{"@type":"WebSite","@id":"https:\/\/www.meydan.tv\/az\/#website","url":"https:\/\/www.meydan.tv\/az\/","name":"MEYDAN.TV","description":"Meydan TV Az\u0259rbaycan\u0131n media m\u0259kan\u0131ndak\u0131 alternativ s\u0259sidir","publisher":{"@id":"https:\/\/www.meydan.tv\/az\/#organization"},"potentialAction":[{"@type":"SearchAction","target":{"@type":"EntryPoint","urlTemplate":"https:\/\/www.meydan.tv\/az\/?s={search_term_string}"},"query-input":{"@type":"PropertyValueSpecification","valueRequired":true,"valueName":"search_term_string"}}],"inLanguage":"az"},{"@type":"Organization","@id":"https:\/\/www.meydan.tv\/az\/#organization","name":"Meydan TV","url":"https:\/\/www.meydan.tv\/az\/","logo":{"@type":"ImageObject","inLanguage":"az","@id":"https:\/\/www.meydan.tv\/az\/#\/schema\/logo\/image\/","url":"https:\/\/www.meydan.tv\/wp-content\/uploads\/2021\/07\/meydan-logo.svg","contentUrl":"https:\/\/www.meydan.tv\/wp-content\/uploads\/2021\/07\/meydan-logo.svg","width":195,"height":46,"caption":"Meydan TV"},"image":{"@id":"https:\/\/www.meydan.tv\/az\/#\/schema\/logo\/image\/"}},{"@type":"Person","@id":"https:\/\/www.meydan.tv\/az\/#\/schema\/person\/09863e516102a829e72bedcf3f84c6b0","name":"mahmud"}]}},"_links":{"self":[{"href":"https:\/\/www.meydan.tv\/az\/wp-json\/wp\/v2\/posts\/328634","targetHints":{"allow":["GET"]}}],"collection":[{"href":"https:\/\/www.meydan.tv\/az\/wp-json\/wp\/v2\/posts"}],"about":[{"href":"https:\/\/www.meydan.tv\/az\/wp-json\/wp\/v2\/types\/post"}],"author":[{"embeddable":true,"href":"https:\/\/www.meydan.tv\/az\/wp-json\/wp\/v2\/users\/21"}],"replies":[{"embeddable":true,"href":"https:\/\/www.meydan.tv\/az\/wp-json\/wp\/v2\/comments?post=328634"}],"version-history":[{"count":4,"href":"https:\/\/www.meydan.tv\/az\/wp-json\/wp\/v2\/posts\/328634\/revisions"}],"predecessor-version":[{"id":328652,"href":"https:\/\/www.meydan.tv\/az\/wp-json\/wp\/v2\/posts\/328634\/revisions\/328652"}],"wp:featuredmedia":[{"embeddable":true,"href":"https:\/\/www.meydan.tv\/az\/wp-json\/wp\/v2\/media\/255404"}],"wp:attachment":[{"href":"https:\/\/www.meydan.tv\/az\/wp-json\/wp\/v2\/media?parent=328634"}],"wp:term":[{"taxonomy":"category","embeddable":true,"href":"https:\/\/www.meydan.tv\/az\/wp-json\/wp\/v2\/categories?post=328634"},{"taxonomy":"post_tag","embeddable":true,"href":"https:\/\/www.meydan.tv\/az\/wp-json\/wp\/v2\/tags?post=328634"}],"curies":[{"name":"wp","href":"https:\/\/api.w.org\/{rel}","templated":true}]}}