{"id":328559,"date":"2025-04-08T20:00:30","date_gmt":"2025-04-08T16:00:30","guid":{"rendered":"https:\/\/www.meydan.tv\/?p=328559"},"modified":"2025-04-08T20:00:32","modified_gmt":"2025-04-08T16:00:32","slug":"mohy%c9%99ddin-orucovun-h%c9%99bsxanada-s%c9%99hh%c9%99tinin-pisl%c9%99sdiyi-deyilir","status":"publish","type":"post","link":"https:\/\/www.meydan.tv\/az\/article\/mohy%c9%99ddin-orucovun-h%c9%99bsxanada-s%c9%99hh%c9%99tinin-pisl%c9%99sdiyi-deyilir\/","title":{"rendered":"M\u00f6hy\u0259ddin Orucovun h\u0259bsxanada s\u0259hh\u0259tinin pisl\u0259\u015fdiyi deyilir"},"content":{"rendered":"\n<p><\/p>\n\n\n\n<p><strong><em>Anas\u0131n\u0131n bildirdiyin\u0259 g\u00f6r\u0259, o\u011flunun a\u011fr\u0131lar\u0131 d\u00f6z\u00fclm\u0259z d\u0259r\u0259c\u0259d\u0259 \u015fidd\u0259tl\u0259nib, v\u0259ziyy\u0259ti a\u011f\u0131rla\u015f\u0131b<\/em><\/strong><\/p>\n\n\n\n<p>\u201c\u0130\u015f\u00e7i Masas\u0131\u201d H\u0259mkarlar \u0130ttifaqlar\u0131 Konfederasiyas\u0131n\u0131n h\u0259bsd\u0259 olan \u00fczv\u00fc M\u00f6hy\u0259ddin Orucovun saxlan\u0131ld\u0131\u011f\u0131 t\u0259cridxanada s\u0259hh\u0259tinin pisl\u0259\u015fdiyi deyilir.<\/p>\n\n\n\n<p>Anas\u0131 T\u0259ran\u0259 Orucovan\u0131n bildirdiyin\u0259 g\u00f6r\u0259, o\u011flunun a\u011fr\u0131lar\u0131 d\u00f6z\u00fclm\u0259z d\u0259r\u0259c\u0259d\u0259 \u015fidd\u0259tl\u0259nib, v\u0259ziyy\u0259ti a\u011f\u0131rla\u015f\u0131b.<\/p>\n\n\n\n<p><em>\u201cTutulandan polis b\u00f6lm\u0259sind\u0259 onun b\u00f6yr\u0259yind\u0259 probleml\u0259r yaratm\u0131\u015fd\u0131lar. Bir b\u00f6yr\u0259yind\u0259 geni\u015fl\u0259nm\u0259, dig\u0259rind\u0259 kristal var. O vaxtdan d\u0259rmanlarla onun a\u011fr\u0131lar\u0131n\u0131 k\u0259sm\u0259y\u0259, yax\u015f\u0131la\u015fd\u0131rma\u011fa \u00e7al\u0131\u015f\u0131rd\u0131q. Hara m\u00fcraci\u0259t ets\u0259k d\u0259, m\u00fcalic\u0259 edilmirdi. M\u00f6hy\u0259ddinin a\u011fr\u0131lar\u0131 \u015fidd\u0259tl\u0259nib, d\u00f6z\u0259 bilmir v\u0259 art\u0131q cana doyub. O ist\u0259yir ki, yalandan yox, ciddi \u015f\u0259kild\u0259 m\u00fcayin\u0259 v\u0259 m\u00fcalic\u0259 olunsun. Deyir ki, yeriy\u0259nd\u0259 az qal\u0131r n\u0259f\u0259si dayans\u0131n, h\u0259r a\u011fr\u0131lar\u0131 \u015fidd\u0259tl\u0259n\u0259nd\u0259 yalandan iki a\u011fr\u0131k\u0259sici d\u0259rman verirl\u0259r v\u0259 bununla da problem h\u0259ll olunmur\u201d, &#8211;<\/em> T\u0259ran\u0259 Orucova deyib.<\/p>\n\n\n\n<p>\u0130ctimai f\u0259al\u0131n anas\u0131 bildirib ki, o\u011flu saxland\u0131\u011f\u0131 3 sayl\u0131 \u0130stintaq T\u0259cridxanas\u0131nda qeyri-insani r\u0259ftara m\u0259ruz qal\u0131r, d\u00fczg\u00fcn m\u00fcalic\u0259 il\u0259 ba\u011fl\u0131 m\u00fcraci\u0259tl\u0259rin\u0259 is\u0259 \u0259h\u0259miyy\u0259t verilmir:<\/p>\n\n\n\n<p><em>\u201cM\u0259d\u0259sind\u0259 d\u0259 da\u015fla\u015fma gedir. D\u00f6rd n\u0259f\u0259rlik kamerada on \u00fc\u00e7 adamla saxlay\u0131rlar, bunlarda insanl\u0131q yoxdur. Kameralar\u0131 n\u0259mi\u015flikdir. 3 sayl\u0131 \u0130stintaq T\u0259cridxanas\u0131nda heyvan da saxlan\u0131lmaz, amma bunlar insanlar\u0131 doldurub orada saxlay\u0131rlar\u201d.<\/em><\/p>\n\n\n\n<p>\u018fdliyy\u0259 Nazirliyinin Ba\u015f Tibb \u0130dar\u0259si m\u0259hkumlar\u0131n s\u0259hh\u0259til\u0259 ba\u011fl\u0131 m\u0259lumatlar\u0131 ancaq onlar\u0131n yax\u0131nlar\u0131 il\u0259 b\u00f6l\u00fc\u015f\u0259 bil\u0259c\u0259kl\u0259rini bildirib.<\/p>\n\n\n\n<p>M\u00f6hy\u0259ddin Orucov ilk d\u0259f\u0259 2023-c\u00fc ilin oktyabr\u0131nda polis\u0259 tabe olmamaq ittiham\u0131 il\u0259 inzibati qaydada 30 sutka h\u0259bs edilib. Azadl\u0131\u011fa burax\u0131landan q\u0131sa m\u00fcdd\u0259t sonra \u2013 dekabr\u0131n 13-d\u0259 yenid\u0259n saxlan\u0131l\u0131b.<\/p>\n\n\n\n<p>Ona qar\u015f\u0131 Cinay\u0259t M\u0259c\u0259ll\u0259sinin 234.4.3-c\u00fc madd\u0259si il\u0259 (narkotik vasit\u0259l\u0259ri, psixotrop madd\u0259l\u0259ri v\u0259 ya onlar\u0131n prekursorlar\u0131n\u0131 haz\u0131rlama, istehsal etm\u0259, \u0259ld\u0259 etm\u0259, saxlama, da\u015f\u0131ma, g\u00f6nd\u0259rm\u0259 v\u0259 ya satma k\u00fclli miqdarda t\u00f6r\u0259dildikd\u0259) ittiham ir\u0259li s\u00fcr\u00fcl\u00fcb. O itithamlar\u0131 q\u0259bul etm\u0259yib, h\u0259bsinin siyasi f\u0259aliyy\u0259til\u0259 ba\u011fl\u0131 oldu\u011funu bildirib.<\/p>\n\n\n\n<p>O m\u0259hk\u0259m\u0259d\u0259ki ifad\u0259sind\u0259 deyib ki, anbardar i\u015fl\u0259diyi \u201cATEF\u201d \u015eirk\u0259tl\u0259r Qrupunda \u0259m\u0259kda\u015flar\u0131n h\u00fcquqlar\u0131n\u0131n pozulmas\u0131 haqda \u015fikay\u0259tl\u0259rin\u0259 g\u00f6r\u0259 \u0259vv\u0259lc\u0259 inzibati qaydada h\u0259bs olunub. Azadl\u0131\u011fa burax\u0131l\u0131b Suraxan\u0131 rayonu 32-ci polis b\u00f6lm\u0259sind\u0259 ba\u015f ver\u0259nl\u0259rl\u0259 ba\u011fl\u0131 m\u00fcsahib\u0259 ver\u0259nd\u0259n sonra \u015firk\u0259t r\u0259hb\u0259rliyi il\u0259 polisin i\u015f birliyi n\u0259tic\u0259sind\u0259 yenid\u0259n h\u0259bs olunub.<\/p>\n\n\n\n<p>Bak\u0131 A\u011f\u0131r Cinay\u0259tl\u0259r M\u0259hk\u0259m\u0259si ona qar\u015f\u0131 ittihamlar\u0131 qism\u0259n y\u00fcng\u00fcll\u0259\u015fdirib v\u0259 f\u0259al bar\u0259sind\u0259 3 il azadl\u0131qdan m\u0259hrumetm\u0259 c\u0259zas\u0131 \u00e7\u0131xar\u0131l\u0131b.<\/p>\n","protected":false},"excerpt":{"rendered":"<p>Anas\u0131n\u0131n bildirdiyin\u0259 g\u00f6r\u0259, o\u011flunun a\u011fr\u0131lar\u0131 d\u00f6z\u00fclm\u0259z d\u0259r\u0259c\u0259d\u0259 \u015fidd\u0259tl\u0259nib, v\u0259ziyy\u0259ti a\u011f\u0131rla\u015f\u0131b &#8230; <\/p>\n<p class=\"read-more-container\"><a title=\"M\u00f6hy\u0259ddin Orucovun h\u0259bsxanada s\u0259hh\u0259tinin pisl\u0259\u015fdiyi deyilir\" class=\"read-more button\" href=\"https:\/\/www.meydan.tv\/az\/article\/mohy%c9%99ddin-orucovun-h%c9%99bsxanada-s%c9%99hh%c9%99tinin-pisl%c9%99sdiyi-deyilir\/#more-328559\" aria-label=\"Read more about M\u00f6hy\u0259ddin Orucovun h\u0259bsxanada s\u0259hh\u0259tinin pisl\u0259\u015fdiyi deyilir\">Davam\u0131<\/a><\/p>\n","protected":false},"author":21,"featured_media":292820,"comment_status":"closed","ping_status":"closed","sticky":false,"template":"","format":"standard","meta":{"_acf_changed":false,"_sitemap_exclude":false,"_sitemap_priority":"","_sitemap_frequency":"","footnotes":""},"categories":[59,79,56],"tags":[],"class_list":["post-328559","post","type-post","status-publish","format-standard","has-post-thumbnail","hentry","category-siyaset","category-featured","category-xeberler","infinite-scroll-item","generate-columns","tablet-grid-50","mobile-grid-100","grid-parent","grid-33","no-featured-image-padding"],"acf":[],"yoast_head":"<!-- This site is optimized with the Yoast SEO plugin v27.5 - https:\/\/yoast.com\/product\/yoast-seo-wordpress\/ -->\n<title>M\u00f6hy\u0259ddin Orucovun h\u0259bsxanada s\u0259hh\u0259tinin pisl\u0259\u015fdiyi deyilir - MEYDAN.TV<\/title>\n<meta name=\"robots\" content=\"index, follow, max-snippet:-1, max-image-preview:large, max-video-preview:-1\" \/>\n<link rel=\"canonical\" href=\"https:\/\/www.meydan.tv\/az\/article\/mohy%c9%99ddin-orucovun-h%c9%99bsxanada-s%c9%99hh%c9%99tinin-pisl%c9%99sdiyi-deyilir\/\" \/>\n<meta property=\"og:locale\" content=\"az_AZ\" \/>\n<meta property=\"og:type\" content=\"article\" \/>\n<meta property=\"og:title\" content=\"M\u00f6hy\u0259ddin Orucovun h\u0259bsxanada s\u0259hh\u0259tinin pisl\u0259\u015fdiyi deyilir - MEYDAN.TV\" \/>\n<meta property=\"og:description\" content=\"Anas\u0131n\u0131n bildirdiyin\u0259 g\u00f6r\u0259, o\u011flunun a\u011fr\u0131lar\u0131 d\u00f6z\u00fclm\u0259z d\u0259r\u0259c\u0259d\u0259 \u015fidd\u0259tl\u0259nib, v\u0259ziyy\u0259ti a\u011f\u0131rla\u015f\u0131b ... Davam\u0131\" \/>\n<meta property=\"og:url\" content=\"https:\/\/www.meydan.tv\/az\/article\/mohy%c9%99ddin-orucovun-h%c9%99bsxanada-s%c9%99hh%c9%99tinin-pisl%c9%99sdiyi-deyilir\/\" \/>\n<meta property=\"og:site_name\" content=\"MEYDAN.TV\" \/>\n<meta property=\"article:published_time\" content=\"2025-04-08T16:00:30+00:00\" \/>\n<meta property=\"article:modified_time\" content=\"2025-04-08T16:00:32+00:00\" \/>\n<meta property=\"og:image\" content=\"https:\/\/www.meydan.tv\/wp-content\/uploads\/screenshot-2023-12-13-at-16.52.30.png\" \/>\n\t<meta property=\"og:image:width\" content=\"1872\" \/>\n\t<meta property=\"og:image:height\" content=\"964\" \/>\n\t<meta property=\"og:image:type\" content=\"image\/png\" \/>\n<meta name=\"author\" content=\"mahmud\" \/>\n<meta name=\"twitter:card\" content=\"summary_large_image\" \/>\n<script type=\"application\/ld+json\" class=\"yoast-schema-graph\">{\"@context\":\"https:\\\/\\\/schema.org\",\"@graph\":[{\"@type\":\"Article\",\"@id\":\"https:\\\/\\\/www.meydan.tv\\\/az\\\/article\\\/mohy%c9%99ddin-orucovun-h%c9%99bsxanada-s%c9%99hh%c9%99tinin-pisl%c9%99sdiyi-deyilir\\\/#article\",\"isPartOf\":{\"@id\":\"https:\\\/\\\/www.meydan.tv\\\/az\\\/article\\\/mohy%c9%99ddin-orucovun-h%c9%99bsxanada-s%c9%99hh%c9%99tinin-pisl%c9%99sdiyi-deyilir\\\/\"},\"author\":{\"name\":\"mahmud\",\"@id\":\"https:\\\/\\\/www.meydan.tv\\\/az\\\/#\\\/schema\\\/person\\\/09863e516102a829e72bedcf3f84c6b0\"},\"headline\":\"M\u00f6hy\u0259ddin Orucovun h\u0259bsxanada s\u0259hh\u0259tinin pisl\u0259\u015fdiyi deyilir\",\"datePublished\":\"2025-04-08T16:00:30+00:00\",\"dateModified\":\"2025-04-08T16:00:32+00:00\",\"mainEntityOfPage\":{\"@id\":\"https:\\\/\\\/www.meydan.tv\\\/az\\\/article\\\/mohy%c9%99ddin-orucovun-h%c9%99bsxanada-s%c9%99hh%c9%99tinin-pisl%c9%99sdiyi-deyilir\\\/\"},\"wordCount\":562,\"publisher\":{\"@id\":\"https:\\\/\\\/www.meydan.tv\\\/az\\\/#organization\"},\"image\":{\"@id\":\"https:\\\/\\\/www.meydan.tv\\\/az\\\/article\\\/mohy%c9%99ddin-orucovun-h%c9%99bsxanada-s%c9%99hh%c9%99tinin-pisl%c9%99sdiyi-deyilir\\\/#primaryimage\"},\"thumbnailUrl\":\"https:\\\/\\\/www.meydan.tv\\\/wp-content\\\/uploads\\\/screenshot-2023-12-13-at-16.52.30.png\",\"articleSection\":[\"Siyas\u0259t\",\"T\u00f6vsiy\u0259\",\"X\u0259b\u0259rl\u0259r\"],\"inLanguage\":\"az\"},{\"@type\":\"WebPage\",\"@id\":\"https:\\\/\\\/www.meydan.tv\\\/az\\\/article\\\/mohy%c9%99ddin-orucovun-h%c9%99bsxanada-s%c9%99hh%c9%99tinin-pisl%c9%99sdiyi-deyilir\\\/\",\"url\":\"https:\\\/\\\/www.meydan.tv\\\/az\\\/article\\\/mohy%c9%99ddin-orucovun-h%c9%99bsxanada-s%c9%99hh%c9%99tinin-pisl%c9%99sdiyi-deyilir\\\/\",\"name\":\"M\u00f6hy\u0259ddin Orucovun h\u0259bsxanada s\u0259hh\u0259tinin pisl\u0259\u015fdiyi deyilir - MEYDAN.TV\",\"isPartOf\":{\"@id\":\"https:\\\/\\\/www.meydan.tv\\\/az\\\/#website\"},\"primaryImageOfPage\":{\"@id\":\"https:\\\/\\\/www.meydan.tv\\\/az\\\/article\\\/mohy%c9%99ddin-orucovun-h%c9%99bsxanada-s%c9%99hh%c9%99tinin-pisl%c9%99sdiyi-deyilir\\\/#primaryimage\"},\"image\":{\"@id\":\"https:\\\/\\\/www.meydan.tv\\\/az\\\/article\\\/mohy%c9%99ddin-orucovun-h%c9%99bsxanada-s%c9%99hh%c9%99tinin-pisl%c9%99sdiyi-deyilir\\\/#primaryimage\"},\"thumbnailUrl\":\"https:\\\/\\\/www.meydan.tv\\\/wp-content\\\/uploads\\\/screenshot-2023-12-13-at-16.52.30.png\",\"datePublished\":\"2025-04-08T16:00:30+00:00\",\"dateModified\":\"2025-04-08T16:00:32+00:00\",\"breadcrumb\":{\"@id\":\"https:\\\/\\\/www.meydan.tv\\\/az\\\/article\\\/mohy%c9%99ddin-orucovun-h%c9%99bsxanada-s%c9%99hh%c9%99tinin-pisl%c9%99sdiyi-deyilir\\\/#breadcrumb\"},\"inLanguage\":\"az\",\"potentialAction\":[{\"@type\":\"ReadAction\",\"target\":[\"https:\\\/\\\/www.meydan.tv\\\/az\\\/article\\\/mohy%c9%99ddin-orucovun-h%c9%99bsxanada-s%c9%99hh%c9%99tinin-pisl%c9%99sdiyi-deyilir\\\/\"]}]},{\"@type\":\"ImageObject\",\"inLanguage\":\"az\",\"@id\":\"https:\\\/\\\/www.meydan.tv\\\/az\\\/article\\\/mohy%c9%99ddin-orucovun-h%c9%99bsxanada-s%c9%99hh%c9%99tinin-pisl%c9%99sdiyi-deyilir\\\/#primaryimage\",\"url\":\"https:\\\/\\\/www.meydan.tv\\\/wp-content\\\/uploads\\\/screenshot-2023-12-13-at-16.52.30.png\",\"contentUrl\":\"https:\\\/\\\/www.meydan.tv\\\/wp-content\\\/uploads\\\/screenshot-2023-12-13-at-16.52.30.png\",\"width\":1872,\"height\":964,\"caption\":\"M\u00f6hy\u0259ddin Orucov, Foto: \u015f\u0259xsi facebook s\u0259hif\u0259si\"},{\"@type\":\"BreadcrumbList\",\"@id\":\"https:\\\/\\\/www.meydan.tv\\\/az\\\/article\\\/mohy%c9%99ddin-orucovun-h%c9%99bsxanada-s%c9%99hh%c9%99tinin-pisl%c9%99sdiyi-deyilir\\\/#breadcrumb\",\"itemListElement\":[{\"@type\":\"ListItem\",\"position\":1,\"name\":\"Ana s\u0259hif\u0259\",\"item\":\"https:\\\/\\\/www.meydan.tv\\\/az\\\/\"},{\"@type\":\"ListItem\",\"position\":2,\"name\":\"Siyas\u0259t\",\"item\":\"https:\\\/\\\/www.meydan.tv\\\/az\\\/section\\\/siyaset\\\/\"},{\"@type\":\"ListItem\",\"position\":3,\"name\":\"M\u00f6hy\u0259ddin Orucovun h\u0259bsxanada s\u0259hh\u0259tinin pisl\u0259\u015fdiyi deyilir\"}]},{\"@type\":\"WebSite\",\"@id\":\"https:\\\/\\\/www.meydan.tv\\\/az\\\/#website\",\"url\":\"https:\\\/\\\/www.meydan.tv\\\/az\\\/\",\"name\":\"MEYDAN.TV\",\"description\":\"Meydan TV Az\u0259rbaycan\u0131n media m\u0259kan\u0131ndak\u0131 alternativ s\u0259sidir\",\"publisher\":{\"@id\":\"https:\\\/\\\/www.meydan.tv\\\/az\\\/#organization\"},\"potentialAction\":[{\"@type\":\"SearchAction\",\"target\":{\"@type\":\"EntryPoint\",\"urlTemplate\":\"https:\\\/\\\/www.meydan.tv\\\/az\\\/?s={search_term_string}\"},\"query-input\":{\"@type\":\"PropertyValueSpecification\",\"valueRequired\":true,\"valueName\":\"search_term_string\"}}],\"inLanguage\":\"az\"},{\"@type\":\"Organization\",\"@id\":\"https:\\\/\\\/www.meydan.tv\\\/az\\\/#organization\",\"name\":\"Meydan TV\",\"url\":\"https:\\\/\\\/www.meydan.tv\\\/az\\\/\",\"logo\":{\"@type\":\"ImageObject\",\"inLanguage\":\"az\",\"@id\":\"https:\\\/\\\/www.meydan.tv\\\/az\\\/#\\\/schema\\\/logo\\\/image\\\/\",\"url\":\"https:\\\/\\\/www.meydan.tv\\\/wp-content\\\/uploads\\\/2021\\\/07\\\/meydan-logo.svg\",\"contentUrl\":\"https:\\\/\\\/www.meydan.tv\\\/wp-content\\\/uploads\\\/2021\\\/07\\\/meydan-logo.svg\",\"width\":195,\"height\":46,\"caption\":\"Meydan TV\"},\"image\":{\"@id\":\"https:\\\/\\\/www.meydan.tv\\\/az\\\/#\\\/schema\\\/logo\\\/image\\\/\"}},{\"@type\":\"Person\",\"@id\":\"https:\\\/\\\/www.meydan.tv\\\/az\\\/#\\\/schema\\\/person\\\/09863e516102a829e72bedcf3f84c6b0\",\"name\":\"mahmud\"}]}<\/script>\n<!-- \/ Yoast SEO plugin. -->","yoast_head_json":{"title":"M\u00f6hy\u0259ddin Orucovun h\u0259bsxanada s\u0259hh\u0259tinin pisl\u0259\u015fdiyi deyilir - MEYDAN.TV","robots":{"index":"index","follow":"follow","max-snippet":"max-snippet:-1","max-image-preview":"max-image-preview:large","max-video-preview":"max-video-preview:-1"},"canonical":"https:\/\/www.meydan.tv\/az\/article\/mohy%c9%99ddin-orucovun-h%c9%99bsxanada-s%c9%99hh%c9%99tinin-pisl%c9%99sdiyi-deyilir\/","og_locale":"az_AZ","og_type":"article","og_title":"M\u00f6hy\u0259ddin Orucovun h\u0259bsxanada s\u0259hh\u0259tinin pisl\u0259\u015fdiyi deyilir - MEYDAN.TV","og_description":"Anas\u0131n\u0131n bildirdiyin\u0259 g\u00f6r\u0259, o\u011flunun a\u011fr\u0131lar\u0131 d\u00f6z\u00fclm\u0259z d\u0259r\u0259c\u0259d\u0259 \u015fidd\u0259tl\u0259nib, v\u0259ziyy\u0259ti a\u011f\u0131rla\u015f\u0131b ... Davam\u0131","og_url":"https:\/\/www.meydan.tv\/az\/article\/mohy%c9%99ddin-orucovun-h%c9%99bsxanada-s%c9%99hh%c9%99tinin-pisl%c9%99sdiyi-deyilir\/","og_site_name":"MEYDAN.TV","article_published_time":"2025-04-08T16:00:30+00:00","article_modified_time":"2025-04-08T16:00:32+00:00","og_image":[{"width":1872,"height":964,"url":"https:\/\/www.meydan.tv\/wp-content\/uploads\/screenshot-2023-12-13-at-16.52.30.png","type":"image\/png"}],"author":"mahmud","twitter_card":"summary_large_image","schema":{"@context":"https:\/\/schema.org","@graph":[{"@type":"Article","@id":"https:\/\/www.meydan.tv\/az\/article\/mohy%c9%99ddin-orucovun-h%c9%99bsxanada-s%c9%99hh%c9%99tinin-pisl%c9%99sdiyi-deyilir\/#article","isPartOf":{"@id":"https:\/\/www.meydan.tv\/az\/article\/mohy%c9%99ddin-orucovun-h%c9%99bsxanada-s%c9%99hh%c9%99tinin-pisl%c9%99sdiyi-deyilir\/"},"author":{"name":"mahmud","@id":"https:\/\/www.meydan.tv\/az\/#\/schema\/person\/09863e516102a829e72bedcf3f84c6b0"},"headline":"M\u00f6hy\u0259ddin Orucovun h\u0259bsxanada s\u0259hh\u0259tinin pisl\u0259\u015fdiyi deyilir","datePublished":"2025-04-08T16:00:30+00:00","dateModified":"2025-04-08T16:00:32+00:00","mainEntityOfPage":{"@id":"https:\/\/www.meydan.tv\/az\/article\/mohy%c9%99ddin-orucovun-h%c9%99bsxanada-s%c9%99hh%c9%99tinin-pisl%c9%99sdiyi-deyilir\/"},"wordCount":562,"publisher":{"@id":"https:\/\/www.meydan.tv\/az\/#organization"},"image":{"@id":"https:\/\/www.meydan.tv\/az\/article\/mohy%c9%99ddin-orucovun-h%c9%99bsxanada-s%c9%99hh%c9%99tinin-pisl%c9%99sdiyi-deyilir\/#primaryimage"},"thumbnailUrl":"https:\/\/www.meydan.tv\/wp-content\/uploads\/screenshot-2023-12-13-at-16.52.30.png","articleSection":["Siyas\u0259t","T\u00f6vsiy\u0259","X\u0259b\u0259rl\u0259r"],"inLanguage":"az"},{"@type":"WebPage","@id":"https:\/\/www.meydan.tv\/az\/article\/mohy%c9%99ddin-orucovun-h%c9%99bsxanada-s%c9%99hh%c9%99tinin-pisl%c9%99sdiyi-deyilir\/","url":"https:\/\/www.meydan.tv\/az\/article\/mohy%c9%99ddin-orucovun-h%c9%99bsxanada-s%c9%99hh%c9%99tinin-pisl%c9%99sdiyi-deyilir\/","name":"M\u00f6hy\u0259ddin Orucovun h\u0259bsxanada s\u0259hh\u0259tinin pisl\u0259\u015fdiyi deyilir - MEYDAN.TV","isPartOf":{"@id":"https:\/\/www.meydan.tv\/az\/#website"},"primaryImageOfPage":{"@id":"https:\/\/www.meydan.tv\/az\/article\/mohy%c9%99ddin-orucovun-h%c9%99bsxanada-s%c9%99hh%c9%99tinin-pisl%c9%99sdiyi-deyilir\/#primaryimage"},"image":{"@id":"https:\/\/www.meydan.tv\/az\/article\/mohy%c9%99ddin-orucovun-h%c9%99bsxanada-s%c9%99hh%c9%99tinin-pisl%c9%99sdiyi-deyilir\/#primaryimage"},"thumbnailUrl":"https:\/\/www.meydan.tv\/wp-content\/uploads\/screenshot-2023-12-13-at-16.52.30.png","datePublished":"2025-04-08T16:00:30+00:00","dateModified":"2025-04-08T16:00:32+00:00","breadcrumb":{"@id":"https:\/\/www.meydan.tv\/az\/article\/mohy%c9%99ddin-orucovun-h%c9%99bsxanada-s%c9%99hh%c9%99tinin-pisl%c9%99sdiyi-deyilir\/#breadcrumb"},"inLanguage":"az","potentialAction":[{"@type":"ReadAction","target":["https:\/\/www.meydan.tv\/az\/article\/mohy%c9%99ddin-orucovun-h%c9%99bsxanada-s%c9%99hh%c9%99tinin-pisl%c9%99sdiyi-deyilir\/"]}]},{"@type":"ImageObject","inLanguage":"az","@id":"https:\/\/www.meydan.tv\/az\/article\/mohy%c9%99ddin-orucovun-h%c9%99bsxanada-s%c9%99hh%c9%99tinin-pisl%c9%99sdiyi-deyilir\/#primaryimage","url":"https:\/\/www.meydan.tv\/wp-content\/uploads\/screenshot-2023-12-13-at-16.52.30.png","contentUrl":"https:\/\/www.meydan.tv\/wp-content\/uploads\/screenshot-2023-12-13-at-16.52.30.png","width":1872,"height":964,"caption":"M\u00f6hy\u0259ddin Orucov, Foto: \u015f\u0259xsi facebook s\u0259hif\u0259si"},{"@type":"BreadcrumbList","@id":"https:\/\/www.meydan.tv\/az\/article\/mohy%c9%99ddin-orucovun-h%c9%99bsxanada-s%c9%99hh%c9%99tinin-pisl%c9%99sdiyi-deyilir\/#breadcrumb","itemListElement":[{"@type":"ListItem","position":1,"name":"Ana s\u0259hif\u0259","item":"https:\/\/www.meydan.tv\/az\/"},{"@type":"ListItem","position":2,"name":"Siyas\u0259t","item":"https:\/\/www.meydan.tv\/az\/section\/siyaset\/"},{"@type":"ListItem","position":3,"name":"M\u00f6hy\u0259ddin Orucovun h\u0259bsxanada s\u0259hh\u0259tinin pisl\u0259\u015fdiyi deyilir"}]},{"@type":"WebSite","@id":"https:\/\/www.meydan.tv\/az\/#website","url":"https:\/\/www.meydan.tv\/az\/","name":"MEYDAN.TV","description":"Meydan TV Az\u0259rbaycan\u0131n media m\u0259kan\u0131ndak\u0131 alternativ s\u0259sidir","publisher":{"@id":"https:\/\/www.meydan.tv\/az\/#organization"},"potentialAction":[{"@type":"SearchAction","target":{"@type":"EntryPoint","urlTemplate":"https:\/\/www.meydan.tv\/az\/?s={search_term_string}"},"query-input":{"@type":"PropertyValueSpecification","valueRequired":true,"valueName":"search_term_string"}}],"inLanguage":"az"},{"@type":"Organization","@id":"https:\/\/www.meydan.tv\/az\/#organization","name":"Meydan TV","url":"https:\/\/www.meydan.tv\/az\/","logo":{"@type":"ImageObject","inLanguage":"az","@id":"https:\/\/www.meydan.tv\/az\/#\/schema\/logo\/image\/","url":"https:\/\/www.meydan.tv\/wp-content\/uploads\/2021\/07\/meydan-logo.svg","contentUrl":"https:\/\/www.meydan.tv\/wp-content\/uploads\/2021\/07\/meydan-logo.svg","width":195,"height":46,"caption":"Meydan TV"},"image":{"@id":"https:\/\/www.meydan.tv\/az\/#\/schema\/logo\/image\/"}},{"@type":"Person","@id":"https:\/\/www.meydan.tv\/az\/#\/schema\/person\/09863e516102a829e72bedcf3f84c6b0","name":"mahmud"}]}},"_links":{"self":[{"href":"https:\/\/www.meydan.tv\/az\/wp-json\/wp\/v2\/posts\/328559","targetHints":{"allow":["GET"]}}],"collection":[{"href":"https:\/\/www.meydan.tv\/az\/wp-json\/wp\/v2\/posts"}],"about":[{"href":"https:\/\/www.meydan.tv\/az\/wp-json\/wp\/v2\/types\/post"}],"author":[{"embeddable":true,"href":"https:\/\/www.meydan.tv\/az\/wp-json\/wp\/v2\/users\/21"}],"replies":[{"embeddable":true,"href":"https:\/\/www.meydan.tv\/az\/wp-json\/wp\/v2\/comments?post=328559"}],"version-history":[{"count":1,"href":"https:\/\/www.meydan.tv\/az\/wp-json\/wp\/v2\/posts\/328559\/revisions"}],"predecessor-version":[{"id":328560,"href":"https:\/\/www.meydan.tv\/az\/wp-json\/wp\/v2\/posts\/328559\/revisions\/328560"}],"wp:featuredmedia":[{"embeddable":true,"href":"https:\/\/www.meydan.tv\/az\/wp-json\/wp\/v2\/media\/292820"}],"wp:attachment":[{"href":"https:\/\/www.meydan.tv\/az\/wp-json\/wp\/v2\/media?parent=328559"}],"wp:term":[{"taxonomy":"category","embeddable":true,"href":"https:\/\/www.meydan.tv\/az\/wp-json\/wp\/v2\/categories?post=328559"},{"taxonomy":"post_tag","embeddable":true,"href":"https:\/\/www.meydan.tv\/az\/wp-json\/wp\/v2\/tags?post=328559"}],"curies":[{"name":"wp","href":"https:\/\/api.w.org\/{rel}","templated":true}]}}