{"id":328510,"date":"2025-04-07T19:03:21","date_gmt":"2025-04-07T15:03:21","guid":{"rendered":"https:\/\/www.meydan.tv\/?p=328510"},"modified":"2025-04-07T19:12:24","modified_gmt":"2025-04-07T15:12:24","slug":"tofiq-yaqublunun-s%c9%99hh%c9%99tinin-agirlasdigi-bildirilir","status":"publish","type":"post","link":"https:\/\/www.meydan.tv\/az\/article\/tofiq-yaqublunun-s%c9%99hh%c9%99tinin-agirlasdigi-bildirilir\/","title":{"rendered":"Tofiq Yaqublunun s\u0259hh\u0259tinin a\u011f\u0131rla\u015fd\u0131\u011f\u0131 bildirilir"},"content":{"rendered":"\n<p><\/p>\n\n\n\n<p><strong><em>Onun \u00f6z h\u0259kimi Adil Qeybulla t\u0259r\u0259find\u0259n m\u00fcayin\u0259 olunmas\u0131 \u00fc\u00e7\u00fcn Penitensiar Xidm\u0259t\u0259 m\u00fcraci\u0259t edilib<\/em><\/strong><\/p>\n\n\n\n<p>T\u0259cridxanada 7 g\u00fcnd\u00fcr acl\u0131q aksiyas\u0131 ed\u0259n Milli \u015euran\u0131n v\u0259 M\u00fcsavat Partiyas\u0131n\u0131n \u00fczv\u00fc Tofiq Yaqublunun s\u0259hh\u0259tinin a\u011f\u0131rla\u015fd\u0131\u011f\u0131 bildirilir.<\/p>\n\n\n\n<p>Bu bar\u0259d\u0259 onun v\u0259kili F\u0259xr\u0259ddin Mehdiyev m\u0259lumat verib.<\/p>\n\n\n\n<p><em>\u201cTofiq Yaqublu yeriy\u0259nd\u0259 s\u0259nd\u0259l\u0259yir, r\u0259ngi avaz\u0131y\u0131b. S\u0259hh\u0259tind\u0259 a\u011f\u0131rla\u015fma davam ed\u0259c\u0259k. O, 6 kilo \u00e7\u0259ki itirib\u201d,<\/em> &#8211; v\u0259kili <a href=\"https:\/\/www.facebook.com\/share\/v\/1E4yPR2YJM\/\">deyib<\/a>.<\/p>\n\n\n\n<p>\u018fdliyy\u0259 Nazirliyinin Penitensiar Xidm\u0259ti v\u0259kilin a\u00e7\u0131qlamas\u0131na h\u0259l\u0259 ki, m\u00fcnasib\u0259t bildirm\u0259yib.<\/p>\n\n\n\n<p>Q\u0131z\u0131 Nigar H\u0259zi is\u0259 qeyd edib ki, Tofiq Yaqublu bildirib ki, \u0259vv\u0259lki acl\u0131q aksiyalar\u0131 il\u0259 m\u00fcqayis\u0259d\u0259 bu d\u0259f\u0259 daha s\u00fcr\u0259tli \u00e7\u0259ki itirib:<\/p>\n\n\n\n<p><em>\u201cTofiq Yaqublunun \u00f6d kis\u0259si yoxdur v\u0259 s\u0259hh\u0259tind\u0259 ciddi probleml\u0259r var. 6 g\u00fcn\u0259 6 kq \u00e7\u0259ki itirm\u0259k onu dem\u0259y\u0259 \u0259sas verir ki, Tofiq Yaqublunun h\u0259yat\u0131 t\u0259hl\u00fck\u0259d\u0259dir<\/em><em>\u201d.<\/em><\/p>\n\n\n\n<p>Dig\u0259r v\u0259kili Nem\u0259t K\u0259rimli is\u0259 bildirib ki, Tofiq Yaqublunun h\u0259kimi Adil Qeybulla t\u0259r\u0259find\u0259n m\u00fcayin\u0259 olunmas\u0131 \u00fc\u00e7\u00fcn Penitensiar Xidm\u0259t\u0259 m\u00fcraci\u0259t <a href=\"https:\/\/www.facebook.com\/share\/p\/1B6peheY9i\/\">edib<\/a>.<\/p>\n\n\n\n<p>Tofiq Yaqublu 2023-c\u00fc il dekabr\u0131n 14-d\u0259 h\u0259bs edilib. Ona qar\u015f\u0131 Cinay\u0259t M\u0259c\u0259ll\u0259sinin 178.3.2-ci (D\u0259l\u0259duzluq \u2013 k\u00fclli miqdarda ziyan vurmaqla t\u00f6r\u0259dildikd\u0259), 320-ci (R\u0259smi s\u0259n\u0259dl\u0259ri, d\u00f6vl\u0259t t\u0259ltifl\u0259rini, m\u00f6h\u00fcrl\u0259ri, \u015ftamplar\u0131, blanklar\u0131 saxtala\u015fd\u0131rma, qanunsuz haz\u0131rlama, satma v\u0259 ya saxta s\u0259n\u0259dl\u0259rd\u0259n istifad\u0259 etm\u0259), 320.1-ci (H\u00fcquq ver\u0259n v\u0259 ya v\u0259zif\u0259d\u0259n azad ed\u0259n v\u0259siq\u0259ni v\u0259 ya dig\u0259r r\u0259smi s\u0259n\u0259di istifad\u0259 etm\u0259k m\u0259qs\u0259di il\u0259 saxtala\u015fd\u0131rma v\u0259 ya qanunsuz haz\u0131rlama, yaxud bu c\u00fcr s\u0259n\u0259di satma, habel\u0259 eyni m\u0259qs\u0259dl\u0259 Az\u0259rbaycan Respublikas\u0131n\u0131n saxta d\u00f6vl\u0259t t\u0259ltifini, \u015ftamp\u0131, m\u00f6h\u00fcr\u00fc, blank\u0131 haz\u0131rlama v\u0259 ya satma) v\u0259 320.2-ci (Bu M\u0259c\u0259ll\u0259nin 320.1-ci madd\u0259sind\u0259 g\u00f6st\u0259rilmi\u015f bil\u0259-bil\u0259 saxta s\u0259n\u0259dl\u0259rd\u0259n istifad\u0259 etm\u0259) madd\u0259l\u0259ri il\u0259 ittiham ir\u0259li s\u00fcr\u00fcl\u00fcb.<\/p>\n\n\n\n<p>\u0130ttihama g\u00f6r\u0259, El\u015f\u0259n H\u00fcseynov adl\u0131 \u015f\u0259xsin Almaniyaya gedib, orada v\u0259t\u0259nda\u015fl\u0131q almas\u0131 \u00fc\u00e7\u00fcn Elnur M\u0259mm\u0259dov vasit\u0259sil\u0259 Tofiq Yaqubluya 25 min avro v\u0259 10 min manat pul verilib.<\/p>\n\n\n\n<p>Tofiq Yaqublu is\u0259 bu ittiham\u0131n saxta oldu\u011funu he\u00e7 kimd\u0259n bir manat da pul almad\u0131\u011f\u0131n\u0131 bildirir.<\/p>\n\n\n\n<p>Siyas\u0259t\u00e7i El\u015f\u0259n H\u00fcseynov v\u0259 ya Elnur M\u0259mm\u0259dovla bu haqda bel\u0259 bir s\u00f6hb\u0259tinin olmad\u0131\u011f\u0131n\u0131 deyir.<\/p>\n\n\n\n<p>Onlar\u0131n t\u0259xribat m\u0259qs\u0259dil\u0259 bu i\u015f\u0259 c\u0259lb edildiyini bildirir.<\/p>\n\n\n\n<p>Tofiq Yaqublu siyasi f\u0259aliyy\u0259ti d\u00f6vr\u00fcnd\u0259 bir ne\u00e7\u0259 d\u0259f\u0259 inzibati v\u0259 uzunm\u00fcdd\u0259tli h\u0259bsd\u0259 olub.<\/p>\n\n\n\n<p>O, 2013-c\u00fc ild\u0259 \u0130smay\u0131ll\u0131da etirazlar\u0131n t\u0259\u015fkilind\u0259 ittiham olunaraq h\u0259bs edilib. 5 il azadl\u0131qdan m\u0259hrum edil\u0259n siyas\u0259t\u00e7i 2017-ci ild\u0259 \u0259fv s\u0259r\u0259ncam\u0131yla azadl\u0131\u011fa burax\u0131l\u0131b. O, daha sonra 2020-ci il mart\u0131n 22-d\u0259 xuliqanl\u0131q ittiham\u0131yla h\u0259bs olunub. \u0130ddia olunurdu ki, o, \u201c8-ci kilometr bazar\u0131\u201dn\u0131n yan\u0131nda avtomobil q\u0259zas\u0131 t\u00f6r\u0259dib, daha sonra dig\u0259r avtomobilin s\u00fcr\u00fcc\u00fcs\u00fcn\u00fc v\u0259 onun h\u0259yat yolda\u015f\u0131n\u0131 t\u0259hqir edib, onlara x\u0259sar\u0259t yetirib. Bu d\u0259f\u0259 Nizami rayon M\u0259hk\u0259m\u0259sinin h\u00f6km\u00fcyl\u0259 4 il 3 ay azadl\u0131qdan m\u0259hrum edilib.<\/p>\n\n\n\n<p>H\u00f6kmd\u0259n d\u0259rhal sonra \u2013 2 sentyabr 2020-ci ild\u0259 m\u0259hk\u0259m\u0259 \u0259dal\u0259tsizliyin\u0259 etiraz olaraq acl\u0131\u011fa ba\u015flad\u0131\u011f\u0131n\u0131 b\u0259yan ed\u0259n Tofiq Yaqublu bu aksiyan\u0131 17 g\u00fcn davam etdirib. Onun v\u0259ziyy\u0259ti pisl\u0259\u015fdiyin\u0259 g\u00f6r\u0259 istintaq t\u0259cridxanas\u0131ndan klinikaya k\u00f6\u00e7\u00fcr\u00fcl\u00fcb. Sentyabr\u0131n 18-d\u0259 Bak\u0131 Apelyasiya M\u0259hk\u0259m\u0259sinin q\u0259rar\u0131yla o, ev dustaql\u0131\u011f\u0131na burax\u0131l\u0131b. 2021-ci il iyulun 15-d\u0259 Bak\u0131 Apelyasiya M\u0259hk\u0259m\u0259si 4 il 3 ayl\u0131q h\u0259bs h\u00f6km\u00fcn\u00fc \u015f\u0259rti c\u0259za il\u0259 \u0259v\u0259zl\u0259yib.<\/p>\n\n\n\n<p>2025-ci il mart\u0131n 10-da Bak\u0131 A\u011f\u0131r Cinay\u0259tl\u0259r M\u0259hk\u0259m\u0259si Tofiq Yaqublunu 9 il azadl\u0131qdan m\u0259hrum edib.<\/p>\n","protected":false},"excerpt":{"rendered":"<p>Onun \u00f6z h\u0259kimi Adil Qeybulla t\u0259r\u0259find\u0259n m\u00fcayin\u0259 olunmas\u0131 \u00fc\u00e7\u00fcn Penitensiar &#8230; <\/p>\n<p class=\"read-more-container\"><a title=\"Tofiq Yaqublunun s\u0259hh\u0259tinin a\u011f\u0131rla\u015fd\u0131\u011f\u0131 bildirilir\" class=\"read-more button\" href=\"https:\/\/www.meydan.tv\/az\/article\/tofiq-yaqublunun-s%c9%99hh%c9%99tinin-agirlasdigi-bildirilir\/#more-328510\" aria-label=\"Read more about Tofiq Yaqublunun s\u0259hh\u0259tinin a\u011f\u0131rla\u015fd\u0131\u011f\u0131 bildirilir\">Davam\u0131<\/a><\/p>\n","protected":false},"author":21,"featured_media":328527,"comment_status":"closed","ping_status":"closed","sticky":false,"template":"","format":"standard","meta":{"_acf_changed":false,"_sitemap_exclude":false,"_sitemap_priority":"","_sitemap_frequency":"","footnotes":""},"categories":[59,79,56],"tags":[],"class_list":["post-328510","post","type-post","status-publish","format-standard","has-post-thumbnail","hentry","category-siyaset","category-featured","category-xeberler","infinite-scroll-item","generate-columns","tablet-grid-50","mobile-grid-100","grid-parent","grid-33","no-featured-image-padding"],"acf":[],"yoast_head":"<!-- This site is optimized with the Yoast SEO plugin v27.5 - https:\/\/yoast.com\/product\/yoast-seo-wordpress\/ -->\n<title>Tofiq Yaqublunun s\u0259hh\u0259tinin a\u011f\u0131rla\u015fd\u0131\u011f\u0131 bildirilir - MEYDAN.TV<\/title>\n<meta name=\"robots\" content=\"index, follow, max-snippet:-1, max-image-preview:large, max-video-preview:-1\" \/>\n<link rel=\"canonical\" href=\"https:\/\/www.meydan.tv\/az\/article\/tofiq-yaqublunun-s%c9%99hh%c9%99tinin-agirlasdigi-bildirilir\/\" \/>\n<meta property=\"og:locale\" content=\"az_AZ\" \/>\n<meta property=\"og:type\" content=\"article\" \/>\n<meta property=\"og:title\" content=\"Tofiq Yaqublunun s\u0259hh\u0259tinin a\u011f\u0131rla\u015fd\u0131\u011f\u0131 bildirilir - MEYDAN.TV\" \/>\n<meta property=\"og:description\" content=\"Onun \u00f6z h\u0259kimi Adil Qeybulla t\u0259r\u0259find\u0259n m\u00fcayin\u0259 olunmas\u0131 \u00fc\u00e7\u00fcn Penitensiar ... Davam\u0131\" \/>\n<meta property=\"og:url\" content=\"https:\/\/www.meydan.tv\/az\/article\/tofiq-yaqublunun-s%c9%99hh%c9%99tinin-agirlasdigi-bildirilir\/\" \/>\n<meta property=\"og:site_name\" content=\"MEYDAN.TV\" \/>\n<meta property=\"article:published_time\" content=\"2025-04-07T15:03:21+00:00\" \/>\n<meta property=\"article:modified_time\" content=\"2025-04-07T15:12:24+00:00\" \/>\n<meta property=\"og:image\" content=\"https:\/\/www.meydan.tv\/wp-content\/uploads\/04533.png\" \/>\n\t<meta property=\"og:image:width\" content=\"1179\" \/>\n\t<meta property=\"og:image:height\" content=\"576\" \/>\n\t<meta property=\"og:image:type\" content=\"image\/png\" \/>\n<meta name=\"author\" content=\"mahmud\" \/>\n<meta name=\"twitter:card\" content=\"summary_large_image\" \/>\n<script type=\"application\/ld+json\" class=\"yoast-schema-graph\">{\"@context\":\"https:\\\/\\\/schema.org\",\"@graph\":[{\"@type\":\"Article\",\"@id\":\"https:\\\/\\\/www.meydan.tv\\\/az\\\/article\\\/tofiq-yaqublunun-s%c9%99hh%c9%99tinin-agirlasdigi-bildirilir\\\/#article\",\"isPartOf\":{\"@id\":\"https:\\\/\\\/www.meydan.tv\\\/az\\\/article\\\/tofiq-yaqublunun-s%c9%99hh%c9%99tinin-agirlasdigi-bildirilir\\\/\"},\"author\":{\"name\":\"mahmud\",\"@id\":\"https:\\\/\\\/www.meydan.tv\\\/az\\\/#\\\/schema\\\/person\\\/09863e516102a829e72bedcf3f84c6b0\"},\"headline\":\"Tofiq Yaqublunun s\u0259hh\u0259tinin a\u011f\u0131rla\u015fd\u0131\u011f\u0131 bildirilir\",\"datePublished\":\"2025-04-07T15:03:21+00:00\",\"dateModified\":\"2025-04-07T15:12:24+00:00\",\"mainEntityOfPage\":{\"@id\":\"https:\\\/\\\/www.meydan.tv\\\/az\\\/article\\\/tofiq-yaqublunun-s%c9%99hh%c9%99tinin-agirlasdigi-bildirilir\\\/\"},\"wordCount\":733,\"publisher\":{\"@id\":\"https:\\\/\\\/www.meydan.tv\\\/az\\\/#organization\"},\"image\":{\"@id\":\"https:\\\/\\\/www.meydan.tv\\\/az\\\/article\\\/tofiq-yaqublunun-s%c9%99hh%c9%99tinin-agirlasdigi-bildirilir\\\/#primaryimage\"},\"thumbnailUrl\":\"https:\\\/\\\/www.meydan.tv\\\/wp-content\\\/uploads\\\/04533.png\",\"articleSection\":[\"Siyas\u0259t\",\"T\u00f6vsiy\u0259\",\"X\u0259b\u0259rl\u0259r\"],\"inLanguage\":\"az\"},{\"@type\":\"WebPage\",\"@id\":\"https:\\\/\\\/www.meydan.tv\\\/az\\\/article\\\/tofiq-yaqublunun-s%c9%99hh%c9%99tinin-agirlasdigi-bildirilir\\\/\",\"url\":\"https:\\\/\\\/www.meydan.tv\\\/az\\\/article\\\/tofiq-yaqublunun-s%c9%99hh%c9%99tinin-agirlasdigi-bildirilir\\\/\",\"name\":\"Tofiq Yaqublunun s\u0259hh\u0259tinin a\u011f\u0131rla\u015fd\u0131\u011f\u0131 bildirilir - MEYDAN.TV\",\"isPartOf\":{\"@id\":\"https:\\\/\\\/www.meydan.tv\\\/az\\\/#website\"},\"primaryImageOfPage\":{\"@id\":\"https:\\\/\\\/www.meydan.tv\\\/az\\\/article\\\/tofiq-yaqublunun-s%c9%99hh%c9%99tinin-agirlasdigi-bildirilir\\\/#primaryimage\"},\"image\":{\"@id\":\"https:\\\/\\\/www.meydan.tv\\\/az\\\/article\\\/tofiq-yaqublunun-s%c9%99hh%c9%99tinin-agirlasdigi-bildirilir\\\/#primaryimage\"},\"thumbnailUrl\":\"https:\\\/\\\/www.meydan.tv\\\/wp-content\\\/uploads\\\/04533.png\",\"datePublished\":\"2025-04-07T15:03:21+00:00\",\"dateModified\":\"2025-04-07T15:12:24+00:00\",\"breadcrumb\":{\"@id\":\"https:\\\/\\\/www.meydan.tv\\\/az\\\/article\\\/tofiq-yaqublunun-s%c9%99hh%c9%99tinin-agirlasdigi-bildirilir\\\/#breadcrumb\"},\"inLanguage\":\"az\",\"potentialAction\":[{\"@type\":\"ReadAction\",\"target\":[\"https:\\\/\\\/www.meydan.tv\\\/az\\\/article\\\/tofiq-yaqublunun-s%c9%99hh%c9%99tinin-agirlasdigi-bildirilir\\\/\"]}]},{\"@type\":\"ImageObject\",\"inLanguage\":\"az\",\"@id\":\"https:\\\/\\\/www.meydan.tv\\\/az\\\/article\\\/tofiq-yaqublunun-s%c9%99hh%c9%99tinin-agirlasdigi-bildirilir\\\/#primaryimage\",\"url\":\"https:\\\/\\\/www.meydan.tv\\\/wp-content\\\/uploads\\\/04533.png\",\"contentUrl\":\"https:\\\/\\\/www.meydan.tv\\\/wp-content\\\/uploads\\\/04533.png\",\"width\":1179,\"height\":576,\"caption\":\"Tofiq Yaqublu. Foto: Facebook \u015f\u0259xsi s\u0259hif\u0259si\"},{\"@type\":\"BreadcrumbList\",\"@id\":\"https:\\\/\\\/www.meydan.tv\\\/az\\\/article\\\/tofiq-yaqublunun-s%c9%99hh%c9%99tinin-agirlasdigi-bildirilir\\\/#breadcrumb\",\"itemListElement\":[{\"@type\":\"ListItem\",\"position\":1,\"name\":\"Ana s\u0259hif\u0259\",\"item\":\"https:\\\/\\\/www.meydan.tv\\\/az\\\/\"},{\"@type\":\"ListItem\",\"position\":2,\"name\":\"Siyas\u0259t\",\"item\":\"https:\\\/\\\/www.meydan.tv\\\/az\\\/section\\\/siyaset\\\/\"},{\"@type\":\"ListItem\",\"position\":3,\"name\":\"Tofiq Yaqublunun s\u0259hh\u0259tinin a\u011f\u0131rla\u015fd\u0131\u011f\u0131 bildirilir\"}]},{\"@type\":\"WebSite\",\"@id\":\"https:\\\/\\\/www.meydan.tv\\\/az\\\/#website\",\"url\":\"https:\\\/\\\/www.meydan.tv\\\/az\\\/\",\"name\":\"MEYDAN.TV\",\"description\":\"Meydan TV Az\u0259rbaycan\u0131n media m\u0259kan\u0131ndak\u0131 alternativ s\u0259sidir\",\"publisher\":{\"@id\":\"https:\\\/\\\/www.meydan.tv\\\/az\\\/#organization\"},\"potentialAction\":[{\"@type\":\"SearchAction\",\"target\":{\"@type\":\"EntryPoint\",\"urlTemplate\":\"https:\\\/\\\/www.meydan.tv\\\/az\\\/?s={search_term_string}\"},\"query-input\":{\"@type\":\"PropertyValueSpecification\",\"valueRequired\":true,\"valueName\":\"search_term_string\"}}],\"inLanguage\":\"az\"},{\"@type\":\"Organization\",\"@id\":\"https:\\\/\\\/www.meydan.tv\\\/az\\\/#organization\",\"name\":\"Meydan TV\",\"url\":\"https:\\\/\\\/www.meydan.tv\\\/az\\\/\",\"logo\":{\"@type\":\"ImageObject\",\"inLanguage\":\"az\",\"@id\":\"https:\\\/\\\/www.meydan.tv\\\/az\\\/#\\\/schema\\\/logo\\\/image\\\/\",\"url\":\"https:\\\/\\\/www.meydan.tv\\\/wp-content\\\/uploads\\\/2021\\\/07\\\/meydan-logo.svg\",\"contentUrl\":\"https:\\\/\\\/www.meydan.tv\\\/wp-content\\\/uploads\\\/2021\\\/07\\\/meydan-logo.svg\",\"width\":195,\"height\":46,\"caption\":\"Meydan TV\"},\"image\":{\"@id\":\"https:\\\/\\\/www.meydan.tv\\\/az\\\/#\\\/schema\\\/logo\\\/image\\\/\"}},{\"@type\":\"Person\",\"@id\":\"https:\\\/\\\/www.meydan.tv\\\/az\\\/#\\\/schema\\\/person\\\/09863e516102a829e72bedcf3f84c6b0\",\"name\":\"mahmud\"}]}<\/script>\n<!-- \/ Yoast SEO plugin. -->","yoast_head_json":{"title":"Tofiq Yaqublunun s\u0259hh\u0259tinin a\u011f\u0131rla\u015fd\u0131\u011f\u0131 bildirilir - MEYDAN.TV","robots":{"index":"index","follow":"follow","max-snippet":"max-snippet:-1","max-image-preview":"max-image-preview:large","max-video-preview":"max-video-preview:-1"},"canonical":"https:\/\/www.meydan.tv\/az\/article\/tofiq-yaqublunun-s%c9%99hh%c9%99tinin-agirlasdigi-bildirilir\/","og_locale":"az_AZ","og_type":"article","og_title":"Tofiq Yaqublunun s\u0259hh\u0259tinin a\u011f\u0131rla\u015fd\u0131\u011f\u0131 bildirilir - MEYDAN.TV","og_description":"Onun \u00f6z h\u0259kimi Adil Qeybulla t\u0259r\u0259find\u0259n m\u00fcayin\u0259 olunmas\u0131 \u00fc\u00e7\u00fcn Penitensiar ... Davam\u0131","og_url":"https:\/\/www.meydan.tv\/az\/article\/tofiq-yaqublunun-s%c9%99hh%c9%99tinin-agirlasdigi-bildirilir\/","og_site_name":"MEYDAN.TV","article_published_time":"2025-04-07T15:03:21+00:00","article_modified_time":"2025-04-07T15:12:24+00:00","og_image":[{"width":1179,"height":576,"url":"https:\/\/www.meydan.tv\/wp-content\/uploads\/04533.png","type":"image\/png"}],"author":"mahmud","twitter_card":"summary_large_image","schema":{"@context":"https:\/\/schema.org","@graph":[{"@type":"Article","@id":"https:\/\/www.meydan.tv\/az\/article\/tofiq-yaqublunun-s%c9%99hh%c9%99tinin-agirlasdigi-bildirilir\/#article","isPartOf":{"@id":"https:\/\/www.meydan.tv\/az\/article\/tofiq-yaqublunun-s%c9%99hh%c9%99tinin-agirlasdigi-bildirilir\/"},"author":{"name":"mahmud","@id":"https:\/\/www.meydan.tv\/az\/#\/schema\/person\/09863e516102a829e72bedcf3f84c6b0"},"headline":"Tofiq Yaqublunun s\u0259hh\u0259tinin a\u011f\u0131rla\u015fd\u0131\u011f\u0131 bildirilir","datePublished":"2025-04-07T15:03:21+00:00","dateModified":"2025-04-07T15:12:24+00:00","mainEntityOfPage":{"@id":"https:\/\/www.meydan.tv\/az\/article\/tofiq-yaqublunun-s%c9%99hh%c9%99tinin-agirlasdigi-bildirilir\/"},"wordCount":733,"publisher":{"@id":"https:\/\/www.meydan.tv\/az\/#organization"},"image":{"@id":"https:\/\/www.meydan.tv\/az\/article\/tofiq-yaqublunun-s%c9%99hh%c9%99tinin-agirlasdigi-bildirilir\/#primaryimage"},"thumbnailUrl":"https:\/\/www.meydan.tv\/wp-content\/uploads\/04533.png","articleSection":["Siyas\u0259t","T\u00f6vsiy\u0259","X\u0259b\u0259rl\u0259r"],"inLanguage":"az"},{"@type":"WebPage","@id":"https:\/\/www.meydan.tv\/az\/article\/tofiq-yaqublunun-s%c9%99hh%c9%99tinin-agirlasdigi-bildirilir\/","url":"https:\/\/www.meydan.tv\/az\/article\/tofiq-yaqublunun-s%c9%99hh%c9%99tinin-agirlasdigi-bildirilir\/","name":"Tofiq Yaqublunun s\u0259hh\u0259tinin a\u011f\u0131rla\u015fd\u0131\u011f\u0131 bildirilir - MEYDAN.TV","isPartOf":{"@id":"https:\/\/www.meydan.tv\/az\/#website"},"primaryImageOfPage":{"@id":"https:\/\/www.meydan.tv\/az\/article\/tofiq-yaqublunun-s%c9%99hh%c9%99tinin-agirlasdigi-bildirilir\/#primaryimage"},"image":{"@id":"https:\/\/www.meydan.tv\/az\/article\/tofiq-yaqublunun-s%c9%99hh%c9%99tinin-agirlasdigi-bildirilir\/#primaryimage"},"thumbnailUrl":"https:\/\/www.meydan.tv\/wp-content\/uploads\/04533.png","datePublished":"2025-04-07T15:03:21+00:00","dateModified":"2025-04-07T15:12:24+00:00","breadcrumb":{"@id":"https:\/\/www.meydan.tv\/az\/article\/tofiq-yaqublunun-s%c9%99hh%c9%99tinin-agirlasdigi-bildirilir\/#breadcrumb"},"inLanguage":"az","potentialAction":[{"@type":"ReadAction","target":["https:\/\/www.meydan.tv\/az\/article\/tofiq-yaqublunun-s%c9%99hh%c9%99tinin-agirlasdigi-bildirilir\/"]}]},{"@type":"ImageObject","inLanguage":"az","@id":"https:\/\/www.meydan.tv\/az\/article\/tofiq-yaqublunun-s%c9%99hh%c9%99tinin-agirlasdigi-bildirilir\/#primaryimage","url":"https:\/\/www.meydan.tv\/wp-content\/uploads\/04533.png","contentUrl":"https:\/\/www.meydan.tv\/wp-content\/uploads\/04533.png","width":1179,"height":576,"caption":"Tofiq Yaqublu. Foto: Facebook \u015f\u0259xsi s\u0259hif\u0259si"},{"@type":"BreadcrumbList","@id":"https:\/\/www.meydan.tv\/az\/article\/tofiq-yaqublunun-s%c9%99hh%c9%99tinin-agirlasdigi-bildirilir\/#breadcrumb","itemListElement":[{"@type":"ListItem","position":1,"name":"Ana s\u0259hif\u0259","item":"https:\/\/www.meydan.tv\/az\/"},{"@type":"ListItem","position":2,"name":"Siyas\u0259t","item":"https:\/\/www.meydan.tv\/az\/section\/siyaset\/"},{"@type":"ListItem","position":3,"name":"Tofiq Yaqublunun s\u0259hh\u0259tinin a\u011f\u0131rla\u015fd\u0131\u011f\u0131 bildirilir"}]},{"@type":"WebSite","@id":"https:\/\/www.meydan.tv\/az\/#website","url":"https:\/\/www.meydan.tv\/az\/","name":"MEYDAN.TV","description":"Meydan TV Az\u0259rbaycan\u0131n media m\u0259kan\u0131ndak\u0131 alternativ s\u0259sidir","publisher":{"@id":"https:\/\/www.meydan.tv\/az\/#organization"},"potentialAction":[{"@type":"SearchAction","target":{"@type":"EntryPoint","urlTemplate":"https:\/\/www.meydan.tv\/az\/?s={search_term_string}"},"query-input":{"@type":"PropertyValueSpecification","valueRequired":true,"valueName":"search_term_string"}}],"inLanguage":"az"},{"@type":"Organization","@id":"https:\/\/www.meydan.tv\/az\/#organization","name":"Meydan TV","url":"https:\/\/www.meydan.tv\/az\/","logo":{"@type":"ImageObject","inLanguage":"az","@id":"https:\/\/www.meydan.tv\/az\/#\/schema\/logo\/image\/","url":"https:\/\/www.meydan.tv\/wp-content\/uploads\/2021\/07\/meydan-logo.svg","contentUrl":"https:\/\/www.meydan.tv\/wp-content\/uploads\/2021\/07\/meydan-logo.svg","width":195,"height":46,"caption":"Meydan TV"},"image":{"@id":"https:\/\/www.meydan.tv\/az\/#\/schema\/logo\/image\/"}},{"@type":"Person","@id":"https:\/\/www.meydan.tv\/az\/#\/schema\/person\/09863e516102a829e72bedcf3f84c6b0","name":"mahmud"}]}},"_links":{"self":[{"href":"https:\/\/www.meydan.tv\/az\/wp-json\/wp\/v2\/posts\/328510","targetHints":{"allow":["GET"]}}],"collection":[{"href":"https:\/\/www.meydan.tv\/az\/wp-json\/wp\/v2\/posts"}],"about":[{"href":"https:\/\/www.meydan.tv\/az\/wp-json\/wp\/v2\/types\/post"}],"author":[{"embeddable":true,"href":"https:\/\/www.meydan.tv\/az\/wp-json\/wp\/v2\/users\/21"}],"replies":[{"embeddable":true,"href":"https:\/\/www.meydan.tv\/az\/wp-json\/wp\/v2\/comments?post=328510"}],"version-history":[{"count":3,"href":"https:\/\/www.meydan.tv\/az\/wp-json\/wp\/v2\/posts\/328510\/revisions"}],"predecessor-version":[{"id":328522,"href":"https:\/\/www.meydan.tv\/az\/wp-json\/wp\/v2\/posts\/328510\/revisions\/328522"}],"wp:featuredmedia":[{"embeddable":true,"href":"https:\/\/www.meydan.tv\/az\/wp-json\/wp\/v2\/media\/328527"}],"wp:attachment":[{"href":"https:\/\/www.meydan.tv\/az\/wp-json\/wp\/v2\/media?parent=328510"}],"wp:term":[{"taxonomy":"category","embeddable":true,"href":"https:\/\/www.meydan.tv\/az\/wp-json\/wp\/v2\/categories?post=328510"},{"taxonomy":"post_tag","embeddable":true,"href":"https:\/\/www.meydan.tv\/az\/wp-json\/wp\/v2\/tags?post=328510"}],"curies":[{"name":"wp","href":"https:\/\/api.w.org\/{rel}","templated":true}]}}