{"id":328457,"date":"2025-04-07T16:24:17","date_gmt":"2025-04-07T12:24:17","guid":{"rendered":"https:\/\/www.meydan.tv\/?p=328457"},"modified":"2025-04-07T16:56:18","modified_gmt":"2025-04-07T12:56:18","slug":"asan-xidm%c9%99tin-%c9%99m%c9%99kdasi-whatsappda-paylasdigi-videoya-gor%c9%99-isd%c9%99n-cixarildigini-deyir","status":"publish","type":"post","link":"https:\/\/www.meydan.tv\/az\/article\/asan-xidm%c9%99tin-%c9%99m%c9%99kdasi-whatsappda-paylasdigi-videoya-gor%c9%99-isd%c9%99n-cixarildigini-deyir\/","title":{"rendered":"ASAN Xidm\u0259tin \u0259m\u0259kda\u015f\u0131  payla\u015fd\u0131\u011f\u0131 videoya g\u00f6r\u0259 i\u015fd\u0259n \u00e7\u0131xar\u0131ld\u0131\u011f\u0131n\u0131 deyir"},"content":{"rendered":"\n<p><\/p>\n\n\n\n<p><strong><em>H\u00fcquq\u015f\u00fcnas bildirir ki, i\u015f\u0259g\u00f6t\u00fcr\u0259n i\u015f\u00e7il\u0259rin \u018fm\u0259k M\u0259c\u0259ll\u0259sind\u0259 n\u0259z\u0259rd\u0259 tutulan bir \u00e7ox h\u00fcquqlar\u0131n\u0131 pozub<\/em><\/strong><\/p>\n\n\n\n<p>ASAN Xidm\u0259tin tabeliyind\u0259 olan \u201c\u0130nnovasiyalar M\u0259rk\u0259zi\u201dnin i\u015f\u00e7isi Banu \u0130smay\u0131lova \u201cWhatsapp\u201dda payla\u015fd\u0131\u011f\u0131 t\u0259nqidi videoya g\u00f6r\u0259 i\u015fd\u0259n \u00e7\u0131xar\u0131ld\u0131\u011f\u0131n\u0131 iddia edir.<\/p>\n\n\n\n<p>Bu bar\u0259d\u0259 \u00f6z \u201cFacebook\u201d hesab\u0131nda <a href=\"https:\/\/www.facebook.com\/story.php?story_fbid=9355333514535822&amp;id=100001777996845&amp;rdid=lgoLRgvQwRL7pTqC#\" target=\"_blank\" rel=\"noreferrer noopener\">m\u0259lumat ver\u0259n <\/a>\u0130smay\u0131lova, h\u0259m\u00e7inin qurumun s\u0259lahiyy\u0259tli n\u00fcmay\u0259nd\u0259l\u0259rinin i\u015f\u00e7il\u0259ri \u0259m\u0259k m\u00fcqavil\u0259sind\u0259 n\u0259z\u0259rd\u0259 tutulandan f\u0259rqli \u015f\u0259rtl\u0259rl\u0259 i\u015fl\u0259tdikl\u0259rini bildirir. Onun s\u00f6zl\u0259rin\u0259 g\u00f6r\u0259, t\u0259l\u0259b v\u0259 t\u0259klifl\u0259rl\u0259 \u00e7\u0131x\u0131\u015f ed\u0259n i\u015f\u00e7il\u0259r h\u0259d\u0259f\u0259 al\u0131n\u0131r, \u015f\u0259r\u0259f v\u0259 l\u0259yaq\u0259tl\u0259ri al\u00e7ald\u0131l\u0131r, edil\u0259n \u015fikay\u0259tl\u0259r adekvat ara\u015fd\u0131r\u0131lm\u0131r, etiraz ed\u0259n i\u015f\u00e7il\u0259r tez-tez i\u015fd\u0259n qovulmaqla t\u0259hdid olunur.&nbsp; &nbsp;<\/p>\n\n\n\n<p>Meydan TV-y\u0259 a\u00e7\u0131qlama ver\u0259n \u0130smay\u0131lova bildirir ki, onun i\u015fd\u0259n \u00e7\u0131xar\u0131lma\u011f\u0131na s\u0259b\u0259b qeyd etdiyi \u015fikay\u0259tl\u0259r\u0259 eyham vuran \u201ci\u015f yerind\u0259 z\u0259h\u0259rli m\u00fcnasib\u0259tl\u0259r\u201d m\u0259zmunlu informativ sosial \u015f\u0259b\u0259k\u0259 videosunu \u00f6z \u201cWhatsapp\u201d hekay\u0259sind\u0259 payla\u015fmas\u0131 olub:<\/p>\n\n\n\n<p><em>\u201c7 fevral tarixind\u0259 payla\u015fd\u0131\u011f\u0131m videodan sonra, 10 fevral tarixind\u0259 m\u0259n\u0259 bildirdil\u0259r ki, s\u0259h\u0259ri g\u00fcn ofis\u0259 getm\u0259liy\u0259m. Ofisd\u0259 m\u0259ni payla\u015fd\u0131\u011f\u0131m videoya g\u00f6r\u0259 d\u0259v\u0259t etdikl\u0259rini dedil\u0259r. M\u0259nd\u0259n nec\u0259 bel\u0259 bir video payla\u015fa bildiyimi, n\u0259l\u0259ri n\u0259z\u0259rd\u0259 tutdu\u011fumu soru\u015fdular. Bildirdim ki, daha \u0259vv\u0259l d\u0259 r\u0259hb\u0259rliy\u0259, insan resurslar\u0131na naraz\u0131l\u0131qlar\u0131mla ba\u011fl\u0131 m\u00fcraci\u0259t etmi\u015f\u0259m; lakin yet\u0259ri q\u0259d\u0259r ara\u015fd\u0131r\u0131lmay\u0131b v\u0259 t\u0259dbir g\u00f6r\u00fclm\u0259yib. H\u0259m\u00e7inin m\u0259nim kimis\u0259 h\u0259d\u0259f g\u00f6st\u0259rm\u0259d\u0259n \u015f\u0259xsi hesab\u0131mda payla\u015fd\u0131\u011f\u0131m sosial \u015f\u0259b\u0259k\u0259 videosunda qeyri-adi he\u00e7 n\u0259 yoxdur. 18 fevral tarixind\u0259 is\u0259 m\u0259n\u0259 bildirdil\u0259r ki, 28 mart tarixind\u0259 m\u00fcqavil\u0259m yenil\u0259nm\u0259y\u0259c\u0259k, soru\u015fduqda is\u0259 bildirdil\u0259r ki, payla\u015fd\u0131\u011f\u0131m\u0131z \u015feyl\u0259rd\u0259 diqq\u0259tli olmal\u0131y\u0131q. M\u00fcqavil\u0259mi yenil\u0259m\u0259dil\u0259r v\u0259 i\u015fd\u0259n azad edildim.\u201d<\/em><\/p>\n\n\n\n<p>\u0130smay\u0131lova bildirir ki, o 6 il 8 ay \u201cASAN Viza\u201dda \u00e7al\u0131\u015f\u0131b v\u0259 bu m\u00fcdd\u0259t \u0259rzind\u0259 m\u00fcdd\u0259tli \u0259m\u0259k m\u00fcqavil\u0259si m\u00fcdd\u0259tsiz \u0259m\u0259k m\u00fcqavil\u0259si il\u0259 d\u0259yi\u015fdirilm\u0259yib:<\/p>\n\n\n\n<p><em>\u201cEyni qurumda 5 ild\u0259n art\u0131q i\u015fl\u0259m\u0259yim\u0259 r\u0259\u011fm\u0259n, m\u0259nim m\u00fcqavil\u0259mi m\u00fcdd\u0259tsiz \u0259m\u0259k m\u00fcqavil\u0259sin\u0259 d\u0259yi\u015fdirm\u0259dil\u0259r. \u018fvv\u0259l ASAN Viza ASAN Xidm\u0259tin tabeliyind\u0259 olan \u201ce-gov\u201da tabe idi, daha sonra \u201ce-gov\u201d l\u0259\u011fv edildi v\u0259 ASAN Viza ASAN Xidm\u0259tin tabeliyind\u0259ki dig\u0259r quruma-\u0130nnovasiyalar M\u0259rk\u0259zin\u0259 ke\u00e7di v\u0259 bizim h\u0259min i\u015f \u00fczr\u0259 \u0259m\u0259k tarix\u00e7\u0259miz sanki yenid\u0259n a\u00e7\u0131ld\u0131. 5 ild\u0259n \u00e7ox eyni i\u015fd\u0259 i\u015fl\u0259m\u0259yimiz\u0259 r\u0259\u011fm\u0259n, qanuni haqq\u0131m\u0131z olan m\u00fcdd\u0259tsiz \u0259m\u0259k m\u00fcqavil\u0259sin\u0259 ke\u00e7irilm\u0259mi\u015fik<\/em>\u201d.<\/p>\n\n\n\n<p>H\u00fcquq\u015f\u00fcnas Zakir Bayramov m\u0259s\u0259l\u0259 il\u0259 ba\u011fl\u0131 Meydan TV-y\u0259 bildirir ki, \u0259g\u0259r m\u00fcdd\u0259tli \u0259m\u0259k m\u00fcqavil\u0259si 5 il m\u00fcdd\u0259tind\u0259 fasil\u0259siz davam ed\u0259rs\u0259, bu art\u0131q m\u00fcdd\u0259tsiz \u0259m\u0259k m\u00fcqavil\u0259si hesab edilir. H\u0259tta m\u00fcdd\u0259tsiz \u0259m\u0259k m\u00fcqavil\u0259si i\u015f\u0259g\u00f6t\u00fcr\u0259n v\u0259 i\u015f\u00e7inin qar\u015f\u0131l\u0131ql\u0131 raz\u0131l\u0131\u011f\u0131 \u0259sas\u0131nda m\u00fcdd\u0259tli \u0259m\u0259k m\u00fcqavil\u0259si il\u0259 d\u0259 \u0259v\u0259z edil\u0259 bil\u0259r, amma bu 5 il fasil\u0259siz i\u015fl\u0259y\u0259n v\u0259 m\u00fcqavil\u0259si il\u0259 ba\u011fl\u0131 bel\u0259 bir ist\u0259yi olmayan i\u015f\u00e7iy\u0259 aid edilmir.<\/p>\n\n\n<div class=\"wp-block-image\">\n<figure class=\"alignleft size-large is-resized\"><img decoding=\"async\" width=\"821\" height=\"821\" data-src=\"https:\/\/www.meydan.tv\/wp-content\/uploads\/476108021_634676615710126_4621693953646372694_n-1-821x821.jpg\" alt=\"\" class=\"wp-image-328462 lazyload\" style=\"--smush-placeholder-width: 821px; --smush-placeholder-aspect-ratio: 821\/821;width:407px;height:auto\" src=\"data:image\/svg+xml;base64,PHN2ZyB3aWR0aD0iMSIgaGVpZ2h0PSIxIiB4bWxucz0iaHR0cDovL3d3dy53My5vcmcvMjAwMC9zdmciPjwvc3ZnPg==\" \/><figcaption class=\"wp-element-caption\">Zakir Bayramov. Foto: \u015e\u0259xsi Facebook s\u0259hif\u0259si<\/figcaption><\/figure>\n<\/div>\n\n\n<p>Bayramov bildirir ki, h\u0259tta i\u015f\u0259g\u00f6t\u00fcr\u0259nin (m\u00fc\u0259ss\u0259nin m\u00fclkiyy\u0259t\u00e7isi) d\u0259yi\u015fm\u0259sin\u0259 r\u0259\u011fm\u0259n, i\u015f\u00e7i eyni i\u015fl\u0259ri g\u00f6rm\u0259y\u0259, eyni v\u0259zif\u0259ni icra etm\u0259y\u0259 davam edirs\u0259, dem\u0259li, o, eyni v\u0259zif\u0259d\u0259dir:<\/p>\n\n\n\n<p><em>\u201cB\u0259z\u0259n i\u015f\u0259g\u00f6t\u00fcr\u0259nl\u0259r \u00f6z h\u00fcquqlar\u0131ndan sui-istifad\u0259 ed\u0259r\u0259k i\u015f\u00e7il\u0259rin \u0259m\u0259k h\u00fcquqlar\u0131n\u0131 poza bilirl\u0259r. M\u00fc\u0259ssis\u0259nin m\u00fclkiyy\u0259t\u00e7isi d\u0259yi\u015fdikd\u0259 v\u0259 ya i\u015f\u00e7i eyni i\u015fi icra etdiyi halda bir m\u00fcdd\u0259t sonra f\u0259rqli c\u00fcr r\u0259smil\u0259\u015fdir\u0259r\u0259k i\u015f\u00e7il\u0259rin h\u00fcquqlar\u0131n\u0131 pozub haqlar\u0131 olan t\u0259minatlara \u00e7atmaqlar\u0131n\u0131 \u0259ng\u0259ll\u0259yirl\u0259r\u201d.<\/em><\/p>\n\n\n\n<p><em>\u201c\u018fm\u0259k M\u0259c\u0259ll\u0259sind\u0259 g\u00f6st\u0259rilib ki, m\u00fc\u0259ssis\u0259nin m\u00fclkiyy\u0259t\u00e7isi d\u0259yi\u015fdikd\u0259, idar\u0259 etm\u0259 funksiyas\u0131n\u0131 icra ed\u0259nl\u0259r istisna olmaqla, qalan i\u015f\u00e7il\u0259rin ham\u0131s\u0131 \u0259m\u0259k m\u00fcqavil\u0259si v\u0259 \u015f\u0259rtl\u0259ri yeni m\u00fclkiyy\u0259t\u00e7i t\u0259r\u0259find\u0259n q\u00fcvv\u0259d\u0259 saxlan\u0131l\u0131r, y\u0259ni d\u0259yi\u015fdiril\u0259 bilm\u0259z\u201d,- <\/em>h\u00fcquq\u015f\u00fcnas deyib.<\/p>\n\n\n\n<p><em>\u201cBu halda i\u015f\u00e7i m\u0259hk\u0259m\u0259y\u0259 m\u00fcraci\u0259t ed\u0259r\u0259k \u0259m\u0259k m\u00fcqavil\u0259sini m\u00fcdd\u0259tsiz olaraq davam etdirm\u0259k iddias\u0131 qald\u0131ra bil\u0259r v\u0259 ya i\u015f\u0259g\u00f6t\u00fcr\u0259nin t\u0259l\u0259b etdiyi \u015f\u0259rtl\u0259rl\u0259 raz\u0131la\u015fmay\u0131b i\u015fd\u0259n azad edil\u0259 bil\u0259r. Lakin i\u015fd\u0259n azad edilm\u0259 hallar\u0131nda i\u015f\u0259g\u00f6t\u00fcr\u0259nin iddias\u0131 m\u0259hk\u0259m\u0259d\u0259 m\u00fcbahis\u0259l\u0259ndiril\u0259 bil\u0259r. Praktikada i\u015f\u00e7il\u0259rin h\u00fcquqlar\u0131n\u0131 m\u0259hk\u0259m\u0259d\u0259 b\u0259rpa etdikl\u0259ri bel\u0259 n\u00fcmun\u0259l\u0259r var\u201d.<\/em><\/p>\n\n\n\n<p>Banu \u0130smay\u0131lovan\u0131n payla\u015fd\u0131\u011f\u0131 ekrang\u00f6r\u00fcnt\u00fcl\u0259rind\u0259n birind\u0259 ASAN Vizan\u0131n \u015f\u00f6b\u0259 m\u00fcdirinin m\u00fcavini Ziya \u0130brahimlinin \u201c\u0259m\u0259k m\u00fcqavil\u0259sinin yenil\u0259nm\u0259si\u201d ba\u015fl\u0131ql\u0131 \u201cemail\u201di var. Z.\u0130brahimli email vasit\u0259sil\u0259 siyah\u0131 g\u00f6nd\u0259r\u0259r\u0259k, siyah\u0131da ad\u0131 olan \u015f\u0259xsl\u0259rin \u0259m\u0259k m\u00fcqavil\u0259sini 3 ayl\u0131q yenil\u0259ndiyini bildirib. Dig\u0259r ekrang\u00f6r\u00fcnt\u00fcs\u00fcnd\u0259 is\u0259 Z.\u0130brahimli i\u015f\u00e7il\u0259rin \u201cWhatsapp\u201d qrupuna ke\u00e7id (link) g\u00f6nd\u0259r\u0259r\u0259k i\u015f\u00e7il\u0259r\u0259 i\u015fd\u0259 qal\u0131b-qalmamaqlar\u0131 il\u0259 ba\u011fl\u0131 \u201c5 d\u0259qiq\u0259\u201d \u0259rzind\u0259 m\u00fcnasib\u0259t bildirm\u0259kl\u0259rini t\u0259l\u0259b edib.\u00a0\u00a0<\/p>\n\n\n\n<p>H\u00fcquq\u015f\u00fcnas S\u0259m\u0259d R\u0259himli deyir ki, h\u0259min ekrang\u00f6r\u00fcnt\u00fcl\u0259rin\u0259 \u0259sas\u0259n, i\u015f\u0259g\u00f6t\u00fcr\u0259n i\u015f\u00e7il\u0259rin \u0259m\u0259k m\u0259c\u0259ll\u0259sind\u0259 n\u0259z\u0259rd\u0259 tutulan dig\u0259r h\u00fcquqlar\u0131n\u0131 da pozub:<\/p>\n\n\n\n<p><em>\u201c\u018fm\u0259k M\u0259c\u0259ll\u0259sind\u0259 m\u00fcdd\u0259tli \u0259m\u0259k m\u00fcqavil\u0259sinin hans\u0131 hallarda ba\u011flana bil\u0259c\u0259yi g\u00f6st\u0259rilib. Buradak\u0131 \u0259saslardan biri budur ki, t\u0259r\u0259fl\u0259rin b\u0259rab\u0259rlik prinsipin\u0259 uy\u011fun olaraq, onlar\u0131n qar\u015f\u0131l\u0131ql\u0131 raz\u0131l\u0131\u011f\u0131 prinsipi il\u0259 m\u00fcdd\u0259tli \u0259m\u0259k m\u00fcqavil\u0259si ba\u011flana bil\u0259r.<\/em><\/p>\n\n\n<div class=\"wp-block-image\">\n<figure class=\"aligncenter size-full is-resized\"><img decoding=\"async\" width=\"1300\" height=\"731\" data-src=\"https:\/\/www.meydan.tv\/wp-content\/uploads\/98798.png\" alt=\"\" class=\"wp-image-325829 lazyload\" style=\"--smush-placeholder-width: 1300px; --smush-placeholder-aspect-ratio: 1300\/731;width:553px;height:auto\" src=\"data:image\/svg+xml;base64,PHN2ZyB3aWR0aD0iMSIgaGVpZ2h0PSIxIiB4bWxucz0iaHR0cDovL3d3dy53My5vcmcvMjAwMC9zdmciPjwvc3ZnPg==\" \/><figcaption class=\"wp-element-caption\">S\u0259m\u0259d R\u0259himli &#8211;  \u015e\u0259xsi Facebook s\u0259hif\u0259si<\/figcaption><\/figure>\n<\/div>\n\n\n<p><em>Lakin g\u00f6r\u00fcnt\u00fcl\u0259r\u0259 \u0259sas\u0259n, h\u0259min s\u0259lahiyy\u0259tli \u015f\u0259xs bu prinsipi pozub. H\u0259min g\u00f6r\u00fcnt\u00fcd\u0259 i\u015f\u00e7il\u0259rin adlar\u0131 \u201cExcel\u201d s\u0259n\u0259di \u015f\u0259klind\u0259 g\u00f6nd\u0259rilib v\u0259 onlar\u0131 m\u00fcqavil\u0259 ba\u011flama\u011f\u0131 \u00e7a\u011f\u0131r\u0131r. Dig\u0259r g\u00f6r\u00fcnt\u00fcd\u0259 is\u0259 onlara yazd\u0131\u011f\u0131 mesaj vasit\u0259sil\u0259 \u201c5 d\u0259qiq\u0259\u201d \u0259rzind\u0259 q\u0259rar verm\u0259yi t\u0259l\u0259b edir. B\u00fct\u00fcn bunlar g\u00f6st\u0259rir ki, i\u015f\u0259g\u00f6t\u00fcr\u0259n i\u015f\u00e7il\u0259r\u0259 toplu \u015f\u0259kild\u0259 yana\u015f\u0131r, f\u0259rdi m\u00fcnasib\u0259t g\u00f6st\u0259rmir v\u0259 onlar\u0131 toplu \u015f\u0259kild\u0259, hans\u0131sa m\u00fczakir\u0259 aparmadan m\u00fcqavil\u0259 ba\u011flama\u011fa d\u0259v\u0259t edir\u201d,<\/em>&#8211; S\u0259m\u0259d R\u0259himli deyib.<\/p>\n\n\n\n<p><em>\u201cBel\u0259 olan halda t\u0259r\u0259fl\u0259r h\u00fcquqi b\u0259rab\u0259rlik prinsipin\u0259 uy\u011fun olaraq masa \u0259traf\u0131nda oturub m\u00fczakir\u0259 edib, qar\u015f\u0131l\u0131ql\u0131 q\u0259na\u0259t\u0259 g\u0259lib m\u00fcqavil\u0259 ba\u011flam\u0131\u015f olmurlar. Bu halda bir t\u0259r\u0259f dig\u0259r t\u0259r\u0259fi b\u0259lli m\u00fcqavil\u0259ni ba\u011flama\u011fa m\u00fc\u0259yy\u0259n tarixd\u0259 d\u0259v\u0259t etmi\u015f olur. Bu \u015f\u0259xs i\u015f\u0259g\u00f6t\u00fcr\u0259ndir v\u0259 i\u015f\u0259g\u00f6t\u00fcr\u0259n i\u015f\u00e7il\u0259ri toplu halda m\u00fcqavil\u0259 ba\u011flama\u011fa vadar ed\u0259nd\u0259 bu ona d\u0259lal\u0259t edir ki, i\u015f\u0259g\u00f6t\u00fcr\u0259n h\u00fcquqi b\u0259rab\u0259rlik prinsipin\u0259 zidd olaraq i\u015f\u00e7il\u0259r\u0259 m\u00fcnasib\u0259td\u0259 daha yuxar\u0131 v\u0259ziyy\u0259td\u0259 olur. Bu m\u00f6vqed\u0259n \u00e7\u0131x\u0131\u015f ed\u0259r\u0259k i\u015f\u00e7il\u0259ri \u0259m\u0259k m\u00fcqavil\u0259si ba\u011flama\u011fa vadar etm\u0259k \u018fm\u0259k M\u0259c\u0259ll\u0259sind\u0259 qeyd olunan h\u00fcquqi b\u0259rab\u0259rlik prinsipinin pozuntusudur\u201d.<\/em><\/p>\n\n\n\n<p>Banu \u0130smay\u0131lova deyir ki, onlar\u0131n \u0259m\u0259k m\u00fcqavil\u0259l\u0259rin\u0259 \u0259sas\u0259n, onlar kommersiya f\u0259aliyy\u0259ti il\u0259 m\u0259\u015f\u011ful ola bilm\u0259zl\u0259r. Lakin i\u015f\u00e7il\u0259r qeyri-qanuni olaraq havaliman\u0131nda \u201cBakcell\u201d mobil operatoruna m\u0259xsus n\u00f6mr\u0259l\u0259rin sat\u0131\u015f\u0131na c\u0259lb edilibl\u0259r. \u0130\u015f\u00e7il\u0259r bu m\u0259s\u0259l\u0259y\u0259 qar\u015f\u0131 \u00e7\u0131xd\u0131qdan sonra s\u0131rf Bakcell n\u00f6mr\u0259l\u0259rinin sat\u0131\u015f\u0131n\u0131 h\u0259yata ke\u00e7irm\u0259k \u00fc\u00e7\u00fcn \u201cASAN Visa\u201dya ba\u015fqa i\u015f\u00e7i g\u00f6t\u00fcr\u00fcbl\u0259r. Havaliman\u0131 r\u0259hb\u0259rliyind\u0259ki d\u0259yi\u015fiklikd\u0259n sonra is\u0259 havaliman\u0131nda \u201cBakcell\u201d n\u00f6mr\u0259l\u0259rinin sat\u0131\u015f\u0131 dayand\u0131r\u0131l\u0131b.<\/p>\n\n\n\n<p>Banu \u0130smay\u0131lova \u0259lav\u0259 edir  ki, bu ideya ilk d\u0259f\u0259 ir\u0259li s\u00fcr\u00fcl\u0259nd\u0259 buna etiraz edib. \u0130nnovasiyalar M\u0259rk\u0259zinin direktor m\u00fcavini Soltan Hac\u0131yev is\u0259 onun i\u015f\u00e7i kimi etiraz etm\u0259k h\u00fcququna cavab olaraq, onu ara qar\u0131\u015fd\u0131rmaqda ittiham edib. \u0130smay\u0131lova i\u015f\u00e7il\u0259rin \u0130nsan Resurslar\u0131na v\u0259 m\u0259rk\u0259zin dig\u0259r s\u0259lahiyy\u0259tli n\u00f6mr\u0259l\u0259rin\u0259 m\u00fcxt\u0259lif vaxtlarda \u015fikay\u0259tl\u0259r etdiyini, b\u0259zil\u0259rinin v\u0259ziyy\u0259td\u0259n bezib i\u015fd\u0259n \u00e7\u0131xd\u0131qlar\u0131n\u0131 bildirir:<\/p>\n\n\n\n<p><em>\u201c\u0130\u015fd\u0259n \u00e7\u0131xan, etiraz ed\u0259n i\u015f\u00e7il\u0259r bir s\u0131ra m\u0259s\u0259l\u0259l\u0259rl\u0259 ba\u011fl\u0131 \u015fikay\u0259t edirdil\u0259r, dig\u0259r m\u0259s\u0259l\u0259 d\u0259 bizl\u0259 raz\u0131la\u015fmadan, i\u015f\u00e7i \u00e7at\u0131\u015fmazl\u0131\u011f\u0131na g\u00f6r\u0259 bir anda onlar\u0131n i\u015f c\u0259dv\u0259ll\u0259rinin d\u0259yi\u015fm\u0259yi olub. Yeni terminal\u0131n a\u00e7\u0131l\u0131\u015f\u0131 il\u0259 bizim i\u015f y\u00fck\u00fcm\u00fcz t\u0259xmin\u0259n 30% art\u0131r\u0131ld\u0131. Bizim etiraz\u0131m\u0131z h\u0259m d\u0259 bu idi ki, bunu biz\u0259 \u0259vv\u0259lc\u0259d\u0259n bildirm\u0259liydil\u0259r, \u00e7\u00fcnki i\u015f, d\u0259rs v\u0259 b\u00fct\u00fcn planlar\u0131m\u0131z i\u015f c\u0259dv\u0259limiz \u0259sas\u0131nda qurulmu\u015fdu\u201d.<\/em><\/p>\n\n\n\n<p><em>\u201cDig\u0259r problem onlar\u0131n bayram g\u00fcnl\u0259rind\u0259 maa\u015f\u0131m\u0131z\u0131 ikiqat hesablamamaqlar\u0131 idi. Yanvar\u0131n 1-i i\u015f\u0259 \u00e7\u0131x\u0131r\u0131qsa, 31 dekabr deyil dey\u0259, maa\u015f\u0131m\u0131z ikiqat hesablanm\u0131r. Normalda h\u0259min g\u00fcnl\u0259r bayram g\u00fcn\u00fc say\u0131lmal\u0131 v\u0259 biz\u0259 ikiqat maa\u015f verm\u0259lidirl\u0259r. Bayram g\u00fcnl\u0259rind\u0259 biz\u0259 el\u0259 istirah\u0259t g\u00fcn\u00fc, saat\u0131 verilirdi ki, he\u00e7 ail\u0259mizl\u0259 bayram ke\u00e7ir\u0259 bilmirdik lakin maa\u015f\u0131m\u0131z da \u0259n\u0259n\u0259vi qaydada hesablan\u0131rd\u0131.\u201d<\/em><\/p>\n\n\n\n<p>\u0130smay\u0131lova etiraz ed\u0259n i\u015f\u00e7il\u0259rin etiraz\u0131n\u0131n r\u0259hb\u0259rlik t\u0259r\u0259find\u0259n n\u0259inki n\u0259z\u0259r\u0259 al\u0131nmad\u0131\u011f\u0131n\u0131, h\u0259tta onlarla kobud formada dan\u0131\u015f\u0131ld\u0131\u011f\u0131n\u0131 bildirir:<\/p>\n\n\n\n<p><em>\u201cN\u00f6mr\u0259 sat\u0131\u015f\u0131, i\u015f c\u0259dv\u0259ll\u0259rinin d\u0259yi\u015fdirilm\u0259si s\u0259b\u0259bi il\u0259 etiraz\u0131m\u0131z\u0131 bildirm\u0259k \u00fc\u00e7\u00fcn r\u0259hb\u0259rlikl\u0259 g\u00f6r\u00fc\u015fm\u0259k ist\u0259dik. \u018fvv\u0259lc\u0259 \u0130nnovasiya M\u0259rk\u0259zinin direktoru V\u00fcsal R\u00fcst\u0259movla g\u00f6r\u00fc\u015fm\u0259k, dan\u0131\u015fmaq ist\u0259dik, lakin biz i\u015fl\u0259diyimiz d\u00f6vrd\u0259 buna he\u00e7 vaxt nail ola bilm\u0259dik. Daha sonra bizl\u0259 yen\u0259 Ziya \u0130brahimli, Soltan Hac\u0131yev v\u0259 o zamank\u0131 \u0130nsan Resurslar\u0131n\u0131n i\u015f\u00e7isi Ayt\u0259n \u015e\u0131x\u0259liyeva g\u00f6r\u00fc\u015fd\u00fc. G\u00f6r\u00fc\u015fd\u0259 bizl\u0259 he\u00e7 d\u0259 xo\u015f olmayan dan\u0131\u015f\u0131q oldu v\u0259 \u00fcst\u00fcnd\u0259n bir ne\u00e7\u0259 saat ke\u00e7\u0259nd\u0259n sonra qrupa i\u015f rejimind\u0259ki d\u0259yi\u015fiklikl\u0259rin sabit qalaca\u011f\u0131n\u0131 dedi. Daha sonra \u201cZoom\u201d iclas\u0131nda biziml\u0259 \u00e7ox kobud t\u0259rzd\u0259 dan\u0131\u015fd\u0131. Buna etiraz olaraq agentliy\u0259 \u015fikay\u0259t\u0259 getdim, \u00dclvi Mehdiyevin q\u0259bulunda oldum, lakin he\u00e7 bir n\u0259tic\u0259si olmad\u0131\u201d.<\/em><\/p>\n\n\n\n<p>\u015eikay\u0259td\u0259n sonra m\u0259zuniyy\u0259t\u0259 ged\u0259n \u0130smay\u0131lova deyir ki, m\u0259zuniyy\u0259td\u0259n qay\u0131td\u0131qdan sonra ona qeyri-qanuni x\u0259b\u0259rdarl\u0131q verilib v\u0259 qiym\u0259tl\u0259ndirilm\u0259si k\u0259silib:<\/p>\n\n\n\n<p><em>\u201cM\u0259zuniyy\u0259td\u0259n qay\u0131td\u0131qdan sonra \u0130nsan Resurslar\u0131n\u0131n ba\u015f m\u00fct\u0259x\u0259ssisi G\u00fcnel Allahverdiyeva m\u0259n\u0259 x\u0259b\u0259rdarl\u0131q verdi v\u0259 dedi ki, yax\u015f\u0131 olar ki, imzalay\u0131m; onsuz da r\u0259hb\u0259rliyim bar\u0259md\u0259 yax\u015f\u0131 d\u00fc\u015f\u00fcnm\u00fcr\u201d.<\/em><\/p>\n\n\n\n<p><em>\u201cDaha sonra qiym\u0259tl\u0259ndirm\u0259mi k\u0259sdil\u0259r, halbuki m\u0259n\u0259 h\u0259mi\u015f\u0259 yax\u015f\u0131 i\u015f\u00e7i oldu\u011fumu, i\u015fimi yax\u015f\u0131 g\u00f6rd\u00fcy\u00fcm\u00fc deyibl\u0259r, s\u00fcbutlar da var. Biz indiy\u0259 q\u0259d\u0259r qiym\u0259tl\u0259ndirm\u0259 meyyar\u0131n\u0131n, nizam-intizam qaydalar\u0131n\u0131n d\u0259qiq hal\u0131 haqq\u0131nda m\u0259lumatland\u0131r\u0131lmam\u0131\u015f\u0131q. \u0130lk d\u0259f\u0259 qiym\u0259tl\u0259ndirm\u0259 5 iyul 2023-c\u00fc ild\u0259 ba\u015flay\u0131b v\u0259 sonra alt\u0131 aydan bir qiym\u0259tl\u0259ndirm\u0259 apar\u0131l\u0131rd\u0131. Qiym\u0259tl\u0259ndirm\u0259nin n\u0259yin \u0259sas\u0131nda apar\u0131ld\u0131\u011f\u0131n\u0131 soru\u015fandan sonra ASAN Vizan\u0131n \u015f\u00f6b\u0259 m\u00fcdiri \u0130smay\u0131l R\u0259sulzad\u0259 qrupa mesaj yazaraq departamentin r\u0259hb\u0259rliyinin qiym\u0259tl\u0259ndirm\u0259si \u0259sas\u0131nda 4 b\u0259nd qeyd etdi v\u0259 davam\u0131nda uzun mesaj yaz\u0131b, h\u0259tta i\u015f\u00e7il\u0259ri layiq olduqlar\u0131ndan art\u0131q qiym\u0259tl\u0259ndirdiyini iddia etdi v\u0259 he\u00e7 k\u0259sin yax\u0131nla\u015f\u0131b bu bar\u0259d\u0259 n\u0259s\u0259 soru\u015fmama\u011f\u0131n\u0131 bildirdi. H\u0259min mesajda h\u0259m d\u0259 he\u00e7 k\u0259s\u0259 x\u0259b\u0259rdarl\u0131q verilm\u0259diyini bildirmi\u015fdi. Bununla da ba\u015fa d\u00fc\u015fd\u00fcm ki, m\u0259n\u0259 imzalatd\u0131r\u0131lma\u011fa \u00e7al\u0131\u015f\u0131lan x\u0259b\u0259rdarl\u0131q qeyri-qanuni imi\u015f.\u201d<\/em><\/p>\n\n\n\n<p>Banu \u0130smay\u0131lova h\u0259m d\u0259 deyir ki, \u015fikay\u0259t ed\u0259n v\u0259 i\u015fd\u0259n \u00e7\u0131xan i\u015f\u00e7il\u0259r dig\u0259rl\u0259rin\u0259 qorxu n\u00fcmun\u0259si kimi istifad\u0259 edilir. Onun s\u00f6zl\u0259rin\u0259 g\u00f6r\u0259, i\u015f\u00e7il\u0259r davaml\u0131 olaraq i\u015fini itirm\u0259k t\u0259zyiqi il\u0259 \u00fcz-\u00fcz\u0259 qalaraq istismar edilirl\u0259r.<\/p>\n\n\n\n<p>H\u00fcquq\u015f\u00fcnas Zakir Bayramov deyir ki, i\u015f\u0259g\u00f6t\u00fcr\u0259nin i\u015f\u00e7ini bu c\u00fcr t\u0259zyiq alt\u0131nda saxlamas\u0131 \u018fm\u0259k M\u0259c\u0259ll\u0259sind\u0259 n\u0259z\u0259rd\u0259 tutulan \u0259m\u0259k h\u00fcququnun pozuntusudur.<\/p>\n\n\n\n<p>Onun s\u00f6zl\u0259rin\u0259 g\u00f6r\u0259, \u0259m\u0259k m\u00fcqavil\u0259sin\u0259 xitam veril\u0259c\u0259yi h\u0259d\u0259-qorxusu il\u0259 i\u015f\u00e7il\u0259rin n\u0259z\u0259rd\u0259 tutulandan v\u0259 m\u00fcqavil\u0259l\u0259rind\u0259 g\u00f6st\u0259ril\u0259nd\u0259n art\u0131q i\u015fl\u0259dilm\u0259si, onlar\u0131 dig\u0259r i\u015fl\u0259r\u0259 c\u0259lb etm\u0259k i\u015f\u0259g\u00f6t\u00fcr\u0259ni m\u0259suliyy\u0259t\u0259 c\u0259lb etm\u0259y\u0259 \u0259sas verir.<\/p>\n\n\n\n<p>\u018fm\u0259k h\u00fcququnun qorunmas\u0131 m\u0259qs\u0259dil\u0259 i\u015f\u00e7il\u0259r \u0259m\u0259k m\u00fcqavil\u0259sinin m\u00fcdd\u0259tsiz hesab edilm\u0259si, i\u015fsiz qald\u0131\u011f\u0131 m\u00fcdd\u0259td\u0259 \u0259m\u0259khaqq\u0131n\u0131n hesablanmas\u0131 v\u0259 i\u015f\u0259 b\u0259rpaya dair m\u0259hk\u0259m\u0259y\u0259 m\u00fcraci\u0259t ed\u0259 bil\u0259r. H\u0259m\u00e7inin onlar\u0131n i\u015f\u0259g\u00f6t\u00fcr\u0259nl\u0259r\u0259 qar\u015f\u0131 dig\u0259r h\u00fcquqlar\u0131n\u0131n pozulmas\u0131 \u0259sas\u0131nda kompensasiya da ala bil\u0259rl\u0259r. \u018fvv\u0259lc\u0259 mediasiyaya m\u00fcraci\u0259t edilm\u0259li, qar\u015f\u0131 t\u0259r\u0259f\u0259 ilkin mediasiya t\u0259klifini g\u00f6nd\u0259rm\u0259lidir. O cavaba uy\u011fun da mediasiya prosessinin n\u0259tic\u0259si \u0259sas\u0131nda m\u0259hk\u0259m\u0259y\u0259 m\u00fcraci\u0259t ed\u0259 bil\u0259c\u0259kl\u0259r. \u018fm\u0259k m\u00fcf\u0259tti\u015fliyinin e-mail adressin\u0259 yaza, &#8220;142&#8221; qaynar x\u0259ttin\u0259 z\u0259ng ed\u0259 bil\u0259rl\u0259r.<\/p>\n\n\n\n<p>M\u0259s\u0259l\u0259 il\u0259 \u0259laq\u0259dar ad\u0131\u00e7\u0259kil\u0259n \u015f\u0259xsl\u0259r v\u0259 qurumlar\u0131n m\u00fcnasib\u0259tini almaq m\u00fcmk\u00fcn olmay\u0131b.<\/p>\n","protected":false},"excerpt":{"rendered":"<p>H\u00fcquq\u015f\u00fcnas bildirir ki, i\u015f\u0259g\u00f6t\u00fcr\u0259n i\u015f\u00e7il\u0259rin \u018fm\u0259k M\u0259c\u0259ll\u0259sind\u0259 n\u0259z\u0259rd\u0259 tutulan bir &#8230; <\/p>\n<p class=\"read-more-container\"><a title=\"ASAN Xidm\u0259tin \u0259m\u0259kda\u015f\u0131  payla\u015fd\u0131\u011f\u0131 videoya g\u00f6r\u0259 i\u015fd\u0259n \u00e7\u0131xar\u0131ld\u0131\u011f\u0131n\u0131 deyir\" class=\"read-more button\" href=\"https:\/\/www.meydan.tv\/az\/article\/asan-xidm%c9%99tin-%c9%99m%c9%99kdasi-whatsappda-paylasdigi-videoya-gor%c9%99-isd%c9%99n-cixarildigini-deyir\/#more-328457\" aria-label=\"Read more about ASAN Xidm\u0259tin \u0259m\u0259kda\u015f\u0131  payla\u015fd\u0131\u011f\u0131 videoya g\u00f6r\u0259 i\u015fd\u0259n \u00e7\u0131xar\u0131ld\u0131\u011f\u0131n\u0131 deyir\">Davam\u0131<\/a><\/p>\n","protected":false},"author":21,"featured_media":328500,"comment_status":"closed","ping_status":"closed","sticky":false,"template":"","format":"standard","meta":{"_acf_changed":false,"_sitemap_exclude":false,"_sitemap_priority":"","_sitemap_frequency":"","footnotes":""},"categories":[62,79,56],"tags":[],"class_list":["post-328457","post","type-post","status-publish","format-standard","has-post-thumbnail","hentry","category-sosial","category-featured","category-xeberler","infinite-scroll-item","generate-columns","tablet-grid-50","mobile-grid-100","grid-parent","grid-33","no-featured-image-padding"],"acf":[],"yoast_head":"<!-- This site is optimized with the Yoast SEO plugin v27.4 - https:\/\/yoast.com\/product\/yoast-seo-wordpress\/ -->\n<title>ASAN Xidm\u0259tin \u0259m\u0259kda\u015f\u0131 payla\u015fd\u0131\u011f\u0131 videoya g\u00f6r\u0259 i\u015fd\u0259n \u00e7\u0131xar\u0131ld\u0131\u011f\u0131n\u0131 deyir - MEYDAN.TV<\/title>\n<meta name=\"robots\" content=\"index, follow, max-snippet:-1, max-image-preview:large, max-video-preview:-1\" \/>\n<link rel=\"canonical\" href=\"https:\/\/www.meydan.tv\/az\/article\/asan-xidm%c9%99tin-%c9%99m%c9%99kdasi-whatsappda-paylasdigi-videoya-gor%c9%99-isd%c9%99n-cixarildigini-deyir\/\" \/>\n<meta property=\"og:locale\" content=\"az_AZ\" \/>\n<meta property=\"og:type\" content=\"article\" \/>\n<meta property=\"og:title\" content=\"ASAN Xidm\u0259tin \u0259m\u0259kda\u015f\u0131 payla\u015fd\u0131\u011f\u0131 videoya g\u00f6r\u0259 i\u015fd\u0259n \u00e7\u0131xar\u0131ld\u0131\u011f\u0131n\u0131 deyir - MEYDAN.TV\" \/>\n<meta property=\"og:description\" content=\"H\u00fcquq\u015f\u00fcnas bildirir ki, i\u015f\u0259g\u00f6t\u00fcr\u0259n i\u015f\u00e7il\u0259rin \u018fm\u0259k M\u0259c\u0259ll\u0259sind\u0259 n\u0259z\u0259rd\u0259 tutulan bir ... Davam\u0131\" \/>\n<meta property=\"og:url\" content=\"https:\/\/www.meydan.tv\/az\/article\/asan-xidm%c9%99tin-%c9%99m%c9%99kdasi-whatsappda-paylasdigi-videoya-gor%c9%99-isd%c9%99n-cixarildigini-deyir\/\" \/>\n<meta property=\"og:site_name\" content=\"MEYDAN.TV\" \/>\n<meta property=\"article:published_time\" content=\"2025-04-07T12:24:17+00:00\" \/>\n<meta property=\"article:modified_time\" content=\"2025-04-07T12:56:18+00:00\" \/>\n<meta property=\"og:image\" content=\"https:\/\/www.meydan.tv\/wp-content\/uploads\/533.png\" \/>\n\t<meta property=\"og:image:width\" content=\"1179\" \/>\n\t<meta property=\"og:image:height\" content=\"576\" \/>\n\t<meta property=\"og:image:type\" content=\"image\/png\" \/>\n<meta name=\"author\" content=\"mahmud\" \/>\n<meta name=\"twitter:card\" content=\"summary_large_image\" \/>\n<script type=\"application\/ld+json\" class=\"yoast-schema-graph\">{\"@context\":\"https:\\\/\\\/schema.org\",\"@graph\":[{\"@type\":\"Article\",\"@id\":\"https:\\\/\\\/www.meydan.tv\\\/az\\\/article\\\/asan-xidm%c9%99tin-%c9%99m%c9%99kdasi-whatsappda-paylasdigi-videoya-gor%c9%99-isd%c9%99n-cixarildigini-deyir\\\/#article\",\"isPartOf\":{\"@id\":\"https:\\\/\\\/www.meydan.tv\\\/az\\\/article\\\/asan-xidm%c9%99tin-%c9%99m%c9%99kdasi-whatsappda-paylasdigi-videoya-gor%c9%99-isd%c9%99n-cixarildigini-deyir\\\/\"},\"author\":{\"name\":\"mahmud\",\"@id\":\"https:\\\/\\\/www.meydan.tv\\\/az\\\/#\\\/schema\\\/person\\\/09863e516102a829e72bedcf3f84c6b0\"},\"headline\":\"ASAN Xidm\u0259tin \u0259m\u0259kda\u015f\u0131 payla\u015fd\u0131\u011f\u0131 videoya g\u00f6r\u0259 i\u015fd\u0259n \u00e7\u0131xar\u0131ld\u0131\u011f\u0131n\u0131 deyir\",\"datePublished\":\"2025-04-07T12:24:17+00:00\",\"dateModified\":\"2025-04-07T12:56:18+00:00\",\"mainEntityOfPage\":{\"@id\":\"https:\\\/\\\/www.meydan.tv\\\/az\\\/article\\\/asan-xidm%c9%99tin-%c9%99m%c9%99kdasi-whatsappda-paylasdigi-videoya-gor%c9%99-isd%c9%99n-cixarildigini-deyir\\\/\"},\"wordCount\":2669,\"publisher\":{\"@id\":\"https:\\\/\\\/www.meydan.tv\\\/az\\\/#organization\"},\"image\":{\"@id\":\"https:\\\/\\\/www.meydan.tv\\\/az\\\/article\\\/asan-xidm%c9%99tin-%c9%99m%c9%99kdasi-whatsappda-paylasdigi-videoya-gor%c9%99-isd%c9%99n-cixarildigini-deyir\\\/#primaryimage\"},\"thumbnailUrl\":\"https:\\\/\\\/www.meydan.tv\\\/wp-content\\\/uploads\\\/533.png\",\"articleSection\":[\"Sosial\",\"T\u00f6vsiy\u0259\",\"X\u0259b\u0259rl\u0259r\"],\"inLanguage\":\"az\"},{\"@type\":\"WebPage\",\"@id\":\"https:\\\/\\\/www.meydan.tv\\\/az\\\/article\\\/asan-xidm%c9%99tin-%c9%99m%c9%99kdasi-whatsappda-paylasdigi-videoya-gor%c9%99-isd%c9%99n-cixarildigini-deyir\\\/\",\"url\":\"https:\\\/\\\/www.meydan.tv\\\/az\\\/article\\\/asan-xidm%c9%99tin-%c9%99m%c9%99kdasi-whatsappda-paylasdigi-videoya-gor%c9%99-isd%c9%99n-cixarildigini-deyir\\\/\",\"name\":\"ASAN Xidm\u0259tin \u0259m\u0259kda\u015f\u0131 payla\u015fd\u0131\u011f\u0131 videoya g\u00f6r\u0259 i\u015fd\u0259n \u00e7\u0131xar\u0131ld\u0131\u011f\u0131n\u0131 deyir - MEYDAN.TV\",\"isPartOf\":{\"@id\":\"https:\\\/\\\/www.meydan.tv\\\/az\\\/#website\"},\"primaryImageOfPage\":{\"@id\":\"https:\\\/\\\/www.meydan.tv\\\/az\\\/article\\\/asan-xidm%c9%99tin-%c9%99m%c9%99kdasi-whatsappda-paylasdigi-videoya-gor%c9%99-isd%c9%99n-cixarildigini-deyir\\\/#primaryimage\"},\"image\":{\"@id\":\"https:\\\/\\\/www.meydan.tv\\\/az\\\/article\\\/asan-xidm%c9%99tin-%c9%99m%c9%99kdasi-whatsappda-paylasdigi-videoya-gor%c9%99-isd%c9%99n-cixarildigini-deyir\\\/#primaryimage\"},\"thumbnailUrl\":\"https:\\\/\\\/www.meydan.tv\\\/wp-content\\\/uploads\\\/533.png\",\"datePublished\":\"2025-04-07T12:24:17+00:00\",\"dateModified\":\"2025-04-07T12:56:18+00:00\",\"breadcrumb\":{\"@id\":\"https:\\\/\\\/www.meydan.tv\\\/az\\\/article\\\/asan-xidm%c9%99tin-%c9%99m%c9%99kdasi-whatsappda-paylasdigi-videoya-gor%c9%99-isd%c9%99n-cixarildigini-deyir\\\/#breadcrumb\"},\"inLanguage\":\"az\",\"potentialAction\":[{\"@type\":\"ReadAction\",\"target\":[\"https:\\\/\\\/www.meydan.tv\\\/az\\\/article\\\/asan-xidm%c9%99tin-%c9%99m%c9%99kdasi-whatsappda-paylasdigi-videoya-gor%c9%99-isd%c9%99n-cixarildigini-deyir\\\/\"]}]},{\"@type\":\"ImageObject\",\"inLanguage\":\"az\",\"@id\":\"https:\\\/\\\/www.meydan.tv\\\/az\\\/article\\\/asan-xidm%c9%99tin-%c9%99m%c9%99kdasi-whatsappda-paylasdigi-videoya-gor%c9%99-isd%c9%99n-cixarildigini-deyir\\\/#primaryimage\",\"url\":\"https:\\\/\\\/www.meydan.tv\\\/wp-content\\\/uploads\\\/533.png\",\"contentUrl\":\"https:\\\/\\\/www.meydan.tv\\\/wp-content\\\/uploads\\\/533.png\",\"width\":1179,\"height\":576,\"caption\":\"ASAN Xidm\u0259t - Foto: ASAN Xidm\u0259t Facebook s\u0259hif\u0259si\"},{\"@type\":\"BreadcrumbList\",\"@id\":\"https:\\\/\\\/www.meydan.tv\\\/az\\\/article\\\/asan-xidm%c9%99tin-%c9%99m%c9%99kdasi-whatsappda-paylasdigi-videoya-gor%c9%99-isd%c9%99n-cixarildigini-deyir\\\/#breadcrumb\",\"itemListElement\":[{\"@type\":\"ListItem\",\"position\":1,\"name\":\"Ana s\u0259hif\u0259\",\"item\":\"https:\\\/\\\/www.meydan.tv\\\/az\\\/\"},{\"@type\":\"ListItem\",\"position\":2,\"name\":\"Sosial\",\"item\":\"https:\\\/\\\/www.meydan.tv\\\/az\\\/section\\\/sosial\\\/\"},{\"@type\":\"ListItem\",\"position\":3,\"name\":\"ASAN Xidm\u0259tin \u0259m\u0259kda\u015f\u0131 payla\u015fd\u0131\u011f\u0131 videoya g\u00f6r\u0259 i\u015fd\u0259n \u00e7\u0131xar\u0131ld\u0131\u011f\u0131n\u0131 deyir\"}]},{\"@type\":\"WebSite\",\"@id\":\"https:\\\/\\\/www.meydan.tv\\\/az\\\/#website\",\"url\":\"https:\\\/\\\/www.meydan.tv\\\/az\\\/\",\"name\":\"MEYDAN.TV\",\"description\":\"Meydan TV Az\u0259rbaycan\u0131n media m\u0259kan\u0131ndak\u0131 alternativ s\u0259sidir\",\"publisher\":{\"@id\":\"https:\\\/\\\/www.meydan.tv\\\/az\\\/#organization\"},\"potentialAction\":[{\"@type\":\"SearchAction\",\"target\":{\"@type\":\"EntryPoint\",\"urlTemplate\":\"https:\\\/\\\/www.meydan.tv\\\/az\\\/?s={search_term_string}\"},\"query-input\":{\"@type\":\"PropertyValueSpecification\",\"valueRequired\":true,\"valueName\":\"search_term_string\"}}],\"inLanguage\":\"az\"},{\"@type\":\"Organization\",\"@id\":\"https:\\\/\\\/www.meydan.tv\\\/az\\\/#organization\",\"name\":\"Meydan TV\",\"url\":\"https:\\\/\\\/www.meydan.tv\\\/az\\\/\",\"logo\":{\"@type\":\"ImageObject\",\"inLanguage\":\"az\",\"@id\":\"https:\\\/\\\/www.meydan.tv\\\/az\\\/#\\\/schema\\\/logo\\\/image\\\/\",\"url\":\"https:\\\/\\\/www.meydan.tv\\\/wp-content\\\/uploads\\\/2021\\\/07\\\/meydan-logo.svg\",\"contentUrl\":\"https:\\\/\\\/www.meydan.tv\\\/wp-content\\\/uploads\\\/2021\\\/07\\\/meydan-logo.svg\",\"width\":195,\"height\":46,\"caption\":\"Meydan TV\"},\"image\":{\"@id\":\"https:\\\/\\\/www.meydan.tv\\\/az\\\/#\\\/schema\\\/logo\\\/image\\\/\"}},{\"@type\":\"Person\",\"@id\":\"https:\\\/\\\/www.meydan.tv\\\/az\\\/#\\\/schema\\\/person\\\/09863e516102a829e72bedcf3f84c6b0\",\"name\":\"mahmud\"}]}<\/script>\n<!-- \/ Yoast SEO plugin. -->","yoast_head_json":{"title":"ASAN Xidm\u0259tin \u0259m\u0259kda\u015f\u0131 payla\u015fd\u0131\u011f\u0131 videoya g\u00f6r\u0259 i\u015fd\u0259n \u00e7\u0131xar\u0131ld\u0131\u011f\u0131n\u0131 deyir - MEYDAN.TV","robots":{"index":"index","follow":"follow","max-snippet":"max-snippet:-1","max-image-preview":"max-image-preview:large","max-video-preview":"max-video-preview:-1"},"canonical":"https:\/\/www.meydan.tv\/az\/article\/asan-xidm%c9%99tin-%c9%99m%c9%99kdasi-whatsappda-paylasdigi-videoya-gor%c9%99-isd%c9%99n-cixarildigini-deyir\/","og_locale":"az_AZ","og_type":"article","og_title":"ASAN Xidm\u0259tin \u0259m\u0259kda\u015f\u0131 payla\u015fd\u0131\u011f\u0131 videoya g\u00f6r\u0259 i\u015fd\u0259n \u00e7\u0131xar\u0131ld\u0131\u011f\u0131n\u0131 deyir - MEYDAN.TV","og_description":"H\u00fcquq\u015f\u00fcnas bildirir ki, i\u015f\u0259g\u00f6t\u00fcr\u0259n i\u015f\u00e7il\u0259rin \u018fm\u0259k M\u0259c\u0259ll\u0259sind\u0259 n\u0259z\u0259rd\u0259 tutulan bir ... Davam\u0131","og_url":"https:\/\/www.meydan.tv\/az\/article\/asan-xidm%c9%99tin-%c9%99m%c9%99kdasi-whatsappda-paylasdigi-videoya-gor%c9%99-isd%c9%99n-cixarildigini-deyir\/","og_site_name":"MEYDAN.TV","article_published_time":"2025-04-07T12:24:17+00:00","article_modified_time":"2025-04-07T12:56:18+00:00","og_image":[{"width":1179,"height":576,"url":"https:\/\/www.meydan.tv\/wp-content\/uploads\/533.png","type":"image\/png"}],"author":"mahmud","twitter_card":"summary_large_image","schema":{"@context":"https:\/\/schema.org","@graph":[{"@type":"Article","@id":"https:\/\/www.meydan.tv\/az\/article\/asan-xidm%c9%99tin-%c9%99m%c9%99kdasi-whatsappda-paylasdigi-videoya-gor%c9%99-isd%c9%99n-cixarildigini-deyir\/#article","isPartOf":{"@id":"https:\/\/www.meydan.tv\/az\/article\/asan-xidm%c9%99tin-%c9%99m%c9%99kdasi-whatsappda-paylasdigi-videoya-gor%c9%99-isd%c9%99n-cixarildigini-deyir\/"},"author":{"name":"mahmud","@id":"https:\/\/www.meydan.tv\/az\/#\/schema\/person\/09863e516102a829e72bedcf3f84c6b0"},"headline":"ASAN Xidm\u0259tin \u0259m\u0259kda\u015f\u0131 payla\u015fd\u0131\u011f\u0131 videoya g\u00f6r\u0259 i\u015fd\u0259n \u00e7\u0131xar\u0131ld\u0131\u011f\u0131n\u0131 deyir","datePublished":"2025-04-07T12:24:17+00:00","dateModified":"2025-04-07T12:56:18+00:00","mainEntityOfPage":{"@id":"https:\/\/www.meydan.tv\/az\/article\/asan-xidm%c9%99tin-%c9%99m%c9%99kdasi-whatsappda-paylasdigi-videoya-gor%c9%99-isd%c9%99n-cixarildigini-deyir\/"},"wordCount":2669,"publisher":{"@id":"https:\/\/www.meydan.tv\/az\/#organization"},"image":{"@id":"https:\/\/www.meydan.tv\/az\/article\/asan-xidm%c9%99tin-%c9%99m%c9%99kdasi-whatsappda-paylasdigi-videoya-gor%c9%99-isd%c9%99n-cixarildigini-deyir\/#primaryimage"},"thumbnailUrl":"https:\/\/www.meydan.tv\/wp-content\/uploads\/533.png","articleSection":["Sosial","T\u00f6vsiy\u0259","X\u0259b\u0259rl\u0259r"],"inLanguage":"az"},{"@type":"WebPage","@id":"https:\/\/www.meydan.tv\/az\/article\/asan-xidm%c9%99tin-%c9%99m%c9%99kdasi-whatsappda-paylasdigi-videoya-gor%c9%99-isd%c9%99n-cixarildigini-deyir\/","url":"https:\/\/www.meydan.tv\/az\/article\/asan-xidm%c9%99tin-%c9%99m%c9%99kdasi-whatsappda-paylasdigi-videoya-gor%c9%99-isd%c9%99n-cixarildigini-deyir\/","name":"ASAN Xidm\u0259tin \u0259m\u0259kda\u015f\u0131 payla\u015fd\u0131\u011f\u0131 videoya g\u00f6r\u0259 i\u015fd\u0259n \u00e7\u0131xar\u0131ld\u0131\u011f\u0131n\u0131 deyir - MEYDAN.TV","isPartOf":{"@id":"https:\/\/www.meydan.tv\/az\/#website"},"primaryImageOfPage":{"@id":"https:\/\/www.meydan.tv\/az\/article\/asan-xidm%c9%99tin-%c9%99m%c9%99kdasi-whatsappda-paylasdigi-videoya-gor%c9%99-isd%c9%99n-cixarildigini-deyir\/#primaryimage"},"image":{"@id":"https:\/\/www.meydan.tv\/az\/article\/asan-xidm%c9%99tin-%c9%99m%c9%99kdasi-whatsappda-paylasdigi-videoya-gor%c9%99-isd%c9%99n-cixarildigini-deyir\/#primaryimage"},"thumbnailUrl":"https:\/\/www.meydan.tv\/wp-content\/uploads\/533.png","datePublished":"2025-04-07T12:24:17+00:00","dateModified":"2025-04-07T12:56:18+00:00","breadcrumb":{"@id":"https:\/\/www.meydan.tv\/az\/article\/asan-xidm%c9%99tin-%c9%99m%c9%99kdasi-whatsappda-paylasdigi-videoya-gor%c9%99-isd%c9%99n-cixarildigini-deyir\/#breadcrumb"},"inLanguage":"az","potentialAction":[{"@type":"ReadAction","target":["https:\/\/www.meydan.tv\/az\/article\/asan-xidm%c9%99tin-%c9%99m%c9%99kdasi-whatsappda-paylasdigi-videoya-gor%c9%99-isd%c9%99n-cixarildigini-deyir\/"]}]},{"@type":"ImageObject","inLanguage":"az","@id":"https:\/\/www.meydan.tv\/az\/article\/asan-xidm%c9%99tin-%c9%99m%c9%99kdasi-whatsappda-paylasdigi-videoya-gor%c9%99-isd%c9%99n-cixarildigini-deyir\/#primaryimage","url":"https:\/\/www.meydan.tv\/wp-content\/uploads\/533.png","contentUrl":"https:\/\/www.meydan.tv\/wp-content\/uploads\/533.png","width":1179,"height":576,"caption":"ASAN Xidm\u0259t - Foto: ASAN Xidm\u0259t Facebook s\u0259hif\u0259si"},{"@type":"BreadcrumbList","@id":"https:\/\/www.meydan.tv\/az\/article\/asan-xidm%c9%99tin-%c9%99m%c9%99kdasi-whatsappda-paylasdigi-videoya-gor%c9%99-isd%c9%99n-cixarildigini-deyir\/#breadcrumb","itemListElement":[{"@type":"ListItem","position":1,"name":"Ana s\u0259hif\u0259","item":"https:\/\/www.meydan.tv\/az\/"},{"@type":"ListItem","position":2,"name":"Sosial","item":"https:\/\/www.meydan.tv\/az\/section\/sosial\/"},{"@type":"ListItem","position":3,"name":"ASAN Xidm\u0259tin \u0259m\u0259kda\u015f\u0131 payla\u015fd\u0131\u011f\u0131 videoya g\u00f6r\u0259 i\u015fd\u0259n \u00e7\u0131xar\u0131ld\u0131\u011f\u0131n\u0131 deyir"}]},{"@type":"WebSite","@id":"https:\/\/www.meydan.tv\/az\/#website","url":"https:\/\/www.meydan.tv\/az\/","name":"MEYDAN.TV","description":"Meydan TV Az\u0259rbaycan\u0131n media m\u0259kan\u0131ndak\u0131 alternativ s\u0259sidir","publisher":{"@id":"https:\/\/www.meydan.tv\/az\/#organization"},"potentialAction":[{"@type":"SearchAction","target":{"@type":"EntryPoint","urlTemplate":"https:\/\/www.meydan.tv\/az\/?s={search_term_string}"},"query-input":{"@type":"PropertyValueSpecification","valueRequired":true,"valueName":"search_term_string"}}],"inLanguage":"az"},{"@type":"Organization","@id":"https:\/\/www.meydan.tv\/az\/#organization","name":"Meydan TV","url":"https:\/\/www.meydan.tv\/az\/","logo":{"@type":"ImageObject","inLanguage":"az","@id":"https:\/\/www.meydan.tv\/az\/#\/schema\/logo\/image\/","url":"https:\/\/www.meydan.tv\/wp-content\/uploads\/2021\/07\/meydan-logo.svg","contentUrl":"https:\/\/www.meydan.tv\/wp-content\/uploads\/2021\/07\/meydan-logo.svg","width":195,"height":46,"caption":"Meydan TV"},"image":{"@id":"https:\/\/www.meydan.tv\/az\/#\/schema\/logo\/image\/"}},{"@type":"Person","@id":"https:\/\/www.meydan.tv\/az\/#\/schema\/person\/09863e516102a829e72bedcf3f84c6b0","name":"mahmud"}]}},"_links":{"self":[{"href":"https:\/\/www.meydan.tv\/az\/wp-json\/wp\/v2\/posts\/328457","targetHints":{"allow":["GET"]}}],"collection":[{"href":"https:\/\/www.meydan.tv\/az\/wp-json\/wp\/v2\/posts"}],"about":[{"href":"https:\/\/www.meydan.tv\/az\/wp-json\/wp\/v2\/types\/post"}],"author":[{"embeddable":true,"href":"https:\/\/www.meydan.tv\/az\/wp-json\/wp\/v2\/users\/21"}],"replies":[{"embeddable":true,"href":"https:\/\/www.meydan.tv\/az\/wp-json\/wp\/v2\/comments?post=328457"}],"version-history":[{"count":7,"href":"https:\/\/www.meydan.tv\/az\/wp-json\/wp\/v2\/posts\/328457\/revisions"}],"predecessor-version":[{"id":328504,"href":"https:\/\/www.meydan.tv\/az\/wp-json\/wp\/v2\/posts\/328457\/revisions\/328504"}],"wp:featuredmedia":[{"embeddable":true,"href":"https:\/\/www.meydan.tv\/az\/wp-json\/wp\/v2\/media\/328500"}],"wp:attachment":[{"href":"https:\/\/www.meydan.tv\/az\/wp-json\/wp\/v2\/media?parent=328457"}],"wp:term":[{"taxonomy":"category","embeddable":true,"href":"https:\/\/www.meydan.tv\/az\/wp-json\/wp\/v2\/categories?post=328457"},{"taxonomy":"post_tag","embeddable":true,"href":"https:\/\/www.meydan.tv\/az\/wp-json\/wp\/v2\/tags?post=328457"}],"curies":[{"name":"wp","href":"https:\/\/api.w.org\/{rel}","templated":true}]}}