{"id":328439,"date":"2025-04-07T12:51:44","date_gmt":"2025-04-07T08:51:44","guid":{"rendered":"https:\/\/www.meydan.tv\/?p=328439"},"modified":"2025-04-07T13:41:14","modified_gmt":"2025-04-07T09:41:14","slug":"c%c9%99brayilda-v%c9%99-agdamda-mina-partladi-1-n%c9%99f%c9%99r-h%c9%99lak-oldu-3-n%c9%99f%c9%99r-yaralandi","status":"publish","type":"post","link":"https:\/\/www.meydan.tv\/az\/article\/c%c9%99brayilda-v%c9%99-agdamda-mina-partladi-1-n%c9%99f%c9%99r-h%c9%99lak-oldu-3-n%c9%99f%c9%99r-yaralandi\/","title":{"rendered":"C\u0259bray\u0131lda v\u0259 A\u011fdamda mina partlad\u0131; 1 n\u0259f\u0259r h\u0259lak oldu, 3 n\u0259f\u0259r yaraland\u0131"},"content":{"rendered":"\n<p><\/p>\n\n\n\n<p><strong><em>H\u0259r iki hadis\u0259 il\u0259 ba\u011fl\u0131 ara\u015fd\u0131rma apar\u0131l\u0131r<\/em><\/strong><\/p>\n\n\n\n<p>D\u00f6vl\u0259t S\u0259rh\u0259d Xidm\u0259tinin (DSX) h\u0259rbi qulluq\u00e7usu \u018fsg\u0259r Nicat o\u011flu Musazad\u0259nin C\u0259bray\u0131l rayonunda minaya d\u00fc\u015f\u0259r\u0259k h\u0259lak oldu\u011fu bildirilir.<\/p>\n\n\n\n<p>H\u0259rbi Prokurorluq hadis\u0259 il\u0259 ba\u011fl\u0131 m\u0259lumat yay\u0131b.<\/p>\n\n\n\n<p>Bildirilib ki, D\u00f6vl\u0259t S\u0259rh\u0259d Xidm\u0259tinin N sayl\u0131 h\u0259rbi hiss\u0259sinin h\u0259rbi qulluq\u00e7usunun \u00f6l\u00fcm fakt\u0131 \u0259sas\u0131nda F\u00fczuli rayon h\u0259rbi prokurorlu\u011funda Cinay\u0259t M\u0259c\u0259ll\u0259sinin m\u00fcvafiq madd\u0259si il\u0259 cinay\u0259t i\u015fi ba\u015flan\u0131laraq \u015fahidl\u0259r dindirilib, m\u00fcxt\u0259lif ekspertizalar t\u0259yin edil\u0259r\u0259k, i\u015f icraya y\u00f6n\u0259ldilib v\u0259 dig\u0259r istintaq h\u0259r\u0259k\u0259tl\u0259ri h\u0259yata ke\u00e7irilib.<\/p>\n\n\n\n<figure class=\"wp-block-image size-full\"><img decoding=\"async\" width=\"1179\" height=\"576\" data-src=\"https:\/\/www.meydan.tv\/wp-content\/uploads\/0463.png\" alt=\"\" class=\"wp-image-328436 lazyload\" src=\"data:image\/svg+xml;base64,PHN2ZyB3aWR0aD0iMSIgaGVpZ2h0PSIxIiB4bWxucz0iaHR0cDovL3d3dy53My5vcmcvMjAwMC9zdmciPjwvc3ZnPg==\" style=\"--smush-placeholder-width: 1179px; --smush-placeholder-aspect-ratio: 1179\/576;\" \/><figcaption class=\"wp-element-caption\">\u018fsg\u0259r Nicat o\u011flu Musazad\u0259 &#8211; Foto: Tiktok<\/figcaption><\/figure>\n\n\n\n<p>M\u0259rhumun n\u0259\u015fi d\u0259fn olunmas\u0131 \u00fc\u00e7\u00fcn L\u0259nk\u0259ran rayonuna apar\u0131l\u0131b. 2023-c\u00fc il t\u0259v\u0259ll\u00fcdl\u00fc \u018fsg\u0259r Musazad\u0259 G\u00f6y\u015faban k\u0259nd q\u0259biristanl\u0131\u011f\u0131nda d\u0259fn olunacaq.<\/p>\n\n\n\n<p>Aprelin 6-da is\u0259 A\u011fdam\u0131n Qalay\u00e7\u0131lar k\u0259ndi \u0259razisind\u0259 ba\u015f vermi\u015f mina hadis\u0259si n\u0259tic\u0259sind\u0259 3 n\u0259f\u0259r yaralan\u0131b.<\/p>\n\n\n\n<p>Tibbi \u018frazi B\u00f6lm\u0259l\u0259rini \u0130dar\u0259etm\u0259 Birliyinin (T\u018fB\u0130B) m\u0259lumat\u0131na g\u00f6r\u0259, mina x\u0259sar\u0259ti alan iki ki\u015fi v\u0259 bir qad\u0131n B\u0259rd\u0259 Rayon M\u0259rk\u0259zi X\u0259st\u0259xanas\u0131n\u0131n T\u0259cili tibbi yard\u0131m \u015f\u00f6b\u0259sin\u0259 yerl\u0259\u015fdirilib.<\/p>\n\n\n\n<p>1983-c\u00fc il t\u0259v\u0259ll\u00fcdl\u00fc \u015f\u0259xs\u0259 (ki\u015fi) sa\u011f a\u015f\u0131q bald\u0131r oyna\u011f\u0131n\u0131n travmatik amputasiyas\u0131 diaqnozu il\u0259 \u0259m\u0259liyyat t\u0259yin edilib. Haz\u0131rda v\u0259ziyy\u0259ti a\u011f\u0131r qiym\u0259tl\u0259ndirilir.<\/p>\n\n\n\n<p>2012-ci il t\u0259v\u0259ll\u00fcdl\u00fc \u015f\u0259xs\u0259 (qad\u0131n) h\u0259r iki a\u015fa\u011f\u0131 \u0259traf v\u0259 d\u00f6\u015f q\u0259f\u0259sinin q\u0259lp\u0259 yaralar\u0131, 2014-c\u00fc il t\u0259v\u0259ll\u00fcdl\u00fc \u015f\u0259xs\u0259 (ki\u015fi) is\u0259 h\u0259r iki a\u015fa\u011f\u0131 \u0259traf\u0131n v\u0259 qarn\u0131n \u00f6n s\u0259thinin v\u0259 sol yuxar\u0131 \u0259traf\u0131n q\u0259lp\u0259 yaralar\u0131 diaqnozlar\u0131 t\u0259yin edilib. Haz\u0131rda m\u00fcalic\u0259l\u0259ri davam etdirilir, v\u0259ziyy\u0259tl\u0259ri sabitdir.<\/p>\n\n\n\n<p>\u201cReport\u201dun \u0259ld\u0259 etdiyi <a href=\"https:\/\/report.az\/hadise\/qarabagda-daha-bir-nefer-minaya-dusub\/\" target=\"_blank\" rel=\"noreferrer noopener\">m\u0259lumata<\/a> g\u00f6r\u0259, yaralananlar M\u0259mm\u0259dov S\u0259buhi Elman o\u011flu v\u0259 \u00f6vladlar\u0131 \u2013 M.D.S v\u0259 M.E.S-dir.<\/p>\n\n\n\n<p>Daxili \u0130\u015fl\u0259r Nazirliyi, Ba\u015f Prokurorluq v\u0259 Az\u0259rbaycan \u018frazil\u0259rinin Minalardan T\u0259mizl\u0259nm\u0259si \u00fczr\u0259 Milli Agentliyinin (ANAMA) m\u0259tbuat xidm\u0259tl\u0259ri m\u0259lumat yayaraq v\u0259t\u0259nda\u015flar\u0131 t\u0259hl\u00fck\u0259sizlik qaydalar\u0131na riay\u0259t etm\u0259y\u0259, mina t\u0259hl\u00fck\u0259si i\u015far\u0259l\u0259rinin g\u00f6st\u0259ricil\u0259rin\u0259 diqq\u0259tl\u0259 yana\u015fma\u011fa v\u0259 b\u0259l\u0259d olmad\u0131qlar\u0131 \u0259razil\u0259r\u0259 daxil olmama\u011fa \u00e7a\u011f\u0131r\u0131b.<\/p>\n\n\n\n<p>Faktla ba\u011fl\u0131 A\u011fdam rayon prokurorlu\u011funda ara\u015fd\u0131rma apar\u0131l\u0131r.<\/p>\n","protected":false},"excerpt":{"rendered":"<p>H\u0259r iki hadis\u0259 il\u0259 ba\u011fl\u0131 ara\u015fd\u0131rma apar\u0131l\u0131r D\u00f6vl\u0259t S\u0259rh\u0259d Xidm\u0259tinin &#8230; <\/p>\n<p class=\"read-more-container\"><a title=\"C\u0259bray\u0131lda v\u0259 A\u011fdamda mina partlad\u0131; 1 n\u0259f\u0259r h\u0259lak oldu, 3 n\u0259f\u0259r yaraland\u0131\" class=\"read-more button\" href=\"https:\/\/www.meydan.tv\/az\/article\/c%c9%99brayilda-v%c9%99-agdamda-mina-partladi-1-n%c9%99f%c9%99r-h%c9%99lak-oldu-3-n%c9%99f%c9%99r-yaralandi\/#more-328439\" aria-label=\"Read more about C\u0259bray\u0131lda v\u0259 A\u011fdamda mina partlad\u0131; 1 n\u0259f\u0259r h\u0259lak oldu, 3 n\u0259f\u0259r yaraland\u0131\">Davam\u0131<\/a><\/p>\n","protected":false},"author":21,"featured_media":262364,"comment_status":"closed","ping_status":"closed","sticky":false,"template":"","format":"standard","meta":{"_acf_changed":false,"_sitemap_exclude":false,"_sitemap_priority":"","_sitemap_frequency":"","footnotes":""},"categories":[62,56],"tags":[],"class_list":["post-328439","post","type-post","status-publish","format-standard","has-post-thumbnail","hentry","category-sosial","category-xeberler","infinite-scroll-item","generate-columns","tablet-grid-50","mobile-grid-100","grid-parent","grid-33","no-featured-image-padding"],"acf":[],"yoast_head":"<!-- This site is optimized with the Yoast SEO plugin v27.4 - https:\/\/yoast.com\/product\/yoast-seo-wordpress\/ -->\n<title>C\u0259bray\u0131lda v\u0259 A\u011fdamda mina partlad\u0131; 1 n\u0259f\u0259r h\u0259lak oldu, 3 n\u0259f\u0259r yaraland\u0131 - MEYDAN.TV<\/title>\n<meta name=\"robots\" content=\"index, follow, max-snippet:-1, max-image-preview:large, max-video-preview:-1\" \/>\n<link rel=\"canonical\" href=\"https:\/\/www.meydan.tv\/az\/article\/c%c9%99brayilda-v%c9%99-agdamda-mina-partladi-1-n%c9%99f%c9%99r-h%c9%99lak-oldu-3-n%c9%99f%c9%99r-yaralandi\/\" \/>\n<meta property=\"og:locale\" content=\"az_AZ\" \/>\n<meta property=\"og:type\" content=\"article\" \/>\n<meta property=\"og:title\" content=\"C\u0259bray\u0131lda v\u0259 A\u011fdamda mina partlad\u0131; 1 n\u0259f\u0259r h\u0259lak oldu, 3 n\u0259f\u0259r yaraland\u0131 - MEYDAN.TV\" \/>\n<meta property=\"og:description\" content=\"H\u0259r iki hadis\u0259 il\u0259 ba\u011fl\u0131 ara\u015fd\u0131rma apar\u0131l\u0131r D\u00f6vl\u0259t S\u0259rh\u0259d Xidm\u0259tinin ... Davam\u0131\" \/>\n<meta property=\"og:url\" content=\"https:\/\/www.meydan.tv\/az\/article\/c%c9%99brayilda-v%c9%99-agdamda-mina-partladi-1-n%c9%99f%c9%99r-h%c9%99lak-oldu-3-n%c9%99f%c9%99r-yaralandi\/\" \/>\n<meta property=\"og:site_name\" content=\"MEYDAN.TV\" \/>\n<meta property=\"article:published_time\" content=\"2025-04-07T08:51:44+00:00\" \/>\n<meta property=\"article:modified_time\" content=\"2025-04-07T09:41:14+00:00\" \/>\n<meta property=\"og:image\" content=\"https:\/\/www.meydan.tv\/wp-content\/uploads\/166991958848551388_1000x669.jpeg\" \/>\n\t<meta property=\"og:image:width\" content=\"1200\" \/>\n\t<meta property=\"og:image:height\" content=\"577\" \/>\n\t<meta property=\"og:image:type\" content=\"image\/jpeg\" \/>\n<meta name=\"author\" content=\"mahmud\" \/>\n<meta name=\"twitter:card\" content=\"summary_large_image\" \/>\n<script type=\"application\/ld+json\" class=\"yoast-schema-graph\">{\"@context\":\"https:\\\/\\\/schema.org\",\"@graph\":[{\"@type\":\"Article\",\"@id\":\"https:\\\/\\\/www.meydan.tv\\\/az\\\/article\\\/c%c9%99brayilda-v%c9%99-agdamda-mina-partladi-1-n%c9%99f%c9%99r-h%c9%99lak-oldu-3-n%c9%99f%c9%99r-yaralandi\\\/#article\",\"isPartOf\":{\"@id\":\"https:\\\/\\\/www.meydan.tv\\\/az\\\/article\\\/c%c9%99brayilda-v%c9%99-agdamda-mina-partladi-1-n%c9%99f%c9%99r-h%c9%99lak-oldu-3-n%c9%99f%c9%99r-yaralandi\\\/\"},\"author\":{\"name\":\"mahmud\",\"@id\":\"https:\\\/\\\/www.meydan.tv\\\/az\\\/#\\\/schema\\\/person\\\/09863e516102a829e72bedcf3f84c6b0\"},\"headline\":\"C\u0259bray\u0131lda v\u0259 A\u011fdamda mina partlad\u0131; 1 n\u0259f\u0259r h\u0259lak oldu, 3 n\u0259f\u0259r yaraland\u0131\",\"datePublished\":\"2025-04-07T08:51:44+00:00\",\"dateModified\":\"2025-04-07T09:41:14+00:00\",\"mainEntityOfPage\":{\"@id\":\"https:\\\/\\\/www.meydan.tv\\\/az\\\/article\\\/c%c9%99brayilda-v%c9%99-agdamda-mina-partladi-1-n%c9%99f%c9%99r-h%c9%99lak-oldu-3-n%c9%99f%c9%99r-yaralandi\\\/\"},\"wordCount\":493,\"publisher\":{\"@id\":\"https:\\\/\\\/www.meydan.tv\\\/az\\\/#organization\"},\"image\":{\"@id\":\"https:\\\/\\\/www.meydan.tv\\\/az\\\/article\\\/c%c9%99brayilda-v%c9%99-agdamda-mina-partladi-1-n%c9%99f%c9%99r-h%c9%99lak-oldu-3-n%c9%99f%c9%99r-yaralandi\\\/#primaryimage\"},\"thumbnailUrl\":\"https:\\\/\\\/www.meydan.tv\\\/wp-content\\\/uploads\\\/166991958848551388_1000x669.jpeg\",\"articleSection\":[\"Sosial\",\"X\u0259b\u0259rl\u0259r\"],\"inLanguage\":\"az\"},{\"@type\":\"WebPage\",\"@id\":\"https:\\\/\\\/www.meydan.tv\\\/az\\\/article\\\/c%c9%99brayilda-v%c9%99-agdamda-mina-partladi-1-n%c9%99f%c9%99r-h%c9%99lak-oldu-3-n%c9%99f%c9%99r-yaralandi\\\/\",\"url\":\"https:\\\/\\\/www.meydan.tv\\\/az\\\/article\\\/c%c9%99brayilda-v%c9%99-agdamda-mina-partladi-1-n%c9%99f%c9%99r-h%c9%99lak-oldu-3-n%c9%99f%c9%99r-yaralandi\\\/\",\"name\":\"C\u0259bray\u0131lda v\u0259 A\u011fdamda mina partlad\u0131; 1 n\u0259f\u0259r h\u0259lak oldu, 3 n\u0259f\u0259r yaraland\u0131 - MEYDAN.TV\",\"isPartOf\":{\"@id\":\"https:\\\/\\\/www.meydan.tv\\\/az\\\/#website\"},\"primaryImageOfPage\":{\"@id\":\"https:\\\/\\\/www.meydan.tv\\\/az\\\/article\\\/c%c9%99brayilda-v%c9%99-agdamda-mina-partladi-1-n%c9%99f%c9%99r-h%c9%99lak-oldu-3-n%c9%99f%c9%99r-yaralandi\\\/#primaryimage\"},\"image\":{\"@id\":\"https:\\\/\\\/www.meydan.tv\\\/az\\\/article\\\/c%c9%99brayilda-v%c9%99-agdamda-mina-partladi-1-n%c9%99f%c9%99r-h%c9%99lak-oldu-3-n%c9%99f%c9%99r-yaralandi\\\/#primaryimage\"},\"thumbnailUrl\":\"https:\\\/\\\/www.meydan.tv\\\/wp-content\\\/uploads\\\/166991958848551388_1000x669.jpeg\",\"datePublished\":\"2025-04-07T08:51:44+00:00\",\"dateModified\":\"2025-04-07T09:41:14+00:00\",\"breadcrumb\":{\"@id\":\"https:\\\/\\\/www.meydan.tv\\\/az\\\/article\\\/c%c9%99brayilda-v%c9%99-agdamda-mina-partladi-1-n%c9%99f%c9%99r-h%c9%99lak-oldu-3-n%c9%99f%c9%99r-yaralandi\\\/#breadcrumb\"},\"inLanguage\":\"az\",\"potentialAction\":[{\"@type\":\"ReadAction\",\"target\":[\"https:\\\/\\\/www.meydan.tv\\\/az\\\/article\\\/c%c9%99brayilda-v%c9%99-agdamda-mina-partladi-1-n%c9%99f%c9%99r-h%c9%99lak-oldu-3-n%c9%99f%c9%99r-yaralandi\\\/\"]}]},{\"@type\":\"ImageObject\",\"inLanguage\":\"az\",\"@id\":\"https:\\\/\\\/www.meydan.tv\\\/az\\\/article\\\/c%c9%99brayilda-v%c9%99-agdamda-mina-partladi-1-n%c9%99f%c9%99r-h%c9%99lak-oldu-3-n%c9%99f%c9%99r-yaralandi\\\/#primaryimage\",\"url\":\"https:\\\/\\\/www.meydan.tv\\\/wp-content\\\/uploads\\\/166991958848551388_1000x669.jpeg\",\"contentUrl\":\"https:\\\/\\\/www.meydan.tv\\\/wp-content\\\/uploads\\\/166991958848551388_1000x669.jpeg\",\"width\":1200,\"height\":577,\"caption\":\"Mina. Foto: ANAMA\"},{\"@type\":\"BreadcrumbList\",\"@id\":\"https:\\\/\\\/www.meydan.tv\\\/az\\\/article\\\/c%c9%99brayilda-v%c9%99-agdamda-mina-partladi-1-n%c9%99f%c9%99r-h%c9%99lak-oldu-3-n%c9%99f%c9%99r-yaralandi\\\/#breadcrumb\",\"itemListElement\":[{\"@type\":\"ListItem\",\"position\":1,\"name\":\"Ana s\u0259hif\u0259\",\"item\":\"https:\\\/\\\/www.meydan.tv\\\/az\\\/\"},{\"@type\":\"ListItem\",\"position\":2,\"name\":\"Sosial\",\"item\":\"https:\\\/\\\/www.meydan.tv\\\/az\\\/section\\\/sosial\\\/\"},{\"@type\":\"ListItem\",\"position\":3,\"name\":\"C\u0259bray\u0131lda v\u0259 A\u011fdamda mina partlad\u0131; 1 n\u0259f\u0259r h\u0259lak oldu, 3 n\u0259f\u0259r yaraland\u0131\"}]},{\"@type\":\"WebSite\",\"@id\":\"https:\\\/\\\/www.meydan.tv\\\/az\\\/#website\",\"url\":\"https:\\\/\\\/www.meydan.tv\\\/az\\\/\",\"name\":\"MEYDAN.TV\",\"description\":\"Meydan TV Az\u0259rbaycan\u0131n media m\u0259kan\u0131ndak\u0131 alternativ s\u0259sidir\",\"publisher\":{\"@id\":\"https:\\\/\\\/www.meydan.tv\\\/az\\\/#organization\"},\"potentialAction\":[{\"@type\":\"SearchAction\",\"target\":{\"@type\":\"EntryPoint\",\"urlTemplate\":\"https:\\\/\\\/www.meydan.tv\\\/az\\\/?s={search_term_string}\"},\"query-input\":{\"@type\":\"PropertyValueSpecification\",\"valueRequired\":true,\"valueName\":\"search_term_string\"}}],\"inLanguage\":\"az\"},{\"@type\":\"Organization\",\"@id\":\"https:\\\/\\\/www.meydan.tv\\\/az\\\/#organization\",\"name\":\"Meydan TV\",\"url\":\"https:\\\/\\\/www.meydan.tv\\\/az\\\/\",\"logo\":{\"@type\":\"ImageObject\",\"inLanguage\":\"az\",\"@id\":\"https:\\\/\\\/www.meydan.tv\\\/az\\\/#\\\/schema\\\/logo\\\/image\\\/\",\"url\":\"https:\\\/\\\/www.meydan.tv\\\/wp-content\\\/uploads\\\/2021\\\/07\\\/meydan-logo.svg\",\"contentUrl\":\"https:\\\/\\\/www.meydan.tv\\\/wp-content\\\/uploads\\\/2021\\\/07\\\/meydan-logo.svg\",\"width\":195,\"height\":46,\"caption\":\"Meydan TV\"},\"image\":{\"@id\":\"https:\\\/\\\/www.meydan.tv\\\/az\\\/#\\\/schema\\\/logo\\\/image\\\/\"}},{\"@type\":\"Person\",\"@id\":\"https:\\\/\\\/www.meydan.tv\\\/az\\\/#\\\/schema\\\/person\\\/09863e516102a829e72bedcf3f84c6b0\",\"name\":\"mahmud\"}]}<\/script>\n<!-- \/ Yoast SEO plugin. -->","yoast_head_json":{"title":"C\u0259bray\u0131lda v\u0259 A\u011fdamda mina partlad\u0131; 1 n\u0259f\u0259r h\u0259lak oldu, 3 n\u0259f\u0259r yaraland\u0131 - MEYDAN.TV","robots":{"index":"index","follow":"follow","max-snippet":"max-snippet:-1","max-image-preview":"max-image-preview:large","max-video-preview":"max-video-preview:-1"},"canonical":"https:\/\/www.meydan.tv\/az\/article\/c%c9%99brayilda-v%c9%99-agdamda-mina-partladi-1-n%c9%99f%c9%99r-h%c9%99lak-oldu-3-n%c9%99f%c9%99r-yaralandi\/","og_locale":"az_AZ","og_type":"article","og_title":"C\u0259bray\u0131lda v\u0259 A\u011fdamda mina partlad\u0131; 1 n\u0259f\u0259r h\u0259lak oldu, 3 n\u0259f\u0259r yaraland\u0131 - MEYDAN.TV","og_description":"H\u0259r iki hadis\u0259 il\u0259 ba\u011fl\u0131 ara\u015fd\u0131rma apar\u0131l\u0131r D\u00f6vl\u0259t S\u0259rh\u0259d Xidm\u0259tinin ... Davam\u0131","og_url":"https:\/\/www.meydan.tv\/az\/article\/c%c9%99brayilda-v%c9%99-agdamda-mina-partladi-1-n%c9%99f%c9%99r-h%c9%99lak-oldu-3-n%c9%99f%c9%99r-yaralandi\/","og_site_name":"MEYDAN.TV","article_published_time":"2025-04-07T08:51:44+00:00","article_modified_time":"2025-04-07T09:41:14+00:00","og_image":[{"width":1200,"height":577,"url":"https:\/\/www.meydan.tv\/wp-content\/uploads\/166991958848551388_1000x669.jpeg","type":"image\/jpeg"}],"author":"mahmud","twitter_card":"summary_large_image","schema":{"@context":"https:\/\/schema.org","@graph":[{"@type":"Article","@id":"https:\/\/www.meydan.tv\/az\/article\/c%c9%99brayilda-v%c9%99-agdamda-mina-partladi-1-n%c9%99f%c9%99r-h%c9%99lak-oldu-3-n%c9%99f%c9%99r-yaralandi\/#article","isPartOf":{"@id":"https:\/\/www.meydan.tv\/az\/article\/c%c9%99brayilda-v%c9%99-agdamda-mina-partladi-1-n%c9%99f%c9%99r-h%c9%99lak-oldu-3-n%c9%99f%c9%99r-yaralandi\/"},"author":{"name":"mahmud","@id":"https:\/\/www.meydan.tv\/az\/#\/schema\/person\/09863e516102a829e72bedcf3f84c6b0"},"headline":"C\u0259bray\u0131lda v\u0259 A\u011fdamda mina partlad\u0131; 1 n\u0259f\u0259r h\u0259lak oldu, 3 n\u0259f\u0259r yaraland\u0131","datePublished":"2025-04-07T08:51:44+00:00","dateModified":"2025-04-07T09:41:14+00:00","mainEntityOfPage":{"@id":"https:\/\/www.meydan.tv\/az\/article\/c%c9%99brayilda-v%c9%99-agdamda-mina-partladi-1-n%c9%99f%c9%99r-h%c9%99lak-oldu-3-n%c9%99f%c9%99r-yaralandi\/"},"wordCount":493,"publisher":{"@id":"https:\/\/www.meydan.tv\/az\/#organization"},"image":{"@id":"https:\/\/www.meydan.tv\/az\/article\/c%c9%99brayilda-v%c9%99-agdamda-mina-partladi-1-n%c9%99f%c9%99r-h%c9%99lak-oldu-3-n%c9%99f%c9%99r-yaralandi\/#primaryimage"},"thumbnailUrl":"https:\/\/www.meydan.tv\/wp-content\/uploads\/166991958848551388_1000x669.jpeg","articleSection":["Sosial","X\u0259b\u0259rl\u0259r"],"inLanguage":"az"},{"@type":"WebPage","@id":"https:\/\/www.meydan.tv\/az\/article\/c%c9%99brayilda-v%c9%99-agdamda-mina-partladi-1-n%c9%99f%c9%99r-h%c9%99lak-oldu-3-n%c9%99f%c9%99r-yaralandi\/","url":"https:\/\/www.meydan.tv\/az\/article\/c%c9%99brayilda-v%c9%99-agdamda-mina-partladi-1-n%c9%99f%c9%99r-h%c9%99lak-oldu-3-n%c9%99f%c9%99r-yaralandi\/","name":"C\u0259bray\u0131lda v\u0259 A\u011fdamda mina partlad\u0131; 1 n\u0259f\u0259r h\u0259lak oldu, 3 n\u0259f\u0259r yaraland\u0131 - MEYDAN.TV","isPartOf":{"@id":"https:\/\/www.meydan.tv\/az\/#website"},"primaryImageOfPage":{"@id":"https:\/\/www.meydan.tv\/az\/article\/c%c9%99brayilda-v%c9%99-agdamda-mina-partladi-1-n%c9%99f%c9%99r-h%c9%99lak-oldu-3-n%c9%99f%c9%99r-yaralandi\/#primaryimage"},"image":{"@id":"https:\/\/www.meydan.tv\/az\/article\/c%c9%99brayilda-v%c9%99-agdamda-mina-partladi-1-n%c9%99f%c9%99r-h%c9%99lak-oldu-3-n%c9%99f%c9%99r-yaralandi\/#primaryimage"},"thumbnailUrl":"https:\/\/www.meydan.tv\/wp-content\/uploads\/166991958848551388_1000x669.jpeg","datePublished":"2025-04-07T08:51:44+00:00","dateModified":"2025-04-07T09:41:14+00:00","breadcrumb":{"@id":"https:\/\/www.meydan.tv\/az\/article\/c%c9%99brayilda-v%c9%99-agdamda-mina-partladi-1-n%c9%99f%c9%99r-h%c9%99lak-oldu-3-n%c9%99f%c9%99r-yaralandi\/#breadcrumb"},"inLanguage":"az","potentialAction":[{"@type":"ReadAction","target":["https:\/\/www.meydan.tv\/az\/article\/c%c9%99brayilda-v%c9%99-agdamda-mina-partladi-1-n%c9%99f%c9%99r-h%c9%99lak-oldu-3-n%c9%99f%c9%99r-yaralandi\/"]}]},{"@type":"ImageObject","inLanguage":"az","@id":"https:\/\/www.meydan.tv\/az\/article\/c%c9%99brayilda-v%c9%99-agdamda-mina-partladi-1-n%c9%99f%c9%99r-h%c9%99lak-oldu-3-n%c9%99f%c9%99r-yaralandi\/#primaryimage","url":"https:\/\/www.meydan.tv\/wp-content\/uploads\/166991958848551388_1000x669.jpeg","contentUrl":"https:\/\/www.meydan.tv\/wp-content\/uploads\/166991958848551388_1000x669.jpeg","width":1200,"height":577,"caption":"Mina. Foto: ANAMA"},{"@type":"BreadcrumbList","@id":"https:\/\/www.meydan.tv\/az\/article\/c%c9%99brayilda-v%c9%99-agdamda-mina-partladi-1-n%c9%99f%c9%99r-h%c9%99lak-oldu-3-n%c9%99f%c9%99r-yaralandi\/#breadcrumb","itemListElement":[{"@type":"ListItem","position":1,"name":"Ana s\u0259hif\u0259","item":"https:\/\/www.meydan.tv\/az\/"},{"@type":"ListItem","position":2,"name":"Sosial","item":"https:\/\/www.meydan.tv\/az\/section\/sosial\/"},{"@type":"ListItem","position":3,"name":"C\u0259bray\u0131lda v\u0259 A\u011fdamda mina partlad\u0131; 1 n\u0259f\u0259r h\u0259lak oldu, 3 n\u0259f\u0259r yaraland\u0131"}]},{"@type":"WebSite","@id":"https:\/\/www.meydan.tv\/az\/#website","url":"https:\/\/www.meydan.tv\/az\/","name":"MEYDAN.TV","description":"Meydan TV Az\u0259rbaycan\u0131n media m\u0259kan\u0131ndak\u0131 alternativ s\u0259sidir","publisher":{"@id":"https:\/\/www.meydan.tv\/az\/#organization"},"potentialAction":[{"@type":"SearchAction","target":{"@type":"EntryPoint","urlTemplate":"https:\/\/www.meydan.tv\/az\/?s={search_term_string}"},"query-input":{"@type":"PropertyValueSpecification","valueRequired":true,"valueName":"search_term_string"}}],"inLanguage":"az"},{"@type":"Organization","@id":"https:\/\/www.meydan.tv\/az\/#organization","name":"Meydan TV","url":"https:\/\/www.meydan.tv\/az\/","logo":{"@type":"ImageObject","inLanguage":"az","@id":"https:\/\/www.meydan.tv\/az\/#\/schema\/logo\/image\/","url":"https:\/\/www.meydan.tv\/wp-content\/uploads\/2021\/07\/meydan-logo.svg","contentUrl":"https:\/\/www.meydan.tv\/wp-content\/uploads\/2021\/07\/meydan-logo.svg","width":195,"height":46,"caption":"Meydan TV"},"image":{"@id":"https:\/\/www.meydan.tv\/az\/#\/schema\/logo\/image\/"}},{"@type":"Person","@id":"https:\/\/www.meydan.tv\/az\/#\/schema\/person\/09863e516102a829e72bedcf3f84c6b0","name":"mahmud"}]}},"_links":{"self":[{"href":"https:\/\/www.meydan.tv\/az\/wp-json\/wp\/v2\/posts\/328439","targetHints":{"allow":["GET"]}}],"collection":[{"href":"https:\/\/www.meydan.tv\/az\/wp-json\/wp\/v2\/posts"}],"about":[{"href":"https:\/\/www.meydan.tv\/az\/wp-json\/wp\/v2\/types\/post"}],"author":[{"embeddable":true,"href":"https:\/\/www.meydan.tv\/az\/wp-json\/wp\/v2\/users\/21"}],"replies":[{"embeddable":true,"href":"https:\/\/www.meydan.tv\/az\/wp-json\/wp\/v2\/comments?post=328439"}],"version-history":[{"count":5,"href":"https:\/\/www.meydan.tv\/az\/wp-json\/wp\/v2\/posts\/328439\/revisions"}],"predecessor-version":[{"id":328452,"href":"https:\/\/www.meydan.tv\/az\/wp-json\/wp\/v2\/posts\/328439\/revisions\/328452"}],"wp:featuredmedia":[{"embeddable":true,"href":"https:\/\/www.meydan.tv\/az\/wp-json\/wp\/v2\/media\/262364"}],"wp:attachment":[{"href":"https:\/\/www.meydan.tv\/az\/wp-json\/wp\/v2\/media?parent=328439"}],"wp:term":[{"taxonomy":"category","embeddable":true,"href":"https:\/\/www.meydan.tv\/az\/wp-json\/wp\/v2\/categories?post=328439"},{"taxonomy":"post_tag","embeddable":true,"href":"https:\/\/www.meydan.tv\/az\/wp-json\/wp\/v2\/tags?post=328439"}],"curies":[{"name":"wp","href":"https:\/\/api.w.org\/{rel}","templated":true}]}}