{"id":328400,"date":"2025-04-04T19:33:22","date_gmt":"2025-04-04T15:33:22","guid":{"rendered":"https:\/\/www.meydan.tv\/?p=328400"},"modified":"2025-04-04T19:33:27","modified_gmt":"2025-04-04T15:33:27","slug":"22-milyon-manata-alinmis-%c9%99mlak-90-min-kompensasiya-muqabilind%c9%99-zorla-sokulub","status":"publish","type":"post","link":"https:\/\/www.meydan.tv\/az\/article\/22-milyon-manata-alinmis-%c9%99mlak-90-min-kompensasiya-muqabilind%c9%99-zorla-sokulub\/","title":{"rendered":"2,2 milyon manata al\u0131nm\u0131\u015f \u0259mlak 90 min kompensasiya m\u00fcqabilind\u0259 zorla s\u00f6k\u00fcl\u00fcb"},"content":{"rendered":"\n<p><\/p>\n\n\n\n<p><strong><em>F\u0259rdi ya\u015fay\u0131\u015f evinin s\u00f6k\u00fclm\u0259sinin arxas\u0131nda X\u0259tai Rayon \u0130cra Hakimiyy\u0259tinin dayand\u0131\u011f\u0131 bildirilir<\/em><\/strong><\/p>\n\n\n\n<p>Bak\u0131da ev s\u00f6k\u00fclm\u0259si davam edir. Bu d\u0259f\u0259 tavan\u0131 u\u00e7urulanlar paytaxt\u0131n X\u0259tai rayonu, A\u011f \u015e\u0259h\u0259r, S\u00fcleyman V\u0259zirov 33 \u00fcnvan\u0131nda ya\u015fayanlard\u0131r.<\/p>\n\n\n\n<p>Sakinl\u0259rin bildirdiyin\u0259 g\u00f6r\u0259, 2025-ci il fevral\u0131n 20-d\u0259n 22-d\u0259k be\u015f ail\u0259y\u0259 m\u0259xsus f\u0259rdi ya\u015fay\u0131\u015f evi X\u0259tai Rayon \u0130cra Hakimiyy\u0259tinin g\u00f6st\u0259ri\u015fi il\u0259 s\u00f6k\u00fcl\u00fcb.<\/p>\n\n\n\n<figure class=\"wp-block-image size-large is-resized\"><img decoding=\"async\" width=\"616\" height=\"821\" data-src=\"https:\/\/www.meydan.tv\/wp-content\/uploads\/img_20250404_154032_284-616x821.jpg\" alt=\"\" class=\"wp-image-328401 lazyload\" style=\"--smush-placeholder-width: 616px; --smush-placeholder-aspect-ratio: 616\/821;width:800px;height:auto\" src=\"data:image\/svg+xml;base64,PHN2ZyB3aWR0aD0iMSIgaGVpZ2h0PSIxIiB4bWxucz0iaHR0cDovL3d3dy53My5vcmcvMjAwMC9zdmciPjwvc3ZnPg==\" \/><figcaption class=\"wp-element-caption\">Foto: Z\u0259r\u0259r\u00e7\u0259k\u0259nl\u0259rin arxivind\u0259n<\/figcaption><\/figure>\n\n\n\n<p>\u0130cra Hakimiyy\u0259tind\u0259n onlara bildirilib ki, \u0259razi d\u00f6vl\u0259t ehtiyac\u0131 \u00fc\u00e7\u00fcn abadla\u015fd\u0131r\u0131lacaq.<\/p>\n\n\n\n<p>\u018frazid\u0259 ya\u015fayan be\u015f ail\u0259d\u0259n \u00fc\u00e7\u00fc qohumdur. F\u0259rdi evl\u0259r ayr\u0131-ayr\u0131l\u0131qda Aida Maxsudova, Zari\u015f Maxsudova, F\u0259xr\u0259ddin v\u0259 S\u0259ad\u0259t Maxsudovlara aiddir. Evl\u0259ri s\u00f6k\u00fcl\u0259nl\u0259rd\u0259n biri Bak\u0131 D\u00f6vl\u0259t Universitetinin (BDU) professoru, dig\u0259ri is\u0259 La\u00e7\u0131n rayonundan olan m\u0259cburi k\u00f6\u00e7k\u00fcnd\u00fcr.<\/p>\n\n\n\n<p>La\u00e7\u0131ndan olan m\u0259cburi k\u00f6\u00e7k\u00fcn\u0259 v\u0259 BDU-nun professoruna \u00fcmumiyy\u0259tl\u0259, t\u0259zminat \u00f6d\u0259nilm\u0259yib.<\/p>\n\n\n\n<p>Maxsudovlara is\u0259 \u00fc\u00e7 ayr\u0131-ayr\u0131l\u0131qda ev oldu\u011fu halda \u00fcmumilikd\u0259 90 min manat verilib.<\/p>\n\n\n\n<p>Evi s\u00f6k\u00fcl\u0259n Aida Maxsudova Meydan TV-y\u0259 bildirib ki, h\u0259min \u0259razi atas\u0131, i\u015f adam\u0131 F\u0259xr\u0259ddin Maxsudov t\u0259r\u0259find\u0259n \u201cNicat\u201d S\u0259hmdar C\u0259miyy\u0259ti kimi qeydiyyatdan ke\u00e7irilib.<\/p>\n\n\n\n<p><em>\u201cBu, 1990-ci ill\u0259rd\u0259 ba\u015f verib. <\/em><em>M\u00fc\u0259ssis\u0259nin n\u0259zar\u0259t paketi atama aid olub. Biz 1993-c\u00fc ild\u0259 Rusiyadan qay\u0131d\u0131b, orada ya\u015fama\u011fa ba\u015flam\u0131\u015f\u0131q. Atam h\u0259min yeri X\u0259tai Rayon \u0130cra Hakimiyy\u0259tinin t\u0259sdiqi il\u0259 s\u0259r\u0259ncaml\u0131 \u015f\u0259kild\u0259 2 milyon 200 min manat \u00f6d\u0259ni\u015fl\u0259 al\u0131b. \u018flimizd\u0259 r\u0259smi s\u0259n\u0259dl\u0259r v\u0259 s\u0259r\u0259ncam var, d\u0259f\u0259l\u0259rl\u0259 d\u0259 g\u00f6st\u0259rmi\u015fik. Bu \u0259razinin t\u0259k t\u0259sis\u00e7isi atam olmasa da, b\u00fct\u00fcn m\u0259suliyy\u0259t, n\u0259zar\u0259t atam\u0131n \u00fcz\u0259rind\u0259dir, s\u0259lahiyy\u0259tli \u015f\u0259xs d\u0259 atamd\u0131r\u201d.<\/em><\/p>\n\n\n\n<p><em>\u201cC\u0259miyy\u0259t f\u0259aliyy\u0259tini 1998-ci ild\u0259 dayand\u0131r\u0131b. T\u0259xmin\u0259n 30 il \u0259vv\u0259l bildirilib ki, m\u00fc\u0259ssis\u0259y\u0259 sad\u0259c\u0259, bir il m\u00fcdd\u0259tind\u0259 m\u0259cburi k\u00f6\u00e7k\u00fcnl\u0259r yerl\u0259\u015fdiril\u0259c\u0259k. 30 il\u0259 yax\u0131n m\u0259cburi k\u00f6\u00e7k\u00fcnl\u0259r bu m\u00fc\u0259ssis\u0259d\u0259 ya\u015fad\u0131lar. M\u00fcxt\u0259lif d\u00f6vrl\u0259rd\u0259 onlara d\u00f6vl\u0259t t\u0259r\u0259find\u0259n t\u0259zminat \u00f6d\u0259nil\u0259r\u0259k k\u00f6\u00e7\u00fcr\u00fcld\u00fcl\u0259r. Onu da deyim ki, m\u0259cburi k\u00f6\u00e7k\u00fcnl\u0259rin he\u00e7 birinin m\u00fc\u0259ssis\u0259y\u0259 aid hans\u0131sa s\u0259n\u0259di yox idi. Sad\u0259c\u0259, orada m\u00fcv\u0259qq\u0259ti m\u0259skunla\u015fm\u0131\u015fd\u0131lar. M\u00fc\u0259ssis\u0259sinin f\u0259aliyy\u0259ti dayand\u0131 v\u0259 indi bizim m\u00fc\u0259ssis\u0259sini g\u00f6rm\u0259zd\u0259n g\u0259lirl\u0259r. \u018flimizd\u0259 r\u0259smi s\u0259n\u0259d, s\u0259r\u0259ncam olmas\u0131na, qeydiyyatda olma\u011f\u0131m\u0131za baxmayaraq, X\u0259tai Rayon \u0130cra Hakimiyy\u0259tinin n\u00fcmay\u0259nd\u0259l\u0259ri evimizi bu c\u00fcr zorak\u0131 \u015f\u0259kild\u0259 u\u00e7urub. Onlar\u0131n buna haqq\u0131 yoxdur. Biz evd\u0259 ola-ola, \u0259\u015fyalar\u0131m\u0131z oldu\u011fu halda bu hadis\u0259l\u0259ri t\u00f6r\u0259dibl\u0259r\u201d.<\/em><\/p>\n\n\n\n<p>Z\u0259r\u0259r\u00e7\u0259k\u0259nin s\u00f6zl\u0259rin\u0259 g\u00f6r\u0259, onlara deyilib ki, veril\u0259n m\u0259bl\u0259\u011fl\u0259 raz\u0131la\u015fmasalar, s\u0259n\u0259dl\u0259ri imzalamasalar, evl\u0259ri zorla s\u00f6k\u00fcl\u0259c\u0259k.<\/p>\n\n\n\n<figure class=\"wp-block-image size-large is-resized\"><img decoding=\"async\" width=\"460\" height=\"821\" data-src=\"https:\/\/www.meydan.tv\/wp-content\/uploads\/img_20250404_154008_863-460x821.jpg\" alt=\"\" class=\"wp-image-328404 lazyload\" style=\"--smush-placeholder-width: 460px; --smush-placeholder-aspect-ratio: 460\/821;width:800px;height:auto\" src=\"data:image\/svg+xml;base64,PHN2ZyB3aWR0aD0iMSIgaGVpZ2h0PSIxIiB4bWxucz0iaHR0cDovL3d3dy53My5vcmcvMjAwMC9zdmciPjwvc3ZnPg==\" \/><figcaption class=\"wp-element-caption\">Foto: Z\u0259r\u0259\u00e7\u0259k\u0259nl\u0259rin arxivind\u0259n<\/figcaption><\/figure>\n\n\n\n<p><em>\u201cX\u0259tai Rayon \u0130cra Hakimiyy\u0259tinin n\u00fcmay\u0259nd\u0259l\u0259ri d\u0259f\u0259l\u0259rl\u0259 biz\u0259 t\u0259zyiq g\u00f6st\u0259rdi. Ba\u015f\u00e7\u0131 Rafiq Quluyev \u00fc\u00e7 d\u0259f\u0259 valideyniml\u0259 dan\u0131\u015fmaq \u00fc\u00e7\u00fcn evimiz\u0259 g\u0259ldi, \u201csiz\u0259 maksimum doxsan min manat t\u0259klif edil\u0259c\u0259k\u201d,- dedi. Aylarla qaz\u0131, i\u015f\u0131\u011f\u0131, suyu k\u0259sdil\u0259r. \u0130ll\u0259rl\u0259 evimizin h\u0259r k\u00fcnc\u00fcnd\u0259 s\u00f6k\u00fcnt\u00fc apar\u0131b, maksimum ya\u015faya bilm\u0259y\u0259c\u0259yimiz h\u0259dd\u0259 g\u0259tirmi\u015fdil\u0259r ki, ax\u0131rda \u00f6z\u00fcm\u00fcz bezib \u00e7\u0131xaq, onlar\u0131n t\u0259klif etdiyi minimal m\u0259bl\u0259\u011f\u0259 sevin\u0259-sevin\u0259 raz\u0131la\u015faq. M\u0259n\u0259 v\u0259 bac\u0131ma, h\u0259m\u00e7inin orada m\u0259skunla\u015fm\u0131\u015f dig\u0259r qon\u015fular\u0131ma \u00fcmumiyy\u0259tl\u0259, he\u00e7 bir kompensasiya t\u0259klif edilm\u0259di. Bizim ad\u0131m\u0131z\u0131 \u00e7\u0259k\u0259n olmad\u0131\u201d.<\/em><\/p>\n\n\n\n<p><em>\u201cX\u0259tai Rayon \u0130cra Hakimiyy\u0259ti ba\u015f\u00e7\u0131s\u0131 aparat\u0131n\u0131n Sosial-iqtisadi inki\u015faf\u0131n t\u0259hlili v\u0259 proqnozla\u015fd\u0131r\u0131lmas\u0131 \u015f\u00f6b\u0259sinin m\u00fcdiri M\u0259mm\u0259d\u0259li Aslanov atama z\u0259ng edib, dedi ki, doxsan min manata raz\u0131la\u015fmasan, g\u0259lib o imzan\u0131 atmasan, sabah qara maskal\u0131larla g\u0259lib sizi zorla evd\u0259n \u00e7\u0131xaraca\u011f\u0131q, s\u0259n\u0259di d\u0259 zorla imzalayacaqsan. Dig\u0259r m\u0259h\u0259ll\u0259d\u0259 ya\u015fayan sakinl\u0259ri d\u0259 evl\u0259rind\u0259n t\u0259zyiql\u0259 \u00e7\u0131xarm\u0131\u015fd\u0131lar. X\u0259tai Rayon \u0130cra Hakimiyy\u0259tinin H\u00fcquq \u015f\u00f6b\u0259sinin m\u00fcdiri Teymur \u018fzizovun ba\u015f\u00e7\u0131l\u0131\u011f\u0131 il\u0259, y\u0259ni \u00f6zl\u0259rinin yaratd\u0131\u011f\u0131 qara maskal\u0131 d\u0259st\u0259 sakinl\u0259r\u0259 h\u00fccum etmi\u015fdi. Valideynim d\u0259 bunlar\u0131 bildiyi \u00fc\u00e7\u00fcn evd\u0259ki azya\u015fl\u0131 iki k\u00f6rp\u0259nin qorxaca\u011f\u0131n\u0131 d\u00fc\u015f\u00fcn\u00fcb, doxsan min m\u0259bl\u0259\u011f\u0259 raz\u0131 oldu\u011funun imzas\u0131n\u0131 \u00e7\u0259kdi ki, vaxt qazans\u0131n. \u00c7\u00fcnki biz\u0259 bir g\u00fcn bel\u0259 vaxt verm\u0259dil\u0259r ki, imzan\u0131 \u00e7\u0259km\u0259lisiz. Valideynim F\u0259xr\u0259ddin Maxsudov imza atd\u0131qdan sad\u0259c\u0259, bir g\u00fcn sonra imtina etdi. Bununla ba\u011fl\u0131 s\u0259n\u0259dimiz d\u0259 var v\u0259 icra hakimiyy\u0259ti bu s\u0259n\u0259di t\u0259sdiql\u0259yib. Buna baxmayaraq atama fevral\u0131n 21-d\u0259 90 min manat verdil\u0259r. Fevral\u0131n 22-d\u0259 is\u0259 evi tamamil\u0259 s\u00f6kd\u00fcl\u0259r\u201d.<\/em><\/p>\n\n\n\n<p>V\u0259t\u0259nda\u015f\u0131n s\u00f6zl\u0259rin\u0259 g\u00f6r\u0259, m\u0259s\u0259l\u0259 il\u0259 \u0259laq\u0259dar X\u0259tai Rayon \u0130cra Hakimiyy\u0259tin\u0259, X\u0259tai Rayon Prokurorlu\u011funa, Milli M\u0259clis\u0259, Ombudsmana v\u0259 Prezident Administrasiyas\u0131na \u015fikay\u0259t \u00fcnvanlasalar da n\u0259tic\u0259siz qal\u0131b.<\/p>\n\n\n\n<p>Sakinl\u0259r m\u0259hk\u0259m\u0259y\u0259 m\u00fcraci\u0259t ed\u0259c\u0259kl\u0259rini bildiribl\u0259r.<\/p>\n\n\n\n<p>Meydan TV X\u0259tai Rayon \u0130cra Hakimiyy\u0259tind\u0259n m\u00fcnasib\u0259t \u00f6yr\u0259n\u0259 bilm\u0259yib.<\/p>\n\n\n\n<p><\/p>\n","protected":false},"excerpt":{"rendered":"<p>F\u0259rdi ya\u015fay\u0131\u015f evinin s\u00f6k\u00fclm\u0259sinin arxas\u0131nda X\u0259tai Rayon \u0130cra Hakimiyy\u0259tinin dayand\u0131\u011f\u0131 &#8230; <\/p>\n<p class=\"read-more-container\"><a title=\"2,2 milyon manata al\u0131nm\u0131\u015f \u0259mlak 90 min kompensasiya m\u00fcqabilind\u0259 zorla s\u00f6k\u00fcl\u00fcb\" class=\"read-more button\" href=\"https:\/\/www.meydan.tv\/az\/article\/22-milyon-manata-alinmis-%c9%99mlak-90-min-kompensasiya-muqabilind%c9%99-zorla-sokulub\/#more-328400\" aria-label=\"Read more about 2,2 milyon manata al\u0131nm\u0131\u015f \u0259mlak 90 min kompensasiya m\u00fcqabilind\u0259 zorla s\u00f6k\u00fcl\u00fcb\">Davam\u0131<\/a><\/p>\n","protected":false},"author":21,"featured_media":328407,"comment_status":"closed","ping_status":"closed","sticky":false,"template":"","format":"standard","meta":{"_acf_changed":false,"_sitemap_exclude":false,"_sitemap_priority":"","_sitemap_frequency":"","footnotes":""},"categories":[62,79,56],"tags":[],"class_list":["post-328400","post","type-post","status-publish","format-standard","has-post-thumbnail","hentry","category-sosial","category-featured","category-xeberler","infinite-scroll-item","generate-columns","tablet-grid-50","mobile-grid-100","grid-parent","grid-33","no-featured-image-padding"],"acf":[],"yoast_head":"<!-- This site is optimized with the Yoast SEO plugin v27.4 - https:\/\/yoast.com\/product\/yoast-seo-wordpress\/ -->\n<title>2,2 milyon manata al\u0131nm\u0131\u015f \u0259mlak 90 min kompensasiya m\u00fcqabilind\u0259 zorla s\u00f6k\u00fcl\u00fcb - MEYDAN.TV<\/title>\n<meta name=\"robots\" content=\"index, follow, max-snippet:-1, max-image-preview:large, max-video-preview:-1\" \/>\n<link rel=\"canonical\" href=\"https:\/\/www.meydan.tv\/az\/article\/22-milyon-manata-alinmis-%c9%99mlak-90-min-kompensasiya-muqabilind%c9%99-zorla-sokulub\/\" \/>\n<meta property=\"og:locale\" content=\"az_AZ\" \/>\n<meta property=\"og:type\" content=\"article\" \/>\n<meta property=\"og:title\" content=\"2,2 milyon manata al\u0131nm\u0131\u015f \u0259mlak 90 min kompensasiya m\u00fcqabilind\u0259 zorla s\u00f6k\u00fcl\u00fcb - MEYDAN.TV\" \/>\n<meta property=\"og:description\" content=\"F\u0259rdi ya\u015fay\u0131\u015f evinin s\u00f6k\u00fclm\u0259sinin arxas\u0131nda X\u0259tai Rayon \u0130cra Hakimiyy\u0259tinin dayand\u0131\u011f\u0131 ... Davam\u0131\" \/>\n<meta property=\"og:url\" content=\"https:\/\/www.meydan.tv\/az\/article\/22-milyon-manata-alinmis-%c9%99mlak-90-min-kompensasiya-muqabilind%c9%99-zorla-sokulub\/\" \/>\n<meta property=\"og:site_name\" content=\"MEYDAN.TV\" \/>\n<meta property=\"article:published_time\" content=\"2025-04-04T15:33:22+00:00\" \/>\n<meta property=\"article:modified_time\" content=\"2025-04-04T15:33:27+00:00\" \/>\n<meta property=\"og:image\" content=\"https:\/\/www.meydan.tv\/wp-content\/uploads\/img_20250404_154026_777.jpg\" \/>\n\t<meta property=\"og:image:width\" content=\"1280\" \/>\n\t<meta property=\"og:image:height\" content=\"960\" \/>\n\t<meta property=\"og:image:type\" content=\"image\/jpeg\" \/>\n<meta name=\"author\" content=\"mahmud\" \/>\n<meta name=\"twitter:card\" content=\"summary_large_image\" \/>\n<script type=\"application\/ld+json\" class=\"yoast-schema-graph\">{\"@context\":\"https:\\\/\\\/schema.org\",\"@graph\":[{\"@type\":\"Article\",\"@id\":\"https:\\\/\\\/www.meydan.tv\\\/az\\\/article\\\/22-milyon-manata-alinmis-%c9%99mlak-90-min-kompensasiya-muqabilind%c9%99-zorla-sokulub\\\/#article\",\"isPartOf\":{\"@id\":\"https:\\\/\\\/www.meydan.tv\\\/az\\\/article\\\/22-milyon-manata-alinmis-%c9%99mlak-90-min-kompensasiya-muqabilind%c9%99-zorla-sokulub\\\/\"},\"author\":{\"name\":\"mahmud\",\"@id\":\"https:\\\/\\\/www.meydan.tv\\\/az\\\/#\\\/schema\\\/person\\\/09863e516102a829e72bedcf3f84c6b0\"},\"headline\":\"2,2 milyon manata al\u0131nm\u0131\u015f \u0259mlak 90 min kompensasiya m\u00fcqabilind\u0259 zorla s\u00f6k\u00fcl\u00fcb\",\"datePublished\":\"2025-04-04T15:33:22+00:00\",\"dateModified\":\"2025-04-04T15:33:27+00:00\",\"mainEntityOfPage\":{\"@id\":\"https:\\\/\\\/www.meydan.tv\\\/az\\\/article\\\/22-milyon-manata-alinmis-%c9%99mlak-90-min-kompensasiya-muqabilind%c9%99-zorla-sokulub\\\/\"},\"wordCount\":1019,\"publisher\":{\"@id\":\"https:\\\/\\\/www.meydan.tv\\\/az\\\/#organization\"},\"image\":{\"@id\":\"https:\\\/\\\/www.meydan.tv\\\/az\\\/article\\\/22-milyon-manata-alinmis-%c9%99mlak-90-min-kompensasiya-muqabilind%c9%99-zorla-sokulub\\\/#primaryimage\"},\"thumbnailUrl\":\"https:\\\/\\\/www.meydan.tv\\\/wp-content\\\/uploads\\\/img_20250404_154026_777.jpg\",\"articleSection\":[\"Sosial\",\"T\u00f6vsiy\u0259\",\"X\u0259b\u0259rl\u0259r\"],\"inLanguage\":\"az\"},{\"@type\":\"WebPage\",\"@id\":\"https:\\\/\\\/www.meydan.tv\\\/az\\\/article\\\/22-milyon-manata-alinmis-%c9%99mlak-90-min-kompensasiya-muqabilind%c9%99-zorla-sokulub\\\/\",\"url\":\"https:\\\/\\\/www.meydan.tv\\\/az\\\/article\\\/22-milyon-manata-alinmis-%c9%99mlak-90-min-kompensasiya-muqabilind%c9%99-zorla-sokulub\\\/\",\"name\":\"2,2 milyon manata al\u0131nm\u0131\u015f \u0259mlak 90 min kompensasiya m\u00fcqabilind\u0259 zorla s\u00f6k\u00fcl\u00fcb - MEYDAN.TV\",\"isPartOf\":{\"@id\":\"https:\\\/\\\/www.meydan.tv\\\/az\\\/#website\"},\"primaryImageOfPage\":{\"@id\":\"https:\\\/\\\/www.meydan.tv\\\/az\\\/article\\\/22-milyon-manata-alinmis-%c9%99mlak-90-min-kompensasiya-muqabilind%c9%99-zorla-sokulub\\\/#primaryimage\"},\"image\":{\"@id\":\"https:\\\/\\\/www.meydan.tv\\\/az\\\/article\\\/22-milyon-manata-alinmis-%c9%99mlak-90-min-kompensasiya-muqabilind%c9%99-zorla-sokulub\\\/#primaryimage\"},\"thumbnailUrl\":\"https:\\\/\\\/www.meydan.tv\\\/wp-content\\\/uploads\\\/img_20250404_154026_777.jpg\",\"datePublished\":\"2025-04-04T15:33:22+00:00\",\"dateModified\":\"2025-04-04T15:33:27+00:00\",\"breadcrumb\":{\"@id\":\"https:\\\/\\\/www.meydan.tv\\\/az\\\/article\\\/22-milyon-manata-alinmis-%c9%99mlak-90-min-kompensasiya-muqabilind%c9%99-zorla-sokulub\\\/#breadcrumb\"},\"inLanguage\":\"az\",\"potentialAction\":[{\"@type\":\"ReadAction\",\"target\":[\"https:\\\/\\\/www.meydan.tv\\\/az\\\/article\\\/22-milyon-manata-alinmis-%c9%99mlak-90-min-kompensasiya-muqabilind%c9%99-zorla-sokulub\\\/\"]}]},{\"@type\":\"ImageObject\",\"inLanguage\":\"az\",\"@id\":\"https:\\\/\\\/www.meydan.tv\\\/az\\\/article\\\/22-milyon-manata-alinmis-%c9%99mlak-90-min-kompensasiya-muqabilind%c9%99-zorla-sokulub\\\/#primaryimage\",\"url\":\"https:\\\/\\\/www.meydan.tv\\\/wp-content\\\/uploads\\\/img_20250404_154026_777.jpg\",\"contentUrl\":\"https:\\\/\\\/www.meydan.tv\\\/wp-content\\\/uploads\\\/img_20250404_154026_777.jpg\",\"width\":1280,\"height\":960,\"caption\":\"Foto: Z\u0259r\u0259r\u00e7\u0259k\u0259nl\u0259rin arxivind\u0259n\"},{\"@type\":\"BreadcrumbList\",\"@id\":\"https:\\\/\\\/www.meydan.tv\\\/az\\\/article\\\/22-milyon-manata-alinmis-%c9%99mlak-90-min-kompensasiya-muqabilind%c9%99-zorla-sokulub\\\/#breadcrumb\",\"itemListElement\":[{\"@type\":\"ListItem\",\"position\":1,\"name\":\"Ana s\u0259hif\u0259\",\"item\":\"https:\\\/\\\/www.meydan.tv\\\/az\\\/\"},{\"@type\":\"ListItem\",\"position\":2,\"name\":\"Sosial\",\"item\":\"https:\\\/\\\/www.meydan.tv\\\/az\\\/section\\\/sosial\\\/\"},{\"@type\":\"ListItem\",\"position\":3,\"name\":\"2,2 milyon manata al\u0131nm\u0131\u015f \u0259mlak 90 min kompensasiya m\u00fcqabilind\u0259 zorla s\u00f6k\u00fcl\u00fcb\"}]},{\"@type\":\"WebSite\",\"@id\":\"https:\\\/\\\/www.meydan.tv\\\/az\\\/#website\",\"url\":\"https:\\\/\\\/www.meydan.tv\\\/az\\\/\",\"name\":\"MEYDAN.TV\",\"description\":\"Meydan TV Az\u0259rbaycan\u0131n media m\u0259kan\u0131ndak\u0131 alternativ s\u0259sidir\",\"publisher\":{\"@id\":\"https:\\\/\\\/www.meydan.tv\\\/az\\\/#organization\"},\"potentialAction\":[{\"@type\":\"SearchAction\",\"target\":{\"@type\":\"EntryPoint\",\"urlTemplate\":\"https:\\\/\\\/www.meydan.tv\\\/az\\\/?s={search_term_string}\"},\"query-input\":{\"@type\":\"PropertyValueSpecification\",\"valueRequired\":true,\"valueName\":\"search_term_string\"}}],\"inLanguage\":\"az\"},{\"@type\":\"Organization\",\"@id\":\"https:\\\/\\\/www.meydan.tv\\\/az\\\/#organization\",\"name\":\"Meydan TV\",\"url\":\"https:\\\/\\\/www.meydan.tv\\\/az\\\/\",\"logo\":{\"@type\":\"ImageObject\",\"inLanguage\":\"az\",\"@id\":\"https:\\\/\\\/www.meydan.tv\\\/az\\\/#\\\/schema\\\/logo\\\/image\\\/\",\"url\":\"https:\\\/\\\/www.meydan.tv\\\/wp-content\\\/uploads\\\/2021\\\/07\\\/meydan-logo.svg\",\"contentUrl\":\"https:\\\/\\\/www.meydan.tv\\\/wp-content\\\/uploads\\\/2021\\\/07\\\/meydan-logo.svg\",\"width\":195,\"height\":46,\"caption\":\"Meydan TV\"},\"image\":{\"@id\":\"https:\\\/\\\/www.meydan.tv\\\/az\\\/#\\\/schema\\\/logo\\\/image\\\/\"}},{\"@type\":\"Person\",\"@id\":\"https:\\\/\\\/www.meydan.tv\\\/az\\\/#\\\/schema\\\/person\\\/09863e516102a829e72bedcf3f84c6b0\",\"name\":\"mahmud\"}]}<\/script>\n<!-- \/ Yoast SEO plugin. -->","yoast_head_json":{"title":"2,2 milyon manata al\u0131nm\u0131\u015f \u0259mlak 90 min kompensasiya m\u00fcqabilind\u0259 zorla s\u00f6k\u00fcl\u00fcb - MEYDAN.TV","robots":{"index":"index","follow":"follow","max-snippet":"max-snippet:-1","max-image-preview":"max-image-preview:large","max-video-preview":"max-video-preview:-1"},"canonical":"https:\/\/www.meydan.tv\/az\/article\/22-milyon-manata-alinmis-%c9%99mlak-90-min-kompensasiya-muqabilind%c9%99-zorla-sokulub\/","og_locale":"az_AZ","og_type":"article","og_title":"2,2 milyon manata al\u0131nm\u0131\u015f \u0259mlak 90 min kompensasiya m\u00fcqabilind\u0259 zorla s\u00f6k\u00fcl\u00fcb - MEYDAN.TV","og_description":"F\u0259rdi ya\u015fay\u0131\u015f evinin s\u00f6k\u00fclm\u0259sinin arxas\u0131nda X\u0259tai Rayon \u0130cra Hakimiyy\u0259tinin dayand\u0131\u011f\u0131 ... Davam\u0131","og_url":"https:\/\/www.meydan.tv\/az\/article\/22-milyon-manata-alinmis-%c9%99mlak-90-min-kompensasiya-muqabilind%c9%99-zorla-sokulub\/","og_site_name":"MEYDAN.TV","article_published_time":"2025-04-04T15:33:22+00:00","article_modified_time":"2025-04-04T15:33:27+00:00","og_image":[{"width":1280,"height":960,"url":"https:\/\/www.meydan.tv\/wp-content\/uploads\/img_20250404_154026_777.jpg","type":"image\/jpeg"}],"author":"mahmud","twitter_card":"summary_large_image","schema":{"@context":"https:\/\/schema.org","@graph":[{"@type":"Article","@id":"https:\/\/www.meydan.tv\/az\/article\/22-milyon-manata-alinmis-%c9%99mlak-90-min-kompensasiya-muqabilind%c9%99-zorla-sokulub\/#article","isPartOf":{"@id":"https:\/\/www.meydan.tv\/az\/article\/22-milyon-manata-alinmis-%c9%99mlak-90-min-kompensasiya-muqabilind%c9%99-zorla-sokulub\/"},"author":{"name":"mahmud","@id":"https:\/\/www.meydan.tv\/az\/#\/schema\/person\/09863e516102a829e72bedcf3f84c6b0"},"headline":"2,2 milyon manata al\u0131nm\u0131\u015f \u0259mlak 90 min kompensasiya m\u00fcqabilind\u0259 zorla s\u00f6k\u00fcl\u00fcb","datePublished":"2025-04-04T15:33:22+00:00","dateModified":"2025-04-04T15:33:27+00:00","mainEntityOfPage":{"@id":"https:\/\/www.meydan.tv\/az\/article\/22-milyon-manata-alinmis-%c9%99mlak-90-min-kompensasiya-muqabilind%c9%99-zorla-sokulub\/"},"wordCount":1019,"publisher":{"@id":"https:\/\/www.meydan.tv\/az\/#organization"},"image":{"@id":"https:\/\/www.meydan.tv\/az\/article\/22-milyon-manata-alinmis-%c9%99mlak-90-min-kompensasiya-muqabilind%c9%99-zorla-sokulub\/#primaryimage"},"thumbnailUrl":"https:\/\/www.meydan.tv\/wp-content\/uploads\/img_20250404_154026_777.jpg","articleSection":["Sosial","T\u00f6vsiy\u0259","X\u0259b\u0259rl\u0259r"],"inLanguage":"az"},{"@type":"WebPage","@id":"https:\/\/www.meydan.tv\/az\/article\/22-milyon-manata-alinmis-%c9%99mlak-90-min-kompensasiya-muqabilind%c9%99-zorla-sokulub\/","url":"https:\/\/www.meydan.tv\/az\/article\/22-milyon-manata-alinmis-%c9%99mlak-90-min-kompensasiya-muqabilind%c9%99-zorla-sokulub\/","name":"2,2 milyon manata al\u0131nm\u0131\u015f \u0259mlak 90 min kompensasiya m\u00fcqabilind\u0259 zorla s\u00f6k\u00fcl\u00fcb - MEYDAN.TV","isPartOf":{"@id":"https:\/\/www.meydan.tv\/az\/#website"},"primaryImageOfPage":{"@id":"https:\/\/www.meydan.tv\/az\/article\/22-milyon-manata-alinmis-%c9%99mlak-90-min-kompensasiya-muqabilind%c9%99-zorla-sokulub\/#primaryimage"},"image":{"@id":"https:\/\/www.meydan.tv\/az\/article\/22-milyon-manata-alinmis-%c9%99mlak-90-min-kompensasiya-muqabilind%c9%99-zorla-sokulub\/#primaryimage"},"thumbnailUrl":"https:\/\/www.meydan.tv\/wp-content\/uploads\/img_20250404_154026_777.jpg","datePublished":"2025-04-04T15:33:22+00:00","dateModified":"2025-04-04T15:33:27+00:00","breadcrumb":{"@id":"https:\/\/www.meydan.tv\/az\/article\/22-milyon-manata-alinmis-%c9%99mlak-90-min-kompensasiya-muqabilind%c9%99-zorla-sokulub\/#breadcrumb"},"inLanguage":"az","potentialAction":[{"@type":"ReadAction","target":["https:\/\/www.meydan.tv\/az\/article\/22-milyon-manata-alinmis-%c9%99mlak-90-min-kompensasiya-muqabilind%c9%99-zorla-sokulub\/"]}]},{"@type":"ImageObject","inLanguage":"az","@id":"https:\/\/www.meydan.tv\/az\/article\/22-milyon-manata-alinmis-%c9%99mlak-90-min-kompensasiya-muqabilind%c9%99-zorla-sokulub\/#primaryimage","url":"https:\/\/www.meydan.tv\/wp-content\/uploads\/img_20250404_154026_777.jpg","contentUrl":"https:\/\/www.meydan.tv\/wp-content\/uploads\/img_20250404_154026_777.jpg","width":1280,"height":960,"caption":"Foto: Z\u0259r\u0259r\u00e7\u0259k\u0259nl\u0259rin arxivind\u0259n"},{"@type":"BreadcrumbList","@id":"https:\/\/www.meydan.tv\/az\/article\/22-milyon-manata-alinmis-%c9%99mlak-90-min-kompensasiya-muqabilind%c9%99-zorla-sokulub\/#breadcrumb","itemListElement":[{"@type":"ListItem","position":1,"name":"Ana s\u0259hif\u0259","item":"https:\/\/www.meydan.tv\/az\/"},{"@type":"ListItem","position":2,"name":"Sosial","item":"https:\/\/www.meydan.tv\/az\/section\/sosial\/"},{"@type":"ListItem","position":3,"name":"2,2 milyon manata al\u0131nm\u0131\u015f \u0259mlak 90 min kompensasiya m\u00fcqabilind\u0259 zorla s\u00f6k\u00fcl\u00fcb"}]},{"@type":"WebSite","@id":"https:\/\/www.meydan.tv\/az\/#website","url":"https:\/\/www.meydan.tv\/az\/","name":"MEYDAN.TV","description":"Meydan TV Az\u0259rbaycan\u0131n media m\u0259kan\u0131ndak\u0131 alternativ s\u0259sidir","publisher":{"@id":"https:\/\/www.meydan.tv\/az\/#organization"},"potentialAction":[{"@type":"SearchAction","target":{"@type":"EntryPoint","urlTemplate":"https:\/\/www.meydan.tv\/az\/?s={search_term_string}"},"query-input":{"@type":"PropertyValueSpecification","valueRequired":true,"valueName":"search_term_string"}}],"inLanguage":"az"},{"@type":"Organization","@id":"https:\/\/www.meydan.tv\/az\/#organization","name":"Meydan TV","url":"https:\/\/www.meydan.tv\/az\/","logo":{"@type":"ImageObject","inLanguage":"az","@id":"https:\/\/www.meydan.tv\/az\/#\/schema\/logo\/image\/","url":"https:\/\/www.meydan.tv\/wp-content\/uploads\/2021\/07\/meydan-logo.svg","contentUrl":"https:\/\/www.meydan.tv\/wp-content\/uploads\/2021\/07\/meydan-logo.svg","width":195,"height":46,"caption":"Meydan TV"},"image":{"@id":"https:\/\/www.meydan.tv\/az\/#\/schema\/logo\/image\/"}},{"@type":"Person","@id":"https:\/\/www.meydan.tv\/az\/#\/schema\/person\/09863e516102a829e72bedcf3f84c6b0","name":"mahmud"}]}},"_links":{"self":[{"href":"https:\/\/www.meydan.tv\/az\/wp-json\/wp\/v2\/posts\/328400","targetHints":{"allow":["GET"]}}],"collection":[{"href":"https:\/\/www.meydan.tv\/az\/wp-json\/wp\/v2\/posts"}],"about":[{"href":"https:\/\/www.meydan.tv\/az\/wp-json\/wp\/v2\/types\/post"}],"author":[{"embeddable":true,"href":"https:\/\/www.meydan.tv\/az\/wp-json\/wp\/v2\/users\/21"}],"replies":[{"embeddable":true,"href":"https:\/\/www.meydan.tv\/az\/wp-json\/wp\/v2\/comments?post=328400"}],"version-history":[{"count":3,"href":"https:\/\/www.meydan.tv\/az\/wp-json\/wp\/v2\/posts\/328400\/revisions"}],"predecessor-version":[{"id":328415,"href":"https:\/\/www.meydan.tv\/az\/wp-json\/wp\/v2\/posts\/328400\/revisions\/328415"}],"wp:featuredmedia":[{"embeddable":true,"href":"https:\/\/www.meydan.tv\/az\/wp-json\/wp\/v2\/media\/328407"}],"wp:attachment":[{"href":"https:\/\/www.meydan.tv\/az\/wp-json\/wp\/v2\/media?parent=328400"}],"wp:term":[{"taxonomy":"category","embeddable":true,"href":"https:\/\/www.meydan.tv\/az\/wp-json\/wp\/v2\/categories?post=328400"},{"taxonomy":"post_tag","embeddable":true,"href":"https:\/\/www.meydan.tv\/az\/wp-json\/wp\/v2\/tags?post=328400"}],"curies":[{"name":"wp","href":"https:\/\/api.w.org\/{rel}","templated":true}]}}