{"id":328374,"date":"2025-04-03T19:24:53","date_gmt":"2025-04-03T15:24:53","guid":{"rendered":"https:\/\/www.meydan.tv\/?p=328374"},"modified":"2025-04-03T19:24:56","modified_gmt":"2025-04-03T15:24:56","slug":"s%c9%99rh%c9%99dsiz-reportyorlar-t%c9%99skilati-sevinc-vaqifqizi-il%c9%99-bagli-kampaniyaya-baslayib","status":"publish","type":"post","link":"https:\/\/www.meydan.tv\/az\/article\/s%c9%99rh%c9%99dsiz-reportyorlar-t%c9%99skilati-sevinc-vaqifqizi-il%c9%99-bagli-kampaniyaya-baslayib\/","title":{"rendered":"S\u0259rh\u0259dsiz Reportyorlar T\u0259\u015fkilat\u0131 Sevinc Vaqifq\u0131z\u0131 il\u0259 ba\u011fl\u0131 kampaniyaya ba\u015flay\u0131b"},"content":{"rendered":"\n<p><\/p>\n\n\n\n<p><strong><em>RSF bununla ba\u011fl\u0131 sayt\u0131nda m\u0259qal\u0259 yay\u0131mlay\u0131b<\/em><\/strong><\/p>\n\n\n\n<p>S\u0259rh\u0259dsiz Reportyorlar T\u0259\u015fkilat\u0131 (RSF) d\u00fcnyan\u0131n m\u00fcxt\u0259lif \u00f6lk\u0259l\u0259rind\u0259 h\u0259bsd\u0259 olan be\u015f tan\u0131nm\u0131\u015f jurnalistl\u0259 ba\u011fl\u0131 kampaniyaya ba\u015flay\u0131b.<\/p>\n\n\n\n<p>Haqq\u0131nda kampaniya ba\u015flad\u0131lan jurnalistl\u0259rd\u0259n biri \u201cAbzasMedia\u201dn\u0131n h\u0259bsd\u0259ki ba\u015f redaktoru Sevinc Vaqifq\u0131z\u0131d\u0131r.<\/p>\n\n\n\n<p>RSF bununla ba\u011fl\u0131 sayt\u0131nda m\u0259qal\u0259 <a href=\"https:\/\/rsf.org\/en\/azerbaijan-behind-bars-journalist-sevinj-vagifgizi-embodies-resistance-free-press\" target=\"_blank\" rel=\"noreferrer noopener\">yay\u0131mlay\u0131b<\/a>.<\/p>\n\n\n\n<p>M\u0259qal\u0259d\u0259 jurnalistin anas\u0131 Ofelya xan\u0131m Sevinci \u00e7\u0259tin \u015f\u0259raitd\u0259 b\u00f6y\u00fctd\u00fcy\u00fc, q\u0131z\u0131n\u0131n nec\u0259 jurnalist olmas\u0131 haqq\u0131nda dan\u0131\u015f\u0131b, h\u0259m\u00e7inin Sevincin S\u0259rh\u0259dsiz ReportyorlarT\u0259\u015fkilat\u0131n\u0131n suallar\u0131na cavablar\u0131 da yer al\u0131b.<\/p>\n\n\n\n<p>M\u0259qal\u0259d\u0259 deyilir ki, bir ild\u0259n art\u0131qd\u0131r h\u0259bsd\u0259 olan \u201cAbzasMedia\u201dn\u0131n ba\u015f redaktoru Sevinc Vaqifq\u0131z\u0131n\u0131n \u0259dal\u0259tsiz v\u0259 siyasi motivli m\u0259hk\u0259m\u0259si davam edir. RSF \u201cxarici valyuta qa\u00e7aqmal\u00e7\u0131l\u0131\u011f\u0131\u201d kimi \u0259sass\u0131z ittihama \u0259saslanan bu m\u0259hk\u0259m\u0259 t\u0259qibini q\u0259tiyy\u0259tl\u0259 pisl\u0259yir v\u0259 onun c\u0259sar\u0259tin\u0259 v\u0259 \u00f6hd\u0259likl\u0259rin\u0259 h\u00f6rm\u0259tl\u0259 yana\u015f\u0131r. RSF Sevinc Vaqifq\u0131z\u0131 v\u0259 onunla birg\u0259 t\u0259qsirl\u0259ndiril\u0259n \u015f\u0259xsl\u0259rin d\u0259rhal azadl\u0131\u011fa burax\u0131lmas\u0131na \u00e7a\u011f\u0131r\u0131r.<\/p>\n\n\n\n<p>M\u0259qal\u0259d\u0259 vur\u011fulan\u0131r ki, Az\u0259rbaycan rejiminin t\u0259zyiql\u0259rin\u0259 tab g\u0259tirm\u0259kd\u0259 t\u0259cr\u00fcb\u0259li olan g\u0259nc ba\u015f redaktor \u0259dal\u0259tsizliy\u0259 boyun \u0259ym\u0259y\u0259n birinin d\u0259yan\u0259tli bax\u0131\u015f\u0131n\u0131 v\u0259 m\u00fcnasib\u0259tini da\u015f\u0131y\u0131r. O, haz\u0131rda saxland\u0131\u011f\u0131 qad\u0131n t\u0259cridxanas\u0131ndan RSF-y\u0259 g\u00f6nd\u0259rdiyi mesajda &#8220;\u018fhval\u0131m\u0131z y\u00fcks\u0259kdir&#8221; deyib.<\/p>\n\n\n\n<p>Mart\u0131n 11-d\u0259 ke\u00e7iril\u0259n m\u0259hk\u0259m\u0259 prosesind\u0259 Sevinc Vaqifq\u0131z\u0131 Az\u0259rbaycan liderinin ad\u0131n\u0131n onun h\u0259bsin\u0259 bilavasit\u0259 cavabdeh oldu\u011funu s\u00f6yl\u0259m\u0259kd\u0259n \u00e7\u0259kinm\u0259y\u0259r\u0259k deyib:<\/p>\n\n\n\n<p><em>\u201cBizim h\u0259bsimiz \u0130lham \u018fliyevin v\u0259 onun yax\u0131n \u00e7evr\u0259sinin korrupsiya cinay\u0259tl\u0259rini if\u015fa etdiyimiz \u00fc\u00e7\u00fcn bizi jurnalistikadan uzaqla\u015fd\u0131rmaq \u00fc\u00e7\u00fcnd\u00fcr\u201d.<\/em><\/p>\n\n\n\n<p>O, h\u0259m\u00e7inin ona v\u0259 h\u0259mkarlar\u0131na qar\u015f\u0131 ir\u0259li s\u00fcr\u00fcl\u0259n ittihamlar\u0131 q\u0259tiyy\u0259tl\u0259 r\u0259dd edib.<\/p>\n\n\n\n<p><em>&#8220;Bu i\u015f qa\u00e7aqmal\u00e7\u0131l\u0131q, qanunsuz sahibkarl\u0131q, vergid\u0259n yay\u0131nma v\u0259 ya s\u0259n\u0259d saxtakarl\u0131\u011f\u0131 il\u0259 ba\u011fl\u0131 deyil. S\u00f6hb\u0259t h\u0259qiq\u0259t\u0259 d\u00f6z\u00fcms\u00fczl\u00fckd\u0259n gedir&#8221;,<\/em> &#8211; jurnalist c\u0259sar\u0259tl\u0259 b\u0259yan edib.<\/p>\n\n\n\n<p><em>\u201c\u00c7oxsayl\u0131 prosessual pozuntularla m\u00fc\u015fayi\u0259t olunan bu m\u0259hk\u0259m\u0259 prosesi Az\u0259rbaycanda m\u00fcst\u0259qil mediaya qar\u015f\u0131 daha geni\u015f repressiyalar\u0131n bir hiss\u0259sidir<\/em><em>\u201d,<\/em> &#8211; RSF m\u0259qal\u0259sind\u0259 yaz\u0131r.<\/p>\n\n\n\n<p>35 ya\u015f\u0131nda olan Sevinc Vaqifq\u0131z\u0131 2023-c\u00fc il noyabr\u0131n 21-d\u0259 \u201cAbzas Media\u201dn\u0131n direktoru \u00dclvi H\u0259s\u0259nli h\u0259bs olunduqdan bir g\u00fcn sonra h\u0259bs olunaca\u011f\u0131n\u0131 bil\u0259r\u0259k \u0130stanbuldan Az\u0259rbaycana qay\u0131d\u0131b. O, art\u0131q 500 g\u00fcn\u0259 yax\u0131nd\u0131r ki, h\u0259bsd\u0259dir, lakin jurnalist t\u0259slim olmur.<\/p>\n\n\n\n<p><em>&#8220;Biz art\u0131q buradak\u0131 \u015f\u0259rait\u0259 uy\u011funla\u015fd\u0131q. H\u0259bsxanadan k\u0259narda oldu\u011fu kimi, h\u0259yat monotondur. Biz ad g\u00fcnl\u0259rimizi qeyd etm\u0259kl\u0259 ona bir az r\u0259ng qat\u0131r\u0131q&#8221;,<\/em> &#8211; o, RSF-y\u0259 deyib.<\/p>\n\n\n\n<p>Jurnalist kameras\u0131ndan \u00f6z\u00fc, h\u0259mkarlar\u0131 v\u0259 \u00f6lk\u0259sind\u0259 azad m\u0259tbuat u\u011frunda m\u00fcbariz\u0259ni davam etdirir.<\/p>\n\n\n\n<p><em>&#8220;Sevinc Vaqifq\u0131z\u0131 repressiyalar qar\u015f\u0131s\u0131nda m\u00fcst\u0259qil jurnalistikan\u0131n l\u0259yaq\u0259tini, \u00fcmidini v\u0259 m\u00fcqavim\u0259tini t\u0259c\u0259ss\u00fcm etdirir. Az\u0259rbaycan hakimiyy\u0259ti onu h\u0259bsd\u0259 saxlamaqla, sad\u0259c\u0259 olaraq, azad m\u0259tbuat\u0131n g\u00fcc\u00fc qar\u015f\u0131s\u0131nda acizlikl\u0259rini \u00fcz\u0259 \u00e7\u0131xar\u0131r, anlamad\u0131qlar\u0131 q\u00fcvv\u0259dir. RSF Sevinc Vaqifq\u0131z\u0131n\u0131 v\u0259 h\u0259bs olunan dig\u0259r media n\u00fcmay\u0259nd\u0259l\u0259rini d\u0259rhal azadl\u0131\u011fa buraxma\u011fa \u00e7a\u011f\u0131r\u0131r<\/em><em>\u201d.<\/em><\/p>\n\n\n\n<p>Sevinc Vaqifq\u0131z\u0131 h\u0259bsxanada m\u00fc\u015fahid\u0259 v\u0259 s\u0259n\u0259dl\u0259\u015fdirm\u0259ni davam etdirir, g\u00f6rd\u00fckl\u0259rini reportaj formas\u0131na \u00e7evirir.<\/p>\n\n\n\n<p><em>&#8220;\u018fslind\u0259, bu, h\u0259mi\u015f\u0259 \u00f6z g\u00f6zl\u0259rimizl\u0259 g\u00f6rm\u0259k ist\u0259diyimiz yerdir&#8221;,<\/em> &#8211; dey\u0259 o, RSF-\u0259 etiraf edir.<\/p>\n\n\n\n<p><em>&#8220;Jurnalistl\u0259r \u00fc\u00e7\u00fcn bu m\u00fcmk\u00fcn deyildi. N\u0259 ba\u015f verdiyini anlamaq, m\u0259hbuslarla g\u00f6r\u00fc\u015fm\u0259k v\u0259 sistemin nec\u0259 i\u015fl\u0259diyini hiss etm\u0259k \u00fc\u00e7\u00fcn burada ya\u015famal\u0131san&#8221;.<\/em><\/p>\n\n\n\n<p>M\u0259qal\u0259d\u0259 deyilir ki, Sevinc Vaqifq\u0131z\u0131 jurnalistikan\u0131 t\u0259sad\u00fcf\u0259n se\u00e7m\u0259yib. Birinci Da\u011fl\u0131q Qaraba\u011f m\u00fcharib\u0259si (1988-1994) zaman\u0131 qa\u00e7q\u0131n d\u00fc\u015fm\u00fc\u015f, iki bac\u0131s\u0131 il\u0259 paytaxt Bak\u0131da pis h\u0259yat \u015f\u0259raitind\u0259 b\u00f6y\u00fcy\u00fcb. Valideynl\u0259ri h\u0259r \u015feyi t\u0259hsill\u0259rin\u0259 h\u0259sr edirdil\u0259r. H\u0259l\u0259 g\u0259nc ya\u015flar\u0131ndan bir m\u00fc\u0259llim onu \u200b\u200bjurnalist olma\u011fa h\u0259v\u0259sl\u0259ndir\u0259r\u0259k, \u015fagirdinin \u201ch\u0259mi\u015f\u0259 h\u0259qiq\u0259ti dan\u0131\u015fd\u0131\u011f\u0131n\u0131 v\u0259 \u0259dal\u0259t u\u011frunda m\u00fcbariz\u0259 apard\u0131\u011f\u0131n\u0131\u201d qeyd edib. Jurnalistin anas\u0131 Ofelya q\u0131z\u0131n\u0131n g\u0259ncliyi il\u0259 ba\u011fl\u0131 sual\u0131 cavabland\u0131rark\u0259n xat\u0131rlad\u0131b ki<em>, &#8220;Haqs\u0131zl\u0131q g\u00f6rd\u00fckd\u0259 susmas\u0131 m\u00fcmk\u00fcn deyildi. Jurnalistika onun tez bir zamanda insanlara k\u00f6m\u0259k vasit\u0259sin\u0259 \u00e7evrildi&#8221;.<\/em><\/p>\n\n\n\n<p>Onun reportaj\u0131 unudulanlara, c\u0259bh\u0259d\u0259 h\u0259lak olan \u0259sg\u0259r ail\u0259l\u0259rin\u0259, v\u0259dsizl\u0259rin qurbanlar\u0131na s\u0259s verir. Yax\u0131nlar\u0131 t\u0259r\u0259find\u0259n \u201ctam \u00fcr\u0259kl\u0259\u201d t\u0259svir edil\u0259n jurnalist aksiyan\u0131n ke\u00e7irildiyi yer\u0259, ba\u015fqalar\u0131n\u0131n getm\u0259y\u0259 c\u0259sar\u0259t etm\u0259diyi ucqar k\u0259ndl\u0259r\u0259 gedir. O, hakimiyy\u0259td\u0259n sui-istifad\u0259 hallar\u0131n\u0131, o c\u00fcml\u0259d\u0259n hakim \u018fliyevl\u0259r ail\u0259sinin gizl\u0259dilmi\u015f \u0259mlak\u0131n\u0131, Qaraba\u011f b\u00f6lg\u0259sinin yenid\u0259n qurulmas\u0131 il\u0259 ba\u011fl\u0131 m\u0259nims\u0259m\u0259l\u0259ri, Prezident ail\u0259sin\u0259 v\u0259 onun xan\u0131m\u0131, eyni zamanda vitse-prezident olan Mehriban xan\u0131ma m\u0259xsus Heyd\u0259r \u018fliyev Fondu v\u0259 PA\u015eA Holdinq kimi qurumlar daxilind\u0259 maraqlar\u0131n toqqu\u015fmas\u0131n\u0131 ara\u015fd\u0131r\u0131r. M\u00fchacir\u0259td\u0259n RSF-y\u0259 dan\u0131\u015fan haz\u0131rda \u201cAbzas Media\u201dn\u0131n ba\u015f redaktoru v\u0259zif\u0259sini icra ed\u0259n Leyla Mustafayeva \u201cSevinc qorxmazd\u0131r, he\u00e7 vaxt t\u0259zyiqd\u0259n qorxmay\u0131b\u201d deyib.<\/p>\n\n\n\n<p>Sevinc Vaqifq\u0131z\u0131 avtoritar \u00f6lk\u0259d\u0259 pe\u015f\u0259 f\u0259aliyy\u0259ti il\u0259 m\u0259\u015f\u011ful olmas\u0131n\u0131n n\u0259tic\u0259si olaraq m\u0259tbuat azadl\u0131\u011f\u0131n\u0131 h\u0259v\u0259sl\u0259 m\u00fcdafi\u0259 edir. 2023-c\u00fc ilin fevral\u0131nda o, yeni media qanununun t\u0259tbiq etdiyi m\u0259hdudiyy\u0259tl\u0259ri pisl\u0259y\u0259n a\u00e7\u0131q m\u0259ktubun 40 c\u0259sur imza\u00e7\u0131s\u0131ndan biri idi.<\/p>\n\n\n\n<p>Sevinc Vaqifq\u0131z\u0131n\u0131n f\u0259dakarl\u0131\u011f\u0131 daimi m\u00fc\u015fahid\u0259l\u0259r\u0259 s\u0259b\u0259b olub. 2015-2019-cu ill\u0259rd\u0259 onun \u00f6lk\u0259d\u0259n \u00e7\u0131x\u0131\u015f\u0131na qada\u011fa qoyulub. 2020-ci ild\u0259 o, aksiyan\u0131 i\u015f\u0131qland\u0131rark\u0259n polis t\u0259r\u0259find\u0259n d\u00f6y\u00fcl\u00fcb. O, \u00e7oxsayl\u0131 h\u0259bsl\u0259r, t\u0259hdidl\u0259r, qarayaxma kampaniyalar\u0131 v\u0259 i\u015fin\u0259 mane olmaq c\u0259hdl\u0259ri il\u0259 \u00fczl\u0259\u015fib. 2023-c\u00fc ilin noyabr\u0131nda Bak\u0131 hava liman\u0131nda h\u0259bs olunduqdan sonra o, bir ne\u00e7\u0259 h\u0259ft\u0259 xarici d\u00fcnya il\u0259 \u0259laq\u0259si k\u0259silib, jurnalist v\u0259 ail\u0259 \u00fczvl\u0259rin\u0259 m\u0259xsus bank hesablar\u0131 alt\u0131 ay m\u00fcdd\u0259tin\u0259 dondurulub. Jurnalistin s\u00f6zl\u0259rin\u0259 g\u00f6r\u0259, onu zorak\u0131l\u0131qla divara s\u0131x\u0131blar, soyuq, su basm\u0131\u015f kamerada saxlay\u0131blar v\u0259 ona tibbi yard\u0131m g\u00f6st\u0259rilm\u0259yib. Jurnalist v\u0259 onun h\u0259bsd\u0259 olan h\u0259mkarlar\u0131 zorak\u0131l\u0131q \u015fikay\u0259tl\u0259ri il\u0259 ba\u011fl\u0131 ara\u015fd\u0131rma apar\u0131lmamas\u0131na etiraz olaraq iki d\u0259f\u0259 m\u0259hk\u0259m\u0259y\u0259 g\u0259lm\u0259kd\u0259n imtina edibl\u0259r.<\/p>\n\n\n\n<p>Sevinc Vaqifq\u0131z\u0131 d\u0259mir barmaql\u0131qlar arxas\u0131nda bel\u0259 h\u0259qiq\u0259t u\u011frunda m\u00fcbariz\u0259sini davam etdirir. O, RSF-y\u0259 bel\u0259 deyib:<\/p>\n\n\n\n<p><em>&#8220;H\u0259bs olunmazdan \u0259vv\u0259l hava liman\u0131nda m\u0259n s\u00f6z vermi\u015fdim ki, korrupsiya il\u0259 ba\u011fl\u0131 ara\u015fd\u0131rmalar, h\u0259tta bizi bir-bir h\u0259bs ets\u0259l\u0259r d\u0259, davam ed\u0259c\u0259k v\u0259 biz hakimiyy\u0259ti m\u0259yus ed\u0259c\u0259yik. H\u0259mkarlar\u0131m bu v\u0259di tutdular. Onlara \u00e7ox minn\u0259tdaram. Bu, bizim xarici v\u0259 az\u0259rbaycanl\u0131 jurnalistl\u0259rin ara\u015fd\u0131rmalar\u0131m\u0131z\u0131 davam etdirm\u0259si biz\u0259 \u00fcmid verdi.&#8221; <\/em><em><\/em><\/p>\n\n\n\n<p>Az\u0259rbaycanda d\u00f6vl\u0259t r\u0259hb\u0259rliyi \u0259traf\u0131nda korrupsiya ara\u015fd\u0131rmalar\u0131 ed\u0259n \u201cAbzasMedia\u201dn\u0131n 6 \u0259m\u0259kda\u015f\u0131 \u2013 ba\u015f direktor \u00dclvi H\u0259s\u0259nli, m\u00fcavini M\u0259h\u0259mm\u0259d Kekalov, ba\u015f redaktor Sevinc Vaqifq\u0131z\u0131, reportyorlar N\u0259rgiz Absalamova v\u0259 Elnar\u0259 Qas\u0131mova, ara\u015fd\u0131rma\u00e7\u0131 jurnalist Hafiz Babal\u0131 h\u0259bs edilib.<\/p>\n\n\n\n<p>2023-c\u00fc ilin noyabr\u0131ndan etibar\u0259n s\u0131ra il\u0259 h\u0259bs olunma\u011fa ba\u015flayan jurnalistl\u0259r\u0259 qar\u015f\u0131 qa\u00e7aqmal\u00e7\u0131l\u0131q ittiham\u0131 ir\u0259li s\u00fcr\u00fcl\u00fcb.<\/p>\n\n\n\n<p>2024-c\u00fc il may\u0131n 31-d\u0259 is\u0259 \u201cAzadl\u0131q\u201d radiosunun jurnalisti, iqtisad\u00e7\u0131 F\u0259rid Mehral\u0131zad\u0259 saxlan\u0131l\u0131b, evind\u0259 axtar\u0131\u015f apar\u0131l\u0131b. \u0130yunun 1-d\u0259 ona qar\u015f\u0131 \u201cAbzasMedia i\u015fi\u201d \u00fczr\u0259 Cinay\u0259t M\u0259c\u0259ll\u0259sinin 206.3.2-ci (qa\u00e7aqmal\u00e7\u0131l\u0131q, \u0259vv\u0259lc\u0259d\u0259n \u0259lbir olan bir qrup \u015f\u0259xs t\u0259r\u0259find\u0259n t\u00f6r\u0259dildikd\u0259) madd\u0259si il\u0259 ittiham ir\u0259li s\u00fcr\u00fcl\u00fcb. X\u0259tai rayon M\u0259hk\u0259m\u0259sinin q\u0259rar\u0131 il\u0259 onun bar\u0259sind\u0259 h\u0259bs q\u0259timkan t\u0259dbiri se\u00e7ilib.<\/p>\n\n\n\n<p>El\u0259 h\u0259min g\u00fcn \u201cAbzasMedia\u201d b\u0259yanat yayaraq F\u0259rid Mehral\u0131zad\u0259nin bu media qurumu il\u0259 he\u00e7 bir \u0259m\u0259kda\u015fl\u0131\u011f\u0131n\u0131n v\u0259 \u0259laq\u0259sinin olmad\u0131\u011f\u0131n\u0131 bildirib.<\/p>\n\n\n\n<p>Daha sonra bu i\u015f \u00fczr\u0259 h\u0259bs edil\u0259nl\u0259rl\u0259rin h\u0259r birin\u0259 qar\u015f\u0131 maliyy\u0259 m\u0259s\u0259l\u0259l\u0259ril\u0259 ba\u011fl\u0131 \u0259lav\u0259 7 a\u011f\u0131r madd\u0259 \u00fczr\u0259 ittiham ir\u0259li s\u00fcr\u00fcl\u00fcb.<\/p>\n\n\n\n<p>\u00dcmumilikd\u0259 \u00f6t\u0259n ilin noyabr\u0131ndan ba\u015flayaraq Az\u0259rbaycanda qruplar hal\u0131nda 20- y\u0259 yax\u0131n jurnalist, ictimai f\u0259al qa\u00e7aqmal\u00e7\u0131l\u0131q ittiham\u0131 il\u0259 h\u0259bs edilib. Onlar\u0131n he\u00e7 biri ittihamla raz\u0131la\u015fm\u0131r, bunu pe\u015f\u0259 f\u0259aliyy\u0259tl\u0259ri v\u0259 siyasi sifari\u015f il\u0259 izah edirl\u0259r.<\/p>\n\n\n\n<p>Yerli h\u00fcquq-m\u00fcdafi\u0259 t\u0259\u015fkilatlar\u0131n\u0131n haz\u0131rlad\u0131qlar\u0131 siyah\u0131lara g\u00f6r\u0259, haz\u0131rda Az\u0259rbaycan h\u0259bsxanalar\u0131nda t\u0259qrib\u0259n 300 siyasi m\u0259hbus var. R\u0259smil\u0259r is\u0259, bir qayda olaraq, vur\u011fulay\u0131rlar ki, \u00f6lk\u0259d\u0259 he\u00e7 kim s\u0131rf pe\u015f\u0259 f\u0259aliyy\u0259ti il\u0259 ba\u011fl\u0131, siyasi \u0259saslar il\u0259 h\u0259bs edilmir.<\/p>\n\n\n\n<p>Yerli v\u0259 beyn\u0259lxalq h\u00fcquq m\u00fcdafi\u0259 t\u0259\u015fkilatlar\u0131 bu t\u0259qibl\u0259ri siyasi motivli hesab edir v\u0259 h\u0259bs olunanlar\u0131n azad edilm\u0259sin\u0259, onlara qar\u015f\u0131 ittihamlar\u0131n geri g\u00f6t\u00fcr\u00fclm\u0259sin\u0259 \u00e7a\u011f\u0131r\u0131rlar.<\/p>\n","protected":false},"excerpt":{"rendered":"<p>RSF bununla ba\u011fl\u0131 sayt\u0131nda m\u0259qal\u0259 yay\u0131mlay\u0131b S\u0259rh\u0259dsiz Reportyorlar T\u0259\u015fkilat\u0131 (RSF) &#8230; <\/p>\n<p class=\"read-more-container\"><a title=\"S\u0259rh\u0259dsiz Reportyorlar T\u0259\u015fkilat\u0131 Sevinc Vaqifq\u0131z\u0131 il\u0259 ba\u011fl\u0131 kampaniyaya ba\u015flay\u0131b\" class=\"read-more button\" href=\"https:\/\/www.meydan.tv\/az\/article\/s%c9%99rh%c9%99dsiz-reportyorlar-t%c9%99skilati-sevinc-vaqifqizi-il%c9%99-bagli-kampaniyaya-baslayib\/#more-328374\" aria-label=\"Read more about S\u0259rh\u0259dsiz Reportyorlar T\u0259\u015fkilat\u0131 Sevinc Vaqifq\u0131z\u0131 il\u0259 ba\u011fl\u0131 kampaniyaya ba\u015flay\u0131b\">Davam\u0131<\/a><\/p>\n","protected":false},"author":21,"featured_media":325959,"comment_status":"closed","ping_status":"closed","sticky":false,"template":"","format":"standard","meta":{"_acf_changed":false,"_sitemap_exclude":false,"_sitemap_priority":"","_sitemap_frequency":"","footnotes":""},"categories":[59,79,56],"tags":[],"class_list":["post-328374","post","type-post","status-publish","format-standard","has-post-thumbnail","hentry","category-siyaset","category-featured","category-xeberler","infinite-scroll-item","generate-columns","tablet-grid-50","mobile-grid-100","grid-parent","grid-33","no-featured-image-padding"],"acf":[],"yoast_head":"<!-- This site is optimized with the Yoast SEO plugin v27.5 - https:\/\/yoast.com\/product\/yoast-seo-wordpress\/ -->\n<title>S\u0259rh\u0259dsiz Reportyorlar T\u0259\u015fkilat\u0131 Sevinc Vaqifq\u0131z\u0131 il\u0259 ba\u011fl\u0131 kampaniyaya ba\u015flay\u0131b - MEYDAN.TV<\/title>\n<meta name=\"robots\" content=\"index, follow, max-snippet:-1, max-image-preview:large, max-video-preview:-1\" \/>\n<link rel=\"canonical\" href=\"https:\/\/www.meydan.tv\/az\/article\/s%c9%99rh%c9%99dsiz-reportyorlar-t%c9%99skilati-sevinc-vaqifqizi-il%c9%99-bagli-kampaniyaya-baslayib\/\" \/>\n<meta property=\"og:locale\" content=\"az_AZ\" \/>\n<meta property=\"og:type\" content=\"article\" \/>\n<meta property=\"og:title\" content=\"S\u0259rh\u0259dsiz Reportyorlar T\u0259\u015fkilat\u0131 Sevinc Vaqifq\u0131z\u0131 il\u0259 ba\u011fl\u0131 kampaniyaya ba\u015flay\u0131b - MEYDAN.TV\" \/>\n<meta property=\"og:description\" content=\"RSF bununla ba\u011fl\u0131 sayt\u0131nda m\u0259qal\u0259 yay\u0131mlay\u0131b S\u0259rh\u0259dsiz Reportyorlar T\u0259\u015fkilat\u0131 (RSF) ... Davam\u0131\" \/>\n<meta property=\"og:url\" content=\"https:\/\/www.meydan.tv\/az\/article\/s%c9%99rh%c9%99dsiz-reportyorlar-t%c9%99skilati-sevinc-vaqifqizi-il%c9%99-bagli-kampaniyaya-baslayib\/\" \/>\n<meta property=\"og:site_name\" content=\"MEYDAN.TV\" \/>\n<meta property=\"article:published_time\" content=\"2025-04-03T15:24:53+00:00\" \/>\n<meta property=\"article:modified_time\" content=\"2025-04-03T15:24:56+00:00\" \/>\n<meta property=\"og:image\" content=\"https:\/\/www.meydan.tv\/wp-content\/uploads\/sevinc-2.png\" \/>\n\t<meta property=\"og:image:width\" content=\"1179\" \/>\n\t<meta property=\"og:image:height\" content=\"576\" \/>\n\t<meta property=\"og:image:type\" content=\"image\/png\" \/>\n<meta name=\"author\" content=\"mahmud\" \/>\n<meta name=\"twitter:card\" content=\"summary_large_image\" \/>\n<script type=\"application\/ld+json\" class=\"yoast-schema-graph\">{\"@context\":\"https:\\\/\\\/schema.org\",\"@graph\":[{\"@type\":\"Article\",\"@id\":\"https:\\\/\\\/www.meydan.tv\\\/az\\\/article\\\/s%c9%99rh%c9%99dsiz-reportyorlar-t%c9%99skilati-sevinc-vaqifqizi-il%c9%99-bagli-kampaniyaya-baslayib\\\/#article\",\"isPartOf\":{\"@id\":\"https:\\\/\\\/www.meydan.tv\\\/az\\\/article\\\/s%c9%99rh%c9%99dsiz-reportyorlar-t%c9%99skilati-sevinc-vaqifqizi-il%c9%99-bagli-kampaniyaya-baslayib\\\/\"},\"author\":{\"name\":\"mahmud\",\"@id\":\"https:\\\/\\\/www.meydan.tv\\\/az\\\/#\\\/schema\\\/person\\\/09863e516102a829e72bedcf3f84c6b0\"},\"headline\":\"S\u0259rh\u0259dsiz Reportyorlar T\u0259\u015fkilat\u0131 Sevinc Vaqifq\u0131z\u0131 il\u0259 ba\u011fl\u0131 kampaniyaya ba\u015flay\u0131b\",\"datePublished\":\"2025-04-03T15:24:53+00:00\",\"dateModified\":\"2025-04-03T15:24:56+00:00\",\"mainEntityOfPage\":{\"@id\":\"https:\\\/\\\/www.meydan.tv\\\/az\\\/article\\\/s%c9%99rh%c9%99dsiz-reportyorlar-t%c9%99skilati-sevinc-vaqifqizi-il%c9%99-bagli-kampaniyaya-baslayib\\\/\"},\"wordCount\":1754,\"publisher\":{\"@id\":\"https:\\\/\\\/www.meydan.tv\\\/az\\\/#organization\"},\"image\":{\"@id\":\"https:\\\/\\\/www.meydan.tv\\\/az\\\/article\\\/s%c9%99rh%c9%99dsiz-reportyorlar-t%c9%99skilati-sevinc-vaqifqizi-il%c9%99-bagli-kampaniyaya-baslayib\\\/#primaryimage\"},\"thumbnailUrl\":\"https:\\\/\\\/www.meydan.tv\\\/wp-content\\\/uploads\\\/sevinc-2.png\",\"articleSection\":[\"Siyas\u0259t\",\"T\u00f6vsiy\u0259\",\"X\u0259b\u0259rl\u0259r\"],\"inLanguage\":\"az\"},{\"@type\":\"WebPage\",\"@id\":\"https:\\\/\\\/www.meydan.tv\\\/az\\\/article\\\/s%c9%99rh%c9%99dsiz-reportyorlar-t%c9%99skilati-sevinc-vaqifqizi-il%c9%99-bagli-kampaniyaya-baslayib\\\/\",\"url\":\"https:\\\/\\\/www.meydan.tv\\\/az\\\/article\\\/s%c9%99rh%c9%99dsiz-reportyorlar-t%c9%99skilati-sevinc-vaqifqizi-il%c9%99-bagli-kampaniyaya-baslayib\\\/\",\"name\":\"S\u0259rh\u0259dsiz Reportyorlar T\u0259\u015fkilat\u0131 Sevinc Vaqifq\u0131z\u0131 il\u0259 ba\u011fl\u0131 kampaniyaya ba\u015flay\u0131b - MEYDAN.TV\",\"isPartOf\":{\"@id\":\"https:\\\/\\\/www.meydan.tv\\\/az\\\/#website\"},\"primaryImageOfPage\":{\"@id\":\"https:\\\/\\\/www.meydan.tv\\\/az\\\/article\\\/s%c9%99rh%c9%99dsiz-reportyorlar-t%c9%99skilati-sevinc-vaqifqizi-il%c9%99-bagli-kampaniyaya-baslayib\\\/#primaryimage\"},\"image\":{\"@id\":\"https:\\\/\\\/www.meydan.tv\\\/az\\\/article\\\/s%c9%99rh%c9%99dsiz-reportyorlar-t%c9%99skilati-sevinc-vaqifqizi-il%c9%99-bagli-kampaniyaya-baslayib\\\/#primaryimage\"},\"thumbnailUrl\":\"https:\\\/\\\/www.meydan.tv\\\/wp-content\\\/uploads\\\/sevinc-2.png\",\"datePublished\":\"2025-04-03T15:24:53+00:00\",\"dateModified\":\"2025-04-03T15:24:56+00:00\",\"breadcrumb\":{\"@id\":\"https:\\\/\\\/www.meydan.tv\\\/az\\\/article\\\/s%c9%99rh%c9%99dsiz-reportyorlar-t%c9%99skilati-sevinc-vaqifqizi-il%c9%99-bagli-kampaniyaya-baslayib\\\/#breadcrumb\"},\"inLanguage\":\"az\",\"potentialAction\":[{\"@type\":\"ReadAction\",\"target\":[\"https:\\\/\\\/www.meydan.tv\\\/az\\\/article\\\/s%c9%99rh%c9%99dsiz-reportyorlar-t%c9%99skilati-sevinc-vaqifqizi-il%c9%99-bagli-kampaniyaya-baslayib\\\/\"]}]},{\"@type\":\"ImageObject\",\"inLanguage\":\"az\",\"@id\":\"https:\\\/\\\/www.meydan.tv\\\/az\\\/article\\\/s%c9%99rh%c9%99dsiz-reportyorlar-t%c9%99skilati-sevinc-vaqifqizi-il%c9%99-bagli-kampaniyaya-baslayib\\\/#primaryimage\",\"url\":\"https:\\\/\\\/www.meydan.tv\\\/wp-content\\\/uploads\\\/sevinc-2.png\",\"contentUrl\":\"https:\\\/\\\/www.meydan.tv\\\/wp-content\\\/uploads\\\/sevinc-2.png\",\"width\":1179,\"height\":576,\"caption\":\"\u0130ll\u00fcstrasiya: Meydan TV\"},{\"@type\":\"BreadcrumbList\",\"@id\":\"https:\\\/\\\/www.meydan.tv\\\/az\\\/article\\\/s%c9%99rh%c9%99dsiz-reportyorlar-t%c9%99skilati-sevinc-vaqifqizi-il%c9%99-bagli-kampaniyaya-baslayib\\\/#breadcrumb\",\"itemListElement\":[{\"@type\":\"ListItem\",\"position\":1,\"name\":\"Ana s\u0259hif\u0259\",\"item\":\"https:\\\/\\\/www.meydan.tv\\\/az\\\/\"},{\"@type\":\"ListItem\",\"position\":2,\"name\":\"T\u00f6vsiy\u0259\",\"item\":\"https:\\\/\\\/www.meydan.tv\\\/az\\\/section\\\/featured\\\/\"},{\"@type\":\"ListItem\",\"position\":3,\"name\":\"S\u0259rh\u0259dsiz Reportyorlar T\u0259\u015fkilat\u0131 Sevinc Vaqifq\u0131z\u0131 il\u0259 ba\u011fl\u0131 kampaniyaya ba\u015flay\u0131b\"}]},{\"@type\":\"WebSite\",\"@id\":\"https:\\\/\\\/www.meydan.tv\\\/az\\\/#website\",\"url\":\"https:\\\/\\\/www.meydan.tv\\\/az\\\/\",\"name\":\"MEYDAN.TV\",\"description\":\"Meydan TV Az\u0259rbaycan\u0131n media m\u0259kan\u0131ndak\u0131 alternativ s\u0259sidir\",\"publisher\":{\"@id\":\"https:\\\/\\\/www.meydan.tv\\\/az\\\/#organization\"},\"potentialAction\":[{\"@type\":\"SearchAction\",\"target\":{\"@type\":\"EntryPoint\",\"urlTemplate\":\"https:\\\/\\\/www.meydan.tv\\\/az\\\/?s={search_term_string}\"},\"query-input\":{\"@type\":\"PropertyValueSpecification\",\"valueRequired\":true,\"valueName\":\"search_term_string\"}}],\"inLanguage\":\"az\"},{\"@type\":\"Organization\",\"@id\":\"https:\\\/\\\/www.meydan.tv\\\/az\\\/#organization\",\"name\":\"Meydan TV\",\"url\":\"https:\\\/\\\/www.meydan.tv\\\/az\\\/\",\"logo\":{\"@type\":\"ImageObject\",\"inLanguage\":\"az\",\"@id\":\"https:\\\/\\\/www.meydan.tv\\\/az\\\/#\\\/schema\\\/logo\\\/image\\\/\",\"url\":\"https:\\\/\\\/www.meydan.tv\\\/wp-content\\\/uploads\\\/2021\\\/07\\\/meydan-logo.svg\",\"contentUrl\":\"https:\\\/\\\/www.meydan.tv\\\/wp-content\\\/uploads\\\/2021\\\/07\\\/meydan-logo.svg\",\"width\":195,\"height\":46,\"caption\":\"Meydan TV\"},\"image\":{\"@id\":\"https:\\\/\\\/www.meydan.tv\\\/az\\\/#\\\/schema\\\/logo\\\/image\\\/\"}},{\"@type\":\"Person\",\"@id\":\"https:\\\/\\\/www.meydan.tv\\\/az\\\/#\\\/schema\\\/person\\\/09863e516102a829e72bedcf3f84c6b0\",\"name\":\"mahmud\"}]}<\/script>\n<!-- \/ Yoast SEO plugin. -->","yoast_head_json":{"title":"S\u0259rh\u0259dsiz Reportyorlar T\u0259\u015fkilat\u0131 Sevinc Vaqifq\u0131z\u0131 il\u0259 ba\u011fl\u0131 kampaniyaya ba\u015flay\u0131b - MEYDAN.TV","robots":{"index":"index","follow":"follow","max-snippet":"max-snippet:-1","max-image-preview":"max-image-preview:large","max-video-preview":"max-video-preview:-1"},"canonical":"https:\/\/www.meydan.tv\/az\/article\/s%c9%99rh%c9%99dsiz-reportyorlar-t%c9%99skilati-sevinc-vaqifqizi-il%c9%99-bagli-kampaniyaya-baslayib\/","og_locale":"az_AZ","og_type":"article","og_title":"S\u0259rh\u0259dsiz Reportyorlar T\u0259\u015fkilat\u0131 Sevinc Vaqifq\u0131z\u0131 il\u0259 ba\u011fl\u0131 kampaniyaya ba\u015flay\u0131b - MEYDAN.TV","og_description":"RSF bununla ba\u011fl\u0131 sayt\u0131nda m\u0259qal\u0259 yay\u0131mlay\u0131b S\u0259rh\u0259dsiz Reportyorlar T\u0259\u015fkilat\u0131 (RSF) ... Davam\u0131","og_url":"https:\/\/www.meydan.tv\/az\/article\/s%c9%99rh%c9%99dsiz-reportyorlar-t%c9%99skilati-sevinc-vaqifqizi-il%c9%99-bagli-kampaniyaya-baslayib\/","og_site_name":"MEYDAN.TV","article_published_time":"2025-04-03T15:24:53+00:00","article_modified_time":"2025-04-03T15:24:56+00:00","og_image":[{"width":1179,"height":576,"url":"https:\/\/www.meydan.tv\/wp-content\/uploads\/sevinc-2.png","type":"image\/png"}],"author":"mahmud","twitter_card":"summary_large_image","schema":{"@context":"https:\/\/schema.org","@graph":[{"@type":"Article","@id":"https:\/\/www.meydan.tv\/az\/article\/s%c9%99rh%c9%99dsiz-reportyorlar-t%c9%99skilati-sevinc-vaqifqizi-il%c9%99-bagli-kampaniyaya-baslayib\/#article","isPartOf":{"@id":"https:\/\/www.meydan.tv\/az\/article\/s%c9%99rh%c9%99dsiz-reportyorlar-t%c9%99skilati-sevinc-vaqifqizi-il%c9%99-bagli-kampaniyaya-baslayib\/"},"author":{"name":"mahmud","@id":"https:\/\/www.meydan.tv\/az\/#\/schema\/person\/09863e516102a829e72bedcf3f84c6b0"},"headline":"S\u0259rh\u0259dsiz Reportyorlar T\u0259\u015fkilat\u0131 Sevinc Vaqifq\u0131z\u0131 il\u0259 ba\u011fl\u0131 kampaniyaya ba\u015flay\u0131b","datePublished":"2025-04-03T15:24:53+00:00","dateModified":"2025-04-03T15:24:56+00:00","mainEntityOfPage":{"@id":"https:\/\/www.meydan.tv\/az\/article\/s%c9%99rh%c9%99dsiz-reportyorlar-t%c9%99skilati-sevinc-vaqifqizi-il%c9%99-bagli-kampaniyaya-baslayib\/"},"wordCount":1754,"publisher":{"@id":"https:\/\/www.meydan.tv\/az\/#organization"},"image":{"@id":"https:\/\/www.meydan.tv\/az\/article\/s%c9%99rh%c9%99dsiz-reportyorlar-t%c9%99skilati-sevinc-vaqifqizi-il%c9%99-bagli-kampaniyaya-baslayib\/#primaryimage"},"thumbnailUrl":"https:\/\/www.meydan.tv\/wp-content\/uploads\/sevinc-2.png","articleSection":["Siyas\u0259t","T\u00f6vsiy\u0259","X\u0259b\u0259rl\u0259r"],"inLanguage":"az"},{"@type":"WebPage","@id":"https:\/\/www.meydan.tv\/az\/article\/s%c9%99rh%c9%99dsiz-reportyorlar-t%c9%99skilati-sevinc-vaqifqizi-il%c9%99-bagli-kampaniyaya-baslayib\/","url":"https:\/\/www.meydan.tv\/az\/article\/s%c9%99rh%c9%99dsiz-reportyorlar-t%c9%99skilati-sevinc-vaqifqizi-il%c9%99-bagli-kampaniyaya-baslayib\/","name":"S\u0259rh\u0259dsiz Reportyorlar T\u0259\u015fkilat\u0131 Sevinc Vaqifq\u0131z\u0131 il\u0259 ba\u011fl\u0131 kampaniyaya ba\u015flay\u0131b - MEYDAN.TV","isPartOf":{"@id":"https:\/\/www.meydan.tv\/az\/#website"},"primaryImageOfPage":{"@id":"https:\/\/www.meydan.tv\/az\/article\/s%c9%99rh%c9%99dsiz-reportyorlar-t%c9%99skilati-sevinc-vaqifqizi-il%c9%99-bagli-kampaniyaya-baslayib\/#primaryimage"},"image":{"@id":"https:\/\/www.meydan.tv\/az\/article\/s%c9%99rh%c9%99dsiz-reportyorlar-t%c9%99skilati-sevinc-vaqifqizi-il%c9%99-bagli-kampaniyaya-baslayib\/#primaryimage"},"thumbnailUrl":"https:\/\/www.meydan.tv\/wp-content\/uploads\/sevinc-2.png","datePublished":"2025-04-03T15:24:53+00:00","dateModified":"2025-04-03T15:24:56+00:00","breadcrumb":{"@id":"https:\/\/www.meydan.tv\/az\/article\/s%c9%99rh%c9%99dsiz-reportyorlar-t%c9%99skilati-sevinc-vaqifqizi-il%c9%99-bagli-kampaniyaya-baslayib\/#breadcrumb"},"inLanguage":"az","potentialAction":[{"@type":"ReadAction","target":["https:\/\/www.meydan.tv\/az\/article\/s%c9%99rh%c9%99dsiz-reportyorlar-t%c9%99skilati-sevinc-vaqifqizi-il%c9%99-bagli-kampaniyaya-baslayib\/"]}]},{"@type":"ImageObject","inLanguage":"az","@id":"https:\/\/www.meydan.tv\/az\/article\/s%c9%99rh%c9%99dsiz-reportyorlar-t%c9%99skilati-sevinc-vaqifqizi-il%c9%99-bagli-kampaniyaya-baslayib\/#primaryimage","url":"https:\/\/www.meydan.tv\/wp-content\/uploads\/sevinc-2.png","contentUrl":"https:\/\/www.meydan.tv\/wp-content\/uploads\/sevinc-2.png","width":1179,"height":576,"caption":"\u0130ll\u00fcstrasiya: Meydan TV"},{"@type":"BreadcrumbList","@id":"https:\/\/www.meydan.tv\/az\/article\/s%c9%99rh%c9%99dsiz-reportyorlar-t%c9%99skilati-sevinc-vaqifqizi-il%c9%99-bagli-kampaniyaya-baslayib\/#breadcrumb","itemListElement":[{"@type":"ListItem","position":1,"name":"Ana s\u0259hif\u0259","item":"https:\/\/www.meydan.tv\/az\/"},{"@type":"ListItem","position":2,"name":"T\u00f6vsiy\u0259","item":"https:\/\/www.meydan.tv\/az\/section\/featured\/"},{"@type":"ListItem","position":3,"name":"S\u0259rh\u0259dsiz Reportyorlar T\u0259\u015fkilat\u0131 Sevinc Vaqifq\u0131z\u0131 il\u0259 ba\u011fl\u0131 kampaniyaya ba\u015flay\u0131b"}]},{"@type":"WebSite","@id":"https:\/\/www.meydan.tv\/az\/#website","url":"https:\/\/www.meydan.tv\/az\/","name":"MEYDAN.TV","description":"Meydan TV Az\u0259rbaycan\u0131n media m\u0259kan\u0131ndak\u0131 alternativ s\u0259sidir","publisher":{"@id":"https:\/\/www.meydan.tv\/az\/#organization"},"potentialAction":[{"@type":"SearchAction","target":{"@type":"EntryPoint","urlTemplate":"https:\/\/www.meydan.tv\/az\/?s={search_term_string}"},"query-input":{"@type":"PropertyValueSpecification","valueRequired":true,"valueName":"search_term_string"}}],"inLanguage":"az"},{"@type":"Organization","@id":"https:\/\/www.meydan.tv\/az\/#organization","name":"Meydan TV","url":"https:\/\/www.meydan.tv\/az\/","logo":{"@type":"ImageObject","inLanguage":"az","@id":"https:\/\/www.meydan.tv\/az\/#\/schema\/logo\/image\/","url":"https:\/\/www.meydan.tv\/wp-content\/uploads\/2021\/07\/meydan-logo.svg","contentUrl":"https:\/\/www.meydan.tv\/wp-content\/uploads\/2021\/07\/meydan-logo.svg","width":195,"height":46,"caption":"Meydan TV"},"image":{"@id":"https:\/\/www.meydan.tv\/az\/#\/schema\/logo\/image\/"}},{"@type":"Person","@id":"https:\/\/www.meydan.tv\/az\/#\/schema\/person\/09863e516102a829e72bedcf3f84c6b0","name":"mahmud"}]}},"_links":{"self":[{"href":"https:\/\/www.meydan.tv\/az\/wp-json\/wp\/v2\/posts\/328374","targetHints":{"allow":["GET"]}}],"collection":[{"href":"https:\/\/www.meydan.tv\/az\/wp-json\/wp\/v2\/posts"}],"about":[{"href":"https:\/\/www.meydan.tv\/az\/wp-json\/wp\/v2\/types\/post"}],"author":[{"embeddable":true,"href":"https:\/\/www.meydan.tv\/az\/wp-json\/wp\/v2\/users\/21"}],"replies":[{"embeddable":true,"href":"https:\/\/www.meydan.tv\/az\/wp-json\/wp\/v2\/comments?post=328374"}],"version-history":[{"count":1,"href":"https:\/\/www.meydan.tv\/az\/wp-json\/wp\/v2\/posts\/328374\/revisions"}],"predecessor-version":[{"id":328376,"href":"https:\/\/www.meydan.tv\/az\/wp-json\/wp\/v2\/posts\/328374\/revisions\/328376"}],"wp:featuredmedia":[{"embeddable":true,"href":"https:\/\/www.meydan.tv\/az\/wp-json\/wp\/v2\/media\/325959"}],"wp:attachment":[{"href":"https:\/\/www.meydan.tv\/az\/wp-json\/wp\/v2\/media?parent=328374"}],"wp:term":[{"taxonomy":"category","embeddable":true,"href":"https:\/\/www.meydan.tv\/az\/wp-json\/wp\/v2\/categories?post=328374"},{"taxonomy":"post_tag","embeddable":true,"href":"https:\/\/www.meydan.tv\/az\/wp-json\/wp\/v2\/tags?post=328374"}],"curies":[{"name":"wp","href":"https:\/\/api.w.org\/{rel}","templated":true}]}}