{"id":328352,"date":"2025-04-03T17:17:19","date_gmt":"2025-04-03T13:17:19","guid":{"rendered":"https:\/\/www.meydan.tv\/?p=328352"},"modified":"2025-04-03T17:41:32","modified_gmt":"2025-04-03T13:41:32","slug":"meydan-tv-isi-uzr%c9%99-h%c9%99bs-edilmis-jurnalistl%c9%99rin-h%c9%99bsd%c9%99-saxlanma-mudd%c9%99ti-artirilib","status":"publish","type":"post","link":"https:\/\/www.meydan.tv\/az\/article\/meydan-tv-isi-uzr%c9%99-h%c9%99bs-edilmis-jurnalistl%c9%99rin-h%c9%99bsd%c9%99-saxlanma-mudd%c9%99ti-artirilib\/","title":{"rendered":"\u201cMeydan TV i\u015fi\u201d \u00fczr\u0259 h\u0259bs edilmi\u015f jurnalistl\u0259r onlara qar\u015f\u0131 olan pis r\u0259ftardan \u015fikay\u0259tl\u0259nibl\u0259r"},"content":{"rendered":"\n<p><\/p>\n\n\n\n<p><strong><em>Aynur Elg\u00fcn\u0259\u015f, Aytac Tapd\u0131q  v\u0259 Natiq Cavadl\u0131n\u0131n h\u0259bsd\u0259 saxlanma m\u00fcdd\u0259ti art\u0131r\u0131l\u0131b<\/em><\/strong><\/p>\n\n\n\n<p>Aprelin 2-d\u0259 X\u0259tai Rayon M\u0259hk\u0259m\u0259sind\u0259 ke\u00e7iril\u0259n prosesd\u0259 \u201cMeydan TV i\u015fi\u201d \u00fczr\u0259 h\u0259bs edilmi\u015f jurnalistl\u0259r &#8211; Aynur Elg\u00fcn\u0259\u015f (Q\u0259nb\u0259rova), Aytac Tapd\u0131q (\u018fhm\u0259dova) v\u0259 Natiq Cavadl\u0131n\u0131n istintaq d\u00f6vr\u00fcnd\u0259 h\u0259bsd\u0259 saxlanma m\u00fcdd\u0259ti daha 3 ay art\u0131r\u0131l\u0131b.<\/p>\n\n\n\n<p>M\u0259hk\u0259m\u0259 prosesl\u0259ri ayr\u0131-ayr\u0131l\u0131qda ke\u00e7irilib.<\/p>\n\n\n\n<p>&#8220;Meydan TV&#8221;nin ba\u015f redaktoru Aynur Q\u0259nb\u0259rova (Elg\u00fcn\u0259\u015f), h\u0259m\u00e7inin sayt\u0131n jurnalisti Natiq Cavadl\u0131 pis r\u0259ftardan \u015fikay\u0259t edibl\u0259r.<\/p>\n\n\n\n<p>Jurnalistl\u0259r bildiribl\u0259r ki, \u00f6t\u0259n g\u00fcn ke\u00e7iril\u0259n proses \u00fc\u00e7\u00fcn s\u0259h\u0259r saat 8-d\u0259n Bak\u0131 \u0130stintaq T\u0259cridxanas\u0131ndan X\u0259tai Rayon M\u0259hk\u0259m\u0259sinin binas\u0131na g\u0259tirils\u0259l\u0259r d\u0259, ax\u015fam saatlar\u0131nad\u0259k ac-susuz saxlan\u0131l\u0131blar. Onlar\u0131n haqq\u0131nda h\u0259bs q\u0259timkan t\u0259dbirinin uzad\u0131lmas\u0131 \u00fc\u00e7\u00fcn m\u00fcst\u0259ntiqin v\u0259sat\u0259ti v\u0259 prokurorun t\u0259qdimat\u0131na g\u00fcnortadan sonra bax\u0131l\u0131b. Cavadl\u0131 \u0259lav\u0259 edib ki, bu m\u00fcdd\u0259td\u0259 h\u0259tta \u0259ll\u0259rind\u0259ki qandal\u0131 da a\u00e7may\u0131blar. Bunun i\u015fg\u0259nc\u0259 oldu\u011funu vur\u011fulayan jurnalist hakim R\u0259fael Sad\u0131xovdan i\u015fg\u0259nc\u0259 fakt\u0131n\u0131 ara\u015fd\u0131rmas\u0131n\u0131, prokurorlu\u011fa sor\u011fu g\u00f6nd\u0259rm\u0259sini ist\u0259yib.<\/p>\n\n\n\n<p>Ke\u00e7iril\u0259n m\u0259hk\u0259m\u0259 prosesind\u0259 ist\u0259r jurnalistl\u0259r, ist\u0259rs\u0259 v\u0259kill\u0259ri h\u0259bs-q\u0259timkan t\u0259dbirinin uzad\u0131lmas\u0131na verilmi\u015f t\u0259qdimat\u0131n \u0259sass\u0131z oldu\u011funu vur\u011fulayaraq onun t\u0259min olunmamas\u0131n\u0131 t\u0259l\u0259b edibl\u0259r. Jurnalistl\u0259r qa\u00e7aqmal\u00e7\u0131l\u0131q ittiham\u0131n\u0131 b\u00f6htan sayaraq hakimiyy\u0259tin korrupsiyas\u0131n\u0131 if\u015fa ed\u0259n f\u0259aliyy\u0259tin\u0259 g\u00f6r\u0259 MeydanTV-nin c\u0259zaland\u0131r\u0131ld\u0131\u011f\u0131n\u0131 s\u00f6yl\u0259yibl\u0259r.<\/p>\n\n\n\n<p>H\u0259r \u00fc\u00e7 jurnalistin haqq\u0131nda h\u0259bs-q\u0259timkan t\u0259dbirinin m\u00fcdd\u0259ti iyulun \u0259vv\u0259lin\u0259d\u0259k uzad\u0131l\u0131b.<\/p>\n\n\n\n<p>Q\u0259rar jurnalistl\u0259r azadl\u0131qda qalarsa, istintaq prosesinin gedi\u015fin\u0259 t\u0259sir g\u00f6st\u0259r\u0259 bil\u0259c\u0259yi il\u0259 \u0259sasland\u0131r\u0131l\u0131b.<\/p>\n\n\n\n<p>Jurnalistl\u0259rin v\u0259kill\u0259ri bu q\u0259rarlardan apellyasiya \u015fikay\u0259ti ver\u0259c\u0259kl\u0259r.<\/p>\n\n\n\n<p>2024-c\u00fc il dekabr\u0131n 6-da Meydan TV-nin \u0259m\u0259kda\u015flar\u0131 Ramin Deko (C\u0259bray\u0131lzad\u0259), Aynur Q\u0259nb\u0259rova (Elg\u00fcn\u0259\u015f), Aysel Umudova, Aytac \u018fhm\u0259dova (Tapd\u0131q), X\u0259yal\u0259 A\u011fayeva, Natiq Cavadl\u0131 saxlan\u0131l\u0131blar. Onlara qar\u015f\u0131 Cinay\u0259t M\u0259c\u0259ll\u0259sinin 206.3.2-ci (qa\u00e7aqmal\u00e7\u0131l\u0131q, \u0259vv\u0259lc\u0259d\u0259n \u0259lbir olan bir qrup \u015f\u0259xs t\u0259r\u0259find\u0259n t\u00f6r\u0259dildikd\u0259) madd\u0259si il\u0259 ittiham ir\u0259li s\u00fcr\u00fcl\u00fcb. Bu madd\u0259 il\u0259 onlar\u0131n bar\u0259sind\u0259 istintaq d\u00f6vr\u00fc \u00fc\u00e7\u00fcn 4 ayl\u0131q h\u0259bs q\u0259timkan t\u0259dbiri se\u00e7ilib.<\/p>\n\n\n\n<p>Meydan TV \u0259m\u0259kda\u015flar\u0131 il\u0259 yana\u015f\u0131, eyni g\u00fcnd\u0259 v\u0259t\u0259nda\u015f c\u0259miyy\u0259tinin \u00fczv\u00fc \u00dclvi Tahirov da saxlan\u0131l\u0131b. Eyni ittihamla onun da bar\u0259sind\u0259 4 ayl\u0131q h\u0259bs q\u0259timkan t\u0259dbiri se\u00e7ilib. \u00dclvi Tahirovun Meydan TV-y\u0259 aidiyy\u0259ti yoxdur.<\/p>\n\n\n\n<p>2025-ci il fevral\u0131n 5-i \u201carqument.az\u201d sayt\u0131n\u0131n ba\u015f redaktoru, Meydan TV il\u0259 \u0259m\u0259kda\u015fl\u0131q ed\u0259n jurnalist \u015e\u0259m\u015fad A\u011fayev (A\u011fa) d\u0259 saxlan\u0131l\u0131b. Onun bar\u0259sind\u0259 2 ay 1 g\u00fcn m\u00fcdd\u0259tin\u0259 h\u0259bs q\u0259timkan t\u0259dbiri se\u00e7ilib.<\/p>\n\n\n\n<p>Fevral\u0131n 20-d\u0259 is\u0259 jurnalist Nurlan Libre (Q\u0259hr\u0259manl\u0131) \u201cMeydan TV\u201d il\u0259 \u0259laq\u0259li cinay\u0259t i\u015fin\u0259 g\u00f6r\u0259 saxlan\u0131l\u0131b. M\u0259hk\u0259m\u0259nin q\u0259rar\u0131 il\u0259 onun bar\u0259sind\u0259 1 ay 17 g\u00fcn m\u00fcdd\u0259tin\u0259 h\u0259bs q\u0259timkan t\u0259dbiri se\u00e7ilib.<\/p>\n\n\n\n<p>Fatim\u0259 M\u00f6vlaml\u0131 da fevral\u0131n 28-d\u0259 \u201cMeydan TV\u201d il\u0259 \u0259laq\u0259li cinay\u0259t i\u015fin\u0259 g\u00f6r\u0259 saxlan\u0131l\u0131b. X\u0259tai Rayon M\u0259hk\u0259m\u0259si mart\u0131n 1-d\u0259 istintaq d\u00f6vr\u00fc \u00fc\u00e7\u00fcn jurnalistin 1 ay 9 g\u00fcn m\u00fcdd\u0259tin\u0259 h\u0259bs olunmas\u0131 q\u0259rar\u0131n\u0131 \u00e7\u0131xar\u0131b.<\/p>\n\n\n\n<p>Saxlan\u0131lan jurnalistl\u0259rin evind\u0259 axtar\u0131\u015f apar\u0131l\u0131b, telefonlar\u0131, komp\u00fcterl\u0259ri v\u0259 dig\u0259r \u015f\u0259xsi \u0259\u015fyalar\u0131 g\u00f6t\u00fcr\u00fcl\u00fcb.<\/p>\n\n\n\n<p>H\u0259bs olunan jurnalistl\u0259r \u00f6zl\u0259rini t\u0259qsirli bilmir, Meydan TV \u0259m\u0259kda\u015flar\u0131n\u0131n t\u0259nqid\u00e7i f\u0259aliyy\u0259tl\u0259rin\u0259 g\u00f6r\u0259 c\u0259zaland\u0131r\u0131ld\u0131qlar\u0131n\u0131 b\u0259yan edibl\u0259r.<\/p>\n\n\n\n<p>Haz\u0131rda ox\u015far ittihamlarla 30-d\u0259k jurnalist, ictimai f\u0259al h\u0259bsd\u0259dir. Onlar ittiham\u0131 q\u0259bul etmir, pe\u015f\u0259 f\u0259aliyy\u0259tl\u0259ri il\u0259 \u0259laq\u0259l\u0259ndirirl\u0259r. Hakimiyy\u0259t t\u0259msil\u00e7il\u0259ri \u00f6lk\u0259d\u0259 siyasi motivli h\u0259bsl\u0259rin olmad\u0131\u011f\u0131n\u0131 deyirl\u0259r.<\/p>\n\n\n\n<p>Beyn\u0259lxalq insan haqlar\u0131 qurumlar\u0131, Q\u0259rb r\u0259smil\u0259ri d\u0259 h\u00f6kum\u0259ti haqs\u0131z tutulanlar\u0131 azad etm\u0259y\u0259 \u00e7a\u011f\u0131r\u0131rlar.<\/p>\n","protected":false},"excerpt":{"rendered":"<p>Aynur Elg\u00fcn\u0259\u015f, Aytac Tapd\u0131q v\u0259 Natiq Cavadl\u0131n\u0131n h\u0259bsd\u0259 saxlanma m\u00fcdd\u0259ti &#8230; <\/p>\n<p class=\"read-more-container\"><a title=\"\u201cMeydan TV i\u015fi\u201d \u00fczr\u0259 h\u0259bs edilmi\u015f jurnalistl\u0259r onlara qar\u015f\u0131 olan pis r\u0259ftardan \u015fikay\u0259tl\u0259nibl\u0259r\" class=\"read-more button\" href=\"https:\/\/www.meydan.tv\/az\/article\/meydan-tv-isi-uzr%c9%99-h%c9%99bs-edilmis-jurnalistl%c9%99rin-h%c9%99bsd%c9%99-saxlanma-mudd%c9%99ti-artirilib\/#more-328352\" aria-label=\"Read more about \u201cMeydan TV i\u015fi\u201d \u00fczr\u0259 h\u0259bs edilmi\u015f jurnalistl\u0259r onlara qar\u015f\u0131 olan pis r\u0259ftardan \u015fikay\u0259tl\u0259nibl\u0259r\">Davam\u0131<\/a><\/p>\n","protected":false},"author":21,"featured_media":324333,"comment_status":"closed","ping_status":"closed","sticky":false,"template":"","format":"standard","meta":{"_acf_changed":false,"_sitemap_exclude":false,"_sitemap_priority":"","_sitemap_frequency":"","footnotes":""},"categories":[139,59,79,56],"tags":[],"class_list":["post-328352","post","type-post","status-publish","format-standard","has-post-thumbnail","hentry","category-meydan-tv-isi","category-siyaset","category-featured","category-xeberler","infinite-scroll-item","generate-columns","tablet-grid-50","mobile-grid-100","grid-parent","grid-33","no-featured-image-padding"],"acf":[],"yoast_head":"<!-- This site is optimized with the Yoast SEO plugin v27.5 - https:\/\/yoast.com\/product\/yoast-seo-wordpress\/ -->\n<title>\u201cMeydan TV i\u015fi\u201d \u00fczr\u0259 h\u0259bs edilmi\u015f jurnalistl\u0259r onlara qar\u015f\u0131 olan pis r\u0259ftardan \u015fikay\u0259tl\u0259nibl\u0259r - MEYDAN.TV<\/title>\n<meta name=\"robots\" content=\"index, follow, max-snippet:-1, max-image-preview:large, max-video-preview:-1\" \/>\n<link rel=\"canonical\" href=\"https:\/\/www.meydan.tv\/az\/article\/meydan-tv-isi-uzr%c9%99-h%c9%99bs-edilmis-jurnalistl%c9%99rin-h%c9%99bsd%c9%99-saxlanma-mudd%c9%99ti-artirilib\/\" \/>\n<meta property=\"og:locale\" content=\"az_AZ\" \/>\n<meta property=\"og:type\" content=\"article\" \/>\n<meta property=\"og:title\" content=\"\u201cMeydan TV i\u015fi\u201d \u00fczr\u0259 h\u0259bs edilmi\u015f jurnalistl\u0259r onlara qar\u015f\u0131 olan pis r\u0259ftardan \u015fikay\u0259tl\u0259nibl\u0259r - MEYDAN.TV\" \/>\n<meta property=\"og:description\" content=\"Aynur Elg\u00fcn\u0259\u015f, Aytac Tapd\u0131q v\u0259 Natiq Cavadl\u0131n\u0131n h\u0259bsd\u0259 saxlanma m\u00fcdd\u0259ti ... Davam\u0131\" \/>\n<meta property=\"og:url\" content=\"https:\/\/www.meydan.tv\/az\/article\/meydan-tv-isi-uzr%c9%99-h%c9%99bs-edilmis-jurnalistl%c9%99rin-h%c9%99bsd%c9%99-saxlanma-mudd%c9%99ti-artirilib\/\" \/>\n<meta property=\"og:site_name\" content=\"MEYDAN.TV\" \/>\n<meta property=\"article:published_time\" content=\"2025-04-03T13:17:19+00:00\" \/>\n<meta property=\"article:modified_time\" content=\"2025-04-03T13:41:32+00:00\" \/>\n<meta property=\"og:image\" content=\"https:\/\/www.meydan.tv\/wp-content\/uploads\/meydantv.jpeg\" \/>\n\t<meta property=\"og:image:width\" content=\"800\" \/>\n\t<meta property=\"og:image:height\" content=\"450\" \/>\n\t<meta property=\"og:image:type\" content=\"image\/jpeg\" \/>\n<meta name=\"author\" content=\"mahmud\" \/>\n<meta name=\"twitter:card\" content=\"summary_large_image\" \/>\n<script type=\"application\/ld+json\" class=\"yoast-schema-graph\">{\"@context\":\"https:\\\/\\\/schema.org\",\"@graph\":[{\"@type\":\"Article\",\"@id\":\"https:\\\/\\\/www.meydan.tv\\\/az\\\/article\\\/meydan-tv-isi-uzr%c9%99-h%c9%99bs-edilmis-jurnalistl%c9%99rin-h%c9%99bsd%c9%99-saxlanma-mudd%c9%99ti-artirilib\\\/#article\",\"isPartOf\":{\"@id\":\"https:\\\/\\\/www.meydan.tv\\\/az\\\/article\\\/meydan-tv-isi-uzr%c9%99-h%c9%99bs-edilmis-jurnalistl%c9%99rin-h%c9%99bsd%c9%99-saxlanma-mudd%c9%99ti-artirilib\\\/\"},\"author\":{\"name\":\"mahmud\",\"@id\":\"https:\\\/\\\/www.meydan.tv\\\/az\\\/#\\\/schema\\\/person\\\/09863e516102a829e72bedcf3f84c6b0\"},\"headline\":\"\u201cMeydan TV i\u015fi\u201d \u00fczr\u0259 h\u0259bs edilmi\u015f jurnalistl\u0259r onlara qar\u015f\u0131 olan pis r\u0259ftardan \u015fikay\u0259tl\u0259nibl\u0259r\",\"datePublished\":\"2025-04-03T13:17:19+00:00\",\"dateModified\":\"2025-04-03T13:41:32+00:00\",\"mainEntityOfPage\":{\"@id\":\"https:\\\/\\\/www.meydan.tv\\\/az\\\/article\\\/meydan-tv-isi-uzr%c9%99-h%c9%99bs-edilmis-jurnalistl%c9%99rin-h%c9%99bsd%c9%99-saxlanma-mudd%c9%99ti-artirilib\\\/\"},\"wordCount\":819,\"publisher\":{\"@id\":\"https:\\\/\\\/www.meydan.tv\\\/az\\\/#organization\"},\"image\":{\"@id\":\"https:\\\/\\\/www.meydan.tv\\\/az\\\/article\\\/meydan-tv-isi-uzr%c9%99-h%c9%99bs-edilmis-jurnalistl%c9%99rin-h%c9%99bsd%c9%99-saxlanma-mudd%c9%99ti-artirilib\\\/#primaryimage\"},\"thumbnailUrl\":\"https:\\\/\\\/www.meydan.tv\\\/wp-content\\\/uploads\\\/meydantv.jpeg\",\"articleSection\":[\"Meydan TV i\u015fi\",\"Siyas\u0259t\",\"T\u00f6vsiy\u0259\",\"X\u0259b\u0259rl\u0259r\"],\"inLanguage\":\"az\"},{\"@type\":\"WebPage\",\"@id\":\"https:\\\/\\\/www.meydan.tv\\\/az\\\/article\\\/meydan-tv-isi-uzr%c9%99-h%c9%99bs-edilmis-jurnalistl%c9%99rin-h%c9%99bsd%c9%99-saxlanma-mudd%c9%99ti-artirilib\\\/\",\"url\":\"https:\\\/\\\/www.meydan.tv\\\/az\\\/article\\\/meydan-tv-isi-uzr%c9%99-h%c9%99bs-edilmis-jurnalistl%c9%99rin-h%c9%99bsd%c9%99-saxlanma-mudd%c9%99ti-artirilib\\\/\",\"name\":\"\u201cMeydan TV i\u015fi\u201d \u00fczr\u0259 h\u0259bs edilmi\u015f jurnalistl\u0259r onlara qar\u015f\u0131 olan pis r\u0259ftardan \u015fikay\u0259tl\u0259nibl\u0259r - MEYDAN.TV\",\"isPartOf\":{\"@id\":\"https:\\\/\\\/www.meydan.tv\\\/az\\\/#website\"},\"primaryImageOfPage\":{\"@id\":\"https:\\\/\\\/www.meydan.tv\\\/az\\\/article\\\/meydan-tv-isi-uzr%c9%99-h%c9%99bs-edilmis-jurnalistl%c9%99rin-h%c9%99bsd%c9%99-saxlanma-mudd%c9%99ti-artirilib\\\/#primaryimage\"},\"image\":{\"@id\":\"https:\\\/\\\/www.meydan.tv\\\/az\\\/article\\\/meydan-tv-isi-uzr%c9%99-h%c9%99bs-edilmis-jurnalistl%c9%99rin-h%c9%99bsd%c9%99-saxlanma-mudd%c9%99ti-artirilib\\\/#primaryimage\"},\"thumbnailUrl\":\"https:\\\/\\\/www.meydan.tv\\\/wp-content\\\/uploads\\\/meydantv.jpeg\",\"datePublished\":\"2025-04-03T13:17:19+00:00\",\"dateModified\":\"2025-04-03T13:41:32+00:00\",\"breadcrumb\":{\"@id\":\"https:\\\/\\\/www.meydan.tv\\\/az\\\/article\\\/meydan-tv-isi-uzr%c9%99-h%c9%99bs-edilmis-jurnalistl%c9%99rin-h%c9%99bsd%c9%99-saxlanma-mudd%c9%99ti-artirilib\\\/#breadcrumb\"},\"inLanguage\":\"az\",\"potentialAction\":[{\"@type\":\"ReadAction\",\"target\":[\"https:\\\/\\\/www.meydan.tv\\\/az\\\/article\\\/meydan-tv-isi-uzr%c9%99-h%c9%99bs-edilmis-jurnalistl%c9%99rin-h%c9%99bsd%c9%99-saxlanma-mudd%c9%99ti-artirilib\\\/\"]}]},{\"@type\":\"ImageObject\",\"inLanguage\":\"az\",\"@id\":\"https:\\\/\\\/www.meydan.tv\\\/az\\\/article\\\/meydan-tv-isi-uzr%c9%99-h%c9%99bs-edilmis-jurnalistl%c9%99rin-h%c9%99bsd%c9%99-saxlanma-mudd%c9%99ti-artirilib\\\/#primaryimage\",\"url\":\"https:\\\/\\\/www.meydan.tv\\\/wp-content\\\/uploads\\\/meydantv.jpeg\",\"contentUrl\":\"https:\\\/\\\/www.meydan.tv\\\/wp-content\\\/uploads\\\/meydantv.jpeg\",\"width\":800,\"height\":450,\"caption\":\"Photo: Meydan TV\"},{\"@type\":\"BreadcrumbList\",\"@id\":\"https:\\\/\\\/www.meydan.tv\\\/az\\\/article\\\/meydan-tv-isi-uzr%c9%99-h%c9%99bs-edilmis-jurnalistl%c9%99rin-h%c9%99bsd%c9%99-saxlanma-mudd%c9%99ti-artirilib\\\/#breadcrumb\",\"itemListElement\":[{\"@type\":\"ListItem\",\"position\":1,\"name\":\"Ana s\u0259hif\u0259\",\"item\":\"https:\\\/\\\/www.meydan.tv\\\/az\\\/\"},{\"@type\":\"ListItem\",\"position\":2,\"name\":\"Meydan TV i\u015fi\",\"item\":\"https:\\\/\\\/www.meydan.tv\\\/az\\\/section\\\/meydan-tv-isi\\\/\"},{\"@type\":\"ListItem\",\"position\":3,\"name\":\"\u201cMeydan TV i\u015fi\u201d \u00fczr\u0259 h\u0259bs edilmi\u015f jurnalistl\u0259r onlara qar\u015f\u0131 olan pis r\u0259ftardan \u015fikay\u0259tl\u0259nibl\u0259r\"}]},{\"@type\":\"WebSite\",\"@id\":\"https:\\\/\\\/www.meydan.tv\\\/az\\\/#website\",\"url\":\"https:\\\/\\\/www.meydan.tv\\\/az\\\/\",\"name\":\"MEYDAN.TV\",\"description\":\"Meydan TV Az\u0259rbaycan\u0131n media m\u0259kan\u0131ndak\u0131 alternativ s\u0259sidir\",\"publisher\":{\"@id\":\"https:\\\/\\\/www.meydan.tv\\\/az\\\/#organization\"},\"potentialAction\":[{\"@type\":\"SearchAction\",\"target\":{\"@type\":\"EntryPoint\",\"urlTemplate\":\"https:\\\/\\\/www.meydan.tv\\\/az\\\/?s={search_term_string}\"},\"query-input\":{\"@type\":\"PropertyValueSpecification\",\"valueRequired\":true,\"valueName\":\"search_term_string\"}}],\"inLanguage\":\"az\"},{\"@type\":\"Organization\",\"@id\":\"https:\\\/\\\/www.meydan.tv\\\/az\\\/#organization\",\"name\":\"Meydan TV\",\"url\":\"https:\\\/\\\/www.meydan.tv\\\/az\\\/\",\"logo\":{\"@type\":\"ImageObject\",\"inLanguage\":\"az\",\"@id\":\"https:\\\/\\\/www.meydan.tv\\\/az\\\/#\\\/schema\\\/logo\\\/image\\\/\",\"url\":\"https:\\\/\\\/www.meydan.tv\\\/wp-content\\\/uploads\\\/2021\\\/07\\\/meydan-logo.svg\",\"contentUrl\":\"https:\\\/\\\/www.meydan.tv\\\/wp-content\\\/uploads\\\/2021\\\/07\\\/meydan-logo.svg\",\"width\":195,\"height\":46,\"caption\":\"Meydan TV\"},\"image\":{\"@id\":\"https:\\\/\\\/www.meydan.tv\\\/az\\\/#\\\/schema\\\/logo\\\/image\\\/\"}},{\"@type\":\"Person\",\"@id\":\"https:\\\/\\\/www.meydan.tv\\\/az\\\/#\\\/schema\\\/person\\\/09863e516102a829e72bedcf3f84c6b0\",\"name\":\"mahmud\"}]}<\/script>\n<!-- \/ Yoast SEO plugin. -->","yoast_head_json":{"title":"\u201cMeydan TV i\u015fi\u201d \u00fczr\u0259 h\u0259bs edilmi\u015f jurnalistl\u0259r onlara qar\u015f\u0131 olan pis r\u0259ftardan \u015fikay\u0259tl\u0259nibl\u0259r - MEYDAN.TV","robots":{"index":"index","follow":"follow","max-snippet":"max-snippet:-1","max-image-preview":"max-image-preview:large","max-video-preview":"max-video-preview:-1"},"canonical":"https:\/\/www.meydan.tv\/az\/article\/meydan-tv-isi-uzr%c9%99-h%c9%99bs-edilmis-jurnalistl%c9%99rin-h%c9%99bsd%c9%99-saxlanma-mudd%c9%99ti-artirilib\/","og_locale":"az_AZ","og_type":"article","og_title":"\u201cMeydan TV i\u015fi\u201d \u00fczr\u0259 h\u0259bs edilmi\u015f jurnalistl\u0259r onlara qar\u015f\u0131 olan pis r\u0259ftardan \u015fikay\u0259tl\u0259nibl\u0259r - MEYDAN.TV","og_description":"Aynur Elg\u00fcn\u0259\u015f, Aytac Tapd\u0131q v\u0259 Natiq Cavadl\u0131n\u0131n h\u0259bsd\u0259 saxlanma m\u00fcdd\u0259ti ... Davam\u0131","og_url":"https:\/\/www.meydan.tv\/az\/article\/meydan-tv-isi-uzr%c9%99-h%c9%99bs-edilmis-jurnalistl%c9%99rin-h%c9%99bsd%c9%99-saxlanma-mudd%c9%99ti-artirilib\/","og_site_name":"MEYDAN.TV","article_published_time":"2025-04-03T13:17:19+00:00","article_modified_time":"2025-04-03T13:41:32+00:00","og_image":[{"width":800,"height":450,"url":"https:\/\/www.meydan.tv\/wp-content\/uploads\/meydantv.jpeg","type":"image\/jpeg"}],"author":"mahmud","twitter_card":"summary_large_image","schema":{"@context":"https:\/\/schema.org","@graph":[{"@type":"Article","@id":"https:\/\/www.meydan.tv\/az\/article\/meydan-tv-isi-uzr%c9%99-h%c9%99bs-edilmis-jurnalistl%c9%99rin-h%c9%99bsd%c9%99-saxlanma-mudd%c9%99ti-artirilib\/#article","isPartOf":{"@id":"https:\/\/www.meydan.tv\/az\/article\/meydan-tv-isi-uzr%c9%99-h%c9%99bs-edilmis-jurnalistl%c9%99rin-h%c9%99bsd%c9%99-saxlanma-mudd%c9%99ti-artirilib\/"},"author":{"name":"mahmud","@id":"https:\/\/www.meydan.tv\/az\/#\/schema\/person\/09863e516102a829e72bedcf3f84c6b0"},"headline":"\u201cMeydan TV i\u015fi\u201d \u00fczr\u0259 h\u0259bs edilmi\u015f jurnalistl\u0259r onlara qar\u015f\u0131 olan pis r\u0259ftardan \u015fikay\u0259tl\u0259nibl\u0259r","datePublished":"2025-04-03T13:17:19+00:00","dateModified":"2025-04-03T13:41:32+00:00","mainEntityOfPage":{"@id":"https:\/\/www.meydan.tv\/az\/article\/meydan-tv-isi-uzr%c9%99-h%c9%99bs-edilmis-jurnalistl%c9%99rin-h%c9%99bsd%c9%99-saxlanma-mudd%c9%99ti-artirilib\/"},"wordCount":819,"publisher":{"@id":"https:\/\/www.meydan.tv\/az\/#organization"},"image":{"@id":"https:\/\/www.meydan.tv\/az\/article\/meydan-tv-isi-uzr%c9%99-h%c9%99bs-edilmis-jurnalistl%c9%99rin-h%c9%99bsd%c9%99-saxlanma-mudd%c9%99ti-artirilib\/#primaryimage"},"thumbnailUrl":"https:\/\/www.meydan.tv\/wp-content\/uploads\/meydantv.jpeg","articleSection":["Meydan TV i\u015fi","Siyas\u0259t","T\u00f6vsiy\u0259","X\u0259b\u0259rl\u0259r"],"inLanguage":"az"},{"@type":"WebPage","@id":"https:\/\/www.meydan.tv\/az\/article\/meydan-tv-isi-uzr%c9%99-h%c9%99bs-edilmis-jurnalistl%c9%99rin-h%c9%99bsd%c9%99-saxlanma-mudd%c9%99ti-artirilib\/","url":"https:\/\/www.meydan.tv\/az\/article\/meydan-tv-isi-uzr%c9%99-h%c9%99bs-edilmis-jurnalistl%c9%99rin-h%c9%99bsd%c9%99-saxlanma-mudd%c9%99ti-artirilib\/","name":"\u201cMeydan TV i\u015fi\u201d \u00fczr\u0259 h\u0259bs edilmi\u015f jurnalistl\u0259r onlara qar\u015f\u0131 olan pis r\u0259ftardan \u015fikay\u0259tl\u0259nibl\u0259r - MEYDAN.TV","isPartOf":{"@id":"https:\/\/www.meydan.tv\/az\/#website"},"primaryImageOfPage":{"@id":"https:\/\/www.meydan.tv\/az\/article\/meydan-tv-isi-uzr%c9%99-h%c9%99bs-edilmis-jurnalistl%c9%99rin-h%c9%99bsd%c9%99-saxlanma-mudd%c9%99ti-artirilib\/#primaryimage"},"image":{"@id":"https:\/\/www.meydan.tv\/az\/article\/meydan-tv-isi-uzr%c9%99-h%c9%99bs-edilmis-jurnalistl%c9%99rin-h%c9%99bsd%c9%99-saxlanma-mudd%c9%99ti-artirilib\/#primaryimage"},"thumbnailUrl":"https:\/\/www.meydan.tv\/wp-content\/uploads\/meydantv.jpeg","datePublished":"2025-04-03T13:17:19+00:00","dateModified":"2025-04-03T13:41:32+00:00","breadcrumb":{"@id":"https:\/\/www.meydan.tv\/az\/article\/meydan-tv-isi-uzr%c9%99-h%c9%99bs-edilmis-jurnalistl%c9%99rin-h%c9%99bsd%c9%99-saxlanma-mudd%c9%99ti-artirilib\/#breadcrumb"},"inLanguage":"az","potentialAction":[{"@type":"ReadAction","target":["https:\/\/www.meydan.tv\/az\/article\/meydan-tv-isi-uzr%c9%99-h%c9%99bs-edilmis-jurnalistl%c9%99rin-h%c9%99bsd%c9%99-saxlanma-mudd%c9%99ti-artirilib\/"]}]},{"@type":"ImageObject","inLanguage":"az","@id":"https:\/\/www.meydan.tv\/az\/article\/meydan-tv-isi-uzr%c9%99-h%c9%99bs-edilmis-jurnalistl%c9%99rin-h%c9%99bsd%c9%99-saxlanma-mudd%c9%99ti-artirilib\/#primaryimage","url":"https:\/\/www.meydan.tv\/wp-content\/uploads\/meydantv.jpeg","contentUrl":"https:\/\/www.meydan.tv\/wp-content\/uploads\/meydantv.jpeg","width":800,"height":450,"caption":"Photo: Meydan TV"},{"@type":"BreadcrumbList","@id":"https:\/\/www.meydan.tv\/az\/article\/meydan-tv-isi-uzr%c9%99-h%c9%99bs-edilmis-jurnalistl%c9%99rin-h%c9%99bsd%c9%99-saxlanma-mudd%c9%99ti-artirilib\/#breadcrumb","itemListElement":[{"@type":"ListItem","position":1,"name":"Ana s\u0259hif\u0259","item":"https:\/\/www.meydan.tv\/az\/"},{"@type":"ListItem","position":2,"name":"Meydan TV i\u015fi","item":"https:\/\/www.meydan.tv\/az\/section\/meydan-tv-isi\/"},{"@type":"ListItem","position":3,"name":"\u201cMeydan TV i\u015fi\u201d \u00fczr\u0259 h\u0259bs edilmi\u015f jurnalistl\u0259r onlara qar\u015f\u0131 olan pis r\u0259ftardan \u015fikay\u0259tl\u0259nibl\u0259r"}]},{"@type":"WebSite","@id":"https:\/\/www.meydan.tv\/az\/#website","url":"https:\/\/www.meydan.tv\/az\/","name":"MEYDAN.TV","description":"Meydan TV Az\u0259rbaycan\u0131n media m\u0259kan\u0131ndak\u0131 alternativ s\u0259sidir","publisher":{"@id":"https:\/\/www.meydan.tv\/az\/#organization"},"potentialAction":[{"@type":"SearchAction","target":{"@type":"EntryPoint","urlTemplate":"https:\/\/www.meydan.tv\/az\/?s={search_term_string}"},"query-input":{"@type":"PropertyValueSpecification","valueRequired":true,"valueName":"search_term_string"}}],"inLanguage":"az"},{"@type":"Organization","@id":"https:\/\/www.meydan.tv\/az\/#organization","name":"Meydan TV","url":"https:\/\/www.meydan.tv\/az\/","logo":{"@type":"ImageObject","inLanguage":"az","@id":"https:\/\/www.meydan.tv\/az\/#\/schema\/logo\/image\/","url":"https:\/\/www.meydan.tv\/wp-content\/uploads\/2021\/07\/meydan-logo.svg","contentUrl":"https:\/\/www.meydan.tv\/wp-content\/uploads\/2021\/07\/meydan-logo.svg","width":195,"height":46,"caption":"Meydan TV"},"image":{"@id":"https:\/\/www.meydan.tv\/az\/#\/schema\/logo\/image\/"}},{"@type":"Person","@id":"https:\/\/www.meydan.tv\/az\/#\/schema\/person\/09863e516102a829e72bedcf3f84c6b0","name":"mahmud"}]}},"_links":{"self":[{"href":"https:\/\/www.meydan.tv\/az\/wp-json\/wp\/v2\/posts\/328352","targetHints":{"allow":["GET"]}}],"collection":[{"href":"https:\/\/www.meydan.tv\/az\/wp-json\/wp\/v2\/posts"}],"about":[{"href":"https:\/\/www.meydan.tv\/az\/wp-json\/wp\/v2\/types\/post"}],"author":[{"embeddable":true,"href":"https:\/\/www.meydan.tv\/az\/wp-json\/wp\/v2\/users\/21"}],"replies":[{"embeddable":true,"href":"https:\/\/www.meydan.tv\/az\/wp-json\/wp\/v2\/comments?post=328352"}],"version-history":[{"count":3,"href":"https:\/\/www.meydan.tv\/az\/wp-json\/wp\/v2\/posts\/328352\/revisions"}],"predecessor-version":[{"id":328363,"href":"https:\/\/www.meydan.tv\/az\/wp-json\/wp\/v2\/posts\/328352\/revisions\/328363"}],"wp:featuredmedia":[{"embeddable":true,"href":"https:\/\/www.meydan.tv\/az\/wp-json\/wp\/v2\/media\/324333"}],"wp:attachment":[{"href":"https:\/\/www.meydan.tv\/az\/wp-json\/wp\/v2\/media?parent=328352"}],"wp:term":[{"taxonomy":"category","embeddable":true,"href":"https:\/\/www.meydan.tv\/az\/wp-json\/wp\/v2\/categories?post=328352"},{"taxonomy":"post_tag","embeddable":true,"href":"https:\/\/www.meydan.tv\/az\/wp-json\/wp\/v2\/tags?post=328352"}],"curies":[{"name":"wp","href":"https:\/\/api.w.org\/{rel}","templated":true}]}}