{"id":328255,"date":"2025-04-02T01:10:03","date_gmt":"2025-04-01T21:10:03","guid":{"rendered":"https:\/\/www.meydan.tv\/?p=328255"},"modified":"2025-04-02T11:41:28","modified_gmt":"2025-04-02T07:41:28","slug":"abzasmedia-isi-istintaqda-mirsahinin-vaxti-verilisind%c9%99-esitdiyim-t%c9%99skilatlarin-adini-c%c9%99kdim-ki","status":"publish","type":"post","link":"https:\/\/www.meydan.tv\/az\/article\/abzasmedia-isi-istintaqda-mirsahinin-vaxti-verilisind%c9%99-esitdiyim-t%c9%99skilatlarin-adini-c%c9%99kdim-ki\/","title":{"rendered":"\u201cAbzasMedia i\u015fi\u201d: \u201c\u0130stintaqda \u201cMir\u015fahinin vaxt\u0131\u201d verili\u015find\u0259 e\u015fitdiyim t\u0259\u015fkilatlar\u0131n ad\u0131n\u0131 \u00e7\u0259kdim ki&#8230;\u201d"},"content":{"rendered":"\n<p><\/p>\n\n\n\n<p><strong><em>\u201cBiz\u0259 qar\u015f\u0131 terrorda \u0259m\u0259yi ke\u00e7\u0259nl\u0259r tarix v\u0259 \u0259dal\u0259t m\u0259hk\u0259m\u0259si \u00f6n\u00fcnd\u0259 cavab ver\u0259c\u0259kl\u0259r<\/em><\/strong><em>&#8220;<\/em><\/p>\n\n\n\n<p>Aprelin 1-d\u0259 Bak\u0131 A\u011f\u0131r Cinay\u0259tl\u0259r M\u0259hk\u0259m\u0259sind\u0259 \u201cAbzasMedia i\u015fi\u201d \u00fczr\u0259 ke\u00e7iril\u0259n n\u00f6vb\u0259ti m\u0259hk\u0259m\u0259 prosesind\u0259 t\u0259qsirl\u0259ndiril\u0259n \u015f\u0259xsl\u0259r N\u0259rgiz Absalamova, M\u0259h\u0259mm\u0259d Kekalov v\u0259 Hafiz Babal\u0131 s\u0259rb\u0259st ifad\u0259 veribl\u0259r.<\/p>\n\n\n\n<p>\u0130\u015f \u00fczr\u0259 h\u0259bs olunan M\u0259h\u0259mm\u0259d Kekalov s\u0259rb\u0259st ifad\u0259sind\u0259 istintaq orqan\u0131n\u0131n b\u00fct\u00fcn ittihamlar\u0131n\u0131 r\u0259dd edib v\u0259 bildirib ki, ibtidai istintaqda verdiyi ifad\u0259l\u0259rin b\u00f6y\u00fck hiss\u0259sini \u00f6z\u00fcnd\u0259n uydurub.<\/p>\n\n\n\n<p>Bundan sonra d\u00f6vl\u0259t ittiham\u00e7\u0131s\u0131 Rauf Mal\u0131\u015fov M\u0259h\u0259mm\u0259d Kekalovdan ilkin ifad\u0259sind\u0259 beyn\u0259lxalq t\u0259\u015fkilatlardan pul almas\u0131 il\u0259 ba\u011fl\u0131 dedikl\u0259rinin do\u011fru olub-olmad\u0131\u011f\u0131n\u0131 soru\u015fub. M\u0259h\u0259mm\u0259d Kekalov is\u0259 bunu t\u0259kzib edib.<\/p>\n\n\n\n<p><strong>\u201cM\u00fcst\u0259ntiql\u0259r m\u0259ni m\u0259cbur edirdil\u0259r ki, ad \u00e7\u0259kim, n\u0259s\u0259 dan\u0131\u015f\u0131m\u201d<\/strong><\/p>\n\n\n\n<p><em>\u201c\u0130ttiham akt\u0131nda iddia olunur ki, layih\u0259 yazm\u0131\u015fam v\u0259 ya qrantlara m\u00fcraci\u0259t etmi\u015f\u0259m. Bu, yaland\u0131r, m\u0259nim bunlar\u0131n he\u00e7 birind\u0259n ba\u015f\u0131m \u00e7\u0131xm\u0131r. M\u0259n he\u00e7 bir qrant almam\u0131\u015fam v\u0259 kimin d\u0259 n\u0259 q\u0259d\u0259r pul almas\u0131ndan x\u0259b\u0259rim yoxdur. \u201cAbzasMedia\u201dn\u0131n maliyy\u0259si hardand\u0131r, bu da m\u0259ni maraqland\u0131rm\u0131rd\u0131. Niy\u0259 d\u0259 maraqland\u0131rmal\u0131 idi? M\u0259n t\u0259rc\u00fcm\u0259\u00e7i idim v\u0259 \u00dclvi H\u0259s\u0259nli il\u0259 birlikd\u0259 g\u00f6r\u00fc\u015fl\u0259rd\u0259 t\u0259rc\u00fcm\u0259\u00e7i kimi i\u015ftirak edib \u00f6d\u0259ni\u015f al\u0131rd\u0131m<\/em><em>\u201d.<\/em><\/p>\n\n\n\n<p>O, ifad\u0259sind\u0259 bildirib ki, m\u0259cburiyy\u0259td\u0259n istintaqda bel\u0259 ifad\u0259 verm\u0259y\u0259 vadar olub:<\/p>\n\n\n\n<p><em>\u201c\u0130stintaq d\u00f6vr\u00fcnd\u0259 ifad\u0259 al\u0131nanda d\u0259f\u0259l\u0259rl\u0259 deyirdim ki, m\u0259nim he\u00e7 n\u0259d\u0259n m\u0259lumat\u0131m yoxdur. Amma m\u00fcst\u0259ntiql\u0259r m\u0259ni m\u0259cbur edirdil\u0259r ki, ad \u00e7\u0259kim, n\u0259s\u0259 dan\u0131\u015f\u0131m. M\u0259n d\u0259 m\u0259cburiyy\u0259td\u0259n \u201cMir\u015fahinin vaxt\u0131\u201d verili\u015find\u0259 e\u015fitdiyim beyn\u0259lxalq t\u0259\u015fkilatlar\u0131n adlar\u0131n\u0131 \u0259zb\u0259rl\u0259dim v\u0259 istintaqda \u00f6z\u00fcmd\u0259n uydurdum ki, guya bu t\u0259\u015fkilatlardan pul alm\u0131\u015f\u0131q. \u0130stintaqda bu dedikl\u0259rimin he\u00e7 biri do\u011fru deyil, m\u0259n bu m\u0259s\u0259l\u0259l\u0259r haqda m\u0259lumats\u0131zam. He\u00e7 vaxt he\u00e7 bir yerd\u0259n pul g\u0259tirm\u0259mi\u015f\u0259m, pul g\u0259tir\u0259ni d\u0259 g\u00f6rm\u0259mi\u015f\u0259m. Sad\u0259c\u0259 m\u00fcst\u0259ntiql\u0259r m\u0259nd\u0259n \u0259l \u00e7\u0259ksinl\u0259r dey\u0259, uydurma \u015f\u0259kild\u0259 ifad\u0259 verm\u0259y\u0259 m\u0259cbur qald\u0131m\u201d.<\/em><\/p>\n\n\n\n<p>Daha sonra d\u00f6vl\u0259t ittiham\u00e7\u0131s\u0131 M\u0259h\u0259mm\u0259d Kekalova i\u015f \u00fczr\u0259 h\u0259bs olunan dig\u0259r \u015f\u0259xsl\u0259rl\u0259 \u0259vv\u0259ll\u0259r tan\u0131\u015f olub-olmamalar\u0131na dair sual verib. Kekalov cavab\u0131nda bildirib ki, o, i\u015f \u00fczr\u0259 c\u0259lb olunan jurnalistl\u0259ri yaln\u0131z \u0259lill\u0259r \u00fc\u00e7\u00fcn t\u0259\u015fkil etdiyi t\u0259dbirl\u0259rd\u0259 \u00e7\u0259kili\u015f apard\u0131qlar\u0131 zaman tan\u0131y\u0131b.<\/p>\n\n\n<div class=\"wp-block-image\">\n<figure class=\"alignleft size-large is-resized\"><img decoding=\"async\" width=\"1200\" height=\"800\" data-src=\"https:\/\/www.meydan.tv\/wp-content\/uploads\/img_0635-1200x800.jpg\" alt=\"\" class=\"wp-image-291882 lazyload\" style=\"--smush-placeholder-width: 1200px; --smush-placeholder-aspect-ratio: 1200\/800;width:443px;height:auto\" src=\"data:image\/svg+xml;base64,PHN2ZyB3aWR0aD0iMSIgaGVpZ2h0PSIxIiB4bWxucz0iaHR0cDovL3d3dy53My5vcmcvMjAwMC9zdmciPjwvc3ZnPg==\" \/><figcaption class=\"wp-element-caption\">M\u0259h\u0259mm\u0259d Kekalov. Foto: MeydanTV<\/figcaption><\/figure>\n<\/div>\n\n\n<p><em>\u201cHe\u00e7 biril\u0259 xarici s\u0259f\u0259rl\u0259rd\u0259 olmam\u0131\u015fam. F\u0259rid Mehral\u0131zad\u0259 il\u0259 sad\u0259c\u0259 1 d\u0259f\u0259 ortaq bir t\u0259dbird\u0259 qar\u015f\u0131la\u015fm\u0131\u015f\u0131q. Bizim i\u015fimiz d\u0259 v\u0259 h\u0259tta otell\u0259rimiz d\u0259 ayr\u0131 olub. F\u0259rid Mehral\u0131zad\u0259 he\u00e7 vaxt \u201cAbzasMedia\u201d il\u0259 \u0259m\u0259kda\u015fl\u0131q etm\u0259yib\u201d<\/em>, &#8211; Kekalov m\u0259hk\u0259m\u0259d\u0259 bildirib.<\/p>\n\n\n\n<p>N\u00f6vb\u0259ti m\u0259rh\u0259l\u0259d\u0259 dig\u0259r t\u0259qsirl\u0259ndiril\u0259n \u015f\u0259xsl\u0259r v\u0259 m\u00fcdafi\u0259\u00e7il\u0259ri suallar veribl\u0259r. V\u0259kil R\u00f6v\u015fan\u0259 R\u0259himli M\u0259h\u0259mm\u0259d Kekalovdan saxlan\u0131lan ilk 48 saatda niy\u0259 ondan imtina etdiyini soru\u015fub. M\u0259h\u0259mm\u0259d Kekalov is\u0259 bu suallara cavab verm\u0259kd\u0259n imtina edib.<\/p>\n\n\n\n<p>\u201cAbzasMedia\u201dn\u0131n direktoru, i\u015f \u00fczr\u0259 t\u0259qsirl\u0259ndiril\u0259n \u00dclvi H\u0259s\u0259nli M\u0259h\u0259mm\u0259d Kekalovdan 2024-c\u00fc ilin mart-aprel aylar\u0131nda saxlan\u0131ld\u0131\u011f\u0131 1 sayl\u0131 Bak\u0131 \u0130stintaq T\u0259cridxanas\u0131ndan X\u0259tai Rayon Polis \u0130dar\u0259sinin m\u00fcv\u0259qq\u0259ti saxlanma yerin\u0259 k\u00f6\u00e7\u00fcr\u00fcl\u00fcb-k\u00f6\u00e7\u00fcr\u00fclm\u0259diyini soru\u015fub.<\/p>\n\n\n\n<p>M\u0259h\u0259mm\u0259d Kekalov bunu t\u0259sdiql\u0259yib v\u0259 10 g\u00fcn orda saxlan\u0131ld\u0131\u011f\u0131n\u0131 bildirib. \u00dclvi H\u0259s\u0259nli hakiml\u0259rin n\u0259z\u0259rin\u0259 \u00e7atd\u0131r\u0131b ki, m\u00fcst\u0259ntiql\u0259r bu m\u0259lumat\u0131 da inkar edibl\u0259r. M\u0259hk\u0259m\u0259 q\u0259rar\u0131 olmas\u0131na baxmayaraq, M\u0259h\u0259mm\u0259d Kekalovun saxlan\u0131lmal\u0131 oldu\u011fu 1 sayl\u0131 Bak\u0131 \u0130stintaq T\u0259cridxanas\u0131ndan X\u0259tai Rayon Polis \u0130dar\u0259sinin m\u00fcv\u0259qq\u0259ti saxlanma yerin\u0259 k\u00f6\u00e7\u00fcr\u00fclm\u0259sil\u0259 ba\u011fl\u0131 he\u00e7 bir r\u0259smi s\u0259n\u0259d i\u015f material\u0131na \u0259lav\u0259 edilm\u0259yib.<\/p>\n\n\n\n<p>Bundan sonra proses dig\u0259r t\u0259qsirl\u0259ndiril\u0259n \u015f\u0259xsl\u0259rin ifad\u0259l\u0259ril\u0259 davam edib.<\/p>\n\n\n\n<p><strong>\u201cBizi pul yox, x\u0259b\u0259r qa\u00e7aqmal\u00e7\u0131l\u0131\u011f\u0131nda su\u00e7lamaq olar\u201d<\/strong><\/p>\n\n\n\n<p>&#8220;AbzasMedia&#8221; n\u0259\u015fri il\u0259 ba\u011fl\u0131 cinay\u0259t i\u015fi \u00fczr\u0259 h\u0259bsd\u0259 olan jurnalistl\u0259rd\u0259n N\u0259rgiz Absalamova ifad\u0259sind\u0259 bildirib ki, onlar\u0131 pul yox, x\u0259b\u0259r qa\u00e7aqmal\u00e7\u0131l\u0131\u011f\u0131nda su\u00e7lamaq olar.<\/p>\n\n\n\n<p><em>&#8220;Bizi \u015f\u0259xs\u0259n \u0130lham \u018fliyev h\u0259bs etdirib. Onun \u00f6z\u00fcn\u00fcn v\u0259 h\u00f6kum\u0259tinin qanunsuz \u0259m\u0259ll\u0259rini if\u015fa etdiyimiz\u0259 g\u00f6r\u0259\u2026&#8221;,<\/em> &#8211; N\u0259rgiz Absalamova bel\u0259 deyib.<\/p>\n\n\n<div class=\"wp-block-image\">\n<figure class=\"alignright size-large is-resized\"><img decoding=\"async\" width=\"1200\" height=\"800\" data-src=\"https:\/\/www.meydan.tv\/wp-content\/uploads\/img_0658-1200x800.jpg\" alt=\"\" class=\"wp-image-291885 lazyload\" style=\"--smush-placeholder-width: 1200px; --smush-placeholder-aspect-ratio: 1200\/800;width:448px;height:auto\" src=\"data:image\/svg+xml;base64,PHN2ZyB3aWR0aD0iMSIgaGVpZ2h0PSIxIiB4bWxucz0iaHR0cDovL3d3dy53My5vcmcvMjAwMC9zdmciPjwvc3ZnPg==\" \/><figcaption class=\"wp-element-caption\">N\u0259rgiz Absalamova. Foto: Meydan TV<\/figcaption><\/figure>\n<\/div>\n\n\n<p>Jurnalist N.Absalamova bildirib ki, \u0259g\u0259r onlar da Prezident \u0130lham \u018fliyevin siyas\u0259tini t\u0259rifl\u0259m\u0259y\u0259 raz\u0131la\u015fsayd\u0131lar, indi h\u0259bsd\u0259 olmazd\u0131lar:<\/p>\n\n\n\n<p><em>&#8220;Bizd\u0259n bunu ist\u0259yirdil\u0259r. <\/em><em>Bizs\u0259 ara\u015fd\u0131rd\u0131qca onun d\u0259h\u015f\u0259tli korrupsiya \u0259m\u0259ll\u0259rini g\u00f6r\u00fcrd\u00fck&#8221;.<\/em><\/p>\n\n\n\n<p>N.Absalamova prokurorun suallar\u0131n\u0131 cavablamaqdan imtina edib v\u0259 bildirib ki, bu m\u0259hk\u0259m\u0259 prosesi h\u00fcquqi yox, siyasi prosesdir, bu \u00fczd\u0259n, cavab verm\u0259k ist\u0259mir.<\/p>\n\n\n\n<p><strong>\u201cBizim g\u00fcnah\u0131m\u0131z Az\u0259rbaycandak\u0131 h\u0259qiq\u0259tl\u0259ri c\u0259miyy\u0259t\u0259 obyektiv \u00e7atd\u0131rma\u011f\u0131m\u0131zd\u0131r\u201d<\/strong><\/p>\n\n\n\n<p>&#8220;Turan&#8221; informasiya agentliyinin iqtisadiyyat \u015f\u00f6b\u0259sinin redaktoru, \u201cAbzasMedia i\u015fin\u0259 g\u00f6r\u0259 t\u0259qsirl\u0259ndiril\u0259n jurnalist H.Babal\u0131 is\u0259 ifad\u0259sind\u0259 qeyd edib ki, ona qar\u015f\u0131 ittihamlar\u0131n \u0259sas\u0131nda yaln\u0131z M.Kekalovun ifad\u0259si dayan\u0131r. Kekalovsa h\u0259min ifad\u0259l\u0259rind\u0259n m\u0259hk\u0259m\u0259d\u0259 boyun qa\u00e7\u0131r\u0131b:<\/p>\n\n\n\n<p><em>&#8220;Bu cinay\u0259t i\u015finin mahiyy\u0259ti Az\u0259rbaycan hakimiyy\u0259tinin despotik v\u0259 kleptokratik xisl\u0259tind\u0259n do\u011fur. Vicdan\u0131 olan h\u0259r k\u0259s bilir ki, bizim g\u00fcnah\u0131m\u0131z Az\u0259rbaycandak\u0131 h\u0259qiq\u0259tl\u0259ri c\u0259miyy\u0259t\u0259 obyektiv, b\u0259z\u0259k-d\u00fcz\u0259ksiz \u00e7atd\u0131rma\u011f\u0131m\u0131zd\u0131r. 1937-ci il repressiyalar\u0131n\u0131 t\u00f6r\u0259d\u0259n canil\u0259r kimi, bizl\u0259r\u0259 qar\u015f\u0131 terrorda \u0259m\u0259yi ke\u00e7\u0259n m\u00fcst\u0259ntiql\u0259r, prokurorlar, sifari\u015f\u00e7il\u0259r d\u0259 tarix v\u0259 \u0259dal\u0259t m\u0259hk\u0259m\u0259si \u00f6n\u00fcnd\u0259 cavab ver\u0259c\u0259k&#8221;.<\/em><\/p>\n\n\n<div class=\"wp-block-image\">\n<figure class=\"alignleft size-full is-resized\"><img decoding=\"async\" width=\"1200\" height=\"598\" data-src=\"https:\/\/www.meydan.tv\/wp-content\/uploads\/img_0714-e1702546447622.jpg\" alt=\"\" class=\"wp-image-292834 lazyload\" style=\"--smush-placeholder-width: 1200px; --smush-placeholder-aspect-ratio: 1200\/598;width:424px;height:auto\" src=\"data:image\/svg+xml;base64,PHN2ZyB3aWR0aD0iMSIgaGVpZ2h0PSIxIiB4bWxucz0iaHR0cDovL3d3dy53My5vcmcvMjAwMC9zdmciPjwvc3ZnPg==\" \/><figcaption class=\"wp-element-caption\">Hafiz Babal\u0131. Foto: Meydan TV<\/figcaption><\/figure>\n<\/div>\n\n\n<p>Hafiz Babal\u0131 saxland\u0131\u011f\u0131 Bak\u0131 \u0130stintaq T\u0259cridxanas\u0131nda onunla ba\u011fl\u0131 qeydiyyat kitab\u00e7as\u0131nda ad\u0131n\u0131n qar\u015f\u0131s\u0131nda &#8220;m\u00fcxalify\u00f6nl\u00fc&#8221;, &#8220;bloger&#8221;, &#8220;\u015f\u0259r-b\u00f6htana meylli&#8221; kimi ifad\u0259l\u0259rin yaz\u0131ld\u0131\u011f\u0131n\u0131 da s\u00f6yl\u0259yib. Bel\u0259 ifad\u0259l\u0259rin ger\u00e7\u0259y\u0259 uy\u011fun olmad\u0131\u011f\u0131n\u0131 vur\u011fulayan jurnalistin s\u00f6zl\u0259rin\u0259 g\u00f6r\u0259, bu, h\u0259m d\u0259 h\u0259bsinin siyasi motivli olmas\u0131n\u0131 s\u00fcbut edir.<\/p>\n\n\n\n<p><\/p>\n\n\n\n<p>N\u00f6vb\u0259ti m\u0259hk\u0259m\u0259 prosesi aprelin 8-n\u0259 t\u0259yin edilib. H\u0259min prosesd\u0259 &#8220;AbzasMedia i\u015fi&#8221; \u00fczr\u0259 h\u0259bs olunanlardan bu vaxta q\u0259d\u0259r s\u0259rb\u0259st ifad\u0259si al\u0131nmayan \u201cAzadl\u0131q\u201d radiosunun \u0259m\u0259kda\u015f\u0131 F\u0259rid Mehral\u0131zad\u0259nin dindiril\u0259c\u0259yi g\u00f6zl\u0259nilir.<\/p>\n\n\n\n<p><strong>\u201cAbzasMedia i\u015fi\u201d<\/strong><\/p>\n\n\n\n<p>\u201cAbzasMedia\u201d i\u015fi \u00fczr\u0259 h\u0259bsl\u0259r 2023-c\u00fc il noyabr\u0131n 20-d\u0259n ba\u015flay\u0131b. \u018fvv\u0259l n\u0259\u015frin t\u0259sis\u00e7isi v\u0259 direktoru \u00dclvi H\u0259s\u0259nli v\u0259 koordinatoru M\u0259h\u0259mm\u0259d Kekalov, daha sonra ba\u015f redaktoru Sevinc Vaqifq\u0131z\u0131 h\u0259bs edilib.<\/p>\n\n\n\n<p>Daha sonra h\u0259bsl\u0259r ara\u015fd\u0131rma\u00e7\u0131 jurnalist Hafiz Babal\u0131, N\u0259rgiz Absalamova, Elnar\u0259 Qas\u0131mova, F\u0259rid Mehral\u0131zad\u0259 il\u0259 davam edib. Onlara qar\u015f\u0131 Cinay\u0259t M\u0259c\u0259ll\u0259sinin 206.3.2-ci (bir qrup \u015f\u0259xs t\u0259r\u0259find\u0259n qa\u00e7aqmal\u00e7\u0131l\u0131q) madd\u0259sil\u0259 ittiham ir\u0259li s\u00fcr\u00fcl\u00fcb. \u0130stintaq\u0131n sonunda ittiham a\u011f\u0131rla\u015fd\u0131r\u0131l\u0131b. Jurnalistl\u0259r\u0259 qanunsuz sahibkarl\u0131q, cinay\u0259t yolu il\u0259 \u0259ld\u0259 olunan v\u0259saitl\u0259rin leqalla\u015fd\u0131r\u0131lmas\u0131, vergid\u0259n yay\u0131nma v\u0259 s. il\u0259 ba\u011fl\u0131 \u0259lav\u0259 ittihamlar verilib. Jurnalistl\u0259r\u0259 ittiham veril\u0259n madd\u0259l\u0259rin sanksiyas\u0131nda 12 il\u0259 q\u0259d\u0259r azadl\u0131qdan m\u0259hrumetm\u0259 c\u0259zas\u0131 n\u0259z\u0259rd\u0259 tutulub.<\/p>\n\n\n\n<p>2023-c\u00fc il noyabr\u0131n 20-d\u0259 \u00dclvi H\u0259s\u0259nli saxland\u0131qdan sonra \u201cAbzasMedia\u201dn\u0131n ofisind\u0259 axtar\u0131\u015f apar\u0131l\u0131b. Sayt\u0131n ofisind\u0259n 40 min avro pul tap\u0131ld\u0131\u011f\u0131 iddia olunub.<\/p>\n\n\n\n<p>\u00dclvi H\u0259s\u0259nli is\u0259 orada pul olmad\u0131\u011f\u0131n\u0131, 40 min avronun ofis\u0259 onu tapd\u0131\u011f\u0131n\u0131 iddia ed\u0259nl\u0259rin \u00f6zl\u0259ri t\u0259r\u0259find\u0259n qoyuldu\u011funu bildirib.<\/p>\n\n\n\n<p>Adlar\u0131 \u00e7\u0259kil\u0259n jurnalistl\u0259rin he\u00e7 biri \u00f6z\u00fcn\u00fc t\u0259qsirli bilmir, \u201cAbzasMedia\u201dda Prezidentin ail\u0259 \u00fczvl\u0259ri d\u0259 daxil olmaqla, bir s\u0131ra v\u0259zif\u0259li \u015f\u0259xsl\u0259rin biznesi, korrupsiya il\u0259 ba\u011fl\u0131 ara\u015fd\u0131rmalara g\u00f6r\u0259 c\u0259zaland\u0131r\u0131ld\u0131qlar\u0131n\u0131 bildiribl\u0259r.<\/p>\n\n\n\n<p>H\u00f6kum\u0259t t\u0259msil\u00e7il\u0259ri is\u0259 h\u0259bs olunanlar\u0131n konkret faktlar \u0259sas\u0131nda c\u0259zaland\u0131r\u0131ld\u0131qlar\u0131n\u0131 bildirirl\u0259r.<\/p>\n","protected":false},"excerpt":{"rendered":"<p>\u201cBiz\u0259 qar\u015f\u0131 terrorda \u0259m\u0259yi ke\u00e7\u0259nl\u0259r tarix v\u0259 \u0259dal\u0259t m\u0259hk\u0259m\u0259si \u00f6n\u00fcnd\u0259 &#8230; <\/p>\n<p class=\"read-more-container\"><a title=\"\u201cAbzasMedia i\u015fi\u201d: \u201c\u0130stintaqda \u201cMir\u015fahinin vaxt\u0131\u201d verili\u015find\u0259 e\u015fitdiyim t\u0259\u015fkilatlar\u0131n ad\u0131n\u0131 \u00e7\u0259kdim ki&#8230;\u201d\" class=\"read-more button\" href=\"https:\/\/www.meydan.tv\/az\/article\/abzasmedia-isi-istintaqda-mirsahinin-vaxti-verilisind%c9%99-esitdiyim-t%c9%99skilatlarin-adini-c%c9%99kdim-ki\/#more-328255\" aria-label=\"Read more about \u201cAbzasMedia i\u015fi\u201d: \u201c\u0130stintaqda \u201cMir\u015fahinin vaxt\u0131\u201d verili\u015find\u0259 e\u015fitdiyim t\u0259\u015fkilatlar\u0131n ad\u0131n\u0131 \u00e7\u0259kdim ki&#8230;\u201d\">Davam\u0131<\/a><\/p>\n","protected":false},"author":21,"featured_media":313611,"comment_status":"closed","ping_status":"closed","sticky":false,"template":"","format":"standard","meta":{"_acf_changed":false,"_sitemap_exclude":false,"_sitemap_priority":"","_sitemap_frequency":"","footnotes":""},"categories":[59,79,56],"tags":[],"class_list":["post-328255","post","type-post","status-publish","format-standard","has-post-thumbnail","hentry","category-siyaset","category-featured","category-xeberler","infinite-scroll-item","generate-columns","tablet-grid-50","mobile-grid-100","grid-parent","grid-33","no-featured-image-padding"],"acf":[],"yoast_head":"<!-- This site is optimized with the Yoast SEO plugin v27.5 - https:\/\/yoast.com\/product\/yoast-seo-wordpress\/ -->\n<title>\u201cAbzasMedia i\u015fi\u201d: \u201c\u0130stintaqda \u201cMir\u015fahinin vaxt\u0131\u201d verili\u015find\u0259 e\u015fitdiyim t\u0259\u015fkilatlar\u0131n ad\u0131n\u0131 \u00e7\u0259kdim ki...\u201d - MEYDAN.TV<\/title>\n<meta name=\"robots\" content=\"index, follow, max-snippet:-1, max-image-preview:large, max-video-preview:-1\" \/>\n<link rel=\"canonical\" href=\"https:\/\/www.meydan.tv\/az\/article\/abzasmedia-isi-istintaqda-mirsahinin-vaxti-verilisind%c9%99-esitdiyim-t%c9%99skilatlarin-adini-c%c9%99kdim-ki\/\" \/>\n<meta property=\"og:locale\" content=\"az_AZ\" \/>\n<meta property=\"og:type\" content=\"article\" \/>\n<meta property=\"og:title\" content=\"\u201cAbzasMedia i\u015fi\u201d: \u201c\u0130stintaqda \u201cMir\u015fahinin vaxt\u0131\u201d verili\u015find\u0259 e\u015fitdiyim t\u0259\u015fkilatlar\u0131n ad\u0131n\u0131 \u00e7\u0259kdim ki...\u201d - MEYDAN.TV\" \/>\n<meta property=\"og:description\" content=\"\u201cBiz\u0259 qar\u015f\u0131 terrorda \u0259m\u0259yi ke\u00e7\u0259nl\u0259r tarix v\u0259 \u0259dal\u0259t m\u0259hk\u0259m\u0259si \u00f6n\u00fcnd\u0259 ... Davam\u0131\" \/>\n<meta property=\"og:url\" content=\"https:\/\/www.meydan.tv\/az\/article\/abzasmedia-isi-istintaqda-mirsahinin-vaxti-verilisind%c9%99-esitdiyim-t%c9%99skilatlarin-adini-c%c9%99kdim-ki\/\" \/>\n<meta property=\"og:site_name\" content=\"MEYDAN.TV\" \/>\n<meta property=\"article:published_time\" content=\"2025-04-01T21:10:03+00:00\" \/>\n<meta property=\"article:modified_time\" content=\"2025-04-02T07:41:28+00:00\" \/>\n<meta property=\"og:image\" content=\"https:\/\/www.meydan.tv\/wp-content\/uploads\/img_2391-e1724410398244.png\" \/>\n\t<meta property=\"og:image:width\" content=\"1200\" \/>\n\t<meta property=\"og:image:height\" content=\"484\" \/>\n\t<meta property=\"og:image:type\" content=\"image\/png\" \/>\n<meta name=\"author\" content=\"mahmud\" \/>\n<meta name=\"twitter:card\" content=\"summary_large_image\" \/>\n<script type=\"application\/ld+json\" class=\"yoast-schema-graph\">{\"@context\":\"https:\\\/\\\/schema.org\",\"@graph\":[{\"@type\":\"Article\",\"@id\":\"https:\\\/\\\/www.meydan.tv\\\/az\\\/article\\\/abzasmedia-isi-istintaqda-mirsahinin-vaxti-verilisind%c9%99-esitdiyim-t%c9%99skilatlarin-adini-c%c9%99kdim-ki\\\/#article\",\"isPartOf\":{\"@id\":\"https:\\\/\\\/www.meydan.tv\\\/az\\\/article\\\/abzasmedia-isi-istintaqda-mirsahinin-vaxti-verilisind%c9%99-esitdiyim-t%c9%99skilatlarin-adini-c%c9%99kdim-ki\\\/\"},\"author\":{\"name\":\"mahmud\",\"@id\":\"https:\\\/\\\/www.meydan.tv\\\/az\\\/#\\\/schema\\\/person\\\/09863e516102a829e72bedcf3f84c6b0\"},\"headline\":\"\u201cAbzasMedia i\u015fi\u201d: \u201c\u0130stintaqda \u201cMir\u015fahinin vaxt\u0131\u201d verili\u015find\u0259 e\u015fitdiyim t\u0259\u015fkilatlar\u0131n ad\u0131n\u0131 \u00e7\u0259kdim ki&#8230;\u201d\",\"datePublished\":\"2025-04-01T21:10:03+00:00\",\"dateModified\":\"2025-04-02T07:41:28+00:00\",\"mainEntityOfPage\":{\"@id\":\"https:\\\/\\\/www.meydan.tv\\\/az\\\/article\\\/abzasmedia-isi-istintaqda-mirsahinin-vaxti-verilisind%c9%99-esitdiyim-t%c9%99skilatlarin-adini-c%c9%99kdim-ki\\\/\"},\"wordCount\":1561,\"publisher\":{\"@id\":\"https:\\\/\\\/www.meydan.tv\\\/az\\\/#organization\"},\"image\":{\"@id\":\"https:\\\/\\\/www.meydan.tv\\\/az\\\/article\\\/abzasmedia-isi-istintaqda-mirsahinin-vaxti-verilisind%c9%99-esitdiyim-t%c9%99skilatlarin-adini-c%c9%99kdim-ki\\\/#primaryimage\"},\"thumbnailUrl\":\"https:\\\/\\\/www.meydan.tv\\\/wp-content\\\/uploads\\\/img_2391-e1724410398244.png\",\"articleSection\":[\"Siyas\u0259t\",\"T\u00f6vsiy\u0259\",\"X\u0259b\u0259rl\u0259r\"],\"inLanguage\":\"az\"},{\"@type\":\"WebPage\",\"@id\":\"https:\\\/\\\/www.meydan.tv\\\/az\\\/article\\\/abzasmedia-isi-istintaqda-mirsahinin-vaxti-verilisind%c9%99-esitdiyim-t%c9%99skilatlarin-adini-c%c9%99kdim-ki\\\/\",\"url\":\"https:\\\/\\\/www.meydan.tv\\\/az\\\/article\\\/abzasmedia-isi-istintaqda-mirsahinin-vaxti-verilisind%c9%99-esitdiyim-t%c9%99skilatlarin-adini-c%c9%99kdim-ki\\\/\",\"name\":\"\u201cAbzasMedia i\u015fi\u201d: \u201c\u0130stintaqda \u201cMir\u015fahinin vaxt\u0131\u201d verili\u015find\u0259 e\u015fitdiyim t\u0259\u015fkilatlar\u0131n ad\u0131n\u0131 \u00e7\u0259kdim ki...\u201d - MEYDAN.TV\",\"isPartOf\":{\"@id\":\"https:\\\/\\\/www.meydan.tv\\\/az\\\/#website\"},\"primaryImageOfPage\":{\"@id\":\"https:\\\/\\\/www.meydan.tv\\\/az\\\/article\\\/abzasmedia-isi-istintaqda-mirsahinin-vaxti-verilisind%c9%99-esitdiyim-t%c9%99skilatlarin-adini-c%c9%99kdim-ki\\\/#primaryimage\"},\"image\":{\"@id\":\"https:\\\/\\\/www.meydan.tv\\\/az\\\/article\\\/abzasmedia-isi-istintaqda-mirsahinin-vaxti-verilisind%c9%99-esitdiyim-t%c9%99skilatlarin-adini-c%c9%99kdim-ki\\\/#primaryimage\"},\"thumbnailUrl\":\"https:\\\/\\\/www.meydan.tv\\\/wp-content\\\/uploads\\\/img_2391-e1724410398244.png\",\"datePublished\":\"2025-04-01T21:10:03+00:00\",\"dateModified\":\"2025-04-02T07:41:28+00:00\",\"breadcrumb\":{\"@id\":\"https:\\\/\\\/www.meydan.tv\\\/az\\\/article\\\/abzasmedia-isi-istintaqda-mirsahinin-vaxti-verilisind%c9%99-esitdiyim-t%c9%99skilatlarin-adini-c%c9%99kdim-ki\\\/#breadcrumb\"},\"inLanguage\":\"az\",\"potentialAction\":[{\"@type\":\"ReadAction\",\"target\":[\"https:\\\/\\\/www.meydan.tv\\\/az\\\/article\\\/abzasmedia-isi-istintaqda-mirsahinin-vaxti-verilisind%c9%99-esitdiyim-t%c9%99skilatlarin-adini-c%c9%99kdim-ki\\\/\"]}]},{\"@type\":\"ImageObject\",\"inLanguage\":\"az\",\"@id\":\"https:\\\/\\\/www.meydan.tv\\\/az\\\/article\\\/abzasmedia-isi-istintaqda-mirsahinin-vaxti-verilisind%c9%99-esitdiyim-t%c9%99skilatlarin-adini-c%c9%99kdim-ki\\\/#primaryimage\",\"url\":\"https:\\\/\\\/www.meydan.tv\\\/wp-content\\\/uploads\\\/img_2391-e1724410398244.png\",\"contentUrl\":\"https:\\\/\\\/www.meydan.tv\\\/wp-content\\\/uploads\\\/img_2391-e1724410398244.png\",\"width\":1200,\"height\":484,\"caption\":\"\\\"AbzasMedia\\\". Foto-kollaj: Meydan TV\"},{\"@type\":\"BreadcrumbList\",\"@id\":\"https:\\\/\\\/www.meydan.tv\\\/az\\\/article\\\/abzasmedia-isi-istintaqda-mirsahinin-vaxti-verilisind%c9%99-esitdiyim-t%c9%99skilatlarin-adini-c%c9%99kdim-ki\\\/#breadcrumb\",\"itemListElement\":[{\"@type\":\"ListItem\",\"position\":1,\"name\":\"Ana s\u0259hif\u0259\",\"item\":\"https:\\\/\\\/www.meydan.tv\\\/az\\\/\"},{\"@type\":\"ListItem\",\"position\":2,\"name\":\"Siyas\u0259t\",\"item\":\"https:\\\/\\\/www.meydan.tv\\\/az\\\/section\\\/siyaset\\\/\"},{\"@type\":\"ListItem\",\"position\":3,\"name\":\"\u201cAbzasMedia i\u015fi\u201d: \u201c\u0130stintaqda \u201cMir\u015fahinin vaxt\u0131\u201d verili\u015find\u0259 e\u015fitdiyim t\u0259\u015fkilatlar\u0131n ad\u0131n\u0131 \u00e7\u0259kdim ki&#8230;\u201d\"}]},{\"@type\":\"WebSite\",\"@id\":\"https:\\\/\\\/www.meydan.tv\\\/az\\\/#website\",\"url\":\"https:\\\/\\\/www.meydan.tv\\\/az\\\/\",\"name\":\"MEYDAN.TV\",\"description\":\"Meydan TV Az\u0259rbaycan\u0131n media m\u0259kan\u0131ndak\u0131 alternativ s\u0259sidir\",\"publisher\":{\"@id\":\"https:\\\/\\\/www.meydan.tv\\\/az\\\/#organization\"},\"potentialAction\":[{\"@type\":\"SearchAction\",\"target\":{\"@type\":\"EntryPoint\",\"urlTemplate\":\"https:\\\/\\\/www.meydan.tv\\\/az\\\/?s={search_term_string}\"},\"query-input\":{\"@type\":\"PropertyValueSpecification\",\"valueRequired\":true,\"valueName\":\"search_term_string\"}}],\"inLanguage\":\"az\"},{\"@type\":\"Organization\",\"@id\":\"https:\\\/\\\/www.meydan.tv\\\/az\\\/#organization\",\"name\":\"Meydan TV\",\"url\":\"https:\\\/\\\/www.meydan.tv\\\/az\\\/\",\"logo\":{\"@type\":\"ImageObject\",\"inLanguage\":\"az\",\"@id\":\"https:\\\/\\\/www.meydan.tv\\\/az\\\/#\\\/schema\\\/logo\\\/image\\\/\",\"url\":\"https:\\\/\\\/www.meydan.tv\\\/wp-content\\\/uploads\\\/2021\\\/07\\\/meydan-logo.svg\",\"contentUrl\":\"https:\\\/\\\/www.meydan.tv\\\/wp-content\\\/uploads\\\/2021\\\/07\\\/meydan-logo.svg\",\"width\":195,\"height\":46,\"caption\":\"Meydan TV\"},\"image\":{\"@id\":\"https:\\\/\\\/www.meydan.tv\\\/az\\\/#\\\/schema\\\/logo\\\/image\\\/\"}},{\"@type\":\"Person\",\"@id\":\"https:\\\/\\\/www.meydan.tv\\\/az\\\/#\\\/schema\\\/person\\\/09863e516102a829e72bedcf3f84c6b0\",\"name\":\"mahmud\"}]}<\/script>\n<!-- \/ Yoast SEO plugin. -->","yoast_head_json":{"title":"\u201cAbzasMedia i\u015fi\u201d: \u201c\u0130stintaqda \u201cMir\u015fahinin vaxt\u0131\u201d verili\u015find\u0259 e\u015fitdiyim t\u0259\u015fkilatlar\u0131n ad\u0131n\u0131 \u00e7\u0259kdim ki...\u201d - MEYDAN.TV","robots":{"index":"index","follow":"follow","max-snippet":"max-snippet:-1","max-image-preview":"max-image-preview:large","max-video-preview":"max-video-preview:-1"},"canonical":"https:\/\/www.meydan.tv\/az\/article\/abzasmedia-isi-istintaqda-mirsahinin-vaxti-verilisind%c9%99-esitdiyim-t%c9%99skilatlarin-adini-c%c9%99kdim-ki\/","og_locale":"az_AZ","og_type":"article","og_title":"\u201cAbzasMedia i\u015fi\u201d: \u201c\u0130stintaqda \u201cMir\u015fahinin vaxt\u0131\u201d verili\u015find\u0259 e\u015fitdiyim t\u0259\u015fkilatlar\u0131n ad\u0131n\u0131 \u00e7\u0259kdim ki...\u201d - MEYDAN.TV","og_description":"\u201cBiz\u0259 qar\u015f\u0131 terrorda \u0259m\u0259yi ke\u00e7\u0259nl\u0259r tarix v\u0259 \u0259dal\u0259t m\u0259hk\u0259m\u0259si \u00f6n\u00fcnd\u0259 ... Davam\u0131","og_url":"https:\/\/www.meydan.tv\/az\/article\/abzasmedia-isi-istintaqda-mirsahinin-vaxti-verilisind%c9%99-esitdiyim-t%c9%99skilatlarin-adini-c%c9%99kdim-ki\/","og_site_name":"MEYDAN.TV","article_published_time":"2025-04-01T21:10:03+00:00","article_modified_time":"2025-04-02T07:41:28+00:00","og_image":[{"width":1200,"height":484,"url":"https:\/\/www.meydan.tv\/wp-content\/uploads\/img_2391-e1724410398244.png","type":"image\/png"}],"author":"mahmud","twitter_card":"summary_large_image","schema":{"@context":"https:\/\/schema.org","@graph":[{"@type":"Article","@id":"https:\/\/www.meydan.tv\/az\/article\/abzasmedia-isi-istintaqda-mirsahinin-vaxti-verilisind%c9%99-esitdiyim-t%c9%99skilatlarin-adini-c%c9%99kdim-ki\/#article","isPartOf":{"@id":"https:\/\/www.meydan.tv\/az\/article\/abzasmedia-isi-istintaqda-mirsahinin-vaxti-verilisind%c9%99-esitdiyim-t%c9%99skilatlarin-adini-c%c9%99kdim-ki\/"},"author":{"name":"mahmud","@id":"https:\/\/www.meydan.tv\/az\/#\/schema\/person\/09863e516102a829e72bedcf3f84c6b0"},"headline":"\u201cAbzasMedia i\u015fi\u201d: \u201c\u0130stintaqda \u201cMir\u015fahinin vaxt\u0131\u201d verili\u015find\u0259 e\u015fitdiyim t\u0259\u015fkilatlar\u0131n ad\u0131n\u0131 \u00e7\u0259kdim ki&#8230;\u201d","datePublished":"2025-04-01T21:10:03+00:00","dateModified":"2025-04-02T07:41:28+00:00","mainEntityOfPage":{"@id":"https:\/\/www.meydan.tv\/az\/article\/abzasmedia-isi-istintaqda-mirsahinin-vaxti-verilisind%c9%99-esitdiyim-t%c9%99skilatlarin-adini-c%c9%99kdim-ki\/"},"wordCount":1561,"publisher":{"@id":"https:\/\/www.meydan.tv\/az\/#organization"},"image":{"@id":"https:\/\/www.meydan.tv\/az\/article\/abzasmedia-isi-istintaqda-mirsahinin-vaxti-verilisind%c9%99-esitdiyim-t%c9%99skilatlarin-adini-c%c9%99kdim-ki\/#primaryimage"},"thumbnailUrl":"https:\/\/www.meydan.tv\/wp-content\/uploads\/img_2391-e1724410398244.png","articleSection":["Siyas\u0259t","T\u00f6vsiy\u0259","X\u0259b\u0259rl\u0259r"],"inLanguage":"az"},{"@type":"WebPage","@id":"https:\/\/www.meydan.tv\/az\/article\/abzasmedia-isi-istintaqda-mirsahinin-vaxti-verilisind%c9%99-esitdiyim-t%c9%99skilatlarin-adini-c%c9%99kdim-ki\/","url":"https:\/\/www.meydan.tv\/az\/article\/abzasmedia-isi-istintaqda-mirsahinin-vaxti-verilisind%c9%99-esitdiyim-t%c9%99skilatlarin-adini-c%c9%99kdim-ki\/","name":"\u201cAbzasMedia i\u015fi\u201d: \u201c\u0130stintaqda \u201cMir\u015fahinin vaxt\u0131\u201d verili\u015find\u0259 e\u015fitdiyim t\u0259\u015fkilatlar\u0131n ad\u0131n\u0131 \u00e7\u0259kdim ki...\u201d - MEYDAN.TV","isPartOf":{"@id":"https:\/\/www.meydan.tv\/az\/#website"},"primaryImageOfPage":{"@id":"https:\/\/www.meydan.tv\/az\/article\/abzasmedia-isi-istintaqda-mirsahinin-vaxti-verilisind%c9%99-esitdiyim-t%c9%99skilatlarin-adini-c%c9%99kdim-ki\/#primaryimage"},"image":{"@id":"https:\/\/www.meydan.tv\/az\/article\/abzasmedia-isi-istintaqda-mirsahinin-vaxti-verilisind%c9%99-esitdiyim-t%c9%99skilatlarin-adini-c%c9%99kdim-ki\/#primaryimage"},"thumbnailUrl":"https:\/\/www.meydan.tv\/wp-content\/uploads\/img_2391-e1724410398244.png","datePublished":"2025-04-01T21:10:03+00:00","dateModified":"2025-04-02T07:41:28+00:00","breadcrumb":{"@id":"https:\/\/www.meydan.tv\/az\/article\/abzasmedia-isi-istintaqda-mirsahinin-vaxti-verilisind%c9%99-esitdiyim-t%c9%99skilatlarin-adini-c%c9%99kdim-ki\/#breadcrumb"},"inLanguage":"az","potentialAction":[{"@type":"ReadAction","target":["https:\/\/www.meydan.tv\/az\/article\/abzasmedia-isi-istintaqda-mirsahinin-vaxti-verilisind%c9%99-esitdiyim-t%c9%99skilatlarin-adini-c%c9%99kdim-ki\/"]}]},{"@type":"ImageObject","inLanguage":"az","@id":"https:\/\/www.meydan.tv\/az\/article\/abzasmedia-isi-istintaqda-mirsahinin-vaxti-verilisind%c9%99-esitdiyim-t%c9%99skilatlarin-adini-c%c9%99kdim-ki\/#primaryimage","url":"https:\/\/www.meydan.tv\/wp-content\/uploads\/img_2391-e1724410398244.png","contentUrl":"https:\/\/www.meydan.tv\/wp-content\/uploads\/img_2391-e1724410398244.png","width":1200,"height":484,"caption":"\"AbzasMedia\". Foto-kollaj: Meydan TV"},{"@type":"BreadcrumbList","@id":"https:\/\/www.meydan.tv\/az\/article\/abzasmedia-isi-istintaqda-mirsahinin-vaxti-verilisind%c9%99-esitdiyim-t%c9%99skilatlarin-adini-c%c9%99kdim-ki\/#breadcrumb","itemListElement":[{"@type":"ListItem","position":1,"name":"Ana s\u0259hif\u0259","item":"https:\/\/www.meydan.tv\/az\/"},{"@type":"ListItem","position":2,"name":"Siyas\u0259t","item":"https:\/\/www.meydan.tv\/az\/section\/siyaset\/"},{"@type":"ListItem","position":3,"name":"\u201cAbzasMedia i\u015fi\u201d: \u201c\u0130stintaqda \u201cMir\u015fahinin vaxt\u0131\u201d verili\u015find\u0259 e\u015fitdiyim t\u0259\u015fkilatlar\u0131n ad\u0131n\u0131 \u00e7\u0259kdim ki&#8230;\u201d"}]},{"@type":"WebSite","@id":"https:\/\/www.meydan.tv\/az\/#website","url":"https:\/\/www.meydan.tv\/az\/","name":"MEYDAN.TV","description":"Meydan TV Az\u0259rbaycan\u0131n media m\u0259kan\u0131ndak\u0131 alternativ s\u0259sidir","publisher":{"@id":"https:\/\/www.meydan.tv\/az\/#organization"},"potentialAction":[{"@type":"SearchAction","target":{"@type":"EntryPoint","urlTemplate":"https:\/\/www.meydan.tv\/az\/?s={search_term_string}"},"query-input":{"@type":"PropertyValueSpecification","valueRequired":true,"valueName":"search_term_string"}}],"inLanguage":"az"},{"@type":"Organization","@id":"https:\/\/www.meydan.tv\/az\/#organization","name":"Meydan TV","url":"https:\/\/www.meydan.tv\/az\/","logo":{"@type":"ImageObject","inLanguage":"az","@id":"https:\/\/www.meydan.tv\/az\/#\/schema\/logo\/image\/","url":"https:\/\/www.meydan.tv\/wp-content\/uploads\/2021\/07\/meydan-logo.svg","contentUrl":"https:\/\/www.meydan.tv\/wp-content\/uploads\/2021\/07\/meydan-logo.svg","width":195,"height":46,"caption":"Meydan TV"},"image":{"@id":"https:\/\/www.meydan.tv\/az\/#\/schema\/logo\/image\/"}},{"@type":"Person","@id":"https:\/\/www.meydan.tv\/az\/#\/schema\/person\/09863e516102a829e72bedcf3f84c6b0","name":"mahmud"}]}},"_links":{"self":[{"href":"https:\/\/www.meydan.tv\/az\/wp-json\/wp\/v2\/posts\/328255","targetHints":{"allow":["GET"]}}],"collection":[{"href":"https:\/\/www.meydan.tv\/az\/wp-json\/wp\/v2\/posts"}],"about":[{"href":"https:\/\/www.meydan.tv\/az\/wp-json\/wp\/v2\/types\/post"}],"author":[{"embeddable":true,"href":"https:\/\/www.meydan.tv\/az\/wp-json\/wp\/v2\/users\/21"}],"replies":[{"embeddable":true,"href":"https:\/\/www.meydan.tv\/az\/wp-json\/wp\/v2\/comments?post=328255"}],"version-history":[{"count":2,"href":"https:\/\/www.meydan.tv\/az\/wp-json\/wp\/v2\/posts\/328255\/revisions"}],"predecessor-version":[{"id":328263,"href":"https:\/\/www.meydan.tv\/az\/wp-json\/wp\/v2\/posts\/328255\/revisions\/328263"}],"wp:featuredmedia":[{"embeddable":true,"href":"https:\/\/www.meydan.tv\/az\/wp-json\/wp\/v2\/media\/313611"}],"wp:attachment":[{"href":"https:\/\/www.meydan.tv\/az\/wp-json\/wp\/v2\/media?parent=328255"}],"wp:term":[{"taxonomy":"category","embeddable":true,"href":"https:\/\/www.meydan.tv\/az\/wp-json\/wp\/v2\/categories?post=328255"},{"taxonomy":"post_tag","embeddable":true,"href":"https:\/\/www.meydan.tv\/az\/wp-json\/wp\/v2\/tags?post=328255"}],"curies":[{"name":"wp","href":"https:\/\/api.w.org\/{rel}","templated":true}]}}