{"id":328250,"date":"2025-04-01T19:30:39","date_gmt":"2025-04-01T15:30:39","guid":{"rendered":"https:\/\/www.meydan.tv\/?p=328250"},"modified":"2025-04-01T19:30:42","modified_gmt":"2025-04-01T15:30:42","slug":"agcab%c9%99did%c9%99-14-yasli-qizin-ana-olmasi-il%c9%99-bagli-m%c9%99hk%c9%99m%c9%99nin-hokmund%c9%99n-apellyasiya-sikay%c9%99ti-verilib","status":"publish","type":"post","link":"https:\/\/www.meydan.tv\/az\/article\/agcab%c9%99did%c9%99-14-yasli-qizin-ana-olmasi-il%c9%99-bagli-m%c9%99hk%c9%99m%c9%99nin-hokmund%c9%99n-apellyasiya-sikay%c9%99ti-verilib\/","title":{"rendered":"A\u011fcab\u0259did\u0259 14 ya\u015fl\u0131 q\u0131z\u0131n ana olmas\u0131 il\u0259 ba\u011fl\u0131 m\u0259hk\u0259m\u0259nin h\u00f6km\u00fcnd\u0259n apellyasiya \u015fikay\u0259ti verilib"},"content":{"rendered":"\n<p><\/p>\n\n\n\n<p><strong><em>M\u0259hk\u0259m\u0259nin t\u0259qsirl\u0259ndiril\u0259n \u015f\u0259xs\u0259 \u015f\u0259rti c\u0259za t\u0259yin etm\u0259si prokurorlu\u011fu naraz\u0131 sal\u0131b<\/em><\/strong><\/p>\n\n\n\n<p>A\u011fcab\u0259did\u0259 14 ya\u015fl\u0131 q\u0131z\u0131n ana olmas\u0131 v\u0259 bu i\u015f \u00fczr\u0259 verilmi\u015f L\u0259nk\u0259ran A\u011f\u0131r Cinay\u0259tl\u0259r M\u0259hk\u0259m\u0259sinin h\u00f6km\u00fcnd\u0259n d\u00f6vl\u0259t ittiham\u00e7\u0131s\u0131 t\u0259r\u0259find\u0259n apellyasiya \u015fikay\u0259ti verildiyi <a href=\"https:\/\/qafqazinfo.az\/news\/detail\/azyaslidan-usagi-olan-kisi-ile-bagli-hokm-deyisir-hebs-teleb-edildi-466123\">bildirilir.<\/a><\/p>\n\n\n\n<p>M\u0259hk\u0259m\u0259nin t\u0259qsirl\u0259ndiril\u0259n \u015f\u0259xs\u0259 \u015f\u0259rti c\u0259za t\u0259yin etm\u0259si prokurorlu\u011fu naraz\u0131 sal\u0131b.<\/p>\n\n\n\n<p>M\u0259hk\u0259m\u0259nin 12 mart 2025-ci il tarixli h\u00f6km\u00fc il\u0259 Ceyhun A\u011fayev Az\u0259rbaycan Respublikas\u0131 Cinay\u0259t M\u0259c\u0259ll\u0259sinin 152.4.1-ci (on iki ya\u015f\u0131na \u00e7atm\u0131\u015f, lakin on d\u00f6rd ya\u015f\u0131na \u00e7atmayan \u015f\u0259xsl\u0259 t\u0259krar\u0259n cinsi \u0259laq\u0259d\u0259 olma) madd\u0259si il\u0259 t\u0259qsirli bilin\u0259r\u0259k 6 il m\u00fcdd\u0259tin\u0259 azadl\u0131qdan m\u0259hrum edilib. Lakin m\u0259hk\u0259m\u0259 Cinay\u0259t M\u0259c\u0259ll\u0259sinin 70-ci madd\u0259sini t\u0259tbiq ed\u0259r\u0259k bu c\u0259zan\u0131 1 il s\u0131naq m\u00fcdd\u0259ti t\u0259yin olunmaqla \u015f\u0259rti hesab edib.<\/p>\n\n\n\n<p>Prokurorluq hesab edir ki, L\u0259nk\u0259ran A\u011f\u0131r Cinay\u0259tl\u0259r M\u0259hk\u0259m\u0259si cinay\u0259tin ictimai t\u0259hl\u00fck\u0259liliyini v\u0259 a\u011f\u0131rl\u0131\u011f\u0131n\u0131 n\u0259z\u0259r\u0259 almadan, qanunvericiliyin prinsipl\u0259rin\u0259 uy\u011fun olmayan y\u00fcng\u00fcl c\u0259za t\u0259yin edib.<\/p>\n\n\n\n<p>Bu s\u0259b\u0259bd\u0259n, h\u00f6km\u00fcn l\u0259\u011fv edilm\u0259si v\u0259 t\u0259qsirl\u0259ndiril\u0259n \u015f\u0259xs\u0259 sanksiya h\u0259ddind\u0259 azadl\u0131qdan m\u0259hrumetm\u0259 c\u0259zas\u0131n\u0131n verilm\u0259si t\u0259l\u0259b olunur.<\/p>\n\n\n\n<p>\u015eikay\u0259t\u0259 \u015eirvan Apellyasiya M\u0259hk\u0259m\u0259sind\u0259 bax\u0131lacaq.<\/p>\n\n\n\n<p>Bir ne\u00e7\u0259 g\u00fcn \u0259vv\u0259l A\u011fcab\u0259did\u0259 2001-ci il t\u0259v\u0259ll\u00fcdl\u00fc ki\u015finin 2010-cu il t\u0259v\u0259ll\u00fcdl\u00fc u\u015fa\u011f\u0131 cinsi istismara m\u0259ruz qoymas\u0131 v\u0259 q\u0131z\u0131n hamil\u0259 qalmas\u0131 il\u0259 ba\u011fl\u0131 <a href=\"https:\/\/www.meydan.tv\/az\/article\/14-yasli-qizi-cinsi-istismara-m%c9%99ruz-qoyan-24-yasli-kisi-nec%c9%99-azadliqda-qala-bildi\/\" target=\"_blank\" rel=\"noreferrer noopener\">x\u0259b\u0259r yay\u0131l\u0131b.<\/a><\/p>\n\n\n\n<p>R\u0259smi ifad\u0259l\u0259r\u0259 g\u00f6r\u0259 o, 14 ya\u015f\u0131na \u00e7atmam\u0131\u015f q\u0131zla 2024-c\u00fc ilin may\u0131n ortalar\u0131ndan etibar\u0259n d\u0259f\u0259l\u0259rl\u0259 cinsi \u0259laq\u0259d\u0259 olub.<\/p>\n\n\n\n<p>T\u0259qsirl\u0259ndiril\u0259n ifad\u0259sind\u0259 cinsi \u0259laq\u0259y\u0259 g\u00f6r\u0259 m\u0259suliyy\u0259ti q\u0131z\u0131n \u00fcz\u0259rin\u0259 at\u0131b. O, ifad\u0259sind\u0259 bildirib ki, 14 ya\u015f\u0131na \u00e7atmam\u0131\u015f q\u0131z\u0131 sevib, onunla ail\u0259 qurmaq niyy\u0259tind\u0259 olub, bu haqda anas\u0131na, anas\u0131 q\u0131z\u0131n anas\u0131na m\u0259lumat verib.<\/p>\n\n\n\n<p>2024-c\u00fc ilin aprelind\u0259 z\u0259r\u0259r\u00e7\u0259k\u0259nin evind\u0259 ni\u015fan ke\u00e7irilib. Valideynl\u0259ri onlara q\u0131z 18 ya\u015f\u0131na \u00e7atandan sonra&nbsp; r\u0259smi nikaha daxil olaraq ail\u0259 quracaqlar\u0131n\u0131 bildiribl\u0259r. T\u0259qsirl\u0259ndiril\u0259n \u015f\u0259xsin ifad\u0259sin\u0259 g\u00f6r\u0259, bir m\u00fcdd\u0259t sonra guya q\u0131z&nbsp; ona ail\u0259 qurmaq ist\u0259diyini bildirib, o is\u0259 s\u0259brli olmas\u0131n\u0131, zaman\u0131 g\u0259ldikd\u0259 ail\u0259 quracaqlar\u0131n\u0131 dediyini bildirib.<\/p>\n\n\n\n<p>Q\u0131z is\u0259 cavab\u0131nda cinsi \u0259laq\u0259d\u0259 olacaqlar\u0131 t\u0259qdird\u0259 ail\u0259l\u0259rinin onlara ail\u0259 qurma\u011fa icaz\u0259 ver\u0259c\u0259kl\u0259rini dey\u0259r\u0259k cinsi \u0259laq\u0259d\u0259 olma\u011f\u0131 t\u0259klif etdiyini deyib.<\/p>\n\n\n\n<p>24 ya\u015f\u0131nda ki\u015fi h\u0259m d\u0259 bildirib ki, yetkinlik ya\u015f\u0131na \u00e7atmayan bir q\u0131zla cinsi \u0259laq\u0259d\u0259 olmas\u0131na g\u00f6r\u0259 cinay\u0259t m\u0259suliyy\u0259tin\u0259 c\u0259lb olunaraq, h\u0259bs olunaca\u011f\u0131n\u0131 bilmirdi.<\/p>\n\n\n\n<p>Bir ne\u00e7\u0259 ay sonra q\u0131z\u0131n hamil\u0259 oldu\u011funu \u00f6yr\u0259nibl\u0259r. Ail\u0259l\u0259rin raz\u0131l\u0131\u011f\u0131 il\u0259 evd\u0259 yax\u0131n qohumlar\u0131n i\u015ftirak\u0131 il\u0259 \u201ctoy\u201d edibl\u0259r.<\/p>\n\n\n\n<p>Hamil\u0259liyin 5-ci ay\u0131nda (2024-c\u00fc il, oktyabr) q\u0131z \u201cail\u0259 qurdu\u011fu\u201d adam\u0131n evind\u0259, onun ail\u0259si il\u0259 birlikd\u0259 ya\u015fama\u011fa ba\u015flay\u0131b.<\/p>\n","protected":false},"excerpt":{"rendered":"<p>M\u0259hk\u0259m\u0259nin t\u0259qsirl\u0259ndiril\u0259n \u015f\u0259xs\u0259 \u015f\u0259rti c\u0259za t\u0259yin etm\u0259si prokurorlu\u011fu naraz\u0131 sal\u0131b &#8230; <\/p>\n<p class=\"read-more-container\"><a title=\"A\u011fcab\u0259did\u0259 14 ya\u015fl\u0131 q\u0131z\u0131n ana olmas\u0131 il\u0259 ba\u011fl\u0131 m\u0259hk\u0259m\u0259nin h\u00f6km\u00fcnd\u0259n apellyasiya \u015fikay\u0259ti verilib\" class=\"read-more button\" href=\"https:\/\/www.meydan.tv\/az\/article\/agcab%c9%99did%c9%99-14-yasli-qizin-ana-olmasi-il%c9%99-bagli-m%c9%99hk%c9%99m%c9%99nin-hokmund%c9%99n-apellyasiya-sikay%c9%99ti-verilib\/#more-328250\" aria-label=\"Read more about A\u011fcab\u0259did\u0259 14 ya\u015fl\u0131 q\u0131z\u0131n ana olmas\u0131 il\u0259 ba\u011fl\u0131 m\u0259hk\u0259m\u0259nin h\u00f6km\u00fcnd\u0259n apellyasiya \u015fikay\u0259ti verilib\">Davam\u0131<\/a><\/p>\n","protected":false},"author":21,"featured_media":255407,"comment_status":"closed","ping_status":"closed","sticky":false,"template":"","format":"standard","meta":{"_acf_changed":false,"_sitemap_exclude":false,"_sitemap_priority":"","_sitemap_frequency":"","footnotes":""},"categories":[62,79,56],"tags":[],"class_list":["post-328250","post","type-post","status-publish","format-standard","has-post-thumbnail","hentry","category-sosial","category-featured","category-xeberler","infinite-scroll-item","generate-columns","tablet-grid-50","mobile-grid-100","grid-parent","grid-33","no-featured-image-padding"],"acf":[],"yoast_head":"<!-- This site is optimized with the Yoast SEO plugin v27.4 - https:\/\/yoast.com\/product\/yoast-seo-wordpress\/ -->\n<title>A\u011fcab\u0259did\u0259 14 ya\u015fl\u0131 q\u0131z\u0131n ana olmas\u0131 il\u0259 ba\u011fl\u0131 m\u0259hk\u0259m\u0259nin h\u00f6km\u00fcnd\u0259n apellyasiya \u015fikay\u0259ti verilib - MEYDAN.TV<\/title>\n<meta name=\"robots\" content=\"index, follow, max-snippet:-1, max-image-preview:large, max-video-preview:-1\" \/>\n<link rel=\"canonical\" href=\"https:\/\/www.meydan.tv\/az\/article\/agcab%c9%99did%c9%99-14-yasli-qizin-ana-olmasi-il%c9%99-bagli-m%c9%99hk%c9%99m%c9%99nin-hokmund%c9%99n-apellyasiya-sikay%c9%99ti-verilib\/\" \/>\n<meta property=\"og:locale\" content=\"az_AZ\" \/>\n<meta property=\"og:type\" content=\"article\" \/>\n<meta property=\"og:title\" content=\"A\u011fcab\u0259did\u0259 14 ya\u015fl\u0131 q\u0131z\u0131n ana olmas\u0131 il\u0259 ba\u011fl\u0131 m\u0259hk\u0259m\u0259nin h\u00f6km\u00fcnd\u0259n apellyasiya \u015fikay\u0259ti verilib - MEYDAN.TV\" \/>\n<meta property=\"og:description\" content=\"M\u0259hk\u0259m\u0259nin t\u0259qsirl\u0259ndiril\u0259n \u015f\u0259xs\u0259 \u015f\u0259rti c\u0259za t\u0259yin etm\u0259si prokurorlu\u011fu naraz\u0131 sal\u0131b ... Davam\u0131\" \/>\n<meta property=\"og:url\" content=\"https:\/\/www.meydan.tv\/az\/article\/agcab%c9%99did%c9%99-14-yasli-qizin-ana-olmasi-il%c9%99-bagli-m%c9%99hk%c9%99m%c9%99nin-hokmund%c9%99n-apellyasiya-sikay%c9%99ti-verilib\/\" \/>\n<meta property=\"og:site_name\" content=\"MEYDAN.TV\" \/>\n<meta property=\"article:published_time\" content=\"2025-04-01T15:30:39+00:00\" \/>\n<meta property=\"article:modified_time\" content=\"2025-04-01T15:30:42+00:00\" \/>\n<meta property=\"og:image\" content=\"https:\/\/www.meydan.tv\/wp-content\/uploads\/7311d150-7d63-422c-b572-6b0c0fcc7a74.jpeg\" \/>\n\t<meta property=\"og:image:width\" content=\"1200\" \/>\n\t<meta property=\"og:image:height\" content=\"727\" \/>\n\t<meta property=\"og:image:type\" content=\"image\/jpeg\" \/>\n<meta name=\"author\" content=\"mahmud\" \/>\n<meta name=\"twitter:card\" content=\"summary_large_image\" \/>\n<script type=\"application\/ld+json\" class=\"yoast-schema-graph\">{\"@context\":\"https:\\\/\\\/schema.org\",\"@graph\":[{\"@type\":\"Article\",\"@id\":\"https:\\\/\\\/www.meydan.tv\\\/az\\\/article\\\/agcab%c9%99did%c9%99-14-yasli-qizin-ana-olmasi-il%c9%99-bagli-m%c9%99hk%c9%99m%c9%99nin-hokmund%c9%99n-apellyasiya-sikay%c9%99ti-verilib\\\/#article\",\"isPartOf\":{\"@id\":\"https:\\\/\\\/www.meydan.tv\\\/az\\\/article\\\/agcab%c9%99did%c9%99-14-yasli-qizin-ana-olmasi-il%c9%99-bagli-m%c9%99hk%c9%99m%c9%99nin-hokmund%c9%99n-apellyasiya-sikay%c9%99ti-verilib\\\/\"},\"author\":{\"name\":\"mahmud\",\"@id\":\"https:\\\/\\\/www.meydan.tv\\\/az\\\/#\\\/schema\\\/person\\\/09863e516102a829e72bedcf3f84c6b0\"},\"headline\":\"A\u011fcab\u0259did\u0259 14 ya\u015fl\u0131 q\u0131z\u0131n ana olmas\u0131 il\u0259 ba\u011fl\u0131 m\u0259hk\u0259m\u0259nin h\u00f6km\u00fcnd\u0259n apellyasiya \u015fikay\u0259ti verilib\",\"datePublished\":\"2025-04-01T15:30:39+00:00\",\"dateModified\":\"2025-04-01T15:30:42+00:00\",\"mainEntityOfPage\":{\"@id\":\"https:\\\/\\\/www.meydan.tv\\\/az\\\/article\\\/agcab%c9%99did%c9%99-14-yasli-qizin-ana-olmasi-il%c9%99-bagli-m%c9%99hk%c9%99m%c9%99nin-hokmund%c9%99n-apellyasiya-sikay%c9%99ti-verilib\\\/\"},\"wordCount\":619,\"publisher\":{\"@id\":\"https:\\\/\\\/www.meydan.tv\\\/az\\\/#organization\"},\"image\":{\"@id\":\"https:\\\/\\\/www.meydan.tv\\\/az\\\/article\\\/agcab%c9%99did%c9%99-14-yasli-qizin-ana-olmasi-il%c9%99-bagli-m%c9%99hk%c9%99m%c9%99nin-hokmund%c9%99n-apellyasiya-sikay%c9%99ti-verilib\\\/#primaryimage\"},\"thumbnailUrl\":\"https:\\\/\\\/www.meydan.tv\\\/wp-content\\\/uploads\\\/7311d150-7d63-422c-b572-6b0c0fcc7a74.jpeg\",\"articleSection\":[\"Sosial\",\"T\u00f6vsiy\u0259\",\"X\u0259b\u0259rl\u0259r\"],\"inLanguage\":\"az\"},{\"@type\":\"WebPage\",\"@id\":\"https:\\\/\\\/www.meydan.tv\\\/az\\\/article\\\/agcab%c9%99did%c9%99-14-yasli-qizin-ana-olmasi-il%c9%99-bagli-m%c9%99hk%c9%99m%c9%99nin-hokmund%c9%99n-apellyasiya-sikay%c9%99ti-verilib\\\/\",\"url\":\"https:\\\/\\\/www.meydan.tv\\\/az\\\/article\\\/agcab%c9%99did%c9%99-14-yasli-qizin-ana-olmasi-il%c9%99-bagli-m%c9%99hk%c9%99m%c9%99nin-hokmund%c9%99n-apellyasiya-sikay%c9%99ti-verilib\\\/\",\"name\":\"A\u011fcab\u0259did\u0259 14 ya\u015fl\u0131 q\u0131z\u0131n ana olmas\u0131 il\u0259 ba\u011fl\u0131 m\u0259hk\u0259m\u0259nin h\u00f6km\u00fcnd\u0259n apellyasiya \u015fikay\u0259ti verilib - MEYDAN.TV\",\"isPartOf\":{\"@id\":\"https:\\\/\\\/www.meydan.tv\\\/az\\\/#website\"},\"primaryImageOfPage\":{\"@id\":\"https:\\\/\\\/www.meydan.tv\\\/az\\\/article\\\/agcab%c9%99did%c9%99-14-yasli-qizin-ana-olmasi-il%c9%99-bagli-m%c9%99hk%c9%99m%c9%99nin-hokmund%c9%99n-apellyasiya-sikay%c9%99ti-verilib\\\/#primaryimage\"},\"image\":{\"@id\":\"https:\\\/\\\/www.meydan.tv\\\/az\\\/article\\\/agcab%c9%99did%c9%99-14-yasli-qizin-ana-olmasi-il%c9%99-bagli-m%c9%99hk%c9%99m%c9%99nin-hokmund%c9%99n-apellyasiya-sikay%c9%99ti-verilib\\\/#primaryimage\"},\"thumbnailUrl\":\"https:\\\/\\\/www.meydan.tv\\\/wp-content\\\/uploads\\\/7311d150-7d63-422c-b572-6b0c0fcc7a74.jpeg\",\"datePublished\":\"2025-04-01T15:30:39+00:00\",\"dateModified\":\"2025-04-01T15:30:42+00:00\",\"breadcrumb\":{\"@id\":\"https:\\\/\\\/www.meydan.tv\\\/az\\\/article\\\/agcab%c9%99did%c9%99-14-yasli-qizin-ana-olmasi-il%c9%99-bagli-m%c9%99hk%c9%99m%c9%99nin-hokmund%c9%99n-apellyasiya-sikay%c9%99ti-verilib\\\/#breadcrumb\"},\"inLanguage\":\"az\",\"potentialAction\":[{\"@type\":\"ReadAction\",\"target\":[\"https:\\\/\\\/www.meydan.tv\\\/az\\\/article\\\/agcab%c9%99did%c9%99-14-yasli-qizin-ana-olmasi-il%c9%99-bagli-m%c9%99hk%c9%99m%c9%99nin-hokmund%c9%99n-apellyasiya-sikay%c9%99ti-verilib\\\/\"]}]},{\"@type\":\"ImageObject\",\"inLanguage\":\"az\",\"@id\":\"https:\\\/\\\/www.meydan.tv\\\/az\\\/article\\\/agcab%c9%99did%c9%99-14-yasli-qizin-ana-olmasi-il%c9%99-bagli-m%c9%99hk%c9%99m%c9%99nin-hokmund%c9%99n-apellyasiya-sikay%c9%99ti-verilib\\\/#primaryimage\",\"url\":\"https:\\\/\\\/www.meydan.tv\\\/wp-content\\\/uploads\\\/7311d150-7d63-422c-b572-6b0c0fcc7a74.jpeg\",\"contentUrl\":\"https:\\\/\\\/www.meydan.tv\\\/wp-content\\\/uploads\\\/7311d150-7d63-422c-b572-6b0c0fcc7a74.jpeg\",\"width\":1200,\"height\":727,\"caption\":\"Azya\u015fl\u0131n\u0131n do\u011fumu. Foto: Meydan TV\"},{\"@type\":\"BreadcrumbList\",\"@id\":\"https:\\\/\\\/www.meydan.tv\\\/az\\\/article\\\/agcab%c9%99did%c9%99-14-yasli-qizin-ana-olmasi-il%c9%99-bagli-m%c9%99hk%c9%99m%c9%99nin-hokmund%c9%99n-apellyasiya-sikay%c9%99ti-verilib\\\/#breadcrumb\",\"itemListElement\":[{\"@type\":\"ListItem\",\"position\":1,\"name\":\"Ana s\u0259hif\u0259\",\"item\":\"https:\\\/\\\/www.meydan.tv\\\/az\\\/\"},{\"@type\":\"ListItem\",\"position\":2,\"name\":\"Sosial\",\"item\":\"https:\\\/\\\/www.meydan.tv\\\/az\\\/section\\\/sosial\\\/\"},{\"@type\":\"ListItem\",\"position\":3,\"name\":\"A\u011fcab\u0259did\u0259 14 ya\u015fl\u0131 q\u0131z\u0131n ana olmas\u0131 il\u0259 ba\u011fl\u0131 m\u0259hk\u0259m\u0259nin h\u00f6km\u00fcnd\u0259n apellyasiya \u015fikay\u0259ti verilib\"}]},{\"@type\":\"WebSite\",\"@id\":\"https:\\\/\\\/www.meydan.tv\\\/az\\\/#website\",\"url\":\"https:\\\/\\\/www.meydan.tv\\\/az\\\/\",\"name\":\"MEYDAN.TV\",\"description\":\"Meydan TV Az\u0259rbaycan\u0131n media m\u0259kan\u0131ndak\u0131 alternativ s\u0259sidir\",\"publisher\":{\"@id\":\"https:\\\/\\\/www.meydan.tv\\\/az\\\/#organization\"},\"potentialAction\":[{\"@type\":\"SearchAction\",\"target\":{\"@type\":\"EntryPoint\",\"urlTemplate\":\"https:\\\/\\\/www.meydan.tv\\\/az\\\/?s={search_term_string}\"},\"query-input\":{\"@type\":\"PropertyValueSpecification\",\"valueRequired\":true,\"valueName\":\"search_term_string\"}}],\"inLanguage\":\"az\"},{\"@type\":\"Organization\",\"@id\":\"https:\\\/\\\/www.meydan.tv\\\/az\\\/#organization\",\"name\":\"Meydan TV\",\"url\":\"https:\\\/\\\/www.meydan.tv\\\/az\\\/\",\"logo\":{\"@type\":\"ImageObject\",\"inLanguage\":\"az\",\"@id\":\"https:\\\/\\\/www.meydan.tv\\\/az\\\/#\\\/schema\\\/logo\\\/image\\\/\",\"url\":\"https:\\\/\\\/www.meydan.tv\\\/wp-content\\\/uploads\\\/2021\\\/07\\\/meydan-logo.svg\",\"contentUrl\":\"https:\\\/\\\/www.meydan.tv\\\/wp-content\\\/uploads\\\/2021\\\/07\\\/meydan-logo.svg\",\"width\":195,\"height\":46,\"caption\":\"Meydan TV\"},\"image\":{\"@id\":\"https:\\\/\\\/www.meydan.tv\\\/az\\\/#\\\/schema\\\/logo\\\/image\\\/\"}},{\"@type\":\"Person\",\"@id\":\"https:\\\/\\\/www.meydan.tv\\\/az\\\/#\\\/schema\\\/person\\\/09863e516102a829e72bedcf3f84c6b0\",\"name\":\"mahmud\"}]}<\/script>\n<!-- \/ Yoast SEO plugin. -->","yoast_head_json":{"title":"A\u011fcab\u0259did\u0259 14 ya\u015fl\u0131 q\u0131z\u0131n ana olmas\u0131 il\u0259 ba\u011fl\u0131 m\u0259hk\u0259m\u0259nin h\u00f6km\u00fcnd\u0259n apellyasiya \u015fikay\u0259ti verilib - MEYDAN.TV","robots":{"index":"index","follow":"follow","max-snippet":"max-snippet:-1","max-image-preview":"max-image-preview:large","max-video-preview":"max-video-preview:-1"},"canonical":"https:\/\/www.meydan.tv\/az\/article\/agcab%c9%99did%c9%99-14-yasli-qizin-ana-olmasi-il%c9%99-bagli-m%c9%99hk%c9%99m%c9%99nin-hokmund%c9%99n-apellyasiya-sikay%c9%99ti-verilib\/","og_locale":"az_AZ","og_type":"article","og_title":"A\u011fcab\u0259did\u0259 14 ya\u015fl\u0131 q\u0131z\u0131n ana olmas\u0131 il\u0259 ba\u011fl\u0131 m\u0259hk\u0259m\u0259nin h\u00f6km\u00fcnd\u0259n apellyasiya \u015fikay\u0259ti verilib - MEYDAN.TV","og_description":"M\u0259hk\u0259m\u0259nin t\u0259qsirl\u0259ndiril\u0259n \u015f\u0259xs\u0259 \u015f\u0259rti c\u0259za t\u0259yin etm\u0259si prokurorlu\u011fu naraz\u0131 sal\u0131b ... Davam\u0131","og_url":"https:\/\/www.meydan.tv\/az\/article\/agcab%c9%99did%c9%99-14-yasli-qizin-ana-olmasi-il%c9%99-bagli-m%c9%99hk%c9%99m%c9%99nin-hokmund%c9%99n-apellyasiya-sikay%c9%99ti-verilib\/","og_site_name":"MEYDAN.TV","article_published_time":"2025-04-01T15:30:39+00:00","article_modified_time":"2025-04-01T15:30:42+00:00","og_image":[{"width":1200,"height":727,"url":"https:\/\/www.meydan.tv\/wp-content\/uploads\/7311d150-7d63-422c-b572-6b0c0fcc7a74.jpeg","type":"image\/jpeg"}],"author":"mahmud","twitter_card":"summary_large_image","schema":{"@context":"https:\/\/schema.org","@graph":[{"@type":"Article","@id":"https:\/\/www.meydan.tv\/az\/article\/agcab%c9%99did%c9%99-14-yasli-qizin-ana-olmasi-il%c9%99-bagli-m%c9%99hk%c9%99m%c9%99nin-hokmund%c9%99n-apellyasiya-sikay%c9%99ti-verilib\/#article","isPartOf":{"@id":"https:\/\/www.meydan.tv\/az\/article\/agcab%c9%99did%c9%99-14-yasli-qizin-ana-olmasi-il%c9%99-bagli-m%c9%99hk%c9%99m%c9%99nin-hokmund%c9%99n-apellyasiya-sikay%c9%99ti-verilib\/"},"author":{"name":"mahmud","@id":"https:\/\/www.meydan.tv\/az\/#\/schema\/person\/09863e516102a829e72bedcf3f84c6b0"},"headline":"A\u011fcab\u0259did\u0259 14 ya\u015fl\u0131 q\u0131z\u0131n ana olmas\u0131 il\u0259 ba\u011fl\u0131 m\u0259hk\u0259m\u0259nin h\u00f6km\u00fcnd\u0259n apellyasiya \u015fikay\u0259ti verilib","datePublished":"2025-04-01T15:30:39+00:00","dateModified":"2025-04-01T15:30:42+00:00","mainEntityOfPage":{"@id":"https:\/\/www.meydan.tv\/az\/article\/agcab%c9%99did%c9%99-14-yasli-qizin-ana-olmasi-il%c9%99-bagli-m%c9%99hk%c9%99m%c9%99nin-hokmund%c9%99n-apellyasiya-sikay%c9%99ti-verilib\/"},"wordCount":619,"publisher":{"@id":"https:\/\/www.meydan.tv\/az\/#organization"},"image":{"@id":"https:\/\/www.meydan.tv\/az\/article\/agcab%c9%99did%c9%99-14-yasli-qizin-ana-olmasi-il%c9%99-bagli-m%c9%99hk%c9%99m%c9%99nin-hokmund%c9%99n-apellyasiya-sikay%c9%99ti-verilib\/#primaryimage"},"thumbnailUrl":"https:\/\/www.meydan.tv\/wp-content\/uploads\/7311d150-7d63-422c-b572-6b0c0fcc7a74.jpeg","articleSection":["Sosial","T\u00f6vsiy\u0259","X\u0259b\u0259rl\u0259r"],"inLanguage":"az"},{"@type":"WebPage","@id":"https:\/\/www.meydan.tv\/az\/article\/agcab%c9%99did%c9%99-14-yasli-qizin-ana-olmasi-il%c9%99-bagli-m%c9%99hk%c9%99m%c9%99nin-hokmund%c9%99n-apellyasiya-sikay%c9%99ti-verilib\/","url":"https:\/\/www.meydan.tv\/az\/article\/agcab%c9%99did%c9%99-14-yasli-qizin-ana-olmasi-il%c9%99-bagli-m%c9%99hk%c9%99m%c9%99nin-hokmund%c9%99n-apellyasiya-sikay%c9%99ti-verilib\/","name":"A\u011fcab\u0259did\u0259 14 ya\u015fl\u0131 q\u0131z\u0131n ana olmas\u0131 il\u0259 ba\u011fl\u0131 m\u0259hk\u0259m\u0259nin h\u00f6km\u00fcnd\u0259n apellyasiya \u015fikay\u0259ti verilib - MEYDAN.TV","isPartOf":{"@id":"https:\/\/www.meydan.tv\/az\/#website"},"primaryImageOfPage":{"@id":"https:\/\/www.meydan.tv\/az\/article\/agcab%c9%99did%c9%99-14-yasli-qizin-ana-olmasi-il%c9%99-bagli-m%c9%99hk%c9%99m%c9%99nin-hokmund%c9%99n-apellyasiya-sikay%c9%99ti-verilib\/#primaryimage"},"image":{"@id":"https:\/\/www.meydan.tv\/az\/article\/agcab%c9%99did%c9%99-14-yasli-qizin-ana-olmasi-il%c9%99-bagli-m%c9%99hk%c9%99m%c9%99nin-hokmund%c9%99n-apellyasiya-sikay%c9%99ti-verilib\/#primaryimage"},"thumbnailUrl":"https:\/\/www.meydan.tv\/wp-content\/uploads\/7311d150-7d63-422c-b572-6b0c0fcc7a74.jpeg","datePublished":"2025-04-01T15:30:39+00:00","dateModified":"2025-04-01T15:30:42+00:00","breadcrumb":{"@id":"https:\/\/www.meydan.tv\/az\/article\/agcab%c9%99did%c9%99-14-yasli-qizin-ana-olmasi-il%c9%99-bagli-m%c9%99hk%c9%99m%c9%99nin-hokmund%c9%99n-apellyasiya-sikay%c9%99ti-verilib\/#breadcrumb"},"inLanguage":"az","potentialAction":[{"@type":"ReadAction","target":["https:\/\/www.meydan.tv\/az\/article\/agcab%c9%99did%c9%99-14-yasli-qizin-ana-olmasi-il%c9%99-bagli-m%c9%99hk%c9%99m%c9%99nin-hokmund%c9%99n-apellyasiya-sikay%c9%99ti-verilib\/"]}]},{"@type":"ImageObject","inLanguage":"az","@id":"https:\/\/www.meydan.tv\/az\/article\/agcab%c9%99did%c9%99-14-yasli-qizin-ana-olmasi-il%c9%99-bagli-m%c9%99hk%c9%99m%c9%99nin-hokmund%c9%99n-apellyasiya-sikay%c9%99ti-verilib\/#primaryimage","url":"https:\/\/www.meydan.tv\/wp-content\/uploads\/7311d150-7d63-422c-b572-6b0c0fcc7a74.jpeg","contentUrl":"https:\/\/www.meydan.tv\/wp-content\/uploads\/7311d150-7d63-422c-b572-6b0c0fcc7a74.jpeg","width":1200,"height":727,"caption":"Azya\u015fl\u0131n\u0131n do\u011fumu. Foto: Meydan TV"},{"@type":"BreadcrumbList","@id":"https:\/\/www.meydan.tv\/az\/article\/agcab%c9%99did%c9%99-14-yasli-qizin-ana-olmasi-il%c9%99-bagli-m%c9%99hk%c9%99m%c9%99nin-hokmund%c9%99n-apellyasiya-sikay%c9%99ti-verilib\/#breadcrumb","itemListElement":[{"@type":"ListItem","position":1,"name":"Ana s\u0259hif\u0259","item":"https:\/\/www.meydan.tv\/az\/"},{"@type":"ListItem","position":2,"name":"Sosial","item":"https:\/\/www.meydan.tv\/az\/section\/sosial\/"},{"@type":"ListItem","position":3,"name":"A\u011fcab\u0259did\u0259 14 ya\u015fl\u0131 q\u0131z\u0131n ana olmas\u0131 il\u0259 ba\u011fl\u0131 m\u0259hk\u0259m\u0259nin h\u00f6km\u00fcnd\u0259n apellyasiya \u015fikay\u0259ti verilib"}]},{"@type":"WebSite","@id":"https:\/\/www.meydan.tv\/az\/#website","url":"https:\/\/www.meydan.tv\/az\/","name":"MEYDAN.TV","description":"Meydan TV Az\u0259rbaycan\u0131n media m\u0259kan\u0131ndak\u0131 alternativ s\u0259sidir","publisher":{"@id":"https:\/\/www.meydan.tv\/az\/#organization"},"potentialAction":[{"@type":"SearchAction","target":{"@type":"EntryPoint","urlTemplate":"https:\/\/www.meydan.tv\/az\/?s={search_term_string}"},"query-input":{"@type":"PropertyValueSpecification","valueRequired":true,"valueName":"search_term_string"}}],"inLanguage":"az"},{"@type":"Organization","@id":"https:\/\/www.meydan.tv\/az\/#organization","name":"Meydan TV","url":"https:\/\/www.meydan.tv\/az\/","logo":{"@type":"ImageObject","inLanguage":"az","@id":"https:\/\/www.meydan.tv\/az\/#\/schema\/logo\/image\/","url":"https:\/\/www.meydan.tv\/wp-content\/uploads\/2021\/07\/meydan-logo.svg","contentUrl":"https:\/\/www.meydan.tv\/wp-content\/uploads\/2021\/07\/meydan-logo.svg","width":195,"height":46,"caption":"Meydan TV"},"image":{"@id":"https:\/\/www.meydan.tv\/az\/#\/schema\/logo\/image\/"}},{"@type":"Person","@id":"https:\/\/www.meydan.tv\/az\/#\/schema\/person\/09863e516102a829e72bedcf3f84c6b0","name":"mahmud"}]}},"_links":{"self":[{"href":"https:\/\/www.meydan.tv\/az\/wp-json\/wp\/v2\/posts\/328250","targetHints":{"allow":["GET"]}}],"collection":[{"href":"https:\/\/www.meydan.tv\/az\/wp-json\/wp\/v2\/posts"}],"about":[{"href":"https:\/\/www.meydan.tv\/az\/wp-json\/wp\/v2\/types\/post"}],"author":[{"embeddable":true,"href":"https:\/\/www.meydan.tv\/az\/wp-json\/wp\/v2\/users\/21"}],"replies":[{"embeddable":true,"href":"https:\/\/www.meydan.tv\/az\/wp-json\/wp\/v2\/comments?post=328250"}],"version-history":[{"count":1,"href":"https:\/\/www.meydan.tv\/az\/wp-json\/wp\/v2\/posts\/328250\/revisions"}],"predecessor-version":[{"id":328251,"href":"https:\/\/www.meydan.tv\/az\/wp-json\/wp\/v2\/posts\/328250\/revisions\/328251"}],"wp:featuredmedia":[{"embeddable":true,"href":"https:\/\/www.meydan.tv\/az\/wp-json\/wp\/v2\/media\/255407"}],"wp:attachment":[{"href":"https:\/\/www.meydan.tv\/az\/wp-json\/wp\/v2\/media?parent=328250"}],"wp:term":[{"taxonomy":"category","embeddable":true,"href":"https:\/\/www.meydan.tv\/az\/wp-json\/wp\/v2\/categories?post=328250"},{"taxonomy":"post_tag","embeddable":true,"href":"https:\/\/www.meydan.tv\/az\/wp-json\/wp\/v2\/tags?post=328250"}],"curies":[{"name":"wp","href":"https:\/\/api.w.org\/{rel}","templated":true}]}}