{"id":328180,"date":"2025-03-31T14:18:24","date_gmt":"2025-03-31T10:18:24","guid":{"rendered":"https:\/\/www.meydan.tv\/?p=328180"},"modified":"2025-03-31T14:18:28","modified_gmt":"2025-03-31T10:18:28","slug":"tofiq-yaqublu-sabahdan-acliq-aksiyasina-baslayir","status":"publish","type":"post","link":"https:\/\/www.meydan.tv\/az\/article\/tofiq-yaqublu-sabahdan-acliq-aksiyasina-baslayir\/","title":{"rendered":"Tofiq Yaqublu sabahdan acl\u0131q aksiyas\u0131na ba\u015flay\u0131r"},"content":{"rendered":"\n<p><\/p>\n\n\n\n<p><strong><em>\u201cH\u0259r k\u0259s bilir ki, m\u0259n siyasi f\u0259aliyy\u0259tim\u0259 g\u00f6r\u0259 h\u0259bs olunmu\u015fam\u201d<\/em><\/strong><\/p>\n\n\n\n<p>Tofiq Yaqublu aprelin 1-d\u0259n acl\u0131\u011fa ba\u015flay\u0131r.<\/p>\n\n\n\n<p>Bununla ba\u011fl\u0131 q\u0131z\u0131 Nigar H\u0259zi \u00f6z\u00fcn\u00fcn \u201cFacebook\u201d hesab\u0131nda atas\u0131n\u0131n b\u0259yanat\u0131n\u0131 <a href=\"https:\/\/www.facebook.com\/nigar.yaqublu.3\/posts\/pfbid0gDBY6SLJsuhuE8E5bUAfLfED2hhFCoxLWPkfirV38UkXSCfbF6s2eUrf79u8UpU9l\" target=\"_blank\" rel=\"noreferrer noopener\">payla\u015f\u0131b<\/a>. \u00a0<\/p>\n\n\n\n<p><em>\u201cM\u0259n\u0259 qar\u015f\u0131 \u0259sass\u0131z, qanunsuz v\u0259 t\u0259rbiy\u0259siz 9 il azadl\u0131qdan m\u0259hrumetm\u0259 h\u00f6km\u00fcn\u0259 etiraz olaraq aprelin 1-d\u0259n acl\u0131q aksiyas\u0131na ba\u015flay\u0131ram. Bilir\u0259m ki, bu, \u00e7ox \u00e7\u0259tin olacaq, eyni zamanda bir \u00e7ox dostlar bu add\u0131m\u0131m\u0131 t\u0259qdir etmirl\u0259r. Bununla bel\u0259, m\u0259n bu add\u0131m\u0131 atmaqda q\u0259rarl\u0131yam. \u0130ndi 65 ya\u015f\u0131n i\u00e7ind\u0259y\u0259m. \u0130lham \u018fliyevin plan\u0131na g\u00f6r\u0259 m\u0259n h\u0259bsxanadan 74 ya\u015f\u0131nda \u00e7\u0131xmal\u0131yam. Ancaq m\u0259nim bu q\u0259d\u0259r ya\u015fayaca\u011f\u0131ma he\u00e7 bir z\u0259man\u0259t yoxdur. X\u00fcsusil\u0259 d\u0259 h\u0259bsxana \u015f\u0259raitind\u0259. Dig\u0259r t\u0259r\u0259fd\u0259n, he\u00e7 h\u0259bsxanada \u00f6lm\u0259s\u0259m bel\u0259, \u00f6mr\u00fcm\u00fcn son ill\u0259rini niy\u0259 h\u0259bsxanada ke\u00e7irm\u0259liy\u0259m? M\u0259n\u0259 qar\u015f\u0131 l\u0259yaq\u0259tsizc\u0259sin\u0259, \u015f\u0259r\u0259fsizc\u0259sin\u0259 \u015f\u0259r at\u0131l\u0131b v\u0259 saxta ittihamla qanunsuz olaraq h\u0259bsd\u0259 saxlan\u0131l\u0131ram. H\u0259r k\u0259s bilir ki, m\u0259n siyasi f\u0259aliyy\u0259tim\u0259 g\u00f6r\u0259 h\u0259bs olunmu\u015fam<\/em><em>\u201d.<\/em><\/p>\n\n\n\n<p>Tofiq Yaqublu \u00f6z\u00fcn\u00fc t\u0259yyar\u0259si vurulmu\u015f pilota b\u0259nz\u0259dib:<\/p>\n\n\n\n<p><em>\u201c\u0130ndi m\u0259n katapultu olmayan, t\u0259yyar\u0259si vurulmu\u015f h\u0259rbi pilot v\u0259ziyy\u0259tind\u0259y\u0259m. Onsuz da t\u0259yyar\u0259 me\u015f\u0259d\u0259, \u00e7\u00f6ld\u0259 v\u0259 ya da\u011fda d\u00fc\u015f\u0259c\u0259k. El\u0259 is\u0259 bunun sonu \u00f6l\u00fcmd\u00fcrs\u0259, vurulmu\u015f t\u0259yyar\u0259ni d\u00fc\u015fm\u0259nin h\u0259rbi bazas\u0131na \u00e7\u0131rpmaq daha do\u011fru olmazm\u0131? H\u0259min pilota 15-30 d\u0259qiq\u0259 art\u0131q ya\u015famaq n\u0259 ver\u0259c\u0259k ki? Ona g\u00f6r\u0259 d\u0259 h\u0259bsxanada \u00f6lm\u0259y\u0259 q\u0259rar verdim. \u00dcmid edir\u0259m ki, m\u0259nim h\u0259bsxanada \u00f6l\u00fcm\u00fcm beyn\u0259lxalq al\u0259min diqq\u0259tini Az\u0259rbaycana fokusla<\/em><em>nmas\u0131na v\u0259 cinay\u0259tkar \u018fliyev rejimin\u0259 daha ciddi t\u0259zyiql\u0259r g\u00f6st\u0259rm\u0259sin\u0259 s\u0259b\u0259b ola bil\u0259r. \u018fg\u0259r m\u0259n\u0259 d\u0259st\u0259k verm\u0259k ist\u0259yirsinizs\u0259, m\u0259hk\u0259m\u0259d\u0259 s\u00f6yl\u0259diyim son s\u00f6z\u00fcm\u00fc oxuyun v\u0259 onu t\u0259bli\u011f edin. Bununla h\u0259m sizin, h\u0259m d\u0259 dig\u0259rl\u0259rinin \u018fliyev rejiminin m\u0259hk\u0259m\u0259 sistemini t\u0259nqid v\u0259 if\u015fa etm\u0259k \u00fc\u00e7\u00fcn son d\u0259r\u0259c\u0259 g\u00fccl\u00fc v\u0259 t\u0259kzibedilm\u0259z arqument v\u0259 s\u00fcbutlar\u0131n\u0131z olacaq<\/em><em>\u201d.<\/em><\/p>\n\n\n\n<p><em>\u201cYa\u015fas\u0131n demokratiya v\u0259 azadl\u0131q! Sizl\u0259ri \u00e7ox sevir\u0259m!\u201d<\/em><em>&#8211; <\/em>Tofiq Yaqublu fikrini bel\u0259 yekunla\u015fd\u0131r\u0131b.<\/p>\n\n\n\n<p>Tofiq Yaqublu 2023-c\u00fc il dekabr\u0131n 14-d\u0259 h\u0259bs edilib. Ona qar\u015f\u0131 Cinay\u0259t M\u0259c\u0259ll\u0259sinin 178.3.2-ci (D\u0259l\u0259duzluq \u2013 k\u00fclli miqdarda ziyan vurmaqla t\u00f6r\u0259dildikd\u0259), 320-ci (R\u0259smi s\u0259n\u0259dl\u0259ri, d\u00f6vl\u0259t t\u0259ltifl\u0259rini, m\u00f6h\u00fcrl\u0259ri, \u015ftamplar\u0131, blanklar\u0131 saxtala\u015fd\u0131rma, qanunsuz haz\u0131rlama, satma v\u0259 ya saxta s\u0259n\u0259dl\u0259rd\u0259n istifad\u0259 etm\u0259), 320.1-ci (H\u00fcquq ver\u0259n v\u0259 ya v\u0259zif\u0259d\u0259n azad ed\u0259n v\u0259siq\u0259ni v\u0259 ya dig\u0259r r\u0259smi s\u0259n\u0259di istifad\u0259 etm\u0259k m\u0259qs\u0259di il\u0259 saxtala\u015fd\u0131rma v\u0259 ya qanunsuz haz\u0131rlama, yaxud bu c\u00fcr s\u0259n\u0259di satma, habel\u0259 eyni m\u0259qs\u0259dl\u0259 Az\u0259rbaycan Respublikas\u0131n\u0131n saxta d\u00f6vl\u0259t t\u0259ltifini, \u015ftamp\u0131, m\u00f6h\u00fcr\u00fc, blank\u0131 haz\u0131rlama v\u0259 ya satma) v\u0259 320.2-ci (Bu M\u0259c\u0259ll\u0259nin 320.1-ci madd\u0259sind\u0259 g\u00f6st\u0259rilmi\u015f bil\u0259-bil\u0259 saxta s\u0259n\u0259dl\u0259rd\u0259n istifad\u0259 etm\u0259) madd\u0259l\u0259ri il\u0259 ittiham ir\u0259li s\u00fcr\u00fcl\u00fcb.<\/p>\n\n\n\n<p>\u0130ttihama g\u00f6r\u0259, El\u015f\u0259n H\u00fcseynov adl\u0131 \u015f\u0259xsin Almaniyaya gedib, orada v\u0259t\u0259nda\u015fl\u0131q almas\u0131 \u00fc\u00e7\u00fcn Elnur M\u0259mm\u0259dov vasit\u0259sil\u0259 Tofiq Yaqubluya 25 min avro v\u0259 10 min manat pul verilib.<\/p>\n\n\n\n<p>Tofiq Yaqublu is\u0259 bu ittiham\u0131n saxta oldu\u011funu he\u00e7 kimd\u0259n bir manat da pul almad\u0131\u011f\u0131n\u0131 bildirir.<\/p>\n\n\n\n<p>Siyas\u0259t\u00e7i El\u015f\u0259n H\u00fcseynov v\u0259 ya Elnur M\u0259mm\u0259dovla bu haqda bel\u0259 bir s\u00f6hb\u0259tinin olmad\u0131\u011f\u0131n\u0131 deyir.<\/p>\n\n\n\n<p>Onlar\u0131n t\u0259xribat m\u0259qs\u0259dil\u0259 bu i\u015f\u0259 c\u0259lb edildiyini bildirir.<\/p>\n\n\n\n<p>Tofiq Yaqublu siyasi f\u0259aliyy\u0259ti d\u00f6vr\u00fcnd\u0259 bir ne\u00e7\u0259 d\u0259f\u0259 inzibati v\u0259 uzunm\u00fcdd\u0259tli h\u0259bsd\u0259 olub.<\/p>\n\n\n\n<p>O, 2013-c\u00fc ild\u0259 \u0130smay\u0131ll\u0131da etirazlar\u0131n t\u0259\u015fkilind\u0259 ittiham olunaraq h\u0259bs edilib. 5 il azadl\u0131qdan m\u0259hrum edil\u0259n siyas\u0259t\u00e7i 2017-ci ild\u0259 \u0259fv s\u0259r\u0259ncam\u0131yla azadl\u0131\u011fa burax\u0131l\u0131b. O, daha sonra 2020-ci il mart\u0131n 22-d\u0259 xuliqanl\u0131q ittiham\u0131yla h\u0259bs olunub. \u0130ddia olunurdu ki, o, \u201c8-ci kilometr bazar\u0131\u201dn\u0131n yan\u0131nda avtomobil q\u0259zas\u0131 t\u00f6r\u0259dib, daha sonra dig\u0259r avtomobilin s\u00fcr\u00fcc\u00fcs\u00fcn\u00fc v\u0259 onun h\u0259yat yolda\u015f\u0131n\u0131 t\u0259hqir edib, onlara x\u0259sar\u0259t yetirib. Bu d\u0259f\u0259 Nizami rayon M\u0259hk\u0259m\u0259sinin h\u00f6km\u00fcyl\u0259 4 il 3 ay azadl\u0131qdan m\u0259hrum edilib.<\/p>\n\n\n\n<p>H\u00f6kmd\u0259n d\u0259rhal sonra \u2013 2 sentyabr 2020-ci ild\u0259 m\u0259hk\u0259m\u0259 \u0259dal\u0259tsizliyin\u0259 etiraz olaraq acl\u0131\u011fa ba\u015flad\u0131\u011f\u0131n\u0131 b\u0259yan ed\u0259n Tofiq Yaqublu bu aksiyan\u0131 17 g\u00fcn davam etdirib. Onun v\u0259ziyy\u0259ti pisl\u0259\u015fdiyin\u0259 g\u00f6r\u0259 istintaq t\u0259cridxanas\u0131ndan klinikaya k\u00f6\u00e7\u00fcr\u00fcl\u00fcb. Sentyabr\u0131n 18-d\u0259 Bak\u0131 Apelyasiya M\u0259hk\u0259m\u0259sinin q\u0259rar\u0131yla o, ev dustaql\u0131\u011f\u0131na burax\u0131l\u0131b. 2021-ci il iyulun 15-d\u0259 Bak\u0131 Apelyasiya M\u0259hk\u0259m\u0259si 4 il 3 ayl\u0131q h\u0259bs h\u00f6km\u00fcn\u00fc \u015f\u0259rti c\u0259za il\u0259 \u0259v\u0259zl\u0259yib.<\/p>\n\n\n\n<p>2025-ci il mart\u0131n 10-da Bak\u0131 A\u011f\u0131r Cinay\u0259tl\u0259r M\u0259hk\u0259m\u0259si Tofiq Yaqublunu 9 il azadl\u0131qdan m\u0259hrum edib.<\/p>\n","protected":false},"excerpt":{"rendered":"<p>\u201cH\u0259r k\u0259s bilir ki, m\u0259n siyasi f\u0259aliyy\u0259tim\u0259 g\u00f6r\u0259 h\u0259bs olunmu\u015fam\u201d &#8230; <\/p>\n<p class=\"read-more-container\"><a title=\"Tofiq Yaqublu sabahdan acl\u0131q aksiyas\u0131na ba\u015flay\u0131r\" class=\"read-more button\" href=\"https:\/\/www.meydan.tv\/az\/article\/tofiq-yaqublu-sabahdan-acliq-aksiyasina-baslayir\/#more-328180\" aria-label=\"Read more about Tofiq Yaqublu sabahdan acl\u0131q aksiyas\u0131na ba\u015flay\u0131r\">Davam\u0131<\/a><\/p>\n","protected":false},"author":21,"featured_media":327588,"comment_status":"closed","ping_status":"closed","sticky":false,"template":"","format":"standard","meta":{"_acf_changed":false,"_sitemap_exclude":false,"_sitemap_priority":"","_sitemap_frequency":"","footnotes":""},"categories":[59,79,56],"tags":[],"class_list":["post-328180","post","type-post","status-publish","format-standard","has-post-thumbnail","hentry","category-siyaset","category-featured","category-xeberler","infinite-scroll-item","generate-columns","tablet-grid-50","mobile-grid-100","grid-parent","grid-33","no-featured-image-padding"],"acf":[],"yoast_head":"<!-- This site is optimized with the Yoast SEO plugin v27.5 - https:\/\/yoast.com\/product\/yoast-seo-wordpress\/ -->\n<title>Tofiq Yaqublu sabahdan acl\u0131q aksiyas\u0131na ba\u015flay\u0131r - MEYDAN.TV<\/title>\n<meta name=\"robots\" content=\"index, follow, max-snippet:-1, max-image-preview:large, max-video-preview:-1\" \/>\n<link rel=\"canonical\" href=\"https:\/\/www.meydan.tv\/az\/article\/tofiq-yaqublu-sabahdan-acliq-aksiyasina-baslayir\/\" \/>\n<meta property=\"og:locale\" content=\"az_AZ\" \/>\n<meta property=\"og:type\" content=\"article\" \/>\n<meta property=\"og:title\" content=\"Tofiq Yaqublu sabahdan acl\u0131q aksiyas\u0131na ba\u015flay\u0131r - MEYDAN.TV\" \/>\n<meta property=\"og:description\" content=\"\u201cH\u0259r k\u0259s bilir ki, m\u0259n siyasi f\u0259aliyy\u0259tim\u0259 g\u00f6r\u0259 h\u0259bs olunmu\u015fam\u201d ... Davam\u0131\" \/>\n<meta property=\"og:url\" content=\"https:\/\/www.meydan.tv\/az\/article\/tofiq-yaqublu-sabahdan-acliq-aksiyasina-baslayir\/\" \/>\n<meta property=\"og:site_name\" content=\"MEYDAN.TV\" \/>\n<meta property=\"article:published_time\" content=\"2025-03-31T10:18:24+00:00\" \/>\n<meta property=\"article:modified_time\" content=\"2025-03-31T10:18:28+00:00\" \/>\n<meta property=\"og:image\" content=\"https:\/\/www.meydan.tv\/wp-content\/uploads\/img_9510-e1674401110384-1.jpg\" \/>\n\t<meta property=\"og:image:width\" content=\"1200\" \/>\n\t<meta property=\"og:image:height\" content=\"564\" \/>\n\t<meta property=\"og:image:type\" content=\"image\/jpeg\" \/>\n<meta name=\"author\" content=\"mahmud\" \/>\n<meta name=\"twitter:card\" content=\"summary_large_image\" \/>\n<script type=\"application\/ld+json\" class=\"yoast-schema-graph\">{\"@context\":\"https:\\\/\\\/schema.org\",\"@graph\":[{\"@type\":\"Article\",\"@id\":\"https:\\\/\\\/www.meydan.tv\\\/az\\\/article\\\/tofiq-yaqublu-sabahdan-acliq-aksiyasina-baslayir\\\/#article\",\"isPartOf\":{\"@id\":\"https:\\\/\\\/www.meydan.tv\\\/az\\\/article\\\/tofiq-yaqublu-sabahdan-acliq-aksiyasina-baslayir\\\/\"},\"author\":{\"name\":\"mahmud\",\"@id\":\"https:\\\/\\\/www.meydan.tv\\\/az\\\/#\\\/schema\\\/person\\\/09863e516102a829e72bedcf3f84c6b0\"},\"headline\":\"Tofiq Yaqublu sabahdan acl\u0131q aksiyas\u0131na ba\u015flay\u0131r\",\"datePublished\":\"2025-03-31T10:18:24+00:00\",\"dateModified\":\"2025-03-31T10:18:28+00:00\",\"mainEntityOfPage\":{\"@id\":\"https:\\\/\\\/www.meydan.tv\\\/az\\\/article\\\/tofiq-yaqublu-sabahdan-acliq-aksiyasina-baslayir\\\/\"},\"wordCount\":970,\"publisher\":{\"@id\":\"https:\\\/\\\/www.meydan.tv\\\/az\\\/#organization\"},\"image\":{\"@id\":\"https:\\\/\\\/www.meydan.tv\\\/az\\\/article\\\/tofiq-yaqublu-sabahdan-acliq-aksiyasina-baslayir\\\/#primaryimage\"},\"thumbnailUrl\":\"https:\\\/\\\/www.meydan.tv\\\/wp-content\\\/uploads\\\/img_9510-e1674401110384-1.jpg\",\"articleSection\":[\"Siyas\u0259t\",\"T\u00f6vsiy\u0259\",\"X\u0259b\u0259rl\u0259r\"],\"inLanguage\":\"az\"},{\"@type\":\"WebPage\",\"@id\":\"https:\\\/\\\/www.meydan.tv\\\/az\\\/article\\\/tofiq-yaqublu-sabahdan-acliq-aksiyasina-baslayir\\\/\",\"url\":\"https:\\\/\\\/www.meydan.tv\\\/az\\\/article\\\/tofiq-yaqublu-sabahdan-acliq-aksiyasina-baslayir\\\/\",\"name\":\"Tofiq Yaqublu sabahdan acl\u0131q aksiyas\u0131na ba\u015flay\u0131r - MEYDAN.TV\",\"isPartOf\":{\"@id\":\"https:\\\/\\\/www.meydan.tv\\\/az\\\/#website\"},\"primaryImageOfPage\":{\"@id\":\"https:\\\/\\\/www.meydan.tv\\\/az\\\/article\\\/tofiq-yaqublu-sabahdan-acliq-aksiyasina-baslayir\\\/#primaryimage\"},\"image\":{\"@id\":\"https:\\\/\\\/www.meydan.tv\\\/az\\\/article\\\/tofiq-yaqublu-sabahdan-acliq-aksiyasina-baslayir\\\/#primaryimage\"},\"thumbnailUrl\":\"https:\\\/\\\/www.meydan.tv\\\/wp-content\\\/uploads\\\/img_9510-e1674401110384-1.jpg\",\"datePublished\":\"2025-03-31T10:18:24+00:00\",\"dateModified\":\"2025-03-31T10:18:28+00:00\",\"breadcrumb\":{\"@id\":\"https:\\\/\\\/www.meydan.tv\\\/az\\\/article\\\/tofiq-yaqublu-sabahdan-acliq-aksiyasina-baslayir\\\/#breadcrumb\"},\"inLanguage\":\"az\",\"potentialAction\":[{\"@type\":\"ReadAction\",\"target\":[\"https:\\\/\\\/www.meydan.tv\\\/az\\\/article\\\/tofiq-yaqublu-sabahdan-acliq-aksiyasina-baslayir\\\/\"]}]},{\"@type\":\"ImageObject\",\"inLanguage\":\"az\",\"@id\":\"https:\\\/\\\/www.meydan.tv\\\/az\\\/article\\\/tofiq-yaqublu-sabahdan-acliq-aksiyasina-baslayir\\\/#primaryimage\",\"url\":\"https:\\\/\\\/www.meydan.tv\\\/wp-content\\\/uploads\\\/img_9510-e1674401110384-1.jpg\",\"contentUrl\":\"https:\\\/\\\/www.meydan.tv\\\/wp-content\\\/uploads\\\/img_9510-e1674401110384-1.jpg\",\"width\":1200,\"height\":564,\"caption\":\"Tofig Yaguplu, Illustration: Meydan TV\"},{\"@type\":\"BreadcrumbList\",\"@id\":\"https:\\\/\\\/www.meydan.tv\\\/az\\\/article\\\/tofiq-yaqublu-sabahdan-acliq-aksiyasina-baslayir\\\/#breadcrumb\",\"itemListElement\":[{\"@type\":\"ListItem\",\"position\":1,\"name\":\"Ana s\u0259hif\u0259\",\"item\":\"https:\\\/\\\/www.meydan.tv\\\/az\\\/\"},{\"@type\":\"ListItem\",\"position\":2,\"name\":\"Siyas\u0259t\",\"item\":\"https:\\\/\\\/www.meydan.tv\\\/az\\\/section\\\/siyaset\\\/\"},{\"@type\":\"ListItem\",\"position\":3,\"name\":\"Tofiq Yaqublu sabahdan acl\u0131q aksiyas\u0131na ba\u015flay\u0131r\"}]},{\"@type\":\"WebSite\",\"@id\":\"https:\\\/\\\/www.meydan.tv\\\/az\\\/#website\",\"url\":\"https:\\\/\\\/www.meydan.tv\\\/az\\\/\",\"name\":\"MEYDAN.TV\",\"description\":\"Meydan TV Az\u0259rbaycan\u0131n media m\u0259kan\u0131ndak\u0131 alternativ s\u0259sidir\",\"publisher\":{\"@id\":\"https:\\\/\\\/www.meydan.tv\\\/az\\\/#organization\"},\"potentialAction\":[{\"@type\":\"SearchAction\",\"target\":{\"@type\":\"EntryPoint\",\"urlTemplate\":\"https:\\\/\\\/www.meydan.tv\\\/az\\\/?s={search_term_string}\"},\"query-input\":{\"@type\":\"PropertyValueSpecification\",\"valueRequired\":true,\"valueName\":\"search_term_string\"}}],\"inLanguage\":\"az\"},{\"@type\":\"Organization\",\"@id\":\"https:\\\/\\\/www.meydan.tv\\\/az\\\/#organization\",\"name\":\"Meydan TV\",\"url\":\"https:\\\/\\\/www.meydan.tv\\\/az\\\/\",\"logo\":{\"@type\":\"ImageObject\",\"inLanguage\":\"az\",\"@id\":\"https:\\\/\\\/www.meydan.tv\\\/az\\\/#\\\/schema\\\/logo\\\/image\\\/\",\"url\":\"https:\\\/\\\/www.meydan.tv\\\/wp-content\\\/uploads\\\/2021\\\/07\\\/meydan-logo.svg\",\"contentUrl\":\"https:\\\/\\\/www.meydan.tv\\\/wp-content\\\/uploads\\\/2021\\\/07\\\/meydan-logo.svg\",\"width\":195,\"height\":46,\"caption\":\"Meydan TV\"},\"image\":{\"@id\":\"https:\\\/\\\/www.meydan.tv\\\/az\\\/#\\\/schema\\\/logo\\\/image\\\/\"}},{\"@type\":\"Person\",\"@id\":\"https:\\\/\\\/www.meydan.tv\\\/az\\\/#\\\/schema\\\/person\\\/09863e516102a829e72bedcf3f84c6b0\",\"name\":\"mahmud\"}]}<\/script>\n<!-- \/ Yoast SEO plugin. -->","yoast_head_json":{"title":"Tofiq Yaqublu sabahdan acl\u0131q aksiyas\u0131na ba\u015flay\u0131r - MEYDAN.TV","robots":{"index":"index","follow":"follow","max-snippet":"max-snippet:-1","max-image-preview":"max-image-preview:large","max-video-preview":"max-video-preview:-1"},"canonical":"https:\/\/www.meydan.tv\/az\/article\/tofiq-yaqublu-sabahdan-acliq-aksiyasina-baslayir\/","og_locale":"az_AZ","og_type":"article","og_title":"Tofiq Yaqublu sabahdan acl\u0131q aksiyas\u0131na ba\u015flay\u0131r - MEYDAN.TV","og_description":"\u201cH\u0259r k\u0259s bilir ki, m\u0259n siyasi f\u0259aliyy\u0259tim\u0259 g\u00f6r\u0259 h\u0259bs olunmu\u015fam\u201d ... Davam\u0131","og_url":"https:\/\/www.meydan.tv\/az\/article\/tofiq-yaqublu-sabahdan-acliq-aksiyasina-baslayir\/","og_site_name":"MEYDAN.TV","article_published_time":"2025-03-31T10:18:24+00:00","article_modified_time":"2025-03-31T10:18:28+00:00","og_image":[{"width":1200,"height":564,"url":"https:\/\/www.meydan.tv\/wp-content\/uploads\/img_9510-e1674401110384-1.jpg","type":"image\/jpeg"}],"author":"mahmud","twitter_card":"summary_large_image","schema":{"@context":"https:\/\/schema.org","@graph":[{"@type":"Article","@id":"https:\/\/www.meydan.tv\/az\/article\/tofiq-yaqublu-sabahdan-acliq-aksiyasina-baslayir\/#article","isPartOf":{"@id":"https:\/\/www.meydan.tv\/az\/article\/tofiq-yaqublu-sabahdan-acliq-aksiyasina-baslayir\/"},"author":{"name":"mahmud","@id":"https:\/\/www.meydan.tv\/az\/#\/schema\/person\/09863e516102a829e72bedcf3f84c6b0"},"headline":"Tofiq Yaqublu sabahdan acl\u0131q aksiyas\u0131na ba\u015flay\u0131r","datePublished":"2025-03-31T10:18:24+00:00","dateModified":"2025-03-31T10:18:28+00:00","mainEntityOfPage":{"@id":"https:\/\/www.meydan.tv\/az\/article\/tofiq-yaqublu-sabahdan-acliq-aksiyasina-baslayir\/"},"wordCount":970,"publisher":{"@id":"https:\/\/www.meydan.tv\/az\/#organization"},"image":{"@id":"https:\/\/www.meydan.tv\/az\/article\/tofiq-yaqublu-sabahdan-acliq-aksiyasina-baslayir\/#primaryimage"},"thumbnailUrl":"https:\/\/www.meydan.tv\/wp-content\/uploads\/img_9510-e1674401110384-1.jpg","articleSection":["Siyas\u0259t","T\u00f6vsiy\u0259","X\u0259b\u0259rl\u0259r"],"inLanguage":"az"},{"@type":"WebPage","@id":"https:\/\/www.meydan.tv\/az\/article\/tofiq-yaqublu-sabahdan-acliq-aksiyasina-baslayir\/","url":"https:\/\/www.meydan.tv\/az\/article\/tofiq-yaqublu-sabahdan-acliq-aksiyasina-baslayir\/","name":"Tofiq Yaqublu sabahdan acl\u0131q aksiyas\u0131na ba\u015flay\u0131r - MEYDAN.TV","isPartOf":{"@id":"https:\/\/www.meydan.tv\/az\/#website"},"primaryImageOfPage":{"@id":"https:\/\/www.meydan.tv\/az\/article\/tofiq-yaqublu-sabahdan-acliq-aksiyasina-baslayir\/#primaryimage"},"image":{"@id":"https:\/\/www.meydan.tv\/az\/article\/tofiq-yaqublu-sabahdan-acliq-aksiyasina-baslayir\/#primaryimage"},"thumbnailUrl":"https:\/\/www.meydan.tv\/wp-content\/uploads\/img_9510-e1674401110384-1.jpg","datePublished":"2025-03-31T10:18:24+00:00","dateModified":"2025-03-31T10:18:28+00:00","breadcrumb":{"@id":"https:\/\/www.meydan.tv\/az\/article\/tofiq-yaqublu-sabahdan-acliq-aksiyasina-baslayir\/#breadcrumb"},"inLanguage":"az","potentialAction":[{"@type":"ReadAction","target":["https:\/\/www.meydan.tv\/az\/article\/tofiq-yaqublu-sabahdan-acliq-aksiyasina-baslayir\/"]}]},{"@type":"ImageObject","inLanguage":"az","@id":"https:\/\/www.meydan.tv\/az\/article\/tofiq-yaqublu-sabahdan-acliq-aksiyasina-baslayir\/#primaryimage","url":"https:\/\/www.meydan.tv\/wp-content\/uploads\/img_9510-e1674401110384-1.jpg","contentUrl":"https:\/\/www.meydan.tv\/wp-content\/uploads\/img_9510-e1674401110384-1.jpg","width":1200,"height":564,"caption":"Tofig Yaguplu, Illustration: Meydan TV"},{"@type":"BreadcrumbList","@id":"https:\/\/www.meydan.tv\/az\/article\/tofiq-yaqublu-sabahdan-acliq-aksiyasina-baslayir\/#breadcrumb","itemListElement":[{"@type":"ListItem","position":1,"name":"Ana s\u0259hif\u0259","item":"https:\/\/www.meydan.tv\/az\/"},{"@type":"ListItem","position":2,"name":"Siyas\u0259t","item":"https:\/\/www.meydan.tv\/az\/section\/siyaset\/"},{"@type":"ListItem","position":3,"name":"Tofiq Yaqublu sabahdan acl\u0131q aksiyas\u0131na ba\u015flay\u0131r"}]},{"@type":"WebSite","@id":"https:\/\/www.meydan.tv\/az\/#website","url":"https:\/\/www.meydan.tv\/az\/","name":"MEYDAN.TV","description":"Meydan TV Az\u0259rbaycan\u0131n media m\u0259kan\u0131ndak\u0131 alternativ s\u0259sidir","publisher":{"@id":"https:\/\/www.meydan.tv\/az\/#organization"},"potentialAction":[{"@type":"SearchAction","target":{"@type":"EntryPoint","urlTemplate":"https:\/\/www.meydan.tv\/az\/?s={search_term_string}"},"query-input":{"@type":"PropertyValueSpecification","valueRequired":true,"valueName":"search_term_string"}}],"inLanguage":"az"},{"@type":"Organization","@id":"https:\/\/www.meydan.tv\/az\/#organization","name":"Meydan TV","url":"https:\/\/www.meydan.tv\/az\/","logo":{"@type":"ImageObject","inLanguage":"az","@id":"https:\/\/www.meydan.tv\/az\/#\/schema\/logo\/image\/","url":"https:\/\/www.meydan.tv\/wp-content\/uploads\/2021\/07\/meydan-logo.svg","contentUrl":"https:\/\/www.meydan.tv\/wp-content\/uploads\/2021\/07\/meydan-logo.svg","width":195,"height":46,"caption":"Meydan TV"},"image":{"@id":"https:\/\/www.meydan.tv\/az\/#\/schema\/logo\/image\/"}},{"@type":"Person","@id":"https:\/\/www.meydan.tv\/az\/#\/schema\/person\/09863e516102a829e72bedcf3f84c6b0","name":"mahmud"}]}},"_links":{"self":[{"href":"https:\/\/www.meydan.tv\/az\/wp-json\/wp\/v2\/posts\/328180","targetHints":{"allow":["GET"]}}],"collection":[{"href":"https:\/\/www.meydan.tv\/az\/wp-json\/wp\/v2\/posts"}],"about":[{"href":"https:\/\/www.meydan.tv\/az\/wp-json\/wp\/v2\/types\/post"}],"author":[{"embeddable":true,"href":"https:\/\/www.meydan.tv\/az\/wp-json\/wp\/v2\/users\/21"}],"replies":[{"embeddable":true,"href":"https:\/\/www.meydan.tv\/az\/wp-json\/wp\/v2\/comments?post=328180"}],"version-history":[{"count":1,"href":"https:\/\/www.meydan.tv\/az\/wp-json\/wp\/v2\/posts\/328180\/revisions"}],"predecessor-version":[{"id":328181,"href":"https:\/\/www.meydan.tv\/az\/wp-json\/wp\/v2\/posts\/328180\/revisions\/328181"}],"wp:featuredmedia":[{"embeddable":true,"href":"https:\/\/www.meydan.tv\/az\/wp-json\/wp\/v2\/media\/327588"}],"wp:attachment":[{"href":"https:\/\/www.meydan.tv\/az\/wp-json\/wp\/v2\/media?parent=328180"}],"wp:term":[{"taxonomy":"category","embeddable":true,"href":"https:\/\/www.meydan.tv\/az\/wp-json\/wp\/v2\/categories?post=328180"},{"taxonomy":"post_tag","embeddable":true,"href":"https:\/\/www.meydan.tv\/az\/wp-json\/wp\/v2\/tags?post=328180"}],"curies":[{"name":"wp","href":"https:\/\/api.w.org\/{rel}","templated":true}]}}