{"id":328135,"date":"2025-03-29T10:40:32","date_gmt":"2025-03-29T06:40:32","guid":{"rendered":"https:\/\/www.meydan.tv\/?p=328135"},"modified":"2025-03-29T10:40:35","modified_gmt":"2025-03-29T06:40:35","slug":"gurcustanda-100-kilometrlik-etiraz-yurusu-baslayib","status":"publish","type":"post","link":"https:\/\/www.meydan.tv\/az\/article\/gurcustanda-100-kilometrlik-etiraz-yurusu-baslayib\/","title":{"rendered":"G\u00fcrc\u00fcstanda 100-kilometrlik etiraz y\u00fcr\u00fc\u015f\u00fc ba\u015flay\u0131b"},"content":{"rendered":"\n<p><strong><em>Y\u00fcr\u00fc\u015f i\u015ftirak\u00e7\u0131lar\u0131n\u0131n t\u0259l\u0259bl\u0259ri: yeni parlament se\u00e7kil\u0259rinin ke\u00e7irilm\u0259si v\u0259 rejim m\u0259hbuslar\u0131n\u0131n azadl\u0131\u011fa burax\u0131lmas\u0131<\/em><\/strong><\/p>\n\n\n\n<p>Bu g\u00fcn, mart\u0131n 29-da G\u00fcrc\u00fcstan\u0131n Dmanisi rayonunda \u201cYeni se\u00e7kil\u0259r t\u0259l\u0259b edirik!\u201d \u015f\u00fcar\u0131 alt\u0131nda 100 kilometrlik y\u00fcr\u00fc\u015f ba\u015flay\u0131b.<\/p>\n\n\n\n<p>Etiraz\u00e7\u0131lar \u00fc\u00e7 g\u00fcn \u0259rzind\u0259 Dmanisi, Bolnisi v\u0259 Marneulid\u0259n ke\u00e7ib, mart\u0131n 31-d\u0259 Tbilisid\u0259, Rustaveli prospektind\u0259 y\u00fcr\u00fc\u015f\u00fc bitirm\u0259yi planla\u015fd\u0131r\u0131rlar.<\/p>\n\n\n\n<p><em>\u201c100 kilometrlik m\u0259saf\u0259d\u0259 4 \u015f\u0259h\u0259rd\u0259n, 20-y\u0259 q\u0259d\u0259r k\u0259ndd\u0259n ke\u00e7\u0259c\u0259k v\u0259 h\u0259r bir evin, darvazan\u0131n yan\u0131nda -Ey G\u00fcrc\u00fcstan aya\u011fa qalx! \u018fdal\u0259tsizliy\u0259 qar\u015f\u0131 \u00fcsyan et! &#8211; dey\u0259c\u0259yik&#8221;,<\/em> &#8211; y\u00fcr\u00fc\u015f i\u015ftirak\u00e7\u0131lar\u0131n\u0131n b\u0259yanat\u0131nda <a href=\"https:\/\/www.facebook.com\/meetingplacecitydmanisi\/posts\/pfbid0TD5uXJyCxwx45S4NPgHZUXiaSafrTo2kpwtGmRHKj6BxuPNVdbLmbmqAdhGP8Stsl?rdid=zHxT5THWzvE3oUrz#\" target=\"_blank\" rel=\"noreferrer noopener\">deyilir<\/a>.<\/p>\n\n\n\n<p>Y\u00fcr\u00fc\u015f i\u015ftirak\u00e7\u0131lar\u0131n\u0131n t\u0259l\u0259bl\u0259ri: yeni parlament se\u00e7kil\u0259rinin ke\u00e7irilm\u0259si v\u0259 rejim m\u0259hbuslar\u0131n\u0131n azadl\u0131\u011fa burax\u0131lmas\u0131.<\/p>\n\n\n\n<p>Mart\u0131n 31-d\u0259 Rustaveli prospektind\u0259, etirazlar\u0131n h\u0259r g\u00fcn davam etdiyi parlament binas\u0131 qar\u015f\u0131s\u0131nda G\u00fcrc\u00fcstan\u0131n be\u015finci prezidenti Salome Zurabi\u015fvilinin d\u0259 \u00e7\u0131x\u0131\u015f\u0131 g\u00f6zl\u0259nilir.<\/p>\n\n\n\n<p>G\u00fcrc\u00fcstanda 2024-c\u00fc il oktyabr\u0131n 26-da ke\u00e7iril\u0259n parlament se\u00e7kil\u0259rind\u0259n sonra 122 g\u00fcnd\u00fcr ki, n\u0259tic\u0259l\u0259ri \u00f6lk\u0259d\u0259 he\u00e7 bir m\u00fcxalif\u0259t partiyas\u0131, v\u0259t\u0259nda\u015f c\u0259miyy\u0259ti v\u0259 bir \u00e7ox Avropa \u00f6lk\u0259si t\u0259r\u0259find\u0259n tan\u0131nmayan etiraz aksiyalar\u0131 davam edir.<\/p>\n\n\n\n<p>Bu m\u00fcdd\u0259t \u0259rzind\u0259 486 n\u0259f\u0259r inzibati qaydada saxlan\u0131l\u0131b, 1084 n\u0259f\u0259r is\u0259 inzibati m\u0259suliyy\u0259t\u0259 c\u0259lb edilib.<\/p>\n","protected":false},"excerpt":{"rendered":"<p>Y\u00fcr\u00fc\u015f i\u015ftirak\u00e7\u0131lar\u0131n\u0131n t\u0259l\u0259bl\u0259ri: yeni parlament se\u00e7kil\u0259rinin ke\u00e7irilm\u0259si v\u0259 rejim m\u0259hbuslar\u0131n\u0131n &#8230; <\/p>\n<p class=\"read-more-container\"><a title=\"G\u00fcrc\u00fcstanda 100-kilometrlik etiraz y\u00fcr\u00fc\u015f\u00fc ba\u015flay\u0131b\" class=\"read-more button\" href=\"https:\/\/www.meydan.tv\/az\/article\/gurcustanda-100-kilometrlik-etiraz-yurusu-baslayib\/#more-328135\" aria-label=\"Read more about G\u00fcrc\u00fcstanda 100-kilometrlik etiraz y\u00fcr\u00fc\u015f\u00fc ba\u015flay\u0131b\">Davam\u0131<\/a><\/p>\n","protected":false},"author":16,"featured_media":328128,"comment_status":"closed","ping_status":"closed","sticky":false,"template":"","format":"standard","meta":{"_acf_changed":false,"_sitemap_exclude":false,"_sitemap_priority":"","_sitemap_frequency":"","footnotes":""},"categories":[62,56],"tags":[],"class_list":["post-328135","post","type-post","status-publish","format-standard","has-post-thumbnail","hentry","category-sosial","category-xeberler","infinite-scroll-item","generate-columns","tablet-grid-50","mobile-grid-100","grid-parent","grid-33","no-featured-image-padding"],"acf":[],"yoast_head":"<!-- This site is optimized with the Yoast SEO plugin v27.4 - https:\/\/yoast.com\/product\/yoast-seo-wordpress\/ -->\n<title>G\u00fcrc\u00fcstanda 100-kilometrlik etiraz y\u00fcr\u00fc\u015f\u00fc ba\u015flay\u0131b - MEYDAN.TV<\/title>\n<meta name=\"robots\" content=\"index, follow, max-snippet:-1, max-image-preview:large, max-video-preview:-1\" \/>\n<link rel=\"canonical\" href=\"https:\/\/www.meydan.tv\/az\/article\/gurcustanda-100-kilometrlik-etiraz-yurusu-baslayib\/\" \/>\n<meta property=\"og:locale\" content=\"az_AZ\" \/>\n<meta property=\"og:type\" content=\"article\" \/>\n<meta property=\"og:title\" content=\"G\u00fcrc\u00fcstanda 100-kilometrlik etiraz y\u00fcr\u00fc\u015f\u00fc ba\u015flay\u0131b - MEYDAN.TV\" \/>\n<meta property=\"og:description\" content=\"Y\u00fcr\u00fc\u015f i\u015ftirak\u00e7\u0131lar\u0131n\u0131n t\u0259l\u0259bl\u0259ri: yeni parlament se\u00e7kil\u0259rinin ke\u00e7irilm\u0259si v\u0259 rejim m\u0259hbuslar\u0131n\u0131n ... Davam\u0131\" \/>\n<meta property=\"og:url\" content=\"https:\/\/www.meydan.tv\/az\/article\/gurcustanda-100-kilometrlik-etiraz-yurusu-baslayib\/\" \/>\n<meta property=\"og:site_name\" content=\"MEYDAN.TV\" \/>\n<meta property=\"article:published_time\" content=\"2025-03-29T06:40:32+00:00\" \/>\n<meta property=\"article:modified_time\" content=\"2025-03-29T06:40:35+00:00\" \/>\n<meta property=\"og:image\" content=\"https:\/\/www.meydan.tv\/wp-content\/uploads\/5420465615266769878.jpg\" \/>\n\t<meta property=\"og:image:width\" content=\"1280\" \/>\n\t<meta property=\"og:image:height\" content=\"960\" \/>\n\t<meta property=\"og:image:type\" content=\"image\/jpeg\" \/>\n<meta name=\"author\" content=\"sevda\" \/>\n<meta name=\"twitter:card\" content=\"summary_large_image\" \/>\n<script type=\"application\/ld+json\" class=\"yoast-schema-graph\">{\"@context\":\"https:\\\/\\\/schema.org\",\"@graph\":[{\"@type\":\"Article\",\"@id\":\"https:\\\/\\\/www.meydan.tv\\\/az\\\/article\\\/gurcustanda-100-kilometrlik-etiraz-yurusu-baslayib\\\/#article\",\"isPartOf\":{\"@id\":\"https:\\\/\\\/www.meydan.tv\\\/az\\\/article\\\/gurcustanda-100-kilometrlik-etiraz-yurusu-baslayib\\\/\"},\"author\":{\"name\":\"sevda\",\"@id\":\"https:\\\/\\\/www.meydan.tv\\\/az\\\/#\\\/schema\\\/person\\\/49b5f2bad5b126bb8ea9320eeb3e4dc9\"},\"headline\":\"G\u00fcrc\u00fcstanda 100-kilometrlik etiraz y\u00fcr\u00fc\u015f\u00fc ba\u015flay\u0131b\",\"datePublished\":\"2025-03-29T06:40:32+00:00\",\"dateModified\":\"2025-03-29T06:40:35+00:00\",\"mainEntityOfPage\":{\"@id\":\"https:\\\/\\\/www.meydan.tv\\\/az\\\/article\\\/gurcustanda-100-kilometrlik-etiraz-yurusu-baslayib\\\/\"},\"wordCount\":289,\"publisher\":{\"@id\":\"https:\\\/\\\/www.meydan.tv\\\/az\\\/#organization\"},\"image\":{\"@id\":\"https:\\\/\\\/www.meydan.tv\\\/az\\\/article\\\/gurcustanda-100-kilometrlik-etiraz-yurusu-baslayib\\\/#primaryimage\"},\"thumbnailUrl\":\"https:\\\/\\\/www.meydan.tv\\\/wp-content\\\/uploads\\\/5420465615266769878.jpg\",\"articleSection\":[\"Sosial\",\"X\u0259b\u0259rl\u0259r\"],\"inLanguage\":\"az\"},{\"@type\":\"WebPage\",\"@id\":\"https:\\\/\\\/www.meydan.tv\\\/az\\\/article\\\/gurcustanda-100-kilometrlik-etiraz-yurusu-baslayib\\\/\",\"url\":\"https:\\\/\\\/www.meydan.tv\\\/az\\\/article\\\/gurcustanda-100-kilometrlik-etiraz-yurusu-baslayib\\\/\",\"name\":\"G\u00fcrc\u00fcstanda 100-kilometrlik etiraz y\u00fcr\u00fc\u015f\u00fc ba\u015flay\u0131b - MEYDAN.TV\",\"isPartOf\":{\"@id\":\"https:\\\/\\\/www.meydan.tv\\\/az\\\/#website\"},\"primaryImageOfPage\":{\"@id\":\"https:\\\/\\\/www.meydan.tv\\\/az\\\/article\\\/gurcustanda-100-kilometrlik-etiraz-yurusu-baslayib\\\/#primaryimage\"},\"image\":{\"@id\":\"https:\\\/\\\/www.meydan.tv\\\/az\\\/article\\\/gurcustanda-100-kilometrlik-etiraz-yurusu-baslayib\\\/#primaryimage\"},\"thumbnailUrl\":\"https:\\\/\\\/www.meydan.tv\\\/wp-content\\\/uploads\\\/5420465615266769878.jpg\",\"datePublished\":\"2025-03-29T06:40:32+00:00\",\"dateModified\":\"2025-03-29T06:40:35+00:00\",\"breadcrumb\":{\"@id\":\"https:\\\/\\\/www.meydan.tv\\\/az\\\/article\\\/gurcustanda-100-kilometrlik-etiraz-yurusu-baslayib\\\/#breadcrumb\"},\"inLanguage\":\"az\",\"potentialAction\":[{\"@type\":\"ReadAction\",\"target\":[\"https:\\\/\\\/www.meydan.tv\\\/az\\\/article\\\/gurcustanda-100-kilometrlik-etiraz-yurusu-baslayib\\\/\"]}]},{\"@type\":\"ImageObject\",\"inLanguage\":\"az\",\"@id\":\"https:\\\/\\\/www.meydan.tv\\\/az\\\/article\\\/gurcustanda-100-kilometrlik-etiraz-yurusu-baslayib\\\/#primaryimage\",\"url\":\"https:\\\/\\\/www.meydan.tv\\\/wp-content\\\/uploads\\\/5420465615266769878.jpg\",\"contentUrl\":\"https:\\\/\\\/www.meydan.tv\\\/wp-content\\\/uploads\\\/5420465615266769878.jpg\",\"width\":1280,\"height\":960,\"caption\":\"Foto: Meydan TV\"},{\"@type\":\"BreadcrumbList\",\"@id\":\"https:\\\/\\\/www.meydan.tv\\\/az\\\/article\\\/gurcustanda-100-kilometrlik-etiraz-yurusu-baslayib\\\/#breadcrumb\",\"itemListElement\":[{\"@type\":\"ListItem\",\"position\":1,\"name\":\"Ana s\u0259hif\u0259\",\"item\":\"https:\\\/\\\/www.meydan.tv\\\/az\\\/\"},{\"@type\":\"ListItem\",\"position\":2,\"name\":\"X\u0259b\u0259rl\u0259r\",\"item\":\"https:\\\/\\\/www.meydan.tv\\\/az\\\/section\\\/xeberler\\\/\"},{\"@type\":\"ListItem\",\"position\":3,\"name\":\"G\u00fcrc\u00fcstanda 100-kilometrlik etiraz y\u00fcr\u00fc\u015f\u00fc ba\u015flay\u0131b\"}]},{\"@type\":\"WebSite\",\"@id\":\"https:\\\/\\\/www.meydan.tv\\\/az\\\/#website\",\"url\":\"https:\\\/\\\/www.meydan.tv\\\/az\\\/\",\"name\":\"MEYDAN.TV\",\"description\":\"Meydan TV Az\u0259rbaycan\u0131n media m\u0259kan\u0131ndak\u0131 alternativ s\u0259sidir\",\"publisher\":{\"@id\":\"https:\\\/\\\/www.meydan.tv\\\/az\\\/#organization\"},\"potentialAction\":[{\"@type\":\"SearchAction\",\"target\":{\"@type\":\"EntryPoint\",\"urlTemplate\":\"https:\\\/\\\/www.meydan.tv\\\/az\\\/?s={search_term_string}\"},\"query-input\":{\"@type\":\"PropertyValueSpecification\",\"valueRequired\":true,\"valueName\":\"search_term_string\"}}],\"inLanguage\":\"az\"},{\"@type\":\"Organization\",\"@id\":\"https:\\\/\\\/www.meydan.tv\\\/az\\\/#organization\",\"name\":\"Meydan TV\",\"url\":\"https:\\\/\\\/www.meydan.tv\\\/az\\\/\",\"logo\":{\"@type\":\"ImageObject\",\"inLanguage\":\"az\",\"@id\":\"https:\\\/\\\/www.meydan.tv\\\/az\\\/#\\\/schema\\\/logo\\\/image\\\/\",\"url\":\"https:\\\/\\\/www.meydan.tv\\\/wp-content\\\/uploads\\\/2021\\\/07\\\/meydan-logo.svg\",\"contentUrl\":\"https:\\\/\\\/www.meydan.tv\\\/wp-content\\\/uploads\\\/2021\\\/07\\\/meydan-logo.svg\",\"width\":195,\"height\":46,\"caption\":\"Meydan TV\"},\"image\":{\"@id\":\"https:\\\/\\\/www.meydan.tv\\\/az\\\/#\\\/schema\\\/logo\\\/image\\\/\"}},{\"@type\":\"Person\",\"@id\":\"https:\\\/\\\/www.meydan.tv\\\/az\\\/#\\\/schema\\\/person\\\/49b5f2bad5b126bb8ea9320eeb3e4dc9\",\"name\":\"sevda\"}]}<\/script>\n<!-- \/ Yoast SEO plugin. -->","yoast_head_json":{"title":"G\u00fcrc\u00fcstanda 100-kilometrlik etiraz y\u00fcr\u00fc\u015f\u00fc ba\u015flay\u0131b - MEYDAN.TV","robots":{"index":"index","follow":"follow","max-snippet":"max-snippet:-1","max-image-preview":"max-image-preview:large","max-video-preview":"max-video-preview:-1"},"canonical":"https:\/\/www.meydan.tv\/az\/article\/gurcustanda-100-kilometrlik-etiraz-yurusu-baslayib\/","og_locale":"az_AZ","og_type":"article","og_title":"G\u00fcrc\u00fcstanda 100-kilometrlik etiraz y\u00fcr\u00fc\u015f\u00fc ba\u015flay\u0131b - MEYDAN.TV","og_description":"Y\u00fcr\u00fc\u015f i\u015ftirak\u00e7\u0131lar\u0131n\u0131n t\u0259l\u0259bl\u0259ri: yeni parlament se\u00e7kil\u0259rinin ke\u00e7irilm\u0259si v\u0259 rejim m\u0259hbuslar\u0131n\u0131n ... Davam\u0131","og_url":"https:\/\/www.meydan.tv\/az\/article\/gurcustanda-100-kilometrlik-etiraz-yurusu-baslayib\/","og_site_name":"MEYDAN.TV","article_published_time":"2025-03-29T06:40:32+00:00","article_modified_time":"2025-03-29T06:40:35+00:00","og_image":[{"width":1280,"height":960,"url":"https:\/\/www.meydan.tv\/wp-content\/uploads\/5420465615266769878.jpg","type":"image\/jpeg"}],"author":"sevda","twitter_card":"summary_large_image","schema":{"@context":"https:\/\/schema.org","@graph":[{"@type":"Article","@id":"https:\/\/www.meydan.tv\/az\/article\/gurcustanda-100-kilometrlik-etiraz-yurusu-baslayib\/#article","isPartOf":{"@id":"https:\/\/www.meydan.tv\/az\/article\/gurcustanda-100-kilometrlik-etiraz-yurusu-baslayib\/"},"author":{"name":"sevda","@id":"https:\/\/www.meydan.tv\/az\/#\/schema\/person\/49b5f2bad5b126bb8ea9320eeb3e4dc9"},"headline":"G\u00fcrc\u00fcstanda 100-kilometrlik etiraz y\u00fcr\u00fc\u015f\u00fc ba\u015flay\u0131b","datePublished":"2025-03-29T06:40:32+00:00","dateModified":"2025-03-29T06:40:35+00:00","mainEntityOfPage":{"@id":"https:\/\/www.meydan.tv\/az\/article\/gurcustanda-100-kilometrlik-etiraz-yurusu-baslayib\/"},"wordCount":289,"publisher":{"@id":"https:\/\/www.meydan.tv\/az\/#organization"},"image":{"@id":"https:\/\/www.meydan.tv\/az\/article\/gurcustanda-100-kilometrlik-etiraz-yurusu-baslayib\/#primaryimage"},"thumbnailUrl":"https:\/\/www.meydan.tv\/wp-content\/uploads\/5420465615266769878.jpg","articleSection":["Sosial","X\u0259b\u0259rl\u0259r"],"inLanguage":"az"},{"@type":"WebPage","@id":"https:\/\/www.meydan.tv\/az\/article\/gurcustanda-100-kilometrlik-etiraz-yurusu-baslayib\/","url":"https:\/\/www.meydan.tv\/az\/article\/gurcustanda-100-kilometrlik-etiraz-yurusu-baslayib\/","name":"G\u00fcrc\u00fcstanda 100-kilometrlik etiraz y\u00fcr\u00fc\u015f\u00fc ba\u015flay\u0131b - MEYDAN.TV","isPartOf":{"@id":"https:\/\/www.meydan.tv\/az\/#website"},"primaryImageOfPage":{"@id":"https:\/\/www.meydan.tv\/az\/article\/gurcustanda-100-kilometrlik-etiraz-yurusu-baslayib\/#primaryimage"},"image":{"@id":"https:\/\/www.meydan.tv\/az\/article\/gurcustanda-100-kilometrlik-etiraz-yurusu-baslayib\/#primaryimage"},"thumbnailUrl":"https:\/\/www.meydan.tv\/wp-content\/uploads\/5420465615266769878.jpg","datePublished":"2025-03-29T06:40:32+00:00","dateModified":"2025-03-29T06:40:35+00:00","breadcrumb":{"@id":"https:\/\/www.meydan.tv\/az\/article\/gurcustanda-100-kilometrlik-etiraz-yurusu-baslayib\/#breadcrumb"},"inLanguage":"az","potentialAction":[{"@type":"ReadAction","target":["https:\/\/www.meydan.tv\/az\/article\/gurcustanda-100-kilometrlik-etiraz-yurusu-baslayib\/"]}]},{"@type":"ImageObject","inLanguage":"az","@id":"https:\/\/www.meydan.tv\/az\/article\/gurcustanda-100-kilometrlik-etiraz-yurusu-baslayib\/#primaryimage","url":"https:\/\/www.meydan.tv\/wp-content\/uploads\/5420465615266769878.jpg","contentUrl":"https:\/\/www.meydan.tv\/wp-content\/uploads\/5420465615266769878.jpg","width":1280,"height":960,"caption":"Foto: Meydan TV"},{"@type":"BreadcrumbList","@id":"https:\/\/www.meydan.tv\/az\/article\/gurcustanda-100-kilometrlik-etiraz-yurusu-baslayib\/#breadcrumb","itemListElement":[{"@type":"ListItem","position":1,"name":"Ana s\u0259hif\u0259","item":"https:\/\/www.meydan.tv\/az\/"},{"@type":"ListItem","position":2,"name":"X\u0259b\u0259rl\u0259r","item":"https:\/\/www.meydan.tv\/az\/section\/xeberler\/"},{"@type":"ListItem","position":3,"name":"G\u00fcrc\u00fcstanda 100-kilometrlik etiraz y\u00fcr\u00fc\u015f\u00fc ba\u015flay\u0131b"}]},{"@type":"WebSite","@id":"https:\/\/www.meydan.tv\/az\/#website","url":"https:\/\/www.meydan.tv\/az\/","name":"MEYDAN.TV","description":"Meydan TV Az\u0259rbaycan\u0131n media m\u0259kan\u0131ndak\u0131 alternativ s\u0259sidir","publisher":{"@id":"https:\/\/www.meydan.tv\/az\/#organization"},"potentialAction":[{"@type":"SearchAction","target":{"@type":"EntryPoint","urlTemplate":"https:\/\/www.meydan.tv\/az\/?s={search_term_string}"},"query-input":{"@type":"PropertyValueSpecification","valueRequired":true,"valueName":"search_term_string"}}],"inLanguage":"az"},{"@type":"Organization","@id":"https:\/\/www.meydan.tv\/az\/#organization","name":"Meydan TV","url":"https:\/\/www.meydan.tv\/az\/","logo":{"@type":"ImageObject","inLanguage":"az","@id":"https:\/\/www.meydan.tv\/az\/#\/schema\/logo\/image\/","url":"https:\/\/www.meydan.tv\/wp-content\/uploads\/2021\/07\/meydan-logo.svg","contentUrl":"https:\/\/www.meydan.tv\/wp-content\/uploads\/2021\/07\/meydan-logo.svg","width":195,"height":46,"caption":"Meydan TV"},"image":{"@id":"https:\/\/www.meydan.tv\/az\/#\/schema\/logo\/image\/"}},{"@type":"Person","@id":"https:\/\/www.meydan.tv\/az\/#\/schema\/person\/49b5f2bad5b126bb8ea9320eeb3e4dc9","name":"sevda"}]}},"_links":{"self":[{"href":"https:\/\/www.meydan.tv\/az\/wp-json\/wp\/v2\/posts\/328135","targetHints":{"allow":["GET"]}}],"collection":[{"href":"https:\/\/www.meydan.tv\/az\/wp-json\/wp\/v2\/posts"}],"about":[{"href":"https:\/\/www.meydan.tv\/az\/wp-json\/wp\/v2\/types\/post"}],"author":[{"embeddable":true,"href":"https:\/\/www.meydan.tv\/az\/wp-json\/wp\/v2\/users\/16"}],"replies":[{"embeddable":true,"href":"https:\/\/www.meydan.tv\/az\/wp-json\/wp\/v2\/comments?post=328135"}],"version-history":[{"count":2,"href":"https:\/\/www.meydan.tv\/az\/wp-json\/wp\/v2\/posts\/328135\/revisions"}],"predecessor-version":[{"id":328137,"href":"https:\/\/www.meydan.tv\/az\/wp-json\/wp\/v2\/posts\/328135\/revisions\/328137"}],"wp:featuredmedia":[{"embeddable":true,"href":"https:\/\/www.meydan.tv\/az\/wp-json\/wp\/v2\/media\/328128"}],"wp:attachment":[{"href":"https:\/\/www.meydan.tv\/az\/wp-json\/wp\/v2\/media?parent=328135"}],"wp:term":[{"taxonomy":"category","embeddable":true,"href":"https:\/\/www.meydan.tv\/az\/wp-json\/wp\/v2\/categories?post=328135"},{"taxonomy":"post_tag","embeddable":true,"href":"https:\/\/www.meydan.tv\/az\/wp-json\/wp\/v2\/tags?post=328135"}],"curies":[{"name":"wp","href":"https:\/\/api.w.org\/{rel}","templated":true}]}}