{"id":328098,"date":"2025-03-28T16:16:31","date_gmt":"2025-03-28T12:16:31","guid":{"rendered":"https:\/\/www.meydan.tv\/?p=328098"},"modified":"2025-03-28T16:54:22","modified_gmt":"2025-03-28T12:54:22","slug":"14-yasli-qizi-cinsi-istismara-m%c9%99ruz-qoyan-24-yasli-kisi-nec%c9%99-azadliqda-qala-bildi","status":"publish","type":"post","link":"https:\/\/www.meydan.tv\/az\/article\/14-yasli-qizi-cinsi-istismara-m%c9%99ruz-qoyan-24-yasli-kisi-nec%c9%99-azadliqda-qala-bildi\/","title":{"rendered":"13 ya\u015fl\u0131 q\u0131z\u0131 cinsi istismara m\u0259ruz qoyan 24 ya\u015fl\u0131 ki\u015fi nec\u0259 azadl\u0131qda qala bildi?"},"content":{"rendered":"\n<p><strong><em>Z\u0259r\u0259r\u00e7\u0259k\u0259nin anas\u0131 m\u0259hk\u0259m\u0259d\u0259 bildirib ki, ki\u015finin h\u0259bsd\u0259 qalmas\u0131n\u0131n q\u0131z\u0131na m\u00fcsb\u0259t t\u0259siri yoxdur, ona g\u00f6r\u0259 d\u0259 onun bar\u0259sind\u0259 \u015fikay\u0259ti yoxdur<\/em><\/strong><\/p>\n\n\n\n<p>Bir ne\u00e7\u0259 g\u00fcn \u0259vv\u0259l A\u011fcab\u0259did\u0259 2001-ci il t\u0259v\u0259ll\u00fcdl\u00fc ki\u015finin 2010-cu il t\u0259v\u0259ll\u00fcdl\u00fc u\u015fa\u011f\u0131 cinsi istismara m\u0259ruz qoymas\u0131 v\u0259 q\u0131z\u0131n hamil\u0259 qalmas\u0131 il\u0259 ba\u011fl\u0131 x\u0259b\u0259r <a href=\"https:\/\/storage.googleapis.com\/qurium\/www.meydan.tv\/az-article-agcab%c9%99did%c9%99-13-yasli-qizin-hamil%c9%99-oldugu-bildirilir.html\">yay\u0131l\u0131b<\/a>.<br><br>\u201cE-mehkeme\u201d sayt\u0131nda hadis\u0259 il\u0259 ba\u011fl\u0131 L\u0259nk\u0259ran A\u011f\u0131r Cinay\u0259tl\u0259r M\u0259hk\u0259m\u0259sinin 2025-ci il 12 mart tarixli h\u00f6km\u00fc yerl\u0259\u015fdirilib.<\/p>\n\n\n\n<p>H\u00f6km\u0259 \u0259sas\u0259n, t\u0259qsirl\u0259ndiril\u0259n \u015f\u0259xs Cinay\u0259t M\u0259c\u0259ll\u0259sinin 152.4.1-ci (16 ya\u015f\u0131na \u00e7atmayan \u015f\u0259xsl\u0259 cinsi \u0259laq\u0259d\u0259 olma v\u0259 ya seksual xarakterli dig\u0259r h\u0259r\u0259k\u0259tl\u0259r etm\u0259 &#8211; t\u0259krar t\u00f6r\u0259dildikd\u0259) madd\u0259si il\u0259 ittiham olunub.<\/p>\n\n\n\n<p>S\u0259n\u0259dd\u0259n h\u0259m d\u0259 m\u0259lum olur ki, o, 14 ya\u015f\u0131na \u00e7atmam\u0131\u015f q\u0131zla 2024-c\u00fc ilin may\u0131n ortalar\u0131ndan etibar\u0259n d\u0259f\u0259l\u0259rl\u0259 cinsi \u0259laq\u0259d\u0259 olub.<\/p>\n\n\n\n<p>T\u0259qsirl\u0259ndiril\u0259n ifad\u0259sind\u0259 cinsi \u0259laq\u0259y\u0259 g\u00f6r\u0259 m\u0259suliyy\u0259ti q\u0131z\u0131n \u00fcz\u0259rin\u0259 at\u0131b. O, ifad\u0259sind\u0259 bildirib ki, 14 ya\u015f\u0131na \u00e7atmam\u0131\u015f q\u0131z\u0131 sevib, onunla ail\u0259 qurmaq niyy\u0259tind\u0259 olub, bu haqda anas\u0131na, anas\u0131 q\u0131z\u0131n anas\u0131na m\u0259lumat verib.<\/p>\n\n\n\n<p>2024-c\u00fc ilin aprelind\u0259 z\u0259r\u0259r\u00e7\u0259k\u0259nin evind\u0259 ni\u015fan ke\u00e7irilib. Valideynl\u0259ri onlara q\u0131z 18 ya\u015f\u0131na \u00e7atandan sonra&nbsp; r\u0259smi nikaha daxil olaraq ail\u0259 quracaqlar\u0131n\u0131 bildiribl\u0259r. T\u0259qsirl\u0259ndiril\u0259n \u015f\u0259xsin ifad\u0259sin\u0259 g\u00f6r\u0259, bir m\u00fcdd\u0259t sonra guya q\u0131z&nbsp; ona ail\u0259 qurmaq ist\u0259diyini bildirib, o is\u0259 s\u0259brli olmas\u0131n\u0131, zaman\u0131 g\u0259ldikd\u0259 ail\u0259 quracaqlar\u0131n\u0131 dediyini bildirib.<\/p>\n\n\n\n<p>Q\u0131z is\u0259 cavab\u0131nda cinsi \u0259laq\u0259d\u0259 olacaqlar\u0131 t\u0259qdird\u0259 ail\u0259l\u0259rinin onlara ail\u0259 qurma\u011fa icaz\u0259 ver\u0259c\u0259kl\u0259rini dey\u0259r\u0259k cinsi \u0259laq\u0259d\u0259 olma\u011f\u0131 t\u0259klif etdiyini deyib.<\/p>\n\n\n\n<p>24 ya\u015f\u0131nda ki\u015fi h\u0259m d\u0259 bildirib ki, yetkinlik ya\u015f\u0131na \u00e7atmayan bir q\u0131zla cinsi \u0259laq\u0259d\u0259 olmas\u0131na g\u00f6r\u0259 cinay\u0259t m\u0259suliyy\u0259tin\u0259 c\u0259lb olunaraq, h\u0259bs olunaca\u011f\u0131n\u0131 bilmirdi.<\/p>\n\n\n\n<p>Bir ne\u00e7\u0259 ay sonra q\u0131z\u0131n hamil\u0259 oldu\u011funu \u00f6yr\u0259nibl\u0259r. Ail\u0259l\u0259rin raz\u0131l\u0131\u011f\u0131 il\u0259 evd\u0259 yax\u0131n qohumlar\u0131n i\u015ftirak\u0131 il\u0259 \u201ctoy\u201d edibl\u0259r.<\/p>\n\n\n\n<p>Hamil\u0259liyin 5-ci ay\u0131nda (2024-c\u00fc il, oktyabr) q\u0131z \u201cail\u0259 qurdu\u011fu\u201d adam\u0131n evind\u0259, onun ail\u0259si il\u0259 birlikd\u0259 ya\u015fama\u011fa ba\u015flay\u0131b.<\/p>\n\n\n\n<p>Daha sonra z\u0259r\u0259r\u00e7\u0259k\u0259n hamil\u0259 oldu\u011funa g\u00f6r\u0259 q\u0259s\u0259b\u0259d\u0259 yerl\u0259\u015f\u0259n x\u0259st\u0259xanaya m\u00fcayin\u0259y\u0259 apar\u0131l\u0131b, bundan t\u0259xmin\u0259n be\u015f-alt\u0131 g\u00fcn sonra polis \u0259m\u0259kda\u015flar\u0131 ya\u015fad\u0131\u011f\u0131 ev\u0259 g\u0259l\u0259r\u0259k onu \u00f6zl\u0259ri il\u0259 polis \u015f\u00f6b\u0259sin\u0259 apar\u0131blar.<\/p>\n\n\n\n<p>Z\u0259r\u0259r\u00e7\u0259k\u0259nin anas\u0131 m\u0259hk\u0259m\u0259d\u0259 bildirib ki, ki\u015finin h\u0259bsd\u0259 qalmas\u0131n\u0131n q\u0131z\u0131na m\u00fcsb\u0259t t\u0259siri yoxdur, ona g\u00f6r\u0259 d\u0259 onun bar\u0259sind\u0259 \u015fikay\u0259ti yoxdur.<\/p>\n\n\n\n<p>T\u0259qsirl\u0259ndiril\u0259n \u015f\u0259xs m\u0259hk\u0259m\u0259y\u0259 \u00fcnvanlad\u0131\u011f\u0131 son s\u00f6z\u00fcnd\u0259 m\u0259hk\u0259m\u0259 bax\u0131\u015f\u0131 zaman\u0131 art\u0131q \u00f6vlad\u0131n\u0131n d\u00fcnyaya g\u0259ldiyini (2025-ci ilin fevral\u0131), z\u0259r\u0259r\u00e7\u0259k\u0259nin v\u0259 yeni d\u00fcnyaya g\u0259lmi\u015f \u00f6vlad\u0131n\u0131n anas\u0131 il\u0259 birlikd\u0259 ya\u015fad\u0131\u011f\u0131n\u0131, bununla da art\u0131q himay\u0259sind\u0259 iki qad\u0131n, bir azya\u015fl\u0131 k\u00f6rp\u0259nin oldu\u011funu, ail\u0259nin dolan\u0131\u015f\u0131\u011f\u0131n\u0131n onun \u00fcz\u0259rind\u0259 oldu\u011funu, z\u0259r\u0259r\u00e7\u0259k\u0259nin faktiki ail\u0259 m\u00fcnasib\u0259tl\u0259rinin oldu\u011funu, azadl\u0131qdan m\u0259hrum edilm\u0259sinin ail\u0259sinin h\u0259yat \u015f\u0259raitini el\u0259c\u0259 d\u0259, maddi v\u0259ziyy\u0259tini pisl\u0259\u015fdir\u0259c\u0259yini bildir\u0259r\u0259k m\u0259hk\u0259m\u0259d\u0259n c\u0259za t\u0259yin ed\u0259rk\u0259n b\u00fct\u00fcn bu hallar\u0131 n\u0259z\u0259r\u0259 alma\u011f\u0131 xahi\u015f edib.<\/p>\n\n\n\n<p>O, Cinay\u0259t M\u0259c\u0259ll\u0259sinin 152.4.1-ci madd\u0259sind\u0259 n\u0259z\u0259rd\u0259 tutulmu\u015f cinay\u0259t \u0259m\u0259lini t\u00f6r\u0259tm\u0259kd\u0259 t\u0259qsirli bilinib.<\/p>\n\n\n\n<p>Cinay\u0259t M\u0259c\u0259ll\u0259sinin 70-ci madd\u0259si t\u0259tbiq edilm\u0259kl\u0259 t\u0259yin olunmu\u015f 6 il m\u00fcdd\u0259t\u0259 azadl\u0131qdan m\u0259hrumetm\u0259 c\u0259zas\u0131 \u015f\u0259rti hesab olunub v\u0259 ona 1 il s\u0131naq m\u00fcdd\u0259ti m\u00fc\u0259yy\u0259n edilib.<\/p>\n\n\n\n<p>Daha sonra bar\u0259sind\u0259 se\u00e7ilmi\u015f h\u0259bs q\u0259timkan t\u0259dbiri \u201cpolisin n\u0259zar\u0259ti alt\u0131na verm\u0259\u201d q\u0259timkan t\u0259dbiri il\u0259 \u0259v\u0259z edilib v\u0259 azadl\u0131\u011fa burax\u0131l\u0131b.<\/p>\n\n\n\n<p>U\u015faq H\u00fcquqlar\u0131 Haqq\u0131nda Konvensiyaya uy\u011fun olaraq, ya\u015f\u0131 18-d\u0259k olan h\u0259r bir insan u\u015faq say\u0131l\u0131r.<\/p>\n\n\n\n<p>Az\u0259rbaycanda nikah ya\u015f\u0131 18-dir. Lakin b\u0259zi \u00fczrl\u00fc s\u0259b\u0259bl\u0259r olduqda, m\u00fcvafiq icra hakimiyy\u0259ti orqan\u0131 nikah ya\u015f\u0131n\u0131n 1 ild\u0259n \u00e7ox olmayaraq azald\u0131lmas\u0131na icaz\u0259 ver\u0259 bil\u0259r. Bu s\u0259b\u0259bl\u0259r daha \u00e7ox nikaha girm\u0259k ist\u0259y\u0259n t\u0259r\u0259fl\u0259rin ail\u0259 v\u0259ziyy\u0259tl\u0259ri il\u0259 ba\u011fl\u0131 olur. M\u0259s\u0259l\u0259n, onlar\u0131n valideynl\u0259ri a\u011f\u0131r (\u00f6l\u00fcmc\u00fcl) x\u0259st\u0259 olduqda, q\u0131z hamil\u0259 olduqda v\u0259 s. hallarda t\u0259r\u0259fl\u0259r 17 ya\u015f\u0131nda nikaha daxil ola bil\u0259rl\u0259r.<\/p>\n","protected":false},"excerpt":{"rendered":"<p>Z\u0259r\u0259r\u00e7\u0259k\u0259nin anas\u0131 m\u0259hk\u0259m\u0259d\u0259 bildirib ki, ki\u015finin h\u0259bsd\u0259 qalmas\u0131n\u0131n q\u0131z\u0131na m\u00fcsb\u0259t &#8230; <\/p>\n<p class=\"read-more-container\"><a title=\"13 ya\u015fl\u0131 q\u0131z\u0131 cinsi istismara m\u0259ruz qoyan 24 ya\u015fl\u0131 ki\u015fi nec\u0259 azadl\u0131qda qala bildi?\" class=\"read-more button\" href=\"https:\/\/www.meydan.tv\/az\/article\/14-yasli-qizi-cinsi-istismara-m%c9%99ruz-qoyan-24-yasli-kisi-nec%c9%99-azadliqda-qala-bildi\/#more-328098\" aria-label=\"Read more about 13 ya\u015fl\u0131 q\u0131z\u0131 cinsi istismara m\u0259ruz qoyan 24 ya\u015fl\u0131 ki\u015fi nec\u0259 azadl\u0131qda qala bildi?\">Davam\u0131<\/a><\/p>\n","protected":false},"author":14,"featured_media":328074,"comment_status":"closed","ping_status":"closed","sticky":false,"template":"","format":"standard","meta":{"_acf_changed":false,"_sitemap_exclude":false,"_sitemap_priority":"","_sitemap_frequency":"","footnotes":""},"categories":[62,79,56],"tags":[],"class_list":["post-328098","post","type-post","status-publish","format-standard","has-post-thumbnail","hentry","category-sosial","category-featured","category-xeberler","infinite-scroll-item","generate-columns","tablet-grid-50","mobile-grid-100","grid-parent","grid-33","no-featured-image-padding"],"acf":[],"yoast_head":"<!-- This site is optimized with the Yoast SEO plugin v27.4 - https:\/\/yoast.com\/product\/yoast-seo-wordpress\/ -->\n<title>13 ya\u015fl\u0131 q\u0131z\u0131 cinsi istismara m\u0259ruz qoyan 24 ya\u015fl\u0131 ki\u015fi nec\u0259 azadl\u0131qda qala bildi? - MEYDAN.TV<\/title>\n<meta name=\"robots\" content=\"index, follow, max-snippet:-1, max-image-preview:large, max-video-preview:-1\" \/>\n<link rel=\"canonical\" href=\"https:\/\/www.meydan.tv\/az\/article\/14-yasli-qizi-cinsi-istismara-m%c9%99ruz-qoyan-24-yasli-kisi-nec%c9%99-azadliqda-qala-bildi\/\" \/>\n<meta property=\"og:locale\" content=\"az_AZ\" \/>\n<meta property=\"og:type\" content=\"article\" \/>\n<meta property=\"og:title\" content=\"13 ya\u015fl\u0131 q\u0131z\u0131 cinsi istismara m\u0259ruz qoyan 24 ya\u015fl\u0131 ki\u015fi nec\u0259 azadl\u0131qda qala bildi? - MEYDAN.TV\" \/>\n<meta property=\"og:description\" content=\"Z\u0259r\u0259r\u00e7\u0259k\u0259nin anas\u0131 m\u0259hk\u0259m\u0259d\u0259 bildirib ki, ki\u015finin h\u0259bsd\u0259 qalmas\u0131n\u0131n q\u0131z\u0131na m\u00fcsb\u0259t ... Davam\u0131\" \/>\n<meta property=\"og:url\" content=\"https:\/\/www.meydan.tv\/az\/article\/14-yasli-qizi-cinsi-istismara-m%c9%99ruz-qoyan-24-yasli-kisi-nec%c9%99-azadliqda-qala-bildi\/\" \/>\n<meta property=\"og:site_name\" content=\"MEYDAN.TV\" \/>\n<meta property=\"article:published_time\" content=\"2025-03-28T12:16:31+00:00\" \/>\n<meta property=\"article:modified_time\" content=\"2025-03-28T12:54:22+00:00\" \/>\n<meta property=\"og:image\" content=\"https:\/\/www.meydan.tv\/wp-content\/uploads\/0334-1.png\" \/>\n\t<meta property=\"og:image:width\" content=\"1179\" \/>\n\t<meta property=\"og:image:height\" content=\"576\" \/>\n\t<meta property=\"og:image:type\" content=\"image\/png\" \/>\n<meta name=\"author\" content=\"roma\" \/>\n<meta name=\"twitter:card\" content=\"summary_large_image\" \/>\n<script type=\"application\/ld+json\" class=\"yoast-schema-graph\">{\"@context\":\"https:\\\/\\\/schema.org\",\"@graph\":[{\"@type\":\"Article\",\"@id\":\"https:\\\/\\\/www.meydan.tv\\\/az\\\/article\\\/14-yasli-qizi-cinsi-istismara-m%c9%99ruz-qoyan-24-yasli-kisi-nec%c9%99-azadliqda-qala-bildi\\\/#article\",\"isPartOf\":{\"@id\":\"https:\\\/\\\/www.meydan.tv\\\/az\\\/article\\\/14-yasli-qizi-cinsi-istismara-m%c9%99ruz-qoyan-24-yasli-kisi-nec%c9%99-azadliqda-qala-bildi\\\/\"},\"author\":{\"name\":\"roma\",\"@id\":\"https:\\\/\\\/www.meydan.tv\\\/az\\\/#\\\/schema\\\/person\\\/8f23e01c4de63326c13c319fb65ee65d\"},\"headline\":\"13 ya\u015fl\u0131 q\u0131z\u0131 cinsi istismara m\u0259ruz qoyan 24 ya\u015fl\u0131 ki\u015fi nec\u0259 azadl\u0131qda qala bildi?\",\"datePublished\":\"2025-03-28T12:16:31+00:00\",\"dateModified\":\"2025-03-28T12:54:22+00:00\",\"mainEntityOfPage\":{\"@id\":\"https:\\\/\\\/www.meydan.tv\\\/az\\\/article\\\/14-yasli-qizi-cinsi-istismara-m%c9%99ruz-qoyan-24-yasli-kisi-nec%c9%99-azadliqda-qala-bildi\\\/\"},\"wordCount\":908,\"publisher\":{\"@id\":\"https:\\\/\\\/www.meydan.tv\\\/az\\\/#organization\"},\"image\":{\"@id\":\"https:\\\/\\\/www.meydan.tv\\\/az\\\/article\\\/14-yasli-qizi-cinsi-istismara-m%c9%99ruz-qoyan-24-yasli-kisi-nec%c9%99-azadliqda-qala-bildi\\\/#primaryimage\"},\"thumbnailUrl\":\"https:\\\/\\\/www.meydan.tv\\\/wp-content\\\/uploads\\\/0334-1.png\",\"articleSection\":[\"Sosial\",\"T\u00f6vsiy\u0259\",\"X\u0259b\u0259rl\u0259r\"],\"inLanguage\":\"az\"},{\"@type\":\"WebPage\",\"@id\":\"https:\\\/\\\/www.meydan.tv\\\/az\\\/article\\\/14-yasli-qizi-cinsi-istismara-m%c9%99ruz-qoyan-24-yasli-kisi-nec%c9%99-azadliqda-qala-bildi\\\/\",\"url\":\"https:\\\/\\\/www.meydan.tv\\\/az\\\/article\\\/14-yasli-qizi-cinsi-istismara-m%c9%99ruz-qoyan-24-yasli-kisi-nec%c9%99-azadliqda-qala-bildi\\\/\",\"name\":\"13 ya\u015fl\u0131 q\u0131z\u0131 cinsi istismara m\u0259ruz qoyan 24 ya\u015fl\u0131 ki\u015fi nec\u0259 azadl\u0131qda qala bildi? - MEYDAN.TV\",\"isPartOf\":{\"@id\":\"https:\\\/\\\/www.meydan.tv\\\/az\\\/#website\"},\"primaryImageOfPage\":{\"@id\":\"https:\\\/\\\/www.meydan.tv\\\/az\\\/article\\\/14-yasli-qizi-cinsi-istismara-m%c9%99ruz-qoyan-24-yasli-kisi-nec%c9%99-azadliqda-qala-bildi\\\/#primaryimage\"},\"image\":{\"@id\":\"https:\\\/\\\/www.meydan.tv\\\/az\\\/article\\\/14-yasli-qizi-cinsi-istismara-m%c9%99ruz-qoyan-24-yasli-kisi-nec%c9%99-azadliqda-qala-bildi\\\/#primaryimage\"},\"thumbnailUrl\":\"https:\\\/\\\/www.meydan.tv\\\/wp-content\\\/uploads\\\/0334-1.png\",\"datePublished\":\"2025-03-28T12:16:31+00:00\",\"dateModified\":\"2025-03-28T12:54:22+00:00\",\"breadcrumb\":{\"@id\":\"https:\\\/\\\/www.meydan.tv\\\/az\\\/article\\\/14-yasli-qizi-cinsi-istismara-m%c9%99ruz-qoyan-24-yasli-kisi-nec%c9%99-azadliqda-qala-bildi\\\/#breadcrumb\"},\"inLanguage\":\"az\",\"potentialAction\":[{\"@type\":\"ReadAction\",\"target\":[\"https:\\\/\\\/www.meydan.tv\\\/az\\\/article\\\/14-yasli-qizi-cinsi-istismara-m%c9%99ruz-qoyan-24-yasli-kisi-nec%c9%99-azadliqda-qala-bildi\\\/\"]}]},{\"@type\":\"ImageObject\",\"inLanguage\":\"az\",\"@id\":\"https:\\\/\\\/www.meydan.tv\\\/az\\\/article\\\/14-yasli-qizi-cinsi-istismara-m%c9%99ruz-qoyan-24-yasli-kisi-nec%c9%99-azadliqda-qala-bildi\\\/#primaryimage\",\"url\":\"https:\\\/\\\/www.meydan.tv\\\/wp-content\\\/uploads\\\/0334-1.png\",\"contentUrl\":\"https:\\\/\\\/www.meydan.tv\\\/wp-content\\\/uploads\\\/0334-1.png\",\"width\":1179,\"height\":576,\"caption\":\"Azya\u015fl\u0131 ana - Foto: Leonardo.ai\"},{\"@type\":\"BreadcrumbList\",\"@id\":\"https:\\\/\\\/www.meydan.tv\\\/az\\\/article\\\/14-yasli-qizi-cinsi-istismara-m%c9%99ruz-qoyan-24-yasli-kisi-nec%c9%99-azadliqda-qala-bildi\\\/#breadcrumb\",\"itemListElement\":[{\"@type\":\"ListItem\",\"position\":1,\"name\":\"Ana s\u0259hif\u0259\",\"item\":\"https:\\\/\\\/www.meydan.tv\\\/az\\\/\"},{\"@type\":\"ListItem\",\"position\":2,\"name\":\"Sosial\",\"item\":\"https:\\\/\\\/www.meydan.tv\\\/az\\\/section\\\/sosial\\\/\"},{\"@type\":\"ListItem\",\"position\":3,\"name\":\"13 ya\u015fl\u0131 q\u0131z\u0131 cinsi istismara m\u0259ruz qoyan 24 ya\u015fl\u0131 ki\u015fi nec\u0259 azadl\u0131qda qala bildi?\"}]},{\"@type\":\"WebSite\",\"@id\":\"https:\\\/\\\/www.meydan.tv\\\/az\\\/#website\",\"url\":\"https:\\\/\\\/www.meydan.tv\\\/az\\\/\",\"name\":\"MEYDAN.TV\",\"description\":\"Meydan TV Az\u0259rbaycan\u0131n media m\u0259kan\u0131ndak\u0131 alternativ s\u0259sidir\",\"publisher\":{\"@id\":\"https:\\\/\\\/www.meydan.tv\\\/az\\\/#organization\"},\"potentialAction\":[{\"@type\":\"SearchAction\",\"target\":{\"@type\":\"EntryPoint\",\"urlTemplate\":\"https:\\\/\\\/www.meydan.tv\\\/az\\\/?s={search_term_string}\"},\"query-input\":{\"@type\":\"PropertyValueSpecification\",\"valueRequired\":true,\"valueName\":\"search_term_string\"}}],\"inLanguage\":\"az\"},{\"@type\":\"Organization\",\"@id\":\"https:\\\/\\\/www.meydan.tv\\\/az\\\/#organization\",\"name\":\"Meydan TV\",\"url\":\"https:\\\/\\\/www.meydan.tv\\\/az\\\/\",\"logo\":{\"@type\":\"ImageObject\",\"inLanguage\":\"az\",\"@id\":\"https:\\\/\\\/www.meydan.tv\\\/az\\\/#\\\/schema\\\/logo\\\/image\\\/\",\"url\":\"https:\\\/\\\/www.meydan.tv\\\/wp-content\\\/uploads\\\/2021\\\/07\\\/meydan-logo.svg\",\"contentUrl\":\"https:\\\/\\\/www.meydan.tv\\\/wp-content\\\/uploads\\\/2021\\\/07\\\/meydan-logo.svg\",\"width\":195,\"height\":46,\"caption\":\"Meydan TV\"},\"image\":{\"@id\":\"https:\\\/\\\/www.meydan.tv\\\/az\\\/#\\\/schema\\\/logo\\\/image\\\/\"}},{\"@type\":\"Person\",\"@id\":\"https:\\\/\\\/www.meydan.tv\\\/az\\\/#\\\/schema\\\/person\\\/8f23e01c4de63326c13c319fb65ee65d\",\"name\":\"roma\"}]}<\/script>\n<!-- \/ Yoast SEO plugin. -->","yoast_head_json":{"title":"13 ya\u015fl\u0131 q\u0131z\u0131 cinsi istismara m\u0259ruz qoyan 24 ya\u015fl\u0131 ki\u015fi nec\u0259 azadl\u0131qda qala bildi? - MEYDAN.TV","robots":{"index":"index","follow":"follow","max-snippet":"max-snippet:-1","max-image-preview":"max-image-preview:large","max-video-preview":"max-video-preview:-1"},"canonical":"https:\/\/www.meydan.tv\/az\/article\/14-yasli-qizi-cinsi-istismara-m%c9%99ruz-qoyan-24-yasli-kisi-nec%c9%99-azadliqda-qala-bildi\/","og_locale":"az_AZ","og_type":"article","og_title":"13 ya\u015fl\u0131 q\u0131z\u0131 cinsi istismara m\u0259ruz qoyan 24 ya\u015fl\u0131 ki\u015fi nec\u0259 azadl\u0131qda qala bildi? - MEYDAN.TV","og_description":"Z\u0259r\u0259r\u00e7\u0259k\u0259nin anas\u0131 m\u0259hk\u0259m\u0259d\u0259 bildirib ki, ki\u015finin h\u0259bsd\u0259 qalmas\u0131n\u0131n q\u0131z\u0131na m\u00fcsb\u0259t ... Davam\u0131","og_url":"https:\/\/www.meydan.tv\/az\/article\/14-yasli-qizi-cinsi-istismara-m%c9%99ruz-qoyan-24-yasli-kisi-nec%c9%99-azadliqda-qala-bildi\/","og_site_name":"MEYDAN.TV","article_published_time":"2025-03-28T12:16:31+00:00","article_modified_time":"2025-03-28T12:54:22+00:00","og_image":[{"width":1179,"height":576,"url":"https:\/\/www.meydan.tv\/wp-content\/uploads\/0334-1.png","type":"image\/png"}],"author":"roma","twitter_card":"summary_large_image","schema":{"@context":"https:\/\/schema.org","@graph":[{"@type":"Article","@id":"https:\/\/www.meydan.tv\/az\/article\/14-yasli-qizi-cinsi-istismara-m%c9%99ruz-qoyan-24-yasli-kisi-nec%c9%99-azadliqda-qala-bildi\/#article","isPartOf":{"@id":"https:\/\/www.meydan.tv\/az\/article\/14-yasli-qizi-cinsi-istismara-m%c9%99ruz-qoyan-24-yasli-kisi-nec%c9%99-azadliqda-qala-bildi\/"},"author":{"name":"roma","@id":"https:\/\/www.meydan.tv\/az\/#\/schema\/person\/8f23e01c4de63326c13c319fb65ee65d"},"headline":"13 ya\u015fl\u0131 q\u0131z\u0131 cinsi istismara m\u0259ruz qoyan 24 ya\u015fl\u0131 ki\u015fi nec\u0259 azadl\u0131qda qala bildi?","datePublished":"2025-03-28T12:16:31+00:00","dateModified":"2025-03-28T12:54:22+00:00","mainEntityOfPage":{"@id":"https:\/\/www.meydan.tv\/az\/article\/14-yasli-qizi-cinsi-istismara-m%c9%99ruz-qoyan-24-yasli-kisi-nec%c9%99-azadliqda-qala-bildi\/"},"wordCount":908,"publisher":{"@id":"https:\/\/www.meydan.tv\/az\/#organization"},"image":{"@id":"https:\/\/www.meydan.tv\/az\/article\/14-yasli-qizi-cinsi-istismara-m%c9%99ruz-qoyan-24-yasli-kisi-nec%c9%99-azadliqda-qala-bildi\/#primaryimage"},"thumbnailUrl":"https:\/\/www.meydan.tv\/wp-content\/uploads\/0334-1.png","articleSection":["Sosial","T\u00f6vsiy\u0259","X\u0259b\u0259rl\u0259r"],"inLanguage":"az"},{"@type":"WebPage","@id":"https:\/\/www.meydan.tv\/az\/article\/14-yasli-qizi-cinsi-istismara-m%c9%99ruz-qoyan-24-yasli-kisi-nec%c9%99-azadliqda-qala-bildi\/","url":"https:\/\/www.meydan.tv\/az\/article\/14-yasli-qizi-cinsi-istismara-m%c9%99ruz-qoyan-24-yasli-kisi-nec%c9%99-azadliqda-qala-bildi\/","name":"13 ya\u015fl\u0131 q\u0131z\u0131 cinsi istismara m\u0259ruz qoyan 24 ya\u015fl\u0131 ki\u015fi nec\u0259 azadl\u0131qda qala bildi? - MEYDAN.TV","isPartOf":{"@id":"https:\/\/www.meydan.tv\/az\/#website"},"primaryImageOfPage":{"@id":"https:\/\/www.meydan.tv\/az\/article\/14-yasli-qizi-cinsi-istismara-m%c9%99ruz-qoyan-24-yasli-kisi-nec%c9%99-azadliqda-qala-bildi\/#primaryimage"},"image":{"@id":"https:\/\/www.meydan.tv\/az\/article\/14-yasli-qizi-cinsi-istismara-m%c9%99ruz-qoyan-24-yasli-kisi-nec%c9%99-azadliqda-qala-bildi\/#primaryimage"},"thumbnailUrl":"https:\/\/www.meydan.tv\/wp-content\/uploads\/0334-1.png","datePublished":"2025-03-28T12:16:31+00:00","dateModified":"2025-03-28T12:54:22+00:00","breadcrumb":{"@id":"https:\/\/www.meydan.tv\/az\/article\/14-yasli-qizi-cinsi-istismara-m%c9%99ruz-qoyan-24-yasli-kisi-nec%c9%99-azadliqda-qala-bildi\/#breadcrumb"},"inLanguage":"az","potentialAction":[{"@type":"ReadAction","target":["https:\/\/www.meydan.tv\/az\/article\/14-yasli-qizi-cinsi-istismara-m%c9%99ruz-qoyan-24-yasli-kisi-nec%c9%99-azadliqda-qala-bildi\/"]}]},{"@type":"ImageObject","inLanguage":"az","@id":"https:\/\/www.meydan.tv\/az\/article\/14-yasli-qizi-cinsi-istismara-m%c9%99ruz-qoyan-24-yasli-kisi-nec%c9%99-azadliqda-qala-bildi\/#primaryimage","url":"https:\/\/www.meydan.tv\/wp-content\/uploads\/0334-1.png","contentUrl":"https:\/\/www.meydan.tv\/wp-content\/uploads\/0334-1.png","width":1179,"height":576,"caption":"Azya\u015fl\u0131 ana - Foto: Leonardo.ai"},{"@type":"BreadcrumbList","@id":"https:\/\/www.meydan.tv\/az\/article\/14-yasli-qizi-cinsi-istismara-m%c9%99ruz-qoyan-24-yasli-kisi-nec%c9%99-azadliqda-qala-bildi\/#breadcrumb","itemListElement":[{"@type":"ListItem","position":1,"name":"Ana s\u0259hif\u0259","item":"https:\/\/www.meydan.tv\/az\/"},{"@type":"ListItem","position":2,"name":"Sosial","item":"https:\/\/www.meydan.tv\/az\/section\/sosial\/"},{"@type":"ListItem","position":3,"name":"13 ya\u015fl\u0131 q\u0131z\u0131 cinsi istismara m\u0259ruz qoyan 24 ya\u015fl\u0131 ki\u015fi nec\u0259 azadl\u0131qda qala bildi?"}]},{"@type":"WebSite","@id":"https:\/\/www.meydan.tv\/az\/#website","url":"https:\/\/www.meydan.tv\/az\/","name":"MEYDAN.TV","description":"Meydan TV Az\u0259rbaycan\u0131n media m\u0259kan\u0131ndak\u0131 alternativ s\u0259sidir","publisher":{"@id":"https:\/\/www.meydan.tv\/az\/#organization"},"potentialAction":[{"@type":"SearchAction","target":{"@type":"EntryPoint","urlTemplate":"https:\/\/www.meydan.tv\/az\/?s={search_term_string}"},"query-input":{"@type":"PropertyValueSpecification","valueRequired":true,"valueName":"search_term_string"}}],"inLanguage":"az"},{"@type":"Organization","@id":"https:\/\/www.meydan.tv\/az\/#organization","name":"Meydan TV","url":"https:\/\/www.meydan.tv\/az\/","logo":{"@type":"ImageObject","inLanguage":"az","@id":"https:\/\/www.meydan.tv\/az\/#\/schema\/logo\/image\/","url":"https:\/\/www.meydan.tv\/wp-content\/uploads\/2021\/07\/meydan-logo.svg","contentUrl":"https:\/\/www.meydan.tv\/wp-content\/uploads\/2021\/07\/meydan-logo.svg","width":195,"height":46,"caption":"Meydan TV"},"image":{"@id":"https:\/\/www.meydan.tv\/az\/#\/schema\/logo\/image\/"}},{"@type":"Person","@id":"https:\/\/www.meydan.tv\/az\/#\/schema\/person\/8f23e01c4de63326c13c319fb65ee65d","name":"roma"}]}},"_links":{"self":[{"href":"https:\/\/www.meydan.tv\/az\/wp-json\/wp\/v2\/posts\/328098","targetHints":{"allow":["GET"]}}],"collection":[{"href":"https:\/\/www.meydan.tv\/az\/wp-json\/wp\/v2\/posts"}],"about":[{"href":"https:\/\/www.meydan.tv\/az\/wp-json\/wp\/v2\/types\/post"}],"author":[{"embeddable":true,"href":"https:\/\/www.meydan.tv\/az\/wp-json\/wp\/v2\/users\/14"}],"replies":[{"embeddable":true,"href":"https:\/\/www.meydan.tv\/az\/wp-json\/wp\/v2\/comments?post=328098"}],"version-history":[{"count":3,"href":"https:\/\/www.meydan.tv\/az\/wp-json\/wp\/v2\/posts\/328098\/revisions"}],"predecessor-version":[{"id":328105,"href":"https:\/\/www.meydan.tv\/az\/wp-json\/wp\/v2\/posts\/328098\/revisions\/328105"}],"wp:featuredmedia":[{"embeddable":true,"href":"https:\/\/www.meydan.tv\/az\/wp-json\/wp\/v2\/media\/328074"}],"wp:attachment":[{"href":"https:\/\/www.meydan.tv\/az\/wp-json\/wp\/v2\/media?parent=328098"}],"wp:term":[{"taxonomy":"category","embeddable":true,"href":"https:\/\/www.meydan.tv\/az\/wp-json\/wp\/v2\/categories?post=328098"},{"taxonomy":"post_tag","embeddable":true,"href":"https:\/\/www.meydan.tv\/az\/wp-json\/wp\/v2\/tags?post=328098"}],"curies":[{"name":"wp","href":"https:\/\/api.w.org\/{rel}","templated":true}]}}