{"id":328097,"date":"2025-03-28T16:30:19","date_gmt":"2025-03-28T12:30:19","guid":{"rendered":"https:\/\/www.meydan.tv\/?p=328097"},"modified":"2025-03-28T16:30:22","modified_gmt":"2025-03-28T12:30:22","slug":"ukrayna-1200-d%c9%99n-cox-usagi-rusiyadan-qaytardigini-bildirir","status":"publish","type":"post","link":"https:\/\/www.meydan.tv\/az\/article\/ukrayna-1200-d%c9%99n-cox-usagi-rusiyadan-qaytardigini-bildirir\/","title":{"rendered":"Ukrayna 1200-d\u0259n \u00e7ox u\u015fa\u011f\u0131 Rusiyadan qaytard\u0131\u011f\u0131n\u0131 bildirir"},"content":{"rendered":"\n<p><strong><em>Ukrayna ombudsmeninin s\u00f6zl\u0259rin\u0259 g\u00f6r\u0259, bu m\u00f6vzu beyn\u0259lxalq s\u0259viyy\u0259d\u0259 prioritet olaraq qal\u0131r<\/em><\/strong><\/p>\n\n\n\n<p>Ukrayna Rusiya \u0259razisind\u0259 v\u0259 m\u00fcv\u0259qq\u0259ti i\u015f\u011fal olunmu\u015f Ukrayna torpaqlar\u0131nda qanunsuz saxlan\u0131lan 1247 u\u015fa\u011f\u0131 geri qaytarma\u011fa nail olub. Bu bar\u0259d\u0259 Ukrayna Ali Radas\u0131n\u0131n insan h\u00fcquqlar\u0131 \u00fczr\u0259 komissar\u0131 Dmitri Lubinets <a href=\"https:\/\/novosti.dn.ua\/ru\/news\/394085-ukraina-vernula-bolee-1200-detej-iz-okkupatsii-i-rossii-ombudsmen\" target=\"_blank\" rel=\"noreferrer noopener\">m\u0259lumat verib<\/a>.<\/p>\n\n\n\n<p><em>&#8220;Ukrayna Prezidentinin &#8220;Bring Kids Back UA&#8221; proqram\u0131 \u00e7\u0259r\u00e7iv\u0259sind\u0259  indiy\u0259d\u0259k biz birg\u0259 s\u0259yl\u0259rl\u0259\u2026 1247 ukraynal\u0131 u\u015fa\u011f\u0131 geri qaytarma\u011fa nail olmu\u015fuq. \u018fmin\u0259m ki, bu r\u0259q\u0259m yax\u0131n g\u0259l\u0259c\u0259kd\u0259 artacaq&#8221;,<\/em> &#8211; dey\u0259 ombudsmen bildirib.<\/p>\n\n\n\n<p>Ombudsman\u0131n s\u00f6zl\u0259rin\u0259 g\u00f6r\u0259, bu, h\u0259m Rusiya Federasiyas\u0131ndan, h\u0259m d\u0259 i\u015f\u011fal olunmu\u015f \u0259razil\u0259rd\u0259n qaytar\u0131lan yetkinlik ya\u015f\u0131na \u00e7atmayan u\u015faqlar\u0131n \u00fcmumi say\u0131d\u0131r. O vur\u011fulay\u0131b k, Ukrayna Rusiyadan r\u0259smi reaksiya almamas\u0131na r\u0259\u011fm\u0259n, bundan sonra da effektiv mexanizml\u0259rd\u0259n istifad\u0259 ed\u0259c\u0259k.<\/p>\n\n\n\n<p>Lubinets h\u0259m\u00e7inin qeyd edib ki, Amerika administrasiyas\u0131n\u0131n n\u00fcmay\u0259nd\u0259l\u0259ri il\u0259 ilk t\u0259maslar zaman\u0131 Ukrayna v\u0259t\u0259nda\u015flar\u0131n\u0131n, o c\u00fcml\u0259d\u0259n u\u015faqlar\u0131n geri qaytar\u0131lmas\u0131 m\u0259s\u0259l\u0259si qald\u0131r\u0131l\u0131b. Onun s\u00f6zl\u0259rin\u0259 g\u00f6r\u0259, bu m\u00f6vzu beyn\u0259lxalq s\u0259viyy\u0259d\u0259 prioritet olaraq qal\u0131r.<\/p>\n\n\n\n<p>Bu ilin yanvar ay\u0131n\u0131n \u0259vv\u0259lin\u0259 deportasiya olunmu\u015f min\u0259 yax\u0131n u\u015fa\u011f\u0131n \u00f6z ail\u0259l\u0259rin\u0259 qaytar\u0131l\u0131\u011f\u0131 m\u0259lum olub.<\/p>\n\n\n\n<p>Rusiya Q\u0259t\u0259r vasit\u0259sil\u0259 5 u\u015fa\u011f\u0131 ail\u0259l\u0259rin\u0259 qaytar\u0131lmas\u0131 Ukraynaya <a href=\"https:\/\/novosti.dn.ua\/ru\/news\/394049-rf-vernula-v-ukrainu-eshhe-pyat-detej\" target=\"_blank\" rel=\"noreferrer noopener\">g\u00f6nd\u0259rib<\/a>. Ukrayna Prezidenti Aparat\u0131n\u0131n r\u0259hb\u0259ri Andrey Yermak \u00f6z n\u00f6vb\u0259sind\u0259 qeyd edib ki, geri qay\u0131danlar aras\u0131nda yenic\u0259 yetkinlik ya\u015f\u0131na \u00e7atm\u0131\u015f \u00fc\u00e7 ukraynal\u0131 g\u0259nc d\u0259 var.<\/p>\n","protected":false},"excerpt":{"rendered":"<p>Ukrayna ombudsmeninin s\u00f6zl\u0259rin\u0259 g\u00f6r\u0259, bu m\u00f6vzu beyn\u0259lxalq s\u0259viyy\u0259d\u0259 prioritet olaraq &#8230; <\/p>\n<p class=\"read-more-container\"><a title=\"Ukrayna 1200-d\u0259n \u00e7ox u\u015fa\u011f\u0131 Rusiyadan qaytard\u0131\u011f\u0131n\u0131 bildirir\" class=\"read-more button\" href=\"https:\/\/www.meydan.tv\/az\/article\/ukrayna-1200-d%c9%99n-cox-usagi-rusiyadan-qaytardigini-bildirir\/#more-328097\" aria-label=\"Read more about Ukrayna 1200-d\u0259n \u00e7ox u\u015fa\u011f\u0131 Rusiyadan qaytard\u0131\u011f\u0131n\u0131 bildirir\">Davam\u0131<\/a><\/p>\n","protected":false},"author":16,"featured_media":270782,"comment_status":"closed","ping_status":"closed","sticky":false,"template":"","format":"standard","meta":{"_acf_changed":false,"_sitemap_exclude":false,"_sitemap_priority":"","_sitemap_frequency":"","footnotes":""},"categories":[64,56],"tags":[],"class_list":["post-328097","post","type-post","status-publish","format-standard","has-post-thumbnail","hentry","category-dunya","category-xeberler","infinite-scroll-item","generate-columns","tablet-grid-50","mobile-grid-100","grid-parent","grid-33","no-featured-image-padding"],"acf":[],"yoast_head":"<!-- This site is optimized with the Yoast SEO plugin v27.5 - https:\/\/yoast.com\/product\/yoast-seo-wordpress\/ -->\n<title>Ukrayna 1200-d\u0259n \u00e7ox u\u015fa\u011f\u0131 Rusiyadan qaytard\u0131\u011f\u0131n\u0131 bildirir - MEYDAN.TV<\/title>\n<meta name=\"robots\" content=\"index, follow, max-snippet:-1, max-image-preview:large, max-video-preview:-1\" \/>\n<link rel=\"canonical\" href=\"https:\/\/www.meydan.tv\/az\/article\/ukrayna-1200-d%c9%99n-cox-usagi-rusiyadan-qaytardigini-bildirir\/\" \/>\n<meta property=\"og:locale\" content=\"az_AZ\" \/>\n<meta property=\"og:type\" content=\"article\" \/>\n<meta property=\"og:title\" content=\"Ukrayna 1200-d\u0259n \u00e7ox u\u015fa\u011f\u0131 Rusiyadan qaytard\u0131\u011f\u0131n\u0131 bildirir - MEYDAN.TV\" \/>\n<meta property=\"og:description\" content=\"Ukrayna ombudsmeninin s\u00f6zl\u0259rin\u0259 g\u00f6r\u0259, bu m\u00f6vzu beyn\u0259lxalq s\u0259viyy\u0259d\u0259 prioritet olaraq ... Davam\u0131\" \/>\n<meta property=\"og:url\" content=\"https:\/\/www.meydan.tv\/az\/article\/ukrayna-1200-d%c9%99n-cox-usagi-rusiyadan-qaytardigini-bildirir\/\" \/>\n<meta property=\"og:site_name\" content=\"MEYDAN.TV\" \/>\n<meta property=\"article:published_time\" content=\"2025-03-28T12:30:19+00:00\" \/>\n<meta property=\"article:modified_time\" content=\"2025-03-28T12:30:22+00:00\" \/>\n<meta property=\"og:image\" content=\"https:\/\/www.meydan.tv\/wp-content\/uploads\/1-9-scaled.jpg\" \/>\n\t<meta property=\"og:image:width\" content=\"2560\" \/>\n\t<meta property=\"og:image:height\" content=\"1440\" \/>\n\t<meta property=\"og:image:type\" content=\"image\/jpeg\" \/>\n<meta name=\"author\" content=\"sevda\" \/>\n<meta name=\"twitter:card\" content=\"summary_large_image\" \/>\n<script type=\"application\/ld+json\" class=\"yoast-schema-graph\">{\"@context\":\"https:\\\/\\\/schema.org\",\"@graph\":[{\"@type\":\"Article\",\"@id\":\"https:\\\/\\\/www.meydan.tv\\\/az\\\/article\\\/ukrayna-1200-d%c9%99n-cox-usagi-rusiyadan-qaytardigini-bildirir\\\/#article\",\"isPartOf\":{\"@id\":\"https:\\\/\\\/www.meydan.tv\\\/az\\\/article\\\/ukrayna-1200-d%c9%99n-cox-usagi-rusiyadan-qaytardigini-bildirir\\\/\"},\"author\":{\"name\":\"sevda\",\"@id\":\"https:\\\/\\\/www.meydan.tv\\\/az\\\/#\\\/schema\\\/person\\\/49b5f2bad5b126bb8ea9320eeb3e4dc9\"},\"headline\":\"Ukrayna 1200-d\u0259n \u00e7ox u\u015fa\u011f\u0131 Rusiyadan qaytard\u0131\u011f\u0131n\u0131 bildirir\",\"datePublished\":\"2025-03-28T12:30:19+00:00\",\"dateModified\":\"2025-03-28T12:30:22+00:00\",\"mainEntityOfPage\":{\"@id\":\"https:\\\/\\\/www.meydan.tv\\\/az\\\/article\\\/ukrayna-1200-d%c9%99n-cox-usagi-rusiyadan-qaytardigini-bildirir\\\/\"},\"wordCount\":316,\"publisher\":{\"@id\":\"https:\\\/\\\/www.meydan.tv\\\/az\\\/#organization\"},\"image\":{\"@id\":\"https:\\\/\\\/www.meydan.tv\\\/az\\\/article\\\/ukrayna-1200-d%c9%99n-cox-usagi-rusiyadan-qaytardigini-bildirir\\\/#primaryimage\"},\"thumbnailUrl\":\"https:\\\/\\\/www.meydan.tv\\\/wp-content\\\/uploads\\\/1-9-scaled.jpg\",\"articleSection\":[\"D\u00fcnya\",\"X\u0259b\u0259rl\u0259r\"],\"inLanguage\":\"az\"},{\"@type\":\"WebPage\",\"@id\":\"https:\\\/\\\/www.meydan.tv\\\/az\\\/article\\\/ukrayna-1200-d%c9%99n-cox-usagi-rusiyadan-qaytardigini-bildirir\\\/\",\"url\":\"https:\\\/\\\/www.meydan.tv\\\/az\\\/article\\\/ukrayna-1200-d%c9%99n-cox-usagi-rusiyadan-qaytardigini-bildirir\\\/\",\"name\":\"Ukrayna 1200-d\u0259n \u00e7ox u\u015fa\u011f\u0131 Rusiyadan qaytard\u0131\u011f\u0131n\u0131 bildirir - MEYDAN.TV\",\"isPartOf\":{\"@id\":\"https:\\\/\\\/www.meydan.tv\\\/az\\\/#website\"},\"primaryImageOfPage\":{\"@id\":\"https:\\\/\\\/www.meydan.tv\\\/az\\\/article\\\/ukrayna-1200-d%c9%99n-cox-usagi-rusiyadan-qaytardigini-bildirir\\\/#primaryimage\"},\"image\":{\"@id\":\"https:\\\/\\\/www.meydan.tv\\\/az\\\/article\\\/ukrayna-1200-d%c9%99n-cox-usagi-rusiyadan-qaytardigini-bildirir\\\/#primaryimage\"},\"thumbnailUrl\":\"https:\\\/\\\/www.meydan.tv\\\/wp-content\\\/uploads\\\/1-9-scaled.jpg\",\"datePublished\":\"2025-03-28T12:30:19+00:00\",\"dateModified\":\"2025-03-28T12:30:22+00:00\",\"breadcrumb\":{\"@id\":\"https:\\\/\\\/www.meydan.tv\\\/az\\\/article\\\/ukrayna-1200-d%c9%99n-cox-usagi-rusiyadan-qaytardigini-bildirir\\\/#breadcrumb\"},\"inLanguage\":\"az\",\"potentialAction\":[{\"@type\":\"ReadAction\",\"target\":[\"https:\\\/\\\/www.meydan.tv\\\/az\\\/article\\\/ukrayna-1200-d%c9%99n-cox-usagi-rusiyadan-qaytardigini-bildirir\\\/\"]}]},{\"@type\":\"ImageObject\",\"inLanguage\":\"az\",\"@id\":\"https:\\\/\\\/www.meydan.tv\\\/az\\\/article\\\/ukrayna-1200-d%c9%99n-cox-usagi-rusiyadan-qaytardigini-bildirir\\\/#primaryimage\",\"url\":\"https:\\\/\\\/www.meydan.tv\\\/wp-content\\\/uploads\\\/1-9-scaled.jpg\",\"contentUrl\":\"https:\\\/\\\/www.meydan.tv\\\/wp-content\\\/uploads\\\/1-9-scaled.jpg\",\"width\":2560,\"height\":1440,\"caption\":\"Foto: Meydan TV\"},{\"@type\":\"BreadcrumbList\",\"@id\":\"https:\\\/\\\/www.meydan.tv\\\/az\\\/article\\\/ukrayna-1200-d%c9%99n-cox-usagi-rusiyadan-qaytardigini-bildirir\\\/#breadcrumb\",\"itemListElement\":[{\"@type\":\"ListItem\",\"position\":1,\"name\":\"Ana s\u0259hif\u0259\",\"item\":\"https:\\\/\\\/www.meydan.tv\\\/az\\\/\"},{\"@type\":\"ListItem\",\"position\":2,\"name\":\"X\u0259b\u0259rl\u0259r\",\"item\":\"https:\\\/\\\/www.meydan.tv\\\/az\\\/section\\\/xeberler\\\/\"},{\"@type\":\"ListItem\",\"position\":3,\"name\":\"Ukrayna 1200-d\u0259n \u00e7ox u\u015fa\u011f\u0131 Rusiyadan qaytard\u0131\u011f\u0131n\u0131 bildirir\"}]},{\"@type\":\"WebSite\",\"@id\":\"https:\\\/\\\/www.meydan.tv\\\/az\\\/#website\",\"url\":\"https:\\\/\\\/www.meydan.tv\\\/az\\\/\",\"name\":\"MEYDAN.TV\",\"description\":\"Meydan TV Az\u0259rbaycan\u0131n media m\u0259kan\u0131ndak\u0131 alternativ s\u0259sidir\",\"publisher\":{\"@id\":\"https:\\\/\\\/www.meydan.tv\\\/az\\\/#organization\"},\"potentialAction\":[{\"@type\":\"SearchAction\",\"target\":{\"@type\":\"EntryPoint\",\"urlTemplate\":\"https:\\\/\\\/www.meydan.tv\\\/az\\\/?s={search_term_string}\"},\"query-input\":{\"@type\":\"PropertyValueSpecification\",\"valueRequired\":true,\"valueName\":\"search_term_string\"}}],\"inLanguage\":\"az\"},{\"@type\":\"Organization\",\"@id\":\"https:\\\/\\\/www.meydan.tv\\\/az\\\/#organization\",\"name\":\"Meydan TV\",\"url\":\"https:\\\/\\\/www.meydan.tv\\\/az\\\/\",\"logo\":{\"@type\":\"ImageObject\",\"inLanguage\":\"az\",\"@id\":\"https:\\\/\\\/www.meydan.tv\\\/az\\\/#\\\/schema\\\/logo\\\/image\\\/\",\"url\":\"https:\\\/\\\/www.meydan.tv\\\/wp-content\\\/uploads\\\/2021\\\/07\\\/meydan-logo.svg\",\"contentUrl\":\"https:\\\/\\\/www.meydan.tv\\\/wp-content\\\/uploads\\\/2021\\\/07\\\/meydan-logo.svg\",\"width\":195,\"height\":46,\"caption\":\"Meydan TV\"},\"image\":{\"@id\":\"https:\\\/\\\/www.meydan.tv\\\/az\\\/#\\\/schema\\\/logo\\\/image\\\/\"}},{\"@type\":\"Person\",\"@id\":\"https:\\\/\\\/www.meydan.tv\\\/az\\\/#\\\/schema\\\/person\\\/49b5f2bad5b126bb8ea9320eeb3e4dc9\",\"name\":\"sevda\"}]}<\/script>\n<!-- \/ Yoast SEO plugin. -->","yoast_head_json":{"title":"Ukrayna 1200-d\u0259n \u00e7ox u\u015fa\u011f\u0131 Rusiyadan qaytard\u0131\u011f\u0131n\u0131 bildirir - MEYDAN.TV","robots":{"index":"index","follow":"follow","max-snippet":"max-snippet:-1","max-image-preview":"max-image-preview:large","max-video-preview":"max-video-preview:-1"},"canonical":"https:\/\/www.meydan.tv\/az\/article\/ukrayna-1200-d%c9%99n-cox-usagi-rusiyadan-qaytardigini-bildirir\/","og_locale":"az_AZ","og_type":"article","og_title":"Ukrayna 1200-d\u0259n \u00e7ox u\u015fa\u011f\u0131 Rusiyadan qaytard\u0131\u011f\u0131n\u0131 bildirir - MEYDAN.TV","og_description":"Ukrayna ombudsmeninin s\u00f6zl\u0259rin\u0259 g\u00f6r\u0259, bu m\u00f6vzu beyn\u0259lxalq s\u0259viyy\u0259d\u0259 prioritet olaraq ... Davam\u0131","og_url":"https:\/\/www.meydan.tv\/az\/article\/ukrayna-1200-d%c9%99n-cox-usagi-rusiyadan-qaytardigini-bildirir\/","og_site_name":"MEYDAN.TV","article_published_time":"2025-03-28T12:30:19+00:00","article_modified_time":"2025-03-28T12:30:22+00:00","og_image":[{"width":2560,"height":1440,"url":"https:\/\/www.meydan.tv\/wp-content\/uploads\/1-9-scaled.jpg","type":"image\/jpeg"}],"author":"sevda","twitter_card":"summary_large_image","schema":{"@context":"https:\/\/schema.org","@graph":[{"@type":"Article","@id":"https:\/\/www.meydan.tv\/az\/article\/ukrayna-1200-d%c9%99n-cox-usagi-rusiyadan-qaytardigini-bildirir\/#article","isPartOf":{"@id":"https:\/\/www.meydan.tv\/az\/article\/ukrayna-1200-d%c9%99n-cox-usagi-rusiyadan-qaytardigini-bildirir\/"},"author":{"name":"sevda","@id":"https:\/\/www.meydan.tv\/az\/#\/schema\/person\/49b5f2bad5b126bb8ea9320eeb3e4dc9"},"headline":"Ukrayna 1200-d\u0259n \u00e7ox u\u015fa\u011f\u0131 Rusiyadan qaytard\u0131\u011f\u0131n\u0131 bildirir","datePublished":"2025-03-28T12:30:19+00:00","dateModified":"2025-03-28T12:30:22+00:00","mainEntityOfPage":{"@id":"https:\/\/www.meydan.tv\/az\/article\/ukrayna-1200-d%c9%99n-cox-usagi-rusiyadan-qaytardigini-bildirir\/"},"wordCount":316,"publisher":{"@id":"https:\/\/www.meydan.tv\/az\/#organization"},"image":{"@id":"https:\/\/www.meydan.tv\/az\/article\/ukrayna-1200-d%c9%99n-cox-usagi-rusiyadan-qaytardigini-bildirir\/#primaryimage"},"thumbnailUrl":"https:\/\/www.meydan.tv\/wp-content\/uploads\/1-9-scaled.jpg","articleSection":["D\u00fcnya","X\u0259b\u0259rl\u0259r"],"inLanguage":"az"},{"@type":"WebPage","@id":"https:\/\/www.meydan.tv\/az\/article\/ukrayna-1200-d%c9%99n-cox-usagi-rusiyadan-qaytardigini-bildirir\/","url":"https:\/\/www.meydan.tv\/az\/article\/ukrayna-1200-d%c9%99n-cox-usagi-rusiyadan-qaytardigini-bildirir\/","name":"Ukrayna 1200-d\u0259n \u00e7ox u\u015fa\u011f\u0131 Rusiyadan qaytard\u0131\u011f\u0131n\u0131 bildirir - MEYDAN.TV","isPartOf":{"@id":"https:\/\/www.meydan.tv\/az\/#website"},"primaryImageOfPage":{"@id":"https:\/\/www.meydan.tv\/az\/article\/ukrayna-1200-d%c9%99n-cox-usagi-rusiyadan-qaytardigini-bildirir\/#primaryimage"},"image":{"@id":"https:\/\/www.meydan.tv\/az\/article\/ukrayna-1200-d%c9%99n-cox-usagi-rusiyadan-qaytardigini-bildirir\/#primaryimage"},"thumbnailUrl":"https:\/\/www.meydan.tv\/wp-content\/uploads\/1-9-scaled.jpg","datePublished":"2025-03-28T12:30:19+00:00","dateModified":"2025-03-28T12:30:22+00:00","breadcrumb":{"@id":"https:\/\/www.meydan.tv\/az\/article\/ukrayna-1200-d%c9%99n-cox-usagi-rusiyadan-qaytardigini-bildirir\/#breadcrumb"},"inLanguage":"az","potentialAction":[{"@type":"ReadAction","target":["https:\/\/www.meydan.tv\/az\/article\/ukrayna-1200-d%c9%99n-cox-usagi-rusiyadan-qaytardigini-bildirir\/"]}]},{"@type":"ImageObject","inLanguage":"az","@id":"https:\/\/www.meydan.tv\/az\/article\/ukrayna-1200-d%c9%99n-cox-usagi-rusiyadan-qaytardigini-bildirir\/#primaryimage","url":"https:\/\/www.meydan.tv\/wp-content\/uploads\/1-9-scaled.jpg","contentUrl":"https:\/\/www.meydan.tv\/wp-content\/uploads\/1-9-scaled.jpg","width":2560,"height":1440,"caption":"Foto: Meydan TV"},{"@type":"BreadcrumbList","@id":"https:\/\/www.meydan.tv\/az\/article\/ukrayna-1200-d%c9%99n-cox-usagi-rusiyadan-qaytardigini-bildirir\/#breadcrumb","itemListElement":[{"@type":"ListItem","position":1,"name":"Ana s\u0259hif\u0259","item":"https:\/\/www.meydan.tv\/az\/"},{"@type":"ListItem","position":2,"name":"X\u0259b\u0259rl\u0259r","item":"https:\/\/www.meydan.tv\/az\/section\/xeberler\/"},{"@type":"ListItem","position":3,"name":"Ukrayna 1200-d\u0259n \u00e7ox u\u015fa\u011f\u0131 Rusiyadan qaytard\u0131\u011f\u0131n\u0131 bildirir"}]},{"@type":"WebSite","@id":"https:\/\/www.meydan.tv\/az\/#website","url":"https:\/\/www.meydan.tv\/az\/","name":"MEYDAN.TV","description":"Meydan TV Az\u0259rbaycan\u0131n media m\u0259kan\u0131ndak\u0131 alternativ s\u0259sidir","publisher":{"@id":"https:\/\/www.meydan.tv\/az\/#organization"},"potentialAction":[{"@type":"SearchAction","target":{"@type":"EntryPoint","urlTemplate":"https:\/\/www.meydan.tv\/az\/?s={search_term_string}"},"query-input":{"@type":"PropertyValueSpecification","valueRequired":true,"valueName":"search_term_string"}}],"inLanguage":"az"},{"@type":"Organization","@id":"https:\/\/www.meydan.tv\/az\/#organization","name":"Meydan TV","url":"https:\/\/www.meydan.tv\/az\/","logo":{"@type":"ImageObject","inLanguage":"az","@id":"https:\/\/www.meydan.tv\/az\/#\/schema\/logo\/image\/","url":"https:\/\/www.meydan.tv\/wp-content\/uploads\/2021\/07\/meydan-logo.svg","contentUrl":"https:\/\/www.meydan.tv\/wp-content\/uploads\/2021\/07\/meydan-logo.svg","width":195,"height":46,"caption":"Meydan TV"},"image":{"@id":"https:\/\/www.meydan.tv\/az\/#\/schema\/logo\/image\/"}},{"@type":"Person","@id":"https:\/\/www.meydan.tv\/az\/#\/schema\/person\/49b5f2bad5b126bb8ea9320eeb3e4dc9","name":"sevda"}]}},"_links":{"self":[{"href":"https:\/\/www.meydan.tv\/az\/wp-json\/wp\/v2\/posts\/328097","targetHints":{"allow":["GET"]}}],"collection":[{"href":"https:\/\/www.meydan.tv\/az\/wp-json\/wp\/v2\/posts"}],"about":[{"href":"https:\/\/www.meydan.tv\/az\/wp-json\/wp\/v2\/types\/post"}],"author":[{"embeddable":true,"href":"https:\/\/www.meydan.tv\/az\/wp-json\/wp\/v2\/users\/16"}],"replies":[{"embeddable":true,"href":"https:\/\/www.meydan.tv\/az\/wp-json\/wp\/v2\/comments?post=328097"}],"version-history":[{"count":3,"href":"https:\/\/www.meydan.tv\/az\/wp-json\/wp\/v2\/posts\/328097\/revisions"}],"predecessor-version":[{"id":328103,"href":"https:\/\/www.meydan.tv\/az\/wp-json\/wp\/v2\/posts\/328097\/revisions\/328103"}],"wp:featuredmedia":[{"embeddable":true,"href":"https:\/\/www.meydan.tv\/az\/wp-json\/wp\/v2\/media\/270782"}],"wp:attachment":[{"href":"https:\/\/www.meydan.tv\/az\/wp-json\/wp\/v2\/media?parent=328097"}],"wp:term":[{"taxonomy":"category","embeddable":true,"href":"https:\/\/www.meydan.tv\/az\/wp-json\/wp\/v2\/categories?post=328097"},{"taxonomy":"post_tag","embeddable":true,"href":"https:\/\/www.meydan.tv\/az\/wp-json\/wp\/v2\/tags?post=328097"}],"curies":[{"name":"wp","href":"https:\/\/api.w.org\/{rel}","templated":true}]}}