{"id":328083,"date":"2025-03-27T16:45:57","date_gmt":"2025-03-27T12:45:57","guid":{"rendered":"https:\/\/www.meydan.tv\/?p=328083"},"modified":"2025-03-27T16:46:00","modified_gmt":"2025-03-27T12:46:00","slug":"bakida-yasayis-binasini-sok%c9%99n-tikinti-sirk%c9%99ti-il%c9%99-bagli-cinay%c9%99t-isi-acilib","status":"publish","type":"post","link":"https:\/\/www.meydan.tv\/az\/article\/bakida-yasayis-binasini-sok%c9%99n-tikinti-sirk%c9%99ti-il%c9%99-bagli-cinay%c9%99t-isi-acilib\/","title":{"rendered":"Bak\u0131da ya\u015fay\u0131\u015f binas\u0131n\u0131 s\u00f6k\u0259n tikinti \u015firk\u0259ti il\u0259 ba\u011fl\u0131 cinay\u0259t i\u015fi a\u00e7\u0131l\u0131b"},"content":{"rendered":"\n<p><strong><em>\u015eirk\u0259tin i\u015f icra\u00e7\u0131s\u0131 v\u0259 ekskavator s\u00fcr\u00fcc\u00fcs\u00fc saxlan\u0131l\u0131b, ara\u015fd\u0131rma apar\u0131l\u0131r <\/em><\/strong><\/p>\n\n\n\n<p>Bak\u0131 \u015f\u0259h\u0259ri, Yasamal rayonu, Alatava \u0259razisind\u0259 s\u00f6k\u00fcnt\u00fc i\u015fl\u0259ri aparan tikinti \u015firk\u0259tinin i\u015f icra\u00e7\u0131s\u0131 v\u0259 ekskavator s\u00fcr\u00fcc\u00fcs\u00fc saxlan\u0131l\u0131b.<\/p>\n\n\n\n<p>D\u0130N-in M\u0259tbuat xidm\u0259tind\u0259n\u00a0veril\u0259n m\u0259lumata g\u00f6r\u0259, faktla ba\u011fl\u0131 Cinay\u0259t M\u0259c\u0259ll\u0259sinin m\u00fcvafiq madd\u0259sil\u0259 <a href=\"https:\/\/apa.az\/sosial\/din-alatavada-sokuntu-isleri-aparan-sirketin-is-icracisi-ve-ekskavator-surucusu-saxlanilib-cinayet-isi-acilib-video-yenilenib-893750\" target=\"_blank\" rel=\"noreferrer noopener\">cinay\u0259t i\u015fi a\u00e7\u0131l\u0131b<\/a>, ara\u015fd\u0131rma apar\u0131l\u0131r.<\/p>\n\n\n\n<p>Bu g\u00fcn, mart\u0131n 27-d\u0259 sosial mediada Bak\u0131 \u015f\u0259h\u0259ri Yasamal rayonu Birinci Alatava massivi Abdulvahab Salamzad\u0259 k\u00fc\u00e7\u0259si 118B \u00fcnvan\u0131nda sakinl\u0259r evl\u0259rind\u0259 ola-ola s\u00f6k\u00fcnt\u00fc i\u015fl\u0259ri apar\u0131lmas\u0131 il\u0259 ba\u011fl\u0131 g\u00f6r\u00fcnt\u00fcl\u0259r yay\u0131l\u0131b. S\u00f6k\u00fcnt\u00fc zaman\u0131 ya\u015fay\u0131\u015f olan evl\u0259r ekskavator vasit\u0259sil\u0259 da\u011f\u0131d\u0131l\u0131b.<\/p>\n\n\n\n<p>S\u00f6k\u00fcnt\u00fc i\u015fl\u0259rinin \u201cMelissa Group\u201d tikinti \u015firk\u0259ti t\u0259r\u0259find\u0259n apar\u0131ld\u0131\u011f\u0131 bildirilir. <\/p>\n\n\n\n<p>Hadis\u0259 il\u0259 ba\u011fl\u0131 D\u00f6vl\u0259t \u015e\u0259h\u0259rsalma v\u0259 Arxitektura Komit\u0259si d\u0259 m\u0259lumat yay\u0131b v\u0259 bildirib ki, komit\u0259nin Memarl\u0131q v\u0259 \u015e\u0259h\u0259rsalma Ba\u015f \u0130dar\u0259si t\u0259r\u0259find\u0259n \u0259raziy\u0259 bax\u0131\u015f ke\u00e7irilib v\u0259 bu i\u015fl\u0259rin m\u00fcvafiq icaz\u0259 olmadan apar\u0131ld\u0131\u011f\u0131 m\u00fc\u0259yy\u0259n edilib.<\/p>\n\n\n\n<p><em>&#8220;Qanunsuz i\u015fl\u0259r zaman\u0131 v\u0259t\u0259nda\u015flar\u0131n m\u00fclkl\u0259rin\u0259 d\u0259ymi\u015f ziyanla ba\u011fl\u0131 m\u00fcvafiq ara\u015fd\u0131rma apar\u0131lmas\u0131 \u00fc\u00e7\u00fcn materiallar Ba\u015f \u0130dar\u0259 t\u0259r\u0259find\u0259n h\u00fcquq-m\u00fchafiz\u0259 orqanlar\u0131na t\u0259qdim edil\u0259c\u0259k&#8221;, <\/em>&#8211; m\u0259lumatda deyilib.<\/p>\n","protected":false},"excerpt":{"rendered":"<p>\u015eirk\u0259tin i\u015f icra\u00e7\u0131s\u0131 v\u0259 ekskavator s\u00fcr\u00fcc\u00fcs\u00fc saxlan\u0131l\u0131b, ara\u015fd\u0131rma apar\u0131l\u0131r Bak\u0131 &#8230; <\/p>\n<p class=\"read-more-container\"><a title=\"Bak\u0131da ya\u015fay\u0131\u015f binas\u0131n\u0131 s\u00f6k\u0259n tikinti \u015firk\u0259ti il\u0259 ba\u011fl\u0131 cinay\u0259t i\u015fi a\u00e7\u0131l\u0131b\" class=\"read-more button\" href=\"https:\/\/www.meydan.tv\/az\/article\/bakida-yasayis-binasini-sok%c9%99n-tikinti-sirk%c9%99ti-il%c9%99-bagli-cinay%c9%99t-isi-acilib\/#more-328083\" aria-label=\"Read more about Bak\u0131da ya\u015fay\u0131\u015f binas\u0131n\u0131 s\u00f6k\u0259n tikinti \u015firk\u0259ti il\u0259 ba\u011fl\u0131 cinay\u0259t i\u015fi a\u00e7\u0131l\u0131b\">Davam\u0131<\/a><\/p>\n","protected":false},"author":16,"featured_media":328091,"comment_status":"closed","ping_status":"closed","sticky":false,"template":"","format":"standard","meta":{"_acf_changed":false,"_sitemap_exclude":false,"_sitemap_priority":"","_sitemap_frequency":"","footnotes":""},"categories":[62,56],"tags":[],"class_list":["post-328083","post","type-post","status-publish","format-standard","has-post-thumbnail","hentry","category-sosial","category-xeberler","infinite-scroll-item","generate-columns","tablet-grid-50","mobile-grid-100","grid-parent","grid-33","no-featured-image-padding"],"acf":[],"yoast_head":"<!-- This site is optimized with the Yoast SEO plugin v27.4 - https:\/\/yoast.com\/product\/yoast-seo-wordpress\/ -->\n<title>Bak\u0131da ya\u015fay\u0131\u015f binas\u0131n\u0131 s\u00f6k\u0259n tikinti \u015firk\u0259ti il\u0259 ba\u011fl\u0131 cinay\u0259t i\u015fi a\u00e7\u0131l\u0131b - MEYDAN.TV<\/title>\n<meta name=\"robots\" content=\"index, follow, max-snippet:-1, max-image-preview:large, max-video-preview:-1\" \/>\n<link rel=\"canonical\" href=\"https:\/\/www.meydan.tv\/az\/article\/bakida-yasayis-binasini-sok%c9%99n-tikinti-sirk%c9%99ti-il%c9%99-bagli-cinay%c9%99t-isi-acilib\/\" \/>\n<meta property=\"og:locale\" content=\"az_AZ\" \/>\n<meta property=\"og:type\" content=\"article\" \/>\n<meta property=\"og:title\" content=\"Bak\u0131da ya\u015fay\u0131\u015f binas\u0131n\u0131 s\u00f6k\u0259n tikinti \u015firk\u0259ti il\u0259 ba\u011fl\u0131 cinay\u0259t i\u015fi a\u00e7\u0131l\u0131b - MEYDAN.TV\" \/>\n<meta property=\"og:description\" content=\"\u015eirk\u0259tin i\u015f icra\u00e7\u0131s\u0131 v\u0259 ekskavator s\u00fcr\u00fcc\u00fcs\u00fc saxlan\u0131l\u0131b, ara\u015fd\u0131rma apar\u0131l\u0131r Bak\u0131 ... Davam\u0131\" \/>\n<meta property=\"og:url\" content=\"https:\/\/www.meydan.tv\/az\/article\/bakida-yasayis-binasini-sok%c9%99n-tikinti-sirk%c9%99ti-il%c9%99-bagli-cinay%c9%99t-isi-acilib\/\" \/>\n<meta property=\"og:site_name\" content=\"MEYDAN.TV\" \/>\n<meta property=\"article:published_time\" content=\"2025-03-27T12:45:57+00:00\" \/>\n<meta property=\"article:modified_time\" content=\"2025-03-27T12:46:00+00:00\" \/>\n<meta property=\"og:image\" content=\"https:\/\/www.meydan.tv\/wp-content\/uploads\/5415995851391756603.jpg\" \/>\n\t<meta property=\"og:image:width\" content=\"1024\" \/>\n\t<meta property=\"og:image:height\" content=\"1280\" \/>\n\t<meta property=\"og:image:type\" content=\"image\/jpeg\" \/>\n<meta name=\"author\" content=\"sevda\" \/>\n<meta name=\"twitter:card\" content=\"summary_large_image\" \/>\n<script type=\"application\/ld+json\" class=\"yoast-schema-graph\">{\"@context\":\"https:\\\/\\\/schema.org\",\"@graph\":[{\"@type\":\"Article\",\"@id\":\"https:\\\/\\\/www.meydan.tv\\\/az\\\/article\\\/bakida-yasayis-binasini-sok%c9%99n-tikinti-sirk%c9%99ti-il%c9%99-bagli-cinay%c9%99t-isi-acilib\\\/#article\",\"isPartOf\":{\"@id\":\"https:\\\/\\\/www.meydan.tv\\\/az\\\/article\\\/bakida-yasayis-binasini-sok%c9%99n-tikinti-sirk%c9%99ti-il%c9%99-bagli-cinay%c9%99t-isi-acilib\\\/\"},\"author\":{\"name\":\"sevda\",\"@id\":\"https:\\\/\\\/www.meydan.tv\\\/az\\\/#\\\/schema\\\/person\\\/49b5f2bad5b126bb8ea9320eeb3e4dc9\"},\"headline\":\"Bak\u0131da ya\u015fay\u0131\u015f binas\u0131n\u0131 s\u00f6k\u0259n tikinti \u015firk\u0259ti il\u0259 ba\u011fl\u0131 cinay\u0259t i\u015fi a\u00e7\u0131l\u0131b\",\"datePublished\":\"2025-03-27T12:45:57+00:00\",\"dateModified\":\"2025-03-27T12:46:00+00:00\",\"mainEntityOfPage\":{\"@id\":\"https:\\\/\\\/www.meydan.tv\\\/az\\\/article\\\/bakida-yasayis-binasini-sok%c9%99n-tikinti-sirk%c9%99ti-il%c9%99-bagli-cinay%c9%99t-isi-acilib\\\/\"},\"wordCount\":292,\"publisher\":{\"@id\":\"https:\\\/\\\/www.meydan.tv\\\/az\\\/#organization\"},\"image\":{\"@id\":\"https:\\\/\\\/www.meydan.tv\\\/az\\\/article\\\/bakida-yasayis-binasini-sok%c9%99n-tikinti-sirk%c9%99ti-il%c9%99-bagli-cinay%c9%99t-isi-acilib\\\/#primaryimage\"},\"thumbnailUrl\":\"https:\\\/\\\/www.meydan.tv\\\/wp-content\\\/uploads\\\/5415995851391756603-e1750685306896.jpg\",\"articleSection\":[\"Sosial\",\"X\u0259b\u0259rl\u0259r\"],\"inLanguage\":\"az\"},{\"@type\":\"WebPage\",\"@id\":\"https:\\\/\\\/www.meydan.tv\\\/az\\\/article\\\/bakida-yasayis-binasini-sok%c9%99n-tikinti-sirk%c9%99ti-il%c9%99-bagli-cinay%c9%99t-isi-acilib\\\/\",\"url\":\"https:\\\/\\\/www.meydan.tv\\\/az\\\/article\\\/bakida-yasayis-binasini-sok%c9%99n-tikinti-sirk%c9%99ti-il%c9%99-bagli-cinay%c9%99t-isi-acilib\\\/\",\"name\":\"Bak\u0131da ya\u015fay\u0131\u015f binas\u0131n\u0131 s\u00f6k\u0259n tikinti \u015firk\u0259ti il\u0259 ba\u011fl\u0131 cinay\u0259t i\u015fi a\u00e7\u0131l\u0131b - MEYDAN.TV\",\"isPartOf\":{\"@id\":\"https:\\\/\\\/www.meydan.tv\\\/az\\\/#website\"},\"primaryImageOfPage\":{\"@id\":\"https:\\\/\\\/www.meydan.tv\\\/az\\\/article\\\/bakida-yasayis-binasini-sok%c9%99n-tikinti-sirk%c9%99ti-il%c9%99-bagli-cinay%c9%99t-isi-acilib\\\/#primaryimage\"},\"image\":{\"@id\":\"https:\\\/\\\/www.meydan.tv\\\/az\\\/article\\\/bakida-yasayis-binasini-sok%c9%99n-tikinti-sirk%c9%99ti-il%c9%99-bagli-cinay%c9%99t-isi-acilib\\\/#primaryimage\"},\"thumbnailUrl\":\"https:\\\/\\\/www.meydan.tv\\\/wp-content\\\/uploads\\\/5415995851391756603-e1750685306896.jpg\",\"datePublished\":\"2025-03-27T12:45:57+00:00\",\"dateModified\":\"2025-03-27T12:46:00+00:00\",\"breadcrumb\":{\"@id\":\"https:\\\/\\\/www.meydan.tv\\\/az\\\/article\\\/bakida-yasayis-binasini-sok%c9%99n-tikinti-sirk%c9%99ti-il%c9%99-bagli-cinay%c9%99t-isi-acilib\\\/#breadcrumb\"},\"inLanguage\":\"az\",\"potentialAction\":[{\"@type\":\"ReadAction\",\"target\":[\"https:\\\/\\\/www.meydan.tv\\\/az\\\/article\\\/bakida-yasayis-binasini-sok%c9%99n-tikinti-sirk%c9%99ti-il%c9%99-bagli-cinay%c9%99t-isi-acilib\\\/\"]}]},{\"@type\":\"ImageObject\",\"inLanguage\":\"az\",\"@id\":\"https:\\\/\\\/www.meydan.tv\\\/az\\\/article\\\/bakida-yasayis-binasini-sok%c9%99n-tikinti-sirk%c9%99ti-il%c9%99-bagli-cinay%c9%99t-isi-acilib\\\/#primaryimage\",\"url\":\"https:\\\/\\\/www.meydan.tv\\\/wp-content\\\/uploads\\\/5415995851391756603-e1750685306896.jpg\",\"contentUrl\":\"https:\\\/\\\/www.meydan.tv\\\/wp-content\\\/uploads\\\/5415995851391756603-e1750685306896.jpg\",\"width\":1024,\"height\":655},{\"@type\":\"BreadcrumbList\",\"@id\":\"https:\\\/\\\/www.meydan.tv\\\/az\\\/article\\\/bakida-yasayis-binasini-sok%c9%99n-tikinti-sirk%c9%99ti-il%c9%99-bagli-cinay%c9%99t-isi-acilib\\\/#breadcrumb\",\"itemListElement\":[{\"@type\":\"ListItem\",\"position\":1,\"name\":\"Ana s\u0259hif\u0259\",\"item\":\"https:\\\/\\\/www.meydan.tv\\\/az\\\/\"},{\"@type\":\"ListItem\",\"position\":2,\"name\":\"X\u0259b\u0259rl\u0259r\",\"item\":\"https:\\\/\\\/www.meydan.tv\\\/az\\\/section\\\/xeberler\\\/\"},{\"@type\":\"ListItem\",\"position\":3,\"name\":\"Bak\u0131da ya\u015fay\u0131\u015f binas\u0131n\u0131 s\u00f6k\u0259n tikinti \u015firk\u0259ti il\u0259 ba\u011fl\u0131 cinay\u0259t i\u015fi a\u00e7\u0131l\u0131b\"}]},{\"@type\":\"WebSite\",\"@id\":\"https:\\\/\\\/www.meydan.tv\\\/az\\\/#website\",\"url\":\"https:\\\/\\\/www.meydan.tv\\\/az\\\/\",\"name\":\"MEYDAN.TV\",\"description\":\"Meydan TV Az\u0259rbaycan\u0131n media m\u0259kan\u0131ndak\u0131 alternativ s\u0259sidir\",\"publisher\":{\"@id\":\"https:\\\/\\\/www.meydan.tv\\\/az\\\/#organization\"},\"potentialAction\":[{\"@type\":\"SearchAction\",\"target\":{\"@type\":\"EntryPoint\",\"urlTemplate\":\"https:\\\/\\\/www.meydan.tv\\\/az\\\/?s={search_term_string}\"},\"query-input\":{\"@type\":\"PropertyValueSpecification\",\"valueRequired\":true,\"valueName\":\"search_term_string\"}}],\"inLanguage\":\"az\"},{\"@type\":\"Organization\",\"@id\":\"https:\\\/\\\/www.meydan.tv\\\/az\\\/#organization\",\"name\":\"Meydan TV\",\"url\":\"https:\\\/\\\/www.meydan.tv\\\/az\\\/\",\"logo\":{\"@type\":\"ImageObject\",\"inLanguage\":\"az\",\"@id\":\"https:\\\/\\\/www.meydan.tv\\\/az\\\/#\\\/schema\\\/logo\\\/image\\\/\",\"url\":\"https:\\\/\\\/www.meydan.tv\\\/wp-content\\\/uploads\\\/2021\\\/07\\\/meydan-logo.svg\",\"contentUrl\":\"https:\\\/\\\/www.meydan.tv\\\/wp-content\\\/uploads\\\/2021\\\/07\\\/meydan-logo.svg\",\"width\":195,\"height\":46,\"caption\":\"Meydan TV\"},\"image\":{\"@id\":\"https:\\\/\\\/www.meydan.tv\\\/az\\\/#\\\/schema\\\/logo\\\/image\\\/\"}},{\"@type\":\"Person\",\"@id\":\"https:\\\/\\\/www.meydan.tv\\\/az\\\/#\\\/schema\\\/person\\\/49b5f2bad5b126bb8ea9320eeb3e4dc9\",\"name\":\"sevda\"}]}<\/script>\n<!-- \/ Yoast SEO plugin. -->","yoast_head_json":{"title":"Bak\u0131da ya\u015fay\u0131\u015f binas\u0131n\u0131 s\u00f6k\u0259n tikinti \u015firk\u0259ti il\u0259 ba\u011fl\u0131 cinay\u0259t i\u015fi a\u00e7\u0131l\u0131b - MEYDAN.TV","robots":{"index":"index","follow":"follow","max-snippet":"max-snippet:-1","max-image-preview":"max-image-preview:large","max-video-preview":"max-video-preview:-1"},"canonical":"https:\/\/www.meydan.tv\/az\/article\/bakida-yasayis-binasini-sok%c9%99n-tikinti-sirk%c9%99ti-il%c9%99-bagli-cinay%c9%99t-isi-acilib\/","og_locale":"az_AZ","og_type":"article","og_title":"Bak\u0131da ya\u015fay\u0131\u015f binas\u0131n\u0131 s\u00f6k\u0259n tikinti \u015firk\u0259ti il\u0259 ba\u011fl\u0131 cinay\u0259t i\u015fi a\u00e7\u0131l\u0131b - MEYDAN.TV","og_description":"\u015eirk\u0259tin i\u015f icra\u00e7\u0131s\u0131 v\u0259 ekskavator s\u00fcr\u00fcc\u00fcs\u00fc saxlan\u0131l\u0131b, ara\u015fd\u0131rma apar\u0131l\u0131r Bak\u0131 ... Davam\u0131","og_url":"https:\/\/www.meydan.tv\/az\/article\/bakida-yasayis-binasini-sok%c9%99n-tikinti-sirk%c9%99ti-il%c9%99-bagli-cinay%c9%99t-isi-acilib\/","og_site_name":"MEYDAN.TV","article_published_time":"2025-03-27T12:45:57+00:00","article_modified_time":"2025-03-27T12:46:00+00:00","og_image":[{"width":1024,"height":1280,"url":"https:\/\/www.meydan.tv\/wp-content\/uploads\/5415995851391756603.jpg","type":"image\/jpeg"}],"author":"sevda","twitter_card":"summary_large_image","schema":{"@context":"https:\/\/schema.org","@graph":[{"@type":"Article","@id":"https:\/\/www.meydan.tv\/az\/article\/bakida-yasayis-binasini-sok%c9%99n-tikinti-sirk%c9%99ti-il%c9%99-bagli-cinay%c9%99t-isi-acilib\/#article","isPartOf":{"@id":"https:\/\/www.meydan.tv\/az\/article\/bakida-yasayis-binasini-sok%c9%99n-tikinti-sirk%c9%99ti-il%c9%99-bagli-cinay%c9%99t-isi-acilib\/"},"author":{"name":"sevda","@id":"https:\/\/www.meydan.tv\/az\/#\/schema\/person\/49b5f2bad5b126bb8ea9320eeb3e4dc9"},"headline":"Bak\u0131da ya\u015fay\u0131\u015f binas\u0131n\u0131 s\u00f6k\u0259n tikinti \u015firk\u0259ti il\u0259 ba\u011fl\u0131 cinay\u0259t i\u015fi a\u00e7\u0131l\u0131b","datePublished":"2025-03-27T12:45:57+00:00","dateModified":"2025-03-27T12:46:00+00:00","mainEntityOfPage":{"@id":"https:\/\/www.meydan.tv\/az\/article\/bakida-yasayis-binasini-sok%c9%99n-tikinti-sirk%c9%99ti-il%c9%99-bagli-cinay%c9%99t-isi-acilib\/"},"wordCount":292,"publisher":{"@id":"https:\/\/www.meydan.tv\/az\/#organization"},"image":{"@id":"https:\/\/www.meydan.tv\/az\/article\/bakida-yasayis-binasini-sok%c9%99n-tikinti-sirk%c9%99ti-il%c9%99-bagli-cinay%c9%99t-isi-acilib\/#primaryimage"},"thumbnailUrl":"https:\/\/www.meydan.tv\/wp-content\/uploads\/5415995851391756603-e1750685306896.jpg","articleSection":["Sosial","X\u0259b\u0259rl\u0259r"],"inLanguage":"az"},{"@type":"WebPage","@id":"https:\/\/www.meydan.tv\/az\/article\/bakida-yasayis-binasini-sok%c9%99n-tikinti-sirk%c9%99ti-il%c9%99-bagli-cinay%c9%99t-isi-acilib\/","url":"https:\/\/www.meydan.tv\/az\/article\/bakida-yasayis-binasini-sok%c9%99n-tikinti-sirk%c9%99ti-il%c9%99-bagli-cinay%c9%99t-isi-acilib\/","name":"Bak\u0131da ya\u015fay\u0131\u015f binas\u0131n\u0131 s\u00f6k\u0259n tikinti \u015firk\u0259ti il\u0259 ba\u011fl\u0131 cinay\u0259t i\u015fi a\u00e7\u0131l\u0131b - MEYDAN.TV","isPartOf":{"@id":"https:\/\/www.meydan.tv\/az\/#website"},"primaryImageOfPage":{"@id":"https:\/\/www.meydan.tv\/az\/article\/bakida-yasayis-binasini-sok%c9%99n-tikinti-sirk%c9%99ti-il%c9%99-bagli-cinay%c9%99t-isi-acilib\/#primaryimage"},"image":{"@id":"https:\/\/www.meydan.tv\/az\/article\/bakida-yasayis-binasini-sok%c9%99n-tikinti-sirk%c9%99ti-il%c9%99-bagli-cinay%c9%99t-isi-acilib\/#primaryimage"},"thumbnailUrl":"https:\/\/www.meydan.tv\/wp-content\/uploads\/5415995851391756603-e1750685306896.jpg","datePublished":"2025-03-27T12:45:57+00:00","dateModified":"2025-03-27T12:46:00+00:00","breadcrumb":{"@id":"https:\/\/www.meydan.tv\/az\/article\/bakida-yasayis-binasini-sok%c9%99n-tikinti-sirk%c9%99ti-il%c9%99-bagli-cinay%c9%99t-isi-acilib\/#breadcrumb"},"inLanguage":"az","potentialAction":[{"@type":"ReadAction","target":["https:\/\/www.meydan.tv\/az\/article\/bakida-yasayis-binasini-sok%c9%99n-tikinti-sirk%c9%99ti-il%c9%99-bagli-cinay%c9%99t-isi-acilib\/"]}]},{"@type":"ImageObject","inLanguage":"az","@id":"https:\/\/www.meydan.tv\/az\/article\/bakida-yasayis-binasini-sok%c9%99n-tikinti-sirk%c9%99ti-il%c9%99-bagli-cinay%c9%99t-isi-acilib\/#primaryimage","url":"https:\/\/www.meydan.tv\/wp-content\/uploads\/5415995851391756603-e1750685306896.jpg","contentUrl":"https:\/\/www.meydan.tv\/wp-content\/uploads\/5415995851391756603-e1750685306896.jpg","width":1024,"height":655},{"@type":"BreadcrumbList","@id":"https:\/\/www.meydan.tv\/az\/article\/bakida-yasayis-binasini-sok%c9%99n-tikinti-sirk%c9%99ti-il%c9%99-bagli-cinay%c9%99t-isi-acilib\/#breadcrumb","itemListElement":[{"@type":"ListItem","position":1,"name":"Ana s\u0259hif\u0259","item":"https:\/\/www.meydan.tv\/az\/"},{"@type":"ListItem","position":2,"name":"X\u0259b\u0259rl\u0259r","item":"https:\/\/www.meydan.tv\/az\/section\/xeberler\/"},{"@type":"ListItem","position":3,"name":"Bak\u0131da ya\u015fay\u0131\u015f binas\u0131n\u0131 s\u00f6k\u0259n tikinti \u015firk\u0259ti il\u0259 ba\u011fl\u0131 cinay\u0259t i\u015fi a\u00e7\u0131l\u0131b"}]},{"@type":"WebSite","@id":"https:\/\/www.meydan.tv\/az\/#website","url":"https:\/\/www.meydan.tv\/az\/","name":"MEYDAN.TV","description":"Meydan TV Az\u0259rbaycan\u0131n media m\u0259kan\u0131ndak\u0131 alternativ s\u0259sidir","publisher":{"@id":"https:\/\/www.meydan.tv\/az\/#organization"},"potentialAction":[{"@type":"SearchAction","target":{"@type":"EntryPoint","urlTemplate":"https:\/\/www.meydan.tv\/az\/?s={search_term_string}"},"query-input":{"@type":"PropertyValueSpecification","valueRequired":true,"valueName":"search_term_string"}}],"inLanguage":"az"},{"@type":"Organization","@id":"https:\/\/www.meydan.tv\/az\/#organization","name":"Meydan TV","url":"https:\/\/www.meydan.tv\/az\/","logo":{"@type":"ImageObject","inLanguage":"az","@id":"https:\/\/www.meydan.tv\/az\/#\/schema\/logo\/image\/","url":"https:\/\/www.meydan.tv\/wp-content\/uploads\/2021\/07\/meydan-logo.svg","contentUrl":"https:\/\/www.meydan.tv\/wp-content\/uploads\/2021\/07\/meydan-logo.svg","width":195,"height":46,"caption":"Meydan TV"},"image":{"@id":"https:\/\/www.meydan.tv\/az\/#\/schema\/logo\/image\/"}},{"@type":"Person","@id":"https:\/\/www.meydan.tv\/az\/#\/schema\/person\/49b5f2bad5b126bb8ea9320eeb3e4dc9","name":"sevda"}]}},"_links":{"self":[{"href":"https:\/\/www.meydan.tv\/az\/wp-json\/wp\/v2\/posts\/328083","targetHints":{"allow":["GET"]}}],"collection":[{"href":"https:\/\/www.meydan.tv\/az\/wp-json\/wp\/v2\/posts"}],"about":[{"href":"https:\/\/www.meydan.tv\/az\/wp-json\/wp\/v2\/types\/post"}],"author":[{"embeddable":true,"href":"https:\/\/www.meydan.tv\/az\/wp-json\/wp\/v2\/users\/16"}],"replies":[{"embeddable":true,"href":"https:\/\/www.meydan.tv\/az\/wp-json\/wp\/v2\/comments?post=328083"}],"version-history":[{"count":1,"href":"https:\/\/www.meydan.tv\/az\/wp-json\/wp\/v2\/posts\/328083\/revisions"}],"predecessor-version":[{"id":328084,"href":"https:\/\/www.meydan.tv\/az\/wp-json\/wp\/v2\/posts\/328083\/revisions\/328084"}],"wp:featuredmedia":[{"embeddable":true,"href":"https:\/\/www.meydan.tv\/az\/wp-json\/wp\/v2\/media\/328091"}],"wp:attachment":[{"href":"https:\/\/www.meydan.tv\/az\/wp-json\/wp\/v2\/media?parent=328083"}],"wp:term":[{"taxonomy":"category","embeddable":true,"href":"https:\/\/www.meydan.tv\/az\/wp-json\/wp\/v2\/categories?post=328083"},{"taxonomy":"post_tag","embeddable":true,"href":"https:\/\/www.meydan.tv\/az\/wp-json\/wp\/v2\/tags?post=328083"}],"curies":[{"name":"wp","href":"https:\/\/api.w.org\/{rel}","templated":true}]}}