{"id":328063,"date":"2025-03-26T16:37:02","date_gmt":"2025-03-26T12:37:02","guid":{"rendered":"https:\/\/www.meydan.tv\/?p=328063"},"modified":"2025-03-26T17:22:30","modified_gmt":"2025-03-26T13:22:30","slug":"agcab%c9%99did%c9%99-13-yasli-qizin-hamil%c9%99-oldugu-bildirilir","status":"publish","type":"post","link":"https:\/\/www.meydan.tv\/az\/article\/agcab%c9%99did%c9%99-13-yasli-qizin-hamil%c9%99-oldugu-bildirilir\/","title":{"rendered":"A\u011fcab\u0259did\u0259 15 ya\u015fl\u0131 q\u0131z\u0131n ana oldu\u011fu bildirilir"},"content":{"rendered":"\n<p><strong><em>Haz\u0131rda h\u0259min q\u0131z hamil\u0259 qald\u0131\u011f\u0131 \u015f\u0259xsin ail\u0259si il\u0259 birlikd\u0259 ya\u015fay\u0131r<\/em><\/strong><\/p>\n\n\n\n<p>A\u011fcab\u0259did\u0259 14 ya\u015fl\u0131 q\u0131z 24 ya\u015fl\u0131 \u015f\u0259xsd\u0259n hamil\u0259 qal\u0131b. <\/p>\n\n\n\n<p>Bu bar\u0259d\u0259 \u201cAz\u0259rbaycan U\u015faqlar\u0131\u201d \u0130ctimai Birliyinin s\u0259dri K\u0259mal\u0259 A\u011fazad\u0259 \u201cFacebook\u201d hesab\u0131nda yaz\u0131b.<\/p>\n\n\n\n<p>M\u0259lumata g\u00f6r\u0259, q\u0131z 2025-ci ilin fevral\u0131nda ana olub. H\u0259kiml\u0259r bu bar\u0259d\u0259 polis\u0259 m\u0259lumat veribl\u0259r. Buna q\u0259d\u0259r ail\u0259l\u0259r m\u0259s\u0259l\u0259ni gizli saxlama\u011fa \u00e7al\u0131\u015f\u0131blar.<\/p>\n\n\n\n<p>K\u0259mal\u0259 A\u011fazad\u0259 bildirib ki, q\u0131z\u0131n hamil\u0259 qald\u0131\u011f\u0131 \u015f\u0259xs m\u0259hk\u0259m\u0259nin h\u00f6km\u00fc il\u0259 Cinay\u0259t M\u0259c\u0259ll\u0259sinin 152.4.1 madd\u0259sin\u0259 uy\u011fun olaraq 6 il azadl\u0131qdan m\u0259hrumetm\u0259 c\u0259zas\u0131na m\u0259hkum olunsa da Cinay\u0259t M\u0259c\u0259ll\u0259sinin 70-ci madd\u0259sin\u0259 \u0259sas\u0259n 1 il s\u0131naq m\u00fcdd\u0259ti il\u0259 \u015f\u0259rti hesab edil\u0259r\u0259k Bak\u0131 \u0130stintaq T\u0259cridxanas\u0131nda h\u0259bsd\u0259n azad edilib.<\/p>\n\n\n\n<p><em>\u201cBu g\u00fcn h\u0259min \u015f\u0259xs 15 ya\u015fl\u0131 q\u0131zla bir evd\u0259 ya\u015fay\u0131r v\u0259 q\u0131z 18 ya\u015fa \u00e7atd\u0131qdan sonra onunla evl\u0259nm\u0259yi g\u00f6zl\u0259yir. Q\u0131z\u0131n hamil\u0259 qalmas\u0131 14 ya\u015f\u0131na t\u0259sad\u00fcf edib. Bu v\u0259ziyy\u0259tin ortaya \u00e7\u0131xard\u0131\u011f\u0131 sual is\u0259 qanunun v\u0259 c\u0259zan\u0131n n\u0259 d\u0259r\u0259c\u0259d\u0259 t\u0259tbiq olundu\u011fudur. Q\u0131z\u0131n ail\u0259si ondan imtina edib. Ail\u0259 niy\u0259 u\u015fa\u011f\u0131n\u0131n h\u00fcquqlar\u0131n\u0131 m\u00fcdafi\u0259 etmir? H\u0259min ail\u0259 m\u00fctl\u0259q \u015f\u0259kild\u0259 icra hakimiyy\u0259tin\u0259 m\u00fcraci\u0259t etm\u0259li v\u0259 u\u015fa\u011f\u0131n reabilitasiyas\u0131n\u0131 t\u0259min etm\u0259lidir. Qay\u0131nanas\u0131 q\u0131z\u0131n \u00f6z evl\u0259rind\u0259 qalaca\u011f\u0131n\u0131 deyir. Bu \u015f\u0259raitd\u0259 q\u0131z\u0131n m\u00fcdafi\u0259si nec\u0259 t\u0259min olunur, h\u00fcquqlar\u0131 nec\u0259 qorunur?\u201d<\/em><\/p>\n\n\n\n<p>K\u0259mal\u0259 A\u011fazad\u0259 h\u0259m\u00e7inin qeyd edib ki, q\u0131z\u0131n t\u0259hsil ald\u0131\u011f\u0131 m\u0259kt\u0259bin direktoru u\u015fa\u011f\u0131n hamil\u0259lik v\u0259ziyy\u0259tin\u0259 n\u0259zar\u0259t etm\u0259diyin\u0259 g\u00f6r\u0259 i\u015fd\u0259n \u00e7\u0131xar\u0131l\u0131b:<\/p>\n\n\n\n<p><em>\u201cM\u0259kt\u0259b direktoru, u\u015faq \u00fc\u00e7\u00fcn t\u0259hl\u00fck\u0259li v\u0259ziyy\u0259tin qar\u015f\u0131s\u0131n\u0131 almaqda nec\u0259 m\u0259suliyy\u0259t da\u015f\u0131m\u0131r? Bu m\u0259s\u0259l\u0259l\u0259r daha geni\u015f t\u0259hsil siyas\u0259tinin z\u0259if t\u0259r\u0259fl\u0259rini g\u00f6st\u0259rir. Sonunda is\u0259 bir daha sual yaran\u0131r: Regionlarda qanun i\u015fl\u0259mir, yoxsa \u0259xlaq v\u0259 \u0259n\u0259n\u0259l\u0259r qanunu t\u0259hrif ed\u0259r\u0259k, \u00f6rt-basd\u0131r edir? Bu c\u00fcr m\u0259s\u0259l\u0259l\u0259rd\u0259 qanunu pozan m\u0259murlar v\u0259 qeyri-kafi m\u00fcdaxil\u0259l\u0259r ciddi narahatl\u0131q do\u011furur. Bu v\u0259ziyy\u0259t, erk\u0259n evlilikl\u0259rin qar\u015f\u0131s\u0131n\u0131 almaq \u00fc\u00e7\u00fcn edil\u0259n qanun d\u0259yi\u015fikliyin\u0259 qar\u015f\u0131 bir t\u0259hdid yarad\u0131r. \u00c7\u00fcnki qanunlar art\u0131q pozulub v\u0259 h\u0259r \u015feyin yava\u015f-yava\u015f normal q\u0259bul edildiyi bir m\u00fchit\u0259 \u00e7evrilib\u201d.<\/em><\/p>\n\n\n\n<p>Daxili \u0130\u015fl\u0259r Nazirliyinin m\u0259tbuat xidm\u0259tinin regional qrupunun m\u0259lumat\u0131na g\u00f6r\u0259, A\u011fcab\u0259did\u0259 2010-cu il t\u0259v\u0259ll\u00fcdl\u00fc G.M-in valideynl\u0259ri Rayon Polis \u015e\u00f6b\u0259sin\u0259 d\u0259v\u0259t olunaraq onlarla profilaktiki s\u00f6hb\u0259t apar\u0131l\u0131b. O, profilaktik u\u00e7ota al\u0131nmaqla, valideynl\u0259rinin himay\u0259sin\u0259 t\u0259hvil verilib.<\/p>\n\n\n\n<p>Ail\u0259, Qad\u0131n v\u0259 U\u015faq Probleml\u0259ri \u00fczr\u0259 D\u00f6vl\u0259t Komit\u0259sinin U\u015faq m\u0259s\u0259l\u0259l\u0259ri \u015f\u00f6b\u0259sinin m\u0259sl\u0259h\u0259t\u00e7isi Bahar H\u0259s\u0259nli mediaya bildirib ki, 15 ya\u015fl\u0131 yeniyetm\u0259d\u0259n ail\u0259si imtina edib: <\/p>\n\n\n\n<p><em>\u201cBu s\u0259b\u0259bd\u0259n o, qeyri-r\u0259smi ail\u0259 qurdu\u011fu o\u011flan\u0131n ail\u0259si il\u0259 birlikd\u0259 ya\u015fay\u0131r\u201d.<\/em><\/p>\n\n\n\n<p>U\u015faq H\u00fcquqlar\u0131 Haqq\u0131nda Konvensiyaya uy\u011fun olaraq, ya\u015f\u0131 18-d\u0259k olan h\u0259r bir insan u\u015faq say\u0131l\u0131r.<\/p>\n\n\n\n<p>Az\u0259rbaycanda nikah ya\u015f\u0131 18-dir. Lakin b\u0259zi \u00fczrl\u00fc s\u0259b\u0259bl\u0259r olduqda, m\u00fcvafiq icra hakimiyy\u0259ti orqan\u0131 nikah ya\u015f\u0131n\u0131n 1 ild\u0259n \u00e7ox olmayaraq azald\u0131lmas\u0131na icaz\u0259 ver\u0259 bil\u0259r. Bu s\u0259b\u0259bl\u0259r daha \u00e7ox nikaha girm\u0259k ist\u0259y\u0259n t\u0259r\u0259fl\u0259rin ail\u0259 v\u0259ziyy\u0259tl\u0259ri il\u0259 ba\u011fl\u0131 olur. M\u0259s\u0259l\u0259n, onlar\u0131n valideynl\u0259ri a\u011f\u0131r (\u00f6l\u00fcmc\u00fcl) x\u0259st\u0259 olduqda, q\u0131z hamil\u0259 olduqda v\u0259 s. hallarda t\u0259r\u0259fl\u0259r 17 ya\u015f\u0131nda nikaha daxil ola bil\u0259rl\u0259r.<\/p>\n","protected":false},"excerpt":{"rendered":"<p>Haz\u0131rda h\u0259min q\u0131z hamil\u0259 qald\u0131\u011f\u0131 \u015f\u0259xsin ail\u0259si il\u0259 birlikd\u0259 ya\u015fay\u0131r &#8230; <\/p>\n<p class=\"read-more-container\"><a title=\"A\u011fcab\u0259did\u0259 15 ya\u015fl\u0131 q\u0131z\u0131n ana oldu\u011fu bildirilir\" class=\"read-more button\" href=\"https:\/\/www.meydan.tv\/az\/article\/agcab%c9%99did%c9%99-13-yasli-qizin-hamil%c9%99-oldugu-bildirilir\/#more-328063\" aria-label=\"Read more about A\u011fcab\u0259did\u0259 15 ya\u015fl\u0131 q\u0131z\u0131n ana oldu\u011fu bildirilir\">Davam\u0131<\/a><\/p>\n","protected":false},"author":21,"featured_media":255083,"comment_status":"closed","ping_status":"closed","sticky":false,"template":"","format":"standard","meta":{"_acf_changed":false,"_sitemap_exclude":false,"_sitemap_priority":"","_sitemap_frequency":"","footnotes":""},"categories":[62,79,56],"tags":[],"class_list":["post-328063","post","type-post","status-publish","format-standard","has-post-thumbnail","hentry","category-sosial","category-featured","category-xeberler","infinite-scroll-item","generate-columns","tablet-grid-50","mobile-grid-100","grid-parent","grid-33","no-featured-image-padding"],"acf":[],"yoast_head":"<!-- This site is optimized with the Yoast SEO plugin v27.4 - https:\/\/yoast.com\/product\/yoast-seo-wordpress\/ -->\n<title>A\u011fcab\u0259did\u0259 15 ya\u015fl\u0131 q\u0131z\u0131n ana oldu\u011fu bildirilir - MEYDAN.TV<\/title>\n<meta name=\"robots\" content=\"index, follow, max-snippet:-1, max-image-preview:large, max-video-preview:-1\" \/>\n<link rel=\"canonical\" href=\"https:\/\/www.meydan.tv\/az\/article\/agcab%c9%99did%c9%99-13-yasli-qizin-hamil%c9%99-oldugu-bildirilir\/\" \/>\n<meta property=\"og:locale\" content=\"az_AZ\" \/>\n<meta property=\"og:type\" content=\"article\" \/>\n<meta property=\"og:title\" content=\"A\u011fcab\u0259did\u0259 15 ya\u015fl\u0131 q\u0131z\u0131n ana oldu\u011fu bildirilir - MEYDAN.TV\" \/>\n<meta property=\"og:description\" content=\"Haz\u0131rda h\u0259min q\u0131z hamil\u0259 qald\u0131\u011f\u0131 \u015f\u0259xsin ail\u0259si il\u0259 birlikd\u0259 ya\u015fay\u0131r ... Davam\u0131\" \/>\n<meta property=\"og:url\" content=\"https:\/\/www.meydan.tv\/az\/article\/agcab%c9%99did%c9%99-13-yasli-qizin-hamil%c9%99-oldugu-bildirilir\/\" \/>\n<meta property=\"og:site_name\" content=\"MEYDAN.TV\" \/>\n<meta property=\"article:published_time\" content=\"2025-03-26T12:37:02+00:00\" \/>\n<meta property=\"article:modified_time\" content=\"2025-03-26T13:22:30+00:00\" \/>\n<meta property=\"og:image\" content=\"https:\/\/www.meydan.tv\/wp-content\/uploads\/lerik_xvw4rib-1536x1024-1-e1662550451897.jpg\" \/>\n\t<meta property=\"og:image:width\" content=\"1536\" \/>\n\t<meta property=\"og:image:height\" content=\"756\" \/>\n\t<meta property=\"og:image:type\" content=\"image\/jpeg\" \/>\n<meta name=\"author\" content=\"mahmud\" \/>\n<meta name=\"twitter:card\" content=\"summary_large_image\" \/>\n<script type=\"application\/ld+json\" class=\"yoast-schema-graph\">{\"@context\":\"https:\\\/\\\/schema.org\",\"@graph\":[{\"@type\":\"Article\",\"@id\":\"https:\\\/\\\/www.meydan.tv\\\/az\\\/article\\\/agcab%c9%99did%c9%99-13-yasli-qizin-hamil%c9%99-oldugu-bildirilir\\\/#article\",\"isPartOf\":{\"@id\":\"https:\\\/\\\/www.meydan.tv\\\/az\\\/article\\\/agcab%c9%99did%c9%99-13-yasli-qizin-hamil%c9%99-oldugu-bildirilir\\\/\"},\"author\":{\"name\":\"mahmud\",\"@id\":\"https:\\\/\\\/www.meydan.tv\\\/az\\\/#\\\/schema\\\/person\\\/09863e516102a829e72bedcf3f84c6b0\"},\"headline\":\"A\u011fcab\u0259did\u0259 15 ya\u015fl\u0131 q\u0131z\u0131n ana oldu\u011fu bildirilir\",\"datePublished\":\"2025-03-26T12:37:02+00:00\",\"dateModified\":\"2025-03-26T13:22:30+00:00\",\"mainEntityOfPage\":{\"@id\":\"https:\\\/\\\/www.meydan.tv\\\/az\\\/article\\\/agcab%c9%99did%c9%99-13-yasli-qizin-hamil%c9%99-oldugu-bildirilir\\\/\"},\"wordCount\":734,\"publisher\":{\"@id\":\"https:\\\/\\\/www.meydan.tv\\\/az\\\/#organization\"},\"image\":{\"@id\":\"https:\\\/\\\/www.meydan.tv\\\/az\\\/article\\\/agcab%c9%99did%c9%99-13-yasli-qizin-hamil%c9%99-oldugu-bildirilir\\\/#primaryimage\"},\"thumbnailUrl\":\"https:\\\/\\\/www.meydan.tv\\\/wp-content\\\/uploads\\\/lerik_xvw4rib-1536x1024-1-e1662550451897.jpg\",\"articleSection\":[\"Sosial\",\"T\u00f6vsiy\u0259\",\"X\u0259b\u0259rl\u0259r\"],\"inLanguage\":\"az\"},{\"@type\":\"WebPage\",\"@id\":\"https:\\\/\\\/www.meydan.tv\\\/az\\\/article\\\/agcab%c9%99did%c9%99-13-yasli-qizin-hamil%c9%99-oldugu-bildirilir\\\/\",\"url\":\"https:\\\/\\\/www.meydan.tv\\\/az\\\/article\\\/agcab%c9%99did%c9%99-13-yasli-qizin-hamil%c9%99-oldugu-bildirilir\\\/\",\"name\":\"A\u011fcab\u0259did\u0259 15 ya\u015fl\u0131 q\u0131z\u0131n ana oldu\u011fu bildirilir - MEYDAN.TV\",\"isPartOf\":{\"@id\":\"https:\\\/\\\/www.meydan.tv\\\/az\\\/#website\"},\"primaryImageOfPage\":{\"@id\":\"https:\\\/\\\/www.meydan.tv\\\/az\\\/article\\\/agcab%c9%99did%c9%99-13-yasli-qizin-hamil%c9%99-oldugu-bildirilir\\\/#primaryimage\"},\"image\":{\"@id\":\"https:\\\/\\\/www.meydan.tv\\\/az\\\/article\\\/agcab%c9%99did%c9%99-13-yasli-qizin-hamil%c9%99-oldugu-bildirilir\\\/#primaryimage\"},\"thumbnailUrl\":\"https:\\\/\\\/www.meydan.tv\\\/wp-content\\\/uploads\\\/lerik_xvw4rib-1536x1024-1-e1662550451897.jpg\",\"datePublished\":\"2025-03-26T12:37:02+00:00\",\"dateModified\":\"2025-03-26T13:22:30+00:00\",\"breadcrumb\":{\"@id\":\"https:\\\/\\\/www.meydan.tv\\\/az\\\/article\\\/agcab%c9%99did%c9%99-13-yasli-qizin-hamil%c9%99-oldugu-bildirilir\\\/#breadcrumb\"},\"inLanguage\":\"az\",\"potentialAction\":[{\"@type\":\"ReadAction\",\"target\":[\"https:\\\/\\\/www.meydan.tv\\\/az\\\/article\\\/agcab%c9%99did%c9%99-13-yasli-qizin-hamil%c9%99-oldugu-bildirilir\\\/\"]}]},{\"@type\":\"ImageObject\",\"inLanguage\":\"az\",\"@id\":\"https:\\\/\\\/www.meydan.tv\\\/az\\\/article\\\/agcab%c9%99did%c9%99-13-yasli-qizin-hamil%c9%99-oldugu-bildirilir\\\/#primaryimage\",\"url\":\"https:\\\/\\\/www.meydan.tv\\\/wp-content\\\/uploads\\\/lerik_xvw4rib-1536x1024-1-e1662550451897.jpg\",\"contentUrl\":\"https:\\\/\\\/www.meydan.tv\\\/wp-content\\\/uploads\\\/lerik_xvw4rib-1536x1024-1-e1662550451897.jpg\",\"width\":1536,\"height\":756,\"caption\":\"Azya\u015fl\u0131n\u0131n hamil\u0259liyi. Foto: Meydan TV\"},{\"@type\":\"BreadcrumbList\",\"@id\":\"https:\\\/\\\/www.meydan.tv\\\/az\\\/article\\\/agcab%c9%99did%c9%99-13-yasli-qizin-hamil%c9%99-oldugu-bildirilir\\\/#breadcrumb\",\"itemListElement\":[{\"@type\":\"ListItem\",\"position\":1,\"name\":\"Ana s\u0259hif\u0259\",\"item\":\"https:\\\/\\\/www.meydan.tv\\\/az\\\/\"},{\"@type\":\"ListItem\",\"position\":2,\"name\":\"Sosial\",\"item\":\"https:\\\/\\\/www.meydan.tv\\\/az\\\/section\\\/sosial\\\/\"},{\"@type\":\"ListItem\",\"position\":3,\"name\":\"A\u011fcab\u0259did\u0259 15 ya\u015fl\u0131 q\u0131z\u0131n ana oldu\u011fu bildirilir\"}]},{\"@type\":\"WebSite\",\"@id\":\"https:\\\/\\\/www.meydan.tv\\\/az\\\/#website\",\"url\":\"https:\\\/\\\/www.meydan.tv\\\/az\\\/\",\"name\":\"MEYDAN.TV\",\"description\":\"Meydan TV Az\u0259rbaycan\u0131n media m\u0259kan\u0131ndak\u0131 alternativ s\u0259sidir\",\"publisher\":{\"@id\":\"https:\\\/\\\/www.meydan.tv\\\/az\\\/#organization\"},\"potentialAction\":[{\"@type\":\"SearchAction\",\"target\":{\"@type\":\"EntryPoint\",\"urlTemplate\":\"https:\\\/\\\/www.meydan.tv\\\/az\\\/?s={search_term_string}\"},\"query-input\":{\"@type\":\"PropertyValueSpecification\",\"valueRequired\":true,\"valueName\":\"search_term_string\"}}],\"inLanguage\":\"az\"},{\"@type\":\"Organization\",\"@id\":\"https:\\\/\\\/www.meydan.tv\\\/az\\\/#organization\",\"name\":\"Meydan TV\",\"url\":\"https:\\\/\\\/www.meydan.tv\\\/az\\\/\",\"logo\":{\"@type\":\"ImageObject\",\"inLanguage\":\"az\",\"@id\":\"https:\\\/\\\/www.meydan.tv\\\/az\\\/#\\\/schema\\\/logo\\\/image\\\/\",\"url\":\"https:\\\/\\\/www.meydan.tv\\\/wp-content\\\/uploads\\\/2021\\\/07\\\/meydan-logo.svg\",\"contentUrl\":\"https:\\\/\\\/www.meydan.tv\\\/wp-content\\\/uploads\\\/2021\\\/07\\\/meydan-logo.svg\",\"width\":195,\"height\":46,\"caption\":\"Meydan TV\"},\"image\":{\"@id\":\"https:\\\/\\\/www.meydan.tv\\\/az\\\/#\\\/schema\\\/logo\\\/image\\\/\"}},{\"@type\":\"Person\",\"@id\":\"https:\\\/\\\/www.meydan.tv\\\/az\\\/#\\\/schema\\\/person\\\/09863e516102a829e72bedcf3f84c6b0\",\"name\":\"mahmud\"}]}<\/script>\n<!-- \/ Yoast SEO plugin. -->","yoast_head_json":{"title":"A\u011fcab\u0259did\u0259 15 ya\u015fl\u0131 q\u0131z\u0131n ana oldu\u011fu bildirilir - MEYDAN.TV","robots":{"index":"index","follow":"follow","max-snippet":"max-snippet:-1","max-image-preview":"max-image-preview:large","max-video-preview":"max-video-preview:-1"},"canonical":"https:\/\/www.meydan.tv\/az\/article\/agcab%c9%99did%c9%99-13-yasli-qizin-hamil%c9%99-oldugu-bildirilir\/","og_locale":"az_AZ","og_type":"article","og_title":"A\u011fcab\u0259did\u0259 15 ya\u015fl\u0131 q\u0131z\u0131n ana oldu\u011fu bildirilir - MEYDAN.TV","og_description":"Haz\u0131rda h\u0259min q\u0131z hamil\u0259 qald\u0131\u011f\u0131 \u015f\u0259xsin ail\u0259si il\u0259 birlikd\u0259 ya\u015fay\u0131r ... Davam\u0131","og_url":"https:\/\/www.meydan.tv\/az\/article\/agcab%c9%99did%c9%99-13-yasli-qizin-hamil%c9%99-oldugu-bildirilir\/","og_site_name":"MEYDAN.TV","article_published_time":"2025-03-26T12:37:02+00:00","article_modified_time":"2025-03-26T13:22:30+00:00","og_image":[{"width":1536,"height":756,"url":"https:\/\/www.meydan.tv\/wp-content\/uploads\/lerik_xvw4rib-1536x1024-1-e1662550451897.jpg","type":"image\/jpeg"}],"author":"mahmud","twitter_card":"summary_large_image","schema":{"@context":"https:\/\/schema.org","@graph":[{"@type":"Article","@id":"https:\/\/www.meydan.tv\/az\/article\/agcab%c9%99did%c9%99-13-yasli-qizin-hamil%c9%99-oldugu-bildirilir\/#article","isPartOf":{"@id":"https:\/\/www.meydan.tv\/az\/article\/agcab%c9%99did%c9%99-13-yasli-qizin-hamil%c9%99-oldugu-bildirilir\/"},"author":{"name":"mahmud","@id":"https:\/\/www.meydan.tv\/az\/#\/schema\/person\/09863e516102a829e72bedcf3f84c6b0"},"headline":"A\u011fcab\u0259did\u0259 15 ya\u015fl\u0131 q\u0131z\u0131n ana oldu\u011fu bildirilir","datePublished":"2025-03-26T12:37:02+00:00","dateModified":"2025-03-26T13:22:30+00:00","mainEntityOfPage":{"@id":"https:\/\/www.meydan.tv\/az\/article\/agcab%c9%99did%c9%99-13-yasli-qizin-hamil%c9%99-oldugu-bildirilir\/"},"wordCount":734,"publisher":{"@id":"https:\/\/www.meydan.tv\/az\/#organization"},"image":{"@id":"https:\/\/www.meydan.tv\/az\/article\/agcab%c9%99did%c9%99-13-yasli-qizin-hamil%c9%99-oldugu-bildirilir\/#primaryimage"},"thumbnailUrl":"https:\/\/www.meydan.tv\/wp-content\/uploads\/lerik_xvw4rib-1536x1024-1-e1662550451897.jpg","articleSection":["Sosial","T\u00f6vsiy\u0259","X\u0259b\u0259rl\u0259r"],"inLanguage":"az"},{"@type":"WebPage","@id":"https:\/\/www.meydan.tv\/az\/article\/agcab%c9%99did%c9%99-13-yasli-qizin-hamil%c9%99-oldugu-bildirilir\/","url":"https:\/\/www.meydan.tv\/az\/article\/agcab%c9%99did%c9%99-13-yasli-qizin-hamil%c9%99-oldugu-bildirilir\/","name":"A\u011fcab\u0259did\u0259 15 ya\u015fl\u0131 q\u0131z\u0131n ana oldu\u011fu bildirilir - MEYDAN.TV","isPartOf":{"@id":"https:\/\/www.meydan.tv\/az\/#website"},"primaryImageOfPage":{"@id":"https:\/\/www.meydan.tv\/az\/article\/agcab%c9%99did%c9%99-13-yasli-qizin-hamil%c9%99-oldugu-bildirilir\/#primaryimage"},"image":{"@id":"https:\/\/www.meydan.tv\/az\/article\/agcab%c9%99did%c9%99-13-yasli-qizin-hamil%c9%99-oldugu-bildirilir\/#primaryimage"},"thumbnailUrl":"https:\/\/www.meydan.tv\/wp-content\/uploads\/lerik_xvw4rib-1536x1024-1-e1662550451897.jpg","datePublished":"2025-03-26T12:37:02+00:00","dateModified":"2025-03-26T13:22:30+00:00","breadcrumb":{"@id":"https:\/\/www.meydan.tv\/az\/article\/agcab%c9%99did%c9%99-13-yasli-qizin-hamil%c9%99-oldugu-bildirilir\/#breadcrumb"},"inLanguage":"az","potentialAction":[{"@type":"ReadAction","target":["https:\/\/www.meydan.tv\/az\/article\/agcab%c9%99did%c9%99-13-yasli-qizin-hamil%c9%99-oldugu-bildirilir\/"]}]},{"@type":"ImageObject","inLanguage":"az","@id":"https:\/\/www.meydan.tv\/az\/article\/agcab%c9%99did%c9%99-13-yasli-qizin-hamil%c9%99-oldugu-bildirilir\/#primaryimage","url":"https:\/\/www.meydan.tv\/wp-content\/uploads\/lerik_xvw4rib-1536x1024-1-e1662550451897.jpg","contentUrl":"https:\/\/www.meydan.tv\/wp-content\/uploads\/lerik_xvw4rib-1536x1024-1-e1662550451897.jpg","width":1536,"height":756,"caption":"Azya\u015fl\u0131n\u0131n hamil\u0259liyi. Foto: Meydan TV"},{"@type":"BreadcrumbList","@id":"https:\/\/www.meydan.tv\/az\/article\/agcab%c9%99did%c9%99-13-yasli-qizin-hamil%c9%99-oldugu-bildirilir\/#breadcrumb","itemListElement":[{"@type":"ListItem","position":1,"name":"Ana s\u0259hif\u0259","item":"https:\/\/www.meydan.tv\/az\/"},{"@type":"ListItem","position":2,"name":"Sosial","item":"https:\/\/www.meydan.tv\/az\/section\/sosial\/"},{"@type":"ListItem","position":3,"name":"A\u011fcab\u0259did\u0259 15 ya\u015fl\u0131 q\u0131z\u0131n ana oldu\u011fu bildirilir"}]},{"@type":"WebSite","@id":"https:\/\/www.meydan.tv\/az\/#website","url":"https:\/\/www.meydan.tv\/az\/","name":"MEYDAN.TV","description":"Meydan TV Az\u0259rbaycan\u0131n media m\u0259kan\u0131ndak\u0131 alternativ s\u0259sidir","publisher":{"@id":"https:\/\/www.meydan.tv\/az\/#organization"},"potentialAction":[{"@type":"SearchAction","target":{"@type":"EntryPoint","urlTemplate":"https:\/\/www.meydan.tv\/az\/?s={search_term_string}"},"query-input":{"@type":"PropertyValueSpecification","valueRequired":true,"valueName":"search_term_string"}}],"inLanguage":"az"},{"@type":"Organization","@id":"https:\/\/www.meydan.tv\/az\/#organization","name":"Meydan TV","url":"https:\/\/www.meydan.tv\/az\/","logo":{"@type":"ImageObject","inLanguage":"az","@id":"https:\/\/www.meydan.tv\/az\/#\/schema\/logo\/image\/","url":"https:\/\/www.meydan.tv\/wp-content\/uploads\/2021\/07\/meydan-logo.svg","contentUrl":"https:\/\/www.meydan.tv\/wp-content\/uploads\/2021\/07\/meydan-logo.svg","width":195,"height":46,"caption":"Meydan TV"},"image":{"@id":"https:\/\/www.meydan.tv\/az\/#\/schema\/logo\/image\/"}},{"@type":"Person","@id":"https:\/\/www.meydan.tv\/az\/#\/schema\/person\/09863e516102a829e72bedcf3f84c6b0","name":"mahmud"}]}},"_links":{"self":[{"href":"https:\/\/www.meydan.tv\/az\/wp-json\/wp\/v2\/posts\/328063","targetHints":{"allow":["GET"]}}],"collection":[{"href":"https:\/\/www.meydan.tv\/az\/wp-json\/wp\/v2\/posts"}],"about":[{"href":"https:\/\/www.meydan.tv\/az\/wp-json\/wp\/v2\/types\/post"}],"author":[{"embeddable":true,"href":"https:\/\/www.meydan.tv\/az\/wp-json\/wp\/v2\/users\/21"}],"replies":[{"embeddable":true,"href":"https:\/\/www.meydan.tv\/az\/wp-json\/wp\/v2\/comments?post=328063"}],"version-history":[{"count":3,"href":"https:\/\/www.meydan.tv\/az\/wp-json\/wp\/v2\/posts\/328063\/revisions"}],"predecessor-version":[{"id":328066,"href":"https:\/\/www.meydan.tv\/az\/wp-json\/wp\/v2\/posts\/328063\/revisions\/328066"}],"wp:featuredmedia":[{"embeddable":true,"href":"https:\/\/www.meydan.tv\/az\/wp-json\/wp\/v2\/media\/255083"}],"wp:attachment":[{"href":"https:\/\/www.meydan.tv\/az\/wp-json\/wp\/v2\/media?parent=328063"}],"wp:term":[{"taxonomy":"category","embeddable":true,"href":"https:\/\/www.meydan.tv\/az\/wp-json\/wp\/v2\/categories?post=328063"},{"taxonomy":"post_tag","embeddable":true,"href":"https:\/\/www.meydan.tv\/az\/wp-json\/wp\/v2\/tags?post=328063"}],"curies":[{"name":"wp","href":"https:\/\/api.w.org\/{rel}","templated":true}]}}