{"id":327942,"date":"2025-03-19T17:22:51","date_gmt":"2025-03-19T13:22:51","guid":{"rendered":"https:\/\/www.meydan.tv\/?p=327942"},"modified":"2025-03-19T17:22:54","modified_gmt":"2025-03-19T13:22:54","slug":"h%c9%99bsd%c9%99-olan-jurnalist-t%c9%99cridxanadan-m%c9%99ktub-yazib","status":"publish","type":"post","link":"https:\/\/www.meydan.tv\/az\/article\/h%c9%99bsd%c9%99-olan-jurnalist-t%c9%99cridxanadan-m%c9%99ktub-yazib\/","title":{"rendered":"H\u0259bsd\u0259 olan jurnalist t\u0259cridxanadan m\u0259ktub yaz\u0131b"},"content":{"rendered":"\n<p><\/p>\n\n\n\n<p><strong><em>Fatim\u0259 M\u00f6vlaml\u0131 insanlardan ondan nigaran qalmama\u011f\u0131 ist\u0259yib<\/em><\/strong><\/p>\n\n\n\n<p>\u201cMeydan TV i\u015fi\u201d \u00fczr\u0259 h\u0259bs edil\u0259n Fatim\u0259 M\u00f6vlaml\u0131 t\u0259cridxanadan m\u0259ktub <a href=\"https:\/\/www.facebook.com\/permalink.php?story_fbid=pfbid0dYCvw68W62urkshr2bARb67G79ii9a4FJgTQ8HNrzkV4f9295MokVpYYD7wdz8M9l&amp;id=100063926296297\">yaz\u0131b.<\/a><\/p>\n\n\n\n<p>O deyib ki, t\u0259cridxanada rastla\u015fd\u0131\u011f\u0131 siravi v\u0259t\u0259nda\u015flar onun qa\u00e7aqmal\u00e7\u0131l\u0131qda ittiham edildiyini bil\u0259n kimi, jurnalist oldu\u011funu g\u00fcman edirl\u0259r.<\/p>\n\n\n\n<p><em>\u201c\u0130nsanlar m\u00fcst\u0259qil jurnalistl\u0259rin qa\u00e7aqmal\u00e7\u0131 oldu\u011funa inanm\u0131r, h\u0259tta bu madd\u0259nin s\u0131rf jurnalistl\u0259rin \u015f\u0259rl\u0259nib h\u0259bs edilm\u0259sin\u0259 yarad\u0131\u011f\u0131n\u0131 d\u00fc\u015f\u00fcn\u00fcr\u201d,<\/em> &#8211; Fatim\u0259 M\u00f6vlanl\u0131 yaz\u0131b.<\/p>\n\n\n\n<p>Jurnalist h\u0259bsini g\u00fcl\u00fc\u015fl\u0259 qar\u015f\u0131lad\u0131\u011f\u0131n\u0131 v\u0259 ona qar\u015f\u0131 olan b\u00fct\u00fcn m\u0259hrumiyy\u0259tl\u0259rin \u0259b\u0259s yer\u0259 olmad\u0131\u011f\u0131na \u0259minlik duydu\u011funu qeyd edib.<\/p>\n\n\n\n<p><em>\u201cQara maskal\u0131 polisl\u0259r qoluma qandal vuranda g\u00fcl\u00fcrd\u00fcm. Oyuncaq m\u0259hk\u0259m\u0259 h\u0259bsim\u0259 q\u0259rar ver\u0259nd\u0259 d\u0259, indi bu yaz\u0131n\u0131 yazd\u0131\u011f\u0131m h\u0259bsxana kameras\u0131nda da g\u00fcl\u00fcr\u0259m. Bizi \u015f\u0259rl\u0259yib h\u0259bs ed\u0259nl\u0259rin \u00fcz\u00fcn\u0259 vurdu\u011fumuz h\u0259qiq\u0259tl\u0259rin qar\u015f\u0131s\u0131nda d\u00fc\u015fd\u00fckl\u0259ri aciz v\u0259ziyy\u0259t m\u0259ni daha da g\u00fccl\u00fc edir\u201d,<\/em> &#8211; jurnalist \u0259lav\u0259 edib.<\/p>\n\n\n\n<p>Fatim\u0259 M\u00f6vlaml\u0131 insanlardan ondan nigaran qalmama\u011f\u0131 ist\u0259yib.<\/p>\n\n\n\n<p><em>\u201cM\u00f6hk\u0259m\u0259m. Qoluma vurulan qandal\u0131 yeni jurnalist v\u0259siq\u0259m hesab edir\u0259m<\/em>\u201d, &#8211; jurnalist deyib.<\/p>\n\n\n\n<p>Fatim\u0259 M\u00f6vlaml\u0131 2025-ci il fevral\u0131n 28-d\u0259 \u201cMeydan TV i\u015fi\u201d \u00fczr\u0259 saxlan\u0131l\u0131b.<\/p>\n\n\n\n<p>Ona qar\u015f\u0131 Cinay\u0259t M\u0259c\u0259ll\u0259sinin qa\u00e7aqmal\u00e7\u0131l\u0131q, \u0259vv\u0259lc\u0259d\u0259n \u0259lbir olan bir qrup \u015f\u0259xs t\u0259r\u0259find\u0259n t\u00f6r\u0259dildikd\u0259 madd\u0259si il\u0259 ittiham ir\u0259li s\u00fcr\u00fcl\u00fcb.<\/p>\n\n\n\n<p>2024-c\u00fc il dekabr\u0131n 6-da Meydan TV-nin \u0259m\u0259kda\u015flar\u0131 Ramin Deko (C\u0259bray\u0131lzad\u0259), Aynur Q\u0259nb\u0259rova (Elg\u00fcn\u0259\u015f), Aysel Umudova, Aytac \u018fhm\u0259dova (Tapd\u0131q), X\u0259yal\u0259 A\u011fayeva, Natiq Cavadl\u0131 saxlan\u0131l\u0131blar. Onlara qar\u015f\u0131 Cinay\u0259t M\u0259c\u0259ll\u0259sinin 206.3.2-ci (qa\u00e7aqmal\u00e7\u0131l\u0131q, \u0259vv\u0259lc\u0259d\u0259n \u0259lbir olan bir qrup \u015f\u0259xs t\u0259r\u0259find\u0259n t\u00f6r\u0259dildikd\u0259) madd\u0259si il\u0259 ittiham ir\u0259li s\u00fcr\u00fcl\u0259r\u0259k h\u0259bs edilibl\u0259r.<\/p>\n\n\n\n<p>Meydan TV \u0259m\u0259kda\u015flar\u0131 il\u0259 yana\u015f\u0131, eyni g\u00fcnd\u0259 v\u0259t\u0259nda\u015f c\u0259miyy\u0259tinin \u00fczv\u00fc \u00dclvi Tahirov da h\u0259bs edilib. &nbsp;\u00dclvi Tahirovun Meydan TV-y\u0259 aidiyy\u0259ti yoxdur.<\/p>\n\n\n\n<p>2025-ci il fevral\u0131n 5-i \u201carqument.az\u201d sayt\u0131n\u0131n ba\u015f redaktoru, Meydan TV il\u0259 \u0259m\u0259kda\u015fl\u0131q ed\u0259n jurnalist \u015e\u0259m\u015fad A\u011fayev (A\u011fa) d\u0259 h\u0259bs olunub.<\/p>\n\n\n\n<p>Fevral\u0131n 20-d\u0259 is\u0259 jurnalist Nurlan Libre (Q\u0259hr\u0259manl\u0131) \u201cMeydan TV\u201d il\u0259 \u0259laq\u0259li cinay\u0259t i\u015fin\u0259 g\u00f6r\u0259 h\u0259bs\u0259 m\u0259hkum edilib.<\/p>\n\n\n\n<p>H\u0259bs olunan jurnalistl\u0259r \u00f6zl\u0259rini t\u0259qsirli bilmir, Meydan TV \u0259m\u0259kda\u015flar\u0131n\u0131n t\u0259nqid\u00e7i f\u0259aliyy\u0259tl\u0259rin\u0259 g\u00f6r\u0259 c\u0259zaland\u0131r\u0131ld\u0131qlar\u0131n\u0131 b\u0259yan edibl\u0259r.<\/p>\n\n\n\n<p>Haz\u0131rda ox\u015far ittihamlarla 30-d\u0259k jurnalist, ictimai f\u0259al h\u0259bsd\u0259dir. Onlar ittiham\u0131 q\u0259bul etmir, pe\u015f\u0259 f\u0259aliyy\u0259tl\u0259ri il\u0259 \u0259laq\u0259l\u0259ndirirl\u0259r. Hakimiyy\u0259t t\u0259msil\u00e7il\u0259ri \u00f6lk\u0259d\u0259 siyasi motivli h\u0259bsl\u0259rin olmad\u0131\u011f\u0131n\u0131 deyirl\u0259r.<\/p>\n\n\n\n<p>Beyn\u0259lxalq insan haqlar\u0131 qurumlar\u0131, Q\u0259rb r\u0259smil\u0259ri d\u0259 h\u00f6kum\u0259ti haqs\u0131z tutulanlar\u0131 azad etm\u0259y\u0259 \u00e7a\u011f\u0131r\u0131rlar.<\/p>\n","protected":false},"excerpt":{"rendered":"<p>Fatim\u0259 M\u00f6vlaml\u0131 insanlardan ondan nigaran qalmama\u011f\u0131 ist\u0259yib \u201cMeydan TV i\u015fi\u201d &#8230; <\/p>\n<p class=\"read-more-container\"><a title=\"H\u0259bsd\u0259 olan jurnalist t\u0259cridxanadan m\u0259ktub yaz\u0131b\" class=\"read-more button\" href=\"https:\/\/www.meydan.tv\/az\/article\/h%c9%99bsd%c9%99-olan-jurnalist-t%c9%99cridxanadan-m%c9%99ktub-yazib\/#more-327942\" aria-label=\"Read more about H\u0259bsd\u0259 olan jurnalist t\u0259cridxanadan m\u0259ktub yaz\u0131b\">Davam\u0131<\/a><\/p>\n","protected":false},"author":21,"featured_media":327364,"comment_status":"closed","ping_status":"closed","sticky":false,"template":"","format":"standard","meta":{"_acf_changed":false,"_sitemap_exclude":false,"_sitemap_priority":"","_sitemap_frequency":"","footnotes":""},"categories":[59,79,56],"tags":[],"class_list":["post-327942","post","type-post","status-publish","format-standard","has-post-thumbnail","hentry","category-siyaset","category-featured","category-xeberler","infinite-scroll-item","generate-columns","tablet-grid-50","mobile-grid-100","grid-parent","grid-33","no-featured-image-padding"],"acf":[],"yoast_head":"<!-- This site is optimized with the Yoast SEO plugin v27.5 - https:\/\/yoast.com\/product\/yoast-seo-wordpress\/ -->\n<title>H\u0259bsd\u0259 olan jurnalist t\u0259cridxanadan m\u0259ktub yaz\u0131b - MEYDAN.TV<\/title>\n<meta name=\"robots\" content=\"index, follow, max-snippet:-1, max-image-preview:large, max-video-preview:-1\" \/>\n<link rel=\"canonical\" href=\"https:\/\/www.meydan.tv\/az\/article\/h%c9%99bsd%c9%99-olan-jurnalist-t%c9%99cridxanadan-m%c9%99ktub-yazib\/\" \/>\n<meta property=\"og:locale\" content=\"az_AZ\" \/>\n<meta property=\"og:type\" content=\"article\" \/>\n<meta property=\"og:title\" content=\"H\u0259bsd\u0259 olan jurnalist t\u0259cridxanadan m\u0259ktub yaz\u0131b - MEYDAN.TV\" \/>\n<meta property=\"og:description\" content=\"Fatim\u0259 M\u00f6vlaml\u0131 insanlardan ondan nigaran qalmama\u011f\u0131 ist\u0259yib \u201cMeydan TV i\u015fi\u201d ... Davam\u0131\" \/>\n<meta property=\"og:url\" content=\"https:\/\/www.meydan.tv\/az\/article\/h%c9%99bsd%c9%99-olan-jurnalist-t%c9%99cridxanadan-m%c9%99ktub-yazib\/\" \/>\n<meta property=\"og:site_name\" content=\"MEYDAN.TV\" \/>\n<meta property=\"article:published_time\" content=\"2025-03-19T13:22:51+00:00\" \/>\n<meta property=\"article:modified_time\" content=\"2025-03-19T13:22:54+00:00\" \/>\n<meta property=\"og:image\" content=\"https:\/\/www.meydan.tv\/wp-content\/uploads\/img_6386-scaled.jpg\" \/>\n\t<meta property=\"og:image:width\" content=\"2560\" \/>\n\t<meta property=\"og:image:height\" content=\"1707\" \/>\n\t<meta property=\"og:image:type\" content=\"image\/jpeg\" \/>\n<meta name=\"author\" content=\"mahmud\" \/>\n<meta name=\"twitter:card\" content=\"summary_large_image\" \/>\n<script type=\"application\/ld+json\" class=\"yoast-schema-graph\">{\"@context\":\"https:\\\/\\\/schema.org\",\"@graph\":[{\"@type\":\"Article\",\"@id\":\"https:\\\/\\\/www.meydan.tv\\\/az\\\/article\\\/h%c9%99bsd%c9%99-olan-jurnalist-t%c9%99cridxanadan-m%c9%99ktub-yazib\\\/#article\",\"isPartOf\":{\"@id\":\"https:\\\/\\\/www.meydan.tv\\\/az\\\/article\\\/h%c9%99bsd%c9%99-olan-jurnalist-t%c9%99cridxanadan-m%c9%99ktub-yazib\\\/\"},\"author\":{\"name\":\"mahmud\",\"@id\":\"https:\\\/\\\/www.meydan.tv\\\/az\\\/#\\\/schema\\\/person\\\/09863e516102a829e72bedcf3f84c6b0\"},\"headline\":\"H\u0259bsd\u0259 olan jurnalist t\u0259cridxanadan m\u0259ktub yaz\u0131b\",\"datePublished\":\"2025-03-19T13:22:51+00:00\",\"dateModified\":\"2025-03-19T13:22:54+00:00\",\"mainEntityOfPage\":{\"@id\":\"https:\\\/\\\/www.meydan.tv\\\/az\\\/article\\\/h%c9%99bsd%c9%99-olan-jurnalist-t%c9%99cridxanadan-m%c9%99ktub-yazib\\\/\"},\"wordCount\":565,\"publisher\":{\"@id\":\"https:\\\/\\\/www.meydan.tv\\\/az\\\/#organization\"},\"image\":{\"@id\":\"https:\\\/\\\/www.meydan.tv\\\/az\\\/article\\\/h%c9%99bsd%c9%99-olan-jurnalist-t%c9%99cridxanadan-m%c9%99ktub-yazib\\\/#primaryimage\"},\"thumbnailUrl\":\"https:\\\/\\\/www.meydan.tv\\\/wp-content\\\/uploads\\\/img_6386-scaled-e1762169054139.jpg\",\"articleSection\":[\"Siyas\u0259t\",\"T\u00f6vsiy\u0259\",\"X\u0259b\u0259rl\u0259r\"],\"inLanguage\":\"az\"},{\"@type\":\"WebPage\",\"@id\":\"https:\\\/\\\/www.meydan.tv\\\/az\\\/article\\\/h%c9%99bsd%c9%99-olan-jurnalist-t%c9%99cridxanadan-m%c9%99ktub-yazib\\\/\",\"url\":\"https:\\\/\\\/www.meydan.tv\\\/az\\\/article\\\/h%c9%99bsd%c9%99-olan-jurnalist-t%c9%99cridxanadan-m%c9%99ktub-yazib\\\/\",\"name\":\"H\u0259bsd\u0259 olan jurnalist t\u0259cridxanadan m\u0259ktub yaz\u0131b - MEYDAN.TV\",\"isPartOf\":{\"@id\":\"https:\\\/\\\/www.meydan.tv\\\/az\\\/#website\"},\"primaryImageOfPage\":{\"@id\":\"https:\\\/\\\/www.meydan.tv\\\/az\\\/article\\\/h%c9%99bsd%c9%99-olan-jurnalist-t%c9%99cridxanadan-m%c9%99ktub-yazib\\\/#primaryimage\"},\"image\":{\"@id\":\"https:\\\/\\\/www.meydan.tv\\\/az\\\/article\\\/h%c9%99bsd%c9%99-olan-jurnalist-t%c9%99cridxanadan-m%c9%99ktub-yazib\\\/#primaryimage\"},\"thumbnailUrl\":\"https:\\\/\\\/www.meydan.tv\\\/wp-content\\\/uploads\\\/img_6386-scaled-e1762169054139.jpg\",\"datePublished\":\"2025-03-19T13:22:51+00:00\",\"dateModified\":\"2025-03-19T13:22:54+00:00\",\"breadcrumb\":{\"@id\":\"https:\\\/\\\/www.meydan.tv\\\/az\\\/article\\\/h%c9%99bsd%c9%99-olan-jurnalist-t%c9%99cridxanadan-m%c9%99ktub-yazib\\\/#breadcrumb\"},\"inLanguage\":\"az\",\"potentialAction\":[{\"@type\":\"ReadAction\",\"target\":[\"https:\\\/\\\/www.meydan.tv\\\/az\\\/article\\\/h%c9%99bsd%c9%99-olan-jurnalist-t%c9%99cridxanadan-m%c9%99ktub-yazib\\\/\"]}]},{\"@type\":\"ImageObject\",\"inLanguage\":\"az\",\"@id\":\"https:\\\/\\\/www.meydan.tv\\\/az\\\/article\\\/h%c9%99bsd%c9%99-olan-jurnalist-t%c9%99cridxanadan-m%c9%99ktub-yazib\\\/#primaryimage\",\"url\":\"https:\\\/\\\/www.meydan.tv\\\/wp-content\\\/uploads\\\/img_6386-scaled-e1762169054139.jpg\",\"contentUrl\":\"https:\\\/\\\/www.meydan.tv\\\/wp-content\\\/uploads\\\/img_6386-scaled-e1762169054139.jpg\",\"width\":2560,\"height\":1327,\"caption\":\"Fatim\u0259 M\u00f6vlaml\u0131. \u0130ll\u00fcstrasiya: Meydan TV\"},{\"@type\":\"BreadcrumbList\",\"@id\":\"https:\\\/\\\/www.meydan.tv\\\/az\\\/article\\\/h%c9%99bsd%c9%99-olan-jurnalist-t%c9%99cridxanadan-m%c9%99ktub-yazib\\\/#breadcrumb\",\"itemListElement\":[{\"@type\":\"ListItem\",\"position\":1,\"name\":\"Ana s\u0259hif\u0259\",\"item\":\"https:\\\/\\\/www.meydan.tv\\\/az\\\/\"},{\"@type\":\"ListItem\",\"position\":2,\"name\":\"Siyas\u0259t\",\"item\":\"https:\\\/\\\/www.meydan.tv\\\/az\\\/section\\\/siyaset\\\/\"},{\"@type\":\"ListItem\",\"position\":3,\"name\":\"H\u0259bsd\u0259 olan jurnalist t\u0259cridxanadan m\u0259ktub yaz\u0131b\"}]},{\"@type\":\"WebSite\",\"@id\":\"https:\\\/\\\/www.meydan.tv\\\/az\\\/#website\",\"url\":\"https:\\\/\\\/www.meydan.tv\\\/az\\\/\",\"name\":\"MEYDAN.TV\",\"description\":\"Meydan TV Az\u0259rbaycan\u0131n media m\u0259kan\u0131ndak\u0131 alternativ s\u0259sidir\",\"publisher\":{\"@id\":\"https:\\\/\\\/www.meydan.tv\\\/az\\\/#organization\"},\"potentialAction\":[{\"@type\":\"SearchAction\",\"target\":{\"@type\":\"EntryPoint\",\"urlTemplate\":\"https:\\\/\\\/www.meydan.tv\\\/az\\\/?s={search_term_string}\"},\"query-input\":{\"@type\":\"PropertyValueSpecification\",\"valueRequired\":true,\"valueName\":\"search_term_string\"}}],\"inLanguage\":\"az\"},{\"@type\":\"Organization\",\"@id\":\"https:\\\/\\\/www.meydan.tv\\\/az\\\/#organization\",\"name\":\"Meydan TV\",\"url\":\"https:\\\/\\\/www.meydan.tv\\\/az\\\/\",\"logo\":{\"@type\":\"ImageObject\",\"inLanguage\":\"az\",\"@id\":\"https:\\\/\\\/www.meydan.tv\\\/az\\\/#\\\/schema\\\/logo\\\/image\\\/\",\"url\":\"https:\\\/\\\/www.meydan.tv\\\/wp-content\\\/uploads\\\/2021\\\/07\\\/meydan-logo.svg\",\"contentUrl\":\"https:\\\/\\\/www.meydan.tv\\\/wp-content\\\/uploads\\\/2021\\\/07\\\/meydan-logo.svg\",\"width\":195,\"height\":46,\"caption\":\"Meydan TV\"},\"image\":{\"@id\":\"https:\\\/\\\/www.meydan.tv\\\/az\\\/#\\\/schema\\\/logo\\\/image\\\/\"}},{\"@type\":\"Person\",\"@id\":\"https:\\\/\\\/www.meydan.tv\\\/az\\\/#\\\/schema\\\/person\\\/09863e516102a829e72bedcf3f84c6b0\",\"name\":\"mahmud\"}]}<\/script>\n<!-- \/ Yoast SEO plugin. -->","yoast_head_json":{"title":"H\u0259bsd\u0259 olan jurnalist t\u0259cridxanadan m\u0259ktub yaz\u0131b - MEYDAN.TV","robots":{"index":"index","follow":"follow","max-snippet":"max-snippet:-1","max-image-preview":"max-image-preview:large","max-video-preview":"max-video-preview:-1"},"canonical":"https:\/\/www.meydan.tv\/az\/article\/h%c9%99bsd%c9%99-olan-jurnalist-t%c9%99cridxanadan-m%c9%99ktub-yazib\/","og_locale":"az_AZ","og_type":"article","og_title":"H\u0259bsd\u0259 olan jurnalist t\u0259cridxanadan m\u0259ktub yaz\u0131b - MEYDAN.TV","og_description":"Fatim\u0259 M\u00f6vlaml\u0131 insanlardan ondan nigaran qalmama\u011f\u0131 ist\u0259yib \u201cMeydan TV i\u015fi\u201d ... Davam\u0131","og_url":"https:\/\/www.meydan.tv\/az\/article\/h%c9%99bsd%c9%99-olan-jurnalist-t%c9%99cridxanadan-m%c9%99ktub-yazib\/","og_site_name":"MEYDAN.TV","article_published_time":"2025-03-19T13:22:51+00:00","article_modified_time":"2025-03-19T13:22:54+00:00","og_image":[{"width":2560,"height":1707,"url":"https:\/\/www.meydan.tv\/wp-content\/uploads\/img_6386-scaled.jpg","type":"image\/jpeg"}],"author":"mahmud","twitter_card":"summary_large_image","schema":{"@context":"https:\/\/schema.org","@graph":[{"@type":"Article","@id":"https:\/\/www.meydan.tv\/az\/article\/h%c9%99bsd%c9%99-olan-jurnalist-t%c9%99cridxanadan-m%c9%99ktub-yazib\/#article","isPartOf":{"@id":"https:\/\/www.meydan.tv\/az\/article\/h%c9%99bsd%c9%99-olan-jurnalist-t%c9%99cridxanadan-m%c9%99ktub-yazib\/"},"author":{"name":"mahmud","@id":"https:\/\/www.meydan.tv\/az\/#\/schema\/person\/09863e516102a829e72bedcf3f84c6b0"},"headline":"H\u0259bsd\u0259 olan jurnalist t\u0259cridxanadan m\u0259ktub yaz\u0131b","datePublished":"2025-03-19T13:22:51+00:00","dateModified":"2025-03-19T13:22:54+00:00","mainEntityOfPage":{"@id":"https:\/\/www.meydan.tv\/az\/article\/h%c9%99bsd%c9%99-olan-jurnalist-t%c9%99cridxanadan-m%c9%99ktub-yazib\/"},"wordCount":565,"publisher":{"@id":"https:\/\/www.meydan.tv\/az\/#organization"},"image":{"@id":"https:\/\/www.meydan.tv\/az\/article\/h%c9%99bsd%c9%99-olan-jurnalist-t%c9%99cridxanadan-m%c9%99ktub-yazib\/#primaryimage"},"thumbnailUrl":"https:\/\/www.meydan.tv\/wp-content\/uploads\/img_6386-scaled-e1762169054139.jpg","articleSection":["Siyas\u0259t","T\u00f6vsiy\u0259","X\u0259b\u0259rl\u0259r"],"inLanguage":"az"},{"@type":"WebPage","@id":"https:\/\/www.meydan.tv\/az\/article\/h%c9%99bsd%c9%99-olan-jurnalist-t%c9%99cridxanadan-m%c9%99ktub-yazib\/","url":"https:\/\/www.meydan.tv\/az\/article\/h%c9%99bsd%c9%99-olan-jurnalist-t%c9%99cridxanadan-m%c9%99ktub-yazib\/","name":"H\u0259bsd\u0259 olan jurnalist t\u0259cridxanadan m\u0259ktub yaz\u0131b - MEYDAN.TV","isPartOf":{"@id":"https:\/\/www.meydan.tv\/az\/#website"},"primaryImageOfPage":{"@id":"https:\/\/www.meydan.tv\/az\/article\/h%c9%99bsd%c9%99-olan-jurnalist-t%c9%99cridxanadan-m%c9%99ktub-yazib\/#primaryimage"},"image":{"@id":"https:\/\/www.meydan.tv\/az\/article\/h%c9%99bsd%c9%99-olan-jurnalist-t%c9%99cridxanadan-m%c9%99ktub-yazib\/#primaryimage"},"thumbnailUrl":"https:\/\/www.meydan.tv\/wp-content\/uploads\/img_6386-scaled-e1762169054139.jpg","datePublished":"2025-03-19T13:22:51+00:00","dateModified":"2025-03-19T13:22:54+00:00","breadcrumb":{"@id":"https:\/\/www.meydan.tv\/az\/article\/h%c9%99bsd%c9%99-olan-jurnalist-t%c9%99cridxanadan-m%c9%99ktub-yazib\/#breadcrumb"},"inLanguage":"az","potentialAction":[{"@type":"ReadAction","target":["https:\/\/www.meydan.tv\/az\/article\/h%c9%99bsd%c9%99-olan-jurnalist-t%c9%99cridxanadan-m%c9%99ktub-yazib\/"]}]},{"@type":"ImageObject","inLanguage":"az","@id":"https:\/\/www.meydan.tv\/az\/article\/h%c9%99bsd%c9%99-olan-jurnalist-t%c9%99cridxanadan-m%c9%99ktub-yazib\/#primaryimage","url":"https:\/\/www.meydan.tv\/wp-content\/uploads\/img_6386-scaled-e1762169054139.jpg","contentUrl":"https:\/\/www.meydan.tv\/wp-content\/uploads\/img_6386-scaled-e1762169054139.jpg","width":2560,"height":1327,"caption":"Fatim\u0259 M\u00f6vlaml\u0131. \u0130ll\u00fcstrasiya: Meydan TV"},{"@type":"BreadcrumbList","@id":"https:\/\/www.meydan.tv\/az\/article\/h%c9%99bsd%c9%99-olan-jurnalist-t%c9%99cridxanadan-m%c9%99ktub-yazib\/#breadcrumb","itemListElement":[{"@type":"ListItem","position":1,"name":"Ana s\u0259hif\u0259","item":"https:\/\/www.meydan.tv\/az\/"},{"@type":"ListItem","position":2,"name":"Siyas\u0259t","item":"https:\/\/www.meydan.tv\/az\/section\/siyaset\/"},{"@type":"ListItem","position":3,"name":"H\u0259bsd\u0259 olan jurnalist t\u0259cridxanadan m\u0259ktub yaz\u0131b"}]},{"@type":"WebSite","@id":"https:\/\/www.meydan.tv\/az\/#website","url":"https:\/\/www.meydan.tv\/az\/","name":"MEYDAN.TV","description":"Meydan TV Az\u0259rbaycan\u0131n media m\u0259kan\u0131ndak\u0131 alternativ s\u0259sidir","publisher":{"@id":"https:\/\/www.meydan.tv\/az\/#organization"},"potentialAction":[{"@type":"SearchAction","target":{"@type":"EntryPoint","urlTemplate":"https:\/\/www.meydan.tv\/az\/?s={search_term_string}"},"query-input":{"@type":"PropertyValueSpecification","valueRequired":true,"valueName":"search_term_string"}}],"inLanguage":"az"},{"@type":"Organization","@id":"https:\/\/www.meydan.tv\/az\/#organization","name":"Meydan TV","url":"https:\/\/www.meydan.tv\/az\/","logo":{"@type":"ImageObject","inLanguage":"az","@id":"https:\/\/www.meydan.tv\/az\/#\/schema\/logo\/image\/","url":"https:\/\/www.meydan.tv\/wp-content\/uploads\/2021\/07\/meydan-logo.svg","contentUrl":"https:\/\/www.meydan.tv\/wp-content\/uploads\/2021\/07\/meydan-logo.svg","width":195,"height":46,"caption":"Meydan TV"},"image":{"@id":"https:\/\/www.meydan.tv\/az\/#\/schema\/logo\/image\/"}},{"@type":"Person","@id":"https:\/\/www.meydan.tv\/az\/#\/schema\/person\/09863e516102a829e72bedcf3f84c6b0","name":"mahmud"}]}},"_links":{"self":[{"href":"https:\/\/www.meydan.tv\/az\/wp-json\/wp\/v2\/posts\/327942","targetHints":{"allow":["GET"]}}],"collection":[{"href":"https:\/\/www.meydan.tv\/az\/wp-json\/wp\/v2\/posts"}],"about":[{"href":"https:\/\/www.meydan.tv\/az\/wp-json\/wp\/v2\/types\/post"}],"author":[{"embeddable":true,"href":"https:\/\/www.meydan.tv\/az\/wp-json\/wp\/v2\/users\/21"}],"replies":[{"embeddable":true,"href":"https:\/\/www.meydan.tv\/az\/wp-json\/wp\/v2\/comments?post=327942"}],"version-history":[{"count":1,"href":"https:\/\/www.meydan.tv\/az\/wp-json\/wp\/v2\/posts\/327942\/revisions"}],"predecessor-version":[{"id":327943,"href":"https:\/\/www.meydan.tv\/az\/wp-json\/wp\/v2\/posts\/327942\/revisions\/327943"}],"wp:featuredmedia":[{"embeddable":true,"href":"https:\/\/www.meydan.tv\/az\/wp-json\/wp\/v2\/media\/327364"}],"wp:attachment":[{"href":"https:\/\/www.meydan.tv\/az\/wp-json\/wp\/v2\/media?parent=327942"}],"wp:term":[{"taxonomy":"category","embeddable":true,"href":"https:\/\/www.meydan.tv\/az\/wp-json\/wp\/v2\/categories?post=327942"},{"taxonomy":"post_tag","embeddable":true,"href":"https:\/\/www.meydan.tv\/az\/wp-json\/wp\/v2\/tags?post=327942"}],"curies":[{"name":"wp","href":"https:\/\/api.w.org\/{rel}","templated":true}]}}