{"id":327932,"date":"2025-03-19T17:04:58","date_gmt":"2025-03-19T13:04:58","guid":{"rendered":"https:\/\/www.meydan.tv\/?p=327932"},"modified":"2025-03-19T19:20:46","modified_gmt":"2025-03-19T15:20:46","slug":"polisin-kuc%c9%99-ticar%c9%99ti-il%c9%99-m%c9%99sgul-olan-qazil%c9%99r%c9%99-qarsi-zorakiliq-t%c9%99tbiq-etdiyi-bildirilir","status":"publish","type":"post","link":"https:\/\/www.meydan.tv\/az\/article\/polisin-kuc%c9%99-ticar%c9%99ti-il%c9%99-m%c9%99sgul-olan-qazil%c9%99r%c9%99-qarsi-zorakiliq-t%c9%99tbiq-etdiyi-bildirilir\/","title":{"rendered":"Polisin k\u00fc\u00e7\u0259 ticar\u0259ti il\u0259 m\u0259\u015f\u011ful olan qazil\u0259r\u0259 qar\u015f\u0131 zorak\u0131l\u0131q t\u0259tbiq etdiyi bildirilir"},"content":{"rendered":"\n<p><\/p>\n\n\n\n<p><strong><em>\u201cBiz\u0259 deyirl\u0259r ki, g\u00fcnd\u0259lik i\u015fl\u0259dil\u0259n yerd\u0259n 30-60 manat aras\u0131nda g\u00fcnd\u0259lik pul versinl\u0259r\u201d<\/em><\/strong><\/p>\n\n\n\n<p>Polisin mart\u0131n 18-d\u0259 Yasamal rayonu \u0259razisind\u0259 k\u00fc\u00e7\u0259 ticar\u0259ti il\u0259 m\u0259\u015f\u011ful olan bir qrup qaziy\u0259 qar\u015f\u0131 zorak\u0131l\u0131q t\u0259tbiq etdiyi bildirilir.<\/p>\n\n\n\n<p>\u201cG\u0259nc Qazil\u0259r\u201d \u0130ctimai Birliyinin s\u0259dri Hac\u0131 V\u0259liyev Meydan TV-y\u0259 deyib ki, Yasamal Rayon Polis \u0130dar\u0259sinin r\u0259is m\u00fcavini polkovnik Anar M\u0259mm\u0259dovun g\u00f6st\u0259ri\u015fi il\u0259 qazil\u0259rin Abbas Mirz\u0259 \u015e\u0259rifzad\u0259 156 \u00fcnvan\u0131nda yerl\u0259\u015f\u0259n sat\u0131\u015f yerl\u0259ri da\u011f\u0131d\u0131l\u0131b, \u00f6zl\u0259ri is\u0259 polis b\u00f6lm\u0259sin\u0259 apar\u0131l\u0131b.<\/p>\n\n\n\n<p><em>\u201cBug\u00fcnl\u0259rd\u0259 t\u0259xmin\u0259n 15 n\u0259f\u0259r qazi iki metr uzunlu\u011fu, bir metr enind\u0259 yer i\u015fl\u0259tm\u0259y\u0259 ba\u015flam\u0131\u015fd\u0131lar. Anar M\u0259mm\u0259dovun tap\u015f\u0131r\u0131\u011f\u0131 il\u0259 d\u00fcn\u0259n onlar\u0131n sat\u0131\u015f yerl\u0259ri da\u011f\u0131d\u0131ld\u0131. \u201cG\u0259nc Qazil\u0259r\u201d \u0130ctimai Birliyinin ictimaiyy\u0259tl\u0259 \u0259laq\u0259l\u0259r \u015f\u00f6b\u0259sinin r\u0259hb\u0259ri, N\u0259riman \u0130smay\u0131l\u0131 da 29-cu polis b\u00f6lm\u0259sin\u0259 apard\u0131lar. Sonra onlar\u0131n ham\u0131s\u0131n\u0131 s\u0259rb\u0259st buraxd\u0131lar\u201d,<\/em> &#8211; Hac\u0131 V\u0259liyev bildirib.<\/p>\n\n\n<div class=\"wp-block-image\">\n<figure class=\"alignleft size-full is-resized\"><img decoding=\"async\" width=\"600\" height=\"600\" data-src=\"https:\/\/www.meydan.tv\/wp-content\/uploads\/481356767_997866278894462_6672246298159484221_n.jpg\" alt=\"\" class=\"wp-image-327933 lazyload\" style=\"--smush-placeholder-width: 600px; --smush-placeholder-aspect-ratio: 600\/600;width:460px;height:auto\" src=\"data:image\/svg+xml;base64,PHN2ZyB3aWR0aD0iMSIgaGVpZ2h0PSIxIiB4bWxucz0iaHR0cDovL3d3dy53My5vcmcvMjAwMC9zdmciPjwvc3ZnPg==\" \/><figcaption class=\"wp-element-caption\">Hac\u0131 V\u0259liyev. Foto: \u015e\u0259xsi Facebook s\u0259hif\u0259si<\/figcaption><\/figure>\n<\/div>\n\n\n<p>Az\u0259rbaycanda 2014-c\u00fc ild\u0259n k\u00fc\u00e7\u0259 ticar\u0259ti qada\u011fand\u0131r.<\/p>\n\n\n\n<p>Nazirl\u0259r Kabinetinin q\u0259rar\u0131 il\u0259 t\u0259sdiq edilmi\u015f \u201cAz\u0259rbaycan Respublikas\u0131nda ticar\u0259t, ictimai ia\u015f\u0259, m\u0259i\u015f\u0259t v\u0259 dig\u0259r n\u00f6v xidm\u0259t Qaydalar\u0131\u201d m\u00fc\u0259yy\u0259n m\u0259hdudiyy\u0259tl\u0259r qoymaqla yana\u015f\u0131, k\u00fc\u00e7\u0259 ticar\u0259tinin apar\u0131lmas\u0131n\u0131 istisna etmir.<\/p>\n\n\n\n<p>H\u0259min qaydalara \u0259sas\u0259n, s\u0259yyar formada v\u0259 ya daimi ticar\u0259t yerind\u0259n k\u0259narda &#8211; evd\u0259, i\u015f, t\u0259hsil yerind\u0259, n\u0259qliyyatda, k\u00fc\u00e7\u0259 v\u0259 s. yerl\u0259rd\u0259 dondurma, alkoqolsuz i\u00e7kil\u0259r, istehsal\u00e7\u0131 t\u0259r\u0259find\u0259n qabla\u015fd\u0131r\u0131lm\u0131\u015f \u00e7\u00f6r\u0259k-bulka v\u0259 q\u0259nnad\u0131 m\u0259mulatlar\u0131 istisna olmaqla, \u0259rzaq mallar\u0131n\u0131n, d\u0259rman vasit\u0259l\u0259rinin, qiym\u0259tli metal v\u0259 da\u015flar\u0131n, onlardan haz\u0131rlanan m\u0259mulatlar\u0131n, silah-sursat\u0131n, audiovizual \u0259s\u0259r v\u0259 fonoqramlar\u0131n, elektron hesablama ma\u015f\u0131nlar\u0131 \u00fc\u00e7\u00fcn proqramlar\u0131n sat\u0131lmas\u0131na yol verilmir.<\/p>\n\n\n\n<p>Eyni zamanda, \u0130nzibati X\u0259talar M\u0259c\u0259ll\u0259sin\u0259 \u0259sas\u0259n, qanunsuz k\u00fc\u00e7\u0259 ticar\u0259ti, y\u0259ni Az\u0259rbaycan Respublikas\u0131n\u0131n yerli icra hakimiyy\u0259ti orqanlar\u0131 t\u0259r\u0259find\u0259n m\u00fc\u0259yy\u0259n edilm\u0259mi\u015f yerl\u0259rd\u0259 mallar\u0131n sat\u0131lmas\u0131na v\u0259 ya i\u015fl\u0259rin (xidm\u0259tl\u0259rin) g\u00f6r\u00fclm\u0259sin\u0259 g\u00f6r\u0259 80 manat m\u0259bl\u0259\u011find\u0259 c\u0259rim\u0259 edilir.<\/p>\n\n\n\n<p>Vergi qanunvericiliyinin pozulmas\u0131 hallar\u0131na g\u0259ldikd\u0259 is\u0259, k\u00fc\u00e7\u0259 ticar\u0259ti il\u0259 m\u0259\u015f\u011ful olan \u015f\u0259xs\u0259 sahibkarl\u0131q f\u0259aliyy\u0259tin\u0259 ba\u015flad\u0131\u011f\u0131 g\u00fcn\u0259d\u0259k vergi orqan\u0131nda vergi u\u00e7otuna al\u0131nmad\u0131\u011f\u0131 halda 40 manat m\u0259bl\u0259\u011find\u0259, \u0259hali il\u0259 na\u011fd pul hesabla\u015fmalar\u0131n\u0131 n\u0259zar\u0259t kassa aparat\u0131 v\u0259 ya ciddi hesabat blanklar\u0131 t\u0259tbiq etm\u0259d\u0259n apard\u0131\u011f\u0131 halda t\u0259qvim ili \u0259rzind\u0259 bel\u0259 hallara birinci d\u0259f\u0259 yol verildikd\u0259 400 manat m\u0259bl\u0259\u011find\u0259, ikinci d\u0259f\u0259 yol verildikd\u0259 800 manat m\u0259bl\u0259\u011find\u0259, \u00fc\u00e7 v\u0259 daha \u00e7ox d\u0259f\u0259 yol verildikd\u0259 1200 manat m\u0259bl\u0259\u011find\u0259 maliyy\u0259 sanksiyas\u0131 <a href=\"https:\/\/azertag.az\/xeber\/qanunsuz_kuche_ticareti_ile_mesgul_olanlar_80_manat_mebleginde_cerime_edilir-1075013\">t\u0259tbiq edilir<\/a>.<\/p>\n\n\n\n<p>Hac\u0131 V\u0259liyev deyir ki, Bak\u0131n\u0131n b\u0259zi metrostansiyalar\u0131nda h\u0259l\u0259 d\u0259 k\u00fc\u00e7\u0259 sat\u0131\u015f\u0131 m\u00f6vcuddur.<\/p>\n\n\n\n<p><em>\u201cYasamalda, \u201c\u0130n\u015faat\u00e7\u0131lar\u201d metrosu yax\u0131nl\u0131\u011f\u0131nda da k\u00fc\u00e7\u0259 ticar\u0259ti davam edirdi. Bir ne\u00e7\u0259 qazi h\u0259min \u0259razid\u0259 k\u00fc\u00e7\u0259 ticar\u0259ti il\u0259 m\u0259\u015f\u011ful olub ail\u0259sin\u0259 \u00e7\u00f6r\u0259kpulu apar\u0131rd\u0131. Sa\u011f olsun, buna Yasamal Rayon Polis \u0130dar\u0259sinin \u0259vv\u0259lki r\u0259isi C\u0259mil \u018fmirov icaz\u0259 vermi\u015fdi. 2024-c\u00fc ild\u0259 COP29 \u0259r\u0259f\u0259sind\u0259 qazil\u0259rin h\u0259min sat\u0131\u015f m\u0259nt\u0259q\u0259l\u0259rini da\u011f\u0131td\u0131lar. Dedil\u0259r ki, COP29-dan sonra b\u0259rpa edil\u0259c\u0259k. T\u0259dbir bit\u0259nd\u0259n sonra qazil\u0259r d\u0259f\u0259l\u0259rl\u0259 m\u00fcraci\u0259t ets\u0259l\u0259r d\u0259, onlara yer verm\u0259dil\u0259r. \u018fhalinin s\u0131x olan yerl\u0259rind\u0259 bizd\u0259n ba\u015fqa da k\u00fc\u00e7\u0259 ticar\u0259ti il\u0259 m\u0259\u015f\u011ful olan onlarla m\u00fclki insan var. \u015e\u0259h\u0259rin bir ne\u00e7\u0259 metrosu istisna olmaqla dig\u0259r metrolarda- insanlar\u0131n s\u0131x olan yerl\u0259rind\u0259 polisin icaz\u0259si il\u0259, ayl\u0131q \u00f6d\u0259ni\u015f qar\u015f\u0131l\u0131\u011f\u0131nda k\u00fc\u00e7\u0259 ticar\u0259tin\u0259 icaz\u0259 verilir\u201d.<\/em><\/p>\n\n\n\n<figure class=\"wp-block-image size-large\"><img decoding=\"async\" width=\"1095\" height=\"821\" data-src=\"https:\/\/www.meydan.tv\/wp-content\/uploads\/484478931_1007517061262717_5543440902448640353_n-1095x821.jpg\" alt=\"\" class=\"wp-image-327936 lazyload\" src=\"data:image\/svg+xml;base64,PHN2ZyB3aWR0aD0iMSIgaGVpZ2h0PSIxIiB4bWxucz0iaHR0cDovL3d3dy53My5vcmcvMjAwMC9zdmciPjwvc3ZnPg==\" style=\"--smush-placeholder-width: 1095px; --smush-placeholder-aspect-ratio: 1095\/821;\" \/><figcaption class=\"wp-element-caption\">Foto: Hac\u0131 V\u0259liyevin Facebook s\u0259hif\u0259si <\/figcaption><\/figure>\n\n\n\n<p><em>\u201c\u0130ki il idi ki, qazil\u0259r he\u00e7 bir \u00f6d\u0259ni\u015f etm\u0259d\u0259n yer i\u015fl\u0259dirdil\u0259r. Nem\u0259t Babayev (Yasamal Rayon Polis \u0130dar\u0259sinin r\u0259isi) v\u0259 m\u00fcavini Anar M\u0259mm\u0259dov bu idar\u0259y\u0259 g\u0259l\u0259nd\u0259n sonra burada \u00f6zba\u015f\u0131nal\u0131q ba\u015flad\u0131. Bu tap\u015f\u0131r\u0131\u011f\u0131 da onlar veribl\u0259r. Biz\u0259 \u00fc\u00e7\u00fcnc\u00fc-d\u00f6rd\u00fcnc\u00fc adamlar vasit\u0259sil\u0259 deyirl\u0259r ki, g\u00fcnd\u0259lik i\u015fl\u0259dil\u0259n yerd\u0259n 30-60 manat aras\u0131nda g\u00fcnd\u0259lik pul versinl\u0259r. Qazil\u0259r d\u0259 buna raz\u0131 deyill\u0259r\u201d,<\/em> &#8211; Hac\u0131 V\u0259liyev deyir.<\/p>\n\n\n\n<p>O bildirir ki, m\u0259s\u0259l\u0259 il\u0259 \u0259laq\u0259dar Prezident Administrasiyas\u0131n\u0131n V\u0259t\u0259nda\u015f Q\u0259bulu M\u0259rk\u0259zind\u0259 d\u0259 olublar:<\/p>\n\n\n\n<p><em>\u201cM\u0259rk\u0259zd\u0259 polisd\u0259n \u015fikay\u0259t\u0259 g\u0259ldiyimizi bil\u0259nd\u0259 bizi zorla 17-ci polis b\u00f6lm\u0259sin\u0259 apar\u0131blar. Yar\u0131m saat orada dindir<\/em><em>il\u0259nd\u0259n sonra s\u0259rb\u0259st burax\u0131blar. Daxili \u0130\u015fl\u0259r Nazirliyi, Bak\u0131 \u015f\u0259h\u0259r Ba\u015f Polis \u0130dar\u0259si v\u0259 Yasamal Rayon Polis \u0130dar\u0259si bizi q\u0259bul edib, \u015fikay\u0259timizi dinl\u0259<\/em><em>di. \u015e\u0259rifzad\u0259 v\u0259 dig\u0259r k\u00fc\u00e7\u0259l\u0259rd\u0259 k\u00fc\u00e7\u0259 ticar\u0259ti t\u00fc\u011fyan edir. Lakin n\u0259d\u0259ns\u0259 qazil\u0259r\u0259 icaz\u0259 vermirsiniz. Yuxar\u0131dan tap\u015f\u0131r\u0131q verilib ki, \u00f6lk\u0259d\u0259 qazil\u0259ri <\/em><em>\u201cg\u00f6z\u00fcm\u00e7\u0131xd\u0131ya sals\u0131nlar<\/em><em>\u201d. T\u0259\u0259ss\u00fcfl\u0259r olsun ki, qazil\u0259r bil\u0259r\u0259kd\u0259n dil\u0259n\u00e7i v\u0259ziyy\u0259tin\u0259 sal\u0131n\u0131r. Qazinin \u0259lilliyini k\u0259sirs\u0259n, dil\u0259n\u00e7i v\u0259ziyy\u0259tin\u0259 qoyursan, s\u0259ks\u0259n manat m\u00fcavin\u0259t\u0259 m\u00f6htac edirs\u0259n. Qazil\u0259r\u0259, d\u00f6y\u00fc\u015f\u00e7\u00fcl\u0259r\u0259, veteranlara verdikl\u0259ri el\u0259 dil\u0259n\u00e7i puludur. Qazil\u0259ri bu v\u0259ziyy\u0259td\u0259 saxlay\u0131rs\u0131n\u0131z, k\u00fc\u00e7\u0259l\u0259rd\u0259 qoyursunuz. B\u0259s qazi nec\u0259 ya\u015fas\u0131n, haradan qazans\u0131n? S\u0259n ayda on min manat maa\u015f al\u0131rsan, \u00fcst\u0259lik, r\u00fc\u015fv\u0259t, korrupsiya il<\/em><em>\u0259 m\u0259\u015f\u011fulsan. Oturmusan rahat kreslonda qazinin problemini aradan qald\u0131rm\u0131rsan. Polisin bu zorak\u0131l\u0131\u011f\u0131na h\u00fcquqi m\u00fcst\u0259vid\u0259 cavab verm\u0259sini t\u0259l\u0259b ed\u0259c\u0259yik\u201d.<\/em><\/p>\n\n\n\n<p>Daxili \u0130\u015fl\u0259r Nazirliyi m\u0259s\u0259l\u0259 il\u0259 \u0259laq\u0259dar Meydan TV-nin sor\u011fusunu cavabland\u0131rmay\u0131b.<\/p>\n","protected":false},"excerpt":{"rendered":"<p>\u201cBiz\u0259 deyirl\u0259r ki, g\u00fcnd\u0259lik i\u015fl\u0259dil\u0259n yerd\u0259n 30-60 manat aras\u0131nda g\u00fcnd\u0259lik &#8230; <\/p>\n<p class=\"read-more-container\"><a title=\"Polisin k\u00fc\u00e7\u0259 ticar\u0259ti il\u0259 m\u0259\u015f\u011ful olan qazil\u0259r\u0259 qar\u015f\u0131 zorak\u0131l\u0131q t\u0259tbiq etdiyi bildirilir\" class=\"read-more button\" href=\"https:\/\/www.meydan.tv\/az\/article\/polisin-kuc%c9%99-ticar%c9%99ti-il%c9%99-m%c9%99sgul-olan-qazil%c9%99r%c9%99-qarsi-zorakiliq-t%c9%99tbiq-etdiyi-bildirilir\/#more-327932\" aria-label=\"Read more about Polisin k\u00fc\u00e7\u0259 ticar\u0259ti il\u0259 m\u0259\u015f\u011ful olan qazil\u0259r\u0259 qar\u015f\u0131 zorak\u0131l\u0131q t\u0259tbiq etdiyi bildirilir\">Davam\u0131<\/a><\/p>\n","protected":false},"author":21,"featured_media":327956,"comment_status":"closed","ping_status":"closed","sticky":false,"template":"","format":"standard","meta":{"_acf_changed":false,"_sitemap_exclude":false,"_sitemap_priority":"","_sitemap_frequency":"","footnotes":""},"categories":[62,79,56],"tags":[],"class_list":["post-327932","post","type-post","status-publish","format-standard","has-post-thumbnail","hentry","category-sosial","category-featured","category-xeberler","infinite-scroll-item","generate-columns","tablet-grid-50","mobile-grid-100","grid-parent","grid-33","no-featured-image-padding"],"acf":[],"yoast_head":"<!-- This site is optimized with the Yoast SEO plugin v27.4 - https:\/\/yoast.com\/product\/yoast-seo-wordpress\/ -->\n<title>Polisin k\u00fc\u00e7\u0259 ticar\u0259ti il\u0259 m\u0259\u015f\u011ful olan qazil\u0259r\u0259 qar\u015f\u0131 zorak\u0131l\u0131q t\u0259tbiq etdiyi bildirilir - MEYDAN.TV<\/title>\n<meta name=\"robots\" content=\"index, follow, max-snippet:-1, max-image-preview:large, max-video-preview:-1\" \/>\n<link rel=\"canonical\" href=\"https:\/\/www.meydan.tv\/az\/article\/polisin-kuc%c9%99-ticar%c9%99ti-il%c9%99-m%c9%99sgul-olan-qazil%c9%99r%c9%99-qarsi-zorakiliq-t%c9%99tbiq-etdiyi-bildirilir\/\" \/>\n<meta property=\"og:locale\" content=\"az_AZ\" \/>\n<meta property=\"og:type\" content=\"article\" \/>\n<meta property=\"og:title\" content=\"Polisin k\u00fc\u00e7\u0259 ticar\u0259ti il\u0259 m\u0259\u015f\u011ful olan qazil\u0259r\u0259 qar\u015f\u0131 zorak\u0131l\u0131q t\u0259tbiq etdiyi bildirilir - MEYDAN.TV\" \/>\n<meta property=\"og:description\" content=\"\u201cBiz\u0259 deyirl\u0259r ki, g\u00fcnd\u0259lik i\u015fl\u0259dil\u0259n yerd\u0259n 30-60 manat aras\u0131nda g\u00fcnd\u0259lik ... Davam\u0131\" \/>\n<meta property=\"og:url\" content=\"https:\/\/www.meydan.tv\/az\/article\/polisin-kuc%c9%99-ticar%c9%99ti-il%c9%99-m%c9%99sgul-olan-qazil%c9%99r%c9%99-qarsi-zorakiliq-t%c9%99tbiq-etdiyi-bildirilir\/\" \/>\n<meta property=\"og:site_name\" content=\"MEYDAN.TV\" \/>\n<meta property=\"article:published_time\" content=\"2025-03-19T13:04:58+00:00\" \/>\n<meta property=\"article:modified_time\" content=\"2025-03-19T15:20:46+00:00\" \/>\n<meta property=\"og:image\" content=\"https:\/\/www.meydan.tv\/wp-content\/uploads\/088.png\" \/>\n\t<meta property=\"og:image:width\" content=\"1179\" \/>\n\t<meta property=\"og:image:height\" content=\"576\" \/>\n\t<meta property=\"og:image:type\" content=\"image\/png\" \/>\n<meta name=\"author\" content=\"mahmud\" \/>\n<meta name=\"twitter:card\" content=\"summary_large_image\" \/>\n<script type=\"application\/ld+json\" class=\"yoast-schema-graph\">{\"@context\":\"https:\\\/\\\/schema.org\",\"@graph\":[{\"@type\":\"Article\",\"@id\":\"https:\\\/\\\/www.meydan.tv\\\/az\\\/article\\\/polisin-kuc%c9%99-ticar%c9%99ti-il%c9%99-m%c9%99sgul-olan-qazil%c9%99r%c9%99-qarsi-zorakiliq-t%c9%99tbiq-etdiyi-bildirilir\\\/#article\",\"isPartOf\":{\"@id\":\"https:\\\/\\\/www.meydan.tv\\\/az\\\/article\\\/polisin-kuc%c9%99-ticar%c9%99ti-il%c9%99-m%c9%99sgul-olan-qazil%c9%99r%c9%99-qarsi-zorakiliq-t%c9%99tbiq-etdiyi-bildirilir\\\/\"},\"author\":{\"name\":\"mahmud\",\"@id\":\"https:\\\/\\\/www.meydan.tv\\\/az\\\/#\\\/schema\\\/person\\\/09863e516102a829e72bedcf3f84c6b0\"},\"headline\":\"Polisin k\u00fc\u00e7\u0259 ticar\u0259ti il\u0259 m\u0259\u015f\u011ful olan qazil\u0259r\u0259 qar\u015f\u0131 zorak\u0131l\u0131q t\u0259tbiq etdiyi bildirilir\",\"datePublished\":\"2025-03-19T13:04:58+00:00\",\"dateModified\":\"2025-03-19T15:20:46+00:00\",\"mainEntityOfPage\":{\"@id\":\"https:\\\/\\\/www.meydan.tv\\\/az\\\/article\\\/polisin-kuc%c9%99-ticar%c9%99ti-il%c9%99-m%c9%99sgul-olan-qazil%c9%99r%c9%99-qarsi-zorakiliq-t%c9%99tbiq-etdiyi-bildirilir\\\/\"},\"wordCount\":1095,\"publisher\":{\"@id\":\"https:\\\/\\\/www.meydan.tv\\\/az\\\/#organization\"},\"image\":{\"@id\":\"https:\\\/\\\/www.meydan.tv\\\/az\\\/article\\\/polisin-kuc%c9%99-ticar%c9%99ti-il%c9%99-m%c9%99sgul-olan-qazil%c9%99r%c9%99-qarsi-zorakiliq-t%c9%99tbiq-etdiyi-bildirilir\\\/#primaryimage\"},\"thumbnailUrl\":\"https:\\\/\\\/www.meydan.tv\\\/wp-content\\\/uploads\\\/088.png\",\"articleSection\":[\"Sosial\",\"T\u00f6vsiy\u0259\",\"X\u0259b\u0259rl\u0259r\"],\"inLanguage\":\"az\"},{\"@type\":\"WebPage\",\"@id\":\"https:\\\/\\\/www.meydan.tv\\\/az\\\/article\\\/polisin-kuc%c9%99-ticar%c9%99ti-il%c9%99-m%c9%99sgul-olan-qazil%c9%99r%c9%99-qarsi-zorakiliq-t%c9%99tbiq-etdiyi-bildirilir\\\/\",\"url\":\"https:\\\/\\\/www.meydan.tv\\\/az\\\/article\\\/polisin-kuc%c9%99-ticar%c9%99ti-il%c9%99-m%c9%99sgul-olan-qazil%c9%99r%c9%99-qarsi-zorakiliq-t%c9%99tbiq-etdiyi-bildirilir\\\/\",\"name\":\"Polisin k\u00fc\u00e7\u0259 ticar\u0259ti il\u0259 m\u0259\u015f\u011ful olan qazil\u0259r\u0259 qar\u015f\u0131 zorak\u0131l\u0131q t\u0259tbiq etdiyi bildirilir - MEYDAN.TV\",\"isPartOf\":{\"@id\":\"https:\\\/\\\/www.meydan.tv\\\/az\\\/#website\"},\"primaryImageOfPage\":{\"@id\":\"https:\\\/\\\/www.meydan.tv\\\/az\\\/article\\\/polisin-kuc%c9%99-ticar%c9%99ti-il%c9%99-m%c9%99sgul-olan-qazil%c9%99r%c9%99-qarsi-zorakiliq-t%c9%99tbiq-etdiyi-bildirilir\\\/#primaryimage\"},\"image\":{\"@id\":\"https:\\\/\\\/www.meydan.tv\\\/az\\\/article\\\/polisin-kuc%c9%99-ticar%c9%99ti-il%c9%99-m%c9%99sgul-olan-qazil%c9%99r%c9%99-qarsi-zorakiliq-t%c9%99tbiq-etdiyi-bildirilir\\\/#primaryimage\"},\"thumbnailUrl\":\"https:\\\/\\\/www.meydan.tv\\\/wp-content\\\/uploads\\\/088.png\",\"datePublished\":\"2025-03-19T13:04:58+00:00\",\"dateModified\":\"2025-03-19T15:20:46+00:00\",\"breadcrumb\":{\"@id\":\"https:\\\/\\\/www.meydan.tv\\\/az\\\/article\\\/polisin-kuc%c9%99-ticar%c9%99ti-il%c9%99-m%c9%99sgul-olan-qazil%c9%99r%c9%99-qarsi-zorakiliq-t%c9%99tbiq-etdiyi-bildirilir\\\/#breadcrumb\"},\"inLanguage\":\"az\",\"potentialAction\":[{\"@type\":\"ReadAction\",\"target\":[\"https:\\\/\\\/www.meydan.tv\\\/az\\\/article\\\/polisin-kuc%c9%99-ticar%c9%99ti-il%c9%99-m%c9%99sgul-olan-qazil%c9%99r%c9%99-qarsi-zorakiliq-t%c9%99tbiq-etdiyi-bildirilir\\\/\"]}]},{\"@type\":\"ImageObject\",\"inLanguage\":\"az\",\"@id\":\"https:\\\/\\\/www.meydan.tv\\\/az\\\/article\\\/polisin-kuc%c9%99-ticar%c9%99ti-il%c9%99-m%c9%99sgul-olan-qazil%c9%99r%c9%99-qarsi-zorakiliq-t%c9%99tbiq-etdiyi-bildirilir\\\/#primaryimage\",\"url\":\"https:\\\/\\\/www.meydan.tv\\\/wp-content\\\/uploads\\\/088.png\",\"contentUrl\":\"https:\\\/\\\/www.meydan.tv\\\/wp-content\\\/uploads\\\/088.png\",\"width\":1179,\"height\":576,\"caption\":\"Polis. Foto: D\u0130N\"},{\"@type\":\"BreadcrumbList\",\"@id\":\"https:\\\/\\\/www.meydan.tv\\\/az\\\/article\\\/polisin-kuc%c9%99-ticar%c9%99ti-il%c9%99-m%c9%99sgul-olan-qazil%c9%99r%c9%99-qarsi-zorakiliq-t%c9%99tbiq-etdiyi-bildirilir\\\/#breadcrumb\",\"itemListElement\":[{\"@type\":\"ListItem\",\"position\":1,\"name\":\"Ana s\u0259hif\u0259\",\"item\":\"https:\\\/\\\/www.meydan.tv\\\/az\\\/\"},{\"@type\":\"ListItem\",\"position\":2,\"name\":\"Sosial\",\"item\":\"https:\\\/\\\/www.meydan.tv\\\/az\\\/section\\\/sosial\\\/\"},{\"@type\":\"ListItem\",\"position\":3,\"name\":\"Polisin k\u00fc\u00e7\u0259 ticar\u0259ti il\u0259 m\u0259\u015f\u011ful olan qazil\u0259r\u0259 qar\u015f\u0131 zorak\u0131l\u0131q t\u0259tbiq etdiyi bildirilir\"}]},{\"@type\":\"WebSite\",\"@id\":\"https:\\\/\\\/www.meydan.tv\\\/az\\\/#website\",\"url\":\"https:\\\/\\\/www.meydan.tv\\\/az\\\/\",\"name\":\"MEYDAN.TV\",\"description\":\"Meydan TV Az\u0259rbaycan\u0131n media m\u0259kan\u0131ndak\u0131 alternativ s\u0259sidir\",\"publisher\":{\"@id\":\"https:\\\/\\\/www.meydan.tv\\\/az\\\/#organization\"},\"potentialAction\":[{\"@type\":\"SearchAction\",\"target\":{\"@type\":\"EntryPoint\",\"urlTemplate\":\"https:\\\/\\\/www.meydan.tv\\\/az\\\/?s={search_term_string}\"},\"query-input\":{\"@type\":\"PropertyValueSpecification\",\"valueRequired\":true,\"valueName\":\"search_term_string\"}}],\"inLanguage\":\"az\"},{\"@type\":\"Organization\",\"@id\":\"https:\\\/\\\/www.meydan.tv\\\/az\\\/#organization\",\"name\":\"Meydan TV\",\"url\":\"https:\\\/\\\/www.meydan.tv\\\/az\\\/\",\"logo\":{\"@type\":\"ImageObject\",\"inLanguage\":\"az\",\"@id\":\"https:\\\/\\\/www.meydan.tv\\\/az\\\/#\\\/schema\\\/logo\\\/image\\\/\",\"url\":\"https:\\\/\\\/www.meydan.tv\\\/wp-content\\\/uploads\\\/2021\\\/07\\\/meydan-logo.svg\",\"contentUrl\":\"https:\\\/\\\/www.meydan.tv\\\/wp-content\\\/uploads\\\/2021\\\/07\\\/meydan-logo.svg\",\"width\":195,\"height\":46,\"caption\":\"Meydan TV\"},\"image\":{\"@id\":\"https:\\\/\\\/www.meydan.tv\\\/az\\\/#\\\/schema\\\/logo\\\/image\\\/\"}},{\"@type\":\"Person\",\"@id\":\"https:\\\/\\\/www.meydan.tv\\\/az\\\/#\\\/schema\\\/person\\\/09863e516102a829e72bedcf3f84c6b0\",\"name\":\"mahmud\"}]}<\/script>\n<!-- \/ Yoast SEO plugin. -->","yoast_head_json":{"title":"Polisin k\u00fc\u00e7\u0259 ticar\u0259ti il\u0259 m\u0259\u015f\u011ful olan qazil\u0259r\u0259 qar\u015f\u0131 zorak\u0131l\u0131q t\u0259tbiq etdiyi bildirilir - MEYDAN.TV","robots":{"index":"index","follow":"follow","max-snippet":"max-snippet:-1","max-image-preview":"max-image-preview:large","max-video-preview":"max-video-preview:-1"},"canonical":"https:\/\/www.meydan.tv\/az\/article\/polisin-kuc%c9%99-ticar%c9%99ti-il%c9%99-m%c9%99sgul-olan-qazil%c9%99r%c9%99-qarsi-zorakiliq-t%c9%99tbiq-etdiyi-bildirilir\/","og_locale":"az_AZ","og_type":"article","og_title":"Polisin k\u00fc\u00e7\u0259 ticar\u0259ti il\u0259 m\u0259\u015f\u011ful olan qazil\u0259r\u0259 qar\u015f\u0131 zorak\u0131l\u0131q t\u0259tbiq etdiyi bildirilir - MEYDAN.TV","og_description":"\u201cBiz\u0259 deyirl\u0259r ki, g\u00fcnd\u0259lik i\u015fl\u0259dil\u0259n yerd\u0259n 30-60 manat aras\u0131nda g\u00fcnd\u0259lik ... Davam\u0131","og_url":"https:\/\/www.meydan.tv\/az\/article\/polisin-kuc%c9%99-ticar%c9%99ti-il%c9%99-m%c9%99sgul-olan-qazil%c9%99r%c9%99-qarsi-zorakiliq-t%c9%99tbiq-etdiyi-bildirilir\/","og_site_name":"MEYDAN.TV","article_published_time":"2025-03-19T13:04:58+00:00","article_modified_time":"2025-03-19T15:20:46+00:00","og_image":[{"width":1179,"height":576,"url":"https:\/\/www.meydan.tv\/wp-content\/uploads\/088.png","type":"image\/png"}],"author":"mahmud","twitter_card":"summary_large_image","schema":{"@context":"https:\/\/schema.org","@graph":[{"@type":"Article","@id":"https:\/\/www.meydan.tv\/az\/article\/polisin-kuc%c9%99-ticar%c9%99ti-il%c9%99-m%c9%99sgul-olan-qazil%c9%99r%c9%99-qarsi-zorakiliq-t%c9%99tbiq-etdiyi-bildirilir\/#article","isPartOf":{"@id":"https:\/\/www.meydan.tv\/az\/article\/polisin-kuc%c9%99-ticar%c9%99ti-il%c9%99-m%c9%99sgul-olan-qazil%c9%99r%c9%99-qarsi-zorakiliq-t%c9%99tbiq-etdiyi-bildirilir\/"},"author":{"name":"mahmud","@id":"https:\/\/www.meydan.tv\/az\/#\/schema\/person\/09863e516102a829e72bedcf3f84c6b0"},"headline":"Polisin k\u00fc\u00e7\u0259 ticar\u0259ti il\u0259 m\u0259\u015f\u011ful olan qazil\u0259r\u0259 qar\u015f\u0131 zorak\u0131l\u0131q t\u0259tbiq etdiyi bildirilir","datePublished":"2025-03-19T13:04:58+00:00","dateModified":"2025-03-19T15:20:46+00:00","mainEntityOfPage":{"@id":"https:\/\/www.meydan.tv\/az\/article\/polisin-kuc%c9%99-ticar%c9%99ti-il%c9%99-m%c9%99sgul-olan-qazil%c9%99r%c9%99-qarsi-zorakiliq-t%c9%99tbiq-etdiyi-bildirilir\/"},"wordCount":1095,"publisher":{"@id":"https:\/\/www.meydan.tv\/az\/#organization"},"image":{"@id":"https:\/\/www.meydan.tv\/az\/article\/polisin-kuc%c9%99-ticar%c9%99ti-il%c9%99-m%c9%99sgul-olan-qazil%c9%99r%c9%99-qarsi-zorakiliq-t%c9%99tbiq-etdiyi-bildirilir\/#primaryimage"},"thumbnailUrl":"https:\/\/www.meydan.tv\/wp-content\/uploads\/088.png","articleSection":["Sosial","T\u00f6vsiy\u0259","X\u0259b\u0259rl\u0259r"],"inLanguage":"az"},{"@type":"WebPage","@id":"https:\/\/www.meydan.tv\/az\/article\/polisin-kuc%c9%99-ticar%c9%99ti-il%c9%99-m%c9%99sgul-olan-qazil%c9%99r%c9%99-qarsi-zorakiliq-t%c9%99tbiq-etdiyi-bildirilir\/","url":"https:\/\/www.meydan.tv\/az\/article\/polisin-kuc%c9%99-ticar%c9%99ti-il%c9%99-m%c9%99sgul-olan-qazil%c9%99r%c9%99-qarsi-zorakiliq-t%c9%99tbiq-etdiyi-bildirilir\/","name":"Polisin k\u00fc\u00e7\u0259 ticar\u0259ti il\u0259 m\u0259\u015f\u011ful olan qazil\u0259r\u0259 qar\u015f\u0131 zorak\u0131l\u0131q t\u0259tbiq etdiyi bildirilir - MEYDAN.TV","isPartOf":{"@id":"https:\/\/www.meydan.tv\/az\/#website"},"primaryImageOfPage":{"@id":"https:\/\/www.meydan.tv\/az\/article\/polisin-kuc%c9%99-ticar%c9%99ti-il%c9%99-m%c9%99sgul-olan-qazil%c9%99r%c9%99-qarsi-zorakiliq-t%c9%99tbiq-etdiyi-bildirilir\/#primaryimage"},"image":{"@id":"https:\/\/www.meydan.tv\/az\/article\/polisin-kuc%c9%99-ticar%c9%99ti-il%c9%99-m%c9%99sgul-olan-qazil%c9%99r%c9%99-qarsi-zorakiliq-t%c9%99tbiq-etdiyi-bildirilir\/#primaryimage"},"thumbnailUrl":"https:\/\/www.meydan.tv\/wp-content\/uploads\/088.png","datePublished":"2025-03-19T13:04:58+00:00","dateModified":"2025-03-19T15:20:46+00:00","breadcrumb":{"@id":"https:\/\/www.meydan.tv\/az\/article\/polisin-kuc%c9%99-ticar%c9%99ti-il%c9%99-m%c9%99sgul-olan-qazil%c9%99r%c9%99-qarsi-zorakiliq-t%c9%99tbiq-etdiyi-bildirilir\/#breadcrumb"},"inLanguage":"az","potentialAction":[{"@type":"ReadAction","target":["https:\/\/www.meydan.tv\/az\/article\/polisin-kuc%c9%99-ticar%c9%99ti-il%c9%99-m%c9%99sgul-olan-qazil%c9%99r%c9%99-qarsi-zorakiliq-t%c9%99tbiq-etdiyi-bildirilir\/"]}]},{"@type":"ImageObject","inLanguage":"az","@id":"https:\/\/www.meydan.tv\/az\/article\/polisin-kuc%c9%99-ticar%c9%99ti-il%c9%99-m%c9%99sgul-olan-qazil%c9%99r%c9%99-qarsi-zorakiliq-t%c9%99tbiq-etdiyi-bildirilir\/#primaryimage","url":"https:\/\/www.meydan.tv\/wp-content\/uploads\/088.png","contentUrl":"https:\/\/www.meydan.tv\/wp-content\/uploads\/088.png","width":1179,"height":576,"caption":"Polis. Foto: D\u0130N"},{"@type":"BreadcrumbList","@id":"https:\/\/www.meydan.tv\/az\/article\/polisin-kuc%c9%99-ticar%c9%99ti-il%c9%99-m%c9%99sgul-olan-qazil%c9%99r%c9%99-qarsi-zorakiliq-t%c9%99tbiq-etdiyi-bildirilir\/#breadcrumb","itemListElement":[{"@type":"ListItem","position":1,"name":"Ana s\u0259hif\u0259","item":"https:\/\/www.meydan.tv\/az\/"},{"@type":"ListItem","position":2,"name":"Sosial","item":"https:\/\/www.meydan.tv\/az\/section\/sosial\/"},{"@type":"ListItem","position":3,"name":"Polisin k\u00fc\u00e7\u0259 ticar\u0259ti il\u0259 m\u0259\u015f\u011ful olan qazil\u0259r\u0259 qar\u015f\u0131 zorak\u0131l\u0131q t\u0259tbiq etdiyi bildirilir"}]},{"@type":"WebSite","@id":"https:\/\/www.meydan.tv\/az\/#website","url":"https:\/\/www.meydan.tv\/az\/","name":"MEYDAN.TV","description":"Meydan TV Az\u0259rbaycan\u0131n media m\u0259kan\u0131ndak\u0131 alternativ s\u0259sidir","publisher":{"@id":"https:\/\/www.meydan.tv\/az\/#organization"},"potentialAction":[{"@type":"SearchAction","target":{"@type":"EntryPoint","urlTemplate":"https:\/\/www.meydan.tv\/az\/?s={search_term_string}"},"query-input":{"@type":"PropertyValueSpecification","valueRequired":true,"valueName":"search_term_string"}}],"inLanguage":"az"},{"@type":"Organization","@id":"https:\/\/www.meydan.tv\/az\/#organization","name":"Meydan TV","url":"https:\/\/www.meydan.tv\/az\/","logo":{"@type":"ImageObject","inLanguage":"az","@id":"https:\/\/www.meydan.tv\/az\/#\/schema\/logo\/image\/","url":"https:\/\/www.meydan.tv\/wp-content\/uploads\/2021\/07\/meydan-logo.svg","contentUrl":"https:\/\/www.meydan.tv\/wp-content\/uploads\/2021\/07\/meydan-logo.svg","width":195,"height":46,"caption":"Meydan TV"},"image":{"@id":"https:\/\/www.meydan.tv\/az\/#\/schema\/logo\/image\/"}},{"@type":"Person","@id":"https:\/\/www.meydan.tv\/az\/#\/schema\/person\/09863e516102a829e72bedcf3f84c6b0","name":"mahmud"}]}},"_links":{"self":[{"href":"https:\/\/www.meydan.tv\/az\/wp-json\/wp\/v2\/posts\/327932","targetHints":{"allow":["GET"]}}],"collection":[{"href":"https:\/\/www.meydan.tv\/az\/wp-json\/wp\/v2\/posts"}],"about":[{"href":"https:\/\/www.meydan.tv\/az\/wp-json\/wp\/v2\/types\/post"}],"author":[{"embeddable":true,"href":"https:\/\/www.meydan.tv\/az\/wp-json\/wp\/v2\/users\/21"}],"replies":[{"embeddable":true,"href":"https:\/\/www.meydan.tv\/az\/wp-json\/wp\/v2\/comments?post=327932"}],"version-history":[{"count":2,"href":"https:\/\/www.meydan.tv\/az\/wp-json\/wp\/v2\/posts\/327932\/revisions"}],"predecessor-version":[{"id":327959,"href":"https:\/\/www.meydan.tv\/az\/wp-json\/wp\/v2\/posts\/327932\/revisions\/327959"}],"wp:featuredmedia":[{"embeddable":true,"href":"https:\/\/www.meydan.tv\/az\/wp-json\/wp\/v2\/media\/327956"}],"wp:attachment":[{"href":"https:\/\/www.meydan.tv\/az\/wp-json\/wp\/v2\/media?parent=327932"}],"wp:term":[{"taxonomy":"category","embeddable":true,"href":"https:\/\/www.meydan.tv\/az\/wp-json\/wp\/v2\/categories?post=327932"},{"taxonomy":"post_tag","embeddable":true,"href":"https:\/\/www.meydan.tv\/az\/wp-json\/wp\/v2\/tags?post=327932"}],"curies":[{"name":"wp","href":"https:\/\/api.w.org\/{rel}","templated":true}]}}