{"id":327842,"date":"2025-03-18T13:01:10","date_gmt":"2025-03-18T09:01:10","guid":{"rendered":"https:\/\/www.meydan.tv\/?p=327842"},"modified":"2025-03-18T13:39:56","modified_gmt":"2025-03-18T09:39:56","slug":"az%c9%99rbaycanda-xususi-karantin-rejimi-yenid%c9%99n-uzadilib-2","status":"publish","type":"post","link":"https:\/\/www.meydan.tv\/az\/article\/az%c9%99rbaycanda-xususi-karantin-rejimi-yenid%c9%99n-uzadilib-2\/","title":{"rendered":"Karantin rejimi uzad\u0131ld\u0131: Quru s\u0259rh\u0259dl\u0259ri iyulun 1-n\u0259 kimi ba\u011fl\u0131 qalacaq"},"content":{"rendered":"\n<p><strong><em>Q\u0259rar\u0131n koronavirus (COVID-19) infeksiyas\u0131n\u0131n \u00f6lk\u0259 \u0259razisind\u0259 yay\u0131lmas\u0131n\u0131n, onun t\u00f6r\u0259d\u0259 bil\u0259c\u0259yi f\u0259sadlar\u0131n qar\u015f\u0131s\u0131n\u0131n al\u0131nmas\u0131 m\u0259qs\u0259dil\u0259 verildiyi qeyd olunur<\/em><\/strong><\/p>\n\n\n\n<p>Az\u0259rbaycanda x\u00fcsusi karantin rejimi yenid\u0259n uzad\u0131l\u0131b.<br><br>Nazirl\u0259r Kabinetinin q\u0259rar\u0131 il\u0259 \u00f6lk\u0259d\u0259 2025-ci il iyulun 1-i saat 06:00-d\u0259k x\u00fcsusi karantin rejimi <a href=\"https:\/\/nk.gov.az\/az\/senedler\/qerarlar\/azerbaycan-respublikasinin-erazisinde-xususi-karan-8715\" target=\"_blank\" rel=\"noreferrer noopener\">elan edilib<\/a>.<br><br>Q\u0259rar\u0131n koronavirus (COVID-19) infeksiyas\u0131n\u0131n \u00f6lk\u0259 \u0259razisind\u0259 yay\u0131lmas\u0131n\u0131n, onun t\u00f6r\u0259d\u0259 bil\u0259c\u0259yi f\u0259sadlar\u0131n qar\u015f\u0131s\u0131n\u0131n al\u0131nmas\u0131 m\u0259qs\u0259dil\u0259 verildiyi qeyd olunur.<br><br>Bundan \u0259vv\u0259l x\u00fcsusi karantin rejimi 2025-ci il aprelin 1-n\u0259 q\u0259d\u0259r m\u00fcdd\u0259ti \u0259hat\u0259 edirdi.<br>Prezident \u0130lham \u018fliyev 2024-c\u00fc il sentyabr\u0131n 23-d\u0259 Milli M\u0259clisd\u0259 \u00e7\u0131x\u0131\u015f\u0131 zaman\u0131 quru s\u0259rh\u0259dl\u0259rin ba\u011fl\u0131 qalmas\u0131n\u0131 t\u0259hl\u00fck\u0259sizlikl\u0259 \u0259laq\u0259l\u0259ndirmi\u015fdi.<br><br>\u0130lham \u018fliyev iddia edib ki, son ill\u0259r \u0259rzind\u0259 quru s\u0259rh\u0259dl\u0259rin ba\u011fl\u0131 olmas\u0131 Az\u0259rbaycan\u0131 \u00e7ox b\u00f6y\u00fck f\u0259lak\u0259tl\u0259rd\u0259n xilas edib:<br><br><em>\u201cH\u0259tta bu g\u00fcn \u2013 s\u0259rh\u0259dl\u0259r ba\u011fl\u0131 olan vaxtda t\u0259hl\u00fck\u0259li h\u0259r\u0259k\u0259tl\u0259r apar\u0131l\u0131r v\u0259 bu h\u0259r\u0259k\u0259tl\u0259rin qar\u015f\u0131s\u0131 al\u0131n\u0131r. S\u0259rh\u0259dl\u0259rimizin qorunmas\u0131 bizi xarici riskl\u0259rd\u0259n qoruyacaq. Az\u0259rbaycanda daxili riskl\u0259r yoxdur. Az\u0259rbaycanda t\u0259hl\u00fck\u0259sizlik, \u0259min-amanl\u0131q uzun ill\u0259rdir ki, t\u0259min edilir, sabitlik b\u00fct\u00fcn d\u00fcnya \u00fc\u00e7\u00fcn n\u00fcmun\u0259 ola bil\u0259r. H\u0259r k\u0259s bilir ki, \u0259g\u0259r sabitlik olmasa, he\u00e7 bir \u00f6lk\u0259 inki\u015faf ed\u0259 bilm\u0259z. Bu g\u00fcn sabitliyi pozulan \u00f6lk\u0259l\u0259rin v\u0259ziyy\u0259tini v\u0259 aqib\u0259tini h\u0259r k\u0259s yax\u015f\u0131 g\u00f6r\u00fcr. Bu, t\u0259hl\u00fck\u0259sizliyin, inki\u015faf\u0131n, xarici s\u0259rmay\u0259nin c\u0259lb edilm\u0259si \u00fc\u00e7\u00fcn ba\u015fl\u0131ca \u015f\u0259rtdir\u201d,<\/em> &#8211; Prezident deyib.<br><br>Koronavirus pandemiyas\u0131 d\u00fcnyada 2019-cu ilin sonundan yay\u0131lma\u011fa ba\u015flay\u0131b.<br><br>Az\u0259rbaycanda x\u00fcsusi karantin rejimi 2020-ci il mart\u0131n \u0259vv\u0259lind\u0259n elan edilib v\u0259 h\u0259min vaxtdan quru s\u0259rh\u0259dl\u0259r qapad\u0131l\u0131b.<br><br>Sonradan d\u0259f\u0259l\u0259rl\u0259 karantin rejiminin vaxt\u0131 uzad\u0131l\u0131b.<br><br>\u00dcmumd\u00fcnya S\u0259hiyy\u0259 T\u0259\u015fkilat\u0131 (\u00dcST) 2023-c\u00fc il may\u0131n 5-d\u0259 pandemiyan\u0131n ba\u015fa \u00e7atd\u0131\u011f\u0131n\u0131 elan edib.<br><br>Az\u0259rbaycanda da bu virusa yoluxma say\u0131nda k\u0259skin azalma var, lakin karantin rejimi sonlanm\u0131r.<br><br>M\u00fcst\u0259qil ekspertl\u0259r, m\u00fcxalif\u0259t partiyalar\u0131, t\u0259nqid\u00e7il\u0259r bunun COV\u0130D-l\u0259 ba\u011fl\u0131 olmad\u0131\u011f\u0131n\u0131, alt\u0131nda ba\u015fqa m\u0259qs\u0259dl\u0259r oldu\u011funu s\u00f6yl\u0259yirl\u0259r.<br><br>\u00d6lk\u0259 r\u0259hb\u0259rliyi is\u0259 bununla ba\u011fl\u0131 h\u0259r hans\u0131 tutarl\u0131 a\u00e7\u0131qlama verm\u0259yib.<\/p>\n","protected":false},"excerpt":{"rendered":"<p>Q\u0259rar\u0131n koronavirus (COVID-19) infeksiyas\u0131n\u0131n \u00f6lk\u0259 \u0259razisind\u0259 yay\u0131lmas\u0131n\u0131n, onun t\u00f6r\u0259d\u0259 bil\u0259c\u0259yi &#8230; <\/p>\n<p class=\"read-more-container\"><a title=\"Karantin rejimi uzad\u0131ld\u0131: Quru s\u0259rh\u0259dl\u0259ri iyulun 1-n\u0259 kimi ba\u011fl\u0131 qalacaq\" class=\"read-more button\" href=\"https:\/\/www.meydan.tv\/az\/article\/az%c9%99rbaycanda-xususi-karantin-rejimi-yenid%c9%99n-uzadilib-2\/#more-327842\" aria-label=\"Read more about Karantin rejimi uzad\u0131ld\u0131: Quru s\u0259rh\u0259dl\u0259ri iyulun 1-n\u0259 kimi ba\u011fl\u0131 qalacaq\">Davam\u0131<\/a><\/p>\n","protected":false},"author":16,"featured_media":327852,"comment_status":"closed","ping_status":"closed","sticky":false,"template":"","format":"standard","meta":{"_acf_changed":false,"_sitemap_exclude":false,"_sitemap_priority":"","_sitemap_frequency":"","footnotes":""},"categories":[62,56],"tags":[],"class_list":["post-327842","post","type-post","status-publish","format-standard","has-post-thumbnail","hentry","category-sosial","category-xeberler","infinite-scroll-item","generate-columns","tablet-grid-50","mobile-grid-100","grid-parent","grid-33","no-featured-image-padding"],"acf":[],"yoast_head":"<!-- This site is optimized with the Yoast SEO plugin v27.4 - https:\/\/yoast.com\/product\/yoast-seo-wordpress\/ -->\n<title>Karantin rejimi uzad\u0131ld\u0131: Quru s\u0259rh\u0259dl\u0259ri iyulun 1-n\u0259 kimi ba\u011fl\u0131 qalacaq - MEYDAN.TV<\/title>\n<meta name=\"robots\" content=\"index, follow, max-snippet:-1, max-image-preview:large, max-video-preview:-1\" \/>\n<link rel=\"canonical\" href=\"https:\/\/www.meydan.tv\/az\/article\/az%c9%99rbaycanda-xususi-karantin-rejimi-yenid%c9%99n-uzadilib-2\/\" \/>\n<meta property=\"og:locale\" content=\"az_AZ\" \/>\n<meta property=\"og:type\" content=\"article\" \/>\n<meta property=\"og:title\" content=\"Karantin rejimi uzad\u0131ld\u0131: Quru s\u0259rh\u0259dl\u0259ri iyulun 1-n\u0259 kimi ba\u011fl\u0131 qalacaq - MEYDAN.TV\" \/>\n<meta property=\"og:description\" content=\"Q\u0259rar\u0131n koronavirus (COVID-19) infeksiyas\u0131n\u0131n \u00f6lk\u0259 \u0259razisind\u0259 yay\u0131lmas\u0131n\u0131n, onun t\u00f6r\u0259d\u0259 bil\u0259c\u0259yi ... Davam\u0131\" \/>\n<meta property=\"og:url\" content=\"https:\/\/www.meydan.tv\/az\/article\/az%c9%99rbaycanda-xususi-karantin-rejimi-yenid%c9%99n-uzadilib-2\/\" \/>\n<meta property=\"og:site_name\" content=\"MEYDAN.TV\" \/>\n<meta property=\"article:published_time\" content=\"2025-03-18T09:01:10+00:00\" \/>\n<meta property=\"article:modified_time\" content=\"2025-03-18T09:39:56+00:00\" \/>\n<meta property=\"og:image\" content=\"https:\/\/www.meydan.tv\/wp-content\/uploads\/2353.png\" \/>\n\t<meta property=\"og:image:width\" content=\"1179\" \/>\n\t<meta property=\"og:image:height\" content=\"576\" \/>\n\t<meta property=\"og:image:type\" content=\"image\/png\" \/>\n<meta name=\"author\" content=\"sevda\" \/>\n<meta name=\"twitter:card\" content=\"summary_large_image\" \/>\n<script type=\"application\/ld+json\" class=\"yoast-schema-graph\">{\"@context\":\"https:\\\/\\\/schema.org\",\"@graph\":[{\"@type\":\"Article\",\"@id\":\"https:\\\/\\\/www.meydan.tv\\\/az\\\/article\\\/az%c9%99rbaycanda-xususi-karantin-rejimi-yenid%c9%99n-uzadilib-2\\\/#article\",\"isPartOf\":{\"@id\":\"https:\\\/\\\/www.meydan.tv\\\/az\\\/article\\\/az%c9%99rbaycanda-xususi-karantin-rejimi-yenid%c9%99n-uzadilib-2\\\/\"},\"author\":{\"name\":\"sevda\",\"@id\":\"https:\\\/\\\/www.meydan.tv\\\/az\\\/#\\\/schema\\\/person\\\/49b5f2bad5b126bb8ea9320eeb3e4dc9\"},\"headline\":\"Karantin rejimi uzad\u0131ld\u0131: Quru s\u0259rh\u0259dl\u0259ri iyulun 1-n\u0259 kimi ba\u011fl\u0131 qalacaq\",\"datePublished\":\"2025-03-18T09:01:10+00:00\",\"dateModified\":\"2025-03-18T09:39:56+00:00\",\"mainEntityOfPage\":{\"@id\":\"https:\\\/\\\/www.meydan.tv\\\/az\\\/article\\\/az%c9%99rbaycanda-xususi-karantin-rejimi-yenid%c9%99n-uzadilib-2\\\/\"},\"wordCount\":481,\"publisher\":{\"@id\":\"https:\\\/\\\/www.meydan.tv\\\/az\\\/#organization\"},\"image\":{\"@id\":\"https:\\\/\\\/www.meydan.tv\\\/az\\\/article\\\/az%c9%99rbaycanda-xususi-karantin-rejimi-yenid%c9%99n-uzadilib-2\\\/#primaryimage\"},\"thumbnailUrl\":\"https:\\\/\\\/www.meydan.tv\\\/wp-content\\\/uploads\\\/2353.png\",\"articleSection\":[\"Sosial\",\"X\u0259b\u0259rl\u0259r\"],\"inLanguage\":\"az\"},{\"@type\":\"WebPage\",\"@id\":\"https:\\\/\\\/www.meydan.tv\\\/az\\\/article\\\/az%c9%99rbaycanda-xususi-karantin-rejimi-yenid%c9%99n-uzadilib-2\\\/\",\"url\":\"https:\\\/\\\/www.meydan.tv\\\/az\\\/article\\\/az%c9%99rbaycanda-xususi-karantin-rejimi-yenid%c9%99n-uzadilib-2\\\/\",\"name\":\"Karantin rejimi uzad\u0131ld\u0131: Quru s\u0259rh\u0259dl\u0259ri iyulun 1-n\u0259 kimi ba\u011fl\u0131 qalacaq - MEYDAN.TV\",\"isPartOf\":{\"@id\":\"https:\\\/\\\/www.meydan.tv\\\/az\\\/#website\"},\"primaryImageOfPage\":{\"@id\":\"https:\\\/\\\/www.meydan.tv\\\/az\\\/article\\\/az%c9%99rbaycanda-xususi-karantin-rejimi-yenid%c9%99n-uzadilib-2\\\/#primaryimage\"},\"image\":{\"@id\":\"https:\\\/\\\/www.meydan.tv\\\/az\\\/article\\\/az%c9%99rbaycanda-xususi-karantin-rejimi-yenid%c9%99n-uzadilib-2\\\/#primaryimage\"},\"thumbnailUrl\":\"https:\\\/\\\/www.meydan.tv\\\/wp-content\\\/uploads\\\/2353.png\",\"datePublished\":\"2025-03-18T09:01:10+00:00\",\"dateModified\":\"2025-03-18T09:39:56+00:00\",\"breadcrumb\":{\"@id\":\"https:\\\/\\\/www.meydan.tv\\\/az\\\/article\\\/az%c9%99rbaycanda-xususi-karantin-rejimi-yenid%c9%99n-uzadilib-2\\\/#breadcrumb\"},\"inLanguage\":\"az\",\"potentialAction\":[{\"@type\":\"ReadAction\",\"target\":[\"https:\\\/\\\/www.meydan.tv\\\/az\\\/article\\\/az%c9%99rbaycanda-xususi-karantin-rejimi-yenid%c9%99n-uzadilib-2\\\/\"]}]},{\"@type\":\"ImageObject\",\"inLanguage\":\"az\",\"@id\":\"https:\\\/\\\/www.meydan.tv\\\/az\\\/article\\\/az%c9%99rbaycanda-xususi-karantin-rejimi-yenid%c9%99n-uzadilib-2\\\/#primaryimage\",\"url\":\"https:\\\/\\\/www.meydan.tv\\\/wp-content\\\/uploads\\\/2353.png\",\"contentUrl\":\"https:\\\/\\\/www.meydan.tv\\\/wp-content\\\/uploads\\\/2353.png\",\"width\":1179,\"height\":576,\"caption\":\"S\u0259rh\u0259d. Foto: Prazis - Shutterstock\"},{\"@type\":\"BreadcrumbList\",\"@id\":\"https:\\\/\\\/www.meydan.tv\\\/az\\\/article\\\/az%c9%99rbaycanda-xususi-karantin-rejimi-yenid%c9%99n-uzadilib-2\\\/#breadcrumb\",\"itemListElement\":[{\"@type\":\"ListItem\",\"position\":1,\"name\":\"Ana s\u0259hif\u0259\",\"item\":\"https:\\\/\\\/www.meydan.tv\\\/az\\\/\"},{\"@type\":\"ListItem\",\"position\":2,\"name\":\"X\u0259b\u0259rl\u0259r\",\"item\":\"https:\\\/\\\/www.meydan.tv\\\/az\\\/section\\\/xeberler\\\/\"},{\"@type\":\"ListItem\",\"position\":3,\"name\":\"Karantin rejimi uzad\u0131ld\u0131: Quru s\u0259rh\u0259dl\u0259ri iyulun 1-n\u0259 kimi ba\u011fl\u0131 qalacaq\"}]},{\"@type\":\"WebSite\",\"@id\":\"https:\\\/\\\/www.meydan.tv\\\/az\\\/#website\",\"url\":\"https:\\\/\\\/www.meydan.tv\\\/az\\\/\",\"name\":\"MEYDAN.TV\",\"description\":\"Meydan TV Az\u0259rbaycan\u0131n media m\u0259kan\u0131ndak\u0131 alternativ s\u0259sidir\",\"publisher\":{\"@id\":\"https:\\\/\\\/www.meydan.tv\\\/az\\\/#organization\"},\"potentialAction\":[{\"@type\":\"SearchAction\",\"target\":{\"@type\":\"EntryPoint\",\"urlTemplate\":\"https:\\\/\\\/www.meydan.tv\\\/az\\\/?s={search_term_string}\"},\"query-input\":{\"@type\":\"PropertyValueSpecification\",\"valueRequired\":true,\"valueName\":\"search_term_string\"}}],\"inLanguage\":\"az\"},{\"@type\":\"Organization\",\"@id\":\"https:\\\/\\\/www.meydan.tv\\\/az\\\/#organization\",\"name\":\"Meydan TV\",\"url\":\"https:\\\/\\\/www.meydan.tv\\\/az\\\/\",\"logo\":{\"@type\":\"ImageObject\",\"inLanguage\":\"az\",\"@id\":\"https:\\\/\\\/www.meydan.tv\\\/az\\\/#\\\/schema\\\/logo\\\/image\\\/\",\"url\":\"https:\\\/\\\/www.meydan.tv\\\/wp-content\\\/uploads\\\/2021\\\/07\\\/meydan-logo.svg\",\"contentUrl\":\"https:\\\/\\\/www.meydan.tv\\\/wp-content\\\/uploads\\\/2021\\\/07\\\/meydan-logo.svg\",\"width\":195,\"height\":46,\"caption\":\"Meydan TV\"},\"image\":{\"@id\":\"https:\\\/\\\/www.meydan.tv\\\/az\\\/#\\\/schema\\\/logo\\\/image\\\/\"}},{\"@type\":\"Person\",\"@id\":\"https:\\\/\\\/www.meydan.tv\\\/az\\\/#\\\/schema\\\/person\\\/49b5f2bad5b126bb8ea9320eeb3e4dc9\",\"name\":\"sevda\"}]}<\/script>\n<!-- \/ Yoast SEO plugin. -->","yoast_head_json":{"title":"Karantin rejimi uzad\u0131ld\u0131: Quru s\u0259rh\u0259dl\u0259ri iyulun 1-n\u0259 kimi ba\u011fl\u0131 qalacaq - MEYDAN.TV","robots":{"index":"index","follow":"follow","max-snippet":"max-snippet:-1","max-image-preview":"max-image-preview:large","max-video-preview":"max-video-preview:-1"},"canonical":"https:\/\/www.meydan.tv\/az\/article\/az%c9%99rbaycanda-xususi-karantin-rejimi-yenid%c9%99n-uzadilib-2\/","og_locale":"az_AZ","og_type":"article","og_title":"Karantin rejimi uzad\u0131ld\u0131: Quru s\u0259rh\u0259dl\u0259ri iyulun 1-n\u0259 kimi ba\u011fl\u0131 qalacaq - MEYDAN.TV","og_description":"Q\u0259rar\u0131n koronavirus (COVID-19) infeksiyas\u0131n\u0131n \u00f6lk\u0259 \u0259razisind\u0259 yay\u0131lmas\u0131n\u0131n, onun t\u00f6r\u0259d\u0259 bil\u0259c\u0259yi ... Davam\u0131","og_url":"https:\/\/www.meydan.tv\/az\/article\/az%c9%99rbaycanda-xususi-karantin-rejimi-yenid%c9%99n-uzadilib-2\/","og_site_name":"MEYDAN.TV","article_published_time":"2025-03-18T09:01:10+00:00","article_modified_time":"2025-03-18T09:39:56+00:00","og_image":[{"width":1179,"height":576,"url":"https:\/\/www.meydan.tv\/wp-content\/uploads\/2353.png","type":"image\/png"}],"author":"sevda","twitter_card":"summary_large_image","schema":{"@context":"https:\/\/schema.org","@graph":[{"@type":"Article","@id":"https:\/\/www.meydan.tv\/az\/article\/az%c9%99rbaycanda-xususi-karantin-rejimi-yenid%c9%99n-uzadilib-2\/#article","isPartOf":{"@id":"https:\/\/www.meydan.tv\/az\/article\/az%c9%99rbaycanda-xususi-karantin-rejimi-yenid%c9%99n-uzadilib-2\/"},"author":{"name":"sevda","@id":"https:\/\/www.meydan.tv\/az\/#\/schema\/person\/49b5f2bad5b126bb8ea9320eeb3e4dc9"},"headline":"Karantin rejimi uzad\u0131ld\u0131: Quru s\u0259rh\u0259dl\u0259ri iyulun 1-n\u0259 kimi ba\u011fl\u0131 qalacaq","datePublished":"2025-03-18T09:01:10+00:00","dateModified":"2025-03-18T09:39:56+00:00","mainEntityOfPage":{"@id":"https:\/\/www.meydan.tv\/az\/article\/az%c9%99rbaycanda-xususi-karantin-rejimi-yenid%c9%99n-uzadilib-2\/"},"wordCount":481,"publisher":{"@id":"https:\/\/www.meydan.tv\/az\/#organization"},"image":{"@id":"https:\/\/www.meydan.tv\/az\/article\/az%c9%99rbaycanda-xususi-karantin-rejimi-yenid%c9%99n-uzadilib-2\/#primaryimage"},"thumbnailUrl":"https:\/\/www.meydan.tv\/wp-content\/uploads\/2353.png","articleSection":["Sosial","X\u0259b\u0259rl\u0259r"],"inLanguage":"az"},{"@type":"WebPage","@id":"https:\/\/www.meydan.tv\/az\/article\/az%c9%99rbaycanda-xususi-karantin-rejimi-yenid%c9%99n-uzadilib-2\/","url":"https:\/\/www.meydan.tv\/az\/article\/az%c9%99rbaycanda-xususi-karantin-rejimi-yenid%c9%99n-uzadilib-2\/","name":"Karantin rejimi uzad\u0131ld\u0131: Quru s\u0259rh\u0259dl\u0259ri iyulun 1-n\u0259 kimi ba\u011fl\u0131 qalacaq - MEYDAN.TV","isPartOf":{"@id":"https:\/\/www.meydan.tv\/az\/#website"},"primaryImageOfPage":{"@id":"https:\/\/www.meydan.tv\/az\/article\/az%c9%99rbaycanda-xususi-karantin-rejimi-yenid%c9%99n-uzadilib-2\/#primaryimage"},"image":{"@id":"https:\/\/www.meydan.tv\/az\/article\/az%c9%99rbaycanda-xususi-karantin-rejimi-yenid%c9%99n-uzadilib-2\/#primaryimage"},"thumbnailUrl":"https:\/\/www.meydan.tv\/wp-content\/uploads\/2353.png","datePublished":"2025-03-18T09:01:10+00:00","dateModified":"2025-03-18T09:39:56+00:00","breadcrumb":{"@id":"https:\/\/www.meydan.tv\/az\/article\/az%c9%99rbaycanda-xususi-karantin-rejimi-yenid%c9%99n-uzadilib-2\/#breadcrumb"},"inLanguage":"az","potentialAction":[{"@type":"ReadAction","target":["https:\/\/www.meydan.tv\/az\/article\/az%c9%99rbaycanda-xususi-karantin-rejimi-yenid%c9%99n-uzadilib-2\/"]}]},{"@type":"ImageObject","inLanguage":"az","@id":"https:\/\/www.meydan.tv\/az\/article\/az%c9%99rbaycanda-xususi-karantin-rejimi-yenid%c9%99n-uzadilib-2\/#primaryimage","url":"https:\/\/www.meydan.tv\/wp-content\/uploads\/2353.png","contentUrl":"https:\/\/www.meydan.tv\/wp-content\/uploads\/2353.png","width":1179,"height":576,"caption":"S\u0259rh\u0259d. Foto: Prazis - Shutterstock"},{"@type":"BreadcrumbList","@id":"https:\/\/www.meydan.tv\/az\/article\/az%c9%99rbaycanda-xususi-karantin-rejimi-yenid%c9%99n-uzadilib-2\/#breadcrumb","itemListElement":[{"@type":"ListItem","position":1,"name":"Ana s\u0259hif\u0259","item":"https:\/\/www.meydan.tv\/az\/"},{"@type":"ListItem","position":2,"name":"X\u0259b\u0259rl\u0259r","item":"https:\/\/www.meydan.tv\/az\/section\/xeberler\/"},{"@type":"ListItem","position":3,"name":"Karantin rejimi uzad\u0131ld\u0131: Quru s\u0259rh\u0259dl\u0259ri iyulun 1-n\u0259 kimi ba\u011fl\u0131 qalacaq"}]},{"@type":"WebSite","@id":"https:\/\/www.meydan.tv\/az\/#website","url":"https:\/\/www.meydan.tv\/az\/","name":"MEYDAN.TV","description":"Meydan TV Az\u0259rbaycan\u0131n media m\u0259kan\u0131ndak\u0131 alternativ s\u0259sidir","publisher":{"@id":"https:\/\/www.meydan.tv\/az\/#organization"},"potentialAction":[{"@type":"SearchAction","target":{"@type":"EntryPoint","urlTemplate":"https:\/\/www.meydan.tv\/az\/?s={search_term_string}"},"query-input":{"@type":"PropertyValueSpecification","valueRequired":true,"valueName":"search_term_string"}}],"inLanguage":"az"},{"@type":"Organization","@id":"https:\/\/www.meydan.tv\/az\/#organization","name":"Meydan TV","url":"https:\/\/www.meydan.tv\/az\/","logo":{"@type":"ImageObject","inLanguage":"az","@id":"https:\/\/www.meydan.tv\/az\/#\/schema\/logo\/image\/","url":"https:\/\/www.meydan.tv\/wp-content\/uploads\/2021\/07\/meydan-logo.svg","contentUrl":"https:\/\/www.meydan.tv\/wp-content\/uploads\/2021\/07\/meydan-logo.svg","width":195,"height":46,"caption":"Meydan TV"},"image":{"@id":"https:\/\/www.meydan.tv\/az\/#\/schema\/logo\/image\/"}},{"@type":"Person","@id":"https:\/\/www.meydan.tv\/az\/#\/schema\/person\/49b5f2bad5b126bb8ea9320eeb3e4dc9","name":"sevda"}]}},"_links":{"self":[{"href":"https:\/\/www.meydan.tv\/az\/wp-json\/wp\/v2\/posts\/327842","targetHints":{"allow":["GET"]}}],"collection":[{"href":"https:\/\/www.meydan.tv\/az\/wp-json\/wp\/v2\/posts"}],"about":[{"href":"https:\/\/www.meydan.tv\/az\/wp-json\/wp\/v2\/types\/post"}],"author":[{"embeddable":true,"href":"https:\/\/www.meydan.tv\/az\/wp-json\/wp\/v2\/users\/16"}],"replies":[{"embeddable":true,"href":"https:\/\/www.meydan.tv\/az\/wp-json\/wp\/v2\/comments?post=327842"}],"version-history":[{"count":5,"href":"https:\/\/www.meydan.tv\/az\/wp-json\/wp\/v2\/posts\/327842\/revisions"}],"predecessor-version":[{"id":327846,"href":"https:\/\/www.meydan.tv\/az\/wp-json\/wp\/v2\/posts\/327842\/revisions\/327846"}],"wp:featuredmedia":[{"embeddable":true,"href":"https:\/\/www.meydan.tv\/az\/wp-json\/wp\/v2\/media\/327852"}],"wp:attachment":[{"href":"https:\/\/www.meydan.tv\/az\/wp-json\/wp\/v2\/media?parent=327842"}],"wp:term":[{"taxonomy":"category","embeddable":true,"href":"https:\/\/www.meydan.tv\/az\/wp-json\/wp\/v2\/categories?post=327842"},{"taxonomy":"post_tag","embeddable":true,"href":"https:\/\/www.meydan.tv\/az\/wp-json\/wp\/v2\/tags?post=327842"}],"curies":[{"name":"wp","href":"https:\/\/api.w.org\/{rel}","templated":true}]}}