{"id":327827,"date":"2025-03-17T18:50:04","date_gmt":"2025-03-17T14:50:04","guid":{"rendered":"https:\/\/www.meydan.tv\/?p=327827"},"modified":"2025-03-17T18:50:09","modified_gmt":"2025-03-17T14:50:09","slug":"praqa-ai-il%c9%99-azadliq-radiosunun-g%c9%99l%c9%99c%c9%99yini-muzakiri-ed%c9%99c%c9%99k","status":"publish","type":"post","link":"https:\/\/www.meydan.tv\/az\/article\/praqa-ai-il%c9%99-azadliq-radiosunun-g%c9%99l%c9%99c%c9%99yini-muzakiri-ed%c9%99c%c9%99k\/","title":{"rendered":"Praqa A\u0130 il\u0259 &#8220;Azadl\u0131q Radiosu&#8221;nun g\u0259l\u0259c\u0259yini m\u00fczakir\u0259 ed\u0259c\u0259k"},"content":{"rendered":"\n<p><strong><em>\u00c7exiya X\u0130N ba\u015f\u00e7\u0131s\u0131n\u0131n fikrinc\u0259, bu yay\u0131m\u0131n davam etdirilm\u0259si Avropan\u0131n maraqlar\u0131ndad\u0131r <\/em><\/strong><\/p>\n\n\n\n<p>\u00c7exiya Xarici i\u015fl\u0259r naziri Yan Lipavski \u201cAzad Avropa\/Azadl\u0131q Radiosu\u201dnun g\u0259l\u0259c\u0259yi il\u0259 ba\u011fl\u0131 m\u0259s\u0259l\u0259ni Avropa \u0130ttifaq\u0131 nazirl\u0259rinin mart\u0131n 17-d\u0259 ke\u00e7iril\u0259c\u0259k g\u00f6r\u00fc\u015f\u00fcnd\u0259 m\u00fczakir\u0259 ed\u0259c\u0259kl\u0259rini <a href=\"https:\/\/www.dw.com\/ru\/praga-hocet-obsudit-v-es-budusee-radio-svoboda\/a-71937447\" target=\"_blank\" rel=\"noreferrer noopener\">deyib<\/a>.<br><br>\u00c7exiya X\u0130N ba\u015f\u00e7\u0131s\u0131n\u0131n fikrinc\u0259, bu yay\u0131m\u0131n davam etdirilm\u0259si Avropan\u0131n maraqlar\u0131ndad\u0131r .<br><br>Lipavski qeyd edib ki, \u201cAzadl\u0131q\u201d radiosunun \u00c7exiya v\u0259 Avropa \u00fc\u00e7\u00fcn n\u0259 dem\u0259k oldu\u011fu bar\u0259d\u0259 siyasi t\u0259r\u0259fd\u0259n d\u00fc\u015f\u00fcnm\u0259k laz\u0131md\u0131r.<br><br><em>\u201cQon\u015fuluqda totalitarizmin \u00e7i\u00e7\u0259kl\u0259m\u0259m\u0259si bizim maraqlar\u0131m\u0131za uy\u011fundur\u201d,<\/em> &#8211; Lipavski deyib.<br><br>AB\u015e Prezidenti Donald Tramp mart\u0131n 14-d\u0259 yeddi federal agentliyin, o c\u00fcml\u0259d\u0259n AB\u015e-\u0131n Qlobal Media Agentliyinin (USAGM) f\u0259aliyy\u0259t miqyas\u0131n\u0131n \u0259h\u0259miyy\u0259tli d\u0259r\u0259c\u0259d\u0259 azald\u0131lmas\u0131 bar\u0259d\u0259 f\u0259rman imzalay\u0131b.<br><br>F\u0259rmanda deyilirdi ki, bu qurumlar\u0131n h\u0259r birinin r\u0259hb\u0259ri 7 g\u00fcn \u0259rzind\u0259 AB\u015e Prezident Administrasiyas\u0131ndak\u0131 Menecment v\u0259 B\u00fcdc\u0259 Ofisinin direktoruna hesabat t\u0259qdim etm\u0259lidirl\u0259r.<br><br>H\u0259min hesabatda onlar f\u0259rmana tam \u0259m\u0259l etdikl\u0259rini t\u0259sdiql\u0259m\u0259li, eyni zamanda s\u00f6z\u00fcged\u0259n t\u0259\u015fkilatlar\u0131n hans\u0131 struktur v\u0259 funksiyalar\u0131n\u0131n m\u00f6vcud qanunlar \u00e7\u0259r\u00e7iv\u0259sind\u0259 hans\u0131 miqyasda saxlanmal\u0131, yaxud \u00fcmumiyy\u0259tl\u0259 saxlanmamal\u0131 oldu\u011funa dair izahat verm\u0259lidirl\u0259r.<br><br>USAGM \u201cAzad Avropa\/Azadl\u0131q Radiosu\u201d, \u201cAmerikan\u0131n S\u0259si\u201d v\u0259 b\u0259zi dig\u0259r media qurumlar\u0131na koordinatorluq edir.<br><br>USAGM \u2013 AB\u015e federal h\u00f6kum\u0259tinin m\u00fcst\u0259qil agentliyidir v\u0259 h\u0259r h\u0259ft\u0259 t\u0259xmin\u0259n 361 milyon insana 50-d\u0259n \u00e7ox dild\u0259 x\u0259b\u0259r v\u0259 informasiya yay\u0131m\u0131n\u0131 koordinasiya edir. Agentliy\u0259 2025-ci il \u00fc\u00e7\u00fcn 950 milyon dollar maliyy\u0259 yard\u0131m\u0131 t\u0259l\u0259b olunub. Bu v\u0259sait \u201cAzad Avropa\/Azadl\u0131q Radiosu\u201d, \u201cAmerikan\u0131n S\u0259si\u201d (VOA), \u201cAzad Asiya Radiosu\u201d, \u201cRadio Marti\u201d (Kuba), \u201cOrta \u015e\u0259rq Yay\u0131m \u015e\u0259b\u0259k\u0259si\u201d (MBN) v\u0259 internet layih\u0259l\u0259rinin inki\u015faf\u0131 il\u0259 m\u0259\u015f\u011ful olan A\u00e7\u0131q Texnologiya Fondu kimi media qurumlar\u0131n\u0131 maliyy\u0259l\u0259\u015fdirm\u0259k \u00fc\u00e7\u00fcn n\u0259z\u0259rd\u0259 tutulub.<br><br>\u201cNew York Times\u201d, \u201cCNN\u201d v\u0259 \u201cNPR\u201d jurnalistl\u0259ri <a href=\"https:\/\/storage.googleapis.com\/qurium\/www.meydan.tv\/az-article-tramp-azadliq-v%c9%99-amerikanin-s%c9%99si-radiolarinin-f%c9%99aliyy%c9%99tin%c9%99-t%c9%99sir-ed%c9%99c%c9%99k-f%c9%99rman-imzalayib.html\" target=\"_blank\" rel=\"noreferrer noopener\">bildiribl\u0259r<\/a> ki, \u201cAmerikan\u0131n S\u0259si\u201d radiosunun \u0259m\u0259kda\u015flar\u0131 art\u0131q inzibati m\u0259zuniyy\u0259t\u0259 g\u00f6nd\u0259rilib.<br><br>\u201cAmerikan\u0131n S\u0259si\u201d 1942-ci ild\u0259n f\u0259aliyy\u0259t g\u00f6st\u0259rir. Haz\u0131rda 43 dild\u0259 internetd\u0259, televiziyada v\u0259 radioda verili\u015fl\u0259r yaymlay\u0131r. \u201cAmerikan\u0131n S\u0259si\u201dnin Az\u0259rbaycan xidm\u0259ti m\u00fc\u0259yy\u0259n fasil\u0259l\u0259r istisna olmaqla 1952-ci ild\u0259n f\u0259aliyy\u0259t g\u00f6st\u0259rir. Sovet \u0130ttifaq\u0131 1991-ci ild\u0259 da\u011f\u0131lanad\u0259k \u201cAmerikan\u0131n S\u0259si\u201dnin Az\u0259rbaycan xidm\u0259tinin verili\u015fl\u0259ri q\u0131sa dal\u011fal\u0131 radiolarda yay\u0131mlan\u0131rd\u0131. 2008-ci ild\u0259 Az\u0259rbaycan Prezidenti \u0130lham \u018fliyevin f\u0259rman\u0131na \u0259sas\u0259n xarici yay\u0131m \u015firk\u0259tl\u0259ri Az\u0259rbaycan\u0131n yerli dal\u011falar\u0131ndan xaric edildikd\u0259n sonra \u201cAmerikan\u0131n S\u0259si\u201d \u00f6z verili\u015fl\u0259rini internetd\u0259 v\u0259 peyk televiziyas\u0131nda yay\u0131mlay\u0131r.<br><br>\u201cAzadl\u0131q Radiosu\u201d 1949-cu ild\u0259 yarad\u0131l\u0131b. H\u0259min vaxt Avropada \u015e\u0259rqi Avropa dill\u0259rind\u0259 radio vasit\u0259sil\u0259 x\u0259b\u0259r yaymaqla m\u0259\u015f\u011ful olub. Sovetl\u0259r da\u011f\u0131landan bu yana media t\u0259\u015fkilat\u0131 m\u00fcst\u0259qil qurum kimi, lakin AB\u015e h\u00f6kum\u0259tinin n\u0259zar\u0259ti v\u0259 maliyy\u0259si il\u0259 f\u0259aliyy\u0259tini davam etdirib.<br><br>\u201cAzadl\u0131q Radiosu\u201d  23 \u00f6lk\u0259d\u0259, 27 m\u00fcxt\u0259lif dild\u0259 \u00e7\u0131x\u0131r. Radio Az\u0259rbaycanda azsayl\u0131  m\u00fcst\u0259qil x\u0259b\u0259r saytlar\u0131ndan hesab edilir.<br><br>2014-c\u00fc ild\u0259 Az\u0259rbaycan hakimiyy\u0259ti v\u0259t\u0259nda\u015f c\u0259miyy\u0259tin\u0259, el\u0259c\u0259 d\u0259 m\u00fcst\u0259qil mediaya basq\u0131n\u0131 art\u0131randa radionun \u0259m\u0259kda\u015flar\u0131ndan bir n\u0259f\u0259r h\u0259bs edilib, bununla da qurum ofisini t\u0259rk etm\u0259li olub.<\/p>\n\n\n\n<p>H\u0259min vaxt radio il\u0259 \u0259m\u0259kda\u015fl\u0131q etmi\u015f jurnalistl\u0259r istintaqa c\u0259lb edil\u0259r\u0259k dindirilib.<br>Ondan sonra qurumun \u0259m\u0259kda\u015flar\u0131n\u0131n \u00e7oxu Praqada f\u0259aliyy\u0259t g\u00f6st\u0259rm\u0259y\u0259 ba\u015flay\u0131b. Az\u0259rbaycanda is\u0259 m\u00fcst\u0259qil jurnalistl\u0259rl\u0259 \u0259m\u0259kda\u015fl\u0131\u011f\u0131 saxlay\u0131b.<br><br>\u201cAzadl\u0131q Radiosu\u201dnun h\u0259m ingilis, h\u0259m az\u0259rbaycanca sayt\u0131 Az\u0259rbaycanda blokdad\u0131r.<br><br>2024-c\u00fc il dekabr\u0131n 18-d\u0259 Az\u0259rbaycan Prezidenti \u0130lham \u018fliyev Rusiyan\u0131n bir ne\u00e7\u0259 m\u0259tbu v\u0259 media orqan\u0131na m\u00fcsahib\u0259sind\u0259 demi\u015fdi ki, Az\u0259rbaycan medias\u0131 xaricd\u0259n h\u0259tta 1 faiz bel\u0259 maliyy\u0259l\u0259\u015f\u0259 bilm\u0259z.<br><br><em>\u201cBiz AB\u015e-da media maliyy\u0259l\u0259\u015fdirmirik. Niy\u0259 onlar bizim median\u0131 maliyy\u0259l\u0259\u015fdirm\u0259lidirl\u0259r?! Laz\u0131m deyil. Onlar \u201cAmerikan\u0131n s\u0259si\u201d v\u0259 \u201cAzadl\u0131q Radiosu\u201d  kimi \u0259lalt\u0131 resurslar\u0131 vasit\u0259sil\u0259 gec\u0259-g\u00fcnd\u00fcz xalq\u0131m\u0131za, \u00f6lk\u0259miz\u0259 qara yax\u0131rlar, Erm\u0259nistan \u00fcz\u0259rind\u0259 q\u0259l\u0259b\u0259miz\u0259 k\u00f6lg\u0259 sal\u0131rlar\u201d,<\/em> \u2013 \u0130lham \u018fliyev <a href=\"https:\/\/storage.googleapis.com\/qurium\/www.meydan.tv\/az-article-ilham-eliyev-azerbaycan-mediasi-xaricden-hetta-1-faiz-bele-maliyyelese-bilmez.html)\">bildirmi\u015fdi<\/a>.<br><\/p>\n","protected":false},"excerpt":{"rendered":"<p>\u00c7exiya X\u0130N ba\u015f\u00e7\u0131s\u0131n\u0131n fikrinc\u0259, bu yay\u0131m\u0131n davam etdirilm\u0259si Avropan\u0131n maraqlar\u0131ndad\u0131r &#8230; <\/p>\n<p class=\"read-more-container\"><a title=\"Praqa A\u0130 il\u0259 &#8220;Azadl\u0131q Radiosu&#8221;nun g\u0259l\u0259c\u0259yini m\u00fczakir\u0259 ed\u0259c\u0259k\" class=\"read-more button\" href=\"https:\/\/www.meydan.tv\/az\/article\/praqa-ai-il%c9%99-azadliq-radiosunun-g%c9%99l%c9%99c%c9%99yini-muzakiri-ed%c9%99c%c9%99k\/#more-327827\" aria-label=\"Read more about Praqa A\u0130 il\u0259 &#8220;Azadl\u0131q Radiosu&#8221;nun g\u0259l\u0259c\u0259yini m\u00fczakir\u0259 ed\u0259c\u0259k\">Davam\u0131<\/a><\/p>\n","protected":false},"author":16,"featured_media":269102,"comment_status":"closed","ping_status":"closed","sticky":false,"template":"","format":"standard","meta":{"_acf_changed":false,"_sitemap_exclude":false,"_sitemap_priority":"","_sitemap_frequency":"","footnotes":""},"categories":[62,56],"tags":[],"class_list":["post-327827","post","type-post","status-publish","format-standard","has-post-thumbnail","hentry","category-sosial","category-xeberler","infinite-scroll-item","generate-columns","tablet-grid-50","mobile-grid-100","grid-parent","grid-33","no-featured-image-padding"],"acf":[],"yoast_head":"<!-- This site is optimized with the Yoast SEO plugin v27.4 - https:\/\/yoast.com\/product\/yoast-seo-wordpress\/ -->\n<title>Praqa A\u0130 il\u0259 &quot;Azadl\u0131q Radiosu&quot;nun g\u0259l\u0259c\u0259yini m\u00fczakir\u0259 ed\u0259c\u0259k - MEYDAN.TV<\/title>\n<meta name=\"robots\" content=\"index, follow, max-snippet:-1, max-image-preview:large, max-video-preview:-1\" \/>\n<link rel=\"canonical\" href=\"https:\/\/www.meydan.tv\/az\/article\/praqa-ai-il%c9%99-azadliq-radiosunun-g%c9%99l%c9%99c%c9%99yini-muzakiri-ed%c9%99c%c9%99k\/\" \/>\n<meta property=\"og:locale\" content=\"az_AZ\" \/>\n<meta property=\"og:type\" content=\"article\" \/>\n<meta property=\"og:title\" content=\"Praqa A\u0130 il\u0259 &quot;Azadl\u0131q Radiosu&quot;nun g\u0259l\u0259c\u0259yini m\u00fczakir\u0259 ed\u0259c\u0259k - MEYDAN.TV\" \/>\n<meta property=\"og:description\" content=\"\u00c7exiya X\u0130N ba\u015f\u00e7\u0131s\u0131n\u0131n fikrinc\u0259, bu yay\u0131m\u0131n davam etdirilm\u0259si Avropan\u0131n maraqlar\u0131ndad\u0131r ... Davam\u0131\" \/>\n<meta property=\"og:url\" content=\"https:\/\/www.meydan.tv\/az\/article\/praqa-ai-il%c9%99-azadliq-radiosunun-g%c9%99l%c9%99c%c9%99yini-muzakiri-ed%c9%99c%c9%99k\/\" \/>\n<meta property=\"og:site_name\" content=\"MEYDAN.TV\" \/>\n<meta property=\"article:published_time\" content=\"2025-03-17T14:50:04+00:00\" \/>\n<meta property=\"article:modified_time\" content=\"2025-03-17T14:50:09+00:00\" \/>\n<meta property=\"og:image\" content=\"https:\/\/www.meydan.tv\/wp-content\/uploads\/21russia-radioliberty-mobilemasterat3x.jpg\" \/>\n\t<meta property=\"og:image:width\" content=\"1800\" \/>\n\t<meta property=\"og:image:height\" content=\"1132\" \/>\n\t<meta property=\"og:image:type\" content=\"image\/jpeg\" \/>\n<meta name=\"author\" content=\"sevda\" \/>\n<meta name=\"twitter:card\" content=\"summary_large_image\" \/>\n<script type=\"application\/ld+json\" class=\"yoast-schema-graph\">{\"@context\":\"https:\\\/\\\/schema.org\",\"@graph\":[{\"@type\":\"Article\",\"@id\":\"https:\\\/\\\/www.meydan.tv\\\/az\\\/article\\\/praqa-ai-il%c9%99-azadliq-radiosunun-g%c9%99l%c9%99c%c9%99yini-muzakiri-ed%c9%99c%c9%99k\\\/#article\",\"isPartOf\":{\"@id\":\"https:\\\/\\\/www.meydan.tv\\\/az\\\/article\\\/praqa-ai-il%c9%99-azadliq-radiosunun-g%c9%99l%c9%99c%c9%99yini-muzakiri-ed%c9%99c%c9%99k\\\/\"},\"author\":{\"name\":\"sevda\",\"@id\":\"https:\\\/\\\/www.meydan.tv\\\/az\\\/#\\\/schema\\\/person\\\/49b5f2bad5b126bb8ea9320eeb3e4dc9\"},\"headline\":\"Praqa A\u0130 il\u0259 &#8220;Azadl\u0131q Radiosu&#8221;nun g\u0259l\u0259c\u0259yini m\u00fczakir\u0259 ed\u0259c\u0259k\",\"datePublished\":\"2025-03-17T14:50:04+00:00\",\"dateModified\":\"2025-03-17T14:50:09+00:00\",\"mainEntityOfPage\":{\"@id\":\"https:\\\/\\\/www.meydan.tv\\\/az\\\/article\\\/praqa-ai-il%c9%99-azadliq-radiosunun-g%c9%99l%c9%99c%c9%99yini-muzakiri-ed%c9%99c%c9%99k\\\/\"},\"wordCount\":840,\"publisher\":{\"@id\":\"https:\\\/\\\/www.meydan.tv\\\/az\\\/#organization\"},\"image\":{\"@id\":\"https:\\\/\\\/www.meydan.tv\\\/az\\\/article\\\/praqa-ai-il%c9%99-azadliq-radiosunun-g%c9%99l%c9%99c%c9%99yini-muzakiri-ed%c9%99c%c9%99k\\\/#primaryimage\"},\"thumbnailUrl\":\"https:\\\/\\\/www.meydan.tv\\\/wp-content\\\/uploads\\\/21russia-radioliberty-mobilemasterat3x.jpg\",\"articleSection\":[\"Sosial\",\"X\u0259b\u0259rl\u0259r\"],\"inLanguage\":\"az\"},{\"@type\":\"WebPage\",\"@id\":\"https:\\\/\\\/www.meydan.tv\\\/az\\\/article\\\/praqa-ai-il%c9%99-azadliq-radiosunun-g%c9%99l%c9%99c%c9%99yini-muzakiri-ed%c9%99c%c9%99k\\\/\",\"url\":\"https:\\\/\\\/www.meydan.tv\\\/az\\\/article\\\/praqa-ai-il%c9%99-azadliq-radiosunun-g%c9%99l%c9%99c%c9%99yini-muzakiri-ed%c9%99c%c9%99k\\\/\",\"name\":\"Praqa A\u0130 il\u0259 \\\"Azadl\u0131q Radiosu\\\"nun g\u0259l\u0259c\u0259yini m\u00fczakir\u0259 ed\u0259c\u0259k - MEYDAN.TV\",\"isPartOf\":{\"@id\":\"https:\\\/\\\/www.meydan.tv\\\/az\\\/#website\"},\"primaryImageOfPage\":{\"@id\":\"https:\\\/\\\/www.meydan.tv\\\/az\\\/article\\\/praqa-ai-il%c9%99-azadliq-radiosunun-g%c9%99l%c9%99c%c9%99yini-muzakiri-ed%c9%99c%c9%99k\\\/#primaryimage\"},\"image\":{\"@id\":\"https:\\\/\\\/www.meydan.tv\\\/az\\\/article\\\/praqa-ai-il%c9%99-azadliq-radiosunun-g%c9%99l%c9%99c%c9%99yini-muzakiri-ed%c9%99c%c9%99k\\\/#primaryimage\"},\"thumbnailUrl\":\"https:\\\/\\\/www.meydan.tv\\\/wp-content\\\/uploads\\\/21russia-radioliberty-mobilemasterat3x.jpg\",\"datePublished\":\"2025-03-17T14:50:04+00:00\",\"dateModified\":\"2025-03-17T14:50:09+00:00\",\"breadcrumb\":{\"@id\":\"https:\\\/\\\/www.meydan.tv\\\/az\\\/article\\\/praqa-ai-il%c9%99-azadliq-radiosunun-g%c9%99l%c9%99c%c9%99yini-muzakiri-ed%c9%99c%c9%99k\\\/#breadcrumb\"},\"inLanguage\":\"az\",\"potentialAction\":[{\"@type\":\"ReadAction\",\"target\":[\"https:\\\/\\\/www.meydan.tv\\\/az\\\/article\\\/praqa-ai-il%c9%99-azadliq-radiosunun-g%c9%99l%c9%99c%c9%99yini-muzakiri-ed%c9%99c%c9%99k\\\/\"]}]},{\"@type\":\"ImageObject\",\"inLanguage\":\"az\",\"@id\":\"https:\\\/\\\/www.meydan.tv\\\/az\\\/article\\\/praqa-ai-il%c9%99-azadliq-radiosunun-g%c9%99l%c9%99c%c9%99yini-muzakiri-ed%c9%99c%c9%99k\\\/#primaryimage\",\"url\":\"https:\\\/\\\/www.meydan.tv\\\/wp-content\\\/uploads\\\/21russia-radioliberty-mobilemasterat3x.jpg\",\"contentUrl\":\"https:\\\/\\\/www.meydan.tv\\\/wp-content\\\/uploads\\\/21russia-radioliberty-mobilemasterat3x.jpg\",\"width\":1800,\"height\":1132,\"caption\":\"M\u0259nb\u0259: Reuters\"},{\"@type\":\"BreadcrumbList\",\"@id\":\"https:\\\/\\\/www.meydan.tv\\\/az\\\/article\\\/praqa-ai-il%c9%99-azadliq-radiosunun-g%c9%99l%c9%99c%c9%99yini-muzakiri-ed%c9%99c%c9%99k\\\/#breadcrumb\",\"itemListElement\":[{\"@type\":\"ListItem\",\"position\":1,\"name\":\"Ana s\u0259hif\u0259\",\"item\":\"https:\\\/\\\/www.meydan.tv\\\/az\\\/\"},{\"@type\":\"ListItem\",\"position\":2,\"name\":\"X\u0259b\u0259rl\u0259r\",\"item\":\"https:\\\/\\\/www.meydan.tv\\\/az\\\/section\\\/xeberler\\\/\"},{\"@type\":\"ListItem\",\"position\":3,\"name\":\"Praqa A\u0130 il\u0259 &#8220;Azadl\u0131q Radiosu&#8221;nun g\u0259l\u0259c\u0259yini m\u00fczakir\u0259 ed\u0259c\u0259k\"}]},{\"@type\":\"WebSite\",\"@id\":\"https:\\\/\\\/www.meydan.tv\\\/az\\\/#website\",\"url\":\"https:\\\/\\\/www.meydan.tv\\\/az\\\/\",\"name\":\"MEYDAN.TV\",\"description\":\"Meydan TV Az\u0259rbaycan\u0131n media m\u0259kan\u0131ndak\u0131 alternativ s\u0259sidir\",\"publisher\":{\"@id\":\"https:\\\/\\\/www.meydan.tv\\\/az\\\/#organization\"},\"potentialAction\":[{\"@type\":\"SearchAction\",\"target\":{\"@type\":\"EntryPoint\",\"urlTemplate\":\"https:\\\/\\\/www.meydan.tv\\\/az\\\/?s={search_term_string}\"},\"query-input\":{\"@type\":\"PropertyValueSpecification\",\"valueRequired\":true,\"valueName\":\"search_term_string\"}}],\"inLanguage\":\"az\"},{\"@type\":\"Organization\",\"@id\":\"https:\\\/\\\/www.meydan.tv\\\/az\\\/#organization\",\"name\":\"Meydan TV\",\"url\":\"https:\\\/\\\/www.meydan.tv\\\/az\\\/\",\"logo\":{\"@type\":\"ImageObject\",\"inLanguage\":\"az\",\"@id\":\"https:\\\/\\\/www.meydan.tv\\\/az\\\/#\\\/schema\\\/logo\\\/image\\\/\",\"url\":\"https:\\\/\\\/www.meydan.tv\\\/wp-content\\\/uploads\\\/2021\\\/07\\\/meydan-logo.svg\",\"contentUrl\":\"https:\\\/\\\/www.meydan.tv\\\/wp-content\\\/uploads\\\/2021\\\/07\\\/meydan-logo.svg\",\"width\":195,\"height\":46,\"caption\":\"Meydan TV\"},\"image\":{\"@id\":\"https:\\\/\\\/www.meydan.tv\\\/az\\\/#\\\/schema\\\/logo\\\/image\\\/\"}},{\"@type\":\"Person\",\"@id\":\"https:\\\/\\\/www.meydan.tv\\\/az\\\/#\\\/schema\\\/person\\\/49b5f2bad5b126bb8ea9320eeb3e4dc9\",\"name\":\"sevda\"}]}<\/script>\n<!-- \/ Yoast SEO plugin. -->","yoast_head_json":{"title":"Praqa A\u0130 il\u0259 \"Azadl\u0131q Radiosu\"nun g\u0259l\u0259c\u0259yini m\u00fczakir\u0259 ed\u0259c\u0259k - MEYDAN.TV","robots":{"index":"index","follow":"follow","max-snippet":"max-snippet:-1","max-image-preview":"max-image-preview:large","max-video-preview":"max-video-preview:-1"},"canonical":"https:\/\/www.meydan.tv\/az\/article\/praqa-ai-il%c9%99-azadliq-radiosunun-g%c9%99l%c9%99c%c9%99yini-muzakiri-ed%c9%99c%c9%99k\/","og_locale":"az_AZ","og_type":"article","og_title":"Praqa A\u0130 il\u0259 \"Azadl\u0131q Radiosu\"nun g\u0259l\u0259c\u0259yini m\u00fczakir\u0259 ed\u0259c\u0259k - MEYDAN.TV","og_description":"\u00c7exiya X\u0130N ba\u015f\u00e7\u0131s\u0131n\u0131n fikrinc\u0259, bu yay\u0131m\u0131n davam etdirilm\u0259si Avropan\u0131n maraqlar\u0131ndad\u0131r ... Davam\u0131","og_url":"https:\/\/www.meydan.tv\/az\/article\/praqa-ai-il%c9%99-azadliq-radiosunun-g%c9%99l%c9%99c%c9%99yini-muzakiri-ed%c9%99c%c9%99k\/","og_site_name":"MEYDAN.TV","article_published_time":"2025-03-17T14:50:04+00:00","article_modified_time":"2025-03-17T14:50:09+00:00","og_image":[{"width":1800,"height":1132,"url":"https:\/\/www.meydan.tv\/wp-content\/uploads\/21russia-radioliberty-mobilemasterat3x.jpg","type":"image\/jpeg"}],"author":"sevda","twitter_card":"summary_large_image","schema":{"@context":"https:\/\/schema.org","@graph":[{"@type":"Article","@id":"https:\/\/www.meydan.tv\/az\/article\/praqa-ai-il%c9%99-azadliq-radiosunun-g%c9%99l%c9%99c%c9%99yini-muzakiri-ed%c9%99c%c9%99k\/#article","isPartOf":{"@id":"https:\/\/www.meydan.tv\/az\/article\/praqa-ai-il%c9%99-azadliq-radiosunun-g%c9%99l%c9%99c%c9%99yini-muzakiri-ed%c9%99c%c9%99k\/"},"author":{"name":"sevda","@id":"https:\/\/www.meydan.tv\/az\/#\/schema\/person\/49b5f2bad5b126bb8ea9320eeb3e4dc9"},"headline":"Praqa A\u0130 il\u0259 &#8220;Azadl\u0131q Radiosu&#8221;nun g\u0259l\u0259c\u0259yini m\u00fczakir\u0259 ed\u0259c\u0259k","datePublished":"2025-03-17T14:50:04+00:00","dateModified":"2025-03-17T14:50:09+00:00","mainEntityOfPage":{"@id":"https:\/\/www.meydan.tv\/az\/article\/praqa-ai-il%c9%99-azadliq-radiosunun-g%c9%99l%c9%99c%c9%99yini-muzakiri-ed%c9%99c%c9%99k\/"},"wordCount":840,"publisher":{"@id":"https:\/\/www.meydan.tv\/az\/#organization"},"image":{"@id":"https:\/\/www.meydan.tv\/az\/article\/praqa-ai-il%c9%99-azadliq-radiosunun-g%c9%99l%c9%99c%c9%99yini-muzakiri-ed%c9%99c%c9%99k\/#primaryimage"},"thumbnailUrl":"https:\/\/www.meydan.tv\/wp-content\/uploads\/21russia-radioliberty-mobilemasterat3x.jpg","articleSection":["Sosial","X\u0259b\u0259rl\u0259r"],"inLanguage":"az"},{"@type":"WebPage","@id":"https:\/\/www.meydan.tv\/az\/article\/praqa-ai-il%c9%99-azadliq-radiosunun-g%c9%99l%c9%99c%c9%99yini-muzakiri-ed%c9%99c%c9%99k\/","url":"https:\/\/www.meydan.tv\/az\/article\/praqa-ai-il%c9%99-azadliq-radiosunun-g%c9%99l%c9%99c%c9%99yini-muzakiri-ed%c9%99c%c9%99k\/","name":"Praqa A\u0130 il\u0259 \"Azadl\u0131q Radiosu\"nun g\u0259l\u0259c\u0259yini m\u00fczakir\u0259 ed\u0259c\u0259k - MEYDAN.TV","isPartOf":{"@id":"https:\/\/www.meydan.tv\/az\/#website"},"primaryImageOfPage":{"@id":"https:\/\/www.meydan.tv\/az\/article\/praqa-ai-il%c9%99-azadliq-radiosunun-g%c9%99l%c9%99c%c9%99yini-muzakiri-ed%c9%99c%c9%99k\/#primaryimage"},"image":{"@id":"https:\/\/www.meydan.tv\/az\/article\/praqa-ai-il%c9%99-azadliq-radiosunun-g%c9%99l%c9%99c%c9%99yini-muzakiri-ed%c9%99c%c9%99k\/#primaryimage"},"thumbnailUrl":"https:\/\/www.meydan.tv\/wp-content\/uploads\/21russia-radioliberty-mobilemasterat3x.jpg","datePublished":"2025-03-17T14:50:04+00:00","dateModified":"2025-03-17T14:50:09+00:00","breadcrumb":{"@id":"https:\/\/www.meydan.tv\/az\/article\/praqa-ai-il%c9%99-azadliq-radiosunun-g%c9%99l%c9%99c%c9%99yini-muzakiri-ed%c9%99c%c9%99k\/#breadcrumb"},"inLanguage":"az","potentialAction":[{"@type":"ReadAction","target":["https:\/\/www.meydan.tv\/az\/article\/praqa-ai-il%c9%99-azadliq-radiosunun-g%c9%99l%c9%99c%c9%99yini-muzakiri-ed%c9%99c%c9%99k\/"]}]},{"@type":"ImageObject","inLanguage":"az","@id":"https:\/\/www.meydan.tv\/az\/article\/praqa-ai-il%c9%99-azadliq-radiosunun-g%c9%99l%c9%99c%c9%99yini-muzakiri-ed%c9%99c%c9%99k\/#primaryimage","url":"https:\/\/www.meydan.tv\/wp-content\/uploads\/21russia-radioliberty-mobilemasterat3x.jpg","contentUrl":"https:\/\/www.meydan.tv\/wp-content\/uploads\/21russia-radioliberty-mobilemasterat3x.jpg","width":1800,"height":1132,"caption":"M\u0259nb\u0259: Reuters"},{"@type":"BreadcrumbList","@id":"https:\/\/www.meydan.tv\/az\/article\/praqa-ai-il%c9%99-azadliq-radiosunun-g%c9%99l%c9%99c%c9%99yini-muzakiri-ed%c9%99c%c9%99k\/#breadcrumb","itemListElement":[{"@type":"ListItem","position":1,"name":"Ana s\u0259hif\u0259","item":"https:\/\/www.meydan.tv\/az\/"},{"@type":"ListItem","position":2,"name":"X\u0259b\u0259rl\u0259r","item":"https:\/\/www.meydan.tv\/az\/section\/xeberler\/"},{"@type":"ListItem","position":3,"name":"Praqa A\u0130 il\u0259 &#8220;Azadl\u0131q Radiosu&#8221;nun g\u0259l\u0259c\u0259yini m\u00fczakir\u0259 ed\u0259c\u0259k"}]},{"@type":"WebSite","@id":"https:\/\/www.meydan.tv\/az\/#website","url":"https:\/\/www.meydan.tv\/az\/","name":"MEYDAN.TV","description":"Meydan TV Az\u0259rbaycan\u0131n media m\u0259kan\u0131ndak\u0131 alternativ s\u0259sidir","publisher":{"@id":"https:\/\/www.meydan.tv\/az\/#organization"},"potentialAction":[{"@type":"SearchAction","target":{"@type":"EntryPoint","urlTemplate":"https:\/\/www.meydan.tv\/az\/?s={search_term_string}"},"query-input":{"@type":"PropertyValueSpecification","valueRequired":true,"valueName":"search_term_string"}}],"inLanguage":"az"},{"@type":"Organization","@id":"https:\/\/www.meydan.tv\/az\/#organization","name":"Meydan TV","url":"https:\/\/www.meydan.tv\/az\/","logo":{"@type":"ImageObject","inLanguage":"az","@id":"https:\/\/www.meydan.tv\/az\/#\/schema\/logo\/image\/","url":"https:\/\/www.meydan.tv\/wp-content\/uploads\/2021\/07\/meydan-logo.svg","contentUrl":"https:\/\/www.meydan.tv\/wp-content\/uploads\/2021\/07\/meydan-logo.svg","width":195,"height":46,"caption":"Meydan TV"},"image":{"@id":"https:\/\/www.meydan.tv\/az\/#\/schema\/logo\/image\/"}},{"@type":"Person","@id":"https:\/\/www.meydan.tv\/az\/#\/schema\/person\/49b5f2bad5b126bb8ea9320eeb3e4dc9","name":"sevda"}]}},"_links":{"self":[{"href":"https:\/\/www.meydan.tv\/az\/wp-json\/wp\/v2\/posts\/327827","targetHints":{"allow":["GET"]}}],"collection":[{"href":"https:\/\/www.meydan.tv\/az\/wp-json\/wp\/v2\/posts"}],"about":[{"href":"https:\/\/www.meydan.tv\/az\/wp-json\/wp\/v2\/types\/post"}],"author":[{"embeddable":true,"href":"https:\/\/www.meydan.tv\/az\/wp-json\/wp\/v2\/users\/16"}],"replies":[{"embeddable":true,"href":"https:\/\/www.meydan.tv\/az\/wp-json\/wp\/v2\/comments?post=327827"}],"version-history":[{"count":4,"href":"https:\/\/www.meydan.tv\/az\/wp-json\/wp\/v2\/posts\/327827\/revisions"}],"predecessor-version":[{"id":327831,"href":"https:\/\/www.meydan.tv\/az\/wp-json\/wp\/v2\/posts\/327827\/revisions\/327831"}],"wp:featuredmedia":[{"embeddable":true,"href":"https:\/\/www.meydan.tv\/az\/wp-json\/wp\/v2\/media\/269102"}],"wp:attachment":[{"href":"https:\/\/www.meydan.tv\/az\/wp-json\/wp\/v2\/media?parent=327827"}],"wp:term":[{"taxonomy":"category","embeddable":true,"href":"https:\/\/www.meydan.tv\/az\/wp-json\/wp\/v2\/categories?post=327827"},{"taxonomy":"post_tag","embeddable":true,"href":"https:\/\/www.meydan.tv\/az\/wp-json\/wp\/v2\/tags?post=327827"}],"curies":[{"name":"wp","href":"https:\/\/api.w.org\/{rel}","templated":true}]}}