{"id":327804,"date":"2025-03-17T16:39:18","date_gmt":"2025-03-17T12:39:18","guid":{"rendered":"https:\/\/www.meydan.tv\/?p=327804"},"modified":"2025-03-17T16:43:30","modified_gmt":"2025-03-17T12:43:30","slug":"axtarisa-veril%c9%99n-qht-s%c9%99dri-subhan-h%c9%99s%c9%99nli-is-basdan-ayaga-quramadir","status":"publish","type":"post","link":"https:\/\/www.meydan.tv\/az\/article\/axtarisa-veril%c9%99n-qht-s%c9%99dri-subhan-h%c9%99s%c9%99nli-is-basdan-ayaga-quramadir\/","title":{"rendered":"Axtar\u0131\u015fa veril\u0259n QHT s\u0259dri: &#8220;\u0130\u015f ba\u015fdan-aya\u011fa quramad\u0131r&#8221;"},"content":{"rendered":"\n<p><strong><em>Sosial H\u00fcquqlar M\u0259rk\u0259zinin r\u0259hb\u0259ri S\u00fcbhan H\u0259s\u0259nli ona qar\u015f\u0131 ir\u0259li s\u00fcr\u00fcl\u0259n ittihamlara ayd\u0131nl\u0131q g\u0259tirib <\/em><\/strong><\/p>\n\n\n\n<p>Mart\u0131n 15-d\u0259 Bin\u0259q\u0259di Rayon M\u0259hk\u0259m\u0259sinin q\u0259rar\u0131 il\u0259 bar\u0259sind\u0259 qiyabi h\u0259bs q\u0259rar\u0131 \u00e7\u0131xar\u0131lan v\u0259 axtar\u0131\u015fa veril\u0259n Sosial H\u00fcquqlar M\u0259rk\u0259zinin r\u0259hb\u0259ri S\u00fcbhan H\u0259s\u0259nli a\u00e7\u0131qlama yayaraq ona qar\u015f\u0131 ir\u0259li s\u00fcr\u00fcl\u0259n ittihamlara <a href=\"https:\/\/www.facebook.com\/lawyer.analtic\/posts\/23968773149390211?ref=embed_post\" target=\"_blank\" rel=\"noreferrer noopener\">ayd\u0131nl\u0131q g\u0259tirib<\/a>.<br><br>S\u00fcbhan H\u0259s\u0259nli Ba\u015f Prokurorlu\u011fun \u0130stintaq \u0130dar\u0259sind\u0259 Cinay\u0259t M\u0259c\u0259ll\u0259sinin 192.2.2 (qanunsuz sahibkarl\u0131q, k\u00fclli miqdarda g\u0259lir \u0259ld\u0259 etm\u0259kl\u0259 t\u00f6r\u0259dildikd\u0259), 213.1 (xeyli miqdarda vergil\u0259ri, i\u015fsizlikd\u0259n s\u0131\u011forta, icbari tibbi s\u0131\u011forta v\u0259 ya m\u0259cburi d\u00f6vl\u0259t sosial s\u0131\u011forta haqlar\u0131n\u0131 \u00f6d\u0259m\u0259kd\u0259n yay\u0131nma), 308.2 (a\u011f\u0131r n\u0259tic\u0259l\u0259r\u0259 s\u0259b\u0259b olmaqla v\u0259zif\u0259 s\u0259lahiyy\u0259tl\u0259rind\u0259n sui\u2013istifad\u0259), 193-1.2.3 (\u00f6z qulluq m\u00f6vqeyind\u0259n istifad\u0259 etm\u0259kl\u0259 cinay\u0259t yolu il\u0259 \u0259ld\u0259 edilmi\u015f \u0259mlak\u0131 leqalla\u015fd\u0131rma) 313\u2013c\u00fc (v\u0259zif\u0259 saxtakarl\u0131\u011f\u0131) madd\u0259l\u0259rl\u0259 cinay\u0259t i\u015fi \u00fczr\u0259 m\u0259suliyy\u0259t\u0259 c\u0259lb olunub.<\/p>\n\n\n\n<p><em>\u201cA\u00e7\u0131lan i\u015fin m\u0259zmunu budur ki, m\u0259n IWPR (Institute for War &amp; Peace Reporting &#8211; H\u0259rb v\u0259 S\u00fclh \u0130cmallar\u0131 \u0130nstitutu) v\u0259 FHI360 (\u015eimali Karolinada yerl\u0259\u015f\u0259n qeyri-kommersiya insan inki\u015faf\u0131) t\u0259\u015fkilat\u0131 il\u0259 xidm\u0259ti m\u00fcqavil\u0259 ba\u011flam\u0131\u015fam v\u0259 qanunu pozmu\u015fam. M\u0259n h\u0259min t\u0259\u015fkilatlardan 5000 avro v\u0259 10000 dollar v\u0259sait alm\u0131\u015fam. H\u0259r birini d\u0259, 20 faiz vergi il\u0259 v\u0259 sosial \u00f6d\u0259ni\u015fl\u0259rl\u0259 d\u00f6vl\u0259t\u0259 \u00f6d\u0259mi\u015f\u0259m. Y\u0259ni t\u0259xmin\u0259n 5200 manat t\u0259kc\u0259 vergi vermi\u015f\u0259m. Vergiy\u0259 he\u00e7 bir borcum yoxdur. Sosial \u00f6d\u0259ni\u015fl\u0259ri, i\u015fsizlikd\u0259n s\u0131\u011forta ham\u0131s\u0131 \u00f6d\u0259nilib. O zaman bu pul nec\u0259 qanunsuz olur? Nec\u0259 cinay\u0259t yolu il\u0259 \u0259ld\u0259 edilmi\u015f olur? H\u0259tta D\u00f6vl\u0259t Vergi Xidm\u0259ti iki d\u0259f\u0259 bizim i\u015fimizl\u0259 ba\u011fl\u0131 yoxlama apar\u0131b. N\u0259tic\u0259si? He\u00e7 bir problem yoxdur. B\u0259s indi niy\u0259 oldu? O zaman, bu problemli olmayan \u015feyl\u0259r indi niy\u0259 problemlidir? \u018fg\u0259r bu \u00f6d\u0259ni\u015fl\u0259r qanunsuz idis\u0259, niy\u0259 D\u00f6vl\u0259t Vergi Xidm\u0259ti yoxlama aparanda biz\u0259 dem\u0259di ki, ay insanlar, siz qanunsuzluqla m\u0259\u015f\u011fulsuz? Ax\u0131 \u0130nzibati Prosessual M\u0259c\u0259ll\u0259y\u0259 g\u00f6r\u0259, d\u00f6vl\u0259t qurumlar\u0131na inam prinsipi var\u201d, <\/em>&#8211; S\u00fcbhan H\u0259s\u0259nli bildirir.<br><br>O deyir ki, FHI360 t\u0259\u015fkilat\u0131ndan xidm\u0259ti m\u00fcqavil\u0259 il\u0259 layih\u0259 alanlar aras\u0131nda QHT-l\u0259r\u0259 D\u00f6vl\u0259t D\u0259st\u0259yi Agentliyi M\u00fc\u015fahid\u0259 \u015euras\u0131n\u0131n \u00fczv\u00fc d\u0259 var. S\u00fcbhan Hs\u0259nlinin s\u00f6zl\u0259rin\u0259 g\u00f6r\u0259, bu layih\u0259l\u0259rd\u0259n birind\u0259 \u0259dliyy\u0259 orqanlar\u0131 \u0259m\u0259kda\u015flar\u0131na t\u0259liml\u0259r ke\u00e7ibl\u0259r:<br><br><em>\u201c\u018fdliyy\u0259 Nazirliyi niy\u0259 soru\u015fmurdu ki, bu qrantd\u0131, siz niy\u0259 xidm\u0259t m\u00fcqavil\u0259si ba\u011flam\u0131s\u0131n\u0131z? Bu layih\u0259l\u0259rd\u0259n birin\u0259 is\u0259, D\u00f6vl\u0259t Vergi Xidm\u0259ti \u0259n y\u00fcks\u0259n r\u0259hb\u0259rlik s\u0259viyy\u0259sind\u0259 t\u0259\u015fkilati d\u0259st\u0259k verib. FHI360 il\u0259 Qeyri h\u00f6k\u00fcm\u0259t t\u0259\u015fkilatlar\u0131na D\u00f6vl\u0259t D\u0259st\u0259yi Agentliyi aras\u0131nda r\u0259hb\u0259rlik s\u0259viyy\u0259sind\u0259 ke\u00e7irilmi\u015f g\u00f6r\u00fc\u015fd\u00fcr. B\u0259s o zaman bu agentlik hara bax\u0131rd\u0131? Niy\u0259 soru\u015fmurdu ki, siz niy\u0259 xidm\u0259t m\u00fcqavil\u0259si il\u0259 i\u015fl\u0259yirsiniz? Biz\u0259 g\u0259l\u0259nd\u0259 bu qanunsuz oldu? \u0130\u015f ba\u015fdan-aya\u011fa quramad\u0131r. Sad\u0259c\u0259, kim s\u0259rf etmir h\u0259bs edilir\u201d.<\/em><br><br>2025-ci il mart\u0131n 14-d\u0259 \u201cV\u0259t\u0259nda\u015f H\u00fcquqlar\u0131\u201d \u0130nstitutunun r\u0259hb\u0259ri B\u0259\u015fir S\u00fcleymanl\u0131, \u201cSe\u00e7ki M\u00fc\u015fahid\u0259 Alyans\u0131\u201dn\u0131n r\u0259hb\u0259ri M\u0259mm\u0259d Alpay (M\u0259mm\u0259dzad\u0259),\u00a0 \u201cH\u00fcquq v\u0259 \u0130nki\u015faf\u201d \u0130ctimai Birliyinin s\u0259dri Hafiz H\u0259s\u0259nov v\u0259 media h\u00fcququ \u00fczr\u0259 ekspert Xalid A\u011f\u0259liyev saxlan\u0131l\u0131blar. H\u0259min g\u00fcn ax\u015fam saatlar\u0131nda Xalid A\u011f\u0259liyev v\u0259 Hafiz H\u0259s\u0259nov burax\u0131lsalar da, B\u0259\u015fir S\u00fcleymanl\u0131 v\u0259 M\u0259mm\u0259d Alpay haqq\u0131nda istintaq d\u00f6vr\u00fc \u00fc\u00e7\u00fcn Bin\u0259q\u0259di rayon M\u0259hk\u0259m\u0259sinin q\u0259rar\u0131 il\u0259 3 ay 28 g\u00fcnl\u00fck h\u0259bs q\u0259timkan t\u0259dbiri se\u00e7ilib.<\/p>\n\n\n\n<p>B\u0259\u015fir S\u00fcleymanl\u0131 v\u0259 M\u0259mm\u0259d Alpay (M\u0259mm\u0259dzad\u0259) v\u0259zif\u0259 s\u0259lahiyy\u0259tl\u0259rind\u0259n sui-istifad\u0259, v\u0259zif\u0259 saxtakarl\u0131\u011f\u0131 v\u0259 cinay\u0259t yolu il\u0259 \u0259ld\u0259 edilmi\u015f pullar\u0131n leqalla\u015fd\u0131rmas\u0131nda ittiham olunurlar.<br><br>\u0130ctimai f\u0259allara ittiham veril\u0259n madd\u0259l\u0259rd\u0259 12 il\u0259d\u0259k h\u0259bs c\u0259zas\u0131 n\u0259z\u0259rd\u0259 tutulub.<\/p>\n","protected":false},"excerpt":{"rendered":"<p>Sosial H\u00fcquqlar M\u0259rk\u0259zinin r\u0259hb\u0259ri S\u00fcbhan H\u0259s\u0259nli ona qar\u015f\u0131 ir\u0259li s\u00fcr\u00fcl\u0259n &#8230; <\/p>\n<p class=\"read-more-container\"><a title=\"Axtar\u0131\u015fa veril\u0259n QHT s\u0259dri: &#8220;\u0130\u015f ba\u015fdan-aya\u011fa quramad\u0131r&#8221;\" class=\"read-more button\" href=\"https:\/\/www.meydan.tv\/az\/article\/axtarisa-veril%c9%99n-qht-s%c9%99dri-subhan-h%c9%99s%c9%99nli-is-basdan-ayaga-quramadir\/#more-327804\" aria-label=\"Read more about Axtar\u0131\u015fa veril\u0259n QHT s\u0259dri: &#8220;\u0130\u015f ba\u015fdan-aya\u011fa quramad\u0131r&#8221;\">Davam\u0131<\/a><\/p>\n","protected":false},"author":16,"featured_media":327809,"comment_status":"closed","ping_status":"closed","sticky":false,"template":"","format":"standard","meta":{"_acf_changed":false,"_sitemap_exclude":false,"_sitemap_priority":"","_sitemap_frequency":"","footnotes":""},"categories":[62,56],"tags":[],"class_list":["post-327804","post","type-post","status-publish","format-standard","has-post-thumbnail","hentry","category-sosial","category-xeberler","infinite-scroll-item","generate-columns","tablet-grid-50","mobile-grid-100","grid-parent","grid-33","no-featured-image-padding"],"acf":[],"yoast_head":"<!-- This site is optimized with the Yoast SEO plugin v27.4 - https:\/\/yoast.com\/product\/yoast-seo-wordpress\/ -->\n<title>Axtar\u0131\u015fa veril\u0259n QHT s\u0259dri: &quot;\u0130\u015f ba\u015fdan-aya\u011fa quramad\u0131r&quot; - MEYDAN.TV<\/title>\n<meta name=\"robots\" content=\"index, follow, max-snippet:-1, max-image-preview:large, max-video-preview:-1\" \/>\n<link rel=\"canonical\" href=\"https:\/\/www.meydan.tv\/az\/article\/axtarisa-veril%c9%99n-qht-s%c9%99dri-subhan-h%c9%99s%c9%99nli-is-basdan-ayaga-quramadir\/\" \/>\n<meta property=\"og:locale\" content=\"az_AZ\" \/>\n<meta property=\"og:type\" content=\"article\" \/>\n<meta property=\"og:title\" content=\"Axtar\u0131\u015fa veril\u0259n QHT s\u0259dri: &quot;\u0130\u015f ba\u015fdan-aya\u011fa quramad\u0131r&quot; - MEYDAN.TV\" \/>\n<meta property=\"og:description\" content=\"Sosial H\u00fcquqlar M\u0259rk\u0259zinin r\u0259hb\u0259ri S\u00fcbhan H\u0259s\u0259nli ona qar\u015f\u0131 ir\u0259li s\u00fcr\u00fcl\u0259n ... Davam\u0131\" \/>\n<meta property=\"og:url\" content=\"https:\/\/www.meydan.tv\/az\/article\/axtarisa-veril%c9%99n-qht-s%c9%99dri-subhan-h%c9%99s%c9%99nli-is-basdan-ayaga-quramadir\/\" \/>\n<meta property=\"og:site_name\" content=\"MEYDAN.TV\" \/>\n<meta property=\"article:published_time\" content=\"2025-03-17T12:39:18+00:00\" \/>\n<meta property=\"article:modified_time\" content=\"2025-03-17T12:43:30+00:00\" \/>\n<meta property=\"og:image\" content=\"https:\/\/www.meydan.tv\/wp-content\/uploads\/43345.png\" \/>\n\t<meta property=\"og:image:width\" content=\"1179\" \/>\n\t<meta property=\"og:image:height\" content=\"576\" \/>\n\t<meta property=\"og:image:type\" content=\"image\/png\" \/>\n<meta name=\"author\" content=\"sevda\" \/>\n<meta name=\"twitter:card\" content=\"summary_large_image\" \/>\n<script type=\"application\/ld+json\" class=\"yoast-schema-graph\">{\"@context\":\"https:\\\/\\\/schema.org\",\"@graph\":[{\"@type\":\"Article\",\"@id\":\"https:\\\/\\\/www.meydan.tv\\\/az\\\/article\\\/axtarisa-veril%c9%99n-qht-s%c9%99dri-subhan-h%c9%99s%c9%99nli-is-basdan-ayaga-quramadir\\\/#article\",\"isPartOf\":{\"@id\":\"https:\\\/\\\/www.meydan.tv\\\/az\\\/article\\\/axtarisa-veril%c9%99n-qht-s%c9%99dri-subhan-h%c9%99s%c9%99nli-is-basdan-ayaga-quramadir\\\/\"},\"author\":{\"name\":\"sevda\",\"@id\":\"https:\\\/\\\/www.meydan.tv\\\/az\\\/#\\\/schema\\\/person\\\/49b5f2bad5b126bb8ea9320eeb3e4dc9\"},\"headline\":\"Axtar\u0131\u015fa veril\u0259n QHT s\u0259dri: &#8220;\u0130\u015f ba\u015fdan-aya\u011fa quramad\u0131r&#8221;\",\"datePublished\":\"2025-03-17T12:39:18+00:00\",\"dateModified\":\"2025-03-17T12:43:30+00:00\",\"mainEntityOfPage\":{\"@id\":\"https:\\\/\\\/www.meydan.tv\\\/az\\\/article\\\/axtarisa-veril%c9%99n-qht-s%c9%99dri-subhan-h%c9%99s%c9%99nli-is-basdan-ayaga-quramadir\\\/\"},\"wordCount\":796,\"publisher\":{\"@id\":\"https:\\\/\\\/www.meydan.tv\\\/az\\\/#organization\"},\"image\":{\"@id\":\"https:\\\/\\\/www.meydan.tv\\\/az\\\/article\\\/axtarisa-veril%c9%99n-qht-s%c9%99dri-subhan-h%c9%99s%c9%99nli-is-basdan-ayaga-quramadir\\\/#primaryimage\"},\"thumbnailUrl\":\"https:\\\/\\\/www.meydan.tv\\\/wp-content\\\/uploads\\\/43345.png\",\"articleSection\":[\"Sosial\",\"X\u0259b\u0259rl\u0259r\"],\"inLanguage\":\"az\"},{\"@type\":\"WebPage\",\"@id\":\"https:\\\/\\\/www.meydan.tv\\\/az\\\/article\\\/axtarisa-veril%c9%99n-qht-s%c9%99dri-subhan-h%c9%99s%c9%99nli-is-basdan-ayaga-quramadir\\\/\",\"url\":\"https:\\\/\\\/www.meydan.tv\\\/az\\\/article\\\/axtarisa-veril%c9%99n-qht-s%c9%99dri-subhan-h%c9%99s%c9%99nli-is-basdan-ayaga-quramadir\\\/\",\"name\":\"Axtar\u0131\u015fa veril\u0259n QHT s\u0259dri: \\\"\u0130\u015f ba\u015fdan-aya\u011fa quramad\u0131r\\\" - MEYDAN.TV\",\"isPartOf\":{\"@id\":\"https:\\\/\\\/www.meydan.tv\\\/az\\\/#website\"},\"primaryImageOfPage\":{\"@id\":\"https:\\\/\\\/www.meydan.tv\\\/az\\\/article\\\/axtarisa-veril%c9%99n-qht-s%c9%99dri-subhan-h%c9%99s%c9%99nli-is-basdan-ayaga-quramadir\\\/#primaryimage\"},\"image\":{\"@id\":\"https:\\\/\\\/www.meydan.tv\\\/az\\\/article\\\/axtarisa-veril%c9%99n-qht-s%c9%99dri-subhan-h%c9%99s%c9%99nli-is-basdan-ayaga-quramadir\\\/#primaryimage\"},\"thumbnailUrl\":\"https:\\\/\\\/www.meydan.tv\\\/wp-content\\\/uploads\\\/43345.png\",\"datePublished\":\"2025-03-17T12:39:18+00:00\",\"dateModified\":\"2025-03-17T12:43:30+00:00\",\"breadcrumb\":{\"@id\":\"https:\\\/\\\/www.meydan.tv\\\/az\\\/article\\\/axtarisa-veril%c9%99n-qht-s%c9%99dri-subhan-h%c9%99s%c9%99nli-is-basdan-ayaga-quramadir\\\/#breadcrumb\"},\"inLanguage\":\"az\",\"potentialAction\":[{\"@type\":\"ReadAction\",\"target\":[\"https:\\\/\\\/www.meydan.tv\\\/az\\\/article\\\/axtarisa-veril%c9%99n-qht-s%c9%99dri-subhan-h%c9%99s%c9%99nli-is-basdan-ayaga-quramadir\\\/\"]}]},{\"@type\":\"ImageObject\",\"inLanguage\":\"az\",\"@id\":\"https:\\\/\\\/www.meydan.tv\\\/az\\\/article\\\/axtarisa-veril%c9%99n-qht-s%c9%99dri-subhan-h%c9%99s%c9%99nli-is-basdan-ayaga-quramadir\\\/#primaryimage\",\"url\":\"https:\\\/\\\/www.meydan.tv\\\/wp-content\\\/uploads\\\/43345.png\",\"contentUrl\":\"https:\\\/\\\/www.meydan.tv\\\/wp-content\\\/uploads\\\/43345.png\",\"width\":1179,\"height\":576,\"caption\":\"S\u00fcbhan H\u0259s\u0259nli. Foto: \u015f\u0259xsi Facebook s\u0259hif\u0259si\"},{\"@type\":\"BreadcrumbList\",\"@id\":\"https:\\\/\\\/www.meydan.tv\\\/az\\\/article\\\/axtarisa-veril%c9%99n-qht-s%c9%99dri-subhan-h%c9%99s%c9%99nli-is-basdan-ayaga-quramadir\\\/#breadcrumb\",\"itemListElement\":[{\"@type\":\"ListItem\",\"position\":1,\"name\":\"Ana s\u0259hif\u0259\",\"item\":\"https:\\\/\\\/www.meydan.tv\\\/az\\\/\"},{\"@type\":\"ListItem\",\"position\":2,\"name\":\"X\u0259b\u0259rl\u0259r\",\"item\":\"https:\\\/\\\/www.meydan.tv\\\/az\\\/section\\\/xeberler\\\/\"},{\"@type\":\"ListItem\",\"position\":3,\"name\":\"Axtar\u0131\u015fa veril\u0259n QHT s\u0259dri: &#8220;\u0130\u015f ba\u015fdan-aya\u011fa quramad\u0131r&#8221;\"}]},{\"@type\":\"WebSite\",\"@id\":\"https:\\\/\\\/www.meydan.tv\\\/az\\\/#website\",\"url\":\"https:\\\/\\\/www.meydan.tv\\\/az\\\/\",\"name\":\"MEYDAN.TV\",\"description\":\"Meydan TV Az\u0259rbaycan\u0131n media m\u0259kan\u0131ndak\u0131 alternativ s\u0259sidir\",\"publisher\":{\"@id\":\"https:\\\/\\\/www.meydan.tv\\\/az\\\/#organization\"},\"potentialAction\":[{\"@type\":\"SearchAction\",\"target\":{\"@type\":\"EntryPoint\",\"urlTemplate\":\"https:\\\/\\\/www.meydan.tv\\\/az\\\/?s={search_term_string}\"},\"query-input\":{\"@type\":\"PropertyValueSpecification\",\"valueRequired\":true,\"valueName\":\"search_term_string\"}}],\"inLanguage\":\"az\"},{\"@type\":\"Organization\",\"@id\":\"https:\\\/\\\/www.meydan.tv\\\/az\\\/#organization\",\"name\":\"Meydan TV\",\"url\":\"https:\\\/\\\/www.meydan.tv\\\/az\\\/\",\"logo\":{\"@type\":\"ImageObject\",\"inLanguage\":\"az\",\"@id\":\"https:\\\/\\\/www.meydan.tv\\\/az\\\/#\\\/schema\\\/logo\\\/image\\\/\",\"url\":\"https:\\\/\\\/www.meydan.tv\\\/wp-content\\\/uploads\\\/2021\\\/07\\\/meydan-logo.svg\",\"contentUrl\":\"https:\\\/\\\/www.meydan.tv\\\/wp-content\\\/uploads\\\/2021\\\/07\\\/meydan-logo.svg\",\"width\":195,\"height\":46,\"caption\":\"Meydan TV\"},\"image\":{\"@id\":\"https:\\\/\\\/www.meydan.tv\\\/az\\\/#\\\/schema\\\/logo\\\/image\\\/\"}},{\"@type\":\"Person\",\"@id\":\"https:\\\/\\\/www.meydan.tv\\\/az\\\/#\\\/schema\\\/person\\\/49b5f2bad5b126bb8ea9320eeb3e4dc9\",\"name\":\"sevda\"}]}<\/script>\n<!-- \/ Yoast SEO plugin. -->","yoast_head_json":{"title":"Axtar\u0131\u015fa veril\u0259n QHT s\u0259dri: \"\u0130\u015f ba\u015fdan-aya\u011fa quramad\u0131r\" - MEYDAN.TV","robots":{"index":"index","follow":"follow","max-snippet":"max-snippet:-1","max-image-preview":"max-image-preview:large","max-video-preview":"max-video-preview:-1"},"canonical":"https:\/\/www.meydan.tv\/az\/article\/axtarisa-veril%c9%99n-qht-s%c9%99dri-subhan-h%c9%99s%c9%99nli-is-basdan-ayaga-quramadir\/","og_locale":"az_AZ","og_type":"article","og_title":"Axtar\u0131\u015fa veril\u0259n QHT s\u0259dri: \"\u0130\u015f ba\u015fdan-aya\u011fa quramad\u0131r\" - MEYDAN.TV","og_description":"Sosial H\u00fcquqlar M\u0259rk\u0259zinin r\u0259hb\u0259ri S\u00fcbhan H\u0259s\u0259nli ona qar\u015f\u0131 ir\u0259li s\u00fcr\u00fcl\u0259n ... Davam\u0131","og_url":"https:\/\/www.meydan.tv\/az\/article\/axtarisa-veril%c9%99n-qht-s%c9%99dri-subhan-h%c9%99s%c9%99nli-is-basdan-ayaga-quramadir\/","og_site_name":"MEYDAN.TV","article_published_time":"2025-03-17T12:39:18+00:00","article_modified_time":"2025-03-17T12:43:30+00:00","og_image":[{"width":1179,"height":576,"url":"https:\/\/www.meydan.tv\/wp-content\/uploads\/43345.png","type":"image\/png"}],"author":"sevda","twitter_card":"summary_large_image","schema":{"@context":"https:\/\/schema.org","@graph":[{"@type":"Article","@id":"https:\/\/www.meydan.tv\/az\/article\/axtarisa-veril%c9%99n-qht-s%c9%99dri-subhan-h%c9%99s%c9%99nli-is-basdan-ayaga-quramadir\/#article","isPartOf":{"@id":"https:\/\/www.meydan.tv\/az\/article\/axtarisa-veril%c9%99n-qht-s%c9%99dri-subhan-h%c9%99s%c9%99nli-is-basdan-ayaga-quramadir\/"},"author":{"name":"sevda","@id":"https:\/\/www.meydan.tv\/az\/#\/schema\/person\/49b5f2bad5b126bb8ea9320eeb3e4dc9"},"headline":"Axtar\u0131\u015fa veril\u0259n QHT s\u0259dri: &#8220;\u0130\u015f ba\u015fdan-aya\u011fa quramad\u0131r&#8221;","datePublished":"2025-03-17T12:39:18+00:00","dateModified":"2025-03-17T12:43:30+00:00","mainEntityOfPage":{"@id":"https:\/\/www.meydan.tv\/az\/article\/axtarisa-veril%c9%99n-qht-s%c9%99dri-subhan-h%c9%99s%c9%99nli-is-basdan-ayaga-quramadir\/"},"wordCount":796,"publisher":{"@id":"https:\/\/www.meydan.tv\/az\/#organization"},"image":{"@id":"https:\/\/www.meydan.tv\/az\/article\/axtarisa-veril%c9%99n-qht-s%c9%99dri-subhan-h%c9%99s%c9%99nli-is-basdan-ayaga-quramadir\/#primaryimage"},"thumbnailUrl":"https:\/\/www.meydan.tv\/wp-content\/uploads\/43345.png","articleSection":["Sosial","X\u0259b\u0259rl\u0259r"],"inLanguage":"az"},{"@type":"WebPage","@id":"https:\/\/www.meydan.tv\/az\/article\/axtarisa-veril%c9%99n-qht-s%c9%99dri-subhan-h%c9%99s%c9%99nli-is-basdan-ayaga-quramadir\/","url":"https:\/\/www.meydan.tv\/az\/article\/axtarisa-veril%c9%99n-qht-s%c9%99dri-subhan-h%c9%99s%c9%99nli-is-basdan-ayaga-quramadir\/","name":"Axtar\u0131\u015fa veril\u0259n QHT s\u0259dri: \"\u0130\u015f ba\u015fdan-aya\u011fa quramad\u0131r\" - MEYDAN.TV","isPartOf":{"@id":"https:\/\/www.meydan.tv\/az\/#website"},"primaryImageOfPage":{"@id":"https:\/\/www.meydan.tv\/az\/article\/axtarisa-veril%c9%99n-qht-s%c9%99dri-subhan-h%c9%99s%c9%99nli-is-basdan-ayaga-quramadir\/#primaryimage"},"image":{"@id":"https:\/\/www.meydan.tv\/az\/article\/axtarisa-veril%c9%99n-qht-s%c9%99dri-subhan-h%c9%99s%c9%99nli-is-basdan-ayaga-quramadir\/#primaryimage"},"thumbnailUrl":"https:\/\/www.meydan.tv\/wp-content\/uploads\/43345.png","datePublished":"2025-03-17T12:39:18+00:00","dateModified":"2025-03-17T12:43:30+00:00","breadcrumb":{"@id":"https:\/\/www.meydan.tv\/az\/article\/axtarisa-veril%c9%99n-qht-s%c9%99dri-subhan-h%c9%99s%c9%99nli-is-basdan-ayaga-quramadir\/#breadcrumb"},"inLanguage":"az","potentialAction":[{"@type":"ReadAction","target":["https:\/\/www.meydan.tv\/az\/article\/axtarisa-veril%c9%99n-qht-s%c9%99dri-subhan-h%c9%99s%c9%99nli-is-basdan-ayaga-quramadir\/"]}]},{"@type":"ImageObject","inLanguage":"az","@id":"https:\/\/www.meydan.tv\/az\/article\/axtarisa-veril%c9%99n-qht-s%c9%99dri-subhan-h%c9%99s%c9%99nli-is-basdan-ayaga-quramadir\/#primaryimage","url":"https:\/\/www.meydan.tv\/wp-content\/uploads\/43345.png","contentUrl":"https:\/\/www.meydan.tv\/wp-content\/uploads\/43345.png","width":1179,"height":576,"caption":"S\u00fcbhan H\u0259s\u0259nli. Foto: \u015f\u0259xsi Facebook s\u0259hif\u0259si"},{"@type":"BreadcrumbList","@id":"https:\/\/www.meydan.tv\/az\/article\/axtarisa-veril%c9%99n-qht-s%c9%99dri-subhan-h%c9%99s%c9%99nli-is-basdan-ayaga-quramadir\/#breadcrumb","itemListElement":[{"@type":"ListItem","position":1,"name":"Ana s\u0259hif\u0259","item":"https:\/\/www.meydan.tv\/az\/"},{"@type":"ListItem","position":2,"name":"X\u0259b\u0259rl\u0259r","item":"https:\/\/www.meydan.tv\/az\/section\/xeberler\/"},{"@type":"ListItem","position":3,"name":"Axtar\u0131\u015fa veril\u0259n QHT s\u0259dri: &#8220;\u0130\u015f ba\u015fdan-aya\u011fa quramad\u0131r&#8221;"}]},{"@type":"WebSite","@id":"https:\/\/www.meydan.tv\/az\/#website","url":"https:\/\/www.meydan.tv\/az\/","name":"MEYDAN.TV","description":"Meydan TV Az\u0259rbaycan\u0131n media m\u0259kan\u0131ndak\u0131 alternativ s\u0259sidir","publisher":{"@id":"https:\/\/www.meydan.tv\/az\/#organization"},"potentialAction":[{"@type":"SearchAction","target":{"@type":"EntryPoint","urlTemplate":"https:\/\/www.meydan.tv\/az\/?s={search_term_string}"},"query-input":{"@type":"PropertyValueSpecification","valueRequired":true,"valueName":"search_term_string"}}],"inLanguage":"az"},{"@type":"Organization","@id":"https:\/\/www.meydan.tv\/az\/#organization","name":"Meydan TV","url":"https:\/\/www.meydan.tv\/az\/","logo":{"@type":"ImageObject","inLanguage":"az","@id":"https:\/\/www.meydan.tv\/az\/#\/schema\/logo\/image\/","url":"https:\/\/www.meydan.tv\/wp-content\/uploads\/2021\/07\/meydan-logo.svg","contentUrl":"https:\/\/www.meydan.tv\/wp-content\/uploads\/2021\/07\/meydan-logo.svg","width":195,"height":46,"caption":"Meydan TV"},"image":{"@id":"https:\/\/www.meydan.tv\/az\/#\/schema\/logo\/image\/"}},{"@type":"Person","@id":"https:\/\/www.meydan.tv\/az\/#\/schema\/person\/49b5f2bad5b126bb8ea9320eeb3e4dc9","name":"sevda"}]}},"_links":{"self":[{"href":"https:\/\/www.meydan.tv\/az\/wp-json\/wp\/v2\/posts\/327804","targetHints":{"allow":["GET"]}}],"collection":[{"href":"https:\/\/www.meydan.tv\/az\/wp-json\/wp\/v2\/posts"}],"about":[{"href":"https:\/\/www.meydan.tv\/az\/wp-json\/wp\/v2\/types\/post"}],"author":[{"embeddable":true,"href":"https:\/\/www.meydan.tv\/az\/wp-json\/wp\/v2\/users\/16"}],"replies":[{"embeddable":true,"href":"https:\/\/www.meydan.tv\/az\/wp-json\/wp\/v2\/comments?post=327804"}],"version-history":[{"count":5,"href":"https:\/\/www.meydan.tv\/az\/wp-json\/wp\/v2\/posts\/327804\/revisions"}],"predecessor-version":[{"id":327812,"href":"https:\/\/www.meydan.tv\/az\/wp-json\/wp\/v2\/posts\/327804\/revisions\/327812"}],"wp:featuredmedia":[{"embeddable":true,"href":"https:\/\/www.meydan.tv\/az\/wp-json\/wp\/v2\/media\/327809"}],"wp:attachment":[{"href":"https:\/\/www.meydan.tv\/az\/wp-json\/wp\/v2\/media?parent=327804"}],"wp:term":[{"taxonomy":"category","embeddable":true,"href":"https:\/\/www.meydan.tv\/az\/wp-json\/wp\/v2\/categories?post=327804"},{"taxonomy":"post_tag","embeddable":true,"href":"https:\/\/www.meydan.tv\/az\/wp-json\/wp\/v2\/tags?post=327804"}],"curies":[{"name":"wp","href":"https:\/\/api.w.org\/{rel}","templated":true}]}}