{"id":327781,"date":"2025-03-17T13:16:16","date_gmt":"2025-03-17T09:16:16","guid":{"rendered":"https:\/\/www.meydan.tv\/?p=327781"},"modified":"2025-03-17T13:47:13","modified_gmt":"2025-03-17T09:47:13","slug":"jurnalist-aysel-umudova-ev-dustaqligina-buraxilmadi","status":"publish","type":"post","link":"https:\/\/www.meydan.tv\/az\/article\/jurnalist-aysel-umudova-ev-dustaqligina-buraxilmadi\/","title":{"rendered":"Jurnalist Aysel Umudova ev dustaql\u0131\u011f\u0131na burax\u0131lmad\u0131"},"content":{"rendered":"\n<p><strong><em>Hakim Ramin Qaraqurbanl\u0131n\u0131n s\u0259drliyi il\u0259 ke\u00e7iri\u0259n iclasda v\u0259sat\u0259t t\u0259min edilm\u0259yib<\/em><\/strong><\/p>\n\n\n\n<p>Mart\u0131n 17-d\u0259 Bak\u0131 Apelyasiya M\u0259hk\u0259m\u0259sind\u0259 \u201cMeydan TV i\u015fi\u201dnd\u0259 ittiham olunan jurnalist Aysel Umudovan\u0131n ev dustaql\u0131\u011f\u0131na burax\u0131lmamas\u0131 q\u0259rar\u0131ndan verilmi\u015f apelyasiya \u015fikay\u0259tin\u0259 bax\u0131l\u0131b.<br><br>Hakim Ramin Qaraqurbanl\u0131n\u0131n s\u0259drliyi il\u0259 ke\u00e7iri\u0259n iclasda v\u0259sat\u0259t t\u0259min edilm\u0259yib.<br><br>2025-ci il mart\u0131n 6-da X\u0259tai rayon M\u0259hk\u0259m\u0259sind\u0259 \u201cMeydanTV i\u015fi\u201d \u00fczr\u0259 h\u0259bsd\u0259 olan Aysel Umudovan\u0131n ev dustaql\u0131\u011f\u0131na burax\u0131lmas\u0131 haqq\u0131nda v\u0259sat\u0259t\u0259 <a href=\"http:\/\/(https:\/\/storage.googleapis.com\/qurium\/www.meydan.tv\/az-article-meydan-tv-isi-uzr%c9%99-h%c9%99bs-olunanlarin-m%c9%99hk%c9%99m%c9%99si-kecirilib-yenil%c9%99nir.html)\" target=\"_blank\" rel=\"noreferrer noopener\">bax\u0131lm\u0131\u015fd\u0131<\/a>. Lakin m\u0259hk\u0259m\u0259 v\u0259sat\u0259ti t\u0259min etm\u0259mi\u015fdi.<br><br>2024-c\u00fc il dekabr\u0131n 6-da Meydan TV-nin \u0259m\u0259kda\u015flar\u0131 Ramin Deko (C\u0259bray\u0131lzad\u0259), Aynur Q\u0259nb\u0259rova (Elg\u00fcn\u0259\u015f), Aysel Umudova, Aytac \u018fhm\u0259dova (Tapd\u0131q), X\u0259yal\u0259 A\u011fayeva, Natiq Cavadl\u0131 saxlan\u0131l\u0131blar. Onlara qar\u015f\u0131 Cinay\u0259t M\u0259c\u0259ll\u0259sinin 206.3.2-ci (qa\u00e7aqmal\u00e7\u0131l\u0131q, \u0259vv\u0259lc\u0259d\u0259n \u0259lbir olan bir qrup \u015f\u0259xs t\u0259r\u0259find\u0259n t\u00f6r\u0259dildikd\u0259) madd\u0259si il\u0259 ittiham ir\u0259li s\u00fcr\u00fcl\u00fcb. Bu madd\u0259 il\u0259 onlar\u0131n bar\u0259sind\u0259 istintaq d\u00f6vr\u00fc \u00fc\u00e7\u00fcn 4 ayl\u0131q h\u0259bs q\u0259timkan t\u0259dbiri se\u00e7ilib.<br><br>Meydan TV \u0259m\u0259kda\u015flar\u0131 il\u0259 yana\u015f\u0131, eyni g\u00fcnd\u0259 v\u0259t\u0259nda\u015f c\u0259miyy\u0259tinin \u00fczv\u00fc \u00dclvi Tahirov da saxlan\u0131l\u0131b. Eyni ittihamla onun da bar\u0259sind\u0259 4 ayl\u0131q h\u0259bs q\u0259timkan t\u0259dbiri se\u00e7ilib. \u00dclvi Tahirovun Meydan TV-y\u0259 aidiyy\u0259ti yoxdur.<br><br>2025-ci il fevral\u0131n 5-i \u201c<a href=\"http:\/\/arqument.az\/\" target=\"_blank\" rel=\"noreferrer noopener\">arqument.az<\/a>\u201d sayt\u0131n\u0131n ba\u015f redaktoru, Meydan TV il\u0259 \u0259m\u0259kda\u015fl\u0131q ed\u0259n jurnalist \u015e\u0259m\u015fad A\u011fayev (A\u011fa) d\u0259 saxlan\u0131l\u0131b. Onun bar\u0259sind\u0259 2 ay 1 g\u00fcn m\u00fcdd\u0259tin\u0259 h\u0259bs q\u0259timkan t\u0259dbiri se\u00e7ilib.<br><br>Fevral\u0131n 20-d\u0259 is\u0259 jurnalist Nurlan Libre (Q\u0259hr\u0259manl\u0131) \u201cMeydan TV\u201d il\u0259 \u0259laq\u0259li cinay\u0259t i\u015fin\u0259 g\u00f6r\u0259 saxlan\u0131l\u0131b. M\u0259hk\u0259m\u0259nin q\u0259rar\u0131 il\u0259 onun bar\u0259sind\u0259 1 ay 17 g\u00fcn m\u00fcdd\u0259tin\u0259 h\u0259bs q\u0259timkan t\u0259dbiri se\u00e7ilib.<br><br>Fatim\u0259 M\u00f6vlaml\u0131 da fevral\u0131n 28-d\u0259 \u201cMeydan TV\u201d il\u0259 \u0259laq\u0259li cinay\u0259t i\u015fin\u0259 g\u00f6r\u0259 saxlan\u0131l\u0131b. X\u0259tai Rayon M\u0259hk\u0259m\u0259si mart\u0131n 1-d\u0259 istintaq d\u00f6vr\u00fc \u00fc\u00e7\u00fcn jurnalistin 1 ay 9 g\u00fcn m\u00fcdd\u0259tin\u0259 h\u0259bs olunmas\u0131 q\u0259rar\u0131n\u0131 \u00e7\u0131xar\u0131b.<br><br>Saxlan\u0131lan jurnalistl\u0259rin evind\u0259 axtar\u0131\u015f apar\u0131l\u0131b, telefonlar\u0131, komp\u00fcterl\u0259ri v\u0259 dig\u0259r \u015f\u0259xsi \u0259\u015fyalar\u0131 g\u00f6t\u00fcr\u00fcl\u00fcb.<br><br>H\u0259bs olunan jurnalistl\u0259r \u00f6zl\u0259rini t\u0259qsirli bilmir, Meydan TV \u0259m\u0259kda\u015flar\u0131n\u0131n t\u0259nqid\u00e7i f\u0259aliyy\u0259tl\u0259rin\u0259 g\u00f6r\u0259 c\u0259zaland\u0131r\u0131ld\u0131qlar\u0131n\u0131 b\u0259yan edibl\u0259r.<br><br>Haz\u0131rda ox\u015far ittihamlarla 30-d\u0259k jurnalist, ictimai f\u0259al h\u0259bsd\u0259dir. Onlar ittiham\u0131 q\u0259bul etmir, pe\u015f\u0259 f\u0259aliyy\u0259tl\u0259ri il\u0259 \u0259laq\u0259l\u0259ndirirl\u0259r. Hakimiyy\u0259t t\u0259msil\u00e7il\u0259ri \u00f6lk\u0259d\u0259 siyasi motivli h\u0259bsl\u0259rin olmad\u0131\u011f\u0131n\u0131 deyirl\u0259r.<br><br>Beyn\u0259lxalq insan haqlar\u0131 qurumlar\u0131, Q\u0259rb r\u0259smil\u0259ri d\u0259 h\u00f6kum\u0259ti haqs\u0131z tutulanlar\u0131 azad etm\u0259y\u0259 \u00e7a\u011f\u0131r\u0131rlar.<br>2025-ci il mart\u0131n 14-d\u0259 is\u0259 X\u0259tai Rayon M\u0259hk\u0259m\u0259sind\u0259 \u201cMeydan TV i\u015fi\u201d \u00fczr\u0259 h\u0259bs olunanlar\u0131n h\u0259bs m\u00fcdd\u0259ti daha 3 ay uzad\u0131l\u0131b.<br><\/p>\n","protected":false},"excerpt":{"rendered":"<p>Hakim Ramin Qaraqurbanl\u0131n\u0131n s\u0259drliyi il\u0259 ke\u00e7iri\u0259n iclasda v\u0259sat\u0259t t\u0259min edilm\u0259yib &#8230; <\/p>\n<p class=\"read-more-container\"><a title=\"Jurnalist Aysel Umudova ev dustaql\u0131\u011f\u0131na burax\u0131lmad\u0131\" class=\"read-more button\" href=\"https:\/\/www.meydan.tv\/az\/article\/jurnalist-aysel-umudova-ev-dustaqligina-buraxilmadi\/#more-327781\" aria-label=\"Read more about Jurnalist Aysel Umudova ev dustaql\u0131\u011f\u0131na burax\u0131lmad\u0131\">Davam\u0131<\/a><\/p>\n","protected":false},"author":16,"featured_media":325205,"comment_status":"closed","ping_status":"closed","sticky":false,"template":"","format":"standard","meta":{"_acf_changed":false,"_sitemap_exclude":false,"_sitemap_priority":"","_sitemap_frequency":"","footnotes":""},"categories":[56],"tags":[],"class_list":["post-327781","post","type-post","status-publish","format-standard","has-post-thumbnail","hentry","category-xeberler","infinite-scroll-item","generate-columns","tablet-grid-50","mobile-grid-100","grid-parent","grid-33","no-featured-image-padding"],"acf":[],"yoast_head":"<!-- This site is optimized with the Yoast SEO plugin v27.5 - https:\/\/yoast.com\/product\/yoast-seo-wordpress\/ -->\n<title>Jurnalist Aysel Umudova ev dustaql\u0131\u011f\u0131na burax\u0131lmad\u0131 - MEYDAN.TV<\/title>\n<meta name=\"robots\" content=\"index, follow, max-snippet:-1, max-image-preview:large, max-video-preview:-1\" \/>\n<link rel=\"canonical\" href=\"https:\/\/www.meydan.tv\/az\/article\/jurnalist-aysel-umudova-ev-dustaqligina-buraxilmadi\/\" \/>\n<meta property=\"og:locale\" content=\"az_AZ\" \/>\n<meta property=\"og:type\" content=\"article\" \/>\n<meta property=\"og:title\" content=\"Jurnalist Aysel Umudova ev dustaql\u0131\u011f\u0131na burax\u0131lmad\u0131 - MEYDAN.TV\" \/>\n<meta property=\"og:description\" content=\"Hakim Ramin Qaraqurbanl\u0131n\u0131n s\u0259drliyi il\u0259 ke\u00e7iri\u0259n iclasda v\u0259sat\u0259t t\u0259min edilm\u0259yib ... Davam\u0131\" \/>\n<meta property=\"og:url\" content=\"https:\/\/www.meydan.tv\/az\/article\/jurnalist-aysel-umudova-ev-dustaqligina-buraxilmadi\/\" \/>\n<meta property=\"og:site_name\" content=\"MEYDAN.TV\" \/>\n<meta property=\"article:published_time\" content=\"2025-03-17T09:16:16+00:00\" \/>\n<meta property=\"article:modified_time\" content=\"2025-03-17T09:47:13+00:00\" \/>\n<meta property=\"og:image\" content=\"https:\/\/www.meydan.tv\/wp-content\/uploads\/aysel.png\" \/>\n\t<meta property=\"og:image:width\" content=\"1894\" \/>\n\t<meta property=\"og:image:height\" content=\"1018\" \/>\n\t<meta property=\"og:image:type\" content=\"image\/png\" \/>\n<meta name=\"author\" content=\"sevda\" \/>\n<meta name=\"twitter:card\" content=\"summary_large_image\" \/>\n<script type=\"application\/ld+json\" class=\"yoast-schema-graph\">{\"@context\":\"https:\\\/\\\/schema.org\",\"@graph\":[{\"@type\":\"Article\",\"@id\":\"https:\\\/\\\/www.meydan.tv\\\/az\\\/article\\\/jurnalist-aysel-umudova-ev-dustaqligina-buraxilmadi\\\/#article\",\"isPartOf\":{\"@id\":\"https:\\\/\\\/www.meydan.tv\\\/az\\\/article\\\/jurnalist-aysel-umudova-ev-dustaqligina-buraxilmadi\\\/\"},\"author\":{\"name\":\"sevda\",\"@id\":\"https:\\\/\\\/www.meydan.tv\\\/az\\\/#\\\/schema\\\/person\\\/49b5f2bad5b126bb8ea9320eeb3e4dc9\"},\"headline\":\"Jurnalist Aysel Umudova ev dustaql\u0131\u011f\u0131na burax\u0131lmad\u0131\",\"datePublished\":\"2025-03-17T09:16:16+00:00\",\"dateModified\":\"2025-03-17T09:47:13+00:00\",\"mainEntityOfPage\":{\"@id\":\"https:\\\/\\\/www.meydan.tv\\\/az\\\/article\\\/jurnalist-aysel-umudova-ev-dustaqligina-buraxilmadi\\\/\"},\"wordCount\":578,\"publisher\":{\"@id\":\"https:\\\/\\\/www.meydan.tv\\\/az\\\/#organization\"},\"image\":{\"@id\":\"https:\\\/\\\/www.meydan.tv\\\/az\\\/article\\\/jurnalist-aysel-umudova-ev-dustaqligina-buraxilmadi\\\/#primaryimage\"},\"thumbnailUrl\":\"https:\\\/\\\/www.meydan.tv\\\/wp-content\\\/uploads\\\/aysel.png\",\"articleSection\":[\"X\u0259b\u0259rl\u0259r\"],\"inLanguage\":\"az\"},{\"@type\":\"WebPage\",\"@id\":\"https:\\\/\\\/www.meydan.tv\\\/az\\\/article\\\/jurnalist-aysel-umudova-ev-dustaqligina-buraxilmadi\\\/\",\"url\":\"https:\\\/\\\/www.meydan.tv\\\/az\\\/article\\\/jurnalist-aysel-umudova-ev-dustaqligina-buraxilmadi\\\/\",\"name\":\"Jurnalist Aysel Umudova ev dustaql\u0131\u011f\u0131na burax\u0131lmad\u0131 - MEYDAN.TV\",\"isPartOf\":{\"@id\":\"https:\\\/\\\/www.meydan.tv\\\/az\\\/#website\"},\"primaryImageOfPage\":{\"@id\":\"https:\\\/\\\/www.meydan.tv\\\/az\\\/article\\\/jurnalist-aysel-umudova-ev-dustaqligina-buraxilmadi\\\/#primaryimage\"},\"image\":{\"@id\":\"https:\\\/\\\/www.meydan.tv\\\/az\\\/article\\\/jurnalist-aysel-umudova-ev-dustaqligina-buraxilmadi\\\/#primaryimage\"},\"thumbnailUrl\":\"https:\\\/\\\/www.meydan.tv\\\/wp-content\\\/uploads\\\/aysel.png\",\"datePublished\":\"2025-03-17T09:16:16+00:00\",\"dateModified\":\"2025-03-17T09:47:13+00:00\",\"breadcrumb\":{\"@id\":\"https:\\\/\\\/www.meydan.tv\\\/az\\\/article\\\/jurnalist-aysel-umudova-ev-dustaqligina-buraxilmadi\\\/#breadcrumb\"},\"inLanguage\":\"az\",\"potentialAction\":[{\"@type\":\"ReadAction\",\"target\":[\"https:\\\/\\\/www.meydan.tv\\\/az\\\/article\\\/jurnalist-aysel-umudova-ev-dustaqligina-buraxilmadi\\\/\"]}]},{\"@type\":\"ImageObject\",\"inLanguage\":\"az\",\"@id\":\"https:\\\/\\\/www.meydan.tv\\\/az\\\/article\\\/jurnalist-aysel-umudova-ev-dustaqligina-buraxilmadi\\\/#primaryimage\",\"url\":\"https:\\\/\\\/www.meydan.tv\\\/wp-content\\\/uploads\\\/aysel.png\",\"contentUrl\":\"https:\\\/\\\/www.meydan.tv\\\/wp-content\\\/uploads\\\/aysel.png\",\"width\":1894,\"height\":1018,\"caption\":\"Aysel Umudova\"},{\"@type\":\"BreadcrumbList\",\"@id\":\"https:\\\/\\\/www.meydan.tv\\\/az\\\/article\\\/jurnalist-aysel-umudova-ev-dustaqligina-buraxilmadi\\\/#breadcrumb\",\"itemListElement\":[{\"@type\":\"ListItem\",\"position\":1,\"name\":\"Ana s\u0259hif\u0259\",\"item\":\"https:\\\/\\\/www.meydan.tv\\\/az\\\/\"},{\"@type\":\"ListItem\",\"position\":2,\"name\":\"X\u0259b\u0259rl\u0259r\",\"item\":\"https:\\\/\\\/www.meydan.tv\\\/az\\\/section\\\/xeberler\\\/\"},{\"@type\":\"ListItem\",\"position\":3,\"name\":\"Jurnalist Aysel Umudova ev dustaql\u0131\u011f\u0131na burax\u0131lmad\u0131\"}]},{\"@type\":\"WebSite\",\"@id\":\"https:\\\/\\\/www.meydan.tv\\\/az\\\/#website\",\"url\":\"https:\\\/\\\/www.meydan.tv\\\/az\\\/\",\"name\":\"MEYDAN.TV\",\"description\":\"Meydan TV Az\u0259rbaycan\u0131n media m\u0259kan\u0131ndak\u0131 alternativ s\u0259sidir\",\"publisher\":{\"@id\":\"https:\\\/\\\/www.meydan.tv\\\/az\\\/#organization\"},\"potentialAction\":[{\"@type\":\"SearchAction\",\"target\":{\"@type\":\"EntryPoint\",\"urlTemplate\":\"https:\\\/\\\/www.meydan.tv\\\/az\\\/?s={search_term_string}\"},\"query-input\":{\"@type\":\"PropertyValueSpecification\",\"valueRequired\":true,\"valueName\":\"search_term_string\"}}],\"inLanguage\":\"az\"},{\"@type\":\"Organization\",\"@id\":\"https:\\\/\\\/www.meydan.tv\\\/az\\\/#organization\",\"name\":\"Meydan TV\",\"url\":\"https:\\\/\\\/www.meydan.tv\\\/az\\\/\",\"logo\":{\"@type\":\"ImageObject\",\"inLanguage\":\"az\",\"@id\":\"https:\\\/\\\/www.meydan.tv\\\/az\\\/#\\\/schema\\\/logo\\\/image\\\/\",\"url\":\"https:\\\/\\\/www.meydan.tv\\\/wp-content\\\/uploads\\\/2021\\\/07\\\/meydan-logo.svg\",\"contentUrl\":\"https:\\\/\\\/www.meydan.tv\\\/wp-content\\\/uploads\\\/2021\\\/07\\\/meydan-logo.svg\",\"width\":195,\"height\":46,\"caption\":\"Meydan TV\"},\"image\":{\"@id\":\"https:\\\/\\\/www.meydan.tv\\\/az\\\/#\\\/schema\\\/logo\\\/image\\\/\"}},{\"@type\":\"Person\",\"@id\":\"https:\\\/\\\/www.meydan.tv\\\/az\\\/#\\\/schema\\\/person\\\/49b5f2bad5b126bb8ea9320eeb3e4dc9\",\"name\":\"sevda\"}]}<\/script>\n<!-- \/ Yoast SEO plugin. -->","yoast_head_json":{"title":"Jurnalist Aysel Umudova ev dustaql\u0131\u011f\u0131na burax\u0131lmad\u0131 - MEYDAN.TV","robots":{"index":"index","follow":"follow","max-snippet":"max-snippet:-1","max-image-preview":"max-image-preview:large","max-video-preview":"max-video-preview:-1"},"canonical":"https:\/\/www.meydan.tv\/az\/article\/jurnalist-aysel-umudova-ev-dustaqligina-buraxilmadi\/","og_locale":"az_AZ","og_type":"article","og_title":"Jurnalist Aysel Umudova ev dustaql\u0131\u011f\u0131na burax\u0131lmad\u0131 - MEYDAN.TV","og_description":"Hakim Ramin Qaraqurbanl\u0131n\u0131n s\u0259drliyi il\u0259 ke\u00e7iri\u0259n iclasda v\u0259sat\u0259t t\u0259min edilm\u0259yib ... Davam\u0131","og_url":"https:\/\/www.meydan.tv\/az\/article\/jurnalist-aysel-umudova-ev-dustaqligina-buraxilmadi\/","og_site_name":"MEYDAN.TV","article_published_time":"2025-03-17T09:16:16+00:00","article_modified_time":"2025-03-17T09:47:13+00:00","og_image":[{"width":1894,"height":1018,"url":"https:\/\/www.meydan.tv\/wp-content\/uploads\/aysel.png","type":"image\/png"}],"author":"sevda","twitter_card":"summary_large_image","schema":{"@context":"https:\/\/schema.org","@graph":[{"@type":"Article","@id":"https:\/\/www.meydan.tv\/az\/article\/jurnalist-aysel-umudova-ev-dustaqligina-buraxilmadi\/#article","isPartOf":{"@id":"https:\/\/www.meydan.tv\/az\/article\/jurnalist-aysel-umudova-ev-dustaqligina-buraxilmadi\/"},"author":{"name":"sevda","@id":"https:\/\/www.meydan.tv\/az\/#\/schema\/person\/49b5f2bad5b126bb8ea9320eeb3e4dc9"},"headline":"Jurnalist Aysel Umudova ev dustaql\u0131\u011f\u0131na burax\u0131lmad\u0131","datePublished":"2025-03-17T09:16:16+00:00","dateModified":"2025-03-17T09:47:13+00:00","mainEntityOfPage":{"@id":"https:\/\/www.meydan.tv\/az\/article\/jurnalist-aysel-umudova-ev-dustaqligina-buraxilmadi\/"},"wordCount":578,"publisher":{"@id":"https:\/\/www.meydan.tv\/az\/#organization"},"image":{"@id":"https:\/\/www.meydan.tv\/az\/article\/jurnalist-aysel-umudova-ev-dustaqligina-buraxilmadi\/#primaryimage"},"thumbnailUrl":"https:\/\/www.meydan.tv\/wp-content\/uploads\/aysel.png","articleSection":["X\u0259b\u0259rl\u0259r"],"inLanguage":"az"},{"@type":"WebPage","@id":"https:\/\/www.meydan.tv\/az\/article\/jurnalist-aysel-umudova-ev-dustaqligina-buraxilmadi\/","url":"https:\/\/www.meydan.tv\/az\/article\/jurnalist-aysel-umudova-ev-dustaqligina-buraxilmadi\/","name":"Jurnalist Aysel Umudova ev dustaql\u0131\u011f\u0131na burax\u0131lmad\u0131 - MEYDAN.TV","isPartOf":{"@id":"https:\/\/www.meydan.tv\/az\/#website"},"primaryImageOfPage":{"@id":"https:\/\/www.meydan.tv\/az\/article\/jurnalist-aysel-umudova-ev-dustaqligina-buraxilmadi\/#primaryimage"},"image":{"@id":"https:\/\/www.meydan.tv\/az\/article\/jurnalist-aysel-umudova-ev-dustaqligina-buraxilmadi\/#primaryimage"},"thumbnailUrl":"https:\/\/www.meydan.tv\/wp-content\/uploads\/aysel.png","datePublished":"2025-03-17T09:16:16+00:00","dateModified":"2025-03-17T09:47:13+00:00","breadcrumb":{"@id":"https:\/\/www.meydan.tv\/az\/article\/jurnalist-aysel-umudova-ev-dustaqligina-buraxilmadi\/#breadcrumb"},"inLanguage":"az","potentialAction":[{"@type":"ReadAction","target":["https:\/\/www.meydan.tv\/az\/article\/jurnalist-aysel-umudova-ev-dustaqligina-buraxilmadi\/"]}]},{"@type":"ImageObject","inLanguage":"az","@id":"https:\/\/www.meydan.tv\/az\/article\/jurnalist-aysel-umudova-ev-dustaqligina-buraxilmadi\/#primaryimage","url":"https:\/\/www.meydan.tv\/wp-content\/uploads\/aysel.png","contentUrl":"https:\/\/www.meydan.tv\/wp-content\/uploads\/aysel.png","width":1894,"height":1018,"caption":"Aysel Umudova"},{"@type":"BreadcrumbList","@id":"https:\/\/www.meydan.tv\/az\/article\/jurnalist-aysel-umudova-ev-dustaqligina-buraxilmadi\/#breadcrumb","itemListElement":[{"@type":"ListItem","position":1,"name":"Ana s\u0259hif\u0259","item":"https:\/\/www.meydan.tv\/az\/"},{"@type":"ListItem","position":2,"name":"X\u0259b\u0259rl\u0259r","item":"https:\/\/www.meydan.tv\/az\/section\/xeberler\/"},{"@type":"ListItem","position":3,"name":"Jurnalist Aysel Umudova ev dustaql\u0131\u011f\u0131na burax\u0131lmad\u0131"}]},{"@type":"WebSite","@id":"https:\/\/www.meydan.tv\/az\/#website","url":"https:\/\/www.meydan.tv\/az\/","name":"MEYDAN.TV","description":"Meydan TV Az\u0259rbaycan\u0131n media m\u0259kan\u0131ndak\u0131 alternativ s\u0259sidir","publisher":{"@id":"https:\/\/www.meydan.tv\/az\/#organization"},"potentialAction":[{"@type":"SearchAction","target":{"@type":"EntryPoint","urlTemplate":"https:\/\/www.meydan.tv\/az\/?s={search_term_string}"},"query-input":{"@type":"PropertyValueSpecification","valueRequired":true,"valueName":"search_term_string"}}],"inLanguage":"az"},{"@type":"Organization","@id":"https:\/\/www.meydan.tv\/az\/#organization","name":"Meydan TV","url":"https:\/\/www.meydan.tv\/az\/","logo":{"@type":"ImageObject","inLanguage":"az","@id":"https:\/\/www.meydan.tv\/az\/#\/schema\/logo\/image\/","url":"https:\/\/www.meydan.tv\/wp-content\/uploads\/2021\/07\/meydan-logo.svg","contentUrl":"https:\/\/www.meydan.tv\/wp-content\/uploads\/2021\/07\/meydan-logo.svg","width":195,"height":46,"caption":"Meydan TV"},"image":{"@id":"https:\/\/www.meydan.tv\/az\/#\/schema\/logo\/image\/"}},{"@type":"Person","@id":"https:\/\/www.meydan.tv\/az\/#\/schema\/person\/49b5f2bad5b126bb8ea9320eeb3e4dc9","name":"sevda"}]}},"_links":{"self":[{"href":"https:\/\/www.meydan.tv\/az\/wp-json\/wp\/v2\/posts\/327781","targetHints":{"allow":["GET"]}}],"collection":[{"href":"https:\/\/www.meydan.tv\/az\/wp-json\/wp\/v2\/posts"}],"about":[{"href":"https:\/\/www.meydan.tv\/az\/wp-json\/wp\/v2\/types\/post"}],"author":[{"embeddable":true,"href":"https:\/\/www.meydan.tv\/az\/wp-json\/wp\/v2\/users\/16"}],"replies":[{"embeddable":true,"href":"https:\/\/www.meydan.tv\/az\/wp-json\/wp\/v2\/comments?post=327781"}],"version-history":[{"count":1,"href":"https:\/\/www.meydan.tv\/az\/wp-json\/wp\/v2\/posts\/327781\/revisions"}],"predecessor-version":[{"id":327787,"href":"https:\/\/www.meydan.tv\/az\/wp-json\/wp\/v2\/posts\/327781\/revisions\/327787"}],"wp:featuredmedia":[{"embeddable":true,"href":"https:\/\/www.meydan.tv\/az\/wp-json\/wp\/v2\/media\/325205"}],"wp:attachment":[{"href":"https:\/\/www.meydan.tv\/az\/wp-json\/wp\/v2\/media?parent=327781"}],"wp:term":[{"taxonomy":"category","embeddable":true,"href":"https:\/\/www.meydan.tv\/az\/wp-json\/wp\/v2\/categories?post=327781"},{"taxonomy":"post_tag","embeddable":true,"href":"https:\/\/www.meydan.tv\/az\/wp-json\/wp\/v2\/tags?post=327781"}],"curies":[{"name":"wp","href":"https:\/\/api.w.org\/{rel}","templated":true}]}}